




{"id":27446,"date":"2011-12-07T22:38:00","date_gmt":"2011-12-07T19:38:00","guid":{"rendered":"http:\/\/qtmm.org\/?p=27446"},"modified":"2022-01-19T22:39:53","modified_gmt":"2022-01-19T19:39:53","slug":"refat-cubarov-dekabr-10-kunu-mitingde-biz-insan-ve-halq-uquqlarinin-bozulmazligi-aqqinda-aytacaqmiz","status":"publish","type":"post","link":"https:\/\/qtmm.org\/qt\/refat-cubarov-dekabr-10-kunu-mitingde-biz-insan-ve-halq-uquqlarinin-bozulmazligi-aqqinda-aytacaqmiz\/","title":{"rendered":"Refat \u00c7ubarov: \u00abDekabr 10 k\u00fcn\u00fc mitingde biz insan ve halq uquqlar\u0131n\u0131\u00f1 bozulmazl\u0131\u011f\u0131 aqq\u0131nda aytacaqm\u0131z\u00bb"},"content":{"rendered":"\n<p>7 dekabr k\u00fcn\u00fc &#8220;QHA&#8221; informatsion agentligini\u00f1 matbuat merkezinde Q\u0131r\u0131mtatar halq\u0131 Meclisi reisini\u00f1 birinci muavini, Q\u0131r\u0131m Yuqar\u0131 \u015euras\u0131n\u0131\u00f1 deputat\u0131 Refat \u00c7ubarovn\u0131\u00f1 matbuat konferentsiyas\u0131 ol\u0131p ke\u00e7ti.<\/p>\n\n\n\n<p>&#8220;\u0130nsan uquqlar\u0131 ve halq uquqlar\u0131 biri-birinen ba\u011fl\u0131d\u0131r!&#8221; mevzus\u0131nda matbuat konferertsiyas\u0131 serbestliksever halqlar taraf\u0131ndan er sene dekabr 10-da qayd etilgen Halqara insan uquqlar\u0131 k\u00fcn\u00fc \u00f6tkerilecek mitingge ba\u011f\u0131\u015fland\u0131.\u00a0 63 sene evelsi ayn\u0131 bu k\u00fcn\u00fc yani 1948 senesi dekabr 10-da Birle\u015fken Milletler Te\u015fkil\u00e2t\u0131 \u0130nsan uquqlar\u0131 umumiy deklaratsiyas\u0131n\u0131 qabul etti. Matbuat konferentsiyas\u0131 devam\u0131nda Q\u0131r\u0131mtatar halq\u0131 Meclisi reisini\u00f1 birinci muavini Refat \u00c7ubarov Milliy Meclis taraf\u0131ndan dekabr 10 k\u00fcn\u00fc ke\u00e7irilmesi planla\u015ft\u0131r\u0131l\u011fan tedbirler aqq\u0131nda mal\u00fcmat berdi.<\/p>\n\n\n\n<p>&#8220;Alem m\u00fckemmel degil, o evel de \u00f6yle edi, bug\u00fcn de \u00f6yle ol\u0131p qalmaqta. Amma insaniyet \u00f6z inki\u015faf\u0131n\u0131\u00f1 b\u00fct\u00fcn basq\u0131\u00e7lar\u0131nda umumiy bar\u0131\u015f\u0131ql\u0131q \u015fekilini tapma\u011fa \u00e7al\u0131\u015ft\u0131. Em bu \u015feyge faqat insanlar \u00f6z aqlar\u0131n\u0131 diger insanlarn\u0131\u00f1 aqlar\u0131nen ba\u011fla\u011fanlar\u0131 taqdirde iri\u015fildi, &#8211; dedi R. \u00c7ubarov \u00e7\u0131q\u0131\u015f\u0131n\u0131\u00f1 ba\u015f\u0131nda. Ekinci cian cenki, on\u0131\u00f1 de\u015fetli aqibetleri, halq ve devletler o\u011frad\u0131\u011f\u0131 facialar yetek\u00e7i devletlerni\u00f1 liderlerini universal halqara uquqiy aktn\u0131 qabul etmelerine mecbur etti. Ayn\u0131 \u015fu aktlar esas\u0131nda insanl\u0131qn\u0131\u00f1 t\u0131n\u00e7 inki\u015faf\u0131 teminlenile bilir&#8221;<\/p>\n\n\n\n<p>Refat \u00c7ubarov 1948 senesi Birle\u015fken Milletler Te\u015fkil\u00e2t\u0131n\u0131\u00f1 ba\u015f assambleyas\u0131 \u0130nsan uquqlar\u0131n\u0131\u00f1 umumiy deklaratsiyas\u0131n\u0131 qabul etkenini hat\u0131rlat\u0131p, mezk\u00fcr deklaratsiya ondan so\u00f1 qabul etilgen b\u00fct\u00fcn halqara uquqiy aktlar i\u00e7\u00fcn esas ol\u011fan\u0131n\u0131 qayd etti. Bu, birinci nevbette Halqara grajdan ve siyasiy aqlar aqq\u0131ndaki pakt ve Halqara iqtisadiy, sotsial ve medeniy aqlar aqq\u0131nda pakttt\u0131r. Bu eki vesiqada halqlarn\u0131\u00f1 uquqlar\u0131 ve devletlerni\u00f1 insan ve halqlar aqlar\u0131na nisbeten mecburiyetleri ayr\u0131ca qayd etilgendir. Ayn\u0131 \u015fu eki vesiqa 2007 senesinde BMT tam\u0131r halqlarn\u0131\u00f1 aq-uquqlar\u0131 aqq\u0131ndaki deklaratsiyan\u0131\u00f1 qabul etilmesine siltem berdiler.<\/p>\n\n\n\n<p>&#8220;B\u00f6yleliknen, dep yek\u00fcnledi s\u00f6z\u00fcni Refat \u00c7ubarov, \u0130nsan uquqlar\u0131n\u0131\u00f1 umumiy deklaratsiyas\u0131 qaviy halqara uquqiy temel \u00fcst\u00fcnde tur\u011fan\u0131 k\u00f6r\u00fcne ve biz o\u00f1a tayanaraq, \u00f6z aqlar\u0131m\u0131zn\u0131 qor\u00e7alaya bilirmiz ve qor\u00e7alamaq borclum\u0131z. \u0130\u015fte \u015fun\u0131\u00f1 i\u00e7\u00fcn de Q\u0131r\u0131mtatar halq\u0131n\u0131\u00f1 Meclisi bir s\u0131ra q\u0131r\u0131mtatar cemaat te\u015fkil\u00e2tlar\u0131n\u0131\u00f1 Halqara insan uquqlar\u0131 k\u00fcn\u00fcne ba\u011f\u0131\u015flan\u011fan B\u00fct\u00fcnq\u0131r\u0131m mitingini ke\u00e7irmek teklifine qoltutt\u0131&#8221;.<\/p>\n\n\n\n<p>Belli ki, Halqara insan uquqlar\u0131 k\u00fcn\u00fcne ba\u011f\u0131\u015flan\u011fan B\u00fct\u00fcnq\u0131r\u0131m mitingi cumaertesi k\u00fcn\u00fc dekabr 10-da Aqmescitni\u00f1 merkeziy meydan\u0131nda olacaq. Miting saat 11-de ba\u015flanacaq.<\/p>\n\n\n\n<p>Bu sene biz insanlarn\u0131\u00f1 \u00f6z aqlar\u0131n\u0131 qor\u00e7alamaq i\u00e7\u00fcn birle\u015f\u00fcvlerini\u00f1 m\u00fcimligini a\u00f1layaraq, cemaat\u00e7\u0131l\u0131qn\u0131 B\u00fct\u00fcnq\u0131r\u0131m mitinginde i\u015ftirak etmege \u00e7a\u011f\u0131r\u0131p birlikteki muracaatn\u0131\u00f1 metinini de a\u00f1la\u015f\u0131p yazd\u0131q<\/p>\n\n\n\n<p>Ukraina ve Q\u0131r\u0131m matbuat\u0131n\u0131 temsil etken jurnalistlerni\u00f1 \u00e7oqtan-\u00e7oq suallerine cevap bererek Refat \u00c7ubarov Halqara insan uquqlar\u0131 k\u00fcn\u00fcni\u00f1 so\u00f1ki y\u0131llarda Q\u0131r\u0131mda qayd etilgeni tez vaq\u0131tta Q\u0131r\u0131mn\u0131\u00f1 milletleri ve diniy mens\u00fcpliklerinden qatiy nazar b\u00fct\u00fcn sakinlerini birle\u015ftirgen bir k\u00fcn olaca\u011f\u0131na eminligini bildirdi.<\/p>\n\n\n\n<p>&#8220;Mitingde biz insan uquqlar\u0131 ve halq uquqlar\u0131n\u0131\u00f1 bozulmazl\u0131\u011f\u0131, uquqn\u0131\u00f1 bir q\u0131sm\u0131na riayet etilmeden, diger q\u0131sm\u0131n\u0131\u00f1 ker\u00e7ekle\u015fmesi m\u00fcmk\u00fcn olmaz&#8221;, &#8211; dedi Refat \u00c7ubarov ve mezk\u00fcr tedbirge Q\u0131r\u0131m ealisini\u00f1 keni\u015f qatlamlar\u0131 qoltutaca\u011f\u0131na \u00fcm\u00fct bildirdi.<\/p>\n\n\n\n<p>&#8220;Biz muracaat\u0131m\u0131zn\u0131 Q\u0131r\u0131mn\u0131\u00f1 b\u00fct\u00fcn cemaat te\u015fkil\u00e2tlar\u0131na yollap, olarn\u0131\u00f1 seslenecegine \u00fcm\u00fct etemiz&#8221;, &#8211; dedi \u00c7ubarov, q\u0131r\u0131mtatar cemaat te\u015fkil\u00e2tlar\u0131n\u0131\u00f1 Meclis muracaat\u0131na nas\u0131l cevaplan\u011fanlar\u0131 husus\u0131ndaki sualge cevap bererek.<\/p>\n\n\n\n<p>\u0130nsan ve halq uquqlar\u0131n\u0131 birlikte qor\u00e7alamaq l\u00e2zimligini Q\u0131r\u0131mtatar halq\u0131n\u0131\u00f1 Meclisi mitingni\u00f1 slogan\u0131 olaraq t\u00fcrk d\u00fcnyas\u0131n\u0131\u00f1 ulu m\u00fctefekkiri \u0130smail Gasprinskiyni\u00f1 &#8220;Tilde, fikirde, i\u015fte &#8211; birlik&#8221; s\u00f6zleri al\u0131n\u011fan\u0131 da tasdiqlay.<\/p>\n\n\n\n<p>Jurnalistlerni\u00f1 birisi bergen: &#8220;Umumq\u0131r\u0131m mitingi \u2013 bu, noyabr 21 k\u00fcn\u00fc Q\u0131r\u0131mtatar teatri yan\u0131nda toplan\u0131p Meclisni tenqid etkenlerge &#8220;cevap&#8221; olaraq qabul etilmezmi?&#8221; sualge Refat \u00c7ubarov q\u0131sqadan qayd etti: &#8220;Yoq. \u00c7\u00fcnki siyasette i\u00e7 bir \u015feyge malik olamay\u0131p, adlar\u0131n\u0131 tek kimlernidir tenqid etmeknen \u00e7\u0131qar\u011fan insanlar\u011fa qulaq asmaq meram\u0131m\u0131z yoqt\u0131r. Ba\u015fta halq i\u00e7\u00fcn faydal\u0131 bir i\u015f yaps\u0131nlar da, belki o zaman kimdir olarn\u0131\u00f1 taraf\u0131na aylan\u0131p baqar&#8221;.<\/p>\n\n\n\n<p>Jurnalistlerni\u00f1 suallerine cevaplar\u0131n\u0131\u00f1 so\u00f1unda Refat \u00c7ubarov k\u00fctleviy matbuat vastalar\u0131 vekillerini\u00f1 diqqat\u0131n\u0131 medeniy cemiyet \u015fekillenmesini\u00f1 esas \u015fart\u0131 er bir insann\u0131\u00f1 em \u015fahsen, em de ba\u015fqa insanlarnen birle\u015fkeni alda hususiy ve kollektiv uquqlarn\u0131 qor\u00e7alamaq zarurl\u0131\u011f\u0131n\u0131 a\u00f1lamas\u0131d\u0131r.<br>&#8220;Dekabr 10 k\u00fcn\u00fc olacaq mitingnen biz q\u0131r\u0131mtatar halq\u0131n\u0131\u00f1 \u00f6z-\u00f6z\u00fcni belgilev aqq\u0131n\u0131 bir daa hat\u0131rlatmaq ve bu \u015fey olmadan Ukrainada insan uquqlar\u0131n\u0131\u00f1 qor\u00e7alanmas\u0131 imk\u00e2ns\u0131z ol\u011fan\u0131n\u0131 k\u00f6stermege isteymiz Q\u0131r\u0131mtatar halq\u0131n\u0131\u00f1 milliy areketi q\u0131r\u0131mtatar halq\u0131n\u0131\u00f1 \u00f6z-\u00f6z\u00fcni belgilev uquq\u0131n\u0131\u00f1 ker\u00e7ekle\u015fmesi Ukraina mustaqilligini\u00f1 pekinmesi ve halqara itibar\u0131n\u0131\u00f1 artmas\u0131na siltem olur&#8221;, dedi R. \u00c7ubarov.<\/p>\n","protected":false},"excerpt":{"rendered":"<p>7 dekabr k\u00fcn\u00fc &#8220;QHA&#8221; informatsion agentligini\u00f1 matbuat merkezinde Q\u0131r\u0131mtatar halq\u0131 Meclisi reisini\u00f1 birinci muavini, Q\u0131r\u0131m Yuqar\u0131 \u015euras\u0131n\u0131\u00f1 deputat\u0131 Refat \u00c7ubarovn\u0131\u00f1 matbuat konferentsiyas\u0131 ol\u0131p ke\u00e7ti. &#8220;\u0130nsan uquqlar\u0131 ve halq uquqlar\u0131 biri-birinen ba\u011fl\u0131d\u0131r!&#8221; mevzus\u0131nda matbuat konferertsiyas\u0131 serbestliksever halqlar taraf\u0131ndan er sene dekabr 10-da qayd etilgen Halqara insan uquqlar\u0131 k\u00fcn\u00fc \u00f6tkerilecek mitingge ba\u011f\u0131\u015fland\u0131.\u00a0 63 sene evelsi ayn\u0131 bu [&hellip;]<\/p>\n","protected":false},"author":1,"featured_media":27451,"comment_status":"open","ping_status":"open","sticky":false,"template":"","format":"standard","meta":{"inline_featured_image":false,"footnotes":""},"categories":[265],"tags":[],"class_list":["post-27446","post","type-post","status-publish","format-standard","has-post-thumbnail","hentry","category-haberler"],"acf":[],"yoast_head":"<!-- This site is optimized with the Yoast SEO plugin v27.4 - https:\/\/yoast.com\/product\/yoast-seo-wordpress\/ -->\n<title>Refat \u00c7ubarov: \u00abDekabr 10 k\u00fcn\u00fc mitingde biz insan ve halq uquqlar\u0131n\u0131\u00f1 bozulmazl\u0131\u011f\u0131 aqq\u0131nda aytacaqm\u0131z\u00bb - \u041c\u0435\u0434\u0436\u043b\u0456\u0441<\/title>\n<meta name=\"robots\" content=\"index, follow, max-snippet:-1, max-image-preview:large, max-video-preview:-1\" \/>\n<link rel=\"canonical\" href=\"https:\/\/qtmm.org\/qt\/refat-cubarov-dekabr-10-kunu-mitingde-biz-insan-ve-halq-uquqlarinin-bozulmazligi-aqqinda-aytacaqmiz\/\" \/>\n<meta property=\"og:locale\" content=\"en_US\" \/>\n<meta property=\"og:type\" content=\"article\" \/>\n<meta property=\"og:title\" content=\"Refat \u00c7ubarov: \u00abDekabr 10 k\u00fcn\u00fc mitingde biz insan ve halq uquqlar\u0131n\u0131\u00f1 bozulmazl\u0131\u011f\u0131 aqq\u0131nda aytacaqm\u0131z\u00bb - \u041c\u0435\u0434\u0436\u043b\u0456\u0441\" \/>\n<meta property=\"og:description\" content=\"7 dekabr k\u00fcn\u00fc &#8220;QHA&#8221; informatsion agentligini\u00f1 matbuat merkezinde Q\u0131r\u0131mtatar halq\u0131 Meclisi reisini\u00f1 birinci muavini, Q\u0131r\u0131m Yuqar\u0131 \u015euras\u0131n\u0131\u00f1 deputat\u0131 Refat \u00c7ubarovn\u0131\u00f1 matbuat konferentsiyas\u0131 ol\u0131p ke\u00e7ti. &#8220;\u0130nsan uquqlar\u0131 ve halq uquqlar\u0131 biri-birinen ba\u011fl\u0131d\u0131r!&#8221; mevzus\u0131nda matbuat konferertsiyas\u0131 serbestliksever halqlar taraf\u0131ndan er sene dekabr 10-da qayd etilgen Halqara insan uquqlar\u0131 k\u00fcn\u00fc \u00f6tkerilecek mitingge ba\u011f\u0131\u015fland\u0131.\u00a0 63 sene evelsi ayn\u0131 bu [&hellip;]\" \/>\n<meta property=\"og:url\" content=\"https:\/\/qtmm.org\/qt\/refat-cubarov-dekabr-10-kunu-mitingde-biz-insan-ve-halq-uquqlarinin-bozulmazligi-aqqinda-aytacaqmiz\/\" \/>\n<meta property=\"og:site_name\" content=\"\u041c\u0435\u0434\u0436\u043b\u0456\u0441\" \/>\n<meta property=\"article:publisher\" content=\"https:\/\/www.facebook.com\/qtmm.info\/\" \/>\n<meta property=\"article:published_time\" content=\"2011-12-07T19:38:00+00:00\" \/>\n<meta property=\"article:modified_time\" content=\"2022-01-19T19:39:53+00:00\" \/>\n<meta property=\"og:image\" content=\"https:\/\/qtmm.org\/wp-content\/uploads\/2022\/01\/img_1039_2.jpeg\" \/>\n\t<meta property=\"og:image:width\" content=\"650\" \/>\n\t<meta property=\"og:image:height\" content=\"422\" \/>\n\t<meta property=\"og:image:type\" content=\"image\/jpeg\" \/>\n<meta name=\"author\" content=\"Developer\" \/>\n<meta name=\"twitter:card\" content=\"summary_large_image\" \/>\n<meta name=\"twitter:label1\" content=\"Written by\" \/>\n\t<meta name=\"twitter:data1\" content=\"Developer\" \/>\n\t<meta name=\"twitter:label2\" content=\"Est. reading time\" \/>\n\t<meta name=\"twitter:data2\" content=\"4 minutes\" \/>\n<script type=\"application\/ld+json\" class=\"yoast-schema-graph\">{\"@context\":\"https:\\\/\\\/schema.org\",\"@graph\":[{\"@type\":\"Article\",\"@id\":\"https:\\\/\\\/qtmm.org\\\/qt\\\/refat-cubarov-dekabr-10-kunu-mitingde-biz-insan-ve-halq-uquqlarinin-bozulmazligi-aqqinda-aytacaqmiz\\\/#article\",\"isPartOf\":{\"@id\":\"https:\\\/\\\/qtmm.org\\\/qt\\\/refat-cubarov-dekabr-10-kunu-mitingde-biz-insan-ve-halq-uquqlarinin-bozulmazligi-aqqinda-aytacaqmiz\\\/\"},\"author\":{\"name\":\"Developer\",\"@id\":\"https:\\\/\\\/qtmm.org\\\/qt\\\/#\\\/schema\\\/person\\\/de562469f971dec226ac06e60bbf74a7\"},\"headline\":\"Refat \u00c7ubarov: \u00abDekabr 10 k\u00fcn\u00fc mitingde biz insan ve halq uquqlar\u0131n\u0131\u00f1 bozulmazl\u0131\u011f\u0131 aqq\u0131nda aytacaqm\u0131z\u00bb\",\"datePublished\":\"2011-12-07T19:38:00+00:00\",\"dateModified\":\"2022-01-19T19:39:53+00:00\",\"mainEntityOfPage\":{\"@id\":\"https:\\\/\\\/qtmm.org\\\/qt\\\/refat-cubarov-dekabr-10-kunu-mitingde-biz-insan-ve-halq-uquqlarinin-bozulmazligi-aqqinda-aytacaqmiz\\\/\"},\"wordCount\":887,\"commentCount\":0,\"publisher\":{\"@id\":\"https:\\\/\\\/qtmm.org\\\/qt\\\/#organization\"},\"image\":{\"@id\":\"https:\\\/\\\/qtmm.org\\\/qt\\\/refat-cubarov-dekabr-10-kunu-mitingde-biz-insan-ve-halq-uquqlarinin-bozulmazligi-aqqinda-aytacaqmiz\\\/#primaryimage\"},\"thumbnailUrl\":\"https:\\\/\\\/qtmm.org\\\/wp-content\\\/uploads\\\/2022\\\/01\\\/img_1039_2.jpeg\",\"articleSection\":[\"Haberler\"],\"inLanguage\":\"qt\",\"potentialAction\":[{\"@type\":\"CommentAction\",\"name\":\"Comment\",\"target\":[\"https:\\\/\\\/qtmm.org\\\/qt\\\/refat-cubarov-dekabr-10-kunu-mitingde-biz-insan-ve-halq-uquqlarinin-bozulmazligi-aqqinda-aytacaqmiz\\\/#respond\"]}]},{\"@type\":\"WebPage\",\"@id\":\"https:\\\/\\\/qtmm.org\\\/qt\\\/refat-cubarov-dekabr-10-kunu-mitingde-biz-insan-ve-halq-uquqlarinin-bozulmazligi-aqqinda-aytacaqmiz\\\/\",\"url\":\"https:\\\/\\\/qtmm.org\\\/qt\\\/refat-cubarov-dekabr-10-kunu-mitingde-biz-insan-ve-halq-uquqlarinin-bozulmazligi-aqqinda-aytacaqmiz\\\/\",\"name\":\"Refat \u00c7ubarov: \u00abDekabr 10 k\u00fcn\u00fc mitingde biz insan ve halq uquqlar\u0131n\u0131\u00f1 bozulmazl\u0131\u011f\u0131 aqq\u0131nda aytacaqm\u0131z\u00bb - \u041c\u0435\u0434\u0436\u043b\u0456\u0441\",\"isPartOf\":{\"@id\":\"https:\\\/\\\/qtmm.org\\\/qt\\\/#website\"},\"primaryImageOfPage\":{\"@id\":\"https:\\\/\\\/qtmm.org\\\/qt\\\/refat-cubarov-dekabr-10-kunu-mitingde-biz-insan-ve-halq-uquqlarinin-bozulmazligi-aqqinda-aytacaqmiz\\\/#primaryimage\"},\"image\":{\"@id\":\"https:\\\/\\\/qtmm.org\\\/qt\\\/refat-cubarov-dekabr-10-kunu-mitingde-biz-insan-ve-halq-uquqlarinin-bozulmazligi-aqqinda-aytacaqmiz\\\/#primaryimage\"},\"thumbnailUrl\":\"https:\\\/\\\/qtmm.org\\\/wp-content\\\/uploads\\\/2022\\\/01\\\/img_1039_2.jpeg\",\"datePublished\":\"2011-12-07T19:38:00+00:00\",\"dateModified\":\"2022-01-19T19:39:53+00:00\",\"breadcrumb\":{\"@id\":\"https:\\\/\\\/qtmm.org\\\/qt\\\/refat-cubarov-dekabr-10-kunu-mitingde-biz-insan-ve-halq-uquqlarinin-bozulmazligi-aqqinda-aytacaqmiz\\\/#breadcrumb\"},\"inLanguage\":\"qt\",\"potentialAction\":[{\"@type\":\"ReadAction\",\"target\":[\"https:\\\/\\\/qtmm.org\\\/qt\\\/refat-cubarov-dekabr-10-kunu-mitingde-biz-insan-ve-halq-uquqlarinin-bozulmazligi-aqqinda-aytacaqmiz\\\/\"]}]},{\"@type\":\"ImageObject\",\"inLanguage\":\"qt\",\"@id\":\"https:\\\/\\\/qtmm.org\\\/qt\\\/refat-cubarov-dekabr-10-kunu-mitingde-biz-insan-ve-halq-uquqlarinin-bozulmazligi-aqqinda-aytacaqmiz\\\/#primaryimage\",\"url\":\"https:\\\/\\\/qtmm.org\\\/wp-content\\\/uploads\\\/2022\\\/01\\\/img_1039_2.jpeg\",\"contentUrl\":\"https:\\\/\\\/qtmm.org\\\/wp-content\\\/uploads\\\/2022\\\/01\\\/img_1039_2.jpeg\",\"width\":650,\"height\":422},{\"@type\":\"BreadcrumbList\",\"@id\":\"https:\\\/\\\/qtmm.org\\\/qt\\\/refat-cubarov-dekabr-10-kunu-mitingde-biz-insan-ve-halq-uquqlarinin-bozulmazligi-aqqinda-aytacaqmiz\\\/#breadcrumb\",\"itemListElement\":[{\"@type\":\"ListItem\",\"position\":1,\"name\":\"\u0413\u043e\u043b\u043e\u0432\u043d\u0430\",\"item\":\"https:\\\/\\\/qtmm.org\\\/qt\\\/\"},{\"@type\":\"ListItem\",\"position\":2,\"name\":\"Refat \u00c7ubarov: \u00abDekabr 10 k\u00fcn\u00fc mitingde biz insan ve halq uquqlar\u0131n\u0131\u00f1 bozulmazl\u0131\u011f\u0131 aqq\u0131nda aytacaqm\u0131z\u00bb\"}]},{\"@type\":\"WebSite\",\"@id\":\"https:\\\/\\\/qtmm.org\\\/qt\\\/#website\",\"url\":\"https:\\\/\\\/qtmm.org\\\/qt\\\/\",\"name\":\"\u041c\u0435\u0434\u0436\u043b\u0456\u0441\",\"description\":\"\",\"publisher\":{\"@id\":\"https:\\\/\\\/qtmm.org\\\/qt\\\/#organization\"},\"potentialAction\":[{\"@type\":\"SearchAction\",\"target\":{\"@type\":\"EntryPoint\",\"urlTemplate\":\"https:\\\/\\\/qtmm.org\\\/qt\\\/?s={search_term_string}\"},\"query-input\":{\"@type\":\"PropertyValueSpecification\",\"valueRequired\":true,\"valueName\":\"search_term_string\"}}],\"inLanguage\":\"qt\"},{\"@type\":\"Organization\",\"@id\":\"https:\\\/\\\/qtmm.org\\\/qt\\\/#organization\",\"name\":\"\u041c\u0435\u0434\u0436\u043b\u0456\u0441\",\"url\":\"https:\\\/\\\/qtmm.org\\\/qt\\\/\",\"logo\":{\"@type\":\"ImageObject\",\"inLanguage\":\"qt\",\"@id\":\"https:\\\/\\\/qtmm.org\\\/qt\\\/#\\\/schema\\\/logo\\\/image\\\/\",\"url\":\"https:\\\/\\\/qtmm.org\\\/wp-content\\\/uploads\\\/2024\\\/12\\\/ua-mejlis-logo-rgb.svg\",\"contentUrl\":\"https:\\\/\\\/qtmm.org\\\/wp-content\\\/uploads\\\/2024\\\/12\\\/ua-mejlis-logo-rgb.svg\",\"caption\":\"\u041c\u0435\u0434\u0436\u043b\u0456\u0441\"},\"image\":{\"@id\":\"https:\\\/\\\/qtmm.org\\\/qt\\\/#\\\/schema\\\/logo\\\/image\\\/\"},\"sameAs\":[\"https:\\\/\\\/www.facebook.com\\\/qtmm.info\\\/\"]},{\"@type\":\"Person\",\"@id\":\"https:\\\/\\\/qtmm.org\\\/qt\\\/#\\\/schema\\\/person\\\/de562469f971dec226ac06e60bbf74a7\",\"name\":\"Developer\",\"image\":{\"@type\":\"ImageObject\",\"inLanguage\":\"qt\",\"@id\":\"https:\\\/\\\/secure.gravatar.com\\\/avatar\\\/392b4cc8fbfeb00b39dfeeab4ee6edded39ffd48e25858637e4765810300227e?s=96&d=mm&r=g\",\"url\":\"https:\\\/\\\/secure.gravatar.com\\\/avatar\\\/392b4cc8fbfeb00b39dfeeab4ee6edded39ffd48e25858637e4765810300227e?s=96&d=mm&r=g\",\"contentUrl\":\"https:\\\/\\\/secure.gravatar.com\\\/avatar\\\/392b4cc8fbfeb00b39dfeeab4ee6edded39ffd48e25858637e4765810300227e?s=96&d=mm&r=g\",\"caption\":\"Developer\"},\"url\":\"https:\\\/\\\/qtmm.org\\\/qt\\\/author\\\/Developer\\\/\"}]}<\/script>\n<!-- \/ Yoast SEO plugin. -->","yoast_head_json":{"title":"Refat \u00c7ubarov: \u00abDekabr 10 k\u00fcn\u00fc mitingde biz insan ve halq uquqlar\u0131n\u0131\u00f1 bozulmazl\u0131\u011f\u0131 aqq\u0131nda aytacaqm\u0131z\u00bb - \u041c\u0435\u0434\u0436\u043b\u0456\u0441","robots":{"index":"index","follow":"follow","max-snippet":"max-snippet:-1","max-image-preview":"max-image-preview:large","max-video-preview":"max-video-preview:-1"},"canonical":"https:\/\/qtmm.org\/qt\/refat-cubarov-dekabr-10-kunu-mitingde-biz-insan-ve-halq-uquqlarinin-bozulmazligi-aqqinda-aytacaqmiz\/","og_locale":"en_US","og_type":"article","og_title":"Refat \u00c7ubarov: \u00abDekabr 10 k\u00fcn\u00fc mitingde biz insan ve halq uquqlar\u0131n\u0131\u00f1 bozulmazl\u0131\u011f\u0131 aqq\u0131nda aytacaqm\u0131z\u00bb - \u041c\u0435\u0434\u0436\u043b\u0456\u0441","og_description":"7 dekabr k\u00fcn\u00fc &#8220;QHA&#8221; informatsion agentligini\u00f1 matbuat merkezinde Q\u0131r\u0131mtatar halq\u0131 Meclisi reisini\u00f1 birinci muavini, Q\u0131r\u0131m Yuqar\u0131 \u015euras\u0131n\u0131\u00f1 deputat\u0131 Refat \u00c7ubarovn\u0131\u00f1 matbuat konferentsiyas\u0131 ol\u0131p ke\u00e7ti. &#8220;\u0130nsan uquqlar\u0131 ve halq uquqlar\u0131 biri-birinen ba\u011fl\u0131d\u0131r!&#8221; mevzus\u0131nda matbuat konferertsiyas\u0131 serbestliksever halqlar taraf\u0131ndan er sene dekabr 10-da qayd etilgen Halqara insan uquqlar\u0131 k\u00fcn\u00fc \u00f6tkerilecek mitingge ba\u011f\u0131\u015fland\u0131.\u00a0 63 sene evelsi ayn\u0131 bu [&hellip;]","og_url":"https:\/\/qtmm.org\/qt\/refat-cubarov-dekabr-10-kunu-mitingde-biz-insan-ve-halq-uquqlarinin-bozulmazligi-aqqinda-aytacaqmiz\/","og_site_name":"\u041c\u0435\u0434\u0436\u043b\u0456\u0441","article_publisher":"https:\/\/www.facebook.com\/qtmm.info\/","article_published_time":"2011-12-07T19:38:00+00:00","article_modified_time":"2022-01-19T19:39:53+00:00","og_image":[{"width":650,"height":422,"url":"https:\/\/qtmm.org\/wp-content\/uploads\/2022\/01\/img_1039_2.jpeg","type":"image\/jpeg"}],"author":"Developer","twitter_card":"summary_large_image","twitter_misc":{"Written by":"Developer","Est. reading time":"4 minutes"},"schema":{"@context":"https:\/\/schema.org","@graph":[{"@type":"Article","@id":"https:\/\/qtmm.org\/qt\/refat-cubarov-dekabr-10-kunu-mitingde-biz-insan-ve-halq-uquqlarinin-bozulmazligi-aqqinda-aytacaqmiz\/#article","isPartOf":{"@id":"https:\/\/qtmm.org\/qt\/refat-cubarov-dekabr-10-kunu-mitingde-biz-insan-ve-halq-uquqlarinin-bozulmazligi-aqqinda-aytacaqmiz\/"},"author":{"name":"Developer","@id":"https:\/\/qtmm.org\/qt\/#\/schema\/person\/de562469f971dec226ac06e60bbf74a7"},"headline":"Refat \u00c7ubarov: \u00abDekabr 10 k\u00fcn\u00fc mitingde biz insan ve halq uquqlar\u0131n\u0131\u00f1 bozulmazl\u0131\u011f\u0131 aqq\u0131nda aytacaqm\u0131z\u00bb","datePublished":"2011-12-07T19:38:00+00:00","dateModified":"2022-01-19T19:39:53+00:00","mainEntityOfPage":{"@id":"https:\/\/qtmm.org\/qt\/refat-cubarov-dekabr-10-kunu-mitingde-biz-insan-ve-halq-uquqlarinin-bozulmazligi-aqqinda-aytacaqmiz\/"},"wordCount":887,"commentCount":0,"publisher":{"@id":"https:\/\/qtmm.org\/qt\/#organization"},"image":{"@id":"https:\/\/qtmm.org\/qt\/refat-cubarov-dekabr-10-kunu-mitingde-biz-insan-ve-halq-uquqlarinin-bozulmazligi-aqqinda-aytacaqmiz\/#primaryimage"},"thumbnailUrl":"https:\/\/qtmm.org\/wp-content\/uploads\/2022\/01\/img_1039_2.jpeg","articleSection":["Haberler"],"inLanguage":"qt","potentialAction":[{"@type":"CommentAction","name":"Comment","target":["https:\/\/qtmm.org\/qt\/refat-cubarov-dekabr-10-kunu-mitingde-biz-insan-ve-halq-uquqlarinin-bozulmazligi-aqqinda-aytacaqmiz\/#respond"]}]},{"@type":"WebPage","@id":"https:\/\/qtmm.org\/qt\/refat-cubarov-dekabr-10-kunu-mitingde-biz-insan-ve-halq-uquqlarinin-bozulmazligi-aqqinda-aytacaqmiz\/","url":"https:\/\/qtmm.org\/qt\/refat-cubarov-dekabr-10-kunu-mitingde-biz-insan-ve-halq-uquqlarinin-bozulmazligi-aqqinda-aytacaqmiz\/","name":"Refat \u00c7ubarov: \u00abDekabr 10 k\u00fcn\u00fc mitingde biz insan ve halq uquqlar\u0131n\u0131\u00f1 bozulmazl\u0131\u011f\u0131 aqq\u0131nda aytacaqm\u0131z\u00bb - \u041c\u0435\u0434\u0436\u043b\u0456\u0441","isPartOf":{"@id":"https:\/\/qtmm.org\/qt\/#website"},"primaryImageOfPage":{"@id":"https:\/\/qtmm.org\/qt\/refat-cubarov-dekabr-10-kunu-mitingde-biz-insan-ve-halq-uquqlarinin-bozulmazligi-aqqinda-aytacaqmiz\/#primaryimage"},"image":{"@id":"https:\/\/qtmm.org\/qt\/refat-cubarov-dekabr-10-kunu-mitingde-biz-insan-ve-halq-uquqlarinin-bozulmazligi-aqqinda-aytacaqmiz\/#primaryimage"},"thumbnailUrl":"https:\/\/qtmm.org\/wp-content\/uploads\/2022\/01\/img_1039_2.jpeg","datePublished":"2011-12-07T19:38:00+00:00","dateModified":"2022-01-19T19:39:53+00:00","breadcrumb":{"@id":"https:\/\/qtmm.org\/qt\/refat-cubarov-dekabr-10-kunu-mitingde-biz-insan-ve-halq-uquqlarinin-bozulmazligi-aqqinda-aytacaqmiz\/#breadcrumb"},"inLanguage":"qt","potentialAction":[{"@type":"ReadAction","target":["https:\/\/qtmm.org\/qt\/refat-cubarov-dekabr-10-kunu-mitingde-biz-insan-ve-halq-uquqlarinin-bozulmazligi-aqqinda-aytacaqmiz\/"]}]},{"@type":"ImageObject","inLanguage":"qt","@id":"https:\/\/qtmm.org\/qt\/refat-cubarov-dekabr-10-kunu-mitingde-biz-insan-ve-halq-uquqlarinin-bozulmazligi-aqqinda-aytacaqmiz\/#primaryimage","url":"https:\/\/qtmm.org\/wp-content\/uploads\/2022\/01\/img_1039_2.jpeg","contentUrl":"https:\/\/qtmm.org\/wp-content\/uploads\/2022\/01\/img_1039_2.jpeg","width":650,"height":422},{"@type":"BreadcrumbList","@id":"https:\/\/qtmm.org\/qt\/refat-cubarov-dekabr-10-kunu-mitingde-biz-insan-ve-halq-uquqlarinin-bozulmazligi-aqqinda-aytacaqmiz\/#breadcrumb","itemListElement":[{"@type":"ListItem","position":1,"name":"\u0413\u043e\u043b\u043e\u0432\u043d\u0430","item":"https:\/\/qtmm.org\/qt\/"},{"@type":"ListItem","position":2,"name":"Refat \u00c7ubarov: \u00abDekabr 10 k\u00fcn\u00fc mitingde biz insan ve halq uquqlar\u0131n\u0131\u00f1 bozulmazl\u0131\u011f\u0131 aqq\u0131nda aytacaqm\u0131z\u00bb"}]},{"@type":"WebSite","@id":"https:\/\/qtmm.org\/qt\/#website","url":"https:\/\/qtmm.org\/qt\/","name":"\u041c\u0435\u0434\u0436\u043b\u0456\u0441","description":"","publisher":{"@id":"https:\/\/qtmm.org\/qt\/#organization"},"potentialAction":[{"@type":"SearchAction","target":{"@type":"EntryPoint","urlTemplate":"https:\/\/qtmm.org\/qt\/?s={search_term_string}"},"query-input":{"@type":"PropertyValueSpecification","valueRequired":true,"valueName":"search_term_string"}}],"inLanguage":"qt"},{"@type":"Organization","@id":"https:\/\/qtmm.org\/qt\/#organization","name":"\u041c\u0435\u0434\u0436\u043b\u0456\u0441","url":"https:\/\/qtmm.org\/qt\/","logo":{"@type":"ImageObject","inLanguage":"qt","@id":"https:\/\/qtmm.org\/qt\/#\/schema\/logo\/image\/","url":"https:\/\/qtmm.org\/wp-content\/uploads\/2024\/12\/ua-mejlis-logo-rgb.svg","contentUrl":"https:\/\/qtmm.org\/wp-content\/uploads\/2024\/12\/ua-mejlis-logo-rgb.svg","caption":"\u041c\u0435\u0434\u0436\u043b\u0456\u0441"},"image":{"@id":"https:\/\/qtmm.org\/qt\/#\/schema\/logo\/image\/"},"sameAs":["https:\/\/www.facebook.com\/qtmm.info\/"]},{"@type":"Person","@id":"https:\/\/qtmm.org\/qt\/#\/schema\/person\/de562469f971dec226ac06e60bbf74a7","name":"Developer","image":{"@type":"ImageObject","inLanguage":"qt","@id":"https:\/\/secure.gravatar.com\/avatar\/392b4cc8fbfeb00b39dfeeab4ee6edded39ffd48e25858637e4765810300227e?s=96&d=mm&r=g","url":"https:\/\/secure.gravatar.com\/avatar\/392b4cc8fbfeb00b39dfeeab4ee6edded39ffd48e25858637e4765810300227e?s=96&d=mm&r=g","contentUrl":"https:\/\/secure.gravatar.com\/avatar\/392b4cc8fbfeb00b39dfeeab4ee6edded39ffd48e25858637e4765810300227e?s=96&d=mm&r=g","caption":"Developer"},"url":"https:\/\/qtmm.org\/qt\/author\/Developer\/"}]}},"_links":{"self":[{"href":"https:\/\/qtmm.org\/qt\/wp-json\/wp\/v2\/posts\/27446","targetHints":{"allow":["GET"]}}],"collection":[{"href":"https:\/\/qtmm.org\/qt\/wp-json\/wp\/v2\/posts"}],"about":[{"href":"https:\/\/qtmm.org\/qt\/wp-json\/wp\/v2\/types\/post"}],"author":[{"embeddable":true,"href":"https:\/\/qtmm.org\/qt\/wp-json\/wp\/v2\/users\/1"}],"replies":[{"embeddable":true,"href":"https:\/\/qtmm.org\/qt\/wp-json\/wp\/v2\/comments?post=27446"}],"version-history":[{"count":1,"href":"https:\/\/qtmm.org\/qt\/wp-json\/wp\/v2\/posts\/27446\/revisions"}],"predecessor-version":[{"id":27459,"href":"https:\/\/qtmm.org\/qt\/wp-json\/wp\/v2\/posts\/27446\/revisions\/27459"}],"wp:featuredmedia":[{"embeddable":true,"href":"https:\/\/qtmm.org\/qt\/wp-json\/wp\/v2\/media\/27451"}],"wp:attachment":[{"href":"https:\/\/qtmm.org\/qt\/wp-json\/wp\/v2\/media?parent=27446"}],"wp:term":[{"taxonomy":"category","embeddable":true,"href":"https:\/\/qtmm.org\/qt\/wp-json\/wp\/v2\/categories?post=27446"},{"taxonomy":"post_tag","embeddable":true,"href":"https:\/\/qtmm.org\/qt\/wp-json\/wp\/v2\/tags?post=27446"}],"curies":[{"name":"wp","href":"https:\/\/api.w.org\/{rel}","templated":true}]}}