




{"id":27443,"date":"2011-12-05T22:37:00","date_gmt":"2011-12-05T19:37:00","guid":{"rendered":"http:\/\/qtmm.org\/?p=27443"},"modified":"2022-01-19T22:38:28","modified_gmt":"2022-01-19T19:38:28","slug":"dekabr-10-da-aqmescitte-halqara-insan-uquqlari-kunune-bagislangan-butuqirim-mitingi-otkerilecek","status":"publish","type":"post","link":"https:\/\/qtmm.org\/qt\/dekabr-10-da-aqmescitte-halqara-insan-uquqlari-kunune-bagislangan-butuqirim-mitingi-otkerilecek\/","title":{"rendered":"Dekabr 10-da Aqmescitte Halqara insan uquqlar\u0131 k\u00fcn\u00fcne ba\u011f\u0131\u015flan\u011fan b\u00fct\u00fcq\u0131r\u0131m mitingi \u00f6tkerilecek"},"content":{"rendered":"\n<p class=\"has-text-align-center\"><strong>T\u0130LDE, F\u0130K\u0130RDE, \u0130\u015eTE \u2013 B\u0130RL\u0130K!<\/strong><\/p>\n\n\n\n<p><br>\u0130nsanl\u0131q tarih\u0131nda \u00f6z topraqlar\u0131ndan s\u00fcrg\u00fcn etilip Vatan\u0131na cenksiz, zorbal\u0131qs\u0131z qayt\u0131p kele bilgen halqlar \u00e7oq degil.<\/p>\n\n\n\n<p>Q\u0131r\u0131mtatar halq\u0131n\u0131\u00f1 birinci qurultay\u0131n\u0131 darma-da\u011f\u0131n etip, Q\u0131r\u0131m musulmanlar\u0131n\u0131\u00f1 m\u00fcftisi Noman \u00c7elebicihann\u0131 vah\u015fiyane \u00f6ld\u00fcrgenler, kollektivle\u015ftir\u00fcv devrinde y\u00fczlernen q\u0131r\u0131mtatar k\u00f6ylerini tala\u011fanlar, on bi\u00f1lernen ailelerni Sibir ve Ural\u011fa s\u00fcrg\u00fcn etkenler, NKVD zindanlar\u0131nda y\u00fczlernen q\u0131r\u0131mtatar ziyal\u0131lar\u0131n\u0131 qur\u015funla\u011fan ve so\u00f1ra 1944 senesi may\u0131s 18-de b\u00fct\u00fcn halqn\u0131 cinaiy s\u00fcrg\u00fcnlikke o\u011fratqan, ta 80-nci y\u0131llar\u011fa qadar \u011furbet illerde zorlap tutqanlar, umumen HH as\u0131r devam\u0131nda q\u0131r\u0131mtatar halq\u0131n\u0131 maqsadl\u0131 \u015fekilde yoq etmege t\u0131r\u0131\u015fqanlar kendilerini\u00f1 pis vazifelerini tolus\u0131nen eda ettiler, dep bellediler.<\/p>\n\n\n\n<p>Olar q\u0131r\u0131mtatar halq\u0131 b\u00fck\u00fclir, q\u0131r\u0131l\u0131r, yer y\u00fcz\u00fcnden silinir, g\u00fczel Vatan\u0131m\u0131z\u011fa saip olurlar, dep t\u00fc\u015f\u00fcndiler. Amma olar ya\u00f1\u0131ld\u0131lar.<br>Biz, q\u0131r\u0131mtatarlar, misilsiz \u011fay\u0131plar\u011fa o\u011frat\u0131lsaq da, i\u00e7 bir \u015feyge baqmadan kene Vatan\u0131m\u0131z\u011fa qayt\u0131p keldik!<\/p>\n\n\n\n<p>Biz birligimiz, ana topra\u011f\u0131m\u0131z\u011fa sad\u0131ql\u0131\u011f\u0131m\u0131z ve q\u0131r\u0131mtatar milliy areketi faallerini\u00f1 ces\u00fcrligi sayesinde sa\u011f-aman qald\u0131q ve kene qayt\u0131p keldik!<br>Q\u0131r\u0131mtatar halq\u0131 millet olaraq tek Vatan\u011fa qayt\u0131p saqlanaca\u011f\u0131n\u0131 a\u00f1layaraq, Vatan\u0131m\u0131z\u011fa kene saip \u00e7\u0131qmaq i\u00e7\u00fcn er kes elinden kelgeni qadar h\u0131zmet etti. L\u00e2kin qayt\u0131p kelgen so\u00f1 da aqlar\u0131m\u0131zn\u0131 daa tiklep olamaym\u0131z, yar\u0131mada as\u0131l halq\u0131n\u0131\u00f1 inki\u015faf\u0131n\u0131 teminlegen mehanizmler daa yoqt\u0131r. Biz \u015fun\u0131 da a\u00f1laym\u0131z ki, g\u00fczel yurtum\u0131zda q\u0131r\u0131mtatarlar ve diger millet vekilleri bahtl\u0131-\u00e7astl\u0131 ya\u015faycaq k\u00fcnni \u00f6z\u00fcmizden \u011fayr\u0131 i\u00e7 bir kimse yaq\u0131nla\u015ft\u0131r\u0131p olamaz. Demek, biz evelkisi kibi kene birlikli olmaq, milliy idare organlar\u0131m\u0131z &#8211; Q\u0131r\u0131mtatar halq\u0131n\u0131\u00f1 qurultay\u0131, Meclisi, regional ve yerli meclislerni pekitmek ve inki\u015faf ettirmek i\u00e7\u00fcn \u00e7al\u0131\u015fmaq kerekmiz.<\/p>\n\n\n\n<p>Q\u0131r\u0131mtatar halq\u0131n\u0131\u00f1 maneviy birligini pekit\u00fcv \u2013 Q\u0131r\u0131m musulmanlar\u0131n\u0131\u00f1 m\u00fcftisi ac\u0131 Emirali Ablayev yolba\u015f\u00e7\u0131l\u0131\u011f\u0131nda diniy idaresi, \u015fu c\u00fcmleden cemaat te\u015fkil\u00e2tlar\u0131 ve bilhassa gen\u00e7lerni\u00f1 \u00f6g\u00fcnde tur\u011fan umumiy vazifemizdir.<\/p>\n\n\n\n<p>Bir qa\u00e7 k\u00fcnden so\u00f1 &#8211; dekabr 10 k\u00fcn\u00fc d\u00fcnyan\u0131\u00f1 cemi serbestlikni sevgen halqlar Halqara insan uquqlar\u0131 k\u00fcn\u00fcni qayd etecekler. Ayn\u0131 bu k\u00fcn\u00fc 63 sene evel 1948 senesi dekabr 10 k\u00fcn\u00fc Birle\u015fken Milletler Komiteti \u0130nsan uquqlar\u0131n\u0131\u00f1 halqara deklaratsiyas\u0131n\u0131 qabul etti.<\/p>\n\n\n\n<p>Bug\u00fcnde-bug\u00fcn q\u0131r\u0131mtatar halq\u0131 insan ve halqlar\u011fa ait uquqlardan mahrum ol\u011fanda, q\u0131r\u0131mtatar tili \u011fay\u0131p oluv tel\u00fckesi alt\u0131nda bulun\u011fanda, Ukraina erk\u00e2n\u0131nda milliy muhtariyat \u015fekilinde devlet\u00e7iligi tiklenilmegende epimiz umumhalq i\u015fi etraf\u0131nda birle\u015fmemiz \u011fayet m\u00fcimdir.<\/p>\n\n\n\n<p>2011 senesi dekabr 10 k\u00fcn\u00fc saat 11-de Aqmescitni\u00f1 merkeziy meydan\u0131nda( Ukrain teatriya qar\u015f\u0131s\u0131nda) Halqara insan uquqlar\u0131 k\u00fcn\u00fcne ba\u011f\u0131\u015flan\u011fan B\u00fct\u00fcnq\u0131r\u0131m mitingi \u00f6tkerilecek. Mitingni\u00f1 ke\u00e7irilmesi Ukraina qanunlar\u0131 m\u00fccibi \u015feer akimlerinen a\u00f1la\u015f\u0131ld\u0131.<\/p>\n\n\n\n<p>Q\u0131r\u0131mtatar halq\u0131n\u0131\u00f1 Meclisi q\u0131r\u0131mtatar cemaat te\u015fkil\u00e2tlar\u0131nen birlikte Siz ve Sizi\u00f1 aile\u00f1izni\u00f1 azalar\u0131n\u0131 q\u0131r\u0131mtatar halq\u0131n\u0131\u00f1 birligi-beraberligi ve iradesini, on\u0131\u00f1 serbestlik ve adalet \u011fayelerinen sad\u0131ql\u0131\u011f\u0131n\u0131 numay\u0131\u015f etecek B\u00fct\u00fcnq\u0131r\u0131m mitingine davet ete.<\/p>\n\n\n\n<p><strong>B\u0130Z\u0130M ESAS TALABIMIZ \u2013 QIRIMTATAR HALQINI\u00d1 AQ-UQUQLARINI HALQARA UQUQ AKTLARI, \u015eU C\u00dcMLEDEN \u0130NSAN AQLARI UMUM\u0130Y DEKLARATS\u0130YASI ESASINDA T\u0130KLEMEK.<\/strong><\/p>\n\n\n\n<p><strong>B\u0130Z\u0130M BA\u015e \u015e\u0130ARIMIZ \u2013 QIRIMTATAR HALQINI\u00d1 ULU EVL\u00c2DI \u0130SMA\u0130L GASPR\u0130NSK\u0130YN\u0130\u00d1 &#8220;T\u0130LDE, F\u0130K\u0130RDE, \u0130\u015eTE \u2013 B\u0130RL\u0130K!&#8221; S\u00d6ZLER\u0130D\u0130R.<\/strong><\/p>\n\n\n\n<p>Miting 2011 senesi dekabr 10-da olacaq.<\/p>\n\n\n\n<p>Miting saat 11.00- de ba\u015flanacaq.<\/p>\n\n\n\n<p class=\"has-text-align-right\"><em><strong>Q\u0131r\u0131mtatar halq\u0131n\u0131\u00f1 Meclisi<\/strong><\/em><\/p>\n\n\n\n<p class=\"has-text-align-right\"><em><strong>Q\u0131r\u0131mtatar cemaat te\u015fkil\u00e2tlar\u0131<\/strong><\/em><br>&nbsp;<\/p>\n","protected":false},"excerpt":{"rendered":"<p>T\u0130LDE, F\u0130K\u0130RDE, \u0130\u015eTE \u2013 B\u0130RL\u0130K! \u0130nsanl\u0131q tarih\u0131nda \u00f6z topraqlar\u0131ndan s\u00fcrg\u00fcn etilip Vatan\u0131na cenksiz, zorbal\u0131qs\u0131z qayt\u0131p kele bilgen halqlar \u00e7oq degil. Q\u0131r\u0131mtatar halq\u0131n\u0131\u00f1 birinci qurultay\u0131n\u0131 darma-da\u011f\u0131n etip, Q\u0131r\u0131m musulmanlar\u0131n\u0131\u00f1 m\u00fcftisi Noman \u00c7elebicihann\u0131 vah\u015fiyane \u00f6ld\u00fcrgenler, kollektivle\u015ftir\u00fcv devrinde y\u00fczlernen q\u0131r\u0131mtatar k\u00f6ylerini tala\u011fanlar, on bi\u00f1lernen ailelerni Sibir ve Ural\u011fa s\u00fcrg\u00fcn etkenler, NKVD zindanlar\u0131nda y\u00fczlernen q\u0131r\u0131mtatar ziyal\u0131lar\u0131n\u0131 qur\u015funla\u011fan ve so\u00f1ra [&hellip;]<\/p>\n","protected":false},"author":1,"featured_media":0,"comment_status":"open","ping_status":"open","sticky":false,"template":"","format":"standard","meta":{"inline_featured_image":false,"footnotes":""},"categories":[265],"tags":[],"class_list":["post-27443","post","type-post","status-publish","format-standard","hentry","category-haberler"],"acf":[],"yoast_head":"<!-- This site is optimized with the Yoast SEO plugin v27.4 - https:\/\/yoast.com\/product\/yoast-seo-wordpress\/ -->\n<title>Dekabr 10-da Aqmescitte Halqara insan uquqlar\u0131 k\u00fcn\u00fcne ba\u011f\u0131\u015flan\u011fan b\u00fct\u00fcq\u0131r\u0131m mitingi \u00f6tkerilecek - \u041c\u0435\u0434\u0436\u043b\u0456\u0441<\/title>\n<meta name=\"robots\" content=\"index, follow, max-snippet:-1, max-image-preview:large, max-video-preview:-1\" \/>\n<link rel=\"canonical\" href=\"https:\/\/qtmm.org\/qt\/dekabr-10-da-aqmescitte-halqara-insan-uquqlari-kunune-bagislangan-butuqirim-mitingi-otkerilecek\/\" \/>\n<meta property=\"og:locale\" content=\"en_US\" \/>\n<meta property=\"og:type\" content=\"article\" \/>\n<meta property=\"og:title\" content=\"Dekabr 10-da Aqmescitte Halqara insan uquqlar\u0131 k\u00fcn\u00fcne ba\u011f\u0131\u015flan\u011fan b\u00fct\u00fcq\u0131r\u0131m mitingi \u00f6tkerilecek - \u041c\u0435\u0434\u0436\u043b\u0456\u0441\" \/>\n<meta property=\"og:description\" content=\"T\u0130LDE, F\u0130K\u0130RDE, \u0130\u015eTE \u2013 B\u0130RL\u0130K! \u0130nsanl\u0131q tarih\u0131nda \u00f6z topraqlar\u0131ndan s\u00fcrg\u00fcn etilip Vatan\u0131na cenksiz, zorbal\u0131qs\u0131z qayt\u0131p kele bilgen halqlar \u00e7oq degil. Q\u0131r\u0131mtatar halq\u0131n\u0131\u00f1 birinci qurultay\u0131n\u0131 darma-da\u011f\u0131n etip, Q\u0131r\u0131m musulmanlar\u0131n\u0131\u00f1 m\u00fcftisi Noman \u00c7elebicihann\u0131 vah\u015fiyane \u00f6ld\u00fcrgenler, kollektivle\u015ftir\u00fcv devrinde y\u00fczlernen q\u0131r\u0131mtatar k\u00f6ylerini tala\u011fanlar, on bi\u00f1lernen ailelerni Sibir ve Ural\u011fa s\u00fcrg\u00fcn etkenler, NKVD zindanlar\u0131nda y\u00fczlernen q\u0131r\u0131mtatar ziyal\u0131lar\u0131n\u0131 qur\u015funla\u011fan ve so\u00f1ra [&hellip;]\" \/>\n<meta property=\"og:url\" content=\"https:\/\/qtmm.org\/qt\/dekabr-10-da-aqmescitte-halqara-insan-uquqlari-kunune-bagislangan-butuqirim-mitingi-otkerilecek\/\" \/>\n<meta property=\"og:site_name\" content=\"\u041c\u0435\u0434\u0436\u043b\u0456\u0441\" \/>\n<meta property=\"article:publisher\" content=\"https:\/\/www.facebook.com\/qtmm.info\/\" \/>\n<meta property=\"article:published_time\" content=\"2011-12-05T19:37:00+00:00\" \/>\n<meta property=\"article:modified_time\" content=\"2022-01-19T19:38:28+00:00\" \/>\n<meta name=\"author\" content=\"Developer\" \/>\n<meta name=\"twitter:card\" content=\"summary_large_image\" \/>\n<meta name=\"twitter:label1\" content=\"Written by\" \/>\n\t<meta name=\"twitter:data1\" content=\"Developer\" \/>\n\t<meta name=\"twitter:label2\" content=\"Est. reading time\" \/>\n\t<meta name=\"twitter:data2\" content=\"3 minutes\" \/>\n<script type=\"application\/ld+json\" class=\"yoast-schema-graph\">{\"@context\":\"https:\\\/\\\/schema.org\",\"@graph\":[{\"@type\":\"Article\",\"@id\":\"https:\\\/\\\/qtmm.org\\\/qt\\\/dekabr-10-da-aqmescitte-halqara-insan-uquqlari-kunune-bagislangan-butuqirim-mitingi-otkerilecek\\\/#article\",\"isPartOf\":{\"@id\":\"https:\\\/\\\/qtmm.org\\\/qt\\\/dekabr-10-da-aqmescitte-halqara-insan-uquqlari-kunune-bagislangan-butuqirim-mitingi-otkerilecek\\\/\"},\"author\":{\"name\":\"Developer\",\"@id\":\"https:\\\/\\\/qtmm.org\\\/qt\\\/#\\\/schema\\\/person\\\/de562469f971dec226ac06e60bbf74a7\"},\"headline\":\"Dekabr 10-da Aqmescitte Halqara insan uquqlar\u0131 k\u00fcn\u00fcne ba\u011f\u0131\u015flan\u011fan b\u00fct\u00fcq\u0131r\u0131m mitingi \u00f6tkerilecek\",\"datePublished\":\"2011-12-05T19:37:00+00:00\",\"dateModified\":\"2022-01-19T19:38:28+00:00\",\"mainEntityOfPage\":{\"@id\":\"https:\\\/\\\/qtmm.org\\\/qt\\\/dekabr-10-da-aqmescitte-halqara-insan-uquqlari-kunune-bagislangan-butuqirim-mitingi-otkerilecek\\\/\"},\"wordCount\":690,\"commentCount\":0,\"publisher\":{\"@id\":\"https:\\\/\\\/qtmm.org\\\/qt\\\/#organization\"},\"articleSection\":[\"Haberler\"],\"inLanguage\":\"qt\",\"potentialAction\":[{\"@type\":\"CommentAction\",\"name\":\"Comment\",\"target\":[\"https:\\\/\\\/qtmm.org\\\/qt\\\/dekabr-10-da-aqmescitte-halqara-insan-uquqlari-kunune-bagislangan-butuqirim-mitingi-otkerilecek\\\/#respond\"]}]},{\"@type\":\"WebPage\",\"@id\":\"https:\\\/\\\/qtmm.org\\\/qt\\\/dekabr-10-da-aqmescitte-halqara-insan-uquqlari-kunune-bagislangan-butuqirim-mitingi-otkerilecek\\\/\",\"url\":\"https:\\\/\\\/qtmm.org\\\/qt\\\/dekabr-10-da-aqmescitte-halqara-insan-uquqlari-kunune-bagislangan-butuqirim-mitingi-otkerilecek\\\/\",\"name\":\"Dekabr 10-da Aqmescitte Halqara insan uquqlar\u0131 k\u00fcn\u00fcne ba\u011f\u0131\u015flan\u011fan b\u00fct\u00fcq\u0131r\u0131m mitingi \u00f6tkerilecek - \u041c\u0435\u0434\u0436\u043b\u0456\u0441\",\"isPartOf\":{\"@id\":\"https:\\\/\\\/qtmm.org\\\/qt\\\/#website\"},\"datePublished\":\"2011-12-05T19:37:00+00:00\",\"dateModified\":\"2022-01-19T19:38:28+00:00\",\"breadcrumb\":{\"@id\":\"https:\\\/\\\/qtmm.org\\\/qt\\\/dekabr-10-da-aqmescitte-halqara-insan-uquqlari-kunune-bagislangan-butuqirim-mitingi-otkerilecek\\\/#breadcrumb\"},\"inLanguage\":\"qt\",\"potentialAction\":[{\"@type\":\"ReadAction\",\"target\":[\"https:\\\/\\\/qtmm.org\\\/qt\\\/dekabr-10-da-aqmescitte-halqara-insan-uquqlari-kunune-bagislangan-butuqirim-mitingi-otkerilecek\\\/\"]}]},{\"@type\":\"BreadcrumbList\",\"@id\":\"https:\\\/\\\/qtmm.org\\\/qt\\\/dekabr-10-da-aqmescitte-halqara-insan-uquqlari-kunune-bagislangan-butuqirim-mitingi-otkerilecek\\\/#breadcrumb\",\"itemListElement\":[{\"@type\":\"ListItem\",\"position\":1,\"name\":\"\u0413\u043e\u043b\u043e\u0432\u043d\u0430\",\"item\":\"https:\\\/\\\/qtmm.org\\\/qt\\\/\"},{\"@type\":\"ListItem\",\"position\":2,\"name\":\"Dekabr 10-da Aqmescitte Halqara insan uquqlar\u0131 k\u00fcn\u00fcne ba\u011f\u0131\u015flan\u011fan b\u00fct\u00fcq\u0131r\u0131m mitingi \u00f6tkerilecek\"}]},{\"@type\":\"WebSite\",\"@id\":\"https:\\\/\\\/qtmm.org\\\/qt\\\/#website\",\"url\":\"https:\\\/\\\/qtmm.org\\\/qt\\\/\",\"name\":\"\u041c\u0435\u0434\u0436\u043b\u0456\u0441\",\"description\":\"\",\"publisher\":{\"@id\":\"https:\\\/\\\/qtmm.org\\\/qt\\\/#organization\"},\"potentialAction\":[{\"@type\":\"SearchAction\",\"target\":{\"@type\":\"EntryPoint\",\"urlTemplate\":\"https:\\\/\\\/qtmm.org\\\/qt\\\/?s={search_term_string}\"},\"query-input\":{\"@type\":\"PropertyValueSpecification\",\"valueRequired\":true,\"valueName\":\"search_term_string\"}}],\"inLanguage\":\"qt\"},{\"@type\":\"Organization\",\"@id\":\"https:\\\/\\\/qtmm.org\\\/qt\\\/#organization\",\"name\":\"\u041c\u0435\u0434\u0436\u043b\u0456\u0441\",\"url\":\"https:\\\/\\\/qtmm.org\\\/qt\\\/\",\"logo\":{\"@type\":\"ImageObject\",\"inLanguage\":\"qt\",\"@id\":\"https:\\\/\\\/qtmm.org\\\/qt\\\/#\\\/schema\\\/logo\\\/image\\\/\",\"url\":\"https:\\\/\\\/qtmm.org\\\/wp-content\\\/uploads\\\/2024\\\/12\\\/ua-mejlis-logo-rgb.svg\",\"contentUrl\":\"https:\\\/\\\/qtmm.org\\\/wp-content\\\/uploads\\\/2024\\\/12\\\/ua-mejlis-logo-rgb.svg\",\"caption\":\"\u041c\u0435\u0434\u0436\u043b\u0456\u0441\"},\"image\":{\"@id\":\"https:\\\/\\\/qtmm.org\\\/qt\\\/#\\\/schema\\\/logo\\\/image\\\/\"},\"sameAs\":[\"https:\\\/\\\/www.facebook.com\\\/qtmm.info\\\/\"]},{\"@type\":\"Person\",\"@id\":\"https:\\\/\\\/qtmm.org\\\/qt\\\/#\\\/schema\\\/person\\\/de562469f971dec226ac06e60bbf74a7\",\"name\":\"Developer\",\"image\":{\"@type\":\"ImageObject\",\"inLanguage\":\"qt\",\"@id\":\"https:\\\/\\\/secure.gravatar.com\\\/avatar\\\/392b4cc8fbfeb00b39dfeeab4ee6edded39ffd48e25858637e4765810300227e?s=96&d=mm&r=g\",\"url\":\"https:\\\/\\\/secure.gravatar.com\\\/avatar\\\/392b4cc8fbfeb00b39dfeeab4ee6edded39ffd48e25858637e4765810300227e?s=96&d=mm&r=g\",\"contentUrl\":\"https:\\\/\\\/secure.gravatar.com\\\/avatar\\\/392b4cc8fbfeb00b39dfeeab4ee6edded39ffd48e25858637e4765810300227e?s=96&d=mm&r=g\",\"caption\":\"Developer\"},\"url\":\"https:\\\/\\\/qtmm.org\\\/qt\\\/author\\\/Developer\\\/\"}]}<\/script>\n<!-- \/ Yoast SEO plugin. -->","yoast_head_json":{"title":"Dekabr 10-da Aqmescitte Halqara insan uquqlar\u0131 k\u00fcn\u00fcne ba\u011f\u0131\u015flan\u011fan b\u00fct\u00fcq\u0131r\u0131m mitingi \u00f6tkerilecek - \u041c\u0435\u0434\u0436\u043b\u0456\u0441","robots":{"index":"index","follow":"follow","max-snippet":"max-snippet:-1","max-image-preview":"max-image-preview:large","max-video-preview":"max-video-preview:-1"},"canonical":"https:\/\/qtmm.org\/qt\/dekabr-10-da-aqmescitte-halqara-insan-uquqlari-kunune-bagislangan-butuqirim-mitingi-otkerilecek\/","og_locale":"en_US","og_type":"article","og_title":"Dekabr 10-da Aqmescitte Halqara insan uquqlar\u0131 k\u00fcn\u00fcne ba\u011f\u0131\u015flan\u011fan b\u00fct\u00fcq\u0131r\u0131m mitingi \u00f6tkerilecek - \u041c\u0435\u0434\u0436\u043b\u0456\u0441","og_description":"T\u0130LDE, F\u0130K\u0130RDE, \u0130\u015eTE \u2013 B\u0130RL\u0130K! \u0130nsanl\u0131q tarih\u0131nda \u00f6z topraqlar\u0131ndan s\u00fcrg\u00fcn etilip Vatan\u0131na cenksiz, zorbal\u0131qs\u0131z qayt\u0131p kele bilgen halqlar \u00e7oq degil. Q\u0131r\u0131mtatar halq\u0131n\u0131\u00f1 birinci qurultay\u0131n\u0131 darma-da\u011f\u0131n etip, Q\u0131r\u0131m musulmanlar\u0131n\u0131\u00f1 m\u00fcftisi Noman \u00c7elebicihann\u0131 vah\u015fiyane \u00f6ld\u00fcrgenler, kollektivle\u015ftir\u00fcv devrinde y\u00fczlernen q\u0131r\u0131mtatar k\u00f6ylerini tala\u011fanlar, on bi\u00f1lernen ailelerni Sibir ve Ural\u011fa s\u00fcrg\u00fcn etkenler, NKVD zindanlar\u0131nda y\u00fczlernen q\u0131r\u0131mtatar ziyal\u0131lar\u0131n\u0131 qur\u015funla\u011fan ve so\u00f1ra [&hellip;]","og_url":"https:\/\/qtmm.org\/qt\/dekabr-10-da-aqmescitte-halqara-insan-uquqlari-kunune-bagislangan-butuqirim-mitingi-otkerilecek\/","og_site_name":"\u041c\u0435\u0434\u0436\u043b\u0456\u0441","article_publisher":"https:\/\/www.facebook.com\/qtmm.info\/","article_published_time":"2011-12-05T19:37:00+00:00","article_modified_time":"2022-01-19T19:38:28+00:00","author":"Developer","twitter_card":"summary_large_image","twitter_misc":{"Written by":"Developer","Est. reading time":"3 minutes"},"schema":{"@context":"https:\/\/schema.org","@graph":[{"@type":"Article","@id":"https:\/\/qtmm.org\/qt\/dekabr-10-da-aqmescitte-halqara-insan-uquqlari-kunune-bagislangan-butuqirim-mitingi-otkerilecek\/#article","isPartOf":{"@id":"https:\/\/qtmm.org\/qt\/dekabr-10-da-aqmescitte-halqara-insan-uquqlari-kunune-bagislangan-butuqirim-mitingi-otkerilecek\/"},"author":{"name":"Developer","@id":"https:\/\/qtmm.org\/qt\/#\/schema\/person\/de562469f971dec226ac06e60bbf74a7"},"headline":"Dekabr 10-da Aqmescitte Halqara insan uquqlar\u0131 k\u00fcn\u00fcne ba\u011f\u0131\u015flan\u011fan b\u00fct\u00fcq\u0131r\u0131m mitingi \u00f6tkerilecek","datePublished":"2011-12-05T19:37:00+00:00","dateModified":"2022-01-19T19:38:28+00:00","mainEntityOfPage":{"@id":"https:\/\/qtmm.org\/qt\/dekabr-10-da-aqmescitte-halqara-insan-uquqlari-kunune-bagislangan-butuqirim-mitingi-otkerilecek\/"},"wordCount":690,"commentCount":0,"publisher":{"@id":"https:\/\/qtmm.org\/qt\/#organization"},"articleSection":["Haberler"],"inLanguage":"qt","potentialAction":[{"@type":"CommentAction","name":"Comment","target":["https:\/\/qtmm.org\/qt\/dekabr-10-da-aqmescitte-halqara-insan-uquqlari-kunune-bagislangan-butuqirim-mitingi-otkerilecek\/#respond"]}]},{"@type":"WebPage","@id":"https:\/\/qtmm.org\/qt\/dekabr-10-da-aqmescitte-halqara-insan-uquqlari-kunune-bagislangan-butuqirim-mitingi-otkerilecek\/","url":"https:\/\/qtmm.org\/qt\/dekabr-10-da-aqmescitte-halqara-insan-uquqlari-kunune-bagislangan-butuqirim-mitingi-otkerilecek\/","name":"Dekabr 10-da Aqmescitte Halqara insan uquqlar\u0131 k\u00fcn\u00fcne ba\u011f\u0131\u015flan\u011fan b\u00fct\u00fcq\u0131r\u0131m mitingi \u00f6tkerilecek - \u041c\u0435\u0434\u0436\u043b\u0456\u0441","isPartOf":{"@id":"https:\/\/qtmm.org\/qt\/#website"},"datePublished":"2011-12-05T19:37:00+00:00","dateModified":"2022-01-19T19:38:28+00:00","breadcrumb":{"@id":"https:\/\/qtmm.org\/qt\/dekabr-10-da-aqmescitte-halqara-insan-uquqlari-kunune-bagislangan-butuqirim-mitingi-otkerilecek\/#breadcrumb"},"inLanguage":"qt","potentialAction":[{"@type":"ReadAction","target":["https:\/\/qtmm.org\/qt\/dekabr-10-da-aqmescitte-halqara-insan-uquqlari-kunune-bagislangan-butuqirim-mitingi-otkerilecek\/"]}]},{"@type":"BreadcrumbList","@id":"https:\/\/qtmm.org\/qt\/dekabr-10-da-aqmescitte-halqara-insan-uquqlari-kunune-bagislangan-butuqirim-mitingi-otkerilecek\/#breadcrumb","itemListElement":[{"@type":"ListItem","position":1,"name":"\u0413\u043e\u043b\u043e\u0432\u043d\u0430","item":"https:\/\/qtmm.org\/qt\/"},{"@type":"ListItem","position":2,"name":"Dekabr 10-da Aqmescitte Halqara insan uquqlar\u0131 k\u00fcn\u00fcne ba\u011f\u0131\u015flan\u011fan b\u00fct\u00fcq\u0131r\u0131m mitingi \u00f6tkerilecek"}]},{"@type":"WebSite","@id":"https:\/\/qtmm.org\/qt\/#website","url":"https:\/\/qtmm.org\/qt\/","name":"\u041c\u0435\u0434\u0436\u043b\u0456\u0441","description":"","publisher":{"@id":"https:\/\/qtmm.org\/qt\/#organization"},"potentialAction":[{"@type":"SearchAction","target":{"@type":"EntryPoint","urlTemplate":"https:\/\/qtmm.org\/qt\/?s={search_term_string}"},"query-input":{"@type":"PropertyValueSpecification","valueRequired":true,"valueName":"search_term_string"}}],"inLanguage":"qt"},{"@type":"Organization","@id":"https:\/\/qtmm.org\/qt\/#organization","name":"\u041c\u0435\u0434\u0436\u043b\u0456\u0441","url":"https:\/\/qtmm.org\/qt\/","logo":{"@type":"ImageObject","inLanguage":"qt","@id":"https:\/\/qtmm.org\/qt\/#\/schema\/logo\/image\/","url":"https:\/\/qtmm.org\/wp-content\/uploads\/2024\/12\/ua-mejlis-logo-rgb.svg","contentUrl":"https:\/\/qtmm.org\/wp-content\/uploads\/2024\/12\/ua-mejlis-logo-rgb.svg","caption":"\u041c\u0435\u0434\u0436\u043b\u0456\u0441"},"image":{"@id":"https:\/\/qtmm.org\/qt\/#\/schema\/logo\/image\/"},"sameAs":["https:\/\/www.facebook.com\/qtmm.info\/"]},{"@type":"Person","@id":"https:\/\/qtmm.org\/qt\/#\/schema\/person\/de562469f971dec226ac06e60bbf74a7","name":"Developer","image":{"@type":"ImageObject","inLanguage":"qt","@id":"https:\/\/secure.gravatar.com\/avatar\/392b4cc8fbfeb00b39dfeeab4ee6edded39ffd48e25858637e4765810300227e?s=96&d=mm&r=g","url":"https:\/\/secure.gravatar.com\/avatar\/392b4cc8fbfeb00b39dfeeab4ee6edded39ffd48e25858637e4765810300227e?s=96&d=mm&r=g","contentUrl":"https:\/\/secure.gravatar.com\/avatar\/392b4cc8fbfeb00b39dfeeab4ee6edded39ffd48e25858637e4765810300227e?s=96&d=mm&r=g","caption":"Developer"},"url":"https:\/\/qtmm.org\/qt\/author\/Developer\/"}]}},"_links":{"self":[{"href":"https:\/\/qtmm.org\/qt\/wp-json\/wp\/v2\/posts\/27443","targetHints":{"allow":["GET"]}}],"collection":[{"href":"https:\/\/qtmm.org\/qt\/wp-json\/wp\/v2\/posts"}],"about":[{"href":"https:\/\/qtmm.org\/qt\/wp-json\/wp\/v2\/types\/post"}],"author":[{"embeddable":true,"href":"https:\/\/qtmm.org\/qt\/wp-json\/wp\/v2\/users\/1"}],"replies":[{"embeddable":true,"href":"https:\/\/qtmm.org\/qt\/wp-json\/wp\/v2\/comments?post=27443"}],"version-history":[{"count":1,"href":"https:\/\/qtmm.org\/qt\/wp-json\/wp\/v2\/posts\/27443\/revisions"}],"predecessor-version":[{"id":27445,"href":"https:\/\/qtmm.org\/qt\/wp-json\/wp\/v2\/posts\/27443\/revisions\/27445"}],"wp:attachment":[{"href":"https:\/\/qtmm.org\/qt\/wp-json\/wp\/v2\/media?parent=27443"}],"wp:term":[{"taxonomy":"category","embeddable":true,"href":"https:\/\/qtmm.org\/qt\/wp-json\/wp\/v2\/categories?post=27443"},{"taxonomy":"post_tag","embeddable":true,"href":"https:\/\/qtmm.org\/qt\/wp-json\/wp\/v2\/tags?post=27443"}],"curies":[{"name":"wp","href":"https:\/\/api.w.org\/{rel}","templated":true}]}}