




{"id":27417,"date":"2011-12-04T22:35:00","date_gmt":"2011-12-04T19:35:00","guid":{"rendered":"http:\/\/qtmm.org\/?p=27417"},"modified":"2022-01-19T22:37:33","modified_gmt":"2022-01-19T19:37:33","slug":"melitopolde-vatan-asretligi-kitabi-taqdim-etildi","status":"publish","type":"post","link":"https:\/\/qtmm.org\/qt\/melitopolde-vatan-asretligi-kitabi-taqdim-etildi\/","title":{"rendered":"Melitopolde \u00abVatan asretligi\u00bb kitab\u0131 taqdim etildi"},"content":{"rendered":"\n<p>2011 senesi dekabr 3 k\u00fcn\u00fc Zaporojye vil\u00e2yetini\u00f1 Melitopol \u015feerinde &#8220;Vatan asretligi\u2026 Melitopoldeki q\u0131r\u0131mtatarlarn\u0131\u00f1 taqdiri&#8221; kitab\u0131n\u0131\u00f1 taqdimnamesi \u00f6tkerildi. Bu kitap Minever \u0130drisova ( tertip\u00e7i), G\u00fclnara Bekirova (kiri\u015f s\u00f6z\u00fcni\u00f1 m\u00fcellifi ve muarrir), Ediye M\u00fcslimova (na\u015fir)n\u0131\u00f1 \u00e7oqy\u0131ll\u0131q semereli emeklerini\u00f1 mahsul\u0131d\u0131r.<\/p>\n\n\n\n<p>Melitopolde ya\u015fa\u011fan 100-den ziyade q\u0131r\u0131mtatar aileleri, facial\u0131 taqdirler aqq\u0131nda ik\u00e2yelerden ibaret k\u00f6lemli kitapta ilk sefer Melitopol ve on\u0131\u00f1 rayon\u0131nda q\u0131r\u0131mtatar diasporas\u0131 nas\u0131l \u015fekillengeni tarif etile. &#8220;\u00d6m\u00fcrim Vatan asretliginde ke\u00e7ti&#8221; &#8211; kitap qaramanlar\u0131 ayn\u0131 b\u00f6yle qay\u011f\u0131nen ya\u015faylar.<\/p>\n\n\n\n<p>M\u00fcelliflerni hay\u0131rlamaq i\u00e7\u00fcn T. \u015eev\u00e7enko ad\u0131na \u015feer medeniyet evine nufuzl\u0131 musafirler \u2013 B\u00fct\u00fcnd\u00fcnya q\u0131r\u0131mtatarlar kongressini\u00f1 prezidenti, Q\u0131r\u0131mtatar halq\u0131 Meclisi reisini\u00f1 birinci muavini, Q\u0131r\u0131m Yuqar\u0131 \u015euras\u0131n\u0131\u00f1 deputat\u0131 Refat \u00c7ubarov, Donetsk vil\u00e2yeti \u00dcgledar \u015feerini\u00f1 ba\u015f\u0131 Alim \u015eirinskiy (kitapn\u0131\u00f1 ba\u015f sponsor\u0131), Melitopol \u015feer yolba\u015f\u00e7\u0131s\u0131n\u0131\u00f1 muavini \u0130rina Donets, Zaporojye vil\u00e2yet \u015furas\u0131n\u0131\u00f1 deputat\u0131 Yevgeniy Balitskiy, Melitopol rayon devlet memuriyeti reisini\u00f1 muavini Aleksandr Ba\u015fa, &#8220;Alt\u0131nay&#8221; Zaporojye tatar medeniyeti merkezi idaresini\u00f1 reisi Rahima Ahmerova, Q\u0131r\u0131m m\u00fcendislik-pelagogika universiteti rektor\u0131n\u0131\u00f1 birinci muavini Eskender L\u00fcmanov, \u00fclke\u015f\u0131nas, Melitopol sanitariya ekimi Vladimir Reznik, &#8220;Maarif\u00e7i&#8221; birle\u015fmesi Tefti\u015f komissiyas\u0131n\u0131\u00f1 reisi Beyye \u0130lyasova te\u015frif buyurd\u0131lar.<\/p>\n\n\n\n<p>Kitapn\u0131 ne\u015firge az\u0131rla\u011fanlar Melitopol q\u0131r\u0131mtatar diasporas\u0131n\u0131\u00f1 \u015fekillengenini tarif etmek \u011fayesinden ta on\u0131\u00f1 ker\u00e7ekle\u015fmesine qadar ke\u00e7ilgen m\u00fcrekkep yol aqq\u0131nda ik\u00e2ye ettiler.<\/p>\n\n\n\n<p>\u0130k\u00e2yeleri kitapqa kirsetilgen bir \u00e7oq insanlar endi vefat etti, demek kitapn\u0131\u00f1 q\u0131ymeti daa ziyade arta. Bun\u0131\u00f1 kibi de kitapn\u0131\u00f1 \u00e7\u0131qmas\u0131na maddiy yard\u0131m k\u00f6stergenler de unut\u0131lmad\u0131.<\/p>\n\n\n\n<p>Tedbirni \u015fe\u00f1 oyun ve y\u0131rlar\u0131nen yara\u015ft\u0131r\u011fan &#8220;G\u00fczel Q\u0131r\u0131m&#8221; Melitopol halq ansambli salonda s\u0131caq ve samimiy m\u00fcit yaratt\u0131.<\/p>\n\n\n\n<figure class=\"wp-block-gallery columns-3 is-cropped wp-block-gallery-1 is-layout-flex wp-block-gallery-is-layout-flex\"><ul class=\"blocks-gallery-grid\"><li class=\"blocks-gallery-item\"><figure><a href=\"http:\/\/qtmm.org\/wp-content\/uploads\/2022\/01\/4ede01dbd3993.jpeg\"><img loading=\"lazy\" decoding=\"async\" width=\"640\" height=\"480\" src=\"http:\/\/qtmm.org\/wp-content\/uploads\/2022\/01\/4ede01dbd3993.jpeg\" alt=\"\" data-id=\"27418\" data-full-url=\"http:\/\/qtmm.org\/wp-content\/uploads\/2022\/01\/4ede01dbd3993.jpeg\" data-link=\"http:\/\/qtmm.org\/?attachment_id=27418\" class=\"wp-image-27418\" srcset=\"https:\/\/qtmm.org\/wp-content\/uploads\/2022\/01\/4ede01dbd3993.jpeg 640w, https:\/\/qtmm.org\/wp-content\/uploads\/2022\/01\/4ede01dbd3993-300x225.jpeg 300w\" sizes=\"auto, (max-width: 640px) 100vw, 640px\" \/><\/a><\/figure><\/li><li class=\"blocks-gallery-item\"><figure><a href=\"http:\/\/qtmm.org\/wp-content\/uploads\/2022\/01\/4ede01dc6f007.jpeg\"><img loading=\"lazy\" decoding=\"async\" width=\"640\" height=\"480\" src=\"http:\/\/qtmm.org\/wp-content\/uploads\/2022\/01\/4ede01dc6f007.jpeg\" alt=\"\" data-id=\"27422\" data-full-url=\"http:\/\/qtmm.org\/wp-content\/uploads\/2022\/01\/4ede01dc6f007.jpeg\" data-link=\"http:\/\/qtmm.org\/qt\/?attachment_id=27422\" class=\"wp-image-27422\" srcset=\"https:\/\/qtmm.org\/wp-content\/uploads\/2022\/01\/4ede01dc6f007.jpeg 640w, https:\/\/qtmm.org\/wp-content\/uploads\/2022\/01\/4ede01dc6f007-300x225.jpeg 300w\" sizes=\"auto, (max-width: 640px) 100vw, 640px\" \/><\/a><\/figure><\/li><li class=\"blocks-gallery-item\"><figure><a href=\"http:\/\/qtmm.org\/wp-content\/uploads\/2022\/01\/4ede01dc08751.jpeg\"><img loading=\"lazy\" decoding=\"async\" width=\"640\" height=\"480\" src=\"http:\/\/qtmm.org\/wp-content\/uploads\/2022\/01\/4ede01dc08751.jpeg\" alt=\"\" data-id=\"27426\" data-full-url=\"http:\/\/qtmm.org\/wp-content\/uploads\/2022\/01\/4ede01dc08751.jpeg\" data-link=\"http:\/\/qtmm.org\/qt\/?attachment_id=27426\" class=\"wp-image-27426\" srcset=\"https:\/\/qtmm.org\/wp-content\/uploads\/2022\/01\/4ede01dc08751.jpeg 640w, https:\/\/qtmm.org\/wp-content\/uploads\/2022\/01\/4ede01dc08751-300x225.jpeg 300w\" sizes=\"auto, (max-width: 640px) 100vw, 640px\" \/><\/a><\/figure><\/li><li class=\"blocks-gallery-item\"><figure><a href=\"http:\/\/qtmm.org\/wp-content\/uploads\/2022\/01\/4ede01dc41936.jpeg\"><img loading=\"lazy\" decoding=\"async\" width=\"640\" height=\"480\" src=\"http:\/\/qtmm.org\/wp-content\/uploads\/2022\/01\/4ede01dc41936.jpeg\" alt=\"\" data-id=\"27430\" data-full-url=\"http:\/\/qtmm.org\/wp-content\/uploads\/2022\/01\/4ede01dc41936.jpeg\" data-link=\"http:\/\/qtmm.org\/qt\/?attachment_id=27430\" class=\"wp-image-27430\" srcset=\"https:\/\/qtmm.org\/wp-content\/uploads\/2022\/01\/4ede01dc41936.jpeg 640w, https:\/\/qtmm.org\/wp-content\/uploads\/2022\/01\/4ede01dc41936-300x225.jpeg 300w\" sizes=\"auto, (max-width: 640px) 100vw, 640px\" \/><\/a><\/figure><\/li><li class=\"blocks-gallery-item\"><figure><a href=\"http:\/\/qtmm.org\/wp-content\/uploads\/2022\/01\/4ede01dca0118.jpeg\"><img loading=\"lazy\" decoding=\"async\" width=\"640\" height=\"480\" src=\"http:\/\/qtmm.org\/wp-content\/uploads\/2022\/01\/4ede01dca0118.jpeg\" alt=\"\" data-id=\"27434\" data-full-url=\"http:\/\/qtmm.org\/wp-content\/uploads\/2022\/01\/4ede01dca0118.jpeg\" data-link=\"http:\/\/qtmm.org\/qt\/?attachment_id=27434\" class=\"wp-image-27434\" srcset=\"https:\/\/qtmm.org\/wp-content\/uploads\/2022\/01\/4ede01dca0118.jpeg 640w, https:\/\/qtmm.org\/wp-content\/uploads\/2022\/01\/4ede01dca0118-300x225.jpeg 300w\" sizes=\"auto, (max-width: 640px) 100vw, 640px\" \/><\/a><\/figure><\/li><li class=\"blocks-gallery-item\"><figure><a href=\"http:\/\/qtmm.org\/wp-content\/uploads\/2022\/01\/4ede01dcd45ca.jpeg\"><img loading=\"lazy\" decoding=\"async\" width=\"640\" height=\"480\" src=\"http:\/\/qtmm.org\/wp-content\/uploads\/2022\/01\/4ede01dcd45ca.jpeg\" alt=\"\" data-id=\"27438\" data-full-url=\"http:\/\/qtmm.org\/wp-content\/uploads\/2022\/01\/4ede01dcd45ca.jpeg\" data-link=\"http:\/\/qtmm.org\/qt\/?attachment_id=27438\" class=\"wp-image-27438\" srcset=\"https:\/\/qtmm.org\/wp-content\/uploads\/2022\/01\/4ede01dcd45ca.jpeg 640w, https:\/\/qtmm.org\/wp-content\/uploads\/2022\/01\/4ede01dcd45ca-300x225.jpeg 300w\" sizes=\"auto, (max-width: 640px) 100vw, 640px\" \/><\/a><\/figure><\/li><\/ul><\/figure>\n","protected":false},"excerpt":{"rendered":"<p>2011 senesi dekabr 3 k\u00fcn\u00fc Zaporojye vil\u00e2yetini\u00f1 Melitopol \u015feerinde &#8220;Vatan asretligi\u2026 Melitopoldeki q\u0131r\u0131mtatarlarn\u0131\u00f1 taqdiri&#8221; kitab\u0131n\u0131\u00f1 taqdimnamesi \u00f6tkerildi. Bu kitap Minever \u0130drisova ( tertip\u00e7i), G\u00fclnara Bekirova (kiri\u015f s\u00f6z\u00fcni\u00f1 m\u00fcellifi ve muarrir), Ediye M\u00fcslimova (na\u015fir)n\u0131\u00f1 \u00e7oqy\u0131ll\u0131q semereli emeklerini\u00f1 mahsul\u0131d\u0131r. Melitopolde ya\u015fa\u011fan 100-den ziyade q\u0131r\u0131mtatar aileleri, facial\u0131 taqdirler aqq\u0131nda ik\u00e2yelerden ibaret k\u00f6lemli kitapta ilk sefer Melitopol ve on\u0131\u00f1 [&hellip;]<\/p>\n","protected":false},"author":1,"featured_media":27426,"comment_status":"open","ping_status":"open","sticky":false,"template":"","format":"standard","meta":{"inline_featured_image":false,"footnotes":""},"categories":[265],"tags":[],"class_list":["post-27417","post","type-post","status-publish","format-standard","has-post-thumbnail","hentry","category-haberler"],"acf":[],"yoast_head":"<!-- This site is optimized with the Yoast SEO plugin v27.4 - https:\/\/yoast.com\/product\/yoast-seo-wordpress\/ -->\n<title>Melitopolde \u00abVatan asretligi\u00bb kitab\u0131 taqdim etildi - \u041c\u0435\u0434\u0436\u043b\u0456\u0441<\/title>\n<meta name=\"robots\" content=\"index, follow, max-snippet:-1, max-image-preview:large, max-video-preview:-1\" \/>\n<link rel=\"canonical\" href=\"https:\/\/qtmm.org\/qt\/melitopolde-vatan-asretligi-kitabi-taqdim-etildi\/\" \/>\n<meta property=\"og:locale\" content=\"en_US\" \/>\n<meta property=\"og:type\" content=\"article\" \/>\n<meta property=\"og:title\" content=\"Melitopolde \u00abVatan asretligi\u00bb kitab\u0131 taqdim etildi - \u041c\u0435\u0434\u0436\u043b\u0456\u0441\" \/>\n<meta property=\"og:description\" content=\"2011 senesi dekabr 3 k\u00fcn\u00fc Zaporojye vil\u00e2yetini\u00f1 Melitopol \u015feerinde &#8220;Vatan asretligi\u2026 Melitopoldeki q\u0131r\u0131mtatarlarn\u0131\u00f1 taqdiri&#8221; kitab\u0131n\u0131\u00f1 taqdimnamesi \u00f6tkerildi. Bu kitap Minever \u0130drisova ( tertip\u00e7i), G\u00fclnara Bekirova (kiri\u015f s\u00f6z\u00fcni\u00f1 m\u00fcellifi ve muarrir), Ediye M\u00fcslimova (na\u015fir)n\u0131\u00f1 \u00e7oqy\u0131ll\u0131q semereli emeklerini\u00f1 mahsul\u0131d\u0131r. Melitopolde ya\u015fa\u011fan 100-den ziyade q\u0131r\u0131mtatar aileleri, facial\u0131 taqdirler aqq\u0131nda ik\u00e2yelerden ibaret k\u00f6lemli kitapta ilk sefer Melitopol ve on\u0131\u00f1 [&hellip;]\" \/>\n<meta property=\"og:url\" content=\"https:\/\/qtmm.org\/qt\/melitopolde-vatan-asretligi-kitabi-taqdim-etildi\/\" \/>\n<meta property=\"og:site_name\" content=\"\u041c\u0435\u0434\u0436\u043b\u0456\u0441\" \/>\n<meta property=\"article:publisher\" content=\"https:\/\/www.facebook.com\/qtmm.info\/\" \/>\n<meta property=\"article:published_time\" content=\"2011-12-04T19:35:00+00:00\" \/>\n<meta property=\"article:modified_time\" content=\"2022-01-19T19:37:33+00:00\" \/>\n<meta property=\"og:image\" content=\"https:\/\/qtmm.org\/wp-content\/uploads\/2022\/01\/4ede01dc08751.jpeg\" \/>\n\t<meta property=\"og:image:width\" content=\"640\" \/>\n\t<meta property=\"og:image:height\" content=\"480\" \/>\n\t<meta property=\"og:image:type\" content=\"image\/jpeg\" \/>\n<meta name=\"author\" content=\"Developer\" \/>\n<meta name=\"twitter:card\" content=\"summary_large_image\" \/>\n<meta name=\"twitter:label1\" content=\"Written by\" \/>\n\t<meta name=\"twitter:data1\" content=\"Developer\" \/>\n\t<meta name=\"twitter:label2\" content=\"Est. reading time\" \/>\n\t<meta name=\"twitter:data2\" content=\"2 minutes\" \/>\n<script type=\"application\/ld+json\" class=\"yoast-schema-graph\">{\"@context\":\"https:\\\/\\\/schema.org\",\"@graph\":[{\"@type\":\"Article\",\"@id\":\"https:\\\/\\\/qtmm.org\\\/qt\\\/melitopolde-vatan-asretligi-kitabi-taqdim-etildi\\\/#article\",\"isPartOf\":{\"@id\":\"https:\\\/\\\/qtmm.org\\\/qt\\\/melitopolde-vatan-asretligi-kitabi-taqdim-etildi\\\/\"},\"author\":{\"name\":\"Developer\",\"@id\":\"https:\\\/\\\/qtmm.org\\\/qt\\\/#\\\/schema\\\/person\\\/de562469f971dec226ac06e60bbf74a7\"},\"headline\":\"Melitopolde \u00abVatan asretligi\u00bb kitab\u0131 taqdim etildi\",\"datePublished\":\"2011-12-04T19:35:00+00:00\",\"dateModified\":\"2022-01-19T19:37:33+00:00\",\"mainEntityOfPage\":{\"@id\":\"https:\\\/\\\/qtmm.org\\\/qt\\\/melitopolde-vatan-asretligi-kitabi-taqdim-etildi\\\/\"},\"wordCount\":321,\"commentCount\":0,\"publisher\":{\"@id\":\"https:\\\/\\\/qtmm.org\\\/qt\\\/#organization\"},\"image\":{\"@id\":\"https:\\\/\\\/qtmm.org\\\/qt\\\/melitopolde-vatan-asretligi-kitabi-taqdim-etildi\\\/#primaryimage\"},\"thumbnailUrl\":\"https:\\\/\\\/qtmm.org\\\/wp-content\\\/uploads\\\/2022\\\/01\\\/4ede01dc08751.jpeg\",\"articleSection\":[\"Haberler\"],\"inLanguage\":\"qt\",\"potentialAction\":[{\"@type\":\"CommentAction\",\"name\":\"Comment\",\"target\":[\"https:\\\/\\\/qtmm.org\\\/qt\\\/melitopolde-vatan-asretligi-kitabi-taqdim-etildi\\\/#respond\"]}]},{\"@type\":\"WebPage\",\"@id\":\"https:\\\/\\\/qtmm.org\\\/qt\\\/melitopolde-vatan-asretligi-kitabi-taqdim-etildi\\\/\",\"url\":\"https:\\\/\\\/qtmm.org\\\/qt\\\/melitopolde-vatan-asretligi-kitabi-taqdim-etildi\\\/\",\"name\":\"Melitopolde \u00abVatan asretligi\u00bb kitab\u0131 taqdim etildi - \u041c\u0435\u0434\u0436\u043b\u0456\u0441\",\"isPartOf\":{\"@id\":\"https:\\\/\\\/qtmm.org\\\/qt\\\/#website\"},\"primaryImageOfPage\":{\"@id\":\"https:\\\/\\\/qtmm.org\\\/qt\\\/melitopolde-vatan-asretligi-kitabi-taqdim-etildi\\\/#primaryimage\"},\"image\":{\"@id\":\"https:\\\/\\\/qtmm.org\\\/qt\\\/melitopolde-vatan-asretligi-kitabi-taqdim-etildi\\\/#primaryimage\"},\"thumbnailUrl\":\"https:\\\/\\\/qtmm.org\\\/wp-content\\\/uploads\\\/2022\\\/01\\\/4ede01dc08751.jpeg\",\"datePublished\":\"2011-12-04T19:35:00+00:00\",\"dateModified\":\"2022-01-19T19:37:33+00:00\",\"breadcrumb\":{\"@id\":\"https:\\\/\\\/qtmm.org\\\/qt\\\/melitopolde-vatan-asretligi-kitabi-taqdim-etildi\\\/#breadcrumb\"},\"inLanguage\":\"qt\",\"potentialAction\":[{\"@type\":\"ReadAction\",\"target\":[\"https:\\\/\\\/qtmm.org\\\/qt\\\/melitopolde-vatan-asretligi-kitabi-taqdim-etildi\\\/\"]}]},{\"@type\":\"ImageObject\",\"inLanguage\":\"qt\",\"@id\":\"https:\\\/\\\/qtmm.org\\\/qt\\\/melitopolde-vatan-asretligi-kitabi-taqdim-etildi\\\/#primaryimage\",\"url\":\"https:\\\/\\\/qtmm.org\\\/wp-content\\\/uploads\\\/2022\\\/01\\\/4ede01dc08751.jpeg\",\"contentUrl\":\"https:\\\/\\\/qtmm.org\\\/wp-content\\\/uploads\\\/2022\\\/01\\\/4ede01dc08751.jpeg\",\"width\":640,\"height\":480},{\"@type\":\"BreadcrumbList\",\"@id\":\"https:\\\/\\\/qtmm.org\\\/qt\\\/melitopolde-vatan-asretligi-kitabi-taqdim-etildi\\\/#breadcrumb\",\"itemListElement\":[{\"@type\":\"ListItem\",\"position\":1,\"name\":\"\u0413\u043e\u043b\u043e\u0432\u043d\u0430\",\"item\":\"https:\\\/\\\/qtmm.org\\\/qt\\\/\"},{\"@type\":\"ListItem\",\"position\":2,\"name\":\"Melitopolde \u00abVatan asretligi\u00bb kitab\u0131 taqdim etildi\"}]},{\"@type\":\"WebSite\",\"@id\":\"https:\\\/\\\/qtmm.org\\\/qt\\\/#website\",\"url\":\"https:\\\/\\\/qtmm.org\\\/qt\\\/\",\"name\":\"\u041c\u0435\u0434\u0436\u043b\u0456\u0441\",\"description\":\"\",\"publisher\":{\"@id\":\"https:\\\/\\\/qtmm.org\\\/qt\\\/#organization\"},\"potentialAction\":[{\"@type\":\"SearchAction\",\"target\":{\"@type\":\"EntryPoint\",\"urlTemplate\":\"https:\\\/\\\/qtmm.org\\\/qt\\\/?s={search_term_string}\"},\"query-input\":{\"@type\":\"PropertyValueSpecification\",\"valueRequired\":true,\"valueName\":\"search_term_string\"}}],\"inLanguage\":\"qt\"},{\"@type\":\"Organization\",\"@id\":\"https:\\\/\\\/qtmm.org\\\/qt\\\/#organization\",\"name\":\"\u041c\u0435\u0434\u0436\u043b\u0456\u0441\",\"url\":\"https:\\\/\\\/qtmm.org\\\/qt\\\/\",\"logo\":{\"@type\":\"ImageObject\",\"inLanguage\":\"qt\",\"@id\":\"https:\\\/\\\/qtmm.org\\\/qt\\\/#\\\/schema\\\/logo\\\/image\\\/\",\"url\":\"https:\\\/\\\/qtmm.org\\\/wp-content\\\/uploads\\\/2024\\\/12\\\/ua-mejlis-logo-rgb.svg\",\"contentUrl\":\"https:\\\/\\\/qtmm.org\\\/wp-content\\\/uploads\\\/2024\\\/12\\\/ua-mejlis-logo-rgb.svg\",\"caption\":\"\u041c\u0435\u0434\u0436\u043b\u0456\u0441\"},\"image\":{\"@id\":\"https:\\\/\\\/qtmm.org\\\/qt\\\/#\\\/schema\\\/logo\\\/image\\\/\"},\"sameAs\":[\"https:\\\/\\\/www.facebook.com\\\/qtmm.info\\\/\"]},{\"@type\":\"Person\",\"@id\":\"https:\\\/\\\/qtmm.org\\\/qt\\\/#\\\/schema\\\/person\\\/de562469f971dec226ac06e60bbf74a7\",\"name\":\"Developer\",\"image\":{\"@type\":\"ImageObject\",\"inLanguage\":\"qt\",\"@id\":\"https:\\\/\\\/secure.gravatar.com\\\/avatar\\\/392b4cc8fbfeb00b39dfeeab4ee6edded39ffd48e25858637e4765810300227e?s=96&d=mm&r=g\",\"url\":\"https:\\\/\\\/secure.gravatar.com\\\/avatar\\\/392b4cc8fbfeb00b39dfeeab4ee6edded39ffd48e25858637e4765810300227e?s=96&d=mm&r=g\",\"contentUrl\":\"https:\\\/\\\/secure.gravatar.com\\\/avatar\\\/392b4cc8fbfeb00b39dfeeab4ee6edded39ffd48e25858637e4765810300227e?s=96&d=mm&r=g\",\"caption\":\"Developer\"},\"url\":\"https:\\\/\\\/qtmm.org\\\/qt\\\/author\\\/Developer\\\/\"}]}<\/script>\n<!-- \/ Yoast SEO plugin. -->","yoast_head_json":{"title":"Melitopolde \u00abVatan asretligi\u00bb kitab\u0131 taqdim etildi - \u041c\u0435\u0434\u0436\u043b\u0456\u0441","robots":{"index":"index","follow":"follow","max-snippet":"max-snippet:-1","max-image-preview":"max-image-preview:large","max-video-preview":"max-video-preview:-1"},"canonical":"https:\/\/qtmm.org\/qt\/melitopolde-vatan-asretligi-kitabi-taqdim-etildi\/","og_locale":"en_US","og_type":"article","og_title":"Melitopolde \u00abVatan asretligi\u00bb kitab\u0131 taqdim etildi - \u041c\u0435\u0434\u0436\u043b\u0456\u0441","og_description":"2011 senesi dekabr 3 k\u00fcn\u00fc Zaporojye vil\u00e2yetini\u00f1 Melitopol \u015feerinde &#8220;Vatan asretligi\u2026 Melitopoldeki q\u0131r\u0131mtatarlarn\u0131\u00f1 taqdiri&#8221; kitab\u0131n\u0131\u00f1 taqdimnamesi \u00f6tkerildi. Bu kitap Minever \u0130drisova ( tertip\u00e7i), G\u00fclnara Bekirova (kiri\u015f s\u00f6z\u00fcni\u00f1 m\u00fcellifi ve muarrir), Ediye M\u00fcslimova (na\u015fir)n\u0131\u00f1 \u00e7oqy\u0131ll\u0131q semereli emeklerini\u00f1 mahsul\u0131d\u0131r. Melitopolde ya\u015fa\u011fan 100-den ziyade q\u0131r\u0131mtatar aileleri, facial\u0131 taqdirler aqq\u0131nda ik\u00e2yelerden ibaret k\u00f6lemli kitapta ilk sefer Melitopol ve on\u0131\u00f1 [&hellip;]","og_url":"https:\/\/qtmm.org\/qt\/melitopolde-vatan-asretligi-kitabi-taqdim-etildi\/","og_site_name":"\u041c\u0435\u0434\u0436\u043b\u0456\u0441","article_publisher":"https:\/\/www.facebook.com\/qtmm.info\/","article_published_time":"2011-12-04T19:35:00+00:00","article_modified_time":"2022-01-19T19:37:33+00:00","og_image":[{"width":640,"height":480,"url":"https:\/\/qtmm.org\/wp-content\/uploads\/2022\/01\/4ede01dc08751.jpeg","type":"image\/jpeg"}],"author":"Developer","twitter_card":"summary_large_image","twitter_misc":{"Written by":"Developer","Est. reading time":"2 minutes"},"schema":{"@context":"https:\/\/schema.org","@graph":[{"@type":"Article","@id":"https:\/\/qtmm.org\/qt\/melitopolde-vatan-asretligi-kitabi-taqdim-etildi\/#article","isPartOf":{"@id":"https:\/\/qtmm.org\/qt\/melitopolde-vatan-asretligi-kitabi-taqdim-etildi\/"},"author":{"name":"Developer","@id":"https:\/\/qtmm.org\/qt\/#\/schema\/person\/de562469f971dec226ac06e60bbf74a7"},"headline":"Melitopolde \u00abVatan asretligi\u00bb kitab\u0131 taqdim etildi","datePublished":"2011-12-04T19:35:00+00:00","dateModified":"2022-01-19T19:37:33+00:00","mainEntityOfPage":{"@id":"https:\/\/qtmm.org\/qt\/melitopolde-vatan-asretligi-kitabi-taqdim-etildi\/"},"wordCount":321,"commentCount":0,"publisher":{"@id":"https:\/\/qtmm.org\/qt\/#organization"},"image":{"@id":"https:\/\/qtmm.org\/qt\/melitopolde-vatan-asretligi-kitabi-taqdim-etildi\/#primaryimage"},"thumbnailUrl":"https:\/\/qtmm.org\/wp-content\/uploads\/2022\/01\/4ede01dc08751.jpeg","articleSection":["Haberler"],"inLanguage":"qt","potentialAction":[{"@type":"CommentAction","name":"Comment","target":["https:\/\/qtmm.org\/qt\/melitopolde-vatan-asretligi-kitabi-taqdim-etildi\/#respond"]}]},{"@type":"WebPage","@id":"https:\/\/qtmm.org\/qt\/melitopolde-vatan-asretligi-kitabi-taqdim-etildi\/","url":"https:\/\/qtmm.org\/qt\/melitopolde-vatan-asretligi-kitabi-taqdim-etildi\/","name":"Melitopolde \u00abVatan asretligi\u00bb kitab\u0131 taqdim etildi - \u041c\u0435\u0434\u0436\u043b\u0456\u0441","isPartOf":{"@id":"https:\/\/qtmm.org\/qt\/#website"},"primaryImageOfPage":{"@id":"https:\/\/qtmm.org\/qt\/melitopolde-vatan-asretligi-kitabi-taqdim-etildi\/#primaryimage"},"image":{"@id":"https:\/\/qtmm.org\/qt\/melitopolde-vatan-asretligi-kitabi-taqdim-etildi\/#primaryimage"},"thumbnailUrl":"https:\/\/qtmm.org\/wp-content\/uploads\/2022\/01\/4ede01dc08751.jpeg","datePublished":"2011-12-04T19:35:00+00:00","dateModified":"2022-01-19T19:37:33+00:00","breadcrumb":{"@id":"https:\/\/qtmm.org\/qt\/melitopolde-vatan-asretligi-kitabi-taqdim-etildi\/#breadcrumb"},"inLanguage":"qt","potentialAction":[{"@type":"ReadAction","target":["https:\/\/qtmm.org\/qt\/melitopolde-vatan-asretligi-kitabi-taqdim-etildi\/"]}]},{"@type":"ImageObject","inLanguage":"qt","@id":"https:\/\/qtmm.org\/qt\/melitopolde-vatan-asretligi-kitabi-taqdim-etildi\/#primaryimage","url":"https:\/\/qtmm.org\/wp-content\/uploads\/2022\/01\/4ede01dc08751.jpeg","contentUrl":"https:\/\/qtmm.org\/wp-content\/uploads\/2022\/01\/4ede01dc08751.jpeg","width":640,"height":480},{"@type":"BreadcrumbList","@id":"https:\/\/qtmm.org\/qt\/melitopolde-vatan-asretligi-kitabi-taqdim-etildi\/#breadcrumb","itemListElement":[{"@type":"ListItem","position":1,"name":"\u0413\u043e\u043b\u043e\u0432\u043d\u0430","item":"https:\/\/qtmm.org\/qt\/"},{"@type":"ListItem","position":2,"name":"Melitopolde \u00abVatan asretligi\u00bb kitab\u0131 taqdim etildi"}]},{"@type":"WebSite","@id":"https:\/\/qtmm.org\/qt\/#website","url":"https:\/\/qtmm.org\/qt\/","name":"\u041c\u0435\u0434\u0436\u043b\u0456\u0441","description":"","publisher":{"@id":"https:\/\/qtmm.org\/qt\/#organization"},"potentialAction":[{"@type":"SearchAction","target":{"@type":"EntryPoint","urlTemplate":"https:\/\/qtmm.org\/qt\/?s={search_term_string}"},"query-input":{"@type":"PropertyValueSpecification","valueRequired":true,"valueName":"search_term_string"}}],"inLanguage":"qt"},{"@type":"Organization","@id":"https:\/\/qtmm.org\/qt\/#organization","name":"\u041c\u0435\u0434\u0436\u043b\u0456\u0441","url":"https:\/\/qtmm.org\/qt\/","logo":{"@type":"ImageObject","inLanguage":"qt","@id":"https:\/\/qtmm.org\/qt\/#\/schema\/logo\/image\/","url":"https:\/\/qtmm.org\/wp-content\/uploads\/2024\/12\/ua-mejlis-logo-rgb.svg","contentUrl":"https:\/\/qtmm.org\/wp-content\/uploads\/2024\/12\/ua-mejlis-logo-rgb.svg","caption":"\u041c\u0435\u0434\u0436\u043b\u0456\u0441"},"image":{"@id":"https:\/\/qtmm.org\/qt\/#\/schema\/logo\/image\/"},"sameAs":["https:\/\/www.facebook.com\/qtmm.info\/"]},{"@type":"Person","@id":"https:\/\/qtmm.org\/qt\/#\/schema\/person\/de562469f971dec226ac06e60bbf74a7","name":"Developer","image":{"@type":"ImageObject","inLanguage":"qt","@id":"https:\/\/secure.gravatar.com\/avatar\/392b4cc8fbfeb00b39dfeeab4ee6edded39ffd48e25858637e4765810300227e?s=96&d=mm&r=g","url":"https:\/\/secure.gravatar.com\/avatar\/392b4cc8fbfeb00b39dfeeab4ee6edded39ffd48e25858637e4765810300227e?s=96&d=mm&r=g","contentUrl":"https:\/\/secure.gravatar.com\/avatar\/392b4cc8fbfeb00b39dfeeab4ee6edded39ffd48e25858637e4765810300227e?s=96&d=mm&r=g","caption":"Developer"},"url":"https:\/\/qtmm.org\/qt\/author\/Developer\/"}]}},"_links":{"self":[{"href":"https:\/\/qtmm.org\/qt\/wp-json\/wp\/v2\/posts\/27417","targetHints":{"allow":["GET"]}}],"collection":[{"href":"https:\/\/qtmm.org\/qt\/wp-json\/wp\/v2\/posts"}],"about":[{"href":"https:\/\/qtmm.org\/qt\/wp-json\/wp\/v2\/types\/post"}],"author":[{"embeddable":true,"href":"https:\/\/qtmm.org\/qt\/wp-json\/wp\/v2\/users\/1"}],"replies":[{"embeddable":true,"href":"https:\/\/qtmm.org\/qt\/wp-json\/wp\/v2\/comments?post=27417"}],"version-history":[{"count":1,"href":"https:\/\/qtmm.org\/qt\/wp-json\/wp\/v2\/posts\/27417\/revisions"}],"predecessor-version":[{"id":27442,"href":"https:\/\/qtmm.org\/qt\/wp-json\/wp\/v2\/posts\/27417\/revisions\/27442"}],"wp:featuredmedia":[{"embeddable":true,"href":"https:\/\/qtmm.org\/qt\/wp-json\/wp\/v2\/media\/27426"}],"wp:attachment":[{"href":"https:\/\/qtmm.org\/qt\/wp-json\/wp\/v2\/media?parent=27417"}],"wp:term":[{"taxonomy":"category","embeddable":true,"href":"https:\/\/qtmm.org\/qt\/wp-json\/wp\/v2\/categories?post=27417"},{"taxonomy":"post_tag","embeddable":true,"href":"https:\/\/qtmm.org\/qt\/wp-json\/wp\/v2\/tags?post=27417"}],"curies":[{"name":"wp","href":"https:\/\/api.w.org\/{rel}","templated":true}]}}