




{"id":27231,"date":"2011-11-30T22:25:00","date_gmt":"2011-11-30T19:25:00","guid":{"rendered":"http:\/\/qtmm.org\/?p=27231"},"modified":"2022-01-19T22:27:29","modified_gmt":"2022-01-19T19:27:29","slug":"halqara-forumni-otkeruv-gayesi-yani-basqicqa-kecti","status":"publish","type":"post","link":"https:\/\/qtmm.org\/qt\/halqara-forumni-otkeruv-gayesi-yani-basqicqa-kecti\/","title":{"rendered":"Halqara forumn\u0131 \u00f6tker\u00fcv \u011fayesi ya\u00f1\u0131 basq\u0131\u00e7qa ke\u00e7ti"},"content":{"rendered":"\n<p>Belli ki, Q\u0131r\u0131mtatar halq\u0131 Meclisini\u00f1 Q\u0131r\u0131mtatar halq\u0131n\u0131\u00f1 \u00f6z Vatan\u0131nda aq-uquqlar\u0131n\u0131 \u011fayr\u0131dan tiklev, Ukrainada on\u0131\u00f1 tel\u00fckesizligini ve inki\u015faf\u0131n\u0131 teminlev boyunca halqara forum ke\u00e7ir\u00fcv te\u015febb\u00fcsi Q\u0131r\u0131mtatar halq\u0131 5-nci \u00e7a\u011f\u0131r\u0131l\u0131\u015f Qurultay\u0131n\u0131\u00f1 \u00fc\u00e7\u00fcnci sessiyas\u0131nda (2010 senesi avgust 29)delegatlar taraf\u0131ndan da maqullenip, Ukraina aza old\u0131\u011f\u0131 bir \u00e7oq halqara ve Avropa te\u015fkil\u00e2tlar\u0131n\u0131\u00f1, bun\u0131\u00f1 kibi de Ukrainada akkreditatsiya yap\u0131l\u011fan Avropa Birligi devletlerini\u00f1 toluvek\u00e2letli temsilcilerini\u00f1 de qoltutuv\u0131na nail old\u0131. Bu, Q\u0131r\u0131mtatar halq\u0131 Meclisini\u00f1 reberleri ve b\u00f6l\u00fckleri olacaq Halqara forumn\u0131\u00f1 maqsadlar\u0131 ve vazifelerini a\u00f1latuv boyunca al\u0131p bar\u011fan \u015fekil ceetinden \u00e7e\u015fit-t\u00fcrl\u00fc ve muntazam i\u015fini\u00f1 neticesidir<\/p>\n\n\n\n<p>Bug\u00fcnde-bug\u00fcn endi \u015fun\u0131 qayd etmek m\u00fcmk\u00fcn ki, Q\u0131r\u0131mtatar halq\u0131 Meclisi yolba\u015f\u00e7\u0131lar\u0131n\u0131\u00f1 Birle\u015fken Milletler Te\u015fkil\u00e2t\u0131 ihtisasla\u015fqan idarelerni\u00f1 reberleri, Avropa Ke\u00f1e\u015fini\u00f1 vazifedar adamlar\u0131, bir s\u0131ra devletlerni\u00f1 Ukrainada akkreditatsiya etilgen Vefqulade ve Toluvek\u00e2letli el\u00e7ilerinen 2010-2011 senesi devam\u0131nda \u00f6tkerilgen \u00e7oqtan-\u00e7oq k\u00f6r\u00fc\u015f\u00fcvler \u00f6z neticelerini berip ba\u015flad\u0131 ve Halqara forumn\u0131 ke\u00e7ir\u00fcv \u011fayesi ya\u00f1\u0131 basamaqqa k\u00f6terildi. Forum\u011fa ameliy az\u0131rl\u0131q ba\u015fland\u0131<\/p>\n\n\n\n<p>2011 senesi noyabr 29 k\u00fcn\u00fc Q\u0131r\u0131mtatar halq\u0131 Meclisini\u00f1 reisi Mustafa Cemilevni\u00f1 ad\u0131na Keni\u015flet\u00fcv ve Avropa eyiqom\u015fuc\u0131l\u0131q siyaseti meseleleri boyunca Avropa Birligini\u00f1 Komissar\u0131 cenap \u015etefan F\u00fcleden kelgen mekt\u00fcpte c\u00fcmleden b\u00f6yle denile: &#8220;Q\u0131r\u0131mtatar halq\u0131n\u0131\u00f1 \u00f6z Vatan\u0131nda aq-uquqlar\u0131n\u0131 \u011fayr\u0131dan tiklev boyunca halqara forum ke\u00e7ir\u00fcv te\u015febb\u00fcsini samimiy qar\u015f\u0131la\u011fan\u0131m\u0131z alda, Yalta Avropa strategiyas\u0131 sammitindeki k\u00f6r\u00fc\u015f\u00fcvimizni\u00f1 neticelerinen memn\u00fcn ol\u011fan\u0131mn\u0131 bildirem&#8221;. Bun\u0131\u00f1 kibi de mekt\u00fcpte &#8220;insan aqlar\u0131n\u0131, \u015fu c\u00fcmleden azl\u0131qlarn\u0131\u00f1 da uquqlar\u0131n\u0131, \u00fcrmet etmek Avropa Birligi faaliyetini\u00f1 ba\u015f y\u00f6neli\u015fi&#8221; ol\u011fan\u0131 ve Avropa Birligi BMT, Avropa \u015euras\u0131 ve \u00d6BSE ile birlikte \u00e7al\u0131\u015fmaqn\u0131 devam etip, q\u0131r\u0131mtatar halq\u0131 \u00f6g\u00fcndeki meselelerni\u00f1 \u00e7ezilmesine qoltutaca\u011f\u0131 qayd etile.<\/p>\n\n\n\n<p>Mekt\u00fcbini\u00f1 so\u00f1unda Keni\u015flet\u00fcv ve Avropa eyiqom\u015fuc\u0131l\u0131q siyaseti meseleleri boyunca Avropa Birligini\u00f1 Komissar\u0131 cenap \u015etefan F\u00fcle Q\u0131r\u0131mtatar halq\u0131 Meclisini\u00f1 reisi Mustafa Cemilevni Avropa Birligi ileride de bu meseleni Ukraina akimlerinen k\u00f6r\u00fc\u015f\u00fcvlerinde k\u00f6terecegini i\u015fand\u0131r\u0131p, Halqara forum\u011fa az\u0131rl\u0131qta muvafaqiyet tiledi.<\/p>\n","protected":false},"excerpt":{"rendered":"<p>Belli ki, Q\u0131r\u0131mtatar halq\u0131 Meclisini\u00f1 Q\u0131r\u0131mtatar halq\u0131n\u0131\u00f1 \u00f6z Vatan\u0131nda aq-uquqlar\u0131n\u0131 \u011fayr\u0131dan tiklev, Ukrainada on\u0131\u00f1 tel\u00fckesizligini ve inki\u015faf\u0131n\u0131 teminlev boyunca halqara forum ke\u00e7ir\u00fcv te\u015febb\u00fcsi Q\u0131r\u0131mtatar halq\u0131 5-nci \u00e7a\u011f\u0131r\u0131l\u0131\u015f Qurultay\u0131n\u0131\u00f1 \u00fc\u00e7\u00fcnci sessiyas\u0131nda (2010 senesi avgust 29)delegatlar taraf\u0131ndan da maqullenip, Ukraina aza old\u0131\u011f\u0131 bir \u00e7oq halqara ve Avropa te\u015fkil\u00e2tlar\u0131n\u0131\u00f1, bun\u0131\u00f1 kibi de Ukrainada akkreditatsiya yap\u0131l\u011fan Avropa Birligi devletlerini\u00f1 [&hellip;]<\/p>\n","protected":false},"author":1,"featured_media":0,"comment_status":"open","ping_status":"open","sticky":false,"template":"","format":"standard","meta":{"inline_featured_image":false,"footnotes":""},"categories":[265],"tags":[],"class_list":["post-27231","post","type-post","status-publish","format-standard","hentry","category-haberler"],"acf":[],"yoast_head":"<!-- This site is optimized with the Yoast SEO plugin v27.4 - https:\/\/yoast.com\/product\/yoast-seo-wordpress\/ -->\n<title>Halqara forumn\u0131 \u00f6tker\u00fcv \u011fayesi ya\u00f1\u0131 basq\u0131\u00e7qa ke\u00e7ti - \u041c\u0435\u0434\u0436\u043b\u0456\u0441<\/title>\n<meta name=\"robots\" content=\"index, follow, max-snippet:-1, max-image-preview:large, max-video-preview:-1\" \/>\n<link rel=\"canonical\" href=\"https:\/\/qtmm.org\/qt\/halqara-forumni-otkeruv-gayesi-yani-basqicqa-kecti\/\" \/>\n<meta property=\"og:locale\" content=\"en_US\" \/>\n<meta property=\"og:type\" content=\"article\" \/>\n<meta property=\"og:title\" content=\"Halqara forumn\u0131 \u00f6tker\u00fcv \u011fayesi ya\u00f1\u0131 basq\u0131\u00e7qa ke\u00e7ti - \u041c\u0435\u0434\u0436\u043b\u0456\u0441\" \/>\n<meta property=\"og:description\" content=\"Belli ki, Q\u0131r\u0131mtatar halq\u0131 Meclisini\u00f1 Q\u0131r\u0131mtatar halq\u0131n\u0131\u00f1 \u00f6z Vatan\u0131nda aq-uquqlar\u0131n\u0131 \u011fayr\u0131dan tiklev, Ukrainada on\u0131\u00f1 tel\u00fckesizligini ve inki\u015faf\u0131n\u0131 teminlev boyunca halqara forum ke\u00e7ir\u00fcv te\u015febb\u00fcsi Q\u0131r\u0131mtatar halq\u0131 5-nci \u00e7a\u011f\u0131r\u0131l\u0131\u015f Qurultay\u0131n\u0131\u00f1 \u00fc\u00e7\u00fcnci sessiyas\u0131nda (2010 senesi avgust 29)delegatlar taraf\u0131ndan da maqullenip, Ukraina aza old\u0131\u011f\u0131 bir \u00e7oq halqara ve Avropa te\u015fkil\u00e2tlar\u0131n\u0131\u00f1, bun\u0131\u00f1 kibi de Ukrainada akkreditatsiya yap\u0131l\u011fan Avropa Birligi devletlerini\u00f1 [&hellip;]\" \/>\n<meta property=\"og:url\" content=\"https:\/\/qtmm.org\/qt\/halqara-forumni-otkeruv-gayesi-yani-basqicqa-kecti\/\" \/>\n<meta property=\"og:site_name\" content=\"\u041c\u0435\u0434\u0436\u043b\u0456\u0441\" \/>\n<meta property=\"article:publisher\" content=\"https:\/\/www.facebook.com\/qtmm.info\/\" \/>\n<meta property=\"article:published_time\" content=\"2011-11-30T19:25:00+00:00\" \/>\n<meta property=\"article:modified_time\" content=\"2022-01-19T19:27:29+00:00\" \/>\n<meta name=\"author\" content=\"Developer\" \/>\n<meta name=\"twitter:card\" content=\"summary_large_image\" \/>\n<meta name=\"twitter:label1\" content=\"Written by\" \/>\n\t<meta name=\"twitter:data1\" content=\"Developer\" \/>\n\t<meta name=\"twitter:label2\" content=\"Est. reading time\" \/>\n\t<meta name=\"twitter:data2\" content=\"2 minutes\" \/>\n<script type=\"application\/ld+json\" class=\"yoast-schema-graph\">{\"@context\":\"https:\\\/\\\/schema.org\",\"@graph\":[{\"@type\":\"Article\",\"@id\":\"https:\\\/\\\/qtmm.org\\\/qt\\\/halqara-forumni-otkeruv-gayesi-yani-basqicqa-kecti\\\/#article\",\"isPartOf\":{\"@id\":\"https:\\\/\\\/qtmm.org\\\/qt\\\/halqara-forumni-otkeruv-gayesi-yani-basqicqa-kecti\\\/\"},\"author\":{\"name\":\"Developer\",\"@id\":\"https:\\\/\\\/qtmm.org\\\/qt\\\/#\\\/schema\\\/person\\\/de562469f971dec226ac06e60bbf74a7\"},\"headline\":\"Halqara forumn\u0131 \u00f6tker\u00fcv \u011fayesi ya\u00f1\u0131 basq\u0131\u00e7qa ke\u00e7ti\",\"datePublished\":\"2011-11-30T19:25:00+00:00\",\"dateModified\":\"2022-01-19T19:27:29+00:00\",\"mainEntityOfPage\":{\"@id\":\"https:\\\/\\\/qtmm.org\\\/qt\\\/halqara-forumni-otkeruv-gayesi-yani-basqicqa-kecti\\\/\"},\"wordCount\":407,\"commentCount\":0,\"publisher\":{\"@id\":\"https:\\\/\\\/qtmm.org\\\/qt\\\/#organization\"},\"articleSection\":[\"Haberler\"],\"inLanguage\":\"qt\",\"potentialAction\":[{\"@type\":\"CommentAction\",\"name\":\"Comment\",\"target\":[\"https:\\\/\\\/qtmm.org\\\/qt\\\/halqara-forumni-otkeruv-gayesi-yani-basqicqa-kecti\\\/#respond\"]}]},{\"@type\":\"WebPage\",\"@id\":\"https:\\\/\\\/qtmm.org\\\/qt\\\/halqara-forumni-otkeruv-gayesi-yani-basqicqa-kecti\\\/\",\"url\":\"https:\\\/\\\/qtmm.org\\\/qt\\\/halqara-forumni-otkeruv-gayesi-yani-basqicqa-kecti\\\/\",\"name\":\"Halqara forumn\u0131 \u00f6tker\u00fcv \u011fayesi ya\u00f1\u0131 basq\u0131\u00e7qa ke\u00e7ti - \u041c\u0435\u0434\u0436\u043b\u0456\u0441\",\"isPartOf\":{\"@id\":\"https:\\\/\\\/qtmm.org\\\/qt\\\/#website\"},\"datePublished\":\"2011-11-30T19:25:00+00:00\",\"dateModified\":\"2022-01-19T19:27:29+00:00\",\"breadcrumb\":{\"@id\":\"https:\\\/\\\/qtmm.org\\\/qt\\\/halqara-forumni-otkeruv-gayesi-yani-basqicqa-kecti\\\/#breadcrumb\"},\"inLanguage\":\"qt\",\"potentialAction\":[{\"@type\":\"ReadAction\",\"target\":[\"https:\\\/\\\/qtmm.org\\\/qt\\\/halqara-forumni-otkeruv-gayesi-yani-basqicqa-kecti\\\/\"]}]},{\"@type\":\"BreadcrumbList\",\"@id\":\"https:\\\/\\\/qtmm.org\\\/qt\\\/halqara-forumni-otkeruv-gayesi-yani-basqicqa-kecti\\\/#breadcrumb\",\"itemListElement\":[{\"@type\":\"ListItem\",\"position\":1,\"name\":\"\u0413\u043e\u043b\u043e\u0432\u043d\u0430\",\"item\":\"https:\\\/\\\/qtmm.org\\\/qt\\\/\"},{\"@type\":\"ListItem\",\"position\":2,\"name\":\"Halqara forumn\u0131 \u00f6tker\u00fcv \u011fayesi ya\u00f1\u0131 basq\u0131\u00e7qa ke\u00e7ti\"}]},{\"@type\":\"WebSite\",\"@id\":\"https:\\\/\\\/qtmm.org\\\/qt\\\/#website\",\"url\":\"https:\\\/\\\/qtmm.org\\\/qt\\\/\",\"name\":\"\u041c\u0435\u0434\u0436\u043b\u0456\u0441\",\"description\":\"\",\"publisher\":{\"@id\":\"https:\\\/\\\/qtmm.org\\\/qt\\\/#organization\"},\"potentialAction\":[{\"@type\":\"SearchAction\",\"target\":{\"@type\":\"EntryPoint\",\"urlTemplate\":\"https:\\\/\\\/qtmm.org\\\/qt\\\/?s={search_term_string}\"},\"query-input\":{\"@type\":\"PropertyValueSpecification\",\"valueRequired\":true,\"valueName\":\"search_term_string\"}}],\"inLanguage\":\"qt\"},{\"@type\":\"Organization\",\"@id\":\"https:\\\/\\\/qtmm.org\\\/qt\\\/#organization\",\"name\":\"\u041c\u0435\u0434\u0436\u043b\u0456\u0441\",\"url\":\"https:\\\/\\\/qtmm.org\\\/qt\\\/\",\"logo\":{\"@type\":\"ImageObject\",\"inLanguage\":\"qt\",\"@id\":\"https:\\\/\\\/qtmm.org\\\/qt\\\/#\\\/schema\\\/logo\\\/image\\\/\",\"url\":\"https:\\\/\\\/qtmm.org\\\/wp-content\\\/uploads\\\/2024\\\/12\\\/ua-mejlis-logo-rgb.svg\",\"contentUrl\":\"https:\\\/\\\/qtmm.org\\\/wp-content\\\/uploads\\\/2024\\\/12\\\/ua-mejlis-logo-rgb.svg\",\"caption\":\"\u041c\u0435\u0434\u0436\u043b\u0456\u0441\"},\"image\":{\"@id\":\"https:\\\/\\\/qtmm.org\\\/qt\\\/#\\\/schema\\\/logo\\\/image\\\/\"},\"sameAs\":[\"https:\\\/\\\/www.facebook.com\\\/qtmm.info\\\/\"]},{\"@type\":\"Person\",\"@id\":\"https:\\\/\\\/qtmm.org\\\/qt\\\/#\\\/schema\\\/person\\\/de562469f971dec226ac06e60bbf74a7\",\"name\":\"Developer\",\"image\":{\"@type\":\"ImageObject\",\"inLanguage\":\"qt\",\"@id\":\"https:\\\/\\\/secure.gravatar.com\\\/avatar\\\/392b4cc8fbfeb00b39dfeeab4ee6edded39ffd48e25858637e4765810300227e?s=96&d=mm&r=g\",\"url\":\"https:\\\/\\\/secure.gravatar.com\\\/avatar\\\/392b4cc8fbfeb00b39dfeeab4ee6edded39ffd48e25858637e4765810300227e?s=96&d=mm&r=g\",\"contentUrl\":\"https:\\\/\\\/secure.gravatar.com\\\/avatar\\\/392b4cc8fbfeb00b39dfeeab4ee6edded39ffd48e25858637e4765810300227e?s=96&d=mm&r=g\",\"caption\":\"Developer\"},\"url\":\"https:\\\/\\\/qtmm.org\\\/qt\\\/author\\\/Developer\\\/\"}]}<\/script>\n<!-- \/ Yoast SEO plugin. -->","yoast_head_json":{"title":"Halqara forumn\u0131 \u00f6tker\u00fcv \u011fayesi ya\u00f1\u0131 basq\u0131\u00e7qa ke\u00e7ti - \u041c\u0435\u0434\u0436\u043b\u0456\u0441","robots":{"index":"index","follow":"follow","max-snippet":"max-snippet:-1","max-image-preview":"max-image-preview:large","max-video-preview":"max-video-preview:-1"},"canonical":"https:\/\/qtmm.org\/qt\/halqara-forumni-otkeruv-gayesi-yani-basqicqa-kecti\/","og_locale":"en_US","og_type":"article","og_title":"Halqara forumn\u0131 \u00f6tker\u00fcv \u011fayesi ya\u00f1\u0131 basq\u0131\u00e7qa ke\u00e7ti - \u041c\u0435\u0434\u0436\u043b\u0456\u0441","og_description":"Belli ki, Q\u0131r\u0131mtatar halq\u0131 Meclisini\u00f1 Q\u0131r\u0131mtatar halq\u0131n\u0131\u00f1 \u00f6z Vatan\u0131nda aq-uquqlar\u0131n\u0131 \u011fayr\u0131dan tiklev, Ukrainada on\u0131\u00f1 tel\u00fckesizligini ve inki\u015faf\u0131n\u0131 teminlev boyunca halqara forum ke\u00e7ir\u00fcv te\u015febb\u00fcsi Q\u0131r\u0131mtatar halq\u0131 5-nci \u00e7a\u011f\u0131r\u0131l\u0131\u015f Qurultay\u0131n\u0131\u00f1 \u00fc\u00e7\u00fcnci sessiyas\u0131nda (2010 senesi avgust 29)delegatlar taraf\u0131ndan da maqullenip, Ukraina aza old\u0131\u011f\u0131 bir \u00e7oq halqara ve Avropa te\u015fkil\u00e2tlar\u0131n\u0131\u00f1, bun\u0131\u00f1 kibi de Ukrainada akkreditatsiya yap\u0131l\u011fan Avropa Birligi devletlerini\u00f1 [&hellip;]","og_url":"https:\/\/qtmm.org\/qt\/halqara-forumni-otkeruv-gayesi-yani-basqicqa-kecti\/","og_site_name":"\u041c\u0435\u0434\u0436\u043b\u0456\u0441","article_publisher":"https:\/\/www.facebook.com\/qtmm.info\/","article_published_time":"2011-11-30T19:25:00+00:00","article_modified_time":"2022-01-19T19:27:29+00:00","author":"Developer","twitter_card":"summary_large_image","twitter_misc":{"Written by":"Developer","Est. reading time":"2 minutes"},"schema":{"@context":"https:\/\/schema.org","@graph":[{"@type":"Article","@id":"https:\/\/qtmm.org\/qt\/halqara-forumni-otkeruv-gayesi-yani-basqicqa-kecti\/#article","isPartOf":{"@id":"https:\/\/qtmm.org\/qt\/halqara-forumni-otkeruv-gayesi-yani-basqicqa-kecti\/"},"author":{"name":"Developer","@id":"https:\/\/qtmm.org\/qt\/#\/schema\/person\/de562469f971dec226ac06e60bbf74a7"},"headline":"Halqara forumn\u0131 \u00f6tker\u00fcv \u011fayesi ya\u00f1\u0131 basq\u0131\u00e7qa ke\u00e7ti","datePublished":"2011-11-30T19:25:00+00:00","dateModified":"2022-01-19T19:27:29+00:00","mainEntityOfPage":{"@id":"https:\/\/qtmm.org\/qt\/halqara-forumni-otkeruv-gayesi-yani-basqicqa-kecti\/"},"wordCount":407,"commentCount":0,"publisher":{"@id":"https:\/\/qtmm.org\/qt\/#organization"},"articleSection":["Haberler"],"inLanguage":"qt","potentialAction":[{"@type":"CommentAction","name":"Comment","target":["https:\/\/qtmm.org\/qt\/halqara-forumni-otkeruv-gayesi-yani-basqicqa-kecti\/#respond"]}]},{"@type":"WebPage","@id":"https:\/\/qtmm.org\/qt\/halqara-forumni-otkeruv-gayesi-yani-basqicqa-kecti\/","url":"https:\/\/qtmm.org\/qt\/halqara-forumni-otkeruv-gayesi-yani-basqicqa-kecti\/","name":"Halqara forumn\u0131 \u00f6tker\u00fcv \u011fayesi ya\u00f1\u0131 basq\u0131\u00e7qa ke\u00e7ti - \u041c\u0435\u0434\u0436\u043b\u0456\u0441","isPartOf":{"@id":"https:\/\/qtmm.org\/qt\/#website"},"datePublished":"2011-11-30T19:25:00+00:00","dateModified":"2022-01-19T19:27:29+00:00","breadcrumb":{"@id":"https:\/\/qtmm.org\/qt\/halqara-forumni-otkeruv-gayesi-yani-basqicqa-kecti\/#breadcrumb"},"inLanguage":"qt","potentialAction":[{"@type":"ReadAction","target":["https:\/\/qtmm.org\/qt\/halqara-forumni-otkeruv-gayesi-yani-basqicqa-kecti\/"]}]},{"@type":"BreadcrumbList","@id":"https:\/\/qtmm.org\/qt\/halqara-forumni-otkeruv-gayesi-yani-basqicqa-kecti\/#breadcrumb","itemListElement":[{"@type":"ListItem","position":1,"name":"\u0413\u043e\u043b\u043e\u0432\u043d\u0430","item":"https:\/\/qtmm.org\/qt\/"},{"@type":"ListItem","position":2,"name":"Halqara forumn\u0131 \u00f6tker\u00fcv \u011fayesi ya\u00f1\u0131 basq\u0131\u00e7qa ke\u00e7ti"}]},{"@type":"WebSite","@id":"https:\/\/qtmm.org\/qt\/#website","url":"https:\/\/qtmm.org\/qt\/","name":"\u041c\u0435\u0434\u0436\u043b\u0456\u0441","description":"","publisher":{"@id":"https:\/\/qtmm.org\/qt\/#organization"},"potentialAction":[{"@type":"SearchAction","target":{"@type":"EntryPoint","urlTemplate":"https:\/\/qtmm.org\/qt\/?s={search_term_string}"},"query-input":{"@type":"PropertyValueSpecification","valueRequired":true,"valueName":"search_term_string"}}],"inLanguage":"qt"},{"@type":"Organization","@id":"https:\/\/qtmm.org\/qt\/#organization","name":"\u041c\u0435\u0434\u0436\u043b\u0456\u0441","url":"https:\/\/qtmm.org\/qt\/","logo":{"@type":"ImageObject","inLanguage":"qt","@id":"https:\/\/qtmm.org\/qt\/#\/schema\/logo\/image\/","url":"https:\/\/qtmm.org\/wp-content\/uploads\/2024\/12\/ua-mejlis-logo-rgb.svg","contentUrl":"https:\/\/qtmm.org\/wp-content\/uploads\/2024\/12\/ua-mejlis-logo-rgb.svg","caption":"\u041c\u0435\u0434\u0436\u043b\u0456\u0441"},"image":{"@id":"https:\/\/qtmm.org\/qt\/#\/schema\/logo\/image\/"},"sameAs":["https:\/\/www.facebook.com\/qtmm.info\/"]},{"@type":"Person","@id":"https:\/\/qtmm.org\/qt\/#\/schema\/person\/de562469f971dec226ac06e60bbf74a7","name":"Developer","image":{"@type":"ImageObject","inLanguage":"qt","@id":"https:\/\/secure.gravatar.com\/avatar\/392b4cc8fbfeb00b39dfeeab4ee6edded39ffd48e25858637e4765810300227e?s=96&d=mm&r=g","url":"https:\/\/secure.gravatar.com\/avatar\/392b4cc8fbfeb00b39dfeeab4ee6edded39ffd48e25858637e4765810300227e?s=96&d=mm&r=g","contentUrl":"https:\/\/secure.gravatar.com\/avatar\/392b4cc8fbfeb00b39dfeeab4ee6edded39ffd48e25858637e4765810300227e?s=96&d=mm&r=g","caption":"Developer"},"url":"https:\/\/qtmm.org\/qt\/author\/Developer\/"}]}},"_links":{"self":[{"href":"https:\/\/qtmm.org\/qt\/wp-json\/wp\/v2\/posts\/27231","targetHints":{"allow":["GET"]}}],"collection":[{"href":"https:\/\/qtmm.org\/qt\/wp-json\/wp\/v2\/posts"}],"about":[{"href":"https:\/\/qtmm.org\/qt\/wp-json\/wp\/v2\/types\/post"}],"author":[{"embeddable":true,"href":"https:\/\/qtmm.org\/qt\/wp-json\/wp\/v2\/users\/1"}],"replies":[{"embeddable":true,"href":"https:\/\/qtmm.org\/qt\/wp-json\/wp\/v2\/comments?post=27231"}],"version-history":[{"count":1,"href":"https:\/\/qtmm.org\/qt\/wp-json\/wp\/v2\/posts\/27231\/revisions"}],"predecessor-version":[{"id":27232,"href":"https:\/\/qtmm.org\/qt\/wp-json\/wp\/v2\/posts\/27231\/revisions\/27232"}],"wp:attachment":[{"href":"https:\/\/qtmm.org\/qt\/wp-json\/wp\/v2\/media?parent=27231"}],"wp:term":[{"taxonomy":"category","embeddable":true,"href":"https:\/\/qtmm.org\/qt\/wp-json\/wp\/v2\/categories?post=27231"},{"taxonomy":"post_tag","embeddable":true,"href":"https:\/\/qtmm.org\/qt\/wp-json\/wp\/v2\/tags?post=27231"}],"curies":[{"name":"wp","href":"https:\/\/api.w.org\/{rel}","templated":true}]}}