




{"id":27229,"date":"2011-11-29T22:17:00","date_gmt":"2011-11-29T19:17:00","guid":{"rendered":"http:\/\/qtmm.org\/?p=27229"},"modified":"2022-01-19T22:25:33","modified_gmt":"2022-01-19T19:25:33","slug":"meclisni-parcalav-cetelli-muhsus-hizmetlerinin-qirimda-ukumranliq-icun-kuresuvnin-usuli","status":"publish","type":"post","link":"https:\/\/qtmm.org\/qt\/meclisni-parcalav-cetelli-muhsus-hizmetlerinin-qirimda-ukumranliq-icun-kuresuvnin-usuli\/","title":{"rendered":"Meclisni par\u00e7alav \u00e7etelli muhsus h\u0131zmetlerini\u00f1 Q\u0131r\u0131mda \u00fck\u00fcmranl\u0131q i\u00e7\u00fcn k\u00fcre\u015f\u00fcvni\u00f1 usul\u0131"},"content":{"rendered":"\n<p>21 noyabr k\u00fcn\u00fc Aqmescitte q\u0131r\u0131mtatar teatri \u00f6g\u00fcnde &#8220;Novoye pokoleniye \u2013 Kr\u0131m&#8221;, &#8220;Sebat&#8221; ve &#8220;Milli Firka&#8221;.cemaat te\u015fkil\u00e2tlar\u0131n\u0131\u00f1 birlikte az\u0131rla\u011fan mitingi ol\u0131p ke\u00e7ti. Tedbir te\u015febb\u00fcs\u00e7ileri b\u00f6yleliknen Q\u0131r\u0131mtatar halq\u0131 Meclisini\u00f1 reisi Mustafa Cemilev ve on\u0131\u00f1 meslekde\u015fi, birinci muavini Refat \u00c7ubarov\u011fa i\u015fan\u00e7s\u0131zl\u0131q bildirmek istediler.<\/p>\n\n\n\n<p>Miting te\u015fkil\u00e2t\u00e7\u0131lar\u0131 q\u0131r\u0131mtatar saylavc\u0131lar\u0131n\u0131\u00f1 topla\u015fuv\u0131 ol\u011fan Qurultay ve on\u0131\u00f1 icra organ\u0131 Meclisni\u00f1 bug\u00fcnki erk\u00e2n\u0131n\u0131 halq meselelerini \u00e7ez\u00fcvde iqtidars\u0131z, dep olarn\u0131\u00f1 \u011fayr\u0131dan saylanmas\u0131n\u0131 talap ettiler.<\/p>\n\n\n\n<p>Bir taraftan q\u0131r\u0131mtatar halq\u0131 milliy areketini\u00f1 i\u00e7inde \u00e7e\u015fit fraktsiyalar ve noqtai nazar ol\u011fan\u0131 on\u0131\u00f1 demokrat ve sa\u011flam ol\u011fan\u0131n\u0131 k\u00f6stere, \u00e7\u00fcnki aqiqat bir k\u00fc\u00e7ni\u00f1 elinde olamaz. L\u00e2kin vaziyetni tafsil\u00e2tl\u0131ca talil etsek, ol\u0131p ke\u00e7ken davan\u0131\u00f1 tam\u0131rlar\u0131 terenge ketkenini k\u00f6rmek m\u00fcmk\u00fcn.<\/p>\n\n\n\n<p>Meclisnen qara-qar\u015f\u0131l\u0131q &#8220;\u00fc\u00e7\u00fcnci&#8221; quvet taraf\u0131ndan planla\u015ft\u0131r\u0131l\u011fan\u0131 da tahmin etile. Belli bir maqsadlar\u011fa iri\u015fmek i\u00e7\u00fcn bu quvet q\u0131r\u0131mtatarlarn\u0131 par\u00e7alama\u011fa ve olarn\u0131\u00f1 milliy qurumlar\u0131n\u0131 zay\u0131flatma\u011fa t\u0131r\u0131\u015fa. Bu ise endi Ukraina devletini\u00f1 territorial b\u00fct\u00fcnligine tel\u00fcke do\u011fura bilir. Y\u00fcz bergen adiseni\u00f1 sebepleri ve havfl\u0131 taraflar\u0131n\u0131, bun\u0131\u00f1 aqibeti ve \u00e7ez\u00fcv variantlar\u0131n\u0131 baqay\u0131q.<\/p>\n\n\n\n<p><strong>Par\u00e7ala ve \u00fck\u00fcm et.<\/strong><\/p>\n\n\n\n<p>Aqmescitte Q\u0131r\u0131mtatar teatri binas\u0131n\u0131\u00f1 yan\u0131nda miting ke\u00e7irgen \u015fu yuqar\u0131da qayd etilgen te\u015fkil\u00e2tlar Q\u0131r\u0131mn\u0131\u00f1 siyasiy alan\u0131nda daa yaq\u0131nda peyda ol\u011fan marginal gruppirovkalard\u0131r. Bulardan tek Milli Firka partiyas\u0131 istisna ola bilir, on\u0131\u00f1 &#8220;Mecliske qar\u015f\u0131&#8221; faaliyeti insanlarn\u0131\u00f1 keni\u015f dairesine belli,amma tesiri zay\u0131f. \u0130nformatsion \u015famata k\u00f6termek maqsad\u0131nen ke\u00e7irilgen, on\u0131\u00f1 i\u015ftirak\u00e7ileri atta Meclis liderini\u00f1 qorqul\u0131\u011f\u0131n\u0131 yaqt\u0131lar, miting \u00f6z vazifesini becerdi.<\/p>\n\n\n\n<p>Te\u015fkil\u00e2t\u00e7\u0131larn\u0131\u00f1 areketlerinden k\u00f6r\u00fcle ki, olar Q\u0131r\u0131mdaki tatar cemiyeti aras\u0131nda &#8220;halq\u00e7en&#8221; \u011fayelerini tarqatmaq meram\u0131nda degil ediler.<\/p>\n\n\n\n<p>Belli ol\u011fan\u0131na k\u00f6re, meydanda toplan\u011fan 250 insan, \u015fu c\u00fcmleden militsiya hadimleri ve te\u015fkil\u00e2t\u00e7\u0131larn\u0131\u00f1 kendileri de, matbuat vastas\u0131nen naraz\u0131l\u0131q aktsiyas\u0131na degil de, umumen ba\u015fqa bir topla\u015fuv\u011fa davet etildiler. Gazetalarda &#8220;cemaat\u00e7\u0131l\u0131qqa topraq meselesi \u00e7ezimini\u00f1 keti\u015fat\u0131 ve yap\u0131l\u011fan i\u015f boyunca esabat bermek i\u00e7\u00fcn naraz\u0131l\u0131q tarlalar\u0131 i\u015ftirak\u00e7ilerini\u00f1 topla\u015fuv\u0131&#8221; ke\u00e7irilecegi haber etilgen edi.<\/p>\n\n\n\n<p>Amma miting devam\u0131nda topraq meselesi boyunca i\u00e7 bir mal\u00fcmat berilmedi. Bes-belli Mecliske qar\u015f\u0131 topla\u015fuv ke\u00e7irgenler b\u00f6yle mal\u00fcmatqa asl\u0131 malik degiller. Bun\u0131\u00f1 yerine miting te\u015fkil\u00e2t\u00e7\u0131lar\u0131Ruslan Balbek, Seydamet Gemici ve Rinat \u015eaymardanov Mustafa Cemilevni tenqid etip, on\u0131 Meclis reisliginden istifa\u011fa \u00e7\u0131qarmaqn\u0131 talap ettiler. Mustafa Cemilev ise K\u00fctleviy Matbuat vastalar\u0131nda operativ s\u00fcrette kendi beyanat\u0131n\u0131 derc etip, bu i\u015f Rusiye mahsus h\u0131zmetlerini\u00f1 fesat\u0131, dedi.<\/p>\n\n\n\n<p>Q\u0131r\u0131mtatar milliy areketini\u00f1 tarih\u0131n\u0131 ve hususiyetini bilmegenler i\u00e7\u00fcn b\u00f6yle beyanat sa\u00e7ma ya da siyasiy muhaliflernen k\u00fcre\u015f\u00fcvni\u00f1 usullar\u0131ndan biri ol\u0131p k\u00f6r\u00fcnir. Amma Ukrain ve Q\u0131r\u0131m \u00fck\u00fcmetleri meydan\u011fa kelgen bu vaziyetke \u011fayet ciddiy yana\u015fmaq kerek.<\/p>\n\n\n\n<p>Q\u0131r\u0131mtatarlarn\u0131\u00f1 Rusiye taraf\u0131na havfs\u0131rap baqqanlar\u0131 tarih ile belgilengendir. Bilhassa yar\u0131mada ealisini\u00f1 rus q\u0131sm\u0131 \u00f6z tarihiy Vatanlar\u0131na \u00e7ekkenlerini a\u00e7\u0131qtan-a\u00e7\u0131q numay\u0131\u015f et\u00fcvleri de tatarlarn\u0131 saq\u0131nd\u0131ra. Demek Q\u0131r\u0131mn\u0131\u00f1 status quos\u0131n\u0131 saqlap qalmaq em Q\u0131r\u0131m, em Ukraina sakinleri, \u015fu c\u00fcmleden epsi q\u0131r\u0131mtatarlar\u0131, ayatiy zarur y\u00f6neli\u015f olmal\u0131d\u0131r.<\/p>\n\n\n\n<p>Bun\u0131\u00f1nen bir s\u0131rada Ukraina\u011fa meyil bergen, Ukrainan\u0131 devlet olaraq tan\u0131\u011fan ve \u00fcrmet etken, saylavc\u0131larn\u0131\u00f1 \u00e7oqlu\u011f\u0131 qoltutqan Meclisni\u00f1 bug\u00fcnki erk\u00e2n\u0131 Q\u0131r\u0131m\u011fa k\u00f6z ta\u015fla\u011fan Kreml h\u0131zmetleri i\u00e7\u00fcn ciddiy mania ola bilir.<\/p>\n\n\n\n<p>Yani q\u0131r\u0131mtatarlar bug\u00fcnde-bug\u00fcn Ukrain \u00fck\u00fcmetini\u00f1 Q\u0131r\u0131m i\u00e7\u00fcn k\u00fcre\u015fte e\u00f1 i\u015fan\u00e7l\u0131 yard\u0131mc\u0131lar\u0131d\u0131r. Eger \u015fu 13 fay\u0131zn\u0131 te\u015fkil etken toplum olmasa yar\u0131madan\u0131\u00f1 taqdiri Ukraina faydas\u0131na \u00e7ezilecegi \u015f\u00fcbelidir. Bun\u0131 a\u00f1la\u011fanlar Cemilevni\u00f1 \u00e7etelli h\u0131zmetler halq yetek\u00e7ilerini\u00f1 itibar\u0131n\u0131 t\u00fc\u015f\u00fcrmek ve q\u0131r\u0131mtatar milliy areketini par\u00e7alamaq husus\u0131ndaki s\u00f6zlerine diqqat etmege mecbur ete. \u00c7\u00fcnki qadimden belli qaide \u2013 divide et impera! \u2013 bug\u00fcn de aktualdir.<\/p>\n\n\n\n<p>Em \u015fun\u0131 da qayd etmeli ki, resmiy Kiyevni\u00f1 Q\u0131r\u0131mda Ukraina\u011fa z\u0131t areketlerni\u00f1 \u00f6g\u00fcni almaq i\u00e7\u00fcn ayr\u0131 \u015fah\u0131slarn\u0131 memleketten \u00e7\u0131qaruvnen s\u0131\u00f1\u0131rlanmas\u0131 yeterli degil. Meclisnen konstruktiv dialog qurmaq ve q\u0131r\u0131mtatarlarn\u0131 Ukrainan\u0131\u00f1 \u015fu region\u0131nda pozitsiyalar\u0131n\u0131 pekit\u00fcvge celp etmesi zarur.<\/p>\n\n\n\n<p>Q\u0131r\u0131mtatar miliiy institut strukturalar\u0131 halqn\u0131\u00f1 1944 senesi s\u00fcrg\u00fcn etilgen yerlerinden Vatan\u011fa qaytuv i\u00e7\u00fcn k\u00fcre\u015f y\u0131llar\u0131nda demokratik yolnen \u015fekillendi. \u00c7e\u015fit marginal gruppalar ve a\u015f\u0131q-acele \u00f6gge \u00e7\u0131qqan sahte liderler olarn\u0131\u00f1 itibar\u0131n\u0131 t\u00fc\u015f\u00fcrmege qadir degil.<\/p>\n\n\n\n<p>L\u00e2kin Q\u0131r\u0131m yar\u0131madas\u0131nda vaqialar inki\u015faf\u0131 bu tahminge \u00f6z t\u00fczet\u00fcvlerini kirsete bilir.<br>&nbsp;<\/p>\n\n\n\n<p class=\"has-text-align-right\"><a href=\"http:\/\/www.pravda.com.ua\/rus\/columns\/2011\/11\/29\/6796330\/\" target=\"_blank\" rel=\"noreferrer noopener\"><em><strong>Nedim \u00dcseinov, siyaset\u015f\u0131nas,<\/strong><\/em><\/a><\/p>\n\n\n\n<p class=\"has-text-align-right\"><a href=\"http:\/\/www.pravda.com.ua\/rus\/columns\/2011\/11\/29\/6796330\/\" target=\"_blank\" rel=\"noreferrer noopener\"><em><strong>Gdansk universitetini\u00f1 aspirant\u0131, Poloniya<\/strong><\/em><\/a><\/p>\n","protected":false},"excerpt":{"rendered":"<p>21 noyabr k\u00fcn\u00fc Aqmescitte q\u0131r\u0131mtatar teatri \u00f6g\u00fcnde &#8220;Novoye pokoleniye \u2013 Kr\u0131m&#8221;, &#8220;Sebat&#8221; ve &#8220;Milli Firka&#8221;.cemaat te\u015fkil\u00e2tlar\u0131n\u0131\u00f1 birlikte az\u0131rla\u011fan mitingi ol\u0131p ke\u00e7ti. Tedbir te\u015febb\u00fcs\u00e7ileri b\u00f6yleliknen Q\u0131r\u0131mtatar halq\u0131 Meclisini\u00f1 reisi Mustafa Cemilev ve on\u0131\u00f1 meslekde\u015fi, birinci muavini Refat \u00c7ubarov\u011fa i\u015fan\u00e7s\u0131zl\u0131q bildirmek istediler. Miting te\u015fkil\u00e2t\u00e7\u0131lar\u0131 q\u0131r\u0131mtatar saylavc\u0131lar\u0131n\u0131\u00f1 topla\u015fuv\u0131 ol\u011fan Qurultay ve on\u0131\u00f1 icra organ\u0131 Meclisni\u00f1 bug\u00fcnki erk\u00e2n\u0131n\u0131 halq [&hellip;]<\/p>\n","protected":false},"author":1,"featured_media":0,"comment_status":"open","ping_status":"open","sticky":false,"template":"","format":"standard","meta":{"inline_featured_image":false,"footnotes":""},"categories":[265],"tags":[],"class_list":["post-27229","post","type-post","status-publish","format-standard","hentry","category-haberler"],"acf":[],"yoast_head":"<!-- This site is optimized with the Yoast SEO plugin v27.4 - https:\/\/yoast.com\/product\/yoast-seo-wordpress\/ -->\n<title>Meclisni par\u00e7alav \u00e7etelli muhsus h\u0131zmetlerini\u00f1 Q\u0131r\u0131mda \u00fck\u00fcmranl\u0131q i\u00e7\u00fcn k\u00fcre\u015f\u00fcvni\u00f1 usul\u0131 - \u041c\u0435\u0434\u0436\u043b\u0456\u0441<\/title>\n<meta name=\"robots\" content=\"index, follow, max-snippet:-1, max-image-preview:large, max-video-preview:-1\" \/>\n<link rel=\"canonical\" href=\"https:\/\/qtmm.org\/qt\/meclisni-parcalav-cetelli-muhsus-hizmetlerinin-qirimda-ukumranliq-icun-kuresuvnin-usuli\/\" \/>\n<meta property=\"og:locale\" content=\"en_US\" \/>\n<meta property=\"og:type\" content=\"article\" \/>\n<meta property=\"og:title\" content=\"Meclisni par\u00e7alav \u00e7etelli muhsus h\u0131zmetlerini\u00f1 Q\u0131r\u0131mda \u00fck\u00fcmranl\u0131q i\u00e7\u00fcn k\u00fcre\u015f\u00fcvni\u00f1 usul\u0131 - \u041c\u0435\u0434\u0436\u043b\u0456\u0441\" \/>\n<meta property=\"og:description\" content=\"21 noyabr k\u00fcn\u00fc Aqmescitte q\u0131r\u0131mtatar teatri \u00f6g\u00fcnde &#8220;Novoye pokoleniye \u2013 Kr\u0131m&#8221;, &#8220;Sebat&#8221; ve &#8220;Milli Firka&#8221;.cemaat te\u015fkil\u00e2tlar\u0131n\u0131\u00f1 birlikte az\u0131rla\u011fan mitingi ol\u0131p ke\u00e7ti. Tedbir te\u015febb\u00fcs\u00e7ileri b\u00f6yleliknen Q\u0131r\u0131mtatar halq\u0131 Meclisini\u00f1 reisi Mustafa Cemilev ve on\u0131\u00f1 meslekde\u015fi, birinci muavini Refat \u00c7ubarov\u011fa i\u015fan\u00e7s\u0131zl\u0131q bildirmek istediler. Miting te\u015fkil\u00e2t\u00e7\u0131lar\u0131 q\u0131r\u0131mtatar saylavc\u0131lar\u0131n\u0131\u00f1 topla\u015fuv\u0131 ol\u011fan Qurultay ve on\u0131\u00f1 icra organ\u0131 Meclisni\u00f1 bug\u00fcnki erk\u00e2n\u0131n\u0131 halq [&hellip;]\" \/>\n<meta property=\"og:url\" content=\"https:\/\/qtmm.org\/qt\/meclisni-parcalav-cetelli-muhsus-hizmetlerinin-qirimda-ukumranliq-icun-kuresuvnin-usuli\/\" \/>\n<meta property=\"og:site_name\" content=\"\u041c\u0435\u0434\u0436\u043b\u0456\u0441\" \/>\n<meta property=\"article:publisher\" content=\"https:\/\/www.facebook.com\/qtmm.info\/\" \/>\n<meta property=\"article:published_time\" content=\"2011-11-29T19:17:00+00:00\" \/>\n<meta property=\"article:modified_time\" content=\"2022-01-19T19:25:33+00:00\" \/>\n<meta name=\"author\" content=\"Developer\" \/>\n<meta name=\"twitter:card\" content=\"summary_large_image\" \/>\n<meta name=\"twitter:label1\" content=\"Written by\" \/>\n\t<meta name=\"twitter:data1\" content=\"Developer\" \/>\n\t<meta name=\"twitter:label2\" content=\"Est. reading time\" \/>\n\t<meta name=\"twitter:data2\" content=\"4 minutes\" \/>\n<script type=\"application\/ld+json\" class=\"yoast-schema-graph\">{\"@context\":\"https:\\\/\\\/schema.org\",\"@graph\":[{\"@type\":\"Article\",\"@id\":\"https:\\\/\\\/qtmm.org\\\/qt\\\/meclisni-parcalav-cetelli-muhsus-hizmetlerinin-qirimda-ukumranliq-icun-kuresuvnin-usuli\\\/#article\",\"isPartOf\":{\"@id\":\"https:\\\/\\\/qtmm.org\\\/qt\\\/meclisni-parcalav-cetelli-muhsus-hizmetlerinin-qirimda-ukumranliq-icun-kuresuvnin-usuli\\\/\"},\"author\":{\"name\":\"Developer\",\"@id\":\"https:\\\/\\\/qtmm.org\\\/qt\\\/#\\\/schema\\\/person\\\/de562469f971dec226ac06e60bbf74a7\"},\"headline\":\"Meclisni par\u00e7alav \u00e7etelli muhsus h\u0131zmetlerini\u00f1 Q\u0131r\u0131mda \u00fck\u00fcmranl\u0131q i\u00e7\u00fcn k\u00fcre\u015f\u00fcvni\u00f1 usul\u0131\",\"datePublished\":\"2011-11-29T19:17:00+00:00\",\"dateModified\":\"2022-01-19T19:25:33+00:00\",\"mainEntityOfPage\":{\"@id\":\"https:\\\/\\\/qtmm.org\\\/qt\\\/meclisni-parcalav-cetelli-muhsus-hizmetlerinin-qirimda-ukumranliq-icun-kuresuvnin-usuli\\\/\"},\"wordCount\":879,\"commentCount\":0,\"publisher\":{\"@id\":\"https:\\\/\\\/qtmm.org\\\/qt\\\/#organization\"},\"articleSection\":[\"Haberler\"],\"inLanguage\":\"qt\",\"potentialAction\":[{\"@type\":\"CommentAction\",\"name\":\"Comment\",\"target\":[\"https:\\\/\\\/qtmm.org\\\/qt\\\/meclisni-parcalav-cetelli-muhsus-hizmetlerinin-qirimda-ukumranliq-icun-kuresuvnin-usuli\\\/#respond\"]}]},{\"@type\":\"WebPage\",\"@id\":\"https:\\\/\\\/qtmm.org\\\/qt\\\/meclisni-parcalav-cetelli-muhsus-hizmetlerinin-qirimda-ukumranliq-icun-kuresuvnin-usuli\\\/\",\"url\":\"https:\\\/\\\/qtmm.org\\\/qt\\\/meclisni-parcalav-cetelli-muhsus-hizmetlerinin-qirimda-ukumranliq-icun-kuresuvnin-usuli\\\/\",\"name\":\"Meclisni par\u00e7alav \u00e7etelli muhsus h\u0131zmetlerini\u00f1 Q\u0131r\u0131mda \u00fck\u00fcmranl\u0131q i\u00e7\u00fcn k\u00fcre\u015f\u00fcvni\u00f1 usul\u0131 - \u041c\u0435\u0434\u0436\u043b\u0456\u0441\",\"isPartOf\":{\"@id\":\"https:\\\/\\\/qtmm.org\\\/qt\\\/#website\"},\"datePublished\":\"2011-11-29T19:17:00+00:00\",\"dateModified\":\"2022-01-19T19:25:33+00:00\",\"breadcrumb\":{\"@id\":\"https:\\\/\\\/qtmm.org\\\/qt\\\/meclisni-parcalav-cetelli-muhsus-hizmetlerinin-qirimda-ukumranliq-icun-kuresuvnin-usuli\\\/#breadcrumb\"},\"inLanguage\":\"qt\",\"potentialAction\":[{\"@type\":\"ReadAction\",\"target\":[\"https:\\\/\\\/qtmm.org\\\/qt\\\/meclisni-parcalav-cetelli-muhsus-hizmetlerinin-qirimda-ukumranliq-icun-kuresuvnin-usuli\\\/\"]}]},{\"@type\":\"BreadcrumbList\",\"@id\":\"https:\\\/\\\/qtmm.org\\\/qt\\\/meclisni-parcalav-cetelli-muhsus-hizmetlerinin-qirimda-ukumranliq-icun-kuresuvnin-usuli\\\/#breadcrumb\",\"itemListElement\":[{\"@type\":\"ListItem\",\"position\":1,\"name\":\"\u0413\u043e\u043b\u043e\u0432\u043d\u0430\",\"item\":\"https:\\\/\\\/qtmm.org\\\/qt\\\/\"},{\"@type\":\"ListItem\",\"position\":2,\"name\":\"Meclisni par\u00e7alav \u00e7etelli muhsus h\u0131zmetlerini\u00f1 Q\u0131r\u0131mda \u00fck\u00fcmranl\u0131q i\u00e7\u00fcn k\u00fcre\u015f\u00fcvni\u00f1 usul\u0131\"}]},{\"@type\":\"WebSite\",\"@id\":\"https:\\\/\\\/qtmm.org\\\/qt\\\/#website\",\"url\":\"https:\\\/\\\/qtmm.org\\\/qt\\\/\",\"name\":\"\u041c\u0435\u0434\u0436\u043b\u0456\u0441\",\"description\":\"\",\"publisher\":{\"@id\":\"https:\\\/\\\/qtmm.org\\\/qt\\\/#organization\"},\"potentialAction\":[{\"@type\":\"SearchAction\",\"target\":{\"@type\":\"EntryPoint\",\"urlTemplate\":\"https:\\\/\\\/qtmm.org\\\/qt\\\/?s={search_term_string}\"},\"query-input\":{\"@type\":\"PropertyValueSpecification\",\"valueRequired\":true,\"valueName\":\"search_term_string\"}}],\"inLanguage\":\"qt\"},{\"@type\":\"Organization\",\"@id\":\"https:\\\/\\\/qtmm.org\\\/qt\\\/#organization\",\"name\":\"\u041c\u0435\u0434\u0436\u043b\u0456\u0441\",\"url\":\"https:\\\/\\\/qtmm.org\\\/qt\\\/\",\"logo\":{\"@type\":\"ImageObject\",\"inLanguage\":\"qt\",\"@id\":\"https:\\\/\\\/qtmm.org\\\/qt\\\/#\\\/schema\\\/logo\\\/image\\\/\",\"url\":\"https:\\\/\\\/qtmm.org\\\/wp-content\\\/uploads\\\/2024\\\/12\\\/ua-mejlis-logo-rgb.svg\",\"contentUrl\":\"https:\\\/\\\/qtmm.org\\\/wp-content\\\/uploads\\\/2024\\\/12\\\/ua-mejlis-logo-rgb.svg\",\"caption\":\"\u041c\u0435\u0434\u0436\u043b\u0456\u0441\"},\"image\":{\"@id\":\"https:\\\/\\\/qtmm.org\\\/qt\\\/#\\\/schema\\\/logo\\\/image\\\/\"},\"sameAs\":[\"https:\\\/\\\/www.facebook.com\\\/qtmm.info\\\/\"]},{\"@type\":\"Person\",\"@id\":\"https:\\\/\\\/qtmm.org\\\/qt\\\/#\\\/schema\\\/person\\\/de562469f971dec226ac06e60bbf74a7\",\"name\":\"Developer\",\"image\":{\"@type\":\"ImageObject\",\"inLanguage\":\"qt\",\"@id\":\"https:\\\/\\\/secure.gravatar.com\\\/avatar\\\/392b4cc8fbfeb00b39dfeeab4ee6edded39ffd48e25858637e4765810300227e?s=96&d=mm&r=g\",\"url\":\"https:\\\/\\\/secure.gravatar.com\\\/avatar\\\/392b4cc8fbfeb00b39dfeeab4ee6edded39ffd48e25858637e4765810300227e?s=96&d=mm&r=g\",\"contentUrl\":\"https:\\\/\\\/secure.gravatar.com\\\/avatar\\\/392b4cc8fbfeb00b39dfeeab4ee6edded39ffd48e25858637e4765810300227e?s=96&d=mm&r=g\",\"caption\":\"Developer\"},\"url\":\"https:\\\/\\\/qtmm.org\\\/qt\\\/author\\\/Developer\\\/\"}]}<\/script>\n<!-- \/ Yoast SEO plugin. -->","yoast_head_json":{"title":"Meclisni par\u00e7alav \u00e7etelli muhsus h\u0131zmetlerini\u00f1 Q\u0131r\u0131mda \u00fck\u00fcmranl\u0131q i\u00e7\u00fcn k\u00fcre\u015f\u00fcvni\u00f1 usul\u0131 - \u041c\u0435\u0434\u0436\u043b\u0456\u0441","robots":{"index":"index","follow":"follow","max-snippet":"max-snippet:-1","max-image-preview":"max-image-preview:large","max-video-preview":"max-video-preview:-1"},"canonical":"https:\/\/qtmm.org\/qt\/meclisni-parcalav-cetelli-muhsus-hizmetlerinin-qirimda-ukumranliq-icun-kuresuvnin-usuli\/","og_locale":"en_US","og_type":"article","og_title":"Meclisni par\u00e7alav \u00e7etelli muhsus h\u0131zmetlerini\u00f1 Q\u0131r\u0131mda \u00fck\u00fcmranl\u0131q i\u00e7\u00fcn k\u00fcre\u015f\u00fcvni\u00f1 usul\u0131 - \u041c\u0435\u0434\u0436\u043b\u0456\u0441","og_description":"21 noyabr k\u00fcn\u00fc Aqmescitte q\u0131r\u0131mtatar teatri \u00f6g\u00fcnde &#8220;Novoye pokoleniye \u2013 Kr\u0131m&#8221;, &#8220;Sebat&#8221; ve &#8220;Milli Firka&#8221;.cemaat te\u015fkil\u00e2tlar\u0131n\u0131\u00f1 birlikte az\u0131rla\u011fan mitingi ol\u0131p ke\u00e7ti. Tedbir te\u015febb\u00fcs\u00e7ileri b\u00f6yleliknen Q\u0131r\u0131mtatar halq\u0131 Meclisini\u00f1 reisi Mustafa Cemilev ve on\u0131\u00f1 meslekde\u015fi, birinci muavini Refat \u00c7ubarov\u011fa i\u015fan\u00e7s\u0131zl\u0131q bildirmek istediler. Miting te\u015fkil\u00e2t\u00e7\u0131lar\u0131 q\u0131r\u0131mtatar saylavc\u0131lar\u0131n\u0131\u00f1 topla\u015fuv\u0131 ol\u011fan Qurultay ve on\u0131\u00f1 icra organ\u0131 Meclisni\u00f1 bug\u00fcnki erk\u00e2n\u0131n\u0131 halq [&hellip;]","og_url":"https:\/\/qtmm.org\/qt\/meclisni-parcalav-cetelli-muhsus-hizmetlerinin-qirimda-ukumranliq-icun-kuresuvnin-usuli\/","og_site_name":"\u041c\u0435\u0434\u0436\u043b\u0456\u0441","article_publisher":"https:\/\/www.facebook.com\/qtmm.info\/","article_published_time":"2011-11-29T19:17:00+00:00","article_modified_time":"2022-01-19T19:25:33+00:00","author":"Developer","twitter_card":"summary_large_image","twitter_misc":{"Written by":"Developer","Est. reading time":"4 minutes"},"schema":{"@context":"https:\/\/schema.org","@graph":[{"@type":"Article","@id":"https:\/\/qtmm.org\/qt\/meclisni-parcalav-cetelli-muhsus-hizmetlerinin-qirimda-ukumranliq-icun-kuresuvnin-usuli\/#article","isPartOf":{"@id":"https:\/\/qtmm.org\/qt\/meclisni-parcalav-cetelli-muhsus-hizmetlerinin-qirimda-ukumranliq-icun-kuresuvnin-usuli\/"},"author":{"name":"Developer","@id":"https:\/\/qtmm.org\/qt\/#\/schema\/person\/de562469f971dec226ac06e60bbf74a7"},"headline":"Meclisni par\u00e7alav \u00e7etelli muhsus h\u0131zmetlerini\u00f1 Q\u0131r\u0131mda \u00fck\u00fcmranl\u0131q i\u00e7\u00fcn k\u00fcre\u015f\u00fcvni\u00f1 usul\u0131","datePublished":"2011-11-29T19:17:00+00:00","dateModified":"2022-01-19T19:25:33+00:00","mainEntityOfPage":{"@id":"https:\/\/qtmm.org\/qt\/meclisni-parcalav-cetelli-muhsus-hizmetlerinin-qirimda-ukumranliq-icun-kuresuvnin-usuli\/"},"wordCount":879,"commentCount":0,"publisher":{"@id":"https:\/\/qtmm.org\/qt\/#organization"},"articleSection":["Haberler"],"inLanguage":"qt","potentialAction":[{"@type":"CommentAction","name":"Comment","target":["https:\/\/qtmm.org\/qt\/meclisni-parcalav-cetelli-muhsus-hizmetlerinin-qirimda-ukumranliq-icun-kuresuvnin-usuli\/#respond"]}]},{"@type":"WebPage","@id":"https:\/\/qtmm.org\/qt\/meclisni-parcalav-cetelli-muhsus-hizmetlerinin-qirimda-ukumranliq-icun-kuresuvnin-usuli\/","url":"https:\/\/qtmm.org\/qt\/meclisni-parcalav-cetelli-muhsus-hizmetlerinin-qirimda-ukumranliq-icun-kuresuvnin-usuli\/","name":"Meclisni par\u00e7alav \u00e7etelli muhsus h\u0131zmetlerini\u00f1 Q\u0131r\u0131mda \u00fck\u00fcmranl\u0131q i\u00e7\u00fcn k\u00fcre\u015f\u00fcvni\u00f1 usul\u0131 - \u041c\u0435\u0434\u0436\u043b\u0456\u0441","isPartOf":{"@id":"https:\/\/qtmm.org\/qt\/#website"},"datePublished":"2011-11-29T19:17:00+00:00","dateModified":"2022-01-19T19:25:33+00:00","breadcrumb":{"@id":"https:\/\/qtmm.org\/qt\/meclisni-parcalav-cetelli-muhsus-hizmetlerinin-qirimda-ukumranliq-icun-kuresuvnin-usuli\/#breadcrumb"},"inLanguage":"qt","potentialAction":[{"@type":"ReadAction","target":["https:\/\/qtmm.org\/qt\/meclisni-parcalav-cetelli-muhsus-hizmetlerinin-qirimda-ukumranliq-icun-kuresuvnin-usuli\/"]}]},{"@type":"BreadcrumbList","@id":"https:\/\/qtmm.org\/qt\/meclisni-parcalav-cetelli-muhsus-hizmetlerinin-qirimda-ukumranliq-icun-kuresuvnin-usuli\/#breadcrumb","itemListElement":[{"@type":"ListItem","position":1,"name":"\u0413\u043e\u043b\u043e\u0432\u043d\u0430","item":"https:\/\/qtmm.org\/qt\/"},{"@type":"ListItem","position":2,"name":"Meclisni par\u00e7alav \u00e7etelli muhsus h\u0131zmetlerini\u00f1 Q\u0131r\u0131mda \u00fck\u00fcmranl\u0131q i\u00e7\u00fcn k\u00fcre\u015f\u00fcvni\u00f1 usul\u0131"}]},{"@type":"WebSite","@id":"https:\/\/qtmm.org\/qt\/#website","url":"https:\/\/qtmm.org\/qt\/","name":"\u041c\u0435\u0434\u0436\u043b\u0456\u0441","description":"","publisher":{"@id":"https:\/\/qtmm.org\/qt\/#organization"},"potentialAction":[{"@type":"SearchAction","target":{"@type":"EntryPoint","urlTemplate":"https:\/\/qtmm.org\/qt\/?s={search_term_string}"},"query-input":{"@type":"PropertyValueSpecification","valueRequired":true,"valueName":"search_term_string"}}],"inLanguage":"qt"},{"@type":"Organization","@id":"https:\/\/qtmm.org\/qt\/#organization","name":"\u041c\u0435\u0434\u0436\u043b\u0456\u0441","url":"https:\/\/qtmm.org\/qt\/","logo":{"@type":"ImageObject","inLanguage":"qt","@id":"https:\/\/qtmm.org\/qt\/#\/schema\/logo\/image\/","url":"https:\/\/qtmm.org\/wp-content\/uploads\/2024\/12\/ua-mejlis-logo-rgb.svg","contentUrl":"https:\/\/qtmm.org\/wp-content\/uploads\/2024\/12\/ua-mejlis-logo-rgb.svg","caption":"\u041c\u0435\u0434\u0436\u043b\u0456\u0441"},"image":{"@id":"https:\/\/qtmm.org\/qt\/#\/schema\/logo\/image\/"},"sameAs":["https:\/\/www.facebook.com\/qtmm.info\/"]},{"@type":"Person","@id":"https:\/\/qtmm.org\/qt\/#\/schema\/person\/de562469f971dec226ac06e60bbf74a7","name":"Developer","image":{"@type":"ImageObject","inLanguage":"qt","@id":"https:\/\/secure.gravatar.com\/avatar\/392b4cc8fbfeb00b39dfeeab4ee6edded39ffd48e25858637e4765810300227e?s=96&d=mm&r=g","url":"https:\/\/secure.gravatar.com\/avatar\/392b4cc8fbfeb00b39dfeeab4ee6edded39ffd48e25858637e4765810300227e?s=96&d=mm&r=g","contentUrl":"https:\/\/secure.gravatar.com\/avatar\/392b4cc8fbfeb00b39dfeeab4ee6edded39ffd48e25858637e4765810300227e?s=96&d=mm&r=g","caption":"Developer"},"url":"https:\/\/qtmm.org\/qt\/author\/Developer\/"}]}},"_links":{"self":[{"href":"https:\/\/qtmm.org\/qt\/wp-json\/wp\/v2\/posts\/27229","targetHints":{"allow":["GET"]}}],"collection":[{"href":"https:\/\/qtmm.org\/qt\/wp-json\/wp\/v2\/posts"}],"about":[{"href":"https:\/\/qtmm.org\/qt\/wp-json\/wp\/v2\/types\/post"}],"author":[{"embeddable":true,"href":"https:\/\/qtmm.org\/qt\/wp-json\/wp\/v2\/users\/1"}],"replies":[{"embeddable":true,"href":"https:\/\/qtmm.org\/qt\/wp-json\/wp\/v2\/comments?post=27229"}],"version-history":[{"count":1,"href":"https:\/\/qtmm.org\/qt\/wp-json\/wp\/v2\/posts\/27229\/revisions"}],"predecessor-version":[{"id":27230,"href":"https:\/\/qtmm.org\/qt\/wp-json\/wp\/v2\/posts\/27229\/revisions\/27230"}],"wp:attachment":[{"href":"https:\/\/qtmm.org\/qt\/wp-json\/wp\/v2\/media?parent=27229"}],"wp:term":[{"taxonomy":"category","embeddable":true,"href":"https:\/\/qtmm.org\/qt\/wp-json\/wp\/v2\/categories?post=27229"},{"taxonomy":"post_tag","embeddable":true,"href":"https:\/\/qtmm.org\/qt\/wp-json\/wp\/v2\/tags?post=27229"}],"curies":[{"name":"wp","href":"https:\/\/api.w.org\/{rel}","templated":true}]}}