




{"id":27223,"date":"2011-11-29T22:15:00","date_gmt":"2011-11-29T19:15:00","guid":{"rendered":"http:\/\/qtmm.org\/?p=27223"},"modified":"2022-01-19T22:16:56","modified_gmt":"2022-01-19T19:16:56","slug":"qirimtatar-cemaat-teskilatlarinin-muracaati","status":"publish","type":"post","link":"https:\/\/qtmm.org\/qt\/qirimtatar-cemaat-teskilatlarinin-muracaati\/","title":{"rendered":"Q\u0131r\u0131mtatar cemaat te\u015fkil\u00e2tlar\u0131n\u0131\u00f1 muracaat\u0131"},"content":{"rendered":"\n<p>Q\u0131r\u0131mtatarlarn\u0131\u00f1 q\u0131y\u0131nl\u0131qlar\u0131n\u0131 bilgen ve ayn\u0131 \u015fu aln\u0131 qullanaraq fesat \u00e7\u0131qarma\u011fa t\u0131r\u0131\u015fqan baz\u0131 destruktiv gruppalar q\u0131r\u0131mtatarlarn\u0131\u00f1 \u00f6z-\u00f6z\u00fcni idare et\u00fcvni\u00f1 milliy organ\u0131 Qurultay ve Mecliske qar\u015f\u0131 areketlerde bulunmaqtalar.<\/p>\n\n\n\n<p>Q\u0131r\u0131mtatar akademik muz\u0131kal\u0131-drama teatri \u00f6g\u00fcnde 2011 senesi noyabr 21-de \u00f6tkerilgen miting bun\u0131\u00f1 a\u00e7\u0131q isbat\u0131d\u0131r.<\/p>\n\n\n\n<p>Aktsiya te\u015fkil\u00e2t\u00e7\u0131lar\u0131 \u00f6z tedbirlerini topraq meselelerini muzakere et\u00fcv, diye adland\u0131r\u0131p, as\u0131l\u0131nda ise milliy \u00f6z-\u00f6z\u00fcni idare et\u00fcv organlar\u0131na nisbeten \u00f6z \u015fahsiy fikirlerini te\u015fviq etmek i\u00e7\u00fcn bir qa\u00e7 on tarafdarlar\u0131 ve eki-\u00fc\u00e7 y\u00fcz semetde\u015flerimizni\u00f1 anda bulun\u011fan\u0131ndan faydaland\u0131lar.<\/p>\n\n\n\n<p>Bu areketler q\u0131r\u0131mtatar halq\u0131 meselelerini \u00e7ez\u00fcv o\u011frundaki bir s\u0131ra m\u00fcsbet ceryanlar\u011fa, \u015fu c\u00fcmleden Q\u0131r\u0131mtatar halq\u0131 Meclisi topraq meseleleri boyunca Q\u0131r\u0131m Nazirler \u015euras\u0131nen i\u015fbirligi, bun\u0131\u00f1 kibi de Q\u0131r\u0131mtatar halq\u0131n\u0131\u00f1 \u00f6z Vatan\u0131nda aq-uquqlar\u0131n\u0131 tiklev. Ukrainada on\u0131\u00f1 tel\u00fckesizligi ve inki\u015faf\u0131n\u0131 teminlev boyunca halqara forum\u011fa qaviy az\u0131rl\u0131q al\u0131p bar\u0131lmas\u0131 i\u00e7\u00fcn teley\u00fckelidir.<\/p>\n\n\n\n<p>Q\u0131r\u0131mtatar cemaat te\u015fkil\u00e2tlar\u0131 b\u00f6yle areketler q\u0131r\u0131mtatarlar halq\u0131n\u0131\u00f1 birligini bozma\u011fa \u00e7al\u0131\u015fa, dep sayalar ve semetde\u015flerimizni fesat\u00e7\u0131larn\u0131\u00f1 pe\u015finden ketmemege \u00e7a\u011f\u0131ralar.<\/p>\n\n\n\n<p>1 &#8220;Bizim Q\u0131r\u0131m&#8221; Halqara ya\u015flar te\u015fkil\u00e2t\u0131,&nbsp;&nbsp;<strong>Abduraman Egiz<\/strong><\/p>\n\n\n\n<p>2. &#8220;Emel&#8221; cemaat te\u015fkil\u00e2t\u0131,&nbsp;&nbsp;<strong>Nuri \u015eevqiyev<\/strong><\/p>\n\n\n\n<p>3. Q\u0131r\u0131mtatarlar tarih\u0131 ve medeniyeti tedqiqat\u00e7\u0131lar\u0131n\u0131\u00f1 cemiyeti,&nbsp;&nbsp;<strong>\u015eevket Qaybullayev<\/strong><\/p>\n\n\n\n<p>4. &#8220;Maarif\u00e7i&#8221; q\u0131r\u0131mtatar maarif hadimlerini\u00f1 birligi,&nbsp;&nbsp;<strong>Safure Kacametova<\/strong><\/p>\n\n\n\n<p>5.Q\u0131r\u0131mtatar ressamlar\u0131n\u0131\u00f1 birligi,&nbsp;<strong>&nbsp;\u0130rfan Nafeyev<\/strong><\/p>\n\n\n\n<p>6. Q\u0131r\u0131mtatar qad\u0131nlar birligi,&nbsp;&nbsp;<strong>Safinar Cemileva<\/strong><\/p>\n\n\n\n<p>7. &#8220;\u0130nitsium&#8221; Q\u0131r\u0131mtatar adliyeciler birligi,&nbsp;&nbsp;<strong>Dil\u00e2ver Akiyev<\/strong><\/p>\n\n\n\n<p>8.&#8221;Avdet&#8221; cemaat te\u015fkil\u00e2t\u0131,&nbsp;&nbsp;<strong>Mustafa Mau\u015fev<\/strong><\/p>\n\n\n\n<p>9. Ocalar ke\u00f1e\u015fi cemaat te\u015fkil\u00e2t\u0131,&nbsp;&nbsp;<strong>Dil\u00e2ra Seytveliyeva<\/strong><\/p>\n\n\n\n<p>10. Q\u0131r\u0131mtatar medeniyet fond\u0131,&nbsp;&nbsp;<strong>Ridvan Ayedinov<\/strong><\/p>\n\n\n\n<p>11. &#8220;Q\u0131r\u0131m te\u015febb\u00fcsi fond\u0131&#8221; cemaat te\u015fkil\u00e2t\u0131,&nbsp;&nbsp;<strong>Elvedin \u00c7ubarov<\/strong><\/p>\n\n\n\n<p>12. &#8220;Tayan\u00e7&#8221; cemaat te\u015fkil\u00e2t\u0131,&nbsp;&nbsp;<strong>Rasim Bekirov<\/strong><\/p>\n\n\n\n<p>13. Q\u0131r\u0131mtatar tarih\u00e7\u0131lar\u0131n\u0131\u00f1 birligi,&nbsp;&nbsp;<strong>G\u00fclnara Bekirova<\/strong><\/p>\n\n\n\n<p>14. Q\u0131r\u0131mtatar edebiyat\u0131 inki\u015faf\u0131n\u0131\u00f1 cemiyeti &#8220;Edebiyat&#8221;, &nbsp;<strong>&nbsp;Riza Faz\u0131l<\/strong><\/p>\n\n\n\n<p>15. &#8220;\u0130leri&#8221; cemaat te\u015fkil\u00e2t\u0131,&nbsp;&nbsp;<strong>Remzi \u015eevqiyev<\/strong><\/p>\n\n\n\n<p>16. &#8220;Eftade&#8221; qad\u0131nlar klub\u0131&#8221; cemaat te\u015fkil\u00e2t\u0131,&nbsp;&nbsp;<strong>\u00dcsniye Halilova<\/strong><\/p>\n\n\n\n<p>17. &#8220;Q\u0131r\u0131mtatar ya\u015flar merkezi&#8221; Q\u0131r\u0131m cumhuriyet te\u015fkil\u00e2t\u0131,&nbsp;&nbsp;<strong>Emin Avamilev<\/strong><\/p>\n\n\n\n<p>18. &#8220;Odun bazar qap\u0131s\u0131&#8221; cemaat te\u015fkil\u00e2t\u0131,&nbsp;&nbsp;<strong>Dil\u00e2ra Yakubova<\/strong><\/p>\n\n\n\n<p>19. &#8220;K\u00fcre\u015f&#8221; K\u0131r\u0131m milliy k\u00fcre\u015f federatsiyas\u0131,&nbsp;&nbsp;<strong>Seydamet Ya\u011fyayev<\/strong><\/p>\n\n\n\n<p>20. &#8220;Nesil&#8221; ya\u015flar mecmuas\u0131n\u0131\u00f1 muarririyeti,&nbsp;&nbsp;<strong>Girey Bekirov<\/strong><\/p>\n\n\n\n<p>21. &#8220;Arslan&#8221; Ya\u015flar merkezi, &nbsp;&nbsp;<strong>\u0130nara Ablayeva<\/strong><\/p>\n\n\n\n<p>22. &#8220;Qarda\u015fl\u0131q&#8221; cemaat te\u015fkil\u00e2t\u0131,&nbsp;&nbsp;&nbsp;<strong>Murat Yaz\u0131ciyev<\/strong><\/p>\n\n\n\n<p>23. &#8220;Borazan&#8221; cemaat te\u015fkil\u00e2t\u0131,&nbsp;&nbsp;<strong>&nbsp;Tal\u00e2t \u0130lyasov<\/strong><\/p>\n\n\n\n<p>24. &#8220;Ya\u015flar sedas\u0131&#8221; cemaat te\u015fkil\u00e2t\u0131,&nbsp;&nbsp;&nbsp;<strong>Aliye Kefileva<\/strong><\/p>\n\n\n\n<p>Bundan da \u011fayr\u0131, noyabr 22 k\u00fcn\u00fc &#8220;Bizim Q\u0131r\u0131m&#8221;, &#8220;Ya\u015flar \u015furas\u0131&#8221;, &#8220;Ya\u015flar sedas\u0131&#8221;, &#8220;Qarda\u015fl\u0131q&#8221;, &#8220;Q\u0131r\u0131mtatar ya\u015flar merkezi&#8221; cemaat te\u015fkil\u00e2tlar\u0131 da onlayn muracaatn\u0131 imzlazap, Q\u0131r\u0131mtatar teatri \u00f6g\u00fcnde 2011 senesi noyabr 21-de ol\u0131p ke\u00e7ken miting te\u015fkil\u00e2t\u00e7\u0131lar\u0131n\u0131\u00f1 fesat\u0131n\u0131 qaralad\u0131lar.<\/p>\n\n\n\n<p>Cemaat te\u015fkil\u00e2tlar\u0131n\u0131\u00f1 vekilleri 21 noyabr aktsiyas\u0131n\u0131 fesat\u00e7\u0131 gruppalarn\u0131\u00f1 q\u0131r\u0131mtatar halq\u0131n\u0131\u00f1 birligini bozma\u011fa t\u0131r\u0131\u015fuv, dep tan\u0131d\u0131lar ve semetde\u015flerimizni q\u0131r\u0131mtatarlarn\u0131 b\u00f6lmege do\u011frult\u0131l\u011fan b\u00f6yle tedbirlerde i\u015ftirak etmemege \u00e7a\u011f\u0131rd\u0131lar.<\/p>\n\n\n\n<p>&#8220;Q\u0131r\u0131mtatarlarn\u0131 birle\u015ftirgen yek\u00e2ne platforma bu Q\u0131r\u0131mtatar halq\u0131n\u0131\u00f1 Meclisi ve M\u00fcftiliktir. Em q\u0131r\u0131mtatarlarn\u0131\u00f1 episi \u015fu fikirde olmal\u0131lar&#8221;, &#8211; dep sayalar cemaat te\u015fkil\u00e2tlar\u0131.<\/p>\n","protected":false},"excerpt":{"rendered":"<p>Q\u0131r\u0131mtatarlarn\u0131\u00f1 q\u0131y\u0131nl\u0131qlar\u0131n\u0131 bilgen ve ayn\u0131 \u015fu aln\u0131 qullanaraq fesat \u00e7\u0131qarma\u011fa t\u0131r\u0131\u015fqan baz\u0131 destruktiv gruppalar q\u0131r\u0131mtatarlarn\u0131\u00f1 \u00f6z-\u00f6z\u00fcni idare et\u00fcvni\u00f1 milliy organ\u0131 Qurultay ve Mecliske qar\u015f\u0131 areketlerde bulunmaqtalar. Q\u0131r\u0131mtatar akademik muz\u0131kal\u0131-drama teatri \u00f6g\u00fcnde 2011 senesi noyabr 21-de \u00f6tkerilgen miting bun\u0131\u00f1 a\u00e7\u0131q isbat\u0131d\u0131r. Aktsiya te\u015fkil\u00e2t\u00e7\u0131lar\u0131 \u00f6z tedbirlerini topraq meselelerini muzakere et\u00fcv, diye adland\u0131r\u0131p, as\u0131l\u0131nda ise milliy \u00f6z-\u00f6z\u00fcni idare [&hellip;]<\/p>\n","protected":false},"author":1,"featured_media":27224,"comment_status":"open","ping_status":"open","sticky":false,"template":"","format":"standard","meta":{"inline_featured_image":false,"footnotes":""},"categories":[265],"tags":[],"class_list":["post-27223","post","type-post","status-publish","format-standard","has-post-thumbnail","hentry","category-haberler"],"acf":[],"yoast_head":"<!-- This site is optimized with the Yoast SEO plugin v27.4 - https:\/\/yoast.com\/product\/yoast-seo-wordpress\/ -->\n<title>Q\u0131r\u0131mtatar cemaat te\u015fkil\u00e2tlar\u0131n\u0131\u00f1 muracaat\u0131 - \u041c\u0435\u0434\u0436\u043b\u0456\u0441<\/title>\n<meta name=\"robots\" content=\"index, follow, max-snippet:-1, max-image-preview:large, max-video-preview:-1\" \/>\n<link rel=\"canonical\" href=\"https:\/\/qtmm.org\/qt\/qirimtatar-cemaat-teskilatlarinin-muracaati\/\" \/>\n<meta property=\"og:locale\" content=\"en_US\" \/>\n<meta property=\"og:type\" content=\"article\" \/>\n<meta property=\"og:title\" content=\"Q\u0131r\u0131mtatar cemaat te\u015fkil\u00e2tlar\u0131n\u0131\u00f1 muracaat\u0131 - \u041c\u0435\u0434\u0436\u043b\u0456\u0441\" \/>\n<meta property=\"og:description\" content=\"Q\u0131r\u0131mtatarlarn\u0131\u00f1 q\u0131y\u0131nl\u0131qlar\u0131n\u0131 bilgen ve ayn\u0131 \u015fu aln\u0131 qullanaraq fesat \u00e7\u0131qarma\u011fa t\u0131r\u0131\u015fqan baz\u0131 destruktiv gruppalar q\u0131r\u0131mtatarlarn\u0131\u00f1 \u00f6z-\u00f6z\u00fcni idare et\u00fcvni\u00f1 milliy organ\u0131 Qurultay ve Mecliske qar\u015f\u0131 areketlerde bulunmaqtalar. Q\u0131r\u0131mtatar akademik muz\u0131kal\u0131-drama teatri \u00f6g\u00fcnde 2011 senesi noyabr 21-de \u00f6tkerilgen miting bun\u0131\u00f1 a\u00e7\u0131q isbat\u0131d\u0131r. Aktsiya te\u015fkil\u00e2t\u00e7\u0131lar\u0131 \u00f6z tedbirlerini topraq meselelerini muzakere et\u00fcv, diye adland\u0131r\u0131p, as\u0131l\u0131nda ise milliy \u00f6z-\u00f6z\u00fcni idare [&hellip;]\" \/>\n<meta property=\"og:url\" content=\"https:\/\/qtmm.org\/qt\/qirimtatar-cemaat-teskilatlarinin-muracaati\/\" \/>\n<meta property=\"og:site_name\" content=\"\u041c\u0435\u0434\u0436\u043b\u0456\u0441\" \/>\n<meta property=\"article:publisher\" content=\"https:\/\/www.facebook.com\/qtmm.info\/\" \/>\n<meta property=\"article:published_time\" content=\"2011-11-29T19:15:00+00:00\" \/>\n<meta property=\"article:modified_time\" content=\"2022-01-19T19:16:56+00:00\" \/>\n<meta property=\"og:image\" content=\"https:\/\/qtmm.org\/wp-content\/uploads\/2022\/01\/oo-1.jpeg\" \/>\n\t<meta property=\"og:image:width\" content=\"650\" \/>\n\t<meta property=\"og:image:height\" content=\"498\" \/>\n\t<meta property=\"og:image:type\" content=\"image\/jpeg\" \/>\n<meta name=\"author\" content=\"Developer\" \/>\n<meta name=\"twitter:card\" content=\"summary_large_image\" \/>\n<meta name=\"twitter:label1\" content=\"Written by\" \/>\n\t<meta name=\"twitter:data1\" content=\"Developer\" \/>\n\t<meta name=\"twitter:label2\" content=\"Est. reading time\" \/>\n\t<meta name=\"twitter:data2\" content=\"3 minutes\" \/>\n<script type=\"application\/ld+json\" class=\"yoast-schema-graph\">{\"@context\":\"https:\\\/\\\/schema.org\",\"@graph\":[{\"@type\":\"Article\",\"@id\":\"https:\\\/\\\/qtmm.org\\\/qt\\\/qirimtatar-cemaat-teskilatlarinin-muracaati\\\/#article\",\"isPartOf\":{\"@id\":\"https:\\\/\\\/qtmm.org\\\/qt\\\/qirimtatar-cemaat-teskilatlarinin-muracaati\\\/\"},\"author\":{\"name\":\"Developer\",\"@id\":\"https:\\\/\\\/qtmm.org\\\/qt\\\/#\\\/schema\\\/person\\\/de562469f971dec226ac06e60bbf74a7\"},\"headline\":\"Q\u0131r\u0131mtatar cemaat te\u015fkil\u00e2tlar\u0131n\u0131\u00f1 muracaat\u0131\",\"datePublished\":\"2011-11-29T19:15:00+00:00\",\"dateModified\":\"2022-01-19T19:16:56+00:00\",\"mainEntityOfPage\":{\"@id\":\"https:\\\/\\\/qtmm.org\\\/qt\\\/qirimtatar-cemaat-teskilatlarinin-muracaati\\\/\"},\"wordCount\":650,\"commentCount\":0,\"publisher\":{\"@id\":\"https:\\\/\\\/qtmm.org\\\/qt\\\/#organization\"},\"image\":{\"@id\":\"https:\\\/\\\/qtmm.org\\\/qt\\\/qirimtatar-cemaat-teskilatlarinin-muracaati\\\/#primaryimage\"},\"thumbnailUrl\":\"https:\\\/\\\/qtmm.org\\\/wp-content\\\/uploads\\\/2022\\\/01\\\/oo-1.jpeg\",\"articleSection\":[\"Haberler\"],\"inLanguage\":\"qt\",\"potentialAction\":[{\"@type\":\"CommentAction\",\"name\":\"Comment\",\"target\":[\"https:\\\/\\\/qtmm.org\\\/qt\\\/qirimtatar-cemaat-teskilatlarinin-muracaati\\\/#respond\"]}]},{\"@type\":\"WebPage\",\"@id\":\"https:\\\/\\\/qtmm.org\\\/qt\\\/qirimtatar-cemaat-teskilatlarinin-muracaati\\\/\",\"url\":\"https:\\\/\\\/qtmm.org\\\/qt\\\/qirimtatar-cemaat-teskilatlarinin-muracaati\\\/\",\"name\":\"Q\u0131r\u0131mtatar cemaat te\u015fkil\u00e2tlar\u0131n\u0131\u00f1 muracaat\u0131 - \u041c\u0435\u0434\u0436\u043b\u0456\u0441\",\"isPartOf\":{\"@id\":\"https:\\\/\\\/qtmm.org\\\/qt\\\/#website\"},\"primaryImageOfPage\":{\"@id\":\"https:\\\/\\\/qtmm.org\\\/qt\\\/qirimtatar-cemaat-teskilatlarinin-muracaati\\\/#primaryimage\"},\"image\":{\"@id\":\"https:\\\/\\\/qtmm.org\\\/qt\\\/qirimtatar-cemaat-teskilatlarinin-muracaati\\\/#primaryimage\"},\"thumbnailUrl\":\"https:\\\/\\\/qtmm.org\\\/wp-content\\\/uploads\\\/2022\\\/01\\\/oo-1.jpeg\",\"datePublished\":\"2011-11-29T19:15:00+00:00\",\"dateModified\":\"2022-01-19T19:16:56+00:00\",\"breadcrumb\":{\"@id\":\"https:\\\/\\\/qtmm.org\\\/qt\\\/qirimtatar-cemaat-teskilatlarinin-muracaati\\\/#breadcrumb\"},\"inLanguage\":\"qt\",\"potentialAction\":[{\"@type\":\"ReadAction\",\"target\":[\"https:\\\/\\\/qtmm.org\\\/qt\\\/qirimtatar-cemaat-teskilatlarinin-muracaati\\\/\"]}]},{\"@type\":\"ImageObject\",\"inLanguage\":\"qt\",\"@id\":\"https:\\\/\\\/qtmm.org\\\/qt\\\/qirimtatar-cemaat-teskilatlarinin-muracaati\\\/#primaryimage\",\"url\":\"https:\\\/\\\/qtmm.org\\\/wp-content\\\/uploads\\\/2022\\\/01\\\/oo-1.jpeg\",\"contentUrl\":\"https:\\\/\\\/qtmm.org\\\/wp-content\\\/uploads\\\/2022\\\/01\\\/oo-1.jpeg\",\"width\":650,\"height\":498},{\"@type\":\"BreadcrumbList\",\"@id\":\"https:\\\/\\\/qtmm.org\\\/qt\\\/qirimtatar-cemaat-teskilatlarinin-muracaati\\\/#breadcrumb\",\"itemListElement\":[{\"@type\":\"ListItem\",\"position\":1,\"name\":\"\u0413\u043e\u043b\u043e\u0432\u043d\u0430\",\"item\":\"https:\\\/\\\/qtmm.org\\\/qt\\\/\"},{\"@type\":\"ListItem\",\"position\":2,\"name\":\"Q\u0131r\u0131mtatar cemaat te\u015fkil\u00e2tlar\u0131n\u0131\u00f1 muracaat\u0131\"}]},{\"@type\":\"WebSite\",\"@id\":\"https:\\\/\\\/qtmm.org\\\/qt\\\/#website\",\"url\":\"https:\\\/\\\/qtmm.org\\\/qt\\\/\",\"name\":\"\u041c\u0435\u0434\u0436\u043b\u0456\u0441\",\"description\":\"\",\"publisher\":{\"@id\":\"https:\\\/\\\/qtmm.org\\\/qt\\\/#organization\"},\"potentialAction\":[{\"@type\":\"SearchAction\",\"target\":{\"@type\":\"EntryPoint\",\"urlTemplate\":\"https:\\\/\\\/qtmm.org\\\/qt\\\/?s={search_term_string}\"},\"query-input\":{\"@type\":\"PropertyValueSpecification\",\"valueRequired\":true,\"valueName\":\"search_term_string\"}}],\"inLanguage\":\"qt\"},{\"@type\":\"Organization\",\"@id\":\"https:\\\/\\\/qtmm.org\\\/qt\\\/#organization\",\"name\":\"\u041c\u0435\u0434\u0436\u043b\u0456\u0441\",\"url\":\"https:\\\/\\\/qtmm.org\\\/qt\\\/\",\"logo\":{\"@type\":\"ImageObject\",\"inLanguage\":\"qt\",\"@id\":\"https:\\\/\\\/qtmm.org\\\/qt\\\/#\\\/schema\\\/logo\\\/image\\\/\",\"url\":\"https:\\\/\\\/qtmm.org\\\/wp-content\\\/uploads\\\/2024\\\/12\\\/ua-mejlis-logo-rgb.svg\",\"contentUrl\":\"https:\\\/\\\/qtmm.org\\\/wp-content\\\/uploads\\\/2024\\\/12\\\/ua-mejlis-logo-rgb.svg\",\"caption\":\"\u041c\u0435\u0434\u0436\u043b\u0456\u0441\"},\"image\":{\"@id\":\"https:\\\/\\\/qtmm.org\\\/qt\\\/#\\\/schema\\\/logo\\\/image\\\/\"},\"sameAs\":[\"https:\\\/\\\/www.facebook.com\\\/qtmm.info\\\/\"]},{\"@type\":\"Person\",\"@id\":\"https:\\\/\\\/qtmm.org\\\/qt\\\/#\\\/schema\\\/person\\\/de562469f971dec226ac06e60bbf74a7\",\"name\":\"Developer\",\"image\":{\"@type\":\"ImageObject\",\"inLanguage\":\"qt\",\"@id\":\"https:\\\/\\\/secure.gravatar.com\\\/avatar\\\/392b4cc8fbfeb00b39dfeeab4ee6edded39ffd48e25858637e4765810300227e?s=96&d=mm&r=g\",\"url\":\"https:\\\/\\\/secure.gravatar.com\\\/avatar\\\/392b4cc8fbfeb00b39dfeeab4ee6edded39ffd48e25858637e4765810300227e?s=96&d=mm&r=g\",\"contentUrl\":\"https:\\\/\\\/secure.gravatar.com\\\/avatar\\\/392b4cc8fbfeb00b39dfeeab4ee6edded39ffd48e25858637e4765810300227e?s=96&d=mm&r=g\",\"caption\":\"Developer\"},\"url\":\"https:\\\/\\\/qtmm.org\\\/qt\\\/author\\\/Developer\\\/\"}]}<\/script>\n<!-- \/ Yoast SEO plugin. -->","yoast_head_json":{"title":"Q\u0131r\u0131mtatar cemaat te\u015fkil\u00e2tlar\u0131n\u0131\u00f1 muracaat\u0131 - \u041c\u0435\u0434\u0436\u043b\u0456\u0441","robots":{"index":"index","follow":"follow","max-snippet":"max-snippet:-1","max-image-preview":"max-image-preview:large","max-video-preview":"max-video-preview:-1"},"canonical":"https:\/\/qtmm.org\/qt\/qirimtatar-cemaat-teskilatlarinin-muracaati\/","og_locale":"en_US","og_type":"article","og_title":"Q\u0131r\u0131mtatar cemaat te\u015fkil\u00e2tlar\u0131n\u0131\u00f1 muracaat\u0131 - \u041c\u0435\u0434\u0436\u043b\u0456\u0441","og_description":"Q\u0131r\u0131mtatarlarn\u0131\u00f1 q\u0131y\u0131nl\u0131qlar\u0131n\u0131 bilgen ve ayn\u0131 \u015fu aln\u0131 qullanaraq fesat \u00e7\u0131qarma\u011fa t\u0131r\u0131\u015fqan baz\u0131 destruktiv gruppalar q\u0131r\u0131mtatarlarn\u0131\u00f1 \u00f6z-\u00f6z\u00fcni idare et\u00fcvni\u00f1 milliy organ\u0131 Qurultay ve Mecliske qar\u015f\u0131 areketlerde bulunmaqtalar. Q\u0131r\u0131mtatar akademik muz\u0131kal\u0131-drama teatri \u00f6g\u00fcnde 2011 senesi noyabr 21-de \u00f6tkerilgen miting bun\u0131\u00f1 a\u00e7\u0131q isbat\u0131d\u0131r. Aktsiya te\u015fkil\u00e2t\u00e7\u0131lar\u0131 \u00f6z tedbirlerini topraq meselelerini muzakere et\u00fcv, diye adland\u0131r\u0131p, as\u0131l\u0131nda ise milliy \u00f6z-\u00f6z\u00fcni idare [&hellip;]","og_url":"https:\/\/qtmm.org\/qt\/qirimtatar-cemaat-teskilatlarinin-muracaati\/","og_site_name":"\u041c\u0435\u0434\u0436\u043b\u0456\u0441","article_publisher":"https:\/\/www.facebook.com\/qtmm.info\/","article_published_time":"2011-11-29T19:15:00+00:00","article_modified_time":"2022-01-19T19:16:56+00:00","og_image":[{"width":650,"height":498,"url":"https:\/\/qtmm.org\/wp-content\/uploads\/2022\/01\/oo-1.jpeg","type":"image\/jpeg"}],"author":"Developer","twitter_card":"summary_large_image","twitter_misc":{"Written by":"Developer","Est. reading time":"3 minutes"},"schema":{"@context":"https:\/\/schema.org","@graph":[{"@type":"Article","@id":"https:\/\/qtmm.org\/qt\/qirimtatar-cemaat-teskilatlarinin-muracaati\/#article","isPartOf":{"@id":"https:\/\/qtmm.org\/qt\/qirimtatar-cemaat-teskilatlarinin-muracaati\/"},"author":{"name":"Developer","@id":"https:\/\/qtmm.org\/qt\/#\/schema\/person\/de562469f971dec226ac06e60bbf74a7"},"headline":"Q\u0131r\u0131mtatar cemaat te\u015fkil\u00e2tlar\u0131n\u0131\u00f1 muracaat\u0131","datePublished":"2011-11-29T19:15:00+00:00","dateModified":"2022-01-19T19:16:56+00:00","mainEntityOfPage":{"@id":"https:\/\/qtmm.org\/qt\/qirimtatar-cemaat-teskilatlarinin-muracaati\/"},"wordCount":650,"commentCount":0,"publisher":{"@id":"https:\/\/qtmm.org\/qt\/#organization"},"image":{"@id":"https:\/\/qtmm.org\/qt\/qirimtatar-cemaat-teskilatlarinin-muracaati\/#primaryimage"},"thumbnailUrl":"https:\/\/qtmm.org\/wp-content\/uploads\/2022\/01\/oo-1.jpeg","articleSection":["Haberler"],"inLanguage":"qt","potentialAction":[{"@type":"CommentAction","name":"Comment","target":["https:\/\/qtmm.org\/qt\/qirimtatar-cemaat-teskilatlarinin-muracaati\/#respond"]}]},{"@type":"WebPage","@id":"https:\/\/qtmm.org\/qt\/qirimtatar-cemaat-teskilatlarinin-muracaati\/","url":"https:\/\/qtmm.org\/qt\/qirimtatar-cemaat-teskilatlarinin-muracaati\/","name":"Q\u0131r\u0131mtatar cemaat te\u015fkil\u00e2tlar\u0131n\u0131\u00f1 muracaat\u0131 - \u041c\u0435\u0434\u0436\u043b\u0456\u0441","isPartOf":{"@id":"https:\/\/qtmm.org\/qt\/#website"},"primaryImageOfPage":{"@id":"https:\/\/qtmm.org\/qt\/qirimtatar-cemaat-teskilatlarinin-muracaati\/#primaryimage"},"image":{"@id":"https:\/\/qtmm.org\/qt\/qirimtatar-cemaat-teskilatlarinin-muracaati\/#primaryimage"},"thumbnailUrl":"https:\/\/qtmm.org\/wp-content\/uploads\/2022\/01\/oo-1.jpeg","datePublished":"2011-11-29T19:15:00+00:00","dateModified":"2022-01-19T19:16:56+00:00","breadcrumb":{"@id":"https:\/\/qtmm.org\/qt\/qirimtatar-cemaat-teskilatlarinin-muracaati\/#breadcrumb"},"inLanguage":"qt","potentialAction":[{"@type":"ReadAction","target":["https:\/\/qtmm.org\/qt\/qirimtatar-cemaat-teskilatlarinin-muracaati\/"]}]},{"@type":"ImageObject","inLanguage":"qt","@id":"https:\/\/qtmm.org\/qt\/qirimtatar-cemaat-teskilatlarinin-muracaati\/#primaryimage","url":"https:\/\/qtmm.org\/wp-content\/uploads\/2022\/01\/oo-1.jpeg","contentUrl":"https:\/\/qtmm.org\/wp-content\/uploads\/2022\/01\/oo-1.jpeg","width":650,"height":498},{"@type":"BreadcrumbList","@id":"https:\/\/qtmm.org\/qt\/qirimtatar-cemaat-teskilatlarinin-muracaati\/#breadcrumb","itemListElement":[{"@type":"ListItem","position":1,"name":"\u0413\u043e\u043b\u043e\u0432\u043d\u0430","item":"https:\/\/qtmm.org\/qt\/"},{"@type":"ListItem","position":2,"name":"Q\u0131r\u0131mtatar cemaat te\u015fkil\u00e2tlar\u0131n\u0131\u00f1 muracaat\u0131"}]},{"@type":"WebSite","@id":"https:\/\/qtmm.org\/qt\/#website","url":"https:\/\/qtmm.org\/qt\/","name":"\u041c\u0435\u0434\u0436\u043b\u0456\u0441","description":"","publisher":{"@id":"https:\/\/qtmm.org\/qt\/#organization"},"potentialAction":[{"@type":"SearchAction","target":{"@type":"EntryPoint","urlTemplate":"https:\/\/qtmm.org\/qt\/?s={search_term_string}"},"query-input":{"@type":"PropertyValueSpecification","valueRequired":true,"valueName":"search_term_string"}}],"inLanguage":"qt"},{"@type":"Organization","@id":"https:\/\/qtmm.org\/qt\/#organization","name":"\u041c\u0435\u0434\u0436\u043b\u0456\u0441","url":"https:\/\/qtmm.org\/qt\/","logo":{"@type":"ImageObject","inLanguage":"qt","@id":"https:\/\/qtmm.org\/qt\/#\/schema\/logo\/image\/","url":"https:\/\/qtmm.org\/wp-content\/uploads\/2024\/12\/ua-mejlis-logo-rgb.svg","contentUrl":"https:\/\/qtmm.org\/wp-content\/uploads\/2024\/12\/ua-mejlis-logo-rgb.svg","caption":"\u041c\u0435\u0434\u0436\u043b\u0456\u0441"},"image":{"@id":"https:\/\/qtmm.org\/qt\/#\/schema\/logo\/image\/"},"sameAs":["https:\/\/www.facebook.com\/qtmm.info\/"]},{"@type":"Person","@id":"https:\/\/qtmm.org\/qt\/#\/schema\/person\/de562469f971dec226ac06e60bbf74a7","name":"Developer","image":{"@type":"ImageObject","inLanguage":"qt","@id":"https:\/\/secure.gravatar.com\/avatar\/392b4cc8fbfeb00b39dfeeab4ee6edded39ffd48e25858637e4765810300227e?s=96&d=mm&r=g","url":"https:\/\/secure.gravatar.com\/avatar\/392b4cc8fbfeb00b39dfeeab4ee6edded39ffd48e25858637e4765810300227e?s=96&d=mm&r=g","contentUrl":"https:\/\/secure.gravatar.com\/avatar\/392b4cc8fbfeb00b39dfeeab4ee6edded39ffd48e25858637e4765810300227e?s=96&d=mm&r=g","caption":"Developer"},"url":"https:\/\/qtmm.org\/qt\/author\/Developer\/"}]}},"_links":{"self":[{"href":"https:\/\/qtmm.org\/qt\/wp-json\/wp\/v2\/posts\/27223","targetHints":{"allow":["GET"]}}],"collection":[{"href":"https:\/\/qtmm.org\/qt\/wp-json\/wp\/v2\/posts"}],"about":[{"href":"https:\/\/qtmm.org\/qt\/wp-json\/wp\/v2\/types\/post"}],"author":[{"embeddable":true,"href":"https:\/\/qtmm.org\/qt\/wp-json\/wp\/v2\/users\/1"}],"replies":[{"embeddable":true,"href":"https:\/\/qtmm.org\/qt\/wp-json\/wp\/v2\/comments?post=27223"}],"version-history":[{"count":1,"href":"https:\/\/qtmm.org\/qt\/wp-json\/wp\/v2\/posts\/27223\/revisions"}],"predecessor-version":[{"id":27228,"href":"https:\/\/qtmm.org\/qt\/wp-json\/wp\/v2\/posts\/27223\/revisions\/27228"}],"wp:featuredmedia":[{"embeddable":true,"href":"https:\/\/qtmm.org\/qt\/wp-json\/wp\/v2\/media\/27224"}],"wp:attachment":[{"href":"https:\/\/qtmm.org\/qt\/wp-json\/wp\/v2\/media?parent=27223"}],"wp:term":[{"taxonomy":"category","embeddable":true,"href":"https:\/\/qtmm.org\/qt\/wp-json\/wp\/v2\/categories?post=27223"},{"taxonomy":"post_tag","embeddable":true,"href":"https:\/\/qtmm.org\/qt\/wp-json\/wp\/v2\/tags?post=27223"}],"curies":[{"name":"wp","href":"https:\/\/api.w.org\/{rel}","templated":true}]}}