




{"id":27221,"date":"2011-11-29T22:14:00","date_gmt":"2011-11-29T19:14:00","guid":{"rendered":"http:\/\/qtmm.org\/?p=27221"},"modified":"2022-01-19T22:15:30","modified_gmt":"2022-01-19T19:15:30","slug":"qarasuvbazar-seerinin-cemaatciligi-qirimtatar-halqi-meclisinin-itibarini-tusurmege-ograsqan-fesatcilarnin-areketlerini-qaraladi","status":"publish","type":"post","link":"https:\/\/qtmm.org\/qt\/qarasuvbazar-seerinin-cemaatciligi-qirimtatar-halqi-meclisinin-itibarini-tusurmege-ograsqan-fesatcilarnin-areketlerini-qaraladi\/","title":{"rendered":"Qarasuvbazar \u015feerini\u00f1 cemaat\u00e7\u0131l\u0131\u011f\u0131 Q\u0131r\u0131mtatar halq\u0131 Meclisini\u00f1 itibar\u0131n\u0131 t\u00fc\u015f\u00fcrmege o\u011fra\u015fqan fesat\u00e7\u0131larn\u0131\u00f1 areketlerini qaralad\u0131"},"content":{"rendered":"\n<p class=\"has-text-align-center\">Qarasuvbazar \u015feeri cemaat\u00e7\u0131l\u0131\u011f\u0131n\u0131\u00f1 beyanat\u0131<\/p>\n\n\n\n<p>Biz, q\u0131r\u0131mtatar halq\u0131n\u0131\u00f1 Qarasuvbazar \u015feerinde ya\u015fa\u011fan vekilleri, noyabr 21 k\u00fcn\u00fc Aqmescitte q\u0131r\u0131mtatar halq\u0131n\u0131\u00f1 milliy idare organ\u0131 Meclisni\u00f1 itibar\u0131n\u0131 t\u00fc\u015f\u00fcrmek maqsad\u0131nen aktsiya ke\u00e7irgen bir gruppa insann\u0131\u00f1 areketlerini keskin qaralaym\u0131z.<\/p>\n\n\n\n<p>\u00d6z imk\u00e2nlar\u0131na qarardan ziyade q\u0131ymet kesken, izzetnefislerini\u00f1 qarar\u0131n\u0131 qa\u00e7\u0131r\u011fan, nas\u0131ld\u0131r siyasiy yahut ba\u015fqa bir sebeplernen q\u0131r\u0131mtatarlarn\u0131\u00f1 milliy idare organ\u0131n\u0131\u00f1 ol\u011fan\u0131n\u0131 bile istemegen ya da belli bir q\u0131l\u0131qlar\u0131 i\u00e7\u00fcn \u00e7etle\u015ftirilgen bu insanlarn\u0131\u00f1 faaliyeti daima Qurultay ve Meclis qararlar\u0131na qar\u015f\u0131 do\u011frult\u0131la.<\/p>\n\n\n\n<p>Biz, er bir semetde\u015fimiz i\u00e7\u00fcn bir maqsadlar o\u011frunda k\u00fcre\u015fimizde milliy birligimiz saqlan\u0131laca\u011f\u0131nda eminmiz.<\/p>\n\n\n\n<p class=\"has-text-align-right\">Qarasuvbazar \u015feer meclisi<br>Sar\u0131-Su qasabas\u0131n\u0131\u00f1 meclisi<br>Qarasuvbazar \u015feer \u015furas\u0131 &#8220;Qurultay-Ruh&#8221; deputat gruppas\u0131<br>Qarasuvbazar \u015feer musulman cemiyeti<br>&#8220;Qarda\u015fl\u0131q&#8221; cemaat te\u015fkil\u00e2t\u0131<\/p>\n\n\n\n<p class=\"has-text-align-right\">Qarasuvbazar \u015feer meclisini\u00f1 reisi Enver \u00dcseinov<\/p>\n\n\n\n<p class=\"has-text-align-right\">28.11.2011 s.<\/p>\n","protected":false},"excerpt":{"rendered":"<p>Qarasuvbazar \u015feeri cemaat\u00e7\u0131l\u0131\u011f\u0131n\u0131\u00f1 beyanat\u0131 Biz, q\u0131r\u0131mtatar halq\u0131n\u0131\u00f1 Qarasuvbazar \u015feerinde ya\u015fa\u011fan vekilleri, noyabr 21 k\u00fcn\u00fc Aqmescitte q\u0131r\u0131mtatar halq\u0131n\u0131\u00f1 milliy idare organ\u0131 Meclisni\u00f1 itibar\u0131n\u0131 t\u00fc\u015f\u00fcrmek maqsad\u0131nen aktsiya ke\u00e7irgen bir gruppa insann\u0131\u00f1 areketlerini keskin qaralaym\u0131z. \u00d6z imk\u00e2nlar\u0131na qarardan ziyade q\u0131ymet kesken, izzetnefislerini\u00f1 qarar\u0131n\u0131 qa\u00e7\u0131r\u011fan, nas\u0131ld\u0131r siyasiy yahut ba\u015fqa bir sebeplernen q\u0131r\u0131mtatarlarn\u0131\u00f1 milliy idare organ\u0131n\u0131\u00f1 ol\u011fan\u0131n\u0131 bile istemegen ya [&hellip;]<\/p>\n","protected":false},"author":1,"featured_media":0,"comment_status":"open","ping_status":"open","sticky":false,"template":"","format":"standard","meta":{"inline_featured_image":false,"footnotes":""},"categories":[265],"tags":[],"class_list":["post-27221","post","type-post","status-publish","format-standard","hentry","category-haberler"],"acf":[],"yoast_head":"<!-- This site is optimized with the Yoast SEO plugin v27.4 - https:\/\/yoast.com\/product\/yoast-seo-wordpress\/ -->\n<title>Qarasuvbazar \u015feerini\u00f1 cemaat\u00e7\u0131l\u0131\u011f\u0131 Q\u0131r\u0131mtatar halq\u0131 Meclisini\u00f1 itibar\u0131n\u0131 t\u00fc\u015f\u00fcrmege o\u011fra\u015fqan fesat\u00e7\u0131larn\u0131\u00f1 areketlerini qaralad\u0131 - \u041c\u0435\u0434\u0436\u043b\u0456\u0441<\/title>\n<meta name=\"robots\" content=\"index, follow, max-snippet:-1, max-image-preview:large, max-video-preview:-1\" \/>\n<link rel=\"canonical\" href=\"https:\/\/qtmm.org\/qt\/qarasuvbazar-seerinin-cemaatciligi-qirimtatar-halqi-meclisinin-itibarini-tusurmege-ograsqan-fesatcilarnin-areketlerini-qaraladi\/\" \/>\n<meta property=\"og:locale\" content=\"en_US\" \/>\n<meta property=\"og:type\" content=\"article\" \/>\n<meta property=\"og:title\" content=\"Qarasuvbazar \u015feerini\u00f1 cemaat\u00e7\u0131l\u0131\u011f\u0131 Q\u0131r\u0131mtatar halq\u0131 Meclisini\u00f1 itibar\u0131n\u0131 t\u00fc\u015f\u00fcrmege o\u011fra\u015fqan fesat\u00e7\u0131larn\u0131\u00f1 areketlerini qaralad\u0131 - \u041c\u0435\u0434\u0436\u043b\u0456\u0441\" \/>\n<meta property=\"og:description\" content=\"Qarasuvbazar \u015feeri cemaat\u00e7\u0131l\u0131\u011f\u0131n\u0131\u00f1 beyanat\u0131 Biz, q\u0131r\u0131mtatar halq\u0131n\u0131\u00f1 Qarasuvbazar \u015feerinde ya\u015fa\u011fan vekilleri, noyabr 21 k\u00fcn\u00fc Aqmescitte q\u0131r\u0131mtatar halq\u0131n\u0131\u00f1 milliy idare organ\u0131 Meclisni\u00f1 itibar\u0131n\u0131 t\u00fc\u015f\u00fcrmek maqsad\u0131nen aktsiya ke\u00e7irgen bir gruppa insann\u0131\u00f1 areketlerini keskin qaralaym\u0131z. \u00d6z imk\u00e2nlar\u0131na qarardan ziyade q\u0131ymet kesken, izzetnefislerini\u00f1 qarar\u0131n\u0131 qa\u00e7\u0131r\u011fan, nas\u0131ld\u0131r siyasiy yahut ba\u015fqa bir sebeplernen q\u0131r\u0131mtatarlarn\u0131\u00f1 milliy idare organ\u0131n\u0131\u00f1 ol\u011fan\u0131n\u0131 bile istemegen ya [&hellip;]\" \/>\n<meta property=\"og:url\" content=\"https:\/\/qtmm.org\/qt\/qarasuvbazar-seerinin-cemaatciligi-qirimtatar-halqi-meclisinin-itibarini-tusurmege-ograsqan-fesatcilarnin-areketlerini-qaraladi\/\" \/>\n<meta property=\"og:site_name\" content=\"\u041c\u0435\u0434\u0436\u043b\u0456\u0441\" \/>\n<meta property=\"article:publisher\" content=\"https:\/\/www.facebook.com\/qtmm.info\/\" \/>\n<meta property=\"article:published_time\" content=\"2011-11-29T19:14:00+00:00\" \/>\n<meta property=\"article:modified_time\" content=\"2022-01-19T19:15:30+00:00\" \/>\n<meta name=\"author\" content=\"Developer\" \/>\n<meta name=\"twitter:card\" content=\"summary_large_image\" \/>\n<meta name=\"twitter:label1\" content=\"Written by\" \/>\n\t<meta name=\"twitter:data1\" content=\"Developer\" \/>\n\t<meta name=\"twitter:label2\" content=\"Est. reading time\" \/>\n\t<meta name=\"twitter:data2\" content=\"1 minute\" \/>\n<script type=\"application\/ld+json\" class=\"yoast-schema-graph\">{\"@context\":\"https:\\\/\\\/schema.org\",\"@graph\":[{\"@type\":\"Article\",\"@id\":\"https:\\\/\\\/qtmm.org\\\/qt\\\/qarasuvbazar-seerinin-cemaatciligi-qirimtatar-halqi-meclisinin-itibarini-tusurmege-ograsqan-fesatcilarnin-areketlerini-qaraladi\\\/#article\",\"isPartOf\":{\"@id\":\"https:\\\/\\\/qtmm.org\\\/qt\\\/qarasuvbazar-seerinin-cemaatciligi-qirimtatar-halqi-meclisinin-itibarini-tusurmege-ograsqan-fesatcilarnin-areketlerini-qaraladi\\\/\"},\"author\":{\"name\":\"Developer\",\"@id\":\"https:\\\/\\\/qtmm.org\\\/qt\\\/#\\\/schema\\\/person\\\/de562469f971dec226ac06e60bbf74a7\"},\"headline\":\"Qarasuvbazar \u015feerini\u00f1 cemaat\u00e7\u0131l\u0131\u011f\u0131 Q\u0131r\u0131mtatar halq\u0131 Meclisini\u00f1 itibar\u0131n\u0131 t\u00fc\u015f\u00fcrmege o\u011fra\u015fqan fesat\u00e7\u0131larn\u0131\u00f1 areketlerini qaralad\u0131\",\"datePublished\":\"2011-11-29T19:14:00+00:00\",\"dateModified\":\"2022-01-19T19:15:30+00:00\",\"mainEntityOfPage\":{\"@id\":\"https:\\\/\\\/qtmm.org\\\/qt\\\/qarasuvbazar-seerinin-cemaatciligi-qirimtatar-halqi-meclisinin-itibarini-tusurmege-ograsqan-fesatcilarnin-areketlerini-qaraladi\\\/\"},\"wordCount\":177,\"commentCount\":0,\"publisher\":{\"@id\":\"https:\\\/\\\/qtmm.org\\\/qt\\\/#organization\"},\"articleSection\":[\"Haberler\"],\"inLanguage\":\"qt\",\"potentialAction\":[{\"@type\":\"CommentAction\",\"name\":\"Comment\",\"target\":[\"https:\\\/\\\/qtmm.org\\\/qt\\\/qarasuvbazar-seerinin-cemaatciligi-qirimtatar-halqi-meclisinin-itibarini-tusurmege-ograsqan-fesatcilarnin-areketlerini-qaraladi\\\/#respond\"]}]},{\"@type\":\"WebPage\",\"@id\":\"https:\\\/\\\/qtmm.org\\\/qt\\\/qarasuvbazar-seerinin-cemaatciligi-qirimtatar-halqi-meclisinin-itibarini-tusurmege-ograsqan-fesatcilarnin-areketlerini-qaraladi\\\/\",\"url\":\"https:\\\/\\\/qtmm.org\\\/qt\\\/qarasuvbazar-seerinin-cemaatciligi-qirimtatar-halqi-meclisinin-itibarini-tusurmege-ograsqan-fesatcilarnin-areketlerini-qaraladi\\\/\",\"name\":\"Qarasuvbazar \u015feerini\u00f1 cemaat\u00e7\u0131l\u0131\u011f\u0131 Q\u0131r\u0131mtatar halq\u0131 Meclisini\u00f1 itibar\u0131n\u0131 t\u00fc\u015f\u00fcrmege o\u011fra\u015fqan fesat\u00e7\u0131larn\u0131\u00f1 areketlerini qaralad\u0131 - \u041c\u0435\u0434\u0436\u043b\u0456\u0441\",\"isPartOf\":{\"@id\":\"https:\\\/\\\/qtmm.org\\\/qt\\\/#website\"},\"datePublished\":\"2011-11-29T19:14:00+00:00\",\"dateModified\":\"2022-01-19T19:15:30+00:00\",\"breadcrumb\":{\"@id\":\"https:\\\/\\\/qtmm.org\\\/qt\\\/qarasuvbazar-seerinin-cemaatciligi-qirimtatar-halqi-meclisinin-itibarini-tusurmege-ograsqan-fesatcilarnin-areketlerini-qaraladi\\\/#breadcrumb\"},\"inLanguage\":\"qt\",\"potentialAction\":[{\"@type\":\"ReadAction\",\"target\":[\"https:\\\/\\\/qtmm.org\\\/qt\\\/qarasuvbazar-seerinin-cemaatciligi-qirimtatar-halqi-meclisinin-itibarini-tusurmege-ograsqan-fesatcilarnin-areketlerini-qaraladi\\\/\"]}]},{\"@type\":\"BreadcrumbList\",\"@id\":\"https:\\\/\\\/qtmm.org\\\/qt\\\/qarasuvbazar-seerinin-cemaatciligi-qirimtatar-halqi-meclisinin-itibarini-tusurmege-ograsqan-fesatcilarnin-areketlerini-qaraladi\\\/#breadcrumb\",\"itemListElement\":[{\"@type\":\"ListItem\",\"position\":1,\"name\":\"\u0413\u043e\u043b\u043e\u0432\u043d\u0430\",\"item\":\"https:\\\/\\\/qtmm.org\\\/qt\\\/\"},{\"@type\":\"ListItem\",\"position\":2,\"name\":\"Qarasuvbazar \u015feerini\u00f1 cemaat\u00e7\u0131l\u0131\u011f\u0131 Q\u0131r\u0131mtatar halq\u0131 Meclisini\u00f1 itibar\u0131n\u0131 t\u00fc\u015f\u00fcrmege o\u011fra\u015fqan fesat\u00e7\u0131larn\u0131\u00f1 areketlerini qaralad\u0131\"}]},{\"@type\":\"WebSite\",\"@id\":\"https:\\\/\\\/qtmm.org\\\/qt\\\/#website\",\"url\":\"https:\\\/\\\/qtmm.org\\\/qt\\\/\",\"name\":\"\u041c\u0435\u0434\u0436\u043b\u0456\u0441\",\"description\":\"\",\"publisher\":{\"@id\":\"https:\\\/\\\/qtmm.org\\\/qt\\\/#organization\"},\"potentialAction\":[{\"@type\":\"SearchAction\",\"target\":{\"@type\":\"EntryPoint\",\"urlTemplate\":\"https:\\\/\\\/qtmm.org\\\/qt\\\/?s={search_term_string}\"},\"query-input\":{\"@type\":\"PropertyValueSpecification\",\"valueRequired\":true,\"valueName\":\"search_term_string\"}}],\"inLanguage\":\"qt\"},{\"@type\":\"Organization\",\"@id\":\"https:\\\/\\\/qtmm.org\\\/qt\\\/#organization\",\"name\":\"\u041c\u0435\u0434\u0436\u043b\u0456\u0441\",\"url\":\"https:\\\/\\\/qtmm.org\\\/qt\\\/\",\"logo\":{\"@type\":\"ImageObject\",\"inLanguage\":\"qt\",\"@id\":\"https:\\\/\\\/qtmm.org\\\/qt\\\/#\\\/schema\\\/logo\\\/image\\\/\",\"url\":\"https:\\\/\\\/qtmm.org\\\/wp-content\\\/uploads\\\/2024\\\/12\\\/ua-mejlis-logo-rgb.svg\",\"contentUrl\":\"https:\\\/\\\/qtmm.org\\\/wp-content\\\/uploads\\\/2024\\\/12\\\/ua-mejlis-logo-rgb.svg\",\"caption\":\"\u041c\u0435\u0434\u0436\u043b\u0456\u0441\"},\"image\":{\"@id\":\"https:\\\/\\\/qtmm.org\\\/qt\\\/#\\\/schema\\\/logo\\\/image\\\/\"},\"sameAs\":[\"https:\\\/\\\/www.facebook.com\\\/qtmm.info\\\/\"]},{\"@type\":\"Person\",\"@id\":\"https:\\\/\\\/qtmm.org\\\/qt\\\/#\\\/schema\\\/person\\\/de562469f971dec226ac06e60bbf74a7\",\"name\":\"Developer\",\"image\":{\"@type\":\"ImageObject\",\"inLanguage\":\"qt\",\"@id\":\"https:\\\/\\\/secure.gravatar.com\\\/avatar\\\/392b4cc8fbfeb00b39dfeeab4ee6edded39ffd48e25858637e4765810300227e?s=96&d=mm&r=g\",\"url\":\"https:\\\/\\\/secure.gravatar.com\\\/avatar\\\/392b4cc8fbfeb00b39dfeeab4ee6edded39ffd48e25858637e4765810300227e?s=96&d=mm&r=g\",\"contentUrl\":\"https:\\\/\\\/secure.gravatar.com\\\/avatar\\\/392b4cc8fbfeb00b39dfeeab4ee6edded39ffd48e25858637e4765810300227e?s=96&d=mm&r=g\",\"caption\":\"Developer\"},\"url\":\"https:\\\/\\\/qtmm.org\\\/qt\\\/author\\\/Developer\\\/\"}]}<\/script>\n<!-- \/ Yoast SEO plugin. -->","yoast_head_json":{"title":"Qarasuvbazar \u015feerini\u00f1 cemaat\u00e7\u0131l\u0131\u011f\u0131 Q\u0131r\u0131mtatar halq\u0131 Meclisini\u00f1 itibar\u0131n\u0131 t\u00fc\u015f\u00fcrmege o\u011fra\u015fqan fesat\u00e7\u0131larn\u0131\u00f1 areketlerini qaralad\u0131 - \u041c\u0435\u0434\u0436\u043b\u0456\u0441","robots":{"index":"index","follow":"follow","max-snippet":"max-snippet:-1","max-image-preview":"max-image-preview:large","max-video-preview":"max-video-preview:-1"},"canonical":"https:\/\/qtmm.org\/qt\/qarasuvbazar-seerinin-cemaatciligi-qirimtatar-halqi-meclisinin-itibarini-tusurmege-ograsqan-fesatcilarnin-areketlerini-qaraladi\/","og_locale":"en_US","og_type":"article","og_title":"Qarasuvbazar \u015feerini\u00f1 cemaat\u00e7\u0131l\u0131\u011f\u0131 Q\u0131r\u0131mtatar halq\u0131 Meclisini\u00f1 itibar\u0131n\u0131 t\u00fc\u015f\u00fcrmege o\u011fra\u015fqan fesat\u00e7\u0131larn\u0131\u00f1 areketlerini qaralad\u0131 - \u041c\u0435\u0434\u0436\u043b\u0456\u0441","og_description":"Qarasuvbazar \u015feeri cemaat\u00e7\u0131l\u0131\u011f\u0131n\u0131\u00f1 beyanat\u0131 Biz, q\u0131r\u0131mtatar halq\u0131n\u0131\u00f1 Qarasuvbazar \u015feerinde ya\u015fa\u011fan vekilleri, noyabr 21 k\u00fcn\u00fc Aqmescitte q\u0131r\u0131mtatar halq\u0131n\u0131\u00f1 milliy idare organ\u0131 Meclisni\u00f1 itibar\u0131n\u0131 t\u00fc\u015f\u00fcrmek maqsad\u0131nen aktsiya ke\u00e7irgen bir gruppa insann\u0131\u00f1 areketlerini keskin qaralaym\u0131z. \u00d6z imk\u00e2nlar\u0131na qarardan ziyade q\u0131ymet kesken, izzetnefislerini\u00f1 qarar\u0131n\u0131 qa\u00e7\u0131r\u011fan, nas\u0131ld\u0131r siyasiy yahut ba\u015fqa bir sebeplernen q\u0131r\u0131mtatarlarn\u0131\u00f1 milliy idare organ\u0131n\u0131\u00f1 ol\u011fan\u0131n\u0131 bile istemegen ya [&hellip;]","og_url":"https:\/\/qtmm.org\/qt\/qarasuvbazar-seerinin-cemaatciligi-qirimtatar-halqi-meclisinin-itibarini-tusurmege-ograsqan-fesatcilarnin-areketlerini-qaraladi\/","og_site_name":"\u041c\u0435\u0434\u0436\u043b\u0456\u0441","article_publisher":"https:\/\/www.facebook.com\/qtmm.info\/","article_published_time":"2011-11-29T19:14:00+00:00","article_modified_time":"2022-01-19T19:15:30+00:00","author":"Developer","twitter_card":"summary_large_image","twitter_misc":{"Written by":"Developer","Est. reading time":"1 minute"},"schema":{"@context":"https:\/\/schema.org","@graph":[{"@type":"Article","@id":"https:\/\/qtmm.org\/qt\/qarasuvbazar-seerinin-cemaatciligi-qirimtatar-halqi-meclisinin-itibarini-tusurmege-ograsqan-fesatcilarnin-areketlerini-qaraladi\/#article","isPartOf":{"@id":"https:\/\/qtmm.org\/qt\/qarasuvbazar-seerinin-cemaatciligi-qirimtatar-halqi-meclisinin-itibarini-tusurmege-ograsqan-fesatcilarnin-areketlerini-qaraladi\/"},"author":{"name":"Developer","@id":"https:\/\/qtmm.org\/qt\/#\/schema\/person\/de562469f971dec226ac06e60bbf74a7"},"headline":"Qarasuvbazar \u015feerini\u00f1 cemaat\u00e7\u0131l\u0131\u011f\u0131 Q\u0131r\u0131mtatar halq\u0131 Meclisini\u00f1 itibar\u0131n\u0131 t\u00fc\u015f\u00fcrmege o\u011fra\u015fqan fesat\u00e7\u0131larn\u0131\u00f1 areketlerini qaralad\u0131","datePublished":"2011-11-29T19:14:00+00:00","dateModified":"2022-01-19T19:15:30+00:00","mainEntityOfPage":{"@id":"https:\/\/qtmm.org\/qt\/qarasuvbazar-seerinin-cemaatciligi-qirimtatar-halqi-meclisinin-itibarini-tusurmege-ograsqan-fesatcilarnin-areketlerini-qaraladi\/"},"wordCount":177,"commentCount":0,"publisher":{"@id":"https:\/\/qtmm.org\/qt\/#organization"},"articleSection":["Haberler"],"inLanguage":"qt","potentialAction":[{"@type":"CommentAction","name":"Comment","target":["https:\/\/qtmm.org\/qt\/qarasuvbazar-seerinin-cemaatciligi-qirimtatar-halqi-meclisinin-itibarini-tusurmege-ograsqan-fesatcilarnin-areketlerini-qaraladi\/#respond"]}]},{"@type":"WebPage","@id":"https:\/\/qtmm.org\/qt\/qarasuvbazar-seerinin-cemaatciligi-qirimtatar-halqi-meclisinin-itibarini-tusurmege-ograsqan-fesatcilarnin-areketlerini-qaraladi\/","url":"https:\/\/qtmm.org\/qt\/qarasuvbazar-seerinin-cemaatciligi-qirimtatar-halqi-meclisinin-itibarini-tusurmege-ograsqan-fesatcilarnin-areketlerini-qaraladi\/","name":"Qarasuvbazar \u015feerini\u00f1 cemaat\u00e7\u0131l\u0131\u011f\u0131 Q\u0131r\u0131mtatar halq\u0131 Meclisini\u00f1 itibar\u0131n\u0131 t\u00fc\u015f\u00fcrmege o\u011fra\u015fqan fesat\u00e7\u0131larn\u0131\u00f1 areketlerini qaralad\u0131 - \u041c\u0435\u0434\u0436\u043b\u0456\u0441","isPartOf":{"@id":"https:\/\/qtmm.org\/qt\/#website"},"datePublished":"2011-11-29T19:14:00+00:00","dateModified":"2022-01-19T19:15:30+00:00","breadcrumb":{"@id":"https:\/\/qtmm.org\/qt\/qarasuvbazar-seerinin-cemaatciligi-qirimtatar-halqi-meclisinin-itibarini-tusurmege-ograsqan-fesatcilarnin-areketlerini-qaraladi\/#breadcrumb"},"inLanguage":"qt","potentialAction":[{"@type":"ReadAction","target":["https:\/\/qtmm.org\/qt\/qarasuvbazar-seerinin-cemaatciligi-qirimtatar-halqi-meclisinin-itibarini-tusurmege-ograsqan-fesatcilarnin-areketlerini-qaraladi\/"]}]},{"@type":"BreadcrumbList","@id":"https:\/\/qtmm.org\/qt\/qarasuvbazar-seerinin-cemaatciligi-qirimtatar-halqi-meclisinin-itibarini-tusurmege-ograsqan-fesatcilarnin-areketlerini-qaraladi\/#breadcrumb","itemListElement":[{"@type":"ListItem","position":1,"name":"\u0413\u043e\u043b\u043e\u0432\u043d\u0430","item":"https:\/\/qtmm.org\/qt\/"},{"@type":"ListItem","position":2,"name":"Qarasuvbazar \u015feerini\u00f1 cemaat\u00e7\u0131l\u0131\u011f\u0131 Q\u0131r\u0131mtatar halq\u0131 Meclisini\u00f1 itibar\u0131n\u0131 t\u00fc\u015f\u00fcrmege o\u011fra\u015fqan fesat\u00e7\u0131larn\u0131\u00f1 areketlerini qaralad\u0131"}]},{"@type":"WebSite","@id":"https:\/\/qtmm.org\/qt\/#website","url":"https:\/\/qtmm.org\/qt\/","name":"\u041c\u0435\u0434\u0436\u043b\u0456\u0441","description":"","publisher":{"@id":"https:\/\/qtmm.org\/qt\/#organization"},"potentialAction":[{"@type":"SearchAction","target":{"@type":"EntryPoint","urlTemplate":"https:\/\/qtmm.org\/qt\/?s={search_term_string}"},"query-input":{"@type":"PropertyValueSpecification","valueRequired":true,"valueName":"search_term_string"}}],"inLanguage":"qt"},{"@type":"Organization","@id":"https:\/\/qtmm.org\/qt\/#organization","name":"\u041c\u0435\u0434\u0436\u043b\u0456\u0441","url":"https:\/\/qtmm.org\/qt\/","logo":{"@type":"ImageObject","inLanguage":"qt","@id":"https:\/\/qtmm.org\/qt\/#\/schema\/logo\/image\/","url":"https:\/\/qtmm.org\/wp-content\/uploads\/2024\/12\/ua-mejlis-logo-rgb.svg","contentUrl":"https:\/\/qtmm.org\/wp-content\/uploads\/2024\/12\/ua-mejlis-logo-rgb.svg","caption":"\u041c\u0435\u0434\u0436\u043b\u0456\u0441"},"image":{"@id":"https:\/\/qtmm.org\/qt\/#\/schema\/logo\/image\/"},"sameAs":["https:\/\/www.facebook.com\/qtmm.info\/"]},{"@type":"Person","@id":"https:\/\/qtmm.org\/qt\/#\/schema\/person\/de562469f971dec226ac06e60bbf74a7","name":"Developer","image":{"@type":"ImageObject","inLanguage":"qt","@id":"https:\/\/secure.gravatar.com\/avatar\/392b4cc8fbfeb00b39dfeeab4ee6edded39ffd48e25858637e4765810300227e?s=96&d=mm&r=g","url":"https:\/\/secure.gravatar.com\/avatar\/392b4cc8fbfeb00b39dfeeab4ee6edded39ffd48e25858637e4765810300227e?s=96&d=mm&r=g","contentUrl":"https:\/\/secure.gravatar.com\/avatar\/392b4cc8fbfeb00b39dfeeab4ee6edded39ffd48e25858637e4765810300227e?s=96&d=mm&r=g","caption":"Developer"},"url":"https:\/\/qtmm.org\/qt\/author\/Developer\/"}]}},"_links":{"self":[{"href":"https:\/\/qtmm.org\/qt\/wp-json\/wp\/v2\/posts\/27221","targetHints":{"allow":["GET"]}}],"collection":[{"href":"https:\/\/qtmm.org\/qt\/wp-json\/wp\/v2\/posts"}],"about":[{"href":"https:\/\/qtmm.org\/qt\/wp-json\/wp\/v2\/types\/post"}],"author":[{"embeddable":true,"href":"https:\/\/qtmm.org\/qt\/wp-json\/wp\/v2\/users\/1"}],"replies":[{"embeddable":true,"href":"https:\/\/qtmm.org\/qt\/wp-json\/wp\/v2\/comments?post=27221"}],"version-history":[{"count":1,"href":"https:\/\/qtmm.org\/qt\/wp-json\/wp\/v2\/posts\/27221\/revisions"}],"predecessor-version":[{"id":27222,"href":"https:\/\/qtmm.org\/qt\/wp-json\/wp\/v2\/posts\/27221\/revisions\/27222"}],"wp:attachment":[{"href":"https:\/\/qtmm.org\/qt\/wp-json\/wp\/v2\/media?parent=27221"}],"wp:term":[{"taxonomy":"category","embeddable":true,"href":"https:\/\/qtmm.org\/qt\/wp-json\/wp\/v2\/categories?post=27221"},{"taxonomy":"post_tag","embeddable":true,"href":"https:\/\/qtmm.org\/qt\/wp-json\/wp\/v2\/tags?post=27221"}],"curies":[{"name":"wp","href":"https:\/\/api.w.org\/{rel}","templated":true}]}}