




{"id":27163,"date":"2011-11-28T22:11:00","date_gmt":"2011-11-28T19:11:00","guid":{"rendered":"http:\/\/qtmm.org\/?p=27163"},"modified":"2022-01-19T22:14:18","modified_gmt":"2022-01-19T19:14:18","slug":"qirimtatar-qadinlar-birligi-esabat-saylav-konferentsiyasini-kecirdi","status":"publish","type":"post","link":"https:\/\/qtmm.org\/qt\/qirimtatar-qadinlar-birligi-esabat-saylav-konferentsiyasini-kecirdi\/","title":{"rendered":"Q\u0131r\u0131mtatar qad\u0131nlar birligi esabat-saylav konferentsiyas\u0131n\u0131 ke\u00e7irdi"},"content":{"rendered":"\n<p>2011 senesi noyabr 28 k\u00fcn\u00fc Aqmescitteki &#8220;Marakand&#8221; musafirhanesini\u00f1 topla\u015fuvlar salon\u0131nda Q\u0131r\u0131mtatar qad\u0131nlar ligas\u0131n\u0131\u00f1 esabat-saylav konferentsiyas\u0131 ol\u0131p ke\u00e7ti. 1994 senesini\u00f1 mart ay\u0131nda B\u00fct\u00fcnq\u0131r\u0131m konferentsiyas\u0131nda tesis etilgen Q\u0131r\u0131mtatar qad\u0131nlar\u0131n\u0131\u00f1 birligi m\u0131na endi on be\u015f y\u0131ldan berli Safinar Cemilevan\u0131\u00f1 reisliginde aktiv faaliyet k\u00f6stermekte.<\/p>\n\n\n\n<p>&#8220;Te\u015fkil\u00e2t\u0131m\u0131zn\u0131\u00f1 ba\u015f maqsad\u0131 qad\u0131nlar ve balalarn\u0131\u00f1 uquqlar\u0131n\u0131 qor\u00e7alamaqt\u0131r, &#8211; dedi qad\u0131nlar birligini\u00f1 reisi S.Cemileva.- Bug\u00fcn Q\u0131r\u0131mn\u0131\u00f1 15 rayon ve \u015feyeerlerinde Birligimizni\u00f1 vek\u00e2letlikleri mevcut. S.Cemilevan\u0131\u00f1 aytqan\u0131na k\u00f6re, on\u0131\u00f1 reberligindeki te\u015fkil\u00e2t sotsial, medeniy, uquqiy ve halqara saalarda i\u015f al\u0131p bara.<\/p>\n\n\n\n<p>&#8220;Te\u015fkil\u00e2t\u0131m\u0131z meydan\u011fa ketirilgeninen Vatan\u0131m\u0131zn\u0131\u00f1 t\u0131\u015f\u0131nda ya\u015fa\u011fan diasporanen ba\u011f tut\u0131p, T\u00fcrkiye, Amerika ve Romaniyada vek\u00e2letliklerimizni a\u00e7ma\u011fa nail old\u0131&#8221;, &#8211; deyler Qad\u0131nlar birligi idaresini\u00f1 azalar\u0131.<\/p>\n\n\n\n<p>Bundan da \u011fayr\u0131, Safinar Cemileva Qad\u0131nlar ligas\u0131 te\u015fkil etilgenini\u00f1 ilk k\u00fcn\u00fcnden T\u00fcrk qad\u0131nlar\u0131 konfederatsiyas\u0131na kirdi ve on\u0131\u00f1 b\u00fct\u00fcn forum ve qurultaylar\u0131nda i\u015ftirak etti.<\/p>\n\n\n\n<p>K\u00fcn tertibinde te\u015fkil\u00e2t idare azalar\u0131n\u0131 \u011fayr\u0131dan saylav, bir s\u0131ra resmiy dokumentler qabul et\u00fcv ve medeniy programma k\u00f6zde tutul\u011fan konferentsiya i\u015ftirak\u00e7ilerini hay\u0131rlamaq i\u00e7\u00fcn Meclis reisini\u00f1 muavini, Q\u0131r\u0131m Yuqar\u0131 \u015euras\u0131n\u0131\u00f1 Milletlerara munasebetler ve s\u00fcrg\u00fcn etilgen grajdanlarn\u0131\u00f1 i\u015fleri boyunca daimiy komissiyas\u0131n\u0131\u00f1 reisi Remzi \u0130lyasov, Ukraina Prezidentini\u00f1 Q\u0131r\u0131mdaki daimiy vekilini\u00f1 muavini \u0130braim Mamutov, Q\u0131r\u0131m musulmanlar\u0131 m\u00fcftisini\u00f1 muavini Ayder \u0130smailov, &#8220;FOND &#8220;KRIM&#8221; Hayriye te\u015fkil\u00e2t\u0131n\u0131\u00f1 reisi Riza \u015eevkiyev, Meclis azas\u0131 Suleyman Abmecitov, gumanitar leyha &#8220;\u0130RD&#8221; halqara yard\u0131m ve inki\u015faf te\u015fkil\u00e2t\u0131n\u0131\u00f1 ba\u015f\u0131 Tatyana Jabenko, Q\u0131r\u0131m Tasil ve ilim, sport ve gen\u00e7lik nazirligini\u00f1 vekilleri ve digerleri keldiler.<\/p>\n\n\n\n<p>Konferentsiyan\u0131\u00f1 ba\u015f\u0131nda delegat ve musafirlerni\u00f1 diqqat\u0131na Q\u0131r\u0131mtatar qad\u0131nlar birligini\u00f1 faaliyeti aqq\u0131nda film taqdim olund\u0131. 15 y\u0131ll\u0131q faaliyeti devam\u0131nda te\u015fkil\u00e2t qad\u0131nlar ve balalarn\u0131\u00f1 uquqlar\u0131n\u0131 qor\u00e7alav\u011fa dair bir s\u0131ra leyhalarn\u0131 amelge ke\u00e7irdi. C\u00fcmleden, Soros fond\u0131 ile i\u015fbirlikte AQ\u015en\u0131\u00f1 gumanitar yard\u0131m boyunca devlet departamentinen emekda\u015fl\u0131q \u00e7er\u00e7ivesinde pek \u00e7oq insan ve te\u015fkil\u00e2tlar a\u015fayt ve urba yard\u0131m\u0131 ald\u0131lar. Birlikni\u00f1 areketleri sayesinde 20-den ziyade \u00f6ks\u00fcz bala ya\u00f1\u0131 aile saibi old\u0131. Liga ta\u015flan\u011fan balalar probleminen de faal o\u011fra\u015fa.<\/p>\n\n\n\n<p>&#8220;Bizim te\u015fkil\u00e2t\u0131m\u0131z muhtac ailedeki, saqat balalar, \u00f6ks\u00fcz balalar boyunca mal\u00fcmatlarn\u0131 toplap, olar\u011fa er tarafl\u0131 yard\u0131m k\u00f6stermege t\u0131r\u0131\u015fa&#8221;, &#8211; bildirdiler birlikni\u00f1 azalar\u0131.<\/p>\n\n\n\n<p>Qad\u0131nlar ligas\u0131 Q\u0131r\u0131mtatar halq\u0131n\u0131\u00f1 Meclisinen beraber Q\u0131r\u0131mn\u0131\u00f1 \u00e7e\u015fit regionlar\u0131nda &#8220;Narat bayram\u0131&#8221;n\u0131 ke\u00e7ire. Liga istidatl\u0131 balalar\u011fa da b\u00fcy\u00fck diqqat ay\u0131r\u011fan\u0131 sayesinde ki\u00e7kene artistler T\u00fcrkiye, Romaniya, Bul\u011faristan, Poloniya, Birle\u015fken Arap Emirliklerini ziyaret ettiler.<\/p>\n\n\n\n<p>Bun\u0131\u00f1 kibi de Qad\u0131nlar ligas\u0131 matbaac\u0131l\u0131q faaliyetine de ayr\u0131ca emiyet bere. \u0130\u015fte, te\u015fkil\u00e2tn\u0131\u00f1 qoltutuv\u0131nda q\u0131r\u0131mtatar qad\u0131nlar\u0131n\u0131\u00f1 faaliyeti aqq\u0131nda ik\u00e2ye etken &#8220;Q\u0131r\u0131mn\u0131\u00f1 sad\u0131q q\u0131zlar\u0131&#8221; kitab\u0131, &#8220;Arz\u0131&#8221; mecmuas\u0131 ne\u015fir etildi.<\/p>\n\n\n\n<p>Esabat-saylav konferentsiya i\u015ftirak\u00e7ilerini\u00f1 rey ber\u00fcv neticelerine k\u00f6re Q\u0131r\u0131mtatar qad\u0131nlar ligasini\u00f1 reisi olaraq kene Safinar Cemileva, muavini &#8211; Emine Bekirova sayland\u0131. Bun\u0131\u00f1 kibi de sotsial, medeniy, adliye ve cemaat ile al\u00e2qa b\u00f6l\u00fcklerini\u00f1 reberleri de saylan\u0131p, Tefti\u015f komissiyas\u0131n\u0131\u00f1 erk\u00e2n\u0131 ya\u00f1\u0131land\u0131.<\/p>\n\n\n\n<p>Esabat-saylav konferentsiya devam\u0131nda delegatlar Q\u0131r\u0131mtatar qad\u0131nlar ligas\u0131na t\u00fcrk d\u00fcnyas\u0131nda ilk qad\u0131n mecmuas\u0131 &#8220;Alem-i Nisvan&#8221;n\u0131\u00f1 muarriri, \u0130smail Gasprinskiyni\u00f1 q\u0131z\u0131 \u015eefiqa Gasprinskayan\u0131\u00f1 ad\u0131 berilmesini bira\u011f\u0131zdan qoltutt\u0131lar.<\/p>\n\n\n\n<p>Bundan da \u011fayr\u0131 qad\u0131nlar te\u015fkil\u00e2t\u0131n\u0131\u00f1 azalar\u0131 ve &#8220;Tezis&#8221; ne\u015friyat\u0131n\u0131\u00f1 direktor\u0131 Ediye M\u00fcslimova Q\u0131r\u0131mtatar halq\u0131 Meclisi ve \u015fahsen Mustafa Cemilevni\u00f1 qoltutuv\u0131 sayesinde balalar i\u00e7\u00fcn q\u0131r\u0131mtatar tilinde \u00e7\u0131qqan &#8220;Arman\u00e7\u0131q&#8221; mecmuas\u0131n\u0131 taqdim ettiler.<\/p>\n\n\n\n<p>Esabat-saylav konferentsiyan\u0131\u00f1 delegatlar\u0131 2011 senesi noyabr 21 k\u00fcn\u00fc Aqmescitte Q\u0131r\u0131mtatar akademik teatr yan\u0131nda toplan\u011fan \u015fah\u0131slarn\u0131\u00f1 provokatsion areketlerini qarala\u011fanlar\u0131 aqq\u0131nda beyanat qabul ettiler.<\/p>\n\n\n\n<p>&#8220;B\u00fct\u00fcn umummilliy meselelerni q\u0131r\u0131mtatar halq\u0131 qurultay\u0131n\u0131\u00f1 platformas\u0131nda al etmek kerekligine eminmiz&#8221;, &#8211; denile Q\u0131r\u0131mtatar qad\u0131nlar ligas\u0131 esabat-saylav konferentsiyas\u0131n\u0131\u00f1 beyanat\u0131nda. Beyanat m\u00fcellifleri q\u0131r\u0131mtatar halq\u0131na muracaat etip, provokatorlarn\u0131\u00f1 areketlerini qaralamaq ve halq\u0131m\u0131zn\u0131\u00f1 birligini pekitmek o\u011frunda cemaat \u00e7are-tedbirlerini k\u00f6rmege \u00e7a\u011f\u0131rd\u0131lar.<\/p>\n\n\n\n<figure class=\"wp-block-gallery columns-3 is-cropped wp-block-gallery-1 is-layout-flex wp-block-gallery-is-layout-flex\"><ul class=\"blocks-gallery-grid\"><li class=\"blocks-gallery-item\"><figure><a href=\"http:\/\/qtmm.org\/wp-content\/uploads\/2022\/01\/4ed4af6c4d05b.jpeg\"><img loading=\"lazy\" decoding=\"async\" width=\"640\" height=\"480\" src=\"http:\/\/qtmm.org\/wp-content\/uploads\/2022\/01\/4ed4af6c4d05b.jpeg\" alt=\"\" data-id=\"27164\" data-full-url=\"http:\/\/qtmm.org\/wp-content\/uploads\/2022\/01\/4ed4af6c4d05b.jpeg\" data-link=\"http:\/\/qtmm.org\/qt\/?attachment_id=27164\" class=\"wp-image-27164\" srcset=\"https:\/\/qtmm.org\/wp-content\/uploads\/2022\/01\/4ed4af6c4d05b.jpeg 640w, https:\/\/qtmm.org\/wp-content\/uploads\/2022\/01\/4ed4af6c4d05b-300x225.jpeg 300w\" sizes=\"auto, (max-width: 640px) 100vw, 640px\" \/><\/a><\/figure><\/li><li class=\"blocks-gallery-item\"><figure><a href=\"http:\/\/qtmm.org\/wp-content\/uploads\/2022\/01\/4ed4af6c862a1.jpeg\"><img loading=\"lazy\" decoding=\"async\" width=\"640\" height=\"480\" src=\"http:\/\/qtmm.org\/wp-content\/uploads\/2022\/01\/4ed4af6c862a1.jpeg\" alt=\"\" data-id=\"27168\" data-full-url=\"http:\/\/qtmm.org\/wp-content\/uploads\/2022\/01\/4ed4af6c862a1.jpeg\" data-link=\"http:\/\/qtmm.org\/qt\/?attachment_id=27168\" class=\"wp-image-27168\" srcset=\"https:\/\/qtmm.org\/wp-content\/uploads\/2022\/01\/4ed4af6c862a1.jpeg 640w, https:\/\/qtmm.org\/wp-content\/uploads\/2022\/01\/4ed4af6c862a1-300x225.jpeg 300w\" sizes=\"auto, (max-width: 640px) 100vw, 640px\" \/><\/a><\/figure><\/li><li class=\"blocks-gallery-item\"><figure><a href=\"http:\/\/qtmm.org\/wp-content\/uploads\/2022\/01\/4ed4af6cbf8a5.jpeg\"><img loading=\"lazy\" decoding=\"async\" width=\"640\" height=\"480\" src=\"http:\/\/qtmm.org\/wp-content\/uploads\/2022\/01\/4ed4af6cbf8a5.jpeg\" alt=\"\" data-id=\"27172\" data-full-url=\"http:\/\/qtmm.org\/wp-content\/uploads\/2022\/01\/4ed4af6cbf8a5.jpeg\" data-link=\"http:\/\/qtmm.org\/qt\/?attachment_id=27172\" class=\"wp-image-27172\" srcset=\"https:\/\/qtmm.org\/wp-content\/uploads\/2022\/01\/4ed4af6cbf8a5.jpeg 640w, https:\/\/qtmm.org\/wp-content\/uploads\/2022\/01\/4ed4af6cbf8a5-300x225.jpeg 300w\" sizes=\"auto, (max-width: 640px) 100vw, 640px\" \/><\/a><\/figure><\/li><li class=\"blocks-gallery-item\"><figure><a href=\"http:\/\/qtmm.org\/wp-content\/uploads\/2022\/01\/4ed4af6d10b78.jpeg\"><img loading=\"lazy\" decoding=\"async\" width=\"640\" height=\"480\" src=\"http:\/\/qtmm.org\/wp-content\/uploads\/2022\/01\/4ed4af6d10b78.jpeg\" alt=\"\" data-id=\"27176\" data-full-url=\"http:\/\/qtmm.org\/wp-content\/uploads\/2022\/01\/4ed4af6d10b78.jpeg\" data-link=\"http:\/\/qtmm.org\/qt\/?attachment_id=27176\" class=\"wp-image-27176\" srcset=\"https:\/\/qtmm.org\/wp-content\/uploads\/2022\/01\/4ed4af6d10b78.jpeg 640w, https:\/\/qtmm.org\/wp-content\/uploads\/2022\/01\/4ed4af6d10b78-300x225.jpeg 300w\" sizes=\"auto, (max-width: 640px) 100vw, 640px\" \/><\/a><\/figure><\/li><li class=\"blocks-gallery-item\"><figure><a href=\"http:\/\/qtmm.org\/wp-content\/uploads\/2022\/01\/4ed4af6d50add.jpeg\"><img loading=\"lazy\" decoding=\"async\" width=\"640\" height=\"480\" src=\"http:\/\/qtmm.org\/wp-content\/uploads\/2022\/01\/4ed4af6d50add.jpeg\" alt=\"\" data-id=\"27180\" data-full-url=\"http:\/\/qtmm.org\/wp-content\/uploads\/2022\/01\/4ed4af6d50add.jpeg\" data-link=\"http:\/\/qtmm.org\/qt\/?attachment_id=27180\" class=\"wp-image-27180\" srcset=\"https:\/\/qtmm.org\/wp-content\/uploads\/2022\/01\/4ed4af6d50add.jpeg 640w, https:\/\/qtmm.org\/wp-content\/uploads\/2022\/01\/4ed4af6d50add-300x225.jpeg 300w\" sizes=\"auto, (max-width: 640px) 100vw, 640px\" \/><\/a><\/figure><\/li><li class=\"blocks-gallery-item\"><figure><a href=\"http:\/\/qtmm.org\/wp-content\/uploads\/2022\/01\/4ed4af6d91dbe.jpeg\"><img loading=\"lazy\" decoding=\"async\" width=\"640\" height=\"480\" src=\"http:\/\/qtmm.org\/wp-content\/uploads\/2022\/01\/4ed4af6d91dbe.jpeg\" alt=\"\" data-id=\"27184\" data-full-url=\"http:\/\/qtmm.org\/wp-content\/uploads\/2022\/01\/4ed4af6d91dbe.jpeg\" data-link=\"http:\/\/qtmm.org\/qt\/?attachment_id=27184\" class=\"wp-image-27184\" srcset=\"https:\/\/qtmm.org\/wp-content\/uploads\/2022\/01\/4ed4af6d91dbe.jpeg 640w, https:\/\/qtmm.org\/wp-content\/uploads\/2022\/01\/4ed4af6d91dbe-300x225.jpeg 300w\" sizes=\"auto, (max-width: 640px) 100vw, 640px\" \/><\/a><\/figure><\/li><li class=\"blocks-gallery-item\"><figure><a href=\"http:\/\/qtmm.org\/wp-content\/uploads\/2022\/01\/4ed4af6dcf9f0.jpeg\"><img loading=\"lazy\" decoding=\"async\" width=\"640\" height=\"480\" src=\"http:\/\/qtmm.org\/wp-content\/uploads\/2022\/01\/4ed4af6dcf9f0.jpeg\" alt=\"\" data-id=\"27188\" data-full-url=\"http:\/\/qtmm.org\/wp-content\/uploads\/2022\/01\/4ed4af6dcf9f0.jpeg\" data-link=\"http:\/\/qtmm.org\/qt\/?attachment_id=27188\" class=\"wp-image-27188\" srcset=\"https:\/\/qtmm.org\/wp-content\/uploads\/2022\/01\/4ed4af6dcf9f0.jpeg 640w, https:\/\/qtmm.org\/wp-content\/uploads\/2022\/01\/4ed4af6dcf9f0-300x225.jpeg 300w\" sizes=\"auto, (max-width: 640px) 100vw, 640px\" \/><\/a><\/figure><\/li><li class=\"blocks-gallery-item\"><figure><a href=\"http:\/\/qtmm.org\/wp-content\/uploads\/2022\/01\/4ed4af6e1c2f4.jpeg\"><img loading=\"lazy\" decoding=\"async\" width=\"640\" height=\"480\" src=\"http:\/\/qtmm.org\/wp-content\/uploads\/2022\/01\/4ed4af6e1c2f4.jpeg\" alt=\"\" data-id=\"27192\" data-full-url=\"http:\/\/qtmm.org\/wp-content\/uploads\/2022\/01\/4ed4af6e1c2f4.jpeg\" data-link=\"http:\/\/qtmm.org\/qt\/?attachment_id=27192\" class=\"wp-image-27192\" srcset=\"https:\/\/qtmm.org\/wp-content\/uploads\/2022\/01\/4ed4af6e1c2f4.jpeg 640w, https:\/\/qtmm.org\/wp-content\/uploads\/2022\/01\/4ed4af6e1c2f4-300x225.jpeg 300w\" sizes=\"auto, (max-width: 640px) 100vw, 640px\" \/><\/a><\/figure><\/li><li class=\"blocks-gallery-item\"><figure><a href=\"http:\/\/qtmm.org\/wp-content\/uploads\/2022\/01\/4ed4af6e5b262.jpeg\"><img loading=\"lazy\" decoding=\"async\" width=\"640\" height=\"480\" src=\"http:\/\/qtmm.org\/wp-content\/uploads\/2022\/01\/4ed4af6e5b262.jpeg\" alt=\"\" data-id=\"27196\" data-full-url=\"http:\/\/qtmm.org\/wp-content\/uploads\/2022\/01\/4ed4af6e5b262.jpeg\" data-link=\"http:\/\/qtmm.org\/qt\/?attachment_id=27196\" class=\"wp-image-27196\" srcset=\"https:\/\/qtmm.org\/wp-content\/uploads\/2022\/01\/4ed4af6e5b262.jpeg 640w, https:\/\/qtmm.org\/wp-content\/uploads\/2022\/01\/4ed4af6e5b262-300x225.jpeg 300w\" sizes=\"auto, (max-width: 640px) 100vw, 640px\" \/><\/a><\/figure><\/li><li class=\"blocks-gallery-item\"><figure><a href=\"http:\/\/qtmm.org\/wp-content\/uploads\/2022\/01\/4ed4af6e953f1.jpeg\"><img loading=\"lazy\" decoding=\"async\" width=\"640\" height=\"480\" src=\"http:\/\/qtmm.org\/wp-content\/uploads\/2022\/01\/4ed4af6e953f1.jpeg\" alt=\"\" data-id=\"27200\" data-full-url=\"http:\/\/qtmm.org\/wp-content\/uploads\/2022\/01\/4ed4af6e953f1.jpeg\" data-link=\"http:\/\/qtmm.org\/qt\/?attachment_id=27200\" class=\"wp-image-27200\" srcset=\"https:\/\/qtmm.org\/wp-content\/uploads\/2022\/01\/4ed4af6e953f1.jpeg 640w, https:\/\/qtmm.org\/wp-content\/uploads\/2022\/01\/4ed4af6e953f1-300x225.jpeg 300w\" sizes=\"auto, (max-width: 640px) 100vw, 640px\" \/><\/a><\/figure><\/li><li class=\"blocks-gallery-item\"><figure><a href=\"http:\/\/qtmm.org\/wp-content\/uploads\/2022\/01\/4ed4af6ed3851.jpeg\"><img loading=\"lazy\" decoding=\"async\" width=\"640\" height=\"480\" src=\"http:\/\/qtmm.org\/wp-content\/uploads\/2022\/01\/4ed4af6ed3851.jpeg\" alt=\"\" data-id=\"27204\" data-full-url=\"http:\/\/qtmm.org\/wp-content\/uploads\/2022\/01\/4ed4af6ed3851.jpeg\" data-link=\"http:\/\/qtmm.org\/qt\/?attachment_id=27204\" class=\"wp-image-27204\" srcset=\"https:\/\/qtmm.org\/wp-content\/uploads\/2022\/01\/4ed4af6ed3851.jpeg 640w, https:\/\/qtmm.org\/wp-content\/uploads\/2022\/01\/4ed4af6ed3851-300x225.jpeg 300w\" sizes=\"auto, (max-width: 640px) 100vw, 640px\" \/><\/a><\/figure><\/li><li class=\"blocks-gallery-item\"><figure><a href=\"http:\/\/qtmm.org\/wp-content\/uploads\/2022\/01\/4ed4af6f957b6.jpeg\"><img loading=\"lazy\" decoding=\"async\" width=\"640\" height=\"480\" src=\"http:\/\/qtmm.org\/wp-content\/uploads\/2022\/01\/4ed4af6f957b6.jpeg\" alt=\"\" data-id=\"27208\" data-full-url=\"http:\/\/qtmm.org\/wp-content\/uploads\/2022\/01\/4ed4af6f957b6.jpeg\" data-link=\"http:\/\/qtmm.org\/qt\/?attachment_id=27208\" class=\"wp-image-27208\" srcset=\"https:\/\/qtmm.org\/wp-content\/uploads\/2022\/01\/4ed4af6f957b6.jpeg 640w, https:\/\/qtmm.org\/wp-content\/uploads\/2022\/01\/4ed4af6f957b6-300x225.jpeg 300w\" sizes=\"auto, (max-width: 640px) 100vw, 640px\" \/><\/a><\/figure><\/li><li class=\"blocks-gallery-item\"><figure><a href=\"http:\/\/qtmm.org\/wp-content\/uploads\/2022\/01\/4ed4af6fd0ceb.jpeg\"><img loading=\"lazy\" decoding=\"async\" width=\"640\" height=\"480\" src=\"http:\/\/qtmm.org\/wp-content\/uploads\/2022\/01\/4ed4af6fd0ceb.jpeg\" alt=\"\" data-id=\"27212\" data-full-url=\"http:\/\/qtmm.org\/wp-content\/uploads\/2022\/01\/4ed4af6fd0ceb.jpeg\" data-link=\"http:\/\/qtmm.org\/qt\/?attachment_id=27212\" class=\"wp-image-27212\" srcset=\"https:\/\/qtmm.org\/wp-content\/uploads\/2022\/01\/4ed4af6fd0ceb.jpeg 640w, https:\/\/qtmm.org\/wp-content\/uploads\/2022\/01\/4ed4af6fd0ceb-300x225.jpeg 300w\" sizes=\"auto, (max-width: 640px) 100vw, 640px\" \/><\/a><\/figure><\/li><li class=\"blocks-gallery-item\"><figure><a href=\"http:\/\/qtmm.org\/wp-content\/uploads\/2022\/01\/4ed4b05a62886.jpeg\"><img loading=\"lazy\" decoding=\"async\" width=\"640\" height=\"480\" src=\"http:\/\/qtmm.org\/wp-content\/uploads\/2022\/01\/4ed4b05a62886.jpeg\" alt=\"\" data-id=\"27216\" data-full-url=\"http:\/\/qtmm.org\/wp-content\/uploads\/2022\/01\/4ed4b05a62886.jpeg\" data-link=\"http:\/\/qtmm.org\/qt\/?attachment_id=27216\" class=\"wp-image-27216\" srcset=\"https:\/\/qtmm.org\/wp-content\/uploads\/2022\/01\/4ed4b05a62886.jpeg 640w, https:\/\/qtmm.org\/wp-content\/uploads\/2022\/01\/4ed4b05a62886-300x225.jpeg 300w\" sizes=\"auto, (max-width: 640px) 100vw, 640px\" \/><\/a><\/figure><\/li><\/ul><\/figure>\n","protected":false},"excerpt":{"rendered":"<p>2011 senesi noyabr 28 k\u00fcn\u00fc Aqmescitteki &#8220;Marakand&#8221; musafirhanesini\u00f1 topla\u015fuvlar salon\u0131nda Q\u0131r\u0131mtatar qad\u0131nlar ligas\u0131n\u0131\u00f1 esabat-saylav konferentsiyas\u0131 ol\u0131p ke\u00e7ti. 1994 senesini\u00f1 mart ay\u0131nda B\u00fct\u00fcnq\u0131r\u0131m konferentsiyas\u0131nda tesis etilgen Q\u0131r\u0131mtatar qad\u0131nlar\u0131n\u0131\u00f1 birligi m\u0131na endi on be\u015f y\u0131ldan berli Safinar Cemilevan\u0131\u00f1 reisliginde aktiv faaliyet k\u00f6stermekte. &#8220;Te\u015fkil\u00e2t\u0131m\u0131zn\u0131\u00f1 ba\u015f maqsad\u0131 qad\u0131nlar ve balalarn\u0131\u00f1 uquqlar\u0131n\u0131 qor\u00e7alamaqt\u0131r, &#8211; dedi qad\u0131nlar birligini\u00f1 reisi S.Cemileva.- Bug\u00fcn [&hellip;]<\/p>\n","protected":false},"author":1,"featured_media":27200,"comment_status":"open","ping_status":"open","sticky":false,"template":"","format":"standard","meta":{"inline_featured_image":false,"footnotes":""},"categories":[265],"tags":[],"class_list":["post-27163","post","type-post","status-publish","format-standard","has-post-thumbnail","hentry","category-haberler"],"acf":[],"yoast_head":"<!-- This site is optimized with the Yoast SEO plugin v27.4 - https:\/\/yoast.com\/product\/yoast-seo-wordpress\/ -->\n<title>Q\u0131r\u0131mtatar qad\u0131nlar birligi esabat-saylav konferentsiyas\u0131n\u0131 ke\u00e7irdi - \u041c\u0435\u0434\u0436\u043b\u0456\u0441<\/title>\n<meta name=\"robots\" content=\"index, follow, max-snippet:-1, max-image-preview:large, max-video-preview:-1\" \/>\n<link rel=\"canonical\" href=\"https:\/\/qtmm.org\/qt\/qirimtatar-qadinlar-birligi-esabat-saylav-konferentsiyasini-kecirdi\/\" \/>\n<meta property=\"og:locale\" content=\"en_US\" \/>\n<meta property=\"og:type\" content=\"article\" \/>\n<meta property=\"og:title\" content=\"Q\u0131r\u0131mtatar qad\u0131nlar birligi esabat-saylav konferentsiyas\u0131n\u0131 ke\u00e7irdi - \u041c\u0435\u0434\u0436\u043b\u0456\u0441\" \/>\n<meta property=\"og:description\" content=\"2011 senesi noyabr 28 k\u00fcn\u00fc Aqmescitteki &#8220;Marakand&#8221; musafirhanesini\u00f1 topla\u015fuvlar salon\u0131nda Q\u0131r\u0131mtatar qad\u0131nlar ligas\u0131n\u0131\u00f1 esabat-saylav konferentsiyas\u0131 ol\u0131p ke\u00e7ti. 1994 senesini\u00f1 mart ay\u0131nda B\u00fct\u00fcnq\u0131r\u0131m konferentsiyas\u0131nda tesis etilgen Q\u0131r\u0131mtatar qad\u0131nlar\u0131n\u0131\u00f1 birligi m\u0131na endi on be\u015f y\u0131ldan berli Safinar Cemilevan\u0131\u00f1 reisliginde aktiv faaliyet k\u00f6stermekte. &#8220;Te\u015fkil\u00e2t\u0131m\u0131zn\u0131\u00f1 ba\u015f maqsad\u0131 qad\u0131nlar ve balalarn\u0131\u00f1 uquqlar\u0131n\u0131 qor\u00e7alamaqt\u0131r, &#8211; dedi qad\u0131nlar birligini\u00f1 reisi S.Cemileva.- Bug\u00fcn [&hellip;]\" \/>\n<meta property=\"og:url\" content=\"https:\/\/qtmm.org\/qt\/qirimtatar-qadinlar-birligi-esabat-saylav-konferentsiyasini-kecirdi\/\" \/>\n<meta property=\"og:site_name\" content=\"\u041c\u0435\u0434\u0436\u043b\u0456\u0441\" \/>\n<meta property=\"article:publisher\" content=\"https:\/\/www.facebook.com\/qtmm.info\/\" \/>\n<meta property=\"article:published_time\" content=\"2011-11-28T19:11:00+00:00\" \/>\n<meta property=\"article:modified_time\" content=\"2022-01-19T19:14:18+00:00\" \/>\n<meta property=\"og:image\" content=\"https:\/\/qtmm.org\/wp-content\/uploads\/2022\/01\/4ed4af6e953f1.jpeg\" \/>\n\t<meta property=\"og:image:width\" content=\"640\" \/>\n\t<meta property=\"og:image:height\" content=\"480\" \/>\n\t<meta property=\"og:image:type\" content=\"image\/jpeg\" \/>\n<meta name=\"author\" content=\"Developer\" \/>\n<meta name=\"twitter:card\" content=\"summary_large_image\" \/>\n<meta name=\"twitter:label1\" content=\"Written by\" \/>\n\t<meta name=\"twitter:data1\" content=\"Developer\" \/>\n\t<meta name=\"twitter:label2\" content=\"Est. reading time\" \/>\n\t<meta name=\"twitter:data2\" content=\"4 minutes\" \/>\n<script type=\"application\/ld+json\" class=\"yoast-schema-graph\">{\"@context\":\"https:\\\/\\\/schema.org\",\"@graph\":[{\"@type\":\"Article\",\"@id\":\"https:\\\/\\\/qtmm.org\\\/qt\\\/qirimtatar-qadinlar-birligi-esabat-saylav-konferentsiyasini-kecirdi\\\/#article\",\"isPartOf\":{\"@id\":\"https:\\\/\\\/qtmm.org\\\/qt\\\/qirimtatar-qadinlar-birligi-esabat-saylav-konferentsiyasini-kecirdi\\\/\"},\"author\":{\"name\":\"Developer\",\"@id\":\"https:\\\/\\\/qtmm.org\\\/qt\\\/#\\\/schema\\\/person\\\/de562469f971dec226ac06e60bbf74a7\"},\"headline\":\"Q\u0131r\u0131mtatar qad\u0131nlar birligi esabat-saylav konferentsiyas\u0131n\u0131 ke\u00e7irdi\",\"datePublished\":\"2011-11-28T19:11:00+00:00\",\"dateModified\":\"2022-01-19T19:14:18+00:00\",\"mainEntityOfPage\":{\"@id\":\"https:\\\/\\\/qtmm.org\\\/qt\\\/qirimtatar-qadinlar-birligi-esabat-saylav-konferentsiyasini-kecirdi\\\/\"},\"wordCount\":777,\"commentCount\":0,\"publisher\":{\"@id\":\"https:\\\/\\\/qtmm.org\\\/qt\\\/#organization\"},\"image\":{\"@id\":\"https:\\\/\\\/qtmm.org\\\/qt\\\/qirimtatar-qadinlar-birligi-esabat-saylav-konferentsiyasini-kecirdi\\\/#primaryimage\"},\"thumbnailUrl\":\"https:\\\/\\\/qtmm.org\\\/wp-content\\\/uploads\\\/2022\\\/01\\\/4ed4af6e953f1.jpeg\",\"articleSection\":[\"Haberler\"],\"inLanguage\":\"qt\",\"potentialAction\":[{\"@type\":\"CommentAction\",\"name\":\"Comment\",\"target\":[\"https:\\\/\\\/qtmm.org\\\/qt\\\/qirimtatar-qadinlar-birligi-esabat-saylav-konferentsiyasini-kecirdi\\\/#respond\"]}]},{\"@type\":\"WebPage\",\"@id\":\"https:\\\/\\\/qtmm.org\\\/qt\\\/qirimtatar-qadinlar-birligi-esabat-saylav-konferentsiyasini-kecirdi\\\/\",\"url\":\"https:\\\/\\\/qtmm.org\\\/qt\\\/qirimtatar-qadinlar-birligi-esabat-saylav-konferentsiyasini-kecirdi\\\/\",\"name\":\"Q\u0131r\u0131mtatar qad\u0131nlar birligi esabat-saylav konferentsiyas\u0131n\u0131 ke\u00e7irdi - \u041c\u0435\u0434\u0436\u043b\u0456\u0441\",\"isPartOf\":{\"@id\":\"https:\\\/\\\/qtmm.org\\\/qt\\\/#website\"},\"primaryImageOfPage\":{\"@id\":\"https:\\\/\\\/qtmm.org\\\/qt\\\/qirimtatar-qadinlar-birligi-esabat-saylav-konferentsiyasini-kecirdi\\\/#primaryimage\"},\"image\":{\"@id\":\"https:\\\/\\\/qtmm.org\\\/qt\\\/qirimtatar-qadinlar-birligi-esabat-saylav-konferentsiyasini-kecirdi\\\/#primaryimage\"},\"thumbnailUrl\":\"https:\\\/\\\/qtmm.org\\\/wp-content\\\/uploads\\\/2022\\\/01\\\/4ed4af6e953f1.jpeg\",\"datePublished\":\"2011-11-28T19:11:00+00:00\",\"dateModified\":\"2022-01-19T19:14:18+00:00\",\"breadcrumb\":{\"@id\":\"https:\\\/\\\/qtmm.org\\\/qt\\\/qirimtatar-qadinlar-birligi-esabat-saylav-konferentsiyasini-kecirdi\\\/#breadcrumb\"},\"inLanguage\":\"qt\",\"potentialAction\":[{\"@type\":\"ReadAction\",\"target\":[\"https:\\\/\\\/qtmm.org\\\/qt\\\/qirimtatar-qadinlar-birligi-esabat-saylav-konferentsiyasini-kecirdi\\\/\"]}]},{\"@type\":\"ImageObject\",\"inLanguage\":\"qt\",\"@id\":\"https:\\\/\\\/qtmm.org\\\/qt\\\/qirimtatar-qadinlar-birligi-esabat-saylav-konferentsiyasini-kecirdi\\\/#primaryimage\",\"url\":\"https:\\\/\\\/qtmm.org\\\/wp-content\\\/uploads\\\/2022\\\/01\\\/4ed4af6e953f1.jpeg\",\"contentUrl\":\"https:\\\/\\\/qtmm.org\\\/wp-content\\\/uploads\\\/2022\\\/01\\\/4ed4af6e953f1.jpeg\",\"width\":640,\"height\":480},{\"@type\":\"BreadcrumbList\",\"@id\":\"https:\\\/\\\/qtmm.org\\\/qt\\\/qirimtatar-qadinlar-birligi-esabat-saylav-konferentsiyasini-kecirdi\\\/#breadcrumb\",\"itemListElement\":[{\"@type\":\"ListItem\",\"position\":1,\"name\":\"\u0413\u043e\u043b\u043e\u0432\u043d\u0430\",\"item\":\"https:\\\/\\\/qtmm.org\\\/qt\\\/\"},{\"@type\":\"ListItem\",\"position\":2,\"name\":\"Q\u0131r\u0131mtatar qad\u0131nlar birligi esabat-saylav konferentsiyas\u0131n\u0131 ke\u00e7irdi\"}]},{\"@type\":\"WebSite\",\"@id\":\"https:\\\/\\\/qtmm.org\\\/qt\\\/#website\",\"url\":\"https:\\\/\\\/qtmm.org\\\/qt\\\/\",\"name\":\"\u041c\u0435\u0434\u0436\u043b\u0456\u0441\",\"description\":\"\",\"publisher\":{\"@id\":\"https:\\\/\\\/qtmm.org\\\/qt\\\/#organization\"},\"potentialAction\":[{\"@type\":\"SearchAction\",\"target\":{\"@type\":\"EntryPoint\",\"urlTemplate\":\"https:\\\/\\\/qtmm.org\\\/qt\\\/?s={search_term_string}\"},\"query-input\":{\"@type\":\"PropertyValueSpecification\",\"valueRequired\":true,\"valueName\":\"search_term_string\"}}],\"inLanguage\":\"qt\"},{\"@type\":\"Organization\",\"@id\":\"https:\\\/\\\/qtmm.org\\\/qt\\\/#organization\",\"name\":\"\u041c\u0435\u0434\u0436\u043b\u0456\u0441\",\"url\":\"https:\\\/\\\/qtmm.org\\\/qt\\\/\",\"logo\":{\"@type\":\"ImageObject\",\"inLanguage\":\"qt\",\"@id\":\"https:\\\/\\\/qtmm.org\\\/qt\\\/#\\\/schema\\\/logo\\\/image\\\/\",\"url\":\"https:\\\/\\\/qtmm.org\\\/wp-content\\\/uploads\\\/2024\\\/12\\\/ua-mejlis-logo-rgb.svg\",\"contentUrl\":\"https:\\\/\\\/qtmm.org\\\/wp-content\\\/uploads\\\/2024\\\/12\\\/ua-mejlis-logo-rgb.svg\",\"caption\":\"\u041c\u0435\u0434\u0436\u043b\u0456\u0441\"},\"image\":{\"@id\":\"https:\\\/\\\/qtmm.org\\\/qt\\\/#\\\/schema\\\/logo\\\/image\\\/\"},\"sameAs\":[\"https:\\\/\\\/www.facebook.com\\\/qtmm.info\\\/\"]},{\"@type\":\"Person\",\"@id\":\"https:\\\/\\\/qtmm.org\\\/qt\\\/#\\\/schema\\\/person\\\/de562469f971dec226ac06e60bbf74a7\",\"name\":\"Developer\",\"image\":{\"@type\":\"ImageObject\",\"inLanguage\":\"qt\",\"@id\":\"https:\\\/\\\/secure.gravatar.com\\\/avatar\\\/392b4cc8fbfeb00b39dfeeab4ee6edded39ffd48e25858637e4765810300227e?s=96&d=mm&r=g\",\"url\":\"https:\\\/\\\/secure.gravatar.com\\\/avatar\\\/392b4cc8fbfeb00b39dfeeab4ee6edded39ffd48e25858637e4765810300227e?s=96&d=mm&r=g\",\"contentUrl\":\"https:\\\/\\\/secure.gravatar.com\\\/avatar\\\/392b4cc8fbfeb00b39dfeeab4ee6edded39ffd48e25858637e4765810300227e?s=96&d=mm&r=g\",\"caption\":\"Developer\"},\"url\":\"https:\\\/\\\/qtmm.org\\\/qt\\\/author\\\/Developer\\\/\"}]}<\/script>\n<!-- \/ Yoast SEO plugin. -->","yoast_head_json":{"title":"Q\u0131r\u0131mtatar qad\u0131nlar birligi esabat-saylav konferentsiyas\u0131n\u0131 ke\u00e7irdi - \u041c\u0435\u0434\u0436\u043b\u0456\u0441","robots":{"index":"index","follow":"follow","max-snippet":"max-snippet:-1","max-image-preview":"max-image-preview:large","max-video-preview":"max-video-preview:-1"},"canonical":"https:\/\/qtmm.org\/qt\/qirimtatar-qadinlar-birligi-esabat-saylav-konferentsiyasini-kecirdi\/","og_locale":"en_US","og_type":"article","og_title":"Q\u0131r\u0131mtatar qad\u0131nlar birligi esabat-saylav konferentsiyas\u0131n\u0131 ke\u00e7irdi - \u041c\u0435\u0434\u0436\u043b\u0456\u0441","og_description":"2011 senesi noyabr 28 k\u00fcn\u00fc Aqmescitteki &#8220;Marakand&#8221; musafirhanesini\u00f1 topla\u015fuvlar salon\u0131nda Q\u0131r\u0131mtatar qad\u0131nlar ligas\u0131n\u0131\u00f1 esabat-saylav konferentsiyas\u0131 ol\u0131p ke\u00e7ti. 1994 senesini\u00f1 mart ay\u0131nda B\u00fct\u00fcnq\u0131r\u0131m konferentsiyas\u0131nda tesis etilgen Q\u0131r\u0131mtatar qad\u0131nlar\u0131n\u0131\u00f1 birligi m\u0131na endi on be\u015f y\u0131ldan berli Safinar Cemilevan\u0131\u00f1 reisliginde aktiv faaliyet k\u00f6stermekte. &#8220;Te\u015fkil\u00e2t\u0131m\u0131zn\u0131\u00f1 ba\u015f maqsad\u0131 qad\u0131nlar ve balalarn\u0131\u00f1 uquqlar\u0131n\u0131 qor\u00e7alamaqt\u0131r, &#8211; dedi qad\u0131nlar birligini\u00f1 reisi S.Cemileva.- Bug\u00fcn [&hellip;]","og_url":"https:\/\/qtmm.org\/qt\/qirimtatar-qadinlar-birligi-esabat-saylav-konferentsiyasini-kecirdi\/","og_site_name":"\u041c\u0435\u0434\u0436\u043b\u0456\u0441","article_publisher":"https:\/\/www.facebook.com\/qtmm.info\/","article_published_time":"2011-11-28T19:11:00+00:00","article_modified_time":"2022-01-19T19:14:18+00:00","og_image":[{"width":640,"height":480,"url":"https:\/\/qtmm.org\/wp-content\/uploads\/2022\/01\/4ed4af6e953f1.jpeg","type":"image\/jpeg"}],"author":"Developer","twitter_card":"summary_large_image","twitter_misc":{"Written by":"Developer","Est. reading time":"4 minutes"},"schema":{"@context":"https:\/\/schema.org","@graph":[{"@type":"Article","@id":"https:\/\/qtmm.org\/qt\/qirimtatar-qadinlar-birligi-esabat-saylav-konferentsiyasini-kecirdi\/#article","isPartOf":{"@id":"https:\/\/qtmm.org\/qt\/qirimtatar-qadinlar-birligi-esabat-saylav-konferentsiyasini-kecirdi\/"},"author":{"name":"Developer","@id":"https:\/\/qtmm.org\/qt\/#\/schema\/person\/de562469f971dec226ac06e60bbf74a7"},"headline":"Q\u0131r\u0131mtatar qad\u0131nlar birligi esabat-saylav konferentsiyas\u0131n\u0131 ke\u00e7irdi","datePublished":"2011-11-28T19:11:00+00:00","dateModified":"2022-01-19T19:14:18+00:00","mainEntityOfPage":{"@id":"https:\/\/qtmm.org\/qt\/qirimtatar-qadinlar-birligi-esabat-saylav-konferentsiyasini-kecirdi\/"},"wordCount":777,"commentCount":0,"publisher":{"@id":"https:\/\/qtmm.org\/qt\/#organization"},"image":{"@id":"https:\/\/qtmm.org\/qt\/qirimtatar-qadinlar-birligi-esabat-saylav-konferentsiyasini-kecirdi\/#primaryimage"},"thumbnailUrl":"https:\/\/qtmm.org\/wp-content\/uploads\/2022\/01\/4ed4af6e953f1.jpeg","articleSection":["Haberler"],"inLanguage":"qt","potentialAction":[{"@type":"CommentAction","name":"Comment","target":["https:\/\/qtmm.org\/qt\/qirimtatar-qadinlar-birligi-esabat-saylav-konferentsiyasini-kecirdi\/#respond"]}]},{"@type":"WebPage","@id":"https:\/\/qtmm.org\/qt\/qirimtatar-qadinlar-birligi-esabat-saylav-konferentsiyasini-kecirdi\/","url":"https:\/\/qtmm.org\/qt\/qirimtatar-qadinlar-birligi-esabat-saylav-konferentsiyasini-kecirdi\/","name":"Q\u0131r\u0131mtatar qad\u0131nlar birligi esabat-saylav konferentsiyas\u0131n\u0131 ke\u00e7irdi - \u041c\u0435\u0434\u0436\u043b\u0456\u0441","isPartOf":{"@id":"https:\/\/qtmm.org\/qt\/#website"},"primaryImageOfPage":{"@id":"https:\/\/qtmm.org\/qt\/qirimtatar-qadinlar-birligi-esabat-saylav-konferentsiyasini-kecirdi\/#primaryimage"},"image":{"@id":"https:\/\/qtmm.org\/qt\/qirimtatar-qadinlar-birligi-esabat-saylav-konferentsiyasini-kecirdi\/#primaryimage"},"thumbnailUrl":"https:\/\/qtmm.org\/wp-content\/uploads\/2022\/01\/4ed4af6e953f1.jpeg","datePublished":"2011-11-28T19:11:00+00:00","dateModified":"2022-01-19T19:14:18+00:00","breadcrumb":{"@id":"https:\/\/qtmm.org\/qt\/qirimtatar-qadinlar-birligi-esabat-saylav-konferentsiyasini-kecirdi\/#breadcrumb"},"inLanguage":"qt","potentialAction":[{"@type":"ReadAction","target":["https:\/\/qtmm.org\/qt\/qirimtatar-qadinlar-birligi-esabat-saylav-konferentsiyasini-kecirdi\/"]}]},{"@type":"ImageObject","inLanguage":"qt","@id":"https:\/\/qtmm.org\/qt\/qirimtatar-qadinlar-birligi-esabat-saylav-konferentsiyasini-kecirdi\/#primaryimage","url":"https:\/\/qtmm.org\/wp-content\/uploads\/2022\/01\/4ed4af6e953f1.jpeg","contentUrl":"https:\/\/qtmm.org\/wp-content\/uploads\/2022\/01\/4ed4af6e953f1.jpeg","width":640,"height":480},{"@type":"BreadcrumbList","@id":"https:\/\/qtmm.org\/qt\/qirimtatar-qadinlar-birligi-esabat-saylav-konferentsiyasini-kecirdi\/#breadcrumb","itemListElement":[{"@type":"ListItem","position":1,"name":"\u0413\u043e\u043b\u043e\u0432\u043d\u0430","item":"https:\/\/qtmm.org\/qt\/"},{"@type":"ListItem","position":2,"name":"Q\u0131r\u0131mtatar qad\u0131nlar birligi esabat-saylav konferentsiyas\u0131n\u0131 ke\u00e7irdi"}]},{"@type":"WebSite","@id":"https:\/\/qtmm.org\/qt\/#website","url":"https:\/\/qtmm.org\/qt\/","name":"\u041c\u0435\u0434\u0436\u043b\u0456\u0441","description":"","publisher":{"@id":"https:\/\/qtmm.org\/qt\/#organization"},"potentialAction":[{"@type":"SearchAction","target":{"@type":"EntryPoint","urlTemplate":"https:\/\/qtmm.org\/qt\/?s={search_term_string}"},"query-input":{"@type":"PropertyValueSpecification","valueRequired":true,"valueName":"search_term_string"}}],"inLanguage":"qt"},{"@type":"Organization","@id":"https:\/\/qtmm.org\/qt\/#organization","name":"\u041c\u0435\u0434\u0436\u043b\u0456\u0441","url":"https:\/\/qtmm.org\/qt\/","logo":{"@type":"ImageObject","inLanguage":"qt","@id":"https:\/\/qtmm.org\/qt\/#\/schema\/logo\/image\/","url":"https:\/\/qtmm.org\/wp-content\/uploads\/2024\/12\/ua-mejlis-logo-rgb.svg","contentUrl":"https:\/\/qtmm.org\/wp-content\/uploads\/2024\/12\/ua-mejlis-logo-rgb.svg","caption":"\u041c\u0435\u0434\u0436\u043b\u0456\u0441"},"image":{"@id":"https:\/\/qtmm.org\/qt\/#\/schema\/logo\/image\/"},"sameAs":["https:\/\/www.facebook.com\/qtmm.info\/"]},{"@type":"Person","@id":"https:\/\/qtmm.org\/qt\/#\/schema\/person\/de562469f971dec226ac06e60bbf74a7","name":"Developer","image":{"@type":"ImageObject","inLanguage":"qt","@id":"https:\/\/secure.gravatar.com\/avatar\/392b4cc8fbfeb00b39dfeeab4ee6edded39ffd48e25858637e4765810300227e?s=96&d=mm&r=g","url":"https:\/\/secure.gravatar.com\/avatar\/392b4cc8fbfeb00b39dfeeab4ee6edded39ffd48e25858637e4765810300227e?s=96&d=mm&r=g","contentUrl":"https:\/\/secure.gravatar.com\/avatar\/392b4cc8fbfeb00b39dfeeab4ee6edded39ffd48e25858637e4765810300227e?s=96&d=mm&r=g","caption":"Developer"},"url":"https:\/\/qtmm.org\/qt\/author\/Developer\/"}]}},"_links":{"self":[{"href":"https:\/\/qtmm.org\/qt\/wp-json\/wp\/v2\/posts\/27163","targetHints":{"allow":["GET"]}}],"collection":[{"href":"https:\/\/qtmm.org\/qt\/wp-json\/wp\/v2\/posts"}],"about":[{"href":"https:\/\/qtmm.org\/qt\/wp-json\/wp\/v2\/types\/post"}],"author":[{"embeddable":true,"href":"https:\/\/qtmm.org\/qt\/wp-json\/wp\/v2\/users\/1"}],"replies":[{"embeddable":true,"href":"https:\/\/qtmm.org\/qt\/wp-json\/wp\/v2\/comments?post=27163"}],"version-history":[{"count":1,"href":"https:\/\/qtmm.org\/qt\/wp-json\/wp\/v2\/posts\/27163\/revisions"}],"predecessor-version":[{"id":27220,"href":"https:\/\/qtmm.org\/qt\/wp-json\/wp\/v2\/posts\/27163\/revisions\/27220"}],"wp:featuredmedia":[{"embeddable":true,"href":"https:\/\/qtmm.org\/qt\/wp-json\/wp\/v2\/media\/27200"}],"wp:attachment":[{"href":"https:\/\/qtmm.org\/qt\/wp-json\/wp\/v2\/media?parent=27163"}],"wp:term":[{"taxonomy":"category","embeddable":true,"href":"https:\/\/qtmm.org\/qt\/wp-json\/wp\/v2\/categories?post=27163"},{"taxonomy":"post_tag","embeddable":true,"href":"https:\/\/qtmm.org\/qt\/wp-json\/wp\/v2\/tags?post=27163"}],"curies":[{"name":"wp","href":"https:\/\/api.w.org\/{rel}","templated":true}]}}