




{"id":27097,"date":"2011-11-28T22:08:00","date_gmt":"2011-11-28T19:08:00","guid":{"rendered":"http:\/\/qtmm.org\/?p=27097"},"modified":"2022-01-19T22:10:59","modified_gmt":"2022-01-19T19:10:59","slug":"avropa-birliginin-insan-aqlari-boyunca-komissari-qirimda","status":"publish","type":"post","link":"https:\/\/qtmm.org\/qt\/avropa-birliginin-insan-aqlari-boyunca-komissari-qirimda\/","title":{"rendered":"Avropa Birligini\u00f1 insan aqlar\u0131 boyunca Komissar\u0131 Q\u0131r\u0131mda"},"content":{"rendered":"\n<p>Q\u0131r\u0131mda eki k\u00fcnl\u00fck i\u015f ziyaretinden bulun\u011fan Avropa Birligini\u00f1 insan aqlar\u0131 boyunca Komissar\u0131 Tomas Hammarberg noyabr 25 k\u00fcn\u00fcni\u00f1 ekinci yar\u0131s\u0131nda q\u0131r\u0131mtatar halq\u0131n\u0131\u00f1 vaziyetini \u00f6grendi. Avropa Birligini\u00f1 insan aqlar\u0131 boyunca Komissar\u0131 s\u0131fat\u0131nda Q\u0131r\u0131mda ilk sefer bulun\u011fan Tomas Hammarberg q\u0131r\u0131mtatar halq\u0131 meselesinen tan\u0131\u015fuv\u0131n\u0131 &#8220;Kr\u0131mavtogaz&#8221; qasabas\u0131nda topraq talap etken q\u0131r\u0131mtatarlarn\u0131\u00f1 naraz\u0131l\u0131q tarlas\u0131ndan ba\u015flad\u0131.<\/p>\n\n\n\n<p>Avropa Birligini\u00f1 insan aqlar\u0131 boyunca Komissar\u0131 Q\u0131r\u0131mda<\/p>\n\n\n\n<p>Tomas Hammarberg, o\u00f1a ayaqda\u015fl\u0131q etken Avropa Ke\u00f1e\u015fini\u00f1 Ukrainada ofisini\u00f1 ba\u015f\u0131 Vladimir Ristovski, Komissar b\u00fcros\u0131 direktor\u0131n\u0131\u00f1 muavini Boyana Urumova, Avropa Ke\u00f1e\u015fi demokratiya ve siyaset meseleleri boyunca direktor mesleat\u00e7\u0131s\u0131 \u00d6lena Petsun q\u0131r\u0131mtatarlarn\u0131\u00f1 naraz\u0131l\u0131q aktsiya i\u015ftirak\u00e7ileri ile bivasta yerinde subetle\u015fip, bu insanlar ya\u015fama\u011fa t\u0131r\u0131\u015fqan ekstremal \u015faraitlerni \u00f6z k\u00f6zlerinen k\u00f6rdiler.<\/p>\n\n\n\n<p>&#8220;Kr\u0131mavtogaz&#8221; qasabas\u0131 boylap seferde Avropa Birligini\u00f1 insan aqlar\u0131 boyunca Komissar\u0131nen beraber Meclis topraq komissiyas\u0131n\u0131\u00f1 ba\u015f\u0131 Zevcet Qurt\u00fcmerov, t\u0131\u015fq\u0131 al\u00e2qalar b\u00f6l\u00fcgini\u00f1 ba\u015f\u0131 Ali Hamzin, K\u00e2tibiyet reberi Zair Smedl\u00e2yev, bun\u0131\u00f1 kibi de &#8220;Avdet&#8221; cemaat te\u015fkil\u00e2t\u0131n\u0131\u00f1 reisi Mustafa Mau\u015fev ve azalar\u0131 \u0130smail \u0130zedin, Enver K\u00fc\u00e7erov bulund\u0131lar.<\/p>\n\n\n\n<p>Zevcet Qurt\u00fcmerov a\u00f1latqan\u0131na k\u00f6re 40 gektar meydanda 2006 senesinden 377 aile nevbette turmaqta. &#8220;Bu meydandaki naraz\u0131l\u0131q aktsiyas\u0131n\u0131\u00f1 er bir i\u015ftirak\u00e7isi devlet te\u015fker\u00fcvlerinden ke\u00e7irilip, evel topraq alma\u011fan\u0131 belgilendi. Amma \u015feerni\u00f1 itiyaclar\u0131n\u0131 esapqa al\u011fan insanlar mezarl\u0131qqa yaq\u0131n yerlerni g\u00f6\u00f1\u00fclli olaraq bo\u015fatt\u0131lar&#8221;, dedi Z. Qurt\u00fcmerov.<\/p>\n\n\n\n<p>Qasabada bulun\u011fan musafirlerge Q\u0131r\u0131m Nazirler \u015euras\u0131nda \u0130\u015f komissiyas\u0131n\u0131\u00f1 topla\u015fuv\u0131 bitkeninen \u00e7\u0131qqan Meclis reisini\u00f1 birinci muavini Refat \u00c7ubarov da qo\u015fuld\u0131.<\/p>\n\n\n\n<p>Avropa Birligini\u00f1 insan aqlar\u0131 boyunca Komissar\u0131na Aqmescit \u015feeri ve rayon\u0131ndaki naraz\u0131l\u0131q aktsiya i\u015ftirak\u00e7ilerini topraqnen teminlev meselelerini baqqan \u0130\u015f komissiyas\u0131 topla\u015fuv\u0131n\u0131\u00f1 neticelerini bildirgen Refat \u00c7ubarov, Alu\u015fta, Yalta ve Sudaq rayonlar\u0131nda topraq meselelsi bundan da kergin ol\u011fan\u0131n\u0131 qayd etti.<\/p>\n\n\n\n<p>\u00d6z nevbetinde Avropa Birligini\u00f1 insan aqlar\u0131 boyunca Komissar\u0131 Tomas Hammarberg &#8220;Kr\u0131mavtogaz&#8221; qasabas\u0131nda k\u00f6rgenlerinden tesirlenip b\u00f6yle qasabalarda insan ya\u015famas\u0131 i\u00e7\u00fcn e\u00f1 zarur suv, elektrik a\u011flar\u0131 ve yol ke\u00e7irilmesini\u00f1 istiqballerinen meraqland\u0131.<\/p>\n\n\n\n<p>Ukraina Devlet b\u00fccetinden ke\u00e7ken y\u0131llarda ay\u0131r\u0131l\u011fan ve kelecek y\u0131l\u011fa k\u00f6zde tutul\u011fan raqamlarn\u0131 seslendirgen Refat \u00c7ubarov: &#8220;K\u00f6rgeni\u00f1 kibi, Vatan\u011fa qaytqan q\u0131r\u0131mtatarlarn\u0131 yerle\u015ftir\u00fcv saas\u0131nda problemler eksilmek yerine, ep artmaqta. Bu problemni\u00f1 \u00e7eziminde keskin bir burul\u0131\u015f zarur. Biz bu esnada Q\u0131r\u0131mtatar halq\u0131n\u0131\u00f1 \u00f6z Vatan\u0131nda aq-uquqlar\u0131n\u0131 \u011fayr\u0131dan tiklev. On\u0131\u00f1 Ukrainada tel\u00fckesizligi ve inki\u015faf\u0131n\u0131 teminlev boyunca halqara forumn\u0131\u00f1 ke\u00e7irilmesine \u00fcm\u00fcdimiz b\u00fcy\u00fck&#8221;, dedi<\/p>\n\n\n\n<p>Qasaban\u0131 ziyaret etip qaytqan so\u00f1 Avropa Birligini\u00f1 insan aqlar\u0131 boyunca Komissar\u0131 Tomas Hammarberg Meclis ofisinde Q\u0131r\u0131mtatar halq\u0131 Meclisini\u00f1 reisi, Ukraina halq deputat\u0131 Mustafa Cemilevnen k\u00f6r\u00fc\u015fti. K\u00f6r\u00fc\u015f\u00fcvde Meclis reisini\u00f1 birinci muavini Refat \u00c7ubarov, Meclis topraq komissiyas\u0131n\u0131\u00f1 ba\u015f\u0131 Zevcet Qurt\u00fcmerov, t\u0131\u015fq\u0131 al\u00e2qalar b\u00f6l\u00fcgini\u00f1 ba\u015f\u0131 Ali Hamzin, K\u00e2tibiyet reberi Zair Smedl\u00e2yev i\u015ftirak ettiler.<\/p>\n\n\n\n<p>Meclis reisini sel\u00e2mlar eken Tomas Hammarberg Q\u0131r\u0131m\u011fa ziyaretini\u00f1 ba\u015f maqsadlar\u0131ndan biri s\u00fcrg\u00fcn etilgen q\u0131r\u0131mtatarlarn\u0131\u00f1 meselesini tafsil\u00e2tl\u0131 \u00f6grenmek ol\u011fan\u0131n\u0131 qayd etti. Avropada b\u00f6yle facia\u011fa o\u011frat\u0131l\u011fan \u00e7e\u015fit regionlar bar, l\u00e2kin 1944 senesi may\u0131s 18 de ol\u011fan facia k\u00f6lemi boyunca Q\u0131r\u0131m olardan farql\u0131d\u0131r, dedi. Meclis reisi ve Avropa Ke\u00f1e\u015fi Komissar\u0131n\u0131\u00f1 k\u00f6r\u00fc\u015f\u00fcvi devam\u0131nda q\u0131r\u0131mtatar halq\u0131n\u0131\u00f1 aqlar\u0131n\u0131 \u011fayr\u0131dan tiklev, anna tilinde tasil aluv\u0131, akimiyet organlar\u0131nda temsil etilmesi meseleleri etrafl\u0131ca muzakere olund\u0131. .<\/p>\n\n\n\n<p>Q\u0131r\u0131mtatar halq\u0131n\u0131\u00f1 \u00f6z Vatan\u0131nda aq-uquqlar\u0131n\u0131 \u011fayr\u0131dan tiklev. On\u0131\u00f1 Ukrainada tel\u00fckesizligi ve inki\u015faf\u0131n\u0131 teminlev boyunca halqara forumn\u0131\u00f1 ke\u00e7irilmesine ayr\u0131ca diqqat berildi.<\/p>\n\n\n\n<p>\u00dcrmetli musafirge Halqara forum\u011fa az\u0131rl\u0131q keti\u015fat\u0131, \u00d6BSE Aliy Komissar\u0131 Knut Vollebekni\u00f1 forum\u011fa ait fikiri, Halqara forumn\u0131\u00f1 maqsad ve vazifeleri husus\u0131nda tafsil\u00e2tl\u0131 mal\u00fcmat berildi. &#8220;Bizlerni bu meselede a\u00f1la\u011fanlar\u0131nen \u011fayet memn\u00fcn olaraq, Avropa Ke\u00f1e\u015fi \u0130nsan aqlar\u0131 komissar\u0131n\u0131\u00f1 y\u00fcz\u00fcnde forum ke\u00e7irilmesini\u00f1 tarafdar\u0131 ve faal i\u015ftirak\u00e7isi olaca\u011f\u0131na \u00fcm\u00fct etemiz&#8221;,- dedi Refat \u00c7ubarov.<\/p>\n\n\n\n<p>Meclis reisi Mustafa Cemilev Tomas Hammabergge muracaat eterek, on\u0131\u00f1 insan aqlar\u0131n\u0131 qor\u00e7alav saas\u0131ndaki \u00e7oqy\u0131ll\u0131q tecribesine y\u00fcksek q\u0131ymet keskenini bildirip, c\u00fcmleden b\u00f6yle dedi: &#8221; Bu munasebetnen Sizi\u00f1 Q\u0131r\u0131mtatar halq\u0131n\u0131\u00f1 \u00f6z Vatan\u0131nda aq-uquqlar\u0131n\u0131 \u011fayr\u0131dan tiklev. On\u0131\u00f1 Ukrainada tel\u00fckesizligi ve inki\u015faf\u0131n\u0131 teminlev boyunca halqara forum\u011fa az\u0131rl\u0131q ve ke\u00e7ir\u00fcv i\u015finde bivasta i\u015ftirak etecege\u00f1izge \u00fcm\u00fct beslep, q\u0131r\u0131mtatar halq\u0131 meselesini\u00f1 \u00e7eziminde yard\u0131mc\u0131 olaca\u011f\u0131\u00f1\u0131z\u011fa \u00fcm\u00fct etemiz&#8221;.<\/p>\n\n\n\n<p>Avropa Birligini\u00f1 insan aqlar\u0131 boyunca Komissar\u0131 Tomas Hammerberg Ukraina\u011fa seferini\u00f1 netidzjeleri boyunca Ukraina ve Q\u0131r\u0131pm akimiyetlerine tafsil\u00e2tl\u0131 tevsiyeler az\u0131rlayca\u011f\u0131n\u0131 ve olarda q\u0131r\u0131mtatar meselesi ayr\u0131ca qayd etilecegini bildirdi. &#8220;Er angi halqn\u0131\u00f1 tarihiy hat\u0131ras\u0131na say\u011f\u0131 k\u00f6stermek \u2013 er bir medeniyetli devletni\u00f1 borcud\u0131r&#8221; &#8211; dedi Komissar. Bu munasebetnen, 1944 senesini\u00f1 facial\u0131 vaqialar\u0131 Ukraina oquv programmalar\u0131na kirsetilmesini m\u00fcim, dep sayam. \u00c7\u00fcnki q\u0131r\u0131mtatar halq\u0131n\u0131\u00f1 ba\u015f\u0131na t\u00fc\u015fken me\u015faqatlarn\u0131 er kes bilmeli ve unutmamal\u0131&#8221;, &#8211; dedi Tomas Hammerberg.<\/p>\n\n\n\n<p>Tomas Hammarbergni\u00f1 fikrince Halqara forum\u011fa qoltutuv ve on\u0131\u00f1<\/p>\n\n\n\n<p>Amelge ke\u00e7irilmesinde Ukraina \u00fck\u00fcmeti de menfaatdar olmal\u0131, dep Komissar Meclis ve Ukraina akimiyet organlar\u0131 aras\u0131nda daima dialog olmas\u0131n\u0131\u00f1 m\u00fcimligini qayd etti. Bun\u0131\u00f1 kibi de o, q\u0131r\u0131mtatar halq\u0131 aqlar\u0131n\u0131\u00f1 \u011fayr\u0131dan tiklev meselelerini\u00f1 \u00e7eziminde i\u015ftirak etmege az\u0131rl\u0131\u011f\u0131n\u0131 bildirdi.<\/p>\n\n\n\n<figure class=\"wp-block-gallery columns-3 is-cropped wp-block-gallery-1 is-layout-flex wp-block-gallery-is-layout-flex\"><ul class=\"blocks-gallery-grid\"><li class=\"blocks-gallery-item\"><figure><a href=\"http:\/\/qtmm.org\/wp-content\/uploads\/2022\/01\/4ed8cd9d4291d.jpeg\"><img loading=\"lazy\" decoding=\"async\" width=\"640\" height=\"480\" src=\"http:\/\/qtmm.org\/wp-content\/uploads\/2022\/01\/4ed8cd9d4291d.jpeg\" alt=\"\" data-id=\"27098\" data-full-url=\"http:\/\/qtmm.org\/wp-content\/uploads\/2022\/01\/4ed8cd9d4291d.jpeg\" data-link=\"http:\/\/qtmm.org\/qt\/?attachment_id=27098\" class=\"wp-image-27098\" srcset=\"https:\/\/qtmm.org\/wp-content\/uploads\/2022\/01\/4ed8cd9d4291d.jpeg 640w, https:\/\/qtmm.org\/wp-content\/uploads\/2022\/01\/4ed8cd9d4291d-300x225.jpeg 300w\" sizes=\"auto, (max-width: 640px) 100vw, 640px\" \/><\/a><\/figure><\/li><li class=\"blocks-gallery-item\"><figure><a href=\"http:\/\/qtmm.org\/wp-content\/uploads\/2022\/01\/4ed8cd9fbb65a.jpeg\"><img loading=\"lazy\" decoding=\"async\" width=\"640\" height=\"480\" src=\"http:\/\/qtmm.org\/wp-content\/uploads\/2022\/01\/4ed8cd9fbb65a.jpeg\" alt=\"\" data-id=\"27102\" data-full-url=\"http:\/\/qtmm.org\/wp-content\/uploads\/2022\/01\/4ed8cd9fbb65a.jpeg\" data-link=\"http:\/\/qtmm.org\/qt\/?attachment_id=27102\" class=\"wp-image-27102\" srcset=\"https:\/\/qtmm.org\/wp-content\/uploads\/2022\/01\/4ed8cd9fbb65a.jpeg 640w, https:\/\/qtmm.org\/wp-content\/uploads\/2022\/01\/4ed8cd9fbb65a-300x225.jpeg 300w\" sizes=\"auto, (max-width: 640px) 100vw, 640px\" \/><\/a><\/figure><\/li><li class=\"blocks-gallery-item\"><figure><a href=\"http:\/\/qtmm.org\/wp-content\/uploads\/2022\/01\/4ed8cd63cedc0.jpeg\"><img loading=\"lazy\" decoding=\"async\" width=\"640\" height=\"480\" src=\"http:\/\/qtmm.org\/wp-content\/uploads\/2022\/01\/4ed8cd63cedc0.jpeg\" alt=\"\" data-id=\"27106\" data-full-url=\"http:\/\/qtmm.org\/wp-content\/uploads\/2022\/01\/4ed8cd63cedc0.jpeg\" data-link=\"http:\/\/qtmm.org\/qt\/?attachment_id=27106\" class=\"wp-image-27106\" srcset=\"https:\/\/qtmm.org\/wp-content\/uploads\/2022\/01\/4ed8cd63cedc0.jpeg 640w, https:\/\/qtmm.org\/wp-content\/uploads\/2022\/01\/4ed8cd63cedc0-300x225.jpeg 300w\" sizes=\"auto, (max-width: 640px) 100vw, 640px\" \/><\/a><\/figure><\/li><li class=\"blocks-gallery-item\"><figure><a href=\"http:\/\/qtmm.org\/wp-content\/uploads\/2022\/01\/4ed8cd64c7c73.jpeg\"><img loading=\"lazy\" decoding=\"async\" width=\"640\" height=\"480\" src=\"http:\/\/qtmm.org\/wp-content\/uploads\/2022\/01\/4ed8cd64c7c73.jpeg\" alt=\"\" data-id=\"27110\" data-full-url=\"http:\/\/qtmm.org\/wp-content\/uploads\/2022\/01\/4ed8cd64c7c73.jpeg\" data-link=\"http:\/\/qtmm.org\/qt\/?attachment_id=27110\" class=\"wp-image-27110\" srcset=\"https:\/\/qtmm.org\/wp-content\/uploads\/2022\/01\/4ed8cd64c7c73.jpeg 640w, https:\/\/qtmm.org\/wp-content\/uploads\/2022\/01\/4ed8cd64c7c73-300x225.jpeg 300w\" sizes=\"auto, (max-width: 640px) 100vw, 640px\" \/><\/a><\/figure><\/li><li class=\"blocks-gallery-item\"><figure><a href=\"http:\/\/qtmm.org\/wp-content\/uploads\/2022\/01\/4ed8cd65b7e71.jpeg\"><img loading=\"lazy\" decoding=\"async\" width=\"640\" height=\"480\" src=\"http:\/\/qtmm.org\/wp-content\/uploads\/2022\/01\/4ed8cd65b7e71.jpeg\" alt=\"\" data-id=\"27114\" data-full-url=\"http:\/\/qtmm.org\/wp-content\/uploads\/2022\/01\/4ed8cd65b7e71.jpeg\" data-link=\"http:\/\/qtmm.org\/qt\/?attachment_id=27114\" class=\"wp-image-27114\" srcset=\"https:\/\/qtmm.org\/wp-content\/uploads\/2022\/01\/4ed8cd65b7e71.jpeg 640w, https:\/\/qtmm.org\/wp-content\/uploads\/2022\/01\/4ed8cd65b7e71-300x225.jpeg 300w\" sizes=\"auto, (max-width: 640px) 100vw, 640px\" \/><\/a><\/figure><\/li><li class=\"blocks-gallery-item\"><figure><a href=\"http:\/\/qtmm.org\/wp-content\/uploads\/2022\/01\/4ed8cd644eace.jpeg\"><img loading=\"lazy\" decoding=\"async\" width=\"640\" height=\"480\" src=\"http:\/\/qtmm.org\/wp-content\/uploads\/2022\/01\/4ed8cd644eace.jpeg\" alt=\"\" data-id=\"27118\" data-full-url=\"http:\/\/qtmm.org\/wp-content\/uploads\/2022\/01\/4ed8cd644eace.jpeg\" data-link=\"http:\/\/qtmm.org\/qt\/?attachment_id=27118\" class=\"wp-image-27118\" srcset=\"https:\/\/qtmm.org\/wp-content\/uploads\/2022\/01\/4ed8cd644eace.jpeg 640w, https:\/\/qtmm.org\/wp-content\/uploads\/2022\/01\/4ed8cd644eace-300x225.jpeg 300w\" sizes=\"auto, (max-width: 640px) 100vw, 640px\" \/><\/a><\/figure><\/li><li class=\"blocks-gallery-item\"><figure><a href=\"http:\/\/qtmm.org\/wp-content\/uploads\/2022\/01\/4ed8cd648ea66.jpeg\"><img loading=\"lazy\" decoding=\"async\" width=\"640\" height=\"480\" src=\"http:\/\/qtmm.org\/wp-content\/uploads\/2022\/01\/4ed8cd648ea66.jpeg\" alt=\"\" data-id=\"27122\" data-full-url=\"http:\/\/qtmm.org\/wp-content\/uploads\/2022\/01\/4ed8cd648ea66.jpeg\" data-link=\"http:\/\/qtmm.org\/qt\/?attachment_id=27122\" class=\"wp-image-27122\" srcset=\"https:\/\/qtmm.org\/wp-content\/uploads\/2022\/01\/4ed8cd648ea66.jpeg 640w, https:\/\/qtmm.org\/wp-content\/uploads\/2022\/01\/4ed8cd648ea66-300x225.jpeg 300w\" sizes=\"auto, (max-width: 640px) 100vw, 640px\" \/><\/a><\/figure><\/li><li class=\"blocks-gallery-item\"><figure><a href=\"http:\/\/qtmm.org\/wp-content\/uploads\/2022\/01\/4ed8cd650c471.jpeg\"><img loading=\"lazy\" decoding=\"async\" width=\"640\" height=\"480\" src=\"http:\/\/qtmm.org\/wp-content\/uploads\/2022\/01\/4ed8cd650c471.jpeg\" alt=\"\" data-id=\"27126\" data-full-url=\"http:\/\/qtmm.org\/wp-content\/uploads\/2022\/01\/4ed8cd650c471.jpeg\" data-link=\"http:\/\/qtmm.org\/qt\/?attachment_id=27126\" class=\"wp-image-27126\" srcset=\"https:\/\/qtmm.org\/wp-content\/uploads\/2022\/01\/4ed8cd650c471.jpeg 640w, https:\/\/qtmm.org\/wp-content\/uploads\/2022\/01\/4ed8cd650c471-300x225.jpeg 300w\" sizes=\"auto, (max-width: 640px) 100vw, 640px\" \/><\/a><\/figure><\/li><li class=\"blocks-gallery-item\"><figure><a href=\"http:\/\/qtmm.org\/wp-content\/uploads\/2022\/01\/4ed8cd6606a6a.jpeg\"><img loading=\"lazy\" decoding=\"async\" width=\"640\" height=\"480\" src=\"http:\/\/qtmm.org\/wp-content\/uploads\/2022\/01\/4ed8cd6606a6a.jpeg\" alt=\"\" data-id=\"27130\" data-full-url=\"http:\/\/qtmm.org\/wp-content\/uploads\/2022\/01\/4ed8cd6606a6a.jpeg\" data-link=\"http:\/\/qtmm.org\/qt\/?attachment_id=27130\" class=\"wp-image-27130\" srcset=\"https:\/\/qtmm.org\/wp-content\/uploads\/2022\/01\/4ed8cd6606a6a.jpeg 640w, https:\/\/qtmm.org\/wp-content\/uploads\/2022\/01\/4ed8cd6606a6a-300x225.jpeg 300w\" sizes=\"auto, (max-width: 640px) 100vw, 640px\" \/><\/a><\/figure><\/li><li class=\"blocks-gallery-item\"><figure><a href=\"http:\/\/qtmm.org\/wp-content\/uploads\/2022\/01\/4ed8cd657677b.jpeg\"><img loading=\"lazy\" decoding=\"async\" width=\"640\" height=\"480\" src=\"http:\/\/qtmm.org\/wp-content\/uploads\/2022\/01\/4ed8cd657677b.jpeg\" alt=\"\" data-id=\"27134\" data-full-url=\"http:\/\/qtmm.org\/wp-content\/uploads\/2022\/01\/4ed8cd657677b.jpeg\" data-link=\"http:\/\/qtmm.org\/qt\/?attachment_id=27134\" class=\"wp-image-27134\" srcset=\"https:\/\/qtmm.org\/wp-content\/uploads\/2022\/01\/4ed8cd657677b.jpeg 640w, https:\/\/qtmm.org\/wp-content\/uploads\/2022\/01\/4ed8cd657677b-300x225.jpeg 300w\" sizes=\"auto, (max-width: 640px) 100vw, 640px\" \/><\/a><\/figure><\/li><li class=\"blocks-gallery-item\"><figure><a href=\"http:\/\/qtmm.org\/wp-content\/uploads\/2022\/01\/4ed8cd6540837.jpeg\"><img loading=\"lazy\" decoding=\"async\" width=\"640\" height=\"480\" src=\"http:\/\/qtmm.org\/wp-content\/uploads\/2022\/01\/4ed8cd6540837.jpeg\" alt=\"\" data-id=\"27138\" data-full-url=\"http:\/\/qtmm.org\/wp-content\/uploads\/2022\/01\/4ed8cd6540837.jpeg\" data-link=\"http:\/\/qtmm.org\/qt\/?attachment_id=27138\" class=\"wp-image-27138\" srcset=\"https:\/\/qtmm.org\/wp-content\/uploads\/2022\/01\/4ed8cd6540837.jpeg 640w, https:\/\/qtmm.org\/wp-content\/uploads\/2022\/01\/4ed8cd6540837-300x225.jpeg 300w\" sizes=\"auto, (max-width: 640px) 100vw, 640px\" \/><\/a><\/figure><\/li><li class=\"blocks-gallery-item\"><figure><a href=\"http:\/\/qtmm.org\/wp-content\/uploads\/2022\/01\/4ed8cda0d218b.jpeg\"><img loading=\"lazy\" decoding=\"async\" width=\"640\" height=\"480\" src=\"http:\/\/qtmm.org\/wp-content\/uploads\/2022\/01\/4ed8cda0d218b.jpeg\" alt=\"\" data-id=\"27142\" data-full-url=\"http:\/\/qtmm.org\/wp-content\/uploads\/2022\/01\/4ed8cda0d218b.jpeg\" data-link=\"http:\/\/qtmm.org\/qt\/?attachment_id=27142\" class=\"wp-image-27142\" srcset=\"https:\/\/qtmm.org\/wp-content\/uploads\/2022\/01\/4ed8cda0d218b.jpeg 640w, https:\/\/qtmm.org\/wp-content\/uploads\/2022\/01\/4ed8cda0d218b-300x225.jpeg 300w\" sizes=\"auto, (max-width: 640px) 100vw, 640px\" \/><\/a><\/figure><\/li><li class=\"blocks-gallery-item\"><figure><a href=\"http:\/\/qtmm.org\/wp-content\/uploads\/2022\/01\/4ed8cda1d6b65.jpeg\"><img loading=\"lazy\" decoding=\"async\" width=\"640\" height=\"480\" src=\"http:\/\/qtmm.org\/wp-content\/uploads\/2022\/01\/4ed8cda1d6b65.jpeg\" alt=\"\" data-id=\"27146\" data-full-url=\"http:\/\/qtmm.org\/wp-content\/uploads\/2022\/01\/4ed8cda1d6b65.jpeg\" data-link=\"http:\/\/qtmm.org\/qt\/?attachment_id=27146\" class=\"wp-image-27146\" srcset=\"https:\/\/qtmm.org\/wp-content\/uploads\/2022\/01\/4ed8cda1d6b65.jpeg 640w, https:\/\/qtmm.org\/wp-content\/uploads\/2022\/01\/4ed8cda1d6b65-300x225.jpeg 300w\" sizes=\"auto, (max-width: 640px) 100vw, 640px\" \/><\/a><\/figure><\/li><li class=\"blocks-gallery-item\"><figure><a href=\"http:\/\/qtmm.org\/wp-content\/uploads\/2022\/01\/4ed8cda012ae9.jpeg\"><img loading=\"lazy\" decoding=\"async\" width=\"640\" height=\"480\" src=\"http:\/\/qtmm.org\/wp-content\/uploads\/2022\/01\/4ed8cda012ae9.jpeg\" alt=\"\" data-id=\"27150\" data-full-url=\"http:\/\/qtmm.org\/wp-content\/uploads\/2022\/01\/4ed8cda012ae9.jpeg\" data-link=\"http:\/\/qtmm.org\/qt\/?attachment_id=27150\" class=\"wp-image-27150\" srcset=\"https:\/\/qtmm.org\/wp-content\/uploads\/2022\/01\/4ed8cda012ae9.jpeg 640w, https:\/\/qtmm.org\/wp-content\/uploads\/2022\/01\/4ed8cda012ae9-300x225.jpeg 300w\" sizes=\"auto, (max-width: 640px) 100vw, 640px\" \/><\/a><\/figure><\/li><li class=\"blocks-gallery-item\"><figure><a href=\"http:\/\/qtmm.org\/wp-content\/uploads\/2022\/01\/4ed8cda19c9c4.jpeg\"><img loading=\"lazy\" decoding=\"async\" width=\"640\" height=\"480\" src=\"http:\/\/qtmm.org\/wp-content\/uploads\/2022\/01\/4ed8cda19c9c4.jpeg\" alt=\"\" data-id=\"27154\" data-full-url=\"http:\/\/qtmm.org\/wp-content\/uploads\/2022\/01\/4ed8cda19c9c4.jpeg\" data-link=\"http:\/\/qtmm.org\/qt\/?attachment_id=27154\" class=\"wp-image-27154\" srcset=\"https:\/\/qtmm.org\/wp-content\/uploads\/2022\/01\/4ed8cda19c9c4.jpeg 640w, https:\/\/qtmm.org\/wp-content\/uploads\/2022\/01\/4ed8cda19c9c4-300x225.jpeg 300w\" sizes=\"auto, (max-width: 640px) 100vw, 640px\" \/><\/a><\/figure><\/li><li class=\"blocks-gallery-item\"><figure><a href=\"http:\/\/qtmm.org\/wp-content\/uploads\/2022\/01\/4ed8cda151e71.jpeg\"><img loading=\"lazy\" decoding=\"async\" width=\"640\" height=\"480\" src=\"http:\/\/qtmm.org\/wp-content\/uploads\/2022\/01\/4ed8cda151e71.jpeg\" alt=\"\" data-id=\"27158\" data-full-url=\"http:\/\/qtmm.org\/wp-content\/uploads\/2022\/01\/4ed8cda151e71.jpeg\" data-link=\"http:\/\/qtmm.org\/qt\/?attachment_id=27158\" class=\"wp-image-27158\" srcset=\"https:\/\/qtmm.org\/wp-content\/uploads\/2022\/01\/4ed8cda151e71.jpeg 640w, https:\/\/qtmm.org\/wp-content\/uploads\/2022\/01\/4ed8cda151e71-300x225.jpeg 300w\" sizes=\"auto, (max-width: 640px) 100vw, 640px\" \/><\/a><\/figure><\/li><\/ul><\/figure>\n","protected":false},"excerpt":{"rendered":"<p>Q\u0131r\u0131mda eki k\u00fcnl\u00fck i\u015f ziyaretinden bulun\u011fan Avropa Birligini\u00f1 insan aqlar\u0131 boyunca Komissar\u0131 Tomas Hammarberg noyabr 25 k\u00fcn\u00fcni\u00f1 ekinci yar\u0131s\u0131nda q\u0131r\u0131mtatar halq\u0131n\u0131\u00f1 vaziyetini \u00f6grendi. Avropa Birligini\u00f1 insan aqlar\u0131 boyunca Komissar\u0131 s\u0131fat\u0131nda Q\u0131r\u0131mda ilk sefer bulun\u011fan Tomas Hammarberg q\u0131r\u0131mtatar halq\u0131 meselesinen tan\u0131\u015fuv\u0131n\u0131 &#8220;Kr\u0131mavtogaz&#8221; qasabas\u0131nda topraq talap etken q\u0131r\u0131mtatarlarn\u0131\u00f1 naraz\u0131l\u0131q tarlas\u0131ndan ba\u015flad\u0131. Avropa Birligini\u00f1 insan aqlar\u0131 boyunca Komissar\u0131 [&hellip;]<\/p>\n","protected":false},"author":1,"featured_media":27142,"comment_status":"open","ping_status":"open","sticky":false,"template":"","format":"standard","meta":{"inline_featured_image":false,"footnotes":""},"categories":[265],"tags":[],"class_list":["post-27097","post","type-post","status-publish","format-standard","has-post-thumbnail","hentry","category-haberler"],"acf":[],"yoast_head":"<!-- This site is optimized with the Yoast SEO plugin v27.4 - https:\/\/yoast.com\/product\/yoast-seo-wordpress\/ -->\n<title>Avropa Birligini\u00f1 insan aqlar\u0131 boyunca Komissar\u0131 Q\u0131r\u0131mda - \u041c\u0435\u0434\u0436\u043b\u0456\u0441<\/title>\n<meta name=\"robots\" content=\"index, follow, max-snippet:-1, max-image-preview:large, max-video-preview:-1\" \/>\n<link rel=\"canonical\" href=\"https:\/\/qtmm.org\/qt\/avropa-birliginin-insan-aqlari-boyunca-komissari-qirimda\/\" \/>\n<meta property=\"og:locale\" content=\"en_US\" \/>\n<meta property=\"og:type\" content=\"article\" \/>\n<meta property=\"og:title\" content=\"Avropa Birligini\u00f1 insan aqlar\u0131 boyunca Komissar\u0131 Q\u0131r\u0131mda - \u041c\u0435\u0434\u0436\u043b\u0456\u0441\" \/>\n<meta property=\"og:description\" content=\"Q\u0131r\u0131mda eki k\u00fcnl\u00fck i\u015f ziyaretinden bulun\u011fan Avropa Birligini\u00f1 insan aqlar\u0131 boyunca Komissar\u0131 Tomas Hammarberg noyabr 25 k\u00fcn\u00fcni\u00f1 ekinci yar\u0131s\u0131nda q\u0131r\u0131mtatar halq\u0131n\u0131\u00f1 vaziyetini \u00f6grendi. Avropa Birligini\u00f1 insan aqlar\u0131 boyunca Komissar\u0131 s\u0131fat\u0131nda Q\u0131r\u0131mda ilk sefer bulun\u011fan Tomas Hammarberg q\u0131r\u0131mtatar halq\u0131 meselesinen tan\u0131\u015fuv\u0131n\u0131 &#8220;Kr\u0131mavtogaz&#8221; qasabas\u0131nda topraq talap etken q\u0131r\u0131mtatarlarn\u0131\u00f1 naraz\u0131l\u0131q tarlas\u0131ndan ba\u015flad\u0131. Avropa Birligini\u00f1 insan aqlar\u0131 boyunca Komissar\u0131 [&hellip;]\" \/>\n<meta property=\"og:url\" content=\"https:\/\/qtmm.org\/qt\/avropa-birliginin-insan-aqlari-boyunca-komissari-qirimda\/\" \/>\n<meta property=\"og:site_name\" content=\"\u041c\u0435\u0434\u0436\u043b\u0456\u0441\" \/>\n<meta property=\"article:publisher\" content=\"https:\/\/www.facebook.com\/qtmm.info\/\" \/>\n<meta property=\"article:published_time\" content=\"2011-11-28T19:08:00+00:00\" \/>\n<meta property=\"article:modified_time\" content=\"2022-01-19T19:10:59+00:00\" \/>\n<meta property=\"og:image\" content=\"https:\/\/qtmm.org\/wp-content\/uploads\/2022\/01\/4ed8cda0d218b.jpeg\" \/>\n\t<meta property=\"og:image:width\" content=\"640\" \/>\n\t<meta property=\"og:image:height\" content=\"480\" \/>\n\t<meta property=\"og:image:type\" content=\"image\/jpeg\" \/>\n<meta name=\"author\" content=\"Developer\" \/>\n<meta name=\"twitter:card\" content=\"summary_large_image\" \/>\n<meta name=\"twitter:label1\" content=\"Written by\" \/>\n\t<meta name=\"twitter:data1\" content=\"Developer\" \/>\n\t<meta name=\"twitter:label2\" content=\"Est. reading time\" \/>\n\t<meta name=\"twitter:data2\" content=\"5 minutes\" \/>\n<script type=\"application\/ld+json\" class=\"yoast-schema-graph\">{\"@context\":\"https:\\\/\\\/schema.org\",\"@graph\":[{\"@type\":\"Article\",\"@id\":\"https:\\\/\\\/qtmm.org\\\/qt\\\/avropa-birliginin-insan-aqlari-boyunca-komissari-qirimda\\\/#article\",\"isPartOf\":{\"@id\":\"https:\\\/\\\/qtmm.org\\\/qt\\\/avropa-birliginin-insan-aqlari-boyunca-komissari-qirimda\\\/\"},\"author\":{\"name\":\"Developer\",\"@id\":\"https:\\\/\\\/qtmm.org\\\/qt\\\/#\\\/schema\\\/person\\\/de562469f971dec226ac06e60bbf74a7\"},\"headline\":\"Avropa Birligini\u00f1 insan aqlar\u0131 boyunca Komissar\u0131 Q\u0131r\u0131mda\",\"datePublished\":\"2011-11-28T19:08:00+00:00\",\"dateModified\":\"2022-01-19T19:10:59+00:00\",\"mainEntityOfPage\":{\"@id\":\"https:\\\/\\\/qtmm.org\\\/qt\\\/avropa-birliginin-insan-aqlari-boyunca-komissari-qirimda\\\/\"},\"wordCount\":988,\"commentCount\":0,\"publisher\":{\"@id\":\"https:\\\/\\\/qtmm.org\\\/qt\\\/#organization\"},\"image\":{\"@id\":\"https:\\\/\\\/qtmm.org\\\/qt\\\/avropa-birliginin-insan-aqlari-boyunca-komissari-qirimda\\\/#primaryimage\"},\"thumbnailUrl\":\"https:\\\/\\\/qtmm.org\\\/wp-content\\\/uploads\\\/2022\\\/01\\\/4ed8cda0d218b.jpeg\",\"articleSection\":[\"Haberler\"],\"inLanguage\":\"qt\",\"potentialAction\":[{\"@type\":\"CommentAction\",\"name\":\"Comment\",\"target\":[\"https:\\\/\\\/qtmm.org\\\/qt\\\/avropa-birliginin-insan-aqlari-boyunca-komissari-qirimda\\\/#respond\"]}]},{\"@type\":\"WebPage\",\"@id\":\"https:\\\/\\\/qtmm.org\\\/qt\\\/avropa-birliginin-insan-aqlari-boyunca-komissari-qirimda\\\/\",\"url\":\"https:\\\/\\\/qtmm.org\\\/qt\\\/avropa-birliginin-insan-aqlari-boyunca-komissari-qirimda\\\/\",\"name\":\"Avropa Birligini\u00f1 insan aqlar\u0131 boyunca Komissar\u0131 Q\u0131r\u0131mda - \u041c\u0435\u0434\u0436\u043b\u0456\u0441\",\"isPartOf\":{\"@id\":\"https:\\\/\\\/qtmm.org\\\/qt\\\/#website\"},\"primaryImageOfPage\":{\"@id\":\"https:\\\/\\\/qtmm.org\\\/qt\\\/avropa-birliginin-insan-aqlari-boyunca-komissari-qirimda\\\/#primaryimage\"},\"image\":{\"@id\":\"https:\\\/\\\/qtmm.org\\\/qt\\\/avropa-birliginin-insan-aqlari-boyunca-komissari-qirimda\\\/#primaryimage\"},\"thumbnailUrl\":\"https:\\\/\\\/qtmm.org\\\/wp-content\\\/uploads\\\/2022\\\/01\\\/4ed8cda0d218b.jpeg\",\"datePublished\":\"2011-11-28T19:08:00+00:00\",\"dateModified\":\"2022-01-19T19:10:59+00:00\",\"breadcrumb\":{\"@id\":\"https:\\\/\\\/qtmm.org\\\/qt\\\/avropa-birliginin-insan-aqlari-boyunca-komissari-qirimda\\\/#breadcrumb\"},\"inLanguage\":\"qt\",\"potentialAction\":[{\"@type\":\"ReadAction\",\"target\":[\"https:\\\/\\\/qtmm.org\\\/qt\\\/avropa-birliginin-insan-aqlari-boyunca-komissari-qirimda\\\/\"]}]},{\"@type\":\"ImageObject\",\"inLanguage\":\"qt\",\"@id\":\"https:\\\/\\\/qtmm.org\\\/qt\\\/avropa-birliginin-insan-aqlari-boyunca-komissari-qirimda\\\/#primaryimage\",\"url\":\"https:\\\/\\\/qtmm.org\\\/wp-content\\\/uploads\\\/2022\\\/01\\\/4ed8cda0d218b.jpeg\",\"contentUrl\":\"https:\\\/\\\/qtmm.org\\\/wp-content\\\/uploads\\\/2022\\\/01\\\/4ed8cda0d218b.jpeg\",\"width\":640,\"height\":480},{\"@type\":\"BreadcrumbList\",\"@id\":\"https:\\\/\\\/qtmm.org\\\/qt\\\/avropa-birliginin-insan-aqlari-boyunca-komissari-qirimda\\\/#breadcrumb\",\"itemListElement\":[{\"@type\":\"ListItem\",\"position\":1,\"name\":\"\u0413\u043e\u043b\u043e\u0432\u043d\u0430\",\"item\":\"https:\\\/\\\/qtmm.org\\\/qt\\\/\"},{\"@type\":\"ListItem\",\"position\":2,\"name\":\"Avropa Birligini\u00f1 insan aqlar\u0131 boyunca Komissar\u0131 Q\u0131r\u0131mda\"}]},{\"@type\":\"WebSite\",\"@id\":\"https:\\\/\\\/qtmm.org\\\/qt\\\/#website\",\"url\":\"https:\\\/\\\/qtmm.org\\\/qt\\\/\",\"name\":\"\u041c\u0435\u0434\u0436\u043b\u0456\u0441\",\"description\":\"\",\"publisher\":{\"@id\":\"https:\\\/\\\/qtmm.org\\\/qt\\\/#organization\"},\"potentialAction\":[{\"@type\":\"SearchAction\",\"target\":{\"@type\":\"EntryPoint\",\"urlTemplate\":\"https:\\\/\\\/qtmm.org\\\/qt\\\/?s={search_term_string}\"},\"query-input\":{\"@type\":\"PropertyValueSpecification\",\"valueRequired\":true,\"valueName\":\"search_term_string\"}}],\"inLanguage\":\"qt\"},{\"@type\":\"Organization\",\"@id\":\"https:\\\/\\\/qtmm.org\\\/qt\\\/#organization\",\"name\":\"\u041c\u0435\u0434\u0436\u043b\u0456\u0441\",\"url\":\"https:\\\/\\\/qtmm.org\\\/qt\\\/\",\"logo\":{\"@type\":\"ImageObject\",\"inLanguage\":\"qt\",\"@id\":\"https:\\\/\\\/qtmm.org\\\/qt\\\/#\\\/schema\\\/logo\\\/image\\\/\",\"url\":\"https:\\\/\\\/qtmm.org\\\/wp-content\\\/uploads\\\/2024\\\/12\\\/ua-mejlis-logo-rgb.svg\",\"contentUrl\":\"https:\\\/\\\/qtmm.org\\\/wp-content\\\/uploads\\\/2024\\\/12\\\/ua-mejlis-logo-rgb.svg\",\"caption\":\"\u041c\u0435\u0434\u0436\u043b\u0456\u0441\"},\"image\":{\"@id\":\"https:\\\/\\\/qtmm.org\\\/qt\\\/#\\\/schema\\\/logo\\\/image\\\/\"},\"sameAs\":[\"https:\\\/\\\/www.facebook.com\\\/qtmm.info\\\/\"]},{\"@type\":\"Person\",\"@id\":\"https:\\\/\\\/qtmm.org\\\/qt\\\/#\\\/schema\\\/person\\\/de562469f971dec226ac06e60bbf74a7\",\"name\":\"Developer\",\"image\":{\"@type\":\"ImageObject\",\"inLanguage\":\"qt\",\"@id\":\"https:\\\/\\\/secure.gravatar.com\\\/avatar\\\/392b4cc8fbfeb00b39dfeeab4ee6edded39ffd48e25858637e4765810300227e?s=96&d=mm&r=g\",\"url\":\"https:\\\/\\\/secure.gravatar.com\\\/avatar\\\/392b4cc8fbfeb00b39dfeeab4ee6edded39ffd48e25858637e4765810300227e?s=96&d=mm&r=g\",\"contentUrl\":\"https:\\\/\\\/secure.gravatar.com\\\/avatar\\\/392b4cc8fbfeb00b39dfeeab4ee6edded39ffd48e25858637e4765810300227e?s=96&d=mm&r=g\",\"caption\":\"Developer\"},\"url\":\"https:\\\/\\\/qtmm.org\\\/qt\\\/author\\\/Developer\\\/\"}]}<\/script>\n<!-- \/ Yoast SEO plugin. -->","yoast_head_json":{"title":"Avropa Birligini\u00f1 insan aqlar\u0131 boyunca Komissar\u0131 Q\u0131r\u0131mda - \u041c\u0435\u0434\u0436\u043b\u0456\u0441","robots":{"index":"index","follow":"follow","max-snippet":"max-snippet:-1","max-image-preview":"max-image-preview:large","max-video-preview":"max-video-preview:-1"},"canonical":"https:\/\/qtmm.org\/qt\/avropa-birliginin-insan-aqlari-boyunca-komissari-qirimda\/","og_locale":"en_US","og_type":"article","og_title":"Avropa Birligini\u00f1 insan aqlar\u0131 boyunca Komissar\u0131 Q\u0131r\u0131mda - \u041c\u0435\u0434\u0436\u043b\u0456\u0441","og_description":"Q\u0131r\u0131mda eki k\u00fcnl\u00fck i\u015f ziyaretinden bulun\u011fan Avropa Birligini\u00f1 insan aqlar\u0131 boyunca Komissar\u0131 Tomas Hammarberg noyabr 25 k\u00fcn\u00fcni\u00f1 ekinci yar\u0131s\u0131nda q\u0131r\u0131mtatar halq\u0131n\u0131\u00f1 vaziyetini \u00f6grendi. Avropa Birligini\u00f1 insan aqlar\u0131 boyunca Komissar\u0131 s\u0131fat\u0131nda Q\u0131r\u0131mda ilk sefer bulun\u011fan Tomas Hammarberg q\u0131r\u0131mtatar halq\u0131 meselesinen tan\u0131\u015fuv\u0131n\u0131 &#8220;Kr\u0131mavtogaz&#8221; qasabas\u0131nda topraq talap etken q\u0131r\u0131mtatarlarn\u0131\u00f1 naraz\u0131l\u0131q tarlas\u0131ndan ba\u015flad\u0131. Avropa Birligini\u00f1 insan aqlar\u0131 boyunca Komissar\u0131 [&hellip;]","og_url":"https:\/\/qtmm.org\/qt\/avropa-birliginin-insan-aqlari-boyunca-komissari-qirimda\/","og_site_name":"\u041c\u0435\u0434\u0436\u043b\u0456\u0441","article_publisher":"https:\/\/www.facebook.com\/qtmm.info\/","article_published_time":"2011-11-28T19:08:00+00:00","article_modified_time":"2022-01-19T19:10:59+00:00","og_image":[{"width":640,"height":480,"url":"https:\/\/qtmm.org\/wp-content\/uploads\/2022\/01\/4ed8cda0d218b.jpeg","type":"image\/jpeg"}],"author":"Developer","twitter_card":"summary_large_image","twitter_misc":{"Written by":"Developer","Est. reading time":"5 minutes"},"schema":{"@context":"https:\/\/schema.org","@graph":[{"@type":"Article","@id":"https:\/\/qtmm.org\/qt\/avropa-birliginin-insan-aqlari-boyunca-komissari-qirimda\/#article","isPartOf":{"@id":"https:\/\/qtmm.org\/qt\/avropa-birliginin-insan-aqlari-boyunca-komissari-qirimda\/"},"author":{"name":"Developer","@id":"https:\/\/qtmm.org\/qt\/#\/schema\/person\/de562469f971dec226ac06e60bbf74a7"},"headline":"Avropa Birligini\u00f1 insan aqlar\u0131 boyunca Komissar\u0131 Q\u0131r\u0131mda","datePublished":"2011-11-28T19:08:00+00:00","dateModified":"2022-01-19T19:10:59+00:00","mainEntityOfPage":{"@id":"https:\/\/qtmm.org\/qt\/avropa-birliginin-insan-aqlari-boyunca-komissari-qirimda\/"},"wordCount":988,"commentCount":0,"publisher":{"@id":"https:\/\/qtmm.org\/qt\/#organization"},"image":{"@id":"https:\/\/qtmm.org\/qt\/avropa-birliginin-insan-aqlari-boyunca-komissari-qirimda\/#primaryimage"},"thumbnailUrl":"https:\/\/qtmm.org\/wp-content\/uploads\/2022\/01\/4ed8cda0d218b.jpeg","articleSection":["Haberler"],"inLanguage":"qt","potentialAction":[{"@type":"CommentAction","name":"Comment","target":["https:\/\/qtmm.org\/qt\/avropa-birliginin-insan-aqlari-boyunca-komissari-qirimda\/#respond"]}]},{"@type":"WebPage","@id":"https:\/\/qtmm.org\/qt\/avropa-birliginin-insan-aqlari-boyunca-komissari-qirimda\/","url":"https:\/\/qtmm.org\/qt\/avropa-birliginin-insan-aqlari-boyunca-komissari-qirimda\/","name":"Avropa Birligini\u00f1 insan aqlar\u0131 boyunca Komissar\u0131 Q\u0131r\u0131mda - \u041c\u0435\u0434\u0436\u043b\u0456\u0441","isPartOf":{"@id":"https:\/\/qtmm.org\/qt\/#website"},"primaryImageOfPage":{"@id":"https:\/\/qtmm.org\/qt\/avropa-birliginin-insan-aqlari-boyunca-komissari-qirimda\/#primaryimage"},"image":{"@id":"https:\/\/qtmm.org\/qt\/avropa-birliginin-insan-aqlari-boyunca-komissari-qirimda\/#primaryimage"},"thumbnailUrl":"https:\/\/qtmm.org\/wp-content\/uploads\/2022\/01\/4ed8cda0d218b.jpeg","datePublished":"2011-11-28T19:08:00+00:00","dateModified":"2022-01-19T19:10:59+00:00","breadcrumb":{"@id":"https:\/\/qtmm.org\/qt\/avropa-birliginin-insan-aqlari-boyunca-komissari-qirimda\/#breadcrumb"},"inLanguage":"qt","potentialAction":[{"@type":"ReadAction","target":["https:\/\/qtmm.org\/qt\/avropa-birliginin-insan-aqlari-boyunca-komissari-qirimda\/"]}]},{"@type":"ImageObject","inLanguage":"qt","@id":"https:\/\/qtmm.org\/qt\/avropa-birliginin-insan-aqlari-boyunca-komissari-qirimda\/#primaryimage","url":"https:\/\/qtmm.org\/wp-content\/uploads\/2022\/01\/4ed8cda0d218b.jpeg","contentUrl":"https:\/\/qtmm.org\/wp-content\/uploads\/2022\/01\/4ed8cda0d218b.jpeg","width":640,"height":480},{"@type":"BreadcrumbList","@id":"https:\/\/qtmm.org\/qt\/avropa-birliginin-insan-aqlari-boyunca-komissari-qirimda\/#breadcrumb","itemListElement":[{"@type":"ListItem","position":1,"name":"\u0413\u043e\u043b\u043e\u0432\u043d\u0430","item":"https:\/\/qtmm.org\/qt\/"},{"@type":"ListItem","position":2,"name":"Avropa Birligini\u00f1 insan aqlar\u0131 boyunca Komissar\u0131 Q\u0131r\u0131mda"}]},{"@type":"WebSite","@id":"https:\/\/qtmm.org\/qt\/#website","url":"https:\/\/qtmm.org\/qt\/","name":"\u041c\u0435\u0434\u0436\u043b\u0456\u0441","description":"","publisher":{"@id":"https:\/\/qtmm.org\/qt\/#organization"},"potentialAction":[{"@type":"SearchAction","target":{"@type":"EntryPoint","urlTemplate":"https:\/\/qtmm.org\/qt\/?s={search_term_string}"},"query-input":{"@type":"PropertyValueSpecification","valueRequired":true,"valueName":"search_term_string"}}],"inLanguage":"qt"},{"@type":"Organization","@id":"https:\/\/qtmm.org\/qt\/#organization","name":"\u041c\u0435\u0434\u0436\u043b\u0456\u0441","url":"https:\/\/qtmm.org\/qt\/","logo":{"@type":"ImageObject","inLanguage":"qt","@id":"https:\/\/qtmm.org\/qt\/#\/schema\/logo\/image\/","url":"https:\/\/qtmm.org\/wp-content\/uploads\/2024\/12\/ua-mejlis-logo-rgb.svg","contentUrl":"https:\/\/qtmm.org\/wp-content\/uploads\/2024\/12\/ua-mejlis-logo-rgb.svg","caption":"\u041c\u0435\u0434\u0436\u043b\u0456\u0441"},"image":{"@id":"https:\/\/qtmm.org\/qt\/#\/schema\/logo\/image\/"},"sameAs":["https:\/\/www.facebook.com\/qtmm.info\/"]},{"@type":"Person","@id":"https:\/\/qtmm.org\/qt\/#\/schema\/person\/de562469f971dec226ac06e60bbf74a7","name":"Developer","image":{"@type":"ImageObject","inLanguage":"qt","@id":"https:\/\/secure.gravatar.com\/avatar\/392b4cc8fbfeb00b39dfeeab4ee6edded39ffd48e25858637e4765810300227e?s=96&d=mm&r=g","url":"https:\/\/secure.gravatar.com\/avatar\/392b4cc8fbfeb00b39dfeeab4ee6edded39ffd48e25858637e4765810300227e?s=96&d=mm&r=g","contentUrl":"https:\/\/secure.gravatar.com\/avatar\/392b4cc8fbfeb00b39dfeeab4ee6edded39ffd48e25858637e4765810300227e?s=96&d=mm&r=g","caption":"Developer"},"url":"https:\/\/qtmm.org\/qt\/author\/Developer\/"}]}},"_links":{"self":[{"href":"https:\/\/qtmm.org\/qt\/wp-json\/wp\/v2\/posts\/27097","targetHints":{"allow":["GET"]}}],"collection":[{"href":"https:\/\/qtmm.org\/qt\/wp-json\/wp\/v2\/posts"}],"about":[{"href":"https:\/\/qtmm.org\/qt\/wp-json\/wp\/v2\/types\/post"}],"author":[{"embeddable":true,"href":"https:\/\/qtmm.org\/qt\/wp-json\/wp\/v2\/users\/1"}],"replies":[{"embeddable":true,"href":"https:\/\/qtmm.org\/qt\/wp-json\/wp\/v2\/comments?post=27097"}],"version-history":[{"count":1,"href":"https:\/\/qtmm.org\/qt\/wp-json\/wp\/v2\/posts\/27097\/revisions"}],"predecessor-version":[{"id":27162,"href":"https:\/\/qtmm.org\/qt\/wp-json\/wp\/v2\/posts\/27097\/revisions\/27162"}],"wp:featuredmedia":[{"embeddable":true,"href":"https:\/\/qtmm.org\/qt\/wp-json\/wp\/v2\/media\/27142"}],"wp:attachment":[{"href":"https:\/\/qtmm.org\/qt\/wp-json\/wp\/v2\/media?parent=27097"}],"wp:term":[{"taxonomy":"category","embeddable":true,"href":"https:\/\/qtmm.org\/qt\/wp-json\/wp\/v2\/categories?post=27097"},{"taxonomy":"post_tag","embeddable":true,"href":"https:\/\/qtmm.org\/qt\/wp-json\/wp\/v2\/tags?post=27097"}],"curies":[{"name":"wp","href":"https:\/\/api.w.org\/{rel}","templated":true}]}}