




{"id":27095,"date":"2011-11-23T22:06:00","date_gmt":"2011-11-23T19:06:00","guid":{"rendered":"http:\/\/qtmm.org\/?p=27095"},"modified":"2022-01-19T22:07:48","modified_gmt":"2022-01-19T19:07:48","slug":"mustafa-cemilev-rusiyenin-mahsus-hizmetleri-qirimtatarlarni-parcalap-qirimnin-yonelisini-denistire-basladilar","status":"publish","type":"post","link":"https:\/\/qtmm.org\/qt\/mustafa-cemilev-rusiyenin-mahsus-hizmetleri-qirimtatarlarni-parcalap-qirimnin-yonelisini-denistire-basladilar\/","title":{"rendered":"Mustafa CEM\u0130LEV: Rusiyeni\u00f1 mahsus h\u0131zmetleri q\u0131r\u0131mtatarlarn\u0131 par\u00e7alap, Q\u0131r\u0131mn\u0131\u00f1 y\u00f6neli\u015fini de\u00f1i\u015ftire ba\u015flad\u0131lar"},"content":{"rendered":"\n<p>Ke\u00e7enlerde Aqmescitte kendilerini Q\u0131r\u0131mtatar cemaat te\u015fkil\u00e2tlar\u0131n\u0131\u00f1 birle\u015fken cebesi dep adland\u0131r\u011fan birlik &#8220;Meclis yetek\u00e7ilerine impi\u00e7ment&#8221; aqq\u0131nda beyanatnen \u00e7\u0131qqan milliy areket veteranlar\u0131na qoltutuv mitingini ke\u00e7irdi. Uquqqoruv organlar\u0131n\u0131\u00f1 mal\u00fcmatlar\u0131na k\u00f6re Q\u0131r\u0131mtatar akademik milliy teatrini\u00f1 yan\u0131ndaki ki\u00e7kene meydanda \u00f6tkerilgen bu tedbirde qararnen 300\u2014400 adam i\u015ftirak etti. Yani impi\u00e7ment aqq\u0131nda aytma\u011fa s\u0131ra kelmey.<\/p>\n\n\n\n<p>Mitingde &#8220;Ya\u00f1\u0131 nesil \u2014 Q\u0131r\u0131m&#8221;, &#8220;Sebat&#8221;, &#8220;Milli Firqa&#8221; kibi ya\u00f1\u0131 cemaat te\u015fkil\u00e2tlarn\u0131\u00f1 vekilleri i\u015ftirak ettiler. Ba\u015fta &#8220;Naraz\u0131l\u0131q tarla&#8221;lar\u0131 i\u015ftirak\u00e7ilerini\u00f1 topraq u\u00e7astkalar\u0131n\u0131 ay\u0131ruv meselelerini muzakere etmek i\u00e7\u00fcn topla\u015fuv\u0131 ke\u00e7irilecegi il\u00e2n etilgen edi, l\u00e2kin so\u00f1undan topla\u015fuv mevzus\u0131 meclisni tenqid et\u00fcvge \u00e7evirilip, bir s\u0131ra i\u015ftirak\u00e7ilerini\u00f1 naraz\u0131l\u0131\u011f\u0131n\u0131 qoz\u011fad\u0131. Toplan\u011fanlar qabul etken qararda &#8220;b\u00fct\u00fcn halq ad\u0131ndan&#8221; a\u011f\u0131mdaki seneni\u00f1 noyabr 14-nde il\u00e2n etilgen &#8220;meclis reberlerine impi\u00e7ment&#8221;ni\u00f1 maqullengeni bildirile. Qarar m\u00fcellifleri Q\u0131r\u0131m nazirler \u015furas\u0131ndan Meclis vekilleri Refat \u00c7ubarov ve Zevcet Qurt\u00fcmerovn\u0131 yerlerni bo\u015fatuv ve damart\u0131 ay\u0131ruv meselelerini \u00e7ez\u00fcv boyunca komissiya erk\u00e2n\u0131ndan \u00e7\u0131qar\u0131p, olarn\u0131\u00f1 yerine \u201cNaraz\u0131l\u0131q tarlalar\u0131&#8221;n\u0131\u00f1 vekillerini kirsetmekni talap ettiler.<\/p>\n\n\n\n<p>&#8220;Halq Milliy areket vekiller ke\u00f1e\u015fi ve aqsaqallar topla\u015fuv\u0131na nevbetten t\u0131\u015f halq qurultay\u0131n\u0131 \u00e7a\u011f\u0131rmaqn\u0131 avale ete. Qurultayda ya\u00f1\u0131 vek\u00e2letli organ tesis etilmesi kerek&#8221;, \u2014dep yaz\u0131l\u011fan qararda. Bun\u0131\u00f1 kibi de on\u0131\u00f1 m\u00fcellifleri Prezident Viktor Yanukovi\u00e7ten icra akimiyetini\u00f1 b\u00fct\u00fcn organlar\u0131ndan Mustafa Cemilev tevsiye etken hadimlerni \u00e7\u0131qar\u0131p, olarn\u0131\u00f1 yerine mezk\u00fcr ke\u00f1e\u015f teklif etken \u015fah\u0131slarn\u0131 tayinlemekni rica eteler. Mitingni\u00f1 so\u00f1unda yuqar\u0131da adlar\u0131 a\u00f1\u0131l\u011fan te\u015fkil\u00e2tlarn\u0131\u00f1 faalleri Mustafa Cemilevni temsil etken qorqul\u0131\u011f\u0131n\u0131 yaqt\u0131lar.<\/p>\n\n\n\n<p>Topla\u015fuvda meclis tarafdarlar\u0131 da bulund\u0131lar. Tertip qoruy\u0131c\u0131lar ise qarama-qar\u015f\u0131 taraflar ortas\u0131nda canl\u0131 divar kibi turd\u0131lar. L\u00e2kin bu\u00f1a baqmadan ep bir ufaq-t\u00fcfek tala\u015fuvlar ol\u0131p, Meclis k\u00e2tibiyeti rehberi Zair Smedl\u00e2yevni\u00f1 ba\u015f\u0131ndan qalpa\u011f\u0131n\u0131 ur\u0131p t\u00fc\u015f\u00fcrdiler. Q\u0131r\u0131m Yuqar\u0131 \u015euras\u0131n\u0131\u00f1 Milletlerara munasebetler ve s\u00fcrg\u00fcn olun\u011fan grajdanlarn\u0131\u00f1 i\u015fleri boyunca daimiy komissiyan\u0131\u00f1 reisi Remzi \u0130lyasovn\u0131\u00f1 ad\u0131na da \u00e7irkin s\u00f6zler ayt\u0131ld\u0131.<\/p>\n\n\n\n<p>Ayn\u0131 \u015fu vaq\u0131tta\u00a0Aqmescitni\u00f1 \u015emidt soqa\u011f\u0131nda q\u0131r\u0131mtatarlarn\u0131\u00f1 ekinci mitingi de ke\u00e7ti. Onda Meclis reisi, halq deputat\u0131 Mustafa Cemilev, on\u0131\u00f1 muavini Refat \u00c7ubarov, Q\u0131r\u0131m Yuqar\u0131 \u015euras\u0131n\u0131\u00f1 Milletlerara munasebetler ve s\u00fcrg\u00fcn olun\u011fan grajdanlarn\u0131\u00f1 i\u015fleri boyunca daimiy komissiyan\u0131\u00f1 reisi Remzi \u0130lyasov, Q\u0131r\u0131m Nazirler \u015furas\u0131 reisini\u00f1 muavini Aziz Abdullayev, regional meclislerni\u00f1 vekilleri i\u015ftirak ettiler. Toplan\u011fanlar &#8220;Birle\u015fken cebe&#8221;ni\u00f1 mitingini qaralap, halq meclis yetek\u00e7ilerine i\u00e7 bir t\u00fcrl\u00fc impi\u00e7ment il\u00e2n etmegenini bildirdiler. Miting &#8220;Birle\u015fken cebe&#8221;ni\u00f1 areketlerine q\u0131r\u0131mtatar halq\u0131 milliy areketini par\u00e7alav o\u011frunda yap\u0131l\u011fan areket, dep q\u0131ymet kesken\u00a0qararn\u0131 qabul etti.<\/p>\n\n\n\n<p>Qarar m\u00fcellifleri provokatsiyalarn\u0131\u00f1 b\u00f6yle faalle\u015fmesini q\u0131r\u0131mtatar halq\u0131n\u0131\u00f1 problemlerini \u00e7ezmek i\u00e7\u00fcn Ukraina\u011fa halqara yard\u0131mn\u0131 celp etmek boyunca Halqara forumn\u0131\u00f1 ke\u00e7iril\u00fcvinen ba\u011fl\u0131 ol\u011fan\u0131n\u0131 qayd eteler: &#8220;Q\u0131r\u0131mtatar halq\u0131 aq-uquqlar\u0131n\u0131\u00f1 \u011fayr\u0131dan tiklenilmesine qar\u015f\u0131 \u00e7\u0131qqanlar provokatorlarn\u0131 orta\u011fa qoy\u0131p halqara forumn\u0131\u00f1 ke\u00e7irilmesine keder etmege t\u0131r\u0131\u015fqanlar\u0131 a\u00e7\u0131q k\u00f6r\u00fclmekte&#8221;. Miting i\u015ftirak\u00e7ileri q\u0131r\u0131mtatar cemaat te\u015fkil\u00e2tlar\u0131n\u0131\u00f1 areketlerini tenqidge o\u011frat\u0131p, qurultay, meclis, yerli ve maalliy meclislerni\u00f1 faaliyetine qoltutqanlar\u0131n\u0131 bildirdiler. &#8220;Biz b\u00fct\u00fcn q\u0131r\u0131mtatar halq\u0131na provokatorlarn\u0131\u00f1 boz\u011func\u0131l\u0131q areketlerini keskin qaralamaq ve q\u0131r\u0131mtatar halq\u0131n\u0131\u00f1 birligi-beraberligini teminlegen \u00e7arelerni k\u00f6rmege \u00e7a\u011f\u0131ram\u0131z!&#8221; \u2014 denilgen qararda.<\/p>\n\n\n\n<p>Aqmescitte bun\u0131\u00f1nen bir s\u0131rada gen\u00e7lerni\u00f1 &#8220;Q\u0131r\u0131mtatar ya\u015flar merkezi&#8221;, &#8220;Ya\u015flar \u015furas\u0131&#8221;, &#8220;Bizim Q\u0131r\u0131m&#8221; ve &#8220;Ya\u015flar sedas\u0131&#8221; te\u015fkil\u00e2tlar\u0131 bir ara\u011fa kelip &#8220;Sebat&#8221; ve &#8220;Ya\u00f1\u0131 nesil&#8221; kibi te\u015fkil\u00e2tlarn\u0131\u00f1 te\u015febb\u00fcsinen \u00f6tkerilip, q\u0131r\u0131mtatar halq\u0131n\u0131 b\u00f6lmege do\u011frult\u0131l\u011fan mitingni qaralad\u0131lar.<\/p>\n\n\n\n<p>Bu munasebetnen\u00a0&#8220;Den&#8221; gazetas\u0131\u00a0Ukraina halq deputat\u0131 Mustafa CEM\u0130LEVge muracaat etip, yar\u0131madada vaziyetni\u00f1 bu qadar kerginle\u015fmesine sebep\u00e7i ol\u011fan vaqialar aqq\u0131nda ik\u00e2ye etmek ricas\u0131nda bulund\u0131.<\/p>\n\n\n\n<p>\u2014&nbsp;<strong>Mustafa, sizge &#8220;impi\u00e7ment&#8221; bildirgen te\u015fkil\u00e2tlarn\u0131\u00f1 baz\u0131lar\u0131 aqq\u0131nda Q\u0131r\u0131mda daa yaq\u0131nlarda i\u00e7 kimse e\u015fitmegen edi. Bular nas\u0131l ve ne maqsadda qurul\u011fan\u0131n\u0131 ayt\u0131p olurs\u0131\u00f1\u0131zm\u0131?<\/strong><\/p>\n\n\n\n<p>\u2014 Q\u0131r\u0131mda vaziyetni\u00f1 kerginligi Rusiye mahsus h\u0131zmetleri yani Federal Tel\u00fckesizlik H\u0131zmeti (FTH) ve Ba\u015f Taqiqat \u0130daresi taraf\u0131ndan te\u015fkil\u00e2tland\u0131r\u0131l\u011fan\u0131 aqq\u0131ndaki menim beyanatlar\u0131ma baz\u0131 jurnalistler ve siyaset\u00e7iler pek yengil ve mes\u00fclietsizlikle yana\u015ft\u0131lar. Biz mecliste bir operativ mal\u00fcmatn\u0131 elde ettik ve on\u0131 &#8220;Den&#8221;ge oqup bere bilem. \u0130\u015fte. 2011 senesi may\u0131s ay\u0131na opartiv mal\u00fcmat. Onda FTH taraf\u0131ndan Q\u0131r\u0131mda vaziyetni q\u0131z\u011f\u0131nla\u015ft\u0131rmaq leyhas\u0131 i\u015flenilgen. Bun\u0131\u00f1 sebebi de k\u00f6sterile \u2013 yani ki q\u0131r\u0131mtatarlar Q\u0131r\u0131mn\u0131 Rusiyeni\u00f1 bir q\u0131sm\u0131na \u00e7evirmege mania ol\u0131p, rus menfaatlar\u0131na keder ete ekenler. Madamki bu plan\u011fa e\u00f1 \u00e7oq q\u0131r\u0131mtatar halq\u0131n\u0131\u00f1 meclisi \u00e7\u0131qa eken, olar q\u0131r\u0131mtatar halq\u0131n\u0131 par\u00e7alamaq, meclis reisini de\u00f1i\u015ftirmek ve on\u0131 Rusiyeden idare etilgen ve \u015fu ceryan\u011fa yard\u0131m etecek faallerni\u00f1 erk\u00e2n\u0131na qo\u015fmaq vazifesini qoyalar.<\/p>\n\n\n\n<p>Mezk\u00fcr programmada b\u00f6yle denile: &#8220;Bu, b\u00fccetten maqsadl\u0131 finansirlenilgen, kompleks informatsion cenk olacaq. Bu areketlerni al\u0131p barmaq i\u00e7\u00fcn Q\u0131r\u0131mda Rusiye tarafdarlar\u0131 ol\u011fan te\u015fkil\u00e2tlar esas\u0131nda koordinatsion \u015ftab \u015fekillendirilip, on\u0131\u00f1 erk\u00e2n\u0131na Rusiyeden bir qa\u00e7 siyasiy ekspert, konsultant, siyasiy tehnologlar, bir qa\u00e7 q\u0131r\u0131ml\u0131 siyaset\u00e7i ve jurnalistlerni kirsetmek planla\u015ft\u0131r\u0131la. \u0130\u015f bir qa\u00e7 esas y\u00f6neli\u015fler boyunca al\u0131p bar\u0131lacaq. 1. Cemilevge Nobel muk\u00e2fat\u0131n\u0131\u00f1 berilmesine yol qoymamaq maqsad\u0131nen devlet prezidentine, Norvegiyadaki Nobel komitetine, d\u00fcnya cemaat\u00e7\u0131l\u0131\u011f\u0131na Q\u0131r\u0131mtatar halq\u0131n\u0131\u00f1 ad\u0131ndan nas\u0131ld\u0131r muracaat az\u0131rlana. Bu beyanat etraf\u0131nda k\u00fc\u00e7l\u00fc dal\u011fa qoz\u011fat\u0131la. 2. Q\u0131r\u0131mda Rusiye Federatsiyas\u0131n\u0131\u00f1 koordinatsion \u015ftab\u0131n\u0131\u00f1 nezareti alt\u0131nda bulun\u011fan, terkibinde \u00e7e\u015fit sotsial duruml\u0131, \u00e7e\u015fit ya\u015fta azalar\u0131 ol\u011fan bir s\u0131ra q\u0131r\u0131mtatar cemaat te\u015fkil\u00e2tlar\u0131n\u0131 meydan\u011fa ketirmek. 3. \u00d6z elektron ve bas\u0131l\u0131 K\u00fctleviy informatsiya vastalar\u0131n\u0131 meydan\u011fa ketirmek. Rusiye Federatsiyas\u0131ndan finansirlenilecek b\u00fct\u00fcn bir media-holding(internet-ne\u015firler, gazeta, vereqa, televizion yay\u0131nlar) te\u015fkil etilmesi planl\u0131\u015ft\u0131r\u0131la. 4. Mecliske keskin ve k\u00fc\u00e7l\u00fc muhalif olmaq rol\u00fcni becerecek ya\u00f1\u0131 i\u00e7timaiy-siyasiy areketni \u015fekillendirmek&#8230;&#8221;<\/p>\n\n\n\n<p>Velas\u0131l, m\u0131nda er \u015fey tafsil\u00e2itl\u0131 ve aq\u0131lane yaz\u0131l\u011fan. C\u00fcmleden. Meclis i\u00e7\u00fcn Rusiye tarafdar\u0131 ol\u011fan ya\u00f1\u0131 bir yetek\u00e7i az\u0131rlana ve \u015fimdi namzetler se\u00e7ilmekte. Bundan da \u011fayr\u0131, gizli bir atn\u0131 ara\u015ft\u0131ruv devam ete, so\u00f1una qadar on\u0131 kimse bilmeycek ve so\u00f1ki daqqada peyda ol\u0131p, acele \u015fekilde reis etip saylanacaq. Bun\u0131 yapmaq q\u0131y\u0131n olur, \u00e7\u00fcnki ya\u00f1\u0131 lider qurultayda saylana, on\u0131\u00f1 delegatlar\u0131n\u0131 ise aldatmaq k\u00fc\u00e7.<\/p>\n\n\n\n<p>Haba\u015fit, salafit, hizbut ve digger diniy-siyasiy gruppalar ile birlikte diniy saada da b\u00fcy\u00fck i\u015flerni\u00f1 ke\u00e7irilmesi k\u00f6zde tutula. &#8220;T\u00fcrk&#8221; isl\u00e2m\u0131na qar\u015f\u0131 arap isl\u00e2m\u0131n\u0131\u00f1 pekitil\u00fcvi az\u0131rlan\u0131lmaqta ki, Q\u0131r\u0131mdaki musulman \u00fcmmetine t\u00fcrk isl\u00e2m\u0131n\u0131n\u0131\u00f1 tesirini zay\u0131flatmaq, so\u00f1ra vaqt\u0131 kelgende umumen arap aq\u0131nt\u0131lar\u0131na de\u00f1i\u015ftirmek birinci dereceli mesele olaraq belgilengen. Bun\u0131\u00f1 kibi de meclis azalar\u0131na a\u00e7\u0131l\u011fan cinaiy i\u015flerni de k\u00f6termek planla\u015ft\u0131r\u0131la. Bu ker\u00e7ekten de \u00f6yle ol\u011fan\u0131ndan meclis azas\u0131 Zair Smedl\u00e2yevge nisbeten uydur\u0131l\u011fan i\u015fni\u00f1 \u011fayr\u0131dan a\u00e7\u0131lmas\u0131 del\u00e2let bere. Bun\u0131\u00f1 asl\u0131 da neticesi olmayca\u011f\u0131 a\u00e7\u0131q k\u00f6r\u00fcnse de, tefti\u015f\u00e7iler gruppas\u0131 tizilip Ukraina tarafdarlar\u0131 ol\u011fan \u015fimdiki q\u0131r\u0131mtatar te\u015fkil\u00e2tlar\u0131na madiy destek k\u00f6stergen q\u0131r\u0131mtatar i\u015f adamlar\u0131n\u0131\u00f1 i\u015fleri te\u015fkerile. Q\u0131r\u0131mda q\u0131r\u0131mtatarlar i\u015ftirakinde qanun bozuv allar\u0131 boyunca bir s\u0131ra deputat soravlar\u0131 az\u0131rlanmaqta\u2026<\/p>\n\n\n\n<p>\u2014<strong>&nbsp;Sizi\u00f1 fikri\u00f1izce, m\u0131nda &#8220;plan&#8221; dep belgilengen maddeler endi Q\u0131r\u0131mda ker\u00e7ekle\u015fkeni bu vesiqan\u0131\u00f1 amelge ke\u00e7irileyatqan\u0131n\u0131 tasdiqlaym\u0131?<\/strong><\/p>\n\n\n\n<p>\u2014 \u015eubesiz. \u00c7\u00fcnki bu plan k\u00e2\u011f\u0131tta qal\u011fan vesiqa degil, ol\u0131p ke\u00e7ken vaqialar vesiqa m\u00fcellifleri on\u0131 Q\u0131r\u0131mda \u00f6m\u00fcrge ke\u00e7irgenlerini k\u00f6stere. M\u0131na sizge daa bir taze, 2011 senesi okt\u00e2br ay\u0131na ait mal\u00fcmat. O da endi \u00f6m\u00fcrge ke\u00e7mekte. Bu mal\u00fcmatqa k\u00f6re Q\u0131r\u0131mn\u0131\u00f1 b\u00fct\u00fcn regionlar\u0131ndan adamlar celp etilgeni alda bir qa\u00e7 k\u00fctleviy naraz\u0131l\u0131q aktsiyalar\u0131 az\u0131rlanmaqta. Q\u0131r\u0131mda meclis faaliyetinen naraz\u0131l\u0131q derecesi y\u00fcksek ol\u011fan\u0131n\u0131 k\u00f6stermek i\u00e7\u00fcn mal\u00fcmat K\u00fctleviy matbuat vastalar\u0131nda derc olunacaq. Mezk\u00fcr mal\u00fcmatqa k\u00f6re koordinatsion \u015ftab informatsion cenk al\u0131p barmaq i\u00e7\u00fcn faal \u00e7al\u0131\u015f\u0131p ba\u015flad\u0131.<\/p>\n\n\n\n<p>Planla\u015ft\u0131r\u0131l\u011fan esas tedbirler de qayd etilgen \u2013 meclis az\u0131rlayatqan forumn\u0131\u00f1 ke\u00e7irilmesine yol bermemek, Q\u0131r\u0131m\u011fa halqara ekspertler kelgende q\u0131r\u0131mtatarlar toplu ya\u015fa\u011fan qasabalarda provokatsiyalar \u00e7\u0131qarmaq, nevbetteki qurultayn\u0131\u00f1 ke\u00e7irilmesine ve ya\u00f1\u0131 erk\u00e2nn\u0131\u00f1 qurultay ke\u00e7irmesine keder etmek. Ayt\u0131la ki, \u015ftab endi qurultay delegatlar\u0131n\u0131\u00f1 cedvelini talap etken ve olarn\u0131\u00f1 er biri boyunca belli bir i\u015f al\u0131p bar\u0131la. Men kimnen ve nas\u0131l i\u015f al\u0131p bar\u0131l\u011fan\u0131nen meraqland\u0131m, amma bes-belli bu i\u015f gizli yap\u0131la. \u0130tiraz bildirmek m\u00fcmk\u00fcn ol\u011fanlar\u011fa ayr\u0131ca diqqat celp etilecek.<\/p>\n\n\n\n<p>\u2014&nbsp;<strong>Bu i\u015fni yapqan insanlar bellimi?<\/strong><\/p>\n\n\n\n<p>\u2014 Belli. Olar ne i\u00e7\u00fcndir ya\u00f1\u0131l\u0131p men Ekinci saylav okrug\u0131ndan(anda q\u0131r\u0131mtatar saylavc\u0131lar\u0131 \u00e7oq) namzetimni k\u00f6sterecem, dep belleyler. \u0130\u015fte o okrugdan saylavda i\u015ftirak etecek Rinat \u015eaymardanovn\u0131 az\u0131rlaylar. \u015eimdilik o, &#8220;Sebat&#8221; te\u015fkil\u00e2t\u0131n\u0131\u00f1 faalidir, \u00f6z\u00fcni\u00f1 internet-saifesinde &#8220;Mahsus leyha Mustafa&#8221; degen bir leyhas\u0131nda sanki jurnalistik taqiqat ke\u00e7ire. Albuki, anda endi \u00e7oqtan belli ol\u011fan eskirgen mal\u00fcmatlarn\u0131 a\u00e7\u0131qlay. Bes-belli bu mal\u00fcmatlarn\u0131 o, mahsus h\u0131zmetlerni\u00f1 dosyelerinden al\u011fan.<\/p>\n\n\n\n<p>Bun\u0131\u00f1 kibi de Ba\u015f Taqikat \u0130daresini\u00f1 polkovnigi Vladimir L\u0131senko da yah\u015f\u0131 tan\u0131\u015f. Bir zamanda ukrain mahsus h\u0131zmeti on\u0131 &#8220;ukrain te\u015fkil\u00e2tlar\u0131, \u015fu c\u00fcmleden meclisni\u00f1 i\u00e7ine Rusiye tarafdarlar\u0131n\u0131 si\u00f1dirmek boyunca i\u015f al\u0131p bar\u011fan\u0131 i\u00e7\u00fcn&#8221; Ukrainadan quv\u0131p \u00e7\u0131qar\u011fan edi. Elimizdeki mal\u00fcmatqa k\u00f6re, o, so\u00f1ki vaq\u0131tta Q\u0131r\u0131mda be\u015f kere bulun\u011fan. Men bu aqta bizim Devlet Tel\u00fckesizligi H\u0131zmetini\u00f1 hadimlerine bildirgen edim, l\u00e2kin olar biz b\u00f6yle haber almad\u0131q, dediler. Albuki olarda b\u00f6yle mal\u00fcmatn\u0131\u00f1 olmamas\u0131 m\u00fcmk\u00fcn degil. Bizim bilgenimizge k\u00f6re bu insan yuqar\u0131da qayd ettigimiz koordinatsion \u015ftabn\u0131\u00f1 faaliyetine al\u00e2qadard\u0131r.<\/p>\n\n\n\n<p>Men &#8221; Ya\u00f1\u0131 nesil \u2013 Q\u0131r\u0131m&#8221; degen ya\u00f1\u0131 te\u015fkil\u00e2tn\u0131\u00f1 lideri Ruslan Balbekni de bilem. O, evel eki kere \u00fck\u00fcm etilgende, on\u0131\u00f1 ana-babas\u0131 ma\u00f1a, halq deputat\u0131 olaraq, yard\u0131m sorap muracaat ettiler. Men uquqqoruv organlar\u0131ndan ya\u015f yigitke \u015fefqat etmelerini rica etim ve on\u0131 azat ettiler. Amma o nas\u0131ld\u0131r yolnen bir telekanal\u011fa \u00e7\u0131q\u0131p, olur-olmaycaq \u015feylerni ayta ve kene mahkeme etile. Men on\u0131 qor\u00e7alama\u011fa t\u0131r\u0131\u015ft\u0131m. \u015eimdi o, kene azatl\u0131qta. Em a\u00f1la\u011fan\u0131ma k\u00f6re, bu sefer konkret bir vazife al\u0131p \u00e7\u0131qt\u0131 ve \u015fu vazifeni eda etmekte.<\/p>\n\n\n\n<p>\u2014&nbsp;&nbsp;<strong>Sizi\u00f1 fikiri\u00f1izce, bu \u015fiddetli informatsion kampaniyan\u0131\u00f1 Q\u0131r\u0131m ve Ukraina i\u00e7\u00fcn aqibetleri nas\u0131l ola bilir?<\/strong><\/p>\n\n\n\n<p>\u2014&nbsp; Bu i\u015f q\u0131r\u0131mtatarlar aras\u0131nda bir de neticeni elde eter, dep bellemeyim. Ebet bir qa\u00e7 aldan\u011fan adam tap\u0131l\u0131r. Bizim mal\u00fcmatlar\u0131m\u0131z\u011fa k\u00f6re, bu mitingni\u00f1 te\u015fkil\u00e2t\u00e7\u0131lar\u0131 on\u0131\u00f1 i\u015ftirak\u00e7ilerine 130-ar grivn\u00e2dan t\u00f6legenler, bu pek az. K\u00f6rgenimiz kibi, q\u0131r\u0131mtatarlarn\u0131\u00f1 b\u00fcy\u00fck bir q\u0131sm\u0131 mitingge aldap ketirilgen, olar\u011fa yalan aytqanlar. Ayn\u0131 zamanda bu informatsion cenk pek tel\u00fckeli olaraq, memleketteki stabillikni bozmaq, mustaqil Ukrainan\u0131\u00f1 bir q\u0131sm\u0131n\u0131 ondan qopar\u0131p alma\u011fa do\u011frult\u0131l\u011fand\u0131r. Bu ise Ukrainan\u0131\u00f1 milliy tel\u00fckesizligi i\u00e7\u00fcn \u011fayet havfl\u0131d\u0131r. Rusiyeni\u00f1 FTH ve diger mahsus h\u0131zmetleri yar\u0131madada Ukraina\u011fa e\u00f1 ziyade meyil bergen q\u0131r\u0131mtatarlarn\u0131 b\u00f6lmekten Q\u0131r\u0131mn\u0131\u00f1 y\u00f6neli\u015fini bur\u0131p ba\u015flad\u0131. Bu saada daa neler planla\u015ft\u0131r\u0131l\u011fan\u0131n\u0131 bilmeymiz. L\u00e2kin \u015f\u00fcbesiz ki, ke\u00e7ken aktsiyalarn\u0131\u00f1 te\u015fkil\u00e2t\u00e7\u0131lar\u0131 kelecekte ealini\u00f1 daa keni\u015f tabaqalar\u0131n\u0131 yani Rusiye tarafdarlar\u0131 ol\u011fan te\u015fkil\u00e2tlar, k\u00fc\u00e7 strukturalar\u0131, so\u00f1ki basq\u0131\u00e7ta ise ordu ve flotn\u0131 da celp ete bilirler. Amma bu endi \u015faqa degil\u2026<\/p>\n\n\n\n<p class=\"has-text-align-right\"><em><strong>Nikolay SEMENA,<br>Aqmescit<br>&#8220;Den&#8221; gazetas\u0131<\/strong><\/em><\/p>\n","protected":false},"excerpt":{"rendered":"<p>Ke\u00e7enlerde Aqmescitte kendilerini Q\u0131r\u0131mtatar cemaat te\u015fkil\u00e2tlar\u0131n\u0131\u00f1 birle\u015fken cebesi dep adland\u0131r\u011fan birlik &#8220;Meclis yetek\u00e7ilerine impi\u00e7ment&#8221; aqq\u0131nda beyanatnen \u00e7\u0131qqan milliy areket veteranlar\u0131na qoltutuv mitingini ke\u00e7irdi. Uquqqoruv organlar\u0131n\u0131\u00f1 mal\u00fcmatlar\u0131na k\u00f6re Q\u0131r\u0131mtatar akademik milliy teatrini\u00f1 yan\u0131ndaki ki\u00e7kene meydanda \u00f6tkerilgen bu tedbirde qararnen 300\u2014400 adam i\u015ftirak etti. Yani impi\u00e7ment aqq\u0131nda aytma\u011fa s\u0131ra kelmey. Mitingde &#8220;Ya\u00f1\u0131 nesil \u2014 Q\u0131r\u0131m&#8221;, &#8220;Sebat&#8221;, &#8220;Milli [&hellip;]<\/p>\n","protected":false},"author":1,"featured_media":0,"comment_status":"open","ping_status":"open","sticky":false,"template":"","format":"standard","meta":{"inline_featured_image":false,"footnotes":""},"categories":[265],"tags":[],"class_list":["post-27095","post","type-post","status-publish","format-standard","hentry","category-haberler"],"acf":[],"yoast_head":"<!-- This site is optimized with the Yoast SEO plugin v27.4 - https:\/\/yoast.com\/product\/yoast-seo-wordpress\/ -->\n<title>Mustafa CEM\u0130LEV: Rusiyeni\u00f1 mahsus h\u0131zmetleri q\u0131r\u0131mtatarlarn\u0131 par\u00e7alap, Q\u0131r\u0131mn\u0131\u00f1 y\u00f6neli\u015fini de\u00f1i\u015ftire ba\u015flad\u0131lar - \u041c\u0435\u0434\u0436\u043b\u0456\u0441<\/title>\n<meta name=\"robots\" content=\"index, follow, max-snippet:-1, max-image-preview:large, max-video-preview:-1\" \/>\n<link rel=\"canonical\" href=\"https:\/\/qtmm.org\/qt\/mustafa-cemilev-rusiyenin-mahsus-hizmetleri-qirimtatarlarni-parcalap-qirimnin-yonelisini-denistire-basladilar\/\" \/>\n<meta property=\"og:locale\" content=\"en_US\" \/>\n<meta property=\"og:type\" content=\"article\" \/>\n<meta property=\"og:title\" content=\"Mustafa CEM\u0130LEV: Rusiyeni\u00f1 mahsus h\u0131zmetleri q\u0131r\u0131mtatarlarn\u0131 par\u00e7alap, Q\u0131r\u0131mn\u0131\u00f1 y\u00f6neli\u015fini de\u00f1i\u015ftire ba\u015flad\u0131lar - \u041c\u0435\u0434\u0436\u043b\u0456\u0441\" \/>\n<meta property=\"og:description\" content=\"Ke\u00e7enlerde Aqmescitte kendilerini Q\u0131r\u0131mtatar cemaat te\u015fkil\u00e2tlar\u0131n\u0131\u00f1 birle\u015fken cebesi dep adland\u0131r\u011fan birlik &#8220;Meclis yetek\u00e7ilerine impi\u00e7ment&#8221; aqq\u0131nda beyanatnen \u00e7\u0131qqan milliy areket veteranlar\u0131na qoltutuv mitingini ke\u00e7irdi. Uquqqoruv organlar\u0131n\u0131\u00f1 mal\u00fcmatlar\u0131na k\u00f6re Q\u0131r\u0131mtatar akademik milliy teatrini\u00f1 yan\u0131ndaki ki\u00e7kene meydanda \u00f6tkerilgen bu tedbirde qararnen 300\u2014400 adam i\u015ftirak etti. Yani impi\u00e7ment aqq\u0131nda aytma\u011fa s\u0131ra kelmey. Mitingde &#8220;Ya\u00f1\u0131 nesil \u2014 Q\u0131r\u0131m&#8221;, &#8220;Sebat&#8221;, &#8220;Milli [&hellip;]\" \/>\n<meta property=\"og:url\" content=\"https:\/\/qtmm.org\/qt\/mustafa-cemilev-rusiyenin-mahsus-hizmetleri-qirimtatarlarni-parcalap-qirimnin-yonelisini-denistire-basladilar\/\" \/>\n<meta property=\"og:site_name\" content=\"\u041c\u0435\u0434\u0436\u043b\u0456\u0441\" \/>\n<meta property=\"article:publisher\" content=\"https:\/\/www.facebook.com\/qtmm.info\/\" \/>\n<meta property=\"article:published_time\" content=\"2011-11-23T19:06:00+00:00\" \/>\n<meta property=\"article:modified_time\" content=\"2022-01-19T19:07:48+00:00\" \/>\n<meta name=\"author\" content=\"Developer\" \/>\n<meta name=\"twitter:card\" content=\"summary_large_image\" \/>\n<meta name=\"twitter:label1\" content=\"Written by\" \/>\n\t<meta name=\"twitter:data1\" content=\"Developer\" \/>\n\t<meta name=\"twitter:label2\" content=\"Est. reading time\" \/>\n\t<meta name=\"twitter:data2\" content=\"11 minutes\" \/>\n<script type=\"application\/ld+json\" class=\"yoast-schema-graph\">{\"@context\":\"https:\\\/\\\/schema.org\",\"@graph\":[{\"@type\":\"Article\",\"@id\":\"https:\\\/\\\/qtmm.org\\\/qt\\\/mustafa-cemilev-rusiyenin-mahsus-hizmetleri-qirimtatarlarni-parcalap-qirimnin-yonelisini-denistire-basladilar\\\/#article\",\"isPartOf\":{\"@id\":\"https:\\\/\\\/qtmm.org\\\/qt\\\/mustafa-cemilev-rusiyenin-mahsus-hizmetleri-qirimtatarlarni-parcalap-qirimnin-yonelisini-denistire-basladilar\\\/\"},\"author\":{\"name\":\"Developer\",\"@id\":\"https:\\\/\\\/qtmm.org\\\/qt\\\/#\\\/schema\\\/person\\\/de562469f971dec226ac06e60bbf74a7\"},\"headline\":\"Mustafa CEM\u0130LEV: Rusiyeni\u00f1 mahsus h\u0131zmetleri q\u0131r\u0131mtatarlarn\u0131 par\u00e7alap, Q\u0131r\u0131mn\u0131\u00f1 y\u00f6neli\u015fini de\u00f1i\u015ftire ba\u015flad\u0131lar\",\"datePublished\":\"2011-11-23T19:06:00+00:00\",\"dateModified\":\"2022-01-19T19:07:48+00:00\",\"mainEntityOfPage\":{\"@id\":\"https:\\\/\\\/qtmm.org\\\/qt\\\/mustafa-cemilev-rusiyenin-mahsus-hizmetleri-qirimtatarlarni-parcalap-qirimnin-yonelisini-denistire-basladilar\\\/\"},\"wordCount\":2183,\"commentCount\":0,\"publisher\":{\"@id\":\"https:\\\/\\\/qtmm.org\\\/qt\\\/#organization\"},\"articleSection\":[\"Haberler\"],\"inLanguage\":\"qt\",\"potentialAction\":[{\"@type\":\"CommentAction\",\"name\":\"Comment\",\"target\":[\"https:\\\/\\\/qtmm.org\\\/qt\\\/mustafa-cemilev-rusiyenin-mahsus-hizmetleri-qirimtatarlarni-parcalap-qirimnin-yonelisini-denistire-basladilar\\\/#respond\"]}]},{\"@type\":\"WebPage\",\"@id\":\"https:\\\/\\\/qtmm.org\\\/qt\\\/mustafa-cemilev-rusiyenin-mahsus-hizmetleri-qirimtatarlarni-parcalap-qirimnin-yonelisini-denistire-basladilar\\\/\",\"url\":\"https:\\\/\\\/qtmm.org\\\/qt\\\/mustafa-cemilev-rusiyenin-mahsus-hizmetleri-qirimtatarlarni-parcalap-qirimnin-yonelisini-denistire-basladilar\\\/\",\"name\":\"Mustafa CEM\u0130LEV: Rusiyeni\u00f1 mahsus h\u0131zmetleri q\u0131r\u0131mtatarlarn\u0131 par\u00e7alap, Q\u0131r\u0131mn\u0131\u00f1 y\u00f6neli\u015fini de\u00f1i\u015ftire ba\u015flad\u0131lar - \u041c\u0435\u0434\u0436\u043b\u0456\u0441\",\"isPartOf\":{\"@id\":\"https:\\\/\\\/qtmm.org\\\/qt\\\/#website\"},\"datePublished\":\"2011-11-23T19:06:00+00:00\",\"dateModified\":\"2022-01-19T19:07:48+00:00\",\"breadcrumb\":{\"@id\":\"https:\\\/\\\/qtmm.org\\\/qt\\\/mustafa-cemilev-rusiyenin-mahsus-hizmetleri-qirimtatarlarni-parcalap-qirimnin-yonelisini-denistire-basladilar\\\/#breadcrumb\"},\"inLanguage\":\"qt\",\"potentialAction\":[{\"@type\":\"ReadAction\",\"target\":[\"https:\\\/\\\/qtmm.org\\\/qt\\\/mustafa-cemilev-rusiyenin-mahsus-hizmetleri-qirimtatarlarni-parcalap-qirimnin-yonelisini-denistire-basladilar\\\/\"]}]},{\"@type\":\"BreadcrumbList\",\"@id\":\"https:\\\/\\\/qtmm.org\\\/qt\\\/mustafa-cemilev-rusiyenin-mahsus-hizmetleri-qirimtatarlarni-parcalap-qirimnin-yonelisini-denistire-basladilar\\\/#breadcrumb\",\"itemListElement\":[{\"@type\":\"ListItem\",\"position\":1,\"name\":\"\u0413\u043e\u043b\u043e\u0432\u043d\u0430\",\"item\":\"https:\\\/\\\/qtmm.org\\\/qt\\\/\"},{\"@type\":\"ListItem\",\"position\":2,\"name\":\"Mustafa CEM\u0130LEV: Rusiyeni\u00f1 mahsus h\u0131zmetleri q\u0131r\u0131mtatarlarn\u0131 par\u00e7alap, Q\u0131r\u0131mn\u0131\u00f1 y\u00f6neli\u015fini de\u00f1i\u015ftire ba\u015flad\u0131lar\"}]},{\"@type\":\"WebSite\",\"@id\":\"https:\\\/\\\/qtmm.org\\\/qt\\\/#website\",\"url\":\"https:\\\/\\\/qtmm.org\\\/qt\\\/\",\"name\":\"\u041c\u0435\u0434\u0436\u043b\u0456\u0441\",\"description\":\"\",\"publisher\":{\"@id\":\"https:\\\/\\\/qtmm.org\\\/qt\\\/#organization\"},\"potentialAction\":[{\"@type\":\"SearchAction\",\"target\":{\"@type\":\"EntryPoint\",\"urlTemplate\":\"https:\\\/\\\/qtmm.org\\\/qt\\\/?s={search_term_string}\"},\"query-input\":{\"@type\":\"PropertyValueSpecification\",\"valueRequired\":true,\"valueName\":\"search_term_string\"}}],\"inLanguage\":\"qt\"},{\"@type\":\"Organization\",\"@id\":\"https:\\\/\\\/qtmm.org\\\/qt\\\/#organization\",\"name\":\"\u041c\u0435\u0434\u0436\u043b\u0456\u0441\",\"url\":\"https:\\\/\\\/qtmm.org\\\/qt\\\/\",\"logo\":{\"@type\":\"ImageObject\",\"inLanguage\":\"qt\",\"@id\":\"https:\\\/\\\/qtmm.org\\\/qt\\\/#\\\/schema\\\/logo\\\/image\\\/\",\"url\":\"https:\\\/\\\/qtmm.org\\\/wp-content\\\/uploads\\\/2024\\\/12\\\/ua-mejlis-logo-rgb.svg\",\"contentUrl\":\"https:\\\/\\\/qtmm.org\\\/wp-content\\\/uploads\\\/2024\\\/12\\\/ua-mejlis-logo-rgb.svg\",\"caption\":\"\u041c\u0435\u0434\u0436\u043b\u0456\u0441\"},\"image\":{\"@id\":\"https:\\\/\\\/qtmm.org\\\/qt\\\/#\\\/schema\\\/logo\\\/image\\\/\"},\"sameAs\":[\"https:\\\/\\\/www.facebook.com\\\/qtmm.info\\\/\"]},{\"@type\":\"Person\",\"@id\":\"https:\\\/\\\/qtmm.org\\\/qt\\\/#\\\/schema\\\/person\\\/de562469f971dec226ac06e60bbf74a7\",\"name\":\"Developer\",\"image\":{\"@type\":\"ImageObject\",\"inLanguage\":\"qt\",\"@id\":\"https:\\\/\\\/secure.gravatar.com\\\/avatar\\\/392b4cc8fbfeb00b39dfeeab4ee6edded39ffd48e25858637e4765810300227e?s=96&d=mm&r=g\",\"url\":\"https:\\\/\\\/secure.gravatar.com\\\/avatar\\\/392b4cc8fbfeb00b39dfeeab4ee6edded39ffd48e25858637e4765810300227e?s=96&d=mm&r=g\",\"contentUrl\":\"https:\\\/\\\/secure.gravatar.com\\\/avatar\\\/392b4cc8fbfeb00b39dfeeab4ee6edded39ffd48e25858637e4765810300227e?s=96&d=mm&r=g\",\"caption\":\"Developer\"},\"url\":\"https:\\\/\\\/qtmm.org\\\/qt\\\/author\\\/Developer\\\/\"}]}<\/script>\n<!-- \/ Yoast SEO plugin. -->","yoast_head_json":{"title":"Mustafa CEM\u0130LEV: Rusiyeni\u00f1 mahsus h\u0131zmetleri q\u0131r\u0131mtatarlarn\u0131 par\u00e7alap, Q\u0131r\u0131mn\u0131\u00f1 y\u00f6neli\u015fini de\u00f1i\u015ftire ba\u015flad\u0131lar - \u041c\u0435\u0434\u0436\u043b\u0456\u0441","robots":{"index":"index","follow":"follow","max-snippet":"max-snippet:-1","max-image-preview":"max-image-preview:large","max-video-preview":"max-video-preview:-1"},"canonical":"https:\/\/qtmm.org\/qt\/mustafa-cemilev-rusiyenin-mahsus-hizmetleri-qirimtatarlarni-parcalap-qirimnin-yonelisini-denistire-basladilar\/","og_locale":"en_US","og_type":"article","og_title":"Mustafa CEM\u0130LEV: Rusiyeni\u00f1 mahsus h\u0131zmetleri q\u0131r\u0131mtatarlarn\u0131 par\u00e7alap, Q\u0131r\u0131mn\u0131\u00f1 y\u00f6neli\u015fini de\u00f1i\u015ftire ba\u015flad\u0131lar - \u041c\u0435\u0434\u0436\u043b\u0456\u0441","og_description":"Ke\u00e7enlerde Aqmescitte kendilerini Q\u0131r\u0131mtatar cemaat te\u015fkil\u00e2tlar\u0131n\u0131\u00f1 birle\u015fken cebesi dep adland\u0131r\u011fan birlik &#8220;Meclis yetek\u00e7ilerine impi\u00e7ment&#8221; aqq\u0131nda beyanatnen \u00e7\u0131qqan milliy areket veteranlar\u0131na qoltutuv mitingini ke\u00e7irdi. Uquqqoruv organlar\u0131n\u0131\u00f1 mal\u00fcmatlar\u0131na k\u00f6re Q\u0131r\u0131mtatar akademik milliy teatrini\u00f1 yan\u0131ndaki ki\u00e7kene meydanda \u00f6tkerilgen bu tedbirde qararnen 300\u2014400 adam i\u015ftirak etti. Yani impi\u00e7ment aqq\u0131nda aytma\u011fa s\u0131ra kelmey. Mitingde &#8220;Ya\u00f1\u0131 nesil \u2014 Q\u0131r\u0131m&#8221;, &#8220;Sebat&#8221;, &#8220;Milli [&hellip;]","og_url":"https:\/\/qtmm.org\/qt\/mustafa-cemilev-rusiyenin-mahsus-hizmetleri-qirimtatarlarni-parcalap-qirimnin-yonelisini-denistire-basladilar\/","og_site_name":"\u041c\u0435\u0434\u0436\u043b\u0456\u0441","article_publisher":"https:\/\/www.facebook.com\/qtmm.info\/","article_published_time":"2011-11-23T19:06:00+00:00","article_modified_time":"2022-01-19T19:07:48+00:00","author":"Developer","twitter_card":"summary_large_image","twitter_misc":{"Written by":"Developer","Est. reading time":"11 minutes"},"schema":{"@context":"https:\/\/schema.org","@graph":[{"@type":"Article","@id":"https:\/\/qtmm.org\/qt\/mustafa-cemilev-rusiyenin-mahsus-hizmetleri-qirimtatarlarni-parcalap-qirimnin-yonelisini-denistire-basladilar\/#article","isPartOf":{"@id":"https:\/\/qtmm.org\/qt\/mustafa-cemilev-rusiyenin-mahsus-hizmetleri-qirimtatarlarni-parcalap-qirimnin-yonelisini-denistire-basladilar\/"},"author":{"name":"Developer","@id":"https:\/\/qtmm.org\/qt\/#\/schema\/person\/de562469f971dec226ac06e60bbf74a7"},"headline":"Mustafa CEM\u0130LEV: Rusiyeni\u00f1 mahsus h\u0131zmetleri q\u0131r\u0131mtatarlarn\u0131 par\u00e7alap, Q\u0131r\u0131mn\u0131\u00f1 y\u00f6neli\u015fini de\u00f1i\u015ftire ba\u015flad\u0131lar","datePublished":"2011-11-23T19:06:00+00:00","dateModified":"2022-01-19T19:07:48+00:00","mainEntityOfPage":{"@id":"https:\/\/qtmm.org\/qt\/mustafa-cemilev-rusiyenin-mahsus-hizmetleri-qirimtatarlarni-parcalap-qirimnin-yonelisini-denistire-basladilar\/"},"wordCount":2183,"commentCount":0,"publisher":{"@id":"https:\/\/qtmm.org\/qt\/#organization"},"articleSection":["Haberler"],"inLanguage":"qt","potentialAction":[{"@type":"CommentAction","name":"Comment","target":["https:\/\/qtmm.org\/qt\/mustafa-cemilev-rusiyenin-mahsus-hizmetleri-qirimtatarlarni-parcalap-qirimnin-yonelisini-denistire-basladilar\/#respond"]}]},{"@type":"WebPage","@id":"https:\/\/qtmm.org\/qt\/mustafa-cemilev-rusiyenin-mahsus-hizmetleri-qirimtatarlarni-parcalap-qirimnin-yonelisini-denistire-basladilar\/","url":"https:\/\/qtmm.org\/qt\/mustafa-cemilev-rusiyenin-mahsus-hizmetleri-qirimtatarlarni-parcalap-qirimnin-yonelisini-denistire-basladilar\/","name":"Mustafa CEM\u0130LEV: Rusiyeni\u00f1 mahsus h\u0131zmetleri q\u0131r\u0131mtatarlarn\u0131 par\u00e7alap, Q\u0131r\u0131mn\u0131\u00f1 y\u00f6neli\u015fini de\u00f1i\u015ftire ba\u015flad\u0131lar - \u041c\u0435\u0434\u0436\u043b\u0456\u0441","isPartOf":{"@id":"https:\/\/qtmm.org\/qt\/#website"},"datePublished":"2011-11-23T19:06:00+00:00","dateModified":"2022-01-19T19:07:48+00:00","breadcrumb":{"@id":"https:\/\/qtmm.org\/qt\/mustafa-cemilev-rusiyenin-mahsus-hizmetleri-qirimtatarlarni-parcalap-qirimnin-yonelisini-denistire-basladilar\/#breadcrumb"},"inLanguage":"qt","potentialAction":[{"@type":"ReadAction","target":["https:\/\/qtmm.org\/qt\/mustafa-cemilev-rusiyenin-mahsus-hizmetleri-qirimtatarlarni-parcalap-qirimnin-yonelisini-denistire-basladilar\/"]}]},{"@type":"BreadcrumbList","@id":"https:\/\/qtmm.org\/qt\/mustafa-cemilev-rusiyenin-mahsus-hizmetleri-qirimtatarlarni-parcalap-qirimnin-yonelisini-denistire-basladilar\/#breadcrumb","itemListElement":[{"@type":"ListItem","position":1,"name":"\u0413\u043e\u043b\u043e\u0432\u043d\u0430","item":"https:\/\/qtmm.org\/qt\/"},{"@type":"ListItem","position":2,"name":"Mustafa CEM\u0130LEV: Rusiyeni\u00f1 mahsus h\u0131zmetleri q\u0131r\u0131mtatarlarn\u0131 par\u00e7alap, Q\u0131r\u0131mn\u0131\u00f1 y\u00f6neli\u015fini de\u00f1i\u015ftire ba\u015flad\u0131lar"}]},{"@type":"WebSite","@id":"https:\/\/qtmm.org\/qt\/#website","url":"https:\/\/qtmm.org\/qt\/","name":"\u041c\u0435\u0434\u0436\u043b\u0456\u0441","description":"","publisher":{"@id":"https:\/\/qtmm.org\/qt\/#organization"},"potentialAction":[{"@type":"SearchAction","target":{"@type":"EntryPoint","urlTemplate":"https:\/\/qtmm.org\/qt\/?s={search_term_string}"},"query-input":{"@type":"PropertyValueSpecification","valueRequired":true,"valueName":"search_term_string"}}],"inLanguage":"qt"},{"@type":"Organization","@id":"https:\/\/qtmm.org\/qt\/#organization","name":"\u041c\u0435\u0434\u0436\u043b\u0456\u0441","url":"https:\/\/qtmm.org\/qt\/","logo":{"@type":"ImageObject","inLanguage":"qt","@id":"https:\/\/qtmm.org\/qt\/#\/schema\/logo\/image\/","url":"https:\/\/qtmm.org\/wp-content\/uploads\/2024\/12\/ua-mejlis-logo-rgb.svg","contentUrl":"https:\/\/qtmm.org\/wp-content\/uploads\/2024\/12\/ua-mejlis-logo-rgb.svg","caption":"\u041c\u0435\u0434\u0436\u043b\u0456\u0441"},"image":{"@id":"https:\/\/qtmm.org\/qt\/#\/schema\/logo\/image\/"},"sameAs":["https:\/\/www.facebook.com\/qtmm.info\/"]},{"@type":"Person","@id":"https:\/\/qtmm.org\/qt\/#\/schema\/person\/de562469f971dec226ac06e60bbf74a7","name":"Developer","image":{"@type":"ImageObject","inLanguage":"qt","@id":"https:\/\/secure.gravatar.com\/avatar\/392b4cc8fbfeb00b39dfeeab4ee6edded39ffd48e25858637e4765810300227e?s=96&d=mm&r=g","url":"https:\/\/secure.gravatar.com\/avatar\/392b4cc8fbfeb00b39dfeeab4ee6edded39ffd48e25858637e4765810300227e?s=96&d=mm&r=g","contentUrl":"https:\/\/secure.gravatar.com\/avatar\/392b4cc8fbfeb00b39dfeeab4ee6edded39ffd48e25858637e4765810300227e?s=96&d=mm&r=g","caption":"Developer"},"url":"https:\/\/qtmm.org\/qt\/author\/Developer\/"}]}},"_links":{"self":[{"href":"https:\/\/qtmm.org\/qt\/wp-json\/wp\/v2\/posts\/27095","targetHints":{"allow":["GET"]}}],"collection":[{"href":"https:\/\/qtmm.org\/qt\/wp-json\/wp\/v2\/posts"}],"about":[{"href":"https:\/\/qtmm.org\/qt\/wp-json\/wp\/v2\/types\/post"}],"author":[{"embeddable":true,"href":"https:\/\/qtmm.org\/qt\/wp-json\/wp\/v2\/users\/1"}],"replies":[{"embeddable":true,"href":"https:\/\/qtmm.org\/qt\/wp-json\/wp\/v2\/comments?post=27095"}],"version-history":[{"count":1,"href":"https:\/\/qtmm.org\/qt\/wp-json\/wp\/v2\/posts\/27095\/revisions"}],"predecessor-version":[{"id":27096,"href":"https:\/\/qtmm.org\/qt\/wp-json\/wp\/v2\/posts\/27095\/revisions\/27096"}],"wp:attachment":[{"href":"https:\/\/qtmm.org\/qt\/wp-json\/wp\/v2\/media?parent=27095"}],"wp:term":[{"taxonomy":"category","embeddable":true,"href":"https:\/\/qtmm.org\/qt\/wp-json\/wp\/v2\/categories?post=27095"},{"taxonomy":"post_tag","embeddable":true,"href":"https:\/\/qtmm.org\/qt\/wp-json\/wp\/v2\/tags?post=27095"}],"curies":[{"name":"wp","href":"https:\/\/api.w.org\/{rel}","templated":true}]}}