




{"id":26995,"date":"2011-11-21T22:01:00","date_gmt":"2011-11-21T19:01:00","guid":{"rendered":"http:\/\/qtmm.org\/?p=26995"},"modified":"2022-01-19T22:01:56","modified_gmt":"2022-01-19T19:01:56","slug":"qirimtatarlar-mitinginin-qarari-provokatorlarga-yoq-yasasin-qirimtatar-halqinin-birligi","status":"publish","type":"post","link":"https:\/\/qtmm.org\/qt\/qirimtatarlar-mitinginin-qarari-provokatorlarga-yoq-yasasin-qirimtatar-halqinin-birligi\/","title":{"rendered":"QIRIMTATARLAR M\u0130T\u0130NG\u0130N\u0130\u00d1 QARARI: \u00abPROVOKATORLAR\u011eA &#8211; YOQ! \u00abYA\u015eASIN QIRIMTATAR HALQINI\u00d1 B\u0130RL\u0130G\u0130!\u00bb"},"content":{"rendered":"\n<p>Bug\u00fcn, 2011 senesi noyabr 21 k\u00fcn\u00fc&nbsp; semetde\u015flerimiz aras\u0131nda evelden de q\u0131r\u0131mtatar halq\u0131n\u0131\u00f1 birligine qar\u015f\u0131&nbsp; b\u00f6l\u00fcci areketlerinen belli on- on be\u015f adam kene milliy areketni par\u00e7alama\u011fa t\u0131r\u0131\u015ft\u0131. \u00d6z halq\u0131 taraf\u0131ndan siyasiy \u00f6m\u00fcrni\u00f1 kenar\u0131na ta\u015flan\u011fan, bundan evel de, c\u00fcmleden ke\u00e7ken Q\u0131r\u0131m Yuqar\u0131 \u015euras\u0131, maalliy \u015furalar\u011fa ve k\u00f6y, qasaba, \u015feer reberlerini saylavlarda, q\u0131r\u0131mtatar halq\u0131n\u0131 b\u00f6lmege t\u0131r\u0131\u015fqan bir gruppa provokatorlar \u015forbac\u0131lar\u0131ndan al\u011fan avaleni eda eterek \u00f6z halq\u0131na qar\u015f\u0131 esass\u0131z ve yalan beyanatnen \u00e7\u0131q\u0131p, k\u00f6lemli bir provokatsiyan\u0131 ke\u00e7irmek areketini yapt\u0131lar.<\/p>\n\n\n\n<p>Provokatorlar ve olarn\u0131\u00f1 \u015forbac\u0131lar\u0131n\u0131\u00f1 \u00f6g\u00fcne Q\u0131r\u0131mtatar halq\u0131 Qurultay\u0131, Meclisi, regional ve yerli meclislerden ibaret ol\u011fan q\u0131r\u0131mtatar halq\u0131n\u0131\u00f1 \u00f6z-\u00f6z\u00fcni idare et\u00fcv organlar\u0131n\u0131 bozmaq, bundan da \u011fayr\u0131 \u00e7oqtan-\u00e7oq q\u0131r\u0131mtatar cemaat te\u015fkil\u00e2tlar\u0131, q\u0131r\u0131mtatar halq\u0131 milliy areket veteranlar\u0131n\u0131\u00f1&nbsp;&nbsp; faaliyetini ba\u015fqa yol\u011fa burmaq, Q\u0131r\u0131m musulman \u00fcmmeti aras\u0131na \u015f\u0131na qaqmaq&nbsp; vazifesi qoyul\u011fan.<\/p>\n\n\n\n<p>\u015eun\u0131 ayr\u0131ca qayd etmeli ki, q\u0131r\u0131mtatar halq\u0131n\u0131\u00f1 milliy areketine qar\u015f\u0131 provokatsiyalarn\u0131\u00f1 faalle\u015f\u00fcvi,&nbsp; \u015f\u00fcbesiz,&nbsp; halqara te\u015fkil\u00e2tlarn\u0131\u00f1 imayesinde&nbsp; Q\u0131r\u0131mtatar halq\u0131n\u0131\u00f1 \u00f6z Vatan\u0131nda aq-uquqlar\u0131n\u0131 \u011fayr\u0131dan tiklev, Ukrainada on\u0131\u00f1 tel\u00fckesizligi ve inki\u015faf\u0131n\u0131 teminlev boyunca halqara forumn\u0131 ke\u00e7ir\u00fcv m\u00fcddeti ep yaq\u0131nla\u015fqan\u0131nen ba\u011fl\u0131d\u0131r.&nbsp; Q\u0131r\u0131mtatar halq\u0131 aq-uquqlar\u0131n\u0131\u00f1 \u011fayr\u0131dan tiklenmesine qar\u015f\u0131 \u00e7\u0131qqanlar provokatorlarn\u0131\u00f1 h\u0131zmetinden qullanaraq Halqara forumn\u0131 ke\u00e7irmege imk\u00e2n bile qald\u0131rmama\u011fa \u0131nt\u0131lalar.<\/p>\n\n\n\n<p>Siyasiy tecribe saibi ol\u011fan ve \u00e7e\u015fit t\u00fcrl\u00fc provokatsiyalar\u011fa, \u015fu c\u00fcmleden bug\u00fcnkisi kibi, angisinde semetde\u015flerimiz s\u0131ras\u0131ndan baz\u0131 satq\u0131nlar da qar\u0131\u015fqan, soylar\u0131na rastkelgen&nbsp; q\u0131r\u0131mtatar halq\u0131 Vatan\u011fa qaytuv o\u011frundaki k\u00fcre\u015f y\u0131llar\u0131nda on\u0131\u00f1 birligi-beraberligini bozmaq niyetinde ol\u011fan provokatorlar\u011fa amans\u0131z qar\u015f\u0131l\u0131q k\u00f6sterecek.<\/p>\n\n\n\n<p>Q\u0131r\u0131mtatar halq\u0131n\u0131\u00f1 \u00f6z Vatan\u0131na k\u00fctleviy s\u00fcrette qayt\u0131p ba\u015fla\u011fan\u0131n\u0131\u00f1 e\u00f1 mes\u00fclietli vaqt\u0131nda&nbsp; ve milliy tiklen\u00fcvni\u00f1 ilk ad\u0131mlar\u0131nda, 1991 senesi iy\u00fcn ay\u0131nda q\u0131r\u0131mtatar halq\u0131 ananeviy milliy institut \u2013 Qurultayn\u0131 \u011fayr\u0131dan tikledi ve \u00f6z-\u00f6z\u00fcni idare et\u00fcv milliy organlar\u0131n\u0131 qurd\u0131. Bun\u0131\u00f1 sayesinde ananeler saqlana, nesiller ba\u011f\u0131 qaviyle\u015fe, q\u0131r\u0131mtatar halq\u0131 menfaatlar\u0131 o\u011frundaki y\u00fcksek maqsadlarn\u0131\u00f1 amelge ke\u00e7mesi temin etile.<\/p>\n\n\n\n<p>Biz, miting i\u015ftirak\u00e7ileri, semetde\u015flerimiz s\u0131ras\u0131ndan marginal \u015fahs\u0131larn\u0131\u00f1 provokatsion areketlerini qaralap, q\u0131r\u0131mtatarlarn\u0131\u00f1 \u00f6z-\u00f6z\u00fcni idare et\u00fcv milliy organlar\u0131 \u2013 Q\u0131r\u0131mtatar qurultay\u0131, Q\u0131r\u0131mtatar halq\u0131n\u0131\u00f1 Meclisi, regional ve yerli meclislerge qoltutam\u0131z.<\/p>\n\n\n\n<p>Biz, miting i\u015ftirak\u00e7ileri, provokatorlarn\u0131\u00f1 \u00e7irkin areketlerini keskin qaralama\u011fa ve q\u0131r\u0131mtatar halq\u0131n\u0131\u00f1 birligi-beraberligini pekitmek i\u00e7\u00fcn cemaat \u00e7arelerini k\u00f6rmege \u00e7a\u011f\u0131ram\u0131z!<\/p>\n","protected":false},"excerpt":{"rendered":"<p>Bug\u00fcn, 2011 senesi noyabr 21 k\u00fcn\u00fc&nbsp; semetde\u015flerimiz aras\u0131nda evelden de q\u0131r\u0131mtatar halq\u0131n\u0131\u00f1 birligine qar\u015f\u0131&nbsp; b\u00f6l\u00fcci areketlerinen belli on- on be\u015f adam kene milliy areketni par\u00e7alama\u011fa t\u0131r\u0131\u015ft\u0131. \u00d6z halq\u0131 taraf\u0131ndan siyasiy \u00f6m\u00fcrni\u00f1 kenar\u0131na ta\u015flan\u011fan, bundan evel de, c\u00fcmleden ke\u00e7ken Q\u0131r\u0131m Yuqar\u0131 \u015euras\u0131, maalliy \u015furalar\u011fa ve k\u00f6y, qasaba, \u015feer reberlerini saylavlarda, q\u0131r\u0131mtatar halq\u0131n\u0131 b\u00f6lmege t\u0131r\u0131\u015fqan bir gruppa [&hellip;]<\/p>\n","protected":false},"author":1,"featured_media":0,"comment_status":"open","ping_status":"open","sticky":false,"template":"","format":"standard","meta":{"inline_featured_image":false,"footnotes":""},"categories":[265],"tags":[],"class_list":["post-26995","post","type-post","status-publish","format-standard","hentry","category-haberler"],"acf":[],"yoast_head":"<!-- This site is optimized with the Yoast SEO plugin v27.4 - https:\/\/yoast.com\/product\/yoast-seo-wordpress\/ -->\n<title>QIRIMTATARLAR M\u0130T\u0130NG\u0130N\u0130\u00d1 QARARI: \u00abPROVOKATORLAR\u011eA - YOQ! \u00abYA\u015eASIN QIRIMTATAR HALQINI\u00d1 B\u0130RL\u0130G\u0130!\u00bb - \u041c\u0435\u0434\u0436\u043b\u0456\u0441<\/title>\n<meta name=\"robots\" content=\"index, follow, max-snippet:-1, max-image-preview:large, max-video-preview:-1\" \/>\n<link rel=\"canonical\" href=\"https:\/\/qtmm.org\/qt\/qirimtatarlar-mitinginin-qarari-provokatorlarga-yoq-yasasin-qirimtatar-halqinin-birligi\/\" \/>\n<meta property=\"og:locale\" content=\"en_US\" \/>\n<meta property=\"og:type\" content=\"article\" \/>\n<meta property=\"og:title\" content=\"QIRIMTATARLAR M\u0130T\u0130NG\u0130N\u0130\u00d1 QARARI: \u00abPROVOKATORLAR\u011eA - YOQ! \u00abYA\u015eASIN QIRIMTATAR HALQINI\u00d1 B\u0130RL\u0130G\u0130!\u00bb - \u041c\u0435\u0434\u0436\u043b\u0456\u0441\" \/>\n<meta property=\"og:description\" content=\"Bug\u00fcn, 2011 senesi noyabr 21 k\u00fcn\u00fc&nbsp; semetde\u015flerimiz aras\u0131nda evelden de q\u0131r\u0131mtatar halq\u0131n\u0131\u00f1 birligine qar\u015f\u0131&nbsp; b\u00f6l\u00fcci areketlerinen belli on- on be\u015f adam kene milliy areketni par\u00e7alama\u011fa t\u0131r\u0131\u015ft\u0131. \u00d6z halq\u0131 taraf\u0131ndan siyasiy \u00f6m\u00fcrni\u00f1 kenar\u0131na ta\u015flan\u011fan, bundan evel de, c\u00fcmleden ke\u00e7ken Q\u0131r\u0131m Yuqar\u0131 \u015euras\u0131, maalliy \u015furalar\u011fa ve k\u00f6y, qasaba, \u015feer reberlerini saylavlarda, q\u0131r\u0131mtatar halq\u0131n\u0131 b\u00f6lmege t\u0131r\u0131\u015fqan bir gruppa [&hellip;]\" \/>\n<meta property=\"og:url\" content=\"https:\/\/qtmm.org\/qt\/qirimtatarlar-mitinginin-qarari-provokatorlarga-yoq-yasasin-qirimtatar-halqinin-birligi\/\" \/>\n<meta property=\"og:site_name\" content=\"\u041c\u0435\u0434\u0436\u043b\u0456\u0441\" \/>\n<meta property=\"article:publisher\" content=\"https:\/\/www.facebook.com\/qtmm.info\/\" \/>\n<meta property=\"article:published_time\" content=\"2011-11-21T19:01:00+00:00\" \/>\n<meta property=\"article:modified_time\" content=\"2022-01-19T19:01:56+00:00\" \/>\n<meta name=\"author\" content=\"Developer\" \/>\n<meta name=\"twitter:card\" content=\"summary_large_image\" \/>\n<meta name=\"twitter:label1\" content=\"Written by\" \/>\n\t<meta name=\"twitter:data1\" content=\"Developer\" \/>\n\t<meta name=\"twitter:label2\" content=\"Est. reading time\" \/>\n\t<meta name=\"twitter:data2\" content=\"2 minutes\" \/>\n<script type=\"application\/ld+json\" class=\"yoast-schema-graph\">{\"@context\":\"https:\\\/\\\/schema.org\",\"@graph\":[{\"@type\":\"Article\",\"@id\":\"https:\\\/\\\/qtmm.org\\\/qt\\\/qirimtatarlar-mitinginin-qarari-provokatorlarga-yoq-yasasin-qirimtatar-halqinin-birligi\\\/#article\",\"isPartOf\":{\"@id\":\"https:\\\/\\\/qtmm.org\\\/qt\\\/qirimtatarlar-mitinginin-qarari-provokatorlarga-yoq-yasasin-qirimtatar-halqinin-birligi\\\/\"},\"author\":{\"name\":\"Developer\",\"@id\":\"https:\\\/\\\/qtmm.org\\\/qt\\\/#\\\/schema\\\/person\\\/de562469f971dec226ac06e60bbf74a7\"},\"headline\":\"QIRIMTATARLAR M\u0130T\u0130NG\u0130N\u0130\u00d1 QARARI: \u00abPROVOKATORLAR\u011eA &#8211; YOQ! \u00abYA\u015eASIN QIRIMTATAR HALQINI\u00d1 B\u0130RL\u0130G\u0130!\u00bb\",\"datePublished\":\"2011-11-21T19:01:00+00:00\",\"dateModified\":\"2022-01-19T19:01:56+00:00\",\"mainEntityOfPage\":{\"@id\":\"https:\\\/\\\/qtmm.org\\\/qt\\\/qirimtatarlar-mitinginin-qarari-provokatorlarga-yoq-yasasin-qirimtatar-halqinin-birligi\\\/\"},\"wordCount\":516,\"commentCount\":0,\"publisher\":{\"@id\":\"https:\\\/\\\/qtmm.org\\\/qt\\\/#organization\"},\"articleSection\":[\"Haberler\"],\"inLanguage\":\"qt\",\"potentialAction\":[{\"@type\":\"CommentAction\",\"name\":\"Comment\",\"target\":[\"https:\\\/\\\/qtmm.org\\\/qt\\\/qirimtatarlar-mitinginin-qarari-provokatorlarga-yoq-yasasin-qirimtatar-halqinin-birligi\\\/#respond\"]}]},{\"@type\":\"WebPage\",\"@id\":\"https:\\\/\\\/qtmm.org\\\/qt\\\/qirimtatarlar-mitinginin-qarari-provokatorlarga-yoq-yasasin-qirimtatar-halqinin-birligi\\\/\",\"url\":\"https:\\\/\\\/qtmm.org\\\/qt\\\/qirimtatarlar-mitinginin-qarari-provokatorlarga-yoq-yasasin-qirimtatar-halqinin-birligi\\\/\",\"name\":\"QIRIMTATARLAR M\u0130T\u0130NG\u0130N\u0130\u00d1 QARARI: \u00abPROVOKATORLAR\u011eA - YOQ! \u00abYA\u015eASIN QIRIMTATAR HALQINI\u00d1 B\u0130RL\u0130G\u0130!\u00bb - \u041c\u0435\u0434\u0436\u043b\u0456\u0441\",\"isPartOf\":{\"@id\":\"https:\\\/\\\/qtmm.org\\\/qt\\\/#website\"},\"datePublished\":\"2011-11-21T19:01:00+00:00\",\"dateModified\":\"2022-01-19T19:01:56+00:00\",\"breadcrumb\":{\"@id\":\"https:\\\/\\\/qtmm.org\\\/qt\\\/qirimtatarlar-mitinginin-qarari-provokatorlarga-yoq-yasasin-qirimtatar-halqinin-birligi\\\/#breadcrumb\"},\"inLanguage\":\"qt\",\"potentialAction\":[{\"@type\":\"ReadAction\",\"target\":[\"https:\\\/\\\/qtmm.org\\\/qt\\\/qirimtatarlar-mitinginin-qarari-provokatorlarga-yoq-yasasin-qirimtatar-halqinin-birligi\\\/\"]}]},{\"@type\":\"BreadcrumbList\",\"@id\":\"https:\\\/\\\/qtmm.org\\\/qt\\\/qirimtatarlar-mitinginin-qarari-provokatorlarga-yoq-yasasin-qirimtatar-halqinin-birligi\\\/#breadcrumb\",\"itemListElement\":[{\"@type\":\"ListItem\",\"position\":1,\"name\":\"\u0413\u043e\u043b\u043e\u0432\u043d\u0430\",\"item\":\"https:\\\/\\\/qtmm.org\\\/qt\\\/\"},{\"@type\":\"ListItem\",\"position\":2,\"name\":\"QIRIMTATARLAR M\u0130T\u0130NG\u0130N\u0130\u00d1 QARARI: \u00abPROVOKATORLAR\u011eA &#8211; YOQ! \u00abYA\u015eASIN QIRIMTATAR HALQINI\u00d1 B\u0130RL\u0130G\u0130!\u00bb\"}]},{\"@type\":\"WebSite\",\"@id\":\"https:\\\/\\\/qtmm.org\\\/qt\\\/#website\",\"url\":\"https:\\\/\\\/qtmm.org\\\/qt\\\/\",\"name\":\"\u041c\u0435\u0434\u0436\u043b\u0456\u0441\",\"description\":\"\",\"publisher\":{\"@id\":\"https:\\\/\\\/qtmm.org\\\/qt\\\/#organization\"},\"potentialAction\":[{\"@type\":\"SearchAction\",\"target\":{\"@type\":\"EntryPoint\",\"urlTemplate\":\"https:\\\/\\\/qtmm.org\\\/qt\\\/?s={search_term_string}\"},\"query-input\":{\"@type\":\"PropertyValueSpecification\",\"valueRequired\":true,\"valueName\":\"search_term_string\"}}],\"inLanguage\":\"qt\"},{\"@type\":\"Organization\",\"@id\":\"https:\\\/\\\/qtmm.org\\\/qt\\\/#organization\",\"name\":\"\u041c\u0435\u0434\u0436\u043b\u0456\u0441\",\"url\":\"https:\\\/\\\/qtmm.org\\\/qt\\\/\",\"logo\":{\"@type\":\"ImageObject\",\"inLanguage\":\"qt\",\"@id\":\"https:\\\/\\\/qtmm.org\\\/qt\\\/#\\\/schema\\\/logo\\\/image\\\/\",\"url\":\"https:\\\/\\\/qtmm.org\\\/wp-content\\\/uploads\\\/2024\\\/12\\\/ua-mejlis-logo-rgb.svg\",\"contentUrl\":\"https:\\\/\\\/qtmm.org\\\/wp-content\\\/uploads\\\/2024\\\/12\\\/ua-mejlis-logo-rgb.svg\",\"caption\":\"\u041c\u0435\u0434\u0436\u043b\u0456\u0441\"},\"image\":{\"@id\":\"https:\\\/\\\/qtmm.org\\\/qt\\\/#\\\/schema\\\/logo\\\/image\\\/\"},\"sameAs\":[\"https:\\\/\\\/www.facebook.com\\\/qtmm.info\\\/\"]},{\"@type\":\"Person\",\"@id\":\"https:\\\/\\\/qtmm.org\\\/qt\\\/#\\\/schema\\\/person\\\/de562469f971dec226ac06e60bbf74a7\",\"name\":\"Developer\",\"image\":{\"@type\":\"ImageObject\",\"inLanguage\":\"qt\",\"@id\":\"https:\\\/\\\/secure.gravatar.com\\\/avatar\\\/392b4cc8fbfeb00b39dfeeab4ee6edded39ffd48e25858637e4765810300227e?s=96&d=mm&r=g\",\"url\":\"https:\\\/\\\/secure.gravatar.com\\\/avatar\\\/392b4cc8fbfeb00b39dfeeab4ee6edded39ffd48e25858637e4765810300227e?s=96&d=mm&r=g\",\"contentUrl\":\"https:\\\/\\\/secure.gravatar.com\\\/avatar\\\/392b4cc8fbfeb00b39dfeeab4ee6edded39ffd48e25858637e4765810300227e?s=96&d=mm&r=g\",\"caption\":\"Developer\"},\"url\":\"https:\\\/\\\/qtmm.org\\\/qt\\\/author\\\/Developer\\\/\"}]}<\/script>\n<!-- \/ Yoast SEO plugin. -->","yoast_head_json":{"title":"QIRIMTATARLAR M\u0130T\u0130NG\u0130N\u0130\u00d1 QARARI: \u00abPROVOKATORLAR\u011eA - YOQ! \u00abYA\u015eASIN QIRIMTATAR HALQINI\u00d1 B\u0130RL\u0130G\u0130!\u00bb - \u041c\u0435\u0434\u0436\u043b\u0456\u0441","robots":{"index":"index","follow":"follow","max-snippet":"max-snippet:-1","max-image-preview":"max-image-preview:large","max-video-preview":"max-video-preview:-1"},"canonical":"https:\/\/qtmm.org\/qt\/qirimtatarlar-mitinginin-qarari-provokatorlarga-yoq-yasasin-qirimtatar-halqinin-birligi\/","og_locale":"en_US","og_type":"article","og_title":"QIRIMTATARLAR M\u0130T\u0130NG\u0130N\u0130\u00d1 QARARI: \u00abPROVOKATORLAR\u011eA - YOQ! \u00abYA\u015eASIN QIRIMTATAR HALQINI\u00d1 B\u0130RL\u0130G\u0130!\u00bb - \u041c\u0435\u0434\u0436\u043b\u0456\u0441","og_description":"Bug\u00fcn, 2011 senesi noyabr 21 k\u00fcn\u00fc&nbsp; semetde\u015flerimiz aras\u0131nda evelden de q\u0131r\u0131mtatar halq\u0131n\u0131\u00f1 birligine qar\u015f\u0131&nbsp; b\u00f6l\u00fcci areketlerinen belli on- on be\u015f adam kene milliy areketni par\u00e7alama\u011fa t\u0131r\u0131\u015ft\u0131. \u00d6z halq\u0131 taraf\u0131ndan siyasiy \u00f6m\u00fcrni\u00f1 kenar\u0131na ta\u015flan\u011fan, bundan evel de, c\u00fcmleden ke\u00e7ken Q\u0131r\u0131m Yuqar\u0131 \u015euras\u0131, maalliy \u015furalar\u011fa ve k\u00f6y, qasaba, \u015feer reberlerini saylavlarda, q\u0131r\u0131mtatar halq\u0131n\u0131 b\u00f6lmege t\u0131r\u0131\u015fqan bir gruppa [&hellip;]","og_url":"https:\/\/qtmm.org\/qt\/qirimtatarlar-mitinginin-qarari-provokatorlarga-yoq-yasasin-qirimtatar-halqinin-birligi\/","og_site_name":"\u041c\u0435\u0434\u0436\u043b\u0456\u0441","article_publisher":"https:\/\/www.facebook.com\/qtmm.info\/","article_published_time":"2011-11-21T19:01:00+00:00","article_modified_time":"2022-01-19T19:01:56+00:00","author":"Developer","twitter_card":"summary_large_image","twitter_misc":{"Written by":"Developer","Est. reading time":"2 minutes"},"schema":{"@context":"https:\/\/schema.org","@graph":[{"@type":"Article","@id":"https:\/\/qtmm.org\/qt\/qirimtatarlar-mitinginin-qarari-provokatorlarga-yoq-yasasin-qirimtatar-halqinin-birligi\/#article","isPartOf":{"@id":"https:\/\/qtmm.org\/qt\/qirimtatarlar-mitinginin-qarari-provokatorlarga-yoq-yasasin-qirimtatar-halqinin-birligi\/"},"author":{"name":"Developer","@id":"https:\/\/qtmm.org\/qt\/#\/schema\/person\/de562469f971dec226ac06e60bbf74a7"},"headline":"QIRIMTATARLAR M\u0130T\u0130NG\u0130N\u0130\u00d1 QARARI: \u00abPROVOKATORLAR\u011eA &#8211; YOQ! \u00abYA\u015eASIN QIRIMTATAR HALQINI\u00d1 B\u0130RL\u0130G\u0130!\u00bb","datePublished":"2011-11-21T19:01:00+00:00","dateModified":"2022-01-19T19:01:56+00:00","mainEntityOfPage":{"@id":"https:\/\/qtmm.org\/qt\/qirimtatarlar-mitinginin-qarari-provokatorlarga-yoq-yasasin-qirimtatar-halqinin-birligi\/"},"wordCount":516,"commentCount":0,"publisher":{"@id":"https:\/\/qtmm.org\/qt\/#organization"},"articleSection":["Haberler"],"inLanguage":"qt","potentialAction":[{"@type":"CommentAction","name":"Comment","target":["https:\/\/qtmm.org\/qt\/qirimtatarlar-mitinginin-qarari-provokatorlarga-yoq-yasasin-qirimtatar-halqinin-birligi\/#respond"]}]},{"@type":"WebPage","@id":"https:\/\/qtmm.org\/qt\/qirimtatarlar-mitinginin-qarari-provokatorlarga-yoq-yasasin-qirimtatar-halqinin-birligi\/","url":"https:\/\/qtmm.org\/qt\/qirimtatarlar-mitinginin-qarari-provokatorlarga-yoq-yasasin-qirimtatar-halqinin-birligi\/","name":"QIRIMTATARLAR M\u0130T\u0130NG\u0130N\u0130\u00d1 QARARI: \u00abPROVOKATORLAR\u011eA - YOQ! \u00abYA\u015eASIN QIRIMTATAR HALQINI\u00d1 B\u0130RL\u0130G\u0130!\u00bb - \u041c\u0435\u0434\u0436\u043b\u0456\u0441","isPartOf":{"@id":"https:\/\/qtmm.org\/qt\/#website"},"datePublished":"2011-11-21T19:01:00+00:00","dateModified":"2022-01-19T19:01:56+00:00","breadcrumb":{"@id":"https:\/\/qtmm.org\/qt\/qirimtatarlar-mitinginin-qarari-provokatorlarga-yoq-yasasin-qirimtatar-halqinin-birligi\/#breadcrumb"},"inLanguage":"qt","potentialAction":[{"@type":"ReadAction","target":["https:\/\/qtmm.org\/qt\/qirimtatarlar-mitinginin-qarari-provokatorlarga-yoq-yasasin-qirimtatar-halqinin-birligi\/"]}]},{"@type":"BreadcrumbList","@id":"https:\/\/qtmm.org\/qt\/qirimtatarlar-mitinginin-qarari-provokatorlarga-yoq-yasasin-qirimtatar-halqinin-birligi\/#breadcrumb","itemListElement":[{"@type":"ListItem","position":1,"name":"\u0413\u043e\u043b\u043e\u0432\u043d\u0430","item":"https:\/\/qtmm.org\/qt\/"},{"@type":"ListItem","position":2,"name":"QIRIMTATARLAR M\u0130T\u0130NG\u0130N\u0130\u00d1 QARARI: \u00abPROVOKATORLAR\u011eA &#8211; YOQ! \u00abYA\u015eASIN QIRIMTATAR HALQINI\u00d1 B\u0130RL\u0130G\u0130!\u00bb"}]},{"@type":"WebSite","@id":"https:\/\/qtmm.org\/qt\/#website","url":"https:\/\/qtmm.org\/qt\/","name":"\u041c\u0435\u0434\u0436\u043b\u0456\u0441","description":"","publisher":{"@id":"https:\/\/qtmm.org\/qt\/#organization"},"potentialAction":[{"@type":"SearchAction","target":{"@type":"EntryPoint","urlTemplate":"https:\/\/qtmm.org\/qt\/?s={search_term_string}"},"query-input":{"@type":"PropertyValueSpecification","valueRequired":true,"valueName":"search_term_string"}}],"inLanguage":"qt"},{"@type":"Organization","@id":"https:\/\/qtmm.org\/qt\/#organization","name":"\u041c\u0435\u0434\u0436\u043b\u0456\u0441","url":"https:\/\/qtmm.org\/qt\/","logo":{"@type":"ImageObject","inLanguage":"qt","@id":"https:\/\/qtmm.org\/qt\/#\/schema\/logo\/image\/","url":"https:\/\/qtmm.org\/wp-content\/uploads\/2024\/12\/ua-mejlis-logo-rgb.svg","contentUrl":"https:\/\/qtmm.org\/wp-content\/uploads\/2024\/12\/ua-mejlis-logo-rgb.svg","caption":"\u041c\u0435\u0434\u0436\u043b\u0456\u0441"},"image":{"@id":"https:\/\/qtmm.org\/qt\/#\/schema\/logo\/image\/"},"sameAs":["https:\/\/www.facebook.com\/qtmm.info\/"]},{"@type":"Person","@id":"https:\/\/qtmm.org\/qt\/#\/schema\/person\/de562469f971dec226ac06e60bbf74a7","name":"Developer","image":{"@type":"ImageObject","inLanguage":"qt","@id":"https:\/\/secure.gravatar.com\/avatar\/392b4cc8fbfeb00b39dfeeab4ee6edded39ffd48e25858637e4765810300227e?s=96&d=mm&r=g","url":"https:\/\/secure.gravatar.com\/avatar\/392b4cc8fbfeb00b39dfeeab4ee6edded39ffd48e25858637e4765810300227e?s=96&d=mm&r=g","contentUrl":"https:\/\/secure.gravatar.com\/avatar\/392b4cc8fbfeb00b39dfeeab4ee6edded39ffd48e25858637e4765810300227e?s=96&d=mm&r=g","caption":"Developer"},"url":"https:\/\/qtmm.org\/qt\/author\/Developer\/"}]}},"_links":{"self":[{"href":"https:\/\/qtmm.org\/qt\/wp-json\/wp\/v2\/posts\/26995","targetHints":{"allow":["GET"]}}],"collection":[{"href":"https:\/\/qtmm.org\/qt\/wp-json\/wp\/v2\/posts"}],"about":[{"href":"https:\/\/qtmm.org\/qt\/wp-json\/wp\/v2\/types\/post"}],"author":[{"embeddable":true,"href":"https:\/\/qtmm.org\/qt\/wp-json\/wp\/v2\/users\/1"}],"replies":[{"embeddable":true,"href":"https:\/\/qtmm.org\/qt\/wp-json\/wp\/v2\/comments?post=26995"}],"version-history":[{"count":1,"href":"https:\/\/qtmm.org\/qt\/wp-json\/wp\/v2\/posts\/26995\/revisions"}],"predecessor-version":[{"id":26996,"href":"https:\/\/qtmm.org\/qt\/wp-json\/wp\/v2\/posts\/26995\/revisions\/26996"}],"wp:attachment":[{"href":"https:\/\/qtmm.org\/qt\/wp-json\/wp\/v2\/media?parent=26995"}],"wp:term":[{"taxonomy":"category","embeddable":true,"href":"https:\/\/qtmm.org\/qt\/wp-json\/wp\/v2\/categories?post=26995"},{"taxonomy":"post_tag","embeddable":true,"href":"https:\/\/qtmm.org\/qt\/wp-json\/wp\/v2\/tags?post=26995"}],"curies":[{"name":"wp","href":"https:\/\/api.w.org\/{rel}","templated":true}]}}