




{"id":26981,"date":"2011-11-20T21:59:00","date_gmt":"2011-11-20T18:59:00","guid":{"rendered":"http:\/\/qtmm.org\/?p=26981"},"modified":"2022-01-19T22:01:06","modified_gmt":"2022-01-19T19:01:06","slug":"ukrainada-yekane-qirimtatar-kitaphanesi-misalinde-qirimtatar-medeniyetinin-inkisafina-isse-qosmaq-er-kesnin-borcudir-dedi-m-cemilev","status":"publish","type":"post","link":"https:\/\/qtmm.org\/qt\/ukrainada-yekane-qirimtatar-kitaphanesi-misalinde-qirimtatar-medeniyetinin-inkisafina-isse-qosmaq-er-kesnin-borcudir-dedi-m-cemilev\/","title":{"rendered":"\u00abUkrainada yek\u00e2ne q\u0131r\u0131mtatar kitaphanesi misalinde q\u0131r\u0131mtatar medeniyetini\u00f1 inki\u015faf\u0131na isse qo\u015fmaq er kesni\u00f1 borcud\u0131r\u00bb, &#8211; dedi M.Cemilev"},"content":{"rendered":"\n<p>2011 senesi noyabr 19 k\u00fcn\u00fc\u00a0 \u0130.Gasprinskiy ad\u0131na q\u0131r\u0131mtatar kitaphanesinde \u015fu\u00a0 cumhuriyet m\u00fcessisesi yan\u0131nda meydan\u011fa ketirilgen Vasiylik ke\u00f1e\u015fini\u00f1 birinci topla\u015fuv\u0131 ol\u0131p ke\u00e7ti. Kitaphaneni\u00f1 ya\u00f1\u0131 m\u00fcdiri G\u00fclnara Yagyayeva kitaphane reberleri de\u00f1i\u015fkeni sebebinden Vasiylik ke\u00f1e\u015fini\u00f1 de ya\u00f1\u0131 erk\u00e2n\u0131n\u0131 saylamaq qarar\u0131 aqq\u0131nda haber etti. Ya\u00f1\u0131 erk\u00e2n\u011fa\u00a0 Meclis, Q\u0131r\u0131m Yuqar\u0131 \u015euras\u0131, Q\u0131r\u0131m Nazirler \u015euras\u0131, Aqmescit \u015feer akimiyeti vekilleri, q\u0131r\u0131mtatar jurnalistleri ve cemaat erbaplar\u0131 kirsetildi.<\/p>\n\n\n\n<p>Vasiylik ke\u00f1e\u015fini\u00f1 birinci topla\u015fuv\u0131nda&nbsp; Q\u0131r\u0131mtatar halq\u0131 Meclisini\u00f1 reisi Mustafa Cemilev, Q\u0131r\u0131mtatar tasil hadimleri &#8220;Maarif\u00e7i&#8221; birle\u015fmesini\u00f1 reisi, Meclis azas\u0131 Safure Kacametova,&nbsp; Aqmescit \u015feer \u015furas\u0131n\u0131\u00f1 deputatlar\u0131 Seytumer Berberov ve Sad\u0131q Tabah, Cumhuriyet milletler komitetini\u00f1 reisi Edem Dudakov, &#8220;Can y\u00fcrekten&#8221; hayriye fond\u0131n\u0131\u00f1 prezidenti Ebazer Emiraciyev,&nbsp; &#8220;Q\u0131r\u0131moquvpedne\u015fir&#8221; ne\u015friyat\u0131 direktor\u0131&nbsp; \u0130braim \u00c7egertma, q\u0131r\u0131mtatar medeniyet fond\u0131n\u0131\u00f1 reisi Ridvan Ayedinov,&nbsp; &#8220;Poluostrov&#8221; gazetas\u0131n\u0131\u00f1 muarriri&nbsp; Ayder Emirov, \u0130.Gasprinskiy ad\u0131na kitaphane direktor\u0131n\u0131\u00f1 ilmiy i\u015fler boyunca muavini Leyl\u00e2 Qad\u0131rova ve i\u015f adam\u0131 Rasim Kerimov i\u015ftirak ettiler.<\/p>\n\n\n\n<p>&#8220;Vasiylik ke\u00f1e\u015fini\u00f1 esas vazifelerinden biri kitaphane inki\u015faf\u0131na olduq\u00e7a siltem bermek, bun\u0131\u00f1 kibi de oquy\u0131c\u0131lar\u0131m\u0131z\u011fa informatsion h\u0131zmet k\u00f6ster\u00fcvni daa da y\u00fcksek seviyege k\u00f6termektir, &#8211; dedi kitaphane direktor\u0131\u00a0 &#8220;G\u00fclnara Yagyayeva. On\u0131\u00f1 aytqan\u0131na k\u00f6re, q\u0131r\u0131mtatar cemiyetini\u00f1 informatsion potentsial\u0131n\u0131 saqlav ve artt\u0131ruv o\u011frunda faaliyet k\u00f6stergen kitaphane ana tili, medeniyet ve edebiyat taqdirinen meraqlan\u011fan devlet m\u00fcessiseleri, icadiy birle\u015fme ve i\u015f adamlar\u0131n\u0131\u00f1 yard\u0131m\u0131na \u011fayet muhtac.\u00a0<\/p>\n\n\n\n<figure class=\"wp-block-image size-full\"><img loading=\"lazy\" decoding=\"async\" width=\"800\" height=\"600\" src=\"http:\/\/qtmm.org\/wp-content\/uploads\/2022\/01\/img_0562_1.jpeg\" alt=\"\" class=\"wp-image-26986\" srcset=\"https:\/\/qtmm.org\/wp-content\/uploads\/2022\/01\/img_0562_1.jpeg 800w, https:\/\/qtmm.org\/wp-content\/uploads\/2022\/01\/img_0562_1-300x225.jpeg 300w, https:\/\/qtmm.org\/wp-content\/uploads\/2022\/01\/img_0562_1-768x576.jpeg 768w\" sizes=\"auto, (max-width: 800px) 100vw, 800px\" \/><\/figure>\n\n\n\n<p>Kitaphanege Meclis, cumhuriyet m\u00fcessiseleri, \u00e7e\u015fit fond ve hususiy \u015fah\u0131slar taraf\u0131ndan defalarca yard\u0131m k\u00f6sterildi. Bundan da \u011fayr\u0131&nbsp; kitaphane hadimleri&nbsp; halqara grant alma\u011fa nail ol\u0131p, bu sermiya esab\u0131na kitaphanede internet merkezi a\u00e7\u0131ld\u0131, ya\u00f1\u0131 tehnika donatmalar\u0131 al\u0131nd\u0131. &#8220;Eski elyazmalarn\u0131 kopiyalamaq imk\u00e2n\u0131n\u0131 bergen paal\u0131dan-paal\u0131 aletni nice q\u0131y\u0131nl\u0131qlarnen sat\u0131n ald\u0131q, amma on\u0131 \u00e7al\u0131\u015ft\u0131rmaq i\u00e7\u00fcn kitaphane binas\u0131nda yer yoqt\u0131r, &#8211; dep bildirdi direktor.<\/p>\n\n\n\n<p>Kitaphane reberlerini\u00f1 aytqan\u0131na k\u00f6re, Ukrainadan t\u0131\u015fta ya\u015fa\u011fan bir \u00e7oq insan q\u0131r\u0131mtatar halq\u0131 aqq\u0131nda ellerinde bulun\u011fan nadir kitaplar, q\u0131ymetli arhivlerni bermege az\u0131rlar, l\u00e2kin bah\u015f\u0131\u015flarn\u0131 yerle\u015ftirmege kene de de kitaphaneni\u00f1 imk\u00e2nlar\u0131 yoq.\u00a0 \u0130. Gasprinskiy ad\u0131na kitaphane inki\u015faf\u0131n\u0131\u00f1 istiqballerini muzakere etken Vasiylik ke\u00f1e\u015fini\u00f1 azalar\u0131 kitaphanege oquv zal\u0131, meclisler salon\u0131 ve kitaplar saqlan\u0131l\u011fan odalarn\u0131 a\u00e7ma\u011fa imk\u00e2n bergen qo\u015fumca bina qurmaqn\u0131\u00f1 zarurl\u0131\u011f\u0131 qayd etip, bu binan\u0131\u00f1 leyhas\u0131n\u0131 az\u0131rlamaq ve i\u015fni ba\u015flamaq qarar\u0131n\u0131 ald\u0131lar.<\/p>\n\n\n\n<figure class=\"wp-block-image size-full\"><img loading=\"lazy\" decoding=\"async\" width=\"800\" height=\"600\" src=\"http:\/\/qtmm.org\/wp-content\/uploads\/2022\/01\/img_0567_1.jpeg\" alt=\"\" class=\"wp-image-26990\" srcset=\"https:\/\/qtmm.org\/wp-content\/uploads\/2022\/01\/img_0567_1.jpeg 800w, https:\/\/qtmm.org\/wp-content\/uploads\/2022\/01\/img_0567_1-300x225.jpeg 300w, https:\/\/qtmm.org\/wp-content\/uploads\/2022\/01\/img_0567_1-768x576.jpeg 768w\" sizes=\"auto, (max-width: 800px) 100vw, 800px\" \/><\/figure>\n\n\n\n<p>\u00c7oqluqn\u0131\u00f1 rey ber\u00fcv neticesinde Vasiylik ke\u00f1e\u015fini\u00f1 reisi olaraq saylan\u011fan Meclis reisi Mustafa Cemilev ya\u00f1\u0131 ke\u00f1e\u015fni\u00f1 ba\u015f vazifesini daa bir kere qayd etip, bu vazifeni\u00f1 amelge ke\u00e7mesine er kes faal yana\u015fmaq kerekligini aytt\u0131. &#8220;Ukrainada yek\u00e2ne q\u0131r\u0131mtatar kitaphanesi misalinde q\u0131r\u0131mtatar medeniyetini\u00f1 inki\u015faf\u0131na isse qo\u015fmaq er kesni\u00f1 borcud\u0131r. Em er bir insan elinden kelgen intellektual, te\u015fkil\u00e2tiy ve maddiy destekni k\u00f6stermeli &#8220;, &#8211; dedi M.Cemilev<\/p>\n\n\n\n<p>Vasiylik ke\u00f1e\u015fini\u00f1 topla\u015fuvlar\u0131 y\u0131lda eki kere \u00f6tkerilmesi, a\u011f\u0131mdaki faaliyetni ise yedi adamdan ibaret Prezidium\u011fa avale etilmesi belgilendi.<\/p>\n","protected":false},"excerpt":{"rendered":"<p>2011 senesi noyabr 19 k\u00fcn\u00fc\u00a0 \u0130.Gasprinskiy ad\u0131na q\u0131r\u0131mtatar kitaphanesinde \u015fu\u00a0 cumhuriyet m\u00fcessisesi yan\u0131nda meydan\u011fa ketirilgen Vasiylik ke\u00f1e\u015fini\u00f1 birinci topla\u015fuv\u0131 ol\u0131p ke\u00e7ti. Kitaphaneni\u00f1 ya\u00f1\u0131 m\u00fcdiri G\u00fclnara Yagyayeva kitaphane reberleri de\u00f1i\u015fkeni sebebinden Vasiylik ke\u00f1e\u015fini\u00f1 de ya\u00f1\u0131 erk\u00e2n\u0131n\u0131 saylamaq qarar\u0131 aqq\u0131nda haber etti. Ya\u00f1\u0131 erk\u00e2n\u011fa\u00a0 Meclis, Q\u0131r\u0131m Yuqar\u0131 \u015euras\u0131, Q\u0131r\u0131m Nazirler \u015euras\u0131, Aqmescit \u015feer akimiyeti vekilleri, q\u0131r\u0131mtatar jurnalistleri [&hellip;]<\/p>\n","protected":false},"author":1,"featured_media":26982,"comment_status":"open","ping_status":"open","sticky":false,"template":"","format":"standard","meta":{"inline_featured_image":false,"footnotes":""},"categories":[265],"tags":[],"class_list":["post-26981","post","type-post","status-publish","format-standard","has-post-thumbnail","hentry","category-haberler"],"acf":[],"yoast_head":"<!-- This site is optimized with the Yoast SEO plugin v27.4 - https:\/\/yoast.com\/product\/yoast-seo-wordpress\/ -->\n<title>\u00abUkrainada yek\u00e2ne q\u0131r\u0131mtatar kitaphanesi misalinde q\u0131r\u0131mtatar medeniyetini\u00f1 inki\u015faf\u0131na isse qo\u015fmaq er kesni\u00f1 borcud\u0131r\u00bb, - dedi M.Cemilev - \u041c\u0435\u0434\u0436\u043b\u0456\u0441<\/title>\n<meta name=\"robots\" content=\"index, follow, max-snippet:-1, max-image-preview:large, max-video-preview:-1\" \/>\n<link rel=\"canonical\" href=\"https:\/\/qtmm.org\/qt\/ukrainada-yekane-qirimtatar-kitaphanesi-misalinde-qirimtatar-medeniyetinin-inkisafina-isse-qosmaq-er-kesnin-borcudir-dedi-m-cemilev\/\" \/>\n<meta property=\"og:locale\" content=\"en_US\" \/>\n<meta property=\"og:type\" content=\"article\" \/>\n<meta property=\"og:title\" content=\"\u00abUkrainada yek\u00e2ne q\u0131r\u0131mtatar kitaphanesi misalinde q\u0131r\u0131mtatar medeniyetini\u00f1 inki\u015faf\u0131na isse qo\u015fmaq er kesni\u00f1 borcud\u0131r\u00bb, - dedi M.Cemilev - \u041c\u0435\u0434\u0436\u043b\u0456\u0441\" \/>\n<meta property=\"og:description\" content=\"2011 senesi noyabr 19 k\u00fcn\u00fc\u00a0 \u0130.Gasprinskiy ad\u0131na q\u0131r\u0131mtatar kitaphanesinde \u015fu\u00a0 cumhuriyet m\u00fcessisesi yan\u0131nda meydan\u011fa ketirilgen Vasiylik ke\u00f1e\u015fini\u00f1 birinci topla\u015fuv\u0131 ol\u0131p ke\u00e7ti. Kitaphaneni\u00f1 ya\u00f1\u0131 m\u00fcdiri G\u00fclnara Yagyayeva kitaphane reberleri de\u00f1i\u015fkeni sebebinden Vasiylik ke\u00f1e\u015fini\u00f1 de ya\u00f1\u0131 erk\u00e2n\u0131n\u0131 saylamaq qarar\u0131 aqq\u0131nda haber etti. Ya\u00f1\u0131 erk\u00e2n\u011fa\u00a0 Meclis, Q\u0131r\u0131m Yuqar\u0131 \u015euras\u0131, Q\u0131r\u0131m Nazirler \u015euras\u0131, Aqmescit \u015feer akimiyeti vekilleri, q\u0131r\u0131mtatar jurnalistleri [&hellip;]\" \/>\n<meta property=\"og:url\" content=\"https:\/\/qtmm.org\/qt\/ukrainada-yekane-qirimtatar-kitaphanesi-misalinde-qirimtatar-medeniyetinin-inkisafina-isse-qosmaq-er-kesnin-borcudir-dedi-m-cemilev\/\" \/>\n<meta property=\"og:site_name\" content=\"\u041c\u0435\u0434\u0436\u043b\u0456\u0441\" \/>\n<meta property=\"article:publisher\" content=\"https:\/\/www.facebook.com\/qtmm.info\/\" \/>\n<meta property=\"article:published_time\" content=\"2011-11-20T18:59:00+00:00\" \/>\n<meta property=\"article:modified_time\" content=\"2022-01-19T19:01:06+00:00\" \/>\n<meta property=\"og:image\" content=\"https:\/\/qtmm.org\/wp-content\/uploads\/2022\/01\/img_0565_2.jpeg\" \/>\n\t<meta property=\"og:image:width\" content=\"800\" \/>\n\t<meta property=\"og:image:height\" content=\"600\" \/>\n\t<meta property=\"og:image:type\" content=\"image\/jpeg\" \/>\n<meta name=\"author\" content=\"Developer\" \/>\n<meta name=\"twitter:card\" content=\"summary_large_image\" \/>\n<meta name=\"twitter:label1\" content=\"Written by\" \/>\n\t<meta name=\"twitter:data1\" content=\"Developer\" \/>\n\t<meta name=\"twitter:label2\" content=\"Est. reading time\" \/>\n\t<meta name=\"twitter:data2\" content=\"3 minutes\" \/>\n<script type=\"application\/ld+json\" class=\"yoast-schema-graph\">{\"@context\":\"https:\\\/\\\/schema.org\",\"@graph\":[{\"@type\":\"Article\",\"@id\":\"https:\\\/\\\/qtmm.org\\\/qt\\\/ukrainada-yekane-qirimtatar-kitaphanesi-misalinde-qirimtatar-medeniyetinin-inkisafina-isse-qosmaq-er-kesnin-borcudir-dedi-m-cemilev\\\/#article\",\"isPartOf\":{\"@id\":\"https:\\\/\\\/qtmm.org\\\/qt\\\/ukrainada-yekane-qirimtatar-kitaphanesi-misalinde-qirimtatar-medeniyetinin-inkisafina-isse-qosmaq-er-kesnin-borcudir-dedi-m-cemilev\\\/\"},\"author\":{\"name\":\"Developer\",\"@id\":\"https:\\\/\\\/qtmm.org\\\/qt\\\/#\\\/schema\\\/person\\\/de562469f971dec226ac06e60bbf74a7\"},\"headline\":\"\u00abUkrainada yek\u00e2ne q\u0131r\u0131mtatar kitaphanesi misalinde q\u0131r\u0131mtatar medeniyetini\u00f1 inki\u015faf\u0131na isse qo\u015fmaq er kesni\u00f1 borcud\u0131r\u00bb, &#8211; dedi M.Cemilev\",\"datePublished\":\"2011-11-20T18:59:00+00:00\",\"dateModified\":\"2022-01-19T19:01:06+00:00\",\"mainEntityOfPage\":{\"@id\":\"https:\\\/\\\/qtmm.org\\\/qt\\\/ukrainada-yekane-qirimtatar-kitaphanesi-misalinde-qirimtatar-medeniyetinin-inkisafina-isse-qosmaq-er-kesnin-borcudir-dedi-m-cemilev\\\/\"},\"wordCount\":595,\"commentCount\":0,\"publisher\":{\"@id\":\"https:\\\/\\\/qtmm.org\\\/qt\\\/#organization\"},\"image\":{\"@id\":\"https:\\\/\\\/qtmm.org\\\/qt\\\/ukrainada-yekane-qirimtatar-kitaphanesi-misalinde-qirimtatar-medeniyetinin-inkisafina-isse-qosmaq-er-kesnin-borcudir-dedi-m-cemilev\\\/#primaryimage\"},\"thumbnailUrl\":\"https:\\\/\\\/qtmm.org\\\/wp-content\\\/uploads\\\/2022\\\/01\\\/img_0565_2.jpeg\",\"articleSection\":[\"Haberler\"],\"inLanguage\":\"qt\",\"potentialAction\":[{\"@type\":\"CommentAction\",\"name\":\"Comment\",\"target\":[\"https:\\\/\\\/qtmm.org\\\/qt\\\/ukrainada-yekane-qirimtatar-kitaphanesi-misalinde-qirimtatar-medeniyetinin-inkisafina-isse-qosmaq-er-kesnin-borcudir-dedi-m-cemilev\\\/#respond\"]}]},{\"@type\":\"WebPage\",\"@id\":\"https:\\\/\\\/qtmm.org\\\/qt\\\/ukrainada-yekane-qirimtatar-kitaphanesi-misalinde-qirimtatar-medeniyetinin-inkisafina-isse-qosmaq-er-kesnin-borcudir-dedi-m-cemilev\\\/\",\"url\":\"https:\\\/\\\/qtmm.org\\\/qt\\\/ukrainada-yekane-qirimtatar-kitaphanesi-misalinde-qirimtatar-medeniyetinin-inkisafina-isse-qosmaq-er-kesnin-borcudir-dedi-m-cemilev\\\/\",\"name\":\"\u00abUkrainada yek\u00e2ne q\u0131r\u0131mtatar kitaphanesi misalinde q\u0131r\u0131mtatar medeniyetini\u00f1 inki\u015faf\u0131na isse qo\u015fmaq er kesni\u00f1 borcud\u0131r\u00bb, - dedi M.Cemilev - \u041c\u0435\u0434\u0436\u043b\u0456\u0441\",\"isPartOf\":{\"@id\":\"https:\\\/\\\/qtmm.org\\\/qt\\\/#website\"},\"primaryImageOfPage\":{\"@id\":\"https:\\\/\\\/qtmm.org\\\/qt\\\/ukrainada-yekane-qirimtatar-kitaphanesi-misalinde-qirimtatar-medeniyetinin-inkisafina-isse-qosmaq-er-kesnin-borcudir-dedi-m-cemilev\\\/#primaryimage\"},\"image\":{\"@id\":\"https:\\\/\\\/qtmm.org\\\/qt\\\/ukrainada-yekane-qirimtatar-kitaphanesi-misalinde-qirimtatar-medeniyetinin-inkisafina-isse-qosmaq-er-kesnin-borcudir-dedi-m-cemilev\\\/#primaryimage\"},\"thumbnailUrl\":\"https:\\\/\\\/qtmm.org\\\/wp-content\\\/uploads\\\/2022\\\/01\\\/img_0565_2.jpeg\",\"datePublished\":\"2011-11-20T18:59:00+00:00\",\"dateModified\":\"2022-01-19T19:01:06+00:00\",\"breadcrumb\":{\"@id\":\"https:\\\/\\\/qtmm.org\\\/qt\\\/ukrainada-yekane-qirimtatar-kitaphanesi-misalinde-qirimtatar-medeniyetinin-inkisafina-isse-qosmaq-er-kesnin-borcudir-dedi-m-cemilev\\\/#breadcrumb\"},\"inLanguage\":\"qt\",\"potentialAction\":[{\"@type\":\"ReadAction\",\"target\":[\"https:\\\/\\\/qtmm.org\\\/qt\\\/ukrainada-yekane-qirimtatar-kitaphanesi-misalinde-qirimtatar-medeniyetinin-inkisafina-isse-qosmaq-er-kesnin-borcudir-dedi-m-cemilev\\\/\"]}]},{\"@type\":\"ImageObject\",\"inLanguage\":\"qt\",\"@id\":\"https:\\\/\\\/qtmm.org\\\/qt\\\/ukrainada-yekane-qirimtatar-kitaphanesi-misalinde-qirimtatar-medeniyetinin-inkisafina-isse-qosmaq-er-kesnin-borcudir-dedi-m-cemilev\\\/#primaryimage\",\"url\":\"https:\\\/\\\/qtmm.org\\\/wp-content\\\/uploads\\\/2022\\\/01\\\/img_0565_2.jpeg\",\"contentUrl\":\"https:\\\/\\\/qtmm.org\\\/wp-content\\\/uploads\\\/2022\\\/01\\\/img_0565_2.jpeg\",\"width\":800,\"height\":600},{\"@type\":\"BreadcrumbList\",\"@id\":\"https:\\\/\\\/qtmm.org\\\/qt\\\/ukrainada-yekane-qirimtatar-kitaphanesi-misalinde-qirimtatar-medeniyetinin-inkisafina-isse-qosmaq-er-kesnin-borcudir-dedi-m-cemilev\\\/#breadcrumb\",\"itemListElement\":[{\"@type\":\"ListItem\",\"position\":1,\"name\":\"\u0413\u043e\u043b\u043e\u0432\u043d\u0430\",\"item\":\"https:\\\/\\\/qtmm.org\\\/qt\\\/\"},{\"@type\":\"ListItem\",\"position\":2,\"name\":\"\u00abUkrainada yek\u00e2ne q\u0131r\u0131mtatar kitaphanesi misalinde q\u0131r\u0131mtatar medeniyetini\u00f1 inki\u015faf\u0131na isse qo\u015fmaq er kesni\u00f1 borcud\u0131r\u00bb, &#8211; dedi M.Cemilev\"}]},{\"@type\":\"WebSite\",\"@id\":\"https:\\\/\\\/qtmm.org\\\/qt\\\/#website\",\"url\":\"https:\\\/\\\/qtmm.org\\\/qt\\\/\",\"name\":\"\u041c\u0435\u0434\u0436\u043b\u0456\u0441\",\"description\":\"\",\"publisher\":{\"@id\":\"https:\\\/\\\/qtmm.org\\\/qt\\\/#organization\"},\"potentialAction\":[{\"@type\":\"SearchAction\",\"target\":{\"@type\":\"EntryPoint\",\"urlTemplate\":\"https:\\\/\\\/qtmm.org\\\/qt\\\/?s={search_term_string}\"},\"query-input\":{\"@type\":\"PropertyValueSpecification\",\"valueRequired\":true,\"valueName\":\"search_term_string\"}}],\"inLanguage\":\"qt\"},{\"@type\":\"Organization\",\"@id\":\"https:\\\/\\\/qtmm.org\\\/qt\\\/#organization\",\"name\":\"\u041c\u0435\u0434\u0436\u043b\u0456\u0441\",\"url\":\"https:\\\/\\\/qtmm.org\\\/qt\\\/\",\"logo\":{\"@type\":\"ImageObject\",\"inLanguage\":\"qt\",\"@id\":\"https:\\\/\\\/qtmm.org\\\/qt\\\/#\\\/schema\\\/logo\\\/image\\\/\",\"url\":\"https:\\\/\\\/qtmm.org\\\/wp-content\\\/uploads\\\/2024\\\/12\\\/ua-mejlis-logo-rgb.svg\",\"contentUrl\":\"https:\\\/\\\/qtmm.org\\\/wp-content\\\/uploads\\\/2024\\\/12\\\/ua-mejlis-logo-rgb.svg\",\"caption\":\"\u041c\u0435\u0434\u0436\u043b\u0456\u0441\"},\"image\":{\"@id\":\"https:\\\/\\\/qtmm.org\\\/qt\\\/#\\\/schema\\\/logo\\\/image\\\/\"},\"sameAs\":[\"https:\\\/\\\/www.facebook.com\\\/qtmm.info\\\/\"]},{\"@type\":\"Person\",\"@id\":\"https:\\\/\\\/qtmm.org\\\/qt\\\/#\\\/schema\\\/person\\\/de562469f971dec226ac06e60bbf74a7\",\"name\":\"Developer\",\"image\":{\"@type\":\"ImageObject\",\"inLanguage\":\"qt\",\"@id\":\"https:\\\/\\\/secure.gravatar.com\\\/avatar\\\/392b4cc8fbfeb00b39dfeeab4ee6edded39ffd48e25858637e4765810300227e?s=96&d=mm&r=g\",\"url\":\"https:\\\/\\\/secure.gravatar.com\\\/avatar\\\/392b4cc8fbfeb00b39dfeeab4ee6edded39ffd48e25858637e4765810300227e?s=96&d=mm&r=g\",\"contentUrl\":\"https:\\\/\\\/secure.gravatar.com\\\/avatar\\\/392b4cc8fbfeb00b39dfeeab4ee6edded39ffd48e25858637e4765810300227e?s=96&d=mm&r=g\",\"caption\":\"Developer\"},\"url\":\"https:\\\/\\\/qtmm.org\\\/qt\\\/author\\\/Developer\\\/\"}]}<\/script>\n<!-- \/ Yoast SEO plugin. -->","yoast_head_json":{"title":"\u00abUkrainada yek\u00e2ne q\u0131r\u0131mtatar kitaphanesi misalinde q\u0131r\u0131mtatar medeniyetini\u00f1 inki\u015faf\u0131na isse qo\u015fmaq er kesni\u00f1 borcud\u0131r\u00bb, - dedi M.Cemilev - \u041c\u0435\u0434\u0436\u043b\u0456\u0441","robots":{"index":"index","follow":"follow","max-snippet":"max-snippet:-1","max-image-preview":"max-image-preview:large","max-video-preview":"max-video-preview:-1"},"canonical":"https:\/\/qtmm.org\/qt\/ukrainada-yekane-qirimtatar-kitaphanesi-misalinde-qirimtatar-medeniyetinin-inkisafina-isse-qosmaq-er-kesnin-borcudir-dedi-m-cemilev\/","og_locale":"en_US","og_type":"article","og_title":"\u00abUkrainada yek\u00e2ne q\u0131r\u0131mtatar kitaphanesi misalinde q\u0131r\u0131mtatar medeniyetini\u00f1 inki\u015faf\u0131na isse qo\u015fmaq er kesni\u00f1 borcud\u0131r\u00bb, - dedi M.Cemilev - \u041c\u0435\u0434\u0436\u043b\u0456\u0441","og_description":"2011 senesi noyabr 19 k\u00fcn\u00fc\u00a0 \u0130.Gasprinskiy ad\u0131na q\u0131r\u0131mtatar kitaphanesinde \u015fu\u00a0 cumhuriyet m\u00fcessisesi yan\u0131nda meydan\u011fa ketirilgen Vasiylik ke\u00f1e\u015fini\u00f1 birinci topla\u015fuv\u0131 ol\u0131p ke\u00e7ti. Kitaphaneni\u00f1 ya\u00f1\u0131 m\u00fcdiri G\u00fclnara Yagyayeva kitaphane reberleri de\u00f1i\u015fkeni sebebinden Vasiylik ke\u00f1e\u015fini\u00f1 de ya\u00f1\u0131 erk\u00e2n\u0131n\u0131 saylamaq qarar\u0131 aqq\u0131nda haber etti. Ya\u00f1\u0131 erk\u00e2n\u011fa\u00a0 Meclis, Q\u0131r\u0131m Yuqar\u0131 \u015euras\u0131, Q\u0131r\u0131m Nazirler \u015euras\u0131, Aqmescit \u015feer akimiyeti vekilleri, q\u0131r\u0131mtatar jurnalistleri [&hellip;]","og_url":"https:\/\/qtmm.org\/qt\/ukrainada-yekane-qirimtatar-kitaphanesi-misalinde-qirimtatar-medeniyetinin-inkisafina-isse-qosmaq-er-kesnin-borcudir-dedi-m-cemilev\/","og_site_name":"\u041c\u0435\u0434\u0436\u043b\u0456\u0441","article_publisher":"https:\/\/www.facebook.com\/qtmm.info\/","article_published_time":"2011-11-20T18:59:00+00:00","article_modified_time":"2022-01-19T19:01:06+00:00","og_image":[{"width":800,"height":600,"url":"https:\/\/qtmm.org\/wp-content\/uploads\/2022\/01\/img_0565_2.jpeg","type":"image\/jpeg"}],"author":"Developer","twitter_card":"summary_large_image","twitter_misc":{"Written by":"Developer","Est. reading time":"3 minutes"},"schema":{"@context":"https:\/\/schema.org","@graph":[{"@type":"Article","@id":"https:\/\/qtmm.org\/qt\/ukrainada-yekane-qirimtatar-kitaphanesi-misalinde-qirimtatar-medeniyetinin-inkisafina-isse-qosmaq-er-kesnin-borcudir-dedi-m-cemilev\/#article","isPartOf":{"@id":"https:\/\/qtmm.org\/qt\/ukrainada-yekane-qirimtatar-kitaphanesi-misalinde-qirimtatar-medeniyetinin-inkisafina-isse-qosmaq-er-kesnin-borcudir-dedi-m-cemilev\/"},"author":{"name":"Developer","@id":"https:\/\/qtmm.org\/qt\/#\/schema\/person\/de562469f971dec226ac06e60bbf74a7"},"headline":"\u00abUkrainada yek\u00e2ne q\u0131r\u0131mtatar kitaphanesi misalinde q\u0131r\u0131mtatar medeniyetini\u00f1 inki\u015faf\u0131na isse qo\u015fmaq er kesni\u00f1 borcud\u0131r\u00bb, &#8211; dedi M.Cemilev","datePublished":"2011-11-20T18:59:00+00:00","dateModified":"2022-01-19T19:01:06+00:00","mainEntityOfPage":{"@id":"https:\/\/qtmm.org\/qt\/ukrainada-yekane-qirimtatar-kitaphanesi-misalinde-qirimtatar-medeniyetinin-inkisafina-isse-qosmaq-er-kesnin-borcudir-dedi-m-cemilev\/"},"wordCount":595,"commentCount":0,"publisher":{"@id":"https:\/\/qtmm.org\/qt\/#organization"},"image":{"@id":"https:\/\/qtmm.org\/qt\/ukrainada-yekane-qirimtatar-kitaphanesi-misalinde-qirimtatar-medeniyetinin-inkisafina-isse-qosmaq-er-kesnin-borcudir-dedi-m-cemilev\/#primaryimage"},"thumbnailUrl":"https:\/\/qtmm.org\/wp-content\/uploads\/2022\/01\/img_0565_2.jpeg","articleSection":["Haberler"],"inLanguage":"qt","potentialAction":[{"@type":"CommentAction","name":"Comment","target":["https:\/\/qtmm.org\/qt\/ukrainada-yekane-qirimtatar-kitaphanesi-misalinde-qirimtatar-medeniyetinin-inkisafina-isse-qosmaq-er-kesnin-borcudir-dedi-m-cemilev\/#respond"]}]},{"@type":"WebPage","@id":"https:\/\/qtmm.org\/qt\/ukrainada-yekane-qirimtatar-kitaphanesi-misalinde-qirimtatar-medeniyetinin-inkisafina-isse-qosmaq-er-kesnin-borcudir-dedi-m-cemilev\/","url":"https:\/\/qtmm.org\/qt\/ukrainada-yekane-qirimtatar-kitaphanesi-misalinde-qirimtatar-medeniyetinin-inkisafina-isse-qosmaq-er-kesnin-borcudir-dedi-m-cemilev\/","name":"\u00abUkrainada yek\u00e2ne q\u0131r\u0131mtatar kitaphanesi misalinde q\u0131r\u0131mtatar medeniyetini\u00f1 inki\u015faf\u0131na isse qo\u015fmaq er kesni\u00f1 borcud\u0131r\u00bb, - dedi M.Cemilev - \u041c\u0435\u0434\u0436\u043b\u0456\u0441","isPartOf":{"@id":"https:\/\/qtmm.org\/qt\/#website"},"primaryImageOfPage":{"@id":"https:\/\/qtmm.org\/qt\/ukrainada-yekane-qirimtatar-kitaphanesi-misalinde-qirimtatar-medeniyetinin-inkisafina-isse-qosmaq-er-kesnin-borcudir-dedi-m-cemilev\/#primaryimage"},"image":{"@id":"https:\/\/qtmm.org\/qt\/ukrainada-yekane-qirimtatar-kitaphanesi-misalinde-qirimtatar-medeniyetinin-inkisafina-isse-qosmaq-er-kesnin-borcudir-dedi-m-cemilev\/#primaryimage"},"thumbnailUrl":"https:\/\/qtmm.org\/wp-content\/uploads\/2022\/01\/img_0565_2.jpeg","datePublished":"2011-11-20T18:59:00+00:00","dateModified":"2022-01-19T19:01:06+00:00","breadcrumb":{"@id":"https:\/\/qtmm.org\/qt\/ukrainada-yekane-qirimtatar-kitaphanesi-misalinde-qirimtatar-medeniyetinin-inkisafina-isse-qosmaq-er-kesnin-borcudir-dedi-m-cemilev\/#breadcrumb"},"inLanguage":"qt","potentialAction":[{"@type":"ReadAction","target":["https:\/\/qtmm.org\/qt\/ukrainada-yekane-qirimtatar-kitaphanesi-misalinde-qirimtatar-medeniyetinin-inkisafina-isse-qosmaq-er-kesnin-borcudir-dedi-m-cemilev\/"]}]},{"@type":"ImageObject","inLanguage":"qt","@id":"https:\/\/qtmm.org\/qt\/ukrainada-yekane-qirimtatar-kitaphanesi-misalinde-qirimtatar-medeniyetinin-inkisafina-isse-qosmaq-er-kesnin-borcudir-dedi-m-cemilev\/#primaryimage","url":"https:\/\/qtmm.org\/wp-content\/uploads\/2022\/01\/img_0565_2.jpeg","contentUrl":"https:\/\/qtmm.org\/wp-content\/uploads\/2022\/01\/img_0565_2.jpeg","width":800,"height":600},{"@type":"BreadcrumbList","@id":"https:\/\/qtmm.org\/qt\/ukrainada-yekane-qirimtatar-kitaphanesi-misalinde-qirimtatar-medeniyetinin-inkisafina-isse-qosmaq-er-kesnin-borcudir-dedi-m-cemilev\/#breadcrumb","itemListElement":[{"@type":"ListItem","position":1,"name":"\u0413\u043e\u043b\u043e\u0432\u043d\u0430","item":"https:\/\/qtmm.org\/qt\/"},{"@type":"ListItem","position":2,"name":"\u00abUkrainada yek\u00e2ne q\u0131r\u0131mtatar kitaphanesi misalinde q\u0131r\u0131mtatar medeniyetini\u00f1 inki\u015faf\u0131na isse qo\u015fmaq er kesni\u00f1 borcud\u0131r\u00bb, &#8211; dedi M.Cemilev"}]},{"@type":"WebSite","@id":"https:\/\/qtmm.org\/qt\/#website","url":"https:\/\/qtmm.org\/qt\/","name":"\u041c\u0435\u0434\u0436\u043b\u0456\u0441","description":"","publisher":{"@id":"https:\/\/qtmm.org\/qt\/#organization"},"potentialAction":[{"@type":"SearchAction","target":{"@type":"EntryPoint","urlTemplate":"https:\/\/qtmm.org\/qt\/?s={search_term_string}"},"query-input":{"@type":"PropertyValueSpecification","valueRequired":true,"valueName":"search_term_string"}}],"inLanguage":"qt"},{"@type":"Organization","@id":"https:\/\/qtmm.org\/qt\/#organization","name":"\u041c\u0435\u0434\u0436\u043b\u0456\u0441","url":"https:\/\/qtmm.org\/qt\/","logo":{"@type":"ImageObject","inLanguage":"qt","@id":"https:\/\/qtmm.org\/qt\/#\/schema\/logo\/image\/","url":"https:\/\/qtmm.org\/wp-content\/uploads\/2024\/12\/ua-mejlis-logo-rgb.svg","contentUrl":"https:\/\/qtmm.org\/wp-content\/uploads\/2024\/12\/ua-mejlis-logo-rgb.svg","caption":"\u041c\u0435\u0434\u0436\u043b\u0456\u0441"},"image":{"@id":"https:\/\/qtmm.org\/qt\/#\/schema\/logo\/image\/"},"sameAs":["https:\/\/www.facebook.com\/qtmm.info\/"]},{"@type":"Person","@id":"https:\/\/qtmm.org\/qt\/#\/schema\/person\/de562469f971dec226ac06e60bbf74a7","name":"Developer","image":{"@type":"ImageObject","inLanguage":"qt","@id":"https:\/\/secure.gravatar.com\/avatar\/392b4cc8fbfeb00b39dfeeab4ee6edded39ffd48e25858637e4765810300227e?s=96&d=mm&r=g","url":"https:\/\/secure.gravatar.com\/avatar\/392b4cc8fbfeb00b39dfeeab4ee6edded39ffd48e25858637e4765810300227e?s=96&d=mm&r=g","contentUrl":"https:\/\/secure.gravatar.com\/avatar\/392b4cc8fbfeb00b39dfeeab4ee6edded39ffd48e25858637e4765810300227e?s=96&d=mm&r=g","caption":"Developer"},"url":"https:\/\/qtmm.org\/qt\/author\/Developer\/"}]}},"_links":{"self":[{"href":"https:\/\/qtmm.org\/qt\/wp-json\/wp\/v2\/posts\/26981","targetHints":{"allow":["GET"]}}],"collection":[{"href":"https:\/\/qtmm.org\/qt\/wp-json\/wp\/v2\/posts"}],"about":[{"href":"https:\/\/qtmm.org\/qt\/wp-json\/wp\/v2\/types\/post"}],"author":[{"embeddable":true,"href":"https:\/\/qtmm.org\/qt\/wp-json\/wp\/v2\/users\/1"}],"replies":[{"embeddable":true,"href":"https:\/\/qtmm.org\/qt\/wp-json\/wp\/v2\/comments?post=26981"}],"version-history":[{"count":1,"href":"https:\/\/qtmm.org\/qt\/wp-json\/wp\/v2\/posts\/26981\/revisions"}],"predecessor-version":[{"id":26994,"href":"https:\/\/qtmm.org\/qt\/wp-json\/wp\/v2\/posts\/26981\/revisions\/26994"}],"wp:featuredmedia":[{"embeddable":true,"href":"https:\/\/qtmm.org\/qt\/wp-json\/wp\/v2\/media\/26982"}],"wp:attachment":[{"href":"https:\/\/qtmm.org\/qt\/wp-json\/wp\/v2\/media?parent=26981"}],"wp:term":[{"taxonomy":"category","embeddable":true,"href":"https:\/\/qtmm.org\/qt\/wp-json\/wp\/v2\/categories?post=26981"},{"taxonomy":"post_tag","embeddable":true,"href":"https:\/\/qtmm.org\/qt\/wp-json\/wp\/v2\/tags?post=26981"}],"curies":[{"name":"wp","href":"https:\/\/api.w.org\/{rel}","templated":true}]}}