




{"id":26979,"date":"2011-11-18T21:56:00","date_gmt":"2011-11-18T18:56:00","guid":{"rendered":"http:\/\/qtmm.org\/?p=26979"},"modified":"2022-01-19T21:56:56","modified_gmt":"2022-01-19T18:56:56","slug":"mustafa-cemilev-qirimda-rusiye-casuslari-temelli-calisalar","status":"publish","type":"post","link":"https:\/\/qtmm.org\/qt\/mustafa-cemilev-qirimda-rusiye-casuslari-temelli-calisalar\/","title":{"rendered":"Mustafa Cemilev: \u00abQ\u0131r\u0131mda Rusiye casuslar\u0131 temelli \u00e7al\u0131\u015falar\u00bb"},"content":{"rendered":"\n<p><strong>Anatoliy Mogil\u00f6v Q\u0131r\u0131m Ba\u015f naziri olaraq tayinlenmesi aqq\u0131nda haber kelmeden bir qa\u00e7 saat evel Q\u0131r\u0131mtatar halq\u0131 Meclisini\u00f1 reisi istifa\u011fa \u00e7\u0131qaca\u011f\u0131 boyunca mal\u00fcmat belli old\u0131.&nbsp; Kelecekte siyasetteki planlar\u0131 ve Q\u0131r\u0131m Nazirler \u015euras\u0131 reisini\u00f1 tayinlenmesi husus\u0131nda fikirlerinen Mustafa Cemilev&nbsp; &#8220;Ukra\u0457nskiy tijden&#8221; aftal\u0131q gazetas\u0131nen payla\u015ft\u0131<\/strong><\/p>\n\n\n\n<p><em><strong>U. T.: Mustafa-a\u011fa, Siz ker\u00e7ekten de siyasetni terk etmek qarar\u0131na keldi\u00f1izmi?<\/strong><\/em><\/p>\n\n\n\n<p>&nbsp;&#8211; Meclis reisliginden ketmek ve b\u00fcy\u00fck siyasetni terk etmek aras\u0131nda b\u00fcy\u00fck farq bar. Ya ne, siyasetnen o\u011fra\u015fmaq i\u00e7\u00fcn m\u0131tlaqa Meclis reisi olmaq \u015fartm\u0131 yoqsa?&nbsp; Buns\u0131z da i\u015f yeterli. Zan\u0131mca, q\u0131r\u0131mtatar halq\u0131n\u0131\u00f1 vek\u00e2letli organ\u0131na reis olaraq ya\u015f\u00e7a, oqum\u0131\u015f, aliy mal\u00fcmatl\u0131, \u011fayretli bir insann\u0131 saylamaq kerek. Bundan da \u011fayr\u0131, epimiz Alla emirini\u00f1 qullar\u0131m\u0131z. Yar\u0131n er \u015fey ola bilir.&nbsp; Meclisni\u00f1 yolu reisnen ba\u011fl\u0131 olmamal\u0131, yani er \u015fey bir insan\u011fa baqmamal\u0131. Bizim milliy \u00f6z-\u00f6z\u00fcmizni idare et\u00fcv sistemimiz t\u00fczg\u00fcn demokratik ve stabil bir qurum ol\u011fan\u0131n\u0131 numay\u0131\u015f etmelimiz.<br>A\u00f1la\u015f\u0131la ki, ya\u00f1\u0131 reber peyda ol\u011fanda a\u00f1la\u015f\u0131lmamazl\u0131q, keli\u015fmemezlikler de ola tur\u011fan. L\u00e2kin men Meclis faaliyetinden \u00e7ette turmam. Menim vazifem ya\u00f1\u0131 reiske er taraftan yard\u0131mc\u0131 olmaqt\u0131r.&nbsp;&nbsp; Mustafa Cemilev ketken so\u00f1 Mecliste ve q\u0131r\u0131mtatarlar aras\u0131nda par\u00e7alanuv olur, diye \u00fcm\u00fct etkenler pek ya\u00f1\u0131lalar.&nbsp;<\/p>\n\n\n\n<p><em><strong>U. T.:&nbsp; &#8220;Yar\u0131n er \u015fey ola bilir&#8221; degende neni k\u00f6z \u00f6g\u00fcnde tutas\u0131z?&nbsp;&nbsp;<\/strong><\/em><\/p>\n\n\n\n<p>&nbsp;&#8211; Biz haberlerni tek \u0130nternette oqumaym\u0131z, ba\u015fqa operativ mal\u00fcmatlar da alam\u0131z. Q\u0131r\u0131mda rusiyeli casuslar i\u015flerini qaviy al\u0131p baralar. Olarn\u0131\u00f1 esas maqsadlar\u0131ndan biri&nbsp; &#8211; Meclisni\u00f1 itibar\u0131n\u0131 t\u00fc\u015f\u00fcrmek, on\u0131\u00f1 q\u0131r\u0131mtatar halq\u0131na tesirini eksiltmek. Olarn\u0131\u00f1 fikrince ayn\u0131 q\u0131r\u0131mtatarlar ve vek\u00e2letli organlar\u0131 ol\u011fan Meclis&nbsp; Q\u0131r\u0131mn\u0131\u00f1 Rusiye Federatsiyas\u0131n\u0131\u00f1 erk\u00e2n\u0131na &#8220;qaytar\u0131lmas\u0131na&#8221; keder eteler.&nbsp; 2012 senesine Mustafa Cemilevni vazifesinden al\u0131p ta\u015flamaq ve Meclis reberligine Rusiye tarafdarlar\u0131 ol\u011fan q\u0131r\u0131mtatarlarn\u0131 kirsetmek plan\u0131 mevcut.&nbsp; S\u00f6z s\u0131ras\u0131, Ukraina T\u0131\u015fq\u0131 \u0130\u015fler nazirligi Ukrainada el\u00e7i kibi faaliyet k\u00f6stergen aqiqatta ise Rusiye Federatsiyas\u0131 Arbiy K\u00fc\u00e7ler polkovnigi ol\u011fan Vladimir Stanislavovi\u00e7 L\u0131senkon\u0131 memleketten quvd\u0131. Ker\u00e7ek, m\u0131nda kene de doland\u0131r\u0131c\u0131l\u0131qqa yol berile. Cemilevni\u00f1 kendisi de 2012 senesi ketmek maqsad\u0131nda ol\u011fan\u0131 endi \u00e7oqtan belli, l\u00e2kin olar bu vaqian\u0131 da \u00f6z ye\u00f1i\u015fleri s\u0131ras\u0131na qo\u015fma\u011fa isteyler. Amma Cemilevni\u00f1 yerine olar\u011fa keli\u015fken bir insan kelecegine \u00fcm\u00fctleri \u00e7il-par\u00e7a olur.<\/p>\n\n\n\n<p><em><strong>U. T.:&nbsp;&nbsp; Siz 2007 ve 2009 senelerde de ketecegi\u00f1izni s\u00f6ylegen edi\u00f1iz. Qurultay delegatlar\u0131 bu sefer de Sizi\u00f1 ketme\u00f1izge qar\u015f\u0131 olacaqlar\u0131ndan saq\u0131nmays\u0131\u00f1\u0131zm\u0131?<\/strong><\/em><\/p>\n\n\n\n<p>&nbsp;-Daa 1991 senesi biz milliy qurultay ke\u00e7irip, onda Q\u0131r\u0131mtatar halq\u0131n\u0131\u00f1 Meclisini sayla\u011fan edik. On\u0131\u00f1&nbsp; Nizamnamesinde&nbsp; Meclis reisi d\u00f6rt y\u0131ll\u0131q m\u00fcddetke eki kereden ziyade saylanmamas\u0131 qayd etilgen edi. Demek, men bu vazifeden 1998 senesi ketmem l\u00e2zim edi. L\u00e2kin vaqt\u0131 kelgende Qurultay delegatlar\u0131 Nizamnamege de\u00f1i\u015fmeler kirsetmek qarar\u0131n\u0131 ald\u0131lar. Biz Amerikada degilmiz ki, b\u00f6yle s\u0131\u00f1\u0131rlar belgileyik, eger reis yaramay \u00e7al\u0131\u015fsa, biz yar\u0131n nevbetten t\u0131\u015f qurultay toplap&nbsp; on\u0131 istifa\u011fa \u00e7\u0131qara bilemiz, dedi delegatlar.&nbsp; \u0130\u015fte, b\u00f6yleliknen meni \u00fc\u00e7\u00fcnci m\u00fcddetke reis etip saylad\u0131lar. Bu m\u00fcddetni\u00f1 de vaqt\u0131 kelgende meni kene ketmege t\u0131r\u0131\u015ft\u0131m, delegatlar ise qurultayn\u0131 terk et\u00fcvlerinen qorquzd\u0131lar. Yani delegatlarn\u0131\u00f1 \u00e7oqus\u0131 qurultayda olmasa, bir-de bir qararn\u0131 qabul etmekni\u00f1 \u00e7aresi yoq. Men qald\u0131m, l\u00e2kin Qurultayn\u0131\u00f1 ya\u00f1\u0131 erk\u00e2n\u0131 \u015fekillengende Meclisni\u00f1 de ya\u00f1\u0131 reisi saylanaca\u011f\u0131n\u0131 keli\u015ftik.&nbsp; \u00dcm\u00fct etem ki, nevbetteki Qurultay ve Meclis reisi se\u00e7imleri bu vaq\u0131tqace ol\u011fan\u0131 kibi&nbsp; eki basq\u0131\u00e7l\u0131 degil de, do\u011frudan-do\u011fru olurlar. Meclis reisini ise Qurultayn\u0131\u00f1 \u015fimdiki erk\u00e2n\u0131 da saylaya bilir, dep sayam. Ukraina parlament saylavlar\u0131ndan bir qa\u00e7 ay evelsi olacaq sessiyam\u0131zda&nbsp; ya\u00f1\u0131 reisni saylap, on\u0131 Ukraina halq deputatl\u0131\u011f\u0131na namzet olaraq k\u00f6stermemiz kerek.&nbsp;&nbsp;<\/p>\n\n\n\n<p><em><strong>U. T.:&nbsp; \u00d6z yeri\u00f1izde kimni k\u00f6resi\u00f1iz?<\/strong><\/em><\/p>\n\n\n\n<p>&nbsp;&#8211; Bu vazifede varisler ola bilmez. \u00c7\u00fcnki em Meclis reisi, em azalar\u0131 gizli rey ber\u00fcv yolunen saylanalar. Er alda reis olma\u011fa l\u00e2y\u0131q bir qa\u00e7 insan bar. Bu \u2013 Meclis reisini\u00f1 birinci muavini, Q\u0131r\u0131m Yuqar\u0131 \u015euras\u0131n\u0131\u00f1 deputat\u0131&nbsp; Refat \u00c7ubarov,&nbsp; ekinci muavini, Q\u0131r\u0131m Yuqar\u0131 \u015euras\u0131nda milliy meseleler boyunca&nbsp; parlament komissiyas\u0131n\u0131\u00f1 ba\u015f\u0131&nbsp; Remzi \u0130lyasov. Ba\u015fqa munasip namzetler de bar. Men bellesem, Meclis reisi kim olaca\u011f\u0131&nbsp; bu qadar emiyetli olmamal\u0131, \u00e7\u00fcnki Meclisni\u00f1 b\u00fct\u00fcn qararlar\u0131 kollegial \u015fekilde ad\u0131na.<\/p>\n\n\n\n<p><em><strong>U. T.:&nbsp; Bundan eki y\u0131l evelsi Siz Refat \u00c7ubarovn\u0131\u00f1 namzetine qoltutmalar\u0131n\u0131 teklif etken edi\u00f1iz. \u015eimdi de bu namzetni e\u00f1 keli\u015fikli, dep sayas\u0131\u00f1\u0131zm\u0131?<\/strong><\/em><\/p>\n\n\n\n<p>&nbsp;-\u00c7ubarovn\u0131\u00f1 bir hususiyeti bar \u2013 o, pek keskin adam. Bo\u015f yerde \u00f6z\u00fcne du\u015fman qazana.&nbsp; Do\u011fru, so\u00f1undan keskinligi i\u00e7\u00fcn afu soray. Men o\u00f1a bir kere s\u00f6ylegen edim: &#8220;Refat, eger menim b\u00f6yle tabiat\u0131m olsa, lagerden i\u00e7 \u00e7\u0131qalmaz edim&#8221;. \u00c7\u00fcnki anda \u00f6yle bir adiseler s\u0131q ola ki, insanlar \u00f6z dedigini ke\u00e7irmek i\u00e7\u00fcn aman p\u0131\u00e7aqqa yap\u0131\u015falar. Bu ise ya\u00f1\u0131 \u00fck\u00fcm, ya\u00f1\u0131 m\u00fcddet. Em sen kimnidir kesti\u00f1mi, ya da seni yaralad\u0131larm\u0131 \u2013 farq\u0131 yoq. Demek, sa\u011f qalmaq i\u00e7\u00fcn ti\u015fleri\u00f1ni s\u0131q\u0131p dayanmaq zorundas\u0131\u00f1.&nbsp; Refatta, tabiiy ki, b\u00f6yle tecribe yoqt\u0131r. \u0130\u015fkirligi ceetinden, siyaset\u00e7i, diplomat olaraq reislikke pek keli\u015fken bir insan. Remzi \u0130lyasov usta te\u015fkil\u00e2t\u00e7\u0131, er kesnen til tapa bilgen siyaset\u00e7idir. Yan-yana\u015fa \u00e7al\u0131\u015fsalar, biri-birilerine pek yaq\u0131n yard\u0131mc\u0131 olurlar.<\/p>\n\n\n\n<p><em><strong>U. T.:&nbsp;&nbsp; Q\u0131r\u0131m Nazirler \u015euras\u0131n\u0131\u00f1 reisi etip Anatoliy Mogil\u00f6vn\u0131\u00f1 tayinlenmesi Siz i\u00e7\u00fcn beklenilmegen bir ya\u00f1\u0131l\u0131qm\u0131?<\/strong><\/em><\/p>\n\n\n\n<p>&#8211; Bu insan Ba\u015f nazir olaca\u011f\u0131 aqq\u0131nda laflar ta 2010 senesi prezident saylavlar\u0131 vaqt\u0131nda y\u00fcre edi. \u00c7\u00fcnki Mogil\u00f6v Yanukovi\u00e7ni\u00f1 Q\u0131r\u0131mdaki \u015ftab\u0131na yolba\u015f\u00e7\u0131l\u0131q yapt\u0131. Q\u0131r\u0131mtatarlar ise Timo\u015fenko\u011fa qolutt\u0131lar. Saylavlarn\u0131\u00f1 eki tur\u0131 aras\u0131nda&nbsp; Nikolay Azarov ile qonu\u015ft\u0131\u011f\u0131mda, o, ma\u00f1a bizim fikirimizni bilgenini, amma soravlar\u011fa k\u00f6re Yanukovi\u00e7 raqibesini&nbsp; 10-12%, fay\u0131z\u011fa oz\u011fan\u0131n\u0131 ayt\u0131p, ekinci basq\u0131\u00e7ta areketlerimizni de\u00f1i\u015ftirmekni teklif etti. Men o zaman, siz Timo\u015fenkodan 12% fay\u0131z\u011fa \u00f6gde&nbsp; ketse\u00f1iz, bizim reylerimizni\u00f1 ne keregi bar, dep \u015faqala\u015fqan edim. Bundan&nbsp; da \u011fayr\u0131, men Mogil\u00f6vn\u0131\u00f1 areketlerine de diqqat etmekni ayt\u0131p, 2007 senesi okt\u00e2br ay\u0131nda Aqmescitte, so\u00f1ra Ay-Petrideki zuluml\u0131qlar\u0131n\u0131, &#8220;Kr\u0131mskaya pravda&#8221; gazetas\u0131nda 1944 senesi s\u00fcrg\u00fcnligini a\u00e7\u0131q aqlayaraq, Milletlerara davan\u0131 qoz\u011fa\u011fan\u0131 i\u00e7\u00fcn bu insann\u0131 Ukraina Cinaiy Kodeksini\u00f1 161-nci maddesi boyunca be\u015f y\u0131l\u011fa azatl\u0131qtan marum etmek m\u00fcmk\u00fcnligini aytt\u0131m. Men Azarovdan: &#8220;\u015etab\u0131na b\u00f6yle insanlar yetek\u00e7ilik yapqan namzetke qoltutacaq q\u0131r\u0131mtatar\u0131 tap\u0131l\u0131r dep belleysizmi?&#8221; dep sorad\u0131m.&nbsp; O, tap abd\u0131rad\u0131 ve Mogil\u00f6vn\u0131\u00f1 ad\u0131na keskin laflar aytt\u0131. Eger q\u0131r\u0131mtatarlar Yanukovi\u00e7ke qoltutsalar Mogil\u00f6vn\u0131 Q\u0131r\u0131mdan uzaqla\u015ft\u0131rmaqn\u0131 i\u015fand\u0131rd\u0131. Biz saylavlarn\u0131\u00f1 ekinci basq\u0131\u00e7\u0131nda kene bilgenimiz kibi devam ettirsek de, Mogil\u00f6vn\u0131 Q\u0131r\u0131mdan al\u0131p devletni\u00f1 i\u00e7ki i\u015flerine ba\u015f nazir etip tayinlediler.&nbsp;<\/p>\n\n\n\n<p>\u015eun\u0131\u00f1 i\u00e7\u00fcn de Vasiliy Cart\u0131n\u0131\u00f1 vefat\u0131ndan so\u00f1 matbuatta&nbsp; Q\u0131r\u0131m\u011fa ba\u015f nazir olabilecek 5-6 adamn\u0131\u00f1, \u015fu c\u00fcmleden Mogil\u00f6vn\u0131\u00f1 da,&nbsp; ad\u0131 muzakere etilgende menim de fikirimnen meraqland\u0131lar. Em, q\u0131r\u0131mtatarlarn\u0131\u00f1 bu vazifege \u00f6z namzetleri barm\u0131, dep de sorad\u0131lar. Men, bizde l\u00e2y\u0131q ve y\u00fcksek ihtisasl\u0131 m\u00fctehass\u0131slar\u0131m\u0131z yeterli olsa da, ba\u015f nazirlikke kimseni k\u00f6stermeycegimizni aytt\u0131m. \u00c7\u00fcnki biz, Amerikada degilmiz. Anda&nbsp; qara tenli insann\u0131 prezident etip saylaya bileler, bizde ise rus \u015fovinizmi \u00f6yle y\u00fcksek derecede ki, \u00e7al\u0131\u015fma\u011fa bermezler.&nbsp; Adlar\u0131 a\u00f1\u0131l\u011fan namzetlerge kelsek, Q\u0131r\u0131m\u011fa Mogil\u00f6vn\u0131 yollamaq aq\u0131ls\u0131zl\u0131q olur, degen edim. Bes-belli menim noqtai nazar\u0131m diqqatqa al\u0131nd\u0131. Mogil\u00f6vn\u0131\u00f1 fikirince biz cemiyetni\u00f1 e\u00f1 amans\u0131z du\u015fmanlar\u0131m\u0131z.&nbsp;<\/p>\n\n\n\n<p>So\u00f1ra \u00f6yle laf \u00e7\u0131qard\u0131lar ki, sanki men Mogil\u00f6v ba\u015f nazir ol\u011fan\u0131 sebebinden Meclis reisliginden kete ekenim. Aqiqatta ise bu eki adiseni\u00f1 biri-birine al\u0131p berecegi yoqt\u0131r.&nbsp;&nbsp;&nbsp; Noyabr 7 k\u00fcn\u00fc saba ma\u00f1a &#8220;K\u00f6mmersant&#8221; gazetas\u0131ndan \u00e7a\u00f1 qaq\u0131p, ker\u00e7ekten de ketmek qarar\u0131nda ol\u011fan\u0131mn\u0131 sorad\u0131lar. Men, bu endi ya\u00f1\u0131l\u0131q degil ve \u00e7oqtan al\u0131n\u011fan qarar old\u0131\u011f\u0131n\u0131 bildirdim. \u015eu k\u00fcn\u00fc aq\u015fam\u011fa Mogil\u00f6vn\u0131\u00f1 Q\u0131r\u0131m\u011fa ekinci keli\u015fi aqq\u0131nda haber tarqal\u0131p, jurnalistlerni\u00f1 uydurmalar\u0131 da eklendi. Q\u0131r\u0131mtatarlar da menim istifam ve Mogil\u00f6vn\u0131\u00f1 tayinlen\u00fcvi&nbsp; aras\u0131nda ba\u011f q\u0131d\u0131r\u0131p ba\u015flad\u0131lar. Yani, Mustafa b\u00fct\u00fcn \u00f6m\u00fcri zorluq i\u015fletilmeden areket printsiplerinde turd\u0131, \u015fimdi ise muhtariyatqa ba\u015f nazir etip k\u00fc\u00e7 vastas\u0131nen i\u015f tutqan insann\u0131 qoyd\u0131lar. Demek, Mecliske endi Mogil\u00f6v kibi insanlarnen olar a\u00f1la\u011fan tilde laq\u0131rd\u0131 etebilecek adamn\u0131 saylamaq kerek.&nbsp;<\/p>\n\n\n\n<p><em><strong>U. T.:&nbsp; Siz Mogil\u00f6vdan q\u0131r\u0131mtatarlar \u00f6g\u00fcnde afu soramas\u0131n\u0131 talap etti\u00f1izmi? \u00d6z\u00fcni\u00f1 birinci matbuat konferentsiyas\u0131nda o, b\u00f6yle meram\u0131 olma\u011fan\u0131n\u0131 aytsa da, siz on\u0131\u00f1 ile k\u00f6r\u00fc\u015fti\u00f1iz.<\/strong><\/em><\/p>\n\n\n\n<p>&#8211; A\u00e7\u0131\u011f\u0131n\u0131 s\u00f6ylesem,&nbsp; A.Mogil\u00f6vnen k\u00f6r\u00fc\u015fmek kerekligine bizni \u00e7oqy\u0131ll\u0131q tan\u0131\u015f\u0131m, Ukraina halq deputat\u0131,&nbsp; 2002 -2006 seneleri Q\u0131r\u0131m Yuqar\u0131 \u015euras\u0131n\u0131\u00f1 reisi ol\u011fan B\u00f6ris Dey\u00e7 qand\u0131rd\u0131. &#8220;Mogilevn\u0131\u00f1 \u00f6z\u00fc b\u00fct\u00fcn bir devlet i\u00e7ki i\u015fler naziri vazifesini nas\u0131ld\u0131r muhtariyatn\u0131\u00f1 ba\u015f naziri vazifesine de\u00f1i\u015ftirmez edi, on\u0131 m\u0131nda Prezident yollad\u0131. Demek, Mogil\u00f6vnen qonu\u015fmaq \u2013 Prezidentnen qonu\u015fmaqt\u0131r. Mogil\u00f6vnen k\u00f6r\u00fc\u015fmek ve laf etmege istemegeni\u00f1izni Devlet ba\u015fqan\u0131 ile k\u00f6r\u00fc\u015fmek ve laf etmekni red etkeni\u00f1iz kibi qabul etilir&#8221;, dedi B\u00f6ris Dey\u00e7.<\/p>\n\n\n\n<p>&nbsp;Eger biznen yah\u015f\u0131 munasebetlerni qurma\u011fa istese, Mogilevn\u0131\u00f1 afus\u0131 bizden ziyade on\u0131\u00f1 kendisine zarurd\u0131r. Ke\u00e7ken y\u0131llar devam\u0131nda biz bir s\u00fcr\u00fc stalinciler ve fa\u015fistlerden o qadar aqaretler e\u015fittik ki, daa bir aqaretni\u00f1 emiyeti yoqt\u0131r. Amma, gazetada du\u015fman ve hain dedikleri insanlarnen&nbsp; Mogilev nas\u0131l etip al\u00e2qa quraca\u011f\u0131n\u0131 a\u00f1lamay\u0131m. \u00c7e\u00e7enlerde bir y\u0131r bar, anda er kes ya\u00f1l\u0131\u015f yapa bilir, amma, &#8220;Men aqs\u0131zl\u0131q yapt\u0131m&#8221; demege c\u00fcrat etken insan \u00f6z\u00fcni erkek dep saya bilir, denile.&nbsp; Mogil\u00f6vda b\u00f6yle erlik yoq eken, bu on\u0131\u00f1 i\u015fi.<\/p>\n\n\n\n<p>&nbsp;A.Mogilevnen noyabr 9 k\u00fcn\u00fc k\u00f6r\u00fc\u015f\u00fcvimiz pek semereli old\u0131. Em k\u00f6r\u00fc\u015f\u00fcv ne Nazirler \u015euras\u0131nda, ne de Meclis ofisinde&nbsp; &#8211; umumen ba\u015fqa bir yerde old\u0131. Biz biri-birimizge keskin laf aytmad\u0131q, aksine \u00f6g\u00fcmizde tur\u011fan m\u00fcim meselelerrni ve olarn\u0131 \u00e7ez\u00fcv yollar\u0131n\u0131 muzakere etik. \u015eu c\u00fcmleden, akimiyet ve Meclis munasebetleri, b\u00fccet ve topraq meselelerinde toqtal\u0131p, s\u00fcrg\u00fcn etilgenlerni\u00f1 aq-uquqlar\u0131n\u0131 tiklegen qanunlarn\u0131\u00f1 acele qabul etilmesini\u00f1 zarurl\u0131\u011f\u0131, halqara forum ke\u00e7irilmesine diqqat celp etil\u00fcvini\u00f1 m\u00fcimligi qayd olund\u0131. So\u00f1unda&nbsp; Mogil\u00f6v ol\u011fan b\u00fct\u00fcn bu laq\u0131rd\u0131n\u0131 Prezidentke yetkizecegini s\u00f6yledi.<\/p>\n\n\n\n<p><em><strong>U. T.:&nbsp; Cart\u0131n\u0131\u00f1 devrinde q\u0131r\u0131mtatarlar i\u00e7\u00fcn m\u00fcim ol\u011fan topraq meselesi \u00e7ezilip ba\u015flan\u011fan edi. Mogil\u00f6v on\u0131\u00f1 i\u015fini devam ettirmege s\u00f6z berdi. Ya siz ya\u00f1\u0131 ba\u015f nazirden nelerni bekleysi\u00f1iz?<\/strong><\/em><\/p>\n\n\n\n<p>&nbsp;&#8211; &#8220;Cart\u0131n\u0131\u00f1 yolu&#8221; demek biraz k\u00fc\u00e7, \u00e7\u00fcnki bu yol vaziyetke k\u00f6re de\u00f1i\u015fe edi. Mesel\u00e2, topraqn\u0131 \u00f6z ba\u015f\u0131na i\u015f\u011fal et\u00fcv allar\u0131na on\u0131\u00f1 munasebeti ba\u015fta b\u00f6yle edi: &#8220;Eger \u00f6z\u00fc\u00f1iz ketmese\u00f1iz, zorlap ketkizirmiz!&#8221;. Amma mezk\u00fcr meseleni etrafl\u0131ca \u00f6grengen&nbsp; so\u00f1 fikirini de\u00f1i\u015ftirdi. Aqmescitte B\u00fcy\u00fck cami i\u00e7\u00fcn topraq ay\u0131ruv meselesinde ayn\u0131 b\u00f6yle old\u0131. V.Cart\u0131 pravoslav olsa da kendilerini &#8220;pravoslav kazaklar&#8221; etip k\u00f6stergen provokatorlarn\u0131\u00f1 yar\u0131madada qav\u011fa \u00e7\u0131qarmaq maqsadlar\u0131n\u0131 tez a\u00f1lad\u0131 ve fa\u015f etti. B\u00f6yleliknen Kefe yolundaki ha\u00e7 al\u0131p ta\u015fland\u0131, ba\u015f provokator ise Q\u0131r\u0131m\u011fa kelgen yerine yani Rusiyege qaytar\u0131ld\u0131.&nbsp; V. Cart\u0131n\u0131\u00f1 cenazesinde on\u0131\u00f1 yolun\u0131 devam etmege yemin etken insanlar Kefe yolundaki al\u0131p ta\u015flan\u011fan ha\u00e7n\u0131 kene tiklemek avalesini berdiler.&nbsp; Endi &#8220;Cart\u0131 yolun\u0131&#8221; so\u00f1unace devam etmek i\u00e7\u00fcn&nbsp; Rusiyege quvul\u011fan provokatorn\u0131 qaytar\u0131p ketirmek ve ke\u00e7irim soramaq. T\u0131pq\u0131 bol\u015fevikler kibi.&nbsp; Olar da &#8220;Lenin arqada\u015fn\u0131\u00f1 yolundan&#8221; ketemiz dediler ve so\u00f1ra bu yoln\u0131 \u00f6zcesine k\u00f6rgen ediler.<\/p>\n\n\n\n<p class=\"has-text-align-right\"><em><strong><a href=\"http:\/\/ut.net.ua\/Politics\/35632\" target=\"_blank\" rel=\"noreferrer noopener\"><br>&#8220;Ukra\u0457nskiy tijden&#8221;<\/a><\/strong><\/em><\/p>\n","protected":false},"excerpt":{"rendered":"<p>Anatoliy Mogil\u00f6v Q\u0131r\u0131m Ba\u015f naziri olaraq tayinlenmesi aqq\u0131nda haber kelmeden bir qa\u00e7 saat evel Q\u0131r\u0131mtatar halq\u0131 Meclisini\u00f1 reisi istifa\u011fa \u00e7\u0131qaca\u011f\u0131 boyunca mal\u00fcmat belli old\u0131.&nbsp; Kelecekte siyasetteki planlar\u0131 ve Q\u0131r\u0131m Nazirler \u015euras\u0131 reisini\u00f1 tayinlenmesi husus\u0131nda fikirlerinen Mustafa Cemilev&nbsp; &#8220;Ukra\u0457nskiy tijden&#8221; aftal\u0131q gazetas\u0131nen payla\u015ft\u0131 U. T.: Mustafa-a\u011fa, Siz ker\u00e7ekten de siyasetni terk etmek qarar\u0131na keldi\u00f1izmi? &nbsp;&#8211; Meclis [&hellip;]<\/p>\n","protected":false},"author":1,"featured_media":0,"comment_status":"open","ping_status":"open","sticky":false,"template":"","format":"standard","meta":{"inline_featured_image":false,"footnotes":""},"categories":[265],"tags":[],"class_list":["post-26979","post","type-post","status-publish","format-standard","hentry","category-haberler"],"acf":[],"yoast_head":"<!-- This site is optimized with the Yoast SEO plugin v27.4 - https:\/\/yoast.com\/product\/yoast-seo-wordpress\/ -->\n<title>Mustafa Cemilev: \u00abQ\u0131r\u0131mda Rusiye casuslar\u0131 temelli \u00e7al\u0131\u015falar\u00bb - \u041c\u0435\u0434\u0436\u043b\u0456\u0441<\/title>\n<meta name=\"robots\" content=\"index, follow, max-snippet:-1, max-image-preview:large, max-video-preview:-1\" \/>\n<link rel=\"canonical\" href=\"https:\/\/qtmm.org\/qt\/mustafa-cemilev-qirimda-rusiye-casuslari-temelli-calisalar\/\" \/>\n<meta property=\"og:locale\" content=\"en_US\" \/>\n<meta property=\"og:type\" content=\"article\" \/>\n<meta property=\"og:title\" content=\"Mustafa Cemilev: \u00abQ\u0131r\u0131mda Rusiye casuslar\u0131 temelli \u00e7al\u0131\u015falar\u00bb - \u041c\u0435\u0434\u0436\u043b\u0456\u0441\" \/>\n<meta property=\"og:description\" content=\"Anatoliy Mogil\u00f6v Q\u0131r\u0131m Ba\u015f naziri olaraq tayinlenmesi aqq\u0131nda haber kelmeden bir qa\u00e7 saat evel Q\u0131r\u0131mtatar halq\u0131 Meclisini\u00f1 reisi istifa\u011fa \u00e7\u0131qaca\u011f\u0131 boyunca mal\u00fcmat belli old\u0131.&nbsp; Kelecekte siyasetteki planlar\u0131 ve Q\u0131r\u0131m Nazirler \u015euras\u0131 reisini\u00f1 tayinlenmesi husus\u0131nda fikirlerinen Mustafa Cemilev&nbsp; &#8220;Ukra\u0457nskiy tijden&#8221; aftal\u0131q gazetas\u0131nen payla\u015ft\u0131 U. T.: Mustafa-a\u011fa, Siz ker\u00e7ekten de siyasetni terk etmek qarar\u0131na keldi\u00f1izmi? &nbsp;&#8211; Meclis [&hellip;]\" \/>\n<meta property=\"og:url\" content=\"https:\/\/qtmm.org\/qt\/mustafa-cemilev-qirimda-rusiye-casuslari-temelli-calisalar\/\" \/>\n<meta property=\"og:site_name\" content=\"\u041c\u0435\u0434\u0436\u043b\u0456\u0441\" \/>\n<meta property=\"article:publisher\" content=\"https:\/\/www.facebook.com\/qtmm.info\/\" \/>\n<meta property=\"article:published_time\" content=\"2011-11-18T18:56:00+00:00\" \/>\n<meta property=\"article:modified_time\" content=\"2022-01-19T18:56:56+00:00\" \/>\n<meta name=\"author\" content=\"Developer\" \/>\n<meta name=\"twitter:card\" content=\"summary_large_image\" \/>\n<meta name=\"twitter:label1\" content=\"Written by\" \/>\n\t<meta name=\"twitter:data1\" content=\"Developer\" \/>\n\t<meta name=\"twitter:label2\" content=\"Est. reading time\" \/>\n\t<meta name=\"twitter:data2\" content=\"11 minutes\" \/>\n<script type=\"application\/ld+json\" class=\"yoast-schema-graph\">{\"@context\":\"https:\\\/\\\/schema.org\",\"@graph\":[{\"@type\":\"Article\",\"@id\":\"https:\\\/\\\/qtmm.org\\\/qt\\\/mustafa-cemilev-qirimda-rusiye-casuslari-temelli-calisalar\\\/#article\",\"isPartOf\":{\"@id\":\"https:\\\/\\\/qtmm.org\\\/qt\\\/mustafa-cemilev-qirimda-rusiye-casuslari-temelli-calisalar\\\/\"},\"author\":{\"name\":\"Developer\",\"@id\":\"https:\\\/\\\/qtmm.org\\\/qt\\\/#\\\/schema\\\/person\\\/de562469f971dec226ac06e60bbf74a7\"},\"headline\":\"Mustafa Cemilev: \u00abQ\u0131r\u0131mda Rusiye casuslar\u0131 temelli \u00e7al\u0131\u015falar\u00bb\",\"datePublished\":\"2011-11-18T18:56:00+00:00\",\"dateModified\":\"2022-01-19T18:56:56+00:00\",\"mainEntityOfPage\":{\"@id\":\"https:\\\/\\\/qtmm.org\\\/qt\\\/mustafa-cemilev-qirimda-rusiye-casuslari-temelli-calisalar\\\/\"},\"wordCount\":2169,\"commentCount\":0,\"publisher\":{\"@id\":\"https:\\\/\\\/qtmm.org\\\/qt\\\/#organization\"},\"articleSection\":[\"Haberler\"],\"inLanguage\":\"qt\",\"potentialAction\":[{\"@type\":\"CommentAction\",\"name\":\"Comment\",\"target\":[\"https:\\\/\\\/qtmm.org\\\/qt\\\/mustafa-cemilev-qirimda-rusiye-casuslari-temelli-calisalar\\\/#respond\"]}]},{\"@type\":\"WebPage\",\"@id\":\"https:\\\/\\\/qtmm.org\\\/qt\\\/mustafa-cemilev-qirimda-rusiye-casuslari-temelli-calisalar\\\/\",\"url\":\"https:\\\/\\\/qtmm.org\\\/qt\\\/mustafa-cemilev-qirimda-rusiye-casuslari-temelli-calisalar\\\/\",\"name\":\"Mustafa Cemilev: \u00abQ\u0131r\u0131mda Rusiye casuslar\u0131 temelli \u00e7al\u0131\u015falar\u00bb - \u041c\u0435\u0434\u0436\u043b\u0456\u0441\",\"isPartOf\":{\"@id\":\"https:\\\/\\\/qtmm.org\\\/qt\\\/#website\"},\"datePublished\":\"2011-11-18T18:56:00+00:00\",\"dateModified\":\"2022-01-19T18:56:56+00:00\",\"breadcrumb\":{\"@id\":\"https:\\\/\\\/qtmm.org\\\/qt\\\/mustafa-cemilev-qirimda-rusiye-casuslari-temelli-calisalar\\\/#breadcrumb\"},\"inLanguage\":\"qt\",\"potentialAction\":[{\"@type\":\"ReadAction\",\"target\":[\"https:\\\/\\\/qtmm.org\\\/qt\\\/mustafa-cemilev-qirimda-rusiye-casuslari-temelli-calisalar\\\/\"]}]},{\"@type\":\"BreadcrumbList\",\"@id\":\"https:\\\/\\\/qtmm.org\\\/qt\\\/mustafa-cemilev-qirimda-rusiye-casuslari-temelli-calisalar\\\/#breadcrumb\",\"itemListElement\":[{\"@type\":\"ListItem\",\"position\":1,\"name\":\"\u0413\u043e\u043b\u043e\u0432\u043d\u0430\",\"item\":\"https:\\\/\\\/qtmm.org\\\/qt\\\/\"},{\"@type\":\"ListItem\",\"position\":2,\"name\":\"Mustafa Cemilev: \u00abQ\u0131r\u0131mda Rusiye casuslar\u0131 temelli \u00e7al\u0131\u015falar\u00bb\"}]},{\"@type\":\"WebSite\",\"@id\":\"https:\\\/\\\/qtmm.org\\\/qt\\\/#website\",\"url\":\"https:\\\/\\\/qtmm.org\\\/qt\\\/\",\"name\":\"\u041c\u0435\u0434\u0436\u043b\u0456\u0441\",\"description\":\"\",\"publisher\":{\"@id\":\"https:\\\/\\\/qtmm.org\\\/qt\\\/#organization\"},\"potentialAction\":[{\"@type\":\"SearchAction\",\"target\":{\"@type\":\"EntryPoint\",\"urlTemplate\":\"https:\\\/\\\/qtmm.org\\\/qt\\\/?s={search_term_string}\"},\"query-input\":{\"@type\":\"PropertyValueSpecification\",\"valueRequired\":true,\"valueName\":\"search_term_string\"}}],\"inLanguage\":\"qt\"},{\"@type\":\"Organization\",\"@id\":\"https:\\\/\\\/qtmm.org\\\/qt\\\/#organization\",\"name\":\"\u041c\u0435\u0434\u0436\u043b\u0456\u0441\",\"url\":\"https:\\\/\\\/qtmm.org\\\/qt\\\/\",\"logo\":{\"@type\":\"ImageObject\",\"inLanguage\":\"qt\",\"@id\":\"https:\\\/\\\/qtmm.org\\\/qt\\\/#\\\/schema\\\/logo\\\/image\\\/\",\"url\":\"https:\\\/\\\/qtmm.org\\\/wp-content\\\/uploads\\\/2024\\\/12\\\/ua-mejlis-logo-rgb.svg\",\"contentUrl\":\"https:\\\/\\\/qtmm.org\\\/wp-content\\\/uploads\\\/2024\\\/12\\\/ua-mejlis-logo-rgb.svg\",\"caption\":\"\u041c\u0435\u0434\u0436\u043b\u0456\u0441\"},\"image\":{\"@id\":\"https:\\\/\\\/qtmm.org\\\/qt\\\/#\\\/schema\\\/logo\\\/image\\\/\"},\"sameAs\":[\"https:\\\/\\\/www.facebook.com\\\/qtmm.info\\\/\"]},{\"@type\":\"Person\",\"@id\":\"https:\\\/\\\/qtmm.org\\\/qt\\\/#\\\/schema\\\/person\\\/de562469f971dec226ac06e60bbf74a7\",\"name\":\"Developer\",\"image\":{\"@type\":\"ImageObject\",\"inLanguage\":\"qt\",\"@id\":\"https:\\\/\\\/secure.gravatar.com\\\/avatar\\\/392b4cc8fbfeb00b39dfeeab4ee6edded39ffd48e25858637e4765810300227e?s=96&d=mm&r=g\",\"url\":\"https:\\\/\\\/secure.gravatar.com\\\/avatar\\\/392b4cc8fbfeb00b39dfeeab4ee6edded39ffd48e25858637e4765810300227e?s=96&d=mm&r=g\",\"contentUrl\":\"https:\\\/\\\/secure.gravatar.com\\\/avatar\\\/392b4cc8fbfeb00b39dfeeab4ee6edded39ffd48e25858637e4765810300227e?s=96&d=mm&r=g\",\"caption\":\"Developer\"},\"url\":\"https:\\\/\\\/qtmm.org\\\/qt\\\/author\\\/Developer\\\/\"}]}<\/script>\n<!-- \/ Yoast SEO plugin. -->","yoast_head_json":{"title":"Mustafa Cemilev: \u00abQ\u0131r\u0131mda Rusiye casuslar\u0131 temelli \u00e7al\u0131\u015falar\u00bb - \u041c\u0435\u0434\u0436\u043b\u0456\u0441","robots":{"index":"index","follow":"follow","max-snippet":"max-snippet:-1","max-image-preview":"max-image-preview:large","max-video-preview":"max-video-preview:-1"},"canonical":"https:\/\/qtmm.org\/qt\/mustafa-cemilev-qirimda-rusiye-casuslari-temelli-calisalar\/","og_locale":"en_US","og_type":"article","og_title":"Mustafa Cemilev: \u00abQ\u0131r\u0131mda Rusiye casuslar\u0131 temelli \u00e7al\u0131\u015falar\u00bb - \u041c\u0435\u0434\u0436\u043b\u0456\u0441","og_description":"Anatoliy Mogil\u00f6v Q\u0131r\u0131m Ba\u015f naziri olaraq tayinlenmesi aqq\u0131nda haber kelmeden bir qa\u00e7 saat evel Q\u0131r\u0131mtatar halq\u0131 Meclisini\u00f1 reisi istifa\u011fa \u00e7\u0131qaca\u011f\u0131 boyunca mal\u00fcmat belli old\u0131.&nbsp; Kelecekte siyasetteki planlar\u0131 ve Q\u0131r\u0131m Nazirler \u015euras\u0131 reisini\u00f1 tayinlenmesi husus\u0131nda fikirlerinen Mustafa Cemilev&nbsp; &#8220;Ukra\u0457nskiy tijden&#8221; aftal\u0131q gazetas\u0131nen payla\u015ft\u0131 U. T.: Mustafa-a\u011fa, Siz ker\u00e7ekten de siyasetni terk etmek qarar\u0131na keldi\u00f1izmi? &nbsp;&#8211; Meclis [&hellip;]","og_url":"https:\/\/qtmm.org\/qt\/mustafa-cemilev-qirimda-rusiye-casuslari-temelli-calisalar\/","og_site_name":"\u041c\u0435\u0434\u0436\u043b\u0456\u0441","article_publisher":"https:\/\/www.facebook.com\/qtmm.info\/","article_published_time":"2011-11-18T18:56:00+00:00","article_modified_time":"2022-01-19T18:56:56+00:00","author":"Developer","twitter_card":"summary_large_image","twitter_misc":{"Written by":"Developer","Est. reading time":"11 minutes"},"schema":{"@context":"https:\/\/schema.org","@graph":[{"@type":"Article","@id":"https:\/\/qtmm.org\/qt\/mustafa-cemilev-qirimda-rusiye-casuslari-temelli-calisalar\/#article","isPartOf":{"@id":"https:\/\/qtmm.org\/qt\/mustafa-cemilev-qirimda-rusiye-casuslari-temelli-calisalar\/"},"author":{"name":"Developer","@id":"https:\/\/qtmm.org\/qt\/#\/schema\/person\/de562469f971dec226ac06e60bbf74a7"},"headline":"Mustafa Cemilev: \u00abQ\u0131r\u0131mda Rusiye casuslar\u0131 temelli \u00e7al\u0131\u015falar\u00bb","datePublished":"2011-11-18T18:56:00+00:00","dateModified":"2022-01-19T18:56:56+00:00","mainEntityOfPage":{"@id":"https:\/\/qtmm.org\/qt\/mustafa-cemilev-qirimda-rusiye-casuslari-temelli-calisalar\/"},"wordCount":2169,"commentCount":0,"publisher":{"@id":"https:\/\/qtmm.org\/qt\/#organization"},"articleSection":["Haberler"],"inLanguage":"qt","potentialAction":[{"@type":"CommentAction","name":"Comment","target":["https:\/\/qtmm.org\/qt\/mustafa-cemilev-qirimda-rusiye-casuslari-temelli-calisalar\/#respond"]}]},{"@type":"WebPage","@id":"https:\/\/qtmm.org\/qt\/mustafa-cemilev-qirimda-rusiye-casuslari-temelli-calisalar\/","url":"https:\/\/qtmm.org\/qt\/mustafa-cemilev-qirimda-rusiye-casuslari-temelli-calisalar\/","name":"Mustafa Cemilev: \u00abQ\u0131r\u0131mda Rusiye casuslar\u0131 temelli \u00e7al\u0131\u015falar\u00bb - \u041c\u0435\u0434\u0436\u043b\u0456\u0441","isPartOf":{"@id":"https:\/\/qtmm.org\/qt\/#website"},"datePublished":"2011-11-18T18:56:00+00:00","dateModified":"2022-01-19T18:56:56+00:00","breadcrumb":{"@id":"https:\/\/qtmm.org\/qt\/mustafa-cemilev-qirimda-rusiye-casuslari-temelli-calisalar\/#breadcrumb"},"inLanguage":"qt","potentialAction":[{"@type":"ReadAction","target":["https:\/\/qtmm.org\/qt\/mustafa-cemilev-qirimda-rusiye-casuslari-temelli-calisalar\/"]}]},{"@type":"BreadcrumbList","@id":"https:\/\/qtmm.org\/qt\/mustafa-cemilev-qirimda-rusiye-casuslari-temelli-calisalar\/#breadcrumb","itemListElement":[{"@type":"ListItem","position":1,"name":"\u0413\u043e\u043b\u043e\u0432\u043d\u0430","item":"https:\/\/qtmm.org\/qt\/"},{"@type":"ListItem","position":2,"name":"Mustafa Cemilev: \u00abQ\u0131r\u0131mda Rusiye casuslar\u0131 temelli \u00e7al\u0131\u015falar\u00bb"}]},{"@type":"WebSite","@id":"https:\/\/qtmm.org\/qt\/#website","url":"https:\/\/qtmm.org\/qt\/","name":"\u041c\u0435\u0434\u0436\u043b\u0456\u0441","description":"","publisher":{"@id":"https:\/\/qtmm.org\/qt\/#organization"},"potentialAction":[{"@type":"SearchAction","target":{"@type":"EntryPoint","urlTemplate":"https:\/\/qtmm.org\/qt\/?s={search_term_string}"},"query-input":{"@type":"PropertyValueSpecification","valueRequired":true,"valueName":"search_term_string"}}],"inLanguage":"qt"},{"@type":"Organization","@id":"https:\/\/qtmm.org\/qt\/#organization","name":"\u041c\u0435\u0434\u0436\u043b\u0456\u0441","url":"https:\/\/qtmm.org\/qt\/","logo":{"@type":"ImageObject","inLanguage":"qt","@id":"https:\/\/qtmm.org\/qt\/#\/schema\/logo\/image\/","url":"https:\/\/qtmm.org\/wp-content\/uploads\/2024\/12\/ua-mejlis-logo-rgb.svg","contentUrl":"https:\/\/qtmm.org\/wp-content\/uploads\/2024\/12\/ua-mejlis-logo-rgb.svg","caption":"\u041c\u0435\u0434\u0436\u043b\u0456\u0441"},"image":{"@id":"https:\/\/qtmm.org\/qt\/#\/schema\/logo\/image\/"},"sameAs":["https:\/\/www.facebook.com\/qtmm.info\/"]},{"@type":"Person","@id":"https:\/\/qtmm.org\/qt\/#\/schema\/person\/de562469f971dec226ac06e60bbf74a7","name":"Developer","image":{"@type":"ImageObject","inLanguage":"qt","@id":"https:\/\/secure.gravatar.com\/avatar\/392b4cc8fbfeb00b39dfeeab4ee6edded39ffd48e25858637e4765810300227e?s=96&d=mm&r=g","url":"https:\/\/secure.gravatar.com\/avatar\/392b4cc8fbfeb00b39dfeeab4ee6edded39ffd48e25858637e4765810300227e?s=96&d=mm&r=g","contentUrl":"https:\/\/secure.gravatar.com\/avatar\/392b4cc8fbfeb00b39dfeeab4ee6edded39ffd48e25858637e4765810300227e?s=96&d=mm&r=g","caption":"Developer"},"url":"https:\/\/qtmm.org\/qt\/author\/Developer\/"}]}},"_links":{"self":[{"href":"https:\/\/qtmm.org\/qt\/wp-json\/wp\/v2\/posts\/26979","targetHints":{"allow":["GET"]}}],"collection":[{"href":"https:\/\/qtmm.org\/qt\/wp-json\/wp\/v2\/posts"}],"about":[{"href":"https:\/\/qtmm.org\/qt\/wp-json\/wp\/v2\/types\/post"}],"author":[{"embeddable":true,"href":"https:\/\/qtmm.org\/qt\/wp-json\/wp\/v2\/users\/1"}],"replies":[{"embeddable":true,"href":"https:\/\/qtmm.org\/qt\/wp-json\/wp\/v2\/comments?post=26979"}],"version-history":[{"count":1,"href":"https:\/\/qtmm.org\/qt\/wp-json\/wp\/v2\/posts\/26979\/revisions"}],"predecessor-version":[{"id":26980,"href":"https:\/\/qtmm.org\/qt\/wp-json\/wp\/v2\/posts\/26979\/revisions\/26980"}],"wp:attachment":[{"href":"https:\/\/qtmm.org\/qt\/wp-json\/wp\/v2\/media?parent=26979"}],"wp:term":[{"taxonomy":"category","embeddable":true,"href":"https:\/\/qtmm.org\/qt\/wp-json\/wp\/v2\/categories?post=26979"},{"taxonomy":"post_tag","embeddable":true,"href":"https:\/\/qtmm.org\/qt\/wp-json\/wp\/v2\/tags?post=26979"}],"curies":[{"name":"wp","href":"https:\/\/api.w.org\/{rel}","templated":true}]}}