




{"id":26977,"date":"2011-11-14T21:55:00","date_gmt":"2011-11-14T18:55:00","guid":{"rendered":"http:\/\/qtmm.org\/?p=26977"},"modified":"2022-01-19T21:55:51","modified_gmt":"2022-01-19T18:55:51","slug":"refat-cubarov-halqnin-menfaatlarini-kim-ve-nasil-sifatta-taqdim-etecegini-belgilemege-tek-qirimtatar-halqinin-aqqi-bar","status":"publish","type":"post","link":"https:\/\/qtmm.org\/qt\/refat-cubarov-halqnin-menfaatlarini-kim-ve-nasil-sifatta-taqdim-etecegini-belgilemege-tek-qirimtatar-halqinin-aqqi-bar\/","title":{"rendered":"Refat \u00c7ubarov: \u00abHalqn\u0131\u00f1 menfaatlar\u0131n\u0131 kim ve nas\u0131l s\u0131fatta taqdim etecegini belgilemege tek q\u0131r\u0131mtatar halq\u0131n\u0131\u00f1 aqq\u0131 bar\u00bb"},"content":{"rendered":"\n<p>Q\u0131r\u0131mtatar halq\u0131 Meclisi reisini\u00f1 birinci muavini Refat \u00c7ubarov milliy areketni\u00f1 baz\u0131 i\u015ftirak\u00e7ilerini\u00f1 noyabr 14 k\u00fcn\u00fc matbuat konferentsiyas\u0131nda Meclis reberlerini\u00f1 vek\u00e2letlikleri husus\u0131nda seslendirgen &#8220;M.Cemilev ve R.\u00c7ubarov q\u0131r\u0131mtatar halq\u0131n\u0131 taqdim etmege, on\u0131\u00f1 ad\u0131ndan ne Ukrainada ve ne de halqara seviyede \u00e7\u0131q\u0131\u015fta bulunma\u011fa aqlar\u0131 yoqt\u0131r&#8221; kibi beyanatlar\u0131n\u0131 izaatlad\u0131.<\/p>\n\n\n\n<p>&#8220;Bun\u0131\u00f1 i\u00e7\u00fcn er be\u015f y\u0131lda q\u0131r\u0131mtatarlar Qurultay\u011fa delegatlarn\u0131 saylay. On\u0131\u00f1 sessiyalar\u0131nda 250 delegat q\u0131r\u0131mtatar halq\u0131 inki\u015faf\u0131n\u0131\u00f1 b\u00fct\u00fcn printsipial meseleleri boyunca qarar qabul ete, Q\u0131r\u0131mtatar halq\u0131 Meclisi ve diger organlar\u0131n\u0131\u00f1 erk\u00e2n\u0131n\u0131 \u015fekillendire, olarn\u0131\u00f1 reberlerini tasdiqlay.<\/p>\n\n\n\n<p>\u015eun\u0131 da qayd eter edim ki, b\u00fct\u00fcn bu i\u015f b\u00fclletenlernen gizli rey ber\u00fcv yolunen yap\u0131la. Ayn\u0131 b\u00f6yle \u015fekilde Qurultay delegatlar\u0131 Meclisni\u00f1 b\u00fct\u00fcn erk\u00e2n\u0131na ya da ayr\u0131 azalar\u0131na, Reisine ve muavinlerine i\u015fan\u00e7s\u0131zl\u0131q bildire bileler.<\/p>\n\n\n\n<p>Bu muracaatn\u0131 imzala\u011fan 27 insan\u011fa kelsek, olarn\u0131\u00f1 aras\u0131nda \u00e7e\u015fit-t\u00fcrl\u00fc soylar\u0131 &#8211; repressiya y\u0131llar\u0131nda ces\u00fcrlik k\u00f6stergenler de, olarn\u0131 a\u00e7\u0131qtan-a\u00e7\u0131q qarala\u011fan, akimlerge \u00e7aqqanlar da bar.&nbsp; Ola bilir ki, \u00f6z muracaatlar\u0131 alt\u0131nda olar \u00e7e\u015fit sebeplerge k\u00f6re Meclis ve on\u0131\u00f1 reberlerini\u00f1 i\u015finen memn\u00fcn olma\u011fan daa bir qa\u00e7 y\u00fcz insann\u0131\u00f1 imzas\u0131n\u0131 toplarlar.<\/p>\n\n\n\n<p>Men ise olar\u011fa 2012 senesi olacaq Qurultay\u011fa ya\u00f1\u0131 delegatlarn\u0131 saylavda i\u015ftirak etmelerini, Qurultay\u011fa delegat olaraq saylanmalar\u0131n\u0131(eger de saylavc\u0131lar olar\u011fa qoltutsalar) ve b\u00fct\u00fcn meselelerni 250 delegat s\u0131ras\u0131nda al etmelerini tevsiye eter edim.<\/p>\n\n\n\n<p>\u015eimdilik ise, kene de evel yapqan\u0131m kibi muhaliflerimizge muracaat etem \u2013 vaqt\u0131-vaqt\u0131nen qoz\u011fal\u011fan is-duy\u011fularnen s\u0131\u00f1\u0131rlanmadan, halqqa k\u00fcndelik konkret ve faydal\u0131 i\u015fleri\u00f1iznen h\u0131zmet eti\u00f1iz.<\/p>\n\n\n\n<p>Teess\u00fcf ki, bizim tenqid\u00e7ilerimizni\u00f1 elinden yal\u0131\u00f1\u0131z q\u0131r\u0131mtatar halq\u0131 milliy \u00f6z-\u00f6z\u00fcni idare et\u00fcv organ\u0131na \u00e7irkef t\u00f6kmek, q\u0131r\u0131mtatarlarn\u0131\u00f1 i\u00e7 olma\u011fanda bir q\u0131sm\u0131n\u0131 er k\u00fcn \u00f6z aq-uquqlar\u0131n\u0131 qor\u00e7alamaq kibi i\u015ften \u00e7al\u011f\u0131t\u0131p, olarn\u0131 \u00f6zara dava\u011fa celp etmek kele&#8221;, &#8211; dedi Q\u0131r\u0131mtatar halq\u0131 Meclisi reisini\u00f1 birinci muavini Refat \u00c7ubarov.<\/p>\n","protected":false},"excerpt":{"rendered":"<p>Q\u0131r\u0131mtatar halq\u0131 Meclisi reisini\u00f1 birinci muavini Refat \u00c7ubarov milliy areketni\u00f1 baz\u0131 i\u015ftirak\u00e7ilerini\u00f1 noyabr 14 k\u00fcn\u00fc matbuat konferentsiyas\u0131nda Meclis reberlerini\u00f1 vek\u00e2letlikleri husus\u0131nda seslendirgen &#8220;M.Cemilev ve R.\u00c7ubarov q\u0131r\u0131mtatar halq\u0131n\u0131 taqdim etmege, on\u0131\u00f1 ad\u0131ndan ne Ukrainada ve ne de halqara seviyede \u00e7\u0131q\u0131\u015fta bulunma\u011fa aqlar\u0131 yoqt\u0131r&#8221; kibi beyanatlar\u0131n\u0131 izaatlad\u0131. &#8220;Bun\u0131\u00f1 i\u00e7\u00fcn er be\u015f y\u0131lda q\u0131r\u0131mtatarlar Qurultay\u011fa delegatlarn\u0131 saylay. On\u0131\u00f1 [&hellip;]<\/p>\n","protected":false},"author":1,"featured_media":0,"comment_status":"open","ping_status":"open","sticky":false,"template":"","format":"standard","meta":{"inline_featured_image":false,"footnotes":""},"categories":[265],"tags":[],"class_list":["post-26977","post","type-post","status-publish","format-standard","hentry","category-haberler"],"acf":[],"yoast_head":"<!-- This site is optimized with the Yoast SEO plugin v27.4 - https:\/\/yoast.com\/product\/yoast-seo-wordpress\/ -->\n<title>Refat \u00c7ubarov: \u00abHalqn\u0131\u00f1 menfaatlar\u0131n\u0131 kim ve nas\u0131l s\u0131fatta taqdim etecegini belgilemege tek q\u0131r\u0131mtatar halq\u0131n\u0131\u00f1 aqq\u0131 bar\u00bb - \u041c\u0435\u0434\u0436\u043b\u0456\u0441<\/title>\n<meta name=\"robots\" content=\"index, follow, max-snippet:-1, max-image-preview:large, max-video-preview:-1\" \/>\n<link rel=\"canonical\" href=\"https:\/\/qtmm.org\/qt\/refat-cubarov-halqnin-menfaatlarini-kim-ve-nasil-sifatta-taqdim-etecegini-belgilemege-tek-qirimtatar-halqinin-aqqi-bar\/\" \/>\n<meta property=\"og:locale\" content=\"en_US\" \/>\n<meta property=\"og:type\" content=\"article\" \/>\n<meta property=\"og:title\" content=\"Refat \u00c7ubarov: \u00abHalqn\u0131\u00f1 menfaatlar\u0131n\u0131 kim ve nas\u0131l s\u0131fatta taqdim etecegini belgilemege tek q\u0131r\u0131mtatar halq\u0131n\u0131\u00f1 aqq\u0131 bar\u00bb - \u041c\u0435\u0434\u0436\u043b\u0456\u0441\" \/>\n<meta property=\"og:description\" content=\"Q\u0131r\u0131mtatar halq\u0131 Meclisi reisini\u00f1 birinci muavini Refat \u00c7ubarov milliy areketni\u00f1 baz\u0131 i\u015ftirak\u00e7ilerini\u00f1 noyabr 14 k\u00fcn\u00fc matbuat konferentsiyas\u0131nda Meclis reberlerini\u00f1 vek\u00e2letlikleri husus\u0131nda seslendirgen &#8220;M.Cemilev ve R.\u00c7ubarov q\u0131r\u0131mtatar halq\u0131n\u0131 taqdim etmege, on\u0131\u00f1 ad\u0131ndan ne Ukrainada ve ne de halqara seviyede \u00e7\u0131q\u0131\u015fta bulunma\u011fa aqlar\u0131 yoqt\u0131r&#8221; kibi beyanatlar\u0131n\u0131 izaatlad\u0131. &#8220;Bun\u0131\u00f1 i\u00e7\u00fcn er be\u015f y\u0131lda q\u0131r\u0131mtatarlar Qurultay\u011fa delegatlarn\u0131 saylay. On\u0131\u00f1 [&hellip;]\" \/>\n<meta property=\"og:url\" content=\"https:\/\/qtmm.org\/qt\/refat-cubarov-halqnin-menfaatlarini-kim-ve-nasil-sifatta-taqdim-etecegini-belgilemege-tek-qirimtatar-halqinin-aqqi-bar\/\" \/>\n<meta property=\"og:site_name\" content=\"\u041c\u0435\u0434\u0436\u043b\u0456\u0441\" \/>\n<meta property=\"article:publisher\" content=\"https:\/\/www.facebook.com\/qtmm.info\/\" \/>\n<meta property=\"article:published_time\" content=\"2011-11-14T18:55:00+00:00\" \/>\n<meta property=\"article:modified_time\" content=\"2022-01-19T18:55:51+00:00\" \/>\n<meta name=\"author\" content=\"Developer\" \/>\n<meta name=\"twitter:card\" content=\"summary_large_image\" \/>\n<meta name=\"twitter:label1\" content=\"Written by\" \/>\n\t<meta name=\"twitter:data1\" content=\"Developer\" \/>\n\t<meta name=\"twitter:label2\" content=\"Est. reading time\" \/>\n\t<meta name=\"twitter:data2\" content=\"2 minutes\" \/>\n<script type=\"application\/ld+json\" class=\"yoast-schema-graph\">{\"@context\":\"https:\\\/\\\/schema.org\",\"@graph\":[{\"@type\":\"Article\",\"@id\":\"https:\\\/\\\/qtmm.org\\\/qt\\\/refat-cubarov-halqnin-menfaatlarini-kim-ve-nasil-sifatta-taqdim-etecegini-belgilemege-tek-qirimtatar-halqinin-aqqi-bar\\\/#article\",\"isPartOf\":{\"@id\":\"https:\\\/\\\/qtmm.org\\\/qt\\\/refat-cubarov-halqnin-menfaatlarini-kim-ve-nasil-sifatta-taqdim-etecegini-belgilemege-tek-qirimtatar-halqinin-aqqi-bar\\\/\"},\"author\":{\"name\":\"Developer\",\"@id\":\"https:\\\/\\\/qtmm.org\\\/qt\\\/#\\\/schema\\\/person\\\/de562469f971dec226ac06e60bbf74a7\"},\"headline\":\"Refat \u00c7ubarov: \u00abHalqn\u0131\u00f1 menfaatlar\u0131n\u0131 kim ve nas\u0131l s\u0131fatta taqdim etecegini belgilemege tek q\u0131r\u0131mtatar halq\u0131n\u0131\u00f1 aqq\u0131 bar\u00bb\",\"datePublished\":\"2011-11-14T18:55:00+00:00\",\"dateModified\":\"2022-01-19T18:55:51+00:00\",\"mainEntityOfPage\":{\"@id\":\"https:\\\/\\\/qtmm.org\\\/qt\\\/refat-cubarov-halqnin-menfaatlarini-kim-ve-nasil-sifatta-taqdim-etecegini-belgilemege-tek-qirimtatar-halqinin-aqqi-bar\\\/\"},\"wordCount\":392,\"commentCount\":0,\"publisher\":{\"@id\":\"https:\\\/\\\/qtmm.org\\\/qt\\\/#organization\"},\"articleSection\":[\"Haberler\"],\"inLanguage\":\"qt\",\"potentialAction\":[{\"@type\":\"CommentAction\",\"name\":\"Comment\",\"target\":[\"https:\\\/\\\/qtmm.org\\\/qt\\\/refat-cubarov-halqnin-menfaatlarini-kim-ve-nasil-sifatta-taqdim-etecegini-belgilemege-tek-qirimtatar-halqinin-aqqi-bar\\\/#respond\"]}]},{\"@type\":\"WebPage\",\"@id\":\"https:\\\/\\\/qtmm.org\\\/qt\\\/refat-cubarov-halqnin-menfaatlarini-kim-ve-nasil-sifatta-taqdim-etecegini-belgilemege-tek-qirimtatar-halqinin-aqqi-bar\\\/\",\"url\":\"https:\\\/\\\/qtmm.org\\\/qt\\\/refat-cubarov-halqnin-menfaatlarini-kim-ve-nasil-sifatta-taqdim-etecegini-belgilemege-tek-qirimtatar-halqinin-aqqi-bar\\\/\",\"name\":\"Refat \u00c7ubarov: \u00abHalqn\u0131\u00f1 menfaatlar\u0131n\u0131 kim ve nas\u0131l s\u0131fatta taqdim etecegini belgilemege tek q\u0131r\u0131mtatar halq\u0131n\u0131\u00f1 aqq\u0131 bar\u00bb - \u041c\u0435\u0434\u0436\u043b\u0456\u0441\",\"isPartOf\":{\"@id\":\"https:\\\/\\\/qtmm.org\\\/qt\\\/#website\"},\"datePublished\":\"2011-11-14T18:55:00+00:00\",\"dateModified\":\"2022-01-19T18:55:51+00:00\",\"breadcrumb\":{\"@id\":\"https:\\\/\\\/qtmm.org\\\/qt\\\/refat-cubarov-halqnin-menfaatlarini-kim-ve-nasil-sifatta-taqdim-etecegini-belgilemege-tek-qirimtatar-halqinin-aqqi-bar\\\/#breadcrumb\"},\"inLanguage\":\"qt\",\"potentialAction\":[{\"@type\":\"ReadAction\",\"target\":[\"https:\\\/\\\/qtmm.org\\\/qt\\\/refat-cubarov-halqnin-menfaatlarini-kim-ve-nasil-sifatta-taqdim-etecegini-belgilemege-tek-qirimtatar-halqinin-aqqi-bar\\\/\"]}]},{\"@type\":\"BreadcrumbList\",\"@id\":\"https:\\\/\\\/qtmm.org\\\/qt\\\/refat-cubarov-halqnin-menfaatlarini-kim-ve-nasil-sifatta-taqdim-etecegini-belgilemege-tek-qirimtatar-halqinin-aqqi-bar\\\/#breadcrumb\",\"itemListElement\":[{\"@type\":\"ListItem\",\"position\":1,\"name\":\"\u0413\u043e\u043b\u043e\u0432\u043d\u0430\",\"item\":\"https:\\\/\\\/qtmm.org\\\/qt\\\/\"},{\"@type\":\"ListItem\",\"position\":2,\"name\":\"Refat \u00c7ubarov: \u00abHalqn\u0131\u00f1 menfaatlar\u0131n\u0131 kim ve nas\u0131l s\u0131fatta taqdim etecegini belgilemege tek q\u0131r\u0131mtatar halq\u0131n\u0131\u00f1 aqq\u0131 bar\u00bb\"}]},{\"@type\":\"WebSite\",\"@id\":\"https:\\\/\\\/qtmm.org\\\/qt\\\/#website\",\"url\":\"https:\\\/\\\/qtmm.org\\\/qt\\\/\",\"name\":\"\u041c\u0435\u0434\u0436\u043b\u0456\u0441\",\"description\":\"\",\"publisher\":{\"@id\":\"https:\\\/\\\/qtmm.org\\\/qt\\\/#organization\"},\"potentialAction\":[{\"@type\":\"SearchAction\",\"target\":{\"@type\":\"EntryPoint\",\"urlTemplate\":\"https:\\\/\\\/qtmm.org\\\/qt\\\/?s={search_term_string}\"},\"query-input\":{\"@type\":\"PropertyValueSpecification\",\"valueRequired\":true,\"valueName\":\"search_term_string\"}}],\"inLanguage\":\"qt\"},{\"@type\":\"Organization\",\"@id\":\"https:\\\/\\\/qtmm.org\\\/qt\\\/#organization\",\"name\":\"\u041c\u0435\u0434\u0436\u043b\u0456\u0441\",\"url\":\"https:\\\/\\\/qtmm.org\\\/qt\\\/\",\"logo\":{\"@type\":\"ImageObject\",\"inLanguage\":\"qt\",\"@id\":\"https:\\\/\\\/qtmm.org\\\/qt\\\/#\\\/schema\\\/logo\\\/image\\\/\",\"url\":\"https:\\\/\\\/qtmm.org\\\/wp-content\\\/uploads\\\/2024\\\/12\\\/ua-mejlis-logo-rgb.svg\",\"contentUrl\":\"https:\\\/\\\/qtmm.org\\\/wp-content\\\/uploads\\\/2024\\\/12\\\/ua-mejlis-logo-rgb.svg\",\"caption\":\"\u041c\u0435\u0434\u0436\u043b\u0456\u0441\"},\"image\":{\"@id\":\"https:\\\/\\\/qtmm.org\\\/qt\\\/#\\\/schema\\\/logo\\\/image\\\/\"},\"sameAs\":[\"https:\\\/\\\/www.facebook.com\\\/qtmm.info\\\/\"]},{\"@type\":\"Person\",\"@id\":\"https:\\\/\\\/qtmm.org\\\/qt\\\/#\\\/schema\\\/person\\\/de562469f971dec226ac06e60bbf74a7\",\"name\":\"Developer\",\"image\":{\"@type\":\"ImageObject\",\"inLanguage\":\"qt\",\"@id\":\"https:\\\/\\\/secure.gravatar.com\\\/avatar\\\/392b4cc8fbfeb00b39dfeeab4ee6edded39ffd48e25858637e4765810300227e?s=96&d=mm&r=g\",\"url\":\"https:\\\/\\\/secure.gravatar.com\\\/avatar\\\/392b4cc8fbfeb00b39dfeeab4ee6edded39ffd48e25858637e4765810300227e?s=96&d=mm&r=g\",\"contentUrl\":\"https:\\\/\\\/secure.gravatar.com\\\/avatar\\\/392b4cc8fbfeb00b39dfeeab4ee6edded39ffd48e25858637e4765810300227e?s=96&d=mm&r=g\",\"caption\":\"Developer\"},\"url\":\"https:\\\/\\\/qtmm.org\\\/qt\\\/author\\\/Developer\\\/\"}]}<\/script>\n<!-- \/ Yoast SEO plugin. -->","yoast_head_json":{"title":"Refat \u00c7ubarov: \u00abHalqn\u0131\u00f1 menfaatlar\u0131n\u0131 kim ve nas\u0131l s\u0131fatta taqdim etecegini belgilemege tek q\u0131r\u0131mtatar halq\u0131n\u0131\u00f1 aqq\u0131 bar\u00bb - \u041c\u0435\u0434\u0436\u043b\u0456\u0441","robots":{"index":"index","follow":"follow","max-snippet":"max-snippet:-1","max-image-preview":"max-image-preview:large","max-video-preview":"max-video-preview:-1"},"canonical":"https:\/\/qtmm.org\/qt\/refat-cubarov-halqnin-menfaatlarini-kim-ve-nasil-sifatta-taqdim-etecegini-belgilemege-tek-qirimtatar-halqinin-aqqi-bar\/","og_locale":"en_US","og_type":"article","og_title":"Refat \u00c7ubarov: \u00abHalqn\u0131\u00f1 menfaatlar\u0131n\u0131 kim ve nas\u0131l s\u0131fatta taqdim etecegini belgilemege tek q\u0131r\u0131mtatar halq\u0131n\u0131\u00f1 aqq\u0131 bar\u00bb - \u041c\u0435\u0434\u0436\u043b\u0456\u0441","og_description":"Q\u0131r\u0131mtatar halq\u0131 Meclisi reisini\u00f1 birinci muavini Refat \u00c7ubarov milliy areketni\u00f1 baz\u0131 i\u015ftirak\u00e7ilerini\u00f1 noyabr 14 k\u00fcn\u00fc matbuat konferentsiyas\u0131nda Meclis reberlerini\u00f1 vek\u00e2letlikleri husus\u0131nda seslendirgen &#8220;M.Cemilev ve R.\u00c7ubarov q\u0131r\u0131mtatar halq\u0131n\u0131 taqdim etmege, on\u0131\u00f1 ad\u0131ndan ne Ukrainada ve ne de halqara seviyede \u00e7\u0131q\u0131\u015fta bulunma\u011fa aqlar\u0131 yoqt\u0131r&#8221; kibi beyanatlar\u0131n\u0131 izaatlad\u0131. &#8220;Bun\u0131\u00f1 i\u00e7\u00fcn er be\u015f y\u0131lda q\u0131r\u0131mtatarlar Qurultay\u011fa delegatlarn\u0131 saylay. On\u0131\u00f1 [&hellip;]","og_url":"https:\/\/qtmm.org\/qt\/refat-cubarov-halqnin-menfaatlarini-kim-ve-nasil-sifatta-taqdim-etecegini-belgilemege-tek-qirimtatar-halqinin-aqqi-bar\/","og_site_name":"\u041c\u0435\u0434\u0436\u043b\u0456\u0441","article_publisher":"https:\/\/www.facebook.com\/qtmm.info\/","article_published_time":"2011-11-14T18:55:00+00:00","article_modified_time":"2022-01-19T18:55:51+00:00","author":"Developer","twitter_card":"summary_large_image","twitter_misc":{"Written by":"Developer","Est. reading time":"2 minutes"},"schema":{"@context":"https:\/\/schema.org","@graph":[{"@type":"Article","@id":"https:\/\/qtmm.org\/qt\/refat-cubarov-halqnin-menfaatlarini-kim-ve-nasil-sifatta-taqdim-etecegini-belgilemege-tek-qirimtatar-halqinin-aqqi-bar\/#article","isPartOf":{"@id":"https:\/\/qtmm.org\/qt\/refat-cubarov-halqnin-menfaatlarini-kim-ve-nasil-sifatta-taqdim-etecegini-belgilemege-tek-qirimtatar-halqinin-aqqi-bar\/"},"author":{"name":"Developer","@id":"https:\/\/qtmm.org\/qt\/#\/schema\/person\/de562469f971dec226ac06e60bbf74a7"},"headline":"Refat \u00c7ubarov: \u00abHalqn\u0131\u00f1 menfaatlar\u0131n\u0131 kim ve nas\u0131l s\u0131fatta taqdim etecegini belgilemege tek q\u0131r\u0131mtatar halq\u0131n\u0131\u00f1 aqq\u0131 bar\u00bb","datePublished":"2011-11-14T18:55:00+00:00","dateModified":"2022-01-19T18:55:51+00:00","mainEntityOfPage":{"@id":"https:\/\/qtmm.org\/qt\/refat-cubarov-halqnin-menfaatlarini-kim-ve-nasil-sifatta-taqdim-etecegini-belgilemege-tek-qirimtatar-halqinin-aqqi-bar\/"},"wordCount":392,"commentCount":0,"publisher":{"@id":"https:\/\/qtmm.org\/qt\/#organization"},"articleSection":["Haberler"],"inLanguage":"qt","potentialAction":[{"@type":"CommentAction","name":"Comment","target":["https:\/\/qtmm.org\/qt\/refat-cubarov-halqnin-menfaatlarini-kim-ve-nasil-sifatta-taqdim-etecegini-belgilemege-tek-qirimtatar-halqinin-aqqi-bar\/#respond"]}]},{"@type":"WebPage","@id":"https:\/\/qtmm.org\/qt\/refat-cubarov-halqnin-menfaatlarini-kim-ve-nasil-sifatta-taqdim-etecegini-belgilemege-tek-qirimtatar-halqinin-aqqi-bar\/","url":"https:\/\/qtmm.org\/qt\/refat-cubarov-halqnin-menfaatlarini-kim-ve-nasil-sifatta-taqdim-etecegini-belgilemege-tek-qirimtatar-halqinin-aqqi-bar\/","name":"Refat \u00c7ubarov: \u00abHalqn\u0131\u00f1 menfaatlar\u0131n\u0131 kim ve nas\u0131l s\u0131fatta taqdim etecegini belgilemege tek q\u0131r\u0131mtatar halq\u0131n\u0131\u00f1 aqq\u0131 bar\u00bb - \u041c\u0435\u0434\u0436\u043b\u0456\u0441","isPartOf":{"@id":"https:\/\/qtmm.org\/qt\/#website"},"datePublished":"2011-11-14T18:55:00+00:00","dateModified":"2022-01-19T18:55:51+00:00","breadcrumb":{"@id":"https:\/\/qtmm.org\/qt\/refat-cubarov-halqnin-menfaatlarini-kim-ve-nasil-sifatta-taqdim-etecegini-belgilemege-tek-qirimtatar-halqinin-aqqi-bar\/#breadcrumb"},"inLanguage":"qt","potentialAction":[{"@type":"ReadAction","target":["https:\/\/qtmm.org\/qt\/refat-cubarov-halqnin-menfaatlarini-kim-ve-nasil-sifatta-taqdim-etecegini-belgilemege-tek-qirimtatar-halqinin-aqqi-bar\/"]}]},{"@type":"BreadcrumbList","@id":"https:\/\/qtmm.org\/qt\/refat-cubarov-halqnin-menfaatlarini-kim-ve-nasil-sifatta-taqdim-etecegini-belgilemege-tek-qirimtatar-halqinin-aqqi-bar\/#breadcrumb","itemListElement":[{"@type":"ListItem","position":1,"name":"\u0413\u043e\u043b\u043e\u0432\u043d\u0430","item":"https:\/\/qtmm.org\/qt\/"},{"@type":"ListItem","position":2,"name":"Refat \u00c7ubarov: \u00abHalqn\u0131\u00f1 menfaatlar\u0131n\u0131 kim ve nas\u0131l s\u0131fatta taqdim etecegini belgilemege tek q\u0131r\u0131mtatar halq\u0131n\u0131\u00f1 aqq\u0131 bar\u00bb"}]},{"@type":"WebSite","@id":"https:\/\/qtmm.org\/qt\/#website","url":"https:\/\/qtmm.org\/qt\/","name":"\u041c\u0435\u0434\u0436\u043b\u0456\u0441","description":"","publisher":{"@id":"https:\/\/qtmm.org\/qt\/#organization"},"potentialAction":[{"@type":"SearchAction","target":{"@type":"EntryPoint","urlTemplate":"https:\/\/qtmm.org\/qt\/?s={search_term_string}"},"query-input":{"@type":"PropertyValueSpecification","valueRequired":true,"valueName":"search_term_string"}}],"inLanguage":"qt"},{"@type":"Organization","@id":"https:\/\/qtmm.org\/qt\/#organization","name":"\u041c\u0435\u0434\u0436\u043b\u0456\u0441","url":"https:\/\/qtmm.org\/qt\/","logo":{"@type":"ImageObject","inLanguage":"qt","@id":"https:\/\/qtmm.org\/qt\/#\/schema\/logo\/image\/","url":"https:\/\/qtmm.org\/wp-content\/uploads\/2024\/12\/ua-mejlis-logo-rgb.svg","contentUrl":"https:\/\/qtmm.org\/wp-content\/uploads\/2024\/12\/ua-mejlis-logo-rgb.svg","caption":"\u041c\u0435\u0434\u0436\u043b\u0456\u0441"},"image":{"@id":"https:\/\/qtmm.org\/qt\/#\/schema\/logo\/image\/"},"sameAs":["https:\/\/www.facebook.com\/qtmm.info\/"]},{"@type":"Person","@id":"https:\/\/qtmm.org\/qt\/#\/schema\/person\/de562469f971dec226ac06e60bbf74a7","name":"Developer","image":{"@type":"ImageObject","inLanguage":"qt","@id":"https:\/\/secure.gravatar.com\/avatar\/392b4cc8fbfeb00b39dfeeab4ee6edded39ffd48e25858637e4765810300227e?s=96&d=mm&r=g","url":"https:\/\/secure.gravatar.com\/avatar\/392b4cc8fbfeb00b39dfeeab4ee6edded39ffd48e25858637e4765810300227e?s=96&d=mm&r=g","contentUrl":"https:\/\/secure.gravatar.com\/avatar\/392b4cc8fbfeb00b39dfeeab4ee6edded39ffd48e25858637e4765810300227e?s=96&d=mm&r=g","caption":"Developer"},"url":"https:\/\/qtmm.org\/qt\/author\/Developer\/"}]}},"_links":{"self":[{"href":"https:\/\/qtmm.org\/qt\/wp-json\/wp\/v2\/posts\/26977","targetHints":{"allow":["GET"]}}],"collection":[{"href":"https:\/\/qtmm.org\/qt\/wp-json\/wp\/v2\/posts"}],"about":[{"href":"https:\/\/qtmm.org\/qt\/wp-json\/wp\/v2\/types\/post"}],"author":[{"embeddable":true,"href":"https:\/\/qtmm.org\/qt\/wp-json\/wp\/v2\/users\/1"}],"replies":[{"embeddable":true,"href":"https:\/\/qtmm.org\/qt\/wp-json\/wp\/v2\/comments?post=26977"}],"version-history":[{"count":1,"href":"https:\/\/qtmm.org\/qt\/wp-json\/wp\/v2\/posts\/26977\/revisions"}],"predecessor-version":[{"id":26978,"href":"https:\/\/qtmm.org\/qt\/wp-json\/wp\/v2\/posts\/26977\/revisions\/26978"}],"wp:attachment":[{"href":"https:\/\/qtmm.org\/qt\/wp-json\/wp\/v2\/media?parent=26977"}],"wp:term":[{"taxonomy":"category","embeddable":true,"href":"https:\/\/qtmm.org\/qt\/wp-json\/wp\/v2\/categories?post=26977"},{"taxonomy":"post_tag","embeddable":true,"href":"https:\/\/qtmm.org\/qt\/wp-json\/wp\/v2\/tags?post=26977"}],"curies":[{"name":"wp","href":"https:\/\/api.w.org\/{rel}","templated":true}]}}