




{"id":26975,"date":"2011-11-14T21:54:00","date_gmt":"2011-11-14T18:54:00","guid":{"rendered":"http:\/\/qtmm.org\/?p=26975"},"modified":"2022-01-19T21:55:15","modified_gmt":"2022-01-19T18:55:15","slug":"viktor-plakida-meclis-reisini-doggan-kunu-ile-hayirladi","status":"publish","type":"post","link":"https:\/\/qtmm.org\/qt\/viktor-plakida-meclis-reisini-doggan-kunu-ile-hayirladi\/","title":{"rendered":"Viktor Plakida Meclis reisini do\u011f\u011fan k\u00fcn\u00fc ile hay\u0131rlad\u0131"},"content":{"rendered":"\n<p>Ukraina Prezidenti Q\u0131r\u0131mdaki Daimiy temsilcisini\u00f1 vazifesini eda etici Viktor Plakida ve on\u0131\u00f1 muavini \u0130braim Mamutov Q\u0131r\u0131mtatar halq\u0131 Meclisini\u00f1 reisini do\u011f\u011fan k\u00fcn\u00fcnen samimiy hay\u0131rlad\u0131lar.<\/p>\n\n\n\n<p>Noyabr 13 k\u00fcn\u00fc Meclis reisi 68 ya\u015f\u0131n\u0131 toldurd\u0131.<\/p>\n\n\n\n<p>Mustafa Cemilevni Meclis ofisinde hay\u0131rla\u011fan, Viktor Plakida ve \u0130braim Mamutov belli siyaset\u00e7ige s\u00f6nmez k\u00fc\u00e7-\u011fayret, sa\u011fl\u0131q, bolluq ve eyilik tilediler. &#8220;Sizi\u00f1 i\u015fi\u00f1izge sad\u0131ql\u0131\u011f\u0131\u00f1\u0131z, tecribe ve istidat\u0131\u00f1\u0131z ileride de Ukraina faydas\u0131na \u00e7al\u0131\u015fs\u0131n&#8221;, &#8211; dedi Viktor Plakida.<\/p>\n\n\n\n<p>Ukraina Prezidenti Q\u0131r\u0131mdaki Daimiy temsilcisini\u00f1 vazifesini eda etici Viktor Plakida bundan bir k\u00fcn evelsi b\u00fct\u00fcn musulman d\u00fcnyas\u0131 Qurban bayram\u0131n\u0131 qayd etkenini hat\u0131rlayaraq, Meclis reisine \u00f6z ad\u0131ndan bir qoy ba\u011f\u0131\u015flad\u0131.<\/p>\n\n\n\n<p>\u015eu k\u00fcn\u00fc Meclis ofisini\u00f1 azbar\u0131nda qurban \u00e7al\u0131n\u0131p, eti adamlar\u011fa tarqat\u0131ld\u0131.<\/p>\n","protected":false},"excerpt":{"rendered":"<p>Ukraina Prezidenti Q\u0131r\u0131mdaki Daimiy temsilcisini\u00f1 vazifesini eda etici Viktor Plakida ve on\u0131\u00f1 muavini \u0130braim Mamutov Q\u0131r\u0131mtatar halq\u0131 Meclisini\u00f1 reisini do\u011f\u011fan k\u00fcn\u00fcnen samimiy hay\u0131rlad\u0131lar. Noyabr 13 k\u00fcn\u00fc Meclis reisi 68 ya\u015f\u0131n\u0131 toldurd\u0131. Mustafa Cemilevni Meclis ofisinde hay\u0131rla\u011fan, Viktor Plakida ve \u0130braim Mamutov belli siyaset\u00e7ige s\u00f6nmez k\u00fc\u00e7-\u011fayret, sa\u011fl\u0131q, bolluq ve eyilik tilediler. &#8220;Sizi\u00f1 i\u015fi\u00f1izge sad\u0131ql\u0131\u011f\u0131\u00f1\u0131z, tecribe ve [&hellip;]<\/p>\n","protected":false},"author":1,"featured_media":0,"comment_status":"open","ping_status":"open","sticky":false,"template":"","format":"standard","meta":{"inline_featured_image":false,"footnotes":""},"categories":[265],"tags":[],"class_list":["post-26975","post","type-post","status-publish","format-standard","hentry","category-haberler"],"acf":[],"yoast_head":"<!-- This site is optimized with the Yoast SEO plugin v27.4 - https:\/\/yoast.com\/product\/yoast-seo-wordpress\/ -->\n<title>Viktor Plakida Meclis reisini do\u011f\u011fan k\u00fcn\u00fc ile hay\u0131rlad\u0131 - \u041c\u0435\u0434\u0436\u043b\u0456\u0441<\/title>\n<meta name=\"robots\" content=\"index, follow, max-snippet:-1, max-image-preview:large, max-video-preview:-1\" \/>\n<link rel=\"canonical\" href=\"https:\/\/qtmm.org\/qt\/viktor-plakida-meclis-reisini-doggan-kunu-ile-hayirladi\/\" \/>\n<meta property=\"og:locale\" content=\"en_US\" \/>\n<meta property=\"og:type\" content=\"article\" \/>\n<meta property=\"og:title\" content=\"Viktor Plakida Meclis reisini do\u011f\u011fan k\u00fcn\u00fc ile hay\u0131rlad\u0131 - \u041c\u0435\u0434\u0436\u043b\u0456\u0441\" \/>\n<meta property=\"og:description\" content=\"Ukraina Prezidenti Q\u0131r\u0131mdaki Daimiy temsilcisini\u00f1 vazifesini eda etici Viktor Plakida ve on\u0131\u00f1 muavini \u0130braim Mamutov Q\u0131r\u0131mtatar halq\u0131 Meclisini\u00f1 reisini do\u011f\u011fan k\u00fcn\u00fcnen samimiy hay\u0131rlad\u0131lar. Noyabr 13 k\u00fcn\u00fc Meclis reisi 68 ya\u015f\u0131n\u0131 toldurd\u0131. Mustafa Cemilevni Meclis ofisinde hay\u0131rla\u011fan, Viktor Plakida ve \u0130braim Mamutov belli siyaset\u00e7ige s\u00f6nmez k\u00fc\u00e7-\u011fayret, sa\u011fl\u0131q, bolluq ve eyilik tilediler. &#8220;Sizi\u00f1 i\u015fi\u00f1izge sad\u0131ql\u0131\u011f\u0131\u00f1\u0131z, tecribe ve [&hellip;]\" \/>\n<meta property=\"og:url\" content=\"https:\/\/qtmm.org\/qt\/viktor-plakida-meclis-reisini-doggan-kunu-ile-hayirladi\/\" \/>\n<meta property=\"og:site_name\" content=\"\u041c\u0435\u0434\u0436\u043b\u0456\u0441\" \/>\n<meta property=\"article:publisher\" content=\"https:\/\/www.facebook.com\/qtmm.info\/\" \/>\n<meta property=\"article:published_time\" content=\"2011-11-14T18:54:00+00:00\" \/>\n<meta property=\"article:modified_time\" content=\"2022-01-19T18:55:15+00:00\" \/>\n<meta name=\"author\" content=\"Developer\" \/>\n<meta name=\"twitter:card\" content=\"summary_large_image\" \/>\n<meta name=\"twitter:label1\" content=\"Written by\" \/>\n\t<meta name=\"twitter:data1\" content=\"Developer\" \/>\n\t<meta name=\"twitter:label2\" content=\"Est. reading time\" \/>\n\t<meta name=\"twitter:data2\" content=\"1 minute\" \/>\n<script type=\"application\/ld+json\" class=\"yoast-schema-graph\">{\"@context\":\"https:\\\/\\\/schema.org\",\"@graph\":[{\"@type\":\"Article\",\"@id\":\"https:\\\/\\\/qtmm.org\\\/qt\\\/viktor-plakida-meclis-reisini-doggan-kunu-ile-hayirladi\\\/#article\",\"isPartOf\":{\"@id\":\"https:\\\/\\\/qtmm.org\\\/qt\\\/viktor-plakida-meclis-reisini-doggan-kunu-ile-hayirladi\\\/\"},\"author\":{\"name\":\"Developer\",\"@id\":\"https:\\\/\\\/qtmm.org\\\/qt\\\/#\\\/schema\\\/person\\\/de562469f971dec226ac06e60bbf74a7\"},\"headline\":\"Viktor Plakida Meclis reisini do\u011f\u011fan k\u00fcn\u00fc ile hay\u0131rlad\u0131\",\"datePublished\":\"2011-11-14T18:54:00+00:00\",\"dateModified\":\"2022-01-19T18:55:15+00:00\",\"mainEntityOfPage\":{\"@id\":\"https:\\\/\\\/qtmm.org\\\/qt\\\/viktor-plakida-meclis-reisini-doggan-kunu-ile-hayirladi\\\/\"},\"wordCount\":156,\"commentCount\":0,\"publisher\":{\"@id\":\"https:\\\/\\\/qtmm.org\\\/qt\\\/#organization\"},\"articleSection\":[\"Haberler\"],\"inLanguage\":\"qt\",\"potentialAction\":[{\"@type\":\"CommentAction\",\"name\":\"Comment\",\"target\":[\"https:\\\/\\\/qtmm.org\\\/qt\\\/viktor-plakida-meclis-reisini-doggan-kunu-ile-hayirladi\\\/#respond\"]}]},{\"@type\":\"WebPage\",\"@id\":\"https:\\\/\\\/qtmm.org\\\/qt\\\/viktor-plakida-meclis-reisini-doggan-kunu-ile-hayirladi\\\/\",\"url\":\"https:\\\/\\\/qtmm.org\\\/qt\\\/viktor-plakida-meclis-reisini-doggan-kunu-ile-hayirladi\\\/\",\"name\":\"Viktor Plakida Meclis reisini do\u011f\u011fan k\u00fcn\u00fc ile hay\u0131rlad\u0131 - \u041c\u0435\u0434\u0436\u043b\u0456\u0441\",\"isPartOf\":{\"@id\":\"https:\\\/\\\/qtmm.org\\\/qt\\\/#website\"},\"datePublished\":\"2011-11-14T18:54:00+00:00\",\"dateModified\":\"2022-01-19T18:55:15+00:00\",\"breadcrumb\":{\"@id\":\"https:\\\/\\\/qtmm.org\\\/qt\\\/viktor-plakida-meclis-reisini-doggan-kunu-ile-hayirladi\\\/#breadcrumb\"},\"inLanguage\":\"qt\",\"potentialAction\":[{\"@type\":\"ReadAction\",\"target\":[\"https:\\\/\\\/qtmm.org\\\/qt\\\/viktor-plakida-meclis-reisini-doggan-kunu-ile-hayirladi\\\/\"]}]},{\"@type\":\"BreadcrumbList\",\"@id\":\"https:\\\/\\\/qtmm.org\\\/qt\\\/viktor-plakida-meclis-reisini-doggan-kunu-ile-hayirladi\\\/#breadcrumb\",\"itemListElement\":[{\"@type\":\"ListItem\",\"position\":1,\"name\":\"\u0413\u043e\u043b\u043e\u0432\u043d\u0430\",\"item\":\"https:\\\/\\\/qtmm.org\\\/qt\\\/\"},{\"@type\":\"ListItem\",\"position\":2,\"name\":\"Viktor Plakida Meclis reisini do\u011f\u011fan k\u00fcn\u00fc ile hay\u0131rlad\u0131\"}]},{\"@type\":\"WebSite\",\"@id\":\"https:\\\/\\\/qtmm.org\\\/qt\\\/#website\",\"url\":\"https:\\\/\\\/qtmm.org\\\/qt\\\/\",\"name\":\"\u041c\u0435\u0434\u0436\u043b\u0456\u0441\",\"description\":\"\",\"publisher\":{\"@id\":\"https:\\\/\\\/qtmm.org\\\/qt\\\/#organization\"},\"potentialAction\":[{\"@type\":\"SearchAction\",\"target\":{\"@type\":\"EntryPoint\",\"urlTemplate\":\"https:\\\/\\\/qtmm.org\\\/qt\\\/?s={search_term_string}\"},\"query-input\":{\"@type\":\"PropertyValueSpecification\",\"valueRequired\":true,\"valueName\":\"search_term_string\"}}],\"inLanguage\":\"qt\"},{\"@type\":\"Organization\",\"@id\":\"https:\\\/\\\/qtmm.org\\\/qt\\\/#organization\",\"name\":\"\u041c\u0435\u0434\u0436\u043b\u0456\u0441\",\"url\":\"https:\\\/\\\/qtmm.org\\\/qt\\\/\",\"logo\":{\"@type\":\"ImageObject\",\"inLanguage\":\"qt\",\"@id\":\"https:\\\/\\\/qtmm.org\\\/qt\\\/#\\\/schema\\\/logo\\\/image\\\/\",\"url\":\"https:\\\/\\\/qtmm.org\\\/wp-content\\\/uploads\\\/2024\\\/12\\\/ua-mejlis-logo-rgb.svg\",\"contentUrl\":\"https:\\\/\\\/qtmm.org\\\/wp-content\\\/uploads\\\/2024\\\/12\\\/ua-mejlis-logo-rgb.svg\",\"caption\":\"\u041c\u0435\u0434\u0436\u043b\u0456\u0441\"},\"image\":{\"@id\":\"https:\\\/\\\/qtmm.org\\\/qt\\\/#\\\/schema\\\/logo\\\/image\\\/\"},\"sameAs\":[\"https:\\\/\\\/www.facebook.com\\\/qtmm.info\\\/\"]},{\"@type\":\"Person\",\"@id\":\"https:\\\/\\\/qtmm.org\\\/qt\\\/#\\\/schema\\\/person\\\/de562469f971dec226ac06e60bbf74a7\",\"name\":\"Developer\",\"image\":{\"@type\":\"ImageObject\",\"inLanguage\":\"qt\",\"@id\":\"https:\\\/\\\/secure.gravatar.com\\\/avatar\\\/392b4cc8fbfeb00b39dfeeab4ee6edded39ffd48e25858637e4765810300227e?s=96&d=mm&r=g\",\"url\":\"https:\\\/\\\/secure.gravatar.com\\\/avatar\\\/392b4cc8fbfeb00b39dfeeab4ee6edded39ffd48e25858637e4765810300227e?s=96&d=mm&r=g\",\"contentUrl\":\"https:\\\/\\\/secure.gravatar.com\\\/avatar\\\/392b4cc8fbfeb00b39dfeeab4ee6edded39ffd48e25858637e4765810300227e?s=96&d=mm&r=g\",\"caption\":\"Developer\"},\"url\":\"https:\\\/\\\/qtmm.org\\\/qt\\\/author\\\/Developer\\\/\"}]}<\/script>\n<!-- \/ Yoast SEO plugin. -->","yoast_head_json":{"title":"Viktor Plakida Meclis reisini do\u011f\u011fan k\u00fcn\u00fc ile hay\u0131rlad\u0131 - \u041c\u0435\u0434\u0436\u043b\u0456\u0441","robots":{"index":"index","follow":"follow","max-snippet":"max-snippet:-1","max-image-preview":"max-image-preview:large","max-video-preview":"max-video-preview:-1"},"canonical":"https:\/\/qtmm.org\/qt\/viktor-plakida-meclis-reisini-doggan-kunu-ile-hayirladi\/","og_locale":"en_US","og_type":"article","og_title":"Viktor Plakida Meclis reisini do\u011f\u011fan k\u00fcn\u00fc ile hay\u0131rlad\u0131 - \u041c\u0435\u0434\u0436\u043b\u0456\u0441","og_description":"Ukraina Prezidenti Q\u0131r\u0131mdaki Daimiy temsilcisini\u00f1 vazifesini eda etici Viktor Plakida ve on\u0131\u00f1 muavini \u0130braim Mamutov Q\u0131r\u0131mtatar halq\u0131 Meclisini\u00f1 reisini do\u011f\u011fan k\u00fcn\u00fcnen samimiy hay\u0131rlad\u0131lar. Noyabr 13 k\u00fcn\u00fc Meclis reisi 68 ya\u015f\u0131n\u0131 toldurd\u0131. Mustafa Cemilevni Meclis ofisinde hay\u0131rla\u011fan, Viktor Plakida ve \u0130braim Mamutov belli siyaset\u00e7ige s\u00f6nmez k\u00fc\u00e7-\u011fayret, sa\u011fl\u0131q, bolluq ve eyilik tilediler. &#8220;Sizi\u00f1 i\u015fi\u00f1izge sad\u0131ql\u0131\u011f\u0131\u00f1\u0131z, tecribe ve [&hellip;]","og_url":"https:\/\/qtmm.org\/qt\/viktor-plakida-meclis-reisini-doggan-kunu-ile-hayirladi\/","og_site_name":"\u041c\u0435\u0434\u0436\u043b\u0456\u0441","article_publisher":"https:\/\/www.facebook.com\/qtmm.info\/","article_published_time":"2011-11-14T18:54:00+00:00","article_modified_time":"2022-01-19T18:55:15+00:00","author":"Developer","twitter_card":"summary_large_image","twitter_misc":{"Written by":"Developer","Est. reading time":"1 minute"},"schema":{"@context":"https:\/\/schema.org","@graph":[{"@type":"Article","@id":"https:\/\/qtmm.org\/qt\/viktor-plakida-meclis-reisini-doggan-kunu-ile-hayirladi\/#article","isPartOf":{"@id":"https:\/\/qtmm.org\/qt\/viktor-plakida-meclis-reisini-doggan-kunu-ile-hayirladi\/"},"author":{"name":"Developer","@id":"https:\/\/qtmm.org\/qt\/#\/schema\/person\/de562469f971dec226ac06e60bbf74a7"},"headline":"Viktor Plakida Meclis reisini do\u011f\u011fan k\u00fcn\u00fc ile hay\u0131rlad\u0131","datePublished":"2011-11-14T18:54:00+00:00","dateModified":"2022-01-19T18:55:15+00:00","mainEntityOfPage":{"@id":"https:\/\/qtmm.org\/qt\/viktor-plakida-meclis-reisini-doggan-kunu-ile-hayirladi\/"},"wordCount":156,"commentCount":0,"publisher":{"@id":"https:\/\/qtmm.org\/qt\/#organization"},"articleSection":["Haberler"],"inLanguage":"qt","potentialAction":[{"@type":"CommentAction","name":"Comment","target":["https:\/\/qtmm.org\/qt\/viktor-plakida-meclis-reisini-doggan-kunu-ile-hayirladi\/#respond"]}]},{"@type":"WebPage","@id":"https:\/\/qtmm.org\/qt\/viktor-plakida-meclis-reisini-doggan-kunu-ile-hayirladi\/","url":"https:\/\/qtmm.org\/qt\/viktor-plakida-meclis-reisini-doggan-kunu-ile-hayirladi\/","name":"Viktor Plakida Meclis reisini do\u011f\u011fan k\u00fcn\u00fc ile hay\u0131rlad\u0131 - \u041c\u0435\u0434\u0436\u043b\u0456\u0441","isPartOf":{"@id":"https:\/\/qtmm.org\/qt\/#website"},"datePublished":"2011-11-14T18:54:00+00:00","dateModified":"2022-01-19T18:55:15+00:00","breadcrumb":{"@id":"https:\/\/qtmm.org\/qt\/viktor-plakida-meclis-reisini-doggan-kunu-ile-hayirladi\/#breadcrumb"},"inLanguage":"qt","potentialAction":[{"@type":"ReadAction","target":["https:\/\/qtmm.org\/qt\/viktor-plakida-meclis-reisini-doggan-kunu-ile-hayirladi\/"]}]},{"@type":"BreadcrumbList","@id":"https:\/\/qtmm.org\/qt\/viktor-plakida-meclis-reisini-doggan-kunu-ile-hayirladi\/#breadcrumb","itemListElement":[{"@type":"ListItem","position":1,"name":"\u0413\u043e\u043b\u043e\u0432\u043d\u0430","item":"https:\/\/qtmm.org\/qt\/"},{"@type":"ListItem","position":2,"name":"Viktor Plakida Meclis reisini do\u011f\u011fan k\u00fcn\u00fc ile hay\u0131rlad\u0131"}]},{"@type":"WebSite","@id":"https:\/\/qtmm.org\/qt\/#website","url":"https:\/\/qtmm.org\/qt\/","name":"\u041c\u0435\u0434\u0436\u043b\u0456\u0441","description":"","publisher":{"@id":"https:\/\/qtmm.org\/qt\/#organization"},"potentialAction":[{"@type":"SearchAction","target":{"@type":"EntryPoint","urlTemplate":"https:\/\/qtmm.org\/qt\/?s={search_term_string}"},"query-input":{"@type":"PropertyValueSpecification","valueRequired":true,"valueName":"search_term_string"}}],"inLanguage":"qt"},{"@type":"Organization","@id":"https:\/\/qtmm.org\/qt\/#organization","name":"\u041c\u0435\u0434\u0436\u043b\u0456\u0441","url":"https:\/\/qtmm.org\/qt\/","logo":{"@type":"ImageObject","inLanguage":"qt","@id":"https:\/\/qtmm.org\/qt\/#\/schema\/logo\/image\/","url":"https:\/\/qtmm.org\/wp-content\/uploads\/2024\/12\/ua-mejlis-logo-rgb.svg","contentUrl":"https:\/\/qtmm.org\/wp-content\/uploads\/2024\/12\/ua-mejlis-logo-rgb.svg","caption":"\u041c\u0435\u0434\u0436\u043b\u0456\u0441"},"image":{"@id":"https:\/\/qtmm.org\/qt\/#\/schema\/logo\/image\/"},"sameAs":["https:\/\/www.facebook.com\/qtmm.info\/"]},{"@type":"Person","@id":"https:\/\/qtmm.org\/qt\/#\/schema\/person\/de562469f971dec226ac06e60bbf74a7","name":"Developer","image":{"@type":"ImageObject","inLanguage":"qt","@id":"https:\/\/secure.gravatar.com\/avatar\/392b4cc8fbfeb00b39dfeeab4ee6edded39ffd48e25858637e4765810300227e?s=96&d=mm&r=g","url":"https:\/\/secure.gravatar.com\/avatar\/392b4cc8fbfeb00b39dfeeab4ee6edded39ffd48e25858637e4765810300227e?s=96&d=mm&r=g","contentUrl":"https:\/\/secure.gravatar.com\/avatar\/392b4cc8fbfeb00b39dfeeab4ee6edded39ffd48e25858637e4765810300227e?s=96&d=mm&r=g","caption":"Developer"},"url":"https:\/\/qtmm.org\/qt\/author\/Developer\/"}]}},"_links":{"self":[{"href":"https:\/\/qtmm.org\/qt\/wp-json\/wp\/v2\/posts\/26975","targetHints":{"allow":["GET"]}}],"collection":[{"href":"https:\/\/qtmm.org\/qt\/wp-json\/wp\/v2\/posts"}],"about":[{"href":"https:\/\/qtmm.org\/qt\/wp-json\/wp\/v2\/types\/post"}],"author":[{"embeddable":true,"href":"https:\/\/qtmm.org\/qt\/wp-json\/wp\/v2\/users\/1"}],"replies":[{"embeddable":true,"href":"https:\/\/qtmm.org\/qt\/wp-json\/wp\/v2\/comments?post=26975"}],"version-history":[{"count":1,"href":"https:\/\/qtmm.org\/qt\/wp-json\/wp\/v2\/posts\/26975\/revisions"}],"predecessor-version":[{"id":26976,"href":"https:\/\/qtmm.org\/qt\/wp-json\/wp\/v2\/posts\/26975\/revisions\/26976"}],"wp:attachment":[{"href":"https:\/\/qtmm.org\/qt\/wp-json\/wp\/v2\/media?parent=26975"}],"wp:term":[{"taxonomy":"category","embeddable":true,"href":"https:\/\/qtmm.org\/qt\/wp-json\/wp\/v2\/categories?post=26975"},{"taxonomy":"post_tag","embeddable":true,"href":"https:\/\/qtmm.org\/qt\/wp-json\/wp\/v2\/tags?post=26975"}],"curies":[{"name":"wp","href":"https:\/\/api.w.org\/{rel}","templated":true}]}}