




{"id":26973,"date":"2011-11-14T21:53:00","date_gmt":"2011-11-14T18:53:00","guid":{"rendered":"http:\/\/qtmm.org\/?p=26973"},"modified":"2022-01-19T21:54:40","modified_gmt":"2022-01-19T18:54:40","slug":"meclis-reisi-mustafa-cemilev-68-yascini-toldurdi","status":"publish","type":"post","link":"https:\/\/qtmm.org\/qt\/meclis-reisi-mustafa-cemilev-68-yascini-toldurdi\/","title":{"rendered":"Meclis reisi Mustafa Cemilev 68 ya\u015f\u00e7\u0131n\u0131 toldurd\u0131"},"content":{"rendered":"\n<p>2011 senesi noyabr 13 k\u00fcn\u00fc Q\u0131r\u0131mtatar halq\u0131 Meclisini\u00f1 reisi, Ukraina halq deputat\u0131 Mustafa Cemilev 68 ya\u015f\u00e7\u0131n\u0131 toldurd\u0131.<\/p>\n\n\n\n<p>\u00d6z do\u011f\u011fan k\u00fcn\u00fcni Mustafa Cemilev aile azalar\u0131, soy-aqrabalar\u0131 ve dostlar\u0131, zenaatda\u015flar\u0131nen birlikte qayd etti.<\/p>\n\n\n\n<p>Bu k\u00fcn\u00fc Mustafa Cemilevni\u00f1 ad\u0131na \u00e7oqtan-\u00e7oq hay\u0131rlav mekt\u00fcpleri ve telegrammalar keldi.<\/p>\n\n\n\n<p>C\u00fcmleden, Meclis reisini\u00a0Ukraina Prezidenti Viktor Yanukovi\u00e7\u00a0hay\u0131rlad\u0131.<\/p>\n\n\n\n<p><br>&#8220;\u00dcrmetli Mustafa! Sizni do\u011f\u011fan k\u00fcn\u00fc\u00f1iznen samimiy hay\u0131rlap, Sizge qaviy sa\u011fl\u0131q, aileviy baht, Ukraina devleti o\u011frunda areketleri\u00f1izde t\u00fckenmez \u011fayret ve ya\u00f1\u0131 ye\u00f1i\u015fler tileyim. Eminim ki, Sizi\u00f1 professional tecribe\u00f1iz, semetde\u015flerimizni\u00f1 problemlerini a\u00f1la\u011fan\u0131\u00f1\u0131z halq vekili vazifesini eda et\u00fcvi\u00f1izde yard\u0131mc\u0131\u00f1\u0131z olur. Sizge baht ve eyilik tileyim&#8221;, &#8211; denile Ukraina Prezidentini\u00f1 hay\u0131rlav\u0131nda.<\/p>\n\n\n\n<p>Ukraina Yuqar\u0131 \u015euras\u0131n\u0131\u00f1 reisi Vladimir Litvin, Yuqar\u0131 \u015euran\u0131\u00f1 bir \u00e7oq deputatlar\u0131, bun\u0131\u00f1 kibi de &#8220;Front zm\u0456n&#8221; partiyas\u0131n\u0131\u00f1 lideri Arseniy Yatsen\u00fck ve &#8220;UDAR&#8221; partiyas\u0131n\u0131\u00f1 yetek\u00e7isi Vitaliy Kli\u00e7ko, d\u00fcnyan\u0131\u00f1 \u00e7e\u015fit k\u00f6\u015felerinde ya\u015fa\u011fan arqada\u015flar\u0131 ve meslekde\u015fleri, ukrain siyasiy alan\u0131n\u0131\u00f1 vekilleri, bun\u0131\u00f1 kibi de bir s\u0131ra el\u00e7iler belli uquqqoruy\u0131c\u0131 Mustafa Cemilevni do\u011f\u011fan k\u00fcn\u00fcnen telefon vastas\u0131nen hay\u0131rlad\u0131lar.<br>&nbsp;<\/p>\n\n\n\n<p>\u00d6z hay\u0131rlavlar\u0131n\u0131 Ukraina Prezidenti Q\u0131r\u0131mdaki Daimiy temsilcisini\u00f1 vazifesini eda etici Viktor Plakida, Q\u0131r\u0131m Nazirler \u015furas\u0131 reisini\u00f1 muavini Aziz Abdullayev, Q\u0131r\u0131m Yuqar\u0131 \u015euras\u0131 reisini\u00f1 muavini Grigoriy \u0130offe, &#8220;Alraid&#8221; birle\u015fmesini\u00f1 ba\u015f\u0131 , doktor \u0130smail Qad\u0131, &#8220;Alraid&#8221; birle\u015fmesi Q\u0131r\u0131m te\u015fkil\u00e2t\u0131n\u0131\u00f1 reisi , doktor Muhammad Taha yollad\u0131lar.<\/p>\n\n\n\n<p>\u00d6z nevbetinde Mustafa Cemilev on\u0131 hay\u0131rla\u011fanlarn\u0131\u00f1 episine te\u015fekk\u00fcrlerini bildirdi.<\/p>\n","protected":false},"excerpt":{"rendered":"<p>2011 senesi noyabr 13 k\u00fcn\u00fc Q\u0131r\u0131mtatar halq\u0131 Meclisini\u00f1 reisi, Ukraina halq deputat\u0131 Mustafa Cemilev 68 ya\u015f\u00e7\u0131n\u0131 toldurd\u0131. \u00d6z do\u011f\u011fan k\u00fcn\u00fcni Mustafa Cemilev aile azalar\u0131, soy-aqrabalar\u0131 ve dostlar\u0131, zenaatda\u015flar\u0131nen birlikte qayd etti. Bu k\u00fcn\u00fc Mustafa Cemilevni\u00f1 ad\u0131na \u00e7oqtan-\u00e7oq hay\u0131rlav mekt\u00fcpleri ve telegrammalar keldi. C\u00fcmleden, Meclis reisini\u00a0Ukraina Prezidenti Viktor Yanukovi\u00e7\u00a0hay\u0131rlad\u0131. &#8220;\u00dcrmetli Mustafa! Sizni do\u011f\u011fan k\u00fcn\u00fc\u00f1iznen samimiy hay\u0131rlap, [&hellip;]<\/p>\n","protected":false},"author":1,"featured_media":0,"comment_status":"open","ping_status":"open","sticky":false,"template":"","format":"standard","meta":{"inline_featured_image":false,"footnotes":""},"categories":[265],"tags":[],"class_list":["post-26973","post","type-post","status-publish","format-standard","hentry","category-haberler"],"acf":[],"yoast_head":"<!-- This site is optimized with the Yoast SEO plugin v27.4 - https:\/\/yoast.com\/product\/yoast-seo-wordpress\/ -->\n<title>Meclis reisi Mustafa Cemilev 68 ya\u015f\u00e7\u0131n\u0131 toldurd\u0131 - \u041c\u0435\u0434\u0436\u043b\u0456\u0441<\/title>\n<meta name=\"robots\" content=\"index, follow, max-snippet:-1, max-image-preview:large, max-video-preview:-1\" \/>\n<link rel=\"canonical\" href=\"https:\/\/qtmm.org\/qt\/meclis-reisi-mustafa-cemilev-68-yascini-toldurdi\/\" \/>\n<meta property=\"og:locale\" content=\"en_US\" \/>\n<meta property=\"og:type\" content=\"article\" \/>\n<meta property=\"og:title\" content=\"Meclis reisi Mustafa Cemilev 68 ya\u015f\u00e7\u0131n\u0131 toldurd\u0131 - \u041c\u0435\u0434\u0436\u043b\u0456\u0441\" \/>\n<meta property=\"og:description\" content=\"2011 senesi noyabr 13 k\u00fcn\u00fc Q\u0131r\u0131mtatar halq\u0131 Meclisini\u00f1 reisi, Ukraina halq deputat\u0131 Mustafa Cemilev 68 ya\u015f\u00e7\u0131n\u0131 toldurd\u0131. \u00d6z do\u011f\u011fan k\u00fcn\u00fcni Mustafa Cemilev aile azalar\u0131, soy-aqrabalar\u0131 ve dostlar\u0131, zenaatda\u015flar\u0131nen birlikte qayd etti. Bu k\u00fcn\u00fc Mustafa Cemilevni\u00f1 ad\u0131na \u00e7oqtan-\u00e7oq hay\u0131rlav mekt\u00fcpleri ve telegrammalar keldi. C\u00fcmleden, Meclis reisini\u00a0Ukraina Prezidenti Viktor Yanukovi\u00e7\u00a0hay\u0131rlad\u0131. &#8220;\u00dcrmetli Mustafa! Sizni do\u011f\u011fan k\u00fcn\u00fc\u00f1iznen samimiy hay\u0131rlap, [&hellip;]\" \/>\n<meta property=\"og:url\" content=\"https:\/\/qtmm.org\/qt\/meclis-reisi-mustafa-cemilev-68-yascini-toldurdi\/\" \/>\n<meta property=\"og:site_name\" content=\"\u041c\u0435\u0434\u0436\u043b\u0456\u0441\" \/>\n<meta property=\"article:publisher\" content=\"https:\/\/www.facebook.com\/qtmm.info\/\" \/>\n<meta property=\"article:published_time\" content=\"2011-11-14T18:53:00+00:00\" \/>\n<meta property=\"article:modified_time\" content=\"2022-01-19T18:54:40+00:00\" \/>\n<meta name=\"author\" content=\"Developer\" \/>\n<meta name=\"twitter:card\" content=\"summary_large_image\" \/>\n<meta name=\"twitter:label1\" content=\"Written by\" \/>\n\t<meta name=\"twitter:data1\" content=\"Developer\" \/>\n\t<meta name=\"twitter:label2\" content=\"Est. reading time\" \/>\n\t<meta name=\"twitter:data2\" content=\"1 minute\" \/>\n<script type=\"application\/ld+json\" class=\"yoast-schema-graph\">{\"@context\":\"https:\\\/\\\/schema.org\",\"@graph\":[{\"@type\":\"Article\",\"@id\":\"https:\\\/\\\/qtmm.org\\\/qt\\\/meclis-reisi-mustafa-cemilev-68-yascini-toldurdi\\\/#article\",\"isPartOf\":{\"@id\":\"https:\\\/\\\/qtmm.org\\\/qt\\\/meclis-reisi-mustafa-cemilev-68-yascini-toldurdi\\\/\"},\"author\":{\"name\":\"Developer\",\"@id\":\"https:\\\/\\\/qtmm.org\\\/qt\\\/#\\\/schema\\\/person\\\/de562469f971dec226ac06e60bbf74a7\"},\"headline\":\"Meclis reisi Mustafa Cemilev 68 ya\u015f\u00e7\u0131n\u0131 toldurd\u0131\",\"datePublished\":\"2011-11-14T18:53:00+00:00\",\"dateModified\":\"2022-01-19T18:54:40+00:00\",\"mainEntityOfPage\":{\"@id\":\"https:\\\/\\\/qtmm.org\\\/qt\\\/meclis-reisi-mustafa-cemilev-68-yascini-toldurdi\\\/\"},\"wordCount\":286,\"commentCount\":0,\"publisher\":{\"@id\":\"https:\\\/\\\/qtmm.org\\\/qt\\\/#organization\"},\"articleSection\":[\"Haberler\"],\"inLanguage\":\"qt\",\"potentialAction\":[{\"@type\":\"CommentAction\",\"name\":\"Comment\",\"target\":[\"https:\\\/\\\/qtmm.org\\\/qt\\\/meclis-reisi-mustafa-cemilev-68-yascini-toldurdi\\\/#respond\"]}]},{\"@type\":\"WebPage\",\"@id\":\"https:\\\/\\\/qtmm.org\\\/qt\\\/meclis-reisi-mustafa-cemilev-68-yascini-toldurdi\\\/\",\"url\":\"https:\\\/\\\/qtmm.org\\\/qt\\\/meclis-reisi-mustafa-cemilev-68-yascini-toldurdi\\\/\",\"name\":\"Meclis reisi Mustafa Cemilev 68 ya\u015f\u00e7\u0131n\u0131 toldurd\u0131 - \u041c\u0435\u0434\u0436\u043b\u0456\u0441\",\"isPartOf\":{\"@id\":\"https:\\\/\\\/qtmm.org\\\/qt\\\/#website\"},\"datePublished\":\"2011-11-14T18:53:00+00:00\",\"dateModified\":\"2022-01-19T18:54:40+00:00\",\"breadcrumb\":{\"@id\":\"https:\\\/\\\/qtmm.org\\\/qt\\\/meclis-reisi-mustafa-cemilev-68-yascini-toldurdi\\\/#breadcrumb\"},\"inLanguage\":\"qt\",\"potentialAction\":[{\"@type\":\"ReadAction\",\"target\":[\"https:\\\/\\\/qtmm.org\\\/qt\\\/meclis-reisi-mustafa-cemilev-68-yascini-toldurdi\\\/\"]}]},{\"@type\":\"BreadcrumbList\",\"@id\":\"https:\\\/\\\/qtmm.org\\\/qt\\\/meclis-reisi-mustafa-cemilev-68-yascini-toldurdi\\\/#breadcrumb\",\"itemListElement\":[{\"@type\":\"ListItem\",\"position\":1,\"name\":\"\u0413\u043e\u043b\u043e\u0432\u043d\u0430\",\"item\":\"https:\\\/\\\/qtmm.org\\\/qt\\\/\"},{\"@type\":\"ListItem\",\"position\":2,\"name\":\"Meclis reisi Mustafa Cemilev 68 ya\u015f\u00e7\u0131n\u0131 toldurd\u0131\"}]},{\"@type\":\"WebSite\",\"@id\":\"https:\\\/\\\/qtmm.org\\\/qt\\\/#website\",\"url\":\"https:\\\/\\\/qtmm.org\\\/qt\\\/\",\"name\":\"\u041c\u0435\u0434\u0436\u043b\u0456\u0441\",\"description\":\"\",\"publisher\":{\"@id\":\"https:\\\/\\\/qtmm.org\\\/qt\\\/#organization\"},\"potentialAction\":[{\"@type\":\"SearchAction\",\"target\":{\"@type\":\"EntryPoint\",\"urlTemplate\":\"https:\\\/\\\/qtmm.org\\\/qt\\\/?s={search_term_string}\"},\"query-input\":{\"@type\":\"PropertyValueSpecification\",\"valueRequired\":true,\"valueName\":\"search_term_string\"}}],\"inLanguage\":\"qt\"},{\"@type\":\"Organization\",\"@id\":\"https:\\\/\\\/qtmm.org\\\/qt\\\/#organization\",\"name\":\"\u041c\u0435\u0434\u0436\u043b\u0456\u0441\",\"url\":\"https:\\\/\\\/qtmm.org\\\/qt\\\/\",\"logo\":{\"@type\":\"ImageObject\",\"inLanguage\":\"qt\",\"@id\":\"https:\\\/\\\/qtmm.org\\\/qt\\\/#\\\/schema\\\/logo\\\/image\\\/\",\"url\":\"https:\\\/\\\/qtmm.org\\\/wp-content\\\/uploads\\\/2024\\\/12\\\/ua-mejlis-logo-rgb.svg\",\"contentUrl\":\"https:\\\/\\\/qtmm.org\\\/wp-content\\\/uploads\\\/2024\\\/12\\\/ua-mejlis-logo-rgb.svg\",\"caption\":\"\u041c\u0435\u0434\u0436\u043b\u0456\u0441\"},\"image\":{\"@id\":\"https:\\\/\\\/qtmm.org\\\/qt\\\/#\\\/schema\\\/logo\\\/image\\\/\"},\"sameAs\":[\"https:\\\/\\\/www.facebook.com\\\/qtmm.info\\\/\"]},{\"@type\":\"Person\",\"@id\":\"https:\\\/\\\/qtmm.org\\\/qt\\\/#\\\/schema\\\/person\\\/de562469f971dec226ac06e60bbf74a7\",\"name\":\"Developer\",\"image\":{\"@type\":\"ImageObject\",\"inLanguage\":\"qt\",\"@id\":\"https:\\\/\\\/secure.gravatar.com\\\/avatar\\\/392b4cc8fbfeb00b39dfeeab4ee6edded39ffd48e25858637e4765810300227e?s=96&d=mm&r=g\",\"url\":\"https:\\\/\\\/secure.gravatar.com\\\/avatar\\\/392b4cc8fbfeb00b39dfeeab4ee6edded39ffd48e25858637e4765810300227e?s=96&d=mm&r=g\",\"contentUrl\":\"https:\\\/\\\/secure.gravatar.com\\\/avatar\\\/392b4cc8fbfeb00b39dfeeab4ee6edded39ffd48e25858637e4765810300227e?s=96&d=mm&r=g\",\"caption\":\"Developer\"},\"url\":\"https:\\\/\\\/qtmm.org\\\/qt\\\/author\\\/Developer\\\/\"}]}<\/script>\n<!-- \/ Yoast SEO plugin. -->","yoast_head_json":{"title":"Meclis reisi Mustafa Cemilev 68 ya\u015f\u00e7\u0131n\u0131 toldurd\u0131 - \u041c\u0435\u0434\u0436\u043b\u0456\u0441","robots":{"index":"index","follow":"follow","max-snippet":"max-snippet:-1","max-image-preview":"max-image-preview:large","max-video-preview":"max-video-preview:-1"},"canonical":"https:\/\/qtmm.org\/qt\/meclis-reisi-mustafa-cemilev-68-yascini-toldurdi\/","og_locale":"en_US","og_type":"article","og_title":"Meclis reisi Mustafa Cemilev 68 ya\u015f\u00e7\u0131n\u0131 toldurd\u0131 - \u041c\u0435\u0434\u0436\u043b\u0456\u0441","og_description":"2011 senesi noyabr 13 k\u00fcn\u00fc Q\u0131r\u0131mtatar halq\u0131 Meclisini\u00f1 reisi, Ukraina halq deputat\u0131 Mustafa Cemilev 68 ya\u015f\u00e7\u0131n\u0131 toldurd\u0131. \u00d6z do\u011f\u011fan k\u00fcn\u00fcni Mustafa Cemilev aile azalar\u0131, soy-aqrabalar\u0131 ve dostlar\u0131, zenaatda\u015flar\u0131nen birlikte qayd etti. Bu k\u00fcn\u00fc Mustafa Cemilevni\u00f1 ad\u0131na \u00e7oqtan-\u00e7oq hay\u0131rlav mekt\u00fcpleri ve telegrammalar keldi. C\u00fcmleden, Meclis reisini\u00a0Ukraina Prezidenti Viktor Yanukovi\u00e7\u00a0hay\u0131rlad\u0131. &#8220;\u00dcrmetli Mustafa! Sizni do\u011f\u011fan k\u00fcn\u00fc\u00f1iznen samimiy hay\u0131rlap, [&hellip;]","og_url":"https:\/\/qtmm.org\/qt\/meclis-reisi-mustafa-cemilev-68-yascini-toldurdi\/","og_site_name":"\u041c\u0435\u0434\u0436\u043b\u0456\u0441","article_publisher":"https:\/\/www.facebook.com\/qtmm.info\/","article_published_time":"2011-11-14T18:53:00+00:00","article_modified_time":"2022-01-19T18:54:40+00:00","author":"Developer","twitter_card":"summary_large_image","twitter_misc":{"Written by":"Developer","Est. reading time":"1 minute"},"schema":{"@context":"https:\/\/schema.org","@graph":[{"@type":"Article","@id":"https:\/\/qtmm.org\/qt\/meclis-reisi-mustafa-cemilev-68-yascini-toldurdi\/#article","isPartOf":{"@id":"https:\/\/qtmm.org\/qt\/meclis-reisi-mustafa-cemilev-68-yascini-toldurdi\/"},"author":{"name":"Developer","@id":"https:\/\/qtmm.org\/qt\/#\/schema\/person\/de562469f971dec226ac06e60bbf74a7"},"headline":"Meclis reisi Mustafa Cemilev 68 ya\u015f\u00e7\u0131n\u0131 toldurd\u0131","datePublished":"2011-11-14T18:53:00+00:00","dateModified":"2022-01-19T18:54:40+00:00","mainEntityOfPage":{"@id":"https:\/\/qtmm.org\/qt\/meclis-reisi-mustafa-cemilev-68-yascini-toldurdi\/"},"wordCount":286,"commentCount":0,"publisher":{"@id":"https:\/\/qtmm.org\/qt\/#organization"},"articleSection":["Haberler"],"inLanguage":"qt","potentialAction":[{"@type":"CommentAction","name":"Comment","target":["https:\/\/qtmm.org\/qt\/meclis-reisi-mustafa-cemilev-68-yascini-toldurdi\/#respond"]}]},{"@type":"WebPage","@id":"https:\/\/qtmm.org\/qt\/meclis-reisi-mustafa-cemilev-68-yascini-toldurdi\/","url":"https:\/\/qtmm.org\/qt\/meclis-reisi-mustafa-cemilev-68-yascini-toldurdi\/","name":"Meclis reisi Mustafa Cemilev 68 ya\u015f\u00e7\u0131n\u0131 toldurd\u0131 - \u041c\u0435\u0434\u0436\u043b\u0456\u0441","isPartOf":{"@id":"https:\/\/qtmm.org\/qt\/#website"},"datePublished":"2011-11-14T18:53:00+00:00","dateModified":"2022-01-19T18:54:40+00:00","breadcrumb":{"@id":"https:\/\/qtmm.org\/qt\/meclis-reisi-mustafa-cemilev-68-yascini-toldurdi\/#breadcrumb"},"inLanguage":"qt","potentialAction":[{"@type":"ReadAction","target":["https:\/\/qtmm.org\/qt\/meclis-reisi-mustafa-cemilev-68-yascini-toldurdi\/"]}]},{"@type":"BreadcrumbList","@id":"https:\/\/qtmm.org\/qt\/meclis-reisi-mustafa-cemilev-68-yascini-toldurdi\/#breadcrumb","itemListElement":[{"@type":"ListItem","position":1,"name":"\u0413\u043e\u043b\u043e\u0432\u043d\u0430","item":"https:\/\/qtmm.org\/qt\/"},{"@type":"ListItem","position":2,"name":"Meclis reisi Mustafa Cemilev 68 ya\u015f\u00e7\u0131n\u0131 toldurd\u0131"}]},{"@type":"WebSite","@id":"https:\/\/qtmm.org\/qt\/#website","url":"https:\/\/qtmm.org\/qt\/","name":"\u041c\u0435\u0434\u0436\u043b\u0456\u0441","description":"","publisher":{"@id":"https:\/\/qtmm.org\/qt\/#organization"},"potentialAction":[{"@type":"SearchAction","target":{"@type":"EntryPoint","urlTemplate":"https:\/\/qtmm.org\/qt\/?s={search_term_string}"},"query-input":{"@type":"PropertyValueSpecification","valueRequired":true,"valueName":"search_term_string"}}],"inLanguage":"qt"},{"@type":"Organization","@id":"https:\/\/qtmm.org\/qt\/#organization","name":"\u041c\u0435\u0434\u0436\u043b\u0456\u0441","url":"https:\/\/qtmm.org\/qt\/","logo":{"@type":"ImageObject","inLanguage":"qt","@id":"https:\/\/qtmm.org\/qt\/#\/schema\/logo\/image\/","url":"https:\/\/qtmm.org\/wp-content\/uploads\/2024\/12\/ua-mejlis-logo-rgb.svg","contentUrl":"https:\/\/qtmm.org\/wp-content\/uploads\/2024\/12\/ua-mejlis-logo-rgb.svg","caption":"\u041c\u0435\u0434\u0436\u043b\u0456\u0441"},"image":{"@id":"https:\/\/qtmm.org\/qt\/#\/schema\/logo\/image\/"},"sameAs":["https:\/\/www.facebook.com\/qtmm.info\/"]},{"@type":"Person","@id":"https:\/\/qtmm.org\/qt\/#\/schema\/person\/de562469f971dec226ac06e60bbf74a7","name":"Developer","image":{"@type":"ImageObject","inLanguage":"qt","@id":"https:\/\/secure.gravatar.com\/avatar\/392b4cc8fbfeb00b39dfeeab4ee6edded39ffd48e25858637e4765810300227e?s=96&d=mm&r=g","url":"https:\/\/secure.gravatar.com\/avatar\/392b4cc8fbfeb00b39dfeeab4ee6edded39ffd48e25858637e4765810300227e?s=96&d=mm&r=g","contentUrl":"https:\/\/secure.gravatar.com\/avatar\/392b4cc8fbfeb00b39dfeeab4ee6edded39ffd48e25858637e4765810300227e?s=96&d=mm&r=g","caption":"Developer"},"url":"https:\/\/qtmm.org\/qt\/author\/Developer\/"}]}},"_links":{"self":[{"href":"https:\/\/qtmm.org\/qt\/wp-json\/wp\/v2\/posts\/26973","targetHints":{"allow":["GET"]}}],"collection":[{"href":"https:\/\/qtmm.org\/qt\/wp-json\/wp\/v2\/posts"}],"about":[{"href":"https:\/\/qtmm.org\/qt\/wp-json\/wp\/v2\/types\/post"}],"author":[{"embeddable":true,"href":"https:\/\/qtmm.org\/qt\/wp-json\/wp\/v2\/users\/1"}],"replies":[{"embeddable":true,"href":"https:\/\/qtmm.org\/qt\/wp-json\/wp\/v2\/comments?post=26973"}],"version-history":[{"count":1,"href":"https:\/\/qtmm.org\/qt\/wp-json\/wp\/v2\/posts\/26973\/revisions"}],"predecessor-version":[{"id":26974,"href":"https:\/\/qtmm.org\/qt\/wp-json\/wp\/v2\/posts\/26973\/revisions\/26974"}],"wp:attachment":[{"href":"https:\/\/qtmm.org\/qt\/wp-json\/wp\/v2\/media?parent=26973"}],"wp:term":[{"taxonomy":"category","embeddable":true,"href":"https:\/\/qtmm.org\/qt\/wp-json\/wp\/v2\/categories?post=26973"},{"taxonomy":"post_tag","embeddable":true,"href":"https:\/\/qtmm.org\/qt\/wp-json\/wp\/v2\/tags?post=26973"}],"curies":[{"name":"wp","href":"https:\/\/api.w.org\/{rel}","templated":true}]}}