




{"id":26921,"date":"2011-11-10T21:49:00","date_gmt":"2011-11-10T18:49:00","guid":{"rendered":"http:\/\/qtmm.org\/?p=26921"},"modified":"2022-01-19T21:50:16","modified_gmt":"2022-01-19T18:50:16","slug":"meclis-reisi-m-cemilev-qirim-bas-naziri-a-mogilovnen-korusti","status":"publish","type":"post","link":"https:\/\/qtmm.org\/qt\/meclis-reisi-m-cemilev-qirim-bas-naziri-a-mogilovnen-korusti\/","title":{"rendered":"Meclis reisi M.Cemilev Q\u0131r\u0131m Ba\u015f naziri A.Mogil\u00f6vnen k\u00f6r\u00fc\u015fti"},"content":{"rendered":"\n<p>2011 senesi noyabr 9 k\u00fcn\u00fc Q\u0131r\u0131mtatar halq\u0131 Meclisini\u00f1 reisi, Ukraina halq deputat\u0131 Mustafa Cemilev, on\u0131\u00f1 birinci muavini, Q\u0131r\u0131m Yuqar\u0131 \u015euras\u0131nda &#8220;Qurultay-Ruh&#8221; fraktsiyas\u0131n\u0131\u00f1 ba\u015f\u0131 Refat \u00c7ubarov ve Q\u0131r\u0131m Nazirler \u015euras\u0131n\u0131\u00f1 ya\u00f1\u0131 tayinlengen reisi Anatoliy Mogil\u00f6v, Ukraina halq deputat\u0131, Ukraina Yuqar\u0131 \u015euras\u0131n\u0131\u00f1 Q\u0131r\u0131m Muhtar Cumhuriyeti meseleleri boyunca muvaqqat komissiyas\u0131n\u0131\u00f1 ba\u015f\u0131 B\u00f6ris Dey\u00e7ni\u00f1 i\u015f k\u00f6r\u00fc\u015f\u00fcvi ol\u0131p ke\u00e7ti.<\/p>\n\n\n\n<p>K\u00f6r\u00fc\u015f\u00fcv i\u015ftirak\u00e7ileri acele \u00e7ezilmesi zarur meselelerni ve olarn\u0131\u00f1 \u00e7ezimine Q\u0131r\u0131m Nazirler \u015euras\u0131 ve Ukraina halq deputatlar\u0131n\u0131\u00f1 areketlerini celp et\u00fcv meselelerini muzakere ettiler.<\/p>\n\n\n\n<p>Q\u0131r\u0131mtatar halq\u0131 Meclisini\u00f1 reisi, Ukraina halq deputat\u0131 Mustafa Cemilev \u00f6z subetde\u015flerini\u00f1 diqqat\u0131n\u0131 q\u0131r\u0131mtatar halq\u0131n\u0131\u00f1 aq-uquqlar\u0131n\u0131 \u011fayr\u0131dan tiklenilmesini temin etken meseleler ve Ukraina Devlet b\u00fccetini\u00f1 2012 senesine leyhas\u0131na, hususan Q\u0131r\u0131mdan milliy mens\u00fcpligine k\u00f6re s\u00fcrg\u00fcn etilgen q\u0131r\u0131mtatarlar ve digger millet vekillerini\u00f1 qaytar\u0131lmas\u0131 ve yerle\u015ftirilmesine ay\u0131r\u0131lmas\u0131 k\u00f6zde tutul\u011fan sermiyalar\u011fa ait q\u0131sm\u0131na, celp etti. Bun\u0131\u00f1 kibi de o, Q\u0131r\u0131mdaki dinlerara munasebetlerge, yar\u0131mada sakinlerini topraqnen adaletli teminlevge Meclisni\u00f1 noqtai-nazar\u0131n\u0131 beyan etti.<\/p>\n\n\n\n<p>Q\u0131r\u0131m Nazirler \u015euras\u0131n\u0131\u00f1 reisi Anatoliy Mogil\u00f6v toplan\u0131p qal\u011fan problemlerni \u00e7ezmek i\u00e7\u00fcn akimiyet organlar\u0131 ve yar\u0131madadaki siyasiy ve cemaat te\u015fkil\u00e2tlar\u0131 vekilleri aras\u0131ndaki daimiy dialogn\u0131\u00f1 m\u00fcimligini qayd etti.<\/p>\n\n\n\n<p>Ukraina Yuqar\u0131 \u015euras\u0131 Muvaqqat komissiyas\u0131n\u0131\u00f1 reisi B\u00f6ris Dey\u00e7 reberligi alt\u0131ndaki komissiyan\u0131\u00f1 Q\u0131r\u0131m inki\u015faf\u0131 meselelerini\u00f1 qanuniy teminlenmesi o\u011frunda faaliyeti aqq\u0131nda mal\u00fcmat berdi.<\/p>\n\n\n\n<p>K\u00f6r\u00fc\u015f\u00fcvni\u00f1 so\u00f1unda on\u0131\u00f1 i\u015ftirak\u00e7ileri kelecekte de Q\u0131r\u0131mn\u0131\u00f1 inki\u015faf\u0131n\u0131 ve yar\u0131madada bar\u0131\u015f\u0131ql\u0131qn\u0131 teminleycek meselelerni\u00f1 \u00f6z vaqt\u0131nda \u00e7ezmek maqsad\u0131nda dialogn\u0131 devam etmek fikirini bildirdiler.<\/p>\n","protected":false},"excerpt":{"rendered":"<p>2011 senesi noyabr 9 k\u00fcn\u00fc Q\u0131r\u0131mtatar halq\u0131 Meclisini\u00f1 reisi, Ukraina halq deputat\u0131 Mustafa Cemilev, on\u0131\u00f1 birinci muavini, Q\u0131r\u0131m Yuqar\u0131 \u015euras\u0131nda &#8220;Qurultay-Ruh&#8221; fraktsiyas\u0131n\u0131\u00f1 ba\u015f\u0131 Refat \u00c7ubarov ve Q\u0131r\u0131m Nazirler \u015euras\u0131n\u0131\u00f1 ya\u00f1\u0131 tayinlengen reisi Anatoliy Mogil\u00f6v, Ukraina halq deputat\u0131, Ukraina Yuqar\u0131 \u015euras\u0131n\u0131\u00f1 Q\u0131r\u0131m Muhtar Cumhuriyeti meseleleri boyunca muvaqqat komissiyas\u0131n\u0131\u00f1 ba\u015f\u0131 B\u00f6ris Dey\u00e7ni\u00f1 i\u015f k\u00f6r\u00fc\u015f\u00fcvi ol\u0131p ke\u00e7ti. K\u00f6r\u00fc\u015f\u00fcv [&hellip;]<\/p>\n","protected":false},"author":1,"featured_media":0,"comment_status":"open","ping_status":"open","sticky":false,"template":"","format":"standard","meta":{"inline_featured_image":false,"footnotes":""},"categories":[265],"tags":[],"class_list":["post-26921","post","type-post","status-publish","format-standard","hentry","category-haberler"],"acf":[],"yoast_head":"<!-- This site is optimized with the Yoast SEO plugin v27.4 - https:\/\/yoast.com\/product\/yoast-seo-wordpress\/ -->\n<title>Meclis reisi M.Cemilev Q\u0131r\u0131m Ba\u015f naziri A.Mogil\u00f6vnen k\u00f6r\u00fc\u015fti - \u041c\u0435\u0434\u0436\u043b\u0456\u0441<\/title>\n<meta name=\"robots\" content=\"index, follow, max-snippet:-1, max-image-preview:large, max-video-preview:-1\" \/>\n<link rel=\"canonical\" href=\"https:\/\/qtmm.org\/qt\/meclis-reisi-m-cemilev-qirim-bas-naziri-a-mogilovnen-korusti\/\" \/>\n<meta property=\"og:locale\" content=\"en_US\" \/>\n<meta property=\"og:type\" content=\"article\" \/>\n<meta property=\"og:title\" content=\"Meclis reisi M.Cemilev Q\u0131r\u0131m Ba\u015f naziri A.Mogil\u00f6vnen k\u00f6r\u00fc\u015fti - \u041c\u0435\u0434\u0436\u043b\u0456\u0441\" \/>\n<meta property=\"og:description\" content=\"2011 senesi noyabr 9 k\u00fcn\u00fc Q\u0131r\u0131mtatar halq\u0131 Meclisini\u00f1 reisi, Ukraina halq deputat\u0131 Mustafa Cemilev, on\u0131\u00f1 birinci muavini, Q\u0131r\u0131m Yuqar\u0131 \u015euras\u0131nda &#8220;Qurultay-Ruh&#8221; fraktsiyas\u0131n\u0131\u00f1 ba\u015f\u0131 Refat \u00c7ubarov ve Q\u0131r\u0131m Nazirler \u015euras\u0131n\u0131\u00f1 ya\u00f1\u0131 tayinlengen reisi Anatoliy Mogil\u00f6v, Ukraina halq deputat\u0131, Ukraina Yuqar\u0131 \u015euras\u0131n\u0131\u00f1 Q\u0131r\u0131m Muhtar Cumhuriyeti meseleleri boyunca muvaqqat komissiyas\u0131n\u0131\u00f1 ba\u015f\u0131 B\u00f6ris Dey\u00e7ni\u00f1 i\u015f k\u00f6r\u00fc\u015f\u00fcvi ol\u0131p ke\u00e7ti. K\u00f6r\u00fc\u015f\u00fcv [&hellip;]\" \/>\n<meta property=\"og:url\" content=\"https:\/\/qtmm.org\/qt\/meclis-reisi-m-cemilev-qirim-bas-naziri-a-mogilovnen-korusti\/\" \/>\n<meta property=\"og:site_name\" content=\"\u041c\u0435\u0434\u0436\u043b\u0456\u0441\" \/>\n<meta property=\"article:publisher\" content=\"https:\/\/www.facebook.com\/qtmm.info\/\" \/>\n<meta property=\"article:published_time\" content=\"2011-11-10T18:49:00+00:00\" \/>\n<meta property=\"article:modified_time\" content=\"2022-01-19T18:50:16+00:00\" \/>\n<meta name=\"author\" content=\"Developer\" \/>\n<meta name=\"twitter:card\" content=\"summary_large_image\" \/>\n<meta name=\"twitter:label1\" content=\"Written by\" \/>\n\t<meta name=\"twitter:data1\" content=\"Developer\" \/>\n\t<meta name=\"twitter:label2\" content=\"Est. reading time\" \/>\n\t<meta name=\"twitter:data2\" content=\"2 minutes\" \/>\n<script type=\"application\/ld+json\" class=\"yoast-schema-graph\">{\"@context\":\"https:\\\/\\\/schema.org\",\"@graph\":[{\"@type\":\"Article\",\"@id\":\"https:\\\/\\\/qtmm.org\\\/qt\\\/meclis-reisi-m-cemilev-qirim-bas-naziri-a-mogilovnen-korusti\\\/#article\",\"isPartOf\":{\"@id\":\"https:\\\/\\\/qtmm.org\\\/qt\\\/meclis-reisi-m-cemilev-qirim-bas-naziri-a-mogilovnen-korusti\\\/\"},\"author\":{\"name\":\"Developer\",\"@id\":\"https:\\\/\\\/qtmm.org\\\/qt\\\/#\\\/schema\\\/person\\\/de562469f971dec226ac06e60bbf74a7\"},\"headline\":\"Meclis reisi M.Cemilev Q\u0131r\u0131m Ba\u015f naziri A.Mogil\u00f6vnen k\u00f6r\u00fc\u015fti\",\"datePublished\":\"2011-11-10T18:49:00+00:00\",\"dateModified\":\"2022-01-19T18:50:16+00:00\",\"mainEntityOfPage\":{\"@id\":\"https:\\\/\\\/qtmm.org\\\/qt\\\/meclis-reisi-m-cemilev-qirim-bas-naziri-a-mogilovnen-korusti\\\/\"},\"wordCount\":319,\"commentCount\":0,\"publisher\":{\"@id\":\"https:\\\/\\\/qtmm.org\\\/qt\\\/#organization\"},\"articleSection\":[\"Haberler\"],\"inLanguage\":\"qt\",\"potentialAction\":[{\"@type\":\"CommentAction\",\"name\":\"Comment\",\"target\":[\"https:\\\/\\\/qtmm.org\\\/qt\\\/meclis-reisi-m-cemilev-qirim-bas-naziri-a-mogilovnen-korusti\\\/#respond\"]}]},{\"@type\":\"WebPage\",\"@id\":\"https:\\\/\\\/qtmm.org\\\/qt\\\/meclis-reisi-m-cemilev-qirim-bas-naziri-a-mogilovnen-korusti\\\/\",\"url\":\"https:\\\/\\\/qtmm.org\\\/qt\\\/meclis-reisi-m-cemilev-qirim-bas-naziri-a-mogilovnen-korusti\\\/\",\"name\":\"Meclis reisi M.Cemilev Q\u0131r\u0131m Ba\u015f naziri A.Mogil\u00f6vnen k\u00f6r\u00fc\u015fti - \u041c\u0435\u0434\u0436\u043b\u0456\u0441\",\"isPartOf\":{\"@id\":\"https:\\\/\\\/qtmm.org\\\/qt\\\/#website\"},\"datePublished\":\"2011-11-10T18:49:00+00:00\",\"dateModified\":\"2022-01-19T18:50:16+00:00\",\"breadcrumb\":{\"@id\":\"https:\\\/\\\/qtmm.org\\\/qt\\\/meclis-reisi-m-cemilev-qirim-bas-naziri-a-mogilovnen-korusti\\\/#breadcrumb\"},\"inLanguage\":\"qt\",\"potentialAction\":[{\"@type\":\"ReadAction\",\"target\":[\"https:\\\/\\\/qtmm.org\\\/qt\\\/meclis-reisi-m-cemilev-qirim-bas-naziri-a-mogilovnen-korusti\\\/\"]}]},{\"@type\":\"BreadcrumbList\",\"@id\":\"https:\\\/\\\/qtmm.org\\\/qt\\\/meclis-reisi-m-cemilev-qirim-bas-naziri-a-mogilovnen-korusti\\\/#breadcrumb\",\"itemListElement\":[{\"@type\":\"ListItem\",\"position\":1,\"name\":\"\u0413\u043e\u043b\u043e\u0432\u043d\u0430\",\"item\":\"https:\\\/\\\/qtmm.org\\\/qt\\\/\"},{\"@type\":\"ListItem\",\"position\":2,\"name\":\"Meclis reisi M.Cemilev Q\u0131r\u0131m Ba\u015f naziri A.Mogil\u00f6vnen k\u00f6r\u00fc\u015fti\"}]},{\"@type\":\"WebSite\",\"@id\":\"https:\\\/\\\/qtmm.org\\\/qt\\\/#website\",\"url\":\"https:\\\/\\\/qtmm.org\\\/qt\\\/\",\"name\":\"\u041c\u0435\u0434\u0436\u043b\u0456\u0441\",\"description\":\"\",\"publisher\":{\"@id\":\"https:\\\/\\\/qtmm.org\\\/qt\\\/#organization\"},\"potentialAction\":[{\"@type\":\"SearchAction\",\"target\":{\"@type\":\"EntryPoint\",\"urlTemplate\":\"https:\\\/\\\/qtmm.org\\\/qt\\\/?s={search_term_string}\"},\"query-input\":{\"@type\":\"PropertyValueSpecification\",\"valueRequired\":true,\"valueName\":\"search_term_string\"}}],\"inLanguage\":\"qt\"},{\"@type\":\"Organization\",\"@id\":\"https:\\\/\\\/qtmm.org\\\/qt\\\/#organization\",\"name\":\"\u041c\u0435\u0434\u0436\u043b\u0456\u0441\",\"url\":\"https:\\\/\\\/qtmm.org\\\/qt\\\/\",\"logo\":{\"@type\":\"ImageObject\",\"inLanguage\":\"qt\",\"@id\":\"https:\\\/\\\/qtmm.org\\\/qt\\\/#\\\/schema\\\/logo\\\/image\\\/\",\"url\":\"https:\\\/\\\/qtmm.org\\\/wp-content\\\/uploads\\\/2024\\\/12\\\/ua-mejlis-logo-rgb.svg\",\"contentUrl\":\"https:\\\/\\\/qtmm.org\\\/wp-content\\\/uploads\\\/2024\\\/12\\\/ua-mejlis-logo-rgb.svg\",\"caption\":\"\u041c\u0435\u0434\u0436\u043b\u0456\u0441\"},\"image\":{\"@id\":\"https:\\\/\\\/qtmm.org\\\/qt\\\/#\\\/schema\\\/logo\\\/image\\\/\"},\"sameAs\":[\"https:\\\/\\\/www.facebook.com\\\/qtmm.info\\\/\"]},{\"@type\":\"Person\",\"@id\":\"https:\\\/\\\/qtmm.org\\\/qt\\\/#\\\/schema\\\/person\\\/de562469f971dec226ac06e60bbf74a7\",\"name\":\"Developer\",\"image\":{\"@type\":\"ImageObject\",\"inLanguage\":\"qt\",\"@id\":\"https:\\\/\\\/secure.gravatar.com\\\/avatar\\\/392b4cc8fbfeb00b39dfeeab4ee6edded39ffd48e25858637e4765810300227e?s=96&d=mm&r=g\",\"url\":\"https:\\\/\\\/secure.gravatar.com\\\/avatar\\\/392b4cc8fbfeb00b39dfeeab4ee6edded39ffd48e25858637e4765810300227e?s=96&d=mm&r=g\",\"contentUrl\":\"https:\\\/\\\/secure.gravatar.com\\\/avatar\\\/392b4cc8fbfeb00b39dfeeab4ee6edded39ffd48e25858637e4765810300227e?s=96&d=mm&r=g\",\"caption\":\"Developer\"},\"url\":\"https:\\\/\\\/qtmm.org\\\/qt\\\/author\\\/Developer\\\/\"}]}<\/script>\n<!-- \/ Yoast SEO plugin. -->","yoast_head_json":{"title":"Meclis reisi M.Cemilev Q\u0131r\u0131m Ba\u015f naziri A.Mogil\u00f6vnen k\u00f6r\u00fc\u015fti - \u041c\u0435\u0434\u0436\u043b\u0456\u0441","robots":{"index":"index","follow":"follow","max-snippet":"max-snippet:-1","max-image-preview":"max-image-preview:large","max-video-preview":"max-video-preview:-1"},"canonical":"https:\/\/qtmm.org\/qt\/meclis-reisi-m-cemilev-qirim-bas-naziri-a-mogilovnen-korusti\/","og_locale":"en_US","og_type":"article","og_title":"Meclis reisi M.Cemilev Q\u0131r\u0131m Ba\u015f naziri A.Mogil\u00f6vnen k\u00f6r\u00fc\u015fti - \u041c\u0435\u0434\u0436\u043b\u0456\u0441","og_description":"2011 senesi noyabr 9 k\u00fcn\u00fc Q\u0131r\u0131mtatar halq\u0131 Meclisini\u00f1 reisi, Ukraina halq deputat\u0131 Mustafa Cemilev, on\u0131\u00f1 birinci muavini, Q\u0131r\u0131m Yuqar\u0131 \u015euras\u0131nda &#8220;Qurultay-Ruh&#8221; fraktsiyas\u0131n\u0131\u00f1 ba\u015f\u0131 Refat \u00c7ubarov ve Q\u0131r\u0131m Nazirler \u015euras\u0131n\u0131\u00f1 ya\u00f1\u0131 tayinlengen reisi Anatoliy Mogil\u00f6v, Ukraina halq deputat\u0131, Ukraina Yuqar\u0131 \u015euras\u0131n\u0131\u00f1 Q\u0131r\u0131m Muhtar Cumhuriyeti meseleleri boyunca muvaqqat komissiyas\u0131n\u0131\u00f1 ba\u015f\u0131 B\u00f6ris Dey\u00e7ni\u00f1 i\u015f k\u00f6r\u00fc\u015f\u00fcvi ol\u0131p ke\u00e7ti. K\u00f6r\u00fc\u015f\u00fcv [&hellip;]","og_url":"https:\/\/qtmm.org\/qt\/meclis-reisi-m-cemilev-qirim-bas-naziri-a-mogilovnen-korusti\/","og_site_name":"\u041c\u0435\u0434\u0436\u043b\u0456\u0441","article_publisher":"https:\/\/www.facebook.com\/qtmm.info\/","article_published_time":"2011-11-10T18:49:00+00:00","article_modified_time":"2022-01-19T18:50:16+00:00","author":"Developer","twitter_card":"summary_large_image","twitter_misc":{"Written by":"Developer","Est. reading time":"2 minutes"},"schema":{"@context":"https:\/\/schema.org","@graph":[{"@type":"Article","@id":"https:\/\/qtmm.org\/qt\/meclis-reisi-m-cemilev-qirim-bas-naziri-a-mogilovnen-korusti\/#article","isPartOf":{"@id":"https:\/\/qtmm.org\/qt\/meclis-reisi-m-cemilev-qirim-bas-naziri-a-mogilovnen-korusti\/"},"author":{"name":"Developer","@id":"https:\/\/qtmm.org\/qt\/#\/schema\/person\/de562469f971dec226ac06e60bbf74a7"},"headline":"Meclis reisi M.Cemilev Q\u0131r\u0131m Ba\u015f naziri A.Mogil\u00f6vnen k\u00f6r\u00fc\u015fti","datePublished":"2011-11-10T18:49:00+00:00","dateModified":"2022-01-19T18:50:16+00:00","mainEntityOfPage":{"@id":"https:\/\/qtmm.org\/qt\/meclis-reisi-m-cemilev-qirim-bas-naziri-a-mogilovnen-korusti\/"},"wordCount":319,"commentCount":0,"publisher":{"@id":"https:\/\/qtmm.org\/qt\/#organization"},"articleSection":["Haberler"],"inLanguage":"qt","potentialAction":[{"@type":"CommentAction","name":"Comment","target":["https:\/\/qtmm.org\/qt\/meclis-reisi-m-cemilev-qirim-bas-naziri-a-mogilovnen-korusti\/#respond"]}]},{"@type":"WebPage","@id":"https:\/\/qtmm.org\/qt\/meclis-reisi-m-cemilev-qirim-bas-naziri-a-mogilovnen-korusti\/","url":"https:\/\/qtmm.org\/qt\/meclis-reisi-m-cemilev-qirim-bas-naziri-a-mogilovnen-korusti\/","name":"Meclis reisi M.Cemilev Q\u0131r\u0131m Ba\u015f naziri A.Mogil\u00f6vnen k\u00f6r\u00fc\u015fti - \u041c\u0435\u0434\u0436\u043b\u0456\u0441","isPartOf":{"@id":"https:\/\/qtmm.org\/qt\/#website"},"datePublished":"2011-11-10T18:49:00+00:00","dateModified":"2022-01-19T18:50:16+00:00","breadcrumb":{"@id":"https:\/\/qtmm.org\/qt\/meclis-reisi-m-cemilev-qirim-bas-naziri-a-mogilovnen-korusti\/#breadcrumb"},"inLanguage":"qt","potentialAction":[{"@type":"ReadAction","target":["https:\/\/qtmm.org\/qt\/meclis-reisi-m-cemilev-qirim-bas-naziri-a-mogilovnen-korusti\/"]}]},{"@type":"BreadcrumbList","@id":"https:\/\/qtmm.org\/qt\/meclis-reisi-m-cemilev-qirim-bas-naziri-a-mogilovnen-korusti\/#breadcrumb","itemListElement":[{"@type":"ListItem","position":1,"name":"\u0413\u043e\u043b\u043e\u0432\u043d\u0430","item":"https:\/\/qtmm.org\/qt\/"},{"@type":"ListItem","position":2,"name":"Meclis reisi M.Cemilev Q\u0131r\u0131m Ba\u015f naziri A.Mogil\u00f6vnen k\u00f6r\u00fc\u015fti"}]},{"@type":"WebSite","@id":"https:\/\/qtmm.org\/qt\/#website","url":"https:\/\/qtmm.org\/qt\/","name":"\u041c\u0435\u0434\u0436\u043b\u0456\u0441","description":"","publisher":{"@id":"https:\/\/qtmm.org\/qt\/#organization"},"potentialAction":[{"@type":"SearchAction","target":{"@type":"EntryPoint","urlTemplate":"https:\/\/qtmm.org\/qt\/?s={search_term_string}"},"query-input":{"@type":"PropertyValueSpecification","valueRequired":true,"valueName":"search_term_string"}}],"inLanguage":"qt"},{"@type":"Organization","@id":"https:\/\/qtmm.org\/qt\/#organization","name":"\u041c\u0435\u0434\u0436\u043b\u0456\u0441","url":"https:\/\/qtmm.org\/qt\/","logo":{"@type":"ImageObject","inLanguage":"qt","@id":"https:\/\/qtmm.org\/qt\/#\/schema\/logo\/image\/","url":"https:\/\/qtmm.org\/wp-content\/uploads\/2024\/12\/ua-mejlis-logo-rgb.svg","contentUrl":"https:\/\/qtmm.org\/wp-content\/uploads\/2024\/12\/ua-mejlis-logo-rgb.svg","caption":"\u041c\u0435\u0434\u0436\u043b\u0456\u0441"},"image":{"@id":"https:\/\/qtmm.org\/qt\/#\/schema\/logo\/image\/"},"sameAs":["https:\/\/www.facebook.com\/qtmm.info\/"]},{"@type":"Person","@id":"https:\/\/qtmm.org\/qt\/#\/schema\/person\/de562469f971dec226ac06e60bbf74a7","name":"Developer","image":{"@type":"ImageObject","inLanguage":"qt","@id":"https:\/\/secure.gravatar.com\/avatar\/392b4cc8fbfeb00b39dfeeab4ee6edded39ffd48e25858637e4765810300227e?s=96&d=mm&r=g","url":"https:\/\/secure.gravatar.com\/avatar\/392b4cc8fbfeb00b39dfeeab4ee6edded39ffd48e25858637e4765810300227e?s=96&d=mm&r=g","contentUrl":"https:\/\/secure.gravatar.com\/avatar\/392b4cc8fbfeb00b39dfeeab4ee6edded39ffd48e25858637e4765810300227e?s=96&d=mm&r=g","caption":"Developer"},"url":"https:\/\/qtmm.org\/qt\/author\/Developer\/"}]}},"_links":{"self":[{"href":"https:\/\/qtmm.org\/qt\/wp-json\/wp\/v2\/posts\/26921","targetHints":{"allow":["GET"]}}],"collection":[{"href":"https:\/\/qtmm.org\/qt\/wp-json\/wp\/v2\/posts"}],"about":[{"href":"https:\/\/qtmm.org\/qt\/wp-json\/wp\/v2\/types\/post"}],"author":[{"embeddable":true,"href":"https:\/\/qtmm.org\/qt\/wp-json\/wp\/v2\/users\/1"}],"replies":[{"embeddable":true,"href":"https:\/\/qtmm.org\/qt\/wp-json\/wp\/v2\/comments?post=26921"}],"version-history":[{"count":1,"href":"https:\/\/qtmm.org\/qt\/wp-json\/wp\/v2\/posts\/26921\/revisions"}],"predecessor-version":[{"id":26922,"href":"https:\/\/qtmm.org\/qt\/wp-json\/wp\/v2\/posts\/26921\/revisions\/26922"}],"wp:attachment":[{"href":"https:\/\/qtmm.org\/qt\/wp-json\/wp\/v2\/media?parent=26921"}],"wp:term":[{"taxonomy":"category","embeddable":true,"href":"https:\/\/qtmm.org\/qt\/wp-json\/wp\/v2\/categories?post=26921"},{"taxonomy":"post_tag","embeddable":true,"href":"https:\/\/qtmm.org\/qt\/wp-json\/wp\/v2\/tags?post=26921"}],"curies":[{"name":"wp","href":"https:\/\/api.w.org\/{rel}","templated":true}]}}