




{"id":26898,"date":"2011-11-10T17:13:00","date_gmt":"2011-11-10T14:13:00","guid":{"rendered":"http:\/\/qtmm.org\/?p=26898"},"modified":"2022-01-19T17:15:57","modified_gmt":"2022-01-19T14:15:57","slug":"milliy-kures-boyunca-iii-nci-halqara-yaris","status":"publish","type":"post","link":"https:\/\/qtmm.org\/qt\/milliy-kures-boyunca-iii-nci-halqara-yaris\/","title":{"rendered":"Milliy k\u00fcre\u015f boyunca III-nci halqara yar\u0131\u015f"},"content":{"rendered":"\n<p>9 noyabr k\u00fcn\u00fc Aqmescitteki &#8220;Lokomotiv&#8221; sport kompleksinde Qurban bayram\u0131na ba\u011f\u0131\u015flan\u011fan halqara k\u00fcre\u015f yar\u0131\u015f\u0131 \u00f6tkerildi.<br>B\u00fct\u00fcnd\u00fcnya q\u0131r\u0131mtatarlar kongressini\u00f1 atal\u0131\u011f\u0131nda er y\u0131l\u0131 ke\u00e7irilgen K\u00fcre\u015f boyunca halqara yar\u0131\u015flarn\u0131 Q\u0131r\u0131m milliy k\u00fcre\u015f federatsiyas\u0131 te\u015fkil\u00e2tland\u0131ra.<\/p>\n\n\n\n<p>Tedbirge Meclis reisi Mustafa Cemilev, B\u00fct\u00fcnd\u00fcnya q\u0131r\u0131mtatarlar kongressini\u00f1 prezidenti, Q\u0131r\u0131m milliy k\u00fcre\u015f federatsiyas\u0131n\u0131\u00f1 fahriy prezidenti Refat \u00c7ubarov, Ukraina Prezidentini\u00f1 Q\u0131r\u0131mdaki daimiy vekilini\u00f1 vazifesini eda eticisi Viktor Plakida, on\u0131\u00f1 muavini \u0130braim Mamutov, Meclis t\u0131\u015fq\u0131 al\u00e2qalar b\u00f6l\u00fcgini\u00f1 ba\u015f\u0131 Ali Hamzin te\u015frif buyurd\u0131lar.<\/p>\n\n\n\n<p>\u00c7etelli musafirler aras\u0131nda Bursa \u015feeri ba\u015f\u0131n\u0131\u00f1 muavini Abdulla Qarada\u011f, Romaniya \u00fck\u00fcmeti devlet k\u00e2tibini\u00f1 muavini Necat Sali, Eski\u015feer q\u0131r\u0131mtatar dernegini\u00f1 ba\u015f\u0131 Mesut Or, Hocaeli q\u0131r\u0131mtatar dernegini\u00f1 vekili Recep \u015eeyen ve digerleri bar edi.<\/p>\n\n\n\n<p>K\u00fcre\u015f boyunca halqara yar\u0131\u015fta Ukraina, Rusiye, T\u00fcrkiye, Bul\u011faristan, \u0130srail Romaniya ve Q\u0131r\u0131mdan kelgen 200-den ziyade sport\u00e7\u0131 i\u015ftirak etti. \u011ealiplerge namazl\u0131qlar, diniy kitaplar, divar saatleri, Q\u0131r\u0131m k\u00fcre\u015f federatsiyas\u0131, B\u00fct\u00fcnd\u00fcnya q\u0131r\u0131mtatarlar kongressi ve B\u00fct\u00fcnukrain cemaat te\u015fkil\u00e2tlar\u0131n\u0131\u00f1 &#8220;Alraid&#8221; birle\u015fmesini\u00f1 logos\u0131 ol\u011fan k\u00f6lmekler ediye etildi. B\u00fct\u00fcn \u00e7eki kategoriyalar\u0131nda birinci yerni qazan\u011fanlar\u011fa yar\u0131\u015fn\u0131\u00f1 ba\u015f muk\u00e2fat\u0131 \u2013 qoy berildi.<\/p>\n\n\n\n<p>K\u00fcre\u015f yar\u0131\u015f\u0131na d\u00fcnyan\u0131\u00f1 yedi memleketinden kelgen i\u015ftirak\u00e7ilerini sel\u00e2mla\u011fan Meclis reisi Mustafa Cemilev er keske muvafaqiyet tilep, ananege \u00e7evirilgen yar\u0131\u015f y\u00fcksek seviyede az\u0131rlan\u0131l\u011fan\u0131n\u0131, k\u00fcre\u015fni\u00f1 ya\u015f yigitlerge ustal\u0131qlar\u0131n\u0131 artt\u0131ruvda siltem ol\u011fan\u0131n\u0131 qayd etti.<\/p>\n\n\n\n<p>&#8220;Er sene biz ya\u00f1\u0131 istidatl\u0131 yigitlerni k\u00f6remiz. Olar milliy k\u00fcre\u015fimizni \u015feref ile taqdim eteler ve \u00e7e\u015fit yar\u0131\u015flarda nufuzl\u0131 yerlerni qazanalar&#8221;, dedi M.Cemilev, pelvanlar ve olarn\u0131\u00f1 m\u00fchlislerine muracaat eterek. Bun\u0131\u00f1 kibi de Mustafa Cemilev B\u00fct\u00fcnd\u00fcnya q\u0131r\u0131mtatarlar kongressi ve Q\u0131r\u0131m milliy k\u00fcre\u015f federatsiyas\u0131n\u0131\u00f1 q\u0131r\u0131mtatar milliy k\u00fcre\u015fni te\u015fviq et\u00fcvde h\u0131zmetlerini ayr\u0131ca qayd etti.<\/p>\n\n\n\n<p>Yar\u0131\u015f te\u015fkil\u00e2t\u00e7\u0131lar\u0131 ad\u0131na Halqara qu\u015faqlarnen k\u00fcre\u015f\u00fcv federatsiyas\u0131n\u0131\u00f1 prezidenti (IBWA) L\u00fcdmila Gaynanovan\u0131\u00f1 (Moskva) telegrammas\u0131 oquld\u0131. C\u00fcmleden onda ya\u00f1\u0131dan tikleneyatqan q\u0131r\u0131mtatar milliy k\u00fcre\u015fi d\u00fcnyaca belli qu\u015faqlarnen k\u00fcre\u015fni\u00f1 inki\u015faf\u0131na isse qo\u015faca\u011f\u0131na eminlik bildirilgen.<\/p>\n\n\n\n<figure class=\"wp-block-gallery columns-2 is-cropped wp-block-gallery-1 is-layout-flex wp-block-gallery-is-layout-flex\"><ul class=\"blocks-gallery-grid\"><li class=\"blocks-gallery-item\"><figure><a href=\"http:\/\/qtmm.org\/wp-content\/uploads\/2022\/01\/4ebce564ec845.jpeg\"><img loading=\"lazy\" decoding=\"async\" width=\"640\" height=\"480\" src=\"http:\/\/qtmm.org\/wp-content\/uploads\/2022\/01\/4ebce564ec845.jpeg\" alt=\"\" data-id=\"26899\" data-full-url=\"http:\/\/qtmm.org\/wp-content\/uploads\/2022\/01\/4ebce564ec845.jpeg\" data-link=\"http:\/\/qtmm.org\/qt\/?attachment_id=26899\" class=\"wp-image-26899\" srcset=\"https:\/\/qtmm.org\/wp-content\/uploads\/2022\/01\/4ebce564ec845.jpeg 640w, https:\/\/qtmm.org\/wp-content\/uploads\/2022\/01\/4ebce564ec845-300x225.jpeg 300w\" sizes=\"auto, (max-width: 640px) 100vw, 640px\" \/><\/a><\/figure><\/li><li class=\"blocks-gallery-item\"><figure><a href=\"http:\/\/qtmm.org\/wp-content\/uploads\/2022\/01\/4ebce565c823b.jpeg\"><img loading=\"lazy\" decoding=\"async\" width=\"640\" height=\"480\" src=\"http:\/\/qtmm.org\/wp-content\/uploads\/2022\/01\/4ebce565c823b.jpeg\" alt=\"\" data-id=\"26903\" data-full-url=\"http:\/\/qtmm.org\/wp-content\/uploads\/2022\/01\/4ebce565c823b.jpeg\" data-link=\"http:\/\/qtmm.org\/qt\/?attachment_id=26903\" class=\"wp-image-26903\" srcset=\"https:\/\/qtmm.org\/wp-content\/uploads\/2022\/01\/4ebce565c823b.jpeg 640w, https:\/\/qtmm.org\/wp-content\/uploads\/2022\/01\/4ebce565c823b-300x225.jpeg 300w\" sizes=\"auto, (max-width: 640px) 100vw, 640px\" \/><\/a><\/figure><\/li><li class=\"blocks-gallery-item\"><figure><a href=\"http:\/\/qtmm.org\/wp-content\/uploads\/2022\/01\/4ebce566bbe65.jpeg\"><img loading=\"lazy\" decoding=\"async\" width=\"640\" height=\"480\" src=\"http:\/\/qtmm.org\/wp-content\/uploads\/2022\/01\/4ebce566bbe65.jpeg\" alt=\"\" data-id=\"26907\" data-full-url=\"http:\/\/qtmm.org\/wp-content\/uploads\/2022\/01\/4ebce566bbe65.jpeg\" data-link=\"http:\/\/qtmm.org\/qt\/?attachment_id=26907\" class=\"wp-image-26907\" srcset=\"https:\/\/qtmm.org\/wp-content\/uploads\/2022\/01\/4ebce566bbe65.jpeg 640w, https:\/\/qtmm.org\/wp-content\/uploads\/2022\/01\/4ebce566bbe65-300x225.jpeg 300w\" sizes=\"auto, (max-width: 640px) 100vw, 640px\" \/><\/a><\/figure><\/li><li class=\"blocks-gallery-item\"><figure><a href=\"http:\/\/qtmm.org\/wp-content\/uploads\/2022\/01\/4ebce5654ba0b.jpeg\"><img loading=\"lazy\" decoding=\"async\" width=\"640\" height=\"480\" src=\"http:\/\/qtmm.org\/wp-content\/uploads\/2022\/01\/4ebce5654ba0b.jpeg\" alt=\"\" data-id=\"26911\" data-full-url=\"http:\/\/qtmm.org\/wp-content\/uploads\/2022\/01\/4ebce5654ba0b.jpeg\" data-link=\"http:\/\/qtmm.org\/qt\/?attachment_id=26911\" class=\"wp-image-26911\" srcset=\"https:\/\/qtmm.org\/wp-content\/uploads\/2022\/01\/4ebce5654ba0b.jpeg 640w, https:\/\/qtmm.org\/wp-content\/uploads\/2022\/01\/4ebce5654ba0b-300x225.jpeg 300w\" sizes=\"auto, (max-width: 640px) 100vw, 640px\" \/><\/a><\/figure><\/li><\/ul><\/figure>\n","protected":false},"excerpt":{"rendered":"<p>9 noyabr k\u00fcn\u00fc Aqmescitteki &#8220;Lokomotiv&#8221; sport kompleksinde Qurban bayram\u0131na ba\u011f\u0131\u015flan\u011fan halqara k\u00fcre\u015f yar\u0131\u015f\u0131 \u00f6tkerildi.B\u00fct\u00fcnd\u00fcnya q\u0131r\u0131mtatarlar kongressini\u00f1 atal\u0131\u011f\u0131nda er y\u0131l\u0131 ke\u00e7irilgen K\u00fcre\u015f boyunca halqara yar\u0131\u015flarn\u0131 Q\u0131r\u0131m milliy k\u00fcre\u015f federatsiyas\u0131 te\u015fkil\u00e2tland\u0131ra. Tedbirge Meclis reisi Mustafa Cemilev, B\u00fct\u00fcnd\u00fcnya q\u0131r\u0131mtatarlar kongressini\u00f1 prezidenti, Q\u0131r\u0131m milliy k\u00fcre\u015f federatsiyas\u0131n\u0131\u00f1 fahriy prezidenti Refat \u00c7ubarov, Ukraina Prezidentini\u00f1 Q\u0131r\u0131mdaki daimiy vekilini\u00f1 vazifesini eda eticisi Viktor [&hellip;]<\/p>\n","protected":false},"author":1,"featured_media":0,"comment_status":"open","ping_status":"open","sticky":false,"template":"","format":"standard","meta":{"inline_featured_image":false,"footnotes":""},"categories":[265],"tags":[],"class_list":["post-26898","post","type-post","status-publish","format-standard","hentry","category-haberler"],"acf":[],"yoast_head":"<!-- This site is optimized with the Yoast SEO plugin v27.4 - https:\/\/yoast.com\/product\/yoast-seo-wordpress\/ -->\n<title>Milliy k\u00fcre\u015f boyunca III-nci halqara yar\u0131\u015f - \u041c\u0435\u0434\u0436\u043b\u0456\u0441<\/title>\n<meta name=\"robots\" content=\"index, follow, max-snippet:-1, max-image-preview:large, max-video-preview:-1\" \/>\n<link rel=\"canonical\" href=\"https:\/\/qtmm.org\/qt\/milliy-kures-boyunca-iii-nci-halqara-yaris\/\" \/>\n<meta property=\"og:locale\" content=\"en_US\" \/>\n<meta property=\"og:type\" content=\"article\" \/>\n<meta property=\"og:title\" content=\"Milliy k\u00fcre\u015f boyunca III-nci halqara yar\u0131\u015f - \u041c\u0435\u0434\u0436\u043b\u0456\u0441\" \/>\n<meta property=\"og:description\" content=\"9 noyabr k\u00fcn\u00fc Aqmescitteki &#8220;Lokomotiv&#8221; sport kompleksinde Qurban bayram\u0131na ba\u011f\u0131\u015flan\u011fan halqara k\u00fcre\u015f yar\u0131\u015f\u0131 \u00f6tkerildi.B\u00fct\u00fcnd\u00fcnya q\u0131r\u0131mtatarlar kongressini\u00f1 atal\u0131\u011f\u0131nda er y\u0131l\u0131 ke\u00e7irilgen K\u00fcre\u015f boyunca halqara yar\u0131\u015flarn\u0131 Q\u0131r\u0131m milliy k\u00fcre\u015f federatsiyas\u0131 te\u015fkil\u00e2tland\u0131ra. Tedbirge Meclis reisi Mustafa Cemilev, B\u00fct\u00fcnd\u00fcnya q\u0131r\u0131mtatarlar kongressini\u00f1 prezidenti, Q\u0131r\u0131m milliy k\u00fcre\u015f federatsiyas\u0131n\u0131\u00f1 fahriy prezidenti Refat \u00c7ubarov, Ukraina Prezidentini\u00f1 Q\u0131r\u0131mdaki daimiy vekilini\u00f1 vazifesini eda eticisi Viktor [&hellip;]\" \/>\n<meta property=\"og:url\" content=\"https:\/\/qtmm.org\/qt\/milliy-kures-boyunca-iii-nci-halqara-yaris\/\" \/>\n<meta property=\"og:site_name\" content=\"\u041c\u0435\u0434\u0436\u043b\u0456\u0441\" \/>\n<meta property=\"article:publisher\" content=\"https:\/\/www.facebook.com\/qtmm.info\/\" \/>\n<meta property=\"article:published_time\" content=\"2011-11-10T14:13:00+00:00\" \/>\n<meta property=\"article:modified_time\" content=\"2022-01-19T14:15:57+00:00\" \/>\n<meta property=\"og:image\" content=\"https:\/\/qtmm.org\/wp-content\/uploads\/2022\/01\/4ebce564ec845.jpeg\" \/>\n\t<meta property=\"og:image:width\" content=\"640\" \/>\n\t<meta property=\"og:image:height\" content=\"480\" \/>\n\t<meta property=\"og:image:type\" content=\"image\/jpeg\" \/>\n<meta name=\"author\" content=\"Developer\" \/>\n<meta name=\"twitter:card\" content=\"summary_large_image\" \/>\n<meta name=\"twitter:label1\" content=\"Written by\" \/>\n\t<meta name=\"twitter:data1\" content=\"Developer\" \/>\n\t<meta name=\"twitter:label2\" content=\"Est. reading time\" \/>\n\t<meta name=\"twitter:data2\" content=\"2 minutes\" \/>\n<script type=\"application\/ld+json\" class=\"yoast-schema-graph\">{\"@context\":\"https:\\\/\\\/schema.org\",\"@graph\":[{\"@type\":\"Article\",\"@id\":\"https:\\\/\\\/qtmm.org\\\/qt\\\/milliy-kures-boyunca-iii-nci-halqara-yaris\\\/#article\",\"isPartOf\":{\"@id\":\"https:\\\/\\\/qtmm.org\\\/qt\\\/milliy-kures-boyunca-iii-nci-halqara-yaris\\\/\"},\"author\":{\"name\":\"Developer\",\"@id\":\"https:\\\/\\\/qtmm.org\\\/qt\\\/#\\\/schema\\\/person\\\/de562469f971dec226ac06e60bbf74a7\"},\"headline\":\"Milliy k\u00fcre\u015f boyunca III-nci halqara yar\u0131\u015f\",\"datePublished\":\"2011-11-10T14:13:00+00:00\",\"dateModified\":\"2022-01-19T14:15:57+00:00\",\"mainEntityOfPage\":{\"@id\":\"https:\\\/\\\/qtmm.org\\\/qt\\\/milliy-kures-boyunca-iii-nci-halqara-yaris\\\/\"},\"wordCount\":415,\"commentCount\":0,\"publisher\":{\"@id\":\"https:\\\/\\\/qtmm.org\\\/qt\\\/#organization\"},\"image\":{\"@id\":\"https:\\\/\\\/qtmm.org\\\/qt\\\/milliy-kures-boyunca-iii-nci-halqara-yaris\\\/#primaryimage\"},\"thumbnailUrl\":\"http:\\\/\\\/qtmm.org\\\/wp-content\\\/uploads\\\/2022\\\/01\\\/4ebce564ec845.jpeg\",\"articleSection\":[\"Haberler\"],\"inLanguage\":\"qt\",\"potentialAction\":[{\"@type\":\"CommentAction\",\"name\":\"Comment\",\"target\":[\"https:\\\/\\\/qtmm.org\\\/qt\\\/milliy-kures-boyunca-iii-nci-halqara-yaris\\\/#respond\"]}]},{\"@type\":\"WebPage\",\"@id\":\"https:\\\/\\\/qtmm.org\\\/qt\\\/milliy-kures-boyunca-iii-nci-halqara-yaris\\\/\",\"url\":\"https:\\\/\\\/qtmm.org\\\/qt\\\/milliy-kures-boyunca-iii-nci-halqara-yaris\\\/\",\"name\":\"Milliy k\u00fcre\u015f boyunca III-nci halqara yar\u0131\u015f - \u041c\u0435\u0434\u0436\u043b\u0456\u0441\",\"isPartOf\":{\"@id\":\"https:\\\/\\\/qtmm.org\\\/qt\\\/#website\"},\"primaryImageOfPage\":{\"@id\":\"https:\\\/\\\/qtmm.org\\\/qt\\\/milliy-kures-boyunca-iii-nci-halqara-yaris\\\/#primaryimage\"},\"image\":{\"@id\":\"https:\\\/\\\/qtmm.org\\\/qt\\\/milliy-kures-boyunca-iii-nci-halqara-yaris\\\/#primaryimage\"},\"thumbnailUrl\":\"http:\\\/\\\/qtmm.org\\\/wp-content\\\/uploads\\\/2022\\\/01\\\/4ebce564ec845.jpeg\",\"datePublished\":\"2011-11-10T14:13:00+00:00\",\"dateModified\":\"2022-01-19T14:15:57+00:00\",\"breadcrumb\":{\"@id\":\"https:\\\/\\\/qtmm.org\\\/qt\\\/milliy-kures-boyunca-iii-nci-halqara-yaris\\\/#breadcrumb\"},\"inLanguage\":\"qt\",\"potentialAction\":[{\"@type\":\"ReadAction\",\"target\":[\"https:\\\/\\\/qtmm.org\\\/qt\\\/milliy-kures-boyunca-iii-nci-halqara-yaris\\\/\"]}]},{\"@type\":\"ImageObject\",\"inLanguage\":\"qt\",\"@id\":\"https:\\\/\\\/qtmm.org\\\/qt\\\/milliy-kures-boyunca-iii-nci-halqara-yaris\\\/#primaryimage\",\"url\":\"http:\\\/\\\/qtmm.org\\\/wp-content\\\/uploads\\\/2022\\\/01\\\/4ebce564ec845.jpeg\",\"contentUrl\":\"http:\\\/\\\/qtmm.org\\\/wp-content\\\/uploads\\\/2022\\\/01\\\/4ebce564ec845.jpeg\"},{\"@type\":\"BreadcrumbList\",\"@id\":\"https:\\\/\\\/qtmm.org\\\/qt\\\/milliy-kures-boyunca-iii-nci-halqara-yaris\\\/#breadcrumb\",\"itemListElement\":[{\"@type\":\"ListItem\",\"position\":1,\"name\":\"\u0413\u043e\u043b\u043e\u0432\u043d\u0430\",\"item\":\"https:\\\/\\\/qtmm.org\\\/qt\\\/\"},{\"@type\":\"ListItem\",\"position\":2,\"name\":\"Milliy k\u00fcre\u015f boyunca III-nci halqara yar\u0131\u015f\"}]},{\"@type\":\"WebSite\",\"@id\":\"https:\\\/\\\/qtmm.org\\\/qt\\\/#website\",\"url\":\"https:\\\/\\\/qtmm.org\\\/qt\\\/\",\"name\":\"\u041c\u0435\u0434\u0436\u043b\u0456\u0441\",\"description\":\"\",\"publisher\":{\"@id\":\"https:\\\/\\\/qtmm.org\\\/qt\\\/#organization\"},\"potentialAction\":[{\"@type\":\"SearchAction\",\"target\":{\"@type\":\"EntryPoint\",\"urlTemplate\":\"https:\\\/\\\/qtmm.org\\\/qt\\\/?s={search_term_string}\"},\"query-input\":{\"@type\":\"PropertyValueSpecification\",\"valueRequired\":true,\"valueName\":\"search_term_string\"}}],\"inLanguage\":\"qt\"},{\"@type\":\"Organization\",\"@id\":\"https:\\\/\\\/qtmm.org\\\/qt\\\/#organization\",\"name\":\"\u041c\u0435\u0434\u0436\u043b\u0456\u0441\",\"url\":\"https:\\\/\\\/qtmm.org\\\/qt\\\/\",\"logo\":{\"@type\":\"ImageObject\",\"inLanguage\":\"qt\",\"@id\":\"https:\\\/\\\/qtmm.org\\\/qt\\\/#\\\/schema\\\/logo\\\/image\\\/\",\"url\":\"https:\\\/\\\/qtmm.org\\\/wp-content\\\/uploads\\\/2024\\\/12\\\/ua-mejlis-logo-rgb.svg\",\"contentUrl\":\"https:\\\/\\\/qtmm.org\\\/wp-content\\\/uploads\\\/2024\\\/12\\\/ua-mejlis-logo-rgb.svg\",\"caption\":\"\u041c\u0435\u0434\u0436\u043b\u0456\u0441\"},\"image\":{\"@id\":\"https:\\\/\\\/qtmm.org\\\/qt\\\/#\\\/schema\\\/logo\\\/image\\\/\"},\"sameAs\":[\"https:\\\/\\\/www.facebook.com\\\/qtmm.info\\\/\"]},{\"@type\":\"Person\",\"@id\":\"https:\\\/\\\/qtmm.org\\\/qt\\\/#\\\/schema\\\/person\\\/de562469f971dec226ac06e60bbf74a7\",\"name\":\"Developer\",\"image\":{\"@type\":\"ImageObject\",\"inLanguage\":\"qt\",\"@id\":\"https:\\\/\\\/secure.gravatar.com\\\/avatar\\\/392b4cc8fbfeb00b39dfeeab4ee6edded39ffd48e25858637e4765810300227e?s=96&d=mm&r=g\",\"url\":\"https:\\\/\\\/secure.gravatar.com\\\/avatar\\\/392b4cc8fbfeb00b39dfeeab4ee6edded39ffd48e25858637e4765810300227e?s=96&d=mm&r=g\",\"contentUrl\":\"https:\\\/\\\/secure.gravatar.com\\\/avatar\\\/392b4cc8fbfeb00b39dfeeab4ee6edded39ffd48e25858637e4765810300227e?s=96&d=mm&r=g\",\"caption\":\"Developer\"},\"url\":\"https:\\\/\\\/qtmm.org\\\/qt\\\/author\\\/Developer\\\/\"}]}<\/script>\n<!-- \/ Yoast SEO plugin. -->","yoast_head_json":{"title":"Milliy k\u00fcre\u015f boyunca III-nci halqara yar\u0131\u015f - \u041c\u0435\u0434\u0436\u043b\u0456\u0441","robots":{"index":"index","follow":"follow","max-snippet":"max-snippet:-1","max-image-preview":"max-image-preview:large","max-video-preview":"max-video-preview:-1"},"canonical":"https:\/\/qtmm.org\/qt\/milliy-kures-boyunca-iii-nci-halqara-yaris\/","og_locale":"en_US","og_type":"article","og_title":"Milliy k\u00fcre\u015f boyunca III-nci halqara yar\u0131\u015f - \u041c\u0435\u0434\u0436\u043b\u0456\u0441","og_description":"9 noyabr k\u00fcn\u00fc Aqmescitteki &#8220;Lokomotiv&#8221; sport kompleksinde Qurban bayram\u0131na ba\u011f\u0131\u015flan\u011fan halqara k\u00fcre\u015f yar\u0131\u015f\u0131 \u00f6tkerildi.B\u00fct\u00fcnd\u00fcnya q\u0131r\u0131mtatarlar kongressini\u00f1 atal\u0131\u011f\u0131nda er y\u0131l\u0131 ke\u00e7irilgen K\u00fcre\u015f boyunca halqara yar\u0131\u015flarn\u0131 Q\u0131r\u0131m milliy k\u00fcre\u015f federatsiyas\u0131 te\u015fkil\u00e2tland\u0131ra. Tedbirge Meclis reisi Mustafa Cemilev, B\u00fct\u00fcnd\u00fcnya q\u0131r\u0131mtatarlar kongressini\u00f1 prezidenti, Q\u0131r\u0131m milliy k\u00fcre\u015f federatsiyas\u0131n\u0131\u00f1 fahriy prezidenti Refat \u00c7ubarov, Ukraina Prezidentini\u00f1 Q\u0131r\u0131mdaki daimiy vekilini\u00f1 vazifesini eda eticisi Viktor [&hellip;]","og_url":"https:\/\/qtmm.org\/qt\/milliy-kures-boyunca-iii-nci-halqara-yaris\/","og_site_name":"\u041c\u0435\u0434\u0436\u043b\u0456\u0441","article_publisher":"https:\/\/www.facebook.com\/qtmm.info\/","article_published_time":"2011-11-10T14:13:00+00:00","article_modified_time":"2022-01-19T14:15:57+00:00","og_image":[{"width":640,"height":480,"url":"https:\/\/qtmm.org\/wp-content\/uploads\/2022\/01\/4ebce564ec845.jpeg","type":"image\/jpeg"}],"author":"Developer","twitter_card":"summary_large_image","twitter_misc":{"Written by":"Developer","Est. reading time":"2 minutes"},"schema":{"@context":"https:\/\/schema.org","@graph":[{"@type":"Article","@id":"https:\/\/qtmm.org\/qt\/milliy-kures-boyunca-iii-nci-halqara-yaris\/#article","isPartOf":{"@id":"https:\/\/qtmm.org\/qt\/milliy-kures-boyunca-iii-nci-halqara-yaris\/"},"author":{"name":"Developer","@id":"https:\/\/qtmm.org\/qt\/#\/schema\/person\/de562469f971dec226ac06e60bbf74a7"},"headline":"Milliy k\u00fcre\u015f boyunca III-nci halqara yar\u0131\u015f","datePublished":"2011-11-10T14:13:00+00:00","dateModified":"2022-01-19T14:15:57+00:00","mainEntityOfPage":{"@id":"https:\/\/qtmm.org\/qt\/milliy-kures-boyunca-iii-nci-halqara-yaris\/"},"wordCount":415,"commentCount":0,"publisher":{"@id":"https:\/\/qtmm.org\/qt\/#organization"},"image":{"@id":"https:\/\/qtmm.org\/qt\/milliy-kures-boyunca-iii-nci-halqara-yaris\/#primaryimage"},"thumbnailUrl":"http:\/\/qtmm.org\/wp-content\/uploads\/2022\/01\/4ebce564ec845.jpeg","articleSection":["Haberler"],"inLanguage":"qt","potentialAction":[{"@type":"CommentAction","name":"Comment","target":["https:\/\/qtmm.org\/qt\/milliy-kures-boyunca-iii-nci-halqara-yaris\/#respond"]}]},{"@type":"WebPage","@id":"https:\/\/qtmm.org\/qt\/milliy-kures-boyunca-iii-nci-halqara-yaris\/","url":"https:\/\/qtmm.org\/qt\/milliy-kures-boyunca-iii-nci-halqara-yaris\/","name":"Milliy k\u00fcre\u015f boyunca III-nci halqara yar\u0131\u015f - \u041c\u0435\u0434\u0436\u043b\u0456\u0441","isPartOf":{"@id":"https:\/\/qtmm.org\/qt\/#website"},"primaryImageOfPage":{"@id":"https:\/\/qtmm.org\/qt\/milliy-kures-boyunca-iii-nci-halqara-yaris\/#primaryimage"},"image":{"@id":"https:\/\/qtmm.org\/qt\/milliy-kures-boyunca-iii-nci-halqara-yaris\/#primaryimage"},"thumbnailUrl":"http:\/\/qtmm.org\/wp-content\/uploads\/2022\/01\/4ebce564ec845.jpeg","datePublished":"2011-11-10T14:13:00+00:00","dateModified":"2022-01-19T14:15:57+00:00","breadcrumb":{"@id":"https:\/\/qtmm.org\/qt\/milliy-kures-boyunca-iii-nci-halqara-yaris\/#breadcrumb"},"inLanguage":"qt","potentialAction":[{"@type":"ReadAction","target":["https:\/\/qtmm.org\/qt\/milliy-kures-boyunca-iii-nci-halqara-yaris\/"]}]},{"@type":"ImageObject","inLanguage":"qt","@id":"https:\/\/qtmm.org\/qt\/milliy-kures-boyunca-iii-nci-halqara-yaris\/#primaryimage","url":"http:\/\/qtmm.org\/wp-content\/uploads\/2022\/01\/4ebce564ec845.jpeg","contentUrl":"http:\/\/qtmm.org\/wp-content\/uploads\/2022\/01\/4ebce564ec845.jpeg"},{"@type":"BreadcrumbList","@id":"https:\/\/qtmm.org\/qt\/milliy-kures-boyunca-iii-nci-halqara-yaris\/#breadcrumb","itemListElement":[{"@type":"ListItem","position":1,"name":"\u0413\u043e\u043b\u043e\u0432\u043d\u0430","item":"https:\/\/qtmm.org\/qt\/"},{"@type":"ListItem","position":2,"name":"Milliy k\u00fcre\u015f boyunca III-nci halqara yar\u0131\u015f"}]},{"@type":"WebSite","@id":"https:\/\/qtmm.org\/qt\/#website","url":"https:\/\/qtmm.org\/qt\/","name":"\u041c\u0435\u0434\u0436\u043b\u0456\u0441","description":"","publisher":{"@id":"https:\/\/qtmm.org\/qt\/#organization"},"potentialAction":[{"@type":"SearchAction","target":{"@type":"EntryPoint","urlTemplate":"https:\/\/qtmm.org\/qt\/?s={search_term_string}"},"query-input":{"@type":"PropertyValueSpecification","valueRequired":true,"valueName":"search_term_string"}}],"inLanguage":"qt"},{"@type":"Organization","@id":"https:\/\/qtmm.org\/qt\/#organization","name":"\u041c\u0435\u0434\u0436\u043b\u0456\u0441","url":"https:\/\/qtmm.org\/qt\/","logo":{"@type":"ImageObject","inLanguage":"qt","@id":"https:\/\/qtmm.org\/qt\/#\/schema\/logo\/image\/","url":"https:\/\/qtmm.org\/wp-content\/uploads\/2024\/12\/ua-mejlis-logo-rgb.svg","contentUrl":"https:\/\/qtmm.org\/wp-content\/uploads\/2024\/12\/ua-mejlis-logo-rgb.svg","caption":"\u041c\u0435\u0434\u0436\u043b\u0456\u0441"},"image":{"@id":"https:\/\/qtmm.org\/qt\/#\/schema\/logo\/image\/"},"sameAs":["https:\/\/www.facebook.com\/qtmm.info\/"]},{"@type":"Person","@id":"https:\/\/qtmm.org\/qt\/#\/schema\/person\/de562469f971dec226ac06e60bbf74a7","name":"Developer","image":{"@type":"ImageObject","inLanguage":"qt","@id":"https:\/\/secure.gravatar.com\/avatar\/392b4cc8fbfeb00b39dfeeab4ee6edded39ffd48e25858637e4765810300227e?s=96&d=mm&r=g","url":"https:\/\/secure.gravatar.com\/avatar\/392b4cc8fbfeb00b39dfeeab4ee6edded39ffd48e25858637e4765810300227e?s=96&d=mm&r=g","contentUrl":"https:\/\/secure.gravatar.com\/avatar\/392b4cc8fbfeb00b39dfeeab4ee6edded39ffd48e25858637e4765810300227e?s=96&d=mm&r=g","caption":"Developer"},"url":"https:\/\/qtmm.org\/qt\/author\/Developer\/"}]}},"_links":{"self":[{"href":"https:\/\/qtmm.org\/qt\/wp-json\/wp\/v2\/posts\/26898","targetHints":{"allow":["GET"]}}],"collection":[{"href":"https:\/\/qtmm.org\/qt\/wp-json\/wp\/v2\/posts"}],"about":[{"href":"https:\/\/qtmm.org\/qt\/wp-json\/wp\/v2\/types\/post"}],"author":[{"embeddable":true,"href":"https:\/\/qtmm.org\/qt\/wp-json\/wp\/v2\/users\/1"}],"replies":[{"embeddable":true,"href":"https:\/\/qtmm.org\/qt\/wp-json\/wp\/v2\/comments?post=26898"}],"version-history":[{"count":1,"href":"https:\/\/qtmm.org\/qt\/wp-json\/wp\/v2\/posts\/26898\/revisions"}],"predecessor-version":[{"id":26915,"href":"https:\/\/qtmm.org\/qt\/wp-json\/wp\/v2\/posts\/26898\/revisions\/26915"}],"wp:attachment":[{"href":"https:\/\/qtmm.org\/qt\/wp-json\/wp\/v2\/media?parent=26898"}],"wp:term":[{"taxonomy":"category","embeddable":true,"href":"https:\/\/qtmm.org\/qt\/wp-json\/wp\/v2\/categories?post=26898"},{"taxonomy":"post_tag","embeddable":true,"href":"https:\/\/qtmm.org\/qt\/wp-json\/wp\/v2\/tags?post=26898"}],"curies":[{"name":"wp","href":"https:\/\/api.w.org\/{rel}","templated":true}]}}