




{"id":26892,"date":"2011-11-09T17:12:00","date_gmt":"2011-11-09T14:12:00","guid":{"rendered":"http:\/\/qtmm.org\/?p=26892"},"modified":"2022-01-19T17:13:39","modified_gmt":"2022-01-19T14:13:39","slug":"refat-cubarov-dialog-er-angi-meselelerni-adim-adim-cezmeknin-yekane-ve-semereli-yoludir","status":"publish","type":"post","link":"https:\/\/qtmm.org\/qt\/refat-cubarov-dialog-er-angi-meselelerni-adim-adim-cezmeknin-yekane-ve-semereli-yoludir\/","title":{"rendered":"Refat \u00c7ubarov: \u00abDialog &#8211; er angi meselelerni ad\u0131m-ad\u0131m \u00e7ezmekni\u00f1 yek\u00e2ne ve semereli yolud\u0131r\u00bb"},"content":{"rendered":"\n<p>Q\u0131r\u0131m Yuqar\u0131 \u015euras\u0131n\u0131\u00f1 deputatlar\u0131 rey berip Anatoliy Mogil\u00f6vn\u0131 Q\u0131r\u0131m Nazirler \u015euras\u0131n\u0131\u00f1 reisi s\u0131fat\u0131nda tasdiqlad\u0131lar. Ait qarar noyabr 8 k\u00fcn\u00fc Q\u0131r\u0131m Yuqar\u0131 \u015euras\u0131 6-nc\u0131 \u00e7a\u011f\u0131r\u0131l\u0131\u015f\u0131 \u00fc\u00e7\u00fcnci sessiyas\u0131n\u0131\u00f1 nevbetten t\u0131\u015f topla\u015fuv\u0131nda qabul etildi.<\/p>\n\n\n\n<p>Mezk\u00fcr topla\u015fuvda \u00e7\u0131q\u0131\u015fta bulun\u011fan &#8220;Qurultay-Ruh&#8221; deputat fraktsiyas\u0131n\u0131\u00f1 ba\u015f\u0131, Meclis reisini\u00f1 birinci muavini Refat \u00c7ubarov b\u00f6yle dedi:<\/p>\n\n\n\n<p><strong><em>&#8220;A\u00f1la\u015f\u0131la ki, Ukraina Prezidenti ile keli\u015filgen bu namzetke Q\u0131r\u0131m Yuqar\u0131 \u015euras\u0131nda \u00e7oqluq qoltutar. Deputatlarn\u0131\u00f1 bir q\u0131sm\u0131 rey bermez ve bun\u0131\u00f1 da sebepleri bar. L\u00e2kin, Q\u0131r\u0131m Nazirler \u015euras\u0131n\u0131\u00f1 reisi boyunca mesele \u00e7ezilgende er birimiz bu meseleni Q\u0131r\u0131m ealisini raats\u0131zla\u011fan bir \u00e7oq meselelernen ba\u011flamam\u0131z \u015fart. \u00c7\u00fcnki Q\u0131r\u0131mn\u0131\u00f1 \u00e7oqmilletli, \u00e7e\u015fit dinlerge mens\u00fcp, \u00e7e\u015fit tillerde qonu\u015fqan ealisi \u00f6z bala ve torunlar\u0131na eyi \u00f6m\u00fcrni istey.<\/em><\/strong><\/p>\n\n\n\n<p><strong><em>Demek, Q\u0131r\u0131m Ba\u015f naziri boyunca qararn\u0131 qabul eterkenmiz, biz devlet merkeziy akimiyet organlar\u0131n\u0131\u00f1 Q\u0131r\u0131m\u011fa bug\u00fcnki ve kelecekteki siyaseti aqq\u0131nda bilmelimiz. Vaq\u0131t tarl\u0131\u011f\u0131 sebebinden, b\u00f6yle meselelerni\u00f1 tek birisinde \u2013 yani milliy mens\u00fcpligine k\u00f6re s\u00fcrg\u00fcn etilgen q\u0131r\u0131mtatarlarn\u0131\u00f1 qaytar\u0131luv\u0131, yerle\u015ftiril\u00fcvi probleminde toqtalmaq isteyim.<\/em><\/strong><\/p>\n\n\n\n<p><strong><em>Say\u011f\u0131l\u0131 zenaatda\u015flar\u0131m, 2010 senesi dekabr 22-de so\u00f1ra 2011 senesi may\u0131s 18-de biz sizlernen beraber Q\u0131r\u0131m Yuqar\u0131 \u015euras\u0131n\u0131\u00f1 Ukraina Prezidenti, Ukraina Yuqar\u0131 \u015euras\u0131 ve Ukraina Nazirler Kabineti ad\u0131na muracaatn\u0131 qabul etip, onda q\u0131r\u0131mtatarlar toplu ya\u015fa\u011fan ve e\u00f1 adiy \u015faraitleri bile olma\u011fan 300 qasaban\u0131\u00f1 abadanla\u015f\u0131t\u0131r\u0131lmas\u0131na, Vatan\u011fa qayqan on bi\u00f1lernen insanlarn\u0131\u00f1 yerle\u015ftirilmesine ameliy yard\u0131m sora\u011fan edik.<\/em><\/strong><\/p>\n\n\n\n<p><strong><em>Bizim muracaatlar\u0131z\u011fa qulaq asqan olmad\u0131. Ukraina Devlet b\u00fccetinde bu maqsadlar\u011fa ol\u011fan\u0131-olaca\u011f\u0131 23 million grivn\u00e2 ay\u0131r\u0131lmas\u0131 k\u00f6zde tutul\u0131p, olardan bug\u00fcnge qadar ancaq 10 million\u0131 kelip \u00e7\u0131qt\u0131.<\/em><\/strong><\/p>\n\n\n\n<p><strong><em>Biz, Q\u0131r\u0131m deputatlar\u0131 ve Q\u0131r\u0131m Nazirler \u015furas\u0131 Ukraina deputatlar\u0131nen birlikte Ukraina Devlet b\u00fccetini\u00f1 2012 senesi leyhas\u0131na kirsetilecek tekliflerimizni vaqt\u0131nda az\u0131rlap yollad\u0131q.<\/em><\/strong><\/p>\n\n\n\n<p><strong><em>Bu teklifler e\u00f1 zarur \u00e7arelerni qavrap ald\u0131 ki, olars\u0131z bir \u00e7oq insanlar pek a\u011f\u0131r vaziyette, daa da do\u011frus\u0131 soqaqta qala bilirler. Kezlevdeki evlerni\u00f1 birisini\u00f1 ma\u011faz\u0131nda endi on be\u015f y\u0131ldan berli ya\u015fap kelgen insanlar okt\u00e2br 26 k\u00fcn\u00fc ya\u015f balalar\u0131 ve s\u00fcrg\u00fcnlikni ba\u015f\u0131ndan ke\u00e7irgen qartlar\u0131 ol\u011fan aileler t\u0131\u015far\u0131 quvuld\u0131lar.<\/em><\/strong><\/p>\n\n\n\n<p><strong><em>\u00dcrmetli Nikolay Yanovi\u00e7!<\/em><\/strong><\/p>\n\n\n\n<p><strong><em>Ukraina Prezidenti Anatoliy Mogil\u00f6vn\u0131\u00f1 namzetini Q\u0131r\u0131m Nazirler \u015furas\u0131 reisi olmas\u0131n\u0131 keli\u015fti. Ukraina Nazirler Kabinet ive \u015fahsen Siz bu\u00f1a qoltutt\u0131\u00f1\u0131z. Bu s\u0131rada men ve menim meslekde\u015flerimni bir sual raats\u0131zlamaqta \u2013 merkezni\u00f1 b\u00f6yle qarar\u0131 Ukraina \u00fck\u00fcmetini\u00f1 q\u0131r\u0131mtatar halq\u0131na ait endi \u00e7oqtan toplan\u011fan meselelerni \u00e7ez\u00fcvge ne derecede siltem olur? Em de degil tek sotsial saada, bun\u0131\u00f1 kibi de gumanitar ve uquqiy saalarda da.<\/em><\/strong><\/p>\n\n\n\n<p><strong><em>L\u00e2kin, Ukraina Devlet b\u00fccetini\u00f1 2012 senesine leyhas\u0131n\u0131\u00f1 birinci kere oqul\u0131\u015f\u0131 bizni kederlendirdi. S\u00fcrg\u00fcn olun\u011fan insanlarn\u0131 yerle\u015ftirmek programmas\u0131na ancaq 25 million grivn\u00e2 ay\u0131r\u0131lmas\u0131 planla\u015ft\u0131r\u0131l\u011fan, albu ki Q\u0131r\u0131m ve Ukraina halq deputatlar\u0131 kirsetken tekliflerni\u00f1 amelge ke\u00e7irilmesine e\u00f1 azdan 140-145 million grivn\u00e2 zarur.<\/em><\/strong><\/p>\n\n\n\n<p><strong><em>\u00dcrmetli Nikolay Yanovi\u00e7!<\/em><\/strong><\/p>\n\n\n\n<p><strong><em>Sessiya bitken so\u00f1 Siz Anatoliy Mogil\u00f6vn\u0131 Q\u0131r\u0131m Nazirler \u015euras\u0131n\u0131\u00f1 kollektivine taqdim eteceksi\u00f1iz. Men Siz &#8211; Ukraina Ba\u015f nazirinden, q\u0131r\u0131mtatarlarn\u0131 qaytaruv, yerle\u015ftir\u00fcv ve uquqlar\u0131n\u0131 \u011fayr\u0131dan tiklev meselesi boyunca Ukraina Nazirler kabinetini\u00f1 noqtai-nazar\u0131n\u0131 da ifade etme\u00f1izni rica etem. Q\u0131r\u0131m i\u00e7ersindeki vaziyetke kelsek, men ve &#8220;Qurultay-Ruh&#8221; deputat fraktsiyas\u0131 boyunca meslekde\u015flerim, er angi meseleni ad\u0131m-ad\u0131m \u00e7ezmekni\u00f1 yek\u00e2ne ve e\u00f1 semereli yolu dialogd\u0131r, degen fikirdemiz. Em akimiyet ve cemiyet aras\u0131ndaki musaviy dialog! Biz Q\u0131r\u0131mda da ayn\u0131 b\u00f6yle dialogn\u0131 bekleymiz. Q\u0131r\u0131m\u0131m\u0131z \u00e7e\u00e7eklenmesini isteymiz&#8221;.<\/em><\/strong><\/p>\n\n\n\n<h1 class=\"wp-block-heading\">Haberlerge video<\/h1>\n\n\n\n<figure class=\"wp-block-embed is-type-rich is-provider-embed-handler wp-block-embed-embed-handler wp-embed-aspect-4-3 wp-has-aspect-ratio\"><div class=\"wp-block-embed__wrapper\">\n<iframe loading=\"lazy\" title=\"\u041c\u0438\u0433\u043e\u043b\u044c\u043e\u0432\u0430 \u043f\u0440\u0438\u0437\u043d\u0430\u0447\u0435\u043d\u043e \u043f\u0440\u0435\u043c&#039;\u0454\u0440\u043e\u043c \u041a\u0440\u0438\u043c\u0443\" width=\"640\" height=\"480\" src=\"https:\/\/www.youtube.com\/embed\/QQ3m4rXdYMM?feature=oembed\" frameborder=\"0\" allow=\"accelerometer; autoplay; clipboard-write; encrypted-media; gyroscope; picture-in-picture; web-share\" referrerpolicy=\"strict-origin-when-cross-origin\" allowfullscreen><\/iframe>\n<\/div><\/figure>\n","protected":false},"excerpt":{"rendered":"<p>Q\u0131r\u0131m Yuqar\u0131 \u015euras\u0131n\u0131\u00f1 deputatlar\u0131 rey berip Anatoliy Mogil\u00f6vn\u0131 Q\u0131r\u0131m Nazirler \u015euras\u0131n\u0131\u00f1 reisi s\u0131fat\u0131nda tasdiqlad\u0131lar. Ait qarar noyabr 8 k\u00fcn\u00fc Q\u0131r\u0131m Yuqar\u0131 \u015euras\u0131 6-nc\u0131 \u00e7a\u011f\u0131r\u0131l\u0131\u015f\u0131 \u00fc\u00e7\u00fcnci sessiyas\u0131n\u0131\u00f1 nevbetten t\u0131\u015f topla\u015fuv\u0131nda qabul etildi. Mezk\u00fcr topla\u015fuvda \u00e7\u0131q\u0131\u015fta bulun\u011fan &#8220;Qurultay-Ruh&#8221; deputat fraktsiyas\u0131n\u0131\u00f1 ba\u015f\u0131, Meclis reisini\u00f1 birinci muavini Refat \u00c7ubarov b\u00f6yle dedi: &#8220;A\u00f1la\u015f\u0131la ki, Ukraina Prezidenti ile keli\u015filgen bu namzetke [&hellip;]<\/p>\n","protected":false},"author":1,"featured_media":26893,"comment_status":"open","ping_status":"open","sticky":false,"template":"","format":"standard","meta":{"inline_featured_image":false,"footnotes":""},"categories":[265],"tags":[],"class_list":["post-26892","post","type-post","status-publish","format-standard","has-post-thumbnail","hentry","category-haberler"],"acf":[],"yoast_head":"<!-- This site is optimized with the Yoast SEO plugin v27.4 - https:\/\/yoast.com\/product\/yoast-seo-wordpress\/ -->\n<title>Refat \u00c7ubarov: \u00abDialog - er angi meselelerni ad\u0131m-ad\u0131m \u00e7ezmekni\u00f1 yek\u00e2ne ve semereli yolud\u0131r\u00bb - \u041c\u0435\u0434\u0436\u043b\u0456\u0441<\/title>\n<meta name=\"robots\" content=\"index, follow, max-snippet:-1, max-image-preview:large, max-video-preview:-1\" \/>\n<link rel=\"canonical\" href=\"https:\/\/qtmm.org\/qt\/refat-cubarov-dialog-er-angi-meselelerni-adim-adim-cezmeknin-yekane-ve-semereli-yoludir\/\" \/>\n<meta property=\"og:locale\" content=\"en_US\" \/>\n<meta property=\"og:type\" content=\"article\" \/>\n<meta property=\"og:title\" content=\"Refat \u00c7ubarov: \u00abDialog - er angi meselelerni ad\u0131m-ad\u0131m \u00e7ezmekni\u00f1 yek\u00e2ne ve semereli yolud\u0131r\u00bb - \u041c\u0435\u0434\u0436\u043b\u0456\u0441\" \/>\n<meta property=\"og:description\" content=\"Q\u0131r\u0131m Yuqar\u0131 \u015euras\u0131n\u0131\u00f1 deputatlar\u0131 rey berip Anatoliy Mogil\u00f6vn\u0131 Q\u0131r\u0131m Nazirler \u015euras\u0131n\u0131\u00f1 reisi s\u0131fat\u0131nda tasdiqlad\u0131lar. Ait qarar noyabr 8 k\u00fcn\u00fc Q\u0131r\u0131m Yuqar\u0131 \u015euras\u0131 6-nc\u0131 \u00e7a\u011f\u0131r\u0131l\u0131\u015f\u0131 \u00fc\u00e7\u00fcnci sessiyas\u0131n\u0131\u00f1 nevbetten t\u0131\u015f topla\u015fuv\u0131nda qabul etildi. Mezk\u00fcr topla\u015fuvda \u00e7\u0131q\u0131\u015fta bulun\u011fan &#8220;Qurultay-Ruh&#8221; deputat fraktsiyas\u0131n\u0131\u00f1 ba\u015f\u0131, Meclis reisini\u00f1 birinci muavini Refat \u00c7ubarov b\u00f6yle dedi: &#8220;A\u00f1la\u015f\u0131la ki, Ukraina Prezidenti ile keli\u015filgen bu namzetke [&hellip;]\" \/>\n<meta property=\"og:url\" content=\"https:\/\/qtmm.org\/qt\/refat-cubarov-dialog-er-angi-meselelerni-adim-adim-cezmeknin-yekane-ve-semereli-yoludir\/\" \/>\n<meta property=\"og:site_name\" content=\"\u041c\u0435\u0434\u0436\u043b\u0456\u0441\" \/>\n<meta property=\"article:publisher\" content=\"https:\/\/www.facebook.com\/qtmm.info\/\" \/>\n<meta property=\"article:published_time\" content=\"2011-11-09T14:12:00+00:00\" \/>\n<meta property=\"article:modified_time\" content=\"2022-01-19T14:13:39+00:00\" \/>\n<meta property=\"og:image\" content=\"https:\/\/qtmm.org\/wp-content\/uploads\/2022\/01\/4ebb62148fad8.jpeg\" \/>\n\t<meta property=\"og:image:width\" content=\"640\" \/>\n\t<meta property=\"og:image:height\" content=\"480\" \/>\n\t<meta property=\"og:image:type\" content=\"image\/jpeg\" \/>\n<meta name=\"author\" content=\"Developer\" \/>\n<meta name=\"twitter:card\" content=\"summary_large_image\" \/>\n<meta name=\"twitter:label1\" content=\"Written by\" \/>\n\t<meta name=\"twitter:data1\" content=\"Developer\" \/>\n\t<meta name=\"twitter:label2\" content=\"Est. reading time\" \/>\n\t<meta name=\"twitter:data2\" content=\"3 minutes\" \/>\n<script type=\"application\/ld+json\" class=\"yoast-schema-graph\">{\"@context\":\"https:\\\/\\\/schema.org\",\"@graph\":[{\"@type\":\"Article\",\"@id\":\"https:\\\/\\\/qtmm.org\\\/qt\\\/refat-cubarov-dialog-er-angi-meselelerni-adim-adim-cezmeknin-yekane-ve-semereli-yoludir\\\/#article\",\"isPartOf\":{\"@id\":\"https:\\\/\\\/qtmm.org\\\/qt\\\/refat-cubarov-dialog-er-angi-meselelerni-adim-adim-cezmeknin-yekane-ve-semereli-yoludir\\\/\"},\"author\":{\"name\":\"Developer\",\"@id\":\"https:\\\/\\\/qtmm.org\\\/qt\\\/#\\\/schema\\\/person\\\/de562469f971dec226ac06e60bbf74a7\"},\"headline\":\"Refat \u00c7ubarov: \u00abDialog &#8211; er angi meselelerni ad\u0131m-ad\u0131m \u00e7ezmekni\u00f1 yek\u00e2ne ve semereli yolud\u0131r\u00bb\",\"datePublished\":\"2011-11-09T14:12:00+00:00\",\"dateModified\":\"2022-01-19T14:13:39+00:00\",\"mainEntityOfPage\":{\"@id\":\"https:\\\/\\\/qtmm.org\\\/qt\\\/refat-cubarov-dialog-er-angi-meselelerni-adim-adim-cezmeknin-yekane-ve-semereli-yoludir\\\/\"},\"wordCount\":683,\"commentCount\":0,\"publisher\":{\"@id\":\"https:\\\/\\\/qtmm.org\\\/qt\\\/#organization\"},\"image\":{\"@id\":\"https:\\\/\\\/qtmm.org\\\/qt\\\/refat-cubarov-dialog-er-angi-meselelerni-adim-adim-cezmeknin-yekane-ve-semereli-yoludir\\\/#primaryimage\"},\"thumbnailUrl\":\"https:\\\/\\\/qtmm.org\\\/wp-content\\\/uploads\\\/2022\\\/01\\\/4ebb62148fad8.jpeg\",\"articleSection\":[\"Haberler\"],\"inLanguage\":\"qt\",\"potentialAction\":[{\"@type\":\"CommentAction\",\"name\":\"Comment\",\"target\":[\"https:\\\/\\\/qtmm.org\\\/qt\\\/refat-cubarov-dialog-er-angi-meselelerni-adim-adim-cezmeknin-yekane-ve-semereli-yoludir\\\/#respond\"]}]},{\"@type\":\"WebPage\",\"@id\":\"https:\\\/\\\/qtmm.org\\\/qt\\\/refat-cubarov-dialog-er-angi-meselelerni-adim-adim-cezmeknin-yekane-ve-semereli-yoludir\\\/\",\"url\":\"https:\\\/\\\/qtmm.org\\\/qt\\\/refat-cubarov-dialog-er-angi-meselelerni-adim-adim-cezmeknin-yekane-ve-semereli-yoludir\\\/\",\"name\":\"Refat \u00c7ubarov: \u00abDialog - er angi meselelerni ad\u0131m-ad\u0131m \u00e7ezmekni\u00f1 yek\u00e2ne ve semereli yolud\u0131r\u00bb - \u041c\u0435\u0434\u0436\u043b\u0456\u0441\",\"isPartOf\":{\"@id\":\"https:\\\/\\\/qtmm.org\\\/qt\\\/#website\"},\"primaryImageOfPage\":{\"@id\":\"https:\\\/\\\/qtmm.org\\\/qt\\\/refat-cubarov-dialog-er-angi-meselelerni-adim-adim-cezmeknin-yekane-ve-semereli-yoludir\\\/#primaryimage\"},\"image\":{\"@id\":\"https:\\\/\\\/qtmm.org\\\/qt\\\/refat-cubarov-dialog-er-angi-meselelerni-adim-adim-cezmeknin-yekane-ve-semereli-yoludir\\\/#primaryimage\"},\"thumbnailUrl\":\"https:\\\/\\\/qtmm.org\\\/wp-content\\\/uploads\\\/2022\\\/01\\\/4ebb62148fad8.jpeg\",\"datePublished\":\"2011-11-09T14:12:00+00:00\",\"dateModified\":\"2022-01-19T14:13:39+00:00\",\"breadcrumb\":{\"@id\":\"https:\\\/\\\/qtmm.org\\\/qt\\\/refat-cubarov-dialog-er-angi-meselelerni-adim-adim-cezmeknin-yekane-ve-semereli-yoludir\\\/#breadcrumb\"},\"inLanguage\":\"qt\",\"potentialAction\":[{\"@type\":\"ReadAction\",\"target\":[\"https:\\\/\\\/qtmm.org\\\/qt\\\/refat-cubarov-dialog-er-angi-meselelerni-adim-adim-cezmeknin-yekane-ve-semereli-yoludir\\\/\"]}]},{\"@type\":\"ImageObject\",\"inLanguage\":\"qt\",\"@id\":\"https:\\\/\\\/qtmm.org\\\/qt\\\/refat-cubarov-dialog-er-angi-meselelerni-adim-adim-cezmeknin-yekane-ve-semereli-yoludir\\\/#primaryimage\",\"url\":\"https:\\\/\\\/qtmm.org\\\/wp-content\\\/uploads\\\/2022\\\/01\\\/4ebb62148fad8.jpeg\",\"contentUrl\":\"https:\\\/\\\/qtmm.org\\\/wp-content\\\/uploads\\\/2022\\\/01\\\/4ebb62148fad8.jpeg\",\"width\":640,\"height\":480},{\"@type\":\"BreadcrumbList\",\"@id\":\"https:\\\/\\\/qtmm.org\\\/qt\\\/refat-cubarov-dialog-er-angi-meselelerni-adim-adim-cezmeknin-yekane-ve-semereli-yoludir\\\/#breadcrumb\",\"itemListElement\":[{\"@type\":\"ListItem\",\"position\":1,\"name\":\"\u0413\u043e\u043b\u043e\u0432\u043d\u0430\",\"item\":\"https:\\\/\\\/qtmm.org\\\/qt\\\/\"},{\"@type\":\"ListItem\",\"position\":2,\"name\":\"Refat \u00c7ubarov: \u00abDialog &#8211; er angi meselelerni ad\u0131m-ad\u0131m \u00e7ezmekni\u00f1 yek\u00e2ne ve semereli yolud\u0131r\u00bb\"}]},{\"@type\":\"WebSite\",\"@id\":\"https:\\\/\\\/qtmm.org\\\/qt\\\/#website\",\"url\":\"https:\\\/\\\/qtmm.org\\\/qt\\\/\",\"name\":\"\u041c\u0435\u0434\u0436\u043b\u0456\u0441\",\"description\":\"\",\"publisher\":{\"@id\":\"https:\\\/\\\/qtmm.org\\\/qt\\\/#organization\"},\"potentialAction\":[{\"@type\":\"SearchAction\",\"target\":{\"@type\":\"EntryPoint\",\"urlTemplate\":\"https:\\\/\\\/qtmm.org\\\/qt\\\/?s={search_term_string}\"},\"query-input\":{\"@type\":\"PropertyValueSpecification\",\"valueRequired\":true,\"valueName\":\"search_term_string\"}}],\"inLanguage\":\"qt\"},{\"@type\":\"Organization\",\"@id\":\"https:\\\/\\\/qtmm.org\\\/qt\\\/#organization\",\"name\":\"\u041c\u0435\u0434\u0436\u043b\u0456\u0441\",\"url\":\"https:\\\/\\\/qtmm.org\\\/qt\\\/\",\"logo\":{\"@type\":\"ImageObject\",\"inLanguage\":\"qt\",\"@id\":\"https:\\\/\\\/qtmm.org\\\/qt\\\/#\\\/schema\\\/logo\\\/image\\\/\",\"url\":\"https:\\\/\\\/qtmm.org\\\/wp-content\\\/uploads\\\/2024\\\/12\\\/ua-mejlis-logo-rgb.svg\",\"contentUrl\":\"https:\\\/\\\/qtmm.org\\\/wp-content\\\/uploads\\\/2024\\\/12\\\/ua-mejlis-logo-rgb.svg\",\"caption\":\"\u041c\u0435\u0434\u0436\u043b\u0456\u0441\"},\"image\":{\"@id\":\"https:\\\/\\\/qtmm.org\\\/qt\\\/#\\\/schema\\\/logo\\\/image\\\/\"},\"sameAs\":[\"https:\\\/\\\/www.facebook.com\\\/qtmm.info\\\/\"]},{\"@type\":\"Person\",\"@id\":\"https:\\\/\\\/qtmm.org\\\/qt\\\/#\\\/schema\\\/person\\\/de562469f971dec226ac06e60bbf74a7\",\"name\":\"Developer\",\"image\":{\"@type\":\"ImageObject\",\"inLanguage\":\"qt\",\"@id\":\"https:\\\/\\\/secure.gravatar.com\\\/avatar\\\/392b4cc8fbfeb00b39dfeeab4ee6edded39ffd48e25858637e4765810300227e?s=96&d=mm&r=g\",\"url\":\"https:\\\/\\\/secure.gravatar.com\\\/avatar\\\/392b4cc8fbfeb00b39dfeeab4ee6edded39ffd48e25858637e4765810300227e?s=96&d=mm&r=g\",\"contentUrl\":\"https:\\\/\\\/secure.gravatar.com\\\/avatar\\\/392b4cc8fbfeb00b39dfeeab4ee6edded39ffd48e25858637e4765810300227e?s=96&d=mm&r=g\",\"caption\":\"Developer\"},\"url\":\"https:\\\/\\\/qtmm.org\\\/qt\\\/author\\\/Developer\\\/\"}]}<\/script>\n<!-- \/ Yoast SEO plugin. -->","yoast_head_json":{"title":"Refat \u00c7ubarov: \u00abDialog - er angi meselelerni ad\u0131m-ad\u0131m \u00e7ezmekni\u00f1 yek\u00e2ne ve semereli yolud\u0131r\u00bb - \u041c\u0435\u0434\u0436\u043b\u0456\u0441","robots":{"index":"index","follow":"follow","max-snippet":"max-snippet:-1","max-image-preview":"max-image-preview:large","max-video-preview":"max-video-preview:-1"},"canonical":"https:\/\/qtmm.org\/qt\/refat-cubarov-dialog-er-angi-meselelerni-adim-adim-cezmeknin-yekane-ve-semereli-yoludir\/","og_locale":"en_US","og_type":"article","og_title":"Refat \u00c7ubarov: \u00abDialog - er angi meselelerni ad\u0131m-ad\u0131m \u00e7ezmekni\u00f1 yek\u00e2ne ve semereli yolud\u0131r\u00bb - \u041c\u0435\u0434\u0436\u043b\u0456\u0441","og_description":"Q\u0131r\u0131m Yuqar\u0131 \u015euras\u0131n\u0131\u00f1 deputatlar\u0131 rey berip Anatoliy Mogil\u00f6vn\u0131 Q\u0131r\u0131m Nazirler \u015euras\u0131n\u0131\u00f1 reisi s\u0131fat\u0131nda tasdiqlad\u0131lar. Ait qarar noyabr 8 k\u00fcn\u00fc Q\u0131r\u0131m Yuqar\u0131 \u015euras\u0131 6-nc\u0131 \u00e7a\u011f\u0131r\u0131l\u0131\u015f\u0131 \u00fc\u00e7\u00fcnci sessiyas\u0131n\u0131\u00f1 nevbetten t\u0131\u015f topla\u015fuv\u0131nda qabul etildi. Mezk\u00fcr topla\u015fuvda \u00e7\u0131q\u0131\u015fta bulun\u011fan &#8220;Qurultay-Ruh&#8221; deputat fraktsiyas\u0131n\u0131\u00f1 ba\u015f\u0131, Meclis reisini\u00f1 birinci muavini Refat \u00c7ubarov b\u00f6yle dedi: &#8220;A\u00f1la\u015f\u0131la ki, Ukraina Prezidenti ile keli\u015filgen bu namzetke [&hellip;]","og_url":"https:\/\/qtmm.org\/qt\/refat-cubarov-dialog-er-angi-meselelerni-adim-adim-cezmeknin-yekane-ve-semereli-yoludir\/","og_site_name":"\u041c\u0435\u0434\u0436\u043b\u0456\u0441","article_publisher":"https:\/\/www.facebook.com\/qtmm.info\/","article_published_time":"2011-11-09T14:12:00+00:00","article_modified_time":"2022-01-19T14:13:39+00:00","og_image":[{"width":640,"height":480,"url":"https:\/\/qtmm.org\/wp-content\/uploads\/2022\/01\/4ebb62148fad8.jpeg","type":"image\/jpeg"}],"author":"Developer","twitter_card":"summary_large_image","twitter_misc":{"Written by":"Developer","Est. reading time":"3 minutes"},"schema":{"@context":"https:\/\/schema.org","@graph":[{"@type":"Article","@id":"https:\/\/qtmm.org\/qt\/refat-cubarov-dialog-er-angi-meselelerni-adim-adim-cezmeknin-yekane-ve-semereli-yoludir\/#article","isPartOf":{"@id":"https:\/\/qtmm.org\/qt\/refat-cubarov-dialog-er-angi-meselelerni-adim-adim-cezmeknin-yekane-ve-semereli-yoludir\/"},"author":{"name":"Developer","@id":"https:\/\/qtmm.org\/qt\/#\/schema\/person\/de562469f971dec226ac06e60bbf74a7"},"headline":"Refat \u00c7ubarov: \u00abDialog &#8211; er angi meselelerni ad\u0131m-ad\u0131m \u00e7ezmekni\u00f1 yek\u00e2ne ve semereli yolud\u0131r\u00bb","datePublished":"2011-11-09T14:12:00+00:00","dateModified":"2022-01-19T14:13:39+00:00","mainEntityOfPage":{"@id":"https:\/\/qtmm.org\/qt\/refat-cubarov-dialog-er-angi-meselelerni-adim-adim-cezmeknin-yekane-ve-semereli-yoludir\/"},"wordCount":683,"commentCount":0,"publisher":{"@id":"https:\/\/qtmm.org\/qt\/#organization"},"image":{"@id":"https:\/\/qtmm.org\/qt\/refat-cubarov-dialog-er-angi-meselelerni-adim-adim-cezmeknin-yekane-ve-semereli-yoludir\/#primaryimage"},"thumbnailUrl":"https:\/\/qtmm.org\/wp-content\/uploads\/2022\/01\/4ebb62148fad8.jpeg","articleSection":["Haberler"],"inLanguage":"qt","potentialAction":[{"@type":"CommentAction","name":"Comment","target":["https:\/\/qtmm.org\/qt\/refat-cubarov-dialog-er-angi-meselelerni-adim-adim-cezmeknin-yekane-ve-semereli-yoludir\/#respond"]}]},{"@type":"WebPage","@id":"https:\/\/qtmm.org\/qt\/refat-cubarov-dialog-er-angi-meselelerni-adim-adim-cezmeknin-yekane-ve-semereli-yoludir\/","url":"https:\/\/qtmm.org\/qt\/refat-cubarov-dialog-er-angi-meselelerni-adim-adim-cezmeknin-yekane-ve-semereli-yoludir\/","name":"Refat \u00c7ubarov: \u00abDialog - er angi meselelerni ad\u0131m-ad\u0131m \u00e7ezmekni\u00f1 yek\u00e2ne ve semereli yolud\u0131r\u00bb - \u041c\u0435\u0434\u0436\u043b\u0456\u0441","isPartOf":{"@id":"https:\/\/qtmm.org\/qt\/#website"},"primaryImageOfPage":{"@id":"https:\/\/qtmm.org\/qt\/refat-cubarov-dialog-er-angi-meselelerni-adim-adim-cezmeknin-yekane-ve-semereli-yoludir\/#primaryimage"},"image":{"@id":"https:\/\/qtmm.org\/qt\/refat-cubarov-dialog-er-angi-meselelerni-adim-adim-cezmeknin-yekane-ve-semereli-yoludir\/#primaryimage"},"thumbnailUrl":"https:\/\/qtmm.org\/wp-content\/uploads\/2022\/01\/4ebb62148fad8.jpeg","datePublished":"2011-11-09T14:12:00+00:00","dateModified":"2022-01-19T14:13:39+00:00","breadcrumb":{"@id":"https:\/\/qtmm.org\/qt\/refat-cubarov-dialog-er-angi-meselelerni-adim-adim-cezmeknin-yekane-ve-semereli-yoludir\/#breadcrumb"},"inLanguage":"qt","potentialAction":[{"@type":"ReadAction","target":["https:\/\/qtmm.org\/qt\/refat-cubarov-dialog-er-angi-meselelerni-adim-adim-cezmeknin-yekane-ve-semereli-yoludir\/"]}]},{"@type":"ImageObject","inLanguage":"qt","@id":"https:\/\/qtmm.org\/qt\/refat-cubarov-dialog-er-angi-meselelerni-adim-adim-cezmeknin-yekane-ve-semereli-yoludir\/#primaryimage","url":"https:\/\/qtmm.org\/wp-content\/uploads\/2022\/01\/4ebb62148fad8.jpeg","contentUrl":"https:\/\/qtmm.org\/wp-content\/uploads\/2022\/01\/4ebb62148fad8.jpeg","width":640,"height":480},{"@type":"BreadcrumbList","@id":"https:\/\/qtmm.org\/qt\/refat-cubarov-dialog-er-angi-meselelerni-adim-adim-cezmeknin-yekane-ve-semereli-yoludir\/#breadcrumb","itemListElement":[{"@type":"ListItem","position":1,"name":"\u0413\u043e\u043b\u043e\u0432\u043d\u0430","item":"https:\/\/qtmm.org\/qt\/"},{"@type":"ListItem","position":2,"name":"Refat \u00c7ubarov: \u00abDialog &#8211; er angi meselelerni ad\u0131m-ad\u0131m \u00e7ezmekni\u00f1 yek\u00e2ne ve semereli yolud\u0131r\u00bb"}]},{"@type":"WebSite","@id":"https:\/\/qtmm.org\/qt\/#website","url":"https:\/\/qtmm.org\/qt\/","name":"\u041c\u0435\u0434\u0436\u043b\u0456\u0441","description":"","publisher":{"@id":"https:\/\/qtmm.org\/qt\/#organization"},"potentialAction":[{"@type":"SearchAction","target":{"@type":"EntryPoint","urlTemplate":"https:\/\/qtmm.org\/qt\/?s={search_term_string}"},"query-input":{"@type":"PropertyValueSpecification","valueRequired":true,"valueName":"search_term_string"}}],"inLanguage":"qt"},{"@type":"Organization","@id":"https:\/\/qtmm.org\/qt\/#organization","name":"\u041c\u0435\u0434\u0436\u043b\u0456\u0441","url":"https:\/\/qtmm.org\/qt\/","logo":{"@type":"ImageObject","inLanguage":"qt","@id":"https:\/\/qtmm.org\/qt\/#\/schema\/logo\/image\/","url":"https:\/\/qtmm.org\/wp-content\/uploads\/2024\/12\/ua-mejlis-logo-rgb.svg","contentUrl":"https:\/\/qtmm.org\/wp-content\/uploads\/2024\/12\/ua-mejlis-logo-rgb.svg","caption":"\u041c\u0435\u0434\u0436\u043b\u0456\u0441"},"image":{"@id":"https:\/\/qtmm.org\/qt\/#\/schema\/logo\/image\/"},"sameAs":["https:\/\/www.facebook.com\/qtmm.info\/"]},{"@type":"Person","@id":"https:\/\/qtmm.org\/qt\/#\/schema\/person\/de562469f971dec226ac06e60bbf74a7","name":"Developer","image":{"@type":"ImageObject","inLanguage":"qt","@id":"https:\/\/secure.gravatar.com\/avatar\/392b4cc8fbfeb00b39dfeeab4ee6edded39ffd48e25858637e4765810300227e?s=96&d=mm&r=g","url":"https:\/\/secure.gravatar.com\/avatar\/392b4cc8fbfeb00b39dfeeab4ee6edded39ffd48e25858637e4765810300227e?s=96&d=mm&r=g","contentUrl":"https:\/\/secure.gravatar.com\/avatar\/392b4cc8fbfeb00b39dfeeab4ee6edded39ffd48e25858637e4765810300227e?s=96&d=mm&r=g","caption":"Developer"},"url":"https:\/\/qtmm.org\/qt\/author\/Developer\/"}]}},"_links":{"self":[{"href":"https:\/\/qtmm.org\/qt\/wp-json\/wp\/v2\/posts\/26892","targetHints":{"allow":["GET"]}}],"collection":[{"href":"https:\/\/qtmm.org\/qt\/wp-json\/wp\/v2\/posts"}],"about":[{"href":"https:\/\/qtmm.org\/qt\/wp-json\/wp\/v2\/types\/post"}],"author":[{"embeddable":true,"href":"https:\/\/qtmm.org\/qt\/wp-json\/wp\/v2\/users\/1"}],"replies":[{"embeddable":true,"href":"https:\/\/qtmm.org\/qt\/wp-json\/wp\/v2\/comments?post=26892"}],"version-history":[{"count":1,"href":"https:\/\/qtmm.org\/qt\/wp-json\/wp\/v2\/posts\/26892\/revisions"}],"predecessor-version":[{"id":26897,"href":"https:\/\/qtmm.org\/qt\/wp-json\/wp\/v2\/posts\/26892\/revisions\/26897"}],"wp:featuredmedia":[{"embeddable":true,"href":"https:\/\/qtmm.org\/qt\/wp-json\/wp\/v2\/media\/26893"}],"wp:attachment":[{"href":"https:\/\/qtmm.org\/qt\/wp-json\/wp\/v2\/media?parent=26892"}],"wp:term":[{"taxonomy":"category","embeddable":true,"href":"https:\/\/qtmm.org\/qt\/wp-json\/wp\/v2\/categories?post=26892"},{"taxonomy":"post_tag","embeddable":true,"href":"https:\/\/qtmm.org\/qt\/wp-json\/wp\/v2\/tags?post=26892"}],"curies":[{"name":"wp","href":"https:\/\/api.w.org\/{rel}","templated":true}]}}