




{"id":26890,"date":"2011-11-09T17:11:00","date_gmt":"2011-11-09T14:11:00","guid":{"rendered":"http:\/\/qtmm.org\/?p=26890"},"modified":"2022-01-19T17:12:31","modified_gmt":"2022-01-19T14:12:31","slug":"qirimtatarlar-simdilik-ic-bir-turlu-naraziliq-aktsiyalarini-kecirmeycekler","status":"publish","type":"post","link":"https:\/\/qtmm.org\/qt\/qirimtatarlar-simdilik-ic-bir-turlu-naraziliq-aktsiyalarini-kecirmeycekler\/","title":{"rendered":"Q\u0131r\u0131mtatarlar \u015fimdilik i\u00e7 bir t\u00fcrl\u00fc naraz\u0131l\u0131q aktsiyalar\u0131n\u0131 ke\u00e7irmeycekler"},"content":{"rendered":"\n<p>Anatoliy Mogil\u00f6vn\u0131\u00f1\u00a0Q\u0131r\u0131m ba\u015f naziri olaraq tayinlenmesi munasebetinen q\u0131r\u0131mtatarlar \u015fimdilik i\u00e7 bir t\u00fcrl\u00fc naraz\u0131l\u0131q aktsiyalar\u0131n\u0131 ke\u00e7irmekni k\u00f6zde tutmaylar.<\/p>\n\n\n\n<p>Bu aqta Q\u0131r\u0131mtatar halq\u0131 Meclisini\u00f1 reisi, Ukraina halq deputat\u0131 Mustafa Cemilev 2011 senesi noyabr 8 k\u00fcn\u00fc&nbsp;<a href=\"http:\/\/5.ua\/\" target=\"_blank\" rel=\"noreferrer noopener\">5-nci televizion kanal\u0131n\u0131\u00f1<\/a>&nbsp;canl\u0131 yay\u0131n\u0131nda aytt\u0131<\/p>\n\n\n\n<p>&#8220;Bizni bug\u00fcnki Mogil\u00f6v t\u00fcnevinki Mogil\u00f6vdan farq etkeninde qand\u0131racaq olalar. O, Ukraina\u00a0\u0130\u00e7ki i\u015fler naziri ol\u0131p\u00a0\u00e7al\u0131\u015fqan vaqt\u0131nda i\u00e7 bir t\u00fcrl\u00fc de\u00f1i\u015fme sezmedim. Q\u0131r\u0131mtatarlarnen a\u00f1la\u015faca\u011f\u0131na \u015f\u00fcbelenem. L\u00e2kin \u015fimdilik konkret bir aktsiyalarn\u0131 planla\u015ft\u0131rmaym\u0131z&#8221;, &#8211; dedi Cemilev.<\/p>\n","protected":false},"excerpt":{"rendered":"<p>Anatoliy Mogil\u00f6vn\u0131\u00f1\u00a0Q\u0131r\u0131m ba\u015f naziri olaraq tayinlenmesi munasebetinen q\u0131r\u0131mtatarlar \u015fimdilik i\u00e7 bir t\u00fcrl\u00fc naraz\u0131l\u0131q aktsiyalar\u0131n\u0131 ke\u00e7irmekni k\u00f6zde tutmaylar. Bu aqta Q\u0131r\u0131mtatar halq\u0131 Meclisini\u00f1 reisi, Ukraina halq deputat\u0131 Mustafa Cemilev 2011 senesi noyabr 8 k\u00fcn\u00fc&nbsp;5-nci televizion kanal\u0131n\u0131\u00f1&nbsp;canl\u0131 yay\u0131n\u0131nda aytt\u0131 &#8220;Bizni bug\u00fcnki Mogil\u00f6v t\u00fcnevinki Mogil\u00f6vdan farq etkeninde qand\u0131racaq olalar. O, Ukraina\u00a0\u0130\u00e7ki i\u015fler naziri ol\u0131p\u00a0\u00e7al\u0131\u015fqan vaqt\u0131nda i\u00e7 bir t\u00fcrl\u00fc [&hellip;]<\/p>\n","protected":false},"author":1,"featured_media":0,"comment_status":"open","ping_status":"open","sticky":false,"template":"","format":"standard","meta":{"inline_featured_image":false,"footnotes":""},"categories":[265],"tags":[],"class_list":["post-26890","post","type-post","status-publish","format-standard","hentry","category-haberler"],"acf":[],"yoast_head":"<!-- This site is optimized with the Yoast SEO plugin v27.4 - https:\/\/yoast.com\/product\/yoast-seo-wordpress\/ -->\n<title>Q\u0131r\u0131mtatarlar \u015fimdilik i\u00e7 bir t\u00fcrl\u00fc naraz\u0131l\u0131q aktsiyalar\u0131n\u0131 ke\u00e7irmeycekler - \u041c\u0435\u0434\u0436\u043b\u0456\u0441<\/title>\n<meta name=\"robots\" content=\"index, follow, max-snippet:-1, max-image-preview:large, max-video-preview:-1\" \/>\n<link rel=\"canonical\" href=\"https:\/\/qtmm.org\/qt\/qirimtatarlar-simdilik-ic-bir-turlu-naraziliq-aktsiyalarini-kecirmeycekler\/\" \/>\n<meta property=\"og:locale\" content=\"en_US\" \/>\n<meta property=\"og:type\" content=\"article\" \/>\n<meta property=\"og:title\" content=\"Q\u0131r\u0131mtatarlar \u015fimdilik i\u00e7 bir t\u00fcrl\u00fc naraz\u0131l\u0131q aktsiyalar\u0131n\u0131 ke\u00e7irmeycekler - \u041c\u0435\u0434\u0436\u043b\u0456\u0441\" \/>\n<meta property=\"og:description\" content=\"Anatoliy Mogil\u00f6vn\u0131\u00f1\u00a0Q\u0131r\u0131m ba\u015f naziri olaraq tayinlenmesi munasebetinen q\u0131r\u0131mtatarlar \u015fimdilik i\u00e7 bir t\u00fcrl\u00fc naraz\u0131l\u0131q aktsiyalar\u0131n\u0131 ke\u00e7irmekni k\u00f6zde tutmaylar. Bu aqta Q\u0131r\u0131mtatar halq\u0131 Meclisini\u00f1 reisi, Ukraina halq deputat\u0131 Mustafa Cemilev 2011 senesi noyabr 8 k\u00fcn\u00fc&nbsp;5-nci televizion kanal\u0131n\u0131\u00f1&nbsp;canl\u0131 yay\u0131n\u0131nda aytt\u0131 &#8220;Bizni bug\u00fcnki Mogil\u00f6v t\u00fcnevinki Mogil\u00f6vdan farq etkeninde qand\u0131racaq olalar. O, Ukraina\u00a0\u0130\u00e7ki i\u015fler naziri ol\u0131p\u00a0\u00e7al\u0131\u015fqan vaqt\u0131nda i\u00e7 bir t\u00fcrl\u00fc [&hellip;]\" \/>\n<meta property=\"og:url\" content=\"https:\/\/qtmm.org\/qt\/qirimtatarlar-simdilik-ic-bir-turlu-naraziliq-aktsiyalarini-kecirmeycekler\/\" \/>\n<meta property=\"og:site_name\" content=\"\u041c\u0435\u0434\u0436\u043b\u0456\u0441\" \/>\n<meta property=\"article:publisher\" content=\"https:\/\/www.facebook.com\/qtmm.info\/\" \/>\n<meta property=\"article:published_time\" content=\"2011-11-09T14:11:00+00:00\" \/>\n<meta property=\"article:modified_time\" content=\"2022-01-19T14:12:31+00:00\" \/>\n<meta name=\"author\" content=\"Developer\" \/>\n<meta name=\"twitter:card\" content=\"summary_large_image\" \/>\n<meta name=\"twitter:label1\" content=\"Written by\" \/>\n\t<meta name=\"twitter:data1\" content=\"Developer\" \/>\n\t<meta name=\"twitter:label2\" content=\"Est. reading time\" \/>\n\t<meta name=\"twitter:data2\" content=\"1 minute\" \/>\n<script type=\"application\/ld+json\" class=\"yoast-schema-graph\">{\"@context\":\"https:\\\/\\\/schema.org\",\"@graph\":[{\"@type\":\"Article\",\"@id\":\"https:\\\/\\\/qtmm.org\\\/qt\\\/qirimtatarlar-simdilik-ic-bir-turlu-naraziliq-aktsiyalarini-kecirmeycekler\\\/#article\",\"isPartOf\":{\"@id\":\"https:\\\/\\\/qtmm.org\\\/qt\\\/qirimtatarlar-simdilik-ic-bir-turlu-naraziliq-aktsiyalarini-kecirmeycekler\\\/\"},\"author\":{\"name\":\"Developer\",\"@id\":\"https:\\\/\\\/qtmm.org\\\/qt\\\/#\\\/schema\\\/person\\\/de562469f971dec226ac06e60bbf74a7\"},\"headline\":\"Q\u0131r\u0131mtatarlar \u015fimdilik i\u00e7 bir t\u00fcrl\u00fc naraz\u0131l\u0131q aktsiyalar\u0131n\u0131 ke\u00e7irmeycekler\",\"datePublished\":\"2011-11-09T14:11:00+00:00\",\"dateModified\":\"2022-01-19T14:12:31+00:00\",\"mainEntityOfPage\":{\"@id\":\"https:\\\/\\\/qtmm.org\\\/qt\\\/qirimtatarlar-simdilik-ic-bir-turlu-naraziliq-aktsiyalarini-kecirmeycekler\\\/\"},\"wordCount\":127,\"commentCount\":0,\"publisher\":{\"@id\":\"https:\\\/\\\/qtmm.org\\\/qt\\\/#organization\"},\"articleSection\":[\"Haberler\"],\"inLanguage\":\"qt\",\"potentialAction\":[{\"@type\":\"CommentAction\",\"name\":\"Comment\",\"target\":[\"https:\\\/\\\/qtmm.org\\\/qt\\\/qirimtatarlar-simdilik-ic-bir-turlu-naraziliq-aktsiyalarini-kecirmeycekler\\\/#respond\"]}]},{\"@type\":\"WebPage\",\"@id\":\"https:\\\/\\\/qtmm.org\\\/qt\\\/qirimtatarlar-simdilik-ic-bir-turlu-naraziliq-aktsiyalarini-kecirmeycekler\\\/\",\"url\":\"https:\\\/\\\/qtmm.org\\\/qt\\\/qirimtatarlar-simdilik-ic-bir-turlu-naraziliq-aktsiyalarini-kecirmeycekler\\\/\",\"name\":\"Q\u0131r\u0131mtatarlar \u015fimdilik i\u00e7 bir t\u00fcrl\u00fc naraz\u0131l\u0131q aktsiyalar\u0131n\u0131 ke\u00e7irmeycekler - \u041c\u0435\u0434\u0436\u043b\u0456\u0441\",\"isPartOf\":{\"@id\":\"https:\\\/\\\/qtmm.org\\\/qt\\\/#website\"},\"datePublished\":\"2011-11-09T14:11:00+00:00\",\"dateModified\":\"2022-01-19T14:12:31+00:00\",\"breadcrumb\":{\"@id\":\"https:\\\/\\\/qtmm.org\\\/qt\\\/qirimtatarlar-simdilik-ic-bir-turlu-naraziliq-aktsiyalarini-kecirmeycekler\\\/#breadcrumb\"},\"inLanguage\":\"qt\",\"potentialAction\":[{\"@type\":\"ReadAction\",\"target\":[\"https:\\\/\\\/qtmm.org\\\/qt\\\/qirimtatarlar-simdilik-ic-bir-turlu-naraziliq-aktsiyalarini-kecirmeycekler\\\/\"]}]},{\"@type\":\"BreadcrumbList\",\"@id\":\"https:\\\/\\\/qtmm.org\\\/qt\\\/qirimtatarlar-simdilik-ic-bir-turlu-naraziliq-aktsiyalarini-kecirmeycekler\\\/#breadcrumb\",\"itemListElement\":[{\"@type\":\"ListItem\",\"position\":1,\"name\":\"\u0413\u043e\u043b\u043e\u0432\u043d\u0430\",\"item\":\"https:\\\/\\\/qtmm.org\\\/qt\\\/\"},{\"@type\":\"ListItem\",\"position\":2,\"name\":\"Q\u0131r\u0131mtatarlar \u015fimdilik i\u00e7 bir t\u00fcrl\u00fc naraz\u0131l\u0131q aktsiyalar\u0131n\u0131 ke\u00e7irmeycekler\"}]},{\"@type\":\"WebSite\",\"@id\":\"https:\\\/\\\/qtmm.org\\\/qt\\\/#website\",\"url\":\"https:\\\/\\\/qtmm.org\\\/qt\\\/\",\"name\":\"\u041c\u0435\u0434\u0436\u043b\u0456\u0441\",\"description\":\"\",\"publisher\":{\"@id\":\"https:\\\/\\\/qtmm.org\\\/qt\\\/#organization\"},\"potentialAction\":[{\"@type\":\"SearchAction\",\"target\":{\"@type\":\"EntryPoint\",\"urlTemplate\":\"https:\\\/\\\/qtmm.org\\\/qt\\\/?s={search_term_string}\"},\"query-input\":{\"@type\":\"PropertyValueSpecification\",\"valueRequired\":true,\"valueName\":\"search_term_string\"}}],\"inLanguage\":\"qt\"},{\"@type\":\"Organization\",\"@id\":\"https:\\\/\\\/qtmm.org\\\/qt\\\/#organization\",\"name\":\"\u041c\u0435\u0434\u0436\u043b\u0456\u0441\",\"url\":\"https:\\\/\\\/qtmm.org\\\/qt\\\/\",\"logo\":{\"@type\":\"ImageObject\",\"inLanguage\":\"qt\",\"@id\":\"https:\\\/\\\/qtmm.org\\\/qt\\\/#\\\/schema\\\/logo\\\/image\\\/\",\"url\":\"https:\\\/\\\/qtmm.org\\\/wp-content\\\/uploads\\\/2024\\\/12\\\/ua-mejlis-logo-rgb.svg\",\"contentUrl\":\"https:\\\/\\\/qtmm.org\\\/wp-content\\\/uploads\\\/2024\\\/12\\\/ua-mejlis-logo-rgb.svg\",\"caption\":\"\u041c\u0435\u0434\u0436\u043b\u0456\u0441\"},\"image\":{\"@id\":\"https:\\\/\\\/qtmm.org\\\/qt\\\/#\\\/schema\\\/logo\\\/image\\\/\"},\"sameAs\":[\"https:\\\/\\\/www.facebook.com\\\/qtmm.info\\\/\"]},{\"@type\":\"Person\",\"@id\":\"https:\\\/\\\/qtmm.org\\\/qt\\\/#\\\/schema\\\/person\\\/de562469f971dec226ac06e60bbf74a7\",\"name\":\"Developer\",\"image\":{\"@type\":\"ImageObject\",\"inLanguage\":\"qt\",\"@id\":\"https:\\\/\\\/secure.gravatar.com\\\/avatar\\\/392b4cc8fbfeb00b39dfeeab4ee6edded39ffd48e25858637e4765810300227e?s=96&d=mm&r=g\",\"url\":\"https:\\\/\\\/secure.gravatar.com\\\/avatar\\\/392b4cc8fbfeb00b39dfeeab4ee6edded39ffd48e25858637e4765810300227e?s=96&d=mm&r=g\",\"contentUrl\":\"https:\\\/\\\/secure.gravatar.com\\\/avatar\\\/392b4cc8fbfeb00b39dfeeab4ee6edded39ffd48e25858637e4765810300227e?s=96&d=mm&r=g\",\"caption\":\"Developer\"},\"url\":\"https:\\\/\\\/qtmm.org\\\/qt\\\/author\\\/Developer\\\/\"}]}<\/script>\n<!-- \/ Yoast SEO plugin. -->","yoast_head_json":{"title":"Q\u0131r\u0131mtatarlar \u015fimdilik i\u00e7 bir t\u00fcrl\u00fc naraz\u0131l\u0131q aktsiyalar\u0131n\u0131 ke\u00e7irmeycekler - \u041c\u0435\u0434\u0436\u043b\u0456\u0441","robots":{"index":"index","follow":"follow","max-snippet":"max-snippet:-1","max-image-preview":"max-image-preview:large","max-video-preview":"max-video-preview:-1"},"canonical":"https:\/\/qtmm.org\/qt\/qirimtatarlar-simdilik-ic-bir-turlu-naraziliq-aktsiyalarini-kecirmeycekler\/","og_locale":"en_US","og_type":"article","og_title":"Q\u0131r\u0131mtatarlar \u015fimdilik i\u00e7 bir t\u00fcrl\u00fc naraz\u0131l\u0131q aktsiyalar\u0131n\u0131 ke\u00e7irmeycekler - \u041c\u0435\u0434\u0436\u043b\u0456\u0441","og_description":"Anatoliy Mogil\u00f6vn\u0131\u00f1\u00a0Q\u0131r\u0131m ba\u015f naziri olaraq tayinlenmesi munasebetinen q\u0131r\u0131mtatarlar \u015fimdilik i\u00e7 bir t\u00fcrl\u00fc naraz\u0131l\u0131q aktsiyalar\u0131n\u0131 ke\u00e7irmekni k\u00f6zde tutmaylar. Bu aqta Q\u0131r\u0131mtatar halq\u0131 Meclisini\u00f1 reisi, Ukraina halq deputat\u0131 Mustafa Cemilev 2011 senesi noyabr 8 k\u00fcn\u00fc&nbsp;5-nci televizion kanal\u0131n\u0131\u00f1&nbsp;canl\u0131 yay\u0131n\u0131nda aytt\u0131 &#8220;Bizni bug\u00fcnki Mogil\u00f6v t\u00fcnevinki Mogil\u00f6vdan farq etkeninde qand\u0131racaq olalar. O, Ukraina\u00a0\u0130\u00e7ki i\u015fler naziri ol\u0131p\u00a0\u00e7al\u0131\u015fqan vaqt\u0131nda i\u00e7 bir t\u00fcrl\u00fc [&hellip;]","og_url":"https:\/\/qtmm.org\/qt\/qirimtatarlar-simdilik-ic-bir-turlu-naraziliq-aktsiyalarini-kecirmeycekler\/","og_site_name":"\u041c\u0435\u0434\u0436\u043b\u0456\u0441","article_publisher":"https:\/\/www.facebook.com\/qtmm.info\/","article_published_time":"2011-11-09T14:11:00+00:00","article_modified_time":"2022-01-19T14:12:31+00:00","author":"Developer","twitter_card":"summary_large_image","twitter_misc":{"Written by":"Developer","Est. reading time":"1 minute"},"schema":{"@context":"https:\/\/schema.org","@graph":[{"@type":"Article","@id":"https:\/\/qtmm.org\/qt\/qirimtatarlar-simdilik-ic-bir-turlu-naraziliq-aktsiyalarini-kecirmeycekler\/#article","isPartOf":{"@id":"https:\/\/qtmm.org\/qt\/qirimtatarlar-simdilik-ic-bir-turlu-naraziliq-aktsiyalarini-kecirmeycekler\/"},"author":{"name":"Developer","@id":"https:\/\/qtmm.org\/qt\/#\/schema\/person\/de562469f971dec226ac06e60bbf74a7"},"headline":"Q\u0131r\u0131mtatarlar \u015fimdilik i\u00e7 bir t\u00fcrl\u00fc naraz\u0131l\u0131q aktsiyalar\u0131n\u0131 ke\u00e7irmeycekler","datePublished":"2011-11-09T14:11:00+00:00","dateModified":"2022-01-19T14:12:31+00:00","mainEntityOfPage":{"@id":"https:\/\/qtmm.org\/qt\/qirimtatarlar-simdilik-ic-bir-turlu-naraziliq-aktsiyalarini-kecirmeycekler\/"},"wordCount":127,"commentCount":0,"publisher":{"@id":"https:\/\/qtmm.org\/qt\/#organization"},"articleSection":["Haberler"],"inLanguage":"qt","potentialAction":[{"@type":"CommentAction","name":"Comment","target":["https:\/\/qtmm.org\/qt\/qirimtatarlar-simdilik-ic-bir-turlu-naraziliq-aktsiyalarini-kecirmeycekler\/#respond"]}]},{"@type":"WebPage","@id":"https:\/\/qtmm.org\/qt\/qirimtatarlar-simdilik-ic-bir-turlu-naraziliq-aktsiyalarini-kecirmeycekler\/","url":"https:\/\/qtmm.org\/qt\/qirimtatarlar-simdilik-ic-bir-turlu-naraziliq-aktsiyalarini-kecirmeycekler\/","name":"Q\u0131r\u0131mtatarlar \u015fimdilik i\u00e7 bir t\u00fcrl\u00fc naraz\u0131l\u0131q aktsiyalar\u0131n\u0131 ke\u00e7irmeycekler - \u041c\u0435\u0434\u0436\u043b\u0456\u0441","isPartOf":{"@id":"https:\/\/qtmm.org\/qt\/#website"},"datePublished":"2011-11-09T14:11:00+00:00","dateModified":"2022-01-19T14:12:31+00:00","breadcrumb":{"@id":"https:\/\/qtmm.org\/qt\/qirimtatarlar-simdilik-ic-bir-turlu-naraziliq-aktsiyalarini-kecirmeycekler\/#breadcrumb"},"inLanguage":"qt","potentialAction":[{"@type":"ReadAction","target":["https:\/\/qtmm.org\/qt\/qirimtatarlar-simdilik-ic-bir-turlu-naraziliq-aktsiyalarini-kecirmeycekler\/"]}]},{"@type":"BreadcrumbList","@id":"https:\/\/qtmm.org\/qt\/qirimtatarlar-simdilik-ic-bir-turlu-naraziliq-aktsiyalarini-kecirmeycekler\/#breadcrumb","itemListElement":[{"@type":"ListItem","position":1,"name":"\u0413\u043e\u043b\u043e\u0432\u043d\u0430","item":"https:\/\/qtmm.org\/qt\/"},{"@type":"ListItem","position":2,"name":"Q\u0131r\u0131mtatarlar \u015fimdilik i\u00e7 bir t\u00fcrl\u00fc naraz\u0131l\u0131q aktsiyalar\u0131n\u0131 ke\u00e7irmeycekler"}]},{"@type":"WebSite","@id":"https:\/\/qtmm.org\/qt\/#website","url":"https:\/\/qtmm.org\/qt\/","name":"\u041c\u0435\u0434\u0436\u043b\u0456\u0441","description":"","publisher":{"@id":"https:\/\/qtmm.org\/qt\/#organization"},"potentialAction":[{"@type":"SearchAction","target":{"@type":"EntryPoint","urlTemplate":"https:\/\/qtmm.org\/qt\/?s={search_term_string}"},"query-input":{"@type":"PropertyValueSpecification","valueRequired":true,"valueName":"search_term_string"}}],"inLanguage":"qt"},{"@type":"Organization","@id":"https:\/\/qtmm.org\/qt\/#organization","name":"\u041c\u0435\u0434\u0436\u043b\u0456\u0441","url":"https:\/\/qtmm.org\/qt\/","logo":{"@type":"ImageObject","inLanguage":"qt","@id":"https:\/\/qtmm.org\/qt\/#\/schema\/logo\/image\/","url":"https:\/\/qtmm.org\/wp-content\/uploads\/2024\/12\/ua-mejlis-logo-rgb.svg","contentUrl":"https:\/\/qtmm.org\/wp-content\/uploads\/2024\/12\/ua-mejlis-logo-rgb.svg","caption":"\u041c\u0435\u0434\u0436\u043b\u0456\u0441"},"image":{"@id":"https:\/\/qtmm.org\/qt\/#\/schema\/logo\/image\/"},"sameAs":["https:\/\/www.facebook.com\/qtmm.info\/"]},{"@type":"Person","@id":"https:\/\/qtmm.org\/qt\/#\/schema\/person\/de562469f971dec226ac06e60bbf74a7","name":"Developer","image":{"@type":"ImageObject","inLanguage":"qt","@id":"https:\/\/secure.gravatar.com\/avatar\/392b4cc8fbfeb00b39dfeeab4ee6edded39ffd48e25858637e4765810300227e?s=96&d=mm&r=g","url":"https:\/\/secure.gravatar.com\/avatar\/392b4cc8fbfeb00b39dfeeab4ee6edded39ffd48e25858637e4765810300227e?s=96&d=mm&r=g","contentUrl":"https:\/\/secure.gravatar.com\/avatar\/392b4cc8fbfeb00b39dfeeab4ee6edded39ffd48e25858637e4765810300227e?s=96&d=mm&r=g","caption":"Developer"},"url":"https:\/\/qtmm.org\/qt\/author\/Developer\/"}]}},"_links":{"self":[{"href":"https:\/\/qtmm.org\/qt\/wp-json\/wp\/v2\/posts\/26890","targetHints":{"allow":["GET"]}}],"collection":[{"href":"https:\/\/qtmm.org\/qt\/wp-json\/wp\/v2\/posts"}],"about":[{"href":"https:\/\/qtmm.org\/qt\/wp-json\/wp\/v2\/types\/post"}],"author":[{"embeddable":true,"href":"https:\/\/qtmm.org\/qt\/wp-json\/wp\/v2\/users\/1"}],"replies":[{"embeddable":true,"href":"https:\/\/qtmm.org\/qt\/wp-json\/wp\/v2\/comments?post=26890"}],"version-history":[{"count":1,"href":"https:\/\/qtmm.org\/qt\/wp-json\/wp\/v2\/posts\/26890\/revisions"}],"predecessor-version":[{"id":26891,"href":"https:\/\/qtmm.org\/qt\/wp-json\/wp\/v2\/posts\/26890\/revisions\/26891"}],"wp:attachment":[{"href":"https:\/\/qtmm.org\/qt\/wp-json\/wp\/v2\/media?parent=26890"}],"wp:term":[{"taxonomy":"category","embeddable":true,"href":"https:\/\/qtmm.org\/qt\/wp-json\/wp\/v2\/categories?post=26890"},{"taxonomy":"post_tag","embeddable":true,"href":"https:\/\/qtmm.org\/qt\/wp-json\/wp\/v2\/tags?post=26890"}],"curies":[{"name":"wp","href":"https:\/\/api.w.org\/{rel}","templated":true}]}}