




{"id":26866,"date":"2011-11-08T17:09:00","date_gmt":"2011-11-08T14:09:00","guid":{"rendered":"http:\/\/qtmm.org\/?p=26866"},"modified":"2022-01-19T17:10:48","modified_gmt":"2022-01-19T14:10:48","slug":"aqmescitnin-yani-qirim-maallesinde-balaklavskaya-soqaginda-qurban-bayram","status":"publish","type":"post","link":"https:\/\/qtmm.org\/qt\/aqmescitnin-yani-qirim-maallesinde-balaklavskaya-soqaginda-qurban-bayram\/","title":{"rendered":"Aqmescitni\u00f1 Ya\u00f1\u0131 Q\u0131r\u0131m maallesinde ( Balaklavskaya soqa\u011f\u0131nda) Qurban Bayram"},"content":{"rendered":"\n<p>Noyabr 8 k\u00fcn\u00fc Aqmescitni\u00f1 Ya\u00f1\u0131 Q\u0131r\u0131m maallesinde ( Balaklavskaya soqa\u011f\u0131nda) &#8220;naraz\u0131l\u0131q meydan\u0131&#8221; i\u015ftirak\u00e7ileri Aqmescit regional meclis ve Q\u0131r\u0131m musulmanlar\u0131n\u0131\u00f1 m\u00fcftiliginen beraber Q\u0131r\u0131mtatar halq\u0131 Meclisini\u00f1 qoltutuv\u0131 ile musulmanlarn\u0131\u00f1 eki b\u00fcy\u00fck bayram\u0131ndan biri ol\u011fan Qurban bayram\u0131 munasebetinen tantanal\u0131 tedbir te\u015fkil ettiler.<\/p>\n\n\n\n<p>Ya\u00f1\u0131 Q\u0131r\u0131m maallesi ve etraftaki mikrorayonlarda ya\u015fa\u011fan sakinlerni Qurban bayram\u0131nen hay\u0131rlamaq i\u00e7\u00fcn Meclis reisi Mustafa Cemilev, Q\u0131r\u0131m musulmanlar\u0131 m\u00fcftisi haci Emirali Ablayev, Meclis K\u00e2tibiyetini\u00f1 reberi Zair Smedl\u00e2yev, Meclis Topraq komissiyas\u0131n\u0131\u00f1 reisi Zevcet Kurtumerov, Meclis Tefti\u015f komissiyas\u0131 reisini\u00f1 vazifesini eda etici Qurtseit Abdullayev, Aqmescit regional meclis reisi Ruslan Enannov, milliy areket veteranlar\u0131, bun\u0131\u00f1 kibi de T\u00fcrkiyeden kelgen musafirler bulund\u0131.<\/p>\n\n\n\n<p>Maallede qurul\u011fan d\u00fclber cami yan\u0131nda donat\u0131l\u011fan bayram sofralar\u0131 ba\u015f\u0131na 100-den ziyade adam yerle\u015fti. Bayram adetine k\u00f6re qurban \u00e7al\u0131n\u0131p, qurbanl\u0131q etinden milliy q\u0131r\u0131mtatar yemekleri az\u0131rland\u0131.<\/p>\n\n\n\n<p>Tedbir devam\u0131nda musafirler yerli sakinlerni bayram ile hay\u0131rlap, eyi tileklerini bildirdiler.<\/p>\n\n\n\n<p>Meclisni\u00f1 reisi Mustafa Cemilev, semetde\u015flerni bayram ile hay\u0131rlar eken, tedbir i\u015ftirak\u00e7ilerine ve umumen b\u00fct\u00fcn q\u0131r\u0131mtatar halq\u0131na sa\u011fl\u0131q ve bolluq tiledi.<br>Meclis reisi \u00f6z \u00e7\u0131q\u0131\u015f\u0131nda so\u00f1ki haberlerde, c\u00fcmleden Anatoliy Mogil\u00f6vn\u0131\u00f1 Q\u0131r\u0131m \u00fck\u00fcmeti reberligine tayinlenmesinde toqtal\u0131p, on\u0131\u00f1 q\u0131r\u0131mtatar halq\u0131 ve vek\u00e2letli organ\u0131 ad\u0131na s\u00f6ylegen menfiy fikirlerini hat\u0131rlatt\u0131.<\/p>\n\n\n\n<p>Stalinni\u00f1 b\u00fct\u00fcn bir halqn\u0131 s\u00fcrg\u00fcn etkenini do\u011fru tan\u0131\u011fan, yar\u0131madan\u0131\u00f1 as\u0131l halq\u0131n\u0131 satq\u0131nl\u0131qta qabaatla\u011fan insan\u011fa b\u00f6yle y\u00fcksek bir vazifeni\u00f1 avale etilmesini M.Cemilev aq\u0131ls\u0131z qarar, dep saya. &#8220;Q\u0131r\u0131mtatar halq\u0131n\u0131\u00f1 milliy areketi \u00e7oq y\u0131llar devam\u0131nda \u00f6z aq-uquqlar\u0131 i\u00e7\u00fcn demokratik usullarnen k\u00fcre\u015fip, i\u00e7 bir t\u00fcrl\u00fc provokatsiyalar\u011fa qap\u0131lmad\u0131, halqn\u0131\u00f1 \u015ferefini k\u00f6terdi, dedi Cemilev. Mogil\u00f6v kibi insann\u0131\u00f1 ayn\u0131 Qurban bayram\u0131 k\u00fcnlerinde tayinlenmesini Ukraina siyaset\u00e7ileri farql\u0131 qabul ettiler&#8221;Meclisni\u00f1 ve umumen b\u00fct\u00fcn semetce\u015flerimizni\u00f1 vazifesi baz\u0131 siyasiy \u015fah\u0131slarn\u0131\u00f1 ay\u0131n-oyunlar\u0131na emiyet bermeden, aq\u0131l-ferasetnen i\u015f k\u00f6rmektir&#8221;, &#8211; dedi Meclisni\u00f1 ba\u015f\u0131.<\/p>\n\n\n\n<p>Meclisni\u00f1 Topraq komissiyas\u0131 ba\u015f\u0131 Zevcet Qurt\u00fcmerov \u00f6z \u00e7\u0131q\u0131\u015f\u0131nda semetde\u015flerimizni ces\u00fcr olma\u011fa, tarihiy Vatan\u0131m\u0131z i\u00e7\u00fcn k\u00fcre\u015fni toqtatmadan, ecdatlar topra\u011f\u0131na adaletni tiklemege \u00e7a\u011f\u0131rd\u0131. Bun\u0131\u00f1 kibi de o, bayram tedbirini\u00f1 b\u00f6yle te\u015fkil\u00e2tl\u0131 ke\u00e7mesinde &#8220;naraz\u0131l\u0131q meydan\u0131&#8221;n\u0131\u00f1 yetek\u00e7isi Rustem Halilov ve maalle sakinlerini\u00f1 h\u0131zmetlerini ayr\u0131ca qayd etti.<\/p>\n\n\n\n<p>Musafirler i\u00e7\u00fcn bestek\u00e2r ve y\u0131rc\u0131 Zore Qad\u0131yeva, Q\u0131r\u0131mda nam qazan\u011fan artist Alim Osmanov ve q\u0131r\u0131mtatar. &#8220;Qara-Da\u011f&#8221; gruppas\u0131 icras\u0131nda bayram kontserti berildi<\/p>\n\n\n\n<figure class=\"wp-block-gallery columns-3 is-cropped wp-block-gallery-1 is-layout-flex wp-block-gallery-is-layout-flex\"><ul class=\"blocks-gallery-grid\"><li class=\"blocks-gallery-item\"><figure><a href=\"http:\/\/qtmm.org\/wp-content\/uploads\/2022\/01\/4eba1194ae775.jpeg\"><img loading=\"lazy\" decoding=\"async\" width=\"640\" height=\"480\" src=\"http:\/\/qtmm.org\/wp-content\/uploads\/2022\/01\/4eba1194ae775.jpeg\" alt=\"\" data-id=\"26867\" data-full-url=\"http:\/\/qtmm.org\/wp-content\/uploads\/2022\/01\/4eba1194ae775.jpeg\" data-link=\"http:\/\/qtmm.org\/?attachment_id=26867\" class=\"wp-image-26867\" srcset=\"https:\/\/qtmm.org\/wp-content\/uploads\/2022\/01\/4eba1194ae775.jpeg 640w, https:\/\/qtmm.org\/wp-content\/uploads\/2022\/01\/4eba1194ae775-300x225.jpeg 300w\" sizes=\"auto, (max-width: 640px) 100vw, 640px\" \/><\/a><\/figure><\/li><li class=\"blocks-gallery-item\"><figure><a href=\"http:\/\/qtmm.org\/wp-content\/uploads\/2022\/01\/4eba1195bae44.jpeg\"><img loading=\"lazy\" decoding=\"async\" width=\"640\" height=\"480\" src=\"http:\/\/qtmm.org\/wp-content\/uploads\/2022\/01\/4eba1195bae44.jpeg\" alt=\"\" data-id=\"26871\" data-full-url=\"http:\/\/qtmm.org\/wp-content\/uploads\/2022\/01\/4eba1195bae44.jpeg\" data-link=\"http:\/\/qtmm.org\/?attachment_id=26871\" class=\"wp-image-26871\" srcset=\"https:\/\/qtmm.org\/wp-content\/uploads\/2022\/01\/4eba1195bae44.jpeg 640w, https:\/\/qtmm.org\/wp-content\/uploads\/2022\/01\/4eba1195bae44-300x225.jpeg 300w\" sizes=\"auto, (max-width: 640px) 100vw, 640px\" \/><\/a><\/figure><\/li><li class=\"blocks-gallery-item\"><figure><a href=\"http:\/\/qtmm.org\/wp-content\/uploads\/2022\/01\/4eba11957e57e.jpeg\"><img loading=\"lazy\" decoding=\"async\" width=\"640\" height=\"480\" src=\"http:\/\/qtmm.org\/wp-content\/uploads\/2022\/01\/4eba11957e57e.jpeg\" alt=\"\" data-id=\"26875\" data-full-url=\"http:\/\/qtmm.org\/wp-content\/uploads\/2022\/01\/4eba11957e57e.jpeg\" data-link=\"http:\/\/qtmm.org\/?attachment_id=26875\" class=\"wp-image-26875\" srcset=\"https:\/\/qtmm.org\/wp-content\/uploads\/2022\/01\/4eba11957e57e.jpeg 640w, https:\/\/qtmm.org\/wp-content\/uploads\/2022\/01\/4eba11957e57e-300x225.jpeg 300w\" sizes=\"auto, (max-width: 640px) 100vw, 640px\" \/><\/a><\/figure><\/li><li class=\"blocks-gallery-item\"><figure><a href=\"http:\/\/qtmm.org\/wp-content\/uploads\/2022\/01\/4eba11960b9b0.jpeg\"><img loading=\"lazy\" decoding=\"async\" width=\"640\" height=\"480\" src=\"http:\/\/qtmm.org\/wp-content\/uploads\/2022\/01\/4eba11960b9b0.jpeg\" alt=\"\" data-id=\"26879\" data-full-url=\"http:\/\/qtmm.org\/wp-content\/uploads\/2022\/01\/4eba11960b9b0.jpeg\" data-link=\"http:\/\/qtmm.org\/?attachment_id=26879\" class=\"wp-image-26879\" srcset=\"https:\/\/qtmm.org\/wp-content\/uploads\/2022\/01\/4eba11960b9b0.jpeg 640w, https:\/\/qtmm.org\/wp-content\/uploads\/2022\/01\/4eba11960b9b0-300x225.jpeg 300w\" sizes=\"auto, (max-width: 640px) 100vw, 640px\" \/><\/a><\/figure><\/li><li class=\"blocks-gallery-item\"><figure><a href=\"http:\/\/qtmm.org\/wp-content\/uploads\/2022\/01\/4eba119543086.jpeg\"><img loading=\"lazy\" decoding=\"async\" width=\"640\" height=\"480\" src=\"http:\/\/qtmm.org\/wp-content\/uploads\/2022\/01\/4eba119543086.jpeg\" alt=\"\" data-id=\"26883\" data-full-url=\"http:\/\/qtmm.org\/wp-content\/uploads\/2022\/01\/4eba119543086.jpeg\" data-link=\"http:\/\/qtmm.org\/?attachment_id=26883\" class=\"wp-image-26883\" srcset=\"https:\/\/qtmm.org\/wp-content\/uploads\/2022\/01\/4eba119543086.jpeg 640w, https:\/\/qtmm.org\/wp-content\/uploads\/2022\/01\/4eba119543086-300x225.jpeg 300w\" sizes=\"auto, (max-width: 640px) 100vw, 640px\" \/><\/a><\/figure><\/li><\/ul><\/figure>\n","protected":false},"excerpt":{"rendered":"<p>Noyabr 8 k\u00fcn\u00fc Aqmescitni\u00f1 Ya\u00f1\u0131 Q\u0131r\u0131m maallesinde ( Balaklavskaya soqa\u011f\u0131nda) &#8220;naraz\u0131l\u0131q meydan\u0131&#8221; i\u015ftirak\u00e7ileri Aqmescit regional meclis ve Q\u0131r\u0131m musulmanlar\u0131n\u0131\u00f1 m\u00fcftiliginen beraber Q\u0131r\u0131mtatar halq\u0131 Meclisini\u00f1 qoltutuv\u0131 ile musulmanlarn\u0131\u00f1 eki b\u00fcy\u00fck bayram\u0131ndan biri ol\u011fan Qurban bayram\u0131 munasebetinen tantanal\u0131 tedbir te\u015fkil ettiler. Ya\u00f1\u0131 Q\u0131r\u0131m maallesi ve etraftaki mikrorayonlarda ya\u015fa\u011fan sakinlerni Qurban bayram\u0131nen hay\u0131rlamaq i\u00e7\u00fcn Meclis reisi Mustafa Cemilev, [&hellip;]<\/p>\n","protected":false},"author":1,"featured_media":26871,"comment_status":"open","ping_status":"open","sticky":false,"template":"","format":"standard","meta":{"inline_featured_image":false,"footnotes":""},"categories":[265],"tags":[],"class_list":["post-26866","post","type-post","status-publish","format-standard","has-post-thumbnail","hentry","category-haberler"],"acf":[],"yoast_head":"<!-- This site is optimized with the Yoast SEO plugin v27.4 - https:\/\/yoast.com\/product\/yoast-seo-wordpress\/ -->\n<title>Aqmescitni\u00f1 Ya\u00f1\u0131 Q\u0131r\u0131m maallesinde ( Balaklavskaya soqa\u011f\u0131nda) Qurban Bayram - \u041c\u0435\u0434\u0436\u043b\u0456\u0441<\/title>\n<meta name=\"robots\" content=\"index, follow, max-snippet:-1, max-image-preview:large, max-video-preview:-1\" \/>\n<link rel=\"canonical\" href=\"https:\/\/qtmm.org\/qt\/aqmescitnin-yani-qirim-maallesinde-balaklavskaya-soqaginda-qurban-bayram\/\" \/>\n<meta property=\"og:locale\" content=\"en_US\" \/>\n<meta property=\"og:type\" content=\"article\" \/>\n<meta property=\"og:title\" content=\"Aqmescitni\u00f1 Ya\u00f1\u0131 Q\u0131r\u0131m maallesinde ( Balaklavskaya soqa\u011f\u0131nda) Qurban Bayram - \u041c\u0435\u0434\u0436\u043b\u0456\u0441\" \/>\n<meta property=\"og:description\" content=\"Noyabr 8 k\u00fcn\u00fc Aqmescitni\u00f1 Ya\u00f1\u0131 Q\u0131r\u0131m maallesinde ( Balaklavskaya soqa\u011f\u0131nda) &#8220;naraz\u0131l\u0131q meydan\u0131&#8221; i\u015ftirak\u00e7ileri Aqmescit regional meclis ve Q\u0131r\u0131m musulmanlar\u0131n\u0131\u00f1 m\u00fcftiliginen beraber Q\u0131r\u0131mtatar halq\u0131 Meclisini\u00f1 qoltutuv\u0131 ile musulmanlarn\u0131\u00f1 eki b\u00fcy\u00fck bayram\u0131ndan biri ol\u011fan Qurban bayram\u0131 munasebetinen tantanal\u0131 tedbir te\u015fkil ettiler. Ya\u00f1\u0131 Q\u0131r\u0131m maallesi ve etraftaki mikrorayonlarda ya\u015fa\u011fan sakinlerni Qurban bayram\u0131nen hay\u0131rlamaq i\u00e7\u00fcn Meclis reisi Mustafa Cemilev, [&hellip;]\" \/>\n<meta property=\"og:url\" content=\"https:\/\/qtmm.org\/qt\/aqmescitnin-yani-qirim-maallesinde-balaklavskaya-soqaginda-qurban-bayram\/\" \/>\n<meta property=\"og:site_name\" content=\"\u041c\u0435\u0434\u0436\u043b\u0456\u0441\" \/>\n<meta property=\"article:publisher\" content=\"https:\/\/www.facebook.com\/qtmm.info\/\" \/>\n<meta property=\"article:published_time\" content=\"2011-11-08T14:09:00+00:00\" \/>\n<meta property=\"article:modified_time\" content=\"2022-01-19T14:10:48+00:00\" \/>\n<meta property=\"og:image\" content=\"https:\/\/qtmm.org\/wp-content\/uploads\/2022\/01\/4eba1195bae44.jpeg\" \/>\n\t<meta property=\"og:image:width\" content=\"640\" \/>\n\t<meta property=\"og:image:height\" content=\"480\" \/>\n\t<meta property=\"og:image:type\" content=\"image\/jpeg\" \/>\n<meta name=\"author\" content=\"Developer\" \/>\n<meta name=\"twitter:card\" content=\"summary_large_image\" \/>\n<meta name=\"twitter:label1\" content=\"Written by\" \/>\n\t<meta name=\"twitter:data1\" content=\"Developer\" \/>\n\t<meta name=\"twitter:label2\" content=\"Est. reading time\" \/>\n\t<meta name=\"twitter:data2\" content=\"2 minutes\" \/>\n<script type=\"application\/ld+json\" class=\"yoast-schema-graph\">{\"@context\":\"https:\\\/\\\/schema.org\",\"@graph\":[{\"@type\":\"Article\",\"@id\":\"https:\\\/\\\/qtmm.org\\\/qt\\\/aqmescitnin-yani-qirim-maallesinde-balaklavskaya-soqaginda-qurban-bayram\\\/#article\",\"isPartOf\":{\"@id\":\"https:\\\/\\\/qtmm.org\\\/qt\\\/aqmescitnin-yani-qirim-maallesinde-balaklavskaya-soqaginda-qurban-bayram\\\/\"},\"author\":{\"name\":\"Developer\",\"@id\":\"https:\\\/\\\/qtmm.org\\\/qt\\\/#\\\/schema\\\/person\\\/de562469f971dec226ac06e60bbf74a7\"},\"headline\":\"Aqmescitni\u00f1 Ya\u00f1\u0131 Q\u0131r\u0131m maallesinde ( Balaklavskaya soqa\u011f\u0131nda) Qurban Bayram\",\"datePublished\":\"2011-11-08T14:09:00+00:00\",\"dateModified\":\"2022-01-19T14:10:48+00:00\",\"mainEntityOfPage\":{\"@id\":\"https:\\\/\\\/qtmm.org\\\/qt\\\/aqmescitnin-yani-qirim-maallesinde-balaklavskaya-soqaginda-qurban-bayram\\\/\"},\"wordCount\":476,\"commentCount\":0,\"publisher\":{\"@id\":\"https:\\\/\\\/qtmm.org\\\/qt\\\/#organization\"},\"image\":{\"@id\":\"https:\\\/\\\/qtmm.org\\\/qt\\\/aqmescitnin-yani-qirim-maallesinde-balaklavskaya-soqaginda-qurban-bayram\\\/#primaryimage\"},\"thumbnailUrl\":\"https:\\\/\\\/qtmm.org\\\/wp-content\\\/uploads\\\/2022\\\/01\\\/4eba1195bae44.jpeg\",\"articleSection\":[\"Haberler\"],\"inLanguage\":\"qt\",\"potentialAction\":[{\"@type\":\"CommentAction\",\"name\":\"Comment\",\"target\":[\"https:\\\/\\\/qtmm.org\\\/qt\\\/aqmescitnin-yani-qirim-maallesinde-balaklavskaya-soqaginda-qurban-bayram\\\/#respond\"]}]},{\"@type\":\"WebPage\",\"@id\":\"https:\\\/\\\/qtmm.org\\\/qt\\\/aqmescitnin-yani-qirim-maallesinde-balaklavskaya-soqaginda-qurban-bayram\\\/\",\"url\":\"https:\\\/\\\/qtmm.org\\\/qt\\\/aqmescitnin-yani-qirim-maallesinde-balaklavskaya-soqaginda-qurban-bayram\\\/\",\"name\":\"Aqmescitni\u00f1 Ya\u00f1\u0131 Q\u0131r\u0131m maallesinde ( Balaklavskaya soqa\u011f\u0131nda) Qurban Bayram - \u041c\u0435\u0434\u0436\u043b\u0456\u0441\",\"isPartOf\":{\"@id\":\"https:\\\/\\\/qtmm.org\\\/qt\\\/#website\"},\"primaryImageOfPage\":{\"@id\":\"https:\\\/\\\/qtmm.org\\\/qt\\\/aqmescitnin-yani-qirim-maallesinde-balaklavskaya-soqaginda-qurban-bayram\\\/#primaryimage\"},\"image\":{\"@id\":\"https:\\\/\\\/qtmm.org\\\/qt\\\/aqmescitnin-yani-qirim-maallesinde-balaklavskaya-soqaginda-qurban-bayram\\\/#primaryimage\"},\"thumbnailUrl\":\"https:\\\/\\\/qtmm.org\\\/wp-content\\\/uploads\\\/2022\\\/01\\\/4eba1195bae44.jpeg\",\"datePublished\":\"2011-11-08T14:09:00+00:00\",\"dateModified\":\"2022-01-19T14:10:48+00:00\",\"breadcrumb\":{\"@id\":\"https:\\\/\\\/qtmm.org\\\/qt\\\/aqmescitnin-yani-qirim-maallesinde-balaklavskaya-soqaginda-qurban-bayram\\\/#breadcrumb\"},\"inLanguage\":\"qt\",\"potentialAction\":[{\"@type\":\"ReadAction\",\"target\":[\"https:\\\/\\\/qtmm.org\\\/qt\\\/aqmescitnin-yani-qirim-maallesinde-balaklavskaya-soqaginda-qurban-bayram\\\/\"]}]},{\"@type\":\"ImageObject\",\"inLanguage\":\"qt\",\"@id\":\"https:\\\/\\\/qtmm.org\\\/qt\\\/aqmescitnin-yani-qirim-maallesinde-balaklavskaya-soqaginda-qurban-bayram\\\/#primaryimage\",\"url\":\"https:\\\/\\\/qtmm.org\\\/wp-content\\\/uploads\\\/2022\\\/01\\\/4eba1195bae44.jpeg\",\"contentUrl\":\"https:\\\/\\\/qtmm.org\\\/wp-content\\\/uploads\\\/2022\\\/01\\\/4eba1195bae44.jpeg\",\"width\":640,\"height\":480},{\"@type\":\"BreadcrumbList\",\"@id\":\"https:\\\/\\\/qtmm.org\\\/qt\\\/aqmescitnin-yani-qirim-maallesinde-balaklavskaya-soqaginda-qurban-bayram\\\/#breadcrumb\",\"itemListElement\":[{\"@type\":\"ListItem\",\"position\":1,\"name\":\"\u0413\u043e\u043b\u043e\u0432\u043d\u0430\",\"item\":\"https:\\\/\\\/qtmm.org\\\/qt\\\/\"},{\"@type\":\"ListItem\",\"position\":2,\"name\":\"Aqmescitni\u00f1 Ya\u00f1\u0131 Q\u0131r\u0131m maallesinde ( Balaklavskaya soqa\u011f\u0131nda) Qurban Bayram\"}]},{\"@type\":\"WebSite\",\"@id\":\"https:\\\/\\\/qtmm.org\\\/qt\\\/#website\",\"url\":\"https:\\\/\\\/qtmm.org\\\/qt\\\/\",\"name\":\"\u041c\u0435\u0434\u0436\u043b\u0456\u0441\",\"description\":\"\",\"publisher\":{\"@id\":\"https:\\\/\\\/qtmm.org\\\/qt\\\/#organization\"},\"potentialAction\":[{\"@type\":\"SearchAction\",\"target\":{\"@type\":\"EntryPoint\",\"urlTemplate\":\"https:\\\/\\\/qtmm.org\\\/qt\\\/?s={search_term_string}\"},\"query-input\":{\"@type\":\"PropertyValueSpecification\",\"valueRequired\":true,\"valueName\":\"search_term_string\"}}],\"inLanguage\":\"qt\"},{\"@type\":\"Organization\",\"@id\":\"https:\\\/\\\/qtmm.org\\\/qt\\\/#organization\",\"name\":\"\u041c\u0435\u0434\u0436\u043b\u0456\u0441\",\"url\":\"https:\\\/\\\/qtmm.org\\\/qt\\\/\",\"logo\":{\"@type\":\"ImageObject\",\"inLanguage\":\"qt\",\"@id\":\"https:\\\/\\\/qtmm.org\\\/qt\\\/#\\\/schema\\\/logo\\\/image\\\/\",\"url\":\"https:\\\/\\\/qtmm.org\\\/wp-content\\\/uploads\\\/2024\\\/12\\\/ua-mejlis-logo-rgb.svg\",\"contentUrl\":\"https:\\\/\\\/qtmm.org\\\/wp-content\\\/uploads\\\/2024\\\/12\\\/ua-mejlis-logo-rgb.svg\",\"caption\":\"\u041c\u0435\u0434\u0436\u043b\u0456\u0441\"},\"image\":{\"@id\":\"https:\\\/\\\/qtmm.org\\\/qt\\\/#\\\/schema\\\/logo\\\/image\\\/\"},\"sameAs\":[\"https:\\\/\\\/www.facebook.com\\\/qtmm.info\\\/\"]},{\"@type\":\"Person\",\"@id\":\"https:\\\/\\\/qtmm.org\\\/qt\\\/#\\\/schema\\\/person\\\/de562469f971dec226ac06e60bbf74a7\",\"name\":\"Developer\",\"image\":{\"@type\":\"ImageObject\",\"inLanguage\":\"qt\",\"@id\":\"https:\\\/\\\/secure.gravatar.com\\\/avatar\\\/392b4cc8fbfeb00b39dfeeab4ee6edded39ffd48e25858637e4765810300227e?s=96&d=mm&r=g\",\"url\":\"https:\\\/\\\/secure.gravatar.com\\\/avatar\\\/392b4cc8fbfeb00b39dfeeab4ee6edded39ffd48e25858637e4765810300227e?s=96&d=mm&r=g\",\"contentUrl\":\"https:\\\/\\\/secure.gravatar.com\\\/avatar\\\/392b4cc8fbfeb00b39dfeeab4ee6edded39ffd48e25858637e4765810300227e?s=96&d=mm&r=g\",\"caption\":\"Developer\"},\"url\":\"https:\\\/\\\/qtmm.org\\\/qt\\\/author\\\/Developer\\\/\"}]}<\/script>\n<!-- \/ Yoast SEO plugin. -->","yoast_head_json":{"title":"Aqmescitni\u00f1 Ya\u00f1\u0131 Q\u0131r\u0131m maallesinde ( Balaklavskaya soqa\u011f\u0131nda) Qurban Bayram - \u041c\u0435\u0434\u0436\u043b\u0456\u0441","robots":{"index":"index","follow":"follow","max-snippet":"max-snippet:-1","max-image-preview":"max-image-preview:large","max-video-preview":"max-video-preview:-1"},"canonical":"https:\/\/qtmm.org\/qt\/aqmescitnin-yani-qirim-maallesinde-balaklavskaya-soqaginda-qurban-bayram\/","og_locale":"en_US","og_type":"article","og_title":"Aqmescitni\u00f1 Ya\u00f1\u0131 Q\u0131r\u0131m maallesinde ( Balaklavskaya soqa\u011f\u0131nda) Qurban Bayram - \u041c\u0435\u0434\u0436\u043b\u0456\u0441","og_description":"Noyabr 8 k\u00fcn\u00fc Aqmescitni\u00f1 Ya\u00f1\u0131 Q\u0131r\u0131m maallesinde ( Balaklavskaya soqa\u011f\u0131nda) &#8220;naraz\u0131l\u0131q meydan\u0131&#8221; i\u015ftirak\u00e7ileri Aqmescit regional meclis ve Q\u0131r\u0131m musulmanlar\u0131n\u0131\u00f1 m\u00fcftiliginen beraber Q\u0131r\u0131mtatar halq\u0131 Meclisini\u00f1 qoltutuv\u0131 ile musulmanlarn\u0131\u00f1 eki b\u00fcy\u00fck bayram\u0131ndan biri ol\u011fan Qurban bayram\u0131 munasebetinen tantanal\u0131 tedbir te\u015fkil ettiler. Ya\u00f1\u0131 Q\u0131r\u0131m maallesi ve etraftaki mikrorayonlarda ya\u015fa\u011fan sakinlerni Qurban bayram\u0131nen hay\u0131rlamaq i\u00e7\u00fcn Meclis reisi Mustafa Cemilev, [&hellip;]","og_url":"https:\/\/qtmm.org\/qt\/aqmescitnin-yani-qirim-maallesinde-balaklavskaya-soqaginda-qurban-bayram\/","og_site_name":"\u041c\u0435\u0434\u0436\u043b\u0456\u0441","article_publisher":"https:\/\/www.facebook.com\/qtmm.info\/","article_published_time":"2011-11-08T14:09:00+00:00","article_modified_time":"2022-01-19T14:10:48+00:00","og_image":[{"width":640,"height":480,"url":"https:\/\/qtmm.org\/wp-content\/uploads\/2022\/01\/4eba1195bae44.jpeg","type":"image\/jpeg"}],"author":"Developer","twitter_card":"summary_large_image","twitter_misc":{"Written by":"Developer","Est. reading time":"2 minutes"},"schema":{"@context":"https:\/\/schema.org","@graph":[{"@type":"Article","@id":"https:\/\/qtmm.org\/qt\/aqmescitnin-yani-qirim-maallesinde-balaklavskaya-soqaginda-qurban-bayram\/#article","isPartOf":{"@id":"https:\/\/qtmm.org\/qt\/aqmescitnin-yani-qirim-maallesinde-balaklavskaya-soqaginda-qurban-bayram\/"},"author":{"name":"Developer","@id":"https:\/\/qtmm.org\/qt\/#\/schema\/person\/de562469f971dec226ac06e60bbf74a7"},"headline":"Aqmescitni\u00f1 Ya\u00f1\u0131 Q\u0131r\u0131m maallesinde ( Balaklavskaya soqa\u011f\u0131nda) Qurban Bayram","datePublished":"2011-11-08T14:09:00+00:00","dateModified":"2022-01-19T14:10:48+00:00","mainEntityOfPage":{"@id":"https:\/\/qtmm.org\/qt\/aqmescitnin-yani-qirim-maallesinde-balaklavskaya-soqaginda-qurban-bayram\/"},"wordCount":476,"commentCount":0,"publisher":{"@id":"https:\/\/qtmm.org\/qt\/#organization"},"image":{"@id":"https:\/\/qtmm.org\/qt\/aqmescitnin-yani-qirim-maallesinde-balaklavskaya-soqaginda-qurban-bayram\/#primaryimage"},"thumbnailUrl":"https:\/\/qtmm.org\/wp-content\/uploads\/2022\/01\/4eba1195bae44.jpeg","articleSection":["Haberler"],"inLanguage":"qt","potentialAction":[{"@type":"CommentAction","name":"Comment","target":["https:\/\/qtmm.org\/qt\/aqmescitnin-yani-qirim-maallesinde-balaklavskaya-soqaginda-qurban-bayram\/#respond"]}]},{"@type":"WebPage","@id":"https:\/\/qtmm.org\/qt\/aqmescitnin-yani-qirim-maallesinde-balaklavskaya-soqaginda-qurban-bayram\/","url":"https:\/\/qtmm.org\/qt\/aqmescitnin-yani-qirim-maallesinde-balaklavskaya-soqaginda-qurban-bayram\/","name":"Aqmescitni\u00f1 Ya\u00f1\u0131 Q\u0131r\u0131m maallesinde ( Balaklavskaya soqa\u011f\u0131nda) Qurban Bayram - \u041c\u0435\u0434\u0436\u043b\u0456\u0441","isPartOf":{"@id":"https:\/\/qtmm.org\/qt\/#website"},"primaryImageOfPage":{"@id":"https:\/\/qtmm.org\/qt\/aqmescitnin-yani-qirim-maallesinde-balaklavskaya-soqaginda-qurban-bayram\/#primaryimage"},"image":{"@id":"https:\/\/qtmm.org\/qt\/aqmescitnin-yani-qirim-maallesinde-balaklavskaya-soqaginda-qurban-bayram\/#primaryimage"},"thumbnailUrl":"https:\/\/qtmm.org\/wp-content\/uploads\/2022\/01\/4eba1195bae44.jpeg","datePublished":"2011-11-08T14:09:00+00:00","dateModified":"2022-01-19T14:10:48+00:00","breadcrumb":{"@id":"https:\/\/qtmm.org\/qt\/aqmescitnin-yani-qirim-maallesinde-balaklavskaya-soqaginda-qurban-bayram\/#breadcrumb"},"inLanguage":"qt","potentialAction":[{"@type":"ReadAction","target":["https:\/\/qtmm.org\/qt\/aqmescitnin-yani-qirim-maallesinde-balaklavskaya-soqaginda-qurban-bayram\/"]}]},{"@type":"ImageObject","inLanguage":"qt","@id":"https:\/\/qtmm.org\/qt\/aqmescitnin-yani-qirim-maallesinde-balaklavskaya-soqaginda-qurban-bayram\/#primaryimage","url":"https:\/\/qtmm.org\/wp-content\/uploads\/2022\/01\/4eba1195bae44.jpeg","contentUrl":"https:\/\/qtmm.org\/wp-content\/uploads\/2022\/01\/4eba1195bae44.jpeg","width":640,"height":480},{"@type":"BreadcrumbList","@id":"https:\/\/qtmm.org\/qt\/aqmescitnin-yani-qirim-maallesinde-balaklavskaya-soqaginda-qurban-bayram\/#breadcrumb","itemListElement":[{"@type":"ListItem","position":1,"name":"\u0413\u043e\u043b\u043e\u0432\u043d\u0430","item":"https:\/\/qtmm.org\/qt\/"},{"@type":"ListItem","position":2,"name":"Aqmescitni\u00f1 Ya\u00f1\u0131 Q\u0131r\u0131m maallesinde ( Balaklavskaya soqa\u011f\u0131nda) Qurban Bayram"}]},{"@type":"WebSite","@id":"https:\/\/qtmm.org\/qt\/#website","url":"https:\/\/qtmm.org\/qt\/","name":"\u041c\u0435\u0434\u0436\u043b\u0456\u0441","description":"","publisher":{"@id":"https:\/\/qtmm.org\/qt\/#organization"},"potentialAction":[{"@type":"SearchAction","target":{"@type":"EntryPoint","urlTemplate":"https:\/\/qtmm.org\/qt\/?s={search_term_string}"},"query-input":{"@type":"PropertyValueSpecification","valueRequired":true,"valueName":"search_term_string"}}],"inLanguage":"qt"},{"@type":"Organization","@id":"https:\/\/qtmm.org\/qt\/#organization","name":"\u041c\u0435\u0434\u0436\u043b\u0456\u0441","url":"https:\/\/qtmm.org\/qt\/","logo":{"@type":"ImageObject","inLanguage":"qt","@id":"https:\/\/qtmm.org\/qt\/#\/schema\/logo\/image\/","url":"https:\/\/qtmm.org\/wp-content\/uploads\/2024\/12\/ua-mejlis-logo-rgb.svg","contentUrl":"https:\/\/qtmm.org\/wp-content\/uploads\/2024\/12\/ua-mejlis-logo-rgb.svg","caption":"\u041c\u0435\u0434\u0436\u043b\u0456\u0441"},"image":{"@id":"https:\/\/qtmm.org\/qt\/#\/schema\/logo\/image\/"},"sameAs":["https:\/\/www.facebook.com\/qtmm.info\/"]},{"@type":"Person","@id":"https:\/\/qtmm.org\/qt\/#\/schema\/person\/de562469f971dec226ac06e60bbf74a7","name":"Developer","image":{"@type":"ImageObject","inLanguage":"qt","@id":"https:\/\/secure.gravatar.com\/avatar\/392b4cc8fbfeb00b39dfeeab4ee6edded39ffd48e25858637e4765810300227e?s=96&d=mm&r=g","url":"https:\/\/secure.gravatar.com\/avatar\/392b4cc8fbfeb00b39dfeeab4ee6edded39ffd48e25858637e4765810300227e?s=96&d=mm&r=g","contentUrl":"https:\/\/secure.gravatar.com\/avatar\/392b4cc8fbfeb00b39dfeeab4ee6edded39ffd48e25858637e4765810300227e?s=96&d=mm&r=g","caption":"Developer"},"url":"https:\/\/qtmm.org\/qt\/author\/Developer\/"}]}},"_links":{"self":[{"href":"https:\/\/qtmm.org\/qt\/wp-json\/wp\/v2\/posts\/26866","targetHints":{"allow":["GET"]}}],"collection":[{"href":"https:\/\/qtmm.org\/qt\/wp-json\/wp\/v2\/posts"}],"about":[{"href":"https:\/\/qtmm.org\/qt\/wp-json\/wp\/v2\/types\/post"}],"author":[{"embeddable":true,"href":"https:\/\/qtmm.org\/qt\/wp-json\/wp\/v2\/users\/1"}],"replies":[{"embeddable":true,"href":"https:\/\/qtmm.org\/qt\/wp-json\/wp\/v2\/comments?post=26866"}],"version-history":[{"count":1,"href":"https:\/\/qtmm.org\/qt\/wp-json\/wp\/v2\/posts\/26866\/revisions"}],"predecessor-version":[{"id":26887,"href":"https:\/\/qtmm.org\/qt\/wp-json\/wp\/v2\/posts\/26866\/revisions\/26887"}],"wp:featuredmedia":[{"embeddable":true,"href":"https:\/\/qtmm.org\/qt\/wp-json\/wp\/v2\/media\/26871"}],"wp:attachment":[{"href":"https:\/\/qtmm.org\/qt\/wp-json\/wp\/v2\/media?parent=26866"}],"wp:term":[{"taxonomy":"category","embeddable":true,"href":"https:\/\/qtmm.org\/qt\/wp-json\/wp\/v2\/categories?post=26866"},{"taxonomy":"post_tag","embeddable":true,"href":"https:\/\/qtmm.org\/qt\/wp-json\/wp\/v2\/tags?post=26866"}],"curies":[{"name":"wp","href":"https:\/\/api.w.org\/{rel}","templated":true}]}}