




{"id":26864,"date":"2011-11-07T17:08:00","date_gmt":"2011-11-07T14:08:00","guid":{"rendered":"http:\/\/qtmm.org\/?p=26864"},"modified":"2022-01-19T17:09:14","modified_gmt":"2022-01-19T14:09:14","slug":"stalinnin-qirimtatar-halqina-nisbeten-yapqan-cinayetini-aqlagan-siyasetci-qirim-icun-kelismey","status":"publish","type":"post","link":"https:\/\/qtmm.org\/qt\/stalinnin-qirimtatar-halqina-nisbeten-yapqan-cinayetini-aqlagan-siyasetci-qirim-icun-kelismey\/","title":{"rendered":"Stalinni\u00f1 q\u0131r\u0131mtatar halq\u0131na nisbeten yapqan cinayetini aqla\u011fan siyaset\u00e7i Q\u0131r\u0131m i\u00e7\u00fcn keli\u015fmey"},"content":{"rendered":"\n<p>Q\u0131r\u0131mtatar halq\u0131 Meclisini\u00f1 reisi, Ukraina halq deputat\u0131 Mustafa Cemilev&nbsp;<a href=\"http:\/\/www.1plus1.ua\/\" target=\"_blank\" rel=\"noreferrer noopener\">&#8220;1+1&#8221; telekanal\u0131n\u0131\u00f1<\/a>&nbsp;Ukraina Prezidenti Q\u0131r\u0131m Nazirler \u015euras\u0131 reisligine A Mogil\u00f6vn\u0131\u00f1 namzetine raz\u0131l\u0131q bergenine izaat bermek ricas\u0131na c\u00fcmleden b\u00f6yle dedi:<\/p>\n\n\n\n<p>&#8220;Anatoliy Mogil\u00f6vn\u0131 biz \u00e7oqtan bilemiz. \u00d6z vaqt\u0131nda Mogil\u00f6v Q\u0131r\u0131m militsiyas\u0131n\u0131\u00f1 ba\u015f\u0131 edi ve o devirde \u00f6z\u00fcnden so\u00f1 menfiy teessurat qald\u0131rd\u0131. Ba\u015fta bir, 2007 senesi Ay Petrini\u00f1 t\u00f6pesinde militsiya hadimlerini\u00f1 sil\u00e2s\u0131z t\u0131n\u00e7 sakinlerge oq \u00fczmesi neticesinde y\u00fcz bergen adiseler az qald\u0131 milletlerara davas\u0131na \u00e7evirilecek edi. O zaman a\u00e7\u0131l\u011fan cinaiy i\u015fni\u00f1 akimiyet de\u00f1i\u015fken so\u00f1 &#8220;\u00fcst\u00fc qapat\u0131l\u011fan&#8221; edi.<\/p>\n\n\n\n<p>2009 senesi prezident saylavlar\u0131nden so\u00f1 Mogilevn\u0131 Q\u0131r\u0131m \u00fck\u00fcmetini\u00f1 ba\u015f\u0131 etip tayinleycek ediler.<\/p>\n\n\n\n<p>Men bug\u00fcn resmiy s\u00fcrette Mogil\u00f6v aytt\u0131 dep olamam. L\u00e2kin vazifedar insanlar q\u0131r\u0131mtatarlarnen kergin munasebetlerini k\u00f6z \u00f6g\u00fcne al\u011fanlar\u0131 alda, ondan nas\u0131l \u00fck\u00fcmet reisi olabilecegini sora\u011fanlar\u0131nda, meger tahminen b\u00f6yle degen: &#8220;q\u0131r\u0131mtatarlar men i\u00e7\u00fcn kim ol\u011fanlar ki, akimiyet qurum\u0131n\u0131 q\u0131r\u0131mtatarlardan temizlerim&#8221;.<\/p>\n\n\n\n<p>Zaten, bug\u00fcn akimiyetni q\u0131r\u0131mtatarlardan temizlemek i\u00e7\u00fcn \u00e7oq areket yapmaqn\u0131\u00f1 aceti de qalmad\u0131, \u00e7\u00fcnki olar \u015fay da anda deyerlik qalmad\u0131. B\u00fct\u00fcn vazifelerni bug\u00fcnde-bug\u00fcn Q\u0131r\u0131mdan t\u0131\u015ftan, esasen Makeyevkadan kelgen &#8220;istidatl\u0131 insanlar&#8221; i\u015f\u011fal etmekteler.<\/p>\n\n\n\n<p>Biz i\u00e7\u00fcn e\u00f1 keli\u015fmegen taraf\u0131 \u015funda ki, Mogil\u00f6v matbuat vastalar\u0131nda Stalinni\u00f1 q\u0131r\u0131mtatar halq\u0131n\u0131 tarihiy vatanlar\u0131ndan s\u00fcrg\u00fcn etkenini a\u00e7\u0131qtan-a\u00e7\u0131q aqla\u011fan\u0131d\u0131r. Mogil\u00f6vn\u0131\u00f1 aytqan\u0131na k\u00f6re Stalin aql\u0131 eken, \u00e7\u00fcnki q\u0131r\u0131mtatarlar hainlik yapqanlar. Sovetler devrinde b\u00f6yle fikirde ol\u011fan insanlarn\u0131 cinaiy cevapk\u00e2rl\u0131qqa \u00e7eker ediler, amma \u00f6z\u00fcni demokratik devlet dep say\u011fan Ukrainada bu\u00f1a yol berile. Men, Ukraina halq deputat\u0131 olaraq, Ukraina Ba\u015f prokuraturas\u0131na Mogil\u00f6vn\u0131 cevapk\u00e2rl\u0131qqa \u00e7ek\u00fcvni talap etip muracaatta bulun\u011fan edim. Ma\u00f1a kelgen cevap b\u00f6yle edi: &#8221; Ukraina Anayasas\u0131 boyunca er bir insan \u00f6z noqtai nazar\u0131n\u0131 bildirmege aqq\u0131 bar&#8221; . Menim: &#8220;Ya milletlerara davan\u0131 qoz\u011fa\u011fan\u0131 i\u00e7\u00fcn 161-nci madde nege kerek?&#8221; degen sualim cevaps\u0131z qald\u0131. So\u00f1ra men Mogil\u00f6vn\u0131 Ukraina \u0130\u00e7ki i\u015fler nazirligi vazifesinden bo\u015fat\u0131lmas\u0131n\u0131 talap etken qarar leyhas\u0131n\u0131 Ukraina Yuqar\u0131 \u015euras\u0131n\u0131\u00f1 k\u00fcn tertibine kirsetken edim, amma \u00e7oqluq bu\u00f1a qoltutmad\u0131.<\/p>\n\n\n\n<p>Tabiiy ki, bug\u00fcn Q\u0131r\u0131m Nazirler \u015euras\u0131 reisligi vazifesine Mogil\u00f6vn\u0131\u00f1 namzeti keli\u015filgeni bizni \u015fa\u015fmalatt\u0131. Belki, bu tayinlev munasebetinen Q\u0131r\u0131mda peyda ol\u011fan bir \u00e7oq suallerge cemiyetimiz yaq\u0131n vaq\u0131tta cevap al\u0131r.<\/p>\n\n\n\n<p>T\u00fcnevinki Mogil\u00f6vnen bug\u00fcnki Mogil\u00f6v aras\u0131nda farqn\u0131 tahmin etken baz\u0131 bir ekpertlerni\u00f1 suallerine Mustafa Cemilev: &#8220;zaman ve Q\u0131r\u0131m Nazirler \u015furas\u0131 reisinini birinci areketleri bu tahminge e\u00f1 do\u011fru cevap berir&#8221;, dedi.<\/p>\n\n\n\n<p>Mustafa Cemilev \u015fun\u0131 da qayd etti ki, &#8220;eger ker\u00e7ekten de Mogil\u00f6vn\u0131\u00f1 q\u0131r\u0131mtatarlar\u011fa nisbeten bildirgen fikirleri bozup k\u00f6sterilgen olsa, o, cemaat aras\u0131nda belli \u015fah\u0131s olaraq s\u00fcrg\u00fcnlik, &#8220;vatan hainleri&#8221; husus\u0131nda s\u00f6zlerini, bun\u0131\u00f1 kibi de Ay-Petride sil\u00e2s\u0131z insanlar\u011fa qar\u015f\u0131 davran\u0131\u015flar\u0131n\u0131 a\u00f1latmaq borclu. Bu\u00f1a k\u00f6re, so\u00f1ra biz de \u00f6z fikirimizni beyan etermiz&#8221;.<\/p>\n","protected":false},"excerpt":{"rendered":"<p>Q\u0131r\u0131mtatar halq\u0131 Meclisini\u00f1 reisi, Ukraina halq deputat\u0131 Mustafa Cemilev&nbsp;&#8220;1+1&#8221; telekanal\u0131n\u0131\u00f1&nbsp;Ukraina Prezidenti Q\u0131r\u0131m Nazirler \u015euras\u0131 reisligine A Mogil\u00f6vn\u0131\u00f1 namzetine raz\u0131l\u0131q bergenine izaat bermek ricas\u0131na c\u00fcmleden b\u00f6yle dedi: &#8220;Anatoliy Mogil\u00f6vn\u0131 biz \u00e7oqtan bilemiz. \u00d6z vaqt\u0131nda Mogil\u00f6v Q\u0131r\u0131m militsiyas\u0131n\u0131\u00f1 ba\u015f\u0131 edi ve o devirde \u00f6z\u00fcnden so\u00f1 menfiy teessurat qald\u0131rd\u0131. Ba\u015fta bir, 2007 senesi Ay Petrini\u00f1 t\u00f6pesinde militsiya hadimlerini\u00f1 [&hellip;]<\/p>\n","protected":false},"author":1,"featured_media":0,"comment_status":"open","ping_status":"open","sticky":false,"template":"","format":"standard","meta":{"inline_featured_image":false,"footnotes":""},"categories":[265],"tags":[],"class_list":["post-26864","post","type-post","status-publish","format-standard","hentry","category-haberler"],"acf":[],"yoast_head":"<!-- This site is optimized with the Yoast SEO plugin v27.4 - https:\/\/yoast.com\/product\/yoast-seo-wordpress\/ -->\n<title>Stalinni\u00f1 q\u0131r\u0131mtatar halq\u0131na nisbeten yapqan cinayetini aqla\u011fan siyaset\u00e7i Q\u0131r\u0131m i\u00e7\u00fcn keli\u015fmey - \u041c\u0435\u0434\u0436\u043b\u0456\u0441<\/title>\n<meta name=\"robots\" content=\"index, follow, max-snippet:-1, max-image-preview:large, max-video-preview:-1\" \/>\n<link rel=\"canonical\" href=\"https:\/\/qtmm.org\/qt\/stalinnin-qirimtatar-halqina-nisbeten-yapqan-cinayetini-aqlagan-siyasetci-qirim-icun-kelismey\/\" \/>\n<meta property=\"og:locale\" content=\"en_US\" \/>\n<meta property=\"og:type\" content=\"article\" \/>\n<meta property=\"og:title\" content=\"Stalinni\u00f1 q\u0131r\u0131mtatar halq\u0131na nisbeten yapqan cinayetini aqla\u011fan siyaset\u00e7i Q\u0131r\u0131m i\u00e7\u00fcn keli\u015fmey - \u041c\u0435\u0434\u0436\u043b\u0456\u0441\" \/>\n<meta property=\"og:description\" content=\"Q\u0131r\u0131mtatar halq\u0131 Meclisini\u00f1 reisi, Ukraina halq deputat\u0131 Mustafa Cemilev&nbsp;&#8220;1+1&#8221; telekanal\u0131n\u0131\u00f1&nbsp;Ukraina Prezidenti Q\u0131r\u0131m Nazirler \u015euras\u0131 reisligine A Mogil\u00f6vn\u0131\u00f1 namzetine raz\u0131l\u0131q bergenine izaat bermek ricas\u0131na c\u00fcmleden b\u00f6yle dedi: &#8220;Anatoliy Mogil\u00f6vn\u0131 biz \u00e7oqtan bilemiz. \u00d6z vaqt\u0131nda Mogil\u00f6v Q\u0131r\u0131m militsiyas\u0131n\u0131\u00f1 ba\u015f\u0131 edi ve o devirde \u00f6z\u00fcnden so\u00f1 menfiy teessurat qald\u0131rd\u0131. Ba\u015fta bir, 2007 senesi Ay Petrini\u00f1 t\u00f6pesinde militsiya hadimlerini\u00f1 [&hellip;]\" \/>\n<meta property=\"og:url\" content=\"https:\/\/qtmm.org\/qt\/stalinnin-qirimtatar-halqina-nisbeten-yapqan-cinayetini-aqlagan-siyasetci-qirim-icun-kelismey\/\" \/>\n<meta property=\"og:site_name\" content=\"\u041c\u0435\u0434\u0436\u043b\u0456\u0441\" \/>\n<meta property=\"article:publisher\" content=\"https:\/\/www.facebook.com\/qtmm.info\/\" \/>\n<meta property=\"article:published_time\" content=\"2011-11-07T14:08:00+00:00\" \/>\n<meta property=\"article:modified_time\" content=\"2022-01-19T14:09:14+00:00\" \/>\n<meta name=\"author\" content=\"Developer\" \/>\n<meta name=\"twitter:card\" content=\"summary_large_image\" \/>\n<meta name=\"twitter:label1\" content=\"Written by\" \/>\n\t<meta name=\"twitter:data1\" content=\"Developer\" \/>\n\t<meta name=\"twitter:label2\" content=\"Est. reading time\" \/>\n\t<meta name=\"twitter:data2\" content=\"3 minutes\" \/>\n<script type=\"application\/ld+json\" class=\"yoast-schema-graph\">{\"@context\":\"https:\\\/\\\/schema.org\",\"@graph\":[{\"@type\":\"Article\",\"@id\":\"https:\\\/\\\/qtmm.org\\\/qt\\\/stalinnin-qirimtatar-halqina-nisbeten-yapqan-cinayetini-aqlagan-siyasetci-qirim-icun-kelismey\\\/#article\",\"isPartOf\":{\"@id\":\"https:\\\/\\\/qtmm.org\\\/qt\\\/stalinnin-qirimtatar-halqina-nisbeten-yapqan-cinayetini-aqlagan-siyasetci-qirim-icun-kelismey\\\/\"},\"author\":{\"name\":\"Developer\",\"@id\":\"https:\\\/\\\/qtmm.org\\\/qt\\\/#\\\/schema\\\/person\\\/de562469f971dec226ac06e60bbf74a7\"},\"headline\":\"Stalinni\u00f1 q\u0131r\u0131mtatar halq\u0131na nisbeten yapqan cinayetini aqla\u011fan siyaset\u00e7i Q\u0131r\u0131m i\u00e7\u00fcn keli\u015fmey\",\"datePublished\":\"2011-11-07T14:08:00+00:00\",\"dateModified\":\"2022-01-19T14:09:14+00:00\",\"mainEntityOfPage\":{\"@id\":\"https:\\\/\\\/qtmm.org\\\/qt\\\/stalinnin-qirimtatar-halqina-nisbeten-yapqan-cinayetini-aqlagan-siyasetci-qirim-icun-kelismey\\\/\"},\"wordCount\":569,\"commentCount\":0,\"publisher\":{\"@id\":\"https:\\\/\\\/qtmm.org\\\/qt\\\/#organization\"},\"articleSection\":[\"Haberler\"],\"inLanguage\":\"qt\",\"potentialAction\":[{\"@type\":\"CommentAction\",\"name\":\"Comment\",\"target\":[\"https:\\\/\\\/qtmm.org\\\/qt\\\/stalinnin-qirimtatar-halqina-nisbeten-yapqan-cinayetini-aqlagan-siyasetci-qirim-icun-kelismey\\\/#respond\"]}]},{\"@type\":\"WebPage\",\"@id\":\"https:\\\/\\\/qtmm.org\\\/qt\\\/stalinnin-qirimtatar-halqina-nisbeten-yapqan-cinayetini-aqlagan-siyasetci-qirim-icun-kelismey\\\/\",\"url\":\"https:\\\/\\\/qtmm.org\\\/qt\\\/stalinnin-qirimtatar-halqina-nisbeten-yapqan-cinayetini-aqlagan-siyasetci-qirim-icun-kelismey\\\/\",\"name\":\"Stalinni\u00f1 q\u0131r\u0131mtatar halq\u0131na nisbeten yapqan cinayetini aqla\u011fan siyaset\u00e7i Q\u0131r\u0131m i\u00e7\u00fcn keli\u015fmey - \u041c\u0435\u0434\u0436\u043b\u0456\u0441\",\"isPartOf\":{\"@id\":\"https:\\\/\\\/qtmm.org\\\/qt\\\/#website\"},\"datePublished\":\"2011-11-07T14:08:00+00:00\",\"dateModified\":\"2022-01-19T14:09:14+00:00\",\"breadcrumb\":{\"@id\":\"https:\\\/\\\/qtmm.org\\\/qt\\\/stalinnin-qirimtatar-halqina-nisbeten-yapqan-cinayetini-aqlagan-siyasetci-qirim-icun-kelismey\\\/#breadcrumb\"},\"inLanguage\":\"qt\",\"potentialAction\":[{\"@type\":\"ReadAction\",\"target\":[\"https:\\\/\\\/qtmm.org\\\/qt\\\/stalinnin-qirimtatar-halqina-nisbeten-yapqan-cinayetini-aqlagan-siyasetci-qirim-icun-kelismey\\\/\"]}]},{\"@type\":\"BreadcrumbList\",\"@id\":\"https:\\\/\\\/qtmm.org\\\/qt\\\/stalinnin-qirimtatar-halqina-nisbeten-yapqan-cinayetini-aqlagan-siyasetci-qirim-icun-kelismey\\\/#breadcrumb\",\"itemListElement\":[{\"@type\":\"ListItem\",\"position\":1,\"name\":\"\u0413\u043e\u043b\u043e\u0432\u043d\u0430\",\"item\":\"https:\\\/\\\/qtmm.org\\\/qt\\\/\"},{\"@type\":\"ListItem\",\"position\":2,\"name\":\"Stalinni\u00f1 q\u0131r\u0131mtatar halq\u0131na nisbeten yapqan cinayetini aqla\u011fan siyaset\u00e7i Q\u0131r\u0131m i\u00e7\u00fcn keli\u015fmey\"}]},{\"@type\":\"WebSite\",\"@id\":\"https:\\\/\\\/qtmm.org\\\/qt\\\/#website\",\"url\":\"https:\\\/\\\/qtmm.org\\\/qt\\\/\",\"name\":\"\u041c\u0435\u0434\u0436\u043b\u0456\u0441\",\"description\":\"\",\"publisher\":{\"@id\":\"https:\\\/\\\/qtmm.org\\\/qt\\\/#organization\"},\"potentialAction\":[{\"@type\":\"SearchAction\",\"target\":{\"@type\":\"EntryPoint\",\"urlTemplate\":\"https:\\\/\\\/qtmm.org\\\/qt\\\/?s={search_term_string}\"},\"query-input\":{\"@type\":\"PropertyValueSpecification\",\"valueRequired\":true,\"valueName\":\"search_term_string\"}}],\"inLanguage\":\"qt\"},{\"@type\":\"Organization\",\"@id\":\"https:\\\/\\\/qtmm.org\\\/qt\\\/#organization\",\"name\":\"\u041c\u0435\u0434\u0436\u043b\u0456\u0441\",\"url\":\"https:\\\/\\\/qtmm.org\\\/qt\\\/\",\"logo\":{\"@type\":\"ImageObject\",\"inLanguage\":\"qt\",\"@id\":\"https:\\\/\\\/qtmm.org\\\/qt\\\/#\\\/schema\\\/logo\\\/image\\\/\",\"url\":\"https:\\\/\\\/qtmm.org\\\/wp-content\\\/uploads\\\/2024\\\/12\\\/ua-mejlis-logo-rgb.svg\",\"contentUrl\":\"https:\\\/\\\/qtmm.org\\\/wp-content\\\/uploads\\\/2024\\\/12\\\/ua-mejlis-logo-rgb.svg\",\"caption\":\"\u041c\u0435\u0434\u0436\u043b\u0456\u0441\"},\"image\":{\"@id\":\"https:\\\/\\\/qtmm.org\\\/qt\\\/#\\\/schema\\\/logo\\\/image\\\/\"},\"sameAs\":[\"https:\\\/\\\/www.facebook.com\\\/qtmm.info\\\/\"]},{\"@type\":\"Person\",\"@id\":\"https:\\\/\\\/qtmm.org\\\/qt\\\/#\\\/schema\\\/person\\\/de562469f971dec226ac06e60bbf74a7\",\"name\":\"Developer\",\"image\":{\"@type\":\"ImageObject\",\"inLanguage\":\"qt\",\"@id\":\"https:\\\/\\\/secure.gravatar.com\\\/avatar\\\/392b4cc8fbfeb00b39dfeeab4ee6edded39ffd48e25858637e4765810300227e?s=96&d=mm&r=g\",\"url\":\"https:\\\/\\\/secure.gravatar.com\\\/avatar\\\/392b4cc8fbfeb00b39dfeeab4ee6edded39ffd48e25858637e4765810300227e?s=96&d=mm&r=g\",\"contentUrl\":\"https:\\\/\\\/secure.gravatar.com\\\/avatar\\\/392b4cc8fbfeb00b39dfeeab4ee6edded39ffd48e25858637e4765810300227e?s=96&d=mm&r=g\",\"caption\":\"Developer\"},\"url\":\"https:\\\/\\\/qtmm.org\\\/qt\\\/author\\\/Developer\\\/\"}]}<\/script>\n<!-- \/ Yoast SEO plugin. -->","yoast_head_json":{"title":"Stalinni\u00f1 q\u0131r\u0131mtatar halq\u0131na nisbeten yapqan cinayetini aqla\u011fan siyaset\u00e7i Q\u0131r\u0131m i\u00e7\u00fcn keli\u015fmey - \u041c\u0435\u0434\u0436\u043b\u0456\u0441","robots":{"index":"index","follow":"follow","max-snippet":"max-snippet:-1","max-image-preview":"max-image-preview:large","max-video-preview":"max-video-preview:-1"},"canonical":"https:\/\/qtmm.org\/qt\/stalinnin-qirimtatar-halqina-nisbeten-yapqan-cinayetini-aqlagan-siyasetci-qirim-icun-kelismey\/","og_locale":"en_US","og_type":"article","og_title":"Stalinni\u00f1 q\u0131r\u0131mtatar halq\u0131na nisbeten yapqan cinayetini aqla\u011fan siyaset\u00e7i Q\u0131r\u0131m i\u00e7\u00fcn keli\u015fmey - \u041c\u0435\u0434\u0436\u043b\u0456\u0441","og_description":"Q\u0131r\u0131mtatar halq\u0131 Meclisini\u00f1 reisi, Ukraina halq deputat\u0131 Mustafa Cemilev&nbsp;&#8220;1+1&#8221; telekanal\u0131n\u0131\u00f1&nbsp;Ukraina Prezidenti Q\u0131r\u0131m Nazirler \u015euras\u0131 reisligine A Mogil\u00f6vn\u0131\u00f1 namzetine raz\u0131l\u0131q bergenine izaat bermek ricas\u0131na c\u00fcmleden b\u00f6yle dedi: &#8220;Anatoliy Mogil\u00f6vn\u0131 biz \u00e7oqtan bilemiz. \u00d6z vaqt\u0131nda Mogil\u00f6v Q\u0131r\u0131m militsiyas\u0131n\u0131\u00f1 ba\u015f\u0131 edi ve o devirde \u00f6z\u00fcnden so\u00f1 menfiy teessurat qald\u0131rd\u0131. Ba\u015fta bir, 2007 senesi Ay Petrini\u00f1 t\u00f6pesinde militsiya hadimlerini\u00f1 [&hellip;]","og_url":"https:\/\/qtmm.org\/qt\/stalinnin-qirimtatar-halqina-nisbeten-yapqan-cinayetini-aqlagan-siyasetci-qirim-icun-kelismey\/","og_site_name":"\u041c\u0435\u0434\u0436\u043b\u0456\u0441","article_publisher":"https:\/\/www.facebook.com\/qtmm.info\/","article_published_time":"2011-11-07T14:08:00+00:00","article_modified_time":"2022-01-19T14:09:14+00:00","author":"Developer","twitter_card":"summary_large_image","twitter_misc":{"Written by":"Developer","Est. reading time":"3 minutes"},"schema":{"@context":"https:\/\/schema.org","@graph":[{"@type":"Article","@id":"https:\/\/qtmm.org\/qt\/stalinnin-qirimtatar-halqina-nisbeten-yapqan-cinayetini-aqlagan-siyasetci-qirim-icun-kelismey\/#article","isPartOf":{"@id":"https:\/\/qtmm.org\/qt\/stalinnin-qirimtatar-halqina-nisbeten-yapqan-cinayetini-aqlagan-siyasetci-qirim-icun-kelismey\/"},"author":{"name":"Developer","@id":"https:\/\/qtmm.org\/qt\/#\/schema\/person\/de562469f971dec226ac06e60bbf74a7"},"headline":"Stalinni\u00f1 q\u0131r\u0131mtatar halq\u0131na nisbeten yapqan cinayetini aqla\u011fan siyaset\u00e7i Q\u0131r\u0131m i\u00e7\u00fcn keli\u015fmey","datePublished":"2011-11-07T14:08:00+00:00","dateModified":"2022-01-19T14:09:14+00:00","mainEntityOfPage":{"@id":"https:\/\/qtmm.org\/qt\/stalinnin-qirimtatar-halqina-nisbeten-yapqan-cinayetini-aqlagan-siyasetci-qirim-icun-kelismey\/"},"wordCount":569,"commentCount":0,"publisher":{"@id":"https:\/\/qtmm.org\/qt\/#organization"},"articleSection":["Haberler"],"inLanguage":"qt","potentialAction":[{"@type":"CommentAction","name":"Comment","target":["https:\/\/qtmm.org\/qt\/stalinnin-qirimtatar-halqina-nisbeten-yapqan-cinayetini-aqlagan-siyasetci-qirim-icun-kelismey\/#respond"]}]},{"@type":"WebPage","@id":"https:\/\/qtmm.org\/qt\/stalinnin-qirimtatar-halqina-nisbeten-yapqan-cinayetini-aqlagan-siyasetci-qirim-icun-kelismey\/","url":"https:\/\/qtmm.org\/qt\/stalinnin-qirimtatar-halqina-nisbeten-yapqan-cinayetini-aqlagan-siyasetci-qirim-icun-kelismey\/","name":"Stalinni\u00f1 q\u0131r\u0131mtatar halq\u0131na nisbeten yapqan cinayetini aqla\u011fan siyaset\u00e7i Q\u0131r\u0131m i\u00e7\u00fcn keli\u015fmey - \u041c\u0435\u0434\u0436\u043b\u0456\u0441","isPartOf":{"@id":"https:\/\/qtmm.org\/qt\/#website"},"datePublished":"2011-11-07T14:08:00+00:00","dateModified":"2022-01-19T14:09:14+00:00","breadcrumb":{"@id":"https:\/\/qtmm.org\/qt\/stalinnin-qirimtatar-halqina-nisbeten-yapqan-cinayetini-aqlagan-siyasetci-qirim-icun-kelismey\/#breadcrumb"},"inLanguage":"qt","potentialAction":[{"@type":"ReadAction","target":["https:\/\/qtmm.org\/qt\/stalinnin-qirimtatar-halqina-nisbeten-yapqan-cinayetini-aqlagan-siyasetci-qirim-icun-kelismey\/"]}]},{"@type":"BreadcrumbList","@id":"https:\/\/qtmm.org\/qt\/stalinnin-qirimtatar-halqina-nisbeten-yapqan-cinayetini-aqlagan-siyasetci-qirim-icun-kelismey\/#breadcrumb","itemListElement":[{"@type":"ListItem","position":1,"name":"\u0413\u043e\u043b\u043e\u0432\u043d\u0430","item":"https:\/\/qtmm.org\/qt\/"},{"@type":"ListItem","position":2,"name":"Stalinni\u00f1 q\u0131r\u0131mtatar halq\u0131na nisbeten yapqan cinayetini aqla\u011fan siyaset\u00e7i Q\u0131r\u0131m i\u00e7\u00fcn keli\u015fmey"}]},{"@type":"WebSite","@id":"https:\/\/qtmm.org\/qt\/#website","url":"https:\/\/qtmm.org\/qt\/","name":"\u041c\u0435\u0434\u0436\u043b\u0456\u0441","description":"","publisher":{"@id":"https:\/\/qtmm.org\/qt\/#organization"},"potentialAction":[{"@type":"SearchAction","target":{"@type":"EntryPoint","urlTemplate":"https:\/\/qtmm.org\/qt\/?s={search_term_string}"},"query-input":{"@type":"PropertyValueSpecification","valueRequired":true,"valueName":"search_term_string"}}],"inLanguage":"qt"},{"@type":"Organization","@id":"https:\/\/qtmm.org\/qt\/#organization","name":"\u041c\u0435\u0434\u0436\u043b\u0456\u0441","url":"https:\/\/qtmm.org\/qt\/","logo":{"@type":"ImageObject","inLanguage":"qt","@id":"https:\/\/qtmm.org\/qt\/#\/schema\/logo\/image\/","url":"https:\/\/qtmm.org\/wp-content\/uploads\/2024\/12\/ua-mejlis-logo-rgb.svg","contentUrl":"https:\/\/qtmm.org\/wp-content\/uploads\/2024\/12\/ua-mejlis-logo-rgb.svg","caption":"\u041c\u0435\u0434\u0436\u043b\u0456\u0441"},"image":{"@id":"https:\/\/qtmm.org\/qt\/#\/schema\/logo\/image\/"},"sameAs":["https:\/\/www.facebook.com\/qtmm.info\/"]},{"@type":"Person","@id":"https:\/\/qtmm.org\/qt\/#\/schema\/person\/de562469f971dec226ac06e60bbf74a7","name":"Developer","image":{"@type":"ImageObject","inLanguage":"qt","@id":"https:\/\/secure.gravatar.com\/avatar\/392b4cc8fbfeb00b39dfeeab4ee6edded39ffd48e25858637e4765810300227e?s=96&d=mm&r=g","url":"https:\/\/secure.gravatar.com\/avatar\/392b4cc8fbfeb00b39dfeeab4ee6edded39ffd48e25858637e4765810300227e?s=96&d=mm&r=g","contentUrl":"https:\/\/secure.gravatar.com\/avatar\/392b4cc8fbfeb00b39dfeeab4ee6edded39ffd48e25858637e4765810300227e?s=96&d=mm&r=g","caption":"Developer"},"url":"https:\/\/qtmm.org\/qt\/author\/Developer\/"}]}},"_links":{"self":[{"href":"https:\/\/qtmm.org\/qt\/wp-json\/wp\/v2\/posts\/26864","targetHints":{"allow":["GET"]}}],"collection":[{"href":"https:\/\/qtmm.org\/qt\/wp-json\/wp\/v2\/posts"}],"about":[{"href":"https:\/\/qtmm.org\/qt\/wp-json\/wp\/v2\/types\/post"}],"author":[{"embeddable":true,"href":"https:\/\/qtmm.org\/qt\/wp-json\/wp\/v2\/users\/1"}],"replies":[{"embeddable":true,"href":"https:\/\/qtmm.org\/qt\/wp-json\/wp\/v2\/comments?post=26864"}],"version-history":[{"count":1,"href":"https:\/\/qtmm.org\/qt\/wp-json\/wp\/v2\/posts\/26864\/revisions"}],"predecessor-version":[{"id":26865,"href":"https:\/\/qtmm.org\/qt\/wp-json\/wp\/v2\/posts\/26864\/revisions\/26865"}],"wp:attachment":[{"href":"https:\/\/qtmm.org\/qt\/wp-json\/wp\/v2\/media?parent=26864"}],"wp:term":[{"taxonomy":"category","embeddable":true,"href":"https:\/\/qtmm.org\/qt\/wp-json\/wp\/v2\/categories?post=26864"},{"taxonomy":"post_tag","embeddable":true,"href":"https:\/\/qtmm.org\/qt\/wp-json\/wp\/v2\/tags?post=26864"}],"curies":[{"name":"wp","href":"https:\/\/api.w.org\/{rel}","templated":true}]}}