




{"id":26792,"date":"2011-11-07T17:05:00","date_gmt":"2011-11-07T14:05:00","guid":{"rendered":"http:\/\/qtmm.org\/?p=26792"},"modified":"2022-01-19T17:07:27","modified_gmt":"2022-01-19T14:07:27","slug":"alustada-catir-dag-qirimtatar-medeniy-merkezi-acildi","status":"publish","type":"post","link":"https:\/\/qtmm.org\/qt\/alustada-catir-dag-qirimtatar-medeniy-merkezi-acildi\/","title":{"rendered":"Alu\u015ftada \u00ab\u00c7at\u0131r-Da\u011f\u00bb q\u0131r\u0131mtatar medeniy merkezi a\u00e7\u0131ld\u0131"},"content":{"rendered":"\n<p>Qurban bayram\u0131n\u0131\u00f1 birinci k\u00fcn\u00fc Alu\u015ftada &#8220;\u00c7at\u0131rda\u011f&#8221; q\u0131r\u0131mtatar medeniy cemiyetni\u00f1 medeniy merkezi tantanal\u0131 s\u00fcrette a\u00e7\u0131ld\u0131.<\/p>\n\n\n\n<p>Merkezni\u00f1 tantanal\u0131 a\u00e7\u0131l\u0131\u015f merasiminde Q\u0131r\u0131mtatar halq\u0131 Meclisini\u00f1 reisi Mustafa Cemilev, Alu\u015fta \u015feerini\u00f1 ba\u015f\u0131 Stanislav Kolot, &#8220;Q\u0131r\u0131m inki\u015faf\u0131 fond\u0131&#8221; Hayriye te\u015fkil\u00e2t\u0131n\u0131\u00f1 Prezidenti ve ba\u015f direktor\u0131 Rustem \u00dcmerov ve Aleksey Skorik, Hocaeli q\u0131r\u0131mtatar yard\u0131mla\u015fma ve medeniyeti dernegini\u00f1 reisi \u0130braim Arac\u0131, Alu\u015fta \u015feerindeki milliy medeniy cemiyetlerni\u00f1 ve yerli cemaat\u00e7\u0131l\u0131q vekilleri i\u015ftirak ettiler.<\/p>\n\n\n\n<p>A\u00e7\u0131l\u0131\u015f merasiminde \u00e7\u0131q\u0131\u015fta bulun\u011fan Q\u0131r\u0131mtatar halq\u0131 Meclisini\u00f1 reisi Mustafa Cemilev semetde\u015flerini ba\u015fta Qurban bayram\u0131nen hay\u0131rlap, er bir q\u0131r\u0131mtatar ailesine bar\u0131\u015f\u0131ql\u0131q ve bolluq tiledi.<\/p>\n\n\n\n<p>&#8220;Q\u0131r\u0131m Cen\u00fcbindeki \u015feerlerni\u00f1 birinde, Alu\u015ftada medeniy merkezni\u00f1 a\u00e7\u0131lmas\u0131 q\u0131r\u0131mtatar halq\u0131n\u0131\u00f1 \u00f6m\u00fcrinde parlaq vaqiad\u0131r, \u00e7\u00fcnki \u00f6sip keleyatqan nesil \u00f6z urf-adetleri, eski ananelerni ve ana tilini \u00f6grenmek imk\u00e2n\u0131na malik olacaq&#8221;, -dedi M.Cemilev. Meclis reisini\u00f1 fikrince, merkez semetde\u015flerni\u00f1 birle\u015fmesini, medeniyetni\u00f1 inki\u015faf\u0131n\u0131 temin etip, halqqa milliy \u00f6zg\u00fcnligini qor\u00e7alavda siltem olur.<\/p>\n\n\n\n<p>Q\u0131r\u0131mtatar halq\u0131 Meclisini\u00f1 ad\u0131ndan Mustafa Cemilev &#8220;\u00c7at\u0131rda\u011f&#8221; medeniy merkezni\u00f1 a\u00e7\u0131l\u0131\u015f\u0131na isse qo\u015fqanlarn\u0131\u00f1 episine minnetdarl\u0131q bildirip, &#8220;Q\u0131r\u0131m inki\u015faf\u0131 fond\u0131&#8221;n\u0131\u00f1 h\u0131zmetini ayr\u0131ca qayd etti&#8221;. &#8220;Eminim ki, kelecekte b\u00f6yle merkezler Q\u0131r\u0131mn\u0131\u00f1 bir \u00e7oq yerlerinde peyda olurlar&#8221;, &#8211; dedi Meclis reisi M.Cemilev.<\/p>\n\n\n\n<p>&#8220;\u00c7at\u0131r-Da\u011f&#8221; cemiyeti ve Alu\u015ftadaki q\u0131r\u0131mtatar ealisini\u00f1 \u00e7oqy\u0131ll\u0131q arzus\u0131 yerine keldi&#8221;, &#8211; dedi Alu\u015ftadaki &#8220;\u00c7at\u0131rda\u011f&#8221; q\u0131r\u0131mtatar milliy medeniy merkez idaresini\u00f1 ba\u015f\u0131 Seit-Ya\u011fya Kazakov tedbirni\u00f1 tantanal\u0131 q\u0131sm\u0131n\u0131 a\u00e7arken. &#8211; &#8220;Q\u0131r\u0131m inki\u015faf\u0131 fond\u0131&#8221; hayriye te\u015fkil\u00e2t\u0131n\u0131\u00f1 ve Alu\u015fta \u015feer \u015furas\u0131n\u0131\u00f1 yard\u0131m\u0131 sayesinde mubarek Qurban bayram\u0131 k\u00fcn\u00fcnde q\u0131r\u0131mtatar halq\u0131n\u0131\u00f1 daa bir medeniy oca\u011f\u0131n\u0131 a\u00e7maqtam\u0131z&#8221; S.Kazakovn\u0131\u00f1 aytqan\u0131na k\u00f6re merkezni\u00f1 leyhas\u0131 balalar etnografik \u2013 folklor mektebi, q\u0131r\u0131mtatar tilini \u00f6gren\u00fcv kurslar\u0131, qad\u0131nlar klub\u0131n\u0131\u00f1 a\u00e7\u0131lmas\u0131na ve bun\u0131\u00f1 kibi de Alu\u015fta qartlar klub\u0131n\u0131\u00f1 faaliyetini devam ettirmege imk\u00e2n berecek.<\/p>\n\n\n\n<p>Alu\u015ftada ya\u015fa\u011fan semetde\u015flerni Qurban bayram\u0131 ve medeniy merkez a\u00e7\u0131lmas\u0131nen hay\u0131rla\u011fan &#8220;Q\u0131r\u0131m inki\u015faf\u0131 fond\u0131&#8221; hayriye te\u015fkil\u00e2t\u0131n\u0131\u00f1 prezidenti Rustem \u00dcmerov de Meclis reisini\u00f1 fikrine qo\u015ful\u0131rken, merkezni\u00f1 ba\u015f vazifesi q\u0131r\u0131mtatar halq\u0131n\u0131\u00f1 milliy \u00f6zg\u00fcnligini saqlamaq ve pekitmek ol\u011fan\u0131n\u0131 qayd etti. &#8220;Bizim fond\u0131m\u0131z ileride de milliy-medeniy degerliklerni inki\u015faf ettir\u00fcvnen ba\u011fl\u0131 te\u015febb\u00fcslerge qoltutmaq maqsad\u0131nda, dedi \u00dcmerov. &#8220;Q\u0131r\u0131m inki\u015faf\u0131 fond\u0131&#8221; hayriye te\u015fkil\u00e2t\u0131n\u0131\u00f1 prezidenti Alu\u015fta region\u0131nda q\u0131r\u0131mtatarlar toplu ya\u015fa\u011fan yerlerde bu kibi merkezlerni\u00f1 a\u00e7\u0131lmas\u0131na qoltutma\u011fa az\u0131rl\u0131\u011f\u0131n\u0131 bildirdi.<\/p>\n\n\n\n<p>Alu\u015fta \u015feerini\u00f1 ba\u015f\u0131 S.Kolot &#8220;\u00c7at\u0131r-Da\u011f&#8221; medeniy merkezi Alu\u015fta region\u0131nda milliy ve medeniy al\u00e2qalarn\u0131\u00f1 qaviyle\u015ftir\u00fcvde, milletler ve dinlerara munasebetlerni daa da eyile\u015ftir\u00fcvde \u00f6rnek olaca\u011f\u0131na eminligini ifade etti.<\/p>\n\n\n\n<p>Alu\u015ftada medeniy merkezni\u00f1 a\u00e7\u0131lmas\u0131na destek k\u00f6stergenlerge te\u015fekk\u00fcr s\u00f6zlerini Hocaeli dernegini\u00f1 ba\u015f\u0131 \u0130braim Arac\u0131 da bildirip, er kesni Qurban bayram\u0131nen hay\u0131rlad\u0131. &#8220;Ananelerni saqlav ve ya\u015f nesilge a\u015flav q\u0131r\u0131mtatar halq\u0131n\u0131\u00f1 tarih\u0131 ve medeniyetini canland\u0131ruv i\u015fine qo\u015ful\u011fan b\u00fcy\u00fck issedir&#8221;, &#8211; dedi \u0130. Arac\u0131.<\/p>\n\n\n\n<p>Meclis reisi Mustafa Cemilev Alu\u015fta meri Stanislav Kolot ile birlikte ananeviy q\u0131rm\u0131z\u0131 \u015feritni kesip, Alu\u015fta sakinleri ve musafirleri i\u00e7\u00fcn &#8220;\u00c7at\u0131r-Da\u011f&#8221; merkezini\u00f1 qap\u0131lar\u0131n\u0131 a\u00e7t\u0131.<\/p>\n\n\n\n<p>\u00d6z nevbetinde &#8220;\u00c7at\u0131r-Da\u011f&#8221; Alu\u015fta q\u0131r\u0131mtatar milliy medeniy cemiyetni\u00f1 ba\u015f\u0131 Seit-Ya\u011fya Kazakov medeniy merkezni\u00f1 odalar\u0131n\u0131 kosterdi. So\u00f1ra Qurban bayram\u0131 ve merkez a\u00e7l\u0131\u015f\u0131 munasebetinen bayram sofras\u0131 donat\u0131ld\u0131.<\/p>\n\n\n\n<figure class=\"wp-block-gallery columns-3 is-cropped wp-block-gallery-1 is-layout-flex wp-block-gallery-is-layout-flex\"><ul class=\"blocks-gallery-grid\"><li class=\"blocks-gallery-item\"><figure><a href=\"http:\/\/qtmm.org\/wp-content\/uploads\/2022\/01\/4eb8eb8a8cc96.jpeg\"><img loading=\"lazy\" decoding=\"async\" width=\"640\" height=\"480\" src=\"http:\/\/qtmm.org\/wp-content\/uploads\/2022\/01\/4eb8eb8a8cc96.jpeg\" alt=\"\" data-id=\"26793\" data-full-url=\"http:\/\/qtmm.org\/wp-content\/uploads\/2022\/01\/4eb8eb8a8cc96.jpeg\" data-link=\"http:\/\/qtmm.org\/qt\/?attachment_id=26793\" class=\"wp-image-26793\" srcset=\"https:\/\/qtmm.org\/wp-content\/uploads\/2022\/01\/4eb8eb8a8cc96.jpeg 640w, https:\/\/qtmm.org\/wp-content\/uploads\/2022\/01\/4eb8eb8a8cc96-300x225.jpeg 300w\" sizes=\"auto, (max-width: 640px) 100vw, 640px\" \/><\/a><\/figure><\/li><li class=\"blocks-gallery-item\"><figure><a href=\"http:\/\/qtmm.org\/wp-content\/uploads\/2022\/01\/4eb8eb8ad96e7.jpeg\"><img loading=\"lazy\" decoding=\"async\" width=\"640\" height=\"480\" src=\"http:\/\/qtmm.org\/wp-content\/uploads\/2022\/01\/4eb8eb8ad96e7.jpeg\" alt=\"\" data-id=\"26797\" data-full-url=\"http:\/\/qtmm.org\/wp-content\/uploads\/2022\/01\/4eb8eb8ad96e7.jpeg\" data-link=\"http:\/\/qtmm.org\/qt\/?attachment_id=26797\" class=\"wp-image-26797\" srcset=\"https:\/\/qtmm.org\/wp-content\/uploads\/2022\/01\/4eb8eb8ad96e7.jpeg 640w, https:\/\/qtmm.org\/wp-content\/uploads\/2022\/01\/4eb8eb8ad96e7-300x225.jpeg 300w\" sizes=\"auto, (max-width: 640px) 100vw, 640px\" \/><\/a><\/figure><\/li><li class=\"blocks-gallery-item\"><figure><a href=\"http:\/\/qtmm.org\/wp-content\/uploads\/2022\/01\/4eb8eb8b45fbc.jpeg\"><img loading=\"lazy\" decoding=\"async\" width=\"640\" height=\"480\" src=\"http:\/\/qtmm.org\/wp-content\/uploads\/2022\/01\/4eb8eb8b45fbc.jpeg\" alt=\"\" data-id=\"26801\" data-full-url=\"http:\/\/qtmm.org\/wp-content\/uploads\/2022\/01\/4eb8eb8b45fbc.jpeg\" data-link=\"http:\/\/qtmm.org\/qt\/?attachment_id=26801\" class=\"wp-image-26801\" srcset=\"https:\/\/qtmm.org\/wp-content\/uploads\/2022\/01\/4eb8eb8b45fbc.jpeg 640w, https:\/\/qtmm.org\/wp-content\/uploads\/2022\/01\/4eb8eb8b45fbc-300x225.jpeg 300w\" sizes=\"auto, (max-width: 640px) 100vw, 640px\" \/><\/a><\/figure><\/li><li class=\"blocks-gallery-item\"><figure><a href=\"http:\/\/qtmm.org\/wp-content\/uploads\/2022\/01\/4eb8eb8b171b2.jpeg\"><img loading=\"lazy\" decoding=\"async\" width=\"640\" height=\"480\" src=\"http:\/\/qtmm.org\/wp-content\/uploads\/2022\/01\/4eb8eb8b171b2.jpeg\" alt=\"\" data-id=\"26805\" data-full-url=\"http:\/\/qtmm.org\/wp-content\/uploads\/2022\/01\/4eb8eb8b171b2.jpeg\" data-link=\"http:\/\/qtmm.org\/qt\/?attachment_id=26805\" class=\"wp-image-26805\" srcset=\"https:\/\/qtmm.org\/wp-content\/uploads\/2022\/01\/4eb8eb8b171b2.jpeg 640w, https:\/\/qtmm.org\/wp-content\/uploads\/2022\/01\/4eb8eb8b171b2-300x225.jpeg 300w\" sizes=\"auto, (max-width: 640px) 100vw, 640px\" \/><\/a><\/figure><\/li><li class=\"blocks-gallery-item\"><figure><a href=\"http:\/\/qtmm.org\/wp-content\/uploads\/2022\/01\/4eb8eb8b770cd.jpeg\"><img loading=\"lazy\" decoding=\"async\" width=\"640\" height=\"480\" src=\"http:\/\/qtmm.org\/wp-content\/uploads\/2022\/01\/4eb8eb8b770cd.jpeg\" alt=\"\" data-id=\"26809\" data-full-url=\"http:\/\/qtmm.org\/wp-content\/uploads\/2022\/01\/4eb8eb8b770cd.jpeg\" data-link=\"http:\/\/qtmm.org\/qt\/?attachment_id=26809\" class=\"wp-image-26809\" srcset=\"https:\/\/qtmm.org\/wp-content\/uploads\/2022\/01\/4eb8eb8b770cd.jpeg 640w, https:\/\/qtmm.org\/wp-content\/uploads\/2022\/01\/4eb8eb8b770cd-300x225.jpeg 300w\" sizes=\"auto, (max-width: 640px) 100vw, 640px\" \/><\/a><\/figure><\/li><li class=\"blocks-gallery-item\"><figure><a href=\"http:\/\/qtmm.org\/wp-content\/uploads\/2022\/01\/4eb8eb8ba6a7e.jpeg\"><img loading=\"lazy\" decoding=\"async\" width=\"640\" height=\"480\" src=\"http:\/\/qtmm.org\/wp-content\/uploads\/2022\/01\/4eb8eb8ba6a7e.jpeg\" alt=\"\" data-id=\"26813\" data-full-url=\"http:\/\/qtmm.org\/wp-content\/uploads\/2022\/01\/4eb8eb8ba6a7e.jpeg\" data-link=\"http:\/\/qtmm.org\/qt\/?attachment_id=26813\" class=\"wp-image-26813\" srcset=\"https:\/\/qtmm.org\/wp-content\/uploads\/2022\/01\/4eb8eb8ba6a7e.jpeg 640w, https:\/\/qtmm.org\/wp-content\/uploads\/2022\/01\/4eb8eb8ba6a7e-300x225.jpeg 300w\" sizes=\"auto, (max-width: 640px) 100vw, 640px\" \/><\/a><\/figure><\/li><li class=\"blocks-gallery-item\"><figure><a href=\"http:\/\/qtmm.org\/wp-content\/uploads\/2022\/01\/4eb8eb8bd3923.jpeg\"><img loading=\"lazy\" decoding=\"async\" width=\"640\" height=\"480\" src=\"http:\/\/qtmm.org\/wp-content\/uploads\/2022\/01\/4eb8eb8bd3923.jpeg\" alt=\"\" data-id=\"26817\" data-full-url=\"http:\/\/qtmm.org\/wp-content\/uploads\/2022\/01\/4eb8eb8bd3923.jpeg\" data-link=\"http:\/\/qtmm.org\/qt\/?attachment_id=26817\" class=\"wp-image-26817\" srcset=\"https:\/\/qtmm.org\/wp-content\/uploads\/2022\/01\/4eb8eb8bd3923.jpeg 640w, https:\/\/qtmm.org\/wp-content\/uploads\/2022\/01\/4eb8eb8bd3923-300x225.jpeg 300w\" sizes=\"auto, (max-width: 640px) 100vw, 640px\" \/><\/a><\/figure><\/li><li class=\"blocks-gallery-item\"><figure><a href=\"http:\/\/qtmm.org\/wp-content\/uploads\/2022\/01\/4eb8eb8c0e8a5.jpeg\"><img loading=\"lazy\" decoding=\"async\" width=\"640\" height=\"480\" src=\"http:\/\/qtmm.org\/wp-content\/uploads\/2022\/01\/4eb8eb8c0e8a5.jpeg\" alt=\"\" data-id=\"26821\" data-full-url=\"http:\/\/qtmm.org\/wp-content\/uploads\/2022\/01\/4eb8eb8c0e8a5.jpeg\" data-link=\"http:\/\/qtmm.org\/qt\/?attachment_id=26821\" class=\"wp-image-26821\" srcset=\"https:\/\/qtmm.org\/wp-content\/uploads\/2022\/01\/4eb8eb8c0e8a5.jpeg 640w, https:\/\/qtmm.org\/wp-content\/uploads\/2022\/01\/4eb8eb8c0e8a5-300x225.jpeg 300w\" sizes=\"auto, (max-width: 640px) 100vw, 640px\" \/><\/a><\/figure><\/li><li class=\"blocks-gallery-item\"><figure><a href=\"http:\/\/qtmm.org\/wp-content\/uploads\/2022\/01\/4eb8eb8c7d24c.jpeg\"><img loading=\"lazy\" decoding=\"async\" width=\"640\" height=\"480\" src=\"http:\/\/qtmm.org\/wp-content\/uploads\/2022\/01\/4eb8eb8c7d24c.jpeg\" alt=\"\" data-id=\"26825\" data-full-url=\"http:\/\/qtmm.org\/wp-content\/uploads\/2022\/01\/4eb8eb8c7d24c.jpeg\" data-link=\"http:\/\/qtmm.org\/qt\/?attachment_id=26825\" class=\"wp-image-26825\" srcset=\"https:\/\/qtmm.org\/wp-content\/uploads\/2022\/01\/4eb8eb8c7d24c.jpeg 640w, https:\/\/qtmm.org\/wp-content\/uploads\/2022\/01\/4eb8eb8c7d24c-300x225.jpeg 300w\" sizes=\"auto, (max-width: 640px) 100vw, 640px\" \/><\/a><\/figure><\/li><li class=\"blocks-gallery-item\"><figure><a href=\"http:\/\/qtmm.org\/wp-content\/uploads\/2022\/01\/4eb8eb8c472bb.jpeg\"><img loading=\"lazy\" decoding=\"async\" width=\"640\" height=\"480\" src=\"http:\/\/qtmm.org\/wp-content\/uploads\/2022\/01\/4eb8eb8c472bb.jpeg\" alt=\"\" data-id=\"26829\" data-full-url=\"http:\/\/qtmm.org\/wp-content\/uploads\/2022\/01\/4eb8eb8c472bb.jpeg\" data-link=\"http:\/\/qtmm.org\/qt\/?attachment_id=26829\" class=\"wp-image-26829\" srcset=\"https:\/\/qtmm.org\/wp-content\/uploads\/2022\/01\/4eb8eb8c472bb.jpeg 640w, https:\/\/qtmm.org\/wp-content\/uploads\/2022\/01\/4eb8eb8c472bb-300x225.jpeg 300w\" sizes=\"auto, (max-width: 640px) 100vw, 640px\" \/><\/a><\/figure><\/li><li class=\"blocks-gallery-item\"><figure><a href=\"http:\/\/qtmm.org\/wp-content\/uploads\/2022\/01\/4eb8eb8cafeba.jpeg\"><img loading=\"lazy\" decoding=\"async\" width=\"640\" height=\"480\" src=\"http:\/\/qtmm.org\/wp-content\/uploads\/2022\/01\/4eb8eb8cafeba.jpeg\" alt=\"\" data-id=\"26833\" data-full-url=\"http:\/\/qtmm.org\/wp-content\/uploads\/2022\/01\/4eb8eb8cafeba.jpeg\" data-link=\"http:\/\/qtmm.org\/qt\/?attachment_id=26833\" class=\"wp-image-26833\" srcset=\"https:\/\/qtmm.org\/wp-content\/uploads\/2022\/01\/4eb8eb8cafeba.jpeg 640w, https:\/\/qtmm.org\/wp-content\/uploads\/2022\/01\/4eb8eb8cafeba-300x225.jpeg 300w\" sizes=\"auto, (max-width: 640px) 100vw, 640px\" \/><\/a><\/figure><\/li><li class=\"blocks-gallery-item\"><figure><a href=\"http:\/\/qtmm.org\/wp-content\/uploads\/2022\/01\/4eb8eb8ce0bd4.jpeg\"><img loading=\"lazy\" decoding=\"async\" width=\"640\" height=\"480\" src=\"http:\/\/qtmm.org\/wp-content\/uploads\/2022\/01\/4eb8eb8ce0bd4.jpeg\" alt=\"\" data-id=\"26837\" data-full-url=\"http:\/\/qtmm.org\/wp-content\/uploads\/2022\/01\/4eb8eb8ce0bd4.jpeg\" data-link=\"http:\/\/qtmm.org\/qt\/?attachment_id=26837\" class=\"wp-image-26837\" srcset=\"https:\/\/qtmm.org\/wp-content\/uploads\/2022\/01\/4eb8eb8ce0bd4.jpeg 640w, https:\/\/qtmm.org\/wp-content\/uploads\/2022\/01\/4eb8eb8ce0bd4-300x225.jpeg 300w\" sizes=\"auto, (max-width: 640px) 100vw, 640px\" \/><\/a><\/figure><\/li><li class=\"blocks-gallery-item\"><figure><a href=\"http:\/\/qtmm.org\/wp-content\/uploads\/2022\/01\/4eb8eb8d1d6e5.jpeg\"><img loading=\"lazy\" decoding=\"async\" width=\"640\" height=\"480\" src=\"http:\/\/qtmm.org\/wp-content\/uploads\/2022\/01\/4eb8eb8d1d6e5.jpeg\" alt=\"\" data-id=\"26841\" data-full-url=\"http:\/\/qtmm.org\/wp-content\/uploads\/2022\/01\/4eb8eb8d1d6e5.jpeg\" data-link=\"http:\/\/qtmm.org\/qt\/?attachment_id=26841\" class=\"wp-image-26841\" srcset=\"https:\/\/qtmm.org\/wp-content\/uploads\/2022\/01\/4eb8eb8d1d6e5.jpeg 640w, https:\/\/qtmm.org\/wp-content\/uploads\/2022\/01\/4eb8eb8d1d6e5-300x225.jpeg 300w\" sizes=\"auto, (max-width: 640px) 100vw, 640px\" \/><\/a><\/figure><\/li><li class=\"blocks-gallery-item\"><figure><a href=\"http:\/\/qtmm.org\/wp-content\/uploads\/2022\/01\/4eb8eb8d78fa1.jpeg\"><img loading=\"lazy\" decoding=\"async\" width=\"640\" height=\"480\" src=\"http:\/\/qtmm.org\/wp-content\/uploads\/2022\/01\/4eb8eb8d78fa1.jpeg\" alt=\"\" data-id=\"26845\" data-full-url=\"http:\/\/qtmm.org\/wp-content\/uploads\/2022\/01\/4eb8eb8d78fa1.jpeg\" data-link=\"http:\/\/qtmm.org\/qt\/?attachment_id=26845\" class=\"wp-image-26845\" srcset=\"https:\/\/qtmm.org\/wp-content\/uploads\/2022\/01\/4eb8eb8d78fa1.jpeg 640w, https:\/\/qtmm.org\/wp-content\/uploads\/2022\/01\/4eb8eb8d78fa1-300x225.jpeg 300w\" sizes=\"auto, (max-width: 640px) 100vw, 640px\" \/><\/a><\/figure><\/li><li class=\"blocks-gallery-item\"><figure><a href=\"http:\/\/qtmm.org\/wp-content\/uploads\/2022\/01\/4eb8eb8d499f5.jpeg\"><img loading=\"lazy\" decoding=\"async\" width=\"640\" height=\"480\" src=\"http:\/\/qtmm.org\/wp-content\/uploads\/2022\/01\/4eb8eb8d499f5.jpeg\" alt=\"\" data-id=\"26849\" data-full-url=\"http:\/\/qtmm.org\/wp-content\/uploads\/2022\/01\/4eb8eb8d499f5.jpeg\" data-link=\"http:\/\/qtmm.org\/qt\/?attachment_id=26849\" class=\"wp-image-26849\" srcset=\"https:\/\/qtmm.org\/wp-content\/uploads\/2022\/01\/4eb8eb8d499f5.jpeg 640w, https:\/\/qtmm.org\/wp-content\/uploads\/2022\/01\/4eb8eb8d499f5-300x225.jpeg 300w\" sizes=\"auto, (max-width: 640px) 100vw, 640px\" \/><\/a><\/figure><\/li><li class=\"blocks-gallery-item\"><figure><a href=\"http:\/\/qtmm.org\/wp-content\/uploads\/2022\/01\/4eb8eb8dad77b.jpeg\"><img loading=\"lazy\" decoding=\"async\" width=\"640\" height=\"480\" src=\"http:\/\/qtmm.org\/wp-content\/uploads\/2022\/01\/4eb8eb8dad77b.jpeg\" alt=\"\" data-id=\"26853\" data-full-url=\"http:\/\/qtmm.org\/wp-content\/uploads\/2022\/01\/4eb8eb8dad77b.jpeg\" data-link=\"http:\/\/qtmm.org\/qt\/?attachment_id=26853\" class=\"wp-image-26853\" srcset=\"https:\/\/qtmm.org\/wp-content\/uploads\/2022\/01\/4eb8eb8dad77b.jpeg 640w, https:\/\/qtmm.org\/wp-content\/uploads\/2022\/01\/4eb8eb8dad77b-300x225.jpeg 300w\" sizes=\"auto, (max-width: 640px) 100vw, 640px\" \/><\/a><\/figure><\/li><\/ul><\/figure>\n","protected":false},"excerpt":{"rendered":"<p>Qurban bayram\u0131n\u0131\u00f1 birinci k\u00fcn\u00fc Alu\u015ftada &#8220;\u00c7at\u0131rda\u011f&#8221; q\u0131r\u0131mtatar medeniy cemiyetni\u00f1 medeniy merkezi tantanal\u0131 s\u00fcrette a\u00e7\u0131ld\u0131. Merkezni\u00f1 tantanal\u0131 a\u00e7\u0131l\u0131\u015f merasiminde Q\u0131r\u0131mtatar halq\u0131 Meclisini\u00f1 reisi Mustafa Cemilev, Alu\u015fta \u015feerini\u00f1 ba\u015f\u0131 Stanislav Kolot, &#8220;Q\u0131r\u0131m inki\u015faf\u0131 fond\u0131&#8221; Hayriye te\u015fkil\u00e2t\u0131n\u0131\u00f1 Prezidenti ve ba\u015f direktor\u0131 Rustem \u00dcmerov ve Aleksey Skorik, Hocaeli q\u0131r\u0131mtatar yard\u0131mla\u015fma ve medeniyeti dernegini\u00f1 reisi \u0130braim Arac\u0131, Alu\u015fta \u015feerindeki milliy [&hellip;]<\/p>\n","protected":false},"author":1,"featured_media":26793,"comment_status":"open","ping_status":"open","sticky":false,"template":"","format":"standard","meta":{"inline_featured_image":false,"footnotes":""},"categories":[265],"tags":[],"class_list":["post-26792","post","type-post","status-publish","format-standard","has-post-thumbnail","hentry","category-haberler"],"acf":[],"yoast_head":"<!-- This site is optimized with the Yoast SEO plugin v27.4 - https:\/\/yoast.com\/product\/yoast-seo-wordpress\/ -->\n<title>Alu\u015ftada \u00ab\u00c7at\u0131r-Da\u011f\u00bb q\u0131r\u0131mtatar medeniy merkezi a\u00e7\u0131ld\u0131 - \u041c\u0435\u0434\u0436\u043b\u0456\u0441<\/title>\n<meta name=\"robots\" content=\"index, follow, max-snippet:-1, max-image-preview:large, max-video-preview:-1\" \/>\n<link rel=\"canonical\" href=\"https:\/\/qtmm.org\/qt\/alustada-catir-dag-qirimtatar-medeniy-merkezi-acildi\/\" \/>\n<meta property=\"og:locale\" content=\"en_US\" \/>\n<meta property=\"og:type\" content=\"article\" \/>\n<meta property=\"og:title\" content=\"Alu\u015ftada \u00ab\u00c7at\u0131r-Da\u011f\u00bb q\u0131r\u0131mtatar medeniy merkezi a\u00e7\u0131ld\u0131 - \u041c\u0435\u0434\u0436\u043b\u0456\u0441\" \/>\n<meta property=\"og:description\" content=\"Qurban bayram\u0131n\u0131\u00f1 birinci k\u00fcn\u00fc Alu\u015ftada &#8220;\u00c7at\u0131rda\u011f&#8221; q\u0131r\u0131mtatar medeniy cemiyetni\u00f1 medeniy merkezi tantanal\u0131 s\u00fcrette a\u00e7\u0131ld\u0131. Merkezni\u00f1 tantanal\u0131 a\u00e7\u0131l\u0131\u015f merasiminde Q\u0131r\u0131mtatar halq\u0131 Meclisini\u00f1 reisi Mustafa Cemilev, Alu\u015fta \u015feerini\u00f1 ba\u015f\u0131 Stanislav Kolot, &#8220;Q\u0131r\u0131m inki\u015faf\u0131 fond\u0131&#8221; Hayriye te\u015fkil\u00e2t\u0131n\u0131\u00f1 Prezidenti ve ba\u015f direktor\u0131 Rustem \u00dcmerov ve Aleksey Skorik, Hocaeli q\u0131r\u0131mtatar yard\u0131mla\u015fma ve medeniyeti dernegini\u00f1 reisi \u0130braim Arac\u0131, Alu\u015fta \u015feerindeki milliy [&hellip;]\" \/>\n<meta property=\"og:url\" content=\"https:\/\/qtmm.org\/qt\/alustada-catir-dag-qirimtatar-medeniy-merkezi-acildi\/\" \/>\n<meta property=\"og:site_name\" content=\"\u041c\u0435\u0434\u0436\u043b\u0456\u0441\" \/>\n<meta property=\"article:publisher\" content=\"https:\/\/www.facebook.com\/qtmm.info\/\" \/>\n<meta property=\"article:published_time\" content=\"2011-11-07T14:05:00+00:00\" \/>\n<meta property=\"article:modified_time\" content=\"2022-01-19T14:07:27+00:00\" \/>\n<meta property=\"og:image\" content=\"https:\/\/qtmm.org\/wp-content\/uploads\/2022\/01\/4eb8eb8a8cc96.jpeg\" \/>\n\t<meta property=\"og:image:width\" content=\"640\" \/>\n\t<meta property=\"og:image:height\" content=\"480\" \/>\n\t<meta property=\"og:image:type\" content=\"image\/jpeg\" \/>\n<meta name=\"author\" content=\"Developer\" \/>\n<meta name=\"twitter:card\" content=\"summary_large_image\" \/>\n<meta name=\"twitter:label1\" content=\"Written by\" \/>\n\t<meta name=\"twitter:data1\" content=\"Developer\" \/>\n\t<meta name=\"twitter:label2\" content=\"Est. reading time\" \/>\n\t<meta name=\"twitter:data2\" content=\"3 minutes\" \/>\n<script type=\"application\/ld+json\" class=\"yoast-schema-graph\">{\"@context\":\"https:\\\/\\\/schema.org\",\"@graph\":[{\"@type\":\"Article\",\"@id\":\"https:\\\/\\\/qtmm.org\\\/qt\\\/alustada-catir-dag-qirimtatar-medeniy-merkezi-acildi\\\/#article\",\"isPartOf\":{\"@id\":\"https:\\\/\\\/qtmm.org\\\/qt\\\/alustada-catir-dag-qirimtatar-medeniy-merkezi-acildi\\\/\"},\"author\":{\"name\":\"Developer\",\"@id\":\"https:\\\/\\\/qtmm.org\\\/qt\\\/#\\\/schema\\\/person\\\/de562469f971dec226ac06e60bbf74a7\"},\"headline\":\"Alu\u015ftada \u00ab\u00c7at\u0131r-Da\u011f\u00bb q\u0131r\u0131mtatar medeniy merkezi a\u00e7\u0131ld\u0131\",\"datePublished\":\"2011-11-07T14:05:00+00:00\",\"dateModified\":\"2022-01-19T14:07:27+00:00\",\"mainEntityOfPage\":{\"@id\":\"https:\\\/\\\/qtmm.org\\\/qt\\\/alustada-catir-dag-qirimtatar-medeniy-merkezi-acildi\\\/\"},\"wordCount\":655,\"commentCount\":0,\"publisher\":{\"@id\":\"https:\\\/\\\/qtmm.org\\\/qt\\\/#organization\"},\"image\":{\"@id\":\"https:\\\/\\\/qtmm.org\\\/qt\\\/alustada-catir-dag-qirimtatar-medeniy-merkezi-acildi\\\/#primaryimage\"},\"thumbnailUrl\":\"https:\\\/\\\/qtmm.org\\\/wp-content\\\/uploads\\\/2022\\\/01\\\/4eb8eb8a8cc96.jpeg\",\"articleSection\":[\"Haberler\"],\"inLanguage\":\"qt\",\"potentialAction\":[{\"@type\":\"CommentAction\",\"name\":\"Comment\",\"target\":[\"https:\\\/\\\/qtmm.org\\\/qt\\\/alustada-catir-dag-qirimtatar-medeniy-merkezi-acildi\\\/#respond\"]}]},{\"@type\":\"WebPage\",\"@id\":\"https:\\\/\\\/qtmm.org\\\/qt\\\/alustada-catir-dag-qirimtatar-medeniy-merkezi-acildi\\\/\",\"url\":\"https:\\\/\\\/qtmm.org\\\/qt\\\/alustada-catir-dag-qirimtatar-medeniy-merkezi-acildi\\\/\",\"name\":\"Alu\u015ftada \u00ab\u00c7at\u0131r-Da\u011f\u00bb q\u0131r\u0131mtatar medeniy merkezi a\u00e7\u0131ld\u0131 - \u041c\u0435\u0434\u0436\u043b\u0456\u0441\",\"isPartOf\":{\"@id\":\"https:\\\/\\\/qtmm.org\\\/qt\\\/#website\"},\"primaryImageOfPage\":{\"@id\":\"https:\\\/\\\/qtmm.org\\\/qt\\\/alustada-catir-dag-qirimtatar-medeniy-merkezi-acildi\\\/#primaryimage\"},\"image\":{\"@id\":\"https:\\\/\\\/qtmm.org\\\/qt\\\/alustada-catir-dag-qirimtatar-medeniy-merkezi-acildi\\\/#primaryimage\"},\"thumbnailUrl\":\"https:\\\/\\\/qtmm.org\\\/wp-content\\\/uploads\\\/2022\\\/01\\\/4eb8eb8a8cc96.jpeg\",\"datePublished\":\"2011-11-07T14:05:00+00:00\",\"dateModified\":\"2022-01-19T14:07:27+00:00\",\"breadcrumb\":{\"@id\":\"https:\\\/\\\/qtmm.org\\\/qt\\\/alustada-catir-dag-qirimtatar-medeniy-merkezi-acildi\\\/#breadcrumb\"},\"inLanguage\":\"qt\",\"potentialAction\":[{\"@type\":\"ReadAction\",\"target\":[\"https:\\\/\\\/qtmm.org\\\/qt\\\/alustada-catir-dag-qirimtatar-medeniy-merkezi-acildi\\\/\"]}]},{\"@type\":\"ImageObject\",\"inLanguage\":\"qt\",\"@id\":\"https:\\\/\\\/qtmm.org\\\/qt\\\/alustada-catir-dag-qirimtatar-medeniy-merkezi-acildi\\\/#primaryimage\",\"url\":\"https:\\\/\\\/qtmm.org\\\/wp-content\\\/uploads\\\/2022\\\/01\\\/4eb8eb8a8cc96.jpeg\",\"contentUrl\":\"https:\\\/\\\/qtmm.org\\\/wp-content\\\/uploads\\\/2022\\\/01\\\/4eb8eb8a8cc96.jpeg\",\"width\":640,\"height\":480},{\"@type\":\"BreadcrumbList\",\"@id\":\"https:\\\/\\\/qtmm.org\\\/qt\\\/alustada-catir-dag-qirimtatar-medeniy-merkezi-acildi\\\/#breadcrumb\",\"itemListElement\":[{\"@type\":\"ListItem\",\"position\":1,\"name\":\"\u0413\u043e\u043b\u043e\u0432\u043d\u0430\",\"item\":\"https:\\\/\\\/qtmm.org\\\/qt\\\/\"},{\"@type\":\"ListItem\",\"position\":2,\"name\":\"Alu\u015ftada \u00ab\u00c7at\u0131r-Da\u011f\u00bb q\u0131r\u0131mtatar medeniy merkezi a\u00e7\u0131ld\u0131\"}]},{\"@type\":\"WebSite\",\"@id\":\"https:\\\/\\\/qtmm.org\\\/qt\\\/#website\",\"url\":\"https:\\\/\\\/qtmm.org\\\/qt\\\/\",\"name\":\"\u041c\u0435\u0434\u0436\u043b\u0456\u0441\",\"description\":\"\",\"publisher\":{\"@id\":\"https:\\\/\\\/qtmm.org\\\/qt\\\/#organization\"},\"potentialAction\":[{\"@type\":\"SearchAction\",\"target\":{\"@type\":\"EntryPoint\",\"urlTemplate\":\"https:\\\/\\\/qtmm.org\\\/qt\\\/?s={search_term_string}\"},\"query-input\":{\"@type\":\"PropertyValueSpecification\",\"valueRequired\":true,\"valueName\":\"search_term_string\"}}],\"inLanguage\":\"qt\"},{\"@type\":\"Organization\",\"@id\":\"https:\\\/\\\/qtmm.org\\\/qt\\\/#organization\",\"name\":\"\u041c\u0435\u0434\u0436\u043b\u0456\u0441\",\"url\":\"https:\\\/\\\/qtmm.org\\\/qt\\\/\",\"logo\":{\"@type\":\"ImageObject\",\"inLanguage\":\"qt\",\"@id\":\"https:\\\/\\\/qtmm.org\\\/qt\\\/#\\\/schema\\\/logo\\\/image\\\/\",\"url\":\"https:\\\/\\\/qtmm.org\\\/wp-content\\\/uploads\\\/2024\\\/12\\\/ua-mejlis-logo-rgb.svg\",\"contentUrl\":\"https:\\\/\\\/qtmm.org\\\/wp-content\\\/uploads\\\/2024\\\/12\\\/ua-mejlis-logo-rgb.svg\",\"caption\":\"\u041c\u0435\u0434\u0436\u043b\u0456\u0441\"},\"image\":{\"@id\":\"https:\\\/\\\/qtmm.org\\\/qt\\\/#\\\/schema\\\/logo\\\/image\\\/\"},\"sameAs\":[\"https:\\\/\\\/www.facebook.com\\\/qtmm.info\\\/\"]},{\"@type\":\"Person\",\"@id\":\"https:\\\/\\\/qtmm.org\\\/qt\\\/#\\\/schema\\\/person\\\/de562469f971dec226ac06e60bbf74a7\",\"name\":\"Developer\",\"image\":{\"@type\":\"ImageObject\",\"inLanguage\":\"qt\",\"@id\":\"https:\\\/\\\/secure.gravatar.com\\\/avatar\\\/392b4cc8fbfeb00b39dfeeab4ee6edded39ffd48e25858637e4765810300227e?s=96&d=mm&r=g\",\"url\":\"https:\\\/\\\/secure.gravatar.com\\\/avatar\\\/392b4cc8fbfeb00b39dfeeab4ee6edded39ffd48e25858637e4765810300227e?s=96&d=mm&r=g\",\"contentUrl\":\"https:\\\/\\\/secure.gravatar.com\\\/avatar\\\/392b4cc8fbfeb00b39dfeeab4ee6edded39ffd48e25858637e4765810300227e?s=96&d=mm&r=g\",\"caption\":\"Developer\"},\"url\":\"https:\\\/\\\/qtmm.org\\\/qt\\\/author\\\/Developer\\\/\"}]}<\/script>\n<!-- \/ Yoast SEO plugin. -->","yoast_head_json":{"title":"Alu\u015ftada \u00ab\u00c7at\u0131r-Da\u011f\u00bb q\u0131r\u0131mtatar medeniy merkezi a\u00e7\u0131ld\u0131 - \u041c\u0435\u0434\u0436\u043b\u0456\u0441","robots":{"index":"index","follow":"follow","max-snippet":"max-snippet:-1","max-image-preview":"max-image-preview:large","max-video-preview":"max-video-preview:-1"},"canonical":"https:\/\/qtmm.org\/qt\/alustada-catir-dag-qirimtatar-medeniy-merkezi-acildi\/","og_locale":"en_US","og_type":"article","og_title":"Alu\u015ftada \u00ab\u00c7at\u0131r-Da\u011f\u00bb q\u0131r\u0131mtatar medeniy merkezi a\u00e7\u0131ld\u0131 - \u041c\u0435\u0434\u0436\u043b\u0456\u0441","og_description":"Qurban bayram\u0131n\u0131\u00f1 birinci k\u00fcn\u00fc Alu\u015ftada &#8220;\u00c7at\u0131rda\u011f&#8221; q\u0131r\u0131mtatar medeniy cemiyetni\u00f1 medeniy merkezi tantanal\u0131 s\u00fcrette a\u00e7\u0131ld\u0131. Merkezni\u00f1 tantanal\u0131 a\u00e7\u0131l\u0131\u015f merasiminde Q\u0131r\u0131mtatar halq\u0131 Meclisini\u00f1 reisi Mustafa Cemilev, Alu\u015fta \u015feerini\u00f1 ba\u015f\u0131 Stanislav Kolot, &#8220;Q\u0131r\u0131m inki\u015faf\u0131 fond\u0131&#8221; Hayriye te\u015fkil\u00e2t\u0131n\u0131\u00f1 Prezidenti ve ba\u015f direktor\u0131 Rustem \u00dcmerov ve Aleksey Skorik, Hocaeli q\u0131r\u0131mtatar yard\u0131mla\u015fma ve medeniyeti dernegini\u00f1 reisi \u0130braim Arac\u0131, Alu\u015fta \u015feerindeki milliy [&hellip;]","og_url":"https:\/\/qtmm.org\/qt\/alustada-catir-dag-qirimtatar-medeniy-merkezi-acildi\/","og_site_name":"\u041c\u0435\u0434\u0436\u043b\u0456\u0441","article_publisher":"https:\/\/www.facebook.com\/qtmm.info\/","article_published_time":"2011-11-07T14:05:00+00:00","article_modified_time":"2022-01-19T14:07:27+00:00","og_image":[{"width":640,"height":480,"url":"https:\/\/qtmm.org\/wp-content\/uploads\/2022\/01\/4eb8eb8a8cc96.jpeg","type":"image\/jpeg"}],"author":"Developer","twitter_card":"summary_large_image","twitter_misc":{"Written by":"Developer","Est. reading time":"3 minutes"},"schema":{"@context":"https:\/\/schema.org","@graph":[{"@type":"Article","@id":"https:\/\/qtmm.org\/qt\/alustada-catir-dag-qirimtatar-medeniy-merkezi-acildi\/#article","isPartOf":{"@id":"https:\/\/qtmm.org\/qt\/alustada-catir-dag-qirimtatar-medeniy-merkezi-acildi\/"},"author":{"name":"Developer","@id":"https:\/\/qtmm.org\/qt\/#\/schema\/person\/de562469f971dec226ac06e60bbf74a7"},"headline":"Alu\u015ftada \u00ab\u00c7at\u0131r-Da\u011f\u00bb q\u0131r\u0131mtatar medeniy merkezi a\u00e7\u0131ld\u0131","datePublished":"2011-11-07T14:05:00+00:00","dateModified":"2022-01-19T14:07:27+00:00","mainEntityOfPage":{"@id":"https:\/\/qtmm.org\/qt\/alustada-catir-dag-qirimtatar-medeniy-merkezi-acildi\/"},"wordCount":655,"commentCount":0,"publisher":{"@id":"https:\/\/qtmm.org\/qt\/#organization"},"image":{"@id":"https:\/\/qtmm.org\/qt\/alustada-catir-dag-qirimtatar-medeniy-merkezi-acildi\/#primaryimage"},"thumbnailUrl":"https:\/\/qtmm.org\/wp-content\/uploads\/2022\/01\/4eb8eb8a8cc96.jpeg","articleSection":["Haberler"],"inLanguage":"qt","potentialAction":[{"@type":"CommentAction","name":"Comment","target":["https:\/\/qtmm.org\/qt\/alustada-catir-dag-qirimtatar-medeniy-merkezi-acildi\/#respond"]}]},{"@type":"WebPage","@id":"https:\/\/qtmm.org\/qt\/alustada-catir-dag-qirimtatar-medeniy-merkezi-acildi\/","url":"https:\/\/qtmm.org\/qt\/alustada-catir-dag-qirimtatar-medeniy-merkezi-acildi\/","name":"Alu\u015ftada \u00ab\u00c7at\u0131r-Da\u011f\u00bb q\u0131r\u0131mtatar medeniy merkezi a\u00e7\u0131ld\u0131 - \u041c\u0435\u0434\u0436\u043b\u0456\u0441","isPartOf":{"@id":"https:\/\/qtmm.org\/qt\/#website"},"primaryImageOfPage":{"@id":"https:\/\/qtmm.org\/qt\/alustada-catir-dag-qirimtatar-medeniy-merkezi-acildi\/#primaryimage"},"image":{"@id":"https:\/\/qtmm.org\/qt\/alustada-catir-dag-qirimtatar-medeniy-merkezi-acildi\/#primaryimage"},"thumbnailUrl":"https:\/\/qtmm.org\/wp-content\/uploads\/2022\/01\/4eb8eb8a8cc96.jpeg","datePublished":"2011-11-07T14:05:00+00:00","dateModified":"2022-01-19T14:07:27+00:00","breadcrumb":{"@id":"https:\/\/qtmm.org\/qt\/alustada-catir-dag-qirimtatar-medeniy-merkezi-acildi\/#breadcrumb"},"inLanguage":"qt","potentialAction":[{"@type":"ReadAction","target":["https:\/\/qtmm.org\/qt\/alustada-catir-dag-qirimtatar-medeniy-merkezi-acildi\/"]}]},{"@type":"ImageObject","inLanguage":"qt","@id":"https:\/\/qtmm.org\/qt\/alustada-catir-dag-qirimtatar-medeniy-merkezi-acildi\/#primaryimage","url":"https:\/\/qtmm.org\/wp-content\/uploads\/2022\/01\/4eb8eb8a8cc96.jpeg","contentUrl":"https:\/\/qtmm.org\/wp-content\/uploads\/2022\/01\/4eb8eb8a8cc96.jpeg","width":640,"height":480},{"@type":"BreadcrumbList","@id":"https:\/\/qtmm.org\/qt\/alustada-catir-dag-qirimtatar-medeniy-merkezi-acildi\/#breadcrumb","itemListElement":[{"@type":"ListItem","position":1,"name":"\u0413\u043e\u043b\u043e\u0432\u043d\u0430","item":"https:\/\/qtmm.org\/qt\/"},{"@type":"ListItem","position":2,"name":"Alu\u015ftada \u00ab\u00c7at\u0131r-Da\u011f\u00bb q\u0131r\u0131mtatar medeniy merkezi a\u00e7\u0131ld\u0131"}]},{"@type":"WebSite","@id":"https:\/\/qtmm.org\/qt\/#website","url":"https:\/\/qtmm.org\/qt\/","name":"\u041c\u0435\u0434\u0436\u043b\u0456\u0441","description":"","publisher":{"@id":"https:\/\/qtmm.org\/qt\/#organization"},"potentialAction":[{"@type":"SearchAction","target":{"@type":"EntryPoint","urlTemplate":"https:\/\/qtmm.org\/qt\/?s={search_term_string}"},"query-input":{"@type":"PropertyValueSpecification","valueRequired":true,"valueName":"search_term_string"}}],"inLanguage":"qt"},{"@type":"Organization","@id":"https:\/\/qtmm.org\/qt\/#organization","name":"\u041c\u0435\u0434\u0436\u043b\u0456\u0441","url":"https:\/\/qtmm.org\/qt\/","logo":{"@type":"ImageObject","inLanguage":"qt","@id":"https:\/\/qtmm.org\/qt\/#\/schema\/logo\/image\/","url":"https:\/\/qtmm.org\/wp-content\/uploads\/2024\/12\/ua-mejlis-logo-rgb.svg","contentUrl":"https:\/\/qtmm.org\/wp-content\/uploads\/2024\/12\/ua-mejlis-logo-rgb.svg","caption":"\u041c\u0435\u0434\u0436\u043b\u0456\u0441"},"image":{"@id":"https:\/\/qtmm.org\/qt\/#\/schema\/logo\/image\/"},"sameAs":["https:\/\/www.facebook.com\/qtmm.info\/"]},{"@type":"Person","@id":"https:\/\/qtmm.org\/qt\/#\/schema\/person\/de562469f971dec226ac06e60bbf74a7","name":"Developer","image":{"@type":"ImageObject","inLanguage":"qt","@id":"https:\/\/secure.gravatar.com\/avatar\/392b4cc8fbfeb00b39dfeeab4ee6edded39ffd48e25858637e4765810300227e?s=96&d=mm&r=g","url":"https:\/\/secure.gravatar.com\/avatar\/392b4cc8fbfeb00b39dfeeab4ee6edded39ffd48e25858637e4765810300227e?s=96&d=mm&r=g","contentUrl":"https:\/\/secure.gravatar.com\/avatar\/392b4cc8fbfeb00b39dfeeab4ee6edded39ffd48e25858637e4765810300227e?s=96&d=mm&r=g","caption":"Developer"},"url":"https:\/\/qtmm.org\/qt\/author\/Developer\/"}]}},"_links":{"self":[{"href":"https:\/\/qtmm.org\/qt\/wp-json\/wp\/v2\/posts\/26792","targetHints":{"allow":["GET"]}}],"collection":[{"href":"https:\/\/qtmm.org\/qt\/wp-json\/wp\/v2\/posts"}],"about":[{"href":"https:\/\/qtmm.org\/qt\/wp-json\/wp\/v2\/types\/post"}],"author":[{"embeddable":true,"href":"https:\/\/qtmm.org\/qt\/wp-json\/wp\/v2\/users\/1"}],"replies":[{"embeddable":true,"href":"https:\/\/qtmm.org\/qt\/wp-json\/wp\/v2\/comments?post=26792"}],"version-history":[{"count":1,"href":"https:\/\/qtmm.org\/qt\/wp-json\/wp\/v2\/posts\/26792\/revisions"}],"predecessor-version":[{"id":26857,"href":"https:\/\/qtmm.org\/qt\/wp-json\/wp\/v2\/posts\/26792\/revisions\/26857"}],"wp:featuredmedia":[{"embeddable":true,"href":"https:\/\/qtmm.org\/qt\/wp-json\/wp\/v2\/media\/26793"}],"wp:attachment":[{"href":"https:\/\/qtmm.org\/qt\/wp-json\/wp\/v2\/media?parent=26792"}],"wp:term":[{"taxonomy":"category","embeddable":true,"href":"https:\/\/qtmm.org\/qt\/wp-json\/wp\/v2\/categories?post=26792"},{"taxonomy":"post_tag","embeddable":true,"href":"https:\/\/qtmm.org\/qt\/wp-json\/wp\/v2\/tags?post=26792"}],"curies":[{"name":"wp","href":"https:\/\/api.w.org\/{rel}","templated":true}]}}