




{"id":26790,"date":"2011-11-05T17:04:00","date_gmt":"2011-11-05T14:04:00","guid":{"rendered":"http:\/\/qtmm.org\/?p=26790"},"modified":"2022-01-19T17:04:54","modified_gmt":"2022-01-19T14:04:54","slug":"qurban-bayraminiz-mubarek-olsun","status":"publish","type":"post","link":"https:\/\/qtmm.org\/qt\/qurban-bayraminiz-mubarek-olsun\/","title":{"rendered":"Qurban Bayram\u0131\u00f1\u0131z Mubarek olsun!"},"content":{"rendered":"\n<p class=\"has-text-align-center\"><strong>Ulu Bayram hay\u0131rl\u0131 olsun! Alla-Taal\u00e2 yapqan eyilikleri\u00f1izni, \u00e7al\u011fan qurbanlar\u0131\u00f1\u0131zn\u0131 qabul etsin!<\/strong><\/p>\n\n\n\n<p class=\"has-text-align-center\"><strong>\u0130man milliy tiklenilmemizge quvet bermekte<\/strong><\/p>\n\n\n\n<p class=\"has-text-align-center\"><em><strong>Say\u011f\u0131l\u0131 vatanda\u015flar!<br>M\u00fchterem Q\u0131r\u0131m musulmanlar\u0131!<\/strong><\/em><\/p>\n\n\n\n<p>B\u00fct\u00fcn \u0130sl\u00e2m \u00fcmmetinde e\u00f1 b\u00fcy\u00fck bayram say\u0131l\u011fan Qurban Bayram\u0131 faniy alemimiz ve aziz Ana-Yurtum\u0131z\u011fa yetip kelgeni hay\u0131rl\u0131 olsun!<\/p>\n\n\n\n<p>\u00c7oq as\u0131rlar devam\u0131nda ecdatlar\u0131m\u0131z\u011fa e\u00f1 a\u011f\u0131r vaq\u0131tlarda k\u00fc\u00e7-gayret, sab\u0131r-\u00fcm\u00fct ba\u011f\u0131\u015flagan muqaddes dinimiz ve iman\u0131m\u0131z bug\u00fcnde de milliy tiklenilmemizge, Vatan saipligine iri\u015fmemizge tayan\u00e7 ol\u011fan, adalet k\u00fcre\u015fimizni ruhland\u0131r\u011fan, inki\u015faf\u0131m\u0131z\u011fa siltem bergen quvettir.<\/p>\n\n\n\n<p>Dinge-iman\u011fa sar\u0131lmaq biz i\u00e7\u00fcn Ana-Yurtqa qavu\u015fmaq, halq\u0131m\u0131zn\u0131\u00f1 aq-uquqlar\u0131n\u0131 talap etmek, baba-dedelerimizden qal\u011fan mirasn\u0131 qaytarmaq, birlikke esaslan\u0131p, milliy devlet\u00e7iligimizni tiklemek kibi \u011fayet m\u00fcim faaliyetnen ba\u011fl\u0131 ve beraberlikte olmaqta.<\/p>\n\n\n\n<p>Y\u00fcce Rabbimiz bu areket ve faaliyetimiz neticesinde beklenilgen maqsatlar\u011fa yetmekte \u00d6z\u00fc yard\u0131mc\u0131 em de er bir q\u0131r\u0131m qorantas\u0131nda baht-seadet, muabbetlik, quvan\u00e7l\u0131 k\u00fcnler \u00fck\u00fcm s\u00fcrmesinde tayan\u00e7 olsun!<\/p>\n\n\n\n<p>Bala-torunlar\u0131m\u0131z sa\u011flam, aq\u0131ll\u0131, muvafaqiyetli vatanperverler olaraq \u00f6ssinler. Alla-Taal\u00e2 oqu\u011fan dualar\u0131\u00f1\u0131zn\u0131, \u00e7al\u011fan qurbanlar\u0131\u00f1\u0131zn\u0131 qabul etsin!<\/p>\n\n\n\n<p class=\"has-text-align-right\"><strong><em>Q\u0131r\u0131mtatar Milliy Meclisi<\/em><\/strong><br>&nbsp;<\/p>\n","protected":false},"excerpt":{"rendered":"<p>Ulu Bayram hay\u0131rl\u0131 olsun! Alla-Taal\u00e2 yapqan eyilikleri\u00f1izni, \u00e7al\u011fan qurbanlar\u0131\u00f1\u0131zn\u0131 qabul etsin! \u0130man milliy tiklenilmemizge quvet bermekte Say\u011f\u0131l\u0131 vatanda\u015flar!M\u00fchterem Q\u0131r\u0131m musulmanlar\u0131! B\u00fct\u00fcn \u0130sl\u00e2m \u00fcmmetinde e\u00f1 b\u00fcy\u00fck bayram say\u0131l\u011fan Qurban Bayram\u0131 faniy alemimiz ve aziz Ana-Yurtum\u0131z\u011fa yetip kelgeni hay\u0131rl\u0131 olsun! \u00c7oq as\u0131rlar devam\u0131nda ecdatlar\u0131m\u0131z\u011fa e\u00f1 a\u011f\u0131r vaq\u0131tlarda k\u00fc\u00e7-gayret, sab\u0131r-\u00fcm\u00fct ba\u011f\u0131\u015flagan muqaddes dinimiz ve iman\u0131m\u0131z bug\u00fcnde de milliy [&hellip;]<\/p>\n","protected":false},"author":1,"featured_media":0,"comment_status":"open","ping_status":"open","sticky":false,"template":"","format":"standard","meta":{"inline_featured_image":false,"footnotes":""},"categories":[265],"tags":[],"class_list":["post-26790","post","type-post","status-publish","format-standard","hentry","category-haberler"],"acf":[],"yoast_head":"<!-- This site is optimized with the Yoast SEO plugin v27.4 - https:\/\/yoast.com\/product\/yoast-seo-wordpress\/ -->\n<title>Qurban Bayram\u0131\u00f1\u0131z Mubarek olsun! - \u041c\u0435\u0434\u0436\u043b\u0456\u0441<\/title>\n<meta name=\"robots\" content=\"index, follow, max-snippet:-1, max-image-preview:large, max-video-preview:-1\" \/>\n<link rel=\"canonical\" href=\"https:\/\/qtmm.org\/qt\/qurban-bayraminiz-mubarek-olsun\/\" \/>\n<meta property=\"og:locale\" content=\"en_US\" \/>\n<meta property=\"og:type\" content=\"article\" \/>\n<meta property=\"og:title\" content=\"Qurban Bayram\u0131\u00f1\u0131z Mubarek olsun! - \u041c\u0435\u0434\u0436\u043b\u0456\u0441\" \/>\n<meta property=\"og:description\" content=\"Ulu Bayram hay\u0131rl\u0131 olsun! Alla-Taal\u00e2 yapqan eyilikleri\u00f1izni, \u00e7al\u011fan qurbanlar\u0131\u00f1\u0131zn\u0131 qabul etsin! \u0130man milliy tiklenilmemizge quvet bermekte Say\u011f\u0131l\u0131 vatanda\u015flar!M\u00fchterem Q\u0131r\u0131m musulmanlar\u0131! B\u00fct\u00fcn \u0130sl\u00e2m \u00fcmmetinde e\u00f1 b\u00fcy\u00fck bayram say\u0131l\u011fan Qurban Bayram\u0131 faniy alemimiz ve aziz Ana-Yurtum\u0131z\u011fa yetip kelgeni hay\u0131rl\u0131 olsun! \u00c7oq as\u0131rlar devam\u0131nda ecdatlar\u0131m\u0131z\u011fa e\u00f1 a\u011f\u0131r vaq\u0131tlarda k\u00fc\u00e7-gayret, sab\u0131r-\u00fcm\u00fct ba\u011f\u0131\u015flagan muqaddes dinimiz ve iman\u0131m\u0131z bug\u00fcnde de milliy [&hellip;]\" \/>\n<meta property=\"og:url\" content=\"https:\/\/qtmm.org\/qt\/qurban-bayraminiz-mubarek-olsun\/\" \/>\n<meta property=\"og:site_name\" content=\"\u041c\u0435\u0434\u0436\u043b\u0456\u0441\" \/>\n<meta property=\"article:publisher\" content=\"https:\/\/www.facebook.com\/qtmm.info\/\" \/>\n<meta property=\"article:published_time\" content=\"2011-11-05T14:04:00+00:00\" \/>\n<meta property=\"article:modified_time\" content=\"2022-01-19T14:04:54+00:00\" \/>\n<meta name=\"author\" content=\"Developer\" \/>\n<meta name=\"twitter:card\" content=\"summary_large_image\" \/>\n<meta name=\"twitter:label1\" content=\"Written by\" \/>\n\t<meta name=\"twitter:data1\" content=\"Developer\" \/>\n\t<meta name=\"twitter:label2\" content=\"Est. reading time\" \/>\n\t<meta name=\"twitter:data2\" content=\"1 minute\" \/>\n<script type=\"application\/ld+json\" class=\"yoast-schema-graph\">{\"@context\":\"https:\\\/\\\/schema.org\",\"@graph\":[{\"@type\":\"Article\",\"@id\":\"https:\\\/\\\/qtmm.org\\\/qt\\\/qurban-bayraminiz-mubarek-olsun\\\/#article\",\"isPartOf\":{\"@id\":\"https:\\\/\\\/qtmm.org\\\/qt\\\/qurban-bayraminiz-mubarek-olsun\\\/\"},\"author\":{\"name\":\"Developer\",\"@id\":\"https:\\\/\\\/qtmm.org\\\/qt\\\/#\\\/schema\\\/person\\\/de562469f971dec226ac06e60bbf74a7\"},\"headline\":\"Qurban Bayram\u0131\u00f1\u0131z Mubarek olsun!\",\"datePublished\":\"2011-11-05T14:04:00+00:00\",\"dateModified\":\"2022-01-19T14:04:54+00:00\",\"mainEntityOfPage\":{\"@id\":\"https:\\\/\\\/qtmm.org\\\/qt\\\/qurban-bayraminiz-mubarek-olsun\\\/\"},\"wordCount\":221,\"commentCount\":0,\"publisher\":{\"@id\":\"https:\\\/\\\/qtmm.org\\\/qt\\\/#organization\"},\"articleSection\":[\"Haberler\"],\"inLanguage\":\"qt\",\"potentialAction\":[{\"@type\":\"CommentAction\",\"name\":\"Comment\",\"target\":[\"https:\\\/\\\/qtmm.org\\\/qt\\\/qurban-bayraminiz-mubarek-olsun\\\/#respond\"]}]},{\"@type\":\"WebPage\",\"@id\":\"https:\\\/\\\/qtmm.org\\\/qt\\\/qurban-bayraminiz-mubarek-olsun\\\/\",\"url\":\"https:\\\/\\\/qtmm.org\\\/qt\\\/qurban-bayraminiz-mubarek-olsun\\\/\",\"name\":\"Qurban Bayram\u0131\u00f1\u0131z Mubarek olsun! - \u041c\u0435\u0434\u0436\u043b\u0456\u0441\",\"isPartOf\":{\"@id\":\"https:\\\/\\\/qtmm.org\\\/qt\\\/#website\"},\"datePublished\":\"2011-11-05T14:04:00+00:00\",\"dateModified\":\"2022-01-19T14:04:54+00:00\",\"breadcrumb\":{\"@id\":\"https:\\\/\\\/qtmm.org\\\/qt\\\/qurban-bayraminiz-mubarek-olsun\\\/#breadcrumb\"},\"inLanguage\":\"qt\",\"potentialAction\":[{\"@type\":\"ReadAction\",\"target\":[\"https:\\\/\\\/qtmm.org\\\/qt\\\/qurban-bayraminiz-mubarek-olsun\\\/\"]}]},{\"@type\":\"BreadcrumbList\",\"@id\":\"https:\\\/\\\/qtmm.org\\\/qt\\\/qurban-bayraminiz-mubarek-olsun\\\/#breadcrumb\",\"itemListElement\":[{\"@type\":\"ListItem\",\"position\":1,\"name\":\"\u0413\u043e\u043b\u043e\u0432\u043d\u0430\",\"item\":\"https:\\\/\\\/qtmm.org\\\/qt\\\/\"},{\"@type\":\"ListItem\",\"position\":2,\"name\":\"Qurban Bayram\u0131\u00f1\u0131z Mubarek olsun!\"}]},{\"@type\":\"WebSite\",\"@id\":\"https:\\\/\\\/qtmm.org\\\/qt\\\/#website\",\"url\":\"https:\\\/\\\/qtmm.org\\\/qt\\\/\",\"name\":\"\u041c\u0435\u0434\u0436\u043b\u0456\u0441\",\"description\":\"\",\"publisher\":{\"@id\":\"https:\\\/\\\/qtmm.org\\\/qt\\\/#organization\"},\"potentialAction\":[{\"@type\":\"SearchAction\",\"target\":{\"@type\":\"EntryPoint\",\"urlTemplate\":\"https:\\\/\\\/qtmm.org\\\/qt\\\/?s={search_term_string}\"},\"query-input\":{\"@type\":\"PropertyValueSpecification\",\"valueRequired\":true,\"valueName\":\"search_term_string\"}}],\"inLanguage\":\"qt\"},{\"@type\":\"Organization\",\"@id\":\"https:\\\/\\\/qtmm.org\\\/qt\\\/#organization\",\"name\":\"\u041c\u0435\u0434\u0436\u043b\u0456\u0441\",\"url\":\"https:\\\/\\\/qtmm.org\\\/qt\\\/\",\"logo\":{\"@type\":\"ImageObject\",\"inLanguage\":\"qt\",\"@id\":\"https:\\\/\\\/qtmm.org\\\/qt\\\/#\\\/schema\\\/logo\\\/image\\\/\",\"url\":\"https:\\\/\\\/qtmm.org\\\/wp-content\\\/uploads\\\/2024\\\/12\\\/ua-mejlis-logo-rgb.svg\",\"contentUrl\":\"https:\\\/\\\/qtmm.org\\\/wp-content\\\/uploads\\\/2024\\\/12\\\/ua-mejlis-logo-rgb.svg\",\"caption\":\"\u041c\u0435\u0434\u0436\u043b\u0456\u0441\"},\"image\":{\"@id\":\"https:\\\/\\\/qtmm.org\\\/qt\\\/#\\\/schema\\\/logo\\\/image\\\/\"},\"sameAs\":[\"https:\\\/\\\/www.facebook.com\\\/qtmm.info\\\/\"]},{\"@type\":\"Person\",\"@id\":\"https:\\\/\\\/qtmm.org\\\/qt\\\/#\\\/schema\\\/person\\\/de562469f971dec226ac06e60bbf74a7\",\"name\":\"Developer\",\"image\":{\"@type\":\"ImageObject\",\"inLanguage\":\"qt\",\"@id\":\"https:\\\/\\\/secure.gravatar.com\\\/avatar\\\/392b4cc8fbfeb00b39dfeeab4ee6edded39ffd48e25858637e4765810300227e?s=96&d=mm&r=g\",\"url\":\"https:\\\/\\\/secure.gravatar.com\\\/avatar\\\/392b4cc8fbfeb00b39dfeeab4ee6edded39ffd48e25858637e4765810300227e?s=96&d=mm&r=g\",\"contentUrl\":\"https:\\\/\\\/secure.gravatar.com\\\/avatar\\\/392b4cc8fbfeb00b39dfeeab4ee6edded39ffd48e25858637e4765810300227e?s=96&d=mm&r=g\",\"caption\":\"Developer\"},\"url\":\"https:\\\/\\\/qtmm.org\\\/qt\\\/author\\\/Developer\\\/\"}]}<\/script>\n<!-- \/ Yoast SEO plugin. -->","yoast_head_json":{"title":"Qurban Bayram\u0131\u00f1\u0131z Mubarek olsun! - \u041c\u0435\u0434\u0436\u043b\u0456\u0441","robots":{"index":"index","follow":"follow","max-snippet":"max-snippet:-1","max-image-preview":"max-image-preview:large","max-video-preview":"max-video-preview:-1"},"canonical":"https:\/\/qtmm.org\/qt\/qurban-bayraminiz-mubarek-olsun\/","og_locale":"en_US","og_type":"article","og_title":"Qurban Bayram\u0131\u00f1\u0131z Mubarek olsun! - \u041c\u0435\u0434\u0436\u043b\u0456\u0441","og_description":"Ulu Bayram hay\u0131rl\u0131 olsun! Alla-Taal\u00e2 yapqan eyilikleri\u00f1izni, \u00e7al\u011fan qurbanlar\u0131\u00f1\u0131zn\u0131 qabul etsin! \u0130man milliy tiklenilmemizge quvet bermekte Say\u011f\u0131l\u0131 vatanda\u015flar!M\u00fchterem Q\u0131r\u0131m musulmanlar\u0131! B\u00fct\u00fcn \u0130sl\u00e2m \u00fcmmetinde e\u00f1 b\u00fcy\u00fck bayram say\u0131l\u011fan Qurban Bayram\u0131 faniy alemimiz ve aziz Ana-Yurtum\u0131z\u011fa yetip kelgeni hay\u0131rl\u0131 olsun! \u00c7oq as\u0131rlar devam\u0131nda ecdatlar\u0131m\u0131z\u011fa e\u00f1 a\u011f\u0131r vaq\u0131tlarda k\u00fc\u00e7-gayret, sab\u0131r-\u00fcm\u00fct ba\u011f\u0131\u015flagan muqaddes dinimiz ve iman\u0131m\u0131z bug\u00fcnde de milliy [&hellip;]","og_url":"https:\/\/qtmm.org\/qt\/qurban-bayraminiz-mubarek-olsun\/","og_site_name":"\u041c\u0435\u0434\u0436\u043b\u0456\u0441","article_publisher":"https:\/\/www.facebook.com\/qtmm.info\/","article_published_time":"2011-11-05T14:04:00+00:00","article_modified_time":"2022-01-19T14:04:54+00:00","author":"Developer","twitter_card":"summary_large_image","twitter_misc":{"Written by":"Developer","Est. reading time":"1 minute"},"schema":{"@context":"https:\/\/schema.org","@graph":[{"@type":"Article","@id":"https:\/\/qtmm.org\/qt\/qurban-bayraminiz-mubarek-olsun\/#article","isPartOf":{"@id":"https:\/\/qtmm.org\/qt\/qurban-bayraminiz-mubarek-olsun\/"},"author":{"name":"Developer","@id":"https:\/\/qtmm.org\/qt\/#\/schema\/person\/de562469f971dec226ac06e60bbf74a7"},"headline":"Qurban Bayram\u0131\u00f1\u0131z Mubarek olsun!","datePublished":"2011-11-05T14:04:00+00:00","dateModified":"2022-01-19T14:04:54+00:00","mainEntityOfPage":{"@id":"https:\/\/qtmm.org\/qt\/qurban-bayraminiz-mubarek-olsun\/"},"wordCount":221,"commentCount":0,"publisher":{"@id":"https:\/\/qtmm.org\/qt\/#organization"},"articleSection":["Haberler"],"inLanguage":"qt","potentialAction":[{"@type":"CommentAction","name":"Comment","target":["https:\/\/qtmm.org\/qt\/qurban-bayraminiz-mubarek-olsun\/#respond"]}]},{"@type":"WebPage","@id":"https:\/\/qtmm.org\/qt\/qurban-bayraminiz-mubarek-olsun\/","url":"https:\/\/qtmm.org\/qt\/qurban-bayraminiz-mubarek-olsun\/","name":"Qurban Bayram\u0131\u00f1\u0131z Mubarek olsun! - \u041c\u0435\u0434\u0436\u043b\u0456\u0441","isPartOf":{"@id":"https:\/\/qtmm.org\/qt\/#website"},"datePublished":"2011-11-05T14:04:00+00:00","dateModified":"2022-01-19T14:04:54+00:00","breadcrumb":{"@id":"https:\/\/qtmm.org\/qt\/qurban-bayraminiz-mubarek-olsun\/#breadcrumb"},"inLanguage":"qt","potentialAction":[{"@type":"ReadAction","target":["https:\/\/qtmm.org\/qt\/qurban-bayraminiz-mubarek-olsun\/"]}]},{"@type":"BreadcrumbList","@id":"https:\/\/qtmm.org\/qt\/qurban-bayraminiz-mubarek-olsun\/#breadcrumb","itemListElement":[{"@type":"ListItem","position":1,"name":"\u0413\u043e\u043b\u043e\u0432\u043d\u0430","item":"https:\/\/qtmm.org\/qt\/"},{"@type":"ListItem","position":2,"name":"Qurban Bayram\u0131\u00f1\u0131z Mubarek olsun!"}]},{"@type":"WebSite","@id":"https:\/\/qtmm.org\/qt\/#website","url":"https:\/\/qtmm.org\/qt\/","name":"\u041c\u0435\u0434\u0436\u043b\u0456\u0441","description":"","publisher":{"@id":"https:\/\/qtmm.org\/qt\/#organization"},"potentialAction":[{"@type":"SearchAction","target":{"@type":"EntryPoint","urlTemplate":"https:\/\/qtmm.org\/qt\/?s={search_term_string}"},"query-input":{"@type":"PropertyValueSpecification","valueRequired":true,"valueName":"search_term_string"}}],"inLanguage":"qt"},{"@type":"Organization","@id":"https:\/\/qtmm.org\/qt\/#organization","name":"\u041c\u0435\u0434\u0436\u043b\u0456\u0441","url":"https:\/\/qtmm.org\/qt\/","logo":{"@type":"ImageObject","inLanguage":"qt","@id":"https:\/\/qtmm.org\/qt\/#\/schema\/logo\/image\/","url":"https:\/\/qtmm.org\/wp-content\/uploads\/2024\/12\/ua-mejlis-logo-rgb.svg","contentUrl":"https:\/\/qtmm.org\/wp-content\/uploads\/2024\/12\/ua-mejlis-logo-rgb.svg","caption":"\u041c\u0435\u0434\u0436\u043b\u0456\u0441"},"image":{"@id":"https:\/\/qtmm.org\/qt\/#\/schema\/logo\/image\/"},"sameAs":["https:\/\/www.facebook.com\/qtmm.info\/"]},{"@type":"Person","@id":"https:\/\/qtmm.org\/qt\/#\/schema\/person\/de562469f971dec226ac06e60bbf74a7","name":"Developer","image":{"@type":"ImageObject","inLanguage":"qt","@id":"https:\/\/secure.gravatar.com\/avatar\/392b4cc8fbfeb00b39dfeeab4ee6edded39ffd48e25858637e4765810300227e?s=96&d=mm&r=g","url":"https:\/\/secure.gravatar.com\/avatar\/392b4cc8fbfeb00b39dfeeab4ee6edded39ffd48e25858637e4765810300227e?s=96&d=mm&r=g","contentUrl":"https:\/\/secure.gravatar.com\/avatar\/392b4cc8fbfeb00b39dfeeab4ee6edded39ffd48e25858637e4765810300227e?s=96&d=mm&r=g","caption":"Developer"},"url":"https:\/\/qtmm.org\/qt\/author\/Developer\/"}]}},"_links":{"self":[{"href":"https:\/\/qtmm.org\/qt\/wp-json\/wp\/v2\/posts\/26790","targetHints":{"allow":["GET"]}}],"collection":[{"href":"https:\/\/qtmm.org\/qt\/wp-json\/wp\/v2\/posts"}],"about":[{"href":"https:\/\/qtmm.org\/qt\/wp-json\/wp\/v2\/types\/post"}],"author":[{"embeddable":true,"href":"https:\/\/qtmm.org\/qt\/wp-json\/wp\/v2\/users\/1"}],"replies":[{"embeddable":true,"href":"https:\/\/qtmm.org\/qt\/wp-json\/wp\/v2\/comments?post=26790"}],"version-history":[{"count":1,"href":"https:\/\/qtmm.org\/qt\/wp-json\/wp\/v2\/posts\/26790\/revisions"}],"predecessor-version":[{"id":26791,"href":"https:\/\/qtmm.org\/qt\/wp-json\/wp\/v2\/posts\/26790\/revisions\/26791"}],"wp:attachment":[{"href":"https:\/\/qtmm.org\/qt\/wp-json\/wp\/v2\/media?parent=26790"}],"wp:term":[{"taxonomy":"category","embeddable":true,"href":"https:\/\/qtmm.org\/qt\/wp-json\/wp\/v2\/categories?post=26790"},{"taxonomy":"post_tag","embeddable":true,"href":"https:\/\/qtmm.org\/qt\/wp-json\/wp\/v2\/tags?post=26790"}],"curies":[{"name":"wp","href":"https:\/\/api.w.org\/{rel}","templated":true}]}}