




{"id":26788,"date":"2011-11-04T17:03:00","date_gmt":"2011-11-04T14:03:00","guid":{"rendered":"http:\/\/qtmm.org\/?p=26788"},"modified":"2022-01-19T17:04:08","modified_gmt":"2022-01-19T14:04:08","slug":"qurban-bayrami-hayirlavi","status":"publish","type":"post","link":"https:\/\/qtmm.org\/qt\/qurban-bayrami-hayirlavi\/","title":{"rendered":"Qurban bayram\u0131 hay\u0131rlav\u0131"},"content":{"rendered":"\n<p class=\"has-text-align-center\"><strong>Bismill\u00e2hi\u02bcr-rahmani\u02bcr-rahim!<br><br>Say\u011f\u0131l\u0131 m\u00fcminler, aziz vatanda\u015flar!<\/strong><\/p>\n\n\n\n<p>Y\u00fcce Rabbimizge bi\u00f1lerce \u015f\u00fck\u00fcrler olsun ki, \u0130sl\u00e2mn\u0131\u00f1 eki b\u00fcy\u00fck bayram\u0131ndan birisi \u2013 Qurban bayram\u0131na yetip keldik. Bu bayram musulmanlarn\u0131 bir-birlerine daa da yaq\u0131nla\u015ft\u0131r\u011fan, \u00f6zara sevgi ve bar\u0131\u015f\u0131ql\u0131qn\u0131 qaviyle\u015ftirgen, zenginler fuqarelerge yard\u0131m qollar\u0131n\u0131 uzatqan bayramd\u0131r.<br><br>Diniy bayramlar\u0131m\u0131z \u2013 m\u00fcminler i\u00e7\u00fcn quvan\u00e7, \u00f6zara yard\u0131mla\u015fuv, aqrabal\u0131q ba\u011flar\u0131 pekitilgen, ba\u011f\u0131\u015flav k\u00fcnleridir. \u015eun\u0131\u00f1 i\u00e7\u00fcn, d\u00f6rt k\u00fcn (noyabr 6-9) devam etecek Qurban bayram\u0131nda birlik ve beraberligimizni numay\u0131\u015f eteyik, qartlar\u0131m\u0131zn\u0131, soy-aqrabalar\u0131m\u0131zn\u0131, hasta ve \u00e7aresizlerni ziyaret etip, evl\u00e2tlar\u0131m\u0131zn\u0131 quvand\u0131ray\u0131q, g\u00f6\u00f1\u00fcllerini alay\u0131q!<br><br>Mubarek Quban bayram\u0131 munasebetinen c\u00fcmle\u00f1izni Q\u0131r\u0131m musulmanlar\u0131n\u0131\u00f1 diniy idaresi ve, \u015fahsen, \u00f6z ad\u0131mdan samimiy hay\u0131rlay\u0131m, ayat\u0131\u00f1\u0131zda bahtl\u0131-seadetli olma\u00f1\u0131zn\u0131 tileyim!<br><br>Epimizge Qurban bayram\u0131 hay\u0131rl\u0131 ve mubarek olsun, bayram sofralar\u0131\u00f1\u0131z bereketnen tolsun! Allah Taal\u00e2 daa nice bayramlar\u011fa sa\u011f-sel\u00e2met qavu\u015fmaq nasip eylesin!<\/p>\n\n\n\n<p class=\"has-text-align-right\"><br><br><em><strong>Hac\u0131 Emirali ABLAYEV,<br>Q\u0131r\u0131m musulmanlar\u0131n\u0131\u00f1 m\u00fcftisi.<\/strong><\/em><\/p>\n","protected":false},"excerpt":{"rendered":"<p>Bismill\u00e2hi\u02bcr-rahmani\u02bcr-rahim! Say\u011f\u0131l\u0131 m\u00fcminler, aziz vatanda\u015flar! Y\u00fcce Rabbimizge bi\u00f1lerce \u015f\u00fck\u00fcrler olsun ki, \u0130sl\u00e2mn\u0131\u00f1 eki b\u00fcy\u00fck bayram\u0131ndan birisi \u2013 Qurban bayram\u0131na yetip keldik. Bu bayram musulmanlarn\u0131 bir-birlerine daa da yaq\u0131nla\u015ft\u0131r\u011fan, \u00f6zara sevgi ve bar\u0131\u015f\u0131ql\u0131qn\u0131 qaviyle\u015ftirgen, zenginler fuqarelerge yard\u0131m qollar\u0131n\u0131 uzatqan bayramd\u0131r. Diniy bayramlar\u0131m\u0131z \u2013 m\u00fcminler i\u00e7\u00fcn quvan\u00e7, \u00f6zara yard\u0131mla\u015fuv, aqrabal\u0131q ba\u011flar\u0131 pekitilgen, ba\u011f\u0131\u015flav k\u00fcnleridir. \u015eun\u0131\u00f1 i\u00e7\u00fcn, d\u00f6rt [&hellip;]<\/p>\n","protected":false},"author":1,"featured_media":0,"comment_status":"open","ping_status":"open","sticky":false,"template":"","format":"standard","meta":{"inline_featured_image":false,"footnotes":""},"categories":[265],"tags":[],"class_list":["post-26788","post","type-post","status-publish","format-standard","hentry","category-haberler"],"acf":[],"yoast_head":"<!-- This site is optimized with the Yoast SEO plugin v27.4 - https:\/\/yoast.com\/product\/yoast-seo-wordpress\/ -->\n<title>Qurban bayram\u0131 hay\u0131rlav\u0131 - \u041c\u0435\u0434\u0436\u043b\u0456\u0441<\/title>\n<meta name=\"robots\" content=\"index, follow, max-snippet:-1, max-image-preview:large, max-video-preview:-1\" \/>\n<link rel=\"canonical\" href=\"https:\/\/qtmm.org\/qt\/qurban-bayrami-hayirlavi\/\" \/>\n<meta property=\"og:locale\" content=\"en_US\" \/>\n<meta property=\"og:type\" content=\"article\" \/>\n<meta property=\"og:title\" content=\"Qurban bayram\u0131 hay\u0131rlav\u0131 - \u041c\u0435\u0434\u0436\u043b\u0456\u0441\" \/>\n<meta property=\"og:description\" content=\"Bismill\u00e2hi\u02bcr-rahmani\u02bcr-rahim! Say\u011f\u0131l\u0131 m\u00fcminler, aziz vatanda\u015flar! Y\u00fcce Rabbimizge bi\u00f1lerce \u015f\u00fck\u00fcrler olsun ki, \u0130sl\u00e2mn\u0131\u00f1 eki b\u00fcy\u00fck bayram\u0131ndan birisi \u2013 Qurban bayram\u0131na yetip keldik. Bu bayram musulmanlarn\u0131 bir-birlerine daa da yaq\u0131nla\u015ft\u0131r\u011fan, \u00f6zara sevgi ve bar\u0131\u015f\u0131ql\u0131qn\u0131 qaviyle\u015ftirgen, zenginler fuqarelerge yard\u0131m qollar\u0131n\u0131 uzatqan bayramd\u0131r. Diniy bayramlar\u0131m\u0131z \u2013 m\u00fcminler i\u00e7\u00fcn quvan\u00e7, \u00f6zara yard\u0131mla\u015fuv, aqrabal\u0131q ba\u011flar\u0131 pekitilgen, ba\u011f\u0131\u015flav k\u00fcnleridir. \u015eun\u0131\u00f1 i\u00e7\u00fcn, d\u00f6rt [&hellip;]\" \/>\n<meta property=\"og:url\" content=\"https:\/\/qtmm.org\/qt\/qurban-bayrami-hayirlavi\/\" \/>\n<meta property=\"og:site_name\" content=\"\u041c\u0435\u0434\u0436\u043b\u0456\u0441\" \/>\n<meta property=\"article:publisher\" content=\"https:\/\/www.facebook.com\/qtmm.info\/\" \/>\n<meta property=\"article:published_time\" content=\"2011-11-04T14:03:00+00:00\" \/>\n<meta property=\"article:modified_time\" content=\"2022-01-19T14:04:08+00:00\" \/>\n<meta name=\"author\" content=\"Developer\" \/>\n<meta name=\"twitter:card\" content=\"summary_large_image\" \/>\n<meta name=\"twitter:label1\" content=\"Written by\" \/>\n\t<meta name=\"twitter:data1\" content=\"Developer\" \/>\n\t<meta name=\"twitter:label2\" content=\"Est. reading time\" \/>\n\t<meta name=\"twitter:data2\" content=\"1 minute\" \/>\n<script type=\"application\/ld+json\" class=\"yoast-schema-graph\">{\"@context\":\"https:\\\/\\\/schema.org\",\"@graph\":[{\"@type\":\"Article\",\"@id\":\"https:\\\/\\\/qtmm.org\\\/qt\\\/qurban-bayrami-hayirlavi\\\/#article\",\"isPartOf\":{\"@id\":\"https:\\\/\\\/qtmm.org\\\/qt\\\/qurban-bayrami-hayirlavi\\\/\"},\"author\":{\"name\":\"Developer\",\"@id\":\"https:\\\/\\\/qtmm.org\\\/qt\\\/#\\\/schema\\\/person\\\/de562469f971dec226ac06e60bbf74a7\"},\"headline\":\"Qurban bayram\u0131 hay\u0131rlav\u0131\",\"datePublished\":\"2011-11-04T14:03:00+00:00\",\"dateModified\":\"2022-01-19T14:04:08+00:00\",\"mainEntityOfPage\":{\"@id\":\"https:\\\/\\\/qtmm.org\\\/qt\\\/qurban-bayrami-hayirlavi\\\/\"},\"wordCount\":195,\"commentCount\":0,\"publisher\":{\"@id\":\"https:\\\/\\\/qtmm.org\\\/qt\\\/#organization\"},\"articleSection\":[\"Haberler\"],\"inLanguage\":\"qt\",\"potentialAction\":[{\"@type\":\"CommentAction\",\"name\":\"Comment\",\"target\":[\"https:\\\/\\\/qtmm.org\\\/qt\\\/qurban-bayrami-hayirlavi\\\/#respond\"]}]},{\"@type\":\"WebPage\",\"@id\":\"https:\\\/\\\/qtmm.org\\\/qt\\\/qurban-bayrami-hayirlavi\\\/\",\"url\":\"https:\\\/\\\/qtmm.org\\\/qt\\\/qurban-bayrami-hayirlavi\\\/\",\"name\":\"Qurban bayram\u0131 hay\u0131rlav\u0131 - \u041c\u0435\u0434\u0436\u043b\u0456\u0441\",\"isPartOf\":{\"@id\":\"https:\\\/\\\/qtmm.org\\\/qt\\\/#website\"},\"datePublished\":\"2011-11-04T14:03:00+00:00\",\"dateModified\":\"2022-01-19T14:04:08+00:00\",\"breadcrumb\":{\"@id\":\"https:\\\/\\\/qtmm.org\\\/qt\\\/qurban-bayrami-hayirlavi\\\/#breadcrumb\"},\"inLanguage\":\"qt\",\"potentialAction\":[{\"@type\":\"ReadAction\",\"target\":[\"https:\\\/\\\/qtmm.org\\\/qt\\\/qurban-bayrami-hayirlavi\\\/\"]}]},{\"@type\":\"BreadcrumbList\",\"@id\":\"https:\\\/\\\/qtmm.org\\\/qt\\\/qurban-bayrami-hayirlavi\\\/#breadcrumb\",\"itemListElement\":[{\"@type\":\"ListItem\",\"position\":1,\"name\":\"\u0413\u043e\u043b\u043e\u0432\u043d\u0430\",\"item\":\"https:\\\/\\\/qtmm.org\\\/qt\\\/\"},{\"@type\":\"ListItem\",\"position\":2,\"name\":\"Qurban bayram\u0131 hay\u0131rlav\u0131\"}]},{\"@type\":\"WebSite\",\"@id\":\"https:\\\/\\\/qtmm.org\\\/qt\\\/#website\",\"url\":\"https:\\\/\\\/qtmm.org\\\/qt\\\/\",\"name\":\"\u041c\u0435\u0434\u0436\u043b\u0456\u0441\",\"description\":\"\",\"publisher\":{\"@id\":\"https:\\\/\\\/qtmm.org\\\/qt\\\/#organization\"},\"potentialAction\":[{\"@type\":\"SearchAction\",\"target\":{\"@type\":\"EntryPoint\",\"urlTemplate\":\"https:\\\/\\\/qtmm.org\\\/qt\\\/?s={search_term_string}\"},\"query-input\":{\"@type\":\"PropertyValueSpecification\",\"valueRequired\":true,\"valueName\":\"search_term_string\"}}],\"inLanguage\":\"qt\"},{\"@type\":\"Organization\",\"@id\":\"https:\\\/\\\/qtmm.org\\\/qt\\\/#organization\",\"name\":\"\u041c\u0435\u0434\u0436\u043b\u0456\u0441\",\"url\":\"https:\\\/\\\/qtmm.org\\\/qt\\\/\",\"logo\":{\"@type\":\"ImageObject\",\"inLanguage\":\"qt\",\"@id\":\"https:\\\/\\\/qtmm.org\\\/qt\\\/#\\\/schema\\\/logo\\\/image\\\/\",\"url\":\"https:\\\/\\\/qtmm.org\\\/wp-content\\\/uploads\\\/2024\\\/12\\\/ua-mejlis-logo-rgb.svg\",\"contentUrl\":\"https:\\\/\\\/qtmm.org\\\/wp-content\\\/uploads\\\/2024\\\/12\\\/ua-mejlis-logo-rgb.svg\",\"caption\":\"\u041c\u0435\u0434\u0436\u043b\u0456\u0441\"},\"image\":{\"@id\":\"https:\\\/\\\/qtmm.org\\\/qt\\\/#\\\/schema\\\/logo\\\/image\\\/\"},\"sameAs\":[\"https:\\\/\\\/www.facebook.com\\\/qtmm.info\\\/\"]},{\"@type\":\"Person\",\"@id\":\"https:\\\/\\\/qtmm.org\\\/qt\\\/#\\\/schema\\\/person\\\/de562469f971dec226ac06e60bbf74a7\",\"name\":\"Developer\",\"image\":{\"@type\":\"ImageObject\",\"inLanguage\":\"qt\",\"@id\":\"https:\\\/\\\/secure.gravatar.com\\\/avatar\\\/392b4cc8fbfeb00b39dfeeab4ee6edded39ffd48e25858637e4765810300227e?s=96&d=mm&r=g\",\"url\":\"https:\\\/\\\/secure.gravatar.com\\\/avatar\\\/392b4cc8fbfeb00b39dfeeab4ee6edded39ffd48e25858637e4765810300227e?s=96&d=mm&r=g\",\"contentUrl\":\"https:\\\/\\\/secure.gravatar.com\\\/avatar\\\/392b4cc8fbfeb00b39dfeeab4ee6edded39ffd48e25858637e4765810300227e?s=96&d=mm&r=g\",\"caption\":\"Developer\"},\"url\":\"https:\\\/\\\/qtmm.org\\\/qt\\\/author\\\/Developer\\\/\"}]}<\/script>\n<!-- \/ Yoast SEO plugin. -->","yoast_head_json":{"title":"Qurban bayram\u0131 hay\u0131rlav\u0131 - \u041c\u0435\u0434\u0436\u043b\u0456\u0441","robots":{"index":"index","follow":"follow","max-snippet":"max-snippet:-1","max-image-preview":"max-image-preview:large","max-video-preview":"max-video-preview:-1"},"canonical":"https:\/\/qtmm.org\/qt\/qurban-bayrami-hayirlavi\/","og_locale":"en_US","og_type":"article","og_title":"Qurban bayram\u0131 hay\u0131rlav\u0131 - \u041c\u0435\u0434\u0436\u043b\u0456\u0441","og_description":"Bismill\u00e2hi\u02bcr-rahmani\u02bcr-rahim! Say\u011f\u0131l\u0131 m\u00fcminler, aziz vatanda\u015flar! Y\u00fcce Rabbimizge bi\u00f1lerce \u015f\u00fck\u00fcrler olsun ki, \u0130sl\u00e2mn\u0131\u00f1 eki b\u00fcy\u00fck bayram\u0131ndan birisi \u2013 Qurban bayram\u0131na yetip keldik. Bu bayram musulmanlarn\u0131 bir-birlerine daa da yaq\u0131nla\u015ft\u0131r\u011fan, \u00f6zara sevgi ve bar\u0131\u015f\u0131ql\u0131qn\u0131 qaviyle\u015ftirgen, zenginler fuqarelerge yard\u0131m qollar\u0131n\u0131 uzatqan bayramd\u0131r. Diniy bayramlar\u0131m\u0131z \u2013 m\u00fcminler i\u00e7\u00fcn quvan\u00e7, \u00f6zara yard\u0131mla\u015fuv, aqrabal\u0131q ba\u011flar\u0131 pekitilgen, ba\u011f\u0131\u015flav k\u00fcnleridir. \u015eun\u0131\u00f1 i\u00e7\u00fcn, d\u00f6rt [&hellip;]","og_url":"https:\/\/qtmm.org\/qt\/qurban-bayrami-hayirlavi\/","og_site_name":"\u041c\u0435\u0434\u0436\u043b\u0456\u0441","article_publisher":"https:\/\/www.facebook.com\/qtmm.info\/","article_published_time":"2011-11-04T14:03:00+00:00","article_modified_time":"2022-01-19T14:04:08+00:00","author":"Developer","twitter_card":"summary_large_image","twitter_misc":{"Written by":"Developer","Est. reading time":"1 minute"},"schema":{"@context":"https:\/\/schema.org","@graph":[{"@type":"Article","@id":"https:\/\/qtmm.org\/qt\/qurban-bayrami-hayirlavi\/#article","isPartOf":{"@id":"https:\/\/qtmm.org\/qt\/qurban-bayrami-hayirlavi\/"},"author":{"name":"Developer","@id":"https:\/\/qtmm.org\/qt\/#\/schema\/person\/de562469f971dec226ac06e60bbf74a7"},"headline":"Qurban bayram\u0131 hay\u0131rlav\u0131","datePublished":"2011-11-04T14:03:00+00:00","dateModified":"2022-01-19T14:04:08+00:00","mainEntityOfPage":{"@id":"https:\/\/qtmm.org\/qt\/qurban-bayrami-hayirlavi\/"},"wordCount":195,"commentCount":0,"publisher":{"@id":"https:\/\/qtmm.org\/qt\/#organization"},"articleSection":["Haberler"],"inLanguage":"qt","potentialAction":[{"@type":"CommentAction","name":"Comment","target":["https:\/\/qtmm.org\/qt\/qurban-bayrami-hayirlavi\/#respond"]}]},{"@type":"WebPage","@id":"https:\/\/qtmm.org\/qt\/qurban-bayrami-hayirlavi\/","url":"https:\/\/qtmm.org\/qt\/qurban-bayrami-hayirlavi\/","name":"Qurban bayram\u0131 hay\u0131rlav\u0131 - \u041c\u0435\u0434\u0436\u043b\u0456\u0441","isPartOf":{"@id":"https:\/\/qtmm.org\/qt\/#website"},"datePublished":"2011-11-04T14:03:00+00:00","dateModified":"2022-01-19T14:04:08+00:00","breadcrumb":{"@id":"https:\/\/qtmm.org\/qt\/qurban-bayrami-hayirlavi\/#breadcrumb"},"inLanguage":"qt","potentialAction":[{"@type":"ReadAction","target":["https:\/\/qtmm.org\/qt\/qurban-bayrami-hayirlavi\/"]}]},{"@type":"BreadcrumbList","@id":"https:\/\/qtmm.org\/qt\/qurban-bayrami-hayirlavi\/#breadcrumb","itemListElement":[{"@type":"ListItem","position":1,"name":"\u0413\u043e\u043b\u043e\u0432\u043d\u0430","item":"https:\/\/qtmm.org\/qt\/"},{"@type":"ListItem","position":2,"name":"Qurban bayram\u0131 hay\u0131rlav\u0131"}]},{"@type":"WebSite","@id":"https:\/\/qtmm.org\/qt\/#website","url":"https:\/\/qtmm.org\/qt\/","name":"\u041c\u0435\u0434\u0436\u043b\u0456\u0441","description":"","publisher":{"@id":"https:\/\/qtmm.org\/qt\/#organization"},"potentialAction":[{"@type":"SearchAction","target":{"@type":"EntryPoint","urlTemplate":"https:\/\/qtmm.org\/qt\/?s={search_term_string}"},"query-input":{"@type":"PropertyValueSpecification","valueRequired":true,"valueName":"search_term_string"}}],"inLanguage":"qt"},{"@type":"Organization","@id":"https:\/\/qtmm.org\/qt\/#organization","name":"\u041c\u0435\u0434\u0436\u043b\u0456\u0441","url":"https:\/\/qtmm.org\/qt\/","logo":{"@type":"ImageObject","inLanguage":"qt","@id":"https:\/\/qtmm.org\/qt\/#\/schema\/logo\/image\/","url":"https:\/\/qtmm.org\/wp-content\/uploads\/2024\/12\/ua-mejlis-logo-rgb.svg","contentUrl":"https:\/\/qtmm.org\/wp-content\/uploads\/2024\/12\/ua-mejlis-logo-rgb.svg","caption":"\u041c\u0435\u0434\u0436\u043b\u0456\u0441"},"image":{"@id":"https:\/\/qtmm.org\/qt\/#\/schema\/logo\/image\/"},"sameAs":["https:\/\/www.facebook.com\/qtmm.info\/"]},{"@type":"Person","@id":"https:\/\/qtmm.org\/qt\/#\/schema\/person\/de562469f971dec226ac06e60bbf74a7","name":"Developer","image":{"@type":"ImageObject","inLanguage":"qt","@id":"https:\/\/secure.gravatar.com\/avatar\/392b4cc8fbfeb00b39dfeeab4ee6edded39ffd48e25858637e4765810300227e?s=96&d=mm&r=g","url":"https:\/\/secure.gravatar.com\/avatar\/392b4cc8fbfeb00b39dfeeab4ee6edded39ffd48e25858637e4765810300227e?s=96&d=mm&r=g","contentUrl":"https:\/\/secure.gravatar.com\/avatar\/392b4cc8fbfeb00b39dfeeab4ee6edded39ffd48e25858637e4765810300227e?s=96&d=mm&r=g","caption":"Developer"},"url":"https:\/\/qtmm.org\/qt\/author\/Developer\/"}]}},"_links":{"self":[{"href":"https:\/\/qtmm.org\/qt\/wp-json\/wp\/v2\/posts\/26788","targetHints":{"allow":["GET"]}}],"collection":[{"href":"https:\/\/qtmm.org\/qt\/wp-json\/wp\/v2\/posts"}],"about":[{"href":"https:\/\/qtmm.org\/qt\/wp-json\/wp\/v2\/types\/post"}],"author":[{"embeddable":true,"href":"https:\/\/qtmm.org\/qt\/wp-json\/wp\/v2\/users\/1"}],"replies":[{"embeddable":true,"href":"https:\/\/qtmm.org\/qt\/wp-json\/wp\/v2\/comments?post=26788"}],"version-history":[{"count":1,"href":"https:\/\/qtmm.org\/qt\/wp-json\/wp\/v2\/posts\/26788\/revisions"}],"predecessor-version":[{"id":26789,"href":"https:\/\/qtmm.org\/qt\/wp-json\/wp\/v2\/posts\/26788\/revisions\/26789"}],"wp:attachment":[{"href":"https:\/\/qtmm.org\/qt\/wp-json\/wp\/v2\/media?parent=26788"}],"wp:term":[{"taxonomy":"category","embeddable":true,"href":"https:\/\/qtmm.org\/qt\/wp-json\/wp\/v2\/categories?post=26788"},{"taxonomy":"post_tag","embeddable":true,"href":"https:\/\/qtmm.org\/qt\/wp-json\/wp\/v2\/tags?post=26788"}],"curies":[{"name":"wp","href":"https:\/\/api.w.org\/{rel}","templated":true}]}}