




{"id":26786,"date":"2011-11-04T17:02:00","date_gmt":"2011-11-04T14:02:00","guid":{"rendered":"http:\/\/qtmm.org\/?p=26786"},"modified":"2022-01-19T17:02:55","modified_gmt":"2022-01-19T14:02:55","slug":"eski-saray-qasabasinda-qurban-bayrami-id-al-adha-qayd-etilecek","status":"publish","type":"post","link":"https:\/\/qtmm.org\/qt\/eski-saray-qasabasinda-qurban-bayrami-id-al-adha-qayd-etilecek\/","title":{"rendered":"Eski-Saray qasabas\u0131nda Qurban Bayram\u0131 (Id al-Adha) qayd etilecek"},"content":{"rendered":"\n<p>2011 senesi noyabr 6 \u2013 Qurban bayramn\u0131\u00f1 ilk k\u00fcn\u00fc Eski-Saray qasabas\u0131nda qurban \u00e7al\u0131nacaq.<\/p>\n\n\n\n<p>Bu aqta\u00a0&#8220;Bizim Q\u0131r\u0131m&#8221;\u00a0Halqara ya\u015flar te\u015fkil\u00e2t\u0131n\u0131\u00f1 vekilleri haber ettiler.\u00a0\u00a0<\/p>\n\n\n\n<p>Belli ki, qurban \u00e7almaq adeti Qurban bayramn\u0131\u00f1 esas q\u0131sm\u0131d\u0131r.&nbsp; Q\u0131r\u0131m musulmanlar\u0131n\u0131\u00f1 m\u00fcftiligi, &#8220;Bizim Q\u0131r\u0131m&#8221; te\u015fkil\u00e2t\u0131 mikrorayonn\u0131\u00f1 yerli meclisinen beraberlikte te\u015fkil\u00e2tland\u0131r\u0131l\u011fan Bayram tedbiri saat 10.00-de Eski Saray qasabas\u0131n\u0131\u00f1 Cami yolu soqa\u011f\u0131nda \u00f6tkerilecek<\/p>\n","protected":false},"excerpt":{"rendered":"<p>2011 senesi noyabr 6 \u2013 Qurban bayramn\u0131\u00f1 ilk k\u00fcn\u00fc Eski-Saray qasabas\u0131nda qurban \u00e7al\u0131nacaq. Bu aqta\u00a0&#8220;Bizim Q\u0131r\u0131m&#8221;\u00a0Halqara ya\u015flar te\u015fkil\u00e2t\u0131n\u0131\u00f1 vekilleri haber ettiler.\u00a0\u00a0 Belli ki, qurban \u00e7almaq adeti Qurban bayramn\u0131\u00f1 esas q\u0131sm\u0131d\u0131r.&nbsp; Q\u0131r\u0131m musulmanlar\u0131n\u0131\u00f1 m\u00fcftiligi, &#8220;Bizim Q\u0131r\u0131m&#8221; te\u015fkil\u00e2t\u0131 mikrorayonn\u0131\u00f1 yerli meclisinen beraberlikte te\u015fkil\u00e2tland\u0131r\u0131l\u011fan Bayram tedbiri saat 10.00-de Eski Saray qasabas\u0131n\u0131\u00f1 Cami yolu soqa\u011f\u0131nda \u00f6tkerilecek<\/p>\n","protected":false},"author":1,"featured_media":0,"comment_status":"open","ping_status":"open","sticky":false,"template":"","format":"standard","meta":{"inline_featured_image":false,"footnotes":""},"categories":[265],"tags":[],"class_list":["post-26786","post","type-post","status-publish","format-standard","hentry","category-haberler"],"acf":[],"yoast_head":"<!-- This site is optimized with the Yoast SEO plugin v27.4 - https:\/\/yoast.com\/product\/yoast-seo-wordpress\/ -->\n<title>Eski-Saray qasabas\u0131nda Qurban Bayram\u0131 (Id al-Adha) qayd etilecek - \u041c\u0435\u0434\u0436\u043b\u0456\u0441<\/title>\n<meta name=\"robots\" content=\"index, follow, max-snippet:-1, max-image-preview:large, max-video-preview:-1\" \/>\n<link rel=\"canonical\" href=\"https:\/\/qtmm.org\/qt\/eski-saray-qasabasinda-qurban-bayrami-id-al-adha-qayd-etilecek\/\" \/>\n<meta property=\"og:locale\" content=\"en_US\" \/>\n<meta property=\"og:type\" content=\"article\" \/>\n<meta property=\"og:title\" content=\"Eski-Saray qasabas\u0131nda Qurban Bayram\u0131 (Id al-Adha) qayd etilecek - \u041c\u0435\u0434\u0436\u043b\u0456\u0441\" \/>\n<meta property=\"og:description\" content=\"2011 senesi noyabr 6 \u2013 Qurban bayramn\u0131\u00f1 ilk k\u00fcn\u00fc Eski-Saray qasabas\u0131nda qurban \u00e7al\u0131nacaq. Bu aqta\u00a0&#8220;Bizim Q\u0131r\u0131m&#8221;\u00a0Halqara ya\u015flar te\u015fkil\u00e2t\u0131n\u0131\u00f1 vekilleri haber ettiler.\u00a0\u00a0 Belli ki, qurban \u00e7almaq adeti Qurban bayramn\u0131\u00f1 esas q\u0131sm\u0131d\u0131r.&nbsp; Q\u0131r\u0131m musulmanlar\u0131n\u0131\u00f1 m\u00fcftiligi, &#8220;Bizim Q\u0131r\u0131m&#8221; te\u015fkil\u00e2t\u0131 mikrorayonn\u0131\u00f1 yerli meclisinen beraberlikte te\u015fkil\u00e2tland\u0131r\u0131l\u011fan Bayram tedbiri saat 10.00-de Eski Saray qasabas\u0131n\u0131\u00f1 Cami yolu soqa\u011f\u0131nda \u00f6tkerilecek\" \/>\n<meta property=\"og:url\" content=\"https:\/\/qtmm.org\/qt\/eski-saray-qasabasinda-qurban-bayrami-id-al-adha-qayd-etilecek\/\" \/>\n<meta property=\"og:site_name\" content=\"\u041c\u0435\u0434\u0436\u043b\u0456\u0441\" \/>\n<meta property=\"article:publisher\" content=\"https:\/\/www.facebook.com\/qtmm.info\/\" \/>\n<meta property=\"article:published_time\" content=\"2011-11-04T14:02:00+00:00\" \/>\n<meta property=\"article:modified_time\" content=\"2022-01-19T14:02:55+00:00\" \/>\n<meta name=\"author\" content=\"Developer\" \/>\n<meta name=\"twitter:card\" content=\"summary_large_image\" \/>\n<meta name=\"twitter:label1\" content=\"Written by\" \/>\n\t<meta name=\"twitter:data1\" content=\"Developer\" \/>\n<script type=\"application\/ld+json\" class=\"yoast-schema-graph\">{\"@context\":\"https:\\\/\\\/schema.org\",\"@graph\":[{\"@type\":\"Article\",\"@id\":\"https:\\\/\\\/qtmm.org\\\/qt\\\/eski-saray-qasabasinda-qurban-bayrami-id-al-adha-qayd-etilecek\\\/#article\",\"isPartOf\":{\"@id\":\"https:\\\/\\\/qtmm.org\\\/qt\\\/eski-saray-qasabasinda-qurban-bayrami-id-al-adha-qayd-etilecek\\\/\"},\"author\":{\"name\":\"Developer\",\"@id\":\"https:\\\/\\\/qtmm.org\\\/qt\\\/#\\\/schema\\\/person\\\/de562469f971dec226ac06e60bbf74a7\"},\"headline\":\"Eski-Saray qasabas\u0131nda Qurban Bayram\u0131 (Id al-Adha) qayd etilecek\",\"datePublished\":\"2011-11-04T14:02:00+00:00\",\"dateModified\":\"2022-01-19T14:02:55+00:00\",\"mainEntityOfPage\":{\"@id\":\"https:\\\/\\\/qtmm.org\\\/qt\\\/eski-saray-qasabasinda-qurban-bayrami-id-al-adha-qayd-etilecek\\\/\"},\"wordCount\":88,\"commentCount\":0,\"publisher\":{\"@id\":\"https:\\\/\\\/qtmm.org\\\/qt\\\/#organization\"},\"articleSection\":[\"Haberler\"],\"inLanguage\":\"qt\",\"potentialAction\":[{\"@type\":\"CommentAction\",\"name\":\"Comment\",\"target\":[\"https:\\\/\\\/qtmm.org\\\/qt\\\/eski-saray-qasabasinda-qurban-bayrami-id-al-adha-qayd-etilecek\\\/#respond\"]}]},{\"@type\":\"WebPage\",\"@id\":\"https:\\\/\\\/qtmm.org\\\/qt\\\/eski-saray-qasabasinda-qurban-bayrami-id-al-adha-qayd-etilecek\\\/\",\"url\":\"https:\\\/\\\/qtmm.org\\\/qt\\\/eski-saray-qasabasinda-qurban-bayrami-id-al-adha-qayd-etilecek\\\/\",\"name\":\"Eski-Saray qasabas\u0131nda Qurban Bayram\u0131 (Id al-Adha) qayd etilecek - \u041c\u0435\u0434\u0436\u043b\u0456\u0441\",\"isPartOf\":{\"@id\":\"https:\\\/\\\/qtmm.org\\\/qt\\\/#website\"},\"datePublished\":\"2011-11-04T14:02:00+00:00\",\"dateModified\":\"2022-01-19T14:02:55+00:00\",\"breadcrumb\":{\"@id\":\"https:\\\/\\\/qtmm.org\\\/qt\\\/eski-saray-qasabasinda-qurban-bayrami-id-al-adha-qayd-etilecek\\\/#breadcrumb\"},\"inLanguage\":\"qt\",\"potentialAction\":[{\"@type\":\"ReadAction\",\"target\":[\"https:\\\/\\\/qtmm.org\\\/qt\\\/eski-saray-qasabasinda-qurban-bayrami-id-al-adha-qayd-etilecek\\\/\"]}]},{\"@type\":\"BreadcrumbList\",\"@id\":\"https:\\\/\\\/qtmm.org\\\/qt\\\/eski-saray-qasabasinda-qurban-bayrami-id-al-adha-qayd-etilecek\\\/#breadcrumb\",\"itemListElement\":[{\"@type\":\"ListItem\",\"position\":1,\"name\":\"\u0413\u043e\u043b\u043e\u0432\u043d\u0430\",\"item\":\"https:\\\/\\\/qtmm.org\\\/qt\\\/\"},{\"@type\":\"ListItem\",\"position\":2,\"name\":\"Eski-Saray qasabas\u0131nda Qurban Bayram\u0131 (Id al-Adha) qayd etilecek\"}]},{\"@type\":\"WebSite\",\"@id\":\"https:\\\/\\\/qtmm.org\\\/qt\\\/#website\",\"url\":\"https:\\\/\\\/qtmm.org\\\/qt\\\/\",\"name\":\"\u041c\u0435\u0434\u0436\u043b\u0456\u0441\",\"description\":\"\",\"publisher\":{\"@id\":\"https:\\\/\\\/qtmm.org\\\/qt\\\/#organization\"},\"potentialAction\":[{\"@type\":\"SearchAction\",\"target\":{\"@type\":\"EntryPoint\",\"urlTemplate\":\"https:\\\/\\\/qtmm.org\\\/qt\\\/?s={search_term_string}\"},\"query-input\":{\"@type\":\"PropertyValueSpecification\",\"valueRequired\":true,\"valueName\":\"search_term_string\"}}],\"inLanguage\":\"qt\"},{\"@type\":\"Organization\",\"@id\":\"https:\\\/\\\/qtmm.org\\\/qt\\\/#organization\",\"name\":\"\u041c\u0435\u0434\u0436\u043b\u0456\u0441\",\"url\":\"https:\\\/\\\/qtmm.org\\\/qt\\\/\",\"logo\":{\"@type\":\"ImageObject\",\"inLanguage\":\"qt\",\"@id\":\"https:\\\/\\\/qtmm.org\\\/qt\\\/#\\\/schema\\\/logo\\\/image\\\/\",\"url\":\"https:\\\/\\\/qtmm.org\\\/wp-content\\\/uploads\\\/2024\\\/12\\\/ua-mejlis-logo-rgb.svg\",\"contentUrl\":\"https:\\\/\\\/qtmm.org\\\/wp-content\\\/uploads\\\/2024\\\/12\\\/ua-mejlis-logo-rgb.svg\",\"caption\":\"\u041c\u0435\u0434\u0436\u043b\u0456\u0441\"},\"image\":{\"@id\":\"https:\\\/\\\/qtmm.org\\\/qt\\\/#\\\/schema\\\/logo\\\/image\\\/\"},\"sameAs\":[\"https:\\\/\\\/www.facebook.com\\\/qtmm.info\\\/\"]},{\"@type\":\"Person\",\"@id\":\"https:\\\/\\\/qtmm.org\\\/qt\\\/#\\\/schema\\\/person\\\/de562469f971dec226ac06e60bbf74a7\",\"name\":\"Developer\",\"image\":{\"@type\":\"ImageObject\",\"inLanguage\":\"qt\",\"@id\":\"https:\\\/\\\/secure.gravatar.com\\\/avatar\\\/392b4cc8fbfeb00b39dfeeab4ee6edded39ffd48e25858637e4765810300227e?s=96&d=mm&r=g\",\"url\":\"https:\\\/\\\/secure.gravatar.com\\\/avatar\\\/392b4cc8fbfeb00b39dfeeab4ee6edded39ffd48e25858637e4765810300227e?s=96&d=mm&r=g\",\"contentUrl\":\"https:\\\/\\\/secure.gravatar.com\\\/avatar\\\/392b4cc8fbfeb00b39dfeeab4ee6edded39ffd48e25858637e4765810300227e?s=96&d=mm&r=g\",\"caption\":\"Developer\"},\"url\":\"https:\\\/\\\/qtmm.org\\\/qt\\\/author\\\/Developer\\\/\"}]}<\/script>\n<!-- \/ Yoast SEO plugin. -->","yoast_head_json":{"title":"Eski-Saray qasabas\u0131nda Qurban Bayram\u0131 (Id al-Adha) qayd etilecek - \u041c\u0435\u0434\u0436\u043b\u0456\u0441","robots":{"index":"index","follow":"follow","max-snippet":"max-snippet:-1","max-image-preview":"max-image-preview:large","max-video-preview":"max-video-preview:-1"},"canonical":"https:\/\/qtmm.org\/qt\/eski-saray-qasabasinda-qurban-bayrami-id-al-adha-qayd-etilecek\/","og_locale":"en_US","og_type":"article","og_title":"Eski-Saray qasabas\u0131nda Qurban Bayram\u0131 (Id al-Adha) qayd etilecek - \u041c\u0435\u0434\u0436\u043b\u0456\u0441","og_description":"2011 senesi noyabr 6 \u2013 Qurban bayramn\u0131\u00f1 ilk k\u00fcn\u00fc Eski-Saray qasabas\u0131nda qurban \u00e7al\u0131nacaq. Bu aqta\u00a0&#8220;Bizim Q\u0131r\u0131m&#8221;\u00a0Halqara ya\u015flar te\u015fkil\u00e2t\u0131n\u0131\u00f1 vekilleri haber ettiler.\u00a0\u00a0 Belli ki, qurban \u00e7almaq adeti Qurban bayramn\u0131\u00f1 esas q\u0131sm\u0131d\u0131r.&nbsp; Q\u0131r\u0131m musulmanlar\u0131n\u0131\u00f1 m\u00fcftiligi, &#8220;Bizim Q\u0131r\u0131m&#8221; te\u015fkil\u00e2t\u0131 mikrorayonn\u0131\u00f1 yerli meclisinen beraberlikte te\u015fkil\u00e2tland\u0131r\u0131l\u011fan Bayram tedbiri saat 10.00-de Eski Saray qasabas\u0131n\u0131\u00f1 Cami yolu soqa\u011f\u0131nda \u00f6tkerilecek","og_url":"https:\/\/qtmm.org\/qt\/eski-saray-qasabasinda-qurban-bayrami-id-al-adha-qayd-etilecek\/","og_site_name":"\u041c\u0435\u0434\u0436\u043b\u0456\u0441","article_publisher":"https:\/\/www.facebook.com\/qtmm.info\/","article_published_time":"2011-11-04T14:02:00+00:00","article_modified_time":"2022-01-19T14:02:55+00:00","author":"Developer","twitter_card":"summary_large_image","twitter_misc":{"Written by":"Developer"},"schema":{"@context":"https:\/\/schema.org","@graph":[{"@type":"Article","@id":"https:\/\/qtmm.org\/qt\/eski-saray-qasabasinda-qurban-bayrami-id-al-adha-qayd-etilecek\/#article","isPartOf":{"@id":"https:\/\/qtmm.org\/qt\/eski-saray-qasabasinda-qurban-bayrami-id-al-adha-qayd-etilecek\/"},"author":{"name":"Developer","@id":"https:\/\/qtmm.org\/qt\/#\/schema\/person\/de562469f971dec226ac06e60bbf74a7"},"headline":"Eski-Saray qasabas\u0131nda Qurban Bayram\u0131 (Id al-Adha) qayd etilecek","datePublished":"2011-11-04T14:02:00+00:00","dateModified":"2022-01-19T14:02:55+00:00","mainEntityOfPage":{"@id":"https:\/\/qtmm.org\/qt\/eski-saray-qasabasinda-qurban-bayrami-id-al-adha-qayd-etilecek\/"},"wordCount":88,"commentCount":0,"publisher":{"@id":"https:\/\/qtmm.org\/qt\/#organization"},"articleSection":["Haberler"],"inLanguage":"qt","potentialAction":[{"@type":"CommentAction","name":"Comment","target":["https:\/\/qtmm.org\/qt\/eski-saray-qasabasinda-qurban-bayrami-id-al-adha-qayd-etilecek\/#respond"]}]},{"@type":"WebPage","@id":"https:\/\/qtmm.org\/qt\/eski-saray-qasabasinda-qurban-bayrami-id-al-adha-qayd-etilecek\/","url":"https:\/\/qtmm.org\/qt\/eski-saray-qasabasinda-qurban-bayrami-id-al-adha-qayd-etilecek\/","name":"Eski-Saray qasabas\u0131nda Qurban Bayram\u0131 (Id al-Adha) qayd etilecek - \u041c\u0435\u0434\u0436\u043b\u0456\u0441","isPartOf":{"@id":"https:\/\/qtmm.org\/qt\/#website"},"datePublished":"2011-11-04T14:02:00+00:00","dateModified":"2022-01-19T14:02:55+00:00","breadcrumb":{"@id":"https:\/\/qtmm.org\/qt\/eski-saray-qasabasinda-qurban-bayrami-id-al-adha-qayd-etilecek\/#breadcrumb"},"inLanguage":"qt","potentialAction":[{"@type":"ReadAction","target":["https:\/\/qtmm.org\/qt\/eski-saray-qasabasinda-qurban-bayrami-id-al-adha-qayd-etilecek\/"]}]},{"@type":"BreadcrumbList","@id":"https:\/\/qtmm.org\/qt\/eski-saray-qasabasinda-qurban-bayrami-id-al-adha-qayd-etilecek\/#breadcrumb","itemListElement":[{"@type":"ListItem","position":1,"name":"\u0413\u043e\u043b\u043e\u0432\u043d\u0430","item":"https:\/\/qtmm.org\/qt\/"},{"@type":"ListItem","position":2,"name":"Eski-Saray qasabas\u0131nda Qurban Bayram\u0131 (Id al-Adha) qayd etilecek"}]},{"@type":"WebSite","@id":"https:\/\/qtmm.org\/qt\/#website","url":"https:\/\/qtmm.org\/qt\/","name":"\u041c\u0435\u0434\u0436\u043b\u0456\u0441","description":"","publisher":{"@id":"https:\/\/qtmm.org\/qt\/#organization"},"potentialAction":[{"@type":"SearchAction","target":{"@type":"EntryPoint","urlTemplate":"https:\/\/qtmm.org\/qt\/?s={search_term_string}"},"query-input":{"@type":"PropertyValueSpecification","valueRequired":true,"valueName":"search_term_string"}}],"inLanguage":"qt"},{"@type":"Organization","@id":"https:\/\/qtmm.org\/qt\/#organization","name":"\u041c\u0435\u0434\u0436\u043b\u0456\u0441","url":"https:\/\/qtmm.org\/qt\/","logo":{"@type":"ImageObject","inLanguage":"qt","@id":"https:\/\/qtmm.org\/qt\/#\/schema\/logo\/image\/","url":"https:\/\/qtmm.org\/wp-content\/uploads\/2024\/12\/ua-mejlis-logo-rgb.svg","contentUrl":"https:\/\/qtmm.org\/wp-content\/uploads\/2024\/12\/ua-mejlis-logo-rgb.svg","caption":"\u041c\u0435\u0434\u0436\u043b\u0456\u0441"},"image":{"@id":"https:\/\/qtmm.org\/qt\/#\/schema\/logo\/image\/"},"sameAs":["https:\/\/www.facebook.com\/qtmm.info\/"]},{"@type":"Person","@id":"https:\/\/qtmm.org\/qt\/#\/schema\/person\/de562469f971dec226ac06e60bbf74a7","name":"Developer","image":{"@type":"ImageObject","inLanguage":"qt","@id":"https:\/\/secure.gravatar.com\/avatar\/392b4cc8fbfeb00b39dfeeab4ee6edded39ffd48e25858637e4765810300227e?s=96&d=mm&r=g","url":"https:\/\/secure.gravatar.com\/avatar\/392b4cc8fbfeb00b39dfeeab4ee6edded39ffd48e25858637e4765810300227e?s=96&d=mm&r=g","contentUrl":"https:\/\/secure.gravatar.com\/avatar\/392b4cc8fbfeb00b39dfeeab4ee6edded39ffd48e25858637e4765810300227e?s=96&d=mm&r=g","caption":"Developer"},"url":"https:\/\/qtmm.org\/qt\/author\/Developer\/"}]}},"_links":{"self":[{"href":"https:\/\/qtmm.org\/qt\/wp-json\/wp\/v2\/posts\/26786","targetHints":{"allow":["GET"]}}],"collection":[{"href":"https:\/\/qtmm.org\/qt\/wp-json\/wp\/v2\/posts"}],"about":[{"href":"https:\/\/qtmm.org\/qt\/wp-json\/wp\/v2\/types\/post"}],"author":[{"embeddable":true,"href":"https:\/\/qtmm.org\/qt\/wp-json\/wp\/v2\/users\/1"}],"replies":[{"embeddable":true,"href":"https:\/\/qtmm.org\/qt\/wp-json\/wp\/v2\/comments?post=26786"}],"version-history":[{"count":1,"href":"https:\/\/qtmm.org\/qt\/wp-json\/wp\/v2\/posts\/26786\/revisions"}],"predecessor-version":[{"id":26787,"href":"https:\/\/qtmm.org\/qt\/wp-json\/wp\/v2\/posts\/26786\/revisions\/26787"}],"wp:attachment":[{"href":"https:\/\/qtmm.org\/qt\/wp-json\/wp\/v2\/media?parent=26786"}],"wp:term":[{"taxonomy":"category","embeddable":true,"href":"https:\/\/qtmm.org\/qt\/wp-json\/wp\/v2\/categories?post=26786"},{"taxonomy":"post_tag","embeddable":true,"href":"https:\/\/qtmm.org\/qt\/wp-json\/wp\/v2\/tags?post=26786"}],"curies":[{"name":"wp","href":"https:\/\/api.w.org\/{rel}","templated":true}]}}