




{"id":26780,"date":"2011-11-03T17:01:00","date_gmt":"2011-11-03T14:01:00","guid":{"rendered":"http:\/\/qtmm.org\/?p=26780"},"modified":"2022-01-19T17:02:13","modified_gmt":"2022-01-19T14:02:13","slug":"refat-cubarovnin-gaagaga-is-ziyareti","status":"publish","type":"post","link":"https:\/\/qtmm.org\/qt\/refat-cubarovnin-gaagaga-is-ziyareti\/","title":{"rendered":"Refat \u00c7ubarovn\u0131\u00f1 Gaaga\u011fa i\u015f ziyareti"},"content":{"rendered":"\n<p>B\u00fct\u00fcnd\u00fcnya q\u0131r\u0131mtatarlar kongressini\u00f1 prezidenti, Meclis reisini\u00f1 birinci muavini Refat \u00c7ubarov2012 senesi noyabr 2 k\u00fcn\u00fc&nbsp; Gaaga \u015feerinde(Niderland\u0131) i\u015f ziyaretinen bulun\u0131p,&nbsp; \u00d6BSE Milliy azl\u0131qlarn\u0131\u00f1 i\u015fleri boyunca Aliy komissar\u0131 Knut Vollebekni\u00f1 ofisini ziyaret etti.<\/p>\n\n\n\n<p>\u0130\u015f k\u00fcn\u00fc devam\u0131nda\u00a0 Refat \u00c7ubarov ve Knut Vollebek, bun\u0131\u00f1 kibi de A\u015fliy komissarn\u0131\u00f1 yard\u0131mc\u0131lar\u0131,\u00a0&#8220;Q\u0131r\u0131m inki\u015faf\u0131 fond\u0131&#8221;\u00a0Hayriye te\u015fkil\u00e2t\u0131n\u0131\u00f1 ba\u015f direktor\u0131\u00a0 Aleksey Skorik Q\u0131r\u0131mtatar halq\u0131n\u0131\u00f1 \u00f6z Vatan\u0131nda aq-uquqlar\u0131n\u0131 \u011fayr\u0131dan tiklev ve on\u0131\u00f1 Ukrainada tel\u00fckesizligi ve inki\u015faf\u0131n\u0131 teminlev boyunca halqara forumn\u0131\u00f1 \u00f6tkerilmesinen ba\u011fl\u0131 bir s\u0131ra meselelerni muzakere etip, fikir payla\u015ft\u0131lar.<\/p>\n\n\n\n<p>K\u00f6r\u00fc\u015f\u00fcvde taraflar Halqara forum\u011fa az\u0131rl\u0131q ceryan\u0131na menfaatdarlarn\u0131\u00f1 episini celp etmek ve forumn\u0131 20112 senesi ke\u00e7irmekni a\u00f1la\u015f\u0131p, konkret vazifelerni belgilediler.<\/p>\n\n\n\n<p>Ayn\u0131 \u015fu k\u00fcn\u00fc aq\u015fam&nbsp; Refat \u00c7ubarov Q\u0131r\u0131mtatar halq\u0131 Meclisini\u00f1 Niderland\u0131 boyunca&nbsp; temsilcisi Mehmet T\u00fct\u00fcnci ve k\u00f6r\u00fc\u015fmek i\u00e7\u00fcn K\u00f6lnden mahsus kelgen&nbsp; B\u00fct\u00fcnd\u00fcnya q\u0131r\u0131mtatarlar kongressi koordinatsion ke\u00f1e\u015fini\u00f1 azas\u0131 Ahmet Ozay ve&nbsp; Abdulla Y\u00fccesannen subetle\u015fti.<\/p>\n","protected":false},"excerpt":{"rendered":"<p>B\u00fct\u00fcnd\u00fcnya q\u0131r\u0131mtatarlar kongressini\u00f1 prezidenti, Meclis reisini\u00f1 birinci muavini Refat \u00c7ubarov2012 senesi noyabr 2 k\u00fcn\u00fc&nbsp; Gaaga \u015feerinde(Niderland\u0131) i\u015f ziyaretinen bulun\u0131p,&nbsp; \u00d6BSE Milliy azl\u0131qlarn\u0131\u00f1 i\u015fleri boyunca Aliy komissar\u0131 Knut Vollebekni\u00f1 ofisini ziyaret etti. \u0130\u015f k\u00fcn\u00fc devam\u0131nda\u00a0 Refat \u00c7ubarov ve Knut Vollebek, bun\u0131\u00f1 kibi de A\u015fliy komissarn\u0131\u00f1 yard\u0131mc\u0131lar\u0131,\u00a0&#8220;Q\u0131r\u0131m inki\u015faf\u0131 fond\u0131&#8221;\u00a0Hayriye te\u015fkil\u00e2t\u0131n\u0131\u00f1 ba\u015f direktor\u0131\u00a0 Aleksey Skorik Q\u0131r\u0131mtatar halq\u0131n\u0131\u00f1 \u00f6z [&hellip;]<\/p>\n","protected":false},"author":1,"featured_media":26781,"comment_status":"open","ping_status":"open","sticky":false,"template":"","format":"standard","meta":{"inline_featured_image":false,"footnotes":""},"categories":[265],"tags":[],"class_list":["post-26780","post","type-post","status-publish","format-standard","has-post-thumbnail","hentry","category-haberler"],"acf":[],"yoast_head":"<!-- This site is optimized with the Yoast SEO plugin v27.4 - https:\/\/yoast.com\/product\/yoast-seo-wordpress\/ -->\n<title>Refat \u00c7ubarovn\u0131\u00f1 Gaaga\u011fa i\u015f ziyareti - \u041c\u0435\u0434\u0436\u043b\u0456\u0441<\/title>\n<meta name=\"robots\" content=\"index, follow, max-snippet:-1, max-image-preview:large, max-video-preview:-1\" \/>\n<link rel=\"canonical\" href=\"https:\/\/qtmm.org\/qt\/refat-cubarovnin-gaagaga-is-ziyareti\/\" \/>\n<meta property=\"og:locale\" content=\"en_US\" \/>\n<meta property=\"og:type\" content=\"article\" \/>\n<meta property=\"og:title\" content=\"Refat \u00c7ubarovn\u0131\u00f1 Gaaga\u011fa i\u015f ziyareti - \u041c\u0435\u0434\u0436\u043b\u0456\u0441\" \/>\n<meta property=\"og:description\" content=\"B\u00fct\u00fcnd\u00fcnya q\u0131r\u0131mtatarlar kongressini\u00f1 prezidenti, Meclis reisini\u00f1 birinci muavini Refat \u00c7ubarov2012 senesi noyabr 2 k\u00fcn\u00fc&nbsp; Gaaga \u015feerinde(Niderland\u0131) i\u015f ziyaretinen bulun\u0131p,&nbsp; \u00d6BSE Milliy azl\u0131qlarn\u0131\u00f1 i\u015fleri boyunca Aliy komissar\u0131 Knut Vollebekni\u00f1 ofisini ziyaret etti. \u0130\u015f k\u00fcn\u00fc devam\u0131nda\u00a0 Refat \u00c7ubarov ve Knut Vollebek, bun\u0131\u00f1 kibi de A\u015fliy komissarn\u0131\u00f1 yard\u0131mc\u0131lar\u0131,\u00a0&#8220;Q\u0131r\u0131m inki\u015faf\u0131 fond\u0131&#8221;\u00a0Hayriye te\u015fkil\u00e2t\u0131n\u0131\u00f1 ba\u015f direktor\u0131\u00a0 Aleksey Skorik Q\u0131r\u0131mtatar halq\u0131n\u0131\u00f1 \u00f6z [&hellip;]\" \/>\n<meta property=\"og:url\" content=\"https:\/\/qtmm.org\/qt\/refat-cubarovnin-gaagaga-is-ziyareti\/\" \/>\n<meta property=\"og:site_name\" content=\"\u041c\u0435\u0434\u0436\u043b\u0456\u0441\" \/>\n<meta property=\"article:publisher\" content=\"https:\/\/www.facebook.com\/qtmm.info\/\" \/>\n<meta property=\"article:published_time\" content=\"2011-11-03T14:01:00+00:00\" \/>\n<meta property=\"article:modified_time\" content=\"2022-01-19T14:02:13+00:00\" \/>\n<meta property=\"og:image\" content=\"https:\/\/qtmm.org\/wp-content\/uploads\/2022\/01\/v_tekst_10-1.jpeg\" \/>\n\t<meta property=\"og:image:width\" content=\"650\" \/>\n\t<meta property=\"og:image:height\" content=\"331\" \/>\n\t<meta property=\"og:image:type\" content=\"image\/jpeg\" \/>\n<meta name=\"author\" content=\"Developer\" \/>\n<meta name=\"twitter:card\" content=\"summary_large_image\" \/>\n<meta name=\"twitter:label1\" content=\"Written by\" \/>\n\t<meta name=\"twitter:data1\" content=\"Developer\" \/>\n\t<meta name=\"twitter:label2\" content=\"Est. reading time\" \/>\n\t<meta name=\"twitter:data2\" content=\"1 minute\" \/>\n<script type=\"application\/ld+json\" class=\"yoast-schema-graph\">{\"@context\":\"https:\\\/\\\/schema.org\",\"@graph\":[{\"@type\":\"Article\",\"@id\":\"https:\\\/\\\/qtmm.org\\\/qt\\\/refat-cubarovnin-gaagaga-is-ziyareti\\\/#article\",\"isPartOf\":{\"@id\":\"https:\\\/\\\/qtmm.org\\\/qt\\\/refat-cubarovnin-gaagaga-is-ziyareti\\\/\"},\"author\":{\"name\":\"Developer\",\"@id\":\"https:\\\/\\\/qtmm.org\\\/qt\\\/#\\\/schema\\\/person\\\/de562469f971dec226ac06e60bbf74a7\"},\"headline\":\"Refat \u00c7ubarovn\u0131\u00f1 Gaaga\u011fa i\u015f ziyareti\",\"datePublished\":\"2011-11-03T14:01:00+00:00\",\"dateModified\":\"2022-01-19T14:02:13+00:00\",\"mainEntityOfPage\":{\"@id\":\"https:\\\/\\\/qtmm.org\\\/qt\\\/refat-cubarovnin-gaagaga-is-ziyareti\\\/\"},\"wordCount\":202,\"commentCount\":0,\"publisher\":{\"@id\":\"https:\\\/\\\/qtmm.org\\\/qt\\\/#organization\"},\"image\":{\"@id\":\"https:\\\/\\\/qtmm.org\\\/qt\\\/refat-cubarovnin-gaagaga-is-ziyareti\\\/#primaryimage\"},\"thumbnailUrl\":\"https:\\\/\\\/qtmm.org\\\/wp-content\\\/uploads\\\/2022\\\/01\\\/v_tekst_10-1.jpeg\",\"articleSection\":[\"Haberler\"],\"inLanguage\":\"qt\",\"potentialAction\":[{\"@type\":\"CommentAction\",\"name\":\"Comment\",\"target\":[\"https:\\\/\\\/qtmm.org\\\/qt\\\/refat-cubarovnin-gaagaga-is-ziyareti\\\/#respond\"]}]},{\"@type\":\"WebPage\",\"@id\":\"https:\\\/\\\/qtmm.org\\\/qt\\\/refat-cubarovnin-gaagaga-is-ziyareti\\\/\",\"url\":\"https:\\\/\\\/qtmm.org\\\/qt\\\/refat-cubarovnin-gaagaga-is-ziyareti\\\/\",\"name\":\"Refat \u00c7ubarovn\u0131\u00f1 Gaaga\u011fa i\u015f ziyareti - \u041c\u0435\u0434\u0436\u043b\u0456\u0441\",\"isPartOf\":{\"@id\":\"https:\\\/\\\/qtmm.org\\\/qt\\\/#website\"},\"primaryImageOfPage\":{\"@id\":\"https:\\\/\\\/qtmm.org\\\/qt\\\/refat-cubarovnin-gaagaga-is-ziyareti\\\/#primaryimage\"},\"image\":{\"@id\":\"https:\\\/\\\/qtmm.org\\\/qt\\\/refat-cubarovnin-gaagaga-is-ziyareti\\\/#primaryimage\"},\"thumbnailUrl\":\"https:\\\/\\\/qtmm.org\\\/wp-content\\\/uploads\\\/2022\\\/01\\\/v_tekst_10-1.jpeg\",\"datePublished\":\"2011-11-03T14:01:00+00:00\",\"dateModified\":\"2022-01-19T14:02:13+00:00\",\"breadcrumb\":{\"@id\":\"https:\\\/\\\/qtmm.org\\\/qt\\\/refat-cubarovnin-gaagaga-is-ziyareti\\\/#breadcrumb\"},\"inLanguage\":\"qt\",\"potentialAction\":[{\"@type\":\"ReadAction\",\"target\":[\"https:\\\/\\\/qtmm.org\\\/qt\\\/refat-cubarovnin-gaagaga-is-ziyareti\\\/\"]}]},{\"@type\":\"ImageObject\",\"inLanguage\":\"qt\",\"@id\":\"https:\\\/\\\/qtmm.org\\\/qt\\\/refat-cubarovnin-gaagaga-is-ziyareti\\\/#primaryimage\",\"url\":\"https:\\\/\\\/qtmm.org\\\/wp-content\\\/uploads\\\/2022\\\/01\\\/v_tekst_10-1.jpeg\",\"contentUrl\":\"https:\\\/\\\/qtmm.org\\\/wp-content\\\/uploads\\\/2022\\\/01\\\/v_tekst_10-1.jpeg\",\"width\":650,\"height\":331},{\"@type\":\"BreadcrumbList\",\"@id\":\"https:\\\/\\\/qtmm.org\\\/qt\\\/refat-cubarovnin-gaagaga-is-ziyareti\\\/#breadcrumb\",\"itemListElement\":[{\"@type\":\"ListItem\",\"position\":1,\"name\":\"\u0413\u043e\u043b\u043e\u0432\u043d\u0430\",\"item\":\"https:\\\/\\\/qtmm.org\\\/qt\\\/\"},{\"@type\":\"ListItem\",\"position\":2,\"name\":\"Refat \u00c7ubarovn\u0131\u00f1 Gaaga\u011fa i\u015f ziyareti\"}]},{\"@type\":\"WebSite\",\"@id\":\"https:\\\/\\\/qtmm.org\\\/qt\\\/#website\",\"url\":\"https:\\\/\\\/qtmm.org\\\/qt\\\/\",\"name\":\"\u041c\u0435\u0434\u0436\u043b\u0456\u0441\",\"description\":\"\",\"publisher\":{\"@id\":\"https:\\\/\\\/qtmm.org\\\/qt\\\/#organization\"},\"potentialAction\":[{\"@type\":\"SearchAction\",\"target\":{\"@type\":\"EntryPoint\",\"urlTemplate\":\"https:\\\/\\\/qtmm.org\\\/qt\\\/?s={search_term_string}\"},\"query-input\":{\"@type\":\"PropertyValueSpecification\",\"valueRequired\":true,\"valueName\":\"search_term_string\"}}],\"inLanguage\":\"qt\"},{\"@type\":\"Organization\",\"@id\":\"https:\\\/\\\/qtmm.org\\\/qt\\\/#organization\",\"name\":\"\u041c\u0435\u0434\u0436\u043b\u0456\u0441\",\"url\":\"https:\\\/\\\/qtmm.org\\\/qt\\\/\",\"logo\":{\"@type\":\"ImageObject\",\"inLanguage\":\"qt\",\"@id\":\"https:\\\/\\\/qtmm.org\\\/qt\\\/#\\\/schema\\\/logo\\\/image\\\/\",\"url\":\"https:\\\/\\\/qtmm.org\\\/wp-content\\\/uploads\\\/2024\\\/12\\\/ua-mejlis-logo-rgb.svg\",\"contentUrl\":\"https:\\\/\\\/qtmm.org\\\/wp-content\\\/uploads\\\/2024\\\/12\\\/ua-mejlis-logo-rgb.svg\",\"caption\":\"\u041c\u0435\u0434\u0436\u043b\u0456\u0441\"},\"image\":{\"@id\":\"https:\\\/\\\/qtmm.org\\\/qt\\\/#\\\/schema\\\/logo\\\/image\\\/\"},\"sameAs\":[\"https:\\\/\\\/www.facebook.com\\\/qtmm.info\\\/\"]},{\"@type\":\"Person\",\"@id\":\"https:\\\/\\\/qtmm.org\\\/qt\\\/#\\\/schema\\\/person\\\/de562469f971dec226ac06e60bbf74a7\",\"name\":\"Developer\",\"image\":{\"@type\":\"ImageObject\",\"inLanguage\":\"qt\",\"@id\":\"https:\\\/\\\/secure.gravatar.com\\\/avatar\\\/392b4cc8fbfeb00b39dfeeab4ee6edded39ffd48e25858637e4765810300227e?s=96&d=mm&r=g\",\"url\":\"https:\\\/\\\/secure.gravatar.com\\\/avatar\\\/392b4cc8fbfeb00b39dfeeab4ee6edded39ffd48e25858637e4765810300227e?s=96&d=mm&r=g\",\"contentUrl\":\"https:\\\/\\\/secure.gravatar.com\\\/avatar\\\/392b4cc8fbfeb00b39dfeeab4ee6edded39ffd48e25858637e4765810300227e?s=96&d=mm&r=g\",\"caption\":\"Developer\"},\"url\":\"https:\\\/\\\/qtmm.org\\\/qt\\\/author\\\/Developer\\\/\"}]}<\/script>\n<!-- \/ Yoast SEO plugin. -->","yoast_head_json":{"title":"Refat \u00c7ubarovn\u0131\u00f1 Gaaga\u011fa i\u015f ziyareti - \u041c\u0435\u0434\u0436\u043b\u0456\u0441","robots":{"index":"index","follow":"follow","max-snippet":"max-snippet:-1","max-image-preview":"max-image-preview:large","max-video-preview":"max-video-preview:-1"},"canonical":"https:\/\/qtmm.org\/qt\/refat-cubarovnin-gaagaga-is-ziyareti\/","og_locale":"en_US","og_type":"article","og_title":"Refat \u00c7ubarovn\u0131\u00f1 Gaaga\u011fa i\u015f ziyareti - \u041c\u0435\u0434\u0436\u043b\u0456\u0441","og_description":"B\u00fct\u00fcnd\u00fcnya q\u0131r\u0131mtatarlar kongressini\u00f1 prezidenti, Meclis reisini\u00f1 birinci muavini Refat \u00c7ubarov2012 senesi noyabr 2 k\u00fcn\u00fc&nbsp; Gaaga \u015feerinde(Niderland\u0131) i\u015f ziyaretinen bulun\u0131p,&nbsp; \u00d6BSE Milliy azl\u0131qlarn\u0131\u00f1 i\u015fleri boyunca Aliy komissar\u0131 Knut Vollebekni\u00f1 ofisini ziyaret etti. \u0130\u015f k\u00fcn\u00fc devam\u0131nda\u00a0 Refat \u00c7ubarov ve Knut Vollebek, bun\u0131\u00f1 kibi de A\u015fliy komissarn\u0131\u00f1 yard\u0131mc\u0131lar\u0131,\u00a0&#8220;Q\u0131r\u0131m inki\u015faf\u0131 fond\u0131&#8221;\u00a0Hayriye te\u015fkil\u00e2t\u0131n\u0131\u00f1 ba\u015f direktor\u0131\u00a0 Aleksey Skorik Q\u0131r\u0131mtatar halq\u0131n\u0131\u00f1 \u00f6z [&hellip;]","og_url":"https:\/\/qtmm.org\/qt\/refat-cubarovnin-gaagaga-is-ziyareti\/","og_site_name":"\u041c\u0435\u0434\u0436\u043b\u0456\u0441","article_publisher":"https:\/\/www.facebook.com\/qtmm.info\/","article_published_time":"2011-11-03T14:01:00+00:00","article_modified_time":"2022-01-19T14:02:13+00:00","og_image":[{"width":650,"height":331,"url":"https:\/\/qtmm.org\/wp-content\/uploads\/2022\/01\/v_tekst_10-1.jpeg","type":"image\/jpeg"}],"author":"Developer","twitter_card":"summary_large_image","twitter_misc":{"Written by":"Developer","Est. reading time":"1 minute"},"schema":{"@context":"https:\/\/schema.org","@graph":[{"@type":"Article","@id":"https:\/\/qtmm.org\/qt\/refat-cubarovnin-gaagaga-is-ziyareti\/#article","isPartOf":{"@id":"https:\/\/qtmm.org\/qt\/refat-cubarovnin-gaagaga-is-ziyareti\/"},"author":{"name":"Developer","@id":"https:\/\/qtmm.org\/qt\/#\/schema\/person\/de562469f971dec226ac06e60bbf74a7"},"headline":"Refat \u00c7ubarovn\u0131\u00f1 Gaaga\u011fa i\u015f ziyareti","datePublished":"2011-11-03T14:01:00+00:00","dateModified":"2022-01-19T14:02:13+00:00","mainEntityOfPage":{"@id":"https:\/\/qtmm.org\/qt\/refat-cubarovnin-gaagaga-is-ziyareti\/"},"wordCount":202,"commentCount":0,"publisher":{"@id":"https:\/\/qtmm.org\/qt\/#organization"},"image":{"@id":"https:\/\/qtmm.org\/qt\/refat-cubarovnin-gaagaga-is-ziyareti\/#primaryimage"},"thumbnailUrl":"https:\/\/qtmm.org\/wp-content\/uploads\/2022\/01\/v_tekst_10-1.jpeg","articleSection":["Haberler"],"inLanguage":"qt","potentialAction":[{"@type":"CommentAction","name":"Comment","target":["https:\/\/qtmm.org\/qt\/refat-cubarovnin-gaagaga-is-ziyareti\/#respond"]}]},{"@type":"WebPage","@id":"https:\/\/qtmm.org\/qt\/refat-cubarovnin-gaagaga-is-ziyareti\/","url":"https:\/\/qtmm.org\/qt\/refat-cubarovnin-gaagaga-is-ziyareti\/","name":"Refat \u00c7ubarovn\u0131\u00f1 Gaaga\u011fa i\u015f ziyareti - \u041c\u0435\u0434\u0436\u043b\u0456\u0441","isPartOf":{"@id":"https:\/\/qtmm.org\/qt\/#website"},"primaryImageOfPage":{"@id":"https:\/\/qtmm.org\/qt\/refat-cubarovnin-gaagaga-is-ziyareti\/#primaryimage"},"image":{"@id":"https:\/\/qtmm.org\/qt\/refat-cubarovnin-gaagaga-is-ziyareti\/#primaryimage"},"thumbnailUrl":"https:\/\/qtmm.org\/wp-content\/uploads\/2022\/01\/v_tekst_10-1.jpeg","datePublished":"2011-11-03T14:01:00+00:00","dateModified":"2022-01-19T14:02:13+00:00","breadcrumb":{"@id":"https:\/\/qtmm.org\/qt\/refat-cubarovnin-gaagaga-is-ziyareti\/#breadcrumb"},"inLanguage":"qt","potentialAction":[{"@type":"ReadAction","target":["https:\/\/qtmm.org\/qt\/refat-cubarovnin-gaagaga-is-ziyareti\/"]}]},{"@type":"ImageObject","inLanguage":"qt","@id":"https:\/\/qtmm.org\/qt\/refat-cubarovnin-gaagaga-is-ziyareti\/#primaryimage","url":"https:\/\/qtmm.org\/wp-content\/uploads\/2022\/01\/v_tekst_10-1.jpeg","contentUrl":"https:\/\/qtmm.org\/wp-content\/uploads\/2022\/01\/v_tekst_10-1.jpeg","width":650,"height":331},{"@type":"BreadcrumbList","@id":"https:\/\/qtmm.org\/qt\/refat-cubarovnin-gaagaga-is-ziyareti\/#breadcrumb","itemListElement":[{"@type":"ListItem","position":1,"name":"\u0413\u043e\u043b\u043e\u0432\u043d\u0430","item":"https:\/\/qtmm.org\/qt\/"},{"@type":"ListItem","position":2,"name":"Refat \u00c7ubarovn\u0131\u00f1 Gaaga\u011fa i\u015f ziyareti"}]},{"@type":"WebSite","@id":"https:\/\/qtmm.org\/qt\/#website","url":"https:\/\/qtmm.org\/qt\/","name":"\u041c\u0435\u0434\u0436\u043b\u0456\u0441","description":"","publisher":{"@id":"https:\/\/qtmm.org\/qt\/#organization"},"potentialAction":[{"@type":"SearchAction","target":{"@type":"EntryPoint","urlTemplate":"https:\/\/qtmm.org\/qt\/?s={search_term_string}"},"query-input":{"@type":"PropertyValueSpecification","valueRequired":true,"valueName":"search_term_string"}}],"inLanguage":"qt"},{"@type":"Organization","@id":"https:\/\/qtmm.org\/qt\/#organization","name":"\u041c\u0435\u0434\u0436\u043b\u0456\u0441","url":"https:\/\/qtmm.org\/qt\/","logo":{"@type":"ImageObject","inLanguage":"qt","@id":"https:\/\/qtmm.org\/qt\/#\/schema\/logo\/image\/","url":"https:\/\/qtmm.org\/wp-content\/uploads\/2024\/12\/ua-mejlis-logo-rgb.svg","contentUrl":"https:\/\/qtmm.org\/wp-content\/uploads\/2024\/12\/ua-mejlis-logo-rgb.svg","caption":"\u041c\u0435\u0434\u0436\u043b\u0456\u0441"},"image":{"@id":"https:\/\/qtmm.org\/qt\/#\/schema\/logo\/image\/"},"sameAs":["https:\/\/www.facebook.com\/qtmm.info\/"]},{"@type":"Person","@id":"https:\/\/qtmm.org\/qt\/#\/schema\/person\/de562469f971dec226ac06e60bbf74a7","name":"Developer","image":{"@type":"ImageObject","inLanguage":"qt","@id":"https:\/\/secure.gravatar.com\/avatar\/392b4cc8fbfeb00b39dfeeab4ee6edded39ffd48e25858637e4765810300227e?s=96&d=mm&r=g","url":"https:\/\/secure.gravatar.com\/avatar\/392b4cc8fbfeb00b39dfeeab4ee6edded39ffd48e25858637e4765810300227e?s=96&d=mm&r=g","contentUrl":"https:\/\/secure.gravatar.com\/avatar\/392b4cc8fbfeb00b39dfeeab4ee6edded39ffd48e25858637e4765810300227e?s=96&d=mm&r=g","caption":"Developer"},"url":"https:\/\/qtmm.org\/qt\/author\/Developer\/"}]}},"_links":{"self":[{"href":"https:\/\/qtmm.org\/qt\/wp-json\/wp\/v2\/posts\/26780","targetHints":{"allow":["GET"]}}],"collection":[{"href":"https:\/\/qtmm.org\/qt\/wp-json\/wp\/v2\/posts"}],"about":[{"href":"https:\/\/qtmm.org\/qt\/wp-json\/wp\/v2\/types\/post"}],"author":[{"embeddable":true,"href":"https:\/\/qtmm.org\/qt\/wp-json\/wp\/v2\/users\/1"}],"replies":[{"embeddable":true,"href":"https:\/\/qtmm.org\/qt\/wp-json\/wp\/v2\/comments?post=26780"}],"version-history":[{"count":1,"href":"https:\/\/qtmm.org\/qt\/wp-json\/wp\/v2\/posts\/26780\/revisions"}],"predecessor-version":[{"id":26785,"href":"https:\/\/qtmm.org\/qt\/wp-json\/wp\/v2\/posts\/26780\/revisions\/26785"}],"wp:featuredmedia":[{"embeddable":true,"href":"https:\/\/qtmm.org\/qt\/wp-json\/wp\/v2\/media\/26781"}],"wp:attachment":[{"href":"https:\/\/qtmm.org\/qt\/wp-json\/wp\/v2\/media?parent=26780"}],"wp:term":[{"taxonomy":"category","embeddable":true,"href":"https:\/\/qtmm.org\/qt\/wp-json\/wp\/v2\/categories?post=26780"},{"taxonomy":"post_tag","embeddable":true,"href":"https:\/\/qtmm.org\/qt\/wp-json\/wp\/v2\/tags?post=26780"}],"curies":[{"name":"wp","href":"https:\/\/api.w.org\/{rel}","templated":true}]}}