




{"id":26776,"date":"2011-10-30T16:59:00","date_gmt":"2011-10-30T13:59:00","guid":{"rendered":"http:\/\/qtmm.org\/?p=26776"},"modified":"2022-01-19T16:59:58","modified_gmt":"2022-01-19T13:59:58","slug":"mustafa-cemilev-ukrain-katolik-universitetnin-hayriye-aqsaminda","status":"publish","type":"post","link":"https:\/\/qtmm.org\/qt\/mustafa-cemilev-ukrain-katolik-universitetnin-hayriye-aqsaminda\/","title":{"rendered":"Mustafa Cemilev Ukrain Katolik Universitetni\u00f1 hayriye aq\u015fam\u0131nda"},"content":{"rendered":"\n<p>2011 senesi okt\u00e2br 29 k\u00fcn\u00fc Q\u0131r\u0131mtatar halq\u0131 Meclisini\u00f1 reisi&nbsp; Mustafa Cemilev Ukrain Katolik Universitetine qoltutmaq maqsad\u0131nda &#8220;InterContinental&#8221; \u00f6telinde&nbsp; \u00f6tkerilgen d\u00f6rt\u00fcnci hayriye tedbirinde nufuzl\u0131 musafir s\u0131fat\u0131nda i\u015ftirak etti.<\/p>\n\n\n\n<p>Tedbirge bun\u0131\u00f1 kibi de&nbsp; Ukrain Rum-katolik kilsesini\u00f1 ba\u015f\u0131 Sv\u00e2toslav \u015eev\u00e7uk, arhiyepiskop L\u00fcbomir Guzar, Ukrainada Apostol nuntsiy, Papa Benedikt XVI temsilcisi&nbsp; Tomas Edvard Gallikson, hayriye fond\u0131n\u0131\u00f1 ba\u015f\u0131, cemaat Bogdan Gavrili\u015fin (Kanada), belli kinorejisser ve stsenarist K\u015fi\u015ftof Zanussi (Poloniya), \u015fahzade Mi\u015fel Sv\u00e2topolk-\u00c7etvertinskiy (Litva), yaz\u0131c\u0131 Adrian Slivotskiy (AQ\u015e), &#8220;Ukraina 3000&#8221; fond\u0131 idaresini\u00f1 ba\u015f\u0131 Yekaterina Yu\u015f\u00e7enko&nbsp; ve&nbsp; &#8220;V\u0456dkriy Ukra\u0457nu&#8221; hayriye fond\u0131 nezaret ke\u00f1e\u015fini\u00f1 reisi&nbsp; Tereziya Yatsen\u00fck davet etildiler.<\/p>\n\n\n\n<p>Meclis reisi M.Cemilev\u00a0&#8220;Q\u0131r\u0131m inki\u015faf\u0131 fond\u0131&#8221;\u00a0Lvovda Ukrain Katolik Universiteti studentini\u00f1 bir semestr devam\u0131nda oquv\u0131 i\u00e7\u00fcn ada\u011fan 12000 grn. hayriye yard\u0131m\u0131n\u0131\u00a0 berdi.<\/p>\n","protected":false},"excerpt":{"rendered":"<p>2011 senesi okt\u00e2br 29 k\u00fcn\u00fc Q\u0131r\u0131mtatar halq\u0131 Meclisini\u00f1 reisi&nbsp; Mustafa Cemilev Ukrain Katolik Universitetine qoltutmaq maqsad\u0131nda &#8220;InterContinental&#8221; \u00f6telinde&nbsp; \u00f6tkerilgen d\u00f6rt\u00fcnci hayriye tedbirinde nufuzl\u0131 musafir s\u0131fat\u0131nda i\u015ftirak etti. Tedbirge bun\u0131\u00f1 kibi de&nbsp; Ukrain Rum-katolik kilsesini\u00f1 ba\u015f\u0131 Sv\u00e2toslav \u015eev\u00e7uk, arhiyepiskop L\u00fcbomir Guzar, Ukrainada Apostol nuntsiy, Papa Benedikt XVI temsilcisi&nbsp; Tomas Edvard Gallikson, hayriye fond\u0131n\u0131\u00f1 ba\u015f\u0131, cemaat Bogdan [&hellip;]<\/p>\n","protected":false},"author":1,"featured_media":0,"comment_status":"open","ping_status":"open","sticky":false,"template":"","format":"standard","meta":{"inline_featured_image":false,"footnotes":""},"categories":[265],"tags":[],"class_list":["post-26776","post","type-post","status-publish","format-standard","hentry","category-haberler"],"acf":[],"yoast_head":"<!-- This site is optimized with the Yoast SEO plugin v27.4 - https:\/\/yoast.com\/product\/yoast-seo-wordpress\/ -->\n<title>Mustafa Cemilev Ukrain Katolik Universitetni\u00f1 hayriye aq\u015fam\u0131nda - \u041c\u0435\u0434\u0436\u043b\u0456\u0441<\/title>\n<meta name=\"robots\" content=\"index, follow, max-snippet:-1, max-image-preview:large, max-video-preview:-1\" \/>\n<link rel=\"canonical\" href=\"https:\/\/qtmm.org\/qt\/mustafa-cemilev-ukrain-katolik-universitetnin-hayriye-aqsaminda\/\" \/>\n<meta property=\"og:locale\" content=\"en_US\" \/>\n<meta property=\"og:type\" content=\"article\" \/>\n<meta property=\"og:title\" content=\"Mustafa Cemilev Ukrain Katolik Universitetni\u00f1 hayriye aq\u015fam\u0131nda - \u041c\u0435\u0434\u0436\u043b\u0456\u0441\" \/>\n<meta property=\"og:description\" content=\"2011 senesi okt\u00e2br 29 k\u00fcn\u00fc Q\u0131r\u0131mtatar halq\u0131 Meclisini\u00f1 reisi&nbsp; Mustafa Cemilev Ukrain Katolik Universitetine qoltutmaq maqsad\u0131nda &#8220;InterContinental&#8221; \u00f6telinde&nbsp; \u00f6tkerilgen d\u00f6rt\u00fcnci hayriye tedbirinde nufuzl\u0131 musafir s\u0131fat\u0131nda i\u015ftirak etti. Tedbirge bun\u0131\u00f1 kibi de&nbsp; Ukrain Rum-katolik kilsesini\u00f1 ba\u015f\u0131 Sv\u00e2toslav \u015eev\u00e7uk, arhiyepiskop L\u00fcbomir Guzar, Ukrainada Apostol nuntsiy, Papa Benedikt XVI temsilcisi&nbsp; Tomas Edvard Gallikson, hayriye fond\u0131n\u0131\u00f1 ba\u015f\u0131, cemaat Bogdan [&hellip;]\" \/>\n<meta property=\"og:url\" content=\"https:\/\/qtmm.org\/qt\/mustafa-cemilev-ukrain-katolik-universitetnin-hayriye-aqsaminda\/\" \/>\n<meta property=\"og:site_name\" content=\"\u041c\u0435\u0434\u0436\u043b\u0456\u0441\" \/>\n<meta property=\"article:publisher\" content=\"https:\/\/www.facebook.com\/qtmm.info\/\" \/>\n<meta property=\"article:published_time\" content=\"2011-10-30T13:59:00+00:00\" \/>\n<meta property=\"article:modified_time\" content=\"2022-01-19T13:59:58+00:00\" \/>\n<meta name=\"author\" content=\"Developer\" \/>\n<meta name=\"twitter:card\" content=\"summary_large_image\" \/>\n<meta name=\"twitter:label1\" content=\"Written by\" \/>\n\t<meta name=\"twitter:data1\" content=\"Developer\" \/>\n\t<meta name=\"twitter:label2\" content=\"Est. reading time\" \/>\n\t<meta name=\"twitter:data2\" content=\"1 minute\" \/>\n<script type=\"application\/ld+json\" class=\"yoast-schema-graph\">{\"@context\":\"https:\\\/\\\/schema.org\",\"@graph\":[{\"@type\":\"Article\",\"@id\":\"https:\\\/\\\/qtmm.org\\\/qt\\\/mustafa-cemilev-ukrain-katolik-universitetnin-hayriye-aqsaminda\\\/#article\",\"isPartOf\":{\"@id\":\"https:\\\/\\\/qtmm.org\\\/qt\\\/mustafa-cemilev-ukrain-katolik-universitetnin-hayriye-aqsaminda\\\/\"},\"author\":{\"name\":\"Developer\",\"@id\":\"https:\\\/\\\/qtmm.org\\\/qt\\\/#\\\/schema\\\/person\\\/de562469f971dec226ac06e60bbf74a7\"},\"headline\":\"Mustafa Cemilev Ukrain Katolik Universitetni\u00f1 hayriye aq\u015fam\u0131nda\",\"datePublished\":\"2011-10-30T13:59:00+00:00\",\"dateModified\":\"2022-01-19T13:59:58+00:00\",\"mainEntityOfPage\":{\"@id\":\"https:\\\/\\\/qtmm.org\\\/qt\\\/mustafa-cemilev-ukrain-katolik-universitetnin-hayriye-aqsaminda\\\/\"},\"wordCount\":161,\"commentCount\":0,\"publisher\":{\"@id\":\"https:\\\/\\\/qtmm.org\\\/qt\\\/#organization\"},\"articleSection\":[\"Haberler\"],\"inLanguage\":\"qt\",\"potentialAction\":[{\"@type\":\"CommentAction\",\"name\":\"Comment\",\"target\":[\"https:\\\/\\\/qtmm.org\\\/qt\\\/mustafa-cemilev-ukrain-katolik-universitetnin-hayriye-aqsaminda\\\/#respond\"]}]},{\"@type\":\"WebPage\",\"@id\":\"https:\\\/\\\/qtmm.org\\\/qt\\\/mustafa-cemilev-ukrain-katolik-universitetnin-hayriye-aqsaminda\\\/\",\"url\":\"https:\\\/\\\/qtmm.org\\\/qt\\\/mustafa-cemilev-ukrain-katolik-universitetnin-hayriye-aqsaminda\\\/\",\"name\":\"Mustafa Cemilev Ukrain Katolik Universitetni\u00f1 hayriye aq\u015fam\u0131nda - \u041c\u0435\u0434\u0436\u043b\u0456\u0441\",\"isPartOf\":{\"@id\":\"https:\\\/\\\/qtmm.org\\\/qt\\\/#website\"},\"datePublished\":\"2011-10-30T13:59:00+00:00\",\"dateModified\":\"2022-01-19T13:59:58+00:00\",\"breadcrumb\":{\"@id\":\"https:\\\/\\\/qtmm.org\\\/qt\\\/mustafa-cemilev-ukrain-katolik-universitetnin-hayriye-aqsaminda\\\/#breadcrumb\"},\"inLanguage\":\"qt\",\"potentialAction\":[{\"@type\":\"ReadAction\",\"target\":[\"https:\\\/\\\/qtmm.org\\\/qt\\\/mustafa-cemilev-ukrain-katolik-universitetnin-hayriye-aqsaminda\\\/\"]}]},{\"@type\":\"BreadcrumbList\",\"@id\":\"https:\\\/\\\/qtmm.org\\\/qt\\\/mustafa-cemilev-ukrain-katolik-universitetnin-hayriye-aqsaminda\\\/#breadcrumb\",\"itemListElement\":[{\"@type\":\"ListItem\",\"position\":1,\"name\":\"\u0413\u043e\u043b\u043e\u0432\u043d\u0430\",\"item\":\"https:\\\/\\\/qtmm.org\\\/qt\\\/\"},{\"@type\":\"ListItem\",\"position\":2,\"name\":\"Mustafa Cemilev Ukrain Katolik Universitetni\u00f1 hayriye aq\u015fam\u0131nda\"}]},{\"@type\":\"WebSite\",\"@id\":\"https:\\\/\\\/qtmm.org\\\/qt\\\/#website\",\"url\":\"https:\\\/\\\/qtmm.org\\\/qt\\\/\",\"name\":\"\u041c\u0435\u0434\u0436\u043b\u0456\u0441\",\"description\":\"\",\"publisher\":{\"@id\":\"https:\\\/\\\/qtmm.org\\\/qt\\\/#organization\"},\"potentialAction\":[{\"@type\":\"SearchAction\",\"target\":{\"@type\":\"EntryPoint\",\"urlTemplate\":\"https:\\\/\\\/qtmm.org\\\/qt\\\/?s={search_term_string}\"},\"query-input\":{\"@type\":\"PropertyValueSpecification\",\"valueRequired\":true,\"valueName\":\"search_term_string\"}}],\"inLanguage\":\"qt\"},{\"@type\":\"Organization\",\"@id\":\"https:\\\/\\\/qtmm.org\\\/qt\\\/#organization\",\"name\":\"\u041c\u0435\u0434\u0436\u043b\u0456\u0441\",\"url\":\"https:\\\/\\\/qtmm.org\\\/qt\\\/\",\"logo\":{\"@type\":\"ImageObject\",\"inLanguage\":\"qt\",\"@id\":\"https:\\\/\\\/qtmm.org\\\/qt\\\/#\\\/schema\\\/logo\\\/image\\\/\",\"url\":\"https:\\\/\\\/qtmm.org\\\/wp-content\\\/uploads\\\/2024\\\/12\\\/ua-mejlis-logo-rgb.svg\",\"contentUrl\":\"https:\\\/\\\/qtmm.org\\\/wp-content\\\/uploads\\\/2024\\\/12\\\/ua-mejlis-logo-rgb.svg\",\"caption\":\"\u041c\u0435\u0434\u0436\u043b\u0456\u0441\"},\"image\":{\"@id\":\"https:\\\/\\\/qtmm.org\\\/qt\\\/#\\\/schema\\\/logo\\\/image\\\/\"},\"sameAs\":[\"https:\\\/\\\/www.facebook.com\\\/qtmm.info\\\/\"]},{\"@type\":\"Person\",\"@id\":\"https:\\\/\\\/qtmm.org\\\/qt\\\/#\\\/schema\\\/person\\\/de562469f971dec226ac06e60bbf74a7\",\"name\":\"Developer\",\"image\":{\"@type\":\"ImageObject\",\"inLanguage\":\"qt\",\"@id\":\"https:\\\/\\\/secure.gravatar.com\\\/avatar\\\/392b4cc8fbfeb00b39dfeeab4ee6edded39ffd48e25858637e4765810300227e?s=96&d=mm&r=g\",\"url\":\"https:\\\/\\\/secure.gravatar.com\\\/avatar\\\/392b4cc8fbfeb00b39dfeeab4ee6edded39ffd48e25858637e4765810300227e?s=96&d=mm&r=g\",\"contentUrl\":\"https:\\\/\\\/secure.gravatar.com\\\/avatar\\\/392b4cc8fbfeb00b39dfeeab4ee6edded39ffd48e25858637e4765810300227e?s=96&d=mm&r=g\",\"caption\":\"Developer\"},\"url\":\"https:\\\/\\\/qtmm.org\\\/qt\\\/author\\\/Developer\\\/\"}]}<\/script>\n<!-- \/ Yoast SEO plugin. -->","yoast_head_json":{"title":"Mustafa Cemilev Ukrain Katolik Universitetni\u00f1 hayriye aq\u015fam\u0131nda - \u041c\u0435\u0434\u0436\u043b\u0456\u0441","robots":{"index":"index","follow":"follow","max-snippet":"max-snippet:-1","max-image-preview":"max-image-preview:large","max-video-preview":"max-video-preview:-1"},"canonical":"https:\/\/qtmm.org\/qt\/mustafa-cemilev-ukrain-katolik-universitetnin-hayriye-aqsaminda\/","og_locale":"en_US","og_type":"article","og_title":"Mustafa Cemilev Ukrain Katolik Universitetni\u00f1 hayriye aq\u015fam\u0131nda - \u041c\u0435\u0434\u0436\u043b\u0456\u0441","og_description":"2011 senesi okt\u00e2br 29 k\u00fcn\u00fc Q\u0131r\u0131mtatar halq\u0131 Meclisini\u00f1 reisi&nbsp; Mustafa Cemilev Ukrain Katolik Universitetine qoltutmaq maqsad\u0131nda &#8220;InterContinental&#8221; \u00f6telinde&nbsp; \u00f6tkerilgen d\u00f6rt\u00fcnci hayriye tedbirinde nufuzl\u0131 musafir s\u0131fat\u0131nda i\u015ftirak etti. Tedbirge bun\u0131\u00f1 kibi de&nbsp; Ukrain Rum-katolik kilsesini\u00f1 ba\u015f\u0131 Sv\u00e2toslav \u015eev\u00e7uk, arhiyepiskop L\u00fcbomir Guzar, Ukrainada Apostol nuntsiy, Papa Benedikt XVI temsilcisi&nbsp; Tomas Edvard Gallikson, hayriye fond\u0131n\u0131\u00f1 ba\u015f\u0131, cemaat Bogdan [&hellip;]","og_url":"https:\/\/qtmm.org\/qt\/mustafa-cemilev-ukrain-katolik-universitetnin-hayriye-aqsaminda\/","og_site_name":"\u041c\u0435\u0434\u0436\u043b\u0456\u0441","article_publisher":"https:\/\/www.facebook.com\/qtmm.info\/","article_published_time":"2011-10-30T13:59:00+00:00","article_modified_time":"2022-01-19T13:59:58+00:00","author":"Developer","twitter_card":"summary_large_image","twitter_misc":{"Written by":"Developer","Est. reading time":"1 minute"},"schema":{"@context":"https:\/\/schema.org","@graph":[{"@type":"Article","@id":"https:\/\/qtmm.org\/qt\/mustafa-cemilev-ukrain-katolik-universitetnin-hayriye-aqsaminda\/#article","isPartOf":{"@id":"https:\/\/qtmm.org\/qt\/mustafa-cemilev-ukrain-katolik-universitetnin-hayriye-aqsaminda\/"},"author":{"name":"Developer","@id":"https:\/\/qtmm.org\/qt\/#\/schema\/person\/de562469f971dec226ac06e60bbf74a7"},"headline":"Mustafa Cemilev Ukrain Katolik Universitetni\u00f1 hayriye aq\u015fam\u0131nda","datePublished":"2011-10-30T13:59:00+00:00","dateModified":"2022-01-19T13:59:58+00:00","mainEntityOfPage":{"@id":"https:\/\/qtmm.org\/qt\/mustafa-cemilev-ukrain-katolik-universitetnin-hayriye-aqsaminda\/"},"wordCount":161,"commentCount":0,"publisher":{"@id":"https:\/\/qtmm.org\/qt\/#organization"},"articleSection":["Haberler"],"inLanguage":"qt","potentialAction":[{"@type":"CommentAction","name":"Comment","target":["https:\/\/qtmm.org\/qt\/mustafa-cemilev-ukrain-katolik-universitetnin-hayriye-aqsaminda\/#respond"]}]},{"@type":"WebPage","@id":"https:\/\/qtmm.org\/qt\/mustafa-cemilev-ukrain-katolik-universitetnin-hayriye-aqsaminda\/","url":"https:\/\/qtmm.org\/qt\/mustafa-cemilev-ukrain-katolik-universitetnin-hayriye-aqsaminda\/","name":"Mustafa Cemilev Ukrain Katolik Universitetni\u00f1 hayriye aq\u015fam\u0131nda - \u041c\u0435\u0434\u0436\u043b\u0456\u0441","isPartOf":{"@id":"https:\/\/qtmm.org\/qt\/#website"},"datePublished":"2011-10-30T13:59:00+00:00","dateModified":"2022-01-19T13:59:58+00:00","breadcrumb":{"@id":"https:\/\/qtmm.org\/qt\/mustafa-cemilev-ukrain-katolik-universitetnin-hayriye-aqsaminda\/#breadcrumb"},"inLanguage":"qt","potentialAction":[{"@type":"ReadAction","target":["https:\/\/qtmm.org\/qt\/mustafa-cemilev-ukrain-katolik-universitetnin-hayriye-aqsaminda\/"]}]},{"@type":"BreadcrumbList","@id":"https:\/\/qtmm.org\/qt\/mustafa-cemilev-ukrain-katolik-universitetnin-hayriye-aqsaminda\/#breadcrumb","itemListElement":[{"@type":"ListItem","position":1,"name":"\u0413\u043e\u043b\u043e\u0432\u043d\u0430","item":"https:\/\/qtmm.org\/qt\/"},{"@type":"ListItem","position":2,"name":"Mustafa Cemilev Ukrain Katolik Universitetni\u00f1 hayriye aq\u015fam\u0131nda"}]},{"@type":"WebSite","@id":"https:\/\/qtmm.org\/qt\/#website","url":"https:\/\/qtmm.org\/qt\/","name":"\u041c\u0435\u0434\u0436\u043b\u0456\u0441","description":"","publisher":{"@id":"https:\/\/qtmm.org\/qt\/#organization"},"potentialAction":[{"@type":"SearchAction","target":{"@type":"EntryPoint","urlTemplate":"https:\/\/qtmm.org\/qt\/?s={search_term_string}"},"query-input":{"@type":"PropertyValueSpecification","valueRequired":true,"valueName":"search_term_string"}}],"inLanguage":"qt"},{"@type":"Organization","@id":"https:\/\/qtmm.org\/qt\/#organization","name":"\u041c\u0435\u0434\u0436\u043b\u0456\u0441","url":"https:\/\/qtmm.org\/qt\/","logo":{"@type":"ImageObject","inLanguage":"qt","@id":"https:\/\/qtmm.org\/qt\/#\/schema\/logo\/image\/","url":"https:\/\/qtmm.org\/wp-content\/uploads\/2024\/12\/ua-mejlis-logo-rgb.svg","contentUrl":"https:\/\/qtmm.org\/wp-content\/uploads\/2024\/12\/ua-mejlis-logo-rgb.svg","caption":"\u041c\u0435\u0434\u0436\u043b\u0456\u0441"},"image":{"@id":"https:\/\/qtmm.org\/qt\/#\/schema\/logo\/image\/"},"sameAs":["https:\/\/www.facebook.com\/qtmm.info\/"]},{"@type":"Person","@id":"https:\/\/qtmm.org\/qt\/#\/schema\/person\/de562469f971dec226ac06e60bbf74a7","name":"Developer","image":{"@type":"ImageObject","inLanguage":"qt","@id":"https:\/\/secure.gravatar.com\/avatar\/392b4cc8fbfeb00b39dfeeab4ee6edded39ffd48e25858637e4765810300227e?s=96&d=mm&r=g","url":"https:\/\/secure.gravatar.com\/avatar\/392b4cc8fbfeb00b39dfeeab4ee6edded39ffd48e25858637e4765810300227e?s=96&d=mm&r=g","contentUrl":"https:\/\/secure.gravatar.com\/avatar\/392b4cc8fbfeb00b39dfeeab4ee6edded39ffd48e25858637e4765810300227e?s=96&d=mm&r=g","caption":"Developer"},"url":"https:\/\/qtmm.org\/qt\/author\/Developer\/"}]}},"_links":{"self":[{"href":"https:\/\/qtmm.org\/qt\/wp-json\/wp\/v2\/posts\/26776","targetHints":{"allow":["GET"]}}],"collection":[{"href":"https:\/\/qtmm.org\/qt\/wp-json\/wp\/v2\/posts"}],"about":[{"href":"https:\/\/qtmm.org\/qt\/wp-json\/wp\/v2\/types\/post"}],"author":[{"embeddable":true,"href":"https:\/\/qtmm.org\/qt\/wp-json\/wp\/v2\/users\/1"}],"replies":[{"embeddable":true,"href":"https:\/\/qtmm.org\/qt\/wp-json\/wp\/v2\/comments?post=26776"}],"version-history":[{"count":1,"href":"https:\/\/qtmm.org\/qt\/wp-json\/wp\/v2\/posts\/26776\/revisions"}],"predecessor-version":[{"id":26777,"href":"https:\/\/qtmm.org\/qt\/wp-json\/wp\/v2\/posts\/26776\/revisions\/26777"}],"wp:attachment":[{"href":"https:\/\/qtmm.org\/qt\/wp-json\/wp\/v2\/media?parent=26776"}],"wp:term":[{"taxonomy":"category","embeddable":true,"href":"https:\/\/qtmm.org\/qt\/wp-json\/wp\/v2\/categories?post=26776"},{"taxonomy":"post_tag","embeddable":true,"href":"https:\/\/qtmm.org\/qt\/wp-json\/wp\/v2\/tags?post=26776"}],"curies":[{"name":"wp","href":"https:\/\/api.w.org\/{rel}","templated":true}]}}