




{"id":26772,"date":"2011-10-27T16:58:00","date_gmt":"2011-10-27T13:58:00","guid":{"rendered":"http:\/\/qtmm.org\/?p=26772"},"modified":"2022-01-19T16:58:46","modified_gmt":"2022-01-19T13:58:46","slug":"refat-cubarov-stalinobus-ya-da-galebe-avtobuslari-aktsiyasi-aqqinda","status":"publish","type":"post","link":"https:\/\/qtmm.org\/qt\/refat-cubarov-stalinobus-ya-da-galebe-avtobuslari-aktsiyasi-aqqinda\/","title":{"rendered":"Refat \u00c7ubarov \u00abstalinobus\u00bb ya da \u00ab\u011ealebe avtobuslar\u0131\u00bb aktsiyas\u0131 aqq\u0131nda"},"content":{"rendered":"\n<p>&#8221; Cemiyette daima belli bir miqdarda hasta, aq\u0131ldan az\u011fan ve yah\u015f\u0131n\u0131 yamandan ay\u0131rma\u011fa bilmegen, amma bun\u0131 ba\u015fqalar\u011fa da taq\u0131\u015ft\u0131rma\u011fa t\u0131r\u0131\u015fqan insanlar mevcut. \u0130nsanl\u0131qqa nefret beslegen \u011fayelerini tarqatqan bu kibi insanlar\u011fa normal cemiyet&nbsp; qanun ile belgilengen tibbiy ve ya da ceza \u00e7arelerini qullana.<\/p>\n\n\n\n<p>Aqyar \u015feerindeki cemaat yerlerinde, \u015fu c\u00fcmleden naqliye vastalar\u0131nda&nbsp; Stalinni\u00f1 resimini qoymaq \u00d6BSE Parlament Assambleyas\u0131 taraf\u0131ndan natsizm rejiminen bir s\u0131rada qaralan\u011fan totalitar Stalin rejimini a\u00e7\u0131qtan-a\u00e7\u0131q aqlamaq areketi, dep bilmek m\u00fcmk\u00fcn.<\/p>\n\n\n\n<p>L\u00e2kin men i\u00e7\u00fcn m\u00fcimi Stalin portretine nisbeten Aqyar sakinlerini\u00f1&nbsp; seslenmesi. \u00c7\u00fcnki olarn\u0131\u00f1 bir \u00e7oqlar\u0131 kendilerini rus milletine mens\u00fcp, dep saya ve rus halq\u0131n\u0131\u00f1 tarih\u0131n\u0131 \u00fcrmet etmege \u00e7a\u011f\u0131ralar.&nbsp; Ola bilir ki (B\u00f6yle tahmin etkenim i\u00e7\u00fcn ba\u011f\u0131\u015fla\u00f1\u0131z) olarn\u0131\u00f1 bir \u00e7oqlar\u0131 Ukraina ve Q\u0131r\u0131m ba\u015f\u0131ndan ke\u00e7irgen A\u00e7l\u0131q ve q\u0131r\u0131mtatar halq\u0131n\u0131\u00f1 s\u00fcrg\u00fcnligi, bundan da \u011fayr\u0131 \u00f6z tarih\u0131ndan marum etilgen rus halq\u0131n\u0131\u00f1 da&nbsp; facias\u0131n\u0131 a\u00f1lap olamayd\u0131rlar.<\/p>\n\n\n\n<p>Desene, olar&nbsp; q\u0131z\u0131l terror, pravoslav dindarlarn\u0131 ve rus kazaklar\u0131, k\u00f6yl\u00fclerini yoq et\u00fcv akiyalar\u0131, qurban ol\u011fan millionlarnen rus adamlar\u0131n\u0131 unut\u0131p olurlar.<\/p>\n\n\n\n<p>Men belli olma\u011fan rum \u015fairini\u00f1 \u015fu fikiri Aqyar sakinlerine ait olma\u011fan\u0131na inanmaq ister edim: &#8220;Ta\u00f1r\u0131n\u0131\u00f1 qahrine o\u011fra\u011fan insann\u0131\u00f1 Rabbi aql\u0131n\u0131 ala, yapt\u0131qlar\u0131n\u0131 a\u00f1lamamas\u0131 i\u00e7\u00fcn miyini bura.<\/p>\n\n\n\n<p>&nbsp;Aks alda, hat\u0131ralar\u0131na hiyanetlik etip nas\u0131l ve ne i\u00e7\u00fcn ya\u015faycaqlar?&#8221; &#8211; dedi&nbsp; Den&#8221; gazetas\u0131n\u0131\u00f1 sualine cevap berir eken,&nbsp; B\u00fct\u00fcnd\u00fcnya q\u0131r\u0131mtatarlar kongressini\u00f1 prezidenti, Q\u0131r\u0131m Yuqar\u0131 \u015euras\u0131n\u0131\u00f1 deputat\u0131 Refat \u00c7UBAROV &#8220;.<\/p>\n\n\n\n<p>\u00a0Maqaleni\u00f1 tolu metinini\u00a0&#8220;Den&#8221; gazetas\u0131n\u0131\u00f1\u00a0saifesinde oqumaq m\u00fcmk\u00fcn.<\/p>\n","protected":false},"excerpt":{"rendered":"<p>&#8221; Cemiyette daima belli bir miqdarda hasta, aq\u0131ldan az\u011fan ve yah\u015f\u0131n\u0131 yamandan ay\u0131rma\u011fa bilmegen, amma bun\u0131 ba\u015fqalar\u011fa da taq\u0131\u015ft\u0131rma\u011fa t\u0131r\u0131\u015fqan insanlar mevcut. \u0130nsanl\u0131qqa nefret beslegen \u011fayelerini tarqatqan bu kibi insanlar\u011fa normal cemiyet&nbsp; qanun ile belgilengen tibbiy ve ya da ceza \u00e7arelerini qullana. Aqyar \u015feerindeki cemaat yerlerinde, \u015fu c\u00fcmleden naqliye vastalar\u0131nda&nbsp; Stalinni\u00f1 resimini qoymaq \u00d6BSE Parlament [&hellip;]<\/p>\n","protected":false},"author":1,"featured_media":0,"comment_status":"open","ping_status":"open","sticky":false,"template":"","format":"standard","meta":{"inline_featured_image":false,"footnotes":""},"categories":[265],"tags":[],"class_list":["post-26772","post","type-post","status-publish","format-standard","hentry","category-haberler"],"acf":[],"yoast_head":"<!-- This site is optimized with the Yoast SEO plugin v27.4 - https:\/\/yoast.com\/product\/yoast-seo-wordpress\/ -->\n<title>Refat \u00c7ubarov \u00abstalinobus\u00bb ya da \u00ab\u011ealebe avtobuslar\u0131\u00bb aktsiyas\u0131 aqq\u0131nda - \u041c\u0435\u0434\u0436\u043b\u0456\u0441<\/title>\n<meta name=\"robots\" content=\"index, follow, max-snippet:-1, max-image-preview:large, max-video-preview:-1\" \/>\n<link rel=\"canonical\" href=\"https:\/\/qtmm.org\/qt\/refat-cubarov-stalinobus-ya-da-galebe-avtobuslari-aktsiyasi-aqqinda\/\" \/>\n<meta property=\"og:locale\" content=\"en_US\" \/>\n<meta property=\"og:type\" content=\"article\" \/>\n<meta property=\"og:title\" content=\"Refat \u00c7ubarov \u00abstalinobus\u00bb ya da \u00ab\u011ealebe avtobuslar\u0131\u00bb aktsiyas\u0131 aqq\u0131nda - \u041c\u0435\u0434\u0436\u043b\u0456\u0441\" \/>\n<meta property=\"og:description\" content=\"&#8221; Cemiyette daima belli bir miqdarda hasta, aq\u0131ldan az\u011fan ve yah\u015f\u0131n\u0131 yamandan ay\u0131rma\u011fa bilmegen, amma bun\u0131 ba\u015fqalar\u011fa da taq\u0131\u015ft\u0131rma\u011fa t\u0131r\u0131\u015fqan insanlar mevcut. \u0130nsanl\u0131qqa nefret beslegen \u011fayelerini tarqatqan bu kibi insanlar\u011fa normal cemiyet&nbsp; qanun ile belgilengen tibbiy ve ya da ceza \u00e7arelerini qullana. Aqyar \u015feerindeki cemaat yerlerinde, \u015fu c\u00fcmleden naqliye vastalar\u0131nda&nbsp; Stalinni\u00f1 resimini qoymaq \u00d6BSE Parlament [&hellip;]\" \/>\n<meta property=\"og:url\" content=\"https:\/\/qtmm.org\/qt\/refat-cubarov-stalinobus-ya-da-galebe-avtobuslari-aktsiyasi-aqqinda\/\" \/>\n<meta property=\"og:site_name\" content=\"\u041c\u0435\u0434\u0436\u043b\u0456\u0441\" \/>\n<meta property=\"article:publisher\" content=\"https:\/\/www.facebook.com\/qtmm.info\/\" \/>\n<meta property=\"article:published_time\" content=\"2011-10-27T13:58:00+00:00\" \/>\n<meta property=\"article:modified_time\" content=\"2022-01-19T13:58:46+00:00\" \/>\n<meta name=\"author\" content=\"Developer\" \/>\n<meta name=\"twitter:card\" content=\"summary_large_image\" \/>\n<meta name=\"twitter:label1\" content=\"Written by\" \/>\n\t<meta name=\"twitter:data1\" content=\"Developer\" \/>\n\t<meta name=\"twitter:label2\" content=\"Est. reading time\" \/>\n\t<meta name=\"twitter:data2\" content=\"2 minutes\" \/>\n<script type=\"application\/ld+json\" class=\"yoast-schema-graph\">{\"@context\":\"https:\\\/\\\/schema.org\",\"@graph\":[{\"@type\":\"Article\",\"@id\":\"https:\\\/\\\/qtmm.org\\\/qt\\\/refat-cubarov-stalinobus-ya-da-galebe-avtobuslari-aktsiyasi-aqqinda\\\/#article\",\"isPartOf\":{\"@id\":\"https:\\\/\\\/qtmm.org\\\/qt\\\/refat-cubarov-stalinobus-ya-da-galebe-avtobuslari-aktsiyasi-aqqinda\\\/\"},\"author\":{\"name\":\"Developer\",\"@id\":\"https:\\\/\\\/qtmm.org\\\/qt\\\/#\\\/schema\\\/person\\\/de562469f971dec226ac06e60bbf74a7\"},\"headline\":\"Refat \u00c7ubarov \u00abstalinobus\u00bb ya da \u00ab\u011ealebe avtobuslar\u0131\u00bb aktsiyas\u0131 aqq\u0131nda\",\"datePublished\":\"2011-10-27T13:58:00+00:00\",\"dateModified\":\"2022-01-19T13:58:46+00:00\",\"mainEntityOfPage\":{\"@id\":\"https:\\\/\\\/qtmm.org\\\/qt\\\/refat-cubarov-stalinobus-ya-da-galebe-avtobuslari-aktsiyasi-aqqinda\\\/\"},\"wordCount\":319,\"commentCount\":0,\"publisher\":{\"@id\":\"https:\\\/\\\/qtmm.org\\\/qt\\\/#organization\"},\"articleSection\":[\"Haberler\"],\"inLanguage\":\"qt\",\"potentialAction\":[{\"@type\":\"CommentAction\",\"name\":\"Comment\",\"target\":[\"https:\\\/\\\/qtmm.org\\\/qt\\\/refat-cubarov-stalinobus-ya-da-galebe-avtobuslari-aktsiyasi-aqqinda\\\/#respond\"]}]},{\"@type\":\"WebPage\",\"@id\":\"https:\\\/\\\/qtmm.org\\\/qt\\\/refat-cubarov-stalinobus-ya-da-galebe-avtobuslari-aktsiyasi-aqqinda\\\/\",\"url\":\"https:\\\/\\\/qtmm.org\\\/qt\\\/refat-cubarov-stalinobus-ya-da-galebe-avtobuslari-aktsiyasi-aqqinda\\\/\",\"name\":\"Refat \u00c7ubarov \u00abstalinobus\u00bb ya da \u00ab\u011ealebe avtobuslar\u0131\u00bb aktsiyas\u0131 aqq\u0131nda - \u041c\u0435\u0434\u0436\u043b\u0456\u0441\",\"isPartOf\":{\"@id\":\"https:\\\/\\\/qtmm.org\\\/qt\\\/#website\"},\"datePublished\":\"2011-10-27T13:58:00+00:00\",\"dateModified\":\"2022-01-19T13:58:46+00:00\",\"breadcrumb\":{\"@id\":\"https:\\\/\\\/qtmm.org\\\/qt\\\/refat-cubarov-stalinobus-ya-da-galebe-avtobuslari-aktsiyasi-aqqinda\\\/#breadcrumb\"},\"inLanguage\":\"qt\",\"potentialAction\":[{\"@type\":\"ReadAction\",\"target\":[\"https:\\\/\\\/qtmm.org\\\/qt\\\/refat-cubarov-stalinobus-ya-da-galebe-avtobuslari-aktsiyasi-aqqinda\\\/\"]}]},{\"@type\":\"BreadcrumbList\",\"@id\":\"https:\\\/\\\/qtmm.org\\\/qt\\\/refat-cubarov-stalinobus-ya-da-galebe-avtobuslari-aktsiyasi-aqqinda\\\/#breadcrumb\",\"itemListElement\":[{\"@type\":\"ListItem\",\"position\":1,\"name\":\"\u0413\u043e\u043b\u043e\u0432\u043d\u0430\",\"item\":\"https:\\\/\\\/qtmm.org\\\/qt\\\/\"},{\"@type\":\"ListItem\",\"position\":2,\"name\":\"Refat \u00c7ubarov \u00abstalinobus\u00bb ya da \u00ab\u011ealebe avtobuslar\u0131\u00bb aktsiyas\u0131 aqq\u0131nda\"}]},{\"@type\":\"WebSite\",\"@id\":\"https:\\\/\\\/qtmm.org\\\/qt\\\/#website\",\"url\":\"https:\\\/\\\/qtmm.org\\\/qt\\\/\",\"name\":\"\u041c\u0435\u0434\u0436\u043b\u0456\u0441\",\"description\":\"\",\"publisher\":{\"@id\":\"https:\\\/\\\/qtmm.org\\\/qt\\\/#organization\"},\"potentialAction\":[{\"@type\":\"SearchAction\",\"target\":{\"@type\":\"EntryPoint\",\"urlTemplate\":\"https:\\\/\\\/qtmm.org\\\/qt\\\/?s={search_term_string}\"},\"query-input\":{\"@type\":\"PropertyValueSpecification\",\"valueRequired\":true,\"valueName\":\"search_term_string\"}}],\"inLanguage\":\"qt\"},{\"@type\":\"Organization\",\"@id\":\"https:\\\/\\\/qtmm.org\\\/qt\\\/#organization\",\"name\":\"\u041c\u0435\u0434\u0436\u043b\u0456\u0441\",\"url\":\"https:\\\/\\\/qtmm.org\\\/qt\\\/\",\"logo\":{\"@type\":\"ImageObject\",\"inLanguage\":\"qt\",\"@id\":\"https:\\\/\\\/qtmm.org\\\/qt\\\/#\\\/schema\\\/logo\\\/image\\\/\",\"url\":\"https:\\\/\\\/qtmm.org\\\/wp-content\\\/uploads\\\/2024\\\/12\\\/ua-mejlis-logo-rgb.svg\",\"contentUrl\":\"https:\\\/\\\/qtmm.org\\\/wp-content\\\/uploads\\\/2024\\\/12\\\/ua-mejlis-logo-rgb.svg\",\"caption\":\"\u041c\u0435\u0434\u0436\u043b\u0456\u0441\"},\"image\":{\"@id\":\"https:\\\/\\\/qtmm.org\\\/qt\\\/#\\\/schema\\\/logo\\\/image\\\/\"},\"sameAs\":[\"https:\\\/\\\/www.facebook.com\\\/qtmm.info\\\/\"]},{\"@type\":\"Person\",\"@id\":\"https:\\\/\\\/qtmm.org\\\/qt\\\/#\\\/schema\\\/person\\\/de562469f971dec226ac06e60bbf74a7\",\"name\":\"Developer\",\"image\":{\"@type\":\"ImageObject\",\"inLanguage\":\"qt\",\"@id\":\"https:\\\/\\\/secure.gravatar.com\\\/avatar\\\/392b4cc8fbfeb00b39dfeeab4ee6edded39ffd48e25858637e4765810300227e?s=96&d=mm&r=g\",\"url\":\"https:\\\/\\\/secure.gravatar.com\\\/avatar\\\/392b4cc8fbfeb00b39dfeeab4ee6edded39ffd48e25858637e4765810300227e?s=96&d=mm&r=g\",\"contentUrl\":\"https:\\\/\\\/secure.gravatar.com\\\/avatar\\\/392b4cc8fbfeb00b39dfeeab4ee6edded39ffd48e25858637e4765810300227e?s=96&d=mm&r=g\",\"caption\":\"Developer\"},\"url\":\"https:\\\/\\\/qtmm.org\\\/qt\\\/author\\\/Developer\\\/\"}]}<\/script>\n<!-- \/ Yoast SEO plugin. -->","yoast_head_json":{"title":"Refat \u00c7ubarov \u00abstalinobus\u00bb ya da \u00ab\u011ealebe avtobuslar\u0131\u00bb aktsiyas\u0131 aqq\u0131nda - \u041c\u0435\u0434\u0436\u043b\u0456\u0441","robots":{"index":"index","follow":"follow","max-snippet":"max-snippet:-1","max-image-preview":"max-image-preview:large","max-video-preview":"max-video-preview:-1"},"canonical":"https:\/\/qtmm.org\/qt\/refat-cubarov-stalinobus-ya-da-galebe-avtobuslari-aktsiyasi-aqqinda\/","og_locale":"en_US","og_type":"article","og_title":"Refat \u00c7ubarov \u00abstalinobus\u00bb ya da \u00ab\u011ealebe avtobuslar\u0131\u00bb aktsiyas\u0131 aqq\u0131nda - \u041c\u0435\u0434\u0436\u043b\u0456\u0441","og_description":"&#8221; Cemiyette daima belli bir miqdarda hasta, aq\u0131ldan az\u011fan ve yah\u015f\u0131n\u0131 yamandan ay\u0131rma\u011fa bilmegen, amma bun\u0131 ba\u015fqalar\u011fa da taq\u0131\u015ft\u0131rma\u011fa t\u0131r\u0131\u015fqan insanlar mevcut. \u0130nsanl\u0131qqa nefret beslegen \u011fayelerini tarqatqan bu kibi insanlar\u011fa normal cemiyet&nbsp; qanun ile belgilengen tibbiy ve ya da ceza \u00e7arelerini qullana. Aqyar \u015feerindeki cemaat yerlerinde, \u015fu c\u00fcmleden naqliye vastalar\u0131nda&nbsp; Stalinni\u00f1 resimini qoymaq \u00d6BSE Parlament [&hellip;]","og_url":"https:\/\/qtmm.org\/qt\/refat-cubarov-stalinobus-ya-da-galebe-avtobuslari-aktsiyasi-aqqinda\/","og_site_name":"\u041c\u0435\u0434\u0436\u043b\u0456\u0441","article_publisher":"https:\/\/www.facebook.com\/qtmm.info\/","article_published_time":"2011-10-27T13:58:00+00:00","article_modified_time":"2022-01-19T13:58:46+00:00","author":"Developer","twitter_card":"summary_large_image","twitter_misc":{"Written by":"Developer","Est. reading time":"2 minutes"},"schema":{"@context":"https:\/\/schema.org","@graph":[{"@type":"Article","@id":"https:\/\/qtmm.org\/qt\/refat-cubarov-stalinobus-ya-da-galebe-avtobuslari-aktsiyasi-aqqinda\/#article","isPartOf":{"@id":"https:\/\/qtmm.org\/qt\/refat-cubarov-stalinobus-ya-da-galebe-avtobuslari-aktsiyasi-aqqinda\/"},"author":{"name":"Developer","@id":"https:\/\/qtmm.org\/qt\/#\/schema\/person\/de562469f971dec226ac06e60bbf74a7"},"headline":"Refat \u00c7ubarov \u00abstalinobus\u00bb ya da \u00ab\u011ealebe avtobuslar\u0131\u00bb aktsiyas\u0131 aqq\u0131nda","datePublished":"2011-10-27T13:58:00+00:00","dateModified":"2022-01-19T13:58:46+00:00","mainEntityOfPage":{"@id":"https:\/\/qtmm.org\/qt\/refat-cubarov-stalinobus-ya-da-galebe-avtobuslari-aktsiyasi-aqqinda\/"},"wordCount":319,"commentCount":0,"publisher":{"@id":"https:\/\/qtmm.org\/qt\/#organization"},"articleSection":["Haberler"],"inLanguage":"qt","potentialAction":[{"@type":"CommentAction","name":"Comment","target":["https:\/\/qtmm.org\/qt\/refat-cubarov-stalinobus-ya-da-galebe-avtobuslari-aktsiyasi-aqqinda\/#respond"]}]},{"@type":"WebPage","@id":"https:\/\/qtmm.org\/qt\/refat-cubarov-stalinobus-ya-da-galebe-avtobuslari-aktsiyasi-aqqinda\/","url":"https:\/\/qtmm.org\/qt\/refat-cubarov-stalinobus-ya-da-galebe-avtobuslari-aktsiyasi-aqqinda\/","name":"Refat \u00c7ubarov \u00abstalinobus\u00bb ya da \u00ab\u011ealebe avtobuslar\u0131\u00bb aktsiyas\u0131 aqq\u0131nda - \u041c\u0435\u0434\u0436\u043b\u0456\u0441","isPartOf":{"@id":"https:\/\/qtmm.org\/qt\/#website"},"datePublished":"2011-10-27T13:58:00+00:00","dateModified":"2022-01-19T13:58:46+00:00","breadcrumb":{"@id":"https:\/\/qtmm.org\/qt\/refat-cubarov-stalinobus-ya-da-galebe-avtobuslari-aktsiyasi-aqqinda\/#breadcrumb"},"inLanguage":"qt","potentialAction":[{"@type":"ReadAction","target":["https:\/\/qtmm.org\/qt\/refat-cubarov-stalinobus-ya-da-galebe-avtobuslari-aktsiyasi-aqqinda\/"]}]},{"@type":"BreadcrumbList","@id":"https:\/\/qtmm.org\/qt\/refat-cubarov-stalinobus-ya-da-galebe-avtobuslari-aktsiyasi-aqqinda\/#breadcrumb","itemListElement":[{"@type":"ListItem","position":1,"name":"\u0413\u043e\u043b\u043e\u0432\u043d\u0430","item":"https:\/\/qtmm.org\/qt\/"},{"@type":"ListItem","position":2,"name":"Refat \u00c7ubarov \u00abstalinobus\u00bb ya da \u00ab\u011ealebe avtobuslar\u0131\u00bb aktsiyas\u0131 aqq\u0131nda"}]},{"@type":"WebSite","@id":"https:\/\/qtmm.org\/qt\/#website","url":"https:\/\/qtmm.org\/qt\/","name":"\u041c\u0435\u0434\u0436\u043b\u0456\u0441","description":"","publisher":{"@id":"https:\/\/qtmm.org\/qt\/#organization"},"potentialAction":[{"@type":"SearchAction","target":{"@type":"EntryPoint","urlTemplate":"https:\/\/qtmm.org\/qt\/?s={search_term_string}"},"query-input":{"@type":"PropertyValueSpecification","valueRequired":true,"valueName":"search_term_string"}}],"inLanguage":"qt"},{"@type":"Organization","@id":"https:\/\/qtmm.org\/qt\/#organization","name":"\u041c\u0435\u0434\u0436\u043b\u0456\u0441","url":"https:\/\/qtmm.org\/qt\/","logo":{"@type":"ImageObject","inLanguage":"qt","@id":"https:\/\/qtmm.org\/qt\/#\/schema\/logo\/image\/","url":"https:\/\/qtmm.org\/wp-content\/uploads\/2024\/12\/ua-mejlis-logo-rgb.svg","contentUrl":"https:\/\/qtmm.org\/wp-content\/uploads\/2024\/12\/ua-mejlis-logo-rgb.svg","caption":"\u041c\u0435\u0434\u0436\u043b\u0456\u0441"},"image":{"@id":"https:\/\/qtmm.org\/qt\/#\/schema\/logo\/image\/"},"sameAs":["https:\/\/www.facebook.com\/qtmm.info\/"]},{"@type":"Person","@id":"https:\/\/qtmm.org\/qt\/#\/schema\/person\/de562469f971dec226ac06e60bbf74a7","name":"Developer","image":{"@type":"ImageObject","inLanguage":"qt","@id":"https:\/\/secure.gravatar.com\/avatar\/392b4cc8fbfeb00b39dfeeab4ee6edded39ffd48e25858637e4765810300227e?s=96&d=mm&r=g","url":"https:\/\/secure.gravatar.com\/avatar\/392b4cc8fbfeb00b39dfeeab4ee6edded39ffd48e25858637e4765810300227e?s=96&d=mm&r=g","contentUrl":"https:\/\/secure.gravatar.com\/avatar\/392b4cc8fbfeb00b39dfeeab4ee6edded39ffd48e25858637e4765810300227e?s=96&d=mm&r=g","caption":"Developer"},"url":"https:\/\/qtmm.org\/qt\/author\/Developer\/"}]}},"_links":{"self":[{"href":"https:\/\/qtmm.org\/qt\/wp-json\/wp\/v2\/posts\/26772","targetHints":{"allow":["GET"]}}],"collection":[{"href":"https:\/\/qtmm.org\/qt\/wp-json\/wp\/v2\/posts"}],"about":[{"href":"https:\/\/qtmm.org\/qt\/wp-json\/wp\/v2\/types\/post"}],"author":[{"embeddable":true,"href":"https:\/\/qtmm.org\/qt\/wp-json\/wp\/v2\/users\/1"}],"replies":[{"embeddable":true,"href":"https:\/\/qtmm.org\/qt\/wp-json\/wp\/v2\/comments?post=26772"}],"version-history":[{"count":1,"href":"https:\/\/qtmm.org\/qt\/wp-json\/wp\/v2\/posts\/26772\/revisions"}],"predecessor-version":[{"id":26773,"href":"https:\/\/qtmm.org\/qt\/wp-json\/wp\/v2\/posts\/26772\/revisions\/26773"}],"wp:attachment":[{"href":"https:\/\/qtmm.org\/qt\/wp-json\/wp\/v2\/media?parent=26772"}],"wp:term":[{"taxonomy":"category","embeddable":true,"href":"https:\/\/qtmm.org\/qt\/wp-json\/wp\/v2\/categories?post=26772"},{"taxonomy":"post_tag","embeddable":true,"href":"https:\/\/qtmm.org\/qt\/wp-json\/wp\/v2\/tags?post=26772"}],"curies":[{"name":"wp","href":"https:\/\/api.w.org\/{rel}","templated":true}]}}