




{"id":26738,"date":"2011-10-25T16:54:00","date_gmt":"2011-10-25T13:54:00","guid":{"rendered":"http:\/\/qtmm.org\/?p=26738"},"modified":"2022-01-19T16:55:10","modified_gmt":"2022-01-19T13:55:10","slug":"yaslar-surasi-talaqaga-cagira","status":"publish","type":"post","link":"https:\/\/qtmm.org\/qt\/yaslar-surasi-talaqaga-cagira\/","title":{"rendered":"&#8220;Ya\u015flar \u015euras\u0131&#8221; talaqa\u011fa \u00e7a\u011f\u0131ra"},"content":{"rendered":"\n<p>Bu aqta parkn\u0131 \u011fayr\u0131dan tiklev leyhas\u0131n\u0131\u00f1 reberi, gen\u00e7lerni\u00f1 &#8220;Ya\u015flar \u015euras\u0131&#8221; te\u015fkil\u00e2t\u0131n\u0131\u00f1 azas\u0131 Dil\u00e2ver Akiyev bildirdi.<\/p>\n\n\n\n<p>&#8220;Bir qa\u00e7 aydan berli gen\u00e7lerni\u00f1 &#8220;Ya\u015flar \u015furas\u0131&#8221; cemaat te\u015fkil\u00e2t\u0131n\u0131\u00f1 te\u015febb\u00fcsi ile Biyuk-Onlar qasabas\u0131nda medeniyet ve istraat ba\u011f\u00e7as\u0131n\u0131 \u011fayr\u0131dan tiklev i\u015fleri al\u0131p bar\u0131la. Okt\u00e2brskiy k\u00f6y \u015furas\u0131 ya\u015flarn\u0131\u00f1 bu y\u00f6neli\u015fte beraber \u00e7al\u0131\u015fmaq teklifini qabul etti ve k\u00f6y \u015furas\u0131n\u0131\u00f1 icra komitet ive te\u015fkil\u00e2t\u0131m\u0131z aras\u0131nda a\u00f1la\u015fma imzaland\u0131 &#8220;, &#8211; dedi D. Akiyev.<\/p>\n\n\n\n<p>A\u00f1la\u015fma imzalan\u011fan so\u00f1 &#8220;Ya\u015flar \u015furas\u0131&#8221;n\u0131\u00f1 azalar\u0131 k\u00f6y sakinlerini\u00f1 topla\u015fuvlar\u0131nda \u00e7\u0131q\u0131\u015fta bulun\u0131p, ba\u011f\u00e7an\u0131 tamirlev \u011fayesini \u00f6gge s\u00fcrdiler. Qasaba sakinleri bu \u011fayeni maqullep, bu i\u015flerge qo\u015fulmaq istegini bildirdiler. Ba\u011f\u00e7an\u0131 tiklev leyhas\u0131 UNITER leyhas\u0131 \u00e7er\u00e7ivesinde Amerika Qo\u015fma \u015etatlar\u0131 Halqara inki\u015faf boyunca agentligini\u00f1 maddiy yard\u0131m\u0131 ile amelge ke\u00e7irilmekte.<\/p>\n\n\n\n<figure class=\"wp-block-image size-full\"><img loading=\"lazy\" decoding=\"async\" width=\"566\" height=\"800\" src=\"http:\/\/qtmm.org\/wp-content\/uploads\/2022\/01\/a3_jpg_1-1.jpeg\" alt=\"\" class=\"wp-image-26739\" srcset=\"https:\/\/qtmm.org\/wp-content\/uploads\/2022\/01\/a3_jpg_1-1.jpeg 566w, https:\/\/qtmm.org\/wp-content\/uploads\/2022\/01\/a3_jpg_1-1-212x300.jpeg 212w\" sizes=\"auto, (max-width: 566px) 100vw, 566px\" \/><\/figure>\n\n\n\n<p>\u015eun\u0131 da qayd etmeli ki, qasaba \u015furas\u0131, yerli i\u015f adamlar\u0131 ve bun\u0131\u00f1 kibi sakinler de leyhan\u0131\u00f1 ker\u00e7ekle\u015fmesine maliyeviy destek de kostereler. Leyha reberini\u00f1 bildirgenine k\u00f6re, qasabada 11 bi\u00f1 insan ya\u015fay. Qasabagn\u0131\u00f1 Ba\u015f plan\u0131na k\u00f6re merkezde 4 gektar meydanda ba\u011f\u00e7a yerle\u015fken. Amma \u00e7oq y\u0131llardan berli bu\u00f1a kimse qulaq asma\u011fan\u0131, baqma\u011fan\u0131 neticesinde ba\u011f\u00e7a p\u00fcs\u00fcr ta\u015flan\u011fan yerge \u00e7evirilgen. 2011 senesini\u00f1 baarinde yerli akimiyet ba\u011f\u00e7an\u0131 tertipke ketirmek niyetinde bir-eki i\u015flerni yapqan, terek de oturtqan kibi old\u0131. L\u00e2kin bu areket bir kerelik ol\u0131p, k\u00f6zge k\u00f6r\u00fcngen bir netice bermedi.<\/p>\n\n\n\n<p>Qasaba ve yaq\u0131nlarda yerle\u015fken k\u00f6y sakinlerine, olarn\u0131\u00f1 balalar\u0131na raatlanmaq-eglenmek i\u00e7\u00fcn yer yoqt\u0131r. Gen\u00e7lerni\u00f1 sportnen o\u011fra\u015fmalar\u0131 i\u00e7\u00fcn de \u015farait yoq.. &#8221; &#8220;Ya\u015flar \u015euras\u0131&#8221; Biyuk Onlar qasabas\u0131 ve musafirleri i\u00e7\u00fcn abadan, sport ve oyun meydan\u00e7\u0131qlar\u0131 ol\u011fan ba\u011f\u00e7ada raatlanmaq ve eglenmek i\u00e7\u00fcn \u015farait yartamaqn\u0131 \u00f6glerine vazife olaraq qoyd\u0131lar&#8221;, &#8211; haber ete<br>On\u0131\u00f1 bergen mal\u00fcmat\u0131na k\u00f6re al-az\u0131rda ba\u011f\u00e7a\u011fa suv a\u011flar\u0131 ve elektrik \u0131\u015f\u0131qlar\u0131n\u0131 ke\u00e7ir\u00fcv i\u015fleri kete. Okt\u00e2br 29 k\u00fcn\u00fc ise talaqa \u00f6tkerilip, qasaba sakinlerini\u00f1 ve bu i\u015fke qo\u015fulma\u011fa istegenlerni\u00f1 i\u015ftirakinde ba\u011f\u00e7ada \u00e7e\u00e7ek ve terekler oturt\u0131lacaq.<\/p>\n\n\n\n<p class=\"has-text-align-right\"><em><strong>Ayder Acimambetov<\/strong><\/em><\/p>\n","protected":false},"excerpt":{"rendered":"<p>Bu aqta parkn\u0131 \u011fayr\u0131dan tiklev leyhas\u0131n\u0131\u00f1 reberi, gen\u00e7lerni\u00f1 &#8220;Ya\u015flar \u015euras\u0131&#8221; te\u015fkil\u00e2t\u0131n\u0131\u00f1 azas\u0131 Dil\u00e2ver Akiyev bildirdi. &#8220;Bir qa\u00e7 aydan berli gen\u00e7lerni\u00f1 &#8220;Ya\u015flar \u015furas\u0131&#8221; cemaat te\u015fkil\u00e2t\u0131n\u0131\u00f1 te\u015febb\u00fcsi ile Biyuk-Onlar qasabas\u0131nda medeniyet ve istraat ba\u011f\u00e7as\u0131n\u0131 \u011fayr\u0131dan tiklev i\u015fleri al\u0131p bar\u0131la. Okt\u00e2brskiy k\u00f6y \u015furas\u0131 ya\u015flarn\u0131\u00f1 bu y\u00f6neli\u015fte beraber \u00e7al\u0131\u015fmaq teklifini qabul etti ve k\u00f6y \u015furas\u0131n\u0131\u00f1 icra komitet ive te\u015fkil\u00e2t\u0131m\u0131z [&hellip;]<\/p>\n","protected":false},"author":1,"featured_media":0,"comment_status":"open","ping_status":"open","sticky":false,"template":"","format":"standard","meta":{"inline_featured_image":false,"footnotes":""},"categories":[265],"tags":[],"class_list":["post-26738","post","type-post","status-publish","format-standard","hentry","category-haberler"],"acf":[],"yoast_head":"<!-- This site is optimized with the Yoast SEO plugin v27.4 - https:\/\/yoast.com\/product\/yoast-seo-wordpress\/ -->\n<title>&quot;Ya\u015flar \u015euras\u0131&quot; talaqa\u011fa \u00e7a\u011f\u0131ra - \u041c\u0435\u0434\u0436\u043b\u0456\u0441<\/title>\n<meta name=\"robots\" content=\"index, follow, max-snippet:-1, max-image-preview:large, max-video-preview:-1\" \/>\n<link rel=\"canonical\" href=\"https:\/\/qtmm.org\/qt\/yaslar-surasi-talaqaga-cagira\/\" \/>\n<meta property=\"og:locale\" content=\"en_US\" \/>\n<meta property=\"og:type\" content=\"article\" \/>\n<meta property=\"og:title\" content=\"&quot;Ya\u015flar \u015euras\u0131&quot; talaqa\u011fa \u00e7a\u011f\u0131ra - \u041c\u0435\u0434\u0436\u043b\u0456\u0441\" \/>\n<meta property=\"og:description\" content=\"Bu aqta parkn\u0131 \u011fayr\u0131dan tiklev leyhas\u0131n\u0131\u00f1 reberi, gen\u00e7lerni\u00f1 &#8220;Ya\u015flar \u015euras\u0131&#8221; te\u015fkil\u00e2t\u0131n\u0131\u00f1 azas\u0131 Dil\u00e2ver Akiyev bildirdi. &#8220;Bir qa\u00e7 aydan berli gen\u00e7lerni\u00f1 &#8220;Ya\u015flar \u015furas\u0131&#8221; cemaat te\u015fkil\u00e2t\u0131n\u0131\u00f1 te\u015febb\u00fcsi ile Biyuk-Onlar qasabas\u0131nda medeniyet ve istraat ba\u011f\u00e7as\u0131n\u0131 \u011fayr\u0131dan tiklev i\u015fleri al\u0131p bar\u0131la. Okt\u00e2brskiy k\u00f6y \u015furas\u0131 ya\u015flarn\u0131\u00f1 bu y\u00f6neli\u015fte beraber \u00e7al\u0131\u015fmaq teklifini qabul etti ve k\u00f6y \u015furas\u0131n\u0131\u00f1 icra komitet ive te\u015fkil\u00e2t\u0131m\u0131z [&hellip;]\" \/>\n<meta property=\"og:url\" content=\"https:\/\/qtmm.org\/qt\/yaslar-surasi-talaqaga-cagira\/\" \/>\n<meta property=\"og:site_name\" content=\"\u041c\u0435\u0434\u0436\u043b\u0456\u0441\" \/>\n<meta property=\"article:publisher\" content=\"https:\/\/www.facebook.com\/qtmm.info\/\" \/>\n<meta property=\"article:published_time\" content=\"2011-10-25T13:54:00+00:00\" \/>\n<meta property=\"article:modified_time\" content=\"2022-01-19T13:55:10+00:00\" \/>\n<meta property=\"og:image\" content=\"https:\/\/qtmm.org\/wp-content\/uploads\/2022\/01\/a3_jpg_1-1.jpeg\" \/>\n\t<meta property=\"og:image:width\" content=\"566\" \/>\n\t<meta property=\"og:image:height\" content=\"800\" \/>\n\t<meta property=\"og:image:type\" content=\"image\/jpeg\" \/>\n<meta name=\"author\" content=\"Developer\" \/>\n<meta name=\"twitter:card\" content=\"summary_large_image\" \/>\n<meta name=\"twitter:label1\" content=\"Written by\" \/>\n\t<meta name=\"twitter:data1\" content=\"Developer\" \/>\n\t<meta name=\"twitter:label2\" content=\"Est. reading time\" \/>\n\t<meta name=\"twitter:data2\" content=\"2 minutes\" \/>\n<script type=\"application\/ld+json\" class=\"yoast-schema-graph\">{\"@context\":\"https:\\\/\\\/schema.org\",\"@graph\":[{\"@type\":\"Article\",\"@id\":\"https:\\\/\\\/qtmm.org\\\/qt\\\/yaslar-surasi-talaqaga-cagira\\\/#article\",\"isPartOf\":{\"@id\":\"https:\\\/\\\/qtmm.org\\\/qt\\\/yaslar-surasi-talaqaga-cagira\\\/\"},\"author\":{\"name\":\"Developer\",\"@id\":\"https:\\\/\\\/qtmm.org\\\/qt\\\/#\\\/schema\\\/person\\\/de562469f971dec226ac06e60bbf74a7\"},\"headline\":\"&#8220;Ya\u015flar \u015euras\u0131&#8221; talaqa\u011fa \u00e7a\u011f\u0131ra\",\"datePublished\":\"2011-10-25T13:54:00+00:00\",\"dateModified\":\"2022-01-19T13:55:10+00:00\",\"mainEntityOfPage\":{\"@id\":\"https:\\\/\\\/qtmm.org\\\/qt\\\/yaslar-surasi-talaqaga-cagira\\\/\"},\"wordCount\":391,\"commentCount\":0,\"publisher\":{\"@id\":\"https:\\\/\\\/qtmm.org\\\/qt\\\/#organization\"},\"image\":{\"@id\":\"https:\\\/\\\/qtmm.org\\\/qt\\\/yaslar-surasi-talaqaga-cagira\\\/#primaryimage\"},\"thumbnailUrl\":\"http:\\\/\\\/qtmm.org\\\/wp-content\\\/uploads\\\/2022\\\/01\\\/a3_jpg_1-1.jpeg\",\"articleSection\":[\"Haberler\"],\"inLanguage\":\"qt\",\"potentialAction\":[{\"@type\":\"CommentAction\",\"name\":\"Comment\",\"target\":[\"https:\\\/\\\/qtmm.org\\\/qt\\\/yaslar-surasi-talaqaga-cagira\\\/#respond\"]}]},{\"@type\":\"WebPage\",\"@id\":\"https:\\\/\\\/qtmm.org\\\/qt\\\/yaslar-surasi-talaqaga-cagira\\\/\",\"url\":\"https:\\\/\\\/qtmm.org\\\/qt\\\/yaslar-surasi-talaqaga-cagira\\\/\",\"name\":\"\\\"Ya\u015flar \u015euras\u0131\\\" talaqa\u011fa \u00e7a\u011f\u0131ra - \u041c\u0435\u0434\u0436\u043b\u0456\u0441\",\"isPartOf\":{\"@id\":\"https:\\\/\\\/qtmm.org\\\/qt\\\/#website\"},\"primaryImageOfPage\":{\"@id\":\"https:\\\/\\\/qtmm.org\\\/qt\\\/yaslar-surasi-talaqaga-cagira\\\/#primaryimage\"},\"image\":{\"@id\":\"https:\\\/\\\/qtmm.org\\\/qt\\\/yaslar-surasi-talaqaga-cagira\\\/#primaryimage\"},\"thumbnailUrl\":\"http:\\\/\\\/qtmm.org\\\/wp-content\\\/uploads\\\/2022\\\/01\\\/a3_jpg_1-1.jpeg\",\"datePublished\":\"2011-10-25T13:54:00+00:00\",\"dateModified\":\"2022-01-19T13:55:10+00:00\",\"breadcrumb\":{\"@id\":\"https:\\\/\\\/qtmm.org\\\/qt\\\/yaslar-surasi-talaqaga-cagira\\\/#breadcrumb\"},\"inLanguage\":\"qt\",\"potentialAction\":[{\"@type\":\"ReadAction\",\"target\":[\"https:\\\/\\\/qtmm.org\\\/qt\\\/yaslar-surasi-talaqaga-cagira\\\/\"]}]},{\"@type\":\"ImageObject\",\"inLanguage\":\"qt\",\"@id\":\"https:\\\/\\\/qtmm.org\\\/qt\\\/yaslar-surasi-talaqaga-cagira\\\/#primaryimage\",\"url\":\"http:\\\/\\\/qtmm.org\\\/wp-content\\\/uploads\\\/2022\\\/01\\\/a3_jpg_1-1.jpeg\",\"contentUrl\":\"http:\\\/\\\/qtmm.org\\\/wp-content\\\/uploads\\\/2022\\\/01\\\/a3_jpg_1-1.jpeg\"},{\"@type\":\"BreadcrumbList\",\"@id\":\"https:\\\/\\\/qtmm.org\\\/qt\\\/yaslar-surasi-talaqaga-cagira\\\/#breadcrumb\",\"itemListElement\":[{\"@type\":\"ListItem\",\"position\":1,\"name\":\"\u0413\u043e\u043b\u043e\u0432\u043d\u0430\",\"item\":\"https:\\\/\\\/qtmm.org\\\/qt\\\/\"},{\"@type\":\"ListItem\",\"position\":2,\"name\":\"&#8220;Ya\u015flar \u015euras\u0131&#8221; talaqa\u011fa \u00e7a\u011f\u0131ra\"}]},{\"@type\":\"WebSite\",\"@id\":\"https:\\\/\\\/qtmm.org\\\/qt\\\/#website\",\"url\":\"https:\\\/\\\/qtmm.org\\\/qt\\\/\",\"name\":\"\u041c\u0435\u0434\u0436\u043b\u0456\u0441\",\"description\":\"\",\"publisher\":{\"@id\":\"https:\\\/\\\/qtmm.org\\\/qt\\\/#organization\"},\"potentialAction\":[{\"@type\":\"SearchAction\",\"target\":{\"@type\":\"EntryPoint\",\"urlTemplate\":\"https:\\\/\\\/qtmm.org\\\/qt\\\/?s={search_term_string}\"},\"query-input\":{\"@type\":\"PropertyValueSpecification\",\"valueRequired\":true,\"valueName\":\"search_term_string\"}}],\"inLanguage\":\"qt\"},{\"@type\":\"Organization\",\"@id\":\"https:\\\/\\\/qtmm.org\\\/qt\\\/#organization\",\"name\":\"\u041c\u0435\u0434\u0436\u043b\u0456\u0441\",\"url\":\"https:\\\/\\\/qtmm.org\\\/qt\\\/\",\"logo\":{\"@type\":\"ImageObject\",\"inLanguage\":\"qt\",\"@id\":\"https:\\\/\\\/qtmm.org\\\/qt\\\/#\\\/schema\\\/logo\\\/image\\\/\",\"url\":\"https:\\\/\\\/qtmm.org\\\/wp-content\\\/uploads\\\/2024\\\/12\\\/ua-mejlis-logo-rgb.svg\",\"contentUrl\":\"https:\\\/\\\/qtmm.org\\\/wp-content\\\/uploads\\\/2024\\\/12\\\/ua-mejlis-logo-rgb.svg\",\"caption\":\"\u041c\u0435\u0434\u0436\u043b\u0456\u0441\"},\"image\":{\"@id\":\"https:\\\/\\\/qtmm.org\\\/qt\\\/#\\\/schema\\\/logo\\\/image\\\/\"},\"sameAs\":[\"https:\\\/\\\/www.facebook.com\\\/qtmm.info\\\/\"]},{\"@type\":\"Person\",\"@id\":\"https:\\\/\\\/qtmm.org\\\/qt\\\/#\\\/schema\\\/person\\\/de562469f971dec226ac06e60bbf74a7\",\"name\":\"Developer\",\"image\":{\"@type\":\"ImageObject\",\"inLanguage\":\"qt\",\"@id\":\"https:\\\/\\\/secure.gravatar.com\\\/avatar\\\/392b4cc8fbfeb00b39dfeeab4ee6edded39ffd48e25858637e4765810300227e?s=96&d=mm&r=g\",\"url\":\"https:\\\/\\\/secure.gravatar.com\\\/avatar\\\/392b4cc8fbfeb00b39dfeeab4ee6edded39ffd48e25858637e4765810300227e?s=96&d=mm&r=g\",\"contentUrl\":\"https:\\\/\\\/secure.gravatar.com\\\/avatar\\\/392b4cc8fbfeb00b39dfeeab4ee6edded39ffd48e25858637e4765810300227e?s=96&d=mm&r=g\",\"caption\":\"Developer\"},\"url\":\"https:\\\/\\\/qtmm.org\\\/qt\\\/author\\\/Developer\\\/\"}]}<\/script>\n<!-- \/ Yoast SEO plugin. -->","yoast_head_json":{"title":"\"Ya\u015flar \u015euras\u0131\" talaqa\u011fa \u00e7a\u011f\u0131ra - \u041c\u0435\u0434\u0436\u043b\u0456\u0441","robots":{"index":"index","follow":"follow","max-snippet":"max-snippet:-1","max-image-preview":"max-image-preview:large","max-video-preview":"max-video-preview:-1"},"canonical":"https:\/\/qtmm.org\/qt\/yaslar-surasi-talaqaga-cagira\/","og_locale":"en_US","og_type":"article","og_title":"\"Ya\u015flar \u015euras\u0131\" talaqa\u011fa \u00e7a\u011f\u0131ra - \u041c\u0435\u0434\u0436\u043b\u0456\u0441","og_description":"Bu aqta parkn\u0131 \u011fayr\u0131dan tiklev leyhas\u0131n\u0131\u00f1 reberi, gen\u00e7lerni\u00f1 &#8220;Ya\u015flar \u015euras\u0131&#8221; te\u015fkil\u00e2t\u0131n\u0131\u00f1 azas\u0131 Dil\u00e2ver Akiyev bildirdi. &#8220;Bir qa\u00e7 aydan berli gen\u00e7lerni\u00f1 &#8220;Ya\u015flar \u015furas\u0131&#8221; cemaat te\u015fkil\u00e2t\u0131n\u0131\u00f1 te\u015febb\u00fcsi ile Biyuk-Onlar qasabas\u0131nda medeniyet ve istraat ba\u011f\u00e7as\u0131n\u0131 \u011fayr\u0131dan tiklev i\u015fleri al\u0131p bar\u0131la. Okt\u00e2brskiy k\u00f6y \u015furas\u0131 ya\u015flarn\u0131\u00f1 bu y\u00f6neli\u015fte beraber \u00e7al\u0131\u015fmaq teklifini qabul etti ve k\u00f6y \u015furas\u0131n\u0131\u00f1 icra komitet ive te\u015fkil\u00e2t\u0131m\u0131z [&hellip;]","og_url":"https:\/\/qtmm.org\/qt\/yaslar-surasi-talaqaga-cagira\/","og_site_name":"\u041c\u0435\u0434\u0436\u043b\u0456\u0441","article_publisher":"https:\/\/www.facebook.com\/qtmm.info\/","article_published_time":"2011-10-25T13:54:00+00:00","article_modified_time":"2022-01-19T13:55:10+00:00","og_image":[{"width":566,"height":800,"url":"https:\/\/qtmm.org\/wp-content\/uploads\/2022\/01\/a3_jpg_1-1.jpeg","type":"image\/jpeg"}],"author":"Developer","twitter_card":"summary_large_image","twitter_misc":{"Written by":"Developer","Est. reading time":"2 minutes"},"schema":{"@context":"https:\/\/schema.org","@graph":[{"@type":"Article","@id":"https:\/\/qtmm.org\/qt\/yaslar-surasi-talaqaga-cagira\/#article","isPartOf":{"@id":"https:\/\/qtmm.org\/qt\/yaslar-surasi-talaqaga-cagira\/"},"author":{"name":"Developer","@id":"https:\/\/qtmm.org\/qt\/#\/schema\/person\/de562469f971dec226ac06e60bbf74a7"},"headline":"&#8220;Ya\u015flar \u015euras\u0131&#8221; talaqa\u011fa \u00e7a\u011f\u0131ra","datePublished":"2011-10-25T13:54:00+00:00","dateModified":"2022-01-19T13:55:10+00:00","mainEntityOfPage":{"@id":"https:\/\/qtmm.org\/qt\/yaslar-surasi-talaqaga-cagira\/"},"wordCount":391,"commentCount":0,"publisher":{"@id":"https:\/\/qtmm.org\/qt\/#organization"},"image":{"@id":"https:\/\/qtmm.org\/qt\/yaslar-surasi-talaqaga-cagira\/#primaryimage"},"thumbnailUrl":"http:\/\/qtmm.org\/wp-content\/uploads\/2022\/01\/a3_jpg_1-1.jpeg","articleSection":["Haberler"],"inLanguage":"qt","potentialAction":[{"@type":"CommentAction","name":"Comment","target":["https:\/\/qtmm.org\/qt\/yaslar-surasi-talaqaga-cagira\/#respond"]}]},{"@type":"WebPage","@id":"https:\/\/qtmm.org\/qt\/yaslar-surasi-talaqaga-cagira\/","url":"https:\/\/qtmm.org\/qt\/yaslar-surasi-talaqaga-cagira\/","name":"\"Ya\u015flar \u015euras\u0131\" talaqa\u011fa \u00e7a\u011f\u0131ra - \u041c\u0435\u0434\u0436\u043b\u0456\u0441","isPartOf":{"@id":"https:\/\/qtmm.org\/qt\/#website"},"primaryImageOfPage":{"@id":"https:\/\/qtmm.org\/qt\/yaslar-surasi-talaqaga-cagira\/#primaryimage"},"image":{"@id":"https:\/\/qtmm.org\/qt\/yaslar-surasi-talaqaga-cagira\/#primaryimage"},"thumbnailUrl":"http:\/\/qtmm.org\/wp-content\/uploads\/2022\/01\/a3_jpg_1-1.jpeg","datePublished":"2011-10-25T13:54:00+00:00","dateModified":"2022-01-19T13:55:10+00:00","breadcrumb":{"@id":"https:\/\/qtmm.org\/qt\/yaslar-surasi-talaqaga-cagira\/#breadcrumb"},"inLanguage":"qt","potentialAction":[{"@type":"ReadAction","target":["https:\/\/qtmm.org\/qt\/yaslar-surasi-talaqaga-cagira\/"]}]},{"@type":"ImageObject","inLanguage":"qt","@id":"https:\/\/qtmm.org\/qt\/yaslar-surasi-talaqaga-cagira\/#primaryimage","url":"http:\/\/qtmm.org\/wp-content\/uploads\/2022\/01\/a3_jpg_1-1.jpeg","contentUrl":"http:\/\/qtmm.org\/wp-content\/uploads\/2022\/01\/a3_jpg_1-1.jpeg"},{"@type":"BreadcrumbList","@id":"https:\/\/qtmm.org\/qt\/yaslar-surasi-talaqaga-cagira\/#breadcrumb","itemListElement":[{"@type":"ListItem","position":1,"name":"\u0413\u043e\u043b\u043e\u0432\u043d\u0430","item":"https:\/\/qtmm.org\/qt\/"},{"@type":"ListItem","position":2,"name":"&#8220;Ya\u015flar \u015euras\u0131&#8221; talaqa\u011fa \u00e7a\u011f\u0131ra"}]},{"@type":"WebSite","@id":"https:\/\/qtmm.org\/qt\/#website","url":"https:\/\/qtmm.org\/qt\/","name":"\u041c\u0435\u0434\u0436\u043b\u0456\u0441","description":"","publisher":{"@id":"https:\/\/qtmm.org\/qt\/#organization"},"potentialAction":[{"@type":"SearchAction","target":{"@type":"EntryPoint","urlTemplate":"https:\/\/qtmm.org\/qt\/?s={search_term_string}"},"query-input":{"@type":"PropertyValueSpecification","valueRequired":true,"valueName":"search_term_string"}}],"inLanguage":"qt"},{"@type":"Organization","@id":"https:\/\/qtmm.org\/qt\/#organization","name":"\u041c\u0435\u0434\u0436\u043b\u0456\u0441","url":"https:\/\/qtmm.org\/qt\/","logo":{"@type":"ImageObject","inLanguage":"qt","@id":"https:\/\/qtmm.org\/qt\/#\/schema\/logo\/image\/","url":"https:\/\/qtmm.org\/wp-content\/uploads\/2024\/12\/ua-mejlis-logo-rgb.svg","contentUrl":"https:\/\/qtmm.org\/wp-content\/uploads\/2024\/12\/ua-mejlis-logo-rgb.svg","caption":"\u041c\u0435\u0434\u0436\u043b\u0456\u0441"},"image":{"@id":"https:\/\/qtmm.org\/qt\/#\/schema\/logo\/image\/"},"sameAs":["https:\/\/www.facebook.com\/qtmm.info\/"]},{"@type":"Person","@id":"https:\/\/qtmm.org\/qt\/#\/schema\/person\/de562469f971dec226ac06e60bbf74a7","name":"Developer","image":{"@type":"ImageObject","inLanguage":"qt","@id":"https:\/\/secure.gravatar.com\/avatar\/392b4cc8fbfeb00b39dfeeab4ee6edded39ffd48e25858637e4765810300227e?s=96&d=mm&r=g","url":"https:\/\/secure.gravatar.com\/avatar\/392b4cc8fbfeb00b39dfeeab4ee6edded39ffd48e25858637e4765810300227e?s=96&d=mm&r=g","contentUrl":"https:\/\/secure.gravatar.com\/avatar\/392b4cc8fbfeb00b39dfeeab4ee6edded39ffd48e25858637e4765810300227e?s=96&d=mm&r=g","caption":"Developer"},"url":"https:\/\/qtmm.org\/qt\/author\/Developer\/"}]}},"_links":{"self":[{"href":"https:\/\/qtmm.org\/qt\/wp-json\/wp\/v2\/posts\/26738","targetHints":{"allow":["GET"]}}],"collection":[{"href":"https:\/\/qtmm.org\/qt\/wp-json\/wp\/v2\/posts"}],"about":[{"href":"https:\/\/qtmm.org\/qt\/wp-json\/wp\/v2\/types\/post"}],"author":[{"embeddable":true,"href":"https:\/\/qtmm.org\/qt\/wp-json\/wp\/v2\/users\/1"}],"replies":[{"embeddable":true,"href":"https:\/\/qtmm.org\/qt\/wp-json\/wp\/v2\/comments?post=26738"}],"version-history":[{"count":1,"href":"https:\/\/qtmm.org\/qt\/wp-json\/wp\/v2\/posts\/26738\/revisions"}],"predecessor-version":[{"id":26743,"href":"https:\/\/qtmm.org\/qt\/wp-json\/wp\/v2\/posts\/26738\/revisions\/26743"}],"wp:attachment":[{"href":"https:\/\/qtmm.org\/qt\/wp-json\/wp\/v2\/media?parent=26738"}],"wp:term":[{"taxonomy":"category","embeddable":true,"href":"https:\/\/qtmm.org\/qt\/wp-json\/wp\/v2\/categories?post=26738"},{"taxonomy":"post_tag","embeddable":true,"href":"https:\/\/qtmm.org\/qt\/wp-json\/wp\/v2\/tags?post=26738"}],"curies":[{"name":"wp","href":"https:\/\/api.w.org\/{rel}","templated":true}]}}