




{"id":26662,"date":"2011-10-20T16:50:00","date_gmt":"2011-10-20T13:50:00","guid":{"rendered":"http:\/\/qtmm.org\/?p=26662"},"modified":"2022-01-19T16:51:51","modified_gmt":"2022-01-19T13:51:51","slug":"mustafa-cemilev-ukraina-devlet-bucetinin-leyhasi-aqqinda","status":"publish","type":"post","link":"https:\/\/qtmm.org\/qt\/mustafa-cemilev-ukraina-devlet-bucetinin-leyhasi-aqqinda\/","title":{"rendered":"Mustafa Cemilev Ukraina Devlet b\u00fccetini\u00f1 leyhas\u0131 aqq\u0131nda"},"content":{"rendered":"\n<p>Mustafa Cemilev Yuqar\u0131 \u015euras\u0131 minberinden 2012 senesine Ukraina devlet&nbsp; b\u00fcceti leyhas\u0131n\u0131 tenqidge o\u011fratt\u0131: &#8220;Do\u011frus\u0131n\u0131 s\u00f6ylesem, Ukrainan\u0131\u00f1 b\u00f6yle munasebetini&nbsp; insanlarn\u0131 aqaret et\u00fcv, dep qabul etmek m\u00fcmk\u00fcn&#8221;.&nbsp;<\/p>\n\n\n\n<p>Belli ki,&nbsp; 2011 senesi okt\u00e2br 20 k\u00fcn\u00fc&nbsp; Ukraina Yuqar\u0131 \u015euras\u0131n\u0131\u00f1 a\u00e7\u0131l\u0131\u015f topla\u015fuv\u0131nda&nbsp; 2012 senesine Ukraina devlet b\u00fccetini\u00f1 2011 senesi sent\u00e2br ay\u0131n\u0131\u00f1 ba\u015f\u0131nda Ukraina Nazirler kabineti taraf\u0131ndan taqdim olun\u011fan leyhas\u0131 baq\u0131l\u011fan edi.&nbsp;<\/p>\n\n\n\n<p>\u015eun\u0131 qayd etmeli ki, 2012 senesine Devlet b\u00fccetini\u00f1 leyhas\u0131\u00a0 Ukraina Yuqar\u0131 \u015euras\u0131n\u0131\u00f1 komitetlerinde baq\u0131l\u011fanda Q\u0131r\u0131mtatar halq\u0131 Meclisini\u00f1 reisi, Ukraina halq deputat\u0131 Mustafa Cemilev, bun\u0131\u00f1 kibi de on\u0131\u00f1 meslekde\u015fleri, Ukraina halq deputatlar\u0131 \u2013 Ukraina Yuqar\u0131 \u015euras\u0131\u00a0 Q\u0131r\u0131m Muhtar Cumhuriyetini\u00f1 meseleleri boyunca muvaqqat mahsus komissiyas\u0131n\u0131\u00f1 reisi B\u00f6ris Dey\u00e7 ve\u00a0 Ukraina Yuqar\u0131 \u015euras\u0131n\u0131\u00f1 B\u00fccet meseleleri boyunca komitet reisi\u00a0 Valeriy Baranov \u00f6zlerini\u00f1 yazma \u015fekilde tekliflerini yollap, onda &#8220;Ukraina topraqlar\u0131ndan s\u00fcrg\u00fcn etilgen q\u0131r\u0131mtatarlar ve diger millet vekillerini yerle\u015ftir\u00fcv boyunca tedbirlerni finansirlevni&#8221; artt\u0131rmaq zarurl\u0131\u011f\u0131n\u0131 esaslad\u0131lar.\u00a0 L\u00e2kin, Ukraina nazirler kabineti vekillerini\u00f1 qand\u0131ruvlar\u0131 neticesinde bu teklifler Ukraina Yuqar\u0131 \u015euras\u0131 komitetini\u00f1 azalar\u0131 \u00e7oqluq olaraq qar\u015f\u0131 rey berdiler ve teklifler qabul olunmad\u0131. Bu al\u011fa bifarq qal\u0131p olama\u011fan Mustafa Cemilev b\u00fccet leyhas\u0131n\u0131 qatt\u0131 tenqidge o\u011fratt\u0131.\u00a0<\/p>\n\n\n\n<p>A\u015fa\u011f\u0131da biz Ukraina halq deputat\u0131, Meclis reisi Mustafa Cemilevni\u00f1 \u00e7\u0131q\u0131\u015f\u0131 ve \u015fu \u00e7\u0131q\u0131\u015fn\u0131\u00f1 k\u00fcn evelden az\u0131rlan\u0131l\u011fan, amma vaq\u0131t&nbsp; s\u0131\u00f1\u0131rl\u0131 (3 daqqa) ol\u011fan\u0131 sebebinden tolus\u0131nen seslenidirilmegen metinini diqqat\u0131\u00f1\u0131z\u011fa avale etemiz.<\/p>\n\n\n\n<p>Ukraina Yuqar\u0131 \u015euras\u0131n\u0131\u00f1 reglamentine binaen&nbsp; Ukraina Yuqar\u0131 \u015euras\u0131&nbsp; a\u00e7\u0131l\u0131\u015f topla\u015fuvlar\u0131n\u0131\u00f1 stenogrammas\u0131na Mustafa Cemilev Ukraina Yuqar\u0131 \u015euras\u0131n\u0131\u00f1 K\u00e2tibiyetine bergen \u00e7\u0131q\u0131\u015f\u0131n\u0131\u00f1 tolu metini kirsetilecek.<\/p>\n\n\n\n<hr class=\"wp-block-separator\"\/>\n\n\n\n<p class=\"has-text-align-center\"><em><strong>UKRA\u0130NA HALQ DEPUTATI, QIRIMTATAR HALQI MECL\u0130S\u0130 RE\u0130S\u0130 MUSTAFA CEM\u0130LEV \u00c7IQI\u015eINI\u00d1 STENOGRAMMASI<\/strong><\/em><\/p>\n\n\n\n<p class=\"has-text-align-center\"><em><strong>Say\u011f\u0131l\u0131&nbsp; Vladimir Mihaylovi\u00e7!<\/strong><\/em><\/p>\n\n\n\n<p class=\"has-text-align-center\"><em><strong>\u00dcrmetli zenaatda\u015flar!<\/strong><\/em><\/p>\n\n\n\n<p>Belli ki, ukrain devleti \u00f6z\u00fcni\u00f1 qanunlar\u0131 ve imzala\u011fan bir s\u0131ra halqara a\u00f1la\u015fmalarnen&nbsp; SSSR devrinde y\u00fcz bergen halqlar s\u00fcrg\u00fcnligini cinaiy&nbsp; ve qanuns\u0131z dep tan\u0131d\u0131, ve bun\u0131\u00f1 kibi de \u015fu halqlarn\u0131 qaytaruv ve aqlar\u0131n\u0131 tiklevde yard\u0131m bermekni i\u015fand\u0131r\u011fan edi.<\/p>\n\n\n\n<p>Amma, k\u00f6r\u00fcle ki, ne \u00f6z qanunlar\u0131, ne de halqara a\u00f1la\u015fmalarn\u0131\u00f1 normalar\u0131, angilerini ki devlet eda etmek borclu, memleketimizni\u00f1 Nazirler Kabineti i\u00e7\u00fcn mecburiy degil eken.<\/p>\n\n\n\n<p>Bug\u00fcnde-bug\u00fcn Q\u0131r\u0131mda s\u00fcrg\u00fcnlikten qaytqanlarn\u0131\u00f1 300-den ziyade ya\u00f1\u0131 qasabalar\u0131 ol\u0131p, olarn\u0131\u00f1 \u00e7oqlar\u0131nda ya\u015famaq i\u00e7\u00fcn e\u00f1 adiy \u015faraitler bile \u2013 yani suv, yol, mekteb, tibbiyat m\u00fcessiseleri, gaz yoqt\u0131r. On bi\u00f1lernen insanlar bu \u015faraitlerde ya\u015fama\u011fa degil de canlar\u0131n\u0131 saqlama\u011fa t\u0131r\u0131\u015falar.&nbsp;&nbsp;&nbsp;<\/p>\n\n\n\n<p>Evelki y\u0131llarda Ukraina Nazirler Kabineti milliy mens\u00fcpligine k\u00f6re s\u00fcrg\u00fcn etilip, endi Vatan\u011fa qaytqan insanlarn\u0131 yerle\u015ftir\u00fcvni\u00f1 be\u015f y\u0131ll\u0131q programmalar\u0131n\u0131 qabul ete ve bun\u0131\u00f1nen ba\u011fl\u0131 tedbirlerge sermiya ay\u0131ra edi.<\/p>\n\n\n\n<p>Planla\u015ft\u0131r\u0131l\u011fan er bir i\u015f akimiyet taraf\u0131ndan so\u00f1unace becerilmese de, \u00f6gge y\u0131l\u0131\u015fuv k\u00f6zetile edi. Bilgi\u00f1iz i\u00e7\u00fcn \u015fun\u0131 qayd etmek isteyim ki, s\u00fcrg\u00fcnlikten qaytqanlarn\u0131 yerle\u015ftir\u00fcvni\u00f1 2005-2010 senesine programmas\u0131na 179 million grivn\u00e2 yani 50 fay\u0131z\u0131 berilmedi.<\/p>\n\n\n\n<p>Ukraina Prezidentini\u00f1&nbsp; 2010 senesi may\u0131s 14-teki \u2116 615 Ferman\u0131 boyunca&nbsp; ke\u00e7ken seneni\u00f1 dekabr 20-sine qadar S\u00fcrg\u00fcnlikten qaytqanlarn\u0131 yerle\u015ftir\u00fcvni\u00f1 2011-2015 senelerine programmas\u0131n\u0131 qabul etip, er sene finansirlenmesi avale olun\u011fan edi.&nbsp;<\/p>\n\n\n\n<p>Ukraina \u00fck\u00fcmeti bug\u00fcnge qadar bu programman\u0131 maqullemedi.<\/p>\n\n\n\n<p>Endi, eger Ukrainan\u0131\u00f1 2012 senesine devlet b\u00fccetine baqsaq, Ukraina \u00fck\u00fcmeti s\u00fcrg\u00fcn etilgenlerge nisbeten kendini er angi mecburiyetlerden azat etken. \u0130\u015fte, s\u00fcrg\u00fcn etilgenlerni yerle\u015ftir\u00fcvnen ba\u011fl\u0131 i\u015flerge leyhada 25 million grivn\u00e2 k\u00f6zde tutul\u011fan. Ya, men yuqar\u0131da a\u00f1d\u0131\u011f\u0131m 300 qasaban\u0131\u00f1 sakinleri ne yapacaqlar, olarn\u0131\u00f1 al\u0131 ne olacaq?&nbsp;<\/p>\n\n\n\n<p>Reislik yap\u0131c\u0131.<\/p>\n\n\n\n<p>Mikrofon. L\u00fctfen, bitiri\u00f1iz.<\/p>\n\n\n\n<p>Cemilev M.<\/p>\n\n\n\n<p>2012 senesine Devlet b\u00fcceti leyhas\u0131n\u0131\u00f1 &#8220;Devlet b\u00fccetini finansirlev&#8221; b\u00f6l\u00fcgine men&nbsp; ve Ukraina halq deputat\u0131, Q\u0131r\u0131m meseleleri boyunca muvaqqat komissiyan\u0131\u00f1 reisi Dey\u00e7 s\u00fcrg\u00fcnlikten qaytqanlarn\u0131\u00f1 yerle\u015ftirilmesinen ba\u011fl\u0131 tedbirlerge 142 million\u011fa qadar sermiya ay\u0131rmaq boyunca teklif kirsettik. Ukraina Yuqar\u0131 \u015euras\u0131 komitetini\u00f1 reisi, zenaatda\u015f\u0131m Baranov da i\u00e7 olmasa 76 million ay\u0131rmaqn\u0131 teklif etti. Amma er \u015fey faydas\u0131z, tevsiyeler, teklifler red etilip, leyhada 25 million grivn\u00e2 raqam\u0131 qald\u0131r\u0131ld\u0131.<\/p>\n\n\n\n<p>Do\u011frus\u0131n\u0131 aytsam, s\u00fcrg\u00fcn etilgen halqn\u0131\u00f1 meselesi kibi problema\u011fa&nbsp; Ukrainan\u0131\u00f1 b\u00f6yle munasebetini biz&nbsp; insanlarn\u0131 a\u00e7\u0131qtan-a\u00e7\u0131q aqaret et\u00fcv, dep qabul etemiz.<\/p>\n\n\n\n<p>\u0130\u015fte, say\u011f\u0131l\u0131 zenaatda\u015flar, halq deputat\u0131 Dey\u00e7ni\u00f1 ve bun\u0131\u00f1 kibi de menim de, s\u00fcrg\u00fcn olun\u011fanlarn\u0131\u00f1 yerle\u015fmesine sermiyalarn\u0131\u00f1 miqdar\u0131n\u0131 142 million\u011fa qadar k\u00f6termek teklifine birinci oqul\u0131\u015fta qoltutma\u00f1\u0131zn\u0131 rica etem<\/p>\n\n\n\n<p class=\"has-text-align-center\"><em><strong>Diqqat\u0131\u00f1\u0131z i\u00e7\u00fcn sa\u011f olu\u00f1\u0131z.<\/strong><\/em><\/p>\n\n\n\n<hr class=\"wp-block-separator\"\/>\n\n\n\n<p class=\"has-text-align-center\"><em><strong>UKRA\u0130NA HALQ DEPUTATI, QIRIMTATAR HALQI MECL\u0130S\u0130 RE\u0130S\u0130 MUSTAFA CEM\u0130LEV \u00c7IQI\u015eINI\u00d1 MET\u0130N\u0130<\/strong><\/em><\/p>\n\n\n\n<p class=\"has-text-align-center\"><em><strong>(tolu variant\u0131, Ukraina Yuqar\u0131 \u015euras\u0131n\u0131\u00f1 K\u00e2tibiyetine berildi)&nbsp;<\/strong><\/em><\/p>\n\n\n\n<p class=\"has-text-align-center\">&nbsp;<strong><em>Say\u011f\u0131l\u0131&nbsp; Vladimir Mihaylovi\u00e7!<\/em><\/strong><\/p>\n\n\n\n<p class=\"has-text-align-center\"><strong><em>\u00dcrmetli zenaatda\u015flar!<\/em><\/strong><\/p>\n\n\n\n<p>Belli ki, ukrain devleti \u00f6z\u00fcni\u00f1 qanunlar\u0131 ve bir s\u0131ra imzalan\u011fan halqara a\u00f1la\u015fmalarnen&nbsp; SSSR devrinde y\u00fcz bergen halqlar s\u00fcrg\u00fcnligini cinaiy&nbsp; ve qanuns\u0131z dep tan\u0131d\u0131, ve bun\u0131\u00f1 kibi de \u015fu halqlarn\u0131 qaytaruv ve aqlar\u0131n\u0131 tiklevde keregi kibi yard\u0131m bermekni i\u015fand\u0131r\u011fan edi.<\/p>\n\n\n\n<p>Amma, k\u00f6r\u00fcle ki, ne \u00f6z qanunlar\u0131, ne de halqara a\u00f1la\u015fmalarn\u0131\u00f1 normalar\u0131, angilerini ki devlet eda etmek borclu, memleketimizni\u00f1 Nazirler Kabineti i\u00e7\u00fcn mecburiy degil eken.<\/p>\n\n\n\n<p>Bug\u00fcnde-bug\u00fcn Q\u0131r\u0131mda s\u00fcrg\u00fcnlikten qaytqanlarn\u0131\u00f1 300-den ziyade ya\u00f1\u0131 qasabalar\u0131 ol\u0131p, olarn\u0131\u00f1 \u00e7oqlar\u0131nda ya\u015famaq i\u00e7\u00fcn e\u00f1 adiy \u015faraitler bile \u2013 Yani suv, yol, mekteb, tibbiyat m\u00fcessiseleri, gaz yoqt\u0131r. On bi\u00f1lernen q\u0131r\u0131mtatarlar balalar\u0131 ve qartlarnen beraber bu \u015faraitlerde ya\u015fama\u011fa degil de canlar\u0131n\u0131 saqlama\u011fa t\u0131r\u0131\u015falar.&nbsp; &nbsp;&nbsp;<\/p>\n\n\n\n<p>Evelki y\u0131llarda Ukraina Nazirler Kabineti milliy mens\u00fcpligine k\u00f6re s\u00fcrg\u00fcn etilip, endi Vatan\u011fa qaytqan insanlarn\u0131 yerle\u015ftir\u00fcvni\u00f1 be\u015f y\u0131ll\u0131q programmalar\u0131n\u0131 qabul ete ve bun\u0131\u00f1nen ba\u011fl\u0131 tedbirlerge sermiya ay\u0131ra edi.<\/p>\n\n\n\n<p>Planla\u015ft\u0131r\u0131l\u011fan er bir i\u015f akimiyet taraf\u0131ndan so\u00f1unace becerilmese de, \u00f6gge y\u0131l\u0131\u015fuv k\u00f6zetile edi. Bilgi\u00f1iz i\u00e7\u00fcn \u015fun\u0131 qayd etmek isteyim ki, s\u00fcrg\u00fcnlikten qaytqanlarn\u0131 yerle\u015ftir\u00fcvni\u00f1 2005-2010 senesine programmas\u0131na 179 million grivn\u00e2 yani 50 fay\u0131z\u0131 berilmedi.<\/p>\n\n\n\n<p>Ukraina Prezidentini\u00f1&nbsp; 2010 senesi may\u0131s 14-teki \u2116 615 Ferman\u0131 boyunca&nbsp; ke\u00e7ken seneni\u00f1 dekabr 20-sine qadar S\u00fcrg\u00fcnlikten qaytqanlarn\u0131 yerle\u015ftir\u00fcvni\u00f1 2011-2015 senelerine programmas\u0131n\u0131 qabul etip, er sene finansirlenmesi avale olun\u011fan edi<\/p>\n\n\n\n<p>Ukraina \u00fck\u00fcmeti bug\u00fcnge qadar bu programman\u0131 maqullemedi. Meger, devlette bu\u00f1a para yeterli degil eken.<\/p>\n\n\n\n<p>Endi, eger Ukrainan\u0131\u00f1 2012 senesine devlet b\u00fccetine baqsaq, Ukraina \u00fck\u00fcmeti s\u00fcrg\u00fcn etilip, \u011furbetlikten \u00f6z topraqlar\u0131na qayt\u0131p kelgenlerge nisbeten kendini er angi mecburiyetlerdnen azat etken. \u0130\u015fte, s\u00fcrg\u00fcn etilgenlerni yerle\u015ftir\u00fcvnen ba\u011fl\u0131 i\u015flerge leyhada 25 million grivn\u00e2 k\u00f6zde tutul\u011fan. Bu para Aqmescit \u015feeri Fontan\u0131 qasabas\u0131nda endi yedi y\u0131ldan berli qurulmaqta ol\u011fan mektep quruc\u0131l\u0131\u011f\u0131n\u0131 so\u00f1una yetkizmek i\u00e7\u00fcn yete bilir.<\/p>\n\n\n\n<p>&nbsp;Ya, men yuqar\u0131da a\u00f1d\u0131\u011f\u0131m 300 qasaban\u0131\u00f1 sakinleri ne yapacaqlar, olarn\u0131\u00f1 al\u0131 ne olacaq?&nbsp; \u00d6zleri mesken qurd\u0131\u011f\u0131 yerlerde olar yols\u0131z, suv ve elektrik \u0131\u015f\u0131\u011f\u0131s\u0131z, HH1 as\u0131rda e\u00f1 zarur \u015faraitlerden mahrum olaraq nas\u0131l ya\u015faycaqlar?<\/p>\n\n\n\n<p>S\u00fcrg\u00fcnlik ve on y\u0131llarnen aqaretlengen, aqlar\u0131 taptal\u011fan on bi\u00f1lernen ihtiyar insanlar\u011fa art\u0131q olarn\u0131\u00f1 kimsege kerek olma\u011fan\u0131n\u0131 nas\u0131l a\u00f1lat\u0131rm\u0131z?<\/p>\n\n\n\n<p>Eger bu ker\u00e7ekten b\u00f6yde olsa \u2013 \u00dck\u00fcmet devlet b\u00fct\u00fcn bir halqn\u0131\u00f1 problemini \u00e7ezmekten ba\u015f tartqan\u0131 aqq\u0131nda beyan etsin. Er alda bu a\u00e7\u0131q aqiqat olur, q\u0131r\u0131mtatarlar ise \u00f6z hul\u00e2salar\u0131n\u0131 \u00e7\u0131qar\u0131rlar.<\/p>\n\n\n\n<p>Q\u0131r\u0131mtatarlarn\u0131 yerle\u015ftir\u00fcv saas\u0131nda so\u00f1ki y\u0131llarda meydan\u011fa kelgen kergin vaziyetni t\u00fczetmek i\u00e7\u00fcn&nbsp; Q\u0131r\u0131m muhtar Cumhuriyeti, Ukraina halq deputatlar\u0131&nbsp; s\u00fcrg\u00fcnlikni ba\u015f\u0131ndan ke\u00e7irgen ve niayet \u00f6z vatan\u0131na qaytayatqan butbn halqqa nisbeten b\u00f6yle davranmaqn\u0131\u00f1 ne derecede&nbsp; havfl\u0131 ol\u011fan\u0131n\u0131 Ukraina \u00fck\u00fcmetine defalarca a\u00f1latma\u011fa t\u0131r\u0131\u015ft\u0131q.<\/p>\n\n\n\n<p>2012 senesine Devlet b\u00fcceti leyhas\u0131n\u0131\u00f1 &#8220;Devlet b\u00fccetini finansirlev&#8221; b\u00f6l\u00fc gine men&nbsp; ve Ukraina halq deputat\u0131, Q\u0131r\u0131m meseleleri boyunca muvaqqat komissiyan\u0131\u00f1 reisi Dey\u00e7 s\u00fcrg\u00fcnlikten qaytqanlarn\u0131\u00f1 yerle\u015ftirilmesinen&nbsp;<em><strong>ba\u011fl\u0131 tedbirlerge 142-145&nbsp; million\u011fa qadar sermiya ay\u0131rmaq boyunca teklif kirsettik. Ukraina Yuqar\u0131 \u015euras\u0131 komitetini\u00f1 reisi, zenaatda\u015f\u0131m Baranov da i\u00e7 olmasa 76 million ay\u0131rmaqn\u0131 teklif etti. Amma er \u015fey faydas\u0131z, tevsiyeler, teklifler red etilip, leyhada 25 million grivn\u00e2 raqam\u0131 qald\u0131r\u0131ld\u0131<\/strong><\/em><\/p>\n\n\n\n<p>Do\u011frus\u0131n\u0131 aytsam, s\u00fcrg\u00fcn etilgen halqn\u0131\u00f1 meselesi kibi problema\u011fa&nbsp; Ukrainan\u0131\u00f1 b\u00f6yle munasebetini biz&nbsp; insanlarn\u0131 a\u00e7\u0131qtan-a\u00e7\u0131q aqaret et\u00fcv, dep qabul etemiz.<\/p>\n\n\n\n<p>\u0130\u015fte, say\u011f\u0131l\u0131 zenaatda\u015flar, halq deputat\u0131 Dey\u00e7ni\u00f1 ve bun\u0131\u00f1 kibi de menim de,&nbsp;<em><strong>s\u00fcrg\u00fcn olun\u011fanlarn\u0131\u00f1 yerle\u015fmesine sermiyalarn\u0131\u00f1 miqdar\u0131n\u0131 142-145&nbsp; million\u011fa qadar k\u00f6termek teklifine birinci oqul\u0131\u015fta qoltutma\u00f1\u0131zn\u0131 ve Ukraina \u00fck\u00fcmetine&nbsp;<\/strong><\/em>bularn\u0131 ekinci oqul\u0131\u015fqa kirsetmekni avle etme\u00f1izni&nbsp; rica etem<\/p>\n\n\n\n<p>\u00dcrmetli reis, menim \u00e7\u0131q\u0131\u015f\u0131mn\u0131&nbsp; Ukraina Nazirler kabinetine deputatl\u0131q sorav\u0131m, dep bilme\u00f1izni ve parlament h\u0131zmetlerine on\u0131 ait \u015fekilde resmiyle\u015ftirmek boyunca vazife berme\u00f1izni rica etem.<\/p>\n\n\n\n<p class=\"has-text-align-center\"><strong><em>Diqqat\u0131\u00f1\u0131z i\u00e7\u00fcn sa\u011f olu\u00f1\u0131z<\/em><\/strong><\/p>\n\n\n\n<hr class=\"wp-block-separator\"\/>\n\n\n\n<p>Ayn\u0131 \u015fu k\u00fcn\u00fc, a\u00e7\u0131l\u0131\u015f topla\u015fuv\u0131 ba\u015flanmazdan evel Mustafa Cemilev Ukraina yuqar\u0131 \u015euras\u0131n\u0131\u00f1 reisi Vladimir Litvinnen k\u00f6r\u00fc\u015fip, yuqar\u0131da k\u00f6sterilgen tekliflerni Ukraina devlet b\u00fccetini\u00f1 leyhas\u0131na kirset\u00fcvde Ukraina halq deputatlar\u0131n\u0131\u00f1 areketlerini birle\u015ftirmek meseleleri muzakere olund\u0131.<\/p>\n\n\n\n<p>Bun\u0131\u00f1 kibi de,&nbsp; Ukraina halq deputat\u0131 Mustafa Cemilev ve&nbsp; Ukraina Yuqar\u0131 \u015euras\u0131n\u0131\u00f1 reisi Vladimir Litvin Q\u0131r\u0131mtatar halq\u0131n\u0131\u00f1 \u00f6z Vatan\u0131nda uquqlar\u0131n\u0131 \u011fayr\u0131dan tiklev, Ukrainada on\u0131\u00f1 tel\u00fckesizligini teminlev boyunca halqara forumn\u0131 az\u0131rlav ve ke\u00e7ir\u00fcvnen ba\u011fl\u0131 meselelerni muzakere ettiler.<\/p>\n","protected":false},"excerpt":{"rendered":"<p>Mustafa Cemilev Yuqar\u0131 \u015euras\u0131 minberinden 2012 senesine Ukraina devlet&nbsp; b\u00fcceti leyhas\u0131n\u0131 tenqidge o\u011fratt\u0131: &#8220;Do\u011frus\u0131n\u0131 s\u00f6ylesem, Ukrainan\u0131\u00f1 b\u00f6yle munasebetini&nbsp; insanlarn\u0131 aqaret et\u00fcv, dep qabul etmek m\u00fcmk\u00fcn&#8221;.&nbsp; Belli ki,&nbsp; 2011 senesi okt\u00e2br 20 k\u00fcn\u00fc&nbsp; Ukraina Yuqar\u0131 \u015euras\u0131n\u0131\u00f1 a\u00e7\u0131l\u0131\u015f topla\u015fuv\u0131nda&nbsp; 2012 senesine Ukraina devlet b\u00fccetini\u00f1 2011 senesi sent\u00e2br ay\u0131n\u0131\u00f1 ba\u015f\u0131nda Ukraina Nazirler kabineti taraf\u0131ndan taqdim olun\u011fan leyhas\u0131 baq\u0131l\u011fan [&hellip;]<\/p>\n","protected":false},"author":1,"featured_media":0,"comment_status":"open","ping_status":"open","sticky":false,"template":"","format":"standard","meta":{"inline_featured_image":false,"footnotes":""},"categories":[265],"tags":[],"class_list":["post-26662","post","type-post","status-publish","format-standard","hentry","category-haberler"],"acf":[],"yoast_head":"<!-- This site is optimized with the Yoast SEO plugin v27.4 - https:\/\/yoast.com\/product\/yoast-seo-wordpress\/ -->\n<title>Mustafa Cemilev Ukraina Devlet b\u00fccetini\u00f1 leyhas\u0131 aqq\u0131nda - \u041c\u0435\u0434\u0436\u043b\u0456\u0441<\/title>\n<meta name=\"robots\" content=\"index, follow, max-snippet:-1, max-image-preview:large, max-video-preview:-1\" \/>\n<link rel=\"canonical\" href=\"https:\/\/qtmm.org\/qt\/mustafa-cemilev-ukraina-devlet-bucetinin-leyhasi-aqqinda\/\" \/>\n<meta property=\"og:locale\" content=\"en_US\" \/>\n<meta property=\"og:type\" content=\"article\" \/>\n<meta property=\"og:title\" content=\"Mustafa Cemilev Ukraina Devlet b\u00fccetini\u00f1 leyhas\u0131 aqq\u0131nda - \u041c\u0435\u0434\u0436\u043b\u0456\u0441\" \/>\n<meta property=\"og:description\" content=\"Mustafa Cemilev Yuqar\u0131 \u015euras\u0131 minberinden 2012 senesine Ukraina devlet&nbsp; b\u00fcceti leyhas\u0131n\u0131 tenqidge o\u011fratt\u0131: &#8220;Do\u011frus\u0131n\u0131 s\u00f6ylesem, Ukrainan\u0131\u00f1 b\u00f6yle munasebetini&nbsp; insanlarn\u0131 aqaret et\u00fcv, dep qabul etmek m\u00fcmk\u00fcn&#8221;.&nbsp; Belli ki,&nbsp; 2011 senesi okt\u00e2br 20 k\u00fcn\u00fc&nbsp; Ukraina Yuqar\u0131 \u015euras\u0131n\u0131\u00f1 a\u00e7\u0131l\u0131\u015f topla\u015fuv\u0131nda&nbsp; 2012 senesine Ukraina devlet b\u00fccetini\u00f1 2011 senesi sent\u00e2br ay\u0131n\u0131\u00f1 ba\u015f\u0131nda Ukraina Nazirler kabineti taraf\u0131ndan taqdim olun\u011fan leyhas\u0131 baq\u0131l\u011fan [&hellip;]\" \/>\n<meta property=\"og:url\" content=\"https:\/\/qtmm.org\/qt\/mustafa-cemilev-ukraina-devlet-bucetinin-leyhasi-aqqinda\/\" \/>\n<meta property=\"og:site_name\" content=\"\u041c\u0435\u0434\u0436\u043b\u0456\u0441\" \/>\n<meta property=\"article:publisher\" content=\"https:\/\/www.facebook.com\/qtmm.info\/\" \/>\n<meta property=\"article:published_time\" content=\"2011-10-20T13:50:00+00:00\" \/>\n<meta property=\"article:modified_time\" content=\"2022-01-19T13:51:51+00:00\" \/>\n<meta name=\"author\" content=\"Developer\" \/>\n<meta name=\"twitter:card\" content=\"summary_large_image\" \/>\n<meta name=\"twitter:label1\" content=\"Written by\" \/>\n\t<meta name=\"twitter:data1\" content=\"Developer\" \/>\n\t<meta name=\"twitter:label2\" content=\"Est. reading time\" \/>\n\t<meta name=\"twitter:data2\" content=\"9 minutes\" \/>\n<script type=\"application\/ld+json\" class=\"yoast-schema-graph\">{\"@context\":\"https:\\\/\\\/schema.org\",\"@graph\":[{\"@type\":\"Article\",\"@id\":\"https:\\\/\\\/qtmm.org\\\/qt\\\/mustafa-cemilev-ukraina-devlet-bucetinin-leyhasi-aqqinda\\\/#article\",\"isPartOf\":{\"@id\":\"https:\\\/\\\/qtmm.org\\\/qt\\\/mustafa-cemilev-ukraina-devlet-bucetinin-leyhasi-aqqinda\\\/\"},\"author\":{\"name\":\"Developer\",\"@id\":\"https:\\\/\\\/qtmm.org\\\/qt\\\/#\\\/schema\\\/person\\\/de562469f971dec226ac06e60bbf74a7\"},\"headline\":\"Mustafa Cemilev Ukraina Devlet b\u00fccetini\u00f1 leyhas\u0131 aqq\u0131nda\",\"datePublished\":\"2011-10-20T13:50:00+00:00\",\"dateModified\":\"2022-01-19T13:51:51+00:00\",\"mainEntityOfPage\":{\"@id\":\"https:\\\/\\\/qtmm.org\\\/qt\\\/mustafa-cemilev-ukraina-devlet-bucetinin-leyhasi-aqqinda\\\/\"},\"wordCount\":1709,\"commentCount\":0,\"publisher\":{\"@id\":\"https:\\\/\\\/qtmm.org\\\/qt\\\/#organization\"},\"articleSection\":[\"Haberler\"],\"inLanguage\":\"qt\",\"potentialAction\":[{\"@type\":\"CommentAction\",\"name\":\"Comment\",\"target\":[\"https:\\\/\\\/qtmm.org\\\/qt\\\/mustafa-cemilev-ukraina-devlet-bucetinin-leyhasi-aqqinda\\\/#respond\"]}]},{\"@type\":\"WebPage\",\"@id\":\"https:\\\/\\\/qtmm.org\\\/qt\\\/mustafa-cemilev-ukraina-devlet-bucetinin-leyhasi-aqqinda\\\/\",\"url\":\"https:\\\/\\\/qtmm.org\\\/qt\\\/mustafa-cemilev-ukraina-devlet-bucetinin-leyhasi-aqqinda\\\/\",\"name\":\"Mustafa Cemilev Ukraina Devlet b\u00fccetini\u00f1 leyhas\u0131 aqq\u0131nda - \u041c\u0435\u0434\u0436\u043b\u0456\u0441\",\"isPartOf\":{\"@id\":\"https:\\\/\\\/qtmm.org\\\/qt\\\/#website\"},\"datePublished\":\"2011-10-20T13:50:00+00:00\",\"dateModified\":\"2022-01-19T13:51:51+00:00\",\"breadcrumb\":{\"@id\":\"https:\\\/\\\/qtmm.org\\\/qt\\\/mustafa-cemilev-ukraina-devlet-bucetinin-leyhasi-aqqinda\\\/#breadcrumb\"},\"inLanguage\":\"qt\",\"potentialAction\":[{\"@type\":\"ReadAction\",\"target\":[\"https:\\\/\\\/qtmm.org\\\/qt\\\/mustafa-cemilev-ukraina-devlet-bucetinin-leyhasi-aqqinda\\\/\"]}]},{\"@type\":\"BreadcrumbList\",\"@id\":\"https:\\\/\\\/qtmm.org\\\/qt\\\/mustafa-cemilev-ukraina-devlet-bucetinin-leyhasi-aqqinda\\\/#breadcrumb\",\"itemListElement\":[{\"@type\":\"ListItem\",\"position\":1,\"name\":\"\u0413\u043e\u043b\u043e\u0432\u043d\u0430\",\"item\":\"https:\\\/\\\/qtmm.org\\\/qt\\\/\"},{\"@type\":\"ListItem\",\"position\":2,\"name\":\"Mustafa Cemilev Ukraina Devlet b\u00fccetini\u00f1 leyhas\u0131 aqq\u0131nda\"}]},{\"@type\":\"WebSite\",\"@id\":\"https:\\\/\\\/qtmm.org\\\/qt\\\/#website\",\"url\":\"https:\\\/\\\/qtmm.org\\\/qt\\\/\",\"name\":\"\u041c\u0435\u0434\u0436\u043b\u0456\u0441\",\"description\":\"\",\"publisher\":{\"@id\":\"https:\\\/\\\/qtmm.org\\\/qt\\\/#organization\"},\"potentialAction\":[{\"@type\":\"SearchAction\",\"target\":{\"@type\":\"EntryPoint\",\"urlTemplate\":\"https:\\\/\\\/qtmm.org\\\/qt\\\/?s={search_term_string}\"},\"query-input\":{\"@type\":\"PropertyValueSpecification\",\"valueRequired\":true,\"valueName\":\"search_term_string\"}}],\"inLanguage\":\"qt\"},{\"@type\":\"Organization\",\"@id\":\"https:\\\/\\\/qtmm.org\\\/qt\\\/#organization\",\"name\":\"\u041c\u0435\u0434\u0436\u043b\u0456\u0441\",\"url\":\"https:\\\/\\\/qtmm.org\\\/qt\\\/\",\"logo\":{\"@type\":\"ImageObject\",\"inLanguage\":\"qt\",\"@id\":\"https:\\\/\\\/qtmm.org\\\/qt\\\/#\\\/schema\\\/logo\\\/image\\\/\",\"url\":\"https:\\\/\\\/qtmm.org\\\/wp-content\\\/uploads\\\/2024\\\/12\\\/ua-mejlis-logo-rgb.svg\",\"contentUrl\":\"https:\\\/\\\/qtmm.org\\\/wp-content\\\/uploads\\\/2024\\\/12\\\/ua-mejlis-logo-rgb.svg\",\"caption\":\"\u041c\u0435\u0434\u0436\u043b\u0456\u0441\"},\"image\":{\"@id\":\"https:\\\/\\\/qtmm.org\\\/qt\\\/#\\\/schema\\\/logo\\\/image\\\/\"},\"sameAs\":[\"https:\\\/\\\/www.facebook.com\\\/qtmm.info\\\/\"]},{\"@type\":\"Person\",\"@id\":\"https:\\\/\\\/qtmm.org\\\/qt\\\/#\\\/schema\\\/person\\\/de562469f971dec226ac06e60bbf74a7\",\"name\":\"Developer\",\"image\":{\"@type\":\"ImageObject\",\"inLanguage\":\"qt\",\"@id\":\"https:\\\/\\\/secure.gravatar.com\\\/avatar\\\/392b4cc8fbfeb00b39dfeeab4ee6edded39ffd48e25858637e4765810300227e?s=96&d=mm&r=g\",\"url\":\"https:\\\/\\\/secure.gravatar.com\\\/avatar\\\/392b4cc8fbfeb00b39dfeeab4ee6edded39ffd48e25858637e4765810300227e?s=96&d=mm&r=g\",\"contentUrl\":\"https:\\\/\\\/secure.gravatar.com\\\/avatar\\\/392b4cc8fbfeb00b39dfeeab4ee6edded39ffd48e25858637e4765810300227e?s=96&d=mm&r=g\",\"caption\":\"Developer\"},\"url\":\"https:\\\/\\\/qtmm.org\\\/qt\\\/author\\\/Developer\\\/\"}]}<\/script>\n<!-- \/ Yoast SEO plugin. -->","yoast_head_json":{"title":"Mustafa Cemilev Ukraina Devlet b\u00fccetini\u00f1 leyhas\u0131 aqq\u0131nda - \u041c\u0435\u0434\u0436\u043b\u0456\u0441","robots":{"index":"index","follow":"follow","max-snippet":"max-snippet:-1","max-image-preview":"max-image-preview:large","max-video-preview":"max-video-preview:-1"},"canonical":"https:\/\/qtmm.org\/qt\/mustafa-cemilev-ukraina-devlet-bucetinin-leyhasi-aqqinda\/","og_locale":"en_US","og_type":"article","og_title":"Mustafa Cemilev Ukraina Devlet b\u00fccetini\u00f1 leyhas\u0131 aqq\u0131nda - \u041c\u0435\u0434\u0436\u043b\u0456\u0441","og_description":"Mustafa Cemilev Yuqar\u0131 \u015euras\u0131 minberinden 2012 senesine Ukraina devlet&nbsp; b\u00fcceti leyhas\u0131n\u0131 tenqidge o\u011fratt\u0131: &#8220;Do\u011frus\u0131n\u0131 s\u00f6ylesem, Ukrainan\u0131\u00f1 b\u00f6yle munasebetini&nbsp; insanlarn\u0131 aqaret et\u00fcv, dep qabul etmek m\u00fcmk\u00fcn&#8221;.&nbsp; Belli ki,&nbsp; 2011 senesi okt\u00e2br 20 k\u00fcn\u00fc&nbsp; Ukraina Yuqar\u0131 \u015euras\u0131n\u0131\u00f1 a\u00e7\u0131l\u0131\u015f topla\u015fuv\u0131nda&nbsp; 2012 senesine Ukraina devlet b\u00fccetini\u00f1 2011 senesi sent\u00e2br ay\u0131n\u0131\u00f1 ba\u015f\u0131nda Ukraina Nazirler kabineti taraf\u0131ndan taqdim olun\u011fan leyhas\u0131 baq\u0131l\u011fan [&hellip;]","og_url":"https:\/\/qtmm.org\/qt\/mustafa-cemilev-ukraina-devlet-bucetinin-leyhasi-aqqinda\/","og_site_name":"\u041c\u0435\u0434\u0436\u043b\u0456\u0441","article_publisher":"https:\/\/www.facebook.com\/qtmm.info\/","article_published_time":"2011-10-20T13:50:00+00:00","article_modified_time":"2022-01-19T13:51:51+00:00","author":"Developer","twitter_card":"summary_large_image","twitter_misc":{"Written by":"Developer","Est. reading time":"9 minutes"},"schema":{"@context":"https:\/\/schema.org","@graph":[{"@type":"Article","@id":"https:\/\/qtmm.org\/qt\/mustafa-cemilev-ukraina-devlet-bucetinin-leyhasi-aqqinda\/#article","isPartOf":{"@id":"https:\/\/qtmm.org\/qt\/mustafa-cemilev-ukraina-devlet-bucetinin-leyhasi-aqqinda\/"},"author":{"name":"Developer","@id":"https:\/\/qtmm.org\/qt\/#\/schema\/person\/de562469f971dec226ac06e60bbf74a7"},"headline":"Mustafa Cemilev Ukraina Devlet b\u00fccetini\u00f1 leyhas\u0131 aqq\u0131nda","datePublished":"2011-10-20T13:50:00+00:00","dateModified":"2022-01-19T13:51:51+00:00","mainEntityOfPage":{"@id":"https:\/\/qtmm.org\/qt\/mustafa-cemilev-ukraina-devlet-bucetinin-leyhasi-aqqinda\/"},"wordCount":1709,"commentCount":0,"publisher":{"@id":"https:\/\/qtmm.org\/qt\/#organization"},"articleSection":["Haberler"],"inLanguage":"qt","potentialAction":[{"@type":"CommentAction","name":"Comment","target":["https:\/\/qtmm.org\/qt\/mustafa-cemilev-ukraina-devlet-bucetinin-leyhasi-aqqinda\/#respond"]}]},{"@type":"WebPage","@id":"https:\/\/qtmm.org\/qt\/mustafa-cemilev-ukraina-devlet-bucetinin-leyhasi-aqqinda\/","url":"https:\/\/qtmm.org\/qt\/mustafa-cemilev-ukraina-devlet-bucetinin-leyhasi-aqqinda\/","name":"Mustafa Cemilev Ukraina Devlet b\u00fccetini\u00f1 leyhas\u0131 aqq\u0131nda - \u041c\u0435\u0434\u0436\u043b\u0456\u0441","isPartOf":{"@id":"https:\/\/qtmm.org\/qt\/#website"},"datePublished":"2011-10-20T13:50:00+00:00","dateModified":"2022-01-19T13:51:51+00:00","breadcrumb":{"@id":"https:\/\/qtmm.org\/qt\/mustafa-cemilev-ukraina-devlet-bucetinin-leyhasi-aqqinda\/#breadcrumb"},"inLanguage":"qt","potentialAction":[{"@type":"ReadAction","target":["https:\/\/qtmm.org\/qt\/mustafa-cemilev-ukraina-devlet-bucetinin-leyhasi-aqqinda\/"]}]},{"@type":"BreadcrumbList","@id":"https:\/\/qtmm.org\/qt\/mustafa-cemilev-ukraina-devlet-bucetinin-leyhasi-aqqinda\/#breadcrumb","itemListElement":[{"@type":"ListItem","position":1,"name":"\u0413\u043e\u043b\u043e\u0432\u043d\u0430","item":"https:\/\/qtmm.org\/qt\/"},{"@type":"ListItem","position":2,"name":"Mustafa Cemilev Ukraina Devlet b\u00fccetini\u00f1 leyhas\u0131 aqq\u0131nda"}]},{"@type":"WebSite","@id":"https:\/\/qtmm.org\/qt\/#website","url":"https:\/\/qtmm.org\/qt\/","name":"\u041c\u0435\u0434\u0436\u043b\u0456\u0441","description":"","publisher":{"@id":"https:\/\/qtmm.org\/qt\/#organization"},"potentialAction":[{"@type":"SearchAction","target":{"@type":"EntryPoint","urlTemplate":"https:\/\/qtmm.org\/qt\/?s={search_term_string}"},"query-input":{"@type":"PropertyValueSpecification","valueRequired":true,"valueName":"search_term_string"}}],"inLanguage":"qt"},{"@type":"Organization","@id":"https:\/\/qtmm.org\/qt\/#organization","name":"\u041c\u0435\u0434\u0436\u043b\u0456\u0441","url":"https:\/\/qtmm.org\/qt\/","logo":{"@type":"ImageObject","inLanguage":"qt","@id":"https:\/\/qtmm.org\/qt\/#\/schema\/logo\/image\/","url":"https:\/\/qtmm.org\/wp-content\/uploads\/2024\/12\/ua-mejlis-logo-rgb.svg","contentUrl":"https:\/\/qtmm.org\/wp-content\/uploads\/2024\/12\/ua-mejlis-logo-rgb.svg","caption":"\u041c\u0435\u0434\u0436\u043b\u0456\u0441"},"image":{"@id":"https:\/\/qtmm.org\/qt\/#\/schema\/logo\/image\/"},"sameAs":["https:\/\/www.facebook.com\/qtmm.info\/"]},{"@type":"Person","@id":"https:\/\/qtmm.org\/qt\/#\/schema\/person\/de562469f971dec226ac06e60bbf74a7","name":"Developer","image":{"@type":"ImageObject","inLanguage":"qt","@id":"https:\/\/secure.gravatar.com\/avatar\/392b4cc8fbfeb00b39dfeeab4ee6edded39ffd48e25858637e4765810300227e?s=96&d=mm&r=g","url":"https:\/\/secure.gravatar.com\/avatar\/392b4cc8fbfeb00b39dfeeab4ee6edded39ffd48e25858637e4765810300227e?s=96&d=mm&r=g","contentUrl":"https:\/\/secure.gravatar.com\/avatar\/392b4cc8fbfeb00b39dfeeab4ee6edded39ffd48e25858637e4765810300227e?s=96&d=mm&r=g","caption":"Developer"},"url":"https:\/\/qtmm.org\/qt\/author\/Developer\/"}]}},"_links":{"self":[{"href":"https:\/\/qtmm.org\/qt\/wp-json\/wp\/v2\/posts\/26662","targetHints":{"allow":["GET"]}}],"collection":[{"href":"https:\/\/qtmm.org\/qt\/wp-json\/wp\/v2\/posts"}],"about":[{"href":"https:\/\/qtmm.org\/qt\/wp-json\/wp\/v2\/types\/post"}],"author":[{"embeddable":true,"href":"https:\/\/qtmm.org\/qt\/wp-json\/wp\/v2\/users\/1"}],"replies":[{"embeddable":true,"href":"https:\/\/qtmm.org\/qt\/wp-json\/wp\/v2\/comments?post=26662"}],"version-history":[{"count":1,"href":"https:\/\/qtmm.org\/qt\/wp-json\/wp\/v2\/posts\/26662\/revisions"}],"predecessor-version":[{"id":26663,"href":"https:\/\/qtmm.org\/qt\/wp-json\/wp\/v2\/posts\/26662\/revisions\/26663"}],"wp:attachment":[{"href":"https:\/\/qtmm.org\/qt\/wp-json\/wp\/v2\/media?parent=26662"}],"wp:term":[{"taxonomy":"category","embeddable":true,"href":"https:\/\/qtmm.org\/qt\/wp-json\/wp\/v2\/categories?post=26662"},{"taxonomy":"post_tag","embeddable":true,"href":"https:\/\/qtmm.org\/qt\/wp-json\/wp\/v2\/tags?post=26662"}],"curies":[{"name":"wp","href":"https:\/\/api.w.org\/{rel}","templated":true}]}}