




{"id":26660,"date":"2011-10-20T16:49:00","date_gmt":"2011-10-20T13:49:00","guid":{"rendered":"http:\/\/qtmm.org\/?p=26660"},"modified":"2022-01-19T16:50:02","modified_gmt":"2022-01-19T13:50:02","slug":"meclis-qirimtatarlar-ve-akimiyet-arasinda-dialog-yoq","status":"publish","type":"post","link":"https:\/\/qtmm.org\/qt\/meclis-qirimtatarlar-ve-akimiyet-arasinda-dialog-yoq\/","title":{"rendered":"Meclis: q\u0131r\u0131mtatarlar ve akimiyet aras\u0131nda dialog yoq"},"content":{"rendered":"\n<p>Aqmescit \u2013 Q\u0131r\u0131mtatar halq\u0131 Meclisi liderlerini\u00f1 aytqan\u0131na k\u00f6re, q\u0131r\u0131mtatarlar ve muhtariyet \u00fck\u00fcmeti&nbsp; aras\u0131nda dialog toqtad\u0131. Pavel Burlakov vaqt\u0131nca olaraq yolba\u015f\u00e7\u0131l\u0131q yapt\u0131\u011f\u0131 Q\u0131r\u0131m \u00fck\u00fcmeti Meclisnen i\u015f tutqan &#8220;rahmetli Vasiliy Cart\u0131n\u0131\u00f1 yolundan \u00e7ekildi&#8221;. Bu aqta Azatl\u0131q radios\u0131na Meclis reisi Mustafa Cemilev aytt\u0131.&nbsp; \u00dck\u00fcmetni\u00f1 vazifedar hadimleri ise bun\u0131\u00f1nen raz\u0131 olmay\u0131p, i\u015f adetteki rejimde kete, dep izaat berdiler.<\/p>\n\n\n\n<p>Avgust ay\u0131nda Q\u0131r\u0131m ba\u015f naziri Vasiliy Cart\u0131 vefat etken so\u00f1 on\u0131\u00f1 vazifesini vaqt\u0131nca eda etken Pavel Burlakovnen Meclis lideri Mustafa Cemilev faqat bir kere k\u00f6r\u00fc\u015fti.<\/p>\n\n\n\n<p>Mustafa Cemilevni\u00f1 bildirgenine k\u00f6re, akimlernen dialog deyerlik&nbsp; kesildi, bundan da \u011fayr\u0131 vazifeder \u015fah\u0131slar q\u0131r\u0131mtatarlarn\u0131 aqs\u0131mla\u011fan bir qararlarn\u0131 qabul etip ba\u015flad\u0131lar.<\/p>\n\n\n\n<p>&#8220;Vasiliy Cart\u0131n\u0131\u00f1 cenazesinde Burlakov on\u0131\u00f1 yolun\u0131 devam etecegine yemin etken edi, amma endi bir qa\u00e7 k\u00fc\u00e7 ke\u00e7er-ke\u00e7mez tam ters bir qarar ald\u0131. Eger yazda Cart\u0131 Kefe yan\u0131nda ha\u00e7 tiklenmesine bun\u0131\u00f1 dinnen al\u0131p berecegi olma\u011fan provokatsiya, dep q\u0131ymet kesken olsa,&nbsp;&nbsp; Burlakov reberligindeki \u00fck\u00fcmet bu ha\u00e7n\u0131 qoymaq qarar\u0131n\u0131 imzalad\u0131. Bu\u00f1a konstruktiv yana\u015fuv, dep olamam\u0131z&#8221;, &#8211; dep&nbsp; qayd ete Mustafa Cemilev.<\/p>\n\n\n\n<p>Bun\u0131\u00f1 kibi de o, q\u0131r\u0131mtatarlarn\u0131 muhtariyat icra komitetlerinden i\u015ften bo\u015fatqanlar\u0131, q\u0131r\u0131mtatar medeniy variyetinden yek\u00e2ne saqlan\u0131p qal\u011fan Hansarayn\u0131\u00f1 reberi de Meclis ile a\u00f1la\u015f\u0131lmadan de\u00f1i\u015ftirildi, topraq meselesini\u00f1 \u00e7ezimi de yar\u0131 yolda qal\u011fan\u0131n\u0131 k\u00f6stergen misallerni ketirdi.&nbsp;&nbsp;&nbsp;<\/p>\n\n\n\n<p>Q\u0131r\u0131m ba\u015f naziri tayinlengen&nbsp; so\u00f1 dialog devam etermi?<\/p>\n\n\n\n<p>Ba\u015f nazir muaviri&nbsp; Yekaterina Y\u00fcr\u00e7enko bun\u0131\u00f1nen raz\u0131 degil, on\u0131\u00f1 fikirince&nbsp; Meclis ve akimler aras\u0131nda dialog, s\u00fcrg\u00fcnlikten qaytqanlarn\u0131 topraqnen teminlev de devam ete.&nbsp; &#8220;Men bu dialogn\u0131 k\u00f6rem, bu dialogda i\u015ftirak etem. Bir \u00e7oq meseleler \u00e7ezile ve \u00e7ezilecek. Evel ba\u015flan\u011fan bu a\u011f\u0131r i\u015f endi bir tertipke keldi&#8221;, &#8211; dedi Yekaterina Y\u00fcr\u00e7enko.<\/p>\n\n\n\n<p>Misal olaraq o, q\u0131r\u0131mtatarlarn\u0131 qaytaruv ve yerle\u015ftir\u00fcv programmas\u0131n\u0131 finansirlevni ba\u015flamaq i\u00e7\u00fcn birlikte areket etkenlerini aytt\u0131. Belli ki, programman\u0131\u00f1 finansirlen\u00fcvi&nbsp; bu seneni\u00f1 ba\u015f\u0131nda toqtat\u0131l\u011fan edi.&nbsp; Ba\u015f nazir muavini \u015fun\u0131 da bildirdi ki, para endi noyabr&nbsp; ay\u0131nda kelecek. Bundan da \u011fayr\u0131, Q\u0131r\u0131m \u00fck\u00fcmeti Ukraina devlet b\u00fccetine&nbsp; q\u0131r\u0131mtatarlarn\u0131\u00f1 qaytuv\u0131 ve yerle\u015ftiril\u00fcvi programmas\u0131na sermiya kirsetilmesini talap ete, dep bildirdi YE. Y\u00fcr\u00e7enko. Muhtariyat \u00dck\u00fcmeti reisini\u00f1 yard\u0131mc\u0131s\u0131&nbsp;&nbsp; Aleksandr Forman\u00e7uk ise q\u0131r\u0131mtatarlarn\u0131\u00f1 liderleri ve cumhuriyet akimleri&nbsp; munasebetlerinde problemler ol\u011fan\u0131n\u0131 tan\u0131y.<\/p>\n\n\n\n<p>&#8220;Cart\u0131 bergen siltem bug\u00fcnde-bug\u00fcn eksildi ve s\u00f6nmekte. Bu, birinci nevbette Burlakovn\u0131\u00f1 on\u0131 reis olaraq tayinleyceklerine \u015f\u00fcbelengeninen ba\u011fl\u0131d\u0131r. \u015eun\u0131\u00f1 i\u00e7\u00fcn de Prezident Memuriyetine&nbsp; kerginlik aqq\u0131nda laflar yetip barmas\u0131ndan saq\u0131nalar. Ba\u015f nazirn tayinlenmesini\u00f1 bu qadar sozulmas\u0131 dialogn\u0131\u00f1 devam etmesine mania ola&#8221;, dep saya siyaset\u015f\u0131nas.<\/p>\n\n\n\n<p>Bun\u0131\u00f1nen beraber Aleksandr Forman\u00e7uk Q\u0131r\u0131mda \u00fck\u00fcmetke reis, kim ol\u011fan\u0131ndan qatiy nazar,&nbsp; tayinlengeninen q\u0131r\u0131mtatarlar ile dialog tiklenecegini tahmin ete.<\/p>\n\n\n\n<p class=\"has-text-align-right\">Vladimir Pritula<\/p>\n\n\n\n<p class=\"has-text-align-right\"><a href=\"http:\/\/www.radiosvoboda.org\/content\/article\/24365973.html\" target=\"_blank\" rel=\"noreferrer noopener\">Azatl\u0131q radios\u0131<\/a><\/p>\n","protected":false},"excerpt":{"rendered":"<p>Aqmescit \u2013 Q\u0131r\u0131mtatar halq\u0131 Meclisi liderlerini\u00f1 aytqan\u0131na k\u00f6re, q\u0131r\u0131mtatarlar ve muhtariyet \u00fck\u00fcmeti&nbsp; aras\u0131nda dialog toqtad\u0131. Pavel Burlakov vaqt\u0131nca olaraq yolba\u015f\u00e7\u0131l\u0131q yapt\u0131\u011f\u0131 Q\u0131r\u0131m \u00fck\u00fcmeti Meclisnen i\u015f tutqan &#8220;rahmetli Vasiliy Cart\u0131n\u0131\u00f1 yolundan \u00e7ekildi&#8221;. Bu aqta Azatl\u0131q radios\u0131na Meclis reisi Mustafa Cemilev aytt\u0131.&nbsp; \u00dck\u00fcmetni\u00f1 vazifedar hadimleri ise bun\u0131\u00f1nen raz\u0131 olmay\u0131p, i\u015f adetteki rejimde kete, dep izaat berdiler. Avgust [&hellip;]<\/p>\n","protected":false},"author":1,"featured_media":0,"comment_status":"open","ping_status":"open","sticky":false,"template":"","format":"standard","meta":{"inline_featured_image":false,"footnotes":""},"categories":[265],"tags":[],"class_list":["post-26660","post","type-post","status-publish","format-standard","hentry","category-haberler"],"acf":[],"yoast_head":"<!-- This site is optimized with the Yoast SEO plugin v27.4 - https:\/\/yoast.com\/product\/yoast-seo-wordpress\/ -->\n<title>Meclis: q\u0131r\u0131mtatarlar ve akimiyet aras\u0131nda dialog yoq - \u041c\u0435\u0434\u0436\u043b\u0456\u0441<\/title>\n<meta name=\"robots\" content=\"index, follow, max-snippet:-1, max-image-preview:large, max-video-preview:-1\" \/>\n<link rel=\"canonical\" href=\"https:\/\/qtmm.org\/qt\/meclis-qirimtatarlar-ve-akimiyet-arasinda-dialog-yoq\/\" \/>\n<meta property=\"og:locale\" content=\"en_US\" \/>\n<meta property=\"og:type\" content=\"article\" \/>\n<meta property=\"og:title\" content=\"Meclis: q\u0131r\u0131mtatarlar ve akimiyet aras\u0131nda dialog yoq - \u041c\u0435\u0434\u0436\u043b\u0456\u0441\" \/>\n<meta property=\"og:description\" content=\"Aqmescit \u2013 Q\u0131r\u0131mtatar halq\u0131 Meclisi liderlerini\u00f1 aytqan\u0131na k\u00f6re, q\u0131r\u0131mtatarlar ve muhtariyet \u00fck\u00fcmeti&nbsp; aras\u0131nda dialog toqtad\u0131. Pavel Burlakov vaqt\u0131nca olaraq yolba\u015f\u00e7\u0131l\u0131q yapt\u0131\u011f\u0131 Q\u0131r\u0131m \u00fck\u00fcmeti Meclisnen i\u015f tutqan &#8220;rahmetli Vasiliy Cart\u0131n\u0131\u00f1 yolundan \u00e7ekildi&#8221;. Bu aqta Azatl\u0131q radios\u0131na Meclis reisi Mustafa Cemilev aytt\u0131.&nbsp; \u00dck\u00fcmetni\u00f1 vazifedar hadimleri ise bun\u0131\u00f1nen raz\u0131 olmay\u0131p, i\u015f adetteki rejimde kete, dep izaat berdiler. Avgust [&hellip;]\" \/>\n<meta property=\"og:url\" content=\"https:\/\/qtmm.org\/qt\/meclis-qirimtatarlar-ve-akimiyet-arasinda-dialog-yoq\/\" \/>\n<meta property=\"og:site_name\" content=\"\u041c\u0435\u0434\u0436\u043b\u0456\u0441\" \/>\n<meta property=\"article:publisher\" content=\"https:\/\/www.facebook.com\/qtmm.info\/\" \/>\n<meta property=\"article:published_time\" content=\"2011-10-20T13:49:00+00:00\" \/>\n<meta property=\"article:modified_time\" content=\"2022-01-19T13:50:02+00:00\" \/>\n<meta name=\"author\" content=\"Developer\" \/>\n<meta name=\"twitter:card\" content=\"summary_large_image\" \/>\n<meta name=\"twitter:label1\" content=\"Written by\" \/>\n\t<meta name=\"twitter:data1\" content=\"Developer\" \/>\n\t<meta name=\"twitter:label2\" content=\"Est. reading time\" \/>\n\t<meta name=\"twitter:data2\" content=\"3 minutes\" \/>\n<script type=\"application\/ld+json\" class=\"yoast-schema-graph\">{\"@context\":\"https:\\\/\\\/schema.org\",\"@graph\":[{\"@type\":\"Article\",\"@id\":\"https:\\\/\\\/qtmm.org\\\/qt\\\/meclis-qirimtatarlar-ve-akimiyet-arasinda-dialog-yoq\\\/#article\",\"isPartOf\":{\"@id\":\"https:\\\/\\\/qtmm.org\\\/qt\\\/meclis-qirimtatarlar-ve-akimiyet-arasinda-dialog-yoq\\\/\"},\"author\":{\"name\":\"Developer\",\"@id\":\"https:\\\/\\\/qtmm.org\\\/qt\\\/#\\\/schema\\\/person\\\/de562469f971dec226ac06e60bbf74a7\"},\"headline\":\"Meclis: q\u0131r\u0131mtatarlar ve akimiyet aras\u0131nda dialog yoq\",\"datePublished\":\"2011-10-20T13:49:00+00:00\",\"dateModified\":\"2022-01-19T13:50:02+00:00\",\"mainEntityOfPage\":{\"@id\":\"https:\\\/\\\/qtmm.org\\\/qt\\\/meclis-qirimtatarlar-ve-akimiyet-arasinda-dialog-yoq\\\/\"},\"wordCount\":546,\"commentCount\":0,\"publisher\":{\"@id\":\"https:\\\/\\\/qtmm.org\\\/qt\\\/#organization\"},\"articleSection\":[\"Haberler\"],\"inLanguage\":\"qt\",\"potentialAction\":[{\"@type\":\"CommentAction\",\"name\":\"Comment\",\"target\":[\"https:\\\/\\\/qtmm.org\\\/qt\\\/meclis-qirimtatarlar-ve-akimiyet-arasinda-dialog-yoq\\\/#respond\"]}]},{\"@type\":\"WebPage\",\"@id\":\"https:\\\/\\\/qtmm.org\\\/qt\\\/meclis-qirimtatarlar-ve-akimiyet-arasinda-dialog-yoq\\\/\",\"url\":\"https:\\\/\\\/qtmm.org\\\/qt\\\/meclis-qirimtatarlar-ve-akimiyet-arasinda-dialog-yoq\\\/\",\"name\":\"Meclis: q\u0131r\u0131mtatarlar ve akimiyet aras\u0131nda dialog yoq - \u041c\u0435\u0434\u0436\u043b\u0456\u0441\",\"isPartOf\":{\"@id\":\"https:\\\/\\\/qtmm.org\\\/qt\\\/#website\"},\"datePublished\":\"2011-10-20T13:49:00+00:00\",\"dateModified\":\"2022-01-19T13:50:02+00:00\",\"breadcrumb\":{\"@id\":\"https:\\\/\\\/qtmm.org\\\/qt\\\/meclis-qirimtatarlar-ve-akimiyet-arasinda-dialog-yoq\\\/#breadcrumb\"},\"inLanguage\":\"qt\",\"potentialAction\":[{\"@type\":\"ReadAction\",\"target\":[\"https:\\\/\\\/qtmm.org\\\/qt\\\/meclis-qirimtatarlar-ve-akimiyet-arasinda-dialog-yoq\\\/\"]}]},{\"@type\":\"BreadcrumbList\",\"@id\":\"https:\\\/\\\/qtmm.org\\\/qt\\\/meclis-qirimtatarlar-ve-akimiyet-arasinda-dialog-yoq\\\/#breadcrumb\",\"itemListElement\":[{\"@type\":\"ListItem\",\"position\":1,\"name\":\"\u0413\u043e\u043b\u043e\u0432\u043d\u0430\",\"item\":\"https:\\\/\\\/qtmm.org\\\/qt\\\/\"},{\"@type\":\"ListItem\",\"position\":2,\"name\":\"Meclis: q\u0131r\u0131mtatarlar ve akimiyet aras\u0131nda dialog yoq\"}]},{\"@type\":\"WebSite\",\"@id\":\"https:\\\/\\\/qtmm.org\\\/qt\\\/#website\",\"url\":\"https:\\\/\\\/qtmm.org\\\/qt\\\/\",\"name\":\"\u041c\u0435\u0434\u0436\u043b\u0456\u0441\",\"description\":\"\",\"publisher\":{\"@id\":\"https:\\\/\\\/qtmm.org\\\/qt\\\/#organization\"},\"potentialAction\":[{\"@type\":\"SearchAction\",\"target\":{\"@type\":\"EntryPoint\",\"urlTemplate\":\"https:\\\/\\\/qtmm.org\\\/qt\\\/?s={search_term_string}\"},\"query-input\":{\"@type\":\"PropertyValueSpecification\",\"valueRequired\":true,\"valueName\":\"search_term_string\"}}],\"inLanguage\":\"qt\"},{\"@type\":\"Organization\",\"@id\":\"https:\\\/\\\/qtmm.org\\\/qt\\\/#organization\",\"name\":\"\u041c\u0435\u0434\u0436\u043b\u0456\u0441\",\"url\":\"https:\\\/\\\/qtmm.org\\\/qt\\\/\",\"logo\":{\"@type\":\"ImageObject\",\"inLanguage\":\"qt\",\"@id\":\"https:\\\/\\\/qtmm.org\\\/qt\\\/#\\\/schema\\\/logo\\\/image\\\/\",\"url\":\"https:\\\/\\\/qtmm.org\\\/wp-content\\\/uploads\\\/2024\\\/12\\\/ua-mejlis-logo-rgb.svg\",\"contentUrl\":\"https:\\\/\\\/qtmm.org\\\/wp-content\\\/uploads\\\/2024\\\/12\\\/ua-mejlis-logo-rgb.svg\",\"caption\":\"\u041c\u0435\u0434\u0436\u043b\u0456\u0441\"},\"image\":{\"@id\":\"https:\\\/\\\/qtmm.org\\\/qt\\\/#\\\/schema\\\/logo\\\/image\\\/\"},\"sameAs\":[\"https:\\\/\\\/www.facebook.com\\\/qtmm.info\\\/\"]},{\"@type\":\"Person\",\"@id\":\"https:\\\/\\\/qtmm.org\\\/qt\\\/#\\\/schema\\\/person\\\/de562469f971dec226ac06e60bbf74a7\",\"name\":\"Developer\",\"image\":{\"@type\":\"ImageObject\",\"inLanguage\":\"qt\",\"@id\":\"https:\\\/\\\/secure.gravatar.com\\\/avatar\\\/392b4cc8fbfeb00b39dfeeab4ee6edded39ffd48e25858637e4765810300227e?s=96&d=mm&r=g\",\"url\":\"https:\\\/\\\/secure.gravatar.com\\\/avatar\\\/392b4cc8fbfeb00b39dfeeab4ee6edded39ffd48e25858637e4765810300227e?s=96&d=mm&r=g\",\"contentUrl\":\"https:\\\/\\\/secure.gravatar.com\\\/avatar\\\/392b4cc8fbfeb00b39dfeeab4ee6edded39ffd48e25858637e4765810300227e?s=96&d=mm&r=g\",\"caption\":\"Developer\"},\"url\":\"https:\\\/\\\/qtmm.org\\\/qt\\\/author\\\/Developer\\\/\"}]}<\/script>\n<!-- \/ Yoast SEO plugin. -->","yoast_head_json":{"title":"Meclis: q\u0131r\u0131mtatarlar ve akimiyet aras\u0131nda dialog yoq - \u041c\u0435\u0434\u0436\u043b\u0456\u0441","robots":{"index":"index","follow":"follow","max-snippet":"max-snippet:-1","max-image-preview":"max-image-preview:large","max-video-preview":"max-video-preview:-1"},"canonical":"https:\/\/qtmm.org\/qt\/meclis-qirimtatarlar-ve-akimiyet-arasinda-dialog-yoq\/","og_locale":"en_US","og_type":"article","og_title":"Meclis: q\u0131r\u0131mtatarlar ve akimiyet aras\u0131nda dialog yoq - \u041c\u0435\u0434\u0436\u043b\u0456\u0441","og_description":"Aqmescit \u2013 Q\u0131r\u0131mtatar halq\u0131 Meclisi liderlerini\u00f1 aytqan\u0131na k\u00f6re, q\u0131r\u0131mtatarlar ve muhtariyet \u00fck\u00fcmeti&nbsp; aras\u0131nda dialog toqtad\u0131. Pavel Burlakov vaqt\u0131nca olaraq yolba\u015f\u00e7\u0131l\u0131q yapt\u0131\u011f\u0131 Q\u0131r\u0131m \u00fck\u00fcmeti Meclisnen i\u015f tutqan &#8220;rahmetli Vasiliy Cart\u0131n\u0131\u00f1 yolundan \u00e7ekildi&#8221;. Bu aqta Azatl\u0131q radios\u0131na Meclis reisi Mustafa Cemilev aytt\u0131.&nbsp; \u00dck\u00fcmetni\u00f1 vazifedar hadimleri ise bun\u0131\u00f1nen raz\u0131 olmay\u0131p, i\u015f adetteki rejimde kete, dep izaat berdiler. Avgust [&hellip;]","og_url":"https:\/\/qtmm.org\/qt\/meclis-qirimtatarlar-ve-akimiyet-arasinda-dialog-yoq\/","og_site_name":"\u041c\u0435\u0434\u0436\u043b\u0456\u0441","article_publisher":"https:\/\/www.facebook.com\/qtmm.info\/","article_published_time":"2011-10-20T13:49:00+00:00","article_modified_time":"2022-01-19T13:50:02+00:00","author":"Developer","twitter_card":"summary_large_image","twitter_misc":{"Written by":"Developer","Est. reading time":"3 minutes"},"schema":{"@context":"https:\/\/schema.org","@graph":[{"@type":"Article","@id":"https:\/\/qtmm.org\/qt\/meclis-qirimtatarlar-ve-akimiyet-arasinda-dialog-yoq\/#article","isPartOf":{"@id":"https:\/\/qtmm.org\/qt\/meclis-qirimtatarlar-ve-akimiyet-arasinda-dialog-yoq\/"},"author":{"name":"Developer","@id":"https:\/\/qtmm.org\/qt\/#\/schema\/person\/de562469f971dec226ac06e60bbf74a7"},"headline":"Meclis: q\u0131r\u0131mtatarlar ve akimiyet aras\u0131nda dialog yoq","datePublished":"2011-10-20T13:49:00+00:00","dateModified":"2022-01-19T13:50:02+00:00","mainEntityOfPage":{"@id":"https:\/\/qtmm.org\/qt\/meclis-qirimtatarlar-ve-akimiyet-arasinda-dialog-yoq\/"},"wordCount":546,"commentCount":0,"publisher":{"@id":"https:\/\/qtmm.org\/qt\/#organization"},"articleSection":["Haberler"],"inLanguage":"qt","potentialAction":[{"@type":"CommentAction","name":"Comment","target":["https:\/\/qtmm.org\/qt\/meclis-qirimtatarlar-ve-akimiyet-arasinda-dialog-yoq\/#respond"]}]},{"@type":"WebPage","@id":"https:\/\/qtmm.org\/qt\/meclis-qirimtatarlar-ve-akimiyet-arasinda-dialog-yoq\/","url":"https:\/\/qtmm.org\/qt\/meclis-qirimtatarlar-ve-akimiyet-arasinda-dialog-yoq\/","name":"Meclis: q\u0131r\u0131mtatarlar ve akimiyet aras\u0131nda dialog yoq - \u041c\u0435\u0434\u0436\u043b\u0456\u0441","isPartOf":{"@id":"https:\/\/qtmm.org\/qt\/#website"},"datePublished":"2011-10-20T13:49:00+00:00","dateModified":"2022-01-19T13:50:02+00:00","breadcrumb":{"@id":"https:\/\/qtmm.org\/qt\/meclis-qirimtatarlar-ve-akimiyet-arasinda-dialog-yoq\/#breadcrumb"},"inLanguage":"qt","potentialAction":[{"@type":"ReadAction","target":["https:\/\/qtmm.org\/qt\/meclis-qirimtatarlar-ve-akimiyet-arasinda-dialog-yoq\/"]}]},{"@type":"BreadcrumbList","@id":"https:\/\/qtmm.org\/qt\/meclis-qirimtatarlar-ve-akimiyet-arasinda-dialog-yoq\/#breadcrumb","itemListElement":[{"@type":"ListItem","position":1,"name":"\u0413\u043e\u043b\u043e\u0432\u043d\u0430","item":"https:\/\/qtmm.org\/qt\/"},{"@type":"ListItem","position":2,"name":"Meclis: q\u0131r\u0131mtatarlar ve akimiyet aras\u0131nda dialog yoq"}]},{"@type":"WebSite","@id":"https:\/\/qtmm.org\/qt\/#website","url":"https:\/\/qtmm.org\/qt\/","name":"\u041c\u0435\u0434\u0436\u043b\u0456\u0441","description":"","publisher":{"@id":"https:\/\/qtmm.org\/qt\/#organization"},"potentialAction":[{"@type":"SearchAction","target":{"@type":"EntryPoint","urlTemplate":"https:\/\/qtmm.org\/qt\/?s={search_term_string}"},"query-input":{"@type":"PropertyValueSpecification","valueRequired":true,"valueName":"search_term_string"}}],"inLanguage":"qt"},{"@type":"Organization","@id":"https:\/\/qtmm.org\/qt\/#organization","name":"\u041c\u0435\u0434\u0436\u043b\u0456\u0441","url":"https:\/\/qtmm.org\/qt\/","logo":{"@type":"ImageObject","inLanguage":"qt","@id":"https:\/\/qtmm.org\/qt\/#\/schema\/logo\/image\/","url":"https:\/\/qtmm.org\/wp-content\/uploads\/2024\/12\/ua-mejlis-logo-rgb.svg","contentUrl":"https:\/\/qtmm.org\/wp-content\/uploads\/2024\/12\/ua-mejlis-logo-rgb.svg","caption":"\u041c\u0435\u0434\u0436\u043b\u0456\u0441"},"image":{"@id":"https:\/\/qtmm.org\/qt\/#\/schema\/logo\/image\/"},"sameAs":["https:\/\/www.facebook.com\/qtmm.info\/"]},{"@type":"Person","@id":"https:\/\/qtmm.org\/qt\/#\/schema\/person\/de562469f971dec226ac06e60bbf74a7","name":"Developer","image":{"@type":"ImageObject","inLanguage":"qt","@id":"https:\/\/secure.gravatar.com\/avatar\/392b4cc8fbfeb00b39dfeeab4ee6edded39ffd48e25858637e4765810300227e?s=96&d=mm&r=g","url":"https:\/\/secure.gravatar.com\/avatar\/392b4cc8fbfeb00b39dfeeab4ee6edded39ffd48e25858637e4765810300227e?s=96&d=mm&r=g","contentUrl":"https:\/\/secure.gravatar.com\/avatar\/392b4cc8fbfeb00b39dfeeab4ee6edded39ffd48e25858637e4765810300227e?s=96&d=mm&r=g","caption":"Developer"},"url":"https:\/\/qtmm.org\/qt\/author\/Developer\/"}]}},"_links":{"self":[{"href":"https:\/\/qtmm.org\/qt\/wp-json\/wp\/v2\/posts\/26660","targetHints":{"allow":["GET"]}}],"collection":[{"href":"https:\/\/qtmm.org\/qt\/wp-json\/wp\/v2\/posts"}],"about":[{"href":"https:\/\/qtmm.org\/qt\/wp-json\/wp\/v2\/types\/post"}],"author":[{"embeddable":true,"href":"https:\/\/qtmm.org\/qt\/wp-json\/wp\/v2\/users\/1"}],"replies":[{"embeddable":true,"href":"https:\/\/qtmm.org\/qt\/wp-json\/wp\/v2\/comments?post=26660"}],"version-history":[{"count":1,"href":"https:\/\/qtmm.org\/qt\/wp-json\/wp\/v2\/posts\/26660\/revisions"}],"predecessor-version":[{"id":26661,"href":"https:\/\/qtmm.org\/qt\/wp-json\/wp\/v2\/posts\/26660\/revisions\/26661"}],"wp:attachment":[{"href":"https:\/\/qtmm.org\/qt\/wp-json\/wp\/v2\/media?parent=26660"}],"wp:term":[{"taxonomy":"category","embeddable":true,"href":"https:\/\/qtmm.org\/qt\/wp-json\/wp\/v2\/categories?post=26660"},{"taxonomy":"post_tag","embeddable":true,"href":"https:\/\/qtmm.org\/qt\/wp-json\/wp\/v2\/tags?post=26660"}],"curies":[{"name":"wp","href":"https:\/\/api.w.org\/{rel}","templated":true}]}}