




{"id":26654,"date":"2011-10-19T16:48:00","date_gmt":"2011-10-19T13:48:00","guid":{"rendered":"http:\/\/qtmm.org\/?p=26654"},"modified":"2022-01-19T16:49:11","modified_gmt":"2022-01-19T13:49:11","slug":"refat-cubarov-cehiya-tisqi-isler-nazirinin-muavini-tomas-dub-ile-korusti","status":"publish","type":"post","link":"https:\/\/qtmm.org\/qt\/refat-cubarov-cehiya-tisqi-isler-nazirinin-muavini-tomas-dub-ile-korusti\/","title":{"rendered":"Refat \u00c7ubarov \u00c7ehiya T\u0131\u015fq\u0131 i\u015fler nazirini\u00f1 muavini Toma\u015f Dub ile k\u00f6r\u00fc\u015fti"},"content":{"rendered":"\n<p>2011 senesi okt\u00e2br 19 k\u00fcn\u00fc Q\u0131r\u0131mtatar halq\u0131 Meclisi reisini\u00f1 birinci muavini, B\u00fct\u00fcnd\u00fcnya q\u0131r\u0131mtatarlar kongressini\u00f1 prezidenti Refat \u00c7ubarov \u00c7ehiya Cumhuriyeti T\u0131\u015fq\u0131 i\u015fler nazirini\u00f1 muavini Toma\u015f&nbsp; Dub ile k\u00f6r\u00fc\u015fti. K\u00f6r\u00fc\u015f\u00fcvde \u00c7ehiyan\u0131\u00f1 Ukrainadaki Vefqulade ve Tolu vek\u00e2letli el\u00e7isi \u0130van Po\u00e7uh, \u00c7ehiyan\u0131\u00f1 Ukrainada el\u00e7iligini\u00f1 siyasiy meseleler boyunca mesleat\u00e7\u0131s\u0131 L\u00fcbo\u015f Veselu, \u00c7ehiyan\u0131\u00f1 Donetskteki ba\u015f konsul\u0131 Ondrey Moravek, Meclis t\u0131\u015fq\u0131 al\u00e2qalar b\u00f6l\u00fcgini\u00f1 ba\u015f\u0131 Ali Hamzin i\u015ftirak etiler.<\/p>\n\n\n\n<p>K\u00f6r\u00fc\u015f\u00fcvde q\u0131r\u0131mtatarlarn\u0131\u00f1 qaytuv\u0131 ve yerle\u015f\u00fcvinen ba\u011fl\u0131 meseleler muzakere etilip, Halqara forum\u011fa az\u0131rl\u0131qn\u0131\u00f1 keti\u015fat\u0131nda da toqtald\u0131.&nbsp;<\/p>\n\n\n\n<p>\u00c7ehiyal\u0131 musafirler \u00f6z nevbetinde Q\u0131r\u0131m ve \u00c7ehiya aras\u0131nda iqtisadiy ve&nbsp; medeniy al\u00e2qalarn\u0131 keni\u015flet\u00fcv boyunca plan ve istiqballeri aqq\u0131nda ik\u00e2ye ettiler. Musafirler bun\u0131\u00f1 kibi de Q\u0131r\u0131m Nazirler \u015furas\u0131 V\u0131\u015fegorodskaya d\u00f6rtl\u00fcgi azalar\u0131 ol\u011fan devletlerni\u00f1 te\u015febb\u00fcsine qoltutqan\u0131n\u0131 ayr\u0131ca memn\u00fcnliknen qayd ettiler.<\/p>\n\n\n\n<p>K\u00f6r\u00fc\u015f\u00fcvni\u00f1 so\u00f1unda Refat \u00c7ubarov&nbsp; \u00c7ehiya t\u0131\u015fq\u0131 i\u015fler nazirini\u00f1 muavini Toma\u015f Dub&nbsp; ve on\u0131\u00f1 ile beraber ol\u011fan \u015fah\u0131slarn\u0131 q\u0131r\u0131mtatar halq\u0131n\u0131\u00f1 vaziyetine bifarq olma\u011fanlar\u0131 ve q\u0131r\u0131mtatarlarn\u0131 yerle\u015ftir\u00fcvde Ukraina\u011fa yard\u0131mc\u0131 olma\u011fa t\u0131r\u0131\u015fqanlar\u0131 i\u00e7\u00fcn te\u015fekk\u00fcr bildirdi.&nbsp;<\/p>\n","protected":false},"excerpt":{"rendered":"<p>2011 senesi okt\u00e2br 19 k\u00fcn\u00fc Q\u0131r\u0131mtatar halq\u0131 Meclisi reisini\u00f1 birinci muavini, B\u00fct\u00fcnd\u00fcnya q\u0131r\u0131mtatarlar kongressini\u00f1 prezidenti Refat \u00c7ubarov \u00c7ehiya Cumhuriyeti T\u0131\u015fq\u0131 i\u015fler nazirini\u00f1 muavini Toma\u015f&nbsp; Dub ile k\u00f6r\u00fc\u015fti. K\u00f6r\u00fc\u015f\u00fcvde \u00c7ehiyan\u0131\u00f1 Ukrainadaki Vefqulade ve Tolu vek\u00e2letli el\u00e7isi \u0130van Po\u00e7uh, \u00c7ehiyan\u0131\u00f1 Ukrainada el\u00e7iligini\u00f1 siyasiy meseleler boyunca mesleat\u00e7\u0131s\u0131 L\u00fcbo\u015f Veselu, \u00c7ehiyan\u0131\u00f1 Donetskteki ba\u015f konsul\u0131 Ondrey Moravek, Meclis t\u0131\u015fq\u0131 al\u00e2qalar [&hellip;]<\/p>\n","protected":false},"author":1,"featured_media":26655,"comment_status":"open","ping_status":"open","sticky":false,"template":"","format":"standard","meta":{"inline_featured_image":false,"footnotes":""},"categories":[265],"tags":[],"class_list":["post-26654","post","type-post","status-publish","format-standard","has-post-thumbnail","hentry","category-haberler"],"acf":[],"yoast_head":"<!-- This site is optimized with the Yoast SEO plugin v27.4 - https:\/\/yoast.com\/product\/yoast-seo-wordpress\/ -->\n<title>Refat \u00c7ubarov \u00c7ehiya T\u0131\u015fq\u0131 i\u015fler nazirini\u00f1 muavini Toma\u015f Dub ile k\u00f6r\u00fc\u015fti - \u041c\u0435\u0434\u0436\u043b\u0456\u0441<\/title>\n<meta name=\"robots\" content=\"index, follow, max-snippet:-1, max-image-preview:large, max-video-preview:-1\" \/>\n<link rel=\"canonical\" href=\"https:\/\/qtmm.org\/qt\/refat-cubarov-cehiya-tisqi-isler-nazirinin-muavini-tomas-dub-ile-korusti\/\" \/>\n<meta property=\"og:locale\" content=\"en_US\" \/>\n<meta property=\"og:type\" content=\"article\" \/>\n<meta property=\"og:title\" content=\"Refat \u00c7ubarov \u00c7ehiya T\u0131\u015fq\u0131 i\u015fler nazirini\u00f1 muavini Toma\u015f Dub ile k\u00f6r\u00fc\u015fti - \u041c\u0435\u0434\u0436\u043b\u0456\u0441\" \/>\n<meta property=\"og:description\" content=\"2011 senesi okt\u00e2br 19 k\u00fcn\u00fc Q\u0131r\u0131mtatar halq\u0131 Meclisi reisini\u00f1 birinci muavini, B\u00fct\u00fcnd\u00fcnya q\u0131r\u0131mtatarlar kongressini\u00f1 prezidenti Refat \u00c7ubarov \u00c7ehiya Cumhuriyeti T\u0131\u015fq\u0131 i\u015fler nazirini\u00f1 muavini Toma\u015f&nbsp; Dub ile k\u00f6r\u00fc\u015fti. K\u00f6r\u00fc\u015f\u00fcvde \u00c7ehiyan\u0131\u00f1 Ukrainadaki Vefqulade ve Tolu vek\u00e2letli el\u00e7isi \u0130van Po\u00e7uh, \u00c7ehiyan\u0131\u00f1 Ukrainada el\u00e7iligini\u00f1 siyasiy meseleler boyunca mesleat\u00e7\u0131s\u0131 L\u00fcbo\u015f Veselu, \u00c7ehiyan\u0131\u00f1 Donetskteki ba\u015f konsul\u0131 Ondrey Moravek, Meclis t\u0131\u015fq\u0131 al\u00e2qalar [&hellip;]\" \/>\n<meta property=\"og:url\" content=\"https:\/\/qtmm.org\/qt\/refat-cubarov-cehiya-tisqi-isler-nazirinin-muavini-tomas-dub-ile-korusti\/\" \/>\n<meta property=\"og:site_name\" content=\"\u041c\u0435\u0434\u0436\u043b\u0456\u0441\" \/>\n<meta property=\"article:publisher\" content=\"https:\/\/www.facebook.com\/qtmm.info\/\" \/>\n<meta property=\"article:published_time\" content=\"2011-10-19T13:48:00+00:00\" \/>\n<meta property=\"article:modified_time\" content=\"2022-01-19T13:49:11+00:00\" \/>\n<meta property=\"og:image\" content=\"https:\/\/qtmm.org\/wp-content\/uploads\/2022\/01\/v_tekst_9-1.jpeg\" \/>\n\t<meta property=\"og:image:width\" content=\"650\" \/>\n\t<meta property=\"og:image:height\" content=\"431\" \/>\n\t<meta property=\"og:image:type\" content=\"image\/jpeg\" \/>\n<meta name=\"author\" content=\"Developer\" \/>\n<meta name=\"twitter:card\" content=\"summary_large_image\" \/>\n<meta name=\"twitter:label1\" content=\"Written by\" \/>\n\t<meta name=\"twitter:data1\" content=\"Developer\" \/>\n\t<meta name=\"twitter:label2\" content=\"Est. reading time\" \/>\n\t<meta name=\"twitter:data2\" content=\"1 minute\" \/>\n<script type=\"application\/ld+json\" class=\"yoast-schema-graph\">{\"@context\":\"https:\\\/\\\/schema.org\",\"@graph\":[{\"@type\":\"Article\",\"@id\":\"https:\\\/\\\/qtmm.org\\\/qt\\\/refat-cubarov-cehiya-tisqi-isler-nazirinin-muavini-tomas-dub-ile-korusti\\\/#article\",\"isPartOf\":{\"@id\":\"https:\\\/\\\/qtmm.org\\\/qt\\\/refat-cubarov-cehiya-tisqi-isler-nazirinin-muavini-tomas-dub-ile-korusti\\\/\"},\"author\":{\"name\":\"Developer\",\"@id\":\"https:\\\/\\\/qtmm.org\\\/qt\\\/#\\\/schema\\\/person\\\/de562469f971dec226ac06e60bbf74a7\"},\"headline\":\"Refat \u00c7ubarov \u00c7ehiya T\u0131\u015fq\u0131 i\u015fler nazirini\u00f1 muavini Toma\u015f Dub ile k\u00f6r\u00fc\u015fti\",\"datePublished\":\"2011-10-19T13:48:00+00:00\",\"dateModified\":\"2022-01-19T13:49:11+00:00\",\"mainEntityOfPage\":{\"@id\":\"https:\\\/\\\/qtmm.org\\\/qt\\\/refat-cubarov-cehiya-tisqi-isler-nazirinin-muavini-tomas-dub-ile-korusti\\\/\"},\"wordCount\":244,\"commentCount\":0,\"publisher\":{\"@id\":\"https:\\\/\\\/qtmm.org\\\/qt\\\/#organization\"},\"image\":{\"@id\":\"https:\\\/\\\/qtmm.org\\\/qt\\\/refat-cubarov-cehiya-tisqi-isler-nazirinin-muavini-tomas-dub-ile-korusti\\\/#primaryimage\"},\"thumbnailUrl\":\"https:\\\/\\\/qtmm.org\\\/wp-content\\\/uploads\\\/2022\\\/01\\\/v_tekst_9-1.jpeg\",\"articleSection\":[\"Haberler\"],\"inLanguage\":\"qt\",\"potentialAction\":[{\"@type\":\"CommentAction\",\"name\":\"Comment\",\"target\":[\"https:\\\/\\\/qtmm.org\\\/qt\\\/refat-cubarov-cehiya-tisqi-isler-nazirinin-muavini-tomas-dub-ile-korusti\\\/#respond\"]}]},{\"@type\":\"WebPage\",\"@id\":\"https:\\\/\\\/qtmm.org\\\/qt\\\/refat-cubarov-cehiya-tisqi-isler-nazirinin-muavini-tomas-dub-ile-korusti\\\/\",\"url\":\"https:\\\/\\\/qtmm.org\\\/qt\\\/refat-cubarov-cehiya-tisqi-isler-nazirinin-muavini-tomas-dub-ile-korusti\\\/\",\"name\":\"Refat \u00c7ubarov \u00c7ehiya T\u0131\u015fq\u0131 i\u015fler nazirini\u00f1 muavini Toma\u015f Dub ile k\u00f6r\u00fc\u015fti - \u041c\u0435\u0434\u0436\u043b\u0456\u0441\",\"isPartOf\":{\"@id\":\"https:\\\/\\\/qtmm.org\\\/qt\\\/#website\"},\"primaryImageOfPage\":{\"@id\":\"https:\\\/\\\/qtmm.org\\\/qt\\\/refat-cubarov-cehiya-tisqi-isler-nazirinin-muavini-tomas-dub-ile-korusti\\\/#primaryimage\"},\"image\":{\"@id\":\"https:\\\/\\\/qtmm.org\\\/qt\\\/refat-cubarov-cehiya-tisqi-isler-nazirinin-muavini-tomas-dub-ile-korusti\\\/#primaryimage\"},\"thumbnailUrl\":\"https:\\\/\\\/qtmm.org\\\/wp-content\\\/uploads\\\/2022\\\/01\\\/v_tekst_9-1.jpeg\",\"datePublished\":\"2011-10-19T13:48:00+00:00\",\"dateModified\":\"2022-01-19T13:49:11+00:00\",\"breadcrumb\":{\"@id\":\"https:\\\/\\\/qtmm.org\\\/qt\\\/refat-cubarov-cehiya-tisqi-isler-nazirinin-muavini-tomas-dub-ile-korusti\\\/#breadcrumb\"},\"inLanguage\":\"qt\",\"potentialAction\":[{\"@type\":\"ReadAction\",\"target\":[\"https:\\\/\\\/qtmm.org\\\/qt\\\/refat-cubarov-cehiya-tisqi-isler-nazirinin-muavini-tomas-dub-ile-korusti\\\/\"]}]},{\"@type\":\"ImageObject\",\"inLanguage\":\"qt\",\"@id\":\"https:\\\/\\\/qtmm.org\\\/qt\\\/refat-cubarov-cehiya-tisqi-isler-nazirinin-muavini-tomas-dub-ile-korusti\\\/#primaryimage\",\"url\":\"https:\\\/\\\/qtmm.org\\\/wp-content\\\/uploads\\\/2022\\\/01\\\/v_tekst_9-1.jpeg\",\"contentUrl\":\"https:\\\/\\\/qtmm.org\\\/wp-content\\\/uploads\\\/2022\\\/01\\\/v_tekst_9-1.jpeg\",\"width\":650,\"height\":431},{\"@type\":\"BreadcrumbList\",\"@id\":\"https:\\\/\\\/qtmm.org\\\/qt\\\/refat-cubarov-cehiya-tisqi-isler-nazirinin-muavini-tomas-dub-ile-korusti\\\/#breadcrumb\",\"itemListElement\":[{\"@type\":\"ListItem\",\"position\":1,\"name\":\"\u0413\u043e\u043b\u043e\u0432\u043d\u0430\",\"item\":\"https:\\\/\\\/qtmm.org\\\/qt\\\/\"},{\"@type\":\"ListItem\",\"position\":2,\"name\":\"Refat \u00c7ubarov \u00c7ehiya T\u0131\u015fq\u0131 i\u015fler nazirini\u00f1 muavini Toma\u015f Dub ile k\u00f6r\u00fc\u015fti\"}]},{\"@type\":\"WebSite\",\"@id\":\"https:\\\/\\\/qtmm.org\\\/qt\\\/#website\",\"url\":\"https:\\\/\\\/qtmm.org\\\/qt\\\/\",\"name\":\"\u041c\u0435\u0434\u0436\u043b\u0456\u0441\",\"description\":\"\",\"publisher\":{\"@id\":\"https:\\\/\\\/qtmm.org\\\/qt\\\/#organization\"},\"potentialAction\":[{\"@type\":\"SearchAction\",\"target\":{\"@type\":\"EntryPoint\",\"urlTemplate\":\"https:\\\/\\\/qtmm.org\\\/qt\\\/?s={search_term_string}\"},\"query-input\":{\"@type\":\"PropertyValueSpecification\",\"valueRequired\":true,\"valueName\":\"search_term_string\"}}],\"inLanguage\":\"qt\"},{\"@type\":\"Organization\",\"@id\":\"https:\\\/\\\/qtmm.org\\\/qt\\\/#organization\",\"name\":\"\u041c\u0435\u0434\u0436\u043b\u0456\u0441\",\"url\":\"https:\\\/\\\/qtmm.org\\\/qt\\\/\",\"logo\":{\"@type\":\"ImageObject\",\"inLanguage\":\"qt\",\"@id\":\"https:\\\/\\\/qtmm.org\\\/qt\\\/#\\\/schema\\\/logo\\\/image\\\/\",\"url\":\"https:\\\/\\\/qtmm.org\\\/wp-content\\\/uploads\\\/2024\\\/12\\\/ua-mejlis-logo-rgb.svg\",\"contentUrl\":\"https:\\\/\\\/qtmm.org\\\/wp-content\\\/uploads\\\/2024\\\/12\\\/ua-mejlis-logo-rgb.svg\",\"caption\":\"\u041c\u0435\u0434\u0436\u043b\u0456\u0441\"},\"image\":{\"@id\":\"https:\\\/\\\/qtmm.org\\\/qt\\\/#\\\/schema\\\/logo\\\/image\\\/\"},\"sameAs\":[\"https:\\\/\\\/www.facebook.com\\\/qtmm.info\\\/\"]},{\"@type\":\"Person\",\"@id\":\"https:\\\/\\\/qtmm.org\\\/qt\\\/#\\\/schema\\\/person\\\/de562469f971dec226ac06e60bbf74a7\",\"name\":\"Developer\",\"image\":{\"@type\":\"ImageObject\",\"inLanguage\":\"qt\",\"@id\":\"https:\\\/\\\/secure.gravatar.com\\\/avatar\\\/392b4cc8fbfeb00b39dfeeab4ee6edded39ffd48e25858637e4765810300227e?s=96&d=mm&r=g\",\"url\":\"https:\\\/\\\/secure.gravatar.com\\\/avatar\\\/392b4cc8fbfeb00b39dfeeab4ee6edded39ffd48e25858637e4765810300227e?s=96&d=mm&r=g\",\"contentUrl\":\"https:\\\/\\\/secure.gravatar.com\\\/avatar\\\/392b4cc8fbfeb00b39dfeeab4ee6edded39ffd48e25858637e4765810300227e?s=96&d=mm&r=g\",\"caption\":\"Developer\"},\"url\":\"https:\\\/\\\/qtmm.org\\\/qt\\\/author\\\/Developer\\\/\"}]}<\/script>\n<!-- \/ Yoast SEO plugin. -->","yoast_head_json":{"title":"Refat \u00c7ubarov \u00c7ehiya T\u0131\u015fq\u0131 i\u015fler nazirini\u00f1 muavini Toma\u015f Dub ile k\u00f6r\u00fc\u015fti - \u041c\u0435\u0434\u0436\u043b\u0456\u0441","robots":{"index":"index","follow":"follow","max-snippet":"max-snippet:-1","max-image-preview":"max-image-preview:large","max-video-preview":"max-video-preview:-1"},"canonical":"https:\/\/qtmm.org\/qt\/refat-cubarov-cehiya-tisqi-isler-nazirinin-muavini-tomas-dub-ile-korusti\/","og_locale":"en_US","og_type":"article","og_title":"Refat \u00c7ubarov \u00c7ehiya T\u0131\u015fq\u0131 i\u015fler nazirini\u00f1 muavini Toma\u015f Dub ile k\u00f6r\u00fc\u015fti - \u041c\u0435\u0434\u0436\u043b\u0456\u0441","og_description":"2011 senesi okt\u00e2br 19 k\u00fcn\u00fc Q\u0131r\u0131mtatar halq\u0131 Meclisi reisini\u00f1 birinci muavini, B\u00fct\u00fcnd\u00fcnya q\u0131r\u0131mtatarlar kongressini\u00f1 prezidenti Refat \u00c7ubarov \u00c7ehiya Cumhuriyeti T\u0131\u015fq\u0131 i\u015fler nazirini\u00f1 muavini Toma\u015f&nbsp; Dub ile k\u00f6r\u00fc\u015fti. K\u00f6r\u00fc\u015f\u00fcvde \u00c7ehiyan\u0131\u00f1 Ukrainadaki Vefqulade ve Tolu vek\u00e2letli el\u00e7isi \u0130van Po\u00e7uh, \u00c7ehiyan\u0131\u00f1 Ukrainada el\u00e7iligini\u00f1 siyasiy meseleler boyunca mesleat\u00e7\u0131s\u0131 L\u00fcbo\u015f Veselu, \u00c7ehiyan\u0131\u00f1 Donetskteki ba\u015f konsul\u0131 Ondrey Moravek, Meclis t\u0131\u015fq\u0131 al\u00e2qalar [&hellip;]","og_url":"https:\/\/qtmm.org\/qt\/refat-cubarov-cehiya-tisqi-isler-nazirinin-muavini-tomas-dub-ile-korusti\/","og_site_name":"\u041c\u0435\u0434\u0436\u043b\u0456\u0441","article_publisher":"https:\/\/www.facebook.com\/qtmm.info\/","article_published_time":"2011-10-19T13:48:00+00:00","article_modified_time":"2022-01-19T13:49:11+00:00","og_image":[{"width":650,"height":431,"url":"https:\/\/qtmm.org\/wp-content\/uploads\/2022\/01\/v_tekst_9-1.jpeg","type":"image\/jpeg"}],"author":"Developer","twitter_card":"summary_large_image","twitter_misc":{"Written by":"Developer","Est. reading time":"1 minute"},"schema":{"@context":"https:\/\/schema.org","@graph":[{"@type":"Article","@id":"https:\/\/qtmm.org\/qt\/refat-cubarov-cehiya-tisqi-isler-nazirinin-muavini-tomas-dub-ile-korusti\/#article","isPartOf":{"@id":"https:\/\/qtmm.org\/qt\/refat-cubarov-cehiya-tisqi-isler-nazirinin-muavini-tomas-dub-ile-korusti\/"},"author":{"name":"Developer","@id":"https:\/\/qtmm.org\/qt\/#\/schema\/person\/de562469f971dec226ac06e60bbf74a7"},"headline":"Refat \u00c7ubarov \u00c7ehiya T\u0131\u015fq\u0131 i\u015fler nazirini\u00f1 muavini Toma\u015f Dub ile k\u00f6r\u00fc\u015fti","datePublished":"2011-10-19T13:48:00+00:00","dateModified":"2022-01-19T13:49:11+00:00","mainEntityOfPage":{"@id":"https:\/\/qtmm.org\/qt\/refat-cubarov-cehiya-tisqi-isler-nazirinin-muavini-tomas-dub-ile-korusti\/"},"wordCount":244,"commentCount":0,"publisher":{"@id":"https:\/\/qtmm.org\/qt\/#organization"},"image":{"@id":"https:\/\/qtmm.org\/qt\/refat-cubarov-cehiya-tisqi-isler-nazirinin-muavini-tomas-dub-ile-korusti\/#primaryimage"},"thumbnailUrl":"https:\/\/qtmm.org\/wp-content\/uploads\/2022\/01\/v_tekst_9-1.jpeg","articleSection":["Haberler"],"inLanguage":"qt","potentialAction":[{"@type":"CommentAction","name":"Comment","target":["https:\/\/qtmm.org\/qt\/refat-cubarov-cehiya-tisqi-isler-nazirinin-muavini-tomas-dub-ile-korusti\/#respond"]}]},{"@type":"WebPage","@id":"https:\/\/qtmm.org\/qt\/refat-cubarov-cehiya-tisqi-isler-nazirinin-muavini-tomas-dub-ile-korusti\/","url":"https:\/\/qtmm.org\/qt\/refat-cubarov-cehiya-tisqi-isler-nazirinin-muavini-tomas-dub-ile-korusti\/","name":"Refat \u00c7ubarov \u00c7ehiya T\u0131\u015fq\u0131 i\u015fler nazirini\u00f1 muavini Toma\u015f Dub ile k\u00f6r\u00fc\u015fti - \u041c\u0435\u0434\u0436\u043b\u0456\u0441","isPartOf":{"@id":"https:\/\/qtmm.org\/qt\/#website"},"primaryImageOfPage":{"@id":"https:\/\/qtmm.org\/qt\/refat-cubarov-cehiya-tisqi-isler-nazirinin-muavini-tomas-dub-ile-korusti\/#primaryimage"},"image":{"@id":"https:\/\/qtmm.org\/qt\/refat-cubarov-cehiya-tisqi-isler-nazirinin-muavini-tomas-dub-ile-korusti\/#primaryimage"},"thumbnailUrl":"https:\/\/qtmm.org\/wp-content\/uploads\/2022\/01\/v_tekst_9-1.jpeg","datePublished":"2011-10-19T13:48:00+00:00","dateModified":"2022-01-19T13:49:11+00:00","breadcrumb":{"@id":"https:\/\/qtmm.org\/qt\/refat-cubarov-cehiya-tisqi-isler-nazirinin-muavini-tomas-dub-ile-korusti\/#breadcrumb"},"inLanguage":"qt","potentialAction":[{"@type":"ReadAction","target":["https:\/\/qtmm.org\/qt\/refat-cubarov-cehiya-tisqi-isler-nazirinin-muavini-tomas-dub-ile-korusti\/"]}]},{"@type":"ImageObject","inLanguage":"qt","@id":"https:\/\/qtmm.org\/qt\/refat-cubarov-cehiya-tisqi-isler-nazirinin-muavini-tomas-dub-ile-korusti\/#primaryimage","url":"https:\/\/qtmm.org\/wp-content\/uploads\/2022\/01\/v_tekst_9-1.jpeg","contentUrl":"https:\/\/qtmm.org\/wp-content\/uploads\/2022\/01\/v_tekst_9-1.jpeg","width":650,"height":431},{"@type":"BreadcrumbList","@id":"https:\/\/qtmm.org\/qt\/refat-cubarov-cehiya-tisqi-isler-nazirinin-muavini-tomas-dub-ile-korusti\/#breadcrumb","itemListElement":[{"@type":"ListItem","position":1,"name":"\u0413\u043e\u043b\u043e\u0432\u043d\u0430","item":"https:\/\/qtmm.org\/qt\/"},{"@type":"ListItem","position":2,"name":"Refat \u00c7ubarov \u00c7ehiya T\u0131\u015fq\u0131 i\u015fler nazirini\u00f1 muavini Toma\u015f Dub ile k\u00f6r\u00fc\u015fti"}]},{"@type":"WebSite","@id":"https:\/\/qtmm.org\/qt\/#website","url":"https:\/\/qtmm.org\/qt\/","name":"\u041c\u0435\u0434\u0436\u043b\u0456\u0441","description":"","publisher":{"@id":"https:\/\/qtmm.org\/qt\/#organization"},"potentialAction":[{"@type":"SearchAction","target":{"@type":"EntryPoint","urlTemplate":"https:\/\/qtmm.org\/qt\/?s={search_term_string}"},"query-input":{"@type":"PropertyValueSpecification","valueRequired":true,"valueName":"search_term_string"}}],"inLanguage":"qt"},{"@type":"Organization","@id":"https:\/\/qtmm.org\/qt\/#organization","name":"\u041c\u0435\u0434\u0436\u043b\u0456\u0441","url":"https:\/\/qtmm.org\/qt\/","logo":{"@type":"ImageObject","inLanguage":"qt","@id":"https:\/\/qtmm.org\/qt\/#\/schema\/logo\/image\/","url":"https:\/\/qtmm.org\/wp-content\/uploads\/2024\/12\/ua-mejlis-logo-rgb.svg","contentUrl":"https:\/\/qtmm.org\/wp-content\/uploads\/2024\/12\/ua-mejlis-logo-rgb.svg","caption":"\u041c\u0435\u0434\u0436\u043b\u0456\u0441"},"image":{"@id":"https:\/\/qtmm.org\/qt\/#\/schema\/logo\/image\/"},"sameAs":["https:\/\/www.facebook.com\/qtmm.info\/"]},{"@type":"Person","@id":"https:\/\/qtmm.org\/qt\/#\/schema\/person\/de562469f971dec226ac06e60bbf74a7","name":"Developer","image":{"@type":"ImageObject","inLanguage":"qt","@id":"https:\/\/secure.gravatar.com\/avatar\/392b4cc8fbfeb00b39dfeeab4ee6edded39ffd48e25858637e4765810300227e?s=96&d=mm&r=g","url":"https:\/\/secure.gravatar.com\/avatar\/392b4cc8fbfeb00b39dfeeab4ee6edded39ffd48e25858637e4765810300227e?s=96&d=mm&r=g","contentUrl":"https:\/\/secure.gravatar.com\/avatar\/392b4cc8fbfeb00b39dfeeab4ee6edded39ffd48e25858637e4765810300227e?s=96&d=mm&r=g","caption":"Developer"},"url":"https:\/\/qtmm.org\/qt\/author\/Developer\/"}]}},"_links":{"self":[{"href":"https:\/\/qtmm.org\/qt\/wp-json\/wp\/v2\/posts\/26654","targetHints":{"allow":["GET"]}}],"collection":[{"href":"https:\/\/qtmm.org\/qt\/wp-json\/wp\/v2\/posts"}],"about":[{"href":"https:\/\/qtmm.org\/qt\/wp-json\/wp\/v2\/types\/post"}],"author":[{"embeddable":true,"href":"https:\/\/qtmm.org\/qt\/wp-json\/wp\/v2\/users\/1"}],"replies":[{"embeddable":true,"href":"https:\/\/qtmm.org\/qt\/wp-json\/wp\/v2\/comments?post=26654"}],"version-history":[{"count":1,"href":"https:\/\/qtmm.org\/qt\/wp-json\/wp\/v2\/posts\/26654\/revisions"}],"predecessor-version":[{"id":26659,"href":"https:\/\/qtmm.org\/qt\/wp-json\/wp\/v2\/posts\/26654\/revisions\/26659"}],"wp:featuredmedia":[{"embeddable":true,"href":"https:\/\/qtmm.org\/qt\/wp-json\/wp\/v2\/media\/26655"}],"wp:attachment":[{"href":"https:\/\/qtmm.org\/qt\/wp-json\/wp\/v2\/media?parent=26654"}],"wp:term":[{"taxonomy":"category","embeddable":true,"href":"https:\/\/qtmm.org\/qt\/wp-json\/wp\/v2\/categories?post=26654"},{"taxonomy":"post_tag","embeddable":true,"href":"https:\/\/qtmm.org\/qt\/wp-json\/wp\/v2\/tags?post=26654"}],"curies":[{"name":"wp","href":"https:\/\/api.w.org\/{rel}","templated":true}]}}