




{"id":26644,"date":"2011-10-14T16:47:00","date_gmt":"2011-10-14T13:47:00","guid":{"rendered":"http:\/\/qtmm.org\/?p=26644"},"modified":"2022-01-19T16:48:23","modified_gmt":"2022-01-19T13:48:23","slug":"mustafa-cemilev-knut-vollebeknen-korusti","status":"publish","type":"post","link":"https:\/\/qtmm.org\/qt\/mustafa-cemilev-knut-vollebeknen-korusti\/","title":{"rendered":"Mustafa Cemilev Knut Vollebeknen k\u00f6r\u00fc\u015fti"},"content":{"rendered":"\n<p>\u00d6BSE Milliy azl\u0131qlarn\u0131\u00f1 i\u015fleri boyunca Aliy komissar\u0131 Knut Vollebek Q\u0131r\u0131mn\u0131 ziyaret etip qaytqan so\u00f1 aq\u015fam okt\u00e2br 13 k\u00fcn\u00fc Kiyevde Q\u0131r\u0131mtatar halq\u0131 Meclisini\u00f1 reisi, Ukraina halq deputat\u0131 Mustafa Cemilevnen k\u00f6r\u00fc\u015fti.<\/p>\n\n\n\n<p>\u00d6BSE Milliy azl\u0131qlarn\u0131\u00f1 i\u015fleri boyunca Aliy komissar\u0131 Knut Vollebek Q\u0131r\u0131mda \u2013 Nazirler \u015furas\u0131, Milliy Mecliste, bun\u0131\u00f1 kibi de q\u0131r\u0131mtatarlarn\u0131\u00f1 Aqmescit civar\u0131ndaki &#8220;naraz\u0131l\u0131q meydanlar\u0131&#8221;nda Meclis azalar\u0131 Zevcet Qurt\u00fcmerov, Zair Smedl\u00e2yev, Ali Hamzin, Q\u0131r\u0131mn\u0131\u00f1 regional inki\u015faf\u0131 ve quruc\u0131l\u0131\u011f\u0131 naziri Sergey Brayko, Topraq, Milletlerni\u00f1 i\u015fleri boyunca cumhuriyet komitetleri azalar\u0131nen beraberlikte \u00f6tkergen k\u00f6r\u00fc\u015f\u00fcvlerini\u00f1 neticelerinen payla\u015ft\u0131. Endi Vatan\u011fa qayt\u0131p kelgen ve qayt\u0131p kelmege istegen q\u0131r\u0131mtatarlarn\u0131 topraqnen teminlev meseleleri muzakere etilgende bu sada ya\u00f1\u0131 manialar husus\u0131nda da laf y\u00fcr\u00fctildi.<\/p>\n\n\n\n<p>Q\u0131r\u0131mtatar halq\u0131 Meclisini\u00f1 reisi Mustafa Cemilev \u00d6BSE Milliy azl\u0131qlarn\u0131\u00f1 i\u015fleri boyunca Aliy komissar\u0131 Knut Vollebekni Q\u0131r\u0131m ve q\u0131r\u0131mtatar halq\u0131n\u0131\u00f1 meselelerine ay\u0131r\u011fan diqqat\u0131 i\u00e7\u00fcn te\u015fekk\u00fcr bildirip, Vatslav Gaveln\u0131\u00f1 daveti ile Pragada &#8220;Forum 2000&#8221; halqara konferentsiyada i\u015ftiraki ve ziyareti devam\u0131nda k\u00f6r\u00fc\u015f\u00fcvlerini\u00f1 neticeleri aqq\u0131nda haber berdi.<\/p>\n\n\n\n<p>\u00d6z nevbetinde \u00d6BSE Milliy azl\u0131qlarn\u0131\u00f1 i\u015fleri boyunca Aliy komissar\u0131 Knut Vollebek ve yan\u0131nda bulun\u011fan yard\u0131mc\u0131lar\u0131 olacaq Forumn\u0131\u00f1 maqsadlar\u0131 ve vazifelerini belgilemek i\u00e7\u00fcn beraber \u00e7al\u0131\u015fma\u011fa az\u0131r ol\u011fanlar\u0131n\u0131 aytt\u0131lar.<\/p>\n\n\n\n<p>&#8220;Men e\u00f1 yaq\u0131n vaq\u0131tta \u00f6z\u00fcmni\u00f1 Gaagadaki ofisime Meclis vekillerini davet etmege az\u0131r\u0131m, &#8211; dedi Knut Vollebek, Mustaf\u0131 Cemilevge h\u0131tap eterek. \u2013 Aram\u0131zdaki konstruktiv dialog mezk\u00fcr tedbirni Ukrainada 2012 senesi ke\u00e7irmek imk\u00e2n\u0131n\u0131 berir&#8221; Bundan da \u011fayr\u0131 Knut Vollebek Q\u0131r\u0131mtatar halq\u0131 Meclis reberlerini\u00f1 Kiyevde okt\u00e2br 5 k\u00fcn\u00fc Ukrainadaki halqar te\u015fkil\u00e2tlarn\u0131\u00f1 vekilleri ve el\u00e7ilernen k\u00f6r\u00fc\u015f\u00fcvine y\u00fcksek q\u0131ymet kesti. &#8220;Menim Ukrainadaki meslekde\u015flerim s\u00f6yle\u015f\u00fcvlerni\u00f1 y\u00fcksek seviyesini qayd ettiler ve k\u00f6r\u00fc\u015f\u00fcvni\u00f1 deyerlik epsi i\u015ftirak\u00e7ileri Forumn\u0131\u00f1 \u00d6BSE imayesi alt\u0131nda ke\u00e7mesini\u00f1 tarafdarlar\u0131 ol\u011fan\u0131n\u0131 bildirdiler&#8221;, &#8211; dep qo\u015ft\u0131 Knut Vollebek.<\/p>\n\n\n\n<p>Ayn\u0131 zamanda Knut Vollebek ve Mustafa Cemilev Halqara forumn\u0131 ke\u00e7ir\u00fcv te\u015febb\u00fcsine Ukrainan\u0131\u00f1 da qoltutmas\u0131 m\u00fcimligini qayd ettiler<br>Bundan da \u011fayr\u0131 tafsil\u00e2tl\u0131 subet devam\u0131nda Mustafa Cemilev ve Knut Vollebek &#8220;Milliy mens\u00fcpligine k\u00f6re s\u00fcrg\u00fcn etilgen \u015fahs\u0131larn\u0131\u00f1 uquqlar\u0131n\u0131 \u011fayr\u0131dan tiklev aqq\u0131nda&#8221; Ukraina qanun leyhas\u0131 muzakeresini\u00f1 vaziyetini de talil ettiler. Knut Vollebek bu qanunn\u0131\u00f1 m\u0131tlaqa qabul etmek zarurl\u0131\u011f\u0131 boyunca tevsiyesini tasdiqlap, Ukrainadaki subetde\u015flerini de bun\u0131\u00f1 l\u00e2zimliginde qand\u0131raca\u011f\u0131n\u0131 i\u015fand\u0131rd\u0131.<\/p>\n\n\n\n<p>Mezk\u00fcr k\u00f6r\u00fc\u015f\u00fcvde Q\u0131r\u0131mtatar halq\u0131 Meclisi reisini\u00f1 yard\u0131mc\u0131lar\u0131 Aleksey Skorik ve Liliya M\u00fcslimova da i\u015ftirak ettiler.<\/p>\n\n\n\n<figure class=\"wp-block-image size-large\"><img loading=\"lazy\" decoding=\"async\" width=\"1024\" height=\"768\" src=\"http:\/\/qtmm.org\/wp-content\/uploads\/2022\/01\/2_12-1-1024x768.jpeg\" alt=\"\" class=\"wp-image-26649\" srcset=\"https:\/\/qtmm.org\/wp-content\/uploads\/2022\/01\/2_12-1-1024x768.jpeg 1024w, https:\/\/qtmm.org\/wp-content\/uploads\/2022\/01\/2_12-1-300x225.jpeg 300w, https:\/\/qtmm.org\/wp-content\/uploads\/2022\/01\/2_12-1-768x576.jpeg 768w, https:\/\/qtmm.org\/wp-content\/uploads\/2022\/01\/2_12-1-1536x1152.jpeg 1536w, https:\/\/qtmm.org\/wp-content\/uploads\/2022\/01\/2_12-1.jpeg 1632w\" sizes=\"auto, (max-width: 1024px) 100vw, 1024px\" \/><\/figure>\n","protected":false},"excerpt":{"rendered":"<p>\u00d6BSE Milliy azl\u0131qlarn\u0131\u00f1 i\u015fleri boyunca Aliy komissar\u0131 Knut Vollebek Q\u0131r\u0131mn\u0131 ziyaret etip qaytqan so\u00f1 aq\u015fam okt\u00e2br 13 k\u00fcn\u00fc Kiyevde Q\u0131r\u0131mtatar halq\u0131 Meclisini\u00f1 reisi, Ukraina halq deputat\u0131 Mustafa Cemilevnen k\u00f6r\u00fc\u015fti. \u00d6BSE Milliy azl\u0131qlarn\u0131\u00f1 i\u015fleri boyunca Aliy komissar\u0131 Knut Vollebek Q\u0131r\u0131mda \u2013 Nazirler \u015furas\u0131, Milliy Mecliste, bun\u0131\u00f1 kibi de q\u0131r\u0131mtatarlarn\u0131\u00f1 Aqmescit civar\u0131ndaki &#8220;naraz\u0131l\u0131q meydanlar\u0131&#8221;nda Meclis azalar\u0131 Zevcet [&hellip;]<\/p>\n","protected":false},"author":1,"featured_media":26645,"comment_status":"open","ping_status":"open","sticky":false,"template":"","format":"standard","meta":{"inline_featured_image":false,"footnotes":""},"categories":[265],"tags":[],"class_list":["post-26644","post","type-post","status-publish","format-standard","has-post-thumbnail","hentry","category-haberler"],"acf":[],"yoast_head":"<!-- This site is optimized with the Yoast SEO plugin v27.4 - https:\/\/yoast.com\/product\/yoast-seo-wordpress\/ -->\n<title>Mustafa Cemilev Knut Vollebeknen k\u00f6r\u00fc\u015fti - \u041c\u0435\u0434\u0436\u043b\u0456\u0441<\/title>\n<meta name=\"robots\" content=\"index, follow, max-snippet:-1, max-image-preview:large, max-video-preview:-1\" \/>\n<link rel=\"canonical\" href=\"https:\/\/qtmm.org\/qt\/mustafa-cemilev-knut-vollebeknen-korusti\/\" \/>\n<meta property=\"og:locale\" content=\"en_US\" \/>\n<meta property=\"og:type\" content=\"article\" \/>\n<meta property=\"og:title\" content=\"Mustafa Cemilev Knut Vollebeknen k\u00f6r\u00fc\u015fti - \u041c\u0435\u0434\u0436\u043b\u0456\u0441\" \/>\n<meta property=\"og:description\" content=\"\u00d6BSE Milliy azl\u0131qlarn\u0131\u00f1 i\u015fleri boyunca Aliy komissar\u0131 Knut Vollebek Q\u0131r\u0131mn\u0131 ziyaret etip qaytqan so\u00f1 aq\u015fam okt\u00e2br 13 k\u00fcn\u00fc Kiyevde Q\u0131r\u0131mtatar halq\u0131 Meclisini\u00f1 reisi, Ukraina halq deputat\u0131 Mustafa Cemilevnen k\u00f6r\u00fc\u015fti. \u00d6BSE Milliy azl\u0131qlarn\u0131\u00f1 i\u015fleri boyunca Aliy komissar\u0131 Knut Vollebek Q\u0131r\u0131mda \u2013 Nazirler \u015furas\u0131, Milliy Mecliste, bun\u0131\u00f1 kibi de q\u0131r\u0131mtatarlarn\u0131\u00f1 Aqmescit civar\u0131ndaki &#8220;naraz\u0131l\u0131q meydanlar\u0131&#8221;nda Meclis azalar\u0131 Zevcet [&hellip;]\" \/>\n<meta property=\"og:url\" content=\"https:\/\/qtmm.org\/qt\/mustafa-cemilev-knut-vollebeknen-korusti\/\" \/>\n<meta property=\"og:site_name\" content=\"\u041c\u0435\u0434\u0436\u043b\u0456\u0441\" \/>\n<meta property=\"article:publisher\" content=\"https:\/\/www.facebook.com\/qtmm.info\/\" \/>\n<meta property=\"article:published_time\" content=\"2011-10-14T13:47:00+00:00\" \/>\n<meta property=\"article:modified_time\" content=\"2022-01-19T13:48:23+00:00\" \/>\n<meta property=\"og:image\" content=\"https:\/\/qtmm.org\/wp-content\/uploads\/2022\/01\/1_14-1.jpeg\" \/>\n\t<meta property=\"og:image:width\" content=\"1632\" \/>\n\t<meta property=\"og:image:height\" content=\"1224\" \/>\n\t<meta property=\"og:image:type\" content=\"image\/jpeg\" \/>\n<meta name=\"author\" content=\"Developer\" \/>\n<meta name=\"twitter:card\" content=\"summary_large_image\" \/>\n<meta name=\"twitter:label1\" content=\"Written by\" \/>\n\t<meta name=\"twitter:data1\" content=\"Developer\" \/>\n\t<meta name=\"twitter:label2\" content=\"Est. reading time\" \/>\n\t<meta name=\"twitter:data2\" content=\"2 minutes\" \/>\n<script type=\"application\/ld+json\" class=\"yoast-schema-graph\">{\"@context\":\"https:\\\/\\\/schema.org\",\"@graph\":[{\"@type\":\"Article\",\"@id\":\"https:\\\/\\\/qtmm.org\\\/qt\\\/mustafa-cemilev-knut-vollebeknen-korusti\\\/#article\",\"isPartOf\":{\"@id\":\"https:\\\/\\\/qtmm.org\\\/qt\\\/mustafa-cemilev-knut-vollebeknen-korusti\\\/\"},\"author\":{\"name\":\"Developer\",\"@id\":\"https:\\\/\\\/qtmm.org\\\/qt\\\/#\\\/schema\\\/person\\\/de562469f971dec226ac06e60bbf74a7\"},\"headline\":\"Mustafa Cemilev Knut Vollebeknen k\u00f6r\u00fc\u015fti\",\"datePublished\":\"2011-10-14T13:47:00+00:00\",\"dateModified\":\"2022-01-19T13:48:23+00:00\",\"mainEntityOfPage\":{\"@id\":\"https:\\\/\\\/qtmm.org\\\/qt\\\/mustafa-cemilev-knut-vollebeknen-korusti\\\/\"},\"wordCount\":470,\"commentCount\":0,\"publisher\":{\"@id\":\"https:\\\/\\\/qtmm.org\\\/qt\\\/#organization\"},\"image\":{\"@id\":\"https:\\\/\\\/qtmm.org\\\/qt\\\/mustafa-cemilev-knut-vollebeknen-korusti\\\/#primaryimage\"},\"thumbnailUrl\":\"https:\\\/\\\/qtmm.org\\\/wp-content\\\/uploads\\\/2022\\\/01\\\/1_14-1.jpeg\",\"articleSection\":[\"Haberler\"],\"inLanguage\":\"qt\",\"potentialAction\":[{\"@type\":\"CommentAction\",\"name\":\"Comment\",\"target\":[\"https:\\\/\\\/qtmm.org\\\/qt\\\/mustafa-cemilev-knut-vollebeknen-korusti\\\/#respond\"]}]},{\"@type\":\"WebPage\",\"@id\":\"https:\\\/\\\/qtmm.org\\\/qt\\\/mustafa-cemilev-knut-vollebeknen-korusti\\\/\",\"url\":\"https:\\\/\\\/qtmm.org\\\/qt\\\/mustafa-cemilev-knut-vollebeknen-korusti\\\/\",\"name\":\"Mustafa Cemilev Knut Vollebeknen k\u00f6r\u00fc\u015fti - \u041c\u0435\u0434\u0436\u043b\u0456\u0441\",\"isPartOf\":{\"@id\":\"https:\\\/\\\/qtmm.org\\\/qt\\\/#website\"},\"primaryImageOfPage\":{\"@id\":\"https:\\\/\\\/qtmm.org\\\/qt\\\/mustafa-cemilev-knut-vollebeknen-korusti\\\/#primaryimage\"},\"image\":{\"@id\":\"https:\\\/\\\/qtmm.org\\\/qt\\\/mustafa-cemilev-knut-vollebeknen-korusti\\\/#primaryimage\"},\"thumbnailUrl\":\"https:\\\/\\\/qtmm.org\\\/wp-content\\\/uploads\\\/2022\\\/01\\\/1_14-1.jpeg\",\"datePublished\":\"2011-10-14T13:47:00+00:00\",\"dateModified\":\"2022-01-19T13:48:23+00:00\",\"breadcrumb\":{\"@id\":\"https:\\\/\\\/qtmm.org\\\/qt\\\/mustafa-cemilev-knut-vollebeknen-korusti\\\/#breadcrumb\"},\"inLanguage\":\"qt\",\"potentialAction\":[{\"@type\":\"ReadAction\",\"target\":[\"https:\\\/\\\/qtmm.org\\\/qt\\\/mustafa-cemilev-knut-vollebeknen-korusti\\\/\"]}]},{\"@type\":\"ImageObject\",\"inLanguage\":\"qt\",\"@id\":\"https:\\\/\\\/qtmm.org\\\/qt\\\/mustafa-cemilev-knut-vollebeknen-korusti\\\/#primaryimage\",\"url\":\"https:\\\/\\\/qtmm.org\\\/wp-content\\\/uploads\\\/2022\\\/01\\\/1_14-1.jpeg\",\"contentUrl\":\"https:\\\/\\\/qtmm.org\\\/wp-content\\\/uploads\\\/2022\\\/01\\\/1_14-1.jpeg\",\"width\":1632,\"height\":1224},{\"@type\":\"BreadcrumbList\",\"@id\":\"https:\\\/\\\/qtmm.org\\\/qt\\\/mustafa-cemilev-knut-vollebeknen-korusti\\\/#breadcrumb\",\"itemListElement\":[{\"@type\":\"ListItem\",\"position\":1,\"name\":\"\u0413\u043e\u043b\u043e\u0432\u043d\u0430\",\"item\":\"https:\\\/\\\/qtmm.org\\\/qt\\\/\"},{\"@type\":\"ListItem\",\"position\":2,\"name\":\"Mustafa Cemilev Knut Vollebeknen k\u00f6r\u00fc\u015fti\"}]},{\"@type\":\"WebSite\",\"@id\":\"https:\\\/\\\/qtmm.org\\\/qt\\\/#website\",\"url\":\"https:\\\/\\\/qtmm.org\\\/qt\\\/\",\"name\":\"\u041c\u0435\u0434\u0436\u043b\u0456\u0441\",\"description\":\"\",\"publisher\":{\"@id\":\"https:\\\/\\\/qtmm.org\\\/qt\\\/#organization\"},\"potentialAction\":[{\"@type\":\"SearchAction\",\"target\":{\"@type\":\"EntryPoint\",\"urlTemplate\":\"https:\\\/\\\/qtmm.org\\\/qt\\\/?s={search_term_string}\"},\"query-input\":{\"@type\":\"PropertyValueSpecification\",\"valueRequired\":true,\"valueName\":\"search_term_string\"}}],\"inLanguage\":\"qt\"},{\"@type\":\"Organization\",\"@id\":\"https:\\\/\\\/qtmm.org\\\/qt\\\/#organization\",\"name\":\"\u041c\u0435\u0434\u0436\u043b\u0456\u0441\",\"url\":\"https:\\\/\\\/qtmm.org\\\/qt\\\/\",\"logo\":{\"@type\":\"ImageObject\",\"inLanguage\":\"qt\",\"@id\":\"https:\\\/\\\/qtmm.org\\\/qt\\\/#\\\/schema\\\/logo\\\/image\\\/\",\"url\":\"https:\\\/\\\/qtmm.org\\\/wp-content\\\/uploads\\\/2024\\\/12\\\/ua-mejlis-logo-rgb.svg\",\"contentUrl\":\"https:\\\/\\\/qtmm.org\\\/wp-content\\\/uploads\\\/2024\\\/12\\\/ua-mejlis-logo-rgb.svg\",\"caption\":\"\u041c\u0435\u0434\u0436\u043b\u0456\u0441\"},\"image\":{\"@id\":\"https:\\\/\\\/qtmm.org\\\/qt\\\/#\\\/schema\\\/logo\\\/image\\\/\"},\"sameAs\":[\"https:\\\/\\\/www.facebook.com\\\/qtmm.info\\\/\"]},{\"@type\":\"Person\",\"@id\":\"https:\\\/\\\/qtmm.org\\\/qt\\\/#\\\/schema\\\/person\\\/de562469f971dec226ac06e60bbf74a7\",\"name\":\"Developer\",\"image\":{\"@type\":\"ImageObject\",\"inLanguage\":\"qt\",\"@id\":\"https:\\\/\\\/secure.gravatar.com\\\/avatar\\\/392b4cc8fbfeb00b39dfeeab4ee6edded39ffd48e25858637e4765810300227e?s=96&d=mm&r=g\",\"url\":\"https:\\\/\\\/secure.gravatar.com\\\/avatar\\\/392b4cc8fbfeb00b39dfeeab4ee6edded39ffd48e25858637e4765810300227e?s=96&d=mm&r=g\",\"contentUrl\":\"https:\\\/\\\/secure.gravatar.com\\\/avatar\\\/392b4cc8fbfeb00b39dfeeab4ee6edded39ffd48e25858637e4765810300227e?s=96&d=mm&r=g\",\"caption\":\"Developer\"},\"url\":\"https:\\\/\\\/qtmm.org\\\/qt\\\/author\\\/Developer\\\/\"}]}<\/script>\n<!-- \/ Yoast SEO plugin. -->","yoast_head_json":{"title":"Mustafa Cemilev Knut Vollebeknen k\u00f6r\u00fc\u015fti - \u041c\u0435\u0434\u0436\u043b\u0456\u0441","robots":{"index":"index","follow":"follow","max-snippet":"max-snippet:-1","max-image-preview":"max-image-preview:large","max-video-preview":"max-video-preview:-1"},"canonical":"https:\/\/qtmm.org\/qt\/mustafa-cemilev-knut-vollebeknen-korusti\/","og_locale":"en_US","og_type":"article","og_title":"Mustafa Cemilev Knut Vollebeknen k\u00f6r\u00fc\u015fti - \u041c\u0435\u0434\u0436\u043b\u0456\u0441","og_description":"\u00d6BSE Milliy azl\u0131qlarn\u0131\u00f1 i\u015fleri boyunca Aliy komissar\u0131 Knut Vollebek Q\u0131r\u0131mn\u0131 ziyaret etip qaytqan so\u00f1 aq\u015fam okt\u00e2br 13 k\u00fcn\u00fc Kiyevde Q\u0131r\u0131mtatar halq\u0131 Meclisini\u00f1 reisi, Ukraina halq deputat\u0131 Mustafa Cemilevnen k\u00f6r\u00fc\u015fti. \u00d6BSE Milliy azl\u0131qlarn\u0131\u00f1 i\u015fleri boyunca Aliy komissar\u0131 Knut Vollebek Q\u0131r\u0131mda \u2013 Nazirler \u015furas\u0131, Milliy Mecliste, bun\u0131\u00f1 kibi de q\u0131r\u0131mtatarlarn\u0131\u00f1 Aqmescit civar\u0131ndaki &#8220;naraz\u0131l\u0131q meydanlar\u0131&#8221;nda Meclis azalar\u0131 Zevcet [&hellip;]","og_url":"https:\/\/qtmm.org\/qt\/mustafa-cemilev-knut-vollebeknen-korusti\/","og_site_name":"\u041c\u0435\u0434\u0436\u043b\u0456\u0441","article_publisher":"https:\/\/www.facebook.com\/qtmm.info\/","article_published_time":"2011-10-14T13:47:00+00:00","article_modified_time":"2022-01-19T13:48:23+00:00","og_image":[{"width":1632,"height":1224,"url":"https:\/\/qtmm.org\/wp-content\/uploads\/2022\/01\/1_14-1.jpeg","type":"image\/jpeg"}],"author":"Developer","twitter_card":"summary_large_image","twitter_misc":{"Written by":"Developer","Est. reading time":"2 minutes"},"schema":{"@context":"https:\/\/schema.org","@graph":[{"@type":"Article","@id":"https:\/\/qtmm.org\/qt\/mustafa-cemilev-knut-vollebeknen-korusti\/#article","isPartOf":{"@id":"https:\/\/qtmm.org\/qt\/mustafa-cemilev-knut-vollebeknen-korusti\/"},"author":{"name":"Developer","@id":"https:\/\/qtmm.org\/qt\/#\/schema\/person\/de562469f971dec226ac06e60bbf74a7"},"headline":"Mustafa Cemilev Knut Vollebeknen k\u00f6r\u00fc\u015fti","datePublished":"2011-10-14T13:47:00+00:00","dateModified":"2022-01-19T13:48:23+00:00","mainEntityOfPage":{"@id":"https:\/\/qtmm.org\/qt\/mustafa-cemilev-knut-vollebeknen-korusti\/"},"wordCount":470,"commentCount":0,"publisher":{"@id":"https:\/\/qtmm.org\/qt\/#organization"},"image":{"@id":"https:\/\/qtmm.org\/qt\/mustafa-cemilev-knut-vollebeknen-korusti\/#primaryimage"},"thumbnailUrl":"https:\/\/qtmm.org\/wp-content\/uploads\/2022\/01\/1_14-1.jpeg","articleSection":["Haberler"],"inLanguage":"qt","potentialAction":[{"@type":"CommentAction","name":"Comment","target":["https:\/\/qtmm.org\/qt\/mustafa-cemilev-knut-vollebeknen-korusti\/#respond"]}]},{"@type":"WebPage","@id":"https:\/\/qtmm.org\/qt\/mustafa-cemilev-knut-vollebeknen-korusti\/","url":"https:\/\/qtmm.org\/qt\/mustafa-cemilev-knut-vollebeknen-korusti\/","name":"Mustafa Cemilev Knut Vollebeknen k\u00f6r\u00fc\u015fti - \u041c\u0435\u0434\u0436\u043b\u0456\u0441","isPartOf":{"@id":"https:\/\/qtmm.org\/qt\/#website"},"primaryImageOfPage":{"@id":"https:\/\/qtmm.org\/qt\/mustafa-cemilev-knut-vollebeknen-korusti\/#primaryimage"},"image":{"@id":"https:\/\/qtmm.org\/qt\/mustafa-cemilev-knut-vollebeknen-korusti\/#primaryimage"},"thumbnailUrl":"https:\/\/qtmm.org\/wp-content\/uploads\/2022\/01\/1_14-1.jpeg","datePublished":"2011-10-14T13:47:00+00:00","dateModified":"2022-01-19T13:48:23+00:00","breadcrumb":{"@id":"https:\/\/qtmm.org\/qt\/mustafa-cemilev-knut-vollebeknen-korusti\/#breadcrumb"},"inLanguage":"qt","potentialAction":[{"@type":"ReadAction","target":["https:\/\/qtmm.org\/qt\/mustafa-cemilev-knut-vollebeknen-korusti\/"]}]},{"@type":"ImageObject","inLanguage":"qt","@id":"https:\/\/qtmm.org\/qt\/mustafa-cemilev-knut-vollebeknen-korusti\/#primaryimage","url":"https:\/\/qtmm.org\/wp-content\/uploads\/2022\/01\/1_14-1.jpeg","contentUrl":"https:\/\/qtmm.org\/wp-content\/uploads\/2022\/01\/1_14-1.jpeg","width":1632,"height":1224},{"@type":"BreadcrumbList","@id":"https:\/\/qtmm.org\/qt\/mustafa-cemilev-knut-vollebeknen-korusti\/#breadcrumb","itemListElement":[{"@type":"ListItem","position":1,"name":"\u0413\u043e\u043b\u043e\u0432\u043d\u0430","item":"https:\/\/qtmm.org\/qt\/"},{"@type":"ListItem","position":2,"name":"Mustafa Cemilev Knut Vollebeknen k\u00f6r\u00fc\u015fti"}]},{"@type":"WebSite","@id":"https:\/\/qtmm.org\/qt\/#website","url":"https:\/\/qtmm.org\/qt\/","name":"\u041c\u0435\u0434\u0436\u043b\u0456\u0441","description":"","publisher":{"@id":"https:\/\/qtmm.org\/qt\/#organization"},"potentialAction":[{"@type":"SearchAction","target":{"@type":"EntryPoint","urlTemplate":"https:\/\/qtmm.org\/qt\/?s={search_term_string}"},"query-input":{"@type":"PropertyValueSpecification","valueRequired":true,"valueName":"search_term_string"}}],"inLanguage":"qt"},{"@type":"Organization","@id":"https:\/\/qtmm.org\/qt\/#organization","name":"\u041c\u0435\u0434\u0436\u043b\u0456\u0441","url":"https:\/\/qtmm.org\/qt\/","logo":{"@type":"ImageObject","inLanguage":"qt","@id":"https:\/\/qtmm.org\/qt\/#\/schema\/logo\/image\/","url":"https:\/\/qtmm.org\/wp-content\/uploads\/2024\/12\/ua-mejlis-logo-rgb.svg","contentUrl":"https:\/\/qtmm.org\/wp-content\/uploads\/2024\/12\/ua-mejlis-logo-rgb.svg","caption":"\u041c\u0435\u0434\u0436\u043b\u0456\u0441"},"image":{"@id":"https:\/\/qtmm.org\/qt\/#\/schema\/logo\/image\/"},"sameAs":["https:\/\/www.facebook.com\/qtmm.info\/"]},{"@type":"Person","@id":"https:\/\/qtmm.org\/qt\/#\/schema\/person\/de562469f971dec226ac06e60bbf74a7","name":"Developer","image":{"@type":"ImageObject","inLanguage":"qt","@id":"https:\/\/secure.gravatar.com\/avatar\/392b4cc8fbfeb00b39dfeeab4ee6edded39ffd48e25858637e4765810300227e?s=96&d=mm&r=g","url":"https:\/\/secure.gravatar.com\/avatar\/392b4cc8fbfeb00b39dfeeab4ee6edded39ffd48e25858637e4765810300227e?s=96&d=mm&r=g","contentUrl":"https:\/\/secure.gravatar.com\/avatar\/392b4cc8fbfeb00b39dfeeab4ee6edded39ffd48e25858637e4765810300227e?s=96&d=mm&r=g","caption":"Developer"},"url":"https:\/\/qtmm.org\/qt\/author\/Developer\/"}]}},"_links":{"self":[{"href":"https:\/\/qtmm.org\/qt\/wp-json\/wp\/v2\/posts\/26644","targetHints":{"allow":["GET"]}}],"collection":[{"href":"https:\/\/qtmm.org\/qt\/wp-json\/wp\/v2\/posts"}],"about":[{"href":"https:\/\/qtmm.org\/qt\/wp-json\/wp\/v2\/types\/post"}],"author":[{"embeddable":true,"href":"https:\/\/qtmm.org\/qt\/wp-json\/wp\/v2\/users\/1"}],"replies":[{"embeddable":true,"href":"https:\/\/qtmm.org\/qt\/wp-json\/wp\/v2\/comments?post=26644"}],"version-history":[{"count":1,"href":"https:\/\/qtmm.org\/qt\/wp-json\/wp\/v2\/posts\/26644\/revisions"}],"predecessor-version":[{"id":26653,"href":"https:\/\/qtmm.org\/qt\/wp-json\/wp\/v2\/posts\/26644\/revisions\/26653"}],"wp:featuredmedia":[{"embeddable":true,"href":"https:\/\/qtmm.org\/qt\/wp-json\/wp\/v2\/media\/26645"}],"wp:attachment":[{"href":"https:\/\/qtmm.org\/qt\/wp-json\/wp\/v2\/media?parent=26644"}],"wp:term":[{"taxonomy":"category","embeddable":true,"href":"https:\/\/qtmm.org\/qt\/wp-json\/wp\/v2\/categories?post=26644"},{"taxonomy":"post_tag","embeddable":true,"href":"https:\/\/qtmm.org\/qt\/wp-json\/wp\/v2\/tags?post=26644"}],"curies":[{"name":"wp","href":"https:\/\/api.w.org\/{rel}","templated":true}]}}