




{"id":26598,"date":"2011-10-14T16:45:00","date_gmt":"2011-10-14T13:45:00","guid":{"rendered":"http:\/\/qtmm.org\/?p=26598"},"modified":"2022-01-19T16:46:54","modified_gmt":"2022-01-19T13:46:54","slug":"obse-milliy-azliqlarnin-isleri-boyunca-aliy-komissari-knut-vollebek-mecliste-korusuv-otkerdi","status":"publish","type":"post","link":"https:\/\/qtmm.org\/qt\/obse-milliy-azliqlarnin-isleri-boyunca-aliy-komissari-knut-vollebek-mecliste-korusuv-otkerdi\/","title":{"rendered":"\u00d6BSE milliy azl\u0131qlarn\u0131\u00f1 i\u015fleri boyunca aliy komissar\u0131 Knut Vollebek Mecliste k\u00f6r\u00fc\u015f\u00fcv \u00f6tkerdi"},"content":{"rendered":"\n<p>13 okt\u00e2br k\u00fcn\u00fc&nbsp; Meclis reisini\u00f1 birinci muavini Refat \u00c7ubarov \u00d6BSE milliy azl\u0131qlarn\u0131\u00f1 i\u015fleri boyunca aliy komissar\u0131&nbsp; Knut Vollebeknen&nbsp; Meclisni\u00f1 ofisinde k\u00f6r\u00fc\u015fti.&nbsp;<\/p>\n\n\n\n<p>K\u00f6r\u00fc\u015f\u00fcvde Aliy&nbsp;&nbsp;&nbsp; komissarn\u0131\u00f1 yard\u0131mc\u0131lar\u0131 Lars Ragnar \u00d6lerud Hansen, Aleksandr Vinnikov ve Vinsent de Graaf, Q\u0131r\u0131mtatar halq\u0131 Meclisi taraf\u0131ndan ise&nbsp; Meclis reisini\u00f1 muavini Remzi \u0130lyasov, K\u00e2tibiyetini\u00f1 ba\u015f\u00e7\u0131&nbsp;&nbsp; Zair Smedl\u00e2yev, t\u0131\u015fq\u0131 al\u00e2qalar b\u00f6l\u00fcgini\u00f1 m\u00fcdiri&nbsp; Ali&nbsp; Hamzin, Topraq komissiyas\u0131n\u0131\u00f1 reberi&nbsp; Zevcet Kurtumerov, Meclis azas\u0131,&nbsp; &#8220;Q\u0131r\u0131m&#8221; gazetas\u0131n\u0131\u00f1 ba\u015f muarriri Bekir Mamutov i\u015ftirak ettiler,<\/p>\n\n\n\n<p>&nbsp;K\u00f6r\u00fc\u015f\u00e7\u00fcv devam\u0131nda&nbsp; q\u0131r\u0131mtatarlarn\u0131 topraqnen teminlev, q\u0131r\u0131mtatar tilinde tasil, 2012 senesinde q\u0131r\u0131mtatarlarn\u0131\u00f1 qaytuv\u0131 ve yerle\u015f\u00fcvi programmas\u0131n\u0131\u00f1 maliyeviy teminlenilmesi meseleleri ve Meclisnen Q\u0131r\u0131m \u00fck\u00fcmeti aras\u0131ndaki munasebetlerni\u00f1 hususiyetleri muzakere etilip, c\u00fcmleden Q\u0131r\u0131mtatar&nbsp; halq\u0131n\u0131\u00f1 uquqlar\u0131n\u0131 \u011fayr\u0131dan tiklev, Ukrainada on\u0131\u00f1 tel\u00fckesizligini teminlev boyunca halqara forum\u011fa az\u0131rl\u0131qn\u0131\u00f1 keti\u015fat\u0131na da&nbsp; diqqat ay\u0131r\u0131ld\u0131.&nbsp;<\/p>\n\n\n\n<p>&nbsp;\u00d6BSE milliy azl\u0131qlarn\u0131\u00f1 i\u015fleri boyunca aliy komissar\u0131&nbsp; Knut Vollebek Meclis reberlerini\u00f1 Ukrainada akkreditatsiya etilgen halqara te\u015fkil\u00e2t vekilleri, el\u00e7ilernen&nbsp; okt\u00e2br 5 k\u00fcn\u00fc Kiyevde ol\u011fan k\u00f6r\u00fc\u015f\u00fcvni\u00f1 neticelerine y\u00fcksek q\u0131ymet keserek,&nbsp; \u00d6BSE Aliy komissar\u0131 olaraq&nbsp; olacaq Forumn\u0131\u00f1 maqsadlar\u0131 ve vazifelerini belgilev boyunca menfaatdar taraflar ile em birinci nevbette Ukraina yolba\u015f\u00e7\u0131lar\u0131nen konsultatsiyalar basq\u0131\u00e7\u0131na kirmege az\u0131rl\u0131\u011f\u0131n\u0131 bildirdi.<\/p>\n\n\n\n<p>Meclisteki k\u00f6r\u00fc\u015f\u00fcvden so\u00f1&nbsp; \u00d6BSE milliy azl\u0131qlarn\u0131\u00f1 i\u015fleri boyunca aliy komissar\u0131&nbsp; Knut Vollebek ve on\u0131\u00f1&nbsp; yan\u0131ndan bulun\u011fan Zevcet Qurt\u00fcmerov, Zair Smedl\u00e2yev, Ali Hamzin, Q\u0131r\u0131m regional inki\u015faf\u0131 ve quruc\u0131l\u0131q naziri Sergey Brayko, Topraq komiteti ve Milletler komitetini\u00f1 vekilleri&nbsp; q\u0131r\u0131mtatarlarn\u0131\u00f1 &#8220;naraz\u0131l\u0131q meydanlar\u0131na&#8221; yol ald\u0131lar.&nbsp;&nbsp;<\/p>\n\n\n\n<p>\u015eeer mezarl\u0131\u011f\u0131n\u0131\u00f1 qorul\u011fan zonas\u0131na kirgen&nbsp; Abdal massivini k\u00f6zden ke\u00e7irdiler. Belli ki, ke\u00e7enlerde anda topraq i\u015f\u011fal etken insanlar\u011fa&nbsp; Dobroye k\u00f6y \u015furas\u0131n\u0131\u00f1 yerlerinde topraq berilgen edi. Bun\u0131\u00f1 kibi de musafirler &#8220;Kr\u0131mavtogaz&#8221;&nbsp; massivinde de bulun\u0131p, nefaqac\u0131 Abl\u00e2tipovlarn\u0131\u00f1 evini ziyaret&nbsp; ettiler.<\/p>\n\n\n\n<p>\u00d6BSE milliy azl\u0131qlarn\u0131\u00f1 i\u015fleri boyunca aliy komissar\u0131&nbsp; Knut Vollebek musafir\u00e7en qonaqbaylarnen subetle\u015fip, kendini meraqland\u0131r\u011fan suallerge cevap ala bildi.<\/p>\n\n\n\n<p>So\u00f1ra Knut Vollebek ve yan\u0131nda bulun\u011fan insanlar Balaklavskaya&nbsp; soqa\u011f\u0131ndaki&nbsp; 7 gektar yerde qurulayatqan &#8220;Ya\u00f1\u0131 d\u00fcnya&#8221; maallesine de kelip, cami binas\u0131n\u0131 baqt\u0131lar ve yerli sakinlernen subetle\u015ftiler.&nbsp;<\/p>\n\n\n\n<p>\u015eu k\u00fcn\u00fc aq\u015fam\u00a0 \u00d6BSE milliy azl\u0131qlarn\u0131\u00f1 i\u015fleri boyunca aliy komissar\u0131\u00a0 Knut Vollebek\u00a0 Kiyevge qaytt\u0131.<\/p>\n\n\n\n<figure class=\"wp-block-gallery columns-3 is-cropped wp-block-gallery-1 is-layout-flex wp-block-gallery-is-layout-flex\"><ul class=\"blocks-gallery-grid\"><li class=\"blocks-gallery-item\"><figure><a href=\"http:\/\/qtmm.org\/wp-content\/uploads\/2022\/01\/4ea2a01ef3cb2.jpeg\"><img loading=\"lazy\" decoding=\"async\" width=\"640\" height=\"480\" src=\"http:\/\/qtmm.org\/wp-content\/uploads\/2022\/01\/4ea2a01ef3cb2.jpeg\" alt=\"\" data-id=\"26599\" data-full-url=\"http:\/\/qtmm.org\/wp-content\/uploads\/2022\/01\/4ea2a01ef3cb2.jpeg\" data-link=\"http:\/\/qtmm.org\/qt\/?attachment_id=26599\" class=\"wp-image-26599\" srcset=\"https:\/\/qtmm.org\/wp-content\/uploads\/2022\/01\/4ea2a01ef3cb2.jpeg 640w, https:\/\/qtmm.org\/wp-content\/uploads\/2022\/01\/4ea2a01ef3cb2-300x225.jpeg 300w\" sizes=\"auto, (max-width: 640px) 100vw, 640px\" \/><\/a><\/figure><\/li><li class=\"blocks-gallery-item\"><figure><a href=\"http:\/\/qtmm.org\/wp-content\/uploads\/2022\/01\/4ea2a01f6f3ac.jpeg\"><img loading=\"lazy\" decoding=\"async\" width=\"640\" height=\"480\" src=\"http:\/\/qtmm.org\/wp-content\/uploads\/2022\/01\/4ea2a01f6f3ac.jpeg\" alt=\"\" data-id=\"26603\" data-full-url=\"http:\/\/qtmm.org\/wp-content\/uploads\/2022\/01\/4ea2a01f6f3ac.jpeg\" data-link=\"http:\/\/qtmm.org\/qt\/?attachment_id=26603\" class=\"wp-image-26603\" srcset=\"https:\/\/qtmm.org\/wp-content\/uploads\/2022\/01\/4ea2a01f6f3ac.jpeg 640w, https:\/\/qtmm.org\/wp-content\/uploads\/2022\/01\/4ea2a01f6f3ac-300x225.jpeg 300w\" sizes=\"auto, (max-width: 640px) 100vw, 640px\" \/><\/a><\/figure><\/li><li class=\"blocks-gallery-item\"><figure><a href=\"http:\/\/qtmm.org\/wp-content\/uploads\/2022\/01\/4ea2a01f384df.jpeg\"><img loading=\"lazy\" decoding=\"async\" width=\"640\" height=\"480\" src=\"http:\/\/qtmm.org\/wp-content\/uploads\/2022\/01\/4ea2a01f384df.jpeg\" alt=\"\" data-id=\"26607\" data-full-url=\"http:\/\/qtmm.org\/wp-content\/uploads\/2022\/01\/4ea2a01f384df.jpeg\" data-link=\"http:\/\/qtmm.org\/qt\/?attachment_id=26607\" class=\"wp-image-26607\" srcset=\"https:\/\/qtmm.org\/wp-content\/uploads\/2022\/01\/4ea2a01f384df.jpeg 640w, https:\/\/qtmm.org\/wp-content\/uploads\/2022\/01\/4ea2a01f384df-300x225.jpeg 300w\" sizes=\"auto, (max-width: 640px) 100vw, 640px\" \/><\/a><\/figure><\/li><li class=\"blocks-gallery-item\"><figure><a href=\"http:\/\/qtmm.org\/wp-content\/uploads\/2022\/01\/4ea2a01fa9556.jpeg\"><img loading=\"lazy\" decoding=\"async\" width=\"640\" height=\"480\" src=\"http:\/\/qtmm.org\/wp-content\/uploads\/2022\/01\/4ea2a01fa9556.jpeg\" alt=\"\" data-id=\"26611\" data-full-url=\"http:\/\/qtmm.org\/wp-content\/uploads\/2022\/01\/4ea2a01fa9556.jpeg\" data-link=\"http:\/\/qtmm.org\/qt\/?attachment_id=26611\" class=\"wp-image-26611\" srcset=\"https:\/\/qtmm.org\/wp-content\/uploads\/2022\/01\/4ea2a01fa9556.jpeg 640w, https:\/\/qtmm.org\/wp-content\/uploads\/2022\/01\/4ea2a01fa9556-300x225.jpeg 300w\" sizes=\"auto, (max-width: 640px) 100vw, 640px\" \/><\/a><\/figure><\/li><li class=\"blocks-gallery-item\"><figure><a href=\"http:\/\/qtmm.org\/wp-content\/uploads\/2022\/01\/4ea2a01fdd516.jpeg\"><img loading=\"lazy\" decoding=\"async\" width=\"640\" height=\"480\" src=\"http:\/\/qtmm.org\/wp-content\/uploads\/2022\/01\/4ea2a01fdd516.jpeg\" alt=\"\" data-id=\"26615\" data-full-url=\"http:\/\/qtmm.org\/wp-content\/uploads\/2022\/01\/4ea2a01fdd516.jpeg\" data-link=\"http:\/\/qtmm.org\/qt\/?attachment_id=26615\" class=\"wp-image-26615\" srcset=\"https:\/\/qtmm.org\/wp-content\/uploads\/2022\/01\/4ea2a01fdd516.jpeg 640w, https:\/\/qtmm.org\/wp-content\/uploads\/2022\/01\/4ea2a01fdd516-300x225.jpeg 300w\" sizes=\"auto, (max-width: 640px) 100vw, 640px\" \/><\/a><\/figure><\/li><li class=\"blocks-gallery-item\"><figure><a href=\"http:\/\/qtmm.org\/wp-content\/uploads\/2022\/01\/4ea2a020a0c93.jpeg\"><img loading=\"lazy\" decoding=\"async\" width=\"640\" height=\"480\" src=\"http:\/\/qtmm.org\/wp-content\/uploads\/2022\/01\/4ea2a020a0c93.jpeg\" alt=\"\" data-id=\"26619\" data-full-url=\"http:\/\/qtmm.org\/wp-content\/uploads\/2022\/01\/4ea2a020a0c93.jpeg\" data-link=\"http:\/\/qtmm.org\/qt\/?attachment_id=26619\" class=\"wp-image-26619\" srcset=\"https:\/\/qtmm.org\/wp-content\/uploads\/2022\/01\/4ea2a020a0c93.jpeg 640w, https:\/\/qtmm.org\/wp-content\/uploads\/2022\/01\/4ea2a020a0c93-300x225.jpeg 300w\" sizes=\"auto, (max-width: 640px) 100vw, 640px\" \/><\/a><\/figure><\/li><li class=\"blocks-gallery-item\"><figure><a href=\"http:\/\/qtmm.org\/wp-content\/uploads\/2022\/01\/4ea2a020daa18.jpeg\"><img loading=\"lazy\" decoding=\"async\" width=\"640\" height=\"480\" src=\"http:\/\/qtmm.org\/wp-content\/uploads\/2022\/01\/4ea2a020daa18.jpeg\" alt=\"\" data-id=\"26623\" data-full-url=\"http:\/\/qtmm.org\/wp-content\/uploads\/2022\/01\/4ea2a020daa18.jpeg\" data-link=\"http:\/\/qtmm.org\/qt\/?attachment_id=26623\" class=\"wp-image-26623\" srcset=\"https:\/\/qtmm.org\/wp-content\/uploads\/2022\/01\/4ea2a020daa18.jpeg 640w, https:\/\/qtmm.org\/wp-content\/uploads\/2022\/01\/4ea2a020daa18-300x225.jpeg 300w\" sizes=\"auto, (max-width: 640px) 100vw, 640px\" \/><\/a><\/figure><\/li><li class=\"blocks-gallery-item\"><figure><a href=\"http:\/\/qtmm.org\/wp-content\/uploads\/2022\/01\/4ea2a0215d217.jpeg\"><img loading=\"lazy\" decoding=\"async\" width=\"640\" height=\"480\" src=\"http:\/\/qtmm.org\/wp-content\/uploads\/2022\/01\/4ea2a0215d217.jpeg\" alt=\"\" data-id=\"26627\" data-full-url=\"http:\/\/qtmm.org\/wp-content\/uploads\/2022\/01\/4ea2a0215d217.jpeg\" data-link=\"http:\/\/qtmm.org\/qt\/?attachment_id=26627\" class=\"wp-image-26627\" srcset=\"https:\/\/qtmm.org\/wp-content\/uploads\/2022\/01\/4ea2a0215d217.jpeg 640w, https:\/\/qtmm.org\/wp-content\/uploads\/2022\/01\/4ea2a0215d217-300x225.jpeg 300w\" sizes=\"auto, (max-width: 640px) 100vw, 640px\" \/><\/a><\/figure><\/li><li class=\"blocks-gallery-item\"><figure><a href=\"http:\/\/qtmm.org\/wp-content\/uploads\/2022\/01\/4ea2a02024c42.jpeg\"><img loading=\"lazy\" decoding=\"async\" width=\"640\" height=\"480\" src=\"http:\/\/qtmm.org\/wp-content\/uploads\/2022\/01\/4ea2a02024c42.jpeg\" alt=\"\" data-id=\"26631\" data-full-url=\"http:\/\/qtmm.org\/wp-content\/uploads\/2022\/01\/4ea2a02024c42.jpeg\" data-link=\"http:\/\/qtmm.org\/qt\/?attachment_id=26631\" class=\"wp-image-26631\" srcset=\"https:\/\/qtmm.org\/wp-content\/uploads\/2022\/01\/4ea2a02024c42.jpeg 640w, https:\/\/qtmm.org\/wp-content\/uploads\/2022\/01\/4ea2a02024c42-300x225.jpeg 300w\" sizes=\"auto, (max-width: 640px) 100vw, 640px\" \/><\/a><\/figure><\/li><li class=\"blocks-gallery-item\"><figure><a href=\"http:\/\/qtmm.org\/wp-content\/uploads\/2022\/01\/4ea2a02060507.jpeg\"><img loading=\"lazy\" decoding=\"async\" width=\"640\" height=\"480\" src=\"http:\/\/qtmm.org\/wp-content\/uploads\/2022\/01\/4ea2a02060507.jpeg\" alt=\"\" data-id=\"26635\" data-full-url=\"http:\/\/qtmm.org\/wp-content\/uploads\/2022\/01\/4ea2a02060507.jpeg\" data-link=\"http:\/\/qtmm.org\/qt\/?attachment_id=26635\" class=\"wp-image-26635\" srcset=\"https:\/\/qtmm.org\/wp-content\/uploads\/2022\/01\/4ea2a02060507.jpeg 640w, https:\/\/qtmm.org\/wp-content\/uploads\/2022\/01\/4ea2a02060507-300x225.jpeg 300w\" sizes=\"auto, (max-width: 640px) 100vw, 640px\" \/><\/a><\/figure><\/li><li class=\"blocks-gallery-item\"><figure><a href=\"http:\/\/qtmm.org\/wp-content\/uploads\/2022\/01\/4ea2a02121539.jpeg\"><img loading=\"lazy\" decoding=\"async\" width=\"640\" height=\"480\" src=\"http:\/\/qtmm.org\/wp-content\/uploads\/2022\/01\/4ea2a02121539.jpeg\" alt=\"\" data-id=\"26639\" data-full-url=\"http:\/\/qtmm.org\/wp-content\/uploads\/2022\/01\/4ea2a02121539.jpeg\" data-link=\"http:\/\/qtmm.org\/qt\/?attachment_id=26639\" class=\"wp-image-26639\" srcset=\"https:\/\/qtmm.org\/wp-content\/uploads\/2022\/01\/4ea2a02121539.jpeg 640w, https:\/\/qtmm.org\/wp-content\/uploads\/2022\/01\/4ea2a02121539-300x225.jpeg 300w\" sizes=\"auto, (max-width: 640px) 100vw, 640px\" \/><\/a><\/figure><\/li><\/ul><\/figure>\n","protected":false},"excerpt":{"rendered":"<p>13 okt\u00e2br k\u00fcn\u00fc&nbsp; Meclis reisini\u00f1 birinci muavini Refat \u00c7ubarov \u00d6BSE milliy azl\u0131qlarn\u0131\u00f1 i\u015fleri boyunca aliy komissar\u0131&nbsp; Knut Vollebeknen&nbsp; Meclisni\u00f1 ofisinde k\u00f6r\u00fc\u015fti.&nbsp; K\u00f6r\u00fc\u015f\u00fcvde Aliy&nbsp;&nbsp;&nbsp; komissarn\u0131\u00f1 yard\u0131mc\u0131lar\u0131 Lars Ragnar \u00d6lerud Hansen, Aleksandr Vinnikov ve Vinsent de Graaf, Q\u0131r\u0131mtatar halq\u0131 Meclisi taraf\u0131ndan ise&nbsp; Meclis reisini\u00f1 muavini Remzi \u0130lyasov, K\u00e2tibiyetini\u00f1 ba\u015f\u00e7\u0131&nbsp;&nbsp; Zair Smedl\u00e2yev, t\u0131\u015fq\u0131 al\u00e2qalar b\u00f6l\u00fcgini\u00f1 m\u00fcdiri&nbsp; Ali&nbsp; Hamzin, [&hellip;]<\/p>\n","protected":false},"author":1,"featured_media":26603,"comment_status":"open","ping_status":"open","sticky":false,"template":"","format":"standard","meta":{"inline_featured_image":false,"footnotes":""},"categories":[265],"tags":[],"class_list":["post-26598","post","type-post","status-publish","format-standard","has-post-thumbnail","hentry","category-haberler"],"acf":[],"yoast_head":"<!-- This site is optimized with the Yoast SEO plugin v27.4 - https:\/\/yoast.com\/product\/yoast-seo-wordpress\/ -->\n<title>\u00d6BSE milliy azl\u0131qlarn\u0131\u00f1 i\u015fleri boyunca aliy komissar\u0131 Knut Vollebek Mecliste k\u00f6r\u00fc\u015f\u00fcv \u00f6tkerdi - \u041c\u0435\u0434\u0436\u043b\u0456\u0441<\/title>\n<meta name=\"robots\" content=\"index, follow, max-snippet:-1, max-image-preview:large, max-video-preview:-1\" \/>\n<link rel=\"canonical\" href=\"https:\/\/qtmm.org\/qt\/obse-milliy-azliqlarnin-isleri-boyunca-aliy-komissari-knut-vollebek-mecliste-korusuv-otkerdi\/\" \/>\n<meta property=\"og:locale\" content=\"en_US\" \/>\n<meta property=\"og:type\" content=\"article\" \/>\n<meta property=\"og:title\" content=\"\u00d6BSE milliy azl\u0131qlarn\u0131\u00f1 i\u015fleri boyunca aliy komissar\u0131 Knut Vollebek Mecliste k\u00f6r\u00fc\u015f\u00fcv \u00f6tkerdi - \u041c\u0435\u0434\u0436\u043b\u0456\u0441\" \/>\n<meta property=\"og:description\" content=\"13 okt\u00e2br k\u00fcn\u00fc&nbsp; Meclis reisini\u00f1 birinci muavini Refat \u00c7ubarov \u00d6BSE milliy azl\u0131qlarn\u0131\u00f1 i\u015fleri boyunca aliy komissar\u0131&nbsp; Knut Vollebeknen&nbsp; Meclisni\u00f1 ofisinde k\u00f6r\u00fc\u015fti.&nbsp; K\u00f6r\u00fc\u015f\u00fcvde Aliy&nbsp;&nbsp;&nbsp; komissarn\u0131\u00f1 yard\u0131mc\u0131lar\u0131 Lars Ragnar \u00d6lerud Hansen, Aleksandr Vinnikov ve Vinsent de Graaf, Q\u0131r\u0131mtatar halq\u0131 Meclisi taraf\u0131ndan ise&nbsp; Meclis reisini\u00f1 muavini Remzi \u0130lyasov, K\u00e2tibiyetini\u00f1 ba\u015f\u00e7\u0131&nbsp;&nbsp; Zair Smedl\u00e2yev, t\u0131\u015fq\u0131 al\u00e2qalar b\u00f6l\u00fcgini\u00f1 m\u00fcdiri&nbsp; Ali&nbsp; Hamzin, [&hellip;]\" \/>\n<meta property=\"og:url\" content=\"https:\/\/qtmm.org\/qt\/obse-milliy-azliqlarnin-isleri-boyunca-aliy-komissari-knut-vollebek-mecliste-korusuv-otkerdi\/\" \/>\n<meta property=\"og:site_name\" content=\"\u041c\u0435\u0434\u0436\u043b\u0456\u0441\" \/>\n<meta property=\"article:publisher\" content=\"https:\/\/www.facebook.com\/qtmm.info\/\" \/>\n<meta property=\"article:published_time\" content=\"2011-10-14T13:45:00+00:00\" \/>\n<meta property=\"article:modified_time\" content=\"2022-01-19T13:46:54+00:00\" \/>\n<meta property=\"og:image\" content=\"https:\/\/qtmm.org\/wp-content\/uploads\/2022\/01\/4ea2a01f6f3ac.jpeg\" \/>\n\t<meta property=\"og:image:width\" content=\"640\" \/>\n\t<meta property=\"og:image:height\" content=\"480\" \/>\n\t<meta property=\"og:image:type\" content=\"image\/jpeg\" \/>\n<meta name=\"author\" content=\"Developer\" \/>\n<meta name=\"twitter:card\" content=\"summary_large_image\" \/>\n<meta name=\"twitter:label1\" content=\"Written by\" \/>\n\t<meta name=\"twitter:data1\" content=\"Developer\" \/>\n\t<meta name=\"twitter:label2\" content=\"Est. reading time\" \/>\n\t<meta name=\"twitter:data2\" content=\"2 minutes\" \/>\n<script type=\"application\/ld+json\" class=\"yoast-schema-graph\">{\"@context\":\"https:\\\/\\\/schema.org\",\"@graph\":[{\"@type\":\"Article\",\"@id\":\"https:\\\/\\\/qtmm.org\\\/qt\\\/obse-milliy-azliqlarnin-isleri-boyunca-aliy-komissari-knut-vollebek-mecliste-korusuv-otkerdi\\\/#article\",\"isPartOf\":{\"@id\":\"https:\\\/\\\/qtmm.org\\\/qt\\\/obse-milliy-azliqlarnin-isleri-boyunca-aliy-komissari-knut-vollebek-mecliste-korusuv-otkerdi\\\/\"},\"author\":{\"name\":\"Developer\",\"@id\":\"https:\\\/\\\/qtmm.org\\\/qt\\\/#\\\/schema\\\/person\\\/de562469f971dec226ac06e60bbf74a7\"},\"headline\":\"\u00d6BSE milliy azl\u0131qlarn\u0131\u00f1 i\u015fleri boyunca aliy komissar\u0131 Knut Vollebek Mecliste k\u00f6r\u00fc\u015f\u00fcv \u00f6tkerdi\",\"datePublished\":\"2011-10-14T13:45:00+00:00\",\"dateModified\":\"2022-01-19T13:46:54+00:00\",\"mainEntityOfPage\":{\"@id\":\"https:\\\/\\\/qtmm.org\\\/qt\\\/obse-milliy-azliqlarnin-isleri-boyunca-aliy-komissari-knut-vollebek-mecliste-korusuv-otkerdi\\\/\"},\"wordCount\":473,\"commentCount\":0,\"publisher\":{\"@id\":\"https:\\\/\\\/qtmm.org\\\/qt\\\/#organization\"},\"image\":{\"@id\":\"https:\\\/\\\/qtmm.org\\\/qt\\\/obse-milliy-azliqlarnin-isleri-boyunca-aliy-komissari-knut-vollebek-mecliste-korusuv-otkerdi\\\/#primaryimage\"},\"thumbnailUrl\":\"https:\\\/\\\/qtmm.org\\\/wp-content\\\/uploads\\\/2022\\\/01\\\/4ea2a01f6f3ac.jpeg\",\"articleSection\":[\"Haberler\"],\"inLanguage\":\"qt\",\"potentialAction\":[{\"@type\":\"CommentAction\",\"name\":\"Comment\",\"target\":[\"https:\\\/\\\/qtmm.org\\\/qt\\\/obse-milliy-azliqlarnin-isleri-boyunca-aliy-komissari-knut-vollebek-mecliste-korusuv-otkerdi\\\/#respond\"]}]},{\"@type\":\"WebPage\",\"@id\":\"https:\\\/\\\/qtmm.org\\\/qt\\\/obse-milliy-azliqlarnin-isleri-boyunca-aliy-komissari-knut-vollebek-mecliste-korusuv-otkerdi\\\/\",\"url\":\"https:\\\/\\\/qtmm.org\\\/qt\\\/obse-milliy-azliqlarnin-isleri-boyunca-aliy-komissari-knut-vollebek-mecliste-korusuv-otkerdi\\\/\",\"name\":\"\u00d6BSE milliy azl\u0131qlarn\u0131\u00f1 i\u015fleri boyunca aliy komissar\u0131 Knut Vollebek Mecliste k\u00f6r\u00fc\u015f\u00fcv \u00f6tkerdi - \u041c\u0435\u0434\u0436\u043b\u0456\u0441\",\"isPartOf\":{\"@id\":\"https:\\\/\\\/qtmm.org\\\/qt\\\/#website\"},\"primaryImageOfPage\":{\"@id\":\"https:\\\/\\\/qtmm.org\\\/qt\\\/obse-milliy-azliqlarnin-isleri-boyunca-aliy-komissari-knut-vollebek-mecliste-korusuv-otkerdi\\\/#primaryimage\"},\"image\":{\"@id\":\"https:\\\/\\\/qtmm.org\\\/qt\\\/obse-milliy-azliqlarnin-isleri-boyunca-aliy-komissari-knut-vollebek-mecliste-korusuv-otkerdi\\\/#primaryimage\"},\"thumbnailUrl\":\"https:\\\/\\\/qtmm.org\\\/wp-content\\\/uploads\\\/2022\\\/01\\\/4ea2a01f6f3ac.jpeg\",\"datePublished\":\"2011-10-14T13:45:00+00:00\",\"dateModified\":\"2022-01-19T13:46:54+00:00\",\"breadcrumb\":{\"@id\":\"https:\\\/\\\/qtmm.org\\\/qt\\\/obse-milliy-azliqlarnin-isleri-boyunca-aliy-komissari-knut-vollebek-mecliste-korusuv-otkerdi\\\/#breadcrumb\"},\"inLanguage\":\"qt\",\"potentialAction\":[{\"@type\":\"ReadAction\",\"target\":[\"https:\\\/\\\/qtmm.org\\\/qt\\\/obse-milliy-azliqlarnin-isleri-boyunca-aliy-komissari-knut-vollebek-mecliste-korusuv-otkerdi\\\/\"]}]},{\"@type\":\"ImageObject\",\"inLanguage\":\"qt\",\"@id\":\"https:\\\/\\\/qtmm.org\\\/qt\\\/obse-milliy-azliqlarnin-isleri-boyunca-aliy-komissari-knut-vollebek-mecliste-korusuv-otkerdi\\\/#primaryimage\",\"url\":\"https:\\\/\\\/qtmm.org\\\/wp-content\\\/uploads\\\/2022\\\/01\\\/4ea2a01f6f3ac.jpeg\",\"contentUrl\":\"https:\\\/\\\/qtmm.org\\\/wp-content\\\/uploads\\\/2022\\\/01\\\/4ea2a01f6f3ac.jpeg\",\"width\":640,\"height\":480},{\"@type\":\"BreadcrumbList\",\"@id\":\"https:\\\/\\\/qtmm.org\\\/qt\\\/obse-milliy-azliqlarnin-isleri-boyunca-aliy-komissari-knut-vollebek-mecliste-korusuv-otkerdi\\\/#breadcrumb\",\"itemListElement\":[{\"@type\":\"ListItem\",\"position\":1,\"name\":\"\u0413\u043e\u043b\u043e\u0432\u043d\u0430\",\"item\":\"https:\\\/\\\/qtmm.org\\\/qt\\\/\"},{\"@type\":\"ListItem\",\"position\":2,\"name\":\"\u00d6BSE milliy azl\u0131qlarn\u0131\u00f1 i\u015fleri boyunca aliy komissar\u0131 Knut Vollebek Mecliste k\u00f6r\u00fc\u015f\u00fcv \u00f6tkerdi\"}]},{\"@type\":\"WebSite\",\"@id\":\"https:\\\/\\\/qtmm.org\\\/qt\\\/#website\",\"url\":\"https:\\\/\\\/qtmm.org\\\/qt\\\/\",\"name\":\"\u041c\u0435\u0434\u0436\u043b\u0456\u0441\",\"description\":\"\",\"publisher\":{\"@id\":\"https:\\\/\\\/qtmm.org\\\/qt\\\/#organization\"},\"potentialAction\":[{\"@type\":\"SearchAction\",\"target\":{\"@type\":\"EntryPoint\",\"urlTemplate\":\"https:\\\/\\\/qtmm.org\\\/qt\\\/?s={search_term_string}\"},\"query-input\":{\"@type\":\"PropertyValueSpecification\",\"valueRequired\":true,\"valueName\":\"search_term_string\"}}],\"inLanguage\":\"qt\"},{\"@type\":\"Organization\",\"@id\":\"https:\\\/\\\/qtmm.org\\\/qt\\\/#organization\",\"name\":\"\u041c\u0435\u0434\u0436\u043b\u0456\u0441\",\"url\":\"https:\\\/\\\/qtmm.org\\\/qt\\\/\",\"logo\":{\"@type\":\"ImageObject\",\"inLanguage\":\"qt\",\"@id\":\"https:\\\/\\\/qtmm.org\\\/qt\\\/#\\\/schema\\\/logo\\\/image\\\/\",\"url\":\"https:\\\/\\\/qtmm.org\\\/wp-content\\\/uploads\\\/2024\\\/12\\\/ua-mejlis-logo-rgb.svg\",\"contentUrl\":\"https:\\\/\\\/qtmm.org\\\/wp-content\\\/uploads\\\/2024\\\/12\\\/ua-mejlis-logo-rgb.svg\",\"caption\":\"\u041c\u0435\u0434\u0436\u043b\u0456\u0441\"},\"image\":{\"@id\":\"https:\\\/\\\/qtmm.org\\\/qt\\\/#\\\/schema\\\/logo\\\/image\\\/\"},\"sameAs\":[\"https:\\\/\\\/www.facebook.com\\\/qtmm.info\\\/\"]},{\"@type\":\"Person\",\"@id\":\"https:\\\/\\\/qtmm.org\\\/qt\\\/#\\\/schema\\\/person\\\/de562469f971dec226ac06e60bbf74a7\",\"name\":\"Developer\",\"image\":{\"@type\":\"ImageObject\",\"inLanguage\":\"qt\",\"@id\":\"https:\\\/\\\/secure.gravatar.com\\\/avatar\\\/392b4cc8fbfeb00b39dfeeab4ee6edded39ffd48e25858637e4765810300227e?s=96&d=mm&r=g\",\"url\":\"https:\\\/\\\/secure.gravatar.com\\\/avatar\\\/392b4cc8fbfeb00b39dfeeab4ee6edded39ffd48e25858637e4765810300227e?s=96&d=mm&r=g\",\"contentUrl\":\"https:\\\/\\\/secure.gravatar.com\\\/avatar\\\/392b4cc8fbfeb00b39dfeeab4ee6edded39ffd48e25858637e4765810300227e?s=96&d=mm&r=g\",\"caption\":\"Developer\"},\"url\":\"https:\\\/\\\/qtmm.org\\\/qt\\\/author\\\/Developer\\\/\"}]}<\/script>\n<!-- \/ Yoast SEO plugin. -->","yoast_head_json":{"title":"\u00d6BSE milliy azl\u0131qlarn\u0131\u00f1 i\u015fleri boyunca aliy komissar\u0131 Knut Vollebek Mecliste k\u00f6r\u00fc\u015f\u00fcv \u00f6tkerdi - \u041c\u0435\u0434\u0436\u043b\u0456\u0441","robots":{"index":"index","follow":"follow","max-snippet":"max-snippet:-1","max-image-preview":"max-image-preview:large","max-video-preview":"max-video-preview:-1"},"canonical":"https:\/\/qtmm.org\/qt\/obse-milliy-azliqlarnin-isleri-boyunca-aliy-komissari-knut-vollebek-mecliste-korusuv-otkerdi\/","og_locale":"en_US","og_type":"article","og_title":"\u00d6BSE milliy azl\u0131qlarn\u0131\u00f1 i\u015fleri boyunca aliy komissar\u0131 Knut Vollebek Mecliste k\u00f6r\u00fc\u015f\u00fcv \u00f6tkerdi - \u041c\u0435\u0434\u0436\u043b\u0456\u0441","og_description":"13 okt\u00e2br k\u00fcn\u00fc&nbsp; Meclis reisini\u00f1 birinci muavini Refat \u00c7ubarov \u00d6BSE milliy azl\u0131qlarn\u0131\u00f1 i\u015fleri boyunca aliy komissar\u0131&nbsp; Knut Vollebeknen&nbsp; Meclisni\u00f1 ofisinde k\u00f6r\u00fc\u015fti.&nbsp; K\u00f6r\u00fc\u015f\u00fcvde Aliy&nbsp;&nbsp;&nbsp; komissarn\u0131\u00f1 yard\u0131mc\u0131lar\u0131 Lars Ragnar \u00d6lerud Hansen, Aleksandr Vinnikov ve Vinsent de Graaf, Q\u0131r\u0131mtatar halq\u0131 Meclisi taraf\u0131ndan ise&nbsp; Meclis reisini\u00f1 muavini Remzi \u0130lyasov, K\u00e2tibiyetini\u00f1 ba\u015f\u00e7\u0131&nbsp;&nbsp; Zair Smedl\u00e2yev, t\u0131\u015fq\u0131 al\u00e2qalar b\u00f6l\u00fcgini\u00f1 m\u00fcdiri&nbsp; Ali&nbsp; Hamzin, [&hellip;]","og_url":"https:\/\/qtmm.org\/qt\/obse-milliy-azliqlarnin-isleri-boyunca-aliy-komissari-knut-vollebek-mecliste-korusuv-otkerdi\/","og_site_name":"\u041c\u0435\u0434\u0436\u043b\u0456\u0441","article_publisher":"https:\/\/www.facebook.com\/qtmm.info\/","article_published_time":"2011-10-14T13:45:00+00:00","article_modified_time":"2022-01-19T13:46:54+00:00","og_image":[{"width":640,"height":480,"url":"https:\/\/qtmm.org\/wp-content\/uploads\/2022\/01\/4ea2a01f6f3ac.jpeg","type":"image\/jpeg"}],"author":"Developer","twitter_card":"summary_large_image","twitter_misc":{"Written by":"Developer","Est. reading time":"2 minutes"},"schema":{"@context":"https:\/\/schema.org","@graph":[{"@type":"Article","@id":"https:\/\/qtmm.org\/qt\/obse-milliy-azliqlarnin-isleri-boyunca-aliy-komissari-knut-vollebek-mecliste-korusuv-otkerdi\/#article","isPartOf":{"@id":"https:\/\/qtmm.org\/qt\/obse-milliy-azliqlarnin-isleri-boyunca-aliy-komissari-knut-vollebek-mecliste-korusuv-otkerdi\/"},"author":{"name":"Developer","@id":"https:\/\/qtmm.org\/qt\/#\/schema\/person\/de562469f971dec226ac06e60bbf74a7"},"headline":"\u00d6BSE milliy azl\u0131qlarn\u0131\u00f1 i\u015fleri boyunca aliy komissar\u0131 Knut Vollebek Mecliste k\u00f6r\u00fc\u015f\u00fcv \u00f6tkerdi","datePublished":"2011-10-14T13:45:00+00:00","dateModified":"2022-01-19T13:46:54+00:00","mainEntityOfPage":{"@id":"https:\/\/qtmm.org\/qt\/obse-milliy-azliqlarnin-isleri-boyunca-aliy-komissari-knut-vollebek-mecliste-korusuv-otkerdi\/"},"wordCount":473,"commentCount":0,"publisher":{"@id":"https:\/\/qtmm.org\/qt\/#organization"},"image":{"@id":"https:\/\/qtmm.org\/qt\/obse-milliy-azliqlarnin-isleri-boyunca-aliy-komissari-knut-vollebek-mecliste-korusuv-otkerdi\/#primaryimage"},"thumbnailUrl":"https:\/\/qtmm.org\/wp-content\/uploads\/2022\/01\/4ea2a01f6f3ac.jpeg","articleSection":["Haberler"],"inLanguage":"qt","potentialAction":[{"@type":"CommentAction","name":"Comment","target":["https:\/\/qtmm.org\/qt\/obse-milliy-azliqlarnin-isleri-boyunca-aliy-komissari-knut-vollebek-mecliste-korusuv-otkerdi\/#respond"]}]},{"@type":"WebPage","@id":"https:\/\/qtmm.org\/qt\/obse-milliy-azliqlarnin-isleri-boyunca-aliy-komissari-knut-vollebek-mecliste-korusuv-otkerdi\/","url":"https:\/\/qtmm.org\/qt\/obse-milliy-azliqlarnin-isleri-boyunca-aliy-komissari-knut-vollebek-mecliste-korusuv-otkerdi\/","name":"\u00d6BSE milliy azl\u0131qlarn\u0131\u00f1 i\u015fleri boyunca aliy komissar\u0131 Knut Vollebek Mecliste k\u00f6r\u00fc\u015f\u00fcv \u00f6tkerdi - \u041c\u0435\u0434\u0436\u043b\u0456\u0441","isPartOf":{"@id":"https:\/\/qtmm.org\/qt\/#website"},"primaryImageOfPage":{"@id":"https:\/\/qtmm.org\/qt\/obse-milliy-azliqlarnin-isleri-boyunca-aliy-komissari-knut-vollebek-mecliste-korusuv-otkerdi\/#primaryimage"},"image":{"@id":"https:\/\/qtmm.org\/qt\/obse-milliy-azliqlarnin-isleri-boyunca-aliy-komissari-knut-vollebek-mecliste-korusuv-otkerdi\/#primaryimage"},"thumbnailUrl":"https:\/\/qtmm.org\/wp-content\/uploads\/2022\/01\/4ea2a01f6f3ac.jpeg","datePublished":"2011-10-14T13:45:00+00:00","dateModified":"2022-01-19T13:46:54+00:00","breadcrumb":{"@id":"https:\/\/qtmm.org\/qt\/obse-milliy-azliqlarnin-isleri-boyunca-aliy-komissari-knut-vollebek-mecliste-korusuv-otkerdi\/#breadcrumb"},"inLanguage":"qt","potentialAction":[{"@type":"ReadAction","target":["https:\/\/qtmm.org\/qt\/obse-milliy-azliqlarnin-isleri-boyunca-aliy-komissari-knut-vollebek-mecliste-korusuv-otkerdi\/"]}]},{"@type":"ImageObject","inLanguage":"qt","@id":"https:\/\/qtmm.org\/qt\/obse-milliy-azliqlarnin-isleri-boyunca-aliy-komissari-knut-vollebek-mecliste-korusuv-otkerdi\/#primaryimage","url":"https:\/\/qtmm.org\/wp-content\/uploads\/2022\/01\/4ea2a01f6f3ac.jpeg","contentUrl":"https:\/\/qtmm.org\/wp-content\/uploads\/2022\/01\/4ea2a01f6f3ac.jpeg","width":640,"height":480},{"@type":"BreadcrumbList","@id":"https:\/\/qtmm.org\/qt\/obse-milliy-azliqlarnin-isleri-boyunca-aliy-komissari-knut-vollebek-mecliste-korusuv-otkerdi\/#breadcrumb","itemListElement":[{"@type":"ListItem","position":1,"name":"\u0413\u043e\u043b\u043e\u0432\u043d\u0430","item":"https:\/\/qtmm.org\/qt\/"},{"@type":"ListItem","position":2,"name":"\u00d6BSE milliy azl\u0131qlarn\u0131\u00f1 i\u015fleri boyunca aliy komissar\u0131 Knut Vollebek Mecliste k\u00f6r\u00fc\u015f\u00fcv \u00f6tkerdi"}]},{"@type":"WebSite","@id":"https:\/\/qtmm.org\/qt\/#website","url":"https:\/\/qtmm.org\/qt\/","name":"\u041c\u0435\u0434\u0436\u043b\u0456\u0441","description":"","publisher":{"@id":"https:\/\/qtmm.org\/qt\/#organization"},"potentialAction":[{"@type":"SearchAction","target":{"@type":"EntryPoint","urlTemplate":"https:\/\/qtmm.org\/qt\/?s={search_term_string}"},"query-input":{"@type":"PropertyValueSpecification","valueRequired":true,"valueName":"search_term_string"}}],"inLanguage":"qt"},{"@type":"Organization","@id":"https:\/\/qtmm.org\/qt\/#organization","name":"\u041c\u0435\u0434\u0436\u043b\u0456\u0441","url":"https:\/\/qtmm.org\/qt\/","logo":{"@type":"ImageObject","inLanguage":"qt","@id":"https:\/\/qtmm.org\/qt\/#\/schema\/logo\/image\/","url":"https:\/\/qtmm.org\/wp-content\/uploads\/2024\/12\/ua-mejlis-logo-rgb.svg","contentUrl":"https:\/\/qtmm.org\/wp-content\/uploads\/2024\/12\/ua-mejlis-logo-rgb.svg","caption":"\u041c\u0435\u0434\u0436\u043b\u0456\u0441"},"image":{"@id":"https:\/\/qtmm.org\/qt\/#\/schema\/logo\/image\/"},"sameAs":["https:\/\/www.facebook.com\/qtmm.info\/"]},{"@type":"Person","@id":"https:\/\/qtmm.org\/qt\/#\/schema\/person\/de562469f971dec226ac06e60bbf74a7","name":"Developer","image":{"@type":"ImageObject","inLanguage":"qt","@id":"https:\/\/secure.gravatar.com\/avatar\/392b4cc8fbfeb00b39dfeeab4ee6edded39ffd48e25858637e4765810300227e?s=96&d=mm&r=g","url":"https:\/\/secure.gravatar.com\/avatar\/392b4cc8fbfeb00b39dfeeab4ee6edded39ffd48e25858637e4765810300227e?s=96&d=mm&r=g","contentUrl":"https:\/\/secure.gravatar.com\/avatar\/392b4cc8fbfeb00b39dfeeab4ee6edded39ffd48e25858637e4765810300227e?s=96&d=mm&r=g","caption":"Developer"},"url":"https:\/\/qtmm.org\/qt\/author\/Developer\/"}]}},"_links":{"self":[{"href":"https:\/\/qtmm.org\/qt\/wp-json\/wp\/v2\/posts\/26598","targetHints":{"allow":["GET"]}}],"collection":[{"href":"https:\/\/qtmm.org\/qt\/wp-json\/wp\/v2\/posts"}],"about":[{"href":"https:\/\/qtmm.org\/qt\/wp-json\/wp\/v2\/types\/post"}],"author":[{"embeddable":true,"href":"https:\/\/qtmm.org\/qt\/wp-json\/wp\/v2\/users\/1"}],"replies":[{"embeddable":true,"href":"https:\/\/qtmm.org\/qt\/wp-json\/wp\/v2\/comments?post=26598"}],"version-history":[{"count":1,"href":"https:\/\/qtmm.org\/qt\/wp-json\/wp\/v2\/posts\/26598\/revisions"}],"predecessor-version":[{"id":26643,"href":"https:\/\/qtmm.org\/qt\/wp-json\/wp\/v2\/posts\/26598\/revisions\/26643"}],"wp:featuredmedia":[{"embeddable":true,"href":"https:\/\/qtmm.org\/qt\/wp-json\/wp\/v2\/media\/26603"}],"wp:attachment":[{"href":"https:\/\/qtmm.org\/qt\/wp-json\/wp\/v2\/media?parent=26598"}],"wp:term":[{"taxonomy":"category","embeddable":true,"href":"https:\/\/qtmm.org\/qt\/wp-json\/wp\/v2\/categories?post=26598"},{"taxonomy":"post_tag","embeddable":true,"href":"https:\/\/qtmm.org\/qt\/wp-json\/wp\/v2\/tags?post=26598"}],"curies":[{"name":"wp","href":"https:\/\/api.w.org\/{rel}","templated":true}]}}