




{"id":26552,"date":"2011-10-13T16:42:00","date_gmt":"2011-10-13T13:42:00","guid":{"rendered":"http:\/\/qtmm.org\/?p=26552"},"modified":"2022-01-19T16:44:54","modified_gmt":"2022-01-19T13:44:54","slug":"meclis-reisi-mustafa-cemilev-cehiya-parlamenti-yuqari-palatasinin-senatori-yaromir-stetina-ile-korusti","status":"publish","type":"post","link":"https:\/\/qtmm.org\/qt\/meclis-reisi-mustafa-cemilev-cehiya-parlamenti-yuqari-palatasinin-senatori-yaromir-stetina-ile-korusti\/","title":{"rendered":"Meclis reisi Mustafa Cemilev \u00c7ehiya parlamenti Yuqar\u0131 palatas\u0131n\u0131\u00f1 senator\u0131 Yaromir \u015etetina ile k\u00f6r\u00fc\u015fti"},"content":{"rendered":"\n<p>9 &#8211; 12 okt\u00e2br k\u00fcnleri Q\u0131r\u0131mtatar halq\u0131 Meclisini\u00f1 reisi Mustafa Cemilev Pragada bulun\u0131p, &#8220;Forum 2000&#8221; &#8220;Demokratiya ve uquq \u00fcst\u00fcnligi&#8221; mevzus\u0131nda \u00f6tkergen XV Halqara konferentsiyan\u0131\u00f1 i\u015finde i\u015ftirak etti.<\/p>\n\n\n\n<p>Konferentsiyan\u0131\u00f1 yek\u00fcnleyici k\u00fcn\u00fc Meclis reisi Mustafa Cemilev \u00c7ehiya parlamenti Yuqar\u0131 palatas\u0131n\u0131\u00f1 senator\u0131 Yaromir \u015etetina ile k\u00f6r\u00fc\u015fti.<\/p>\n\n\n\n<p>Meclis reisini\u00f1 subetde\u015fi &#8211; belli \u00e7eh jurnalisti, aktiv faaliyeti sayesinde sovetler devleti hudud\u0131ndaki b\u00fct\u00fcn &#8220;q\u0131z\u011f\u0131n noqtalar&#8221;da bulun\u011fand\u0131r. \u015eimdi ise \u015etetina Senata \u00c7ehiyan\u0131\u00f1 T\u0131\u015fq\u0131 i\u015fler naziri Karl \u015evartsenberg yetek\u00e7ilik yapqan &#8220;TOP 09&#8221; partiyas\u0131ndan saylan\u011fan deputatlardan birisidir. Bundan da \u011fayr\u0131 senator halqara meseleler, mudafaa ve tel\u00fckesizlik boyunca parlament komitetini\u00f1 ve d\u00fcnyada demokratiya\u011fa qoltutuv komiteti\u00f1 de azas\u0131d\u0131r.<\/p>\n\n\n\n<p>Halqara forum\u011fa az\u0131rl\u0131q aqq\u0131nda ayt\u0131rken Meclisni\u00f1 ba\u015f\u0131 Mustafa Cemilev senator\u011fa cenap \u015evartsenberg ile ol\u011fan subet aqq\u0131nda ve on\u0131\u00f1 \u00f6z aqlar\u0131 \u00e7er\u00e7ivesinde yard\u0131m k\u00f6stermege az\u0131rl\u0131\u011f\u0131n\u0131 bildirgenini de aytt\u0131.<\/p>\n\n\n\n<p>Senator \u015etetina \u00c7ehiya t\u0131\u015fq\u0131 i\u015fler idaresini\u00f1 ba\u015f\u0131 &#8220;sovetler rejimi devrinde zarar k\u00f6rgen halqlarn\u0131\u00f1 tarih\u0131 ve taqdirlerini pek yah\u015f\u0131 a\u00f1la\u011fan\u0131n\u0131&#8221; qayd etti.<\/p>\n\n\n\n<p>\u00d6z taraf\u0131ndan cenap \u015etetina q\u0131r\u0131mtatarlarn\u0131\u00f1 Forum ke\u00e7ir\u00fcv te\u015febb\u00fcsine qoltutuvda i\u015ftiraki husus\u0131nda dedi ki. bu tedbir Q\u0131r\u0131mn\u0131\u00f1 tam\u0131r halq\u0131n\u0131\u00f1 meseleleri \u00e7ez\u00fcvde Ukraina \u00fck\u00fcmeti i\u00e7\u00fcn halqara signal olur. Ve \u015fun\u0131 da il\u00e2ve etti ki, &#8220;azas\u0131 old\u0131\u011f\u0131 \u00d6BSE Parlament Assambleyas\u0131na Ukrainada Q\u0131r\u0131mtatar halq\u0131n\u0131\u00f1 meseleleri boyunca Halqara forum te\u015febb\u00fcsine qoltutqan\u0131n\u0131 bildirgen qarar\u0131n\u0131 da yollaycaq.<\/p>\n\n\n\n<figure class=\"wp-block-gallery columns-3 is-cropped wp-block-gallery-1 is-layout-flex wp-block-gallery-is-layout-flex\"><ul class=\"blocks-gallery-grid\"><li class=\"blocks-gallery-item\"><figure><a href=\"http:\/\/qtmm.org\/wp-content\/uploads\/2022\/01\/4e9c47e5bfb7b.jpeg\"><img loading=\"lazy\" decoding=\"async\" width=\"640\" height=\"480\" src=\"http:\/\/qtmm.org\/wp-content\/uploads\/2022\/01\/4e9c47e5bfb7b.jpeg\" alt=\"\" data-id=\"26553\" data-full-url=\"http:\/\/qtmm.org\/wp-content\/uploads\/2022\/01\/4e9c47e5bfb7b.jpeg\" data-link=\"http:\/\/qtmm.org\/qt\/?attachment_id=26553\" class=\"wp-image-26553\" srcset=\"https:\/\/qtmm.org\/wp-content\/uploads\/2022\/01\/4e9c47e5bfb7b.jpeg 640w, https:\/\/qtmm.org\/wp-content\/uploads\/2022\/01\/4e9c47e5bfb7b-300x225.jpeg 300w\" sizes=\"auto, (max-width: 640px) 100vw, 640px\" \/><\/a><\/figure><\/li><li class=\"blocks-gallery-item\"><figure><a href=\"http:\/\/qtmm.org\/wp-content\/uploads\/2022\/01\/4e9c47e5f33e8.jpeg\"><img loading=\"lazy\" decoding=\"async\" width=\"640\" height=\"480\" src=\"http:\/\/qtmm.org\/wp-content\/uploads\/2022\/01\/4e9c47e5f33e8.jpeg\" alt=\"\" data-id=\"26557\" data-full-url=\"http:\/\/qtmm.org\/wp-content\/uploads\/2022\/01\/4e9c47e5f33e8.jpeg\" data-link=\"http:\/\/qtmm.org\/qt\/?attachment_id=26557\" class=\"wp-image-26557\" srcset=\"https:\/\/qtmm.org\/wp-content\/uploads\/2022\/01\/4e9c47e5f33e8.jpeg 640w, https:\/\/qtmm.org\/wp-content\/uploads\/2022\/01\/4e9c47e5f33e8-300x225.jpeg 300w\" sizes=\"auto, (max-width: 640px) 100vw, 640px\" \/><\/a><\/figure><\/li><li class=\"blocks-gallery-item\"><figure><a href=\"http:\/\/qtmm.org\/wp-content\/uploads\/2022\/01\/4e9c47e6a1e99.jpeg\"><img loading=\"lazy\" decoding=\"async\" width=\"640\" height=\"480\" src=\"http:\/\/qtmm.org\/wp-content\/uploads\/2022\/01\/4e9c47e6a1e99.jpeg\" alt=\"\" data-id=\"26561\" data-full-url=\"http:\/\/qtmm.org\/wp-content\/uploads\/2022\/01\/4e9c47e6a1e99.jpeg\" data-link=\"http:\/\/qtmm.org\/qt\/?attachment_id=26561\" class=\"wp-image-26561\" srcset=\"https:\/\/qtmm.org\/wp-content\/uploads\/2022\/01\/4e9c47e6a1e99.jpeg 640w, https:\/\/qtmm.org\/wp-content\/uploads\/2022\/01\/4e9c47e6a1e99-300x225.jpeg 300w\" sizes=\"auto, (max-width: 640px) 100vw, 640px\" \/><\/a><\/figure><\/li><li class=\"blocks-gallery-item\"><figure><a href=\"http:\/\/qtmm.org\/wp-content\/uploads\/2022\/01\/4e9c47e6d5e8e.jpeg\"><img loading=\"lazy\" decoding=\"async\" width=\"640\" height=\"480\" src=\"http:\/\/qtmm.org\/wp-content\/uploads\/2022\/01\/4e9c47e6d5e8e.jpeg\" alt=\"\" data-id=\"26565\" data-full-url=\"http:\/\/qtmm.org\/wp-content\/uploads\/2022\/01\/4e9c47e6d5e8e.jpeg\" data-link=\"http:\/\/qtmm.org\/qt\/?attachment_id=26565\" class=\"wp-image-26565\" srcset=\"https:\/\/qtmm.org\/wp-content\/uploads\/2022\/01\/4e9c47e6d5e8e.jpeg 640w, https:\/\/qtmm.org\/wp-content\/uploads\/2022\/01\/4e9c47e6d5e8e-300x225.jpeg 300w\" sizes=\"auto, (max-width: 640px) 100vw, 640px\" \/><\/a><\/figure><\/li><li class=\"blocks-gallery-item\"><figure><a href=\"http:\/\/qtmm.org\/wp-content\/uploads\/2022\/01\/4e9c47e54f6c3.jpeg\"><img loading=\"lazy\" decoding=\"async\" width=\"640\" height=\"480\" src=\"http:\/\/qtmm.org\/wp-content\/uploads\/2022\/01\/4e9c47e54f6c3.jpeg\" alt=\"\" data-id=\"26569\" data-full-url=\"http:\/\/qtmm.org\/wp-content\/uploads\/2022\/01\/4e9c47e54f6c3.jpeg\" data-link=\"http:\/\/qtmm.org\/qt\/?attachment_id=26569\" class=\"wp-image-26569\" srcset=\"https:\/\/qtmm.org\/wp-content\/uploads\/2022\/01\/4e9c47e54f6c3.jpeg 640w, https:\/\/qtmm.org\/wp-content\/uploads\/2022\/01\/4e9c47e54f6c3-300x225.jpeg 300w\" sizes=\"auto, (max-width: 640px) 100vw, 640px\" \/><\/a><\/figure><\/li><li class=\"blocks-gallery-item\"><figure><a href=\"http:\/\/qtmm.org\/wp-content\/uploads\/2022\/01\/4e9c47e58c343.jpeg\"><img loading=\"lazy\" decoding=\"async\" width=\"640\" height=\"480\" src=\"http:\/\/qtmm.org\/wp-content\/uploads\/2022\/01\/4e9c47e58c343.jpeg\" alt=\"\" data-id=\"26573\" data-full-url=\"http:\/\/qtmm.org\/wp-content\/uploads\/2022\/01\/4e9c47e58c343.jpeg\" data-link=\"http:\/\/qtmm.org\/qt\/?attachment_id=26573\" class=\"wp-image-26573\" srcset=\"https:\/\/qtmm.org\/wp-content\/uploads\/2022\/01\/4e9c47e58c343.jpeg 640w, https:\/\/qtmm.org\/wp-content\/uploads\/2022\/01\/4e9c47e58c343-300x225.jpeg 300w\" sizes=\"auto, (max-width: 640px) 100vw, 640px\" \/><\/a><\/figure><\/li><li class=\"blocks-gallery-item\"><figure><a href=\"http:\/\/qtmm.org\/wp-content\/uploads\/2022\/01\/4e9c47e66e6b6.jpeg\"><img loading=\"lazy\" decoding=\"async\" width=\"640\" height=\"480\" src=\"http:\/\/qtmm.org\/wp-content\/uploads\/2022\/01\/4e9c47e66e6b6.jpeg\" alt=\"\" data-id=\"26577\" data-full-url=\"http:\/\/qtmm.org\/wp-content\/uploads\/2022\/01\/4e9c47e66e6b6.jpeg\" data-link=\"http:\/\/qtmm.org\/qt\/?attachment_id=26577\" class=\"wp-image-26577\" srcset=\"https:\/\/qtmm.org\/wp-content\/uploads\/2022\/01\/4e9c47e66e6b6.jpeg 640w, https:\/\/qtmm.org\/wp-content\/uploads\/2022\/01\/4e9c47e66e6b6-300x225.jpeg 300w\" sizes=\"auto, (max-width: 640px) 100vw, 640px\" \/><\/a><\/figure><\/li><li class=\"blocks-gallery-item\"><figure><a href=\"http:\/\/qtmm.org\/wp-content\/uploads\/2022\/01\/4e9c47e743aa5.jpeg\"><img loading=\"lazy\" decoding=\"async\" width=\"640\" height=\"480\" src=\"http:\/\/qtmm.org\/wp-content\/uploads\/2022\/01\/4e9c47e743aa5.jpeg\" alt=\"\" data-id=\"26581\" data-full-url=\"http:\/\/qtmm.org\/wp-content\/uploads\/2022\/01\/4e9c47e743aa5.jpeg\" data-link=\"http:\/\/qtmm.org\/qt\/?attachment_id=26581\" class=\"wp-image-26581\" srcset=\"https:\/\/qtmm.org\/wp-content\/uploads\/2022\/01\/4e9c47e743aa5.jpeg 640w, https:\/\/qtmm.org\/wp-content\/uploads\/2022\/01\/4e9c47e743aa5-300x225.jpeg 300w\" sizes=\"auto, (max-width: 640px) 100vw, 640px\" \/><\/a><\/figure><\/li><li class=\"blocks-gallery-item\"><figure><a href=\"http:\/\/qtmm.org\/wp-content\/uploads\/2022\/01\/4e9c47e6321d5.jpeg\"><img loading=\"lazy\" decoding=\"async\" width=\"640\" height=\"480\" src=\"http:\/\/qtmm.org\/wp-content\/uploads\/2022\/01\/4e9c47e6321d5.jpeg\" alt=\"\" data-id=\"26585\" data-full-url=\"http:\/\/qtmm.org\/wp-content\/uploads\/2022\/01\/4e9c47e6321d5.jpeg\" data-link=\"http:\/\/qtmm.org\/qt\/?attachment_id=26585\" class=\"wp-image-26585\" srcset=\"https:\/\/qtmm.org\/wp-content\/uploads\/2022\/01\/4e9c47e6321d5.jpeg 640w, https:\/\/qtmm.org\/wp-content\/uploads\/2022\/01\/4e9c47e6321d5-300x225.jpeg 300w\" sizes=\"auto, (max-width: 640px) 100vw, 640px\" \/><\/a><\/figure><\/li><li class=\"blocks-gallery-item\"><figure><a href=\"http:\/\/qtmm.org\/wp-content\/uploads\/2022\/01\/4e9c47e712984.jpeg\"><img loading=\"lazy\" decoding=\"async\" width=\"640\" height=\"480\" src=\"http:\/\/qtmm.org\/wp-content\/uploads\/2022\/01\/4e9c47e712984.jpeg\" alt=\"\" data-id=\"26589\" data-full-url=\"http:\/\/qtmm.org\/wp-content\/uploads\/2022\/01\/4e9c47e712984.jpeg\" data-link=\"http:\/\/qtmm.org\/qt\/?attachment_id=26589\" class=\"wp-image-26589\" srcset=\"https:\/\/qtmm.org\/wp-content\/uploads\/2022\/01\/4e9c47e712984.jpeg 640w, https:\/\/qtmm.org\/wp-content\/uploads\/2022\/01\/4e9c47e712984-300x225.jpeg 300w\" sizes=\"auto, (max-width: 640px) 100vw, 640px\" \/><\/a><\/figure><\/li><li class=\"blocks-gallery-item\"><figure><a href=\"http:\/\/qtmm.org\/wp-content\/uploads\/2022\/01\/4e9c47e778685.jpeg\"><img loading=\"lazy\" decoding=\"async\" width=\"640\" height=\"480\" src=\"http:\/\/qtmm.org\/wp-content\/uploads\/2022\/01\/4e9c47e778685.jpeg\" alt=\"\" data-id=\"26593\" data-full-url=\"http:\/\/qtmm.org\/wp-content\/uploads\/2022\/01\/4e9c47e778685.jpeg\" data-link=\"http:\/\/qtmm.org\/qt\/?attachment_id=26593\" class=\"wp-image-26593\" srcset=\"https:\/\/qtmm.org\/wp-content\/uploads\/2022\/01\/4e9c47e778685.jpeg 640w, https:\/\/qtmm.org\/wp-content\/uploads\/2022\/01\/4e9c47e778685-300x225.jpeg 300w\" sizes=\"auto, (max-width: 640px) 100vw, 640px\" \/><\/a><\/figure><\/li><\/ul><\/figure>\n","protected":false},"excerpt":{"rendered":"<p>9 &#8211; 12 okt\u00e2br k\u00fcnleri Q\u0131r\u0131mtatar halq\u0131 Meclisini\u00f1 reisi Mustafa Cemilev Pragada bulun\u0131p, &#8220;Forum 2000&#8221; &#8220;Demokratiya ve uquq \u00fcst\u00fcnligi&#8221; mevzus\u0131nda \u00f6tkergen XV Halqara konferentsiyan\u0131\u00f1 i\u015finde i\u015ftirak etti. Konferentsiyan\u0131\u00f1 yek\u00fcnleyici k\u00fcn\u00fc Meclis reisi Mustafa Cemilev \u00c7ehiya parlamenti Yuqar\u0131 palatas\u0131n\u0131\u00f1 senator\u0131 Yaromir \u015etetina ile k\u00f6r\u00fc\u015fti. Meclis reisini\u00f1 subetde\u015fi &#8211; belli \u00e7eh jurnalisti, aktiv faaliyeti sayesinde sovetler devleti [&hellip;]<\/p>\n","protected":false},"author":1,"featured_media":26581,"comment_status":"open","ping_status":"open","sticky":false,"template":"","format":"standard","meta":{"inline_featured_image":false,"footnotes":""},"categories":[265],"tags":[],"class_list":["post-26552","post","type-post","status-publish","format-standard","has-post-thumbnail","hentry","category-haberler"],"acf":[],"yoast_head":"<!-- This site is optimized with the Yoast SEO plugin v27.4 - https:\/\/yoast.com\/product\/yoast-seo-wordpress\/ -->\n<title>Meclis reisi Mustafa Cemilev \u00c7ehiya parlamenti Yuqar\u0131 palatas\u0131n\u0131\u00f1 senator\u0131 Yaromir \u015etetina ile k\u00f6r\u00fc\u015fti - \u041c\u0435\u0434\u0436\u043b\u0456\u0441<\/title>\n<meta name=\"robots\" content=\"index, follow, max-snippet:-1, max-image-preview:large, max-video-preview:-1\" \/>\n<link rel=\"canonical\" href=\"https:\/\/qtmm.org\/qt\/meclis-reisi-mustafa-cemilev-cehiya-parlamenti-yuqari-palatasinin-senatori-yaromir-stetina-ile-korusti\/\" \/>\n<meta property=\"og:locale\" content=\"en_US\" \/>\n<meta property=\"og:type\" content=\"article\" \/>\n<meta property=\"og:title\" content=\"Meclis reisi Mustafa Cemilev \u00c7ehiya parlamenti Yuqar\u0131 palatas\u0131n\u0131\u00f1 senator\u0131 Yaromir \u015etetina ile k\u00f6r\u00fc\u015fti - \u041c\u0435\u0434\u0436\u043b\u0456\u0441\" \/>\n<meta property=\"og:description\" content=\"9 &#8211; 12 okt\u00e2br k\u00fcnleri Q\u0131r\u0131mtatar halq\u0131 Meclisini\u00f1 reisi Mustafa Cemilev Pragada bulun\u0131p, &#8220;Forum 2000&#8221; &#8220;Demokratiya ve uquq \u00fcst\u00fcnligi&#8221; mevzus\u0131nda \u00f6tkergen XV Halqara konferentsiyan\u0131\u00f1 i\u015finde i\u015ftirak etti. Konferentsiyan\u0131\u00f1 yek\u00fcnleyici k\u00fcn\u00fc Meclis reisi Mustafa Cemilev \u00c7ehiya parlamenti Yuqar\u0131 palatas\u0131n\u0131\u00f1 senator\u0131 Yaromir \u015etetina ile k\u00f6r\u00fc\u015fti. Meclis reisini\u00f1 subetde\u015fi &#8211; belli \u00e7eh jurnalisti, aktiv faaliyeti sayesinde sovetler devleti [&hellip;]\" \/>\n<meta property=\"og:url\" content=\"https:\/\/qtmm.org\/qt\/meclis-reisi-mustafa-cemilev-cehiya-parlamenti-yuqari-palatasinin-senatori-yaromir-stetina-ile-korusti\/\" \/>\n<meta property=\"og:site_name\" content=\"\u041c\u0435\u0434\u0436\u043b\u0456\u0441\" \/>\n<meta property=\"article:publisher\" content=\"https:\/\/www.facebook.com\/qtmm.info\/\" \/>\n<meta property=\"article:published_time\" content=\"2011-10-13T13:42:00+00:00\" \/>\n<meta property=\"article:modified_time\" content=\"2022-01-19T13:44:54+00:00\" \/>\n<meta property=\"og:image\" content=\"https:\/\/qtmm.org\/wp-content\/uploads\/2022\/01\/4e9c47e743aa5.jpeg\" \/>\n\t<meta property=\"og:image:width\" content=\"640\" \/>\n\t<meta property=\"og:image:height\" content=\"480\" \/>\n\t<meta property=\"og:image:type\" content=\"image\/jpeg\" \/>\n<meta name=\"author\" content=\"Developer\" \/>\n<meta name=\"twitter:card\" content=\"summary_large_image\" \/>\n<meta name=\"twitter:label1\" content=\"Written by\" \/>\n\t<meta name=\"twitter:data1\" content=\"Developer\" \/>\n\t<meta name=\"twitter:label2\" content=\"Est. reading time\" \/>\n\t<meta name=\"twitter:data2\" content=\"1 minute\" \/>\n<script type=\"application\/ld+json\" class=\"yoast-schema-graph\">{\"@context\":\"https:\\\/\\\/schema.org\",\"@graph\":[{\"@type\":\"Article\",\"@id\":\"https:\\\/\\\/qtmm.org\\\/qt\\\/meclis-reisi-mustafa-cemilev-cehiya-parlamenti-yuqari-palatasinin-senatori-yaromir-stetina-ile-korusti\\\/#article\",\"isPartOf\":{\"@id\":\"https:\\\/\\\/qtmm.org\\\/qt\\\/meclis-reisi-mustafa-cemilev-cehiya-parlamenti-yuqari-palatasinin-senatori-yaromir-stetina-ile-korusti\\\/\"},\"author\":{\"name\":\"Developer\",\"@id\":\"https:\\\/\\\/qtmm.org\\\/qt\\\/#\\\/schema\\\/person\\\/de562469f971dec226ac06e60bbf74a7\"},\"headline\":\"Meclis reisi Mustafa Cemilev \u00c7ehiya parlamenti Yuqar\u0131 palatas\u0131n\u0131\u00f1 senator\u0131 Yaromir \u015etetina ile k\u00f6r\u00fc\u015fti\",\"datePublished\":\"2011-10-13T13:42:00+00:00\",\"dateModified\":\"2022-01-19T13:44:54+00:00\",\"mainEntityOfPage\":{\"@id\":\"https:\\\/\\\/qtmm.org\\\/qt\\\/meclis-reisi-mustafa-cemilev-cehiya-parlamenti-yuqari-palatasinin-senatori-yaromir-stetina-ile-korusti\\\/\"},\"wordCount\":284,\"commentCount\":0,\"publisher\":{\"@id\":\"https:\\\/\\\/qtmm.org\\\/qt\\\/#organization\"},\"image\":{\"@id\":\"https:\\\/\\\/qtmm.org\\\/qt\\\/meclis-reisi-mustafa-cemilev-cehiya-parlamenti-yuqari-palatasinin-senatori-yaromir-stetina-ile-korusti\\\/#primaryimage\"},\"thumbnailUrl\":\"https:\\\/\\\/qtmm.org\\\/wp-content\\\/uploads\\\/2022\\\/01\\\/4e9c47e743aa5.jpeg\",\"articleSection\":[\"Haberler\"],\"inLanguage\":\"qt\",\"potentialAction\":[{\"@type\":\"CommentAction\",\"name\":\"Comment\",\"target\":[\"https:\\\/\\\/qtmm.org\\\/qt\\\/meclis-reisi-mustafa-cemilev-cehiya-parlamenti-yuqari-palatasinin-senatori-yaromir-stetina-ile-korusti\\\/#respond\"]}]},{\"@type\":\"WebPage\",\"@id\":\"https:\\\/\\\/qtmm.org\\\/qt\\\/meclis-reisi-mustafa-cemilev-cehiya-parlamenti-yuqari-palatasinin-senatori-yaromir-stetina-ile-korusti\\\/\",\"url\":\"https:\\\/\\\/qtmm.org\\\/qt\\\/meclis-reisi-mustafa-cemilev-cehiya-parlamenti-yuqari-palatasinin-senatori-yaromir-stetina-ile-korusti\\\/\",\"name\":\"Meclis reisi Mustafa Cemilev \u00c7ehiya parlamenti Yuqar\u0131 palatas\u0131n\u0131\u00f1 senator\u0131 Yaromir \u015etetina ile k\u00f6r\u00fc\u015fti - \u041c\u0435\u0434\u0436\u043b\u0456\u0441\",\"isPartOf\":{\"@id\":\"https:\\\/\\\/qtmm.org\\\/qt\\\/#website\"},\"primaryImageOfPage\":{\"@id\":\"https:\\\/\\\/qtmm.org\\\/qt\\\/meclis-reisi-mustafa-cemilev-cehiya-parlamenti-yuqari-palatasinin-senatori-yaromir-stetina-ile-korusti\\\/#primaryimage\"},\"image\":{\"@id\":\"https:\\\/\\\/qtmm.org\\\/qt\\\/meclis-reisi-mustafa-cemilev-cehiya-parlamenti-yuqari-palatasinin-senatori-yaromir-stetina-ile-korusti\\\/#primaryimage\"},\"thumbnailUrl\":\"https:\\\/\\\/qtmm.org\\\/wp-content\\\/uploads\\\/2022\\\/01\\\/4e9c47e743aa5.jpeg\",\"datePublished\":\"2011-10-13T13:42:00+00:00\",\"dateModified\":\"2022-01-19T13:44:54+00:00\",\"breadcrumb\":{\"@id\":\"https:\\\/\\\/qtmm.org\\\/qt\\\/meclis-reisi-mustafa-cemilev-cehiya-parlamenti-yuqari-palatasinin-senatori-yaromir-stetina-ile-korusti\\\/#breadcrumb\"},\"inLanguage\":\"qt\",\"potentialAction\":[{\"@type\":\"ReadAction\",\"target\":[\"https:\\\/\\\/qtmm.org\\\/qt\\\/meclis-reisi-mustafa-cemilev-cehiya-parlamenti-yuqari-palatasinin-senatori-yaromir-stetina-ile-korusti\\\/\"]}]},{\"@type\":\"ImageObject\",\"inLanguage\":\"qt\",\"@id\":\"https:\\\/\\\/qtmm.org\\\/qt\\\/meclis-reisi-mustafa-cemilev-cehiya-parlamenti-yuqari-palatasinin-senatori-yaromir-stetina-ile-korusti\\\/#primaryimage\",\"url\":\"https:\\\/\\\/qtmm.org\\\/wp-content\\\/uploads\\\/2022\\\/01\\\/4e9c47e743aa5.jpeg\",\"contentUrl\":\"https:\\\/\\\/qtmm.org\\\/wp-content\\\/uploads\\\/2022\\\/01\\\/4e9c47e743aa5.jpeg\",\"width\":640,\"height\":480},{\"@type\":\"BreadcrumbList\",\"@id\":\"https:\\\/\\\/qtmm.org\\\/qt\\\/meclis-reisi-mustafa-cemilev-cehiya-parlamenti-yuqari-palatasinin-senatori-yaromir-stetina-ile-korusti\\\/#breadcrumb\",\"itemListElement\":[{\"@type\":\"ListItem\",\"position\":1,\"name\":\"\u0413\u043e\u043b\u043e\u0432\u043d\u0430\",\"item\":\"https:\\\/\\\/qtmm.org\\\/qt\\\/\"},{\"@type\":\"ListItem\",\"position\":2,\"name\":\"Meclis reisi Mustafa Cemilev \u00c7ehiya parlamenti Yuqar\u0131 palatas\u0131n\u0131\u00f1 senator\u0131 Yaromir \u015etetina ile k\u00f6r\u00fc\u015fti\"}]},{\"@type\":\"WebSite\",\"@id\":\"https:\\\/\\\/qtmm.org\\\/qt\\\/#website\",\"url\":\"https:\\\/\\\/qtmm.org\\\/qt\\\/\",\"name\":\"\u041c\u0435\u0434\u0436\u043b\u0456\u0441\",\"description\":\"\",\"publisher\":{\"@id\":\"https:\\\/\\\/qtmm.org\\\/qt\\\/#organization\"},\"potentialAction\":[{\"@type\":\"SearchAction\",\"target\":{\"@type\":\"EntryPoint\",\"urlTemplate\":\"https:\\\/\\\/qtmm.org\\\/qt\\\/?s={search_term_string}\"},\"query-input\":{\"@type\":\"PropertyValueSpecification\",\"valueRequired\":true,\"valueName\":\"search_term_string\"}}],\"inLanguage\":\"qt\"},{\"@type\":\"Organization\",\"@id\":\"https:\\\/\\\/qtmm.org\\\/qt\\\/#organization\",\"name\":\"\u041c\u0435\u0434\u0436\u043b\u0456\u0441\",\"url\":\"https:\\\/\\\/qtmm.org\\\/qt\\\/\",\"logo\":{\"@type\":\"ImageObject\",\"inLanguage\":\"qt\",\"@id\":\"https:\\\/\\\/qtmm.org\\\/qt\\\/#\\\/schema\\\/logo\\\/image\\\/\",\"url\":\"https:\\\/\\\/qtmm.org\\\/wp-content\\\/uploads\\\/2024\\\/12\\\/ua-mejlis-logo-rgb.svg\",\"contentUrl\":\"https:\\\/\\\/qtmm.org\\\/wp-content\\\/uploads\\\/2024\\\/12\\\/ua-mejlis-logo-rgb.svg\",\"caption\":\"\u041c\u0435\u0434\u0436\u043b\u0456\u0441\"},\"image\":{\"@id\":\"https:\\\/\\\/qtmm.org\\\/qt\\\/#\\\/schema\\\/logo\\\/image\\\/\"},\"sameAs\":[\"https:\\\/\\\/www.facebook.com\\\/qtmm.info\\\/\"]},{\"@type\":\"Person\",\"@id\":\"https:\\\/\\\/qtmm.org\\\/qt\\\/#\\\/schema\\\/person\\\/de562469f971dec226ac06e60bbf74a7\",\"name\":\"Developer\",\"image\":{\"@type\":\"ImageObject\",\"inLanguage\":\"qt\",\"@id\":\"https:\\\/\\\/secure.gravatar.com\\\/avatar\\\/392b4cc8fbfeb00b39dfeeab4ee6edded39ffd48e25858637e4765810300227e?s=96&d=mm&r=g\",\"url\":\"https:\\\/\\\/secure.gravatar.com\\\/avatar\\\/392b4cc8fbfeb00b39dfeeab4ee6edded39ffd48e25858637e4765810300227e?s=96&d=mm&r=g\",\"contentUrl\":\"https:\\\/\\\/secure.gravatar.com\\\/avatar\\\/392b4cc8fbfeb00b39dfeeab4ee6edded39ffd48e25858637e4765810300227e?s=96&d=mm&r=g\",\"caption\":\"Developer\"},\"url\":\"https:\\\/\\\/qtmm.org\\\/qt\\\/author\\\/Developer\\\/\"}]}<\/script>\n<!-- \/ Yoast SEO plugin. -->","yoast_head_json":{"title":"Meclis reisi Mustafa Cemilev \u00c7ehiya parlamenti Yuqar\u0131 palatas\u0131n\u0131\u00f1 senator\u0131 Yaromir \u015etetina ile k\u00f6r\u00fc\u015fti - \u041c\u0435\u0434\u0436\u043b\u0456\u0441","robots":{"index":"index","follow":"follow","max-snippet":"max-snippet:-1","max-image-preview":"max-image-preview:large","max-video-preview":"max-video-preview:-1"},"canonical":"https:\/\/qtmm.org\/qt\/meclis-reisi-mustafa-cemilev-cehiya-parlamenti-yuqari-palatasinin-senatori-yaromir-stetina-ile-korusti\/","og_locale":"en_US","og_type":"article","og_title":"Meclis reisi Mustafa Cemilev \u00c7ehiya parlamenti Yuqar\u0131 palatas\u0131n\u0131\u00f1 senator\u0131 Yaromir \u015etetina ile k\u00f6r\u00fc\u015fti - \u041c\u0435\u0434\u0436\u043b\u0456\u0441","og_description":"9 &#8211; 12 okt\u00e2br k\u00fcnleri Q\u0131r\u0131mtatar halq\u0131 Meclisini\u00f1 reisi Mustafa Cemilev Pragada bulun\u0131p, &#8220;Forum 2000&#8221; &#8220;Demokratiya ve uquq \u00fcst\u00fcnligi&#8221; mevzus\u0131nda \u00f6tkergen XV Halqara konferentsiyan\u0131\u00f1 i\u015finde i\u015ftirak etti. Konferentsiyan\u0131\u00f1 yek\u00fcnleyici k\u00fcn\u00fc Meclis reisi Mustafa Cemilev \u00c7ehiya parlamenti Yuqar\u0131 palatas\u0131n\u0131\u00f1 senator\u0131 Yaromir \u015etetina ile k\u00f6r\u00fc\u015fti. Meclis reisini\u00f1 subetde\u015fi &#8211; belli \u00e7eh jurnalisti, aktiv faaliyeti sayesinde sovetler devleti [&hellip;]","og_url":"https:\/\/qtmm.org\/qt\/meclis-reisi-mustafa-cemilev-cehiya-parlamenti-yuqari-palatasinin-senatori-yaromir-stetina-ile-korusti\/","og_site_name":"\u041c\u0435\u0434\u0436\u043b\u0456\u0441","article_publisher":"https:\/\/www.facebook.com\/qtmm.info\/","article_published_time":"2011-10-13T13:42:00+00:00","article_modified_time":"2022-01-19T13:44:54+00:00","og_image":[{"width":640,"height":480,"url":"https:\/\/qtmm.org\/wp-content\/uploads\/2022\/01\/4e9c47e743aa5.jpeg","type":"image\/jpeg"}],"author":"Developer","twitter_card":"summary_large_image","twitter_misc":{"Written by":"Developer","Est. reading time":"1 minute"},"schema":{"@context":"https:\/\/schema.org","@graph":[{"@type":"Article","@id":"https:\/\/qtmm.org\/qt\/meclis-reisi-mustafa-cemilev-cehiya-parlamenti-yuqari-palatasinin-senatori-yaromir-stetina-ile-korusti\/#article","isPartOf":{"@id":"https:\/\/qtmm.org\/qt\/meclis-reisi-mustafa-cemilev-cehiya-parlamenti-yuqari-palatasinin-senatori-yaromir-stetina-ile-korusti\/"},"author":{"name":"Developer","@id":"https:\/\/qtmm.org\/qt\/#\/schema\/person\/de562469f971dec226ac06e60bbf74a7"},"headline":"Meclis reisi Mustafa Cemilev \u00c7ehiya parlamenti Yuqar\u0131 palatas\u0131n\u0131\u00f1 senator\u0131 Yaromir \u015etetina ile k\u00f6r\u00fc\u015fti","datePublished":"2011-10-13T13:42:00+00:00","dateModified":"2022-01-19T13:44:54+00:00","mainEntityOfPage":{"@id":"https:\/\/qtmm.org\/qt\/meclis-reisi-mustafa-cemilev-cehiya-parlamenti-yuqari-palatasinin-senatori-yaromir-stetina-ile-korusti\/"},"wordCount":284,"commentCount":0,"publisher":{"@id":"https:\/\/qtmm.org\/qt\/#organization"},"image":{"@id":"https:\/\/qtmm.org\/qt\/meclis-reisi-mustafa-cemilev-cehiya-parlamenti-yuqari-palatasinin-senatori-yaromir-stetina-ile-korusti\/#primaryimage"},"thumbnailUrl":"https:\/\/qtmm.org\/wp-content\/uploads\/2022\/01\/4e9c47e743aa5.jpeg","articleSection":["Haberler"],"inLanguage":"qt","potentialAction":[{"@type":"CommentAction","name":"Comment","target":["https:\/\/qtmm.org\/qt\/meclis-reisi-mustafa-cemilev-cehiya-parlamenti-yuqari-palatasinin-senatori-yaromir-stetina-ile-korusti\/#respond"]}]},{"@type":"WebPage","@id":"https:\/\/qtmm.org\/qt\/meclis-reisi-mustafa-cemilev-cehiya-parlamenti-yuqari-palatasinin-senatori-yaromir-stetina-ile-korusti\/","url":"https:\/\/qtmm.org\/qt\/meclis-reisi-mustafa-cemilev-cehiya-parlamenti-yuqari-palatasinin-senatori-yaromir-stetina-ile-korusti\/","name":"Meclis reisi Mustafa Cemilev \u00c7ehiya parlamenti Yuqar\u0131 palatas\u0131n\u0131\u00f1 senator\u0131 Yaromir \u015etetina ile k\u00f6r\u00fc\u015fti - \u041c\u0435\u0434\u0436\u043b\u0456\u0441","isPartOf":{"@id":"https:\/\/qtmm.org\/qt\/#website"},"primaryImageOfPage":{"@id":"https:\/\/qtmm.org\/qt\/meclis-reisi-mustafa-cemilev-cehiya-parlamenti-yuqari-palatasinin-senatori-yaromir-stetina-ile-korusti\/#primaryimage"},"image":{"@id":"https:\/\/qtmm.org\/qt\/meclis-reisi-mustafa-cemilev-cehiya-parlamenti-yuqari-palatasinin-senatori-yaromir-stetina-ile-korusti\/#primaryimage"},"thumbnailUrl":"https:\/\/qtmm.org\/wp-content\/uploads\/2022\/01\/4e9c47e743aa5.jpeg","datePublished":"2011-10-13T13:42:00+00:00","dateModified":"2022-01-19T13:44:54+00:00","breadcrumb":{"@id":"https:\/\/qtmm.org\/qt\/meclis-reisi-mustafa-cemilev-cehiya-parlamenti-yuqari-palatasinin-senatori-yaromir-stetina-ile-korusti\/#breadcrumb"},"inLanguage":"qt","potentialAction":[{"@type":"ReadAction","target":["https:\/\/qtmm.org\/qt\/meclis-reisi-mustafa-cemilev-cehiya-parlamenti-yuqari-palatasinin-senatori-yaromir-stetina-ile-korusti\/"]}]},{"@type":"ImageObject","inLanguage":"qt","@id":"https:\/\/qtmm.org\/qt\/meclis-reisi-mustafa-cemilev-cehiya-parlamenti-yuqari-palatasinin-senatori-yaromir-stetina-ile-korusti\/#primaryimage","url":"https:\/\/qtmm.org\/wp-content\/uploads\/2022\/01\/4e9c47e743aa5.jpeg","contentUrl":"https:\/\/qtmm.org\/wp-content\/uploads\/2022\/01\/4e9c47e743aa5.jpeg","width":640,"height":480},{"@type":"BreadcrumbList","@id":"https:\/\/qtmm.org\/qt\/meclis-reisi-mustafa-cemilev-cehiya-parlamenti-yuqari-palatasinin-senatori-yaromir-stetina-ile-korusti\/#breadcrumb","itemListElement":[{"@type":"ListItem","position":1,"name":"\u0413\u043e\u043b\u043e\u0432\u043d\u0430","item":"https:\/\/qtmm.org\/qt\/"},{"@type":"ListItem","position":2,"name":"Meclis reisi Mustafa Cemilev \u00c7ehiya parlamenti Yuqar\u0131 palatas\u0131n\u0131\u00f1 senator\u0131 Yaromir \u015etetina ile k\u00f6r\u00fc\u015fti"}]},{"@type":"WebSite","@id":"https:\/\/qtmm.org\/qt\/#website","url":"https:\/\/qtmm.org\/qt\/","name":"\u041c\u0435\u0434\u0436\u043b\u0456\u0441","description":"","publisher":{"@id":"https:\/\/qtmm.org\/qt\/#organization"},"potentialAction":[{"@type":"SearchAction","target":{"@type":"EntryPoint","urlTemplate":"https:\/\/qtmm.org\/qt\/?s={search_term_string}"},"query-input":{"@type":"PropertyValueSpecification","valueRequired":true,"valueName":"search_term_string"}}],"inLanguage":"qt"},{"@type":"Organization","@id":"https:\/\/qtmm.org\/qt\/#organization","name":"\u041c\u0435\u0434\u0436\u043b\u0456\u0441","url":"https:\/\/qtmm.org\/qt\/","logo":{"@type":"ImageObject","inLanguage":"qt","@id":"https:\/\/qtmm.org\/qt\/#\/schema\/logo\/image\/","url":"https:\/\/qtmm.org\/wp-content\/uploads\/2024\/12\/ua-mejlis-logo-rgb.svg","contentUrl":"https:\/\/qtmm.org\/wp-content\/uploads\/2024\/12\/ua-mejlis-logo-rgb.svg","caption":"\u041c\u0435\u0434\u0436\u043b\u0456\u0441"},"image":{"@id":"https:\/\/qtmm.org\/qt\/#\/schema\/logo\/image\/"},"sameAs":["https:\/\/www.facebook.com\/qtmm.info\/"]},{"@type":"Person","@id":"https:\/\/qtmm.org\/qt\/#\/schema\/person\/de562469f971dec226ac06e60bbf74a7","name":"Developer","image":{"@type":"ImageObject","inLanguage":"qt","@id":"https:\/\/secure.gravatar.com\/avatar\/392b4cc8fbfeb00b39dfeeab4ee6edded39ffd48e25858637e4765810300227e?s=96&d=mm&r=g","url":"https:\/\/secure.gravatar.com\/avatar\/392b4cc8fbfeb00b39dfeeab4ee6edded39ffd48e25858637e4765810300227e?s=96&d=mm&r=g","contentUrl":"https:\/\/secure.gravatar.com\/avatar\/392b4cc8fbfeb00b39dfeeab4ee6edded39ffd48e25858637e4765810300227e?s=96&d=mm&r=g","caption":"Developer"},"url":"https:\/\/qtmm.org\/qt\/author\/Developer\/"}]}},"_links":{"self":[{"href":"https:\/\/qtmm.org\/qt\/wp-json\/wp\/v2\/posts\/26552","targetHints":{"allow":["GET"]}}],"collection":[{"href":"https:\/\/qtmm.org\/qt\/wp-json\/wp\/v2\/posts"}],"about":[{"href":"https:\/\/qtmm.org\/qt\/wp-json\/wp\/v2\/types\/post"}],"author":[{"embeddable":true,"href":"https:\/\/qtmm.org\/qt\/wp-json\/wp\/v2\/users\/1"}],"replies":[{"embeddable":true,"href":"https:\/\/qtmm.org\/qt\/wp-json\/wp\/v2\/comments?post=26552"}],"version-history":[{"count":1,"href":"https:\/\/qtmm.org\/qt\/wp-json\/wp\/v2\/posts\/26552\/revisions"}],"predecessor-version":[{"id":26597,"href":"https:\/\/qtmm.org\/qt\/wp-json\/wp\/v2\/posts\/26552\/revisions\/26597"}],"wp:featuredmedia":[{"embeddable":true,"href":"https:\/\/qtmm.org\/qt\/wp-json\/wp\/v2\/media\/26581"}],"wp:attachment":[{"href":"https:\/\/qtmm.org\/qt\/wp-json\/wp\/v2\/media?parent=26552"}],"wp:term":[{"taxonomy":"category","embeddable":true,"href":"https:\/\/qtmm.org\/qt\/wp-json\/wp\/v2\/categories?post=26552"},{"taxonomy":"post_tag","embeddable":true,"href":"https:\/\/qtmm.org\/qt\/wp-json\/wp\/v2\/tags?post=26552"}],"curies":[{"name":"wp","href":"https:\/\/api.w.org\/{rel}","templated":true}]}}