




{"id":26514,"date":"2011-10-13T16:40:00","date_gmt":"2011-10-13T13:40:00","guid":{"rendered":"http:\/\/qtmm.org\/?p=26514"},"modified":"2022-01-19T16:42:26","modified_gmt":"2022-01-19T13:42:26","slug":"pragada-mustafa-cemilevnin-istirakinde-qirimnin-kelecegi-mevzusinda-munaqasa-oldi","status":"publish","type":"post","link":"https:\/\/qtmm.org\/qt\/pragada-mustafa-cemilevnin-istirakinde-qirimnin-kelecegi-mevzusinda-munaqasa-oldi\/","title":{"rendered":"Pragada Mustafa Cemilevni\u00f1 i\u015ftirakinde \u00abQ\u0131r\u0131mn\u0131\u00f1 kelecegi\u00bb mevzus\u0131nda munaqa\u015fa old\u0131"},"content":{"rendered":"\n<p>Okt\u00e2br 12 k\u00fcn\u00fc&nbsp; &#8220;Forum 2000&#8221;&nbsp; XV Halqara konferentsiyan\u0131\u00f1 so\u00f1ki k\u00fcn\u00fc G\u00f6te ad\u0131na institutta&nbsp; Q\u0131r\u0131mtatar halq\u0131 Meclisini\u00f1 reisi, Ukraina halq deputat\u0131 Mustafa Cemilevni\u00f1 i\u015ftirakinde&nbsp; &#8220;Q\u0131r\u0131mn\u0131\u00f1 kelecegi&#8221; mevzus\u0131nda munaqa\u015fa old\u0131. Tedbirni&nbsp; \u00c7ehiyan\u0131\u00f1 devletten t\u0131\u015f b\u00fcy\u00fck te\u015fkil\u00e2tlar\u0131ndan biri ol\u011fan Halqara al\u00e2qalar boyunca birle\u015fme te\u015fkil\u00e2tland\u0131rd\u0131.<\/p>\n\n\n\n<p>Q\u0131r\u0131mn\u0131\u00f1 istiqballeri husus\u0131nda, tarih, iqtisadiyat, din ve tabiiy ki siyasetke dair&nbsp; fikir payla\u015f\u0131l\u011fan&nbsp; t\u00f6gerek masa&nbsp; subetini&nbsp; belli siyaset, cemaat erbab\u0131, jurnalist ve dissident Petru\u015fka \u015eustrova al\u0131p bard\u0131.<\/p>\n\n\n\n<p>Mustafa Cemilev ve Petru\u015fka \u015eustrova munaqa\u015fa ald\u0131ndan&nbsp; Q\u0131r\u0131mdaki bug\u00fcnki vaziyet aqq\u0131nda subetle\u015fip, dissidentlik areketi boyunca umumiy tan\u0131\u015flar\u0131n\u0131 hat\u0131rlad\u0131lar.&nbsp; \u015eustrova han\u0131m Mustafa Cemilevge q\u0131r\u0131mtatar halq\u0131n\u0131\u00f1 facial\u0131 tarih\u0131 aqq\u0131nda \u00e7\u0131qar\u011fan filmini\u00f1 kopiyas\u0131n\u0131 taqdim etti.<\/p>\n\n\n\n<p>T\u00f6gerek massa subeti devam\u0131nda Meclis reisi Mustafa Cemilev Ukraina ve Q\u0131r\u0131mdaki vaziyetke dair ve bilhassa on\u0131\u00f1, Vatan\u011fa qaytayatqan tam\u0131r halq\u0131n\u0131\u00f1 meselesini tafsil\u00e2tl\u0131 talil etti.&nbsp; &#8220;Ukrainada tam\u0131rlar\u0131 ta sovet devirlerinden qal\u011fan bir \u00e7oq \u00e7ezilmegen meseleler mevcutt\u0131r&#8221;, dep qayd etti Mustafa Cemilev. On\u0131\u00f1 fikrince&nbsp; bu meselelerni k\u00f6rmemezlik Ukraninan\u0131\u00f1 demokratik inki\u015faf\u0131na mania ola, cemiyette bar\u0131\u015f\u0131ql\u0131q ve a\u00f1lam\u011fa tel\u00fcke do\u011fura. Meclisni\u00f1 reisi auditoriyan\u0131\u00f1 diqqat\u0131n\u0131 \u015fu\u00f1a celp etti ki, q\u0131r\u0131mtatarlar Ukraina mustaqilligini\u00f1 ilki k\u00fcn\u00fcnden ba\u015flap \u00f6z aq-uquqlar\u0131n\u0131\u00f1 \u011fayr\u0131dan tiklenilmesi aqq\u0131nda qanunn\u0131\u00f1 qabul etilmesini talap etmekteler. Em faqat kendilerini\u00f1 uquqlar\u0131n\u0131 degil de, s\u00fcrg\u00fcnlikke o\u011frat\u0131l\u011fan bir s\u0131ra milliy azl\u0131qlarn\u0131 da qay\u011f\u0131rmaqtalar. &#8220;Teess\u00fcf ki, ukrain siyaset\u00e7ileri q\u0131r\u0131mtatar meselesini al etecek uquqiy bazan\u0131\u00f1 meydan\u011fa ketirilmesinden qa\u00e7a&#8221;, &#8211; dep yek\u00fcn \u00e7ekti&nbsp; Cemilev.<\/p>\n\n\n\n<p>Meclis reisi&nbsp; bun\u0131\u00f1 kibi de, q\u0131r\u0131mtatarlarn\u0131\u00f1 topraqqa aqlar\u0131 bozul\u011fan\u0131, i\u015fke yerle\u015fmelerini\u00f1 zorlu\u011f\u0131n\u0131 da aytt\u0131. Ukrainada areket etken saylav sistemas\u0131 bir s\u0131ra Avropa memleketlerindekisi kibi&nbsp; milliy azl\u0131qlarn\u0131\u00f1 akimiyet icra organlar\u0131nda vek\u00e2letligini teminlemey. \u00c7\u0131q\u0131\u015f\u0131n\u0131\u00f1 devam\u0131nda&nbsp; Mustafa Cemilev qayd etti ki, b\u00f6yle aqs\u0131mlavn\u0131\u00f1 sebebi sadece saylav sistemas\u0131n\u0131\u00f1 zay\u0131fl\u0131\u011f\u0131nda degil de, yar\u0131madada at oynatqan \u015fovinizmni\u00f1 y\u00fcksek derecesindedir.. &#8220;Yani a\u00e7\u0131q-ayd\u0131n k\u00f6r\u00fcne ki, bir s\u0131ra vazifedar insanlar q\u0131r\u0131mtatarlar\u0131na nisbeten al\u00e2 daa sovetler devrindekisi kibi davranalar, &#8211; dedi Mustafa Cemilev. Bir s\u0131ra problemlerni \u00e7ezmek maqsad\u0131nda Ukraina \u00fck\u00fcmetinen ba\u011f tutma\u011fa imk\u00e2n qalmay, dep qo\u015ft\u0131 Meclis reisi.<\/p>\n\n\n\n<p>Q\u0131r\u0131mtatar halq\u0131 qurultay\u0131n\u0131\u00f1 Halqara forum ke\u00e7ir\u00fcv boyunca qarar\u0131 aqq\u0131nda ayt\u0131r eken, Meclis reisi&nbsp;&nbsp; \u015fun\u0131 da memn\u00fcniyetlikle qayd etti ki, mezk\u00fcr te\u015febb\u00fcske \u00e7oqtan-\u00e7oq \u00e7etelli arqada\u015flar b\u00fcy\u00fck isteknen qoltutt\u0131lar.&nbsp; &#8220;L\u00e2kin&nbsp; Ukraina \u00fck\u00fcmetinden te\u015febb\u00fcsimizge dair i\u00e7 bir t\u00fcrl\u00fc cevap alamad\u0131q, albu ki Ukrainan\u0131\u00f1 bu forumda i\u015ftiraki \u011fayet m\u00fcim ve zarurd\u0131r&#8221;, &#8211; dep yek\u00fcn \u00e7ekti Mustafa Cemilev.<\/p>\n\n\n\n<p>So\u00f1ra subet &#8220;sual-cevap&#8221; \u015fekilinde devam etti.&nbsp; Munaqa\u015fa i\u015ftirak\u00e7ilerini\u00f1 \u00e7oqus\u0131 \u015f\u00f6yle fikir bildirdi ki, q\u0131r\u0131mtatar halq\u0131n\u0131\u00f1 Vata\u00f1a avdeti sovetler alan\u0131nda totalitar rejimni\u00f1 aqibetlerini yoq et\u00fcvni\u00f1 bir misalidir. Ayn\u0131 zamanda munaqa\u015fa i\u015ftirak\u00e7ileri \u015fun\u0131 da qayd ettiler ki, &#8220;q\u0131r\u0131mtatarlar vatan\u0131na qaytqanlar\u0131 ve \u00f6z uquqlar\u0131n\u0131\u00f1 \u011fayr\u0131dan tiklenmesi i\u00e7\u00fcn k\u00fcre\u015fkenleri ve halq k\u00fcre\u015fni\u00f1 demokratik, zorbal\u0131qs\u0131z usullar\u0131n\u0131 qullan\u011fan&nbsp; milliy areketi sayesindedir.<\/p>\n\n\n\n<p>Ayn\u0131 \u015fu k\u00fcn\u00fc Pragada Mustafa Cemilev\u00a0 Ukrainan\u0131\u00f1 \u00c7ehiyada Vefqulade ve Tolu Vek\u00e2letli el\u00e7isi \u0130van Gritsak ile yemekte bulun\u0131p,\u00a0 &#8220;Forum 2000&#8221; Halqara konferentsiyan\u0131\u00f1 k\u00fcn tertibine qoyul\u011fan meseleler ve Q\u0131r\u0131mtatar halq\u0131n\u0131\u00f1 \u00f6z Vatan\u0131nda aq-uquqlar\u0131n\u0131 \u011fayr\u0131dan tiklev, on\u0131\u00f1 Ukrainada tel\u00fckesizligi ve\u00a0 inki\u015faf\u0131n\u0131 teminlegen halqara forum\u011fa dair problemlerni de muzakere ettiler.\u00a0 Zaten, Mustafa Cemilev Pragada ke\u00e7irdigi bir \u00e7oq k\u00f6r\u00fc\u015f\u00fcvleri\u00a0 \u015fu mevzu\u011fa ba\u011f\u0131\u015fland\u0131.\u00a0<\/p>\n\n\n\n<figure class=\"wp-block-gallery columns-3 is-cropped wp-block-gallery-1 is-layout-flex wp-block-gallery-is-layout-flex\"><ul class=\"blocks-gallery-grid\"><li class=\"blocks-gallery-item\"><figure><a href=\"http:\/\/qtmm.org\/wp-content\/uploads\/2022\/01\/4ea2a0eb2ed50.jpeg\"><img loading=\"lazy\" decoding=\"async\" width=\"640\" height=\"480\" src=\"http:\/\/qtmm.org\/wp-content\/uploads\/2022\/01\/4ea2a0eb2ed50.jpeg\" alt=\"\" data-id=\"26515\" data-full-url=\"http:\/\/qtmm.org\/wp-content\/uploads\/2022\/01\/4ea2a0eb2ed50.jpeg\" data-link=\"http:\/\/qtmm.org\/qt\/?attachment_id=26515\" class=\"wp-image-26515\" srcset=\"https:\/\/qtmm.org\/wp-content\/uploads\/2022\/01\/4ea2a0eb2ed50.jpeg 640w, https:\/\/qtmm.org\/wp-content\/uploads\/2022\/01\/4ea2a0eb2ed50-300x225.jpeg 300w\" sizes=\"auto, (max-width: 640px) 100vw, 640px\" \/><\/a><\/figure><\/li><li class=\"blocks-gallery-item\"><figure><a href=\"http:\/\/qtmm.org\/wp-content\/uploads\/2022\/01\/4ea2a0eb5ac17.jpeg\"><img loading=\"lazy\" decoding=\"async\" width=\"640\" height=\"480\" src=\"http:\/\/qtmm.org\/wp-content\/uploads\/2022\/01\/4ea2a0eb5ac17.jpeg\" alt=\"\" data-id=\"26519\" data-full-url=\"http:\/\/qtmm.org\/wp-content\/uploads\/2022\/01\/4ea2a0eb5ac17.jpeg\" data-link=\"http:\/\/qtmm.org\/qt\/?attachment_id=26519\" class=\"wp-image-26519\" srcset=\"https:\/\/qtmm.org\/wp-content\/uploads\/2022\/01\/4ea2a0eb5ac17.jpeg 640w, https:\/\/qtmm.org\/wp-content\/uploads\/2022\/01\/4ea2a0eb5ac17-300x225.jpeg 300w\" sizes=\"auto, (max-width: 640px) 100vw, 640px\" \/><\/a><\/figure><\/li><li class=\"blocks-gallery-item\"><figure><a href=\"http:\/\/qtmm.org\/wp-content\/uploads\/2022\/01\/4ea2a0eb84816.jpeg\"><img loading=\"lazy\" decoding=\"async\" width=\"640\" height=\"480\" src=\"http:\/\/qtmm.org\/wp-content\/uploads\/2022\/01\/4ea2a0eb84816.jpeg\" alt=\"\" data-id=\"26523\" data-full-url=\"http:\/\/qtmm.org\/wp-content\/uploads\/2022\/01\/4ea2a0eb84816.jpeg\" data-link=\"http:\/\/qtmm.org\/qt\/?attachment_id=26523\" class=\"wp-image-26523\" srcset=\"https:\/\/qtmm.org\/wp-content\/uploads\/2022\/01\/4ea2a0eb84816.jpeg 640w, https:\/\/qtmm.org\/wp-content\/uploads\/2022\/01\/4ea2a0eb84816-300x225.jpeg 300w\" sizes=\"auto, (max-width: 640px) 100vw, 640px\" \/><\/a><\/figure><\/li><li class=\"blocks-gallery-item\"><figure><a href=\"http:\/\/qtmm.org\/wp-content\/uploads\/2022\/01\/4ea2a0ebb267a.jpeg\"><img loading=\"lazy\" decoding=\"async\" width=\"640\" height=\"480\" src=\"http:\/\/qtmm.org\/wp-content\/uploads\/2022\/01\/4ea2a0ebb267a.jpeg\" alt=\"\" data-id=\"26527\" data-full-url=\"http:\/\/qtmm.org\/wp-content\/uploads\/2022\/01\/4ea2a0ebb267a.jpeg\" data-link=\"http:\/\/qtmm.org\/qt\/?attachment_id=26527\" class=\"wp-image-26527\" srcset=\"https:\/\/qtmm.org\/wp-content\/uploads\/2022\/01\/4ea2a0ebb267a.jpeg 640w, https:\/\/qtmm.org\/wp-content\/uploads\/2022\/01\/4ea2a0ebb267a-300x225.jpeg 300w\" sizes=\"auto, (max-width: 640px) 100vw, 640px\" \/><\/a><\/figure><\/li><li class=\"blocks-gallery-item\"><figure><a href=\"http:\/\/qtmm.org\/wp-content\/uploads\/2022\/01\/4ea2a0ebded4b.jpeg\"><img loading=\"lazy\" decoding=\"async\" width=\"640\" height=\"480\" src=\"http:\/\/qtmm.org\/wp-content\/uploads\/2022\/01\/4ea2a0ebded4b.jpeg\" alt=\"\" data-id=\"26531\" data-full-url=\"http:\/\/qtmm.org\/wp-content\/uploads\/2022\/01\/4ea2a0ebded4b.jpeg\" data-link=\"http:\/\/qtmm.org\/qt\/?attachment_id=26531\" class=\"wp-image-26531\" srcset=\"https:\/\/qtmm.org\/wp-content\/uploads\/2022\/01\/4ea2a0ebded4b.jpeg 640w, https:\/\/qtmm.org\/wp-content\/uploads\/2022\/01\/4ea2a0ebded4b-300x225.jpeg 300w\" sizes=\"auto, (max-width: 640px) 100vw, 640px\" \/><\/a><\/figure><\/li><li class=\"blocks-gallery-item\"><figure><a href=\"http:\/\/qtmm.org\/wp-content\/uploads\/2022\/01\/4ea2a0ec181cc.jpeg\"><img loading=\"lazy\" decoding=\"async\" width=\"640\" height=\"480\" src=\"http:\/\/qtmm.org\/wp-content\/uploads\/2022\/01\/4ea2a0ec181cc.jpeg\" alt=\"\" data-id=\"26535\" data-full-url=\"http:\/\/qtmm.org\/wp-content\/uploads\/2022\/01\/4ea2a0ec181cc.jpeg\" data-link=\"http:\/\/qtmm.org\/qt\/?attachment_id=26535\" class=\"wp-image-26535\" srcset=\"https:\/\/qtmm.org\/wp-content\/uploads\/2022\/01\/4ea2a0ec181cc.jpeg 640w, https:\/\/qtmm.org\/wp-content\/uploads\/2022\/01\/4ea2a0ec181cc-300x225.jpeg 300w\" sizes=\"auto, (max-width: 640px) 100vw, 640px\" \/><\/a><\/figure><\/li><li class=\"blocks-gallery-item\"><figure><a href=\"http:\/\/qtmm.org\/wp-content\/uploads\/2022\/01\/4ea2a0ec7270e.jpeg\"><img loading=\"lazy\" decoding=\"async\" width=\"640\" height=\"480\" src=\"http:\/\/qtmm.org\/wp-content\/uploads\/2022\/01\/4ea2a0ec7270e.jpeg\" alt=\"\" data-id=\"26539\" data-full-url=\"http:\/\/qtmm.org\/wp-content\/uploads\/2022\/01\/4ea2a0ec7270e.jpeg\" data-link=\"http:\/\/qtmm.org\/qt\/?attachment_id=26539\" class=\"wp-image-26539\" srcset=\"https:\/\/qtmm.org\/wp-content\/uploads\/2022\/01\/4ea2a0ec7270e.jpeg 640w, https:\/\/qtmm.org\/wp-content\/uploads\/2022\/01\/4ea2a0ec7270e-300x225.jpeg 300w\" sizes=\"auto, (max-width: 640px) 100vw, 640px\" \/><\/a><\/figure><\/li><li class=\"blocks-gallery-item\"><figure><a href=\"http:\/\/qtmm.org\/wp-content\/uploads\/2022\/01\/4ea2a0ec44869.jpeg\"><img loading=\"lazy\" decoding=\"async\" width=\"640\" height=\"480\" src=\"http:\/\/qtmm.org\/wp-content\/uploads\/2022\/01\/4ea2a0ec44869.jpeg\" alt=\"\" data-id=\"26543\" data-full-url=\"http:\/\/qtmm.org\/wp-content\/uploads\/2022\/01\/4ea2a0ec44869.jpeg\" data-link=\"http:\/\/qtmm.org\/qt\/?attachment_id=26543\" class=\"wp-image-26543\" srcset=\"https:\/\/qtmm.org\/wp-content\/uploads\/2022\/01\/4ea2a0ec44869.jpeg 640w, https:\/\/qtmm.org\/wp-content\/uploads\/2022\/01\/4ea2a0ec44869-300x225.jpeg 300w\" sizes=\"auto, (max-width: 640px) 100vw, 640px\" \/><\/a><\/figure><\/li><li class=\"blocks-gallery-item\"><figure><a href=\"http:\/\/qtmm.org\/wp-content\/uploads\/2022\/01\/4ea2a0eca5709.jpeg\"><img loading=\"lazy\" decoding=\"async\" width=\"640\" height=\"480\" src=\"http:\/\/qtmm.org\/wp-content\/uploads\/2022\/01\/4ea2a0eca5709.jpeg\" alt=\"\" data-id=\"26547\" data-full-url=\"http:\/\/qtmm.org\/wp-content\/uploads\/2022\/01\/4ea2a0eca5709.jpeg\" data-link=\"http:\/\/qtmm.org\/qt\/?attachment_id=26547\" class=\"wp-image-26547\" srcset=\"https:\/\/qtmm.org\/wp-content\/uploads\/2022\/01\/4ea2a0eca5709.jpeg 640w, https:\/\/qtmm.org\/wp-content\/uploads\/2022\/01\/4ea2a0eca5709-300x225.jpeg 300w\" sizes=\"auto, (max-width: 640px) 100vw, 640px\" \/><\/a><\/figure><\/li><\/ul><\/figure>\n","protected":false},"excerpt":{"rendered":"<p>Okt\u00e2br 12 k\u00fcn\u00fc&nbsp; &#8220;Forum 2000&#8221;&nbsp; XV Halqara konferentsiyan\u0131\u00f1 so\u00f1ki k\u00fcn\u00fc G\u00f6te ad\u0131na institutta&nbsp; Q\u0131r\u0131mtatar halq\u0131 Meclisini\u00f1 reisi, Ukraina halq deputat\u0131 Mustafa Cemilevni\u00f1 i\u015ftirakinde&nbsp; &#8220;Q\u0131r\u0131mn\u0131\u00f1 kelecegi&#8221; mevzus\u0131nda munaqa\u015fa old\u0131. Tedbirni&nbsp; \u00c7ehiyan\u0131\u00f1 devletten t\u0131\u015f b\u00fcy\u00fck te\u015fkil\u00e2tlar\u0131ndan biri ol\u011fan Halqara al\u00e2qalar boyunca birle\u015fme te\u015fkil\u00e2tland\u0131rd\u0131. Q\u0131r\u0131mn\u0131\u00f1 istiqballeri husus\u0131nda, tarih, iqtisadiyat, din ve tabiiy ki siyasetke dair&nbsp; fikir payla\u015f\u0131l\u011fan&nbsp; t\u00f6gerek [&hellip;]<\/p>\n","protected":false},"author":1,"featured_media":26531,"comment_status":"open","ping_status":"open","sticky":false,"template":"","format":"standard","meta":{"inline_featured_image":false,"footnotes":""},"categories":[265],"tags":[],"class_list":["post-26514","post","type-post","status-publish","format-standard","has-post-thumbnail","hentry","category-haberler"],"acf":[],"yoast_head":"<!-- This site is optimized with the Yoast SEO plugin v27.4 - https:\/\/yoast.com\/product\/yoast-seo-wordpress\/ -->\n<title>Pragada Mustafa Cemilevni\u00f1 i\u015ftirakinde \u00abQ\u0131r\u0131mn\u0131\u00f1 kelecegi\u00bb mevzus\u0131nda munaqa\u015fa old\u0131 - \u041c\u0435\u0434\u0436\u043b\u0456\u0441<\/title>\n<meta name=\"robots\" content=\"index, follow, max-snippet:-1, max-image-preview:large, max-video-preview:-1\" \/>\n<link rel=\"canonical\" href=\"https:\/\/qtmm.org\/qt\/pragada-mustafa-cemilevnin-istirakinde-qirimnin-kelecegi-mevzusinda-munaqasa-oldi\/\" \/>\n<meta property=\"og:locale\" content=\"en_US\" \/>\n<meta property=\"og:type\" content=\"article\" \/>\n<meta property=\"og:title\" content=\"Pragada Mustafa Cemilevni\u00f1 i\u015ftirakinde \u00abQ\u0131r\u0131mn\u0131\u00f1 kelecegi\u00bb mevzus\u0131nda munaqa\u015fa old\u0131 - \u041c\u0435\u0434\u0436\u043b\u0456\u0441\" \/>\n<meta property=\"og:description\" content=\"Okt\u00e2br 12 k\u00fcn\u00fc&nbsp; &#8220;Forum 2000&#8221;&nbsp; XV Halqara konferentsiyan\u0131\u00f1 so\u00f1ki k\u00fcn\u00fc G\u00f6te ad\u0131na institutta&nbsp; Q\u0131r\u0131mtatar halq\u0131 Meclisini\u00f1 reisi, Ukraina halq deputat\u0131 Mustafa Cemilevni\u00f1 i\u015ftirakinde&nbsp; &#8220;Q\u0131r\u0131mn\u0131\u00f1 kelecegi&#8221; mevzus\u0131nda munaqa\u015fa old\u0131. Tedbirni&nbsp; \u00c7ehiyan\u0131\u00f1 devletten t\u0131\u015f b\u00fcy\u00fck te\u015fkil\u00e2tlar\u0131ndan biri ol\u011fan Halqara al\u00e2qalar boyunca birle\u015fme te\u015fkil\u00e2tland\u0131rd\u0131. Q\u0131r\u0131mn\u0131\u00f1 istiqballeri husus\u0131nda, tarih, iqtisadiyat, din ve tabiiy ki siyasetke dair&nbsp; fikir payla\u015f\u0131l\u011fan&nbsp; t\u00f6gerek [&hellip;]\" \/>\n<meta property=\"og:url\" content=\"https:\/\/qtmm.org\/qt\/pragada-mustafa-cemilevnin-istirakinde-qirimnin-kelecegi-mevzusinda-munaqasa-oldi\/\" \/>\n<meta property=\"og:site_name\" content=\"\u041c\u0435\u0434\u0436\u043b\u0456\u0441\" \/>\n<meta property=\"article:publisher\" content=\"https:\/\/www.facebook.com\/qtmm.info\/\" \/>\n<meta property=\"article:published_time\" content=\"2011-10-13T13:40:00+00:00\" \/>\n<meta property=\"article:modified_time\" content=\"2022-01-19T13:42:26+00:00\" \/>\n<meta property=\"og:image\" content=\"https:\/\/qtmm.org\/wp-content\/uploads\/2022\/01\/4ea2a0ebded4b.jpeg\" \/>\n\t<meta property=\"og:image:width\" content=\"640\" \/>\n\t<meta property=\"og:image:height\" content=\"480\" \/>\n\t<meta property=\"og:image:type\" content=\"image\/jpeg\" \/>\n<meta name=\"author\" content=\"Developer\" \/>\n<meta name=\"twitter:card\" content=\"summary_large_image\" \/>\n<meta name=\"twitter:label1\" content=\"Written by\" \/>\n\t<meta name=\"twitter:data1\" content=\"Developer\" \/>\n\t<meta name=\"twitter:label2\" content=\"Est. reading time\" \/>\n\t<meta name=\"twitter:data2\" content=\"3 minutes\" \/>\n<script type=\"application\/ld+json\" class=\"yoast-schema-graph\">{\"@context\":\"https:\\\/\\\/schema.org\",\"@graph\":[{\"@type\":\"Article\",\"@id\":\"https:\\\/\\\/qtmm.org\\\/qt\\\/pragada-mustafa-cemilevnin-istirakinde-qirimnin-kelecegi-mevzusinda-munaqasa-oldi\\\/#article\",\"isPartOf\":{\"@id\":\"https:\\\/\\\/qtmm.org\\\/qt\\\/pragada-mustafa-cemilevnin-istirakinde-qirimnin-kelecegi-mevzusinda-munaqasa-oldi\\\/\"},\"author\":{\"name\":\"Developer\",\"@id\":\"https:\\\/\\\/qtmm.org\\\/qt\\\/#\\\/schema\\\/person\\\/de562469f971dec226ac06e60bbf74a7\"},\"headline\":\"Pragada Mustafa Cemilevni\u00f1 i\u015ftirakinde \u00abQ\u0131r\u0131mn\u0131\u00f1 kelecegi\u00bb mevzus\u0131nda munaqa\u015fa old\u0131\",\"datePublished\":\"2011-10-13T13:40:00+00:00\",\"dateModified\":\"2022-01-19T13:42:26+00:00\",\"mainEntityOfPage\":{\"@id\":\"https:\\\/\\\/qtmm.org\\\/qt\\\/pragada-mustafa-cemilevnin-istirakinde-qirimnin-kelecegi-mevzusinda-munaqasa-oldi\\\/\"},\"wordCount\":704,\"commentCount\":0,\"publisher\":{\"@id\":\"https:\\\/\\\/qtmm.org\\\/qt\\\/#organization\"},\"image\":{\"@id\":\"https:\\\/\\\/qtmm.org\\\/qt\\\/pragada-mustafa-cemilevnin-istirakinde-qirimnin-kelecegi-mevzusinda-munaqasa-oldi\\\/#primaryimage\"},\"thumbnailUrl\":\"https:\\\/\\\/qtmm.org\\\/wp-content\\\/uploads\\\/2022\\\/01\\\/4ea2a0ebded4b.jpeg\",\"articleSection\":[\"Haberler\"],\"inLanguage\":\"qt\",\"potentialAction\":[{\"@type\":\"CommentAction\",\"name\":\"Comment\",\"target\":[\"https:\\\/\\\/qtmm.org\\\/qt\\\/pragada-mustafa-cemilevnin-istirakinde-qirimnin-kelecegi-mevzusinda-munaqasa-oldi\\\/#respond\"]}]},{\"@type\":\"WebPage\",\"@id\":\"https:\\\/\\\/qtmm.org\\\/qt\\\/pragada-mustafa-cemilevnin-istirakinde-qirimnin-kelecegi-mevzusinda-munaqasa-oldi\\\/\",\"url\":\"https:\\\/\\\/qtmm.org\\\/qt\\\/pragada-mustafa-cemilevnin-istirakinde-qirimnin-kelecegi-mevzusinda-munaqasa-oldi\\\/\",\"name\":\"Pragada Mustafa Cemilevni\u00f1 i\u015ftirakinde \u00abQ\u0131r\u0131mn\u0131\u00f1 kelecegi\u00bb mevzus\u0131nda munaqa\u015fa old\u0131 - \u041c\u0435\u0434\u0436\u043b\u0456\u0441\",\"isPartOf\":{\"@id\":\"https:\\\/\\\/qtmm.org\\\/qt\\\/#website\"},\"primaryImageOfPage\":{\"@id\":\"https:\\\/\\\/qtmm.org\\\/qt\\\/pragada-mustafa-cemilevnin-istirakinde-qirimnin-kelecegi-mevzusinda-munaqasa-oldi\\\/#primaryimage\"},\"image\":{\"@id\":\"https:\\\/\\\/qtmm.org\\\/qt\\\/pragada-mustafa-cemilevnin-istirakinde-qirimnin-kelecegi-mevzusinda-munaqasa-oldi\\\/#primaryimage\"},\"thumbnailUrl\":\"https:\\\/\\\/qtmm.org\\\/wp-content\\\/uploads\\\/2022\\\/01\\\/4ea2a0ebded4b.jpeg\",\"datePublished\":\"2011-10-13T13:40:00+00:00\",\"dateModified\":\"2022-01-19T13:42:26+00:00\",\"breadcrumb\":{\"@id\":\"https:\\\/\\\/qtmm.org\\\/qt\\\/pragada-mustafa-cemilevnin-istirakinde-qirimnin-kelecegi-mevzusinda-munaqasa-oldi\\\/#breadcrumb\"},\"inLanguage\":\"qt\",\"potentialAction\":[{\"@type\":\"ReadAction\",\"target\":[\"https:\\\/\\\/qtmm.org\\\/qt\\\/pragada-mustafa-cemilevnin-istirakinde-qirimnin-kelecegi-mevzusinda-munaqasa-oldi\\\/\"]}]},{\"@type\":\"ImageObject\",\"inLanguage\":\"qt\",\"@id\":\"https:\\\/\\\/qtmm.org\\\/qt\\\/pragada-mustafa-cemilevnin-istirakinde-qirimnin-kelecegi-mevzusinda-munaqasa-oldi\\\/#primaryimage\",\"url\":\"https:\\\/\\\/qtmm.org\\\/wp-content\\\/uploads\\\/2022\\\/01\\\/4ea2a0ebded4b.jpeg\",\"contentUrl\":\"https:\\\/\\\/qtmm.org\\\/wp-content\\\/uploads\\\/2022\\\/01\\\/4ea2a0ebded4b.jpeg\",\"width\":640,\"height\":480},{\"@type\":\"BreadcrumbList\",\"@id\":\"https:\\\/\\\/qtmm.org\\\/qt\\\/pragada-mustafa-cemilevnin-istirakinde-qirimnin-kelecegi-mevzusinda-munaqasa-oldi\\\/#breadcrumb\",\"itemListElement\":[{\"@type\":\"ListItem\",\"position\":1,\"name\":\"\u0413\u043e\u043b\u043e\u0432\u043d\u0430\",\"item\":\"https:\\\/\\\/qtmm.org\\\/qt\\\/\"},{\"@type\":\"ListItem\",\"position\":2,\"name\":\"Pragada Mustafa Cemilevni\u00f1 i\u015ftirakinde \u00abQ\u0131r\u0131mn\u0131\u00f1 kelecegi\u00bb mevzus\u0131nda munaqa\u015fa old\u0131\"}]},{\"@type\":\"WebSite\",\"@id\":\"https:\\\/\\\/qtmm.org\\\/qt\\\/#website\",\"url\":\"https:\\\/\\\/qtmm.org\\\/qt\\\/\",\"name\":\"\u041c\u0435\u0434\u0436\u043b\u0456\u0441\",\"description\":\"\",\"publisher\":{\"@id\":\"https:\\\/\\\/qtmm.org\\\/qt\\\/#organization\"},\"potentialAction\":[{\"@type\":\"SearchAction\",\"target\":{\"@type\":\"EntryPoint\",\"urlTemplate\":\"https:\\\/\\\/qtmm.org\\\/qt\\\/?s={search_term_string}\"},\"query-input\":{\"@type\":\"PropertyValueSpecification\",\"valueRequired\":true,\"valueName\":\"search_term_string\"}}],\"inLanguage\":\"qt\"},{\"@type\":\"Organization\",\"@id\":\"https:\\\/\\\/qtmm.org\\\/qt\\\/#organization\",\"name\":\"\u041c\u0435\u0434\u0436\u043b\u0456\u0441\",\"url\":\"https:\\\/\\\/qtmm.org\\\/qt\\\/\",\"logo\":{\"@type\":\"ImageObject\",\"inLanguage\":\"qt\",\"@id\":\"https:\\\/\\\/qtmm.org\\\/qt\\\/#\\\/schema\\\/logo\\\/image\\\/\",\"url\":\"https:\\\/\\\/qtmm.org\\\/wp-content\\\/uploads\\\/2024\\\/12\\\/ua-mejlis-logo-rgb.svg\",\"contentUrl\":\"https:\\\/\\\/qtmm.org\\\/wp-content\\\/uploads\\\/2024\\\/12\\\/ua-mejlis-logo-rgb.svg\",\"caption\":\"\u041c\u0435\u0434\u0436\u043b\u0456\u0441\"},\"image\":{\"@id\":\"https:\\\/\\\/qtmm.org\\\/qt\\\/#\\\/schema\\\/logo\\\/image\\\/\"},\"sameAs\":[\"https:\\\/\\\/www.facebook.com\\\/qtmm.info\\\/\"]},{\"@type\":\"Person\",\"@id\":\"https:\\\/\\\/qtmm.org\\\/qt\\\/#\\\/schema\\\/person\\\/de562469f971dec226ac06e60bbf74a7\",\"name\":\"Developer\",\"image\":{\"@type\":\"ImageObject\",\"inLanguage\":\"qt\",\"@id\":\"https:\\\/\\\/secure.gravatar.com\\\/avatar\\\/392b4cc8fbfeb00b39dfeeab4ee6edded39ffd48e25858637e4765810300227e?s=96&d=mm&r=g\",\"url\":\"https:\\\/\\\/secure.gravatar.com\\\/avatar\\\/392b4cc8fbfeb00b39dfeeab4ee6edded39ffd48e25858637e4765810300227e?s=96&d=mm&r=g\",\"contentUrl\":\"https:\\\/\\\/secure.gravatar.com\\\/avatar\\\/392b4cc8fbfeb00b39dfeeab4ee6edded39ffd48e25858637e4765810300227e?s=96&d=mm&r=g\",\"caption\":\"Developer\"},\"url\":\"https:\\\/\\\/qtmm.org\\\/qt\\\/author\\\/Developer\\\/\"}]}<\/script>\n<!-- \/ Yoast SEO plugin. -->","yoast_head_json":{"title":"Pragada Mustafa Cemilevni\u00f1 i\u015ftirakinde \u00abQ\u0131r\u0131mn\u0131\u00f1 kelecegi\u00bb mevzus\u0131nda munaqa\u015fa old\u0131 - \u041c\u0435\u0434\u0436\u043b\u0456\u0441","robots":{"index":"index","follow":"follow","max-snippet":"max-snippet:-1","max-image-preview":"max-image-preview:large","max-video-preview":"max-video-preview:-1"},"canonical":"https:\/\/qtmm.org\/qt\/pragada-mustafa-cemilevnin-istirakinde-qirimnin-kelecegi-mevzusinda-munaqasa-oldi\/","og_locale":"en_US","og_type":"article","og_title":"Pragada Mustafa Cemilevni\u00f1 i\u015ftirakinde \u00abQ\u0131r\u0131mn\u0131\u00f1 kelecegi\u00bb mevzus\u0131nda munaqa\u015fa old\u0131 - \u041c\u0435\u0434\u0436\u043b\u0456\u0441","og_description":"Okt\u00e2br 12 k\u00fcn\u00fc&nbsp; &#8220;Forum 2000&#8221;&nbsp; XV Halqara konferentsiyan\u0131\u00f1 so\u00f1ki k\u00fcn\u00fc G\u00f6te ad\u0131na institutta&nbsp; Q\u0131r\u0131mtatar halq\u0131 Meclisini\u00f1 reisi, Ukraina halq deputat\u0131 Mustafa Cemilevni\u00f1 i\u015ftirakinde&nbsp; &#8220;Q\u0131r\u0131mn\u0131\u00f1 kelecegi&#8221; mevzus\u0131nda munaqa\u015fa old\u0131. Tedbirni&nbsp; \u00c7ehiyan\u0131\u00f1 devletten t\u0131\u015f b\u00fcy\u00fck te\u015fkil\u00e2tlar\u0131ndan biri ol\u011fan Halqara al\u00e2qalar boyunca birle\u015fme te\u015fkil\u00e2tland\u0131rd\u0131. Q\u0131r\u0131mn\u0131\u00f1 istiqballeri husus\u0131nda, tarih, iqtisadiyat, din ve tabiiy ki siyasetke dair&nbsp; fikir payla\u015f\u0131l\u011fan&nbsp; t\u00f6gerek [&hellip;]","og_url":"https:\/\/qtmm.org\/qt\/pragada-mustafa-cemilevnin-istirakinde-qirimnin-kelecegi-mevzusinda-munaqasa-oldi\/","og_site_name":"\u041c\u0435\u0434\u0436\u043b\u0456\u0441","article_publisher":"https:\/\/www.facebook.com\/qtmm.info\/","article_published_time":"2011-10-13T13:40:00+00:00","article_modified_time":"2022-01-19T13:42:26+00:00","og_image":[{"width":640,"height":480,"url":"https:\/\/qtmm.org\/wp-content\/uploads\/2022\/01\/4ea2a0ebded4b.jpeg","type":"image\/jpeg"}],"author":"Developer","twitter_card":"summary_large_image","twitter_misc":{"Written by":"Developer","Est. reading time":"3 minutes"},"schema":{"@context":"https:\/\/schema.org","@graph":[{"@type":"Article","@id":"https:\/\/qtmm.org\/qt\/pragada-mustafa-cemilevnin-istirakinde-qirimnin-kelecegi-mevzusinda-munaqasa-oldi\/#article","isPartOf":{"@id":"https:\/\/qtmm.org\/qt\/pragada-mustafa-cemilevnin-istirakinde-qirimnin-kelecegi-mevzusinda-munaqasa-oldi\/"},"author":{"name":"Developer","@id":"https:\/\/qtmm.org\/qt\/#\/schema\/person\/de562469f971dec226ac06e60bbf74a7"},"headline":"Pragada Mustafa Cemilevni\u00f1 i\u015ftirakinde \u00abQ\u0131r\u0131mn\u0131\u00f1 kelecegi\u00bb mevzus\u0131nda munaqa\u015fa old\u0131","datePublished":"2011-10-13T13:40:00+00:00","dateModified":"2022-01-19T13:42:26+00:00","mainEntityOfPage":{"@id":"https:\/\/qtmm.org\/qt\/pragada-mustafa-cemilevnin-istirakinde-qirimnin-kelecegi-mevzusinda-munaqasa-oldi\/"},"wordCount":704,"commentCount":0,"publisher":{"@id":"https:\/\/qtmm.org\/qt\/#organization"},"image":{"@id":"https:\/\/qtmm.org\/qt\/pragada-mustafa-cemilevnin-istirakinde-qirimnin-kelecegi-mevzusinda-munaqasa-oldi\/#primaryimage"},"thumbnailUrl":"https:\/\/qtmm.org\/wp-content\/uploads\/2022\/01\/4ea2a0ebded4b.jpeg","articleSection":["Haberler"],"inLanguage":"qt","potentialAction":[{"@type":"CommentAction","name":"Comment","target":["https:\/\/qtmm.org\/qt\/pragada-mustafa-cemilevnin-istirakinde-qirimnin-kelecegi-mevzusinda-munaqasa-oldi\/#respond"]}]},{"@type":"WebPage","@id":"https:\/\/qtmm.org\/qt\/pragada-mustafa-cemilevnin-istirakinde-qirimnin-kelecegi-mevzusinda-munaqasa-oldi\/","url":"https:\/\/qtmm.org\/qt\/pragada-mustafa-cemilevnin-istirakinde-qirimnin-kelecegi-mevzusinda-munaqasa-oldi\/","name":"Pragada Mustafa Cemilevni\u00f1 i\u015ftirakinde \u00abQ\u0131r\u0131mn\u0131\u00f1 kelecegi\u00bb mevzus\u0131nda munaqa\u015fa old\u0131 - \u041c\u0435\u0434\u0436\u043b\u0456\u0441","isPartOf":{"@id":"https:\/\/qtmm.org\/qt\/#website"},"primaryImageOfPage":{"@id":"https:\/\/qtmm.org\/qt\/pragada-mustafa-cemilevnin-istirakinde-qirimnin-kelecegi-mevzusinda-munaqasa-oldi\/#primaryimage"},"image":{"@id":"https:\/\/qtmm.org\/qt\/pragada-mustafa-cemilevnin-istirakinde-qirimnin-kelecegi-mevzusinda-munaqasa-oldi\/#primaryimage"},"thumbnailUrl":"https:\/\/qtmm.org\/wp-content\/uploads\/2022\/01\/4ea2a0ebded4b.jpeg","datePublished":"2011-10-13T13:40:00+00:00","dateModified":"2022-01-19T13:42:26+00:00","breadcrumb":{"@id":"https:\/\/qtmm.org\/qt\/pragada-mustafa-cemilevnin-istirakinde-qirimnin-kelecegi-mevzusinda-munaqasa-oldi\/#breadcrumb"},"inLanguage":"qt","potentialAction":[{"@type":"ReadAction","target":["https:\/\/qtmm.org\/qt\/pragada-mustafa-cemilevnin-istirakinde-qirimnin-kelecegi-mevzusinda-munaqasa-oldi\/"]}]},{"@type":"ImageObject","inLanguage":"qt","@id":"https:\/\/qtmm.org\/qt\/pragada-mustafa-cemilevnin-istirakinde-qirimnin-kelecegi-mevzusinda-munaqasa-oldi\/#primaryimage","url":"https:\/\/qtmm.org\/wp-content\/uploads\/2022\/01\/4ea2a0ebded4b.jpeg","contentUrl":"https:\/\/qtmm.org\/wp-content\/uploads\/2022\/01\/4ea2a0ebded4b.jpeg","width":640,"height":480},{"@type":"BreadcrumbList","@id":"https:\/\/qtmm.org\/qt\/pragada-mustafa-cemilevnin-istirakinde-qirimnin-kelecegi-mevzusinda-munaqasa-oldi\/#breadcrumb","itemListElement":[{"@type":"ListItem","position":1,"name":"\u0413\u043e\u043b\u043e\u0432\u043d\u0430","item":"https:\/\/qtmm.org\/qt\/"},{"@type":"ListItem","position":2,"name":"Pragada Mustafa Cemilevni\u00f1 i\u015ftirakinde \u00abQ\u0131r\u0131mn\u0131\u00f1 kelecegi\u00bb mevzus\u0131nda munaqa\u015fa old\u0131"}]},{"@type":"WebSite","@id":"https:\/\/qtmm.org\/qt\/#website","url":"https:\/\/qtmm.org\/qt\/","name":"\u041c\u0435\u0434\u0436\u043b\u0456\u0441","description":"","publisher":{"@id":"https:\/\/qtmm.org\/qt\/#organization"},"potentialAction":[{"@type":"SearchAction","target":{"@type":"EntryPoint","urlTemplate":"https:\/\/qtmm.org\/qt\/?s={search_term_string}"},"query-input":{"@type":"PropertyValueSpecification","valueRequired":true,"valueName":"search_term_string"}}],"inLanguage":"qt"},{"@type":"Organization","@id":"https:\/\/qtmm.org\/qt\/#organization","name":"\u041c\u0435\u0434\u0436\u043b\u0456\u0441","url":"https:\/\/qtmm.org\/qt\/","logo":{"@type":"ImageObject","inLanguage":"qt","@id":"https:\/\/qtmm.org\/qt\/#\/schema\/logo\/image\/","url":"https:\/\/qtmm.org\/wp-content\/uploads\/2024\/12\/ua-mejlis-logo-rgb.svg","contentUrl":"https:\/\/qtmm.org\/wp-content\/uploads\/2024\/12\/ua-mejlis-logo-rgb.svg","caption":"\u041c\u0435\u0434\u0436\u043b\u0456\u0441"},"image":{"@id":"https:\/\/qtmm.org\/qt\/#\/schema\/logo\/image\/"},"sameAs":["https:\/\/www.facebook.com\/qtmm.info\/"]},{"@type":"Person","@id":"https:\/\/qtmm.org\/qt\/#\/schema\/person\/de562469f971dec226ac06e60bbf74a7","name":"Developer","image":{"@type":"ImageObject","inLanguage":"qt","@id":"https:\/\/secure.gravatar.com\/avatar\/392b4cc8fbfeb00b39dfeeab4ee6edded39ffd48e25858637e4765810300227e?s=96&d=mm&r=g","url":"https:\/\/secure.gravatar.com\/avatar\/392b4cc8fbfeb00b39dfeeab4ee6edded39ffd48e25858637e4765810300227e?s=96&d=mm&r=g","contentUrl":"https:\/\/secure.gravatar.com\/avatar\/392b4cc8fbfeb00b39dfeeab4ee6edded39ffd48e25858637e4765810300227e?s=96&d=mm&r=g","caption":"Developer"},"url":"https:\/\/qtmm.org\/qt\/author\/Developer\/"}]}},"_links":{"self":[{"href":"https:\/\/qtmm.org\/qt\/wp-json\/wp\/v2\/posts\/26514","targetHints":{"allow":["GET"]}}],"collection":[{"href":"https:\/\/qtmm.org\/qt\/wp-json\/wp\/v2\/posts"}],"about":[{"href":"https:\/\/qtmm.org\/qt\/wp-json\/wp\/v2\/types\/post"}],"author":[{"embeddable":true,"href":"https:\/\/qtmm.org\/qt\/wp-json\/wp\/v2\/users\/1"}],"replies":[{"embeddable":true,"href":"https:\/\/qtmm.org\/qt\/wp-json\/wp\/v2\/comments?post=26514"}],"version-history":[{"count":1,"href":"https:\/\/qtmm.org\/qt\/wp-json\/wp\/v2\/posts\/26514\/revisions"}],"predecessor-version":[{"id":26551,"href":"https:\/\/qtmm.org\/qt\/wp-json\/wp\/v2\/posts\/26514\/revisions\/26551"}],"wp:featuredmedia":[{"embeddable":true,"href":"https:\/\/qtmm.org\/qt\/wp-json\/wp\/v2\/media\/26531"}],"wp:attachment":[{"href":"https:\/\/qtmm.org\/qt\/wp-json\/wp\/v2\/media?parent=26514"}],"wp:term":[{"taxonomy":"category","embeddable":true,"href":"https:\/\/qtmm.org\/qt\/wp-json\/wp\/v2\/categories?post=26514"},{"taxonomy":"post_tag","embeddable":true,"href":"https:\/\/qtmm.org\/qt\/wp-json\/wp\/v2\/tags?post=26514"}],"curies":[{"name":"wp","href":"https:\/\/api.w.org\/{rel}","templated":true}]}}