




{"id":26504,"date":"2011-10-12T16:39:00","date_gmt":"2011-10-12T13:39:00","guid":{"rendered":"http:\/\/qtmm.org\/?p=26504"},"modified":"2022-01-19T16:40:27","modified_gmt":"2022-01-19T13:40:27","slug":"cehiyada-turkiye-elciliginde-aqsam-yemegi","status":"publish","type":"post","link":"https:\/\/qtmm.org\/qt\/cehiyada-turkiye-elciliginde-aqsam-yemegi\/","title":{"rendered":"\u00c7ehiyada T\u00fcrkiye el\u00e7iliginde aq\u015fam yemegi"},"content":{"rendered":"\n<p>Okt\u00e2br 11 k\u00fcn\u00fc aq\u015fam T\u00fcrkiyeni\u00f1 \u00c7ehiyadaki Vefqulade ve Tolu vek\u00e2letli el\u00e7isi Cihan Erginay ve refiqas\u0131n\u0131\u00f1 \u015fahsiy daveti ile Meclis reisi Mustafa Cemilev T\u00fcrkiye el\u00e7isi on\u0131\u00f1 \u00c7ehiya\u011fa ziyareti munasebetinen bergen aq\u015fam yemeginde i\u015ftirak etti. Yemek T\u00fcrkiye el\u00e7iliginde old\u0131.<br>Meclis reisinen beraber aq\u015fam yemeginde on\u0131\u00f1 yard\u0131mc\u0131lar\u0131 Rustem \u00dcmerov ve Liliya M\u00fcslimova da bulund\u0131lar.<\/p>\n\n\n\n<p>Nufuzl\u0131 musafirler aras\u0131nda Yaponiyan\u0131\u00f1 \u00c7ehiyadaki diplomat\u0131 To\u015fio K\u00fcnitaka ve refiqas\u0131, Gollandiyan\u0131\u00f1 \u00c7ehiyadaki el\u00e7isi cenap Henneman rfiqas\u0131nen, T\u0131\u015fq\u0131 i\u015fler nazirligi protokol h\u0131zmetini\u00f1 ba\u015f\u0131 Toma\u015f Perni\u00e7ki, \u00e7eh-t\u00fcrk i\u015f birligini\u00f1 ba\u015f k\u00e2tibi Vladimir M\u00fcsilek, T\u00fcrkiyeni\u00f1 \u00c7ehiyadaki el\u00e7ihanesinde \u00e7al\u0131g\u015fqan hadimler, T\u00fcrkiye i\u015f dairelerini\u00f1 vekilleri, &#8220;Svoboda&#8221; radios\u0131n\u0131\u00f1 icra direktor\u0131 C\u00fcliya Ragona da bar edi.<\/p>\n\n\n\n<p>Musafirler muzakere etken meseleler s\u0131ras\u0131nda Ukraina ve Q\u0131r\u0131mdaki vaziyet ve okt\u00e2br 11 k\u00fcn\u00fc ukrain siyaset\u00e7isi Yuliya Timo\u015fenkon\u0131\u00f1 i\u015fi boyunca Kiyev Pe\u00e7erskiy mahkemesini\u00f1 \u00fck\u00fcmi ayr\u0131ca qayd etildi<\/p>\n\n\n\n<figure class=\"wp-block-image size-full\"><img loading=\"lazy\" decoding=\"async\" width=\"650\" height=\"458\" src=\"http:\/\/qtmm.org\/wp-content\/uploads\/2022\/01\/img_0340-1.jpeg\" alt=\"\" class=\"wp-image-26509\" srcset=\"https:\/\/qtmm.org\/wp-content\/uploads\/2022\/01\/img_0340-1.jpeg 650w, https:\/\/qtmm.org\/wp-content\/uploads\/2022\/01\/img_0340-1-300x211.jpeg 300w\" sizes=\"auto, (max-width: 650px) 100vw, 650px\" \/><\/figure>\n","protected":false},"excerpt":{"rendered":"<p>Okt\u00e2br 11 k\u00fcn\u00fc aq\u015fam T\u00fcrkiyeni\u00f1 \u00c7ehiyadaki Vefqulade ve Tolu vek\u00e2letli el\u00e7isi Cihan Erginay ve refiqas\u0131n\u0131\u00f1 \u015fahsiy daveti ile Meclis reisi Mustafa Cemilev T\u00fcrkiye el\u00e7isi on\u0131\u00f1 \u00c7ehiya\u011fa ziyareti munasebetinen bergen aq\u015fam yemeginde i\u015ftirak etti. Yemek T\u00fcrkiye el\u00e7iliginde old\u0131.Meclis reisinen beraber aq\u015fam yemeginde on\u0131\u00f1 yard\u0131mc\u0131lar\u0131 Rustem \u00dcmerov ve Liliya M\u00fcslimova da bulund\u0131lar. Nufuzl\u0131 musafirler aras\u0131nda Yaponiyan\u0131\u00f1 \u00c7ehiyadaki [&hellip;]<\/p>\n","protected":false},"author":1,"featured_media":26505,"comment_status":"open","ping_status":"open","sticky":false,"template":"","format":"standard","meta":{"inline_featured_image":false,"footnotes":""},"categories":[265],"tags":[],"class_list":["post-26504","post","type-post","status-publish","format-standard","has-post-thumbnail","hentry","category-haberler"],"acf":[],"yoast_head":"<!-- This site is optimized with the Yoast SEO plugin v27.4 - https:\/\/yoast.com\/product\/yoast-seo-wordpress\/ -->\n<title>\u00c7ehiyada T\u00fcrkiye el\u00e7iliginde aq\u015fam yemegi - \u041c\u0435\u0434\u0436\u043b\u0456\u0441<\/title>\n<meta name=\"robots\" content=\"index, follow, max-snippet:-1, max-image-preview:large, max-video-preview:-1\" \/>\n<link rel=\"canonical\" href=\"https:\/\/qtmm.org\/qt\/cehiyada-turkiye-elciliginde-aqsam-yemegi\/\" \/>\n<meta property=\"og:locale\" content=\"en_US\" \/>\n<meta property=\"og:type\" content=\"article\" \/>\n<meta property=\"og:title\" content=\"\u00c7ehiyada T\u00fcrkiye el\u00e7iliginde aq\u015fam yemegi - \u041c\u0435\u0434\u0436\u043b\u0456\u0441\" \/>\n<meta property=\"og:description\" content=\"Okt\u00e2br 11 k\u00fcn\u00fc aq\u015fam T\u00fcrkiyeni\u00f1 \u00c7ehiyadaki Vefqulade ve Tolu vek\u00e2letli el\u00e7isi Cihan Erginay ve refiqas\u0131n\u0131\u00f1 \u015fahsiy daveti ile Meclis reisi Mustafa Cemilev T\u00fcrkiye el\u00e7isi on\u0131\u00f1 \u00c7ehiya\u011fa ziyareti munasebetinen bergen aq\u015fam yemeginde i\u015ftirak etti. Yemek T\u00fcrkiye el\u00e7iliginde old\u0131.Meclis reisinen beraber aq\u015fam yemeginde on\u0131\u00f1 yard\u0131mc\u0131lar\u0131 Rustem \u00dcmerov ve Liliya M\u00fcslimova da bulund\u0131lar. Nufuzl\u0131 musafirler aras\u0131nda Yaponiyan\u0131\u00f1 \u00c7ehiyadaki [&hellip;]\" \/>\n<meta property=\"og:url\" content=\"https:\/\/qtmm.org\/qt\/cehiyada-turkiye-elciliginde-aqsam-yemegi\/\" \/>\n<meta property=\"og:site_name\" content=\"\u041c\u0435\u0434\u0436\u043b\u0456\u0441\" \/>\n<meta property=\"article:publisher\" content=\"https:\/\/www.facebook.com\/qtmm.info\/\" \/>\n<meta property=\"article:published_time\" content=\"2011-10-12T13:39:00+00:00\" \/>\n<meta property=\"article:modified_time\" content=\"2022-01-19T13:40:27+00:00\" \/>\n<meta property=\"og:image\" content=\"https:\/\/qtmm.org\/wp-content\/uploads\/2022\/01\/img_0337-1.jpeg\" \/>\n\t<meta property=\"og:image:width\" content=\"650\" \/>\n\t<meta property=\"og:image:height\" content=\"458\" \/>\n\t<meta property=\"og:image:type\" content=\"image\/jpeg\" \/>\n<meta name=\"author\" content=\"Developer\" \/>\n<meta name=\"twitter:card\" content=\"summary_large_image\" \/>\n<meta name=\"twitter:label1\" content=\"Written by\" \/>\n\t<meta name=\"twitter:data1\" content=\"Developer\" \/>\n\t<meta name=\"twitter:label2\" content=\"Est. reading time\" \/>\n\t<meta name=\"twitter:data2\" content=\"1 minute\" \/>\n<script type=\"application\/ld+json\" class=\"yoast-schema-graph\">{\"@context\":\"https:\\\/\\\/schema.org\",\"@graph\":[{\"@type\":\"Article\",\"@id\":\"https:\\\/\\\/qtmm.org\\\/qt\\\/cehiyada-turkiye-elciliginde-aqsam-yemegi\\\/#article\",\"isPartOf\":{\"@id\":\"https:\\\/\\\/qtmm.org\\\/qt\\\/cehiyada-turkiye-elciliginde-aqsam-yemegi\\\/\"},\"author\":{\"name\":\"Developer\",\"@id\":\"https:\\\/\\\/qtmm.org\\\/qt\\\/#\\\/schema\\\/person\\\/de562469f971dec226ac06e60bbf74a7\"},\"headline\":\"\u00c7ehiyada T\u00fcrkiye el\u00e7iliginde aq\u015fam yemegi\",\"datePublished\":\"2011-10-12T13:39:00+00:00\",\"dateModified\":\"2022-01-19T13:40:27+00:00\",\"mainEntityOfPage\":{\"@id\":\"https:\\\/\\\/qtmm.org\\\/qt\\\/cehiyada-turkiye-elciliginde-aqsam-yemegi\\\/\"},\"wordCount\":182,\"commentCount\":0,\"publisher\":{\"@id\":\"https:\\\/\\\/qtmm.org\\\/qt\\\/#organization\"},\"image\":{\"@id\":\"https:\\\/\\\/qtmm.org\\\/qt\\\/cehiyada-turkiye-elciliginde-aqsam-yemegi\\\/#primaryimage\"},\"thumbnailUrl\":\"https:\\\/\\\/qtmm.org\\\/wp-content\\\/uploads\\\/2022\\\/01\\\/img_0337-1.jpeg\",\"articleSection\":[\"Haberler\"],\"inLanguage\":\"qt\",\"potentialAction\":[{\"@type\":\"CommentAction\",\"name\":\"Comment\",\"target\":[\"https:\\\/\\\/qtmm.org\\\/qt\\\/cehiyada-turkiye-elciliginde-aqsam-yemegi\\\/#respond\"]}]},{\"@type\":\"WebPage\",\"@id\":\"https:\\\/\\\/qtmm.org\\\/qt\\\/cehiyada-turkiye-elciliginde-aqsam-yemegi\\\/\",\"url\":\"https:\\\/\\\/qtmm.org\\\/qt\\\/cehiyada-turkiye-elciliginde-aqsam-yemegi\\\/\",\"name\":\"\u00c7ehiyada T\u00fcrkiye el\u00e7iliginde aq\u015fam yemegi - \u041c\u0435\u0434\u0436\u043b\u0456\u0441\",\"isPartOf\":{\"@id\":\"https:\\\/\\\/qtmm.org\\\/qt\\\/#website\"},\"primaryImageOfPage\":{\"@id\":\"https:\\\/\\\/qtmm.org\\\/qt\\\/cehiyada-turkiye-elciliginde-aqsam-yemegi\\\/#primaryimage\"},\"image\":{\"@id\":\"https:\\\/\\\/qtmm.org\\\/qt\\\/cehiyada-turkiye-elciliginde-aqsam-yemegi\\\/#primaryimage\"},\"thumbnailUrl\":\"https:\\\/\\\/qtmm.org\\\/wp-content\\\/uploads\\\/2022\\\/01\\\/img_0337-1.jpeg\",\"datePublished\":\"2011-10-12T13:39:00+00:00\",\"dateModified\":\"2022-01-19T13:40:27+00:00\",\"breadcrumb\":{\"@id\":\"https:\\\/\\\/qtmm.org\\\/qt\\\/cehiyada-turkiye-elciliginde-aqsam-yemegi\\\/#breadcrumb\"},\"inLanguage\":\"qt\",\"potentialAction\":[{\"@type\":\"ReadAction\",\"target\":[\"https:\\\/\\\/qtmm.org\\\/qt\\\/cehiyada-turkiye-elciliginde-aqsam-yemegi\\\/\"]}]},{\"@type\":\"ImageObject\",\"inLanguage\":\"qt\",\"@id\":\"https:\\\/\\\/qtmm.org\\\/qt\\\/cehiyada-turkiye-elciliginde-aqsam-yemegi\\\/#primaryimage\",\"url\":\"https:\\\/\\\/qtmm.org\\\/wp-content\\\/uploads\\\/2022\\\/01\\\/img_0337-1.jpeg\",\"contentUrl\":\"https:\\\/\\\/qtmm.org\\\/wp-content\\\/uploads\\\/2022\\\/01\\\/img_0337-1.jpeg\",\"width\":650,\"height\":458},{\"@type\":\"BreadcrumbList\",\"@id\":\"https:\\\/\\\/qtmm.org\\\/qt\\\/cehiyada-turkiye-elciliginde-aqsam-yemegi\\\/#breadcrumb\",\"itemListElement\":[{\"@type\":\"ListItem\",\"position\":1,\"name\":\"\u0413\u043e\u043b\u043e\u0432\u043d\u0430\",\"item\":\"https:\\\/\\\/qtmm.org\\\/qt\\\/\"},{\"@type\":\"ListItem\",\"position\":2,\"name\":\"\u00c7ehiyada T\u00fcrkiye el\u00e7iliginde aq\u015fam yemegi\"}]},{\"@type\":\"WebSite\",\"@id\":\"https:\\\/\\\/qtmm.org\\\/qt\\\/#website\",\"url\":\"https:\\\/\\\/qtmm.org\\\/qt\\\/\",\"name\":\"\u041c\u0435\u0434\u0436\u043b\u0456\u0441\",\"description\":\"\",\"publisher\":{\"@id\":\"https:\\\/\\\/qtmm.org\\\/qt\\\/#organization\"},\"potentialAction\":[{\"@type\":\"SearchAction\",\"target\":{\"@type\":\"EntryPoint\",\"urlTemplate\":\"https:\\\/\\\/qtmm.org\\\/qt\\\/?s={search_term_string}\"},\"query-input\":{\"@type\":\"PropertyValueSpecification\",\"valueRequired\":true,\"valueName\":\"search_term_string\"}}],\"inLanguage\":\"qt\"},{\"@type\":\"Organization\",\"@id\":\"https:\\\/\\\/qtmm.org\\\/qt\\\/#organization\",\"name\":\"\u041c\u0435\u0434\u0436\u043b\u0456\u0441\",\"url\":\"https:\\\/\\\/qtmm.org\\\/qt\\\/\",\"logo\":{\"@type\":\"ImageObject\",\"inLanguage\":\"qt\",\"@id\":\"https:\\\/\\\/qtmm.org\\\/qt\\\/#\\\/schema\\\/logo\\\/image\\\/\",\"url\":\"https:\\\/\\\/qtmm.org\\\/wp-content\\\/uploads\\\/2024\\\/12\\\/ua-mejlis-logo-rgb.svg\",\"contentUrl\":\"https:\\\/\\\/qtmm.org\\\/wp-content\\\/uploads\\\/2024\\\/12\\\/ua-mejlis-logo-rgb.svg\",\"caption\":\"\u041c\u0435\u0434\u0436\u043b\u0456\u0441\"},\"image\":{\"@id\":\"https:\\\/\\\/qtmm.org\\\/qt\\\/#\\\/schema\\\/logo\\\/image\\\/\"},\"sameAs\":[\"https:\\\/\\\/www.facebook.com\\\/qtmm.info\\\/\"]},{\"@type\":\"Person\",\"@id\":\"https:\\\/\\\/qtmm.org\\\/qt\\\/#\\\/schema\\\/person\\\/de562469f971dec226ac06e60bbf74a7\",\"name\":\"Developer\",\"image\":{\"@type\":\"ImageObject\",\"inLanguage\":\"qt\",\"@id\":\"https:\\\/\\\/secure.gravatar.com\\\/avatar\\\/392b4cc8fbfeb00b39dfeeab4ee6edded39ffd48e25858637e4765810300227e?s=96&d=mm&r=g\",\"url\":\"https:\\\/\\\/secure.gravatar.com\\\/avatar\\\/392b4cc8fbfeb00b39dfeeab4ee6edded39ffd48e25858637e4765810300227e?s=96&d=mm&r=g\",\"contentUrl\":\"https:\\\/\\\/secure.gravatar.com\\\/avatar\\\/392b4cc8fbfeb00b39dfeeab4ee6edded39ffd48e25858637e4765810300227e?s=96&d=mm&r=g\",\"caption\":\"Developer\"},\"url\":\"https:\\\/\\\/qtmm.org\\\/qt\\\/author\\\/Developer\\\/\"}]}<\/script>\n<!-- \/ Yoast SEO plugin. -->","yoast_head_json":{"title":"\u00c7ehiyada T\u00fcrkiye el\u00e7iliginde aq\u015fam yemegi - \u041c\u0435\u0434\u0436\u043b\u0456\u0441","robots":{"index":"index","follow":"follow","max-snippet":"max-snippet:-1","max-image-preview":"max-image-preview:large","max-video-preview":"max-video-preview:-1"},"canonical":"https:\/\/qtmm.org\/qt\/cehiyada-turkiye-elciliginde-aqsam-yemegi\/","og_locale":"en_US","og_type":"article","og_title":"\u00c7ehiyada T\u00fcrkiye el\u00e7iliginde aq\u015fam yemegi - \u041c\u0435\u0434\u0436\u043b\u0456\u0441","og_description":"Okt\u00e2br 11 k\u00fcn\u00fc aq\u015fam T\u00fcrkiyeni\u00f1 \u00c7ehiyadaki Vefqulade ve Tolu vek\u00e2letli el\u00e7isi Cihan Erginay ve refiqas\u0131n\u0131\u00f1 \u015fahsiy daveti ile Meclis reisi Mustafa Cemilev T\u00fcrkiye el\u00e7isi on\u0131\u00f1 \u00c7ehiya\u011fa ziyareti munasebetinen bergen aq\u015fam yemeginde i\u015ftirak etti. Yemek T\u00fcrkiye el\u00e7iliginde old\u0131.Meclis reisinen beraber aq\u015fam yemeginde on\u0131\u00f1 yard\u0131mc\u0131lar\u0131 Rustem \u00dcmerov ve Liliya M\u00fcslimova da bulund\u0131lar. Nufuzl\u0131 musafirler aras\u0131nda Yaponiyan\u0131\u00f1 \u00c7ehiyadaki [&hellip;]","og_url":"https:\/\/qtmm.org\/qt\/cehiyada-turkiye-elciliginde-aqsam-yemegi\/","og_site_name":"\u041c\u0435\u0434\u0436\u043b\u0456\u0441","article_publisher":"https:\/\/www.facebook.com\/qtmm.info\/","article_published_time":"2011-10-12T13:39:00+00:00","article_modified_time":"2022-01-19T13:40:27+00:00","og_image":[{"width":650,"height":458,"url":"https:\/\/qtmm.org\/wp-content\/uploads\/2022\/01\/img_0337-1.jpeg","type":"image\/jpeg"}],"author":"Developer","twitter_card":"summary_large_image","twitter_misc":{"Written by":"Developer","Est. reading time":"1 minute"},"schema":{"@context":"https:\/\/schema.org","@graph":[{"@type":"Article","@id":"https:\/\/qtmm.org\/qt\/cehiyada-turkiye-elciliginde-aqsam-yemegi\/#article","isPartOf":{"@id":"https:\/\/qtmm.org\/qt\/cehiyada-turkiye-elciliginde-aqsam-yemegi\/"},"author":{"name":"Developer","@id":"https:\/\/qtmm.org\/qt\/#\/schema\/person\/de562469f971dec226ac06e60bbf74a7"},"headline":"\u00c7ehiyada T\u00fcrkiye el\u00e7iliginde aq\u015fam yemegi","datePublished":"2011-10-12T13:39:00+00:00","dateModified":"2022-01-19T13:40:27+00:00","mainEntityOfPage":{"@id":"https:\/\/qtmm.org\/qt\/cehiyada-turkiye-elciliginde-aqsam-yemegi\/"},"wordCount":182,"commentCount":0,"publisher":{"@id":"https:\/\/qtmm.org\/qt\/#organization"},"image":{"@id":"https:\/\/qtmm.org\/qt\/cehiyada-turkiye-elciliginde-aqsam-yemegi\/#primaryimage"},"thumbnailUrl":"https:\/\/qtmm.org\/wp-content\/uploads\/2022\/01\/img_0337-1.jpeg","articleSection":["Haberler"],"inLanguage":"qt","potentialAction":[{"@type":"CommentAction","name":"Comment","target":["https:\/\/qtmm.org\/qt\/cehiyada-turkiye-elciliginde-aqsam-yemegi\/#respond"]}]},{"@type":"WebPage","@id":"https:\/\/qtmm.org\/qt\/cehiyada-turkiye-elciliginde-aqsam-yemegi\/","url":"https:\/\/qtmm.org\/qt\/cehiyada-turkiye-elciliginde-aqsam-yemegi\/","name":"\u00c7ehiyada T\u00fcrkiye el\u00e7iliginde aq\u015fam yemegi - \u041c\u0435\u0434\u0436\u043b\u0456\u0441","isPartOf":{"@id":"https:\/\/qtmm.org\/qt\/#website"},"primaryImageOfPage":{"@id":"https:\/\/qtmm.org\/qt\/cehiyada-turkiye-elciliginde-aqsam-yemegi\/#primaryimage"},"image":{"@id":"https:\/\/qtmm.org\/qt\/cehiyada-turkiye-elciliginde-aqsam-yemegi\/#primaryimage"},"thumbnailUrl":"https:\/\/qtmm.org\/wp-content\/uploads\/2022\/01\/img_0337-1.jpeg","datePublished":"2011-10-12T13:39:00+00:00","dateModified":"2022-01-19T13:40:27+00:00","breadcrumb":{"@id":"https:\/\/qtmm.org\/qt\/cehiyada-turkiye-elciliginde-aqsam-yemegi\/#breadcrumb"},"inLanguage":"qt","potentialAction":[{"@type":"ReadAction","target":["https:\/\/qtmm.org\/qt\/cehiyada-turkiye-elciliginde-aqsam-yemegi\/"]}]},{"@type":"ImageObject","inLanguage":"qt","@id":"https:\/\/qtmm.org\/qt\/cehiyada-turkiye-elciliginde-aqsam-yemegi\/#primaryimage","url":"https:\/\/qtmm.org\/wp-content\/uploads\/2022\/01\/img_0337-1.jpeg","contentUrl":"https:\/\/qtmm.org\/wp-content\/uploads\/2022\/01\/img_0337-1.jpeg","width":650,"height":458},{"@type":"BreadcrumbList","@id":"https:\/\/qtmm.org\/qt\/cehiyada-turkiye-elciliginde-aqsam-yemegi\/#breadcrumb","itemListElement":[{"@type":"ListItem","position":1,"name":"\u0413\u043e\u043b\u043e\u0432\u043d\u0430","item":"https:\/\/qtmm.org\/qt\/"},{"@type":"ListItem","position":2,"name":"\u00c7ehiyada T\u00fcrkiye el\u00e7iliginde aq\u015fam yemegi"}]},{"@type":"WebSite","@id":"https:\/\/qtmm.org\/qt\/#website","url":"https:\/\/qtmm.org\/qt\/","name":"\u041c\u0435\u0434\u0436\u043b\u0456\u0441","description":"","publisher":{"@id":"https:\/\/qtmm.org\/qt\/#organization"},"potentialAction":[{"@type":"SearchAction","target":{"@type":"EntryPoint","urlTemplate":"https:\/\/qtmm.org\/qt\/?s={search_term_string}"},"query-input":{"@type":"PropertyValueSpecification","valueRequired":true,"valueName":"search_term_string"}}],"inLanguage":"qt"},{"@type":"Organization","@id":"https:\/\/qtmm.org\/qt\/#organization","name":"\u041c\u0435\u0434\u0436\u043b\u0456\u0441","url":"https:\/\/qtmm.org\/qt\/","logo":{"@type":"ImageObject","inLanguage":"qt","@id":"https:\/\/qtmm.org\/qt\/#\/schema\/logo\/image\/","url":"https:\/\/qtmm.org\/wp-content\/uploads\/2024\/12\/ua-mejlis-logo-rgb.svg","contentUrl":"https:\/\/qtmm.org\/wp-content\/uploads\/2024\/12\/ua-mejlis-logo-rgb.svg","caption":"\u041c\u0435\u0434\u0436\u043b\u0456\u0441"},"image":{"@id":"https:\/\/qtmm.org\/qt\/#\/schema\/logo\/image\/"},"sameAs":["https:\/\/www.facebook.com\/qtmm.info\/"]},{"@type":"Person","@id":"https:\/\/qtmm.org\/qt\/#\/schema\/person\/de562469f971dec226ac06e60bbf74a7","name":"Developer","image":{"@type":"ImageObject","inLanguage":"qt","@id":"https:\/\/secure.gravatar.com\/avatar\/392b4cc8fbfeb00b39dfeeab4ee6edded39ffd48e25858637e4765810300227e?s=96&d=mm&r=g","url":"https:\/\/secure.gravatar.com\/avatar\/392b4cc8fbfeb00b39dfeeab4ee6edded39ffd48e25858637e4765810300227e?s=96&d=mm&r=g","contentUrl":"https:\/\/secure.gravatar.com\/avatar\/392b4cc8fbfeb00b39dfeeab4ee6edded39ffd48e25858637e4765810300227e?s=96&d=mm&r=g","caption":"Developer"},"url":"https:\/\/qtmm.org\/qt\/author\/Developer\/"}]}},"_links":{"self":[{"href":"https:\/\/qtmm.org\/qt\/wp-json\/wp\/v2\/posts\/26504","targetHints":{"allow":["GET"]}}],"collection":[{"href":"https:\/\/qtmm.org\/qt\/wp-json\/wp\/v2\/posts"}],"about":[{"href":"https:\/\/qtmm.org\/qt\/wp-json\/wp\/v2\/types\/post"}],"author":[{"embeddable":true,"href":"https:\/\/qtmm.org\/qt\/wp-json\/wp\/v2\/users\/1"}],"replies":[{"embeddable":true,"href":"https:\/\/qtmm.org\/qt\/wp-json\/wp\/v2\/comments?post=26504"}],"version-history":[{"count":1,"href":"https:\/\/qtmm.org\/qt\/wp-json\/wp\/v2\/posts\/26504\/revisions"}],"predecessor-version":[{"id":26513,"href":"https:\/\/qtmm.org\/qt\/wp-json\/wp\/v2\/posts\/26504\/revisions\/26513"}],"wp:featuredmedia":[{"embeddable":true,"href":"https:\/\/qtmm.org\/qt\/wp-json\/wp\/v2\/media\/26505"}],"wp:attachment":[{"href":"https:\/\/qtmm.org\/qt\/wp-json\/wp\/v2\/media?parent=26504"}],"wp:term":[{"taxonomy":"category","embeddable":true,"href":"https:\/\/qtmm.org\/qt\/wp-json\/wp\/v2\/categories?post=26504"},{"taxonomy":"post_tag","embeddable":true,"href":"https:\/\/qtmm.org\/qt\/wp-json\/wp\/v2\/tags?post=26504"}],"curies":[{"name":"wp","href":"https:\/\/api.w.org\/{rel}","templated":true}]}}