




{"id":26470,"date":"2011-10-12T16:37:00","date_gmt":"2011-10-12T13:37:00","guid":{"rendered":"http:\/\/qtmm.org\/?p=26470"},"modified":"2022-01-19T16:39:06","modified_gmt":"2022-01-19T13:39:06","slug":"pragada-yan-palah-ve-yan-zayits-eykellerine-cecekler","status":"publish","type":"post","link":"https:\/\/qtmm.org\/qt\/pragada-yan-palah-ve-yan-zayits-eykellerine-cecekler\/","title":{"rendered":"Pragada Yan Palah ve Yan Zayits eykellerine \u00e7e\u00e7ekler"},"content":{"rendered":"\n<p>Q\u0131r\u0131mtatar halq\u0131 Meclisini\u00f1 reisi Mustafa Cemilev devletlerini Var\u015fava a\u00f1la\u015fmas\u0131 qo\u015funlar\u0131 i\u015f\u011fal etmesine qar\u015f\u0131 \u00f6zlerini yaqqan \u00e7eh studentlerini\u00f1 eykellerine \u00e7e\u00e7ekler qoyd\u0131<\/p>\n\n\n\n<p>Meclis reisi Mustafa Cemilev devletlerini Var\u015fava a\u00f1la\u015fmas\u0131 qo\u015funlar\u0131 i\u015f\u011fal etmesine qar\u015f\u0131 \u00f6zlerini yaqqan \u00e7eh studentleri Yan Palah ve Yan Zayitsni\u00f1 eykellerine Q\u0131r\u0131mtatar halq\u0131 Meclisini\u00f1 ad\u0131ndan \u00e7e\u00e7ekler qoyd\u0131<\/p>\n\n\n\n<p>2011 senesi okt\u00e2br 11 k\u00fcn\u00fc Meclis reisi Mustafa Cemilev, bun\u0131\u00f1 kibi de on\u0131\u00f1 yard\u0131mc\u0131lar\u0131 Rustem \u00dcmerov ve Liliya M\u00fcslimova Pragan\u0131\u00f1 Vatslav meydan\u0131nda studetler areketini\u00f1 faalleri v Yan Palah ve Yan Zayitsni\u00f1 eykellerine \u015ferit \u00fczerinde &#8220;\u00d6z halq\u0131n\u0131\u00f1 qaramanlar\u0131 \u2013 Yan Palah ve Yan Zayitslk Q\u0131r\u0131mtatar halq\u0131 Meclisini\u00f1 ad\u0131ndan&#8221; dep. yaz\u0131l\u011fan g\u00fcl\u00e7ember qoyd\u0131lar.<\/p>\n\n\n\n<p>Eykel Pragan\u0131\u00f1 merkeziy meydanlar\u0131nda birinde, 1969 senesi yanvar ay\u0131nda 21 ya\u015fl\u0131 Yan Palah kendini yaqqan Vatslav meydan\u0131nda tiklendi. Ces\u00fcr gen\u00e7 vatanperver bedenini\u00f1 85 fay\u0131z\u0131 yan\u0131p, o \u00fc\u00e7 k\u00fcn ya\u015fap, so\u00f1ra vefat etti. &#8220;Men munda ol\u0131p ke\u00e7eyatqan adisege naraz\u0131l\u0131\u011f\u0131mn\u0131 bildirmek, halq\u0131m\u0131zn\u0131 uyand\u0131rmaq istegen dim\u2026&#8221; &#8211; dedi Yan Palah zornen nefes alaraq. 1969 senesi fevral ay\u0131nda Yan Palahn\u0131\u00f1 yapqan\u0131n\u0131 18 ya\u015fl\u0131 Yan Zayits de tekrarlad\u0131.<\/p>\n\n\n\n<p>\u00c7eh studentlerini\u00f1 ekisi de Var\u015fava a\u00f1la\u015fmas\u0131n\u0131 imzala\u011fan devletler \u00c7ehoslovakiya\u011fa &#8220;Praga baarini&#8221; taptamaq i\u00e7\u00fcn kirsetilgen qo\u015funlar\u011fa qar\u015f\u0131 \u00e7\u0131qt\u0131lar.<\/p>\n\n\n\n<p>Pragan\u0131\u00f1 merkeziy meydanlar\u0131ndan biri Yan Palahn\u0131\u00f1 ad\u0131n\u0131 ta\u015f\u0131y, bun\u0131\u00f1 kibi de Vatslav meydan\u0131nda Milliy m\u00fczey qar\u015f\u0131s\u0131nda on\u0131\u00f1 \u015ferefine a\u011fa\u00e7tan yasal\u011fan ha\u00e7 turmaqta. Palah ve Zayits eykelleri yan\u0131nda turar eken Mustafa Cemilev, q\u0131r\u0131mtatar halq\u0131 Vatanda ya\u015famaq uquq\u0131 i\u00e7\u00fcn 23 iy\u00fcn 1978 senesi \u00f6z\u00fcni yaqqan Musa Mamutn\u0131\u00f1 ad\u0131n\u0131 unutma\u011fan\u0131n\u0131 qayd etti.<\/p>\n\n\n\n<p>Musa MAMUT 1978 senesi 28 iy\u00fcn k\u00fcn\u00fc Aqmescit hastahanesinde yapt\u0131\u011f\u0131na i\u00e7 de pe\u015fman olma\u011fan\u0131 alda ve bu areketini q\u0131r\u0131mtatar halq\u0131n\u0131\u00f1 aq-uquqlar\u0131 taptalmas\u0131na qar\u015f\u0131 yapqan\u0131n\u0131 ayt\u0131p \u00f6ldi&#8221;, dedi M. Cemilev.<\/p>\n\n\n\n<p>Maqalede\u00a0www.kirimtatar.com\u00a0saifesindeki mal\u00fcmatlardan faydalan\u0131ld\u0131<\/p>\n\n\n\n<figure class=\"wp-block-gallery columns-3 is-cropped wp-block-gallery-1 is-layout-flex wp-block-gallery-is-layout-flex\"><ul class=\"blocks-gallery-grid\"><li class=\"blocks-gallery-item\"><figure><a href=\"http:\/\/qtmm.org\/wp-content\/uploads\/2022\/01\/4e9bd1c2e87b1.jpeg\"><img loading=\"lazy\" decoding=\"async\" width=\"640\" height=\"480\" src=\"http:\/\/qtmm.org\/wp-content\/uploads\/2022\/01\/4e9bd1c2e87b1.jpeg\" alt=\"\" data-id=\"26471\" data-full-url=\"http:\/\/qtmm.org\/wp-content\/uploads\/2022\/01\/4e9bd1c2e87b1.jpeg\" data-link=\"http:\/\/qtmm.org\/qt\/?attachment_id=26471\" class=\"wp-image-26471\" srcset=\"https:\/\/qtmm.org\/wp-content\/uploads\/2022\/01\/4e9bd1c2e87b1.jpeg 640w, https:\/\/qtmm.org\/wp-content\/uploads\/2022\/01\/4e9bd1c2e87b1-300x225.jpeg 300w\" sizes=\"auto, (max-width: 640px) 100vw, 640px\" \/><\/a><\/figure><\/li><li class=\"blocks-gallery-item\"><figure><a href=\"http:\/\/qtmm.org\/wp-content\/uploads\/2022\/01\/4e9bd1c3d6e16.jpeg\"><img loading=\"lazy\" decoding=\"async\" width=\"640\" height=\"480\" src=\"http:\/\/qtmm.org\/wp-content\/uploads\/2022\/01\/4e9bd1c3d6e16.jpeg\" alt=\"\" data-id=\"26475\" data-full-url=\"http:\/\/qtmm.org\/wp-content\/uploads\/2022\/01\/4e9bd1c3d6e16.jpeg\" data-link=\"http:\/\/qtmm.org\/qt\/?attachment_id=26475\" class=\"wp-image-26475\" srcset=\"https:\/\/qtmm.org\/wp-content\/uploads\/2022\/01\/4e9bd1c3d6e16.jpeg 640w, https:\/\/qtmm.org\/wp-content\/uploads\/2022\/01\/4e9bd1c3d6e16-300x225.jpeg 300w\" sizes=\"auto, (max-width: 640px) 100vw, 640px\" \/><\/a><\/figure><\/li><li class=\"blocks-gallery-item\"><figure><a href=\"http:\/\/qtmm.org\/wp-content\/uploads\/2022\/01\/4e9bd1c4a0a9d.jpeg\"><img loading=\"lazy\" decoding=\"async\" width=\"640\" height=\"480\" src=\"http:\/\/qtmm.org\/wp-content\/uploads\/2022\/01\/4e9bd1c4a0a9d.jpeg\" alt=\"\" data-id=\"26479\" data-full-url=\"http:\/\/qtmm.org\/wp-content\/uploads\/2022\/01\/4e9bd1c4a0a9d.jpeg\" data-link=\"http:\/\/qtmm.org\/qt\/?attachment_id=26479\" class=\"wp-image-26479\" srcset=\"https:\/\/qtmm.org\/wp-content\/uploads\/2022\/01\/4e9bd1c4a0a9d.jpeg 640w, https:\/\/qtmm.org\/wp-content\/uploads\/2022\/01\/4e9bd1c4a0a9d-300x225.jpeg 300w\" sizes=\"auto, (max-width: 640px) 100vw, 640px\" \/><\/a><\/figure><\/li><li class=\"blocks-gallery-item\"><figure><a href=\"http:\/\/qtmm.org\/wp-content\/uploads\/2022\/01\/4e9bd1c38edb9.jpeg\"><img loading=\"lazy\" decoding=\"async\" width=\"640\" height=\"480\" src=\"http:\/\/qtmm.org\/wp-content\/uploads\/2022\/01\/4e9bd1c38edb9.jpeg\" alt=\"\" data-id=\"26483\" data-full-url=\"http:\/\/qtmm.org\/wp-content\/uploads\/2022\/01\/4e9bd1c38edb9.jpeg\" data-link=\"http:\/\/qtmm.org\/qt\/?attachment_id=26483\" class=\"wp-image-26483\" srcset=\"https:\/\/qtmm.org\/wp-content\/uploads\/2022\/01\/4e9bd1c38edb9.jpeg 640w, https:\/\/qtmm.org\/wp-content\/uploads\/2022\/01\/4e9bd1c38edb9-300x225.jpeg 300w\" sizes=\"auto, (max-width: 640px) 100vw, 640px\" \/><\/a><\/figure><\/li><li class=\"blocks-gallery-item\"><figure><a href=\"http:\/\/qtmm.org\/wp-content\/uploads\/2022\/01\/4e9bd1c45ff9a.jpeg\"><img loading=\"lazy\" decoding=\"async\" width=\"640\" height=\"480\" src=\"http:\/\/qtmm.org\/wp-content\/uploads\/2022\/01\/4e9bd1c45ff9a.jpeg\" alt=\"\" data-id=\"26487\" data-full-url=\"http:\/\/qtmm.org\/wp-content\/uploads\/2022\/01\/4e9bd1c45ff9a.jpeg\" data-link=\"http:\/\/qtmm.org\/qt\/?attachment_id=26487\" class=\"wp-image-26487\" srcset=\"https:\/\/qtmm.org\/wp-content\/uploads\/2022\/01\/4e9bd1c45ff9a.jpeg 640w, https:\/\/qtmm.org\/wp-content\/uploads\/2022\/01\/4e9bd1c45ff9a-300x225.jpeg 300w\" sizes=\"auto, (max-width: 640px) 100vw, 640px\" \/><\/a><\/figure><\/li><li class=\"blocks-gallery-item\"><figure><a href=\"http:\/\/qtmm.org\/wp-content\/uploads\/2022\/01\/4e9bd1c337b73.jpeg\"><img loading=\"lazy\" decoding=\"async\" width=\"640\" height=\"480\" src=\"http:\/\/qtmm.org\/wp-content\/uploads\/2022\/01\/4e9bd1c337b73.jpeg\" alt=\"\" data-id=\"26491\" data-full-url=\"http:\/\/qtmm.org\/wp-content\/uploads\/2022\/01\/4e9bd1c337b73.jpeg\" data-link=\"http:\/\/qtmm.org\/qt\/?attachment_id=26491\" class=\"wp-image-26491\" srcset=\"https:\/\/qtmm.org\/wp-content\/uploads\/2022\/01\/4e9bd1c337b73.jpeg 640w, https:\/\/qtmm.org\/wp-content\/uploads\/2022\/01\/4e9bd1c337b73-300x225.jpeg 300w\" sizes=\"auto, (max-width: 640px) 100vw, 640px\" \/><\/a><\/figure><\/li><li class=\"blocks-gallery-item\"><figure><a href=\"http:\/\/qtmm.org\/wp-content\/uploads\/2022\/01\/4e9bd1c421bc0.jpeg\"><img loading=\"lazy\" decoding=\"async\" width=\"640\" height=\"480\" src=\"http:\/\/qtmm.org\/wp-content\/uploads\/2022\/01\/4e9bd1c421bc0.jpeg\" alt=\"\" data-id=\"26495\" data-full-url=\"http:\/\/qtmm.org\/wp-content\/uploads\/2022\/01\/4e9bd1c421bc0.jpeg\" data-link=\"http:\/\/qtmm.org\/qt\/?attachment_id=26495\" class=\"wp-image-26495\" srcset=\"https:\/\/qtmm.org\/wp-content\/uploads\/2022\/01\/4e9bd1c421bc0.jpeg 640w, https:\/\/qtmm.org\/wp-content\/uploads\/2022\/01\/4e9bd1c421bc0-300x225.jpeg 300w\" sizes=\"auto, (max-width: 640px) 100vw, 640px\" \/><\/a><\/figure><\/li><li class=\"blocks-gallery-item\"><figure><a href=\"http:\/\/qtmm.org\/wp-content\/uploads\/2022\/01\/4e9bd1c28327b.jpeg\"><img loading=\"lazy\" decoding=\"async\" width=\"640\" height=\"480\" src=\"http:\/\/qtmm.org\/wp-content\/uploads\/2022\/01\/4e9bd1c28327b.jpeg\" alt=\"\" data-id=\"26499\" data-full-url=\"http:\/\/qtmm.org\/wp-content\/uploads\/2022\/01\/4e9bd1c28327b.jpeg\" data-link=\"http:\/\/qtmm.org\/qt\/?attachment_id=26499\" class=\"wp-image-26499\" srcset=\"https:\/\/qtmm.org\/wp-content\/uploads\/2022\/01\/4e9bd1c28327b.jpeg 640w, https:\/\/qtmm.org\/wp-content\/uploads\/2022\/01\/4e9bd1c28327b-300x225.jpeg 300w\" sizes=\"auto, (max-width: 640px) 100vw, 640px\" \/><\/a><\/figure><\/li><\/ul><\/figure>\n","protected":false},"excerpt":{"rendered":"<p>Q\u0131r\u0131mtatar halq\u0131 Meclisini\u00f1 reisi Mustafa Cemilev devletlerini Var\u015fava a\u00f1la\u015fmas\u0131 qo\u015funlar\u0131 i\u015f\u011fal etmesine qar\u015f\u0131 \u00f6zlerini yaqqan \u00e7eh studentlerini\u00f1 eykellerine \u00e7e\u00e7ekler qoyd\u0131 Meclis reisi Mustafa Cemilev devletlerini Var\u015fava a\u00f1la\u015fmas\u0131 qo\u015funlar\u0131 i\u015f\u011fal etmesine qar\u015f\u0131 \u00f6zlerini yaqqan \u00e7eh studentleri Yan Palah ve Yan Zayitsni\u00f1 eykellerine Q\u0131r\u0131mtatar halq\u0131 Meclisini\u00f1 ad\u0131ndan \u00e7e\u00e7ekler qoyd\u0131 2011 senesi okt\u00e2br 11 k\u00fcn\u00fc Meclis reisi Mustafa [&hellip;]<\/p>\n","protected":false},"author":1,"featured_media":26471,"comment_status":"open","ping_status":"open","sticky":false,"template":"","format":"standard","meta":{"inline_featured_image":false,"footnotes":""},"categories":[265],"tags":[],"class_list":["post-26470","post","type-post","status-publish","format-standard","has-post-thumbnail","hentry","category-haberler"],"acf":[],"yoast_head":"<!-- This site is optimized with the Yoast SEO plugin v27.4 - https:\/\/yoast.com\/product\/yoast-seo-wordpress\/ -->\n<title>Pragada Yan Palah ve Yan Zayits eykellerine \u00e7e\u00e7ekler - \u041c\u0435\u0434\u0436\u043b\u0456\u0441<\/title>\n<meta name=\"robots\" content=\"index, follow, max-snippet:-1, max-image-preview:large, max-video-preview:-1\" \/>\n<link rel=\"canonical\" href=\"https:\/\/qtmm.org\/qt\/pragada-yan-palah-ve-yan-zayits-eykellerine-cecekler\/\" \/>\n<meta property=\"og:locale\" content=\"en_US\" \/>\n<meta property=\"og:type\" content=\"article\" \/>\n<meta property=\"og:title\" content=\"Pragada Yan Palah ve Yan Zayits eykellerine \u00e7e\u00e7ekler - \u041c\u0435\u0434\u0436\u043b\u0456\u0441\" \/>\n<meta property=\"og:description\" content=\"Q\u0131r\u0131mtatar halq\u0131 Meclisini\u00f1 reisi Mustafa Cemilev devletlerini Var\u015fava a\u00f1la\u015fmas\u0131 qo\u015funlar\u0131 i\u015f\u011fal etmesine qar\u015f\u0131 \u00f6zlerini yaqqan \u00e7eh studentlerini\u00f1 eykellerine \u00e7e\u00e7ekler qoyd\u0131 Meclis reisi Mustafa Cemilev devletlerini Var\u015fava a\u00f1la\u015fmas\u0131 qo\u015funlar\u0131 i\u015f\u011fal etmesine qar\u015f\u0131 \u00f6zlerini yaqqan \u00e7eh studentleri Yan Palah ve Yan Zayitsni\u00f1 eykellerine Q\u0131r\u0131mtatar halq\u0131 Meclisini\u00f1 ad\u0131ndan \u00e7e\u00e7ekler qoyd\u0131 2011 senesi okt\u00e2br 11 k\u00fcn\u00fc Meclis reisi Mustafa [&hellip;]\" \/>\n<meta property=\"og:url\" content=\"https:\/\/qtmm.org\/qt\/pragada-yan-palah-ve-yan-zayits-eykellerine-cecekler\/\" \/>\n<meta property=\"og:site_name\" content=\"\u041c\u0435\u0434\u0436\u043b\u0456\u0441\" \/>\n<meta property=\"article:publisher\" content=\"https:\/\/www.facebook.com\/qtmm.info\/\" \/>\n<meta property=\"article:published_time\" content=\"2011-10-12T13:37:00+00:00\" \/>\n<meta property=\"article:modified_time\" content=\"2022-01-19T13:39:06+00:00\" \/>\n<meta property=\"og:image\" content=\"https:\/\/qtmm.org\/wp-content\/uploads\/2022\/01\/4e9bd1c2e87b1.jpeg\" \/>\n\t<meta property=\"og:image:width\" content=\"640\" \/>\n\t<meta property=\"og:image:height\" content=\"480\" \/>\n\t<meta property=\"og:image:type\" content=\"image\/jpeg\" \/>\n<meta name=\"author\" content=\"Developer\" \/>\n<meta name=\"twitter:card\" content=\"summary_large_image\" \/>\n<meta name=\"twitter:label1\" content=\"Written by\" \/>\n\t<meta name=\"twitter:data1\" content=\"Developer\" \/>\n\t<meta name=\"twitter:label2\" content=\"Est. reading time\" \/>\n\t<meta name=\"twitter:data2\" content=\"2 minutes\" \/>\n<script type=\"application\/ld+json\" class=\"yoast-schema-graph\">{\"@context\":\"https:\\\/\\\/schema.org\",\"@graph\":[{\"@type\":\"Article\",\"@id\":\"https:\\\/\\\/qtmm.org\\\/qt\\\/pragada-yan-palah-ve-yan-zayits-eykellerine-cecekler\\\/#article\",\"isPartOf\":{\"@id\":\"https:\\\/\\\/qtmm.org\\\/qt\\\/pragada-yan-palah-ve-yan-zayits-eykellerine-cecekler\\\/\"},\"author\":{\"name\":\"Developer\",\"@id\":\"https:\\\/\\\/qtmm.org\\\/qt\\\/#\\\/schema\\\/person\\\/de562469f971dec226ac06e60bbf74a7\"},\"headline\":\"Pragada Yan Palah ve Yan Zayits eykellerine \u00e7e\u00e7ekler\",\"datePublished\":\"2011-10-12T13:37:00+00:00\",\"dateModified\":\"2022-01-19T13:39:06+00:00\",\"mainEntityOfPage\":{\"@id\":\"https:\\\/\\\/qtmm.org\\\/qt\\\/pragada-yan-palah-ve-yan-zayits-eykellerine-cecekler\\\/\"},\"wordCount\":354,\"commentCount\":0,\"publisher\":{\"@id\":\"https:\\\/\\\/qtmm.org\\\/qt\\\/#organization\"},\"image\":{\"@id\":\"https:\\\/\\\/qtmm.org\\\/qt\\\/pragada-yan-palah-ve-yan-zayits-eykellerine-cecekler\\\/#primaryimage\"},\"thumbnailUrl\":\"https:\\\/\\\/qtmm.org\\\/wp-content\\\/uploads\\\/2022\\\/01\\\/4e9bd1c2e87b1.jpeg\",\"articleSection\":[\"Haberler\"],\"inLanguage\":\"qt\",\"potentialAction\":[{\"@type\":\"CommentAction\",\"name\":\"Comment\",\"target\":[\"https:\\\/\\\/qtmm.org\\\/qt\\\/pragada-yan-palah-ve-yan-zayits-eykellerine-cecekler\\\/#respond\"]}]},{\"@type\":\"WebPage\",\"@id\":\"https:\\\/\\\/qtmm.org\\\/qt\\\/pragada-yan-palah-ve-yan-zayits-eykellerine-cecekler\\\/\",\"url\":\"https:\\\/\\\/qtmm.org\\\/qt\\\/pragada-yan-palah-ve-yan-zayits-eykellerine-cecekler\\\/\",\"name\":\"Pragada Yan Palah ve Yan Zayits eykellerine \u00e7e\u00e7ekler - \u041c\u0435\u0434\u0436\u043b\u0456\u0441\",\"isPartOf\":{\"@id\":\"https:\\\/\\\/qtmm.org\\\/qt\\\/#website\"},\"primaryImageOfPage\":{\"@id\":\"https:\\\/\\\/qtmm.org\\\/qt\\\/pragada-yan-palah-ve-yan-zayits-eykellerine-cecekler\\\/#primaryimage\"},\"image\":{\"@id\":\"https:\\\/\\\/qtmm.org\\\/qt\\\/pragada-yan-palah-ve-yan-zayits-eykellerine-cecekler\\\/#primaryimage\"},\"thumbnailUrl\":\"https:\\\/\\\/qtmm.org\\\/wp-content\\\/uploads\\\/2022\\\/01\\\/4e9bd1c2e87b1.jpeg\",\"datePublished\":\"2011-10-12T13:37:00+00:00\",\"dateModified\":\"2022-01-19T13:39:06+00:00\",\"breadcrumb\":{\"@id\":\"https:\\\/\\\/qtmm.org\\\/qt\\\/pragada-yan-palah-ve-yan-zayits-eykellerine-cecekler\\\/#breadcrumb\"},\"inLanguage\":\"qt\",\"potentialAction\":[{\"@type\":\"ReadAction\",\"target\":[\"https:\\\/\\\/qtmm.org\\\/qt\\\/pragada-yan-palah-ve-yan-zayits-eykellerine-cecekler\\\/\"]}]},{\"@type\":\"ImageObject\",\"inLanguage\":\"qt\",\"@id\":\"https:\\\/\\\/qtmm.org\\\/qt\\\/pragada-yan-palah-ve-yan-zayits-eykellerine-cecekler\\\/#primaryimage\",\"url\":\"https:\\\/\\\/qtmm.org\\\/wp-content\\\/uploads\\\/2022\\\/01\\\/4e9bd1c2e87b1.jpeg\",\"contentUrl\":\"https:\\\/\\\/qtmm.org\\\/wp-content\\\/uploads\\\/2022\\\/01\\\/4e9bd1c2e87b1.jpeg\",\"width\":640,\"height\":480},{\"@type\":\"BreadcrumbList\",\"@id\":\"https:\\\/\\\/qtmm.org\\\/qt\\\/pragada-yan-palah-ve-yan-zayits-eykellerine-cecekler\\\/#breadcrumb\",\"itemListElement\":[{\"@type\":\"ListItem\",\"position\":1,\"name\":\"\u0413\u043e\u043b\u043e\u0432\u043d\u0430\",\"item\":\"https:\\\/\\\/qtmm.org\\\/qt\\\/\"},{\"@type\":\"ListItem\",\"position\":2,\"name\":\"Pragada Yan Palah ve Yan Zayits eykellerine \u00e7e\u00e7ekler\"}]},{\"@type\":\"WebSite\",\"@id\":\"https:\\\/\\\/qtmm.org\\\/qt\\\/#website\",\"url\":\"https:\\\/\\\/qtmm.org\\\/qt\\\/\",\"name\":\"\u041c\u0435\u0434\u0436\u043b\u0456\u0441\",\"description\":\"\",\"publisher\":{\"@id\":\"https:\\\/\\\/qtmm.org\\\/qt\\\/#organization\"},\"potentialAction\":[{\"@type\":\"SearchAction\",\"target\":{\"@type\":\"EntryPoint\",\"urlTemplate\":\"https:\\\/\\\/qtmm.org\\\/qt\\\/?s={search_term_string}\"},\"query-input\":{\"@type\":\"PropertyValueSpecification\",\"valueRequired\":true,\"valueName\":\"search_term_string\"}}],\"inLanguage\":\"qt\"},{\"@type\":\"Organization\",\"@id\":\"https:\\\/\\\/qtmm.org\\\/qt\\\/#organization\",\"name\":\"\u041c\u0435\u0434\u0436\u043b\u0456\u0441\",\"url\":\"https:\\\/\\\/qtmm.org\\\/qt\\\/\",\"logo\":{\"@type\":\"ImageObject\",\"inLanguage\":\"qt\",\"@id\":\"https:\\\/\\\/qtmm.org\\\/qt\\\/#\\\/schema\\\/logo\\\/image\\\/\",\"url\":\"https:\\\/\\\/qtmm.org\\\/wp-content\\\/uploads\\\/2024\\\/12\\\/ua-mejlis-logo-rgb.svg\",\"contentUrl\":\"https:\\\/\\\/qtmm.org\\\/wp-content\\\/uploads\\\/2024\\\/12\\\/ua-mejlis-logo-rgb.svg\",\"caption\":\"\u041c\u0435\u0434\u0436\u043b\u0456\u0441\"},\"image\":{\"@id\":\"https:\\\/\\\/qtmm.org\\\/qt\\\/#\\\/schema\\\/logo\\\/image\\\/\"},\"sameAs\":[\"https:\\\/\\\/www.facebook.com\\\/qtmm.info\\\/\"]},{\"@type\":\"Person\",\"@id\":\"https:\\\/\\\/qtmm.org\\\/qt\\\/#\\\/schema\\\/person\\\/de562469f971dec226ac06e60bbf74a7\",\"name\":\"Developer\",\"image\":{\"@type\":\"ImageObject\",\"inLanguage\":\"qt\",\"@id\":\"https:\\\/\\\/secure.gravatar.com\\\/avatar\\\/392b4cc8fbfeb00b39dfeeab4ee6edded39ffd48e25858637e4765810300227e?s=96&d=mm&r=g\",\"url\":\"https:\\\/\\\/secure.gravatar.com\\\/avatar\\\/392b4cc8fbfeb00b39dfeeab4ee6edded39ffd48e25858637e4765810300227e?s=96&d=mm&r=g\",\"contentUrl\":\"https:\\\/\\\/secure.gravatar.com\\\/avatar\\\/392b4cc8fbfeb00b39dfeeab4ee6edded39ffd48e25858637e4765810300227e?s=96&d=mm&r=g\",\"caption\":\"Developer\"},\"url\":\"https:\\\/\\\/qtmm.org\\\/qt\\\/author\\\/Developer\\\/\"}]}<\/script>\n<!-- \/ Yoast SEO plugin. -->","yoast_head_json":{"title":"Pragada Yan Palah ve Yan Zayits eykellerine \u00e7e\u00e7ekler - \u041c\u0435\u0434\u0436\u043b\u0456\u0441","robots":{"index":"index","follow":"follow","max-snippet":"max-snippet:-1","max-image-preview":"max-image-preview:large","max-video-preview":"max-video-preview:-1"},"canonical":"https:\/\/qtmm.org\/qt\/pragada-yan-palah-ve-yan-zayits-eykellerine-cecekler\/","og_locale":"en_US","og_type":"article","og_title":"Pragada Yan Palah ve Yan Zayits eykellerine \u00e7e\u00e7ekler - \u041c\u0435\u0434\u0436\u043b\u0456\u0441","og_description":"Q\u0131r\u0131mtatar halq\u0131 Meclisini\u00f1 reisi Mustafa Cemilev devletlerini Var\u015fava a\u00f1la\u015fmas\u0131 qo\u015funlar\u0131 i\u015f\u011fal etmesine qar\u015f\u0131 \u00f6zlerini yaqqan \u00e7eh studentlerini\u00f1 eykellerine \u00e7e\u00e7ekler qoyd\u0131 Meclis reisi Mustafa Cemilev devletlerini Var\u015fava a\u00f1la\u015fmas\u0131 qo\u015funlar\u0131 i\u015f\u011fal etmesine qar\u015f\u0131 \u00f6zlerini yaqqan \u00e7eh studentleri Yan Palah ve Yan Zayitsni\u00f1 eykellerine Q\u0131r\u0131mtatar halq\u0131 Meclisini\u00f1 ad\u0131ndan \u00e7e\u00e7ekler qoyd\u0131 2011 senesi okt\u00e2br 11 k\u00fcn\u00fc Meclis reisi Mustafa [&hellip;]","og_url":"https:\/\/qtmm.org\/qt\/pragada-yan-palah-ve-yan-zayits-eykellerine-cecekler\/","og_site_name":"\u041c\u0435\u0434\u0436\u043b\u0456\u0441","article_publisher":"https:\/\/www.facebook.com\/qtmm.info\/","article_published_time":"2011-10-12T13:37:00+00:00","article_modified_time":"2022-01-19T13:39:06+00:00","og_image":[{"width":640,"height":480,"url":"https:\/\/qtmm.org\/wp-content\/uploads\/2022\/01\/4e9bd1c2e87b1.jpeg","type":"image\/jpeg"}],"author":"Developer","twitter_card":"summary_large_image","twitter_misc":{"Written by":"Developer","Est. reading time":"2 minutes"},"schema":{"@context":"https:\/\/schema.org","@graph":[{"@type":"Article","@id":"https:\/\/qtmm.org\/qt\/pragada-yan-palah-ve-yan-zayits-eykellerine-cecekler\/#article","isPartOf":{"@id":"https:\/\/qtmm.org\/qt\/pragada-yan-palah-ve-yan-zayits-eykellerine-cecekler\/"},"author":{"name":"Developer","@id":"https:\/\/qtmm.org\/qt\/#\/schema\/person\/de562469f971dec226ac06e60bbf74a7"},"headline":"Pragada Yan Palah ve Yan Zayits eykellerine \u00e7e\u00e7ekler","datePublished":"2011-10-12T13:37:00+00:00","dateModified":"2022-01-19T13:39:06+00:00","mainEntityOfPage":{"@id":"https:\/\/qtmm.org\/qt\/pragada-yan-palah-ve-yan-zayits-eykellerine-cecekler\/"},"wordCount":354,"commentCount":0,"publisher":{"@id":"https:\/\/qtmm.org\/qt\/#organization"},"image":{"@id":"https:\/\/qtmm.org\/qt\/pragada-yan-palah-ve-yan-zayits-eykellerine-cecekler\/#primaryimage"},"thumbnailUrl":"https:\/\/qtmm.org\/wp-content\/uploads\/2022\/01\/4e9bd1c2e87b1.jpeg","articleSection":["Haberler"],"inLanguage":"qt","potentialAction":[{"@type":"CommentAction","name":"Comment","target":["https:\/\/qtmm.org\/qt\/pragada-yan-palah-ve-yan-zayits-eykellerine-cecekler\/#respond"]}]},{"@type":"WebPage","@id":"https:\/\/qtmm.org\/qt\/pragada-yan-palah-ve-yan-zayits-eykellerine-cecekler\/","url":"https:\/\/qtmm.org\/qt\/pragada-yan-palah-ve-yan-zayits-eykellerine-cecekler\/","name":"Pragada Yan Palah ve Yan Zayits eykellerine \u00e7e\u00e7ekler - \u041c\u0435\u0434\u0436\u043b\u0456\u0441","isPartOf":{"@id":"https:\/\/qtmm.org\/qt\/#website"},"primaryImageOfPage":{"@id":"https:\/\/qtmm.org\/qt\/pragada-yan-palah-ve-yan-zayits-eykellerine-cecekler\/#primaryimage"},"image":{"@id":"https:\/\/qtmm.org\/qt\/pragada-yan-palah-ve-yan-zayits-eykellerine-cecekler\/#primaryimage"},"thumbnailUrl":"https:\/\/qtmm.org\/wp-content\/uploads\/2022\/01\/4e9bd1c2e87b1.jpeg","datePublished":"2011-10-12T13:37:00+00:00","dateModified":"2022-01-19T13:39:06+00:00","breadcrumb":{"@id":"https:\/\/qtmm.org\/qt\/pragada-yan-palah-ve-yan-zayits-eykellerine-cecekler\/#breadcrumb"},"inLanguage":"qt","potentialAction":[{"@type":"ReadAction","target":["https:\/\/qtmm.org\/qt\/pragada-yan-palah-ve-yan-zayits-eykellerine-cecekler\/"]}]},{"@type":"ImageObject","inLanguage":"qt","@id":"https:\/\/qtmm.org\/qt\/pragada-yan-palah-ve-yan-zayits-eykellerine-cecekler\/#primaryimage","url":"https:\/\/qtmm.org\/wp-content\/uploads\/2022\/01\/4e9bd1c2e87b1.jpeg","contentUrl":"https:\/\/qtmm.org\/wp-content\/uploads\/2022\/01\/4e9bd1c2e87b1.jpeg","width":640,"height":480},{"@type":"BreadcrumbList","@id":"https:\/\/qtmm.org\/qt\/pragada-yan-palah-ve-yan-zayits-eykellerine-cecekler\/#breadcrumb","itemListElement":[{"@type":"ListItem","position":1,"name":"\u0413\u043e\u043b\u043e\u0432\u043d\u0430","item":"https:\/\/qtmm.org\/qt\/"},{"@type":"ListItem","position":2,"name":"Pragada Yan Palah ve Yan Zayits eykellerine \u00e7e\u00e7ekler"}]},{"@type":"WebSite","@id":"https:\/\/qtmm.org\/qt\/#website","url":"https:\/\/qtmm.org\/qt\/","name":"\u041c\u0435\u0434\u0436\u043b\u0456\u0441","description":"","publisher":{"@id":"https:\/\/qtmm.org\/qt\/#organization"},"potentialAction":[{"@type":"SearchAction","target":{"@type":"EntryPoint","urlTemplate":"https:\/\/qtmm.org\/qt\/?s={search_term_string}"},"query-input":{"@type":"PropertyValueSpecification","valueRequired":true,"valueName":"search_term_string"}}],"inLanguage":"qt"},{"@type":"Organization","@id":"https:\/\/qtmm.org\/qt\/#organization","name":"\u041c\u0435\u0434\u0436\u043b\u0456\u0441","url":"https:\/\/qtmm.org\/qt\/","logo":{"@type":"ImageObject","inLanguage":"qt","@id":"https:\/\/qtmm.org\/qt\/#\/schema\/logo\/image\/","url":"https:\/\/qtmm.org\/wp-content\/uploads\/2024\/12\/ua-mejlis-logo-rgb.svg","contentUrl":"https:\/\/qtmm.org\/wp-content\/uploads\/2024\/12\/ua-mejlis-logo-rgb.svg","caption":"\u041c\u0435\u0434\u0436\u043b\u0456\u0441"},"image":{"@id":"https:\/\/qtmm.org\/qt\/#\/schema\/logo\/image\/"},"sameAs":["https:\/\/www.facebook.com\/qtmm.info\/"]},{"@type":"Person","@id":"https:\/\/qtmm.org\/qt\/#\/schema\/person\/de562469f971dec226ac06e60bbf74a7","name":"Developer","image":{"@type":"ImageObject","inLanguage":"qt","@id":"https:\/\/secure.gravatar.com\/avatar\/392b4cc8fbfeb00b39dfeeab4ee6edded39ffd48e25858637e4765810300227e?s=96&d=mm&r=g","url":"https:\/\/secure.gravatar.com\/avatar\/392b4cc8fbfeb00b39dfeeab4ee6edded39ffd48e25858637e4765810300227e?s=96&d=mm&r=g","contentUrl":"https:\/\/secure.gravatar.com\/avatar\/392b4cc8fbfeb00b39dfeeab4ee6edded39ffd48e25858637e4765810300227e?s=96&d=mm&r=g","caption":"Developer"},"url":"https:\/\/qtmm.org\/qt\/author\/Developer\/"}]}},"_links":{"self":[{"href":"https:\/\/qtmm.org\/qt\/wp-json\/wp\/v2\/posts\/26470","targetHints":{"allow":["GET"]}}],"collection":[{"href":"https:\/\/qtmm.org\/qt\/wp-json\/wp\/v2\/posts"}],"about":[{"href":"https:\/\/qtmm.org\/qt\/wp-json\/wp\/v2\/types\/post"}],"author":[{"embeddable":true,"href":"https:\/\/qtmm.org\/qt\/wp-json\/wp\/v2\/users\/1"}],"replies":[{"embeddable":true,"href":"https:\/\/qtmm.org\/qt\/wp-json\/wp\/v2\/comments?post=26470"}],"version-history":[{"count":1,"href":"https:\/\/qtmm.org\/qt\/wp-json\/wp\/v2\/posts\/26470\/revisions"}],"predecessor-version":[{"id":26503,"href":"https:\/\/qtmm.org\/qt\/wp-json\/wp\/v2\/posts\/26470\/revisions\/26503"}],"wp:featuredmedia":[{"embeddable":true,"href":"https:\/\/qtmm.org\/qt\/wp-json\/wp\/v2\/media\/26471"}],"wp:attachment":[{"href":"https:\/\/qtmm.org\/qt\/wp-json\/wp\/v2\/media?parent=26470"}],"wp:term":[{"taxonomy":"category","embeddable":true,"href":"https:\/\/qtmm.org\/qt\/wp-json\/wp\/v2\/categories?post=26470"},{"taxonomy":"post_tag","embeddable":true,"href":"https:\/\/qtmm.org\/qt\/wp-json\/wp\/v2\/tags?post=26470"}],"curies":[{"name":"wp","href":"https:\/\/api.w.org\/{rel}","templated":true}]}}