




{"id":26414,"date":"2011-10-12T16:34:00","date_gmt":"2011-10-12T13:34:00","guid":{"rendered":"http:\/\/qtmm.org\/?p=26414"},"modified":"2022-01-19T16:35:24","modified_gmt":"2022-01-19T13:35:24","slug":"avstraliyanin-belli-siyasetcisi-ukrain-akimiyeti-ve-qirimtatarlar-arasinda-eyi-munasebet-sekillenmesini-zarur-dep-saya","status":"publish","type":"post","link":"https:\/\/qtmm.org\/qt\/avstraliyanin-belli-siyasetcisi-ukrain-akimiyeti-ve-qirimtatarlar-arasinda-eyi-munasebet-sekillenmesini-zarur-dep-saya\/","title":{"rendered":"Avstraliyan\u0131\u00f1 belli siyaset\u00e7isi ukrain akimiyeti ve q\u0131r\u0131mtatarlar aras\u0131nda eyi munasebet \u015fekillenmesini zarur, dep saya"},"content":{"rendered":"\n<p>Avstraliyan\u0131\u00f1 belli siyaset\u00e7isi ukrain akimiyeti ve q\u0131r\u0131mtatarlar aras\u0131nda eyi munasebet \u015fekillenmesini zarur, dep saya Meclisni\u00f1 reisi ve Avstraliya T\u0131\u015fq\u0131 i\u015fler naziri (1988-1996 g.g) Halqara forum k\u00f6ntseptsiyas\u0131n\u0131 muzakere ettiler.<\/p>\n\n\n\n<p>Pragada \u00f6tkerilgen &#8220;Forum 2000&#8221; Halqara konferentsiyas\u0131n\u0131\u00f1 i\u015fi vaqt\u0131nda okt\u00e2br 11 k\u00fcn\u00fc Meclis yetek\u00e7isi Mustafa Cemilev Avstraliya T\u0131\u015fq\u0131 i\u015fler naziri (1988-1996gg) Garet Evans ile beraber Q\u0131r\u0131mtatar halq\u0131n\u0131\u00f1 \u00f6z vatan\u0131nda aq-uquqlar\u0131n\u0131 tiklev, on\u0131\u00f1 Ukrainada tel\u00fckesizligi ve inki\u015faf\u0131n\u0131 teminlev boyunca halqara forum\u011fa az\u0131rl\u0131q keti\u015fat\u0131n\u0131 muzakere ettiler.<\/p>\n\n\n\n<p>\u0130nqirazlarn\u0131\u00f1 \u00f6g\u00fcni aluv boyunca halqara gruppan\u0131\u00f1 prezidenti, halqlarara munasebetler saas\u0131nda m\u00fctehass\u0131s G. Evans, q\u0131r\u0131mtatarlarn\u0131\u00f1 vaziyeti ve Forum y\u00f6neli\u015fini muzakere eterek \u015fun\u0131 ayr\u0131ca qayd etti ki, halqara te\u015fkil\u00e2t ve institutlar i\u015ftirakinde \u00f6yle bir forum ke\u00e7irmek l\u00e2zim ki, angisinde ukrain akimiyeti ve q\u0131r\u0131mtatar halq\u0131n\u0131\u00f1 yolba\u015f\u00e7\u0131lar\u0131 aras\u0131nda ameliy dialog \u015fekillensin.<\/p>\n\n\n\n<p>\u0130\u015fbu k\u00f6r\u00fc\u015f\u00fcvde Meclis reisini\u00f1 yard\u0131mc\u0131lar\u0131 Rustem \u00dcmerov ve Liliya M\u00fcslimova da bulund\u0131lar. Ayn\u0131 \u015fu k\u00fcn\u00fc Meclisni\u00f1 ba\u015f\u0131 M.Cemilev \u00c7ehiyada ne\u015fir etilgen &#8220;Tyden&#8221; jurnal\u0131n\u0131\u00f1 q\u0131r\u0131mtatar halq\u0131n\u0131\u00f1 Q\u0131r\u0131m ve Ukrainadaki vaziyetine, bun\u0131\u00f1 kibi de semetde\u015flerimizni\u00f1 Vatan\u011fa qaytuv meselelerine dair suallerine de cevap berdi.<\/p>\n\n\n\n<figure class=\"wp-block-image size-large\"><img loading=\"lazy\" decoding=\"async\" width=\"1024\" height=\"768\" src=\"http:\/\/qtmm.org\/wp-content\/uploads\/2022\/01\/13_1-1-1024x768.jpeg\" alt=\"\" class=\"wp-image-26419\" srcset=\"https:\/\/qtmm.org\/wp-content\/uploads\/2022\/01\/13_1-1-1024x768.jpeg 1024w, https:\/\/qtmm.org\/wp-content\/uploads\/2022\/01\/13_1-1-300x225.jpeg 300w, https:\/\/qtmm.org\/wp-content\/uploads\/2022\/01\/13_1-1-768x576.jpeg 768w, https:\/\/qtmm.org\/wp-content\/uploads\/2022\/01\/13_1-1-1536x1152.jpeg 1536w, https:\/\/qtmm.org\/wp-content\/uploads\/2022\/01\/13_1-1.jpeg 1600w\" sizes=\"auto, (max-width: 1024px) 100vw, 1024px\" \/><\/figure>\n\n\n\n<figure class=\"wp-block-image size-large\"><img loading=\"lazy\" decoding=\"async\" width=\"1024\" height=\"768\" src=\"http:\/\/qtmm.org\/wp-content\/uploads\/2022\/01\/23-1-1024x768.jpeg\" alt=\"\" class=\"wp-image-26423\" srcset=\"https:\/\/qtmm.org\/wp-content\/uploads\/2022\/01\/23-1-1024x768.jpeg 1024w, https:\/\/qtmm.org\/wp-content\/uploads\/2022\/01\/23-1-300x225.jpeg 300w, https:\/\/qtmm.org\/wp-content\/uploads\/2022\/01\/23-1-768x576.jpeg 768w, https:\/\/qtmm.org\/wp-content\/uploads\/2022\/01\/23-1-1536x1152.jpeg 1536w, https:\/\/qtmm.org\/wp-content\/uploads\/2022\/01\/23-1.jpeg 1600w\" sizes=\"auto, (max-width: 1024px) 100vw, 1024px\" \/><\/figure>\n","protected":false},"excerpt":{"rendered":"<p>Avstraliyan\u0131\u00f1 belli siyaset\u00e7isi ukrain akimiyeti ve q\u0131r\u0131mtatarlar aras\u0131nda eyi munasebet \u015fekillenmesini zarur, dep saya Meclisni\u00f1 reisi ve Avstraliya T\u0131\u015fq\u0131 i\u015fler naziri (1988-1996 g.g) Halqara forum k\u00f6ntseptsiyas\u0131n\u0131 muzakere ettiler. Pragada \u00f6tkerilgen &#8220;Forum 2000&#8221; Halqara konferentsiyas\u0131n\u0131\u00f1 i\u015fi vaqt\u0131nda okt\u00e2br 11 k\u00fcn\u00fc Meclis yetek\u00e7isi Mustafa Cemilev Avstraliya T\u0131\u015fq\u0131 i\u015fler naziri (1988-1996gg) Garet Evans ile beraber Q\u0131r\u0131mtatar halq\u0131n\u0131\u00f1 \u00f6z [&hellip;]<\/p>\n","protected":false},"author":1,"featured_media":26415,"comment_status":"open","ping_status":"open","sticky":false,"template":"","format":"standard","meta":{"inline_featured_image":false,"footnotes":""},"categories":[265],"tags":[],"class_list":["post-26414","post","type-post","status-publish","format-standard","has-post-thumbnail","hentry","category-haberler"],"acf":[],"yoast_head":"<!-- This site is optimized with the Yoast SEO plugin v27.4 - https:\/\/yoast.com\/product\/yoast-seo-wordpress\/ -->\n<title>Avstraliyan\u0131\u00f1 belli siyaset\u00e7isi ukrain akimiyeti ve q\u0131r\u0131mtatarlar aras\u0131nda eyi munasebet \u015fekillenmesini zarur, dep saya - \u041c\u0435\u0434\u0436\u043b\u0456\u0441<\/title>\n<meta name=\"robots\" content=\"index, follow, max-snippet:-1, max-image-preview:large, max-video-preview:-1\" \/>\n<link rel=\"canonical\" href=\"https:\/\/qtmm.org\/qt\/avstraliyanin-belli-siyasetcisi-ukrain-akimiyeti-ve-qirimtatarlar-arasinda-eyi-munasebet-sekillenmesini-zarur-dep-saya\/\" \/>\n<meta property=\"og:locale\" content=\"en_US\" \/>\n<meta property=\"og:type\" content=\"article\" \/>\n<meta property=\"og:title\" content=\"Avstraliyan\u0131\u00f1 belli siyaset\u00e7isi ukrain akimiyeti ve q\u0131r\u0131mtatarlar aras\u0131nda eyi munasebet \u015fekillenmesini zarur, dep saya - \u041c\u0435\u0434\u0436\u043b\u0456\u0441\" \/>\n<meta property=\"og:description\" content=\"Avstraliyan\u0131\u00f1 belli siyaset\u00e7isi ukrain akimiyeti ve q\u0131r\u0131mtatarlar aras\u0131nda eyi munasebet \u015fekillenmesini zarur, dep saya Meclisni\u00f1 reisi ve Avstraliya T\u0131\u015fq\u0131 i\u015fler naziri (1988-1996 g.g) Halqara forum k\u00f6ntseptsiyas\u0131n\u0131 muzakere ettiler. Pragada \u00f6tkerilgen &#8220;Forum 2000&#8221; Halqara konferentsiyas\u0131n\u0131\u00f1 i\u015fi vaqt\u0131nda okt\u00e2br 11 k\u00fcn\u00fc Meclis yetek\u00e7isi Mustafa Cemilev Avstraliya T\u0131\u015fq\u0131 i\u015fler naziri (1988-1996gg) Garet Evans ile beraber Q\u0131r\u0131mtatar halq\u0131n\u0131\u00f1 \u00f6z [&hellip;]\" \/>\n<meta property=\"og:url\" content=\"https:\/\/qtmm.org\/qt\/avstraliyanin-belli-siyasetcisi-ukrain-akimiyeti-ve-qirimtatarlar-arasinda-eyi-munasebet-sekillenmesini-zarur-dep-saya\/\" \/>\n<meta property=\"og:site_name\" content=\"\u041c\u0435\u0434\u0436\u043b\u0456\u0441\" \/>\n<meta property=\"article:publisher\" content=\"https:\/\/www.facebook.com\/qtmm.info\/\" \/>\n<meta property=\"article:published_time\" content=\"2011-10-12T13:34:00+00:00\" \/>\n<meta property=\"article:modified_time\" content=\"2022-01-19T13:35:24+00:00\" \/>\n<meta property=\"og:image\" content=\"https:\/\/qtmm.org\/wp-content\/uploads\/2022\/01\/12_1-1.jpeg\" \/>\n\t<meta property=\"og:image:width\" content=\"1120\" \/>\n\t<meta property=\"og:image:height\" content=\"840\" \/>\n\t<meta property=\"og:image:type\" content=\"image\/jpeg\" \/>\n<meta name=\"author\" content=\"Developer\" \/>\n<meta name=\"twitter:card\" content=\"summary_large_image\" \/>\n<meta name=\"twitter:label1\" content=\"Written by\" \/>\n\t<meta name=\"twitter:data1\" content=\"Developer\" \/>\n\t<meta name=\"twitter:label2\" content=\"Est. reading time\" \/>\n\t<meta name=\"twitter:data2\" content=\"1 minute\" \/>\n<script type=\"application\/ld+json\" class=\"yoast-schema-graph\">{\"@context\":\"https:\\\/\\\/schema.org\",\"@graph\":[{\"@type\":\"Article\",\"@id\":\"https:\\\/\\\/qtmm.org\\\/qt\\\/avstraliyanin-belli-siyasetcisi-ukrain-akimiyeti-ve-qirimtatarlar-arasinda-eyi-munasebet-sekillenmesini-zarur-dep-saya\\\/#article\",\"isPartOf\":{\"@id\":\"https:\\\/\\\/qtmm.org\\\/qt\\\/avstraliyanin-belli-siyasetcisi-ukrain-akimiyeti-ve-qirimtatarlar-arasinda-eyi-munasebet-sekillenmesini-zarur-dep-saya\\\/\"},\"author\":{\"name\":\"Developer\",\"@id\":\"https:\\\/\\\/qtmm.org\\\/qt\\\/#\\\/schema\\\/person\\\/de562469f971dec226ac06e60bbf74a7\"},\"headline\":\"Avstraliyan\u0131\u00f1 belli siyaset\u00e7isi ukrain akimiyeti ve q\u0131r\u0131mtatarlar aras\u0131nda eyi munasebet \u015fekillenmesini zarur, dep saya\",\"datePublished\":\"2011-10-12T13:34:00+00:00\",\"dateModified\":\"2022-01-19T13:35:24+00:00\",\"mainEntityOfPage\":{\"@id\":\"https:\\\/\\\/qtmm.org\\\/qt\\\/avstraliyanin-belli-siyasetcisi-ukrain-akimiyeti-ve-qirimtatarlar-arasinda-eyi-munasebet-sekillenmesini-zarur-dep-saya\\\/\"},\"wordCount\":242,\"commentCount\":0,\"publisher\":{\"@id\":\"https:\\\/\\\/qtmm.org\\\/qt\\\/#organization\"},\"image\":{\"@id\":\"https:\\\/\\\/qtmm.org\\\/qt\\\/avstraliyanin-belli-siyasetcisi-ukrain-akimiyeti-ve-qirimtatarlar-arasinda-eyi-munasebet-sekillenmesini-zarur-dep-saya\\\/#primaryimage\"},\"thumbnailUrl\":\"https:\\\/\\\/qtmm.org\\\/wp-content\\\/uploads\\\/2022\\\/01\\\/12_1-1.jpeg\",\"articleSection\":[\"Haberler\"],\"inLanguage\":\"qt\",\"potentialAction\":[{\"@type\":\"CommentAction\",\"name\":\"Comment\",\"target\":[\"https:\\\/\\\/qtmm.org\\\/qt\\\/avstraliyanin-belli-siyasetcisi-ukrain-akimiyeti-ve-qirimtatarlar-arasinda-eyi-munasebet-sekillenmesini-zarur-dep-saya\\\/#respond\"]}]},{\"@type\":\"WebPage\",\"@id\":\"https:\\\/\\\/qtmm.org\\\/qt\\\/avstraliyanin-belli-siyasetcisi-ukrain-akimiyeti-ve-qirimtatarlar-arasinda-eyi-munasebet-sekillenmesini-zarur-dep-saya\\\/\",\"url\":\"https:\\\/\\\/qtmm.org\\\/qt\\\/avstraliyanin-belli-siyasetcisi-ukrain-akimiyeti-ve-qirimtatarlar-arasinda-eyi-munasebet-sekillenmesini-zarur-dep-saya\\\/\",\"name\":\"Avstraliyan\u0131\u00f1 belli siyaset\u00e7isi ukrain akimiyeti ve q\u0131r\u0131mtatarlar aras\u0131nda eyi munasebet \u015fekillenmesini zarur, dep saya - \u041c\u0435\u0434\u0436\u043b\u0456\u0441\",\"isPartOf\":{\"@id\":\"https:\\\/\\\/qtmm.org\\\/qt\\\/#website\"},\"primaryImageOfPage\":{\"@id\":\"https:\\\/\\\/qtmm.org\\\/qt\\\/avstraliyanin-belli-siyasetcisi-ukrain-akimiyeti-ve-qirimtatarlar-arasinda-eyi-munasebet-sekillenmesini-zarur-dep-saya\\\/#primaryimage\"},\"image\":{\"@id\":\"https:\\\/\\\/qtmm.org\\\/qt\\\/avstraliyanin-belli-siyasetcisi-ukrain-akimiyeti-ve-qirimtatarlar-arasinda-eyi-munasebet-sekillenmesini-zarur-dep-saya\\\/#primaryimage\"},\"thumbnailUrl\":\"https:\\\/\\\/qtmm.org\\\/wp-content\\\/uploads\\\/2022\\\/01\\\/12_1-1.jpeg\",\"datePublished\":\"2011-10-12T13:34:00+00:00\",\"dateModified\":\"2022-01-19T13:35:24+00:00\",\"breadcrumb\":{\"@id\":\"https:\\\/\\\/qtmm.org\\\/qt\\\/avstraliyanin-belli-siyasetcisi-ukrain-akimiyeti-ve-qirimtatarlar-arasinda-eyi-munasebet-sekillenmesini-zarur-dep-saya\\\/#breadcrumb\"},\"inLanguage\":\"qt\",\"potentialAction\":[{\"@type\":\"ReadAction\",\"target\":[\"https:\\\/\\\/qtmm.org\\\/qt\\\/avstraliyanin-belli-siyasetcisi-ukrain-akimiyeti-ve-qirimtatarlar-arasinda-eyi-munasebet-sekillenmesini-zarur-dep-saya\\\/\"]}]},{\"@type\":\"ImageObject\",\"inLanguage\":\"qt\",\"@id\":\"https:\\\/\\\/qtmm.org\\\/qt\\\/avstraliyanin-belli-siyasetcisi-ukrain-akimiyeti-ve-qirimtatarlar-arasinda-eyi-munasebet-sekillenmesini-zarur-dep-saya\\\/#primaryimage\",\"url\":\"https:\\\/\\\/qtmm.org\\\/wp-content\\\/uploads\\\/2022\\\/01\\\/12_1-1.jpeg\",\"contentUrl\":\"https:\\\/\\\/qtmm.org\\\/wp-content\\\/uploads\\\/2022\\\/01\\\/12_1-1.jpeg\",\"width\":1120,\"height\":840},{\"@type\":\"BreadcrumbList\",\"@id\":\"https:\\\/\\\/qtmm.org\\\/qt\\\/avstraliyanin-belli-siyasetcisi-ukrain-akimiyeti-ve-qirimtatarlar-arasinda-eyi-munasebet-sekillenmesini-zarur-dep-saya\\\/#breadcrumb\",\"itemListElement\":[{\"@type\":\"ListItem\",\"position\":1,\"name\":\"\u0413\u043e\u043b\u043e\u0432\u043d\u0430\",\"item\":\"https:\\\/\\\/qtmm.org\\\/qt\\\/\"},{\"@type\":\"ListItem\",\"position\":2,\"name\":\"Avstraliyan\u0131\u00f1 belli siyaset\u00e7isi ukrain akimiyeti ve q\u0131r\u0131mtatarlar aras\u0131nda eyi munasebet \u015fekillenmesini zarur, dep saya\"}]},{\"@type\":\"WebSite\",\"@id\":\"https:\\\/\\\/qtmm.org\\\/qt\\\/#website\",\"url\":\"https:\\\/\\\/qtmm.org\\\/qt\\\/\",\"name\":\"\u041c\u0435\u0434\u0436\u043b\u0456\u0441\",\"description\":\"\",\"publisher\":{\"@id\":\"https:\\\/\\\/qtmm.org\\\/qt\\\/#organization\"},\"potentialAction\":[{\"@type\":\"SearchAction\",\"target\":{\"@type\":\"EntryPoint\",\"urlTemplate\":\"https:\\\/\\\/qtmm.org\\\/qt\\\/?s={search_term_string}\"},\"query-input\":{\"@type\":\"PropertyValueSpecification\",\"valueRequired\":true,\"valueName\":\"search_term_string\"}}],\"inLanguage\":\"qt\"},{\"@type\":\"Organization\",\"@id\":\"https:\\\/\\\/qtmm.org\\\/qt\\\/#organization\",\"name\":\"\u041c\u0435\u0434\u0436\u043b\u0456\u0441\",\"url\":\"https:\\\/\\\/qtmm.org\\\/qt\\\/\",\"logo\":{\"@type\":\"ImageObject\",\"inLanguage\":\"qt\",\"@id\":\"https:\\\/\\\/qtmm.org\\\/qt\\\/#\\\/schema\\\/logo\\\/image\\\/\",\"url\":\"https:\\\/\\\/qtmm.org\\\/wp-content\\\/uploads\\\/2024\\\/12\\\/ua-mejlis-logo-rgb.svg\",\"contentUrl\":\"https:\\\/\\\/qtmm.org\\\/wp-content\\\/uploads\\\/2024\\\/12\\\/ua-mejlis-logo-rgb.svg\",\"caption\":\"\u041c\u0435\u0434\u0436\u043b\u0456\u0441\"},\"image\":{\"@id\":\"https:\\\/\\\/qtmm.org\\\/qt\\\/#\\\/schema\\\/logo\\\/image\\\/\"},\"sameAs\":[\"https:\\\/\\\/www.facebook.com\\\/qtmm.info\\\/\"]},{\"@type\":\"Person\",\"@id\":\"https:\\\/\\\/qtmm.org\\\/qt\\\/#\\\/schema\\\/person\\\/de562469f971dec226ac06e60bbf74a7\",\"name\":\"Developer\",\"image\":{\"@type\":\"ImageObject\",\"inLanguage\":\"qt\",\"@id\":\"https:\\\/\\\/secure.gravatar.com\\\/avatar\\\/392b4cc8fbfeb00b39dfeeab4ee6edded39ffd48e25858637e4765810300227e?s=96&d=mm&r=g\",\"url\":\"https:\\\/\\\/secure.gravatar.com\\\/avatar\\\/392b4cc8fbfeb00b39dfeeab4ee6edded39ffd48e25858637e4765810300227e?s=96&d=mm&r=g\",\"contentUrl\":\"https:\\\/\\\/secure.gravatar.com\\\/avatar\\\/392b4cc8fbfeb00b39dfeeab4ee6edded39ffd48e25858637e4765810300227e?s=96&d=mm&r=g\",\"caption\":\"Developer\"},\"url\":\"https:\\\/\\\/qtmm.org\\\/qt\\\/author\\\/Developer\\\/\"}]}<\/script>\n<!-- \/ Yoast SEO plugin. -->","yoast_head_json":{"title":"Avstraliyan\u0131\u00f1 belli siyaset\u00e7isi ukrain akimiyeti ve q\u0131r\u0131mtatarlar aras\u0131nda eyi munasebet \u015fekillenmesini zarur, dep saya - \u041c\u0435\u0434\u0436\u043b\u0456\u0441","robots":{"index":"index","follow":"follow","max-snippet":"max-snippet:-1","max-image-preview":"max-image-preview:large","max-video-preview":"max-video-preview:-1"},"canonical":"https:\/\/qtmm.org\/qt\/avstraliyanin-belli-siyasetcisi-ukrain-akimiyeti-ve-qirimtatarlar-arasinda-eyi-munasebet-sekillenmesini-zarur-dep-saya\/","og_locale":"en_US","og_type":"article","og_title":"Avstraliyan\u0131\u00f1 belli siyaset\u00e7isi ukrain akimiyeti ve q\u0131r\u0131mtatarlar aras\u0131nda eyi munasebet \u015fekillenmesini zarur, dep saya - \u041c\u0435\u0434\u0436\u043b\u0456\u0441","og_description":"Avstraliyan\u0131\u00f1 belli siyaset\u00e7isi ukrain akimiyeti ve q\u0131r\u0131mtatarlar aras\u0131nda eyi munasebet \u015fekillenmesini zarur, dep saya Meclisni\u00f1 reisi ve Avstraliya T\u0131\u015fq\u0131 i\u015fler naziri (1988-1996 g.g) Halqara forum k\u00f6ntseptsiyas\u0131n\u0131 muzakere ettiler. Pragada \u00f6tkerilgen &#8220;Forum 2000&#8221; Halqara konferentsiyas\u0131n\u0131\u00f1 i\u015fi vaqt\u0131nda okt\u00e2br 11 k\u00fcn\u00fc Meclis yetek\u00e7isi Mustafa Cemilev Avstraliya T\u0131\u015fq\u0131 i\u015fler naziri (1988-1996gg) Garet Evans ile beraber Q\u0131r\u0131mtatar halq\u0131n\u0131\u00f1 \u00f6z [&hellip;]","og_url":"https:\/\/qtmm.org\/qt\/avstraliyanin-belli-siyasetcisi-ukrain-akimiyeti-ve-qirimtatarlar-arasinda-eyi-munasebet-sekillenmesini-zarur-dep-saya\/","og_site_name":"\u041c\u0435\u0434\u0436\u043b\u0456\u0441","article_publisher":"https:\/\/www.facebook.com\/qtmm.info\/","article_published_time":"2011-10-12T13:34:00+00:00","article_modified_time":"2022-01-19T13:35:24+00:00","og_image":[{"width":1120,"height":840,"url":"https:\/\/qtmm.org\/wp-content\/uploads\/2022\/01\/12_1-1.jpeg","type":"image\/jpeg"}],"author":"Developer","twitter_card":"summary_large_image","twitter_misc":{"Written by":"Developer","Est. reading time":"1 minute"},"schema":{"@context":"https:\/\/schema.org","@graph":[{"@type":"Article","@id":"https:\/\/qtmm.org\/qt\/avstraliyanin-belli-siyasetcisi-ukrain-akimiyeti-ve-qirimtatarlar-arasinda-eyi-munasebet-sekillenmesini-zarur-dep-saya\/#article","isPartOf":{"@id":"https:\/\/qtmm.org\/qt\/avstraliyanin-belli-siyasetcisi-ukrain-akimiyeti-ve-qirimtatarlar-arasinda-eyi-munasebet-sekillenmesini-zarur-dep-saya\/"},"author":{"name":"Developer","@id":"https:\/\/qtmm.org\/qt\/#\/schema\/person\/de562469f971dec226ac06e60bbf74a7"},"headline":"Avstraliyan\u0131\u00f1 belli siyaset\u00e7isi ukrain akimiyeti ve q\u0131r\u0131mtatarlar aras\u0131nda eyi munasebet \u015fekillenmesini zarur, dep saya","datePublished":"2011-10-12T13:34:00+00:00","dateModified":"2022-01-19T13:35:24+00:00","mainEntityOfPage":{"@id":"https:\/\/qtmm.org\/qt\/avstraliyanin-belli-siyasetcisi-ukrain-akimiyeti-ve-qirimtatarlar-arasinda-eyi-munasebet-sekillenmesini-zarur-dep-saya\/"},"wordCount":242,"commentCount":0,"publisher":{"@id":"https:\/\/qtmm.org\/qt\/#organization"},"image":{"@id":"https:\/\/qtmm.org\/qt\/avstraliyanin-belli-siyasetcisi-ukrain-akimiyeti-ve-qirimtatarlar-arasinda-eyi-munasebet-sekillenmesini-zarur-dep-saya\/#primaryimage"},"thumbnailUrl":"https:\/\/qtmm.org\/wp-content\/uploads\/2022\/01\/12_1-1.jpeg","articleSection":["Haberler"],"inLanguage":"qt","potentialAction":[{"@type":"CommentAction","name":"Comment","target":["https:\/\/qtmm.org\/qt\/avstraliyanin-belli-siyasetcisi-ukrain-akimiyeti-ve-qirimtatarlar-arasinda-eyi-munasebet-sekillenmesini-zarur-dep-saya\/#respond"]}]},{"@type":"WebPage","@id":"https:\/\/qtmm.org\/qt\/avstraliyanin-belli-siyasetcisi-ukrain-akimiyeti-ve-qirimtatarlar-arasinda-eyi-munasebet-sekillenmesini-zarur-dep-saya\/","url":"https:\/\/qtmm.org\/qt\/avstraliyanin-belli-siyasetcisi-ukrain-akimiyeti-ve-qirimtatarlar-arasinda-eyi-munasebet-sekillenmesini-zarur-dep-saya\/","name":"Avstraliyan\u0131\u00f1 belli siyaset\u00e7isi ukrain akimiyeti ve q\u0131r\u0131mtatarlar aras\u0131nda eyi munasebet \u015fekillenmesini zarur, dep saya - \u041c\u0435\u0434\u0436\u043b\u0456\u0441","isPartOf":{"@id":"https:\/\/qtmm.org\/qt\/#website"},"primaryImageOfPage":{"@id":"https:\/\/qtmm.org\/qt\/avstraliyanin-belli-siyasetcisi-ukrain-akimiyeti-ve-qirimtatarlar-arasinda-eyi-munasebet-sekillenmesini-zarur-dep-saya\/#primaryimage"},"image":{"@id":"https:\/\/qtmm.org\/qt\/avstraliyanin-belli-siyasetcisi-ukrain-akimiyeti-ve-qirimtatarlar-arasinda-eyi-munasebet-sekillenmesini-zarur-dep-saya\/#primaryimage"},"thumbnailUrl":"https:\/\/qtmm.org\/wp-content\/uploads\/2022\/01\/12_1-1.jpeg","datePublished":"2011-10-12T13:34:00+00:00","dateModified":"2022-01-19T13:35:24+00:00","breadcrumb":{"@id":"https:\/\/qtmm.org\/qt\/avstraliyanin-belli-siyasetcisi-ukrain-akimiyeti-ve-qirimtatarlar-arasinda-eyi-munasebet-sekillenmesini-zarur-dep-saya\/#breadcrumb"},"inLanguage":"qt","potentialAction":[{"@type":"ReadAction","target":["https:\/\/qtmm.org\/qt\/avstraliyanin-belli-siyasetcisi-ukrain-akimiyeti-ve-qirimtatarlar-arasinda-eyi-munasebet-sekillenmesini-zarur-dep-saya\/"]}]},{"@type":"ImageObject","inLanguage":"qt","@id":"https:\/\/qtmm.org\/qt\/avstraliyanin-belli-siyasetcisi-ukrain-akimiyeti-ve-qirimtatarlar-arasinda-eyi-munasebet-sekillenmesini-zarur-dep-saya\/#primaryimage","url":"https:\/\/qtmm.org\/wp-content\/uploads\/2022\/01\/12_1-1.jpeg","contentUrl":"https:\/\/qtmm.org\/wp-content\/uploads\/2022\/01\/12_1-1.jpeg","width":1120,"height":840},{"@type":"BreadcrumbList","@id":"https:\/\/qtmm.org\/qt\/avstraliyanin-belli-siyasetcisi-ukrain-akimiyeti-ve-qirimtatarlar-arasinda-eyi-munasebet-sekillenmesini-zarur-dep-saya\/#breadcrumb","itemListElement":[{"@type":"ListItem","position":1,"name":"\u0413\u043e\u043b\u043e\u0432\u043d\u0430","item":"https:\/\/qtmm.org\/qt\/"},{"@type":"ListItem","position":2,"name":"Avstraliyan\u0131\u00f1 belli siyaset\u00e7isi ukrain akimiyeti ve q\u0131r\u0131mtatarlar aras\u0131nda eyi munasebet \u015fekillenmesini zarur, dep saya"}]},{"@type":"WebSite","@id":"https:\/\/qtmm.org\/qt\/#website","url":"https:\/\/qtmm.org\/qt\/","name":"\u041c\u0435\u0434\u0436\u043b\u0456\u0441","description":"","publisher":{"@id":"https:\/\/qtmm.org\/qt\/#organization"},"potentialAction":[{"@type":"SearchAction","target":{"@type":"EntryPoint","urlTemplate":"https:\/\/qtmm.org\/qt\/?s={search_term_string}"},"query-input":{"@type":"PropertyValueSpecification","valueRequired":true,"valueName":"search_term_string"}}],"inLanguage":"qt"},{"@type":"Organization","@id":"https:\/\/qtmm.org\/qt\/#organization","name":"\u041c\u0435\u0434\u0436\u043b\u0456\u0441","url":"https:\/\/qtmm.org\/qt\/","logo":{"@type":"ImageObject","inLanguage":"qt","@id":"https:\/\/qtmm.org\/qt\/#\/schema\/logo\/image\/","url":"https:\/\/qtmm.org\/wp-content\/uploads\/2024\/12\/ua-mejlis-logo-rgb.svg","contentUrl":"https:\/\/qtmm.org\/wp-content\/uploads\/2024\/12\/ua-mejlis-logo-rgb.svg","caption":"\u041c\u0435\u0434\u0436\u043b\u0456\u0441"},"image":{"@id":"https:\/\/qtmm.org\/qt\/#\/schema\/logo\/image\/"},"sameAs":["https:\/\/www.facebook.com\/qtmm.info\/"]},{"@type":"Person","@id":"https:\/\/qtmm.org\/qt\/#\/schema\/person\/de562469f971dec226ac06e60bbf74a7","name":"Developer","image":{"@type":"ImageObject","inLanguage":"qt","@id":"https:\/\/secure.gravatar.com\/avatar\/392b4cc8fbfeb00b39dfeeab4ee6edded39ffd48e25858637e4765810300227e?s=96&d=mm&r=g","url":"https:\/\/secure.gravatar.com\/avatar\/392b4cc8fbfeb00b39dfeeab4ee6edded39ffd48e25858637e4765810300227e?s=96&d=mm&r=g","contentUrl":"https:\/\/secure.gravatar.com\/avatar\/392b4cc8fbfeb00b39dfeeab4ee6edded39ffd48e25858637e4765810300227e?s=96&d=mm&r=g","caption":"Developer"},"url":"https:\/\/qtmm.org\/qt\/author\/Developer\/"}]}},"_links":{"self":[{"href":"https:\/\/qtmm.org\/qt\/wp-json\/wp\/v2\/posts\/26414","targetHints":{"allow":["GET"]}}],"collection":[{"href":"https:\/\/qtmm.org\/qt\/wp-json\/wp\/v2\/posts"}],"about":[{"href":"https:\/\/qtmm.org\/qt\/wp-json\/wp\/v2\/types\/post"}],"author":[{"embeddable":true,"href":"https:\/\/qtmm.org\/qt\/wp-json\/wp\/v2\/users\/1"}],"replies":[{"embeddable":true,"href":"https:\/\/qtmm.org\/qt\/wp-json\/wp\/v2\/comments?post=26414"}],"version-history":[{"count":1,"href":"https:\/\/qtmm.org\/qt\/wp-json\/wp\/v2\/posts\/26414\/revisions"}],"predecessor-version":[{"id":26427,"href":"https:\/\/qtmm.org\/qt\/wp-json\/wp\/v2\/posts\/26414\/revisions\/26427"}],"wp:featuredmedia":[{"embeddable":true,"href":"https:\/\/qtmm.org\/qt\/wp-json\/wp\/v2\/media\/26415"}],"wp:attachment":[{"href":"https:\/\/qtmm.org\/qt\/wp-json\/wp\/v2\/media?parent=26414"}],"wp:term":[{"taxonomy":"category","embeddable":true,"href":"https:\/\/qtmm.org\/qt\/wp-json\/wp\/v2\/categories?post=26414"},{"taxonomy":"post_tag","embeddable":true,"href":"https:\/\/qtmm.org\/qt\/wp-json\/wp\/v2\/tags?post=26414"}],"curies":[{"name":"wp","href":"https:\/\/api.w.org\/{rel}","templated":true}]}}