




{"id":26412,"date":"2011-10-12T16:32:00","date_gmt":"2011-10-12T13:32:00","guid":{"rendered":"http:\/\/qtmm.org\/?p=26412"},"modified":"2022-01-19T16:33:16","modified_gmt":"2022-01-19T13:33:16","slug":"m-cemilev-qirimtatarlar-akimiyetnen-qonusmaq-yollarini-arastiralar","status":"publish","type":"post","link":"https:\/\/qtmm.org\/qt\/m-cemilev-qirimtatarlar-akimiyetnen-qonusmaq-yollarini-arastiralar\/","title":{"rendered":"M. Cemilev: q\u0131r\u0131mtatarlar akimiyetnen qonu\u015fmaq yollar\u0131n\u0131 ara\u015ft\u0131ralar"},"content":{"rendered":"\n<p><em><strong>Praga \u2013 Q\u0131r\u0131mtatarlar Ukrainan\u0131 qorquzmaq meram\u0131nda degiller, halqara konferentsiya q\u0131r\u0131mtatar halq\u0131n\u0131\u00f1 meselesini \u00e7ezecek ukrain \u00fck\u00fcmetine yard\u0131m etmek i\u00e7\u00fcn kerek. Bu aqta Q\u0131r\u0131mtatar halq\u0131 Meclisini\u00f1 reisi Mustafa Cemilev Pragada \u00c7ehiyan\u0131\u00f1 sab\u0131q prezidenti Vatslav Gaveln\u0131\u00f1 imayesi alt\u0131nda cianda tan\u0131l\u011fan zek\u00e2 saiplerini topla\u011fan &#8220;Forum 2000&#8221; tedbirinde aytt\u0131. \u00c7\u0131q\u0131\u015f\u0131ndan so\u00f1 Azatl\u0131q radios\u0131 Mustafa Cemilevni subetke davet etip, bergen birinci suali Ukrainan\u0131\u00f1 sab\u0131q ba\u015f naziri Yuliya Timo\u015fenko\u011fa kesilgen ceza husus\u0131nda old\u0131.<\/strong><\/em><\/p>\n\n\n\n<p>&#8211; Do\u011frus\u0131n\u0131 aytsam, men ba\u015fqa, aq\u0131ll\u0131ca bir \u00fck\u00fcm \u00e7\u0131qar\u0131laca\u011f\u0131n\u0131 beklegen edim. Biz Yuliya Timo\u015fenkon\u0131 qarardan ziyade qabartmaq istemeymiz. Albuki, prezident saylavlar\u0131nda biz on\u0131\u00f1 namzetine qoltutqan edik. \u00c7\u00fcnki o zaman on\u0131\u00f1 baq\u0131\u015flar\u0131 Yanukovi\u00e7 ile ketken Regionlar firqas\u0131na k\u00f6re ziyadece Avropa\u011fa do\u011frult\u0131l\u011fan kibi k\u00f6r\u00fcndi.<\/p>\n\n\n\n<p>Men bellesem, Ba\u015f nazir ol\u0131p \u00e7al\u0131\u015fqanda Yuliya Timo\u015fenko ya\u00f1l\u0131\u015f bir areketler yapqand\u0131r. L\u00e2kin o, Anayasa o\u00f1a bergen uquqlar \u00e7er\u00e7ivesinde areket etti. Aytqanlar\u0131na k\u00f6re, o gaz a\u00f1la\u015fmalar\u0131nen Ukraina menfaatlar\u0131na zarar ketirgen eken. Belki s\u00f6yle\u015f\u00fcvlerni ba\u015fqa \u015fekilde al\u0131p barmaq, ba\u015fqa \u015fartlarn\u0131 qoymaq m\u00fcmk\u00fcndir. Amma bun\u0131\u00f1 i\u00e7\u00fcn qapatmaq kerekmi?<\/p>\n\n\n\n<p>Mesel\u00e2, fikrimce, Rusiye flot\u0131 bulunuv\u0131n\u0131\u00f1 m\u00fcddetini 20 y\u0131l\u011fa uzatuv boyunca Harkov a\u00f1la\u015fmalar\u0131 Ukraina menfaatlar\u0131na on qat ziyade zarar ketirir. Men b\u00f6yle sayam. Ve eger de ba\u015fqa \u00fck\u00fcmet kelse, demek endi Yanukovi\u00e7 mahkeme etilecekmi?<\/p>\n\n\n\n<p><strong><em>&#8211; Ukrain akimlerini\u00f1 bu qarar\u0131 sizi\u00f1 yani q\u0131r\u0131mtatarlarn\u0131\u00f1 i\u015fini \u00f6gge ileriletirmi ya da kerige \u00e7ekermi? Siz q\u0131r\u0131mtatar halq\u0131 problemleri boyunca halqara konferentsiya ke\u00e7ir\u00fcv hus\u0131s\u0131nda d\u00fcnya cemaat\u00e7\u0131l\u0131\u011f\u0131n\u0131\u00f1 fikirini bilmek isteysi\u00f1iz?<\/em><\/strong><\/p>\n\n\n\n<p>&#8211; Bilesizmi, biz saylavlarda &#8220;ya\u00f1l\u0131\u015f rey bergenimiz&#8221; sebebinden ya\u00f1\u0131 akimiyetni\u00f1 munasebeti bizge bam-ba\u015fqa. Do\u011frus\u0131n\u0131 aytacaq olsaq, evelkisi de bizni pek quvand\u0131r\u011fan\u0131 yoq. Olar millet\u00e7ilik, Rusiye siyasetine qap\u0131luv, \u015fovinizm derecesi pek y\u00fcksek bir regionda q\u0131r\u0131mtatarlar Ukrainan\u0131 siyasiy ekstremizm bata\u011f\u0131na bat\u0131r\u0131rlar, degen fikirde ediler. Albu ki q\u0131r\u0131mtatarlar zorbal\u0131qn\u0131 umumen i\u015fletmeyler, k\u00fcre\u015flerini t\u0131n\u00e7 usullarnen al\u0131p baralar. \u015eun\u0131\u00f1 i\u00e7\u00fcn de bizge merkezden pek az olsa da yard\u0131m berile edi. \u015eimdi er \u015fey de\u00f1i\u015fti. E\u00f1 m\u00fcimi, q\u0131r\u0131mtatarlarn\u0131\u00f1 i\u00e7 bir meselesi \u00e7ezilmey. \u0130\u00e7timaiy problemalarn\u0131 \u00e7ez\u00fcvde devlet umumen i\u015ftirak etmey<\/p>\n\n\n\n<p><strong><em>&#8211; Mezk\u00fcr konferentsiya Ukraina\u011fa qar\u015f\u0131 \u00e7al\u0131\u015fmas\u0131 m\u00fcmk\u00fcnliginde qand\u0131ralar.<\/em><\/strong><\/p>\n\n\n\n<p>&#8211; Yoq, Biz Ukraina bu konferentsiyada faal i\u015ftirak etmesini istegenimizni bir kereden il\u00e2n ettik. \u00c7\u00fcnki bizim vazifemiz &#8211; Ukrainada dava \u00e7\u0131qarmaq degil, Avropa cemaat\u00e7\u0131l\u0131\u011f\u0131, Avropa devletlerini\u00f1 i\u015ftirakinde Ukraina\u011fa sovet rejiminden asabal\u0131q qal\u011fan probleman\u0131 \u00e7ez\u00fcvde yard\u0131m etmek isteymiz. Amma, teess\u00fcf ki, m\u0131nda \u00e7e\u015fit fikirlerge rastkelemiz, m\u0131nda meseleni \u00f6yle ayland\u0131ralar ki, sanki q\u0131r\u0131mtatarlar b\u00f6yle Halqara forum ke\u00e7irmek te\u015febb\u00fcslerinenUkraina\u011fa taz\u0131y\u0131q ke\u00e7irmege t\u0131r\u0131\u015falar. Albu ki, biz er bir areketimizni a\u00e7\u0131q yapmaqtam\u0131z.<\/p>\n\n\n\n<p class=\"has-text-align-right\"><em><strong>Mariya \u015e\u00e7ur<\/strong><\/em><\/p>\n\n\n\n<p class=\"has-text-align-right\"><em><strong>Azatl\u0131q radios\u0131<br><a href=\"http:\/\/www.radiosvoboda.org\/content\/article\/24356741.html\" target=\"_blank\" rel=\"noreferrer noopener\">Radio Svoboda<\/a><\/strong><\/em><br>&nbsp;<\/p>\n","protected":false},"excerpt":{"rendered":"<p>Praga \u2013 Q\u0131r\u0131mtatarlar Ukrainan\u0131 qorquzmaq meram\u0131nda degiller, halqara konferentsiya q\u0131r\u0131mtatar halq\u0131n\u0131\u00f1 meselesini \u00e7ezecek ukrain \u00fck\u00fcmetine yard\u0131m etmek i\u00e7\u00fcn kerek. Bu aqta Q\u0131r\u0131mtatar halq\u0131 Meclisini\u00f1 reisi Mustafa Cemilev Pragada \u00c7ehiyan\u0131\u00f1 sab\u0131q prezidenti Vatslav Gaveln\u0131\u00f1 imayesi alt\u0131nda cianda tan\u0131l\u011fan zek\u00e2 saiplerini topla\u011fan &#8220;Forum 2000&#8221; tedbirinde aytt\u0131. \u00c7\u0131q\u0131\u015f\u0131ndan so\u00f1 Azatl\u0131q radios\u0131 Mustafa Cemilevni subetke davet etip, bergen birinci [&hellip;]<\/p>\n","protected":false},"author":1,"featured_media":0,"comment_status":"open","ping_status":"open","sticky":false,"template":"","format":"standard","meta":{"inline_featured_image":false,"footnotes":""},"categories":[265],"tags":[],"class_list":["post-26412","post","type-post","status-publish","format-standard","hentry","category-haberler"],"acf":[],"yoast_head":"<!-- This site is optimized with the Yoast SEO plugin v27.4 - https:\/\/yoast.com\/product\/yoast-seo-wordpress\/ -->\n<title>M. Cemilev: q\u0131r\u0131mtatarlar akimiyetnen qonu\u015fmaq yollar\u0131n\u0131 ara\u015ft\u0131ralar - \u041c\u0435\u0434\u0436\u043b\u0456\u0441<\/title>\n<meta name=\"robots\" content=\"index, follow, max-snippet:-1, max-image-preview:large, max-video-preview:-1\" \/>\n<link rel=\"canonical\" href=\"https:\/\/qtmm.org\/qt\/m-cemilev-qirimtatarlar-akimiyetnen-qonusmaq-yollarini-arastiralar\/\" \/>\n<meta property=\"og:locale\" content=\"en_US\" \/>\n<meta property=\"og:type\" content=\"article\" \/>\n<meta property=\"og:title\" content=\"M. Cemilev: q\u0131r\u0131mtatarlar akimiyetnen qonu\u015fmaq yollar\u0131n\u0131 ara\u015ft\u0131ralar - \u041c\u0435\u0434\u0436\u043b\u0456\u0441\" \/>\n<meta property=\"og:description\" content=\"Praga \u2013 Q\u0131r\u0131mtatarlar Ukrainan\u0131 qorquzmaq meram\u0131nda degiller, halqara konferentsiya q\u0131r\u0131mtatar halq\u0131n\u0131\u00f1 meselesini \u00e7ezecek ukrain \u00fck\u00fcmetine yard\u0131m etmek i\u00e7\u00fcn kerek. Bu aqta Q\u0131r\u0131mtatar halq\u0131 Meclisini\u00f1 reisi Mustafa Cemilev Pragada \u00c7ehiyan\u0131\u00f1 sab\u0131q prezidenti Vatslav Gaveln\u0131\u00f1 imayesi alt\u0131nda cianda tan\u0131l\u011fan zek\u00e2 saiplerini topla\u011fan &#8220;Forum 2000&#8221; tedbirinde aytt\u0131. \u00c7\u0131q\u0131\u015f\u0131ndan so\u00f1 Azatl\u0131q radios\u0131 Mustafa Cemilevni subetke davet etip, bergen birinci [&hellip;]\" \/>\n<meta property=\"og:url\" content=\"https:\/\/qtmm.org\/qt\/m-cemilev-qirimtatarlar-akimiyetnen-qonusmaq-yollarini-arastiralar\/\" \/>\n<meta property=\"og:site_name\" content=\"\u041c\u0435\u0434\u0436\u043b\u0456\u0441\" \/>\n<meta property=\"article:publisher\" content=\"https:\/\/www.facebook.com\/qtmm.info\/\" \/>\n<meta property=\"article:published_time\" content=\"2011-10-12T13:32:00+00:00\" \/>\n<meta property=\"article:modified_time\" content=\"2022-01-19T13:33:16+00:00\" \/>\n<meta name=\"author\" content=\"Developer\" \/>\n<meta name=\"twitter:card\" content=\"summary_large_image\" \/>\n<meta name=\"twitter:label1\" content=\"Written by\" \/>\n\t<meta name=\"twitter:data1\" content=\"Developer\" \/>\n\t<meta name=\"twitter:label2\" content=\"Est. reading time\" \/>\n\t<meta name=\"twitter:data2\" content=\"3 minutes\" \/>\n<script type=\"application\/ld+json\" class=\"yoast-schema-graph\">{\"@context\":\"https:\\\/\\\/schema.org\",\"@graph\":[{\"@type\":\"Article\",\"@id\":\"https:\\\/\\\/qtmm.org\\\/qt\\\/m-cemilev-qirimtatarlar-akimiyetnen-qonusmaq-yollarini-arastiralar\\\/#article\",\"isPartOf\":{\"@id\":\"https:\\\/\\\/qtmm.org\\\/qt\\\/m-cemilev-qirimtatarlar-akimiyetnen-qonusmaq-yollarini-arastiralar\\\/\"},\"author\":{\"name\":\"Developer\",\"@id\":\"https:\\\/\\\/qtmm.org\\\/qt\\\/#\\\/schema\\\/person\\\/de562469f971dec226ac06e60bbf74a7\"},\"headline\":\"M. Cemilev: q\u0131r\u0131mtatarlar akimiyetnen qonu\u015fmaq yollar\u0131n\u0131 ara\u015ft\u0131ralar\",\"datePublished\":\"2011-10-12T13:32:00+00:00\",\"dateModified\":\"2022-01-19T13:33:16+00:00\",\"mainEntityOfPage\":{\"@id\":\"https:\\\/\\\/qtmm.org\\\/qt\\\/m-cemilev-qirimtatarlar-akimiyetnen-qonusmaq-yollarini-arastiralar\\\/\"},\"wordCount\":543,\"commentCount\":0,\"publisher\":{\"@id\":\"https:\\\/\\\/qtmm.org\\\/qt\\\/#organization\"},\"articleSection\":[\"Haberler\"],\"inLanguage\":\"qt\",\"potentialAction\":[{\"@type\":\"CommentAction\",\"name\":\"Comment\",\"target\":[\"https:\\\/\\\/qtmm.org\\\/qt\\\/m-cemilev-qirimtatarlar-akimiyetnen-qonusmaq-yollarini-arastiralar\\\/#respond\"]}]},{\"@type\":\"WebPage\",\"@id\":\"https:\\\/\\\/qtmm.org\\\/qt\\\/m-cemilev-qirimtatarlar-akimiyetnen-qonusmaq-yollarini-arastiralar\\\/\",\"url\":\"https:\\\/\\\/qtmm.org\\\/qt\\\/m-cemilev-qirimtatarlar-akimiyetnen-qonusmaq-yollarini-arastiralar\\\/\",\"name\":\"M. Cemilev: q\u0131r\u0131mtatarlar akimiyetnen qonu\u015fmaq yollar\u0131n\u0131 ara\u015ft\u0131ralar - \u041c\u0435\u0434\u0436\u043b\u0456\u0441\",\"isPartOf\":{\"@id\":\"https:\\\/\\\/qtmm.org\\\/qt\\\/#website\"},\"datePublished\":\"2011-10-12T13:32:00+00:00\",\"dateModified\":\"2022-01-19T13:33:16+00:00\",\"breadcrumb\":{\"@id\":\"https:\\\/\\\/qtmm.org\\\/qt\\\/m-cemilev-qirimtatarlar-akimiyetnen-qonusmaq-yollarini-arastiralar\\\/#breadcrumb\"},\"inLanguage\":\"qt\",\"potentialAction\":[{\"@type\":\"ReadAction\",\"target\":[\"https:\\\/\\\/qtmm.org\\\/qt\\\/m-cemilev-qirimtatarlar-akimiyetnen-qonusmaq-yollarini-arastiralar\\\/\"]}]},{\"@type\":\"BreadcrumbList\",\"@id\":\"https:\\\/\\\/qtmm.org\\\/qt\\\/m-cemilev-qirimtatarlar-akimiyetnen-qonusmaq-yollarini-arastiralar\\\/#breadcrumb\",\"itemListElement\":[{\"@type\":\"ListItem\",\"position\":1,\"name\":\"\u0413\u043e\u043b\u043e\u0432\u043d\u0430\",\"item\":\"https:\\\/\\\/qtmm.org\\\/qt\\\/\"},{\"@type\":\"ListItem\",\"position\":2,\"name\":\"M. Cemilev: q\u0131r\u0131mtatarlar akimiyetnen qonu\u015fmaq yollar\u0131n\u0131 ara\u015ft\u0131ralar\"}]},{\"@type\":\"WebSite\",\"@id\":\"https:\\\/\\\/qtmm.org\\\/qt\\\/#website\",\"url\":\"https:\\\/\\\/qtmm.org\\\/qt\\\/\",\"name\":\"\u041c\u0435\u0434\u0436\u043b\u0456\u0441\",\"description\":\"\",\"publisher\":{\"@id\":\"https:\\\/\\\/qtmm.org\\\/qt\\\/#organization\"},\"potentialAction\":[{\"@type\":\"SearchAction\",\"target\":{\"@type\":\"EntryPoint\",\"urlTemplate\":\"https:\\\/\\\/qtmm.org\\\/qt\\\/?s={search_term_string}\"},\"query-input\":{\"@type\":\"PropertyValueSpecification\",\"valueRequired\":true,\"valueName\":\"search_term_string\"}}],\"inLanguage\":\"qt\"},{\"@type\":\"Organization\",\"@id\":\"https:\\\/\\\/qtmm.org\\\/qt\\\/#organization\",\"name\":\"\u041c\u0435\u0434\u0436\u043b\u0456\u0441\",\"url\":\"https:\\\/\\\/qtmm.org\\\/qt\\\/\",\"logo\":{\"@type\":\"ImageObject\",\"inLanguage\":\"qt\",\"@id\":\"https:\\\/\\\/qtmm.org\\\/qt\\\/#\\\/schema\\\/logo\\\/image\\\/\",\"url\":\"https:\\\/\\\/qtmm.org\\\/wp-content\\\/uploads\\\/2024\\\/12\\\/ua-mejlis-logo-rgb.svg\",\"contentUrl\":\"https:\\\/\\\/qtmm.org\\\/wp-content\\\/uploads\\\/2024\\\/12\\\/ua-mejlis-logo-rgb.svg\",\"caption\":\"\u041c\u0435\u0434\u0436\u043b\u0456\u0441\"},\"image\":{\"@id\":\"https:\\\/\\\/qtmm.org\\\/qt\\\/#\\\/schema\\\/logo\\\/image\\\/\"},\"sameAs\":[\"https:\\\/\\\/www.facebook.com\\\/qtmm.info\\\/\"]},{\"@type\":\"Person\",\"@id\":\"https:\\\/\\\/qtmm.org\\\/qt\\\/#\\\/schema\\\/person\\\/de562469f971dec226ac06e60bbf74a7\",\"name\":\"Developer\",\"image\":{\"@type\":\"ImageObject\",\"inLanguage\":\"qt\",\"@id\":\"https:\\\/\\\/secure.gravatar.com\\\/avatar\\\/392b4cc8fbfeb00b39dfeeab4ee6edded39ffd48e25858637e4765810300227e?s=96&d=mm&r=g\",\"url\":\"https:\\\/\\\/secure.gravatar.com\\\/avatar\\\/392b4cc8fbfeb00b39dfeeab4ee6edded39ffd48e25858637e4765810300227e?s=96&d=mm&r=g\",\"contentUrl\":\"https:\\\/\\\/secure.gravatar.com\\\/avatar\\\/392b4cc8fbfeb00b39dfeeab4ee6edded39ffd48e25858637e4765810300227e?s=96&d=mm&r=g\",\"caption\":\"Developer\"},\"url\":\"https:\\\/\\\/qtmm.org\\\/qt\\\/author\\\/Developer\\\/\"}]}<\/script>\n<!-- \/ Yoast SEO plugin. -->","yoast_head_json":{"title":"M. Cemilev: q\u0131r\u0131mtatarlar akimiyetnen qonu\u015fmaq yollar\u0131n\u0131 ara\u015ft\u0131ralar - \u041c\u0435\u0434\u0436\u043b\u0456\u0441","robots":{"index":"index","follow":"follow","max-snippet":"max-snippet:-1","max-image-preview":"max-image-preview:large","max-video-preview":"max-video-preview:-1"},"canonical":"https:\/\/qtmm.org\/qt\/m-cemilev-qirimtatarlar-akimiyetnen-qonusmaq-yollarini-arastiralar\/","og_locale":"en_US","og_type":"article","og_title":"M. Cemilev: q\u0131r\u0131mtatarlar akimiyetnen qonu\u015fmaq yollar\u0131n\u0131 ara\u015ft\u0131ralar - \u041c\u0435\u0434\u0436\u043b\u0456\u0441","og_description":"Praga \u2013 Q\u0131r\u0131mtatarlar Ukrainan\u0131 qorquzmaq meram\u0131nda degiller, halqara konferentsiya q\u0131r\u0131mtatar halq\u0131n\u0131\u00f1 meselesini \u00e7ezecek ukrain \u00fck\u00fcmetine yard\u0131m etmek i\u00e7\u00fcn kerek. Bu aqta Q\u0131r\u0131mtatar halq\u0131 Meclisini\u00f1 reisi Mustafa Cemilev Pragada \u00c7ehiyan\u0131\u00f1 sab\u0131q prezidenti Vatslav Gaveln\u0131\u00f1 imayesi alt\u0131nda cianda tan\u0131l\u011fan zek\u00e2 saiplerini topla\u011fan &#8220;Forum 2000&#8221; tedbirinde aytt\u0131. \u00c7\u0131q\u0131\u015f\u0131ndan so\u00f1 Azatl\u0131q radios\u0131 Mustafa Cemilevni subetke davet etip, bergen birinci [&hellip;]","og_url":"https:\/\/qtmm.org\/qt\/m-cemilev-qirimtatarlar-akimiyetnen-qonusmaq-yollarini-arastiralar\/","og_site_name":"\u041c\u0435\u0434\u0436\u043b\u0456\u0441","article_publisher":"https:\/\/www.facebook.com\/qtmm.info\/","article_published_time":"2011-10-12T13:32:00+00:00","article_modified_time":"2022-01-19T13:33:16+00:00","author":"Developer","twitter_card":"summary_large_image","twitter_misc":{"Written by":"Developer","Est. reading time":"3 minutes"},"schema":{"@context":"https:\/\/schema.org","@graph":[{"@type":"Article","@id":"https:\/\/qtmm.org\/qt\/m-cemilev-qirimtatarlar-akimiyetnen-qonusmaq-yollarini-arastiralar\/#article","isPartOf":{"@id":"https:\/\/qtmm.org\/qt\/m-cemilev-qirimtatarlar-akimiyetnen-qonusmaq-yollarini-arastiralar\/"},"author":{"name":"Developer","@id":"https:\/\/qtmm.org\/qt\/#\/schema\/person\/de562469f971dec226ac06e60bbf74a7"},"headline":"M. Cemilev: q\u0131r\u0131mtatarlar akimiyetnen qonu\u015fmaq yollar\u0131n\u0131 ara\u015ft\u0131ralar","datePublished":"2011-10-12T13:32:00+00:00","dateModified":"2022-01-19T13:33:16+00:00","mainEntityOfPage":{"@id":"https:\/\/qtmm.org\/qt\/m-cemilev-qirimtatarlar-akimiyetnen-qonusmaq-yollarini-arastiralar\/"},"wordCount":543,"commentCount":0,"publisher":{"@id":"https:\/\/qtmm.org\/qt\/#organization"},"articleSection":["Haberler"],"inLanguage":"qt","potentialAction":[{"@type":"CommentAction","name":"Comment","target":["https:\/\/qtmm.org\/qt\/m-cemilev-qirimtatarlar-akimiyetnen-qonusmaq-yollarini-arastiralar\/#respond"]}]},{"@type":"WebPage","@id":"https:\/\/qtmm.org\/qt\/m-cemilev-qirimtatarlar-akimiyetnen-qonusmaq-yollarini-arastiralar\/","url":"https:\/\/qtmm.org\/qt\/m-cemilev-qirimtatarlar-akimiyetnen-qonusmaq-yollarini-arastiralar\/","name":"M. Cemilev: q\u0131r\u0131mtatarlar akimiyetnen qonu\u015fmaq yollar\u0131n\u0131 ara\u015ft\u0131ralar - \u041c\u0435\u0434\u0436\u043b\u0456\u0441","isPartOf":{"@id":"https:\/\/qtmm.org\/qt\/#website"},"datePublished":"2011-10-12T13:32:00+00:00","dateModified":"2022-01-19T13:33:16+00:00","breadcrumb":{"@id":"https:\/\/qtmm.org\/qt\/m-cemilev-qirimtatarlar-akimiyetnen-qonusmaq-yollarini-arastiralar\/#breadcrumb"},"inLanguage":"qt","potentialAction":[{"@type":"ReadAction","target":["https:\/\/qtmm.org\/qt\/m-cemilev-qirimtatarlar-akimiyetnen-qonusmaq-yollarini-arastiralar\/"]}]},{"@type":"BreadcrumbList","@id":"https:\/\/qtmm.org\/qt\/m-cemilev-qirimtatarlar-akimiyetnen-qonusmaq-yollarini-arastiralar\/#breadcrumb","itemListElement":[{"@type":"ListItem","position":1,"name":"\u0413\u043e\u043b\u043e\u0432\u043d\u0430","item":"https:\/\/qtmm.org\/qt\/"},{"@type":"ListItem","position":2,"name":"M. Cemilev: q\u0131r\u0131mtatarlar akimiyetnen qonu\u015fmaq yollar\u0131n\u0131 ara\u015ft\u0131ralar"}]},{"@type":"WebSite","@id":"https:\/\/qtmm.org\/qt\/#website","url":"https:\/\/qtmm.org\/qt\/","name":"\u041c\u0435\u0434\u0436\u043b\u0456\u0441","description":"","publisher":{"@id":"https:\/\/qtmm.org\/qt\/#organization"},"potentialAction":[{"@type":"SearchAction","target":{"@type":"EntryPoint","urlTemplate":"https:\/\/qtmm.org\/qt\/?s={search_term_string}"},"query-input":{"@type":"PropertyValueSpecification","valueRequired":true,"valueName":"search_term_string"}}],"inLanguage":"qt"},{"@type":"Organization","@id":"https:\/\/qtmm.org\/qt\/#organization","name":"\u041c\u0435\u0434\u0436\u043b\u0456\u0441","url":"https:\/\/qtmm.org\/qt\/","logo":{"@type":"ImageObject","inLanguage":"qt","@id":"https:\/\/qtmm.org\/qt\/#\/schema\/logo\/image\/","url":"https:\/\/qtmm.org\/wp-content\/uploads\/2024\/12\/ua-mejlis-logo-rgb.svg","contentUrl":"https:\/\/qtmm.org\/wp-content\/uploads\/2024\/12\/ua-mejlis-logo-rgb.svg","caption":"\u041c\u0435\u0434\u0436\u043b\u0456\u0441"},"image":{"@id":"https:\/\/qtmm.org\/qt\/#\/schema\/logo\/image\/"},"sameAs":["https:\/\/www.facebook.com\/qtmm.info\/"]},{"@type":"Person","@id":"https:\/\/qtmm.org\/qt\/#\/schema\/person\/de562469f971dec226ac06e60bbf74a7","name":"Developer","image":{"@type":"ImageObject","inLanguage":"qt","@id":"https:\/\/secure.gravatar.com\/avatar\/392b4cc8fbfeb00b39dfeeab4ee6edded39ffd48e25858637e4765810300227e?s=96&d=mm&r=g","url":"https:\/\/secure.gravatar.com\/avatar\/392b4cc8fbfeb00b39dfeeab4ee6edded39ffd48e25858637e4765810300227e?s=96&d=mm&r=g","contentUrl":"https:\/\/secure.gravatar.com\/avatar\/392b4cc8fbfeb00b39dfeeab4ee6edded39ffd48e25858637e4765810300227e?s=96&d=mm&r=g","caption":"Developer"},"url":"https:\/\/qtmm.org\/qt\/author\/Developer\/"}]}},"_links":{"self":[{"href":"https:\/\/qtmm.org\/qt\/wp-json\/wp\/v2\/posts\/26412","targetHints":{"allow":["GET"]}}],"collection":[{"href":"https:\/\/qtmm.org\/qt\/wp-json\/wp\/v2\/posts"}],"about":[{"href":"https:\/\/qtmm.org\/qt\/wp-json\/wp\/v2\/types\/post"}],"author":[{"embeddable":true,"href":"https:\/\/qtmm.org\/qt\/wp-json\/wp\/v2\/users\/1"}],"replies":[{"embeddable":true,"href":"https:\/\/qtmm.org\/qt\/wp-json\/wp\/v2\/comments?post=26412"}],"version-history":[{"count":1,"href":"https:\/\/qtmm.org\/qt\/wp-json\/wp\/v2\/posts\/26412\/revisions"}],"predecessor-version":[{"id":26413,"href":"https:\/\/qtmm.org\/qt\/wp-json\/wp\/v2\/posts\/26412\/revisions\/26413"}],"wp:attachment":[{"href":"https:\/\/qtmm.org\/qt\/wp-json\/wp\/v2\/media?parent=26412"}],"wp:term":[{"taxonomy":"category","embeddable":true,"href":"https:\/\/qtmm.org\/qt\/wp-json\/wp\/v2\/categories?post=26412"},{"taxonomy":"post_tag","embeddable":true,"href":"https:\/\/qtmm.org\/qt\/wp-json\/wp\/v2\/tags?post=26412"}],"curies":[{"name":"wp","href":"https:\/\/api.w.org\/{rel}","templated":true}]}}