




{"id":26308,"date":"2011-10-10T16:28:00","date_gmt":"2011-10-10T13:28:00","guid":{"rendered":"http:\/\/qtmm.org\/?p=26308"},"modified":"2022-01-19T16:30:04","modified_gmt":"2022-01-19T13:30:04","slug":"mustafa-cemilevnin-praga-korusuvleri","status":"publish","type":"post","link":"https:\/\/qtmm.org\/qt\/mustafa-cemilevnin-praga-korusuvleri\/","title":{"rendered":"Mustafa Cemilevni\u00f1 Praga k\u00f6r\u00fc\u015f\u00fcvleri"},"content":{"rendered":"\n<p>2011 senesi okt\u00e2br 9 k\u00fcn\u00fc Pragada a\u00e7\u0131l\u011fan &#8220;Forum 2000&#8221; XV Halqara konferentsiyas\u0131 \u00e7al\u0131\u015f\u0131p ba\u015fla\u011fan ilk k\u00fcn\u00fcnden Meclis reisi Mustafa Cemilev \u00c7ehiyan\u0131\u00f1 1993-2003 senelerde Prezidenti ol\u011fan, &#8220;Forum 2000&#8221; fondun\u0131\u00f1 esas\u00e7\u0131s\u0131 ve uquqqoruy\u0131c\u0131 Vatslav Gavel ile k\u00f6r\u00fc\u015f\u00fcvde Q\u0131r\u0131mtatar halq\u0131n\u0131\u00f1 \u00f6z Vatan\u0131nda aq-uquqlar\u0131n\u0131 \u011fayr\u0131dan tiklev, on\u0131\u00f1 Ukrainada tel\u00fckesizligini teminlev meseleleri boyunca halqara forum ke\u00e7irmek mevzus\u0131n\u0131 muzakere etti.<\/p>\n\n\n\n<p>Belli uquqqoruy\u0131c\u0131 ve totalitar devletlerni\u00f1 demokratik inki\u015faf\u0131n\u0131\u00f1 tarafdar\u0131 Vatslav Gavel Meclisni\u00f1 Halqara forum ke\u00e7irmek te\u015febb\u00fcsine qoltutaraq, bu i\u015fni\u00f1 amelge ke\u00e7irilmesine yard\u0131m etmege az\u0131rl\u0131\u011f\u0131n\u0131 bildirdi.<\/p>\n\n\n\n<p>Ayn\u0131 \u015fu k\u00fcn\u00fc Mustafa Cemilev G\u00fcrcistan Prezidenti Mihail Saaka\u015fvili ile de k\u00f6r\u00fc\u015fip, &#8220;Forum 2000&#8221; XV Halqara konferentsiyas\u0131 \u00e7er\u00e7ivesinde Q\u0131r\u0131mn\u0131\u00f1 inki\u015faf\u0131 ve q\u0131r\u0131mtatar halq\u0131n\u0131\u00f1 aqlar\u0131n\u0131 tiklevnen ba\u011fl\u0131 meselelerni beraberlikte muzakere etmekni a\u00f1la\u015ft\u0131lar. k\u00f6r\u00fc\u015f\u00fcvler.<\/p>\n\n\n\n<figure class=\"wp-block-gallery columns-3 is-cropped wp-block-gallery-1 is-layout-flex wp-block-gallery-is-layout-flex\"><ul class=\"blocks-gallery-grid\"><li class=\"blocks-gallery-item\"><figure><a href=\"http:\/\/qtmm.org\/wp-content\/uploads\/2022\/01\/4e93c891b40bc.jpeg\"><img loading=\"lazy\" decoding=\"async\" width=\"640\" height=\"480\" src=\"http:\/\/qtmm.org\/wp-content\/uploads\/2022\/01\/4e93c891b40bc.jpeg\" alt=\"\" data-id=\"26309\" data-full-url=\"http:\/\/qtmm.org\/wp-content\/uploads\/2022\/01\/4e93c891b40bc.jpeg\" data-link=\"http:\/\/qtmm.org\/qt\/?attachment_id=26309\" class=\"wp-image-26309\" srcset=\"https:\/\/qtmm.org\/wp-content\/uploads\/2022\/01\/4e93c891b40bc.jpeg 640w, https:\/\/qtmm.org\/wp-content\/uploads\/2022\/01\/4e93c891b40bc-300x225.jpeg 300w\" sizes=\"auto, (max-width: 640px) 100vw, 640px\" \/><\/a><\/figure><\/li><li class=\"blocks-gallery-item\"><figure><a href=\"http:\/\/qtmm.org\/wp-content\/uploads\/2022\/01\/4e93c891ea41e.jpeg\"><img loading=\"lazy\" decoding=\"async\" width=\"640\" height=\"480\" src=\"http:\/\/qtmm.org\/wp-content\/uploads\/2022\/01\/4e93c891ea41e.jpeg\" alt=\"\" data-id=\"26313\" data-full-url=\"http:\/\/qtmm.org\/wp-content\/uploads\/2022\/01\/4e93c891ea41e.jpeg\" data-link=\"http:\/\/qtmm.org\/qt\/?attachment_id=26313\" class=\"wp-image-26313\" srcset=\"https:\/\/qtmm.org\/wp-content\/uploads\/2022\/01\/4e93c891ea41e.jpeg 640w, https:\/\/qtmm.org\/wp-content\/uploads\/2022\/01\/4e93c891ea41e-300x225.jpeg 300w\" sizes=\"auto, (max-width: 640px) 100vw, 640px\" \/><\/a><\/figure><\/li><li class=\"blocks-gallery-item\"><figure><a href=\"http:\/\/qtmm.org\/wp-content\/uploads\/2022\/01\/4e93c8917c23a.jpeg\"><img loading=\"lazy\" decoding=\"async\" width=\"640\" height=\"480\" src=\"http:\/\/qtmm.org\/wp-content\/uploads\/2022\/01\/4e93c8917c23a.jpeg\" alt=\"\" data-id=\"26317\" data-full-url=\"http:\/\/qtmm.org\/wp-content\/uploads\/2022\/01\/4e93c8917c23a.jpeg\" data-link=\"http:\/\/qtmm.org\/qt\/?attachment_id=26317\" class=\"wp-image-26317\" srcset=\"https:\/\/qtmm.org\/wp-content\/uploads\/2022\/01\/4e93c8917c23a.jpeg 640w, https:\/\/qtmm.org\/wp-content\/uploads\/2022\/01\/4e93c8917c23a-300x225.jpeg 300w\" sizes=\"auto, (max-width: 640px) 100vw, 640px\" \/><\/a><\/figure><\/li><li class=\"blocks-gallery-item\"><figure><a href=\"http:\/\/qtmm.org\/wp-content\/uploads\/2022\/01\/4e93c8922ffa0.jpeg\"><img loading=\"lazy\" decoding=\"async\" width=\"640\" height=\"480\" src=\"http:\/\/qtmm.org\/wp-content\/uploads\/2022\/01\/4e93c8922ffa0.jpeg\" alt=\"\" data-id=\"26321\" data-full-url=\"http:\/\/qtmm.org\/wp-content\/uploads\/2022\/01\/4e93c8922ffa0.jpeg\" data-link=\"http:\/\/qtmm.org\/qt\/?attachment_id=26321\" class=\"wp-image-26321\" srcset=\"https:\/\/qtmm.org\/wp-content\/uploads\/2022\/01\/4e93c8922ffa0.jpeg 640w, https:\/\/qtmm.org\/wp-content\/uploads\/2022\/01\/4e93c8922ffa0-300x225.jpeg 300w\" sizes=\"auto, (max-width: 640px) 100vw, 640px\" \/><\/a><\/figure><\/li><li class=\"blocks-gallery-item\"><figure><a href=\"http:\/\/qtmm.org\/wp-content\/uploads\/2022\/01\/4e93c8926a4f6.jpeg\"><img loading=\"lazy\" decoding=\"async\" width=\"640\" height=\"480\" src=\"http:\/\/qtmm.org\/wp-content\/uploads\/2022\/01\/4e93c8926a4f6.jpeg\" alt=\"\" data-id=\"26325\" data-full-url=\"http:\/\/qtmm.org\/wp-content\/uploads\/2022\/01\/4e93c8926a4f6.jpeg\" data-link=\"http:\/\/qtmm.org\/qt\/?attachment_id=26325\" class=\"wp-image-26325\" srcset=\"https:\/\/qtmm.org\/wp-content\/uploads\/2022\/01\/4e93c8926a4f6.jpeg 640w, https:\/\/qtmm.org\/wp-content\/uploads\/2022\/01\/4e93c8926a4f6-300x225.jpeg 300w\" sizes=\"auto, (max-width: 640px) 100vw, 640px\" \/><\/a><\/figure><\/li><li class=\"blocks-gallery-item\"><figure><a href=\"http:\/\/qtmm.org\/wp-content\/uploads\/2022\/01\/4e93c89145333.jpeg\"><img loading=\"lazy\" decoding=\"async\" width=\"640\" height=\"480\" src=\"http:\/\/qtmm.org\/wp-content\/uploads\/2022\/01\/4e93c89145333.jpeg\" alt=\"\" data-id=\"26329\" data-full-url=\"http:\/\/qtmm.org\/wp-content\/uploads\/2022\/01\/4e93c89145333.jpeg\" data-link=\"http:\/\/qtmm.org\/qt\/?attachment_id=26329\" class=\"wp-image-26329\" srcset=\"https:\/\/qtmm.org\/wp-content\/uploads\/2022\/01\/4e93c89145333.jpeg 640w, https:\/\/qtmm.org\/wp-content\/uploads\/2022\/01\/4e93c89145333-300x225.jpeg 300w\" sizes=\"auto, (max-width: 640px) 100vw, 640px\" \/><\/a><\/figure><\/li><\/ul><\/figure>\n","protected":false},"excerpt":{"rendered":"<p>2011 senesi okt\u00e2br 9 k\u00fcn\u00fc Pragada a\u00e7\u0131l\u011fan &#8220;Forum 2000&#8221; XV Halqara konferentsiyas\u0131 \u00e7al\u0131\u015f\u0131p ba\u015fla\u011fan ilk k\u00fcn\u00fcnden Meclis reisi Mustafa Cemilev \u00c7ehiyan\u0131\u00f1 1993-2003 senelerde Prezidenti ol\u011fan, &#8220;Forum 2000&#8221; fondun\u0131\u00f1 esas\u00e7\u0131s\u0131 ve uquqqoruy\u0131c\u0131 Vatslav Gavel ile k\u00f6r\u00fc\u015f\u00fcvde Q\u0131r\u0131mtatar halq\u0131n\u0131\u00f1 \u00f6z Vatan\u0131nda aq-uquqlar\u0131n\u0131 \u011fayr\u0131dan tiklev, on\u0131\u00f1 Ukrainada tel\u00fckesizligini teminlev meseleleri boyunca halqara forum ke\u00e7irmek mevzus\u0131n\u0131 muzakere etti. Belli [&hellip;]<\/p>\n","protected":false},"author":1,"featured_media":26309,"comment_status":"open","ping_status":"open","sticky":false,"template":"","format":"standard","meta":{"inline_featured_image":false,"footnotes":""},"categories":[265],"tags":[],"class_list":["post-26308","post","type-post","status-publish","format-standard","has-post-thumbnail","hentry","category-haberler"],"acf":[],"yoast_head":"<!-- This site is optimized with the Yoast SEO plugin v27.4 - https:\/\/yoast.com\/product\/yoast-seo-wordpress\/ -->\n<title>Mustafa Cemilevni\u00f1 Praga k\u00f6r\u00fc\u015f\u00fcvleri - \u041c\u0435\u0434\u0436\u043b\u0456\u0441<\/title>\n<meta name=\"robots\" content=\"index, follow, max-snippet:-1, max-image-preview:large, max-video-preview:-1\" \/>\n<link rel=\"canonical\" href=\"https:\/\/qtmm.org\/qt\/mustafa-cemilevnin-praga-korusuvleri\/\" \/>\n<meta property=\"og:locale\" content=\"en_US\" \/>\n<meta property=\"og:type\" content=\"article\" \/>\n<meta property=\"og:title\" content=\"Mustafa Cemilevni\u00f1 Praga k\u00f6r\u00fc\u015f\u00fcvleri - \u041c\u0435\u0434\u0436\u043b\u0456\u0441\" \/>\n<meta property=\"og:description\" content=\"2011 senesi okt\u00e2br 9 k\u00fcn\u00fc Pragada a\u00e7\u0131l\u011fan &#8220;Forum 2000&#8221; XV Halqara konferentsiyas\u0131 \u00e7al\u0131\u015f\u0131p ba\u015fla\u011fan ilk k\u00fcn\u00fcnden Meclis reisi Mustafa Cemilev \u00c7ehiyan\u0131\u00f1 1993-2003 senelerde Prezidenti ol\u011fan, &#8220;Forum 2000&#8221; fondun\u0131\u00f1 esas\u00e7\u0131s\u0131 ve uquqqoruy\u0131c\u0131 Vatslav Gavel ile k\u00f6r\u00fc\u015f\u00fcvde Q\u0131r\u0131mtatar halq\u0131n\u0131\u00f1 \u00f6z Vatan\u0131nda aq-uquqlar\u0131n\u0131 \u011fayr\u0131dan tiklev, on\u0131\u00f1 Ukrainada tel\u00fckesizligini teminlev meseleleri boyunca halqara forum ke\u00e7irmek mevzus\u0131n\u0131 muzakere etti. Belli [&hellip;]\" \/>\n<meta property=\"og:url\" content=\"https:\/\/qtmm.org\/qt\/mustafa-cemilevnin-praga-korusuvleri\/\" \/>\n<meta property=\"og:site_name\" content=\"\u041c\u0435\u0434\u0436\u043b\u0456\u0441\" \/>\n<meta property=\"article:publisher\" content=\"https:\/\/www.facebook.com\/qtmm.info\/\" \/>\n<meta property=\"article:published_time\" content=\"2011-10-10T13:28:00+00:00\" \/>\n<meta property=\"article:modified_time\" content=\"2022-01-19T13:30:04+00:00\" \/>\n<meta property=\"og:image\" content=\"https:\/\/qtmm.org\/wp-content\/uploads\/2022\/01\/4e93c891b40bc.jpeg\" \/>\n\t<meta property=\"og:image:width\" content=\"640\" \/>\n\t<meta property=\"og:image:height\" content=\"480\" \/>\n\t<meta property=\"og:image:type\" content=\"image\/jpeg\" \/>\n<meta name=\"author\" content=\"Developer\" \/>\n<meta name=\"twitter:card\" content=\"summary_large_image\" \/>\n<meta name=\"twitter:label1\" content=\"Written by\" \/>\n\t<meta name=\"twitter:data1\" content=\"Developer\" \/>\n\t<meta name=\"twitter:label2\" content=\"Est. reading time\" \/>\n\t<meta name=\"twitter:data2\" content=\"1 minute\" \/>\n<script type=\"application\/ld+json\" class=\"yoast-schema-graph\">{\"@context\":\"https:\\\/\\\/schema.org\",\"@graph\":[{\"@type\":\"Article\",\"@id\":\"https:\\\/\\\/qtmm.org\\\/qt\\\/mustafa-cemilevnin-praga-korusuvleri\\\/#article\",\"isPartOf\":{\"@id\":\"https:\\\/\\\/qtmm.org\\\/qt\\\/mustafa-cemilevnin-praga-korusuvleri\\\/\"},\"author\":{\"name\":\"Developer\",\"@id\":\"https:\\\/\\\/qtmm.org\\\/qt\\\/#\\\/schema\\\/person\\\/de562469f971dec226ac06e60bbf74a7\"},\"headline\":\"Mustafa Cemilevni\u00f1 Praga k\u00f6r\u00fc\u015f\u00fcvleri\",\"datePublished\":\"2011-10-10T13:28:00+00:00\",\"dateModified\":\"2022-01-19T13:30:04+00:00\",\"mainEntityOfPage\":{\"@id\":\"https:\\\/\\\/qtmm.org\\\/qt\\\/mustafa-cemilevnin-praga-korusuvleri\\\/\"},\"wordCount\":164,\"commentCount\":0,\"publisher\":{\"@id\":\"https:\\\/\\\/qtmm.org\\\/qt\\\/#organization\"},\"image\":{\"@id\":\"https:\\\/\\\/qtmm.org\\\/qt\\\/mustafa-cemilevnin-praga-korusuvleri\\\/#primaryimage\"},\"thumbnailUrl\":\"https:\\\/\\\/qtmm.org\\\/wp-content\\\/uploads\\\/2022\\\/01\\\/4e93c891b40bc.jpeg\",\"articleSection\":[\"Haberler\"],\"inLanguage\":\"qt\",\"potentialAction\":[{\"@type\":\"CommentAction\",\"name\":\"Comment\",\"target\":[\"https:\\\/\\\/qtmm.org\\\/qt\\\/mustafa-cemilevnin-praga-korusuvleri\\\/#respond\"]}]},{\"@type\":\"WebPage\",\"@id\":\"https:\\\/\\\/qtmm.org\\\/qt\\\/mustafa-cemilevnin-praga-korusuvleri\\\/\",\"url\":\"https:\\\/\\\/qtmm.org\\\/qt\\\/mustafa-cemilevnin-praga-korusuvleri\\\/\",\"name\":\"Mustafa Cemilevni\u00f1 Praga k\u00f6r\u00fc\u015f\u00fcvleri - \u041c\u0435\u0434\u0436\u043b\u0456\u0441\",\"isPartOf\":{\"@id\":\"https:\\\/\\\/qtmm.org\\\/qt\\\/#website\"},\"primaryImageOfPage\":{\"@id\":\"https:\\\/\\\/qtmm.org\\\/qt\\\/mustafa-cemilevnin-praga-korusuvleri\\\/#primaryimage\"},\"image\":{\"@id\":\"https:\\\/\\\/qtmm.org\\\/qt\\\/mustafa-cemilevnin-praga-korusuvleri\\\/#primaryimage\"},\"thumbnailUrl\":\"https:\\\/\\\/qtmm.org\\\/wp-content\\\/uploads\\\/2022\\\/01\\\/4e93c891b40bc.jpeg\",\"datePublished\":\"2011-10-10T13:28:00+00:00\",\"dateModified\":\"2022-01-19T13:30:04+00:00\",\"breadcrumb\":{\"@id\":\"https:\\\/\\\/qtmm.org\\\/qt\\\/mustafa-cemilevnin-praga-korusuvleri\\\/#breadcrumb\"},\"inLanguage\":\"qt\",\"potentialAction\":[{\"@type\":\"ReadAction\",\"target\":[\"https:\\\/\\\/qtmm.org\\\/qt\\\/mustafa-cemilevnin-praga-korusuvleri\\\/\"]}]},{\"@type\":\"ImageObject\",\"inLanguage\":\"qt\",\"@id\":\"https:\\\/\\\/qtmm.org\\\/qt\\\/mustafa-cemilevnin-praga-korusuvleri\\\/#primaryimage\",\"url\":\"https:\\\/\\\/qtmm.org\\\/wp-content\\\/uploads\\\/2022\\\/01\\\/4e93c891b40bc.jpeg\",\"contentUrl\":\"https:\\\/\\\/qtmm.org\\\/wp-content\\\/uploads\\\/2022\\\/01\\\/4e93c891b40bc.jpeg\",\"width\":640,\"height\":480},{\"@type\":\"BreadcrumbList\",\"@id\":\"https:\\\/\\\/qtmm.org\\\/qt\\\/mustafa-cemilevnin-praga-korusuvleri\\\/#breadcrumb\",\"itemListElement\":[{\"@type\":\"ListItem\",\"position\":1,\"name\":\"\u0413\u043e\u043b\u043e\u0432\u043d\u0430\",\"item\":\"https:\\\/\\\/qtmm.org\\\/qt\\\/\"},{\"@type\":\"ListItem\",\"position\":2,\"name\":\"Mustafa Cemilevni\u00f1 Praga k\u00f6r\u00fc\u015f\u00fcvleri\"}]},{\"@type\":\"WebSite\",\"@id\":\"https:\\\/\\\/qtmm.org\\\/qt\\\/#website\",\"url\":\"https:\\\/\\\/qtmm.org\\\/qt\\\/\",\"name\":\"\u041c\u0435\u0434\u0436\u043b\u0456\u0441\",\"description\":\"\",\"publisher\":{\"@id\":\"https:\\\/\\\/qtmm.org\\\/qt\\\/#organization\"},\"potentialAction\":[{\"@type\":\"SearchAction\",\"target\":{\"@type\":\"EntryPoint\",\"urlTemplate\":\"https:\\\/\\\/qtmm.org\\\/qt\\\/?s={search_term_string}\"},\"query-input\":{\"@type\":\"PropertyValueSpecification\",\"valueRequired\":true,\"valueName\":\"search_term_string\"}}],\"inLanguage\":\"qt\"},{\"@type\":\"Organization\",\"@id\":\"https:\\\/\\\/qtmm.org\\\/qt\\\/#organization\",\"name\":\"\u041c\u0435\u0434\u0436\u043b\u0456\u0441\",\"url\":\"https:\\\/\\\/qtmm.org\\\/qt\\\/\",\"logo\":{\"@type\":\"ImageObject\",\"inLanguage\":\"qt\",\"@id\":\"https:\\\/\\\/qtmm.org\\\/qt\\\/#\\\/schema\\\/logo\\\/image\\\/\",\"url\":\"https:\\\/\\\/qtmm.org\\\/wp-content\\\/uploads\\\/2024\\\/12\\\/ua-mejlis-logo-rgb.svg\",\"contentUrl\":\"https:\\\/\\\/qtmm.org\\\/wp-content\\\/uploads\\\/2024\\\/12\\\/ua-mejlis-logo-rgb.svg\",\"caption\":\"\u041c\u0435\u0434\u0436\u043b\u0456\u0441\"},\"image\":{\"@id\":\"https:\\\/\\\/qtmm.org\\\/qt\\\/#\\\/schema\\\/logo\\\/image\\\/\"},\"sameAs\":[\"https:\\\/\\\/www.facebook.com\\\/qtmm.info\\\/\"]},{\"@type\":\"Person\",\"@id\":\"https:\\\/\\\/qtmm.org\\\/qt\\\/#\\\/schema\\\/person\\\/de562469f971dec226ac06e60bbf74a7\",\"name\":\"Developer\",\"image\":{\"@type\":\"ImageObject\",\"inLanguage\":\"qt\",\"@id\":\"https:\\\/\\\/secure.gravatar.com\\\/avatar\\\/392b4cc8fbfeb00b39dfeeab4ee6edded39ffd48e25858637e4765810300227e?s=96&d=mm&r=g\",\"url\":\"https:\\\/\\\/secure.gravatar.com\\\/avatar\\\/392b4cc8fbfeb00b39dfeeab4ee6edded39ffd48e25858637e4765810300227e?s=96&d=mm&r=g\",\"contentUrl\":\"https:\\\/\\\/secure.gravatar.com\\\/avatar\\\/392b4cc8fbfeb00b39dfeeab4ee6edded39ffd48e25858637e4765810300227e?s=96&d=mm&r=g\",\"caption\":\"Developer\"},\"url\":\"https:\\\/\\\/qtmm.org\\\/qt\\\/author\\\/Developer\\\/\"}]}<\/script>\n<!-- \/ Yoast SEO plugin. -->","yoast_head_json":{"title":"Mustafa Cemilevni\u00f1 Praga k\u00f6r\u00fc\u015f\u00fcvleri - \u041c\u0435\u0434\u0436\u043b\u0456\u0441","robots":{"index":"index","follow":"follow","max-snippet":"max-snippet:-1","max-image-preview":"max-image-preview:large","max-video-preview":"max-video-preview:-1"},"canonical":"https:\/\/qtmm.org\/qt\/mustafa-cemilevnin-praga-korusuvleri\/","og_locale":"en_US","og_type":"article","og_title":"Mustafa Cemilevni\u00f1 Praga k\u00f6r\u00fc\u015f\u00fcvleri - \u041c\u0435\u0434\u0436\u043b\u0456\u0441","og_description":"2011 senesi okt\u00e2br 9 k\u00fcn\u00fc Pragada a\u00e7\u0131l\u011fan &#8220;Forum 2000&#8221; XV Halqara konferentsiyas\u0131 \u00e7al\u0131\u015f\u0131p ba\u015fla\u011fan ilk k\u00fcn\u00fcnden Meclis reisi Mustafa Cemilev \u00c7ehiyan\u0131\u00f1 1993-2003 senelerde Prezidenti ol\u011fan, &#8220;Forum 2000&#8221; fondun\u0131\u00f1 esas\u00e7\u0131s\u0131 ve uquqqoruy\u0131c\u0131 Vatslav Gavel ile k\u00f6r\u00fc\u015f\u00fcvde Q\u0131r\u0131mtatar halq\u0131n\u0131\u00f1 \u00f6z Vatan\u0131nda aq-uquqlar\u0131n\u0131 \u011fayr\u0131dan tiklev, on\u0131\u00f1 Ukrainada tel\u00fckesizligini teminlev meseleleri boyunca halqara forum ke\u00e7irmek mevzus\u0131n\u0131 muzakere etti. Belli [&hellip;]","og_url":"https:\/\/qtmm.org\/qt\/mustafa-cemilevnin-praga-korusuvleri\/","og_site_name":"\u041c\u0435\u0434\u0436\u043b\u0456\u0441","article_publisher":"https:\/\/www.facebook.com\/qtmm.info\/","article_published_time":"2011-10-10T13:28:00+00:00","article_modified_time":"2022-01-19T13:30:04+00:00","og_image":[{"width":640,"height":480,"url":"https:\/\/qtmm.org\/wp-content\/uploads\/2022\/01\/4e93c891b40bc.jpeg","type":"image\/jpeg"}],"author":"Developer","twitter_card":"summary_large_image","twitter_misc":{"Written by":"Developer","Est. reading time":"1 minute"},"schema":{"@context":"https:\/\/schema.org","@graph":[{"@type":"Article","@id":"https:\/\/qtmm.org\/qt\/mustafa-cemilevnin-praga-korusuvleri\/#article","isPartOf":{"@id":"https:\/\/qtmm.org\/qt\/mustafa-cemilevnin-praga-korusuvleri\/"},"author":{"name":"Developer","@id":"https:\/\/qtmm.org\/qt\/#\/schema\/person\/de562469f971dec226ac06e60bbf74a7"},"headline":"Mustafa Cemilevni\u00f1 Praga k\u00f6r\u00fc\u015f\u00fcvleri","datePublished":"2011-10-10T13:28:00+00:00","dateModified":"2022-01-19T13:30:04+00:00","mainEntityOfPage":{"@id":"https:\/\/qtmm.org\/qt\/mustafa-cemilevnin-praga-korusuvleri\/"},"wordCount":164,"commentCount":0,"publisher":{"@id":"https:\/\/qtmm.org\/qt\/#organization"},"image":{"@id":"https:\/\/qtmm.org\/qt\/mustafa-cemilevnin-praga-korusuvleri\/#primaryimage"},"thumbnailUrl":"https:\/\/qtmm.org\/wp-content\/uploads\/2022\/01\/4e93c891b40bc.jpeg","articleSection":["Haberler"],"inLanguage":"qt","potentialAction":[{"@type":"CommentAction","name":"Comment","target":["https:\/\/qtmm.org\/qt\/mustafa-cemilevnin-praga-korusuvleri\/#respond"]}]},{"@type":"WebPage","@id":"https:\/\/qtmm.org\/qt\/mustafa-cemilevnin-praga-korusuvleri\/","url":"https:\/\/qtmm.org\/qt\/mustafa-cemilevnin-praga-korusuvleri\/","name":"Mustafa Cemilevni\u00f1 Praga k\u00f6r\u00fc\u015f\u00fcvleri - \u041c\u0435\u0434\u0436\u043b\u0456\u0441","isPartOf":{"@id":"https:\/\/qtmm.org\/qt\/#website"},"primaryImageOfPage":{"@id":"https:\/\/qtmm.org\/qt\/mustafa-cemilevnin-praga-korusuvleri\/#primaryimage"},"image":{"@id":"https:\/\/qtmm.org\/qt\/mustafa-cemilevnin-praga-korusuvleri\/#primaryimage"},"thumbnailUrl":"https:\/\/qtmm.org\/wp-content\/uploads\/2022\/01\/4e93c891b40bc.jpeg","datePublished":"2011-10-10T13:28:00+00:00","dateModified":"2022-01-19T13:30:04+00:00","breadcrumb":{"@id":"https:\/\/qtmm.org\/qt\/mustafa-cemilevnin-praga-korusuvleri\/#breadcrumb"},"inLanguage":"qt","potentialAction":[{"@type":"ReadAction","target":["https:\/\/qtmm.org\/qt\/mustafa-cemilevnin-praga-korusuvleri\/"]}]},{"@type":"ImageObject","inLanguage":"qt","@id":"https:\/\/qtmm.org\/qt\/mustafa-cemilevnin-praga-korusuvleri\/#primaryimage","url":"https:\/\/qtmm.org\/wp-content\/uploads\/2022\/01\/4e93c891b40bc.jpeg","contentUrl":"https:\/\/qtmm.org\/wp-content\/uploads\/2022\/01\/4e93c891b40bc.jpeg","width":640,"height":480},{"@type":"BreadcrumbList","@id":"https:\/\/qtmm.org\/qt\/mustafa-cemilevnin-praga-korusuvleri\/#breadcrumb","itemListElement":[{"@type":"ListItem","position":1,"name":"\u0413\u043e\u043b\u043e\u0432\u043d\u0430","item":"https:\/\/qtmm.org\/qt\/"},{"@type":"ListItem","position":2,"name":"Mustafa Cemilevni\u00f1 Praga k\u00f6r\u00fc\u015f\u00fcvleri"}]},{"@type":"WebSite","@id":"https:\/\/qtmm.org\/qt\/#website","url":"https:\/\/qtmm.org\/qt\/","name":"\u041c\u0435\u0434\u0436\u043b\u0456\u0441","description":"","publisher":{"@id":"https:\/\/qtmm.org\/qt\/#organization"},"potentialAction":[{"@type":"SearchAction","target":{"@type":"EntryPoint","urlTemplate":"https:\/\/qtmm.org\/qt\/?s={search_term_string}"},"query-input":{"@type":"PropertyValueSpecification","valueRequired":true,"valueName":"search_term_string"}}],"inLanguage":"qt"},{"@type":"Organization","@id":"https:\/\/qtmm.org\/qt\/#organization","name":"\u041c\u0435\u0434\u0436\u043b\u0456\u0441","url":"https:\/\/qtmm.org\/qt\/","logo":{"@type":"ImageObject","inLanguage":"qt","@id":"https:\/\/qtmm.org\/qt\/#\/schema\/logo\/image\/","url":"https:\/\/qtmm.org\/wp-content\/uploads\/2024\/12\/ua-mejlis-logo-rgb.svg","contentUrl":"https:\/\/qtmm.org\/wp-content\/uploads\/2024\/12\/ua-mejlis-logo-rgb.svg","caption":"\u041c\u0435\u0434\u0436\u043b\u0456\u0441"},"image":{"@id":"https:\/\/qtmm.org\/qt\/#\/schema\/logo\/image\/"},"sameAs":["https:\/\/www.facebook.com\/qtmm.info\/"]},{"@type":"Person","@id":"https:\/\/qtmm.org\/qt\/#\/schema\/person\/de562469f971dec226ac06e60bbf74a7","name":"Developer","image":{"@type":"ImageObject","inLanguage":"qt","@id":"https:\/\/secure.gravatar.com\/avatar\/392b4cc8fbfeb00b39dfeeab4ee6edded39ffd48e25858637e4765810300227e?s=96&d=mm&r=g","url":"https:\/\/secure.gravatar.com\/avatar\/392b4cc8fbfeb00b39dfeeab4ee6edded39ffd48e25858637e4765810300227e?s=96&d=mm&r=g","contentUrl":"https:\/\/secure.gravatar.com\/avatar\/392b4cc8fbfeb00b39dfeeab4ee6edded39ffd48e25858637e4765810300227e?s=96&d=mm&r=g","caption":"Developer"},"url":"https:\/\/qtmm.org\/qt\/author\/Developer\/"}]}},"_links":{"self":[{"href":"https:\/\/qtmm.org\/qt\/wp-json\/wp\/v2\/posts\/26308","targetHints":{"allow":["GET"]}}],"collection":[{"href":"https:\/\/qtmm.org\/qt\/wp-json\/wp\/v2\/posts"}],"about":[{"href":"https:\/\/qtmm.org\/qt\/wp-json\/wp\/v2\/types\/post"}],"author":[{"embeddable":true,"href":"https:\/\/qtmm.org\/qt\/wp-json\/wp\/v2\/users\/1"}],"replies":[{"embeddable":true,"href":"https:\/\/qtmm.org\/qt\/wp-json\/wp\/v2\/comments?post=26308"}],"version-history":[{"count":1,"href":"https:\/\/qtmm.org\/qt\/wp-json\/wp\/v2\/posts\/26308\/revisions"}],"predecessor-version":[{"id":26333,"href":"https:\/\/qtmm.org\/qt\/wp-json\/wp\/v2\/posts\/26308\/revisions\/26333"}],"wp:featuredmedia":[{"embeddable":true,"href":"https:\/\/qtmm.org\/qt\/wp-json\/wp\/v2\/media\/26309"}],"wp:attachment":[{"href":"https:\/\/qtmm.org\/qt\/wp-json\/wp\/v2\/media?parent=26308"}],"wp:term":[{"taxonomy":"category","embeddable":true,"href":"https:\/\/qtmm.org\/qt\/wp-json\/wp\/v2\/categories?post=26308"},{"taxonomy":"post_tag","embeddable":true,"href":"https:\/\/qtmm.org\/qt\/wp-json\/wp\/v2\/tags?post=26308"}],"curies":[{"name":"wp","href":"https:\/\/api.w.org\/{rel}","templated":true}]}}