




{"id":26304,"date":"2011-10-05T16:23:00","date_gmt":"2011-10-05T13:23:00","guid":{"rendered":"http:\/\/qtmm.org\/?p=26304"},"modified":"2022-01-19T16:24:15","modified_gmt":"2022-01-19T13:24:15","slug":"refat-cubarov-eger-bizim-67-yilga-artqa-qaytmaq-imkanimiz-olsaydi","status":"publish","type":"post","link":"https:\/\/qtmm.org\/qt\/refat-cubarov-eger-bizim-67-yilga-artqa-qaytmaq-imkanimiz-olsaydi\/","title":{"rendered":"Refat \u00c7ubarov: \u00abEger bizim 67 y\u0131l\u011fa artqa qaytmaq imk\u00e2n\u0131m\u0131z olsayd\u0131\u2026\u00bb"},"content":{"rendered":"\n<p class=\"has-text-align-center\"><strong>\u00dcrmetli cenaplar!<\/strong><\/p>\n\n\n\n<p>Eger bizim 67 y\u0131l\u011fa artqa qaytmaq imk\u00e2n\u0131m\u0131z olsayd\u0131, o zaman Q\u0131r\u0131m topra\u011f\u0131nda insanl\u0131qqa qar\u015f\u0131 yap\u0131l\u011fan cinayetni\u00f1 \u015faatlar\u0131 olur edik. Eki y\u00fcz bi\u00f1den ziyade, esasen qad\u0131nlar ve balalardan ibaret q\u0131r\u0131mtatarlar\u0131 \u00fc\u00e7 k\u00fcn i\u00e7inde sil\u00e2 qulllan\u0131l\u011fan\u0131 alda \u00f6z evlerinden quv\u0131p \u00e7\u0131qar\u0131l\u0131p, demir\u00f6l stantsiyalar\u0131nda ayvan ta\u015f\u0131l\u011fan vagonlar\u011fa toldur\u0131ld\u0131 ve NKVD subaylar\u0131n\u0131\u00f1 saq\u00e7\u0131l\u0131\u011f\u0131nda Orta Asiya cumhuriyetleri, Sibir ve Ural\u011fa s\u00fcrg\u00fcn etildiler.<\/p>\n\n\n\n<p>Eger o vaq\u0131tqa qaytmaq \u00e7aremiz olsa, biz bun\u0131\u00f1 kibi de q\u0131r\u0131mtatarlar yerle\u015ftirilgen yerlerdeki insan ya\u015famas\u0131 i\u00e7\u00fcn asl\u0131 da keli\u015fmegen de\u015fetli \u015faraitlerni k\u00f6rer edik. A\u00e7l\u0131q, hastal\u0131q ve aqaretlevler er saatte q\u0131r\u0131mtatarlarn\u0131\u00f1 canlar\u0131n\u0131 ald\u0131 \u2013 q\u0131r\u0131mtatarlar s\u00fcrg\u00fcnlikni\u00f1 birinci y\u0131llar\u0131nda ealisini\u00f1 46 fay\u0131z\u0131n\u0131 \u011fay\u0131p ettiler. Q\u0131r\u0131mtatar halq\u0131 kibi az say\u0131l\u0131 millet i\u00e7\u00fcn bu, aqibetleri al\u00e2 bu k\u00fcnge qadar yoq etilmegen, fel\u00e2ket old\u0131. Amma, sovetler akimiyeti ne qadar \u0131d\u0131r\u0131nmas\u0131n, q\u0131r\u0131mtatarlar ep bir sa\u011f qald\u0131lar, boysunmad\u0131lar, yabanc\u0131 topraqta qar\u0131\u015f\u0131p ketmediler. \u011eayretleri, t\u0131r\u0131\u015fuvlar\u0131 sayesinde \u00f6z tili, urf-adetleri ve \u00f6zg\u00fcnligini saqlaya bildiler.<\/p>\n\n\n\n<p>E\u00f1 m\u00fcimi \u2013 olar \u00f6z tuv\u011fan yurtuna sevgi ve sadaqatn\u0131 saqlap qald\u0131lar, ces\u00fcrlikleri ve iradeleri sayesinde Vatan\u011fa qaytuv ve adaletni tiklev o\u011frunda k\u00fcre\u015f etraf\u0131nda birle\u015ftiler.<\/p>\n\n\n\n<p>Q\u0131r\u0131mtatarlarn\u0131\u00f1 k\u00fctleviy s\u00fcrette avdeti Ukraina devletini\u00f1 mustaqilligi tiklengenine do\u011fru keldi. Bug\u00fcnde-bug\u00fcn 280 bi\u00f1 q\u0131r\u0131mtatar\u0131 \u00f6z topraqlar\u0131na qayt\u0131p old\u0131lar, l\u00e2kin q\u0131r\u0131mtatar halq\u0131n\u0131\u00f1 kelecegi ba\u011fl\u0131 ol\u011fan bir \u00e7oq meseleler al\u00e2 daa \u00e7ezilmedi.<\/p>\n\n\n\n<p>\u0130nan\u0131\u00f1\u0131z ki, biz q\u0131r\u0131mtatar halq\u0131n\u0131\u00f1 avdeti mustaqil Ukrainan\u0131\u00f1 tiklenmesinen ba\u011fl\u0131 ol\u0131p nas\u0131l a\u011f\u0131r \u015faraitlerde ke\u00e7kenini yah\u015f\u0131 a\u00f1laym\u0131z. \u015eun\u0131 da qayd etmek isteyim ki, Ukraina \u2013 s\u00fcrg\u00fcn etilgen halqlarn\u0131\u00f1 \u00f6z topra\u011f\u0131na qaytuv aqq\u0131n\u0131 tasdiqla\u011fan yek\u00e2ne cumhuriyettir. Ayn\u0131 zamanda, biz \u015fun\u0131 da a\u00f1laym\u0131z ki, 20 y\u0131l devam\u0131nda q\u0131r\u0131mtatar halq\u0131n\u0131\u00f1 qaytuv\u0131, yerle\u015f\u00fcvi ve aqlar\u0131n\u0131\u00f1 tiklenmesini teminlegen i\u00e7 bir qanunn\u0131\u00f1 qabul etilmemesi i\u00e7 bir t\u00fcrl\u00fc sebepler ile aqlan\u0131lmaz.<\/p>\n\n\n\n<p>Aqiqat \u015funda ki, ukrain siyaset\u00e7ilerini\u00f1 baya\u011f\u0131 bir q\u0131sm\u0131, olsun \u00fck\u00fcmet i\u00e7inde, olsun muhalifette, q\u0131r\u0131mtatar halq\u0131 meselesini\u00f1 qanuniy \u015fekilde \u00e7ezilmesinden qa\u00e7\u0131nmaqtalar. \u00c7\u00fcnki olarn\u0131\u00f1 noqtai-nazar\u0131ndan \u015fah\u0131s ve toplumn\u0131\u00f1 aq-uquqlar\u0131 b\u00fct\u00fcn d\u00fcnyada adaletni\u00f1 temelidir, l\u00e2kin bun\u0131\u00f1 q\u0131r\u0131mtatarlar\u011fa al\u00e2qas\u0131 yoqt\u0131r, Tabiiy ki, adalet tiklenmesine devletni\u00f1 b\u00f6yle l\u00e2qayd davranmas\u0131 q\u0131r\u0131mtatarlarda belli bir duy\u011fularn\u0131 qoz\u011famas\u0131na al\u0131p kele.<\/p>\n\n\n\n<p>Meydan\u011fa kelgen bu vaziyette bizler a\u00e7\u0131qtan-a\u00e7\u0131q \u015funda iqrar olmam\u0131z zarur ki, q\u0131r\u0131mtatar halq\u0131 meselesi \u00e7ezimini\u00f1 ep keri \u00e7ekilmesi avropa halqlar\u0131 aras\u0131nda e\u00f1 qadimiy ve \u00f6zg\u00fcn milletni\u00f1 yoq olmas\u0131na sebep\u00e7i olur.<\/p>\n\n\n\n<p>Ayt\u0131\u00f1\u0131z\u00e7\u0131, bu vaziyette q\u0131r\u0131mtatarlar ne yapmal\u0131lar? Q\u0131r\u0131mtatarlarn\u0131\u00f1 Ukraina i\u00e7ersindeki Vatanlar\u0131ndan ba\u015fqa i\u00e7 bir yerde Vatanlar\u0131 yoqt\u0131r. Olarn\u0131\u00f1 \u015fekillenmesine imk\u00e2n yaratqan topraq Ukrainan\u0131\u00f1 terkibiy q\u0131sm\u0131d\u0131r.<\/p>\n\n\n\n<p>Bundan kelip \u00e7\u0131qaraq, \u015fun\u0131 da k\u00f6remiz ki, q\u0131r\u0131mtatar halq\u0131 s\u00fcrg\u00fcnligini\u00f1 aqibetlerini yoq etmek, qaytuv\u0131, yerle\u015f\u00fcvi ve aqlar\u0131n\u0131\u00f1 tiklen\u00fcvinen ba\u011fl\u0131 meselelerni\u00f1 \u00e7eziminde Ukraina halqara cemaat\u00e7\u0131l\u0131qn\u0131\u00f1 acele yard\u0131m\u0131na muhtacd\u0131r. \u00d6z taraf\u0131ndan, d\u00fcnya ve Avropa cemaat\u00e7\u0131l\u0131\u011f\u0131 da 21 As\u0131rda ad\u00e2 daa 1944 senesi may\u0131s 18 facias\u0131n\u0131\u00f1 aqibetleri yoq etilmegenine bifarq olamaz.<\/p>\n\n\n\n<p>Zan\u0131m\u0131zca halqara ve avropa te\u015fkil\u00e2tlar\u0131n\u0131\u00f1 imayesi alt\u0131nda Q\u0131r\u0131mtatar halq\u0131n\u0131\u00f1 \u00f6z Vatan\u0131nda aqlar\u0131n\u0131\u00f1 tiklenmesi, on\u0131\u00f1 Ukrainada tel\u00fckesizligi ve inki\u015faf\u0131n\u0131 teminlegen halqara forumn\u0131 e\u00f1 yaq\u0131n vaq\u0131tta ke\u00e7irmek l\u00e2zim.<\/p>\n\n\n\n<p>Baz\u0131 muhaliflerimiz desene \u00f6z evlerinde kendileri bu meselelerni \u00e7ezip olamaylar, diye bizim b\u00f6yle teklifimizni yersiz sayalar, Biz bu sualge de a\u00e7\u0131q cevap qaytaram\u0131z: eger \u00f6z vazifedar hadimlerimiz ve devlet erbaplar\u0131m\u0131z q\u0131r\u0131mtatar meselesini \u00e7ez\u00fcv yollar\u0131n\u0131 tapalmay ekenler, halqara te\u015fkil\u00e2t ve ihtisasla\u015ft\u0131r\u0131l\u011fan institutlarn\u0131 yard\u0131m\u011fa \u00e7a\u011f\u0131rmaq ay\u0131p degil. Aksine, Ukraina ve q\u0131r\u0131mtatar halq\u0131 \u00f6z problemlerinen y\u00fczge-y\u00fcz ya\u00f1\u011f\u0131z qald\u0131lar. Q\u0131r\u0131m\u011fa endi qaytqan 280 bi\u00f1 ve qaytma\u011fa istegen aman-aman 120-130 q\u0131r\u0131mtatarlarn\u0131\u00f1 qaytuv\u0131 ve yerle\u015f\u00fcvi ayn\u0131 \u015fu problemlerni\u00f1 \u00e7ezimine ba\u011fl\u0131d\u0131r. Ve olar halqara cemaat\u00e7\u0131l\u0131qn\u0131\u00f1 yard\u0131m\u0131na l\u00e2y\u0131qt\u0131rlar. Em yard\u0131m er tarafl\u0131 olaraq, q\u0131r\u0131mtatar halq\u0131n\u0131\u00f1 inki\u015faf\u0131n\u0131 teminlemesi kerek.<\/p>\n\n\n\n<p>Halqara cemaat\u00e7l\u0131qn\u0131\u00f1 yard\u0131m ber\u00fcv usullar\u0131 Ukraina azas\u0131 old\u0131\u011f\u0131 halqara te\u015fkil\u00e2tlarn\u0131\u00f1 imayesi alt\u0131nda ve q\u0131r\u0131mtatar halq\u0131 vekillerini\u00f1 i\u015ftirakinde i\u015flenmesi l\u00e2zimdir.<\/p>\n\n\n\n<p>Fikrimizce, mezk\u00fcr forum, vazifesi &#8211; regionda davalar qopmas\u0131n\u0131\u00f1 \u00f6g\u00fcni aluv, inqirazlarn\u0131 tertipke ketir\u00fcv, qav\u011fa aqibetlerini yoq et\u00fcv ol\u011fan \u00d6BSE imayesi alt\u0131nda ke\u00e7irile bilir.<\/p>\n\n\n\n<p>Epi\u00f1izge diqqat\u0131\u00f1\u0131z i\u00e7\u00fcn te\u015fekk\u00fcr bildirip, Q\u0131r\u0131mtatar halq\u0131n\u0131\u00f1 \u00f6z Vatan\u0131nda aqlar\u0131n\u0131\u00f1 tiklenmesi, on\u0131\u00f1 Ukrainada tel\u00fckesizligi ve inki\u015faf\u0131n\u0131 teminlegen halqara forumn\u0131 ke\u00e7ir\u00fcv boyunca kirsetilgen teklif a\u00e7\u0131q ve samimiy muzakere etilecegine \u00fcm\u00fct etem.<\/p>\n\n\n\n<p class=\"has-text-align-right\"><strong>Kiyev, 2011 senesi, okt\u00e2br 5<\/strong>.<\/p>\n","protected":false},"excerpt":{"rendered":"<p>\u00dcrmetli cenaplar! Eger bizim 67 y\u0131l\u011fa artqa qaytmaq imk\u00e2n\u0131m\u0131z olsayd\u0131, o zaman Q\u0131r\u0131m topra\u011f\u0131nda insanl\u0131qqa qar\u015f\u0131 yap\u0131l\u011fan cinayetni\u00f1 \u015faatlar\u0131 olur edik. Eki y\u00fcz bi\u00f1den ziyade, esasen qad\u0131nlar ve balalardan ibaret q\u0131r\u0131mtatarlar\u0131 \u00fc\u00e7 k\u00fcn i\u00e7inde sil\u00e2 qulllan\u0131l\u011fan\u0131 alda \u00f6z evlerinden quv\u0131p \u00e7\u0131qar\u0131l\u0131p, demir\u00f6l stantsiyalar\u0131nda ayvan ta\u015f\u0131l\u011fan vagonlar\u011fa toldur\u0131ld\u0131 ve NKVD subaylar\u0131n\u0131\u00f1 saq\u00e7\u0131l\u0131\u011f\u0131nda Orta Asiya cumhuriyetleri, Sibir [&hellip;]<\/p>\n","protected":false},"author":1,"featured_media":0,"comment_status":"open","ping_status":"open","sticky":false,"template":"","format":"standard","meta":{"inline_featured_image":false,"footnotes":""},"categories":[265],"tags":[],"class_list":["post-26304","post","type-post","status-publish","format-standard","hentry","category-haberler"],"acf":[],"yoast_head":"<!-- This site is optimized with the Yoast SEO plugin v27.4 - https:\/\/yoast.com\/product\/yoast-seo-wordpress\/ -->\n<title>Refat \u00c7ubarov: \u00abEger bizim 67 y\u0131l\u011fa artqa qaytmaq imk\u00e2n\u0131m\u0131z olsayd\u0131\u2026\u00bb - \u041c\u0435\u0434\u0436\u043b\u0456\u0441<\/title>\n<meta name=\"robots\" content=\"index, follow, max-snippet:-1, max-image-preview:large, max-video-preview:-1\" \/>\n<link rel=\"canonical\" href=\"https:\/\/qtmm.org\/qt\/refat-cubarov-eger-bizim-67-yilga-artqa-qaytmaq-imkanimiz-olsaydi\/\" \/>\n<meta property=\"og:locale\" content=\"en_US\" \/>\n<meta property=\"og:type\" content=\"article\" \/>\n<meta property=\"og:title\" content=\"Refat \u00c7ubarov: \u00abEger bizim 67 y\u0131l\u011fa artqa qaytmaq imk\u00e2n\u0131m\u0131z olsayd\u0131\u2026\u00bb - \u041c\u0435\u0434\u0436\u043b\u0456\u0441\" \/>\n<meta property=\"og:description\" content=\"\u00dcrmetli cenaplar! Eger bizim 67 y\u0131l\u011fa artqa qaytmaq imk\u00e2n\u0131m\u0131z olsayd\u0131, o zaman Q\u0131r\u0131m topra\u011f\u0131nda insanl\u0131qqa qar\u015f\u0131 yap\u0131l\u011fan cinayetni\u00f1 \u015faatlar\u0131 olur edik. Eki y\u00fcz bi\u00f1den ziyade, esasen qad\u0131nlar ve balalardan ibaret q\u0131r\u0131mtatarlar\u0131 \u00fc\u00e7 k\u00fcn i\u00e7inde sil\u00e2 qulllan\u0131l\u011fan\u0131 alda \u00f6z evlerinden quv\u0131p \u00e7\u0131qar\u0131l\u0131p, demir\u00f6l stantsiyalar\u0131nda ayvan ta\u015f\u0131l\u011fan vagonlar\u011fa toldur\u0131ld\u0131 ve NKVD subaylar\u0131n\u0131\u00f1 saq\u00e7\u0131l\u0131\u011f\u0131nda Orta Asiya cumhuriyetleri, Sibir [&hellip;]\" \/>\n<meta property=\"og:url\" content=\"https:\/\/qtmm.org\/qt\/refat-cubarov-eger-bizim-67-yilga-artqa-qaytmaq-imkanimiz-olsaydi\/\" \/>\n<meta property=\"og:site_name\" content=\"\u041c\u0435\u0434\u0436\u043b\u0456\u0441\" \/>\n<meta property=\"article:publisher\" content=\"https:\/\/www.facebook.com\/qtmm.info\/\" \/>\n<meta property=\"article:published_time\" content=\"2011-10-05T13:23:00+00:00\" \/>\n<meta property=\"article:modified_time\" content=\"2022-01-19T13:24:15+00:00\" \/>\n<meta name=\"author\" content=\"Developer\" \/>\n<meta name=\"twitter:card\" content=\"summary_large_image\" \/>\n<meta name=\"twitter:label1\" content=\"Written by\" \/>\n\t<meta name=\"twitter:data1\" content=\"Developer\" \/>\n\t<meta name=\"twitter:label2\" content=\"Est. reading time\" \/>\n\t<meta name=\"twitter:data2\" content=\"5 minutes\" \/>\n<script type=\"application\/ld+json\" class=\"yoast-schema-graph\">{\"@context\":\"https:\\\/\\\/schema.org\",\"@graph\":[{\"@type\":\"Article\",\"@id\":\"https:\\\/\\\/qtmm.org\\\/qt\\\/refat-cubarov-eger-bizim-67-yilga-artqa-qaytmaq-imkanimiz-olsaydi\\\/#article\",\"isPartOf\":{\"@id\":\"https:\\\/\\\/qtmm.org\\\/qt\\\/refat-cubarov-eger-bizim-67-yilga-artqa-qaytmaq-imkanimiz-olsaydi\\\/\"},\"author\":{\"name\":\"Developer\",\"@id\":\"https:\\\/\\\/qtmm.org\\\/qt\\\/#\\\/schema\\\/person\\\/de562469f971dec226ac06e60bbf74a7\"},\"headline\":\"Refat \u00c7ubarov: \u00abEger bizim 67 y\u0131l\u011fa artqa qaytmaq imk\u00e2n\u0131m\u0131z olsayd\u0131\u2026\u00bb\",\"datePublished\":\"2011-10-05T13:23:00+00:00\",\"dateModified\":\"2022-01-19T13:24:15+00:00\",\"mainEntityOfPage\":{\"@id\":\"https:\\\/\\\/qtmm.org\\\/qt\\\/refat-cubarov-eger-bizim-67-yilga-artqa-qaytmaq-imkanimiz-olsaydi\\\/\"},\"wordCount\":915,\"commentCount\":0,\"publisher\":{\"@id\":\"https:\\\/\\\/qtmm.org\\\/qt\\\/#organization\"},\"articleSection\":[\"Haberler\"],\"inLanguage\":\"qt\",\"potentialAction\":[{\"@type\":\"CommentAction\",\"name\":\"Comment\",\"target\":[\"https:\\\/\\\/qtmm.org\\\/qt\\\/refat-cubarov-eger-bizim-67-yilga-artqa-qaytmaq-imkanimiz-olsaydi\\\/#respond\"]}]},{\"@type\":\"WebPage\",\"@id\":\"https:\\\/\\\/qtmm.org\\\/qt\\\/refat-cubarov-eger-bizim-67-yilga-artqa-qaytmaq-imkanimiz-olsaydi\\\/\",\"url\":\"https:\\\/\\\/qtmm.org\\\/qt\\\/refat-cubarov-eger-bizim-67-yilga-artqa-qaytmaq-imkanimiz-olsaydi\\\/\",\"name\":\"Refat \u00c7ubarov: \u00abEger bizim 67 y\u0131l\u011fa artqa qaytmaq imk\u00e2n\u0131m\u0131z olsayd\u0131\u2026\u00bb - \u041c\u0435\u0434\u0436\u043b\u0456\u0441\",\"isPartOf\":{\"@id\":\"https:\\\/\\\/qtmm.org\\\/qt\\\/#website\"},\"datePublished\":\"2011-10-05T13:23:00+00:00\",\"dateModified\":\"2022-01-19T13:24:15+00:00\",\"breadcrumb\":{\"@id\":\"https:\\\/\\\/qtmm.org\\\/qt\\\/refat-cubarov-eger-bizim-67-yilga-artqa-qaytmaq-imkanimiz-olsaydi\\\/#breadcrumb\"},\"inLanguage\":\"qt\",\"potentialAction\":[{\"@type\":\"ReadAction\",\"target\":[\"https:\\\/\\\/qtmm.org\\\/qt\\\/refat-cubarov-eger-bizim-67-yilga-artqa-qaytmaq-imkanimiz-olsaydi\\\/\"]}]},{\"@type\":\"BreadcrumbList\",\"@id\":\"https:\\\/\\\/qtmm.org\\\/qt\\\/refat-cubarov-eger-bizim-67-yilga-artqa-qaytmaq-imkanimiz-olsaydi\\\/#breadcrumb\",\"itemListElement\":[{\"@type\":\"ListItem\",\"position\":1,\"name\":\"\u0413\u043e\u043b\u043e\u0432\u043d\u0430\",\"item\":\"https:\\\/\\\/qtmm.org\\\/qt\\\/\"},{\"@type\":\"ListItem\",\"position\":2,\"name\":\"Refat \u00c7ubarov: \u00abEger bizim 67 y\u0131l\u011fa artqa qaytmaq imk\u00e2n\u0131m\u0131z olsayd\u0131\u2026\u00bb\"}]},{\"@type\":\"WebSite\",\"@id\":\"https:\\\/\\\/qtmm.org\\\/qt\\\/#website\",\"url\":\"https:\\\/\\\/qtmm.org\\\/qt\\\/\",\"name\":\"\u041c\u0435\u0434\u0436\u043b\u0456\u0441\",\"description\":\"\",\"publisher\":{\"@id\":\"https:\\\/\\\/qtmm.org\\\/qt\\\/#organization\"},\"potentialAction\":[{\"@type\":\"SearchAction\",\"target\":{\"@type\":\"EntryPoint\",\"urlTemplate\":\"https:\\\/\\\/qtmm.org\\\/qt\\\/?s={search_term_string}\"},\"query-input\":{\"@type\":\"PropertyValueSpecification\",\"valueRequired\":true,\"valueName\":\"search_term_string\"}}],\"inLanguage\":\"qt\"},{\"@type\":\"Organization\",\"@id\":\"https:\\\/\\\/qtmm.org\\\/qt\\\/#organization\",\"name\":\"\u041c\u0435\u0434\u0436\u043b\u0456\u0441\",\"url\":\"https:\\\/\\\/qtmm.org\\\/qt\\\/\",\"logo\":{\"@type\":\"ImageObject\",\"inLanguage\":\"qt\",\"@id\":\"https:\\\/\\\/qtmm.org\\\/qt\\\/#\\\/schema\\\/logo\\\/image\\\/\",\"url\":\"https:\\\/\\\/qtmm.org\\\/wp-content\\\/uploads\\\/2024\\\/12\\\/ua-mejlis-logo-rgb.svg\",\"contentUrl\":\"https:\\\/\\\/qtmm.org\\\/wp-content\\\/uploads\\\/2024\\\/12\\\/ua-mejlis-logo-rgb.svg\",\"caption\":\"\u041c\u0435\u0434\u0436\u043b\u0456\u0441\"},\"image\":{\"@id\":\"https:\\\/\\\/qtmm.org\\\/qt\\\/#\\\/schema\\\/logo\\\/image\\\/\"},\"sameAs\":[\"https:\\\/\\\/www.facebook.com\\\/qtmm.info\\\/\"]},{\"@type\":\"Person\",\"@id\":\"https:\\\/\\\/qtmm.org\\\/qt\\\/#\\\/schema\\\/person\\\/de562469f971dec226ac06e60bbf74a7\",\"name\":\"Developer\",\"image\":{\"@type\":\"ImageObject\",\"inLanguage\":\"qt\",\"@id\":\"https:\\\/\\\/secure.gravatar.com\\\/avatar\\\/392b4cc8fbfeb00b39dfeeab4ee6edded39ffd48e25858637e4765810300227e?s=96&d=mm&r=g\",\"url\":\"https:\\\/\\\/secure.gravatar.com\\\/avatar\\\/392b4cc8fbfeb00b39dfeeab4ee6edded39ffd48e25858637e4765810300227e?s=96&d=mm&r=g\",\"contentUrl\":\"https:\\\/\\\/secure.gravatar.com\\\/avatar\\\/392b4cc8fbfeb00b39dfeeab4ee6edded39ffd48e25858637e4765810300227e?s=96&d=mm&r=g\",\"caption\":\"Developer\"},\"url\":\"https:\\\/\\\/qtmm.org\\\/qt\\\/author\\\/Developer\\\/\"}]}<\/script>\n<!-- \/ Yoast SEO plugin. -->","yoast_head_json":{"title":"Refat \u00c7ubarov: \u00abEger bizim 67 y\u0131l\u011fa artqa qaytmaq imk\u00e2n\u0131m\u0131z olsayd\u0131\u2026\u00bb - \u041c\u0435\u0434\u0436\u043b\u0456\u0441","robots":{"index":"index","follow":"follow","max-snippet":"max-snippet:-1","max-image-preview":"max-image-preview:large","max-video-preview":"max-video-preview:-1"},"canonical":"https:\/\/qtmm.org\/qt\/refat-cubarov-eger-bizim-67-yilga-artqa-qaytmaq-imkanimiz-olsaydi\/","og_locale":"en_US","og_type":"article","og_title":"Refat \u00c7ubarov: \u00abEger bizim 67 y\u0131l\u011fa artqa qaytmaq imk\u00e2n\u0131m\u0131z olsayd\u0131\u2026\u00bb - \u041c\u0435\u0434\u0436\u043b\u0456\u0441","og_description":"\u00dcrmetli cenaplar! Eger bizim 67 y\u0131l\u011fa artqa qaytmaq imk\u00e2n\u0131m\u0131z olsayd\u0131, o zaman Q\u0131r\u0131m topra\u011f\u0131nda insanl\u0131qqa qar\u015f\u0131 yap\u0131l\u011fan cinayetni\u00f1 \u015faatlar\u0131 olur edik. Eki y\u00fcz bi\u00f1den ziyade, esasen qad\u0131nlar ve balalardan ibaret q\u0131r\u0131mtatarlar\u0131 \u00fc\u00e7 k\u00fcn i\u00e7inde sil\u00e2 qulllan\u0131l\u011fan\u0131 alda \u00f6z evlerinden quv\u0131p \u00e7\u0131qar\u0131l\u0131p, demir\u00f6l stantsiyalar\u0131nda ayvan ta\u015f\u0131l\u011fan vagonlar\u011fa toldur\u0131ld\u0131 ve NKVD subaylar\u0131n\u0131\u00f1 saq\u00e7\u0131l\u0131\u011f\u0131nda Orta Asiya cumhuriyetleri, Sibir [&hellip;]","og_url":"https:\/\/qtmm.org\/qt\/refat-cubarov-eger-bizim-67-yilga-artqa-qaytmaq-imkanimiz-olsaydi\/","og_site_name":"\u041c\u0435\u0434\u0436\u043b\u0456\u0441","article_publisher":"https:\/\/www.facebook.com\/qtmm.info\/","article_published_time":"2011-10-05T13:23:00+00:00","article_modified_time":"2022-01-19T13:24:15+00:00","author":"Developer","twitter_card":"summary_large_image","twitter_misc":{"Written by":"Developer","Est. reading time":"5 minutes"},"schema":{"@context":"https:\/\/schema.org","@graph":[{"@type":"Article","@id":"https:\/\/qtmm.org\/qt\/refat-cubarov-eger-bizim-67-yilga-artqa-qaytmaq-imkanimiz-olsaydi\/#article","isPartOf":{"@id":"https:\/\/qtmm.org\/qt\/refat-cubarov-eger-bizim-67-yilga-artqa-qaytmaq-imkanimiz-olsaydi\/"},"author":{"name":"Developer","@id":"https:\/\/qtmm.org\/qt\/#\/schema\/person\/de562469f971dec226ac06e60bbf74a7"},"headline":"Refat \u00c7ubarov: \u00abEger bizim 67 y\u0131l\u011fa artqa qaytmaq imk\u00e2n\u0131m\u0131z olsayd\u0131\u2026\u00bb","datePublished":"2011-10-05T13:23:00+00:00","dateModified":"2022-01-19T13:24:15+00:00","mainEntityOfPage":{"@id":"https:\/\/qtmm.org\/qt\/refat-cubarov-eger-bizim-67-yilga-artqa-qaytmaq-imkanimiz-olsaydi\/"},"wordCount":915,"commentCount":0,"publisher":{"@id":"https:\/\/qtmm.org\/qt\/#organization"},"articleSection":["Haberler"],"inLanguage":"qt","potentialAction":[{"@type":"CommentAction","name":"Comment","target":["https:\/\/qtmm.org\/qt\/refat-cubarov-eger-bizim-67-yilga-artqa-qaytmaq-imkanimiz-olsaydi\/#respond"]}]},{"@type":"WebPage","@id":"https:\/\/qtmm.org\/qt\/refat-cubarov-eger-bizim-67-yilga-artqa-qaytmaq-imkanimiz-olsaydi\/","url":"https:\/\/qtmm.org\/qt\/refat-cubarov-eger-bizim-67-yilga-artqa-qaytmaq-imkanimiz-olsaydi\/","name":"Refat \u00c7ubarov: \u00abEger bizim 67 y\u0131l\u011fa artqa qaytmaq imk\u00e2n\u0131m\u0131z olsayd\u0131\u2026\u00bb - \u041c\u0435\u0434\u0436\u043b\u0456\u0441","isPartOf":{"@id":"https:\/\/qtmm.org\/qt\/#website"},"datePublished":"2011-10-05T13:23:00+00:00","dateModified":"2022-01-19T13:24:15+00:00","breadcrumb":{"@id":"https:\/\/qtmm.org\/qt\/refat-cubarov-eger-bizim-67-yilga-artqa-qaytmaq-imkanimiz-olsaydi\/#breadcrumb"},"inLanguage":"qt","potentialAction":[{"@type":"ReadAction","target":["https:\/\/qtmm.org\/qt\/refat-cubarov-eger-bizim-67-yilga-artqa-qaytmaq-imkanimiz-olsaydi\/"]}]},{"@type":"BreadcrumbList","@id":"https:\/\/qtmm.org\/qt\/refat-cubarov-eger-bizim-67-yilga-artqa-qaytmaq-imkanimiz-olsaydi\/#breadcrumb","itemListElement":[{"@type":"ListItem","position":1,"name":"\u0413\u043e\u043b\u043e\u0432\u043d\u0430","item":"https:\/\/qtmm.org\/qt\/"},{"@type":"ListItem","position":2,"name":"Refat \u00c7ubarov: \u00abEger bizim 67 y\u0131l\u011fa artqa qaytmaq imk\u00e2n\u0131m\u0131z olsayd\u0131\u2026\u00bb"}]},{"@type":"WebSite","@id":"https:\/\/qtmm.org\/qt\/#website","url":"https:\/\/qtmm.org\/qt\/","name":"\u041c\u0435\u0434\u0436\u043b\u0456\u0441","description":"","publisher":{"@id":"https:\/\/qtmm.org\/qt\/#organization"},"potentialAction":[{"@type":"SearchAction","target":{"@type":"EntryPoint","urlTemplate":"https:\/\/qtmm.org\/qt\/?s={search_term_string}"},"query-input":{"@type":"PropertyValueSpecification","valueRequired":true,"valueName":"search_term_string"}}],"inLanguage":"qt"},{"@type":"Organization","@id":"https:\/\/qtmm.org\/qt\/#organization","name":"\u041c\u0435\u0434\u0436\u043b\u0456\u0441","url":"https:\/\/qtmm.org\/qt\/","logo":{"@type":"ImageObject","inLanguage":"qt","@id":"https:\/\/qtmm.org\/qt\/#\/schema\/logo\/image\/","url":"https:\/\/qtmm.org\/wp-content\/uploads\/2024\/12\/ua-mejlis-logo-rgb.svg","contentUrl":"https:\/\/qtmm.org\/wp-content\/uploads\/2024\/12\/ua-mejlis-logo-rgb.svg","caption":"\u041c\u0435\u0434\u0436\u043b\u0456\u0441"},"image":{"@id":"https:\/\/qtmm.org\/qt\/#\/schema\/logo\/image\/"},"sameAs":["https:\/\/www.facebook.com\/qtmm.info\/"]},{"@type":"Person","@id":"https:\/\/qtmm.org\/qt\/#\/schema\/person\/de562469f971dec226ac06e60bbf74a7","name":"Developer","image":{"@type":"ImageObject","inLanguage":"qt","@id":"https:\/\/secure.gravatar.com\/avatar\/392b4cc8fbfeb00b39dfeeab4ee6edded39ffd48e25858637e4765810300227e?s=96&d=mm&r=g","url":"https:\/\/secure.gravatar.com\/avatar\/392b4cc8fbfeb00b39dfeeab4ee6edded39ffd48e25858637e4765810300227e?s=96&d=mm&r=g","contentUrl":"https:\/\/secure.gravatar.com\/avatar\/392b4cc8fbfeb00b39dfeeab4ee6edded39ffd48e25858637e4765810300227e?s=96&d=mm&r=g","caption":"Developer"},"url":"https:\/\/qtmm.org\/qt\/author\/Developer\/"}]}},"_links":{"self":[{"href":"https:\/\/qtmm.org\/qt\/wp-json\/wp\/v2\/posts\/26304","targetHints":{"allow":["GET"]}}],"collection":[{"href":"https:\/\/qtmm.org\/qt\/wp-json\/wp\/v2\/posts"}],"about":[{"href":"https:\/\/qtmm.org\/qt\/wp-json\/wp\/v2\/types\/post"}],"author":[{"embeddable":true,"href":"https:\/\/qtmm.org\/qt\/wp-json\/wp\/v2\/users\/1"}],"replies":[{"embeddable":true,"href":"https:\/\/qtmm.org\/qt\/wp-json\/wp\/v2\/comments?post=26304"}],"version-history":[{"count":1,"href":"https:\/\/qtmm.org\/qt\/wp-json\/wp\/v2\/posts\/26304\/revisions"}],"predecessor-version":[{"id":26305,"href":"https:\/\/qtmm.org\/qt\/wp-json\/wp\/v2\/posts\/26304\/revisions\/26305"}],"wp:attachment":[{"href":"https:\/\/qtmm.org\/qt\/wp-json\/wp\/v2\/media?parent=26304"}],"wp:term":[{"taxonomy":"category","embeddable":true,"href":"https:\/\/qtmm.org\/qt\/wp-json\/wp\/v2\/categories?post=26304"},{"taxonomy":"post_tag","embeddable":true,"href":"https:\/\/qtmm.org\/qt\/wp-json\/wp\/v2\/tags?post=26304"}],"curies":[{"name":"wp","href":"https:\/\/api.w.org\/{rel}","templated":true}]}}