




{"id":26191,"date":"2011-10-05T16:19:00","date_gmt":"2011-10-05T13:19:00","guid":{"rendered":"http:\/\/qtmm.org\/?p=26191"},"modified":"2022-01-19T16:19:58","modified_gmt":"2022-01-19T13:19:58","slug":"aqs-elcisi-con-tefft-halqara-forum-kelecek-sene-kecirilecegine-umut-bildirdi","status":"publish","type":"post","link":"https:\/\/qtmm.org\/qt\/aqs-elcisi-con-tefft-halqara-forum-kelecek-sene-kecirilecegine-umut-bildirdi\/","title":{"rendered":"AQ\u015e el\u00e7isi Con Tefft Halqara forum kelecek sene ke\u00e7irilecegine \u00fcm\u00fct bildirdi"},"content":{"rendered":"\n<p>&#8220;Bug\u00fcnki k\u00f6r\u00fc\u015f\u00fcv er kes i\u00e7\u00fcn \u011fayet faydal\u0131 ol\u011fan\u0131n\u0131 qayd etmek isteyim. Bu, bug\u00fcnde-bug\u00fcn \u00f6z Vatan\u0131na qaytayatqan q\u0131r\u0131mtatar halq\u0131n\u0131\u00f1 aktual meselelerini muzakere etmek maqsad\u0131nen er keske beraber toplanmaq i\u00e7\u00fcn acayip bir imk\u00e2n yaratt\u0131. Biz de bu problemler aqq\u0131nda bilemiz&#8221;, -dedi Amerika Qo\u015fma \u015etatlar\u0131n\u0131\u00f1 Ukrainadaki Vefqulade ve Tolu vek\u00e2letli el\u00e7isi Con Tefft, Q\u0131r\u0131mtatar halq\u0131 Meclisi yolba\u015f\u00e7\u0131lar\u0131n\u0131\u00f1 2011 senesi okt\u00e2br 5 k\u00fcn\u00fc el\u00e7iler ve Ukrainada akkreditatsiya etilgen halqara te\u015fkil\u00e2tlarn\u0131\u00f1 vekilleri ile k\u00f6r\u00fc\u015f\u00fcvini\u00f1 neticelerine yek\u00fcn \u00e7ekerek.<\/p>\n\n\n\n<p>Cenap Tefft bildirgenine k\u00f6re, yaq\u0131n vaq\u0131tta halqara ekspertler Q\u0131r\u0131m\u011fa kelip, q\u0131r\u0131mtatarlar toplu ya\u015fa\u011fan qasabalarn\u0131 ziyaret etmek ve halqn\u0131\u00f1 problemlerinen \u015fahsen tan\u0131\u015fmaq maqsad\u0131ndalar. Amerikal\u0131 diplomatn\u0131\u00f1 fikrince, halqara ekspertler taraf\u0131ndan qabul etilgen bu qarar maqsad\u011fa uy\u011fund\u0131r, \u00e7\u00fcnki &#8220;s\u00fcrg\u00fcnlikten qaytqanlarn\u0131\u00f1 meseleleri nas\u0131l \u00e7ezilgenini yerinde k\u00f6rmek&#8221; \u011fayet m\u00fcimdir.<\/p>\n\n\n\n<p>Bundan da \u011fayr\u0131 Q\u0131r\u0131mtatar halq\u0131n\u0131\u00f1 \u00f6z Vatan\u0131nda aq-uquqlar\u0131n\u0131 \u011fayr\u0131dan tiklemek, on\u0131\u00f1 Ukrainada tel\u00fckesizligi ve inki\u015faf\u0131n\u0131 teminlemek boyunca halqara forumn\u0131 ke\u00e7ir\u00fcvni\u00f1 istiqballeri husus\u0131nda ayt\u0131rken, AQ\u015e el\u00e7isi Con Tefft Halqara forum kelecek sene ke\u00e7irilecegine \u00fcm\u00fct bildirdi<br>&#8220;Men \u00f6z taraf\u0131mdan yolba\u015f\u00e7\u0131lar\u0131ma bu k\u00f6r\u00fc\u015f\u00fcvde muzakere olun\u011fan meseleler ve olarn\u0131\u00f1 kelecekte nas\u0131l \u00e7ezilecegi aqq\u0131nda esabat beririm. Biz bu i\u015fni diqqat ile nezaret etemiz&#8221;, &#8211; qayd etti C. Tefft.<\/p>\n","protected":false},"excerpt":{"rendered":"<p>&#8220;Bug\u00fcnki k\u00f6r\u00fc\u015f\u00fcv er kes i\u00e7\u00fcn \u011fayet faydal\u0131 ol\u011fan\u0131n\u0131 qayd etmek isteyim. Bu, bug\u00fcnde-bug\u00fcn \u00f6z Vatan\u0131na qaytayatqan q\u0131r\u0131mtatar halq\u0131n\u0131\u00f1 aktual meselelerini muzakere etmek maqsad\u0131nen er keske beraber toplanmaq i\u00e7\u00fcn acayip bir imk\u00e2n yaratt\u0131. Biz de bu problemler aqq\u0131nda bilemiz&#8221;, -dedi Amerika Qo\u015fma \u015etatlar\u0131n\u0131\u00f1 Ukrainadaki Vefqulade ve Tolu vek\u00e2letli el\u00e7isi Con Tefft, Q\u0131r\u0131mtatar halq\u0131 Meclisi yolba\u015f\u00e7\u0131lar\u0131n\u0131\u00f1 2011 [&hellip;]<\/p>\n","protected":false},"author":1,"featured_media":0,"comment_status":"open","ping_status":"open","sticky":false,"template":"","format":"standard","meta":{"inline_featured_image":false,"footnotes":""},"categories":[265],"tags":[],"class_list":["post-26191","post","type-post","status-publish","format-standard","hentry","category-haberler"],"acf":[],"yoast_head":"<!-- This site is optimized with the Yoast SEO plugin v27.4 - https:\/\/yoast.com\/product\/yoast-seo-wordpress\/ -->\n<title>AQ\u015e el\u00e7isi Con Tefft Halqara forum kelecek sene ke\u00e7irilecegine \u00fcm\u00fct bildirdi - \u041c\u0435\u0434\u0436\u043b\u0456\u0441<\/title>\n<meta name=\"robots\" content=\"index, follow, max-snippet:-1, max-image-preview:large, max-video-preview:-1\" \/>\n<link rel=\"canonical\" href=\"https:\/\/qtmm.org\/qt\/aqs-elcisi-con-tefft-halqara-forum-kelecek-sene-kecirilecegine-umut-bildirdi\/\" \/>\n<meta property=\"og:locale\" content=\"en_US\" \/>\n<meta property=\"og:type\" content=\"article\" \/>\n<meta property=\"og:title\" content=\"AQ\u015e el\u00e7isi Con Tefft Halqara forum kelecek sene ke\u00e7irilecegine \u00fcm\u00fct bildirdi - \u041c\u0435\u0434\u0436\u043b\u0456\u0441\" \/>\n<meta property=\"og:description\" content=\"&#8220;Bug\u00fcnki k\u00f6r\u00fc\u015f\u00fcv er kes i\u00e7\u00fcn \u011fayet faydal\u0131 ol\u011fan\u0131n\u0131 qayd etmek isteyim. Bu, bug\u00fcnde-bug\u00fcn \u00f6z Vatan\u0131na qaytayatqan q\u0131r\u0131mtatar halq\u0131n\u0131\u00f1 aktual meselelerini muzakere etmek maqsad\u0131nen er keske beraber toplanmaq i\u00e7\u00fcn acayip bir imk\u00e2n yaratt\u0131. Biz de bu problemler aqq\u0131nda bilemiz&#8221;, -dedi Amerika Qo\u015fma \u015etatlar\u0131n\u0131\u00f1 Ukrainadaki Vefqulade ve Tolu vek\u00e2letli el\u00e7isi Con Tefft, Q\u0131r\u0131mtatar halq\u0131 Meclisi yolba\u015f\u00e7\u0131lar\u0131n\u0131\u00f1 2011 [&hellip;]\" \/>\n<meta property=\"og:url\" content=\"https:\/\/qtmm.org\/qt\/aqs-elcisi-con-tefft-halqara-forum-kelecek-sene-kecirilecegine-umut-bildirdi\/\" \/>\n<meta property=\"og:site_name\" content=\"\u041c\u0435\u0434\u0436\u043b\u0456\u0441\" \/>\n<meta property=\"article:publisher\" content=\"https:\/\/www.facebook.com\/qtmm.info\/\" \/>\n<meta property=\"article:published_time\" content=\"2011-10-05T13:19:00+00:00\" \/>\n<meta property=\"article:modified_time\" content=\"2022-01-19T13:19:58+00:00\" \/>\n<meta name=\"author\" content=\"Developer\" \/>\n<meta name=\"twitter:card\" content=\"summary_large_image\" \/>\n<meta name=\"twitter:label1\" content=\"Written by\" \/>\n\t<meta name=\"twitter:data1\" content=\"Developer\" \/>\n\t<meta name=\"twitter:label2\" content=\"Est. reading time\" \/>\n\t<meta name=\"twitter:data2\" content=\"1 minute\" \/>\n<script type=\"application\/ld+json\" class=\"yoast-schema-graph\">{\"@context\":\"https:\\\/\\\/schema.org\",\"@graph\":[{\"@type\":\"Article\",\"@id\":\"https:\\\/\\\/qtmm.org\\\/qt\\\/aqs-elcisi-con-tefft-halqara-forum-kelecek-sene-kecirilecegine-umut-bildirdi\\\/#article\",\"isPartOf\":{\"@id\":\"https:\\\/\\\/qtmm.org\\\/qt\\\/aqs-elcisi-con-tefft-halqara-forum-kelecek-sene-kecirilecegine-umut-bildirdi\\\/\"},\"author\":{\"name\":\"Developer\",\"@id\":\"https:\\\/\\\/qtmm.org\\\/qt\\\/#\\\/schema\\\/person\\\/de562469f971dec226ac06e60bbf74a7\"},\"headline\":\"AQ\u015e el\u00e7isi Con Tefft Halqara forum kelecek sene ke\u00e7irilecegine \u00fcm\u00fct bildirdi\",\"datePublished\":\"2011-10-05T13:19:00+00:00\",\"dateModified\":\"2022-01-19T13:19:58+00:00\",\"mainEntityOfPage\":{\"@id\":\"https:\\\/\\\/qtmm.org\\\/qt\\\/aqs-elcisi-con-tefft-halqara-forum-kelecek-sene-kecirilecegine-umut-bildirdi\\\/\"},\"wordCount\":269,\"commentCount\":0,\"publisher\":{\"@id\":\"https:\\\/\\\/qtmm.org\\\/qt\\\/#organization\"},\"articleSection\":[\"Haberler\"],\"inLanguage\":\"qt\",\"potentialAction\":[{\"@type\":\"CommentAction\",\"name\":\"Comment\",\"target\":[\"https:\\\/\\\/qtmm.org\\\/qt\\\/aqs-elcisi-con-tefft-halqara-forum-kelecek-sene-kecirilecegine-umut-bildirdi\\\/#respond\"]}]},{\"@type\":\"WebPage\",\"@id\":\"https:\\\/\\\/qtmm.org\\\/qt\\\/aqs-elcisi-con-tefft-halqara-forum-kelecek-sene-kecirilecegine-umut-bildirdi\\\/\",\"url\":\"https:\\\/\\\/qtmm.org\\\/qt\\\/aqs-elcisi-con-tefft-halqara-forum-kelecek-sene-kecirilecegine-umut-bildirdi\\\/\",\"name\":\"AQ\u015e el\u00e7isi Con Tefft Halqara forum kelecek sene ke\u00e7irilecegine \u00fcm\u00fct bildirdi - \u041c\u0435\u0434\u0436\u043b\u0456\u0441\",\"isPartOf\":{\"@id\":\"https:\\\/\\\/qtmm.org\\\/qt\\\/#website\"},\"datePublished\":\"2011-10-05T13:19:00+00:00\",\"dateModified\":\"2022-01-19T13:19:58+00:00\",\"breadcrumb\":{\"@id\":\"https:\\\/\\\/qtmm.org\\\/qt\\\/aqs-elcisi-con-tefft-halqara-forum-kelecek-sene-kecirilecegine-umut-bildirdi\\\/#breadcrumb\"},\"inLanguage\":\"qt\",\"potentialAction\":[{\"@type\":\"ReadAction\",\"target\":[\"https:\\\/\\\/qtmm.org\\\/qt\\\/aqs-elcisi-con-tefft-halqara-forum-kelecek-sene-kecirilecegine-umut-bildirdi\\\/\"]}]},{\"@type\":\"BreadcrumbList\",\"@id\":\"https:\\\/\\\/qtmm.org\\\/qt\\\/aqs-elcisi-con-tefft-halqara-forum-kelecek-sene-kecirilecegine-umut-bildirdi\\\/#breadcrumb\",\"itemListElement\":[{\"@type\":\"ListItem\",\"position\":1,\"name\":\"\u0413\u043e\u043b\u043e\u0432\u043d\u0430\",\"item\":\"https:\\\/\\\/qtmm.org\\\/qt\\\/\"},{\"@type\":\"ListItem\",\"position\":2,\"name\":\"AQ\u015e el\u00e7isi Con Tefft Halqara forum kelecek sene ke\u00e7irilecegine \u00fcm\u00fct bildirdi\"}]},{\"@type\":\"WebSite\",\"@id\":\"https:\\\/\\\/qtmm.org\\\/qt\\\/#website\",\"url\":\"https:\\\/\\\/qtmm.org\\\/qt\\\/\",\"name\":\"\u041c\u0435\u0434\u0436\u043b\u0456\u0441\",\"description\":\"\",\"publisher\":{\"@id\":\"https:\\\/\\\/qtmm.org\\\/qt\\\/#organization\"},\"potentialAction\":[{\"@type\":\"SearchAction\",\"target\":{\"@type\":\"EntryPoint\",\"urlTemplate\":\"https:\\\/\\\/qtmm.org\\\/qt\\\/?s={search_term_string}\"},\"query-input\":{\"@type\":\"PropertyValueSpecification\",\"valueRequired\":true,\"valueName\":\"search_term_string\"}}],\"inLanguage\":\"qt\"},{\"@type\":\"Organization\",\"@id\":\"https:\\\/\\\/qtmm.org\\\/qt\\\/#organization\",\"name\":\"\u041c\u0435\u0434\u0436\u043b\u0456\u0441\",\"url\":\"https:\\\/\\\/qtmm.org\\\/qt\\\/\",\"logo\":{\"@type\":\"ImageObject\",\"inLanguage\":\"qt\",\"@id\":\"https:\\\/\\\/qtmm.org\\\/qt\\\/#\\\/schema\\\/logo\\\/image\\\/\",\"url\":\"https:\\\/\\\/qtmm.org\\\/wp-content\\\/uploads\\\/2024\\\/12\\\/ua-mejlis-logo-rgb.svg\",\"contentUrl\":\"https:\\\/\\\/qtmm.org\\\/wp-content\\\/uploads\\\/2024\\\/12\\\/ua-mejlis-logo-rgb.svg\",\"caption\":\"\u041c\u0435\u0434\u0436\u043b\u0456\u0441\"},\"image\":{\"@id\":\"https:\\\/\\\/qtmm.org\\\/qt\\\/#\\\/schema\\\/logo\\\/image\\\/\"},\"sameAs\":[\"https:\\\/\\\/www.facebook.com\\\/qtmm.info\\\/\"]},{\"@type\":\"Person\",\"@id\":\"https:\\\/\\\/qtmm.org\\\/qt\\\/#\\\/schema\\\/person\\\/de562469f971dec226ac06e60bbf74a7\",\"name\":\"Developer\",\"image\":{\"@type\":\"ImageObject\",\"inLanguage\":\"qt\",\"@id\":\"https:\\\/\\\/secure.gravatar.com\\\/avatar\\\/392b4cc8fbfeb00b39dfeeab4ee6edded39ffd48e25858637e4765810300227e?s=96&d=mm&r=g\",\"url\":\"https:\\\/\\\/secure.gravatar.com\\\/avatar\\\/392b4cc8fbfeb00b39dfeeab4ee6edded39ffd48e25858637e4765810300227e?s=96&d=mm&r=g\",\"contentUrl\":\"https:\\\/\\\/secure.gravatar.com\\\/avatar\\\/392b4cc8fbfeb00b39dfeeab4ee6edded39ffd48e25858637e4765810300227e?s=96&d=mm&r=g\",\"caption\":\"Developer\"},\"url\":\"https:\\\/\\\/qtmm.org\\\/qt\\\/author\\\/Developer\\\/\"}]}<\/script>\n<!-- \/ Yoast SEO plugin. -->","yoast_head_json":{"title":"AQ\u015e el\u00e7isi Con Tefft Halqara forum kelecek sene ke\u00e7irilecegine \u00fcm\u00fct bildirdi - \u041c\u0435\u0434\u0436\u043b\u0456\u0441","robots":{"index":"index","follow":"follow","max-snippet":"max-snippet:-1","max-image-preview":"max-image-preview:large","max-video-preview":"max-video-preview:-1"},"canonical":"https:\/\/qtmm.org\/qt\/aqs-elcisi-con-tefft-halqara-forum-kelecek-sene-kecirilecegine-umut-bildirdi\/","og_locale":"en_US","og_type":"article","og_title":"AQ\u015e el\u00e7isi Con Tefft Halqara forum kelecek sene ke\u00e7irilecegine \u00fcm\u00fct bildirdi - \u041c\u0435\u0434\u0436\u043b\u0456\u0441","og_description":"&#8220;Bug\u00fcnki k\u00f6r\u00fc\u015f\u00fcv er kes i\u00e7\u00fcn \u011fayet faydal\u0131 ol\u011fan\u0131n\u0131 qayd etmek isteyim. Bu, bug\u00fcnde-bug\u00fcn \u00f6z Vatan\u0131na qaytayatqan q\u0131r\u0131mtatar halq\u0131n\u0131\u00f1 aktual meselelerini muzakere etmek maqsad\u0131nen er keske beraber toplanmaq i\u00e7\u00fcn acayip bir imk\u00e2n yaratt\u0131. Biz de bu problemler aqq\u0131nda bilemiz&#8221;, -dedi Amerika Qo\u015fma \u015etatlar\u0131n\u0131\u00f1 Ukrainadaki Vefqulade ve Tolu vek\u00e2letli el\u00e7isi Con Tefft, Q\u0131r\u0131mtatar halq\u0131 Meclisi yolba\u015f\u00e7\u0131lar\u0131n\u0131\u00f1 2011 [&hellip;]","og_url":"https:\/\/qtmm.org\/qt\/aqs-elcisi-con-tefft-halqara-forum-kelecek-sene-kecirilecegine-umut-bildirdi\/","og_site_name":"\u041c\u0435\u0434\u0436\u043b\u0456\u0441","article_publisher":"https:\/\/www.facebook.com\/qtmm.info\/","article_published_time":"2011-10-05T13:19:00+00:00","article_modified_time":"2022-01-19T13:19:58+00:00","author":"Developer","twitter_card":"summary_large_image","twitter_misc":{"Written by":"Developer","Est. reading time":"1 minute"},"schema":{"@context":"https:\/\/schema.org","@graph":[{"@type":"Article","@id":"https:\/\/qtmm.org\/qt\/aqs-elcisi-con-tefft-halqara-forum-kelecek-sene-kecirilecegine-umut-bildirdi\/#article","isPartOf":{"@id":"https:\/\/qtmm.org\/qt\/aqs-elcisi-con-tefft-halqara-forum-kelecek-sene-kecirilecegine-umut-bildirdi\/"},"author":{"name":"Developer","@id":"https:\/\/qtmm.org\/qt\/#\/schema\/person\/de562469f971dec226ac06e60bbf74a7"},"headline":"AQ\u015e el\u00e7isi Con Tefft Halqara forum kelecek sene ke\u00e7irilecegine \u00fcm\u00fct bildirdi","datePublished":"2011-10-05T13:19:00+00:00","dateModified":"2022-01-19T13:19:58+00:00","mainEntityOfPage":{"@id":"https:\/\/qtmm.org\/qt\/aqs-elcisi-con-tefft-halqara-forum-kelecek-sene-kecirilecegine-umut-bildirdi\/"},"wordCount":269,"commentCount":0,"publisher":{"@id":"https:\/\/qtmm.org\/qt\/#organization"},"articleSection":["Haberler"],"inLanguage":"qt","potentialAction":[{"@type":"CommentAction","name":"Comment","target":["https:\/\/qtmm.org\/qt\/aqs-elcisi-con-tefft-halqara-forum-kelecek-sene-kecirilecegine-umut-bildirdi\/#respond"]}]},{"@type":"WebPage","@id":"https:\/\/qtmm.org\/qt\/aqs-elcisi-con-tefft-halqara-forum-kelecek-sene-kecirilecegine-umut-bildirdi\/","url":"https:\/\/qtmm.org\/qt\/aqs-elcisi-con-tefft-halqara-forum-kelecek-sene-kecirilecegine-umut-bildirdi\/","name":"AQ\u015e el\u00e7isi Con Tefft Halqara forum kelecek sene ke\u00e7irilecegine \u00fcm\u00fct bildirdi - \u041c\u0435\u0434\u0436\u043b\u0456\u0441","isPartOf":{"@id":"https:\/\/qtmm.org\/qt\/#website"},"datePublished":"2011-10-05T13:19:00+00:00","dateModified":"2022-01-19T13:19:58+00:00","breadcrumb":{"@id":"https:\/\/qtmm.org\/qt\/aqs-elcisi-con-tefft-halqara-forum-kelecek-sene-kecirilecegine-umut-bildirdi\/#breadcrumb"},"inLanguage":"qt","potentialAction":[{"@type":"ReadAction","target":["https:\/\/qtmm.org\/qt\/aqs-elcisi-con-tefft-halqara-forum-kelecek-sene-kecirilecegine-umut-bildirdi\/"]}]},{"@type":"BreadcrumbList","@id":"https:\/\/qtmm.org\/qt\/aqs-elcisi-con-tefft-halqara-forum-kelecek-sene-kecirilecegine-umut-bildirdi\/#breadcrumb","itemListElement":[{"@type":"ListItem","position":1,"name":"\u0413\u043e\u043b\u043e\u0432\u043d\u0430","item":"https:\/\/qtmm.org\/qt\/"},{"@type":"ListItem","position":2,"name":"AQ\u015e el\u00e7isi Con Tefft Halqara forum kelecek sene ke\u00e7irilecegine \u00fcm\u00fct bildirdi"}]},{"@type":"WebSite","@id":"https:\/\/qtmm.org\/qt\/#website","url":"https:\/\/qtmm.org\/qt\/","name":"\u041c\u0435\u0434\u0436\u043b\u0456\u0441","description":"","publisher":{"@id":"https:\/\/qtmm.org\/qt\/#organization"},"potentialAction":[{"@type":"SearchAction","target":{"@type":"EntryPoint","urlTemplate":"https:\/\/qtmm.org\/qt\/?s={search_term_string}"},"query-input":{"@type":"PropertyValueSpecification","valueRequired":true,"valueName":"search_term_string"}}],"inLanguage":"qt"},{"@type":"Organization","@id":"https:\/\/qtmm.org\/qt\/#organization","name":"\u041c\u0435\u0434\u0436\u043b\u0456\u0441","url":"https:\/\/qtmm.org\/qt\/","logo":{"@type":"ImageObject","inLanguage":"qt","@id":"https:\/\/qtmm.org\/qt\/#\/schema\/logo\/image\/","url":"https:\/\/qtmm.org\/wp-content\/uploads\/2024\/12\/ua-mejlis-logo-rgb.svg","contentUrl":"https:\/\/qtmm.org\/wp-content\/uploads\/2024\/12\/ua-mejlis-logo-rgb.svg","caption":"\u041c\u0435\u0434\u0436\u043b\u0456\u0441"},"image":{"@id":"https:\/\/qtmm.org\/qt\/#\/schema\/logo\/image\/"},"sameAs":["https:\/\/www.facebook.com\/qtmm.info\/"]},{"@type":"Person","@id":"https:\/\/qtmm.org\/qt\/#\/schema\/person\/de562469f971dec226ac06e60bbf74a7","name":"Developer","image":{"@type":"ImageObject","inLanguage":"qt","@id":"https:\/\/secure.gravatar.com\/avatar\/392b4cc8fbfeb00b39dfeeab4ee6edded39ffd48e25858637e4765810300227e?s=96&d=mm&r=g","url":"https:\/\/secure.gravatar.com\/avatar\/392b4cc8fbfeb00b39dfeeab4ee6edded39ffd48e25858637e4765810300227e?s=96&d=mm&r=g","contentUrl":"https:\/\/secure.gravatar.com\/avatar\/392b4cc8fbfeb00b39dfeeab4ee6edded39ffd48e25858637e4765810300227e?s=96&d=mm&r=g","caption":"Developer"},"url":"https:\/\/qtmm.org\/qt\/author\/Developer\/"}]}},"_links":{"self":[{"href":"https:\/\/qtmm.org\/qt\/wp-json\/wp\/v2\/posts\/26191","targetHints":{"allow":["GET"]}}],"collection":[{"href":"https:\/\/qtmm.org\/qt\/wp-json\/wp\/v2\/posts"}],"about":[{"href":"https:\/\/qtmm.org\/qt\/wp-json\/wp\/v2\/types\/post"}],"author":[{"embeddable":true,"href":"https:\/\/qtmm.org\/qt\/wp-json\/wp\/v2\/users\/1"}],"replies":[{"embeddable":true,"href":"https:\/\/qtmm.org\/qt\/wp-json\/wp\/v2\/comments?post=26191"}],"version-history":[{"count":1,"href":"https:\/\/qtmm.org\/qt\/wp-json\/wp\/v2\/posts\/26191\/revisions"}],"predecessor-version":[{"id":26192,"href":"https:\/\/qtmm.org\/qt\/wp-json\/wp\/v2\/posts\/26191\/revisions\/26192"}],"wp:attachment":[{"href":"https:\/\/qtmm.org\/qt\/wp-json\/wp\/v2\/media?parent=26191"}],"wp:term":[{"taxonomy":"category","embeddable":true,"href":"https:\/\/qtmm.org\/qt\/wp-json\/wp\/v2\/categories?post=26191"},{"taxonomy":"post_tag","embeddable":true,"href":"https:\/\/qtmm.org\/qt\/wp-json\/wp\/v2\/tags?post=26191"}],"curies":[{"name":"wp","href":"https:\/\/api.w.org\/{rel}","templated":true}]}}