




{"id":26189,"date":"2011-10-05T16:18:00","date_gmt":"2011-10-05T13:18:00","guid":{"rendered":"http:\/\/qtmm.org\/?p=26189"},"modified":"2022-01-19T16:19:15","modified_gmt":"2022-01-19T13:19:15","slug":"joze-manuel-pintu-teyseyra-biz-qirimtatarlarnin-meseleleri-halqara-teskilatlar-cematciliq-ve-ukraina-ukumetinen-birlikte-cezilecegine-umut-etemiz","status":"publish","type":"post","link":"https:\/\/qtmm.org\/qt\/joze-manuel-pintu-teyseyra-biz-qirimtatarlarnin-meseleleri-halqara-teskilatlar-cematciliq-ve-ukraina-ukumetinen-birlikte-cezilecegine-umut-etemiz\/","title":{"rendered":"Joze Manuel Pintu Tey\u015feyra: \u00abBiz q\u0131r\u0131mtatarlarn\u0131\u00f1 meseleleri halqara te\u015fkil\u00e2tlar, cemat\u00e7\u0131l\u0131q ve Ukraina \u00fck\u00fcmetinen birlikte \u00e7ezilecegine \u00fcm\u00fct etemiz\u00bb"},"content":{"rendered":"\n<p>Avropa komissiyas\u0131 Ukrainadaki Vek\u00e2letligini\u00f1 ba\u015f\u0131 Joze Manuel Pintu Tey\u015feyra Ukraina mustqilligini\u00f1 20-nci y\u0131l\u0131nda bile q\u0131r\u0131mtatar halq\u0131n\u0131\u00f1 bir s\u0131ra \u00e7ezilmegen meseleleri mevcut, dep saya. &#8220;Biz q\u0131r\u0131mtatarlarn\u0131\u00f1 meseleleri halqara te\u015fkil\u00e2tlar, cemat\u00e7\u0131l\u0131q ve Ukraina \u00fck\u00fcmetinen birlikte \u00e7ezilecegine \u00fcm\u00fct etemiz&#8221;, &#8211; dedi Joze Manuel Pintu Tey\u015feyra Q\u0131r\u0131mtatar halq\u0131 Meclisini\u00f1 okt\u00e2br 5 k\u00fcn\u00fc el\u00e7iler ve halqara te\u015fkil\u00e2t vekillerinen Halqara forum ke\u00e7irbv \u00e7er\u00e7ivesinde \u00f6tkerilgen k\u00f6r\u00fc\u015f\u00fcv bitken so\u00f1.<\/p>\n\n\n\n<p>Cenap Tey\u015feyra Meclis yolba\u015f\u00e7\u0131lar\u0131n\u0131\u00f1 el\u00e7iler ve halqara te\u015fkil\u00e2t vekillerinen k\u00f6r\u00fc\u015f\u00fcv er keste b\u00fcy\u00fck meraq do\u011fur\u0131p, i\u015ftirak\u00e7ileri taraf\u0131ndan q\u0131z\u011f\u0131n muzakere etilgen k\u00f6r\u00fc\u015f\u00fcvni\u00f1 mevzus\u0131 \u011fayet m\u00fcim ol\u011fan\u0131n\u0131 qayd etti. &#8220;Milliy azl\u0131qlarn\u0131\u00f1 aqlar\u0131na dair meseleler Avropa i\u00e7\u00fcn esas degerlik dep say\u0131la. Q\u0131r\u0131mtatar halq\u0131n\u0131\u00f1 taqdiri aqq\u0131nda ayt\u0131rkenmiz, bu milletni\u00f1 on\u0131 tarihiy yurtundan vah\u015fiyane quv\u0131p \u00e7\u0131qar\u011fan sovet rejiminden zarar k\u00f6rgenini hat\u0131rlaym\u0131z. Subetde\u015flerimizden Ukraina mustaqilligini\u00f1 20 y\u0131l\u0131 devam\u0131nda q\u0131r\u0131mtatar halq\u0131n\u0131\u00f1 meselesini \u00f6yle de \u00e7ezilmegenini e\u015fittik&#8221;<\/p>\n\n\n\n<p>Avropa komissiyas\u0131 Ukrainadaki Vek\u00e2letligini\u00f1 ba\u015f\u0131 Joze Manuel Pintu Tey\u015feyra \u015fun\u0131 da bildirdi ki, q\u0131r\u0131mtatar halq\u0131 meselesini\u00f1 \u00e7ezilmesine ait qarar \u00d6BSE Aliy Komissar\u0131 Knut Vollebekni\u00f1 ziyaretinden so\u00f1 al\u0131n\u0131r. &#8220;Yaq\u0131n vaq\u0131tta \u00d6BSE Aliy Komissar\u0131 Knut Vollebek Ukraina ve \u015fu c\u00fcmleden Q\u0131r\u0131mn\u0131 ziyaret etip, Q\u0131r\u0131mn\u0131\u00f1 yolba\u015f\u00e7\u0131lar\u0131 ve tabiiy ki, q\u0131r\u0131mtatar halq\u0131n\u0131\u00f1 vekillerinen de k\u00f6r\u00fc\u015fmek maqsad\u0131nda.&#8221;, &#8211; dedi eminliknen cenap Tey\u015feyra.<\/p>\n","protected":false},"excerpt":{"rendered":"<p>Avropa komissiyas\u0131 Ukrainadaki Vek\u00e2letligini\u00f1 ba\u015f\u0131 Joze Manuel Pintu Tey\u015feyra Ukraina mustqilligini\u00f1 20-nci y\u0131l\u0131nda bile q\u0131r\u0131mtatar halq\u0131n\u0131\u00f1 bir s\u0131ra \u00e7ezilmegen meseleleri mevcut, dep saya. &#8220;Biz q\u0131r\u0131mtatarlarn\u0131\u00f1 meseleleri halqara te\u015fkil\u00e2tlar, cemat\u00e7\u0131l\u0131q ve Ukraina \u00fck\u00fcmetinen birlikte \u00e7ezilecegine \u00fcm\u00fct etemiz&#8221;, &#8211; dedi Joze Manuel Pintu Tey\u015feyra Q\u0131r\u0131mtatar halq\u0131 Meclisini\u00f1 okt\u00e2br 5 k\u00fcn\u00fc el\u00e7iler ve halqara te\u015fkil\u00e2t vekillerinen Halqara forum [&hellip;]<\/p>\n","protected":false},"author":1,"featured_media":0,"comment_status":"open","ping_status":"open","sticky":false,"template":"","format":"standard","meta":{"inline_featured_image":false,"footnotes":""},"categories":[265],"tags":[],"class_list":["post-26189","post","type-post","status-publish","format-standard","hentry","category-haberler"],"acf":[],"yoast_head":"<!-- This site is optimized with the Yoast SEO plugin v27.4 - https:\/\/yoast.com\/product\/yoast-seo-wordpress\/ -->\n<title>Joze Manuel Pintu Tey\u015feyra: \u00abBiz q\u0131r\u0131mtatarlarn\u0131\u00f1 meseleleri halqara te\u015fkil\u00e2tlar, cemat\u00e7\u0131l\u0131q ve Ukraina \u00fck\u00fcmetinen birlikte \u00e7ezilecegine \u00fcm\u00fct etemiz\u00bb - \u041c\u0435\u0434\u0436\u043b\u0456\u0441<\/title>\n<meta name=\"robots\" content=\"index, follow, max-snippet:-1, max-image-preview:large, max-video-preview:-1\" \/>\n<link rel=\"canonical\" href=\"https:\/\/qtmm.org\/qt\/joze-manuel-pintu-teyseyra-biz-qirimtatarlarnin-meseleleri-halqara-teskilatlar-cematciliq-ve-ukraina-ukumetinen-birlikte-cezilecegine-umut-etemiz\/\" \/>\n<meta property=\"og:locale\" content=\"en_US\" \/>\n<meta property=\"og:type\" content=\"article\" \/>\n<meta property=\"og:title\" content=\"Joze Manuel Pintu Tey\u015feyra: \u00abBiz q\u0131r\u0131mtatarlarn\u0131\u00f1 meseleleri halqara te\u015fkil\u00e2tlar, cemat\u00e7\u0131l\u0131q ve Ukraina \u00fck\u00fcmetinen birlikte \u00e7ezilecegine \u00fcm\u00fct etemiz\u00bb - \u041c\u0435\u0434\u0436\u043b\u0456\u0441\" \/>\n<meta property=\"og:description\" content=\"Avropa komissiyas\u0131 Ukrainadaki Vek\u00e2letligini\u00f1 ba\u015f\u0131 Joze Manuel Pintu Tey\u015feyra Ukraina mustqilligini\u00f1 20-nci y\u0131l\u0131nda bile q\u0131r\u0131mtatar halq\u0131n\u0131\u00f1 bir s\u0131ra \u00e7ezilmegen meseleleri mevcut, dep saya. &#8220;Biz q\u0131r\u0131mtatarlarn\u0131\u00f1 meseleleri halqara te\u015fkil\u00e2tlar, cemat\u00e7\u0131l\u0131q ve Ukraina \u00fck\u00fcmetinen birlikte \u00e7ezilecegine \u00fcm\u00fct etemiz&#8221;, &#8211; dedi Joze Manuel Pintu Tey\u015feyra Q\u0131r\u0131mtatar halq\u0131 Meclisini\u00f1 okt\u00e2br 5 k\u00fcn\u00fc el\u00e7iler ve halqara te\u015fkil\u00e2t vekillerinen Halqara forum [&hellip;]\" \/>\n<meta property=\"og:url\" content=\"https:\/\/qtmm.org\/qt\/joze-manuel-pintu-teyseyra-biz-qirimtatarlarnin-meseleleri-halqara-teskilatlar-cematciliq-ve-ukraina-ukumetinen-birlikte-cezilecegine-umut-etemiz\/\" \/>\n<meta property=\"og:site_name\" content=\"\u041c\u0435\u0434\u0436\u043b\u0456\u0441\" \/>\n<meta property=\"article:publisher\" content=\"https:\/\/www.facebook.com\/qtmm.info\/\" \/>\n<meta property=\"article:published_time\" content=\"2011-10-05T13:18:00+00:00\" \/>\n<meta property=\"article:modified_time\" content=\"2022-01-19T13:19:15+00:00\" \/>\n<meta name=\"author\" content=\"Developer\" \/>\n<meta name=\"twitter:card\" content=\"summary_large_image\" \/>\n<meta name=\"twitter:label1\" content=\"Written by\" \/>\n\t<meta name=\"twitter:data1\" content=\"Developer\" \/>\n\t<meta name=\"twitter:label2\" content=\"Est. reading time\" \/>\n\t<meta name=\"twitter:data2\" content=\"1 minute\" \/>\n<script type=\"application\/ld+json\" class=\"yoast-schema-graph\">{\"@context\":\"https:\\\/\\\/schema.org\",\"@graph\":[{\"@type\":\"Article\",\"@id\":\"https:\\\/\\\/qtmm.org\\\/qt\\\/joze-manuel-pintu-teyseyra-biz-qirimtatarlarnin-meseleleri-halqara-teskilatlar-cematciliq-ve-ukraina-ukumetinen-birlikte-cezilecegine-umut-etemiz\\\/#article\",\"isPartOf\":{\"@id\":\"https:\\\/\\\/qtmm.org\\\/qt\\\/joze-manuel-pintu-teyseyra-biz-qirimtatarlarnin-meseleleri-halqara-teskilatlar-cematciliq-ve-ukraina-ukumetinen-birlikte-cezilecegine-umut-etemiz\\\/\"},\"author\":{\"name\":\"Developer\",\"@id\":\"https:\\\/\\\/qtmm.org\\\/qt\\\/#\\\/schema\\\/person\\\/de562469f971dec226ac06e60bbf74a7\"},\"headline\":\"Joze Manuel Pintu Tey\u015feyra: \u00abBiz q\u0131r\u0131mtatarlarn\u0131\u00f1 meseleleri halqara te\u015fkil\u00e2tlar, cemat\u00e7\u0131l\u0131q ve Ukraina \u00fck\u00fcmetinen birlikte \u00e7ezilecegine \u00fcm\u00fct etemiz\u00bb\",\"datePublished\":\"2011-10-05T13:18:00+00:00\",\"dateModified\":\"2022-01-19T13:19:15+00:00\",\"mainEntityOfPage\":{\"@id\":\"https:\\\/\\\/qtmm.org\\\/qt\\\/joze-manuel-pintu-teyseyra-biz-qirimtatarlarnin-meseleleri-halqara-teskilatlar-cematciliq-ve-ukraina-ukumetinen-birlikte-cezilecegine-umut-etemiz\\\/\"},\"wordCount\":304,\"commentCount\":0,\"publisher\":{\"@id\":\"https:\\\/\\\/qtmm.org\\\/qt\\\/#organization\"},\"articleSection\":[\"Haberler\"],\"inLanguage\":\"qt\",\"potentialAction\":[{\"@type\":\"CommentAction\",\"name\":\"Comment\",\"target\":[\"https:\\\/\\\/qtmm.org\\\/qt\\\/joze-manuel-pintu-teyseyra-biz-qirimtatarlarnin-meseleleri-halqara-teskilatlar-cematciliq-ve-ukraina-ukumetinen-birlikte-cezilecegine-umut-etemiz\\\/#respond\"]}]},{\"@type\":\"WebPage\",\"@id\":\"https:\\\/\\\/qtmm.org\\\/qt\\\/joze-manuel-pintu-teyseyra-biz-qirimtatarlarnin-meseleleri-halqara-teskilatlar-cematciliq-ve-ukraina-ukumetinen-birlikte-cezilecegine-umut-etemiz\\\/\",\"url\":\"https:\\\/\\\/qtmm.org\\\/qt\\\/joze-manuel-pintu-teyseyra-biz-qirimtatarlarnin-meseleleri-halqara-teskilatlar-cematciliq-ve-ukraina-ukumetinen-birlikte-cezilecegine-umut-etemiz\\\/\",\"name\":\"Joze Manuel Pintu Tey\u015feyra: \u00abBiz q\u0131r\u0131mtatarlarn\u0131\u00f1 meseleleri halqara te\u015fkil\u00e2tlar, cemat\u00e7\u0131l\u0131q ve Ukraina \u00fck\u00fcmetinen birlikte \u00e7ezilecegine \u00fcm\u00fct etemiz\u00bb - \u041c\u0435\u0434\u0436\u043b\u0456\u0441\",\"isPartOf\":{\"@id\":\"https:\\\/\\\/qtmm.org\\\/qt\\\/#website\"},\"datePublished\":\"2011-10-05T13:18:00+00:00\",\"dateModified\":\"2022-01-19T13:19:15+00:00\",\"breadcrumb\":{\"@id\":\"https:\\\/\\\/qtmm.org\\\/qt\\\/joze-manuel-pintu-teyseyra-biz-qirimtatarlarnin-meseleleri-halqara-teskilatlar-cematciliq-ve-ukraina-ukumetinen-birlikte-cezilecegine-umut-etemiz\\\/#breadcrumb\"},\"inLanguage\":\"qt\",\"potentialAction\":[{\"@type\":\"ReadAction\",\"target\":[\"https:\\\/\\\/qtmm.org\\\/qt\\\/joze-manuel-pintu-teyseyra-biz-qirimtatarlarnin-meseleleri-halqara-teskilatlar-cematciliq-ve-ukraina-ukumetinen-birlikte-cezilecegine-umut-etemiz\\\/\"]}]},{\"@type\":\"BreadcrumbList\",\"@id\":\"https:\\\/\\\/qtmm.org\\\/qt\\\/joze-manuel-pintu-teyseyra-biz-qirimtatarlarnin-meseleleri-halqara-teskilatlar-cematciliq-ve-ukraina-ukumetinen-birlikte-cezilecegine-umut-etemiz\\\/#breadcrumb\",\"itemListElement\":[{\"@type\":\"ListItem\",\"position\":1,\"name\":\"\u0413\u043e\u043b\u043e\u0432\u043d\u0430\",\"item\":\"https:\\\/\\\/qtmm.org\\\/qt\\\/\"},{\"@type\":\"ListItem\",\"position\":2,\"name\":\"Joze Manuel Pintu Tey\u015feyra: \u00abBiz q\u0131r\u0131mtatarlarn\u0131\u00f1 meseleleri halqara te\u015fkil\u00e2tlar, cemat\u00e7\u0131l\u0131q ve Ukraina \u00fck\u00fcmetinen birlikte \u00e7ezilecegine \u00fcm\u00fct etemiz\u00bb\"}]},{\"@type\":\"WebSite\",\"@id\":\"https:\\\/\\\/qtmm.org\\\/qt\\\/#website\",\"url\":\"https:\\\/\\\/qtmm.org\\\/qt\\\/\",\"name\":\"\u041c\u0435\u0434\u0436\u043b\u0456\u0441\",\"description\":\"\",\"publisher\":{\"@id\":\"https:\\\/\\\/qtmm.org\\\/qt\\\/#organization\"},\"potentialAction\":[{\"@type\":\"SearchAction\",\"target\":{\"@type\":\"EntryPoint\",\"urlTemplate\":\"https:\\\/\\\/qtmm.org\\\/qt\\\/?s={search_term_string}\"},\"query-input\":{\"@type\":\"PropertyValueSpecification\",\"valueRequired\":true,\"valueName\":\"search_term_string\"}}],\"inLanguage\":\"qt\"},{\"@type\":\"Organization\",\"@id\":\"https:\\\/\\\/qtmm.org\\\/qt\\\/#organization\",\"name\":\"\u041c\u0435\u0434\u0436\u043b\u0456\u0441\",\"url\":\"https:\\\/\\\/qtmm.org\\\/qt\\\/\",\"logo\":{\"@type\":\"ImageObject\",\"inLanguage\":\"qt\",\"@id\":\"https:\\\/\\\/qtmm.org\\\/qt\\\/#\\\/schema\\\/logo\\\/image\\\/\",\"url\":\"https:\\\/\\\/qtmm.org\\\/wp-content\\\/uploads\\\/2024\\\/12\\\/ua-mejlis-logo-rgb.svg\",\"contentUrl\":\"https:\\\/\\\/qtmm.org\\\/wp-content\\\/uploads\\\/2024\\\/12\\\/ua-mejlis-logo-rgb.svg\",\"caption\":\"\u041c\u0435\u0434\u0436\u043b\u0456\u0441\"},\"image\":{\"@id\":\"https:\\\/\\\/qtmm.org\\\/qt\\\/#\\\/schema\\\/logo\\\/image\\\/\"},\"sameAs\":[\"https:\\\/\\\/www.facebook.com\\\/qtmm.info\\\/\"]},{\"@type\":\"Person\",\"@id\":\"https:\\\/\\\/qtmm.org\\\/qt\\\/#\\\/schema\\\/person\\\/de562469f971dec226ac06e60bbf74a7\",\"name\":\"Developer\",\"image\":{\"@type\":\"ImageObject\",\"inLanguage\":\"qt\",\"@id\":\"https:\\\/\\\/secure.gravatar.com\\\/avatar\\\/392b4cc8fbfeb00b39dfeeab4ee6edded39ffd48e25858637e4765810300227e?s=96&d=mm&r=g\",\"url\":\"https:\\\/\\\/secure.gravatar.com\\\/avatar\\\/392b4cc8fbfeb00b39dfeeab4ee6edded39ffd48e25858637e4765810300227e?s=96&d=mm&r=g\",\"contentUrl\":\"https:\\\/\\\/secure.gravatar.com\\\/avatar\\\/392b4cc8fbfeb00b39dfeeab4ee6edded39ffd48e25858637e4765810300227e?s=96&d=mm&r=g\",\"caption\":\"Developer\"},\"url\":\"https:\\\/\\\/qtmm.org\\\/qt\\\/author\\\/Developer\\\/\"}]}<\/script>\n<!-- \/ Yoast SEO plugin. -->","yoast_head_json":{"title":"Joze Manuel Pintu Tey\u015feyra: \u00abBiz q\u0131r\u0131mtatarlarn\u0131\u00f1 meseleleri halqara te\u015fkil\u00e2tlar, cemat\u00e7\u0131l\u0131q ve Ukraina \u00fck\u00fcmetinen birlikte \u00e7ezilecegine \u00fcm\u00fct etemiz\u00bb - \u041c\u0435\u0434\u0436\u043b\u0456\u0441","robots":{"index":"index","follow":"follow","max-snippet":"max-snippet:-1","max-image-preview":"max-image-preview:large","max-video-preview":"max-video-preview:-1"},"canonical":"https:\/\/qtmm.org\/qt\/joze-manuel-pintu-teyseyra-biz-qirimtatarlarnin-meseleleri-halqara-teskilatlar-cematciliq-ve-ukraina-ukumetinen-birlikte-cezilecegine-umut-etemiz\/","og_locale":"en_US","og_type":"article","og_title":"Joze Manuel Pintu Tey\u015feyra: \u00abBiz q\u0131r\u0131mtatarlarn\u0131\u00f1 meseleleri halqara te\u015fkil\u00e2tlar, cemat\u00e7\u0131l\u0131q ve Ukraina \u00fck\u00fcmetinen birlikte \u00e7ezilecegine \u00fcm\u00fct etemiz\u00bb - \u041c\u0435\u0434\u0436\u043b\u0456\u0441","og_description":"Avropa komissiyas\u0131 Ukrainadaki Vek\u00e2letligini\u00f1 ba\u015f\u0131 Joze Manuel Pintu Tey\u015feyra Ukraina mustqilligini\u00f1 20-nci y\u0131l\u0131nda bile q\u0131r\u0131mtatar halq\u0131n\u0131\u00f1 bir s\u0131ra \u00e7ezilmegen meseleleri mevcut, dep saya. &#8220;Biz q\u0131r\u0131mtatarlarn\u0131\u00f1 meseleleri halqara te\u015fkil\u00e2tlar, cemat\u00e7\u0131l\u0131q ve Ukraina \u00fck\u00fcmetinen birlikte \u00e7ezilecegine \u00fcm\u00fct etemiz&#8221;, &#8211; dedi Joze Manuel Pintu Tey\u015feyra Q\u0131r\u0131mtatar halq\u0131 Meclisini\u00f1 okt\u00e2br 5 k\u00fcn\u00fc el\u00e7iler ve halqara te\u015fkil\u00e2t vekillerinen Halqara forum [&hellip;]","og_url":"https:\/\/qtmm.org\/qt\/joze-manuel-pintu-teyseyra-biz-qirimtatarlarnin-meseleleri-halqara-teskilatlar-cematciliq-ve-ukraina-ukumetinen-birlikte-cezilecegine-umut-etemiz\/","og_site_name":"\u041c\u0435\u0434\u0436\u043b\u0456\u0441","article_publisher":"https:\/\/www.facebook.com\/qtmm.info\/","article_published_time":"2011-10-05T13:18:00+00:00","article_modified_time":"2022-01-19T13:19:15+00:00","author":"Developer","twitter_card":"summary_large_image","twitter_misc":{"Written by":"Developer","Est. reading time":"1 minute"},"schema":{"@context":"https:\/\/schema.org","@graph":[{"@type":"Article","@id":"https:\/\/qtmm.org\/qt\/joze-manuel-pintu-teyseyra-biz-qirimtatarlarnin-meseleleri-halqara-teskilatlar-cematciliq-ve-ukraina-ukumetinen-birlikte-cezilecegine-umut-etemiz\/#article","isPartOf":{"@id":"https:\/\/qtmm.org\/qt\/joze-manuel-pintu-teyseyra-biz-qirimtatarlarnin-meseleleri-halqara-teskilatlar-cematciliq-ve-ukraina-ukumetinen-birlikte-cezilecegine-umut-etemiz\/"},"author":{"name":"Developer","@id":"https:\/\/qtmm.org\/qt\/#\/schema\/person\/de562469f971dec226ac06e60bbf74a7"},"headline":"Joze Manuel Pintu Tey\u015feyra: \u00abBiz q\u0131r\u0131mtatarlarn\u0131\u00f1 meseleleri halqara te\u015fkil\u00e2tlar, cemat\u00e7\u0131l\u0131q ve Ukraina \u00fck\u00fcmetinen birlikte \u00e7ezilecegine \u00fcm\u00fct etemiz\u00bb","datePublished":"2011-10-05T13:18:00+00:00","dateModified":"2022-01-19T13:19:15+00:00","mainEntityOfPage":{"@id":"https:\/\/qtmm.org\/qt\/joze-manuel-pintu-teyseyra-biz-qirimtatarlarnin-meseleleri-halqara-teskilatlar-cematciliq-ve-ukraina-ukumetinen-birlikte-cezilecegine-umut-etemiz\/"},"wordCount":304,"commentCount":0,"publisher":{"@id":"https:\/\/qtmm.org\/qt\/#organization"},"articleSection":["Haberler"],"inLanguage":"qt","potentialAction":[{"@type":"CommentAction","name":"Comment","target":["https:\/\/qtmm.org\/qt\/joze-manuel-pintu-teyseyra-biz-qirimtatarlarnin-meseleleri-halqara-teskilatlar-cematciliq-ve-ukraina-ukumetinen-birlikte-cezilecegine-umut-etemiz\/#respond"]}]},{"@type":"WebPage","@id":"https:\/\/qtmm.org\/qt\/joze-manuel-pintu-teyseyra-biz-qirimtatarlarnin-meseleleri-halqara-teskilatlar-cematciliq-ve-ukraina-ukumetinen-birlikte-cezilecegine-umut-etemiz\/","url":"https:\/\/qtmm.org\/qt\/joze-manuel-pintu-teyseyra-biz-qirimtatarlarnin-meseleleri-halqara-teskilatlar-cematciliq-ve-ukraina-ukumetinen-birlikte-cezilecegine-umut-etemiz\/","name":"Joze Manuel Pintu Tey\u015feyra: \u00abBiz q\u0131r\u0131mtatarlarn\u0131\u00f1 meseleleri halqara te\u015fkil\u00e2tlar, cemat\u00e7\u0131l\u0131q ve Ukraina \u00fck\u00fcmetinen birlikte \u00e7ezilecegine \u00fcm\u00fct etemiz\u00bb - \u041c\u0435\u0434\u0436\u043b\u0456\u0441","isPartOf":{"@id":"https:\/\/qtmm.org\/qt\/#website"},"datePublished":"2011-10-05T13:18:00+00:00","dateModified":"2022-01-19T13:19:15+00:00","breadcrumb":{"@id":"https:\/\/qtmm.org\/qt\/joze-manuel-pintu-teyseyra-biz-qirimtatarlarnin-meseleleri-halqara-teskilatlar-cematciliq-ve-ukraina-ukumetinen-birlikte-cezilecegine-umut-etemiz\/#breadcrumb"},"inLanguage":"qt","potentialAction":[{"@type":"ReadAction","target":["https:\/\/qtmm.org\/qt\/joze-manuel-pintu-teyseyra-biz-qirimtatarlarnin-meseleleri-halqara-teskilatlar-cematciliq-ve-ukraina-ukumetinen-birlikte-cezilecegine-umut-etemiz\/"]}]},{"@type":"BreadcrumbList","@id":"https:\/\/qtmm.org\/qt\/joze-manuel-pintu-teyseyra-biz-qirimtatarlarnin-meseleleri-halqara-teskilatlar-cematciliq-ve-ukraina-ukumetinen-birlikte-cezilecegine-umut-etemiz\/#breadcrumb","itemListElement":[{"@type":"ListItem","position":1,"name":"\u0413\u043e\u043b\u043e\u0432\u043d\u0430","item":"https:\/\/qtmm.org\/qt\/"},{"@type":"ListItem","position":2,"name":"Joze Manuel Pintu Tey\u015feyra: \u00abBiz q\u0131r\u0131mtatarlarn\u0131\u00f1 meseleleri halqara te\u015fkil\u00e2tlar, cemat\u00e7\u0131l\u0131q ve Ukraina \u00fck\u00fcmetinen birlikte \u00e7ezilecegine \u00fcm\u00fct etemiz\u00bb"}]},{"@type":"WebSite","@id":"https:\/\/qtmm.org\/qt\/#website","url":"https:\/\/qtmm.org\/qt\/","name":"\u041c\u0435\u0434\u0436\u043b\u0456\u0441","description":"","publisher":{"@id":"https:\/\/qtmm.org\/qt\/#organization"},"potentialAction":[{"@type":"SearchAction","target":{"@type":"EntryPoint","urlTemplate":"https:\/\/qtmm.org\/qt\/?s={search_term_string}"},"query-input":{"@type":"PropertyValueSpecification","valueRequired":true,"valueName":"search_term_string"}}],"inLanguage":"qt"},{"@type":"Organization","@id":"https:\/\/qtmm.org\/qt\/#organization","name":"\u041c\u0435\u0434\u0436\u043b\u0456\u0441","url":"https:\/\/qtmm.org\/qt\/","logo":{"@type":"ImageObject","inLanguage":"qt","@id":"https:\/\/qtmm.org\/qt\/#\/schema\/logo\/image\/","url":"https:\/\/qtmm.org\/wp-content\/uploads\/2024\/12\/ua-mejlis-logo-rgb.svg","contentUrl":"https:\/\/qtmm.org\/wp-content\/uploads\/2024\/12\/ua-mejlis-logo-rgb.svg","caption":"\u041c\u0435\u0434\u0436\u043b\u0456\u0441"},"image":{"@id":"https:\/\/qtmm.org\/qt\/#\/schema\/logo\/image\/"},"sameAs":["https:\/\/www.facebook.com\/qtmm.info\/"]},{"@type":"Person","@id":"https:\/\/qtmm.org\/qt\/#\/schema\/person\/de562469f971dec226ac06e60bbf74a7","name":"Developer","image":{"@type":"ImageObject","inLanguage":"qt","@id":"https:\/\/secure.gravatar.com\/avatar\/392b4cc8fbfeb00b39dfeeab4ee6edded39ffd48e25858637e4765810300227e?s=96&d=mm&r=g","url":"https:\/\/secure.gravatar.com\/avatar\/392b4cc8fbfeb00b39dfeeab4ee6edded39ffd48e25858637e4765810300227e?s=96&d=mm&r=g","contentUrl":"https:\/\/secure.gravatar.com\/avatar\/392b4cc8fbfeb00b39dfeeab4ee6edded39ffd48e25858637e4765810300227e?s=96&d=mm&r=g","caption":"Developer"},"url":"https:\/\/qtmm.org\/qt\/author\/Developer\/"}]}},"_links":{"self":[{"href":"https:\/\/qtmm.org\/qt\/wp-json\/wp\/v2\/posts\/26189","targetHints":{"allow":["GET"]}}],"collection":[{"href":"https:\/\/qtmm.org\/qt\/wp-json\/wp\/v2\/posts"}],"about":[{"href":"https:\/\/qtmm.org\/qt\/wp-json\/wp\/v2\/types\/post"}],"author":[{"embeddable":true,"href":"https:\/\/qtmm.org\/qt\/wp-json\/wp\/v2\/users\/1"}],"replies":[{"embeddable":true,"href":"https:\/\/qtmm.org\/qt\/wp-json\/wp\/v2\/comments?post=26189"}],"version-history":[{"count":1,"href":"https:\/\/qtmm.org\/qt\/wp-json\/wp\/v2\/posts\/26189\/revisions"}],"predecessor-version":[{"id":26190,"href":"https:\/\/qtmm.org\/qt\/wp-json\/wp\/v2\/posts\/26189\/revisions\/26190"}],"wp:attachment":[{"href":"https:\/\/qtmm.org\/qt\/wp-json\/wp\/v2\/media?parent=26189"}],"wp:term":[{"taxonomy":"category","embeddable":true,"href":"https:\/\/qtmm.org\/qt\/wp-json\/wp\/v2\/categories?post=26189"},{"taxonomy":"post_tag","embeddable":true,"href":"https:\/\/qtmm.org\/qt\/wp-json\/wp\/v2\/tags?post=26189"}],"curies":[{"name":"wp","href":"https:\/\/api.w.org\/{rel}","templated":true}]}}