




{"id":26187,"date":"2011-10-05T16:17:00","date_gmt":"2011-10-05T13:17:00","guid":{"rendered":"http:\/\/qtmm.org\/?p=26187"},"modified":"2022-01-19T16:18:42","modified_gmt":"2022-01-19T13:18:42","slug":"a-kvasnevskiy-men-halqara-forumni-avropada-telukesizlik-ve-isbirlik-teskilatininobse-imayesi-altinda-kecirmek-gayesinin-tarafdarim","status":"publish","type":"post","link":"https:\/\/qtmm.org\/qt\/a-kvasnevskiy-men-halqara-forumni-avropada-telukesizlik-ve-isbirlik-teskilatininobse-imayesi-altinda-kecirmek-gayesinin-tarafdarim\/","title":{"rendered":"A. Kvasnevskiy: &#8220;Men Halqara forumn\u0131 Avropada Tel\u00fckesizlik ve i\u015fbirlik te\u015fkil\u00e2t\u0131n\u0131\u00f1(\u00d6BSE) imayesi alt\u0131nda ke\u00e7irmek \u011fayesini\u00f1 tarafdar\u0131m&#8221;"},"content":{"rendered":"\n<p>Mal\u00fcm ki, 2011 senesi okt\u00e2br 5 k\u00fcn\u00fc Kiyev \u015feerindeki &#8220;HYATT&#8221; \u00f6telini\u00f1 mu\u015favereler salon\u0131nda Q\u0131r\u0131mtatar halq\u0131 Meclisini\u00f1 reberleri el\u00e7iler ve Ukrainada akkreditatsiya etilgen halqara te\u015fkil\u00e2tlarn\u0131\u00f1 vekillerinen k\u00f6r\u00fc\u015ftiler. K\u00f6r\u00fc\u015f\u00fcv i\u015ftirak\u00e7ileri, q\u0131r\u0131mtatar halq\u0131n\u0131\u00f1 bug\u00fcnki vaziyetine dair meselelerni muzakere etmeknen bir s\u0131rada Q\u0131r\u0131mtatar halq\u0131n\u0131\u00f1 \u00f6z Vatan\u0131nda aq-uquqlar\u0131n\u0131 \u011fayr\u0131dan tiklev, on\u0131\u00f1 Ukrainada tel\u00fckesizligini ve inki\u015faf\u0131n\u0131 teminlev meseleleri boyunca halqara forum ke\u00e7ir\u00fcv mevzus\u0131n\u0131 da muzakere ettiler.<\/p>\n\n\n\n<p>K\u00f6r\u00fc\u015f\u00fcvge Avropa ke\u00f1e\u015fini\u00f1 bar\u0131\u015f\u0131ql\u0131q boyunca reisi, 1995-2005 seneleri Poloniya Prezidenti Aleksandr Kvasnevskiy de davet etilgen edi. Bu aqta Mustafa Cemilev on\u0131\u00f1 ile 2011 senesi sent\u00e2br 16 k\u00fcn\u00fc Q\u0131r\u0131mda 8-nci Yalta Avropa strategiyas\u0131 forum\u0131 ke\u00e7irilgen vaq\u0131tta k\u00f6r\u00fc\u015fkende a\u00f1la\u015ft\u0131lar. L\u00e2kin evelden planla\u015ft\u0131r\u0131l\u011fan bir s\u0131ra tedbirler sebebinden Aleksandr Kvasnevskiy 2011 senesi okt\u00e2br 5 k\u00fcn\u00fc Kiyev \u015feerindeki k\u00f6r\u00fc\u015f\u00fcvge kelip olama\u011fan\u0131 i\u00e7\u00fcn o, Mustafa Cemilev ad\u0131na mekt\u00fcp yaz\u0131p. Halqara forum ke\u00e7irilmesine ait fikirlerini ifade etti. A\u015fa\u011f\u0131da Aleksandr Kvasnevskiy ofisini\u00f1 musaadesi ile mezk\u00fcr mekt\u00fcpni derc etemiz:<\/p>\n\n\n\n<p><br><strong>Bar\u0131\u015f\u0131ql\u0131q boyunca Avropa ke\u00f1e\u015fi<\/strong><br>&nbsp;<\/p>\n\n\n\n<p><strong>&nbsp;&nbsp;&nbsp;&nbsp;&nbsp;&nbsp;&nbsp;&nbsp;&nbsp;&nbsp;&nbsp;&nbsp;&nbsp;&nbsp;&nbsp;&nbsp;&nbsp;&nbsp;&nbsp;&nbsp;&nbsp;&nbsp;&nbsp;&nbsp;&nbsp;&nbsp;&nbsp;&nbsp; &nbsp; &nbsp; &nbsp; &nbsp; &nbsp;&nbsp; &nbsp;&nbsp;&nbsp;&nbsp;&nbsp;&nbsp;&nbsp;&nbsp;&nbsp;&nbsp;&nbsp;&nbsp;&nbsp;&nbsp;&nbsp;&nbsp;&nbsp;&nbsp;&nbsp;&nbsp;&nbsp;&nbsp;&nbsp;&nbsp;&nbsp;&nbsp;&nbsp;&nbsp;&nbsp;&nbsp;&nbsp;&nbsp;&nbsp;&nbsp;&nbsp;&nbsp;&nbsp; \u00dcrmetli<br>&nbsp;&nbsp;&nbsp;&nbsp;&nbsp;&nbsp;&nbsp;&nbsp;&nbsp;&nbsp;&nbsp;&nbsp;&nbsp;&nbsp;&nbsp;&nbsp;&nbsp;&nbsp;&nbsp;&nbsp;&nbsp;&nbsp;&nbsp;&nbsp;&nbsp;&nbsp;&nbsp;&nbsp;&nbsp;&nbsp;&nbsp;&nbsp;&nbsp;&nbsp;&nbsp;&nbsp;&nbsp;&nbsp;&nbsp;&nbsp;&nbsp;&nbsp;&nbsp;&nbsp;&nbsp;&nbsp;&nbsp;&nbsp;&nbsp;&nbsp;&nbsp;&nbsp;&nbsp;&nbsp;&nbsp;&nbsp;&nbsp;&nbsp;&nbsp;&nbsp;&nbsp;&nbsp;&nbsp;&nbsp;&nbsp;&nbsp;&nbsp;&nbsp;&nbsp;&nbsp;&nbsp;&nbsp;&nbsp;&nbsp;&nbsp;&nbsp;&nbsp; Q\u0131r\u0131mtatam halq\u0131 Meclisini\u00f1 reisi<br>&nbsp;&nbsp;&nbsp;&nbsp;&nbsp;&nbsp;&nbsp;&nbsp;&nbsp;&nbsp;&nbsp;&nbsp;&nbsp;&nbsp;&nbsp;&nbsp;&nbsp;&nbsp;&nbsp;&nbsp;&nbsp;&nbsp;&nbsp;&nbsp;&nbsp;&nbsp;&nbsp;&nbsp;&nbsp;&nbsp;&nbsp;&nbsp;&nbsp;&nbsp;&nbsp;&nbsp;&nbsp;&nbsp;&nbsp;&nbsp;&nbsp;&nbsp;&nbsp;&nbsp;&nbsp;&nbsp;&nbsp;&nbsp;&nbsp;&nbsp;&nbsp;&nbsp;&nbsp;&nbsp;&nbsp;&nbsp;&nbsp;&nbsp;&nbsp;&nbsp;&nbsp;&nbsp;&nbsp;&nbsp;&nbsp;&nbsp;&nbsp;&nbsp;&nbsp;&nbsp;&nbsp;&nbsp;&nbsp;&nbsp;&nbsp;&nbsp;&nbsp; cenap Mustafa Cemilevge<\/strong><br><br>Say\u011f\u0131l\u0131 cenap Reis,<\/p>\n\n\n\n<p><br>Q\u0131r\u0131mtatar halq\u0131 Meclisini\u00f1 k\u00f6r\u00fc\u015f\u00fcvine davet etkeni\u00f1iz i\u00e7\u00fcn samimiy te\u015fekk\u00fcrlerimni bildirem. Ma\u00f1a ve reislik yapmaq \u015ferefine nail old\u0131\u011f\u0131m Bar\u0131\u015f\u0131ql\u0131q boyunca Avropa ke\u00f1e\u015fine i\u015fan\u00e7 bildirgeni\u00f1iz meni \u011fayet sevindirmekte. Teess\u00fcf ki, evelden planla\u015ft\u0131r\u0131l\u011fan tedbirler sebebinden Kiyevdeki k\u00f6r\u00fc\u015f\u00fcvde \u015fahsen faal i\u015ftirak etip olamay\u0131m.<\/p>\n\n\n\n<p>Ke\u00e7enlerde Q\u0131r\u0131mda k\u00f6r\u00fc\u015fkenimizde s\u00f6yledigim kibi, q\u0131r\u0131mtatar halq\u0131n\u0131\u00f1 Q\u0131r\u0131m\u011fa qaytmaq \u0131nt\u0131luv\u0131na tolus\u0131nen qoltutqan\u0131mn\u0131 musaade\u00f1izle tekrar bildirmege isteyim..<\/p>\n\n\n\n<p>Poloniyal\u0131, me\u015faqatl\u0131 taqdiri sizi\u00f1kine pek be\u00f1zegen halqn\u0131\u00f1 vekili olaraq sizlerni\u00f1 k\u00fcre\u015f maqsad\u0131\u00f1\u0131zn\u0131 pek yah\u015f\u0131 a\u00f1lay\u0131m ve Q\u0131r\u0131mtatar halq\u0131 Meclisini\u00f1 i\u015fine ayretlenem.<\/p>\n\n\n\n<p>Zan\u0131mca, Ukraina akimleri q\u0131r\u0131mtatarlarn\u0131\u00f1 \u00f6z yurtuna qaytmalar\u0131 i\u00e7\u00fcn b\u00fct\u00fcn \u00e7arelerni k\u00f6rmek, olar\u011fa ya\u015famaq yerini serbest se\u00e7mek aqq\u0131n\u0131 teminlemek, bun\u0131\u00f1 kibi de olarn\u0131\u00f1 taptal\u011fan uquqlar\u0131n\u0131 \u011fayr\u0131dan tiklemek borclular. Bun\u0131\u00f1 kibi de, bu vaziyette halqara cemaat\u00e7\u0131l\u0131\u011f\u0131n\u0131\u00f1 da yard\u0131m\u0131 ker\u00e7ekten de zarur.<\/p>\n\n\n\n<p>Q\u0131r\u0131mtatar halq\u0131n\u0131\u00f1 \u00f6z Vatan\u0131nda aq-uquqlar\u0131n\u0131 \u011fayr\u0131dan tiklev, Ukrainada on\u0131\u00f1 tel\u00fckesizligini ve inki\u015faf\u0131n\u0131 teminlev meseleleri boyunca halqara forum ke\u00e7irmek \u011fayesi i\u00e7\u00fcn sizge Bar\u0131\u015f\u0131ql\u0131q boyunca Avropa ke\u00f1e\u015fi ad\u0131ndan samimiy minnetdarl\u0131\u011f\u0131mn\u0131 bildirem.<\/p>\n\n\n\n<p>Bar\u0131\u015f\u0131ql\u0131q boyunca Avropa ke\u00f1e\u015fini\u00f1 reisi olaraq q\u0131r\u0131mtatarlarn\u0131\u00f1 dialogn\u0131 devam ettirmek ve ameliy \u00e7areler q\u0131d\u0131ruv o\u011frundaki areketlerine qoltutaca\u011f\u0131mn\u0131 i\u015fand\u0131ram. Men Halqara forumn\u0131 Avropada Tel\u00fckesizlik ve i\u015fbirlik te\u015fkil\u00e2t\u0131n\u0131\u00f1(\u00d6BSE) imayesi alt\u0131nda ke\u00e7irmek \u011fayesini\u00f1 qatiy tarafdar\u0131m. B\u00f6yle m\u00fcrekkep meseleni halqara miqyasta muzakere etmek i\u00e7\u00fcn \u00d6BSE, \u015f\u00fcbesiz, e\u00f1 keli\u015fken bir te\u015fkil\u00e2tt\u0131r.<\/p>\n\n\n\n<p>Q\u0131r\u0131mtatar halq\u0131n\u0131\u00f1 Meclisi ile i\u015fbirligimizni\u00f1 devam\u0131na \u00fcm\u00fct besleyerek, Kiyevdeki k\u00f6r\u00fc\u015f\u00fcvde al\u0131n\u011fan qararlardan meni de haberdar etme\u00f1izni rica etem. Q\u0131r\u0131mtatar halq\u0131n\u0131\u00f1 baht\u0131 o\u011frundaki faaliyeti\u00f1izde muvafaqiyetler tilep, b\u00fcy\u00fck say\u011f\u0131 ve itiram ile<br>&nbsp;<\/p>\n\n\n\n<p class=\"has-text-align-right\"><br><strong>Aleksandr Kvasnevskiy<br>Avropa ke\u00f1e\u015fini\u00f1 bar\u0131\u015f\u0131ql\u0131q boyunca reisi, 1995-2005 seneleri Poloniya Prezidenti<br>Var\u015fava, 2021 senesi okt\u00e2br 1<\/strong><br>&nbsp;<\/p>\n","protected":false},"excerpt":{"rendered":"<p>Mal\u00fcm ki, 2011 senesi okt\u00e2br 5 k\u00fcn\u00fc Kiyev \u015feerindeki &#8220;HYATT&#8221; \u00f6telini\u00f1 mu\u015favereler salon\u0131nda Q\u0131r\u0131mtatar halq\u0131 Meclisini\u00f1 reberleri el\u00e7iler ve Ukrainada akkreditatsiya etilgen halqara te\u015fkil\u00e2tlarn\u0131\u00f1 vekillerinen k\u00f6r\u00fc\u015ftiler. K\u00f6r\u00fc\u015f\u00fcv i\u015ftirak\u00e7ileri, q\u0131r\u0131mtatar halq\u0131n\u0131\u00f1 bug\u00fcnki vaziyetine dair meselelerni muzakere etmeknen bir s\u0131rada Q\u0131r\u0131mtatar halq\u0131n\u0131\u00f1 \u00f6z Vatan\u0131nda aq-uquqlar\u0131n\u0131 \u011fayr\u0131dan tiklev, on\u0131\u00f1 Ukrainada tel\u00fckesizligini ve inki\u015faf\u0131n\u0131 teminlev meseleleri boyunca halqara forum [&hellip;]<\/p>\n","protected":false},"author":1,"featured_media":0,"comment_status":"open","ping_status":"open","sticky":false,"template":"","format":"standard","meta":{"inline_featured_image":false,"footnotes":""},"categories":[265],"tags":[],"class_list":["post-26187","post","type-post","status-publish","format-standard","hentry","category-haberler"],"acf":[],"yoast_head":"<!-- This site is optimized with the Yoast SEO plugin v27.4 - https:\/\/yoast.com\/product\/yoast-seo-wordpress\/ -->\n<title>A. Kvasnevskiy: &quot;Men Halqara forumn\u0131 Avropada Tel\u00fckesizlik ve i\u015fbirlik te\u015fkil\u00e2t\u0131n\u0131\u00f1(\u00d6BSE) imayesi alt\u0131nda ke\u00e7irmek \u011fayesini\u00f1 tarafdar\u0131m&quot; - \u041c\u0435\u0434\u0436\u043b\u0456\u0441<\/title>\n<meta name=\"robots\" content=\"index, follow, max-snippet:-1, max-image-preview:large, max-video-preview:-1\" \/>\n<link rel=\"canonical\" href=\"https:\/\/qtmm.org\/qt\/a-kvasnevskiy-men-halqara-forumni-avropada-telukesizlik-ve-isbirlik-teskilatininobse-imayesi-altinda-kecirmek-gayesinin-tarafdarim\/\" \/>\n<meta property=\"og:locale\" content=\"en_US\" \/>\n<meta property=\"og:type\" content=\"article\" \/>\n<meta property=\"og:title\" content=\"A. Kvasnevskiy: &quot;Men Halqara forumn\u0131 Avropada Tel\u00fckesizlik ve i\u015fbirlik te\u015fkil\u00e2t\u0131n\u0131\u00f1(\u00d6BSE) imayesi alt\u0131nda ke\u00e7irmek \u011fayesini\u00f1 tarafdar\u0131m&quot; - \u041c\u0435\u0434\u0436\u043b\u0456\u0441\" \/>\n<meta property=\"og:description\" content=\"Mal\u00fcm ki, 2011 senesi okt\u00e2br 5 k\u00fcn\u00fc Kiyev \u015feerindeki &#8220;HYATT&#8221; \u00f6telini\u00f1 mu\u015favereler salon\u0131nda Q\u0131r\u0131mtatar halq\u0131 Meclisini\u00f1 reberleri el\u00e7iler ve Ukrainada akkreditatsiya etilgen halqara te\u015fkil\u00e2tlarn\u0131\u00f1 vekillerinen k\u00f6r\u00fc\u015ftiler. K\u00f6r\u00fc\u015f\u00fcv i\u015ftirak\u00e7ileri, q\u0131r\u0131mtatar halq\u0131n\u0131\u00f1 bug\u00fcnki vaziyetine dair meselelerni muzakere etmeknen bir s\u0131rada Q\u0131r\u0131mtatar halq\u0131n\u0131\u00f1 \u00f6z Vatan\u0131nda aq-uquqlar\u0131n\u0131 \u011fayr\u0131dan tiklev, on\u0131\u00f1 Ukrainada tel\u00fckesizligini ve inki\u015faf\u0131n\u0131 teminlev meseleleri boyunca halqara forum [&hellip;]\" \/>\n<meta property=\"og:url\" content=\"https:\/\/qtmm.org\/qt\/a-kvasnevskiy-men-halqara-forumni-avropada-telukesizlik-ve-isbirlik-teskilatininobse-imayesi-altinda-kecirmek-gayesinin-tarafdarim\/\" \/>\n<meta property=\"og:site_name\" content=\"\u041c\u0435\u0434\u0436\u043b\u0456\u0441\" \/>\n<meta property=\"article:publisher\" content=\"https:\/\/www.facebook.com\/qtmm.info\/\" \/>\n<meta property=\"article:published_time\" content=\"2011-10-05T13:17:00+00:00\" \/>\n<meta property=\"article:modified_time\" content=\"2022-01-19T13:18:42+00:00\" \/>\n<meta name=\"author\" content=\"Developer\" \/>\n<meta name=\"twitter:card\" content=\"summary_large_image\" \/>\n<meta name=\"twitter:label1\" content=\"Written by\" \/>\n\t<meta name=\"twitter:data1\" content=\"Developer\" \/>\n\t<meta name=\"twitter:label2\" content=\"Est. reading time\" \/>\n\t<meta name=\"twitter:data2\" content=\"4 minutes\" \/>\n<script type=\"application\/ld+json\" class=\"yoast-schema-graph\">{\"@context\":\"https:\\\/\\\/schema.org\",\"@graph\":[{\"@type\":\"Article\",\"@id\":\"https:\\\/\\\/qtmm.org\\\/qt\\\/a-kvasnevskiy-men-halqara-forumni-avropada-telukesizlik-ve-isbirlik-teskilatininobse-imayesi-altinda-kecirmek-gayesinin-tarafdarim\\\/#article\",\"isPartOf\":{\"@id\":\"https:\\\/\\\/qtmm.org\\\/qt\\\/a-kvasnevskiy-men-halqara-forumni-avropada-telukesizlik-ve-isbirlik-teskilatininobse-imayesi-altinda-kecirmek-gayesinin-tarafdarim\\\/\"},\"author\":{\"name\":\"Developer\",\"@id\":\"https:\\\/\\\/qtmm.org\\\/qt\\\/#\\\/schema\\\/person\\\/de562469f971dec226ac06e60bbf74a7\"},\"headline\":\"A. Kvasnevskiy: &#8220;Men Halqara forumn\u0131 Avropada Tel\u00fckesizlik ve i\u015fbirlik te\u015fkil\u00e2t\u0131n\u0131\u00f1(\u00d6BSE) imayesi alt\u0131nda ke\u00e7irmek \u011fayesini\u00f1 tarafdar\u0131m&#8221;\",\"datePublished\":\"2011-10-05T13:17:00+00:00\",\"dateModified\":\"2022-01-19T13:18:42+00:00\",\"mainEntityOfPage\":{\"@id\":\"https:\\\/\\\/qtmm.org\\\/qt\\\/a-kvasnevskiy-men-halqara-forumni-avropada-telukesizlik-ve-isbirlik-teskilatininobse-imayesi-altinda-kecirmek-gayesinin-tarafdarim\\\/\"},\"wordCount\":849,\"commentCount\":0,\"publisher\":{\"@id\":\"https:\\\/\\\/qtmm.org\\\/qt\\\/#organization\"},\"articleSection\":[\"Haberler\"],\"inLanguage\":\"qt\",\"potentialAction\":[{\"@type\":\"CommentAction\",\"name\":\"Comment\",\"target\":[\"https:\\\/\\\/qtmm.org\\\/qt\\\/a-kvasnevskiy-men-halqara-forumni-avropada-telukesizlik-ve-isbirlik-teskilatininobse-imayesi-altinda-kecirmek-gayesinin-tarafdarim\\\/#respond\"]}]},{\"@type\":\"WebPage\",\"@id\":\"https:\\\/\\\/qtmm.org\\\/qt\\\/a-kvasnevskiy-men-halqara-forumni-avropada-telukesizlik-ve-isbirlik-teskilatininobse-imayesi-altinda-kecirmek-gayesinin-tarafdarim\\\/\",\"url\":\"https:\\\/\\\/qtmm.org\\\/qt\\\/a-kvasnevskiy-men-halqara-forumni-avropada-telukesizlik-ve-isbirlik-teskilatininobse-imayesi-altinda-kecirmek-gayesinin-tarafdarim\\\/\",\"name\":\"A. Kvasnevskiy: \\\"Men Halqara forumn\u0131 Avropada Tel\u00fckesizlik ve i\u015fbirlik te\u015fkil\u00e2t\u0131n\u0131\u00f1(\u00d6BSE) imayesi alt\u0131nda ke\u00e7irmek \u011fayesini\u00f1 tarafdar\u0131m\\\" - \u041c\u0435\u0434\u0436\u043b\u0456\u0441\",\"isPartOf\":{\"@id\":\"https:\\\/\\\/qtmm.org\\\/qt\\\/#website\"},\"datePublished\":\"2011-10-05T13:17:00+00:00\",\"dateModified\":\"2022-01-19T13:18:42+00:00\",\"breadcrumb\":{\"@id\":\"https:\\\/\\\/qtmm.org\\\/qt\\\/a-kvasnevskiy-men-halqara-forumni-avropada-telukesizlik-ve-isbirlik-teskilatininobse-imayesi-altinda-kecirmek-gayesinin-tarafdarim\\\/#breadcrumb\"},\"inLanguage\":\"qt\",\"potentialAction\":[{\"@type\":\"ReadAction\",\"target\":[\"https:\\\/\\\/qtmm.org\\\/qt\\\/a-kvasnevskiy-men-halqara-forumni-avropada-telukesizlik-ve-isbirlik-teskilatininobse-imayesi-altinda-kecirmek-gayesinin-tarafdarim\\\/\"]}]},{\"@type\":\"BreadcrumbList\",\"@id\":\"https:\\\/\\\/qtmm.org\\\/qt\\\/a-kvasnevskiy-men-halqara-forumni-avropada-telukesizlik-ve-isbirlik-teskilatininobse-imayesi-altinda-kecirmek-gayesinin-tarafdarim\\\/#breadcrumb\",\"itemListElement\":[{\"@type\":\"ListItem\",\"position\":1,\"name\":\"\u0413\u043e\u043b\u043e\u0432\u043d\u0430\",\"item\":\"https:\\\/\\\/qtmm.org\\\/qt\\\/\"},{\"@type\":\"ListItem\",\"position\":2,\"name\":\"A. Kvasnevskiy: &#8220;Men Halqara forumn\u0131 Avropada Tel\u00fckesizlik ve i\u015fbirlik te\u015fkil\u00e2t\u0131n\u0131\u00f1(\u00d6BSE) imayesi alt\u0131nda ke\u00e7irmek \u011fayesini\u00f1 tarafdar\u0131m&#8221;\"}]},{\"@type\":\"WebSite\",\"@id\":\"https:\\\/\\\/qtmm.org\\\/qt\\\/#website\",\"url\":\"https:\\\/\\\/qtmm.org\\\/qt\\\/\",\"name\":\"\u041c\u0435\u0434\u0436\u043b\u0456\u0441\",\"description\":\"\",\"publisher\":{\"@id\":\"https:\\\/\\\/qtmm.org\\\/qt\\\/#organization\"},\"potentialAction\":[{\"@type\":\"SearchAction\",\"target\":{\"@type\":\"EntryPoint\",\"urlTemplate\":\"https:\\\/\\\/qtmm.org\\\/qt\\\/?s={search_term_string}\"},\"query-input\":{\"@type\":\"PropertyValueSpecification\",\"valueRequired\":true,\"valueName\":\"search_term_string\"}}],\"inLanguage\":\"qt\"},{\"@type\":\"Organization\",\"@id\":\"https:\\\/\\\/qtmm.org\\\/qt\\\/#organization\",\"name\":\"\u041c\u0435\u0434\u0436\u043b\u0456\u0441\",\"url\":\"https:\\\/\\\/qtmm.org\\\/qt\\\/\",\"logo\":{\"@type\":\"ImageObject\",\"inLanguage\":\"qt\",\"@id\":\"https:\\\/\\\/qtmm.org\\\/qt\\\/#\\\/schema\\\/logo\\\/image\\\/\",\"url\":\"https:\\\/\\\/qtmm.org\\\/wp-content\\\/uploads\\\/2024\\\/12\\\/ua-mejlis-logo-rgb.svg\",\"contentUrl\":\"https:\\\/\\\/qtmm.org\\\/wp-content\\\/uploads\\\/2024\\\/12\\\/ua-mejlis-logo-rgb.svg\",\"caption\":\"\u041c\u0435\u0434\u0436\u043b\u0456\u0441\"},\"image\":{\"@id\":\"https:\\\/\\\/qtmm.org\\\/qt\\\/#\\\/schema\\\/logo\\\/image\\\/\"},\"sameAs\":[\"https:\\\/\\\/www.facebook.com\\\/qtmm.info\\\/\"]},{\"@type\":\"Person\",\"@id\":\"https:\\\/\\\/qtmm.org\\\/qt\\\/#\\\/schema\\\/person\\\/de562469f971dec226ac06e60bbf74a7\",\"name\":\"Developer\",\"image\":{\"@type\":\"ImageObject\",\"inLanguage\":\"qt\",\"@id\":\"https:\\\/\\\/secure.gravatar.com\\\/avatar\\\/392b4cc8fbfeb00b39dfeeab4ee6edded39ffd48e25858637e4765810300227e?s=96&d=mm&r=g\",\"url\":\"https:\\\/\\\/secure.gravatar.com\\\/avatar\\\/392b4cc8fbfeb00b39dfeeab4ee6edded39ffd48e25858637e4765810300227e?s=96&d=mm&r=g\",\"contentUrl\":\"https:\\\/\\\/secure.gravatar.com\\\/avatar\\\/392b4cc8fbfeb00b39dfeeab4ee6edded39ffd48e25858637e4765810300227e?s=96&d=mm&r=g\",\"caption\":\"Developer\"},\"url\":\"https:\\\/\\\/qtmm.org\\\/qt\\\/author\\\/Developer\\\/\"}]}<\/script>\n<!-- \/ Yoast SEO plugin. -->","yoast_head_json":{"title":"A. Kvasnevskiy: \"Men Halqara forumn\u0131 Avropada Tel\u00fckesizlik ve i\u015fbirlik te\u015fkil\u00e2t\u0131n\u0131\u00f1(\u00d6BSE) imayesi alt\u0131nda ke\u00e7irmek \u011fayesini\u00f1 tarafdar\u0131m\" - \u041c\u0435\u0434\u0436\u043b\u0456\u0441","robots":{"index":"index","follow":"follow","max-snippet":"max-snippet:-1","max-image-preview":"max-image-preview:large","max-video-preview":"max-video-preview:-1"},"canonical":"https:\/\/qtmm.org\/qt\/a-kvasnevskiy-men-halqara-forumni-avropada-telukesizlik-ve-isbirlik-teskilatininobse-imayesi-altinda-kecirmek-gayesinin-tarafdarim\/","og_locale":"en_US","og_type":"article","og_title":"A. Kvasnevskiy: \"Men Halqara forumn\u0131 Avropada Tel\u00fckesizlik ve i\u015fbirlik te\u015fkil\u00e2t\u0131n\u0131\u00f1(\u00d6BSE) imayesi alt\u0131nda ke\u00e7irmek \u011fayesini\u00f1 tarafdar\u0131m\" - \u041c\u0435\u0434\u0436\u043b\u0456\u0441","og_description":"Mal\u00fcm ki, 2011 senesi okt\u00e2br 5 k\u00fcn\u00fc Kiyev \u015feerindeki &#8220;HYATT&#8221; \u00f6telini\u00f1 mu\u015favereler salon\u0131nda Q\u0131r\u0131mtatar halq\u0131 Meclisini\u00f1 reberleri el\u00e7iler ve Ukrainada akkreditatsiya etilgen halqara te\u015fkil\u00e2tlarn\u0131\u00f1 vekillerinen k\u00f6r\u00fc\u015ftiler. K\u00f6r\u00fc\u015f\u00fcv i\u015ftirak\u00e7ileri, q\u0131r\u0131mtatar halq\u0131n\u0131\u00f1 bug\u00fcnki vaziyetine dair meselelerni muzakere etmeknen bir s\u0131rada Q\u0131r\u0131mtatar halq\u0131n\u0131\u00f1 \u00f6z Vatan\u0131nda aq-uquqlar\u0131n\u0131 \u011fayr\u0131dan tiklev, on\u0131\u00f1 Ukrainada tel\u00fckesizligini ve inki\u015faf\u0131n\u0131 teminlev meseleleri boyunca halqara forum [&hellip;]","og_url":"https:\/\/qtmm.org\/qt\/a-kvasnevskiy-men-halqara-forumni-avropada-telukesizlik-ve-isbirlik-teskilatininobse-imayesi-altinda-kecirmek-gayesinin-tarafdarim\/","og_site_name":"\u041c\u0435\u0434\u0436\u043b\u0456\u0441","article_publisher":"https:\/\/www.facebook.com\/qtmm.info\/","article_published_time":"2011-10-05T13:17:00+00:00","article_modified_time":"2022-01-19T13:18:42+00:00","author":"Developer","twitter_card":"summary_large_image","twitter_misc":{"Written by":"Developer","Est. reading time":"4 minutes"},"schema":{"@context":"https:\/\/schema.org","@graph":[{"@type":"Article","@id":"https:\/\/qtmm.org\/qt\/a-kvasnevskiy-men-halqara-forumni-avropada-telukesizlik-ve-isbirlik-teskilatininobse-imayesi-altinda-kecirmek-gayesinin-tarafdarim\/#article","isPartOf":{"@id":"https:\/\/qtmm.org\/qt\/a-kvasnevskiy-men-halqara-forumni-avropada-telukesizlik-ve-isbirlik-teskilatininobse-imayesi-altinda-kecirmek-gayesinin-tarafdarim\/"},"author":{"name":"Developer","@id":"https:\/\/qtmm.org\/qt\/#\/schema\/person\/de562469f971dec226ac06e60bbf74a7"},"headline":"A. Kvasnevskiy: &#8220;Men Halqara forumn\u0131 Avropada Tel\u00fckesizlik ve i\u015fbirlik te\u015fkil\u00e2t\u0131n\u0131\u00f1(\u00d6BSE) imayesi alt\u0131nda ke\u00e7irmek \u011fayesini\u00f1 tarafdar\u0131m&#8221;","datePublished":"2011-10-05T13:17:00+00:00","dateModified":"2022-01-19T13:18:42+00:00","mainEntityOfPage":{"@id":"https:\/\/qtmm.org\/qt\/a-kvasnevskiy-men-halqara-forumni-avropada-telukesizlik-ve-isbirlik-teskilatininobse-imayesi-altinda-kecirmek-gayesinin-tarafdarim\/"},"wordCount":849,"commentCount":0,"publisher":{"@id":"https:\/\/qtmm.org\/qt\/#organization"},"articleSection":["Haberler"],"inLanguage":"qt","potentialAction":[{"@type":"CommentAction","name":"Comment","target":["https:\/\/qtmm.org\/qt\/a-kvasnevskiy-men-halqara-forumni-avropada-telukesizlik-ve-isbirlik-teskilatininobse-imayesi-altinda-kecirmek-gayesinin-tarafdarim\/#respond"]}]},{"@type":"WebPage","@id":"https:\/\/qtmm.org\/qt\/a-kvasnevskiy-men-halqara-forumni-avropada-telukesizlik-ve-isbirlik-teskilatininobse-imayesi-altinda-kecirmek-gayesinin-tarafdarim\/","url":"https:\/\/qtmm.org\/qt\/a-kvasnevskiy-men-halqara-forumni-avropada-telukesizlik-ve-isbirlik-teskilatininobse-imayesi-altinda-kecirmek-gayesinin-tarafdarim\/","name":"A. Kvasnevskiy: \"Men Halqara forumn\u0131 Avropada Tel\u00fckesizlik ve i\u015fbirlik te\u015fkil\u00e2t\u0131n\u0131\u00f1(\u00d6BSE) imayesi alt\u0131nda ke\u00e7irmek \u011fayesini\u00f1 tarafdar\u0131m\" - \u041c\u0435\u0434\u0436\u043b\u0456\u0441","isPartOf":{"@id":"https:\/\/qtmm.org\/qt\/#website"},"datePublished":"2011-10-05T13:17:00+00:00","dateModified":"2022-01-19T13:18:42+00:00","breadcrumb":{"@id":"https:\/\/qtmm.org\/qt\/a-kvasnevskiy-men-halqara-forumni-avropada-telukesizlik-ve-isbirlik-teskilatininobse-imayesi-altinda-kecirmek-gayesinin-tarafdarim\/#breadcrumb"},"inLanguage":"qt","potentialAction":[{"@type":"ReadAction","target":["https:\/\/qtmm.org\/qt\/a-kvasnevskiy-men-halqara-forumni-avropada-telukesizlik-ve-isbirlik-teskilatininobse-imayesi-altinda-kecirmek-gayesinin-tarafdarim\/"]}]},{"@type":"BreadcrumbList","@id":"https:\/\/qtmm.org\/qt\/a-kvasnevskiy-men-halqara-forumni-avropada-telukesizlik-ve-isbirlik-teskilatininobse-imayesi-altinda-kecirmek-gayesinin-tarafdarim\/#breadcrumb","itemListElement":[{"@type":"ListItem","position":1,"name":"\u0413\u043e\u043b\u043e\u0432\u043d\u0430","item":"https:\/\/qtmm.org\/qt\/"},{"@type":"ListItem","position":2,"name":"A. Kvasnevskiy: &#8220;Men Halqara forumn\u0131 Avropada Tel\u00fckesizlik ve i\u015fbirlik te\u015fkil\u00e2t\u0131n\u0131\u00f1(\u00d6BSE) imayesi alt\u0131nda ke\u00e7irmek \u011fayesini\u00f1 tarafdar\u0131m&#8221;"}]},{"@type":"WebSite","@id":"https:\/\/qtmm.org\/qt\/#website","url":"https:\/\/qtmm.org\/qt\/","name":"\u041c\u0435\u0434\u0436\u043b\u0456\u0441","description":"","publisher":{"@id":"https:\/\/qtmm.org\/qt\/#organization"},"potentialAction":[{"@type":"SearchAction","target":{"@type":"EntryPoint","urlTemplate":"https:\/\/qtmm.org\/qt\/?s={search_term_string}"},"query-input":{"@type":"PropertyValueSpecification","valueRequired":true,"valueName":"search_term_string"}}],"inLanguage":"qt"},{"@type":"Organization","@id":"https:\/\/qtmm.org\/qt\/#organization","name":"\u041c\u0435\u0434\u0436\u043b\u0456\u0441","url":"https:\/\/qtmm.org\/qt\/","logo":{"@type":"ImageObject","inLanguage":"qt","@id":"https:\/\/qtmm.org\/qt\/#\/schema\/logo\/image\/","url":"https:\/\/qtmm.org\/wp-content\/uploads\/2024\/12\/ua-mejlis-logo-rgb.svg","contentUrl":"https:\/\/qtmm.org\/wp-content\/uploads\/2024\/12\/ua-mejlis-logo-rgb.svg","caption":"\u041c\u0435\u0434\u0436\u043b\u0456\u0441"},"image":{"@id":"https:\/\/qtmm.org\/qt\/#\/schema\/logo\/image\/"},"sameAs":["https:\/\/www.facebook.com\/qtmm.info\/"]},{"@type":"Person","@id":"https:\/\/qtmm.org\/qt\/#\/schema\/person\/de562469f971dec226ac06e60bbf74a7","name":"Developer","image":{"@type":"ImageObject","inLanguage":"qt","@id":"https:\/\/secure.gravatar.com\/avatar\/392b4cc8fbfeb00b39dfeeab4ee6edded39ffd48e25858637e4765810300227e?s=96&d=mm&r=g","url":"https:\/\/secure.gravatar.com\/avatar\/392b4cc8fbfeb00b39dfeeab4ee6edded39ffd48e25858637e4765810300227e?s=96&d=mm&r=g","contentUrl":"https:\/\/secure.gravatar.com\/avatar\/392b4cc8fbfeb00b39dfeeab4ee6edded39ffd48e25858637e4765810300227e?s=96&d=mm&r=g","caption":"Developer"},"url":"https:\/\/qtmm.org\/qt\/author\/Developer\/"}]}},"_links":{"self":[{"href":"https:\/\/qtmm.org\/qt\/wp-json\/wp\/v2\/posts\/26187","targetHints":{"allow":["GET"]}}],"collection":[{"href":"https:\/\/qtmm.org\/qt\/wp-json\/wp\/v2\/posts"}],"about":[{"href":"https:\/\/qtmm.org\/qt\/wp-json\/wp\/v2\/types\/post"}],"author":[{"embeddable":true,"href":"https:\/\/qtmm.org\/qt\/wp-json\/wp\/v2\/users\/1"}],"replies":[{"embeddable":true,"href":"https:\/\/qtmm.org\/qt\/wp-json\/wp\/v2\/comments?post=26187"}],"version-history":[{"count":1,"href":"https:\/\/qtmm.org\/qt\/wp-json\/wp\/v2\/posts\/26187\/revisions"}],"predecessor-version":[{"id":26188,"href":"https:\/\/qtmm.org\/qt\/wp-json\/wp\/v2\/posts\/26187\/revisions\/26188"}],"wp:attachment":[{"href":"https:\/\/qtmm.org\/qt\/wp-json\/wp\/v2\/media?parent=26187"}],"wp:term":[{"taxonomy":"category","embeddable":true,"href":"https:\/\/qtmm.org\/qt\/wp-json\/wp\/v2\/categories?post=26187"},{"taxonomy":"post_tag","embeddable":true,"href":"https:\/\/qtmm.org\/qt\/wp-json\/wp\/v2\/tags?post=26187"}],"curies":[{"name":"wp","href":"https:\/\/api.w.org\/{rel}","templated":true}]}}