




{"id":26163,"date":"2011-10-02T16:13:00","date_gmt":"2011-10-02T13:13:00","guid":{"rendered":"http:\/\/qtmm.org\/?p=26163"},"modified":"2022-01-19T16:16:36","modified_gmt":"2022-01-19T13:16:36","slug":"hos-keldin-cengiz-dagci-qirim-ve-qirimtatar-halqi-ozunin-ulu-evladini-su-sozler-ile-qarsiladi","status":"publish","type":"post","link":"https:\/\/qtmm.org\/qt\/hos-keldin-cengiz-dagci-qirim-ve-qirimtatar-halqi-ozunin-ulu-evladini-su-sozler-ile-qarsiladi\/","title":{"rendered":"\u00abHo\u015f keldi\u00f1, Cengiz Da\u011fc\u0131!\u00bb, Q\u0131r\u0131m ve q\u0131r\u0131mtatar halq\u0131 \u00f6z\u00fcni\u00f1 ulu evl\u00e2d\u0131n\u0131 \u015fu s\u00f6zler ile qar\u015f\u0131lad\u0131"},"content":{"rendered":"\n<p>Sent\u00e2br 22 k\u00fcn\u00fc Londrada vefat etken b\u00fcy\u00fck q\u0131r\u0131mtatar yaz\u0131c\u0131s\u0131 Cengiz Da\u011fc\u0131n\u0131\u00f1 vasiyeti ve Aqmescitte ya\u015fa\u011fan q\u0131z qarda\u015f\u0131 Ay\u015fe han\u0131m, diger soy-aqrabalar\u0131n\u0131\u00f1 ricas\u0131na binaen merhumn\u0131\u00f1 cenaze namaz\u0131 Aqmescitteki Kebir camide okt\u00e2br 2 k\u00fcn\u00fc q\u0131l\u0131nd\u0131.<\/p>\n\n\n\n<p>Bir k\u00fcn evelsi Cengiz Da\u011fc\u0131n\u0131\u00f1 naa\u015f\u0131 &#8220;T\u00fcrk hava yollar\u0131&#8221;n\u0131\u00f1 u\u00e7a\u011f\u0131nda Londradan T\u00fcrkiyege so\u00f1ra Q\u0131r\u0131m\u011fa ketirildi.<\/p>\n\n\n\n<p>D\u00fcnyaca me\u015fur q\u0131r\u0131mtatar romanc\u0131 yaz\u0131c\u0131s\u0131nen vedala\u015fmaq i\u00e7\u00fcn Kebir camige Q\u0131r\u0131mtatar halq\u0131 Meclisini\u00f1 reisi Mustafa Cemilev, B\u00fct\u00fcnd\u00fcnya q\u0131r\u0131mtatarlar kongressini\u00f1 Prezidenti Refat \u00c7ubarov, Ukraina Prezidentini\u00f1 Q\u0131r\u0131mdaki daimiy temsilcisini\u00f1 vazifesini eda etken Viktor Plakida, Q\u0131r\u0131m Nazirler \u015euras\u0131 reisini\u00f1 muavini Georgiy Psarev, Q\u0131r\u0131m Medeniyet naziri Alena Plakida, Meclis azalar\u0131, Q\u0131r\u0131mtatar milliy areketini\u00f1 i\u015ftirak\u00e7ileri, q\u0131r\u0131mtatar yaz\u0131c\u0131lar\u0131, \u00e7oqtan-\u00e7oq q\u0131r\u0131mtatar te\u015fkil\u00e2t, diger memleketlerdeki icadiy birle\u015fmelerni\u00f1 vekilleri ve gen\u00e7ler keldiler.<\/p>\n\n\n\n<p>Cengiz Da\u011fc\u0131n\u0131 so\u00f1ki yoluna oz\u011farmaq i\u00e7\u00fcn T\u00fcrkiye T\u0131\u015fq\u0131 i\u015fler naziri Ahmet Davuto\u011flu reberliginde resmiy delegatsiya keldi. Ayn\u0131 Ahmet Davuto\u011flun\u0131\u00f1 areketleri ve yard\u0131m\u0131 sayesinde Cengiz Da\u011fc\u0131n\u0131\u00f1 Q\u0131r\u0131m\u011fa ketirilmesi ker\u00e7ekle\u015fti. T\u00fcrkiye delegatsiyas\u0131n\u0131\u00f1 erk\u00e2n\u0131nda T\u00fcrkiye Medeniyet naziri Ertu\u011frul G\u00fcnay, T\u00fcrkiyeni\u00f1 Ukrainadaki Vefqulade ve toluvek\u00e2letli el\u00e7isi Ahmet B\u00fclent Meri\u00e7, belli q\u0131r\u0131mtatar tarih\u00e7\u0131s\u0131, Ankaradaki Bilkent universitetini\u00f1 professor\u0131 Haqan Q\u0131r\u0131ml\u0131, Avraasiya Yaz\u0131c\u0131lar birligini\u00f1 reisi Yaqub Deliomero\u011flu, T\u00dcRKSOY ba\u015f direktor\u0131 D\u00fcsen Kasseinov, T\u00fcrkiye czumhuriyeti Nazirler \u015furas\u0131 yan\u0131ndaki TAT ba\u015fqan\u0131 Kemal Yurtna\u00e7, T\u00fcrkiye \u00fck\u00fcmetini\u00f1 vekilleri, T\u00fcrkiye universitetlerini\u00f1 yolba\u015f\u00e7\u0131lar\u0131 ve hadimleri, T\u00fcrkiyedeki q\u0131r\u0131mtatar medeniyet ve yard\u0131mla\u015fma derneklerini\u00f1 reisleri ve bir \u00e7oq resmiy \u015fah\u0131slar bar ediler.<\/p>\n\n\n\n<p>Kebir camide \u00fcyle namaz\u0131ndan so\u00f1 Cengiz Da\u011fc\u0131n\u0131\u00f1 cenaze namaz\u0131 ba\u015fland\u0131. Meclis reisi Mustafa Cemilev T\u00fcrkiye t\u0131\u015f i\u015fleri naziri Ahmet Davuto\u011flu ve Q\u0131r\u0131m musulmanlar\u0131n\u0131\u00f1 m\u00fcftisi haci Emirali Ablayev ile birlikte merhumn\u0131\u00f1 tabut\u0131n\u0131 q\u0131r\u0131mtatar milliy bayra\u011f\u0131nen \u00f6rttiler. Q\u0131r\u0131m musulmanlar\u0131n\u0131\u00f1 m\u00fcftisi haci Emirali Ablayev ve T\u00fcrkiye Diyanet i\u015fleri idaresini\u00f1 ba\u015f\u0131 Mehmet G\u00f6rmez beraberlikte cenaze namaz\u0131n\u0131 q\u0131ld\u0131r\u011fanlar\u0131nda q\u0131r\u0131mtatar, t\u00fcrk, ukrain ve britaniya bayraqlar\u0131 tiklendi.<\/p>\n\n\n\n<p>Q\u0131r\u0131m m\u00fcendislik-pedagogika universitetini\u00f1 studentleri cenazege kelgenlerni\u00f1 episine Cengiz Da\u011fc\u0131n\u0131\u00f1 milliy bayraq \u00fczerinde resimi ol\u011fan k\u00f6k\u00fcs ni\u015fanlar\u0131n\u0131 taqt\u0131lar.<\/p>\n\n\n\n<p>&#8220;Cengiz Da\u011fc\u0131n\u0131\u00f1 ad\u0131 q\u0131r\u0131mtatar ve t\u00fcrk halq\u0131n\u0131\u00f1 b\u00fct\u00fcn nesillerini\u00f1 hat\u0131ras\u0131nda ebediyen qalacaq, &#8211; dedi Meclis reisi Mustafa Cemilev, cenaze namaz\u0131nda \u00e7\u0131q\u0131\u015fta bulunaraq. \u2013 Bizim ulu semetde\u015fimizni\u00f1 \u00e7oqtan-\u00e7oq eserleri sayesinde b\u00fct\u00fcn d\u00fcnya q\u0131r\u0131mtatar halq\u0131n\u0131\u00f1 facias\u0131 \u2013 1944 senesini\u00f1 s\u00fcrg\u00fcnligi aqq\u0131nda bildi. Cengiz Da\u011fc\u0131 ve on\u0131\u00f1 Vatan aqq\u0131nda eserleri tuv\u011fan yurtqa, do\u011f\u011fan yerge so\u00f1suz sevgini\u00f1 parlaq n\u00fcm\u00fcnesidir. Y\u00fcce Rabbimiz Cengiz Da\u011fc\u0131\u011fa uzun \u00f6m\u00fcr ba\u011f\u0131\u015flad\u0131 ve o, \u015fu \u00f6m\u00fcrni\u00f1 b\u00fcy\u00fck bir q\u0131sm\u0131n\u0131 \u00f6z vatan\u0131 Q\u0131r\u0131m\u011fa h\u0131zmetke ba\u011f\u0131\u015flad\u0131&#8221;, &#8211; dep, Mustafa Cemilev merhumn\u0131\u00f1 ruhuna dua oqud\u0131. Meclis reisi T\u00fcrkiye T\u0131\u015fq\u0131 i\u015fler nazirine C. Da\u011fc\u0131n\u0131\u00f1 vasiyetini yerine ketirerek, on\u0131\u00f1 d\u00fcnya\u011fa keldigi k\u00f6y\u00fc Q\u0131z\u0131lta\u015fta defn etilmesini boynuna al\u011fan ve becergeni i\u00e7\u00fcn teren minnetdarl\u0131\u011f\u0131n\u0131 bildirdi.<\/p>\n\n\n\n<figure class=\"wp-block-image size-large\"><img loading=\"lazy\" decoding=\"async\" width=\"1024\" height=\"768\" src=\"http:\/\/qtmm.org\/wp-content\/uploads\/2022\/01\/img_2989_1-1-1024x768.jpeg\" alt=\"\" class=\"wp-image-26168\" srcset=\"https:\/\/qtmm.org\/wp-content\/uploads\/2022\/01\/img_2989_1-1-1024x768.jpeg 1024w, https:\/\/qtmm.org\/wp-content\/uploads\/2022\/01\/img_2989_1-1-300x225.jpeg 300w, https:\/\/qtmm.org\/wp-content\/uploads\/2022\/01\/img_2989_1-1-768x576.jpeg 768w, https:\/\/qtmm.org\/wp-content\/uploads\/2022\/01\/img_2989_1-1-1536x1152.jpeg 1536w, https:\/\/qtmm.org\/wp-content\/uploads\/2022\/01\/img_2989_1-1-2048x1536.jpeg 2048w\" sizes=\"auto, (max-width: 1024px) 100vw, 1024px\" \/><\/figure>\n\n\n\n<p>Q\u0131r\u0131m Nazirler \u015euras\u0131 reisini\u00f1 muavini Georgiy Psarev da q\u0131r\u0131mtatar halq\u0131na taqdirni\u00f1 zulum iradesi ile \u011furbette ya\u015famaq zoruna qal\u011fan, amma b\u00fct\u00fcn \u00f6m\u00fcri boyu \u00f6z halq\u0131 ve yurtuna h\u0131zmet etken ulu yaz\u0131c\u0131s\u0131n\u0131\u00f1 vefat\u0131 munasebetinen teren taziyesini bildirerek, c\u00fcmleden b\u00f6yle dedi: &#8220;Q\u0131r\u0131m ve q\u0131r\u0131mtatarlar, Vatan\u011fa ve ana\u011fa sevgi mevzus\u0131 Cengiz Da\u011fc\u0131 eserlerini\u00f1 episinden ke\u00e7e. Q\u0131r\u0131m\u011fa qaytqan ve daa qaytma\u011fan q\u0131r\u0131mtatarlar\u0131 i\u00e7\u00fcn on\u0131\u00f1 eserleri milliy \u00f6zg\u00fcnlikni qor\u00e7alav yolun\u0131 k\u00f6sterir&#8221;<\/p>\n\n\n\n<p>&#8220;Halqn\u0131\u00f1 ulu evl\u00e2tlar\u0131n\u0131\u00f1 cenazesi \u2013 bu epimiz i\u00e7\u00fcn faciad\u0131r, &#8211; dedi belli q\u0131r\u0131mtatar tarih\u00e7\u0131s\u0131, Ankaradaki Bilkent universitetini\u00f1 professor\u0131 Haqan Q\u0131r\u0131ml\u0131.- Amma bug\u00fcn bu q\u0131r\u0131mtatar ve t\u00fcrk edebiyat\u0131 klassigini\u00f1 Vatan\u011fa qavu\u015fuv k\u00fcn\u00fcdir. Yaz\u0131c\u0131 Da\u011fc\u0131 qayerde ya\u015famas\u0131n, nerede bulunmas\u0131n Q\u0131r\u0131m daima on\u0131\u00f1 qalbinde edi, T\u00fcrkiyeli musafirler, T\u00fcrkiye T\u0131\u015fq\u0131 i\u015fler naziri A. Davuto\u011flu ve Medeniyet naziri E. G\u00fcnay\u011fa ve olarn\u0131\u00f1 y\u00fcz\u00fcnde T\u00fcrkiye Cumhuriyetine Cengiz Da\u011fc\u0131n\u0131 Vatan\u0131na qavu\u015ft\u0131r\u011fan\u0131 i\u00e7\u00fcn b\u00fcy\u00fck te\u015fekk\u00fcrlerini bildirgen professor Hakan Q\u0131r\u0131ml\u0131: &#8220;Alla T\u00fcrkiye ve t\u00fcrk halq\u0131ndan raz\u0131 olsun&#8221;, dep dua etti.<\/p>\n\n\n\n<p>T\u00fcrkiye cumhuriyetini\u00f1 naziri Ertu\u011frul G\u00fcnay Q\u0131r\u0131m bug\u00fcn \u00e7oq y\u0131llar Vatan\u0131, halq\u0131na asretlik i\u00e7inde ya\u015fa\u011fan o\u011flu Cengiz Da\u011fc\u0131n\u0131 qar\u015f\u0131la\u011fan\u0131n\u0131 qayd etip, on\u0131\u00f1 yurtqa ve ana\u011fa sevgisi ibretke l\u00e2y\u0131q ol\u011fan\u0131n\u0131 aytt\u0131.<\/p>\n\n\n\n<figure class=\"wp-block-image size-full\"><img loading=\"lazy\" decoding=\"async\" width=\"650\" height=\"310\" src=\"http:\/\/qtmm.org\/wp-content\/uploads\/2022\/01\/3_7-1.jpeg\" alt=\"\" class=\"wp-image-26172\" srcset=\"https:\/\/qtmm.org\/wp-content\/uploads\/2022\/01\/3_7-1.jpeg 650w, https:\/\/qtmm.org\/wp-content\/uploads\/2022\/01\/3_7-1-300x143.jpeg 300w\" sizes=\"auto, (max-width: 650px) 100vw, 650px\" \/><\/figure>\n\n\n\n<p>T\u00fcrkiye T\u0131\u015fq\u0131 i\u015fler naziri Ahmet Davutoglu T\u00fcrkiye halq\u0131, T\u00fcrkiye Prezidenti ve T\u00fcrkiye \u00fck\u00fcmetini\u00f1 yolba\u015f\u00e7\u0131lar\u0131 ad\u0131ndan Cengiz Da\u011fc\u0131n\u0131\u00f1 soy-aqrabalar\u0131na, bun\u0131\u00f1 kibi de b\u00fct\u00fcn q\u0131r\u0131mtatar halq\u0131na ba\u015f sa\u011fl\u0131\u011f\u0131 tiledi. &#8220;Eserleri bir \u00e7oq nesillerni terbiyelegen qalemi ustas\u0131na \u015fukran bildirmek bizim borcum\u0131zd\u0131r. Cenazede bulunmaq &#8211; bu, Da\u011fc\u0131\u011fa on\u0131\u00f1 edebiyatqa qo\u015fqan issesi i\u00e7\u00fcn bizim minnetdarl\u0131\u011f\u0131m\u0131zd\u0131r&#8221;, &#8211; dedi Davuto\u011flu. T\u00fcrkiye T\u0131\u015fq\u0131 i\u015fler naziri Ahmet Davutoglu Cengiz Da\u011fc\u0131n\u0131\u00f1 vefat\u0131 aqq\u0131nda haberni diger ulu Cingiz \u2013 q\u0131r\u011f\u0131z halq\u0131n\u0131\u00f1 ulu evl\u00e2d\u0131 Cingiz Aytmatovn\u0131\u00f1 tuv\u011fan yurtu Q\u0131r\u011f\u0131zstanda resmiy ziyaretnen bulun\u011fan vaqt\u0131nda ald\u0131. Nazirni\u00f1 aytqan\u0131na k\u00f6re bu eki yaz\u0131c\u0131n\u0131\u00f1 eserleri on\u0131\u00f1 d\u00fcnyabaq\u0131\u015f\u0131n\u0131\u00f1 \u015fekillenmesine b\u00fcy\u00fck tesir etkenler.<\/p>\n\n\n\n<p>Cenaze namaz\u0131ndan so\u00f1 matem tedbirini\u00f1 i\u015ftirak\u00e7ileri yaz\u0131c\u0131n\u0131 Q\u0131z\u0131lta\u015f k\u00f6y\u00fcne oz\u011far\u0131p kettiler. C. Da\u011fc\u0131 Yalta civar\u0131ndaki Q\u0131z\u0131lta\u015f k\u00f6y\u00fcnde topraqqa berildi.<\/p>\n\n\n\n<figure class=\"wp-block-image size-large\"><img loading=\"lazy\" decoding=\"async\" width=\"1024\" height=\"768\" src=\"http:\/\/qtmm.org\/wp-content\/uploads\/2022\/01\/img_3091-1-1024x768.jpeg\" alt=\"\" class=\"wp-image-26176\" srcset=\"https:\/\/qtmm.org\/wp-content\/uploads\/2022\/01\/img_3091-1-1024x768.jpeg 1024w, https:\/\/qtmm.org\/wp-content\/uploads\/2022\/01\/img_3091-1-300x225.jpeg 300w, https:\/\/qtmm.org\/wp-content\/uploads\/2022\/01\/img_3091-1-768x576.jpeg 768w, https:\/\/qtmm.org\/wp-content\/uploads\/2022\/01\/img_3091-1-1536x1152.jpeg 1536w, https:\/\/qtmm.org\/wp-content\/uploads\/2022\/01\/img_3091-1-2048x1536.jpeg 2048w\" sizes=\"auto, (max-width: 1024px) 100vw, 1024px\" \/><\/figure>\n\n\n\n<p>Merhum defn etilgen so\u00f1 Q\u0131r\u0131mtatar halq\u0131 Meclisini\u00f1 reisi Mustafa Cemilev ve T\u00fcrkiye T\u0131\u015fq\u0131 i\u015fler naziri Ahmet Davuto\u011flu Cengiz Da\u011fc\u0131n\u0131\u00f1 q\u0131z qarda\u015f\u0131 \u2013 Ay\u015fe han\u0131m ve yaq\u0131n aqrabalar\u0131na taziye bildirip, ba\u015f sa\u011fl\u0131\u011f\u0131 tilediler.<\/p>\n\n\n\n<p>Ukraina Prezidentini\u00f1 Q\u0131r\u0131mdaki daimiy temsilcisini\u00f1 vazifesini eda etken Viktor Plakida ve Q\u0131r\u0131m Nazirler \u015euras\u0131 reisini\u00f1 muavini Georgiy Psarev yaz\u0131c\u0131n\u0131\u00f1 qabirine \u00e7e\u00e7ek qoyd\u0131lar.<\/p>\n\n\n\n<figure class=\"wp-block-image size-full\"><img loading=\"lazy\" decoding=\"async\" width=\"650\" height=\"429\" src=\"http:\/\/qtmm.org\/wp-content\/uploads\/2022\/01\/4_4-1.jpeg\" alt=\"\" class=\"wp-image-26180\" srcset=\"https:\/\/qtmm.org\/wp-content\/uploads\/2022\/01\/4_4-1.jpeg 650w, https:\/\/qtmm.org\/wp-content\/uploads\/2022\/01\/4_4-1-300x198.jpeg 300w\" sizes=\"auto, (max-width: 650px) 100vw, 650px\" \/><\/figure>\n","protected":false},"excerpt":{"rendered":"<p>Sent\u00e2br 22 k\u00fcn\u00fc Londrada vefat etken b\u00fcy\u00fck q\u0131r\u0131mtatar yaz\u0131c\u0131s\u0131 Cengiz Da\u011fc\u0131n\u0131\u00f1 vasiyeti ve Aqmescitte ya\u015fa\u011fan q\u0131z qarda\u015f\u0131 Ay\u015fe han\u0131m, diger soy-aqrabalar\u0131n\u0131\u00f1 ricas\u0131na binaen merhumn\u0131\u00f1 cenaze namaz\u0131 Aqmescitteki Kebir camide okt\u00e2br 2 k\u00fcn\u00fc q\u0131l\u0131nd\u0131. Bir k\u00fcn evelsi Cengiz Da\u011fc\u0131n\u0131\u00f1 naa\u015f\u0131 &#8220;T\u00fcrk hava yollar\u0131&#8221;n\u0131\u00f1 u\u00e7a\u011f\u0131nda Londradan T\u00fcrkiyege so\u00f1ra Q\u0131r\u0131m\u011fa ketirildi. D\u00fcnyaca me\u015fur q\u0131r\u0131mtatar romanc\u0131 yaz\u0131c\u0131s\u0131nen vedala\u015fmaq i\u00e7\u00fcn [&hellip;]<\/p>\n","protected":false},"author":1,"featured_media":26164,"comment_status":"open","ping_status":"open","sticky":false,"template":"","format":"standard","meta":{"inline_featured_image":false,"footnotes":""},"categories":[265],"tags":[],"class_list":["post-26163","post","type-post","status-publish","format-standard","has-post-thumbnail","hentry","category-haberler"],"acf":[],"yoast_head":"<!-- This site is optimized with the Yoast SEO plugin v27.4 - https:\/\/yoast.com\/product\/yoast-seo-wordpress\/ -->\n<title>\u00abHo\u015f keldi\u00f1, Cengiz Da\u011fc\u0131!\u00bb, Q\u0131r\u0131m ve q\u0131r\u0131mtatar halq\u0131 \u00f6z\u00fcni\u00f1 ulu evl\u00e2d\u0131n\u0131 \u015fu s\u00f6zler ile qar\u015f\u0131lad\u0131 - \u041c\u0435\u0434\u0436\u043b\u0456\u0441<\/title>\n<meta name=\"robots\" content=\"index, follow, max-snippet:-1, max-image-preview:large, max-video-preview:-1\" \/>\n<link rel=\"canonical\" href=\"https:\/\/qtmm.org\/qt\/hos-keldin-cengiz-dagci-qirim-ve-qirimtatar-halqi-ozunin-ulu-evladini-su-sozler-ile-qarsiladi\/\" \/>\n<meta property=\"og:locale\" content=\"en_US\" \/>\n<meta property=\"og:type\" content=\"article\" \/>\n<meta property=\"og:title\" content=\"\u00abHo\u015f keldi\u00f1, Cengiz Da\u011fc\u0131!\u00bb, Q\u0131r\u0131m ve q\u0131r\u0131mtatar halq\u0131 \u00f6z\u00fcni\u00f1 ulu evl\u00e2d\u0131n\u0131 \u015fu s\u00f6zler ile qar\u015f\u0131lad\u0131 - \u041c\u0435\u0434\u0436\u043b\u0456\u0441\" \/>\n<meta property=\"og:description\" content=\"Sent\u00e2br 22 k\u00fcn\u00fc Londrada vefat etken b\u00fcy\u00fck q\u0131r\u0131mtatar yaz\u0131c\u0131s\u0131 Cengiz Da\u011fc\u0131n\u0131\u00f1 vasiyeti ve Aqmescitte ya\u015fa\u011fan q\u0131z qarda\u015f\u0131 Ay\u015fe han\u0131m, diger soy-aqrabalar\u0131n\u0131\u00f1 ricas\u0131na binaen merhumn\u0131\u00f1 cenaze namaz\u0131 Aqmescitteki Kebir camide okt\u00e2br 2 k\u00fcn\u00fc q\u0131l\u0131nd\u0131. Bir k\u00fcn evelsi Cengiz Da\u011fc\u0131n\u0131\u00f1 naa\u015f\u0131 &#8220;T\u00fcrk hava yollar\u0131&#8221;n\u0131\u00f1 u\u00e7a\u011f\u0131nda Londradan T\u00fcrkiyege so\u00f1ra Q\u0131r\u0131m\u011fa ketirildi. D\u00fcnyaca me\u015fur q\u0131r\u0131mtatar romanc\u0131 yaz\u0131c\u0131s\u0131nen vedala\u015fmaq i\u00e7\u00fcn [&hellip;]\" \/>\n<meta property=\"og:url\" content=\"https:\/\/qtmm.org\/qt\/hos-keldin-cengiz-dagci-qirim-ve-qirimtatar-halqi-ozunin-ulu-evladini-su-sozler-ile-qarsiladi\/\" \/>\n<meta property=\"og:site_name\" content=\"\u041c\u0435\u0434\u0436\u043b\u0456\u0441\" \/>\n<meta property=\"article:publisher\" content=\"https:\/\/www.facebook.com\/qtmm.info\/\" \/>\n<meta property=\"article:published_time\" content=\"2011-10-02T13:13:00+00:00\" \/>\n<meta property=\"article:modified_time\" content=\"2022-01-19T13:16:36+00:00\" \/>\n<meta property=\"og:image\" content=\"https:\/\/qtmm.org\/wp-content\/uploads\/2022\/01\/img_3016_1-1-scaled.jpeg\" \/>\n\t<meta property=\"og:image:width\" content=\"2560\" \/>\n\t<meta property=\"og:image:height\" content=\"1920\" \/>\n\t<meta property=\"og:image:type\" content=\"image\/jpeg\" \/>\n<meta name=\"author\" content=\"Developer\" \/>\n<meta name=\"twitter:card\" content=\"summary_large_image\" \/>\n<meta name=\"twitter:label1\" content=\"Written by\" \/>\n\t<meta name=\"twitter:data1\" content=\"Developer\" \/>\n\t<meta name=\"twitter:label2\" content=\"Est. reading time\" \/>\n\t<meta name=\"twitter:data2\" content=\"6 minutes\" \/>\n<script type=\"application\/ld+json\" class=\"yoast-schema-graph\">{\"@context\":\"https:\\\/\\\/schema.org\",\"@graph\":[{\"@type\":\"Article\",\"@id\":\"https:\\\/\\\/qtmm.org\\\/qt\\\/hos-keldin-cengiz-dagci-qirim-ve-qirimtatar-halqi-ozunin-ulu-evladini-su-sozler-ile-qarsiladi\\\/#article\",\"isPartOf\":{\"@id\":\"https:\\\/\\\/qtmm.org\\\/qt\\\/hos-keldin-cengiz-dagci-qirim-ve-qirimtatar-halqi-ozunin-ulu-evladini-su-sozler-ile-qarsiladi\\\/\"},\"author\":{\"name\":\"Developer\",\"@id\":\"https:\\\/\\\/qtmm.org\\\/qt\\\/#\\\/schema\\\/person\\\/de562469f971dec226ac06e60bbf74a7\"},\"headline\":\"\u00abHo\u015f keldi\u00f1, Cengiz Da\u011fc\u0131!\u00bb, Q\u0131r\u0131m ve q\u0131r\u0131mtatar halq\u0131 \u00f6z\u00fcni\u00f1 ulu evl\u00e2d\u0131n\u0131 \u015fu s\u00f6zler ile qar\u015f\u0131lad\u0131\",\"datePublished\":\"2011-10-02T13:13:00+00:00\",\"dateModified\":\"2022-01-19T13:16:36+00:00\",\"mainEntityOfPage\":{\"@id\":\"https:\\\/\\\/qtmm.org\\\/qt\\\/hos-keldin-cengiz-dagci-qirim-ve-qirimtatar-halqi-ozunin-ulu-evladini-su-sozler-ile-qarsiladi\\\/\"},\"wordCount\":1171,\"commentCount\":0,\"publisher\":{\"@id\":\"https:\\\/\\\/qtmm.org\\\/qt\\\/#organization\"},\"image\":{\"@id\":\"https:\\\/\\\/qtmm.org\\\/qt\\\/hos-keldin-cengiz-dagci-qirim-ve-qirimtatar-halqi-ozunin-ulu-evladini-su-sozler-ile-qarsiladi\\\/#primaryimage\"},\"thumbnailUrl\":\"https:\\\/\\\/qtmm.org\\\/wp-content\\\/uploads\\\/2022\\\/01\\\/img_3016_1-1-scaled.jpeg\",\"articleSection\":[\"Haberler\"],\"inLanguage\":\"qt\",\"potentialAction\":[{\"@type\":\"CommentAction\",\"name\":\"Comment\",\"target\":[\"https:\\\/\\\/qtmm.org\\\/qt\\\/hos-keldin-cengiz-dagci-qirim-ve-qirimtatar-halqi-ozunin-ulu-evladini-su-sozler-ile-qarsiladi\\\/#respond\"]}]},{\"@type\":\"WebPage\",\"@id\":\"https:\\\/\\\/qtmm.org\\\/qt\\\/hos-keldin-cengiz-dagci-qirim-ve-qirimtatar-halqi-ozunin-ulu-evladini-su-sozler-ile-qarsiladi\\\/\",\"url\":\"https:\\\/\\\/qtmm.org\\\/qt\\\/hos-keldin-cengiz-dagci-qirim-ve-qirimtatar-halqi-ozunin-ulu-evladini-su-sozler-ile-qarsiladi\\\/\",\"name\":\"\u00abHo\u015f keldi\u00f1, Cengiz Da\u011fc\u0131!\u00bb, Q\u0131r\u0131m ve q\u0131r\u0131mtatar halq\u0131 \u00f6z\u00fcni\u00f1 ulu evl\u00e2d\u0131n\u0131 \u015fu s\u00f6zler ile qar\u015f\u0131lad\u0131 - \u041c\u0435\u0434\u0436\u043b\u0456\u0441\",\"isPartOf\":{\"@id\":\"https:\\\/\\\/qtmm.org\\\/qt\\\/#website\"},\"primaryImageOfPage\":{\"@id\":\"https:\\\/\\\/qtmm.org\\\/qt\\\/hos-keldin-cengiz-dagci-qirim-ve-qirimtatar-halqi-ozunin-ulu-evladini-su-sozler-ile-qarsiladi\\\/#primaryimage\"},\"image\":{\"@id\":\"https:\\\/\\\/qtmm.org\\\/qt\\\/hos-keldin-cengiz-dagci-qirim-ve-qirimtatar-halqi-ozunin-ulu-evladini-su-sozler-ile-qarsiladi\\\/#primaryimage\"},\"thumbnailUrl\":\"https:\\\/\\\/qtmm.org\\\/wp-content\\\/uploads\\\/2022\\\/01\\\/img_3016_1-1-scaled.jpeg\",\"datePublished\":\"2011-10-02T13:13:00+00:00\",\"dateModified\":\"2022-01-19T13:16:36+00:00\",\"breadcrumb\":{\"@id\":\"https:\\\/\\\/qtmm.org\\\/qt\\\/hos-keldin-cengiz-dagci-qirim-ve-qirimtatar-halqi-ozunin-ulu-evladini-su-sozler-ile-qarsiladi\\\/#breadcrumb\"},\"inLanguage\":\"qt\",\"potentialAction\":[{\"@type\":\"ReadAction\",\"target\":[\"https:\\\/\\\/qtmm.org\\\/qt\\\/hos-keldin-cengiz-dagci-qirim-ve-qirimtatar-halqi-ozunin-ulu-evladini-su-sozler-ile-qarsiladi\\\/\"]}]},{\"@type\":\"ImageObject\",\"inLanguage\":\"qt\",\"@id\":\"https:\\\/\\\/qtmm.org\\\/qt\\\/hos-keldin-cengiz-dagci-qirim-ve-qirimtatar-halqi-ozunin-ulu-evladini-su-sozler-ile-qarsiladi\\\/#primaryimage\",\"url\":\"https:\\\/\\\/qtmm.org\\\/wp-content\\\/uploads\\\/2022\\\/01\\\/img_3016_1-1-scaled.jpeg\",\"contentUrl\":\"https:\\\/\\\/qtmm.org\\\/wp-content\\\/uploads\\\/2022\\\/01\\\/img_3016_1-1-scaled.jpeg\",\"width\":2560,\"height\":1920},{\"@type\":\"BreadcrumbList\",\"@id\":\"https:\\\/\\\/qtmm.org\\\/qt\\\/hos-keldin-cengiz-dagci-qirim-ve-qirimtatar-halqi-ozunin-ulu-evladini-su-sozler-ile-qarsiladi\\\/#breadcrumb\",\"itemListElement\":[{\"@type\":\"ListItem\",\"position\":1,\"name\":\"\u0413\u043e\u043b\u043e\u0432\u043d\u0430\",\"item\":\"https:\\\/\\\/qtmm.org\\\/qt\\\/\"},{\"@type\":\"ListItem\",\"position\":2,\"name\":\"\u00abHo\u015f keldi\u00f1, Cengiz Da\u011fc\u0131!\u00bb, Q\u0131r\u0131m ve q\u0131r\u0131mtatar halq\u0131 \u00f6z\u00fcni\u00f1 ulu evl\u00e2d\u0131n\u0131 \u015fu s\u00f6zler ile qar\u015f\u0131lad\u0131\"}]},{\"@type\":\"WebSite\",\"@id\":\"https:\\\/\\\/qtmm.org\\\/qt\\\/#website\",\"url\":\"https:\\\/\\\/qtmm.org\\\/qt\\\/\",\"name\":\"\u041c\u0435\u0434\u0436\u043b\u0456\u0441\",\"description\":\"\",\"publisher\":{\"@id\":\"https:\\\/\\\/qtmm.org\\\/qt\\\/#organization\"},\"potentialAction\":[{\"@type\":\"SearchAction\",\"target\":{\"@type\":\"EntryPoint\",\"urlTemplate\":\"https:\\\/\\\/qtmm.org\\\/qt\\\/?s={search_term_string}\"},\"query-input\":{\"@type\":\"PropertyValueSpecification\",\"valueRequired\":true,\"valueName\":\"search_term_string\"}}],\"inLanguage\":\"qt\"},{\"@type\":\"Organization\",\"@id\":\"https:\\\/\\\/qtmm.org\\\/qt\\\/#organization\",\"name\":\"\u041c\u0435\u0434\u0436\u043b\u0456\u0441\",\"url\":\"https:\\\/\\\/qtmm.org\\\/qt\\\/\",\"logo\":{\"@type\":\"ImageObject\",\"inLanguage\":\"qt\",\"@id\":\"https:\\\/\\\/qtmm.org\\\/qt\\\/#\\\/schema\\\/logo\\\/image\\\/\",\"url\":\"https:\\\/\\\/qtmm.org\\\/wp-content\\\/uploads\\\/2024\\\/12\\\/ua-mejlis-logo-rgb.svg\",\"contentUrl\":\"https:\\\/\\\/qtmm.org\\\/wp-content\\\/uploads\\\/2024\\\/12\\\/ua-mejlis-logo-rgb.svg\",\"caption\":\"\u041c\u0435\u0434\u0436\u043b\u0456\u0441\"},\"image\":{\"@id\":\"https:\\\/\\\/qtmm.org\\\/qt\\\/#\\\/schema\\\/logo\\\/image\\\/\"},\"sameAs\":[\"https:\\\/\\\/www.facebook.com\\\/qtmm.info\\\/\"]},{\"@type\":\"Person\",\"@id\":\"https:\\\/\\\/qtmm.org\\\/qt\\\/#\\\/schema\\\/person\\\/de562469f971dec226ac06e60bbf74a7\",\"name\":\"Developer\",\"image\":{\"@type\":\"ImageObject\",\"inLanguage\":\"qt\",\"@id\":\"https:\\\/\\\/secure.gravatar.com\\\/avatar\\\/392b4cc8fbfeb00b39dfeeab4ee6edded39ffd48e25858637e4765810300227e?s=96&d=mm&r=g\",\"url\":\"https:\\\/\\\/secure.gravatar.com\\\/avatar\\\/392b4cc8fbfeb00b39dfeeab4ee6edded39ffd48e25858637e4765810300227e?s=96&d=mm&r=g\",\"contentUrl\":\"https:\\\/\\\/secure.gravatar.com\\\/avatar\\\/392b4cc8fbfeb00b39dfeeab4ee6edded39ffd48e25858637e4765810300227e?s=96&d=mm&r=g\",\"caption\":\"Developer\"},\"url\":\"https:\\\/\\\/qtmm.org\\\/qt\\\/author\\\/Developer\\\/\"}]}<\/script>\n<!-- \/ Yoast SEO plugin. -->","yoast_head_json":{"title":"\u00abHo\u015f keldi\u00f1, Cengiz Da\u011fc\u0131!\u00bb, Q\u0131r\u0131m ve q\u0131r\u0131mtatar halq\u0131 \u00f6z\u00fcni\u00f1 ulu evl\u00e2d\u0131n\u0131 \u015fu s\u00f6zler ile qar\u015f\u0131lad\u0131 - \u041c\u0435\u0434\u0436\u043b\u0456\u0441","robots":{"index":"index","follow":"follow","max-snippet":"max-snippet:-1","max-image-preview":"max-image-preview:large","max-video-preview":"max-video-preview:-1"},"canonical":"https:\/\/qtmm.org\/qt\/hos-keldin-cengiz-dagci-qirim-ve-qirimtatar-halqi-ozunin-ulu-evladini-su-sozler-ile-qarsiladi\/","og_locale":"en_US","og_type":"article","og_title":"\u00abHo\u015f keldi\u00f1, Cengiz Da\u011fc\u0131!\u00bb, Q\u0131r\u0131m ve q\u0131r\u0131mtatar halq\u0131 \u00f6z\u00fcni\u00f1 ulu evl\u00e2d\u0131n\u0131 \u015fu s\u00f6zler ile qar\u015f\u0131lad\u0131 - \u041c\u0435\u0434\u0436\u043b\u0456\u0441","og_description":"Sent\u00e2br 22 k\u00fcn\u00fc Londrada vefat etken b\u00fcy\u00fck q\u0131r\u0131mtatar yaz\u0131c\u0131s\u0131 Cengiz Da\u011fc\u0131n\u0131\u00f1 vasiyeti ve Aqmescitte ya\u015fa\u011fan q\u0131z qarda\u015f\u0131 Ay\u015fe han\u0131m, diger soy-aqrabalar\u0131n\u0131\u00f1 ricas\u0131na binaen merhumn\u0131\u00f1 cenaze namaz\u0131 Aqmescitteki Kebir camide okt\u00e2br 2 k\u00fcn\u00fc q\u0131l\u0131nd\u0131. Bir k\u00fcn evelsi Cengiz Da\u011fc\u0131n\u0131\u00f1 naa\u015f\u0131 &#8220;T\u00fcrk hava yollar\u0131&#8221;n\u0131\u00f1 u\u00e7a\u011f\u0131nda Londradan T\u00fcrkiyege so\u00f1ra Q\u0131r\u0131m\u011fa ketirildi. D\u00fcnyaca me\u015fur q\u0131r\u0131mtatar romanc\u0131 yaz\u0131c\u0131s\u0131nen vedala\u015fmaq i\u00e7\u00fcn [&hellip;]","og_url":"https:\/\/qtmm.org\/qt\/hos-keldin-cengiz-dagci-qirim-ve-qirimtatar-halqi-ozunin-ulu-evladini-su-sozler-ile-qarsiladi\/","og_site_name":"\u041c\u0435\u0434\u0436\u043b\u0456\u0441","article_publisher":"https:\/\/www.facebook.com\/qtmm.info\/","article_published_time":"2011-10-02T13:13:00+00:00","article_modified_time":"2022-01-19T13:16:36+00:00","og_image":[{"width":2560,"height":1920,"url":"https:\/\/qtmm.org\/wp-content\/uploads\/2022\/01\/img_3016_1-1-scaled.jpeg","type":"image\/jpeg"}],"author":"Developer","twitter_card":"summary_large_image","twitter_misc":{"Written by":"Developer","Est. reading time":"6 minutes"},"schema":{"@context":"https:\/\/schema.org","@graph":[{"@type":"Article","@id":"https:\/\/qtmm.org\/qt\/hos-keldin-cengiz-dagci-qirim-ve-qirimtatar-halqi-ozunin-ulu-evladini-su-sozler-ile-qarsiladi\/#article","isPartOf":{"@id":"https:\/\/qtmm.org\/qt\/hos-keldin-cengiz-dagci-qirim-ve-qirimtatar-halqi-ozunin-ulu-evladini-su-sozler-ile-qarsiladi\/"},"author":{"name":"Developer","@id":"https:\/\/qtmm.org\/qt\/#\/schema\/person\/de562469f971dec226ac06e60bbf74a7"},"headline":"\u00abHo\u015f keldi\u00f1, Cengiz Da\u011fc\u0131!\u00bb, Q\u0131r\u0131m ve q\u0131r\u0131mtatar halq\u0131 \u00f6z\u00fcni\u00f1 ulu evl\u00e2d\u0131n\u0131 \u015fu s\u00f6zler ile qar\u015f\u0131lad\u0131","datePublished":"2011-10-02T13:13:00+00:00","dateModified":"2022-01-19T13:16:36+00:00","mainEntityOfPage":{"@id":"https:\/\/qtmm.org\/qt\/hos-keldin-cengiz-dagci-qirim-ve-qirimtatar-halqi-ozunin-ulu-evladini-su-sozler-ile-qarsiladi\/"},"wordCount":1171,"commentCount":0,"publisher":{"@id":"https:\/\/qtmm.org\/qt\/#organization"},"image":{"@id":"https:\/\/qtmm.org\/qt\/hos-keldin-cengiz-dagci-qirim-ve-qirimtatar-halqi-ozunin-ulu-evladini-su-sozler-ile-qarsiladi\/#primaryimage"},"thumbnailUrl":"https:\/\/qtmm.org\/wp-content\/uploads\/2022\/01\/img_3016_1-1-scaled.jpeg","articleSection":["Haberler"],"inLanguage":"qt","potentialAction":[{"@type":"CommentAction","name":"Comment","target":["https:\/\/qtmm.org\/qt\/hos-keldin-cengiz-dagci-qirim-ve-qirimtatar-halqi-ozunin-ulu-evladini-su-sozler-ile-qarsiladi\/#respond"]}]},{"@type":"WebPage","@id":"https:\/\/qtmm.org\/qt\/hos-keldin-cengiz-dagci-qirim-ve-qirimtatar-halqi-ozunin-ulu-evladini-su-sozler-ile-qarsiladi\/","url":"https:\/\/qtmm.org\/qt\/hos-keldin-cengiz-dagci-qirim-ve-qirimtatar-halqi-ozunin-ulu-evladini-su-sozler-ile-qarsiladi\/","name":"\u00abHo\u015f keldi\u00f1, Cengiz Da\u011fc\u0131!\u00bb, Q\u0131r\u0131m ve q\u0131r\u0131mtatar halq\u0131 \u00f6z\u00fcni\u00f1 ulu evl\u00e2d\u0131n\u0131 \u015fu s\u00f6zler ile qar\u015f\u0131lad\u0131 - \u041c\u0435\u0434\u0436\u043b\u0456\u0441","isPartOf":{"@id":"https:\/\/qtmm.org\/qt\/#website"},"primaryImageOfPage":{"@id":"https:\/\/qtmm.org\/qt\/hos-keldin-cengiz-dagci-qirim-ve-qirimtatar-halqi-ozunin-ulu-evladini-su-sozler-ile-qarsiladi\/#primaryimage"},"image":{"@id":"https:\/\/qtmm.org\/qt\/hos-keldin-cengiz-dagci-qirim-ve-qirimtatar-halqi-ozunin-ulu-evladini-su-sozler-ile-qarsiladi\/#primaryimage"},"thumbnailUrl":"https:\/\/qtmm.org\/wp-content\/uploads\/2022\/01\/img_3016_1-1-scaled.jpeg","datePublished":"2011-10-02T13:13:00+00:00","dateModified":"2022-01-19T13:16:36+00:00","breadcrumb":{"@id":"https:\/\/qtmm.org\/qt\/hos-keldin-cengiz-dagci-qirim-ve-qirimtatar-halqi-ozunin-ulu-evladini-su-sozler-ile-qarsiladi\/#breadcrumb"},"inLanguage":"qt","potentialAction":[{"@type":"ReadAction","target":["https:\/\/qtmm.org\/qt\/hos-keldin-cengiz-dagci-qirim-ve-qirimtatar-halqi-ozunin-ulu-evladini-su-sozler-ile-qarsiladi\/"]}]},{"@type":"ImageObject","inLanguage":"qt","@id":"https:\/\/qtmm.org\/qt\/hos-keldin-cengiz-dagci-qirim-ve-qirimtatar-halqi-ozunin-ulu-evladini-su-sozler-ile-qarsiladi\/#primaryimage","url":"https:\/\/qtmm.org\/wp-content\/uploads\/2022\/01\/img_3016_1-1-scaled.jpeg","contentUrl":"https:\/\/qtmm.org\/wp-content\/uploads\/2022\/01\/img_3016_1-1-scaled.jpeg","width":2560,"height":1920},{"@type":"BreadcrumbList","@id":"https:\/\/qtmm.org\/qt\/hos-keldin-cengiz-dagci-qirim-ve-qirimtatar-halqi-ozunin-ulu-evladini-su-sozler-ile-qarsiladi\/#breadcrumb","itemListElement":[{"@type":"ListItem","position":1,"name":"\u0413\u043e\u043b\u043e\u0432\u043d\u0430","item":"https:\/\/qtmm.org\/qt\/"},{"@type":"ListItem","position":2,"name":"\u00abHo\u015f keldi\u00f1, Cengiz Da\u011fc\u0131!\u00bb, Q\u0131r\u0131m ve q\u0131r\u0131mtatar halq\u0131 \u00f6z\u00fcni\u00f1 ulu evl\u00e2d\u0131n\u0131 \u015fu s\u00f6zler ile qar\u015f\u0131lad\u0131"}]},{"@type":"WebSite","@id":"https:\/\/qtmm.org\/qt\/#website","url":"https:\/\/qtmm.org\/qt\/","name":"\u041c\u0435\u0434\u0436\u043b\u0456\u0441","description":"","publisher":{"@id":"https:\/\/qtmm.org\/qt\/#organization"},"potentialAction":[{"@type":"SearchAction","target":{"@type":"EntryPoint","urlTemplate":"https:\/\/qtmm.org\/qt\/?s={search_term_string}"},"query-input":{"@type":"PropertyValueSpecification","valueRequired":true,"valueName":"search_term_string"}}],"inLanguage":"qt"},{"@type":"Organization","@id":"https:\/\/qtmm.org\/qt\/#organization","name":"\u041c\u0435\u0434\u0436\u043b\u0456\u0441","url":"https:\/\/qtmm.org\/qt\/","logo":{"@type":"ImageObject","inLanguage":"qt","@id":"https:\/\/qtmm.org\/qt\/#\/schema\/logo\/image\/","url":"https:\/\/qtmm.org\/wp-content\/uploads\/2024\/12\/ua-mejlis-logo-rgb.svg","contentUrl":"https:\/\/qtmm.org\/wp-content\/uploads\/2024\/12\/ua-mejlis-logo-rgb.svg","caption":"\u041c\u0435\u0434\u0436\u043b\u0456\u0441"},"image":{"@id":"https:\/\/qtmm.org\/qt\/#\/schema\/logo\/image\/"},"sameAs":["https:\/\/www.facebook.com\/qtmm.info\/"]},{"@type":"Person","@id":"https:\/\/qtmm.org\/qt\/#\/schema\/person\/de562469f971dec226ac06e60bbf74a7","name":"Developer","image":{"@type":"ImageObject","inLanguage":"qt","@id":"https:\/\/secure.gravatar.com\/avatar\/392b4cc8fbfeb00b39dfeeab4ee6edded39ffd48e25858637e4765810300227e?s=96&d=mm&r=g","url":"https:\/\/secure.gravatar.com\/avatar\/392b4cc8fbfeb00b39dfeeab4ee6edded39ffd48e25858637e4765810300227e?s=96&d=mm&r=g","contentUrl":"https:\/\/secure.gravatar.com\/avatar\/392b4cc8fbfeb00b39dfeeab4ee6edded39ffd48e25858637e4765810300227e?s=96&d=mm&r=g","caption":"Developer"},"url":"https:\/\/qtmm.org\/qt\/author\/Developer\/"}]}},"_links":{"self":[{"href":"https:\/\/qtmm.org\/qt\/wp-json\/wp\/v2\/posts\/26163","targetHints":{"allow":["GET"]}}],"collection":[{"href":"https:\/\/qtmm.org\/qt\/wp-json\/wp\/v2\/posts"}],"about":[{"href":"https:\/\/qtmm.org\/qt\/wp-json\/wp\/v2\/types\/post"}],"author":[{"embeddable":true,"href":"https:\/\/qtmm.org\/qt\/wp-json\/wp\/v2\/users\/1"}],"replies":[{"embeddable":true,"href":"https:\/\/qtmm.org\/qt\/wp-json\/wp\/v2\/comments?post=26163"}],"version-history":[{"count":1,"href":"https:\/\/qtmm.org\/qt\/wp-json\/wp\/v2\/posts\/26163\/revisions"}],"predecessor-version":[{"id":26184,"href":"https:\/\/qtmm.org\/qt\/wp-json\/wp\/v2\/posts\/26163\/revisions\/26184"}],"wp:featuredmedia":[{"embeddable":true,"href":"https:\/\/qtmm.org\/qt\/wp-json\/wp\/v2\/media\/26164"}],"wp:attachment":[{"href":"https:\/\/qtmm.org\/qt\/wp-json\/wp\/v2\/media?parent=26163"}],"wp:term":[{"taxonomy":"category","embeddable":true,"href":"https:\/\/qtmm.org\/qt\/wp-json\/wp\/v2\/categories?post=26163"},{"taxonomy":"post_tag","embeddable":true,"href":"https:\/\/qtmm.org\/qt\/wp-json\/wp\/v2\/tags?post=26163"}],"curies":[{"name":"wp","href":"https:\/\/api.w.org\/{rel}","templated":true}]}}