




{"id":26149,"date":"2011-09-29T16:11:00","date_gmt":"2011-09-29T13:11:00","guid":{"rendered":"http:\/\/qtmm.org\/?p=26149"},"modified":"2022-01-19T16:13:04","modified_gmt":"2022-01-19T13:13:04","slug":"aqmescitte-cengiz-dagcinin-hatira-aqsami-oldi","status":"publish","type":"post","link":"https:\/\/qtmm.org\/qt\/aqmescitte-cengiz-dagcinin-hatira-aqsami-oldi\/","title":{"rendered":"Aqmescitte Cengiz Da\u011fc\u0131n\u0131\u00f1 hat\u0131ra aq\u015fam\u0131 old\u0131"},"content":{"rendered":"\n<p>2011 senesi sent\u00e2br 28 k\u00fcn\u00fc Akmescitt Q\u0131r\u0131mtatar akademik muz\u0131kal\u0131-drama teatrinde d\u00fcnyaca belli q\u0131r\u0131mtatar romanc\u0131 yaz\u0131c\u0131 Cengiza Da\u011fc\u0131n\u0131\u00f1 hat\u0131ra aq\u015fam\u0131 ke\u00e7irildi. Aq\u015fam devam\u0131nda seyircilernen tolu teatr salon\u0131nda Cengiz Da\u011fc\u0131 aqq\u0131nda vesiqal\u0131 film numay\u0131\u015f etildi. Q\u0131r\u0131m musulmanlar\u0131n\u0131\u00f1 m\u00fcftisi ac\u0131<\/p>\n\n\n\n<p>Emirali Ablayev merhum yaz\u0131c\u0131n\u0131\u00f1 ruhuna dua oqud\u0131. &#8220;Cengiz Da\u011fc\u0131&#8221; vesiqal\u0131 filmni\u00f1 m\u00fcellifi Q\u0131r\u0131mtatar halq\u0131 Meclisini\u00f1 T\u00fcrkiyedeki temsilcisi, belli t\u00fcrk jurnalisti Zafer Qaratay yaz\u0131c\u0131nen nas\u0131l k\u00f6r\u00fc\u015fkeni, \u00e7ekimler keti\u015fat\u0131 ve film qaraman\u0131nen \u015fahsiy subetleri aqq\u0131nda hat\u0131rlavlar\u0131nen payla\u015ft\u0131.<\/p>\n\n\n\n<p>Cengiz Da\u011fc\u0131 aqq\u0131nda ik\u00e2ye eter eken, Zafer Qaratay yaz\u0131c\u0131n\u0131\u00f1 Vatan\u0131 ve \u00f6z halq\u0131na s\u0131\u00f1\u0131rs\u0131z sevgisini ayr\u0131ca qayd etti. Bilhassa, Da\u011fc\u0131 d\u00fcnya\u011fa keldigi k\u00f6y Q\u0131z\u0131lta\u015fqa sad\u0131ql\u0131\u011f\u0131n\u0131 tarif etmege t\u0131r\u0131\u015ft\u0131. &#8220;Cengiz a\u011fan\u0131\u00f1 icad\u0131nen balal\u0131\u011f\u0131mda tan\u0131\u015f old\u0131m, &#8211; ik\u00e2ye etti Qaratay. \u0130lk kere qoluma Da\u011fc\u0131n\u0131\u00f1 kitab\u0131n\u0131 al\u0131p, b\u00fct\u00fcn gece \u00e7\u0131raq yar\u0131\u011f\u0131nda, o zamanda daa elektrik \u0131\u015f\u0131\u011f\u0131 yoq edi, oqup \u00e7\u0131qqand\u0131r\u0131m. Ve m\u0131na balal\u0131qtaki arzum ker\u00e7ekle\u015fip, yaz\u0131c\u0131 ile \u015fahsen tan\u0131\u015f old\u0131m&#8221;.<\/p>\n\n\n\n<p>Filmden so\u00f1 \u00e7\u0131q\u0131\u015fta bulun\u011fan Milliy Meclis reisi Mustafa Cemilev, Cengiz Da\u011fc\u0131n\u0131\u00f1 s\u0131n\u0131fda\u015f\u0131 professor Yakub Bekirov, q\u0131r\u0131mtatar yaz\u0131c\u0131lar birligini\u00f1 reisi Riza Faz\u0131l ve Q\u0131r\u0131mtatar halq\u0131 Meclisi reisini\u00f1 birinci muavini Refat \u00c7ubarov Cengiz Da\u011fc\u0131 aqq\u0131nda 70 y\u0131l Vatandan t\u0131\u015fta ya\u015fap, on\u0131 bir saniye bile unutma\u011fan, ana tilini unutma\u011fan, onda \u00f6z eserlerini yaratqan bu acayip insan aqq\u0131nda samimiy s\u00f6zlerini aytt\u0131lar. Mustafa Cemilevni\u00f1 hat\u0131rla\u011fan\u0131na k\u00f6re, o Cengiz Da\u011fc\u0131n\u0131\u00f1 icad\u0131 aqq\u0131nda 60-nc\u0131 senelerde Moskva kitaphanesinde milliy matbuat\u0131m\u0131zn\u0131\u00f1 arhivinde \u00e7al\u0131\u015fqan vaqt\u0131nda e\u015fitken. L\u00e2kin yaz\u0131c\u0131n\u0131\u00f1 &#8220;Yurtun\u0131 \u011fay\u0131p etken adam&#8221; eserini al\u0131p oqumaq i\u00e7\u00fcn mahsus ruhset kerek ola. Cemilev \u015fun\u0131 da qayd etti ki, kitapn\u0131 al\u011fan so\u00f1 da on\u0131 tek tel\u00fckesizlik organlar\u0131 hadimlerini\u00f1 nezareti alt\u0131nda oqumaq m\u00fcmk\u00fcn ol\u011fan. &#8220;Kitaptan qaydlar yapmaqn\u0131\u00f1 i\u00e7 imk\u00e2n\u0131 yoq edi&#8221;, &#8211; hat\u0131rlad\u0131 Cemilev.<\/p>\n\n\n\n<figure class=\"wp-block-image size-full\"><img loading=\"lazy\" decoding=\"async\" width=\"409\" height=\"487\" src=\"http:\/\/qtmm.org\/wp-content\/uploads\/2022\/01\/img_5029_2-1.jpeg\" alt=\"\" class=\"wp-image-26154\" srcset=\"https:\/\/qtmm.org\/wp-content\/uploads\/2022\/01\/img_5029_2-1.jpeg 409w, https:\/\/qtmm.org\/wp-content\/uploads\/2022\/01\/img_5029_2-1-252x300.jpeg 252w\" sizes=\"auto, (max-width: 409px) 100vw, 409px\" \/><\/figure>\n\n\n\n<p>2005 senesi Meclis reisi ve \u0130stanbul Q\u0131r\u0131mtatar yard\u0131mla\u015fma ve medeniyet dernegini\u00f1 ba\u015f\u0131 Cel\u00e2l \u0130\u00e7ten rametli gazetac\u0131 Kemal \u00c7apraz ile beraber Cengiz Da\u011fc\u0131n\u0131\u00f1 Londradaki evinde musafirlikte old\u0131lar. &#8221; Cengiz a\u011fan\u0131\u00f1 samimiy qar\u015f\u0131lav\u0131 ebediy hat\u0131ramda qalacaq&#8221;, &#8211; dedi M.Cemilev.<\/p>\n\n\n\n<figure class=\"wp-block-image size-full\"><img loading=\"lazy\" decoding=\"async\" width=\"418\" height=\"342\" src=\"http:\/\/qtmm.org\/wp-content\/uploads\/2022\/01\/cengiz_dagci_0-1.jpeg\" alt=\"\" class=\"wp-image-26158\" srcset=\"https:\/\/qtmm.org\/wp-content\/uploads\/2022\/01\/cengiz_dagci_0-1.jpeg 418w, https:\/\/qtmm.org\/wp-content\/uploads\/2022\/01\/cengiz_dagci_0-1-300x245.jpeg 300w\" sizes=\"auto, (max-width: 418px) 100vw, 418px\" \/><\/figure>\n\n\n\n<p>Yaz\u0131c\u0131nen k\u00f6r\u00fc\u015f\u00fcvini hat\u0131rla\u011fan Meclis reisini\u00f1 birinci muavini Refat \u00c7ubarov Cengiz a\u011fa candan sevdigi vatan\u011fa \u00f6yle de qayt\u0131p olama\u011fan\u0131n\u0131 qayd eter eken: &#8220;Cengiz Da\u011fc\u0131n\u0131\u00f1 Vatan\u011fa qavu\u015fmaq so\u00f1ki istegini yerine ketirip, on\u0131 Q\u0131r\u0131mda qar\u015f\u0131laycaqm\u0131z ve ne yaz\u0131q ki, tuv\u011fan Q\u0131z\u0131lta\u015f\u0131nda yerge berip, ebediyen vedala\u015facaqm\u0131z&#8221;, dedi.<\/p>\n\n\n\n<p>Aq\u015famn\u0131\u00f1 so\u00f1unda sana\u011fa \u00e7\u0131qqan Q\u0131r\u0131mtatar qad\u0131nlar birligini\u00f1 reisi Safinar Cemileva filmni\u00f1 m\u00fcellifi Zafer Qaratay ve on\u0131\u00f1 komandas\u0131na te\u015fekk\u00fcrlerini bildirdi.<\/p>\n\n\n\n<p class=\"has-text-align-right\"><strong><em>Meclis matbuat h\u0131zmeti<br>QHA<\/em><\/strong><\/p>\n","protected":false},"excerpt":{"rendered":"<p>2011 senesi sent\u00e2br 28 k\u00fcn\u00fc Akmescitt Q\u0131r\u0131mtatar akademik muz\u0131kal\u0131-drama teatrinde d\u00fcnyaca belli q\u0131r\u0131mtatar romanc\u0131 yaz\u0131c\u0131 Cengiza Da\u011fc\u0131n\u0131\u00f1 hat\u0131ra aq\u015fam\u0131 ke\u00e7irildi. Aq\u015fam devam\u0131nda seyircilernen tolu teatr salon\u0131nda Cengiz Da\u011fc\u0131 aqq\u0131nda vesiqal\u0131 film numay\u0131\u015f etildi. Q\u0131r\u0131m musulmanlar\u0131n\u0131\u00f1 m\u00fcftisi ac\u0131 Emirali Ablayev merhum yaz\u0131c\u0131n\u0131\u00f1 ruhuna dua oqud\u0131. &#8220;Cengiz Da\u011fc\u0131&#8221; vesiqal\u0131 filmni\u00f1 m\u00fcellifi Q\u0131r\u0131mtatar halq\u0131 Meclisini\u00f1 T\u00fcrkiyedeki temsilcisi, belli [&hellip;]<\/p>\n","protected":false},"author":1,"featured_media":26150,"comment_status":"open","ping_status":"open","sticky":false,"template":"","format":"standard","meta":{"inline_featured_image":false,"footnotes":""},"categories":[265],"tags":[],"class_list":["post-26149","post","type-post","status-publish","format-standard","has-post-thumbnail","hentry","category-haberler"],"acf":[],"yoast_head":"<!-- This site is optimized with the Yoast SEO plugin v27.4 - https:\/\/yoast.com\/product\/yoast-seo-wordpress\/ -->\n<title>Aqmescitte Cengiz Da\u011fc\u0131n\u0131\u00f1 hat\u0131ra aq\u015fam\u0131 old\u0131 - \u041c\u0435\u0434\u0436\u043b\u0456\u0441<\/title>\n<meta name=\"robots\" content=\"index, follow, max-snippet:-1, max-image-preview:large, max-video-preview:-1\" \/>\n<link rel=\"canonical\" href=\"https:\/\/qtmm.org\/qt\/aqmescitte-cengiz-dagcinin-hatira-aqsami-oldi\/\" \/>\n<meta property=\"og:locale\" content=\"en_US\" \/>\n<meta property=\"og:type\" content=\"article\" \/>\n<meta property=\"og:title\" content=\"Aqmescitte Cengiz Da\u011fc\u0131n\u0131\u00f1 hat\u0131ra aq\u015fam\u0131 old\u0131 - \u041c\u0435\u0434\u0436\u043b\u0456\u0441\" \/>\n<meta property=\"og:description\" content=\"2011 senesi sent\u00e2br 28 k\u00fcn\u00fc Akmescitt Q\u0131r\u0131mtatar akademik muz\u0131kal\u0131-drama teatrinde d\u00fcnyaca belli q\u0131r\u0131mtatar romanc\u0131 yaz\u0131c\u0131 Cengiza Da\u011fc\u0131n\u0131\u00f1 hat\u0131ra aq\u015fam\u0131 ke\u00e7irildi. Aq\u015fam devam\u0131nda seyircilernen tolu teatr salon\u0131nda Cengiz Da\u011fc\u0131 aqq\u0131nda vesiqal\u0131 film numay\u0131\u015f etildi. Q\u0131r\u0131m musulmanlar\u0131n\u0131\u00f1 m\u00fcftisi ac\u0131 Emirali Ablayev merhum yaz\u0131c\u0131n\u0131\u00f1 ruhuna dua oqud\u0131. &#8220;Cengiz Da\u011fc\u0131&#8221; vesiqal\u0131 filmni\u00f1 m\u00fcellifi Q\u0131r\u0131mtatar halq\u0131 Meclisini\u00f1 T\u00fcrkiyedeki temsilcisi, belli [&hellip;]\" \/>\n<meta property=\"og:url\" content=\"https:\/\/qtmm.org\/qt\/aqmescitte-cengiz-dagcinin-hatira-aqsami-oldi\/\" \/>\n<meta property=\"og:site_name\" content=\"\u041c\u0435\u0434\u0436\u043b\u0456\u0441\" \/>\n<meta property=\"article:publisher\" content=\"https:\/\/www.facebook.com\/qtmm.info\/\" \/>\n<meta property=\"article:published_time\" content=\"2011-09-29T13:11:00+00:00\" \/>\n<meta property=\"article:modified_time\" content=\"2022-01-19T13:13:04+00:00\" \/>\n<meta property=\"og:image\" content=\"https:\/\/qtmm.org\/wp-content\/uploads\/2022\/01\/img_4981-1-scaled.jpeg\" \/>\n\t<meta property=\"og:image:width\" content=\"2560\" \/>\n\t<meta property=\"og:image:height\" content=\"1707\" \/>\n\t<meta property=\"og:image:type\" content=\"image\/jpeg\" \/>\n<meta name=\"author\" content=\"Developer\" \/>\n<meta name=\"twitter:card\" content=\"summary_large_image\" \/>\n<meta name=\"twitter:label1\" content=\"Written by\" \/>\n\t<meta name=\"twitter:data1\" content=\"Developer\" \/>\n\t<meta name=\"twitter:label2\" content=\"Est. reading time\" \/>\n\t<meta name=\"twitter:data2\" content=\"3 minutes\" \/>\n<script type=\"application\/ld+json\" class=\"yoast-schema-graph\">{\"@context\":\"https:\\\/\\\/schema.org\",\"@graph\":[{\"@type\":\"Article\",\"@id\":\"https:\\\/\\\/qtmm.org\\\/qt\\\/aqmescitte-cengiz-dagcinin-hatira-aqsami-oldi\\\/#article\",\"isPartOf\":{\"@id\":\"https:\\\/\\\/qtmm.org\\\/qt\\\/aqmescitte-cengiz-dagcinin-hatira-aqsami-oldi\\\/\"},\"author\":{\"name\":\"Developer\",\"@id\":\"https:\\\/\\\/qtmm.org\\\/qt\\\/#\\\/schema\\\/person\\\/de562469f971dec226ac06e60bbf74a7\"},\"headline\":\"Aqmescitte Cengiz Da\u011fc\u0131n\u0131\u00f1 hat\u0131ra aq\u015fam\u0131 old\u0131\",\"datePublished\":\"2011-09-29T13:11:00+00:00\",\"dateModified\":\"2022-01-19T13:13:04+00:00\",\"mainEntityOfPage\":{\"@id\":\"https:\\\/\\\/qtmm.org\\\/qt\\\/aqmescitte-cengiz-dagcinin-hatira-aqsami-oldi\\\/\"},\"wordCount\":547,\"commentCount\":0,\"publisher\":{\"@id\":\"https:\\\/\\\/qtmm.org\\\/qt\\\/#organization\"},\"image\":{\"@id\":\"https:\\\/\\\/qtmm.org\\\/qt\\\/aqmescitte-cengiz-dagcinin-hatira-aqsami-oldi\\\/#primaryimage\"},\"thumbnailUrl\":\"https:\\\/\\\/qtmm.org\\\/wp-content\\\/uploads\\\/2022\\\/01\\\/img_4981-1-scaled.jpeg\",\"articleSection\":[\"Haberler\"],\"inLanguage\":\"qt\",\"potentialAction\":[{\"@type\":\"CommentAction\",\"name\":\"Comment\",\"target\":[\"https:\\\/\\\/qtmm.org\\\/qt\\\/aqmescitte-cengiz-dagcinin-hatira-aqsami-oldi\\\/#respond\"]}]},{\"@type\":\"WebPage\",\"@id\":\"https:\\\/\\\/qtmm.org\\\/qt\\\/aqmescitte-cengiz-dagcinin-hatira-aqsami-oldi\\\/\",\"url\":\"https:\\\/\\\/qtmm.org\\\/qt\\\/aqmescitte-cengiz-dagcinin-hatira-aqsami-oldi\\\/\",\"name\":\"Aqmescitte Cengiz Da\u011fc\u0131n\u0131\u00f1 hat\u0131ra aq\u015fam\u0131 old\u0131 - \u041c\u0435\u0434\u0436\u043b\u0456\u0441\",\"isPartOf\":{\"@id\":\"https:\\\/\\\/qtmm.org\\\/qt\\\/#website\"},\"primaryImageOfPage\":{\"@id\":\"https:\\\/\\\/qtmm.org\\\/qt\\\/aqmescitte-cengiz-dagcinin-hatira-aqsami-oldi\\\/#primaryimage\"},\"image\":{\"@id\":\"https:\\\/\\\/qtmm.org\\\/qt\\\/aqmescitte-cengiz-dagcinin-hatira-aqsami-oldi\\\/#primaryimage\"},\"thumbnailUrl\":\"https:\\\/\\\/qtmm.org\\\/wp-content\\\/uploads\\\/2022\\\/01\\\/img_4981-1-scaled.jpeg\",\"datePublished\":\"2011-09-29T13:11:00+00:00\",\"dateModified\":\"2022-01-19T13:13:04+00:00\",\"breadcrumb\":{\"@id\":\"https:\\\/\\\/qtmm.org\\\/qt\\\/aqmescitte-cengiz-dagcinin-hatira-aqsami-oldi\\\/#breadcrumb\"},\"inLanguage\":\"qt\",\"potentialAction\":[{\"@type\":\"ReadAction\",\"target\":[\"https:\\\/\\\/qtmm.org\\\/qt\\\/aqmescitte-cengiz-dagcinin-hatira-aqsami-oldi\\\/\"]}]},{\"@type\":\"ImageObject\",\"inLanguage\":\"qt\",\"@id\":\"https:\\\/\\\/qtmm.org\\\/qt\\\/aqmescitte-cengiz-dagcinin-hatira-aqsami-oldi\\\/#primaryimage\",\"url\":\"https:\\\/\\\/qtmm.org\\\/wp-content\\\/uploads\\\/2022\\\/01\\\/img_4981-1-scaled.jpeg\",\"contentUrl\":\"https:\\\/\\\/qtmm.org\\\/wp-content\\\/uploads\\\/2022\\\/01\\\/img_4981-1-scaled.jpeg\",\"width\":2560,\"height\":1707},{\"@type\":\"BreadcrumbList\",\"@id\":\"https:\\\/\\\/qtmm.org\\\/qt\\\/aqmescitte-cengiz-dagcinin-hatira-aqsami-oldi\\\/#breadcrumb\",\"itemListElement\":[{\"@type\":\"ListItem\",\"position\":1,\"name\":\"\u0413\u043e\u043b\u043e\u0432\u043d\u0430\",\"item\":\"https:\\\/\\\/qtmm.org\\\/qt\\\/\"},{\"@type\":\"ListItem\",\"position\":2,\"name\":\"Aqmescitte Cengiz Da\u011fc\u0131n\u0131\u00f1 hat\u0131ra aq\u015fam\u0131 old\u0131\"}]},{\"@type\":\"WebSite\",\"@id\":\"https:\\\/\\\/qtmm.org\\\/qt\\\/#website\",\"url\":\"https:\\\/\\\/qtmm.org\\\/qt\\\/\",\"name\":\"\u041c\u0435\u0434\u0436\u043b\u0456\u0441\",\"description\":\"\",\"publisher\":{\"@id\":\"https:\\\/\\\/qtmm.org\\\/qt\\\/#organization\"},\"potentialAction\":[{\"@type\":\"SearchAction\",\"target\":{\"@type\":\"EntryPoint\",\"urlTemplate\":\"https:\\\/\\\/qtmm.org\\\/qt\\\/?s={search_term_string}\"},\"query-input\":{\"@type\":\"PropertyValueSpecification\",\"valueRequired\":true,\"valueName\":\"search_term_string\"}}],\"inLanguage\":\"qt\"},{\"@type\":\"Organization\",\"@id\":\"https:\\\/\\\/qtmm.org\\\/qt\\\/#organization\",\"name\":\"\u041c\u0435\u0434\u0436\u043b\u0456\u0441\",\"url\":\"https:\\\/\\\/qtmm.org\\\/qt\\\/\",\"logo\":{\"@type\":\"ImageObject\",\"inLanguage\":\"qt\",\"@id\":\"https:\\\/\\\/qtmm.org\\\/qt\\\/#\\\/schema\\\/logo\\\/image\\\/\",\"url\":\"https:\\\/\\\/qtmm.org\\\/wp-content\\\/uploads\\\/2024\\\/12\\\/ua-mejlis-logo-rgb.svg\",\"contentUrl\":\"https:\\\/\\\/qtmm.org\\\/wp-content\\\/uploads\\\/2024\\\/12\\\/ua-mejlis-logo-rgb.svg\",\"caption\":\"\u041c\u0435\u0434\u0436\u043b\u0456\u0441\"},\"image\":{\"@id\":\"https:\\\/\\\/qtmm.org\\\/qt\\\/#\\\/schema\\\/logo\\\/image\\\/\"},\"sameAs\":[\"https:\\\/\\\/www.facebook.com\\\/qtmm.info\\\/\"]},{\"@type\":\"Person\",\"@id\":\"https:\\\/\\\/qtmm.org\\\/qt\\\/#\\\/schema\\\/person\\\/de562469f971dec226ac06e60bbf74a7\",\"name\":\"Developer\",\"image\":{\"@type\":\"ImageObject\",\"inLanguage\":\"qt\",\"@id\":\"https:\\\/\\\/secure.gravatar.com\\\/avatar\\\/392b4cc8fbfeb00b39dfeeab4ee6edded39ffd48e25858637e4765810300227e?s=96&d=mm&r=g\",\"url\":\"https:\\\/\\\/secure.gravatar.com\\\/avatar\\\/392b4cc8fbfeb00b39dfeeab4ee6edded39ffd48e25858637e4765810300227e?s=96&d=mm&r=g\",\"contentUrl\":\"https:\\\/\\\/secure.gravatar.com\\\/avatar\\\/392b4cc8fbfeb00b39dfeeab4ee6edded39ffd48e25858637e4765810300227e?s=96&d=mm&r=g\",\"caption\":\"Developer\"},\"url\":\"https:\\\/\\\/qtmm.org\\\/qt\\\/author\\\/Developer\\\/\"}]}<\/script>\n<!-- \/ Yoast SEO plugin. -->","yoast_head_json":{"title":"Aqmescitte Cengiz Da\u011fc\u0131n\u0131\u00f1 hat\u0131ra aq\u015fam\u0131 old\u0131 - \u041c\u0435\u0434\u0436\u043b\u0456\u0441","robots":{"index":"index","follow":"follow","max-snippet":"max-snippet:-1","max-image-preview":"max-image-preview:large","max-video-preview":"max-video-preview:-1"},"canonical":"https:\/\/qtmm.org\/qt\/aqmescitte-cengiz-dagcinin-hatira-aqsami-oldi\/","og_locale":"en_US","og_type":"article","og_title":"Aqmescitte Cengiz Da\u011fc\u0131n\u0131\u00f1 hat\u0131ra aq\u015fam\u0131 old\u0131 - \u041c\u0435\u0434\u0436\u043b\u0456\u0441","og_description":"2011 senesi sent\u00e2br 28 k\u00fcn\u00fc Akmescitt Q\u0131r\u0131mtatar akademik muz\u0131kal\u0131-drama teatrinde d\u00fcnyaca belli q\u0131r\u0131mtatar romanc\u0131 yaz\u0131c\u0131 Cengiza Da\u011fc\u0131n\u0131\u00f1 hat\u0131ra aq\u015fam\u0131 ke\u00e7irildi. Aq\u015fam devam\u0131nda seyircilernen tolu teatr salon\u0131nda Cengiz Da\u011fc\u0131 aqq\u0131nda vesiqal\u0131 film numay\u0131\u015f etildi. Q\u0131r\u0131m musulmanlar\u0131n\u0131\u00f1 m\u00fcftisi ac\u0131 Emirali Ablayev merhum yaz\u0131c\u0131n\u0131\u00f1 ruhuna dua oqud\u0131. &#8220;Cengiz Da\u011fc\u0131&#8221; vesiqal\u0131 filmni\u00f1 m\u00fcellifi Q\u0131r\u0131mtatar halq\u0131 Meclisini\u00f1 T\u00fcrkiyedeki temsilcisi, belli [&hellip;]","og_url":"https:\/\/qtmm.org\/qt\/aqmescitte-cengiz-dagcinin-hatira-aqsami-oldi\/","og_site_name":"\u041c\u0435\u0434\u0436\u043b\u0456\u0441","article_publisher":"https:\/\/www.facebook.com\/qtmm.info\/","article_published_time":"2011-09-29T13:11:00+00:00","article_modified_time":"2022-01-19T13:13:04+00:00","og_image":[{"width":2560,"height":1707,"url":"https:\/\/qtmm.org\/wp-content\/uploads\/2022\/01\/img_4981-1-scaled.jpeg","type":"image\/jpeg"}],"author":"Developer","twitter_card":"summary_large_image","twitter_misc":{"Written by":"Developer","Est. reading time":"3 minutes"},"schema":{"@context":"https:\/\/schema.org","@graph":[{"@type":"Article","@id":"https:\/\/qtmm.org\/qt\/aqmescitte-cengiz-dagcinin-hatira-aqsami-oldi\/#article","isPartOf":{"@id":"https:\/\/qtmm.org\/qt\/aqmescitte-cengiz-dagcinin-hatira-aqsami-oldi\/"},"author":{"name":"Developer","@id":"https:\/\/qtmm.org\/qt\/#\/schema\/person\/de562469f971dec226ac06e60bbf74a7"},"headline":"Aqmescitte Cengiz Da\u011fc\u0131n\u0131\u00f1 hat\u0131ra aq\u015fam\u0131 old\u0131","datePublished":"2011-09-29T13:11:00+00:00","dateModified":"2022-01-19T13:13:04+00:00","mainEntityOfPage":{"@id":"https:\/\/qtmm.org\/qt\/aqmescitte-cengiz-dagcinin-hatira-aqsami-oldi\/"},"wordCount":547,"commentCount":0,"publisher":{"@id":"https:\/\/qtmm.org\/qt\/#organization"},"image":{"@id":"https:\/\/qtmm.org\/qt\/aqmescitte-cengiz-dagcinin-hatira-aqsami-oldi\/#primaryimage"},"thumbnailUrl":"https:\/\/qtmm.org\/wp-content\/uploads\/2022\/01\/img_4981-1-scaled.jpeg","articleSection":["Haberler"],"inLanguage":"qt","potentialAction":[{"@type":"CommentAction","name":"Comment","target":["https:\/\/qtmm.org\/qt\/aqmescitte-cengiz-dagcinin-hatira-aqsami-oldi\/#respond"]}]},{"@type":"WebPage","@id":"https:\/\/qtmm.org\/qt\/aqmescitte-cengiz-dagcinin-hatira-aqsami-oldi\/","url":"https:\/\/qtmm.org\/qt\/aqmescitte-cengiz-dagcinin-hatira-aqsami-oldi\/","name":"Aqmescitte Cengiz Da\u011fc\u0131n\u0131\u00f1 hat\u0131ra aq\u015fam\u0131 old\u0131 - \u041c\u0435\u0434\u0436\u043b\u0456\u0441","isPartOf":{"@id":"https:\/\/qtmm.org\/qt\/#website"},"primaryImageOfPage":{"@id":"https:\/\/qtmm.org\/qt\/aqmescitte-cengiz-dagcinin-hatira-aqsami-oldi\/#primaryimage"},"image":{"@id":"https:\/\/qtmm.org\/qt\/aqmescitte-cengiz-dagcinin-hatira-aqsami-oldi\/#primaryimage"},"thumbnailUrl":"https:\/\/qtmm.org\/wp-content\/uploads\/2022\/01\/img_4981-1-scaled.jpeg","datePublished":"2011-09-29T13:11:00+00:00","dateModified":"2022-01-19T13:13:04+00:00","breadcrumb":{"@id":"https:\/\/qtmm.org\/qt\/aqmescitte-cengiz-dagcinin-hatira-aqsami-oldi\/#breadcrumb"},"inLanguage":"qt","potentialAction":[{"@type":"ReadAction","target":["https:\/\/qtmm.org\/qt\/aqmescitte-cengiz-dagcinin-hatira-aqsami-oldi\/"]}]},{"@type":"ImageObject","inLanguage":"qt","@id":"https:\/\/qtmm.org\/qt\/aqmescitte-cengiz-dagcinin-hatira-aqsami-oldi\/#primaryimage","url":"https:\/\/qtmm.org\/wp-content\/uploads\/2022\/01\/img_4981-1-scaled.jpeg","contentUrl":"https:\/\/qtmm.org\/wp-content\/uploads\/2022\/01\/img_4981-1-scaled.jpeg","width":2560,"height":1707},{"@type":"BreadcrumbList","@id":"https:\/\/qtmm.org\/qt\/aqmescitte-cengiz-dagcinin-hatira-aqsami-oldi\/#breadcrumb","itemListElement":[{"@type":"ListItem","position":1,"name":"\u0413\u043e\u043b\u043e\u0432\u043d\u0430","item":"https:\/\/qtmm.org\/qt\/"},{"@type":"ListItem","position":2,"name":"Aqmescitte Cengiz Da\u011fc\u0131n\u0131\u00f1 hat\u0131ra aq\u015fam\u0131 old\u0131"}]},{"@type":"WebSite","@id":"https:\/\/qtmm.org\/qt\/#website","url":"https:\/\/qtmm.org\/qt\/","name":"\u041c\u0435\u0434\u0436\u043b\u0456\u0441","description":"","publisher":{"@id":"https:\/\/qtmm.org\/qt\/#organization"},"potentialAction":[{"@type":"SearchAction","target":{"@type":"EntryPoint","urlTemplate":"https:\/\/qtmm.org\/qt\/?s={search_term_string}"},"query-input":{"@type":"PropertyValueSpecification","valueRequired":true,"valueName":"search_term_string"}}],"inLanguage":"qt"},{"@type":"Organization","@id":"https:\/\/qtmm.org\/qt\/#organization","name":"\u041c\u0435\u0434\u0436\u043b\u0456\u0441","url":"https:\/\/qtmm.org\/qt\/","logo":{"@type":"ImageObject","inLanguage":"qt","@id":"https:\/\/qtmm.org\/qt\/#\/schema\/logo\/image\/","url":"https:\/\/qtmm.org\/wp-content\/uploads\/2024\/12\/ua-mejlis-logo-rgb.svg","contentUrl":"https:\/\/qtmm.org\/wp-content\/uploads\/2024\/12\/ua-mejlis-logo-rgb.svg","caption":"\u041c\u0435\u0434\u0436\u043b\u0456\u0441"},"image":{"@id":"https:\/\/qtmm.org\/qt\/#\/schema\/logo\/image\/"},"sameAs":["https:\/\/www.facebook.com\/qtmm.info\/"]},{"@type":"Person","@id":"https:\/\/qtmm.org\/qt\/#\/schema\/person\/de562469f971dec226ac06e60bbf74a7","name":"Developer","image":{"@type":"ImageObject","inLanguage":"qt","@id":"https:\/\/secure.gravatar.com\/avatar\/392b4cc8fbfeb00b39dfeeab4ee6edded39ffd48e25858637e4765810300227e?s=96&d=mm&r=g","url":"https:\/\/secure.gravatar.com\/avatar\/392b4cc8fbfeb00b39dfeeab4ee6edded39ffd48e25858637e4765810300227e?s=96&d=mm&r=g","contentUrl":"https:\/\/secure.gravatar.com\/avatar\/392b4cc8fbfeb00b39dfeeab4ee6edded39ffd48e25858637e4765810300227e?s=96&d=mm&r=g","caption":"Developer"},"url":"https:\/\/qtmm.org\/qt\/author\/Developer\/"}]}},"_links":{"self":[{"href":"https:\/\/qtmm.org\/qt\/wp-json\/wp\/v2\/posts\/26149","targetHints":{"allow":["GET"]}}],"collection":[{"href":"https:\/\/qtmm.org\/qt\/wp-json\/wp\/v2\/posts"}],"about":[{"href":"https:\/\/qtmm.org\/qt\/wp-json\/wp\/v2\/types\/post"}],"author":[{"embeddable":true,"href":"https:\/\/qtmm.org\/qt\/wp-json\/wp\/v2\/users\/1"}],"replies":[{"embeddable":true,"href":"https:\/\/qtmm.org\/qt\/wp-json\/wp\/v2\/comments?post=26149"}],"version-history":[{"count":1,"href":"https:\/\/qtmm.org\/qt\/wp-json\/wp\/v2\/posts\/26149\/revisions"}],"predecessor-version":[{"id":26162,"href":"https:\/\/qtmm.org\/qt\/wp-json\/wp\/v2\/posts\/26149\/revisions\/26162"}],"wp:featuredmedia":[{"embeddable":true,"href":"https:\/\/qtmm.org\/qt\/wp-json\/wp\/v2\/media\/26150"}],"wp:attachment":[{"href":"https:\/\/qtmm.org\/qt\/wp-json\/wp\/v2\/media?parent=26149"}],"wp:term":[{"taxonomy":"category","embeddable":true,"href":"https:\/\/qtmm.org\/qt\/wp-json\/wp\/v2\/categories?post=26149"},{"taxonomy":"post_tag","embeddable":true,"href":"https:\/\/qtmm.org\/qt\/wp-json\/wp\/v2\/tags?post=26149"}],"curies":[{"name":"wp","href":"https:\/\/api.w.org\/{rel}","templated":true}]}}