




{"id":26143,"date":"2011-09-27T16:09:00","date_gmt":"2011-09-27T13:09:00","guid":{"rendered":"http:\/\/qtmm.org\/?p=26143"},"modified":"2022-01-19T16:10:19","modified_gmt":"2022-01-19T13:10:19","slug":"cengiz-dagcinin-cenaze-merasimi-aqqinda","status":"publish","type":"post","link":"https:\/\/qtmm.org\/qt\/cengiz-dagcinin-cenaze-merasimi-aqqinda\/","title":{"rendered":"Cengiz Da\u011fc\u0131n\u0131\u00f1 cenaze merasimi aqq\u0131nda"},"content":{"rendered":"\n<p>Q\u0131r\u0131mtatar halq\u0131 Meclisini\u00f1 reisi Mustafa Cemilevni\u00f1 qarar\u0131 ile me\u015fur q\u0131r\u0131mtatar yaz\u0131c\u0131s\u0131 Cengiz Da\u011fc\u0131n\u0131\u00f1 defn merasimini te\u015fkil et\u00fcv boyunca Komissiya meydan\u011fa ketirildi. C. Da\u011fc\u0131 sent\u00e2br 22 k\u00fcn\u00fc Londrada vefat etti.<\/p>\n\n\n\n<p>Sent\u00e2br 26 k\u00fcn\u00fc Komissiyan\u0131\u00f1 birinci topla\u015fuv\u0131 \u00f6tkerilip, onda yaz\u0131c\u0131n\u0131\u00f1 Aqmescit civar\u0131nda ya\u015fa\u011fan do\u011fmu\u015f qarda\u015f\u0131 Ay\u015fe han\u0131m da i\u015ftirak etti.<\/p>\n\n\n\n<p>Meclis reisi Mustafa Cemilev Cengiz Da\u011fc\u0131n\u0131\u00f1 yaq\u0131nlar\u0131 \u2013 Londrada ya\u015fa\u011fan q\u0131z\u0131 Arz\u0131 ve qarda\u015f\u0131 Ay\u015fe han\u0131mn\u0131\u00f1 Mecliske muracaatlar\u0131 aqq\u0131nda Komissiya azalar\u0131na mal\u00fcmat berdi.<\/p>\n\n\n\n<p>Cengiz Da\u011fc\u0131n\u0131\u00f1 vasiyeti ve aqrabalar\u0131n\u0131\u00f1 ricalar\u0131n\u0131 k\u00f6z \u00f6g\u00fcne alaraq Komissiya defn merasimini az\u0131rlav ve ke\u00e7ir\u00fcv boyunca tedbirler plan\u0131n\u0131 muzakere etip, on\u0131\u00f1 edas\u0131 i\u00e7\u00fcn mes\u00fclietlilerni tayinledi.<\/p>\n\n\n\n<p>Cengiz Da\u011fc\u0131 2011 senesi okt\u00e2br 2 k\u00fcn\u00fc defn etilecek.<\/p>\n\n\n\n<p>Cenaze merasimi Aqmescitteki Kebir Camide otokerilip, so\u00f1ra Q\u0131z\u0131lta\u015f k\u00f6y\u00fcndeki musulman mezarl\u0131\u011f\u0131na al\u0131p ketilecek ve merhum anda k\u00f6m\u00fclecek.<br>Cengiz Da\u011fc\u0131n\u0131\u00f1 cenaze merasimine T\u00fcrkiyeni\u00f1 vazifedar insanlar\u0131, halqara te\u015fkil\u00e2tlarn\u0131\u00f1 vekilleri, \u00e7e\u015fit memleketlerdeki icadiy birliklerni\u00f1 azalar\u0131n\u0131\u00f1 kelmesi beklenile<\/p>\n","protected":false},"excerpt":{"rendered":"<p>Q\u0131r\u0131mtatar halq\u0131 Meclisini\u00f1 reisi Mustafa Cemilevni\u00f1 qarar\u0131 ile me\u015fur q\u0131r\u0131mtatar yaz\u0131c\u0131s\u0131 Cengiz Da\u011fc\u0131n\u0131\u00f1 defn merasimini te\u015fkil et\u00fcv boyunca Komissiya meydan\u011fa ketirildi. C. Da\u011fc\u0131 sent\u00e2br 22 k\u00fcn\u00fc Londrada vefat etti. Sent\u00e2br 26 k\u00fcn\u00fc Komissiyan\u0131\u00f1 birinci topla\u015fuv\u0131 \u00f6tkerilip, onda yaz\u0131c\u0131n\u0131\u00f1 Aqmescit civar\u0131nda ya\u015fa\u011fan do\u011fmu\u015f qarda\u015f\u0131 Ay\u015fe han\u0131m da i\u015ftirak etti. Meclis reisi Mustafa Cemilev Cengiz Da\u011fc\u0131n\u0131\u00f1 yaq\u0131nlar\u0131 [&hellip;]<\/p>\n","protected":false},"author":1,"featured_media":0,"comment_status":"open","ping_status":"open","sticky":false,"template":"","format":"standard","meta":{"inline_featured_image":false,"footnotes":""},"categories":[265],"tags":[],"class_list":["post-26143","post","type-post","status-publish","format-standard","hentry","category-haberler"],"acf":[],"yoast_head":"<!-- This site is optimized with the Yoast SEO plugin v27.4 - https:\/\/yoast.com\/product\/yoast-seo-wordpress\/ -->\n<title>Cengiz Da\u011fc\u0131n\u0131\u00f1 cenaze merasimi aqq\u0131nda - \u041c\u0435\u0434\u0436\u043b\u0456\u0441<\/title>\n<meta name=\"robots\" content=\"index, follow, max-snippet:-1, max-image-preview:large, max-video-preview:-1\" \/>\n<link rel=\"canonical\" href=\"https:\/\/qtmm.org\/qt\/cengiz-dagcinin-cenaze-merasimi-aqqinda\/\" \/>\n<meta property=\"og:locale\" content=\"en_US\" \/>\n<meta property=\"og:type\" content=\"article\" \/>\n<meta property=\"og:title\" content=\"Cengiz Da\u011fc\u0131n\u0131\u00f1 cenaze merasimi aqq\u0131nda - \u041c\u0435\u0434\u0436\u043b\u0456\u0441\" \/>\n<meta property=\"og:description\" content=\"Q\u0131r\u0131mtatar halq\u0131 Meclisini\u00f1 reisi Mustafa Cemilevni\u00f1 qarar\u0131 ile me\u015fur q\u0131r\u0131mtatar yaz\u0131c\u0131s\u0131 Cengiz Da\u011fc\u0131n\u0131\u00f1 defn merasimini te\u015fkil et\u00fcv boyunca Komissiya meydan\u011fa ketirildi. C. Da\u011fc\u0131 sent\u00e2br 22 k\u00fcn\u00fc Londrada vefat etti. Sent\u00e2br 26 k\u00fcn\u00fc Komissiyan\u0131\u00f1 birinci topla\u015fuv\u0131 \u00f6tkerilip, onda yaz\u0131c\u0131n\u0131\u00f1 Aqmescit civar\u0131nda ya\u015fa\u011fan do\u011fmu\u015f qarda\u015f\u0131 Ay\u015fe han\u0131m da i\u015ftirak etti. Meclis reisi Mustafa Cemilev Cengiz Da\u011fc\u0131n\u0131\u00f1 yaq\u0131nlar\u0131 [&hellip;]\" \/>\n<meta property=\"og:url\" content=\"https:\/\/qtmm.org\/qt\/cengiz-dagcinin-cenaze-merasimi-aqqinda\/\" \/>\n<meta property=\"og:site_name\" content=\"\u041c\u0435\u0434\u0436\u043b\u0456\u0441\" \/>\n<meta property=\"article:publisher\" content=\"https:\/\/www.facebook.com\/qtmm.info\/\" \/>\n<meta property=\"article:published_time\" content=\"2011-09-27T13:09:00+00:00\" \/>\n<meta property=\"article:modified_time\" content=\"2022-01-19T13:10:19+00:00\" \/>\n<meta name=\"author\" content=\"Developer\" \/>\n<meta name=\"twitter:card\" content=\"summary_large_image\" \/>\n<meta name=\"twitter:label1\" content=\"Written by\" \/>\n\t<meta name=\"twitter:data1\" content=\"Developer\" \/>\n\t<meta name=\"twitter:label2\" content=\"Est. reading time\" \/>\n\t<meta name=\"twitter:data2\" content=\"1 minute\" \/>\n<script type=\"application\/ld+json\" class=\"yoast-schema-graph\">{\"@context\":\"https:\\\/\\\/schema.org\",\"@graph\":[{\"@type\":\"Article\",\"@id\":\"https:\\\/\\\/qtmm.org\\\/qt\\\/cengiz-dagcinin-cenaze-merasimi-aqqinda\\\/#article\",\"isPartOf\":{\"@id\":\"https:\\\/\\\/qtmm.org\\\/qt\\\/cengiz-dagcinin-cenaze-merasimi-aqqinda\\\/\"},\"author\":{\"name\":\"Developer\",\"@id\":\"https:\\\/\\\/qtmm.org\\\/qt\\\/#\\\/schema\\\/person\\\/de562469f971dec226ac06e60bbf74a7\"},\"headline\":\"Cengiz Da\u011fc\u0131n\u0131\u00f1 cenaze merasimi aqq\u0131nda\",\"datePublished\":\"2011-09-27T13:09:00+00:00\",\"dateModified\":\"2022-01-19T13:10:19+00:00\",\"mainEntityOfPage\":{\"@id\":\"https:\\\/\\\/qtmm.org\\\/qt\\\/cengiz-dagcinin-cenaze-merasimi-aqqinda\\\/\"},\"wordCount\":211,\"commentCount\":0,\"publisher\":{\"@id\":\"https:\\\/\\\/qtmm.org\\\/qt\\\/#organization\"},\"articleSection\":[\"Haberler\"],\"inLanguage\":\"qt\",\"potentialAction\":[{\"@type\":\"CommentAction\",\"name\":\"Comment\",\"target\":[\"https:\\\/\\\/qtmm.org\\\/qt\\\/cengiz-dagcinin-cenaze-merasimi-aqqinda\\\/#respond\"]}]},{\"@type\":\"WebPage\",\"@id\":\"https:\\\/\\\/qtmm.org\\\/qt\\\/cengiz-dagcinin-cenaze-merasimi-aqqinda\\\/\",\"url\":\"https:\\\/\\\/qtmm.org\\\/qt\\\/cengiz-dagcinin-cenaze-merasimi-aqqinda\\\/\",\"name\":\"Cengiz Da\u011fc\u0131n\u0131\u00f1 cenaze merasimi aqq\u0131nda - \u041c\u0435\u0434\u0436\u043b\u0456\u0441\",\"isPartOf\":{\"@id\":\"https:\\\/\\\/qtmm.org\\\/qt\\\/#website\"},\"datePublished\":\"2011-09-27T13:09:00+00:00\",\"dateModified\":\"2022-01-19T13:10:19+00:00\",\"breadcrumb\":{\"@id\":\"https:\\\/\\\/qtmm.org\\\/qt\\\/cengiz-dagcinin-cenaze-merasimi-aqqinda\\\/#breadcrumb\"},\"inLanguage\":\"qt\",\"potentialAction\":[{\"@type\":\"ReadAction\",\"target\":[\"https:\\\/\\\/qtmm.org\\\/qt\\\/cengiz-dagcinin-cenaze-merasimi-aqqinda\\\/\"]}]},{\"@type\":\"BreadcrumbList\",\"@id\":\"https:\\\/\\\/qtmm.org\\\/qt\\\/cengiz-dagcinin-cenaze-merasimi-aqqinda\\\/#breadcrumb\",\"itemListElement\":[{\"@type\":\"ListItem\",\"position\":1,\"name\":\"\u0413\u043e\u043b\u043e\u0432\u043d\u0430\",\"item\":\"https:\\\/\\\/qtmm.org\\\/qt\\\/\"},{\"@type\":\"ListItem\",\"position\":2,\"name\":\"Cengiz Da\u011fc\u0131n\u0131\u00f1 cenaze merasimi aqq\u0131nda\"}]},{\"@type\":\"WebSite\",\"@id\":\"https:\\\/\\\/qtmm.org\\\/qt\\\/#website\",\"url\":\"https:\\\/\\\/qtmm.org\\\/qt\\\/\",\"name\":\"\u041c\u0435\u0434\u0436\u043b\u0456\u0441\",\"description\":\"\",\"publisher\":{\"@id\":\"https:\\\/\\\/qtmm.org\\\/qt\\\/#organization\"},\"potentialAction\":[{\"@type\":\"SearchAction\",\"target\":{\"@type\":\"EntryPoint\",\"urlTemplate\":\"https:\\\/\\\/qtmm.org\\\/qt\\\/?s={search_term_string}\"},\"query-input\":{\"@type\":\"PropertyValueSpecification\",\"valueRequired\":true,\"valueName\":\"search_term_string\"}}],\"inLanguage\":\"qt\"},{\"@type\":\"Organization\",\"@id\":\"https:\\\/\\\/qtmm.org\\\/qt\\\/#organization\",\"name\":\"\u041c\u0435\u0434\u0436\u043b\u0456\u0441\",\"url\":\"https:\\\/\\\/qtmm.org\\\/qt\\\/\",\"logo\":{\"@type\":\"ImageObject\",\"inLanguage\":\"qt\",\"@id\":\"https:\\\/\\\/qtmm.org\\\/qt\\\/#\\\/schema\\\/logo\\\/image\\\/\",\"url\":\"https:\\\/\\\/qtmm.org\\\/wp-content\\\/uploads\\\/2024\\\/12\\\/ua-mejlis-logo-rgb.svg\",\"contentUrl\":\"https:\\\/\\\/qtmm.org\\\/wp-content\\\/uploads\\\/2024\\\/12\\\/ua-mejlis-logo-rgb.svg\",\"caption\":\"\u041c\u0435\u0434\u0436\u043b\u0456\u0441\"},\"image\":{\"@id\":\"https:\\\/\\\/qtmm.org\\\/qt\\\/#\\\/schema\\\/logo\\\/image\\\/\"},\"sameAs\":[\"https:\\\/\\\/www.facebook.com\\\/qtmm.info\\\/\"]},{\"@type\":\"Person\",\"@id\":\"https:\\\/\\\/qtmm.org\\\/qt\\\/#\\\/schema\\\/person\\\/de562469f971dec226ac06e60bbf74a7\",\"name\":\"Developer\",\"image\":{\"@type\":\"ImageObject\",\"inLanguage\":\"qt\",\"@id\":\"https:\\\/\\\/secure.gravatar.com\\\/avatar\\\/392b4cc8fbfeb00b39dfeeab4ee6edded39ffd48e25858637e4765810300227e?s=96&d=mm&r=g\",\"url\":\"https:\\\/\\\/secure.gravatar.com\\\/avatar\\\/392b4cc8fbfeb00b39dfeeab4ee6edded39ffd48e25858637e4765810300227e?s=96&d=mm&r=g\",\"contentUrl\":\"https:\\\/\\\/secure.gravatar.com\\\/avatar\\\/392b4cc8fbfeb00b39dfeeab4ee6edded39ffd48e25858637e4765810300227e?s=96&d=mm&r=g\",\"caption\":\"Developer\"},\"url\":\"https:\\\/\\\/qtmm.org\\\/qt\\\/author\\\/Developer\\\/\"}]}<\/script>\n<!-- \/ Yoast SEO plugin. -->","yoast_head_json":{"title":"Cengiz Da\u011fc\u0131n\u0131\u00f1 cenaze merasimi aqq\u0131nda - \u041c\u0435\u0434\u0436\u043b\u0456\u0441","robots":{"index":"index","follow":"follow","max-snippet":"max-snippet:-1","max-image-preview":"max-image-preview:large","max-video-preview":"max-video-preview:-1"},"canonical":"https:\/\/qtmm.org\/qt\/cengiz-dagcinin-cenaze-merasimi-aqqinda\/","og_locale":"en_US","og_type":"article","og_title":"Cengiz Da\u011fc\u0131n\u0131\u00f1 cenaze merasimi aqq\u0131nda - \u041c\u0435\u0434\u0436\u043b\u0456\u0441","og_description":"Q\u0131r\u0131mtatar halq\u0131 Meclisini\u00f1 reisi Mustafa Cemilevni\u00f1 qarar\u0131 ile me\u015fur q\u0131r\u0131mtatar yaz\u0131c\u0131s\u0131 Cengiz Da\u011fc\u0131n\u0131\u00f1 defn merasimini te\u015fkil et\u00fcv boyunca Komissiya meydan\u011fa ketirildi. C. Da\u011fc\u0131 sent\u00e2br 22 k\u00fcn\u00fc Londrada vefat etti. Sent\u00e2br 26 k\u00fcn\u00fc Komissiyan\u0131\u00f1 birinci topla\u015fuv\u0131 \u00f6tkerilip, onda yaz\u0131c\u0131n\u0131\u00f1 Aqmescit civar\u0131nda ya\u015fa\u011fan do\u011fmu\u015f qarda\u015f\u0131 Ay\u015fe han\u0131m da i\u015ftirak etti. Meclis reisi Mustafa Cemilev Cengiz Da\u011fc\u0131n\u0131\u00f1 yaq\u0131nlar\u0131 [&hellip;]","og_url":"https:\/\/qtmm.org\/qt\/cengiz-dagcinin-cenaze-merasimi-aqqinda\/","og_site_name":"\u041c\u0435\u0434\u0436\u043b\u0456\u0441","article_publisher":"https:\/\/www.facebook.com\/qtmm.info\/","article_published_time":"2011-09-27T13:09:00+00:00","article_modified_time":"2022-01-19T13:10:19+00:00","author":"Developer","twitter_card":"summary_large_image","twitter_misc":{"Written by":"Developer","Est. reading time":"1 minute"},"schema":{"@context":"https:\/\/schema.org","@graph":[{"@type":"Article","@id":"https:\/\/qtmm.org\/qt\/cengiz-dagcinin-cenaze-merasimi-aqqinda\/#article","isPartOf":{"@id":"https:\/\/qtmm.org\/qt\/cengiz-dagcinin-cenaze-merasimi-aqqinda\/"},"author":{"name":"Developer","@id":"https:\/\/qtmm.org\/qt\/#\/schema\/person\/de562469f971dec226ac06e60bbf74a7"},"headline":"Cengiz Da\u011fc\u0131n\u0131\u00f1 cenaze merasimi aqq\u0131nda","datePublished":"2011-09-27T13:09:00+00:00","dateModified":"2022-01-19T13:10:19+00:00","mainEntityOfPage":{"@id":"https:\/\/qtmm.org\/qt\/cengiz-dagcinin-cenaze-merasimi-aqqinda\/"},"wordCount":211,"commentCount":0,"publisher":{"@id":"https:\/\/qtmm.org\/qt\/#organization"},"articleSection":["Haberler"],"inLanguage":"qt","potentialAction":[{"@type":"CommentAction","name":"Comment","target":["https:\/\/qtmm.org\/qt\/cengiz-dagcinin-cenaze-merasimi-aqqinda\/#respond"]}]},{"@type":"WebPage","@id":"https:\/\/qtmm.org\/qt\/cengiz-dagcinin-cenaze-merasimi-aqqinda\/","url":"https:\/\/qtmm.org\/qt\/cengiz-dagcinin-cenaze-merasimi-aqqinda\/","name":"Cengiz Da\u011fc\u0131n\u0131\u00f1 cenaze merasimi aqq\u0131nda - \u041c\u0435\u0434\u0436\u043b\u0456\u0441","isPartOf":{"@id":"https:\/\/qtmm.org\/qt\/#website"},"datePublished":"2011-09-27T13:09:00+00:00","dateModified":"2022-01-19T13:10:19+00:00","breadcrumb":{"@id":"https:\/\/qtmm.org\/qt\/cengiz-dagcinin-cenaze-merasimi-aqqinda\/#breadcrumb"},"inLanguage":"qt","potentialAction":[{"@type":"ReadAction","target":["https:\/\/qtmm.org\/qt\/cengiz-dagcinin-cenaze-merasimi-aqqinda\/"]}]},{"@type":"BreadcrumbList","@id":"https:\/\/qtmm.org\/qt\/cengiz-dagcinin-cenaze-merasimi-aqqinda\/#breadcrumb","itemListElement":[{"@type":"ListItem","position":1,"name":"\u0413\u043e\u043b\u043e\u0432\u043d\u0430","item":"https:\/\/qtmm.org\/qt\/"},{"@type":"ListItem","position":2,"name":"Cengiz Da\u011fc\u0131n\u0131\u00f1 cenaze merasimi aqq\u0131nda"}]},{"@type":"WebSite","@id":"https:\/\/qtmm.org\/qt\/#website","url":"https:\/\/qtmm.org\/qt\/","name":"\u041c\u0435\u0434\u0436\u043b\u0456\u0441","description":"","publisher":{"@id":"https:\/\/qtmm.org\/qt\/#organization"},"potentialAction":[{"@type":"SearchAction","target":{"@type":"EntryPoint","urlTemplate":"https:\/\/qtmm.org\/qt\/?s={search_term_string}"},"query-input":{"@type":"PropertyValueSpecification","valueRequired":true,"valueName":"search_term_string"}}],"inLanguage":"qt"},{"@type":"Organization","@id":"https:\/\/qtmm.org\/qt\/#organization","name":"\u041c\u0435\u0434\u0436\u043b\u0456\u0441","url":"https:\/\/qtmm.org\/qt\/","logo":{"@type":"ImageObject","inLanguage":"qt","@id":"https:\/\/qtmm.org\/qt\/#\/schema\/logo\/image\/","url":"https:\/\/qtmm.org\/wp-content\/uploads\/2024\/12\/ua-mejlis-logo-rgb.svg","contentUrl":"https:\/\/qtmm.org\/wp-content\/uploads\/2024\/12\/ua-mejlis-logo-rgb.svg","caption":"\u041c\u0435\u0434\u0436\u043b\u0456\u0441"},"image":{"@id":"https:\/\/qtmm.org\/qt\/#\/schema\/logo\/image\/"},"sameAs":["https:\/\/www.facebook.com\/qtmm.info\/"]},{"@type":"Person","@id":"https:\/\/qtmm.org\/qt\/#\/schema\/person\/de562469f971dec226ac06e60bbf74a7","name":"Developer","image":{"@type":"ImageObject","inLanguage":"qt","@id":"https:\/\/secure.gravatar.com\/avatar\/392b4cc8fbfeb00b39dfeeab4ee6edded39ffd48e25858637e4765810300227e?s=96&d=mm&r=g","url":"https:\/\/secure.gravatar.com\/avatar\/392b4cc8fbfeb00b39dfeeab4ee6edded39ffd48e25858637e4765810300227e?s=96&d=mm&r=g","contentUrl":"https:\/\/secure.gravatar.com\/avatar\/392b4cc8fbfeb00b39dfeeab4ee6edded39ffd48e25858637e4765810300227e?s=96&d=mm&r=g","caption":"Developer"},"url":"https:\/\/qtmm.org\/qt\/author\/Developer\/"}]}},"_links":{"self":[{"href":"https:\/\/qtmm.org\/qt\/wp-json\/wp\/v2\/posts\/26143","targetHints":{"allow":["GET"]}}],"collection":[{"href":"https:\/\/qtmm.org\/qt\/wp-json\/wp\/v2\/posts"}],"about":[{"href":"https:\/\/qtmm.org\/qt\/wp-json\/wp\/v2\/types\/post"}],"author":[{"embeddable":true,"href":"https:\/\/qtmm.org\/qt\/wp-json\/wp\/v2\/users\/1"}],"replies":[{"embeddable":true,"href":"https:\/\/qtmm.org\/qt\/wp-json\/wp\/v2\/comments?post=26143"}],"version-history":[{"count":1,"href":"https:\/\/qtmm.org\/qt\/wp-json\/wp\/v2\/posts\/26143\/revisions"}],"predecessor-version":[{"id":26144,"href":"https:\/\/qtmm.org\/qt\/wp-json\/wp\/v2\/posts\/26143\/revisions\/26144"}],"wp:attachment":[{"href":"https:\/\/qtmm.org\/qt\/wp-json\/wp\/v2\/media?parent=26143"}],"wp:term":[{"taxonomy":"category","embeddable":true,"href":"https:\/\/qtmm.org\/qt\/wp-json\/wp\/v2\/categories?post=26143"},{"taxonomy":"post_tag","embeddable":true,"href":"https:\/\/qtmm.org\/qt\/wp-json\/wp\/v2\/tags?post=26143"}],"curies":[{"name":"wp","href":"https:\/\/api.w.org\/{rel}","templated":true}]}}