




{"id":26112,"date":"2011-09-27T16:08:00","date_gmt":"2011-09-27T13:08:00","guid":{"rendered":"http:\/\/qtmm.org\/?p=26112"},"modified":"2022-01-19T16:09:49","modified_gmt":"2022-01-19T13:09:49","slug":"eski-qirim-milliy-mektebi-15-yasini-qayd-ett","status":"publish","type":"post","link":"https:\/\/qtmm.org\/qt\/eski-qirim-milliy-mektebi-15-yasini-qayd-ett\/","title":{"rendered":"Eski Qirim milliy mektebi 15 ya\u015fini qayd ett"},"content":{"rendered":"\n<p>Eski Q\u0131r\u0131mda q\u0131r\u0131mtatar milliy tasilni\u00f1 \u011fayr\u0131dan tiklenmesi 90-nji seneleri 17 talebeden ba\u015flan\u011fan edi. 1996 senesi ise akimiyetnen b\u00fcy\u00fck davalarnen a\u00e7\u0131l\u011fan milliy mektep \u0130sl\u00e2m Terek rayon\u0131nda q\u0131r\u0131mtatar tasil sistemas\u0131na qaviy temel qoyd\u0131. \u0130lk dersler rale, tahta, dersliksiz ke\u00e7ken edi, amma ana-babalar balalar\u0131n\u0131 mektepten almad\u0131lar ve rus mektebine ke\u00e7irmediler. Yerli meclisni\u00f1 ve \u015fu y\u0131llar\u0131 reis ol\u011fan \u0130braim Bayn\u0131 bu davada rol\u00fc pek b\u00fcy\u00fck. O, Eski Q\u0131r\u0131m cemaati-ni\u00f1 ba\u015f\u0131 olaraq, mektep meselesinde qatt\u0131 turd\u0131. Mecliske qol tutqan yerli faal insanlar: Ebazer Emiraciyev, \u015eevket Asanov, Qurtseit Seytablayev, Mustafa Toroz, Ay\u015fe Abl\u00e2zova, Lil\u00e2 Mustafayeva, din cemiyetini\u00f1 reisi Rasim bey Sadreddinov ve digerler bu k\u00fcnge qadar mektepke asabal\u0131q etip kelmekteler.<\/p>\n\n\n\n<p>Endi tizilgen &#8220;Maarif\u00e7i&#8221; birle\u015fmesini\u00f1 reisi Safure Kacametova ise qad\u0131n ol\u011fan\u0131na baqmadan mektepke qaviy bir arqa. On\u0131\u00f1 talap\u00e7anl\u0131\u011f\u0131nen 1998 senesi mektep ilk kere tamirlendi ve kerekli oquv e\u015fyalar\u0131nen tamin etildi. \u015eu y\u0131llar\u0131 maarif\u00e7ilerni\u00f1 SOS \u00e7a\u011f\u0131ruv\u0131na seslengen Ukraina Milletler komitetini\u00f1 reis muavini Yuriy Nikitovi\u00e7 Beluha ayr\u0131 al\u011f\u0131\u015flar\u011fa l\u00e2y\u0131qt\u0131r. Yart\u0131-yurt\u0131 bina tamir i\u015flerinden so\u00f1 niayet mektepke u\u015fad\u0131, s\u0131n\u0131flar\u011fa ya\u00f1\u0131 masa, rale, dolaplar kirgen so\u00f1, mektepni\u00f1 oquv-terbiyeviy i\u015fleri daa ziyade canland\u0131.<\/p>\n\n\n\n<p>2010 senesi ise, Milliy Mejlisimizni\u00f1 alt\u0131n\u0131nda, maarif\u00e7iler &#8220;Alraid&#8221; te\u015fkil\u00e2t\u0131nen beraberlikte mektepni\u00f1 emek terbiyesi, tibbiyet, fen kabinetlerini ve kompyuter ve diger s\u0131n\u0131flarn\u0131\u00f1 maddiy &#8211; tehnika bazas\u0131n\u0131 tolus\u0131nen pekittiler ve mektepni\u00f1 \u00e7evresini yevroisarnen qoralad\u0131lar. Bu hayriye i\u015fler \u0130slam Bank \u0130nki\u015faf\u0131-n\u0131\u00f1 maliye qoltutuv\u0131nda yap\u0131ld\u0131 D\u00f6rt y\u0131l evel T\u0130KA mektep binas\u0131n\u0131\u00f1 i\u00e7i &#8211; t\u0131\u015f\u0131n\u0131 ya\u00f1\u0131dan tamir etti.<\/p>\n\n\n\n<p>On be\u015f y\u0131l i\u00e7ersinde mektep 500-den ziyade mezun \u00e7\u0131qar\u0131p, milliy maarifi-mizni\u00f1 kadrlar az\u0131rlavuna \u00f6z issesini qo\u015ft\u0131. Bun\u0131\u00f1 isbat\u0131 &#8211; yubiley tedbirinde sana\u011fa \u00e7\u0131q\u0131p mektep ve ocalar\u0131n\u0131 hay\u0131rla\u011fan adliyeci, rejiss\u00f6r, ekim, ingliz tili zenaatlarn\u0131 menimsegen mektep mezunlar\u0131d\u0131r.<\/p>\n\n\n\n<p>&#8220;Al az\u0131rda mektepni\u00f1 k\u00fcnd\u00fczgi b\u00f6l\u00fcginde 363, aq\u015famki b\u00f6l\u00fcginde 19 talebe oquy, \u00e7e\u015fit fenlerden 43 oca ders bere, a\u015f\u00e7\u0131, temizlevci, qaravul ve diger insanlar\u0131m\u0131z \u00e7al\u0131\u015fa&#8221; &#8211; dey mektep m\u00fcdiri Ay\u015fe \u00c7abanova. Ay\u015fe oca e\u00f1 evel\u00e2 milliy mektepni\u00f1 kelecegine i\u015fan\u0131p \u00f6z evl\u00e2tlar\u0131n\u0131 bu mektepke ketirgen ana-babalar\u011fa, mektep talebeleri, yerli cemaat\u00e7\u0131l\u0131q, Milliy Meclis, &#8220;Maarif\u00e7i&#8221; birle\u015fmesi ve daa \u00e7oqtan \u00e7oq insanla\u011fa ve te\u015fkil\u00e2tlar\u011fa i\u015fan\u00e7 ve yard\u0131mlar\u0131 i\u00e7\u00fcn samimiy te\u015fekk\u00fcr bildirdi. Halqara te\u015fkil\u00e2tlar Eski Q\u0131r\u0131m mektepni\u00f1 inki\u015faf\u0131nda \u011fayet emiyetli yer ala,\u2013 dedi m\u00fcdir, ve \u015fu s\u0131rada mektep azbar\u0131nda bala bah\u00e7as\u0131n\u0131 qurma\u011fa yard\u0131m eterler dep, \u2013 \u015fan\u00e7 beslegenini aytt\u0131.<\/p>\n\n\n\n<p>On be\u015f y\u0131l insan i\u00e7\u00fcn pi\u015fkinlik \u00e7a\u011f\u0131 olsa, milliy tasilni tiklegen mektep i\u00e7\u00fcn ya\u015f nesilni\u00f1 terbiyesinde emiyetli yer al\u011fan, an-anelerni meydan\u011fa ketirgen zaman\u0131d\u0131r, degen fikir hay\u0131rlav s\u00f6zlerini aytqan memur ve cemaat\u00e7\u0131lar taraf\u0131ndan bildirildi.<\/p>\n\n\n\n<p>QYU\u015e deputatlar\u0131, Milliy Meclis azalar\u0131 Refat \u00c7ubarov ve Safure Kacametova mektepke zarur kitap, bir s\u0131ra tehnik vastalar\u0131nen beraber m\u00fcdir Ay\u015fe \u00c7abanova\u011fa milliy meclis reisi Mustafa Cemilev imzala\u011fan te\u015fekk\u00fcrnameni taqdim ettiler. Tasil nazirligi, yerli memuriyet ve diger te\u015fkil\u00e2tlarn\u0131\u00f1 vekilleride s\u00f6zge \u00e7\u0131qt\u0131lar.<\/p>\n\n\n\n<p>Sevgen mektebini\u00f1 yubiley tedbirinde y\u0131r, oyunlar icra etken talebeler ve yetek\u00e7i ocalar \u00f6z milliy maarif oca\u011f\u0131na en samimiy s\u00f6zler ba\u011f\u0131\u015flad\u0131lar. Mekteb talebeleri: Leniye \u00dcmerova, \u015eahsne Degirmenci, Asan \u0130smailov \u2013 olar i\u00e7\u00fcn mektep ekinci evi ol\u011fan\u0131n\u0131, mektep olar\u011fa ana tiline, milletimizge, medeniyetimizge sevgi ve \u00fcrmet a\u015fla\u011fan\u0131n\u0131, derslerni sevgen ocalar\u0131 bergenini minnetdarl\u0131qnen qayd ettiler.<\/p>\n\n\n\n<figure class=\"wp-block-gallery columns-3 is-cropped wp-block-gallery-1 is-layout-flex wp-block-gallery-is-layout-flex\"><ul class=\"blocks-gallery-grid\"><li class=\"blocks-gallery-item\"><figure><a href=\"http:\/\/qtmm.org\/wp-content\/uploads\/2022\/01\/4e81cfaed84eb.jpeg\"><img loading=\"lazy\" decoding=\"async\" width=\"640\" height=\"480\" src=\"http:\/\/qtmm.org\/wp-content\/uploads\/2022\/01\/4e81cfaed84eb.jpeg\" alt=\"\" data-id=\"26113\" data-full-url=\"http:\/\/qtmm.org\/wp-content\/uploads\/2022\/01\/4e81cfaed84eb.jpeg\" data-link=\"http:\/\/qtmm.org\/?attachment_id=26113\" class=\"wp-image-26113\" srcset=\"https:\/\/qtmm.org\/wp-content\/uploads\/2022\/01\/4e81cfaed84eb.jpeg 640w, https:\/\/qtmm.org\/wp-content\/uploads\/2022\/01\/4e81cfaed84eb-300x225.jpeg 300w\" sizes=\"auto, (max-width: 640px) 100vw, 640px\" \/><\/a><\/figure><\/li><li class=\"blocks-gallery-item\"><figure><a href=\"http:\/\/qtmm.org\/wp-content\/uploads\/2022\/01\/4e81cfaf2de1d.jpeg\"><img loading=\"lazy\" decoding=\"async\" width=\"640\" height=\"480\" src=\"http:\/\/qtmm.org\/wp-content\/uploads\/2022\/01\/4e81cfaf2de1d.jpeg\" alt=\"\" data-id=\"26117\" data-full-url=\"http:\/\/qtmm.org\/wp-content\/uploads\/2022\/01\/4e81cfaf2de1d.jpeg\" data-link=\"http:\/\/qtmm.org\/?attachment_id=26117\" class=\"wp-image-26117\" srcset=\"https:\/\/qtmm.org\/wp-content\/uploads\/2022\/01\/4e81cfaf2de1d.jpeg 640w, https:\/\/qtmm.org\/wp-content\/uploads\/2022\/01\/4e81cfaf2de1d-300x225.jpeg 300w\" sizes=\"auto, (max-width: 640px) 100vw, 640px\" \/><\/a><\/figure><\/li><li class=\"blocks-gallery-item\"><figure><a href=\"http:\/\/qtmm.org\/wp-content\/uploads\/2022\/01\/4e81cfaf76652.jpeg\"><img loading=\"lazy\" decoding=\"async\" width=\"640\" height=\"480\" src=\"http:\/\/qtmm.org\/wp-content\/uploads\/2022\/01\/4e81cfaf76652.jpeg\" alt=\"\" data-id=\"26121\" data-full-url=\"http:\/\/qtmm.org\/wp-content\/uploads\/2022\/01\/4e81cfaf76652.jpeg\" data-link=\"http:\/\/qtmm.org\/?attachment_id=26121\" class=\"wp-image-26121\" srcset=\"https:\/\/qtmm.org\/wp-content\/uploads\/2022\/01\/4e81cfaf76652.jpeg 640w, https:\/\/qtmm.org\/wp-content\/uploads\/2022\/01\/4e81cfaf76652-300x225.jpeg 300w\" sizes=\"auto, (max-width: 640px) 100vw, 640px\" \/><\/a><\/figure><\/li><li class=\"blocks-gallery-item\"><figure><a href=\"http:\/\/qtmm.org\/wp-content\/uploads\/2022\/01\/4e81cfafaccf5.jpeg\"><img loading=\"lazy\" decoding=\"async\" width=\"640\" height=\"480\" src=\"http:\/\/qtmm.org\/wp-content\/uploads\/2022\/01\/4e81cfafaccf5.jpeg\" alt=\"\" data-id=\"26125\" data-full-url=\"http:\/\/qtmm.org\/wp-content\/uploads\/2022\/01\/4e81cfafaccf5.jpeg\" data-link=\"http:\/\/qtmm.org\/?attachment_id=26125\" class=\"wp-image-26125\" srcset=\"https:\/\/qtmm.org\/wp-content\/uploads\/2022\/01\/4e81cfafaccf5.jpeg 640w, https:\/\/qtmm.org\/wp-content\/uploads\/2022\/01\/4e81cfafaccf5-300x225.jpeg 300w\" sizes=\"auto, (max-width: 640px) 100vw, 640px\" \/><\/a><\/figure><\/li><li class=\"blocks-gallery-item\"><figure><a href=\"http:\/\/qtmm.org\/wp-content\/uploads\/2022\/01\/4e81cfafdc302.jpeg\"><img loading=\"lazy\" decoding=\"async\" width=\"640\" height=\"480\" src=\"http:\/\/qtmm.org\/wp-content\/uploads\/2022\/01\/4e81cfafdc302.jpeg\" alt=\"\" data-id=\"26129\" data-full-url=\"http:\/\/qtmm.org\/wp-content\/uploads\/2022\/01\/4e81cfafdc302.jpeg\" data-link=\"http:\/\/qtmm.org\/?attachment_id=26129\" class=\"wp-image-26129\" srcset=\"https:\/\/qtmm.org\/wp-content\/uploads\/2022\/01\/4e81cfafdc302.jpeg 640w, https:\/\/qtmm.org\/wp-content\/uploads\/2022\/01\/4e81cfafdc302-300x225.jpeg 300w\" sizes=\"auto, (max-width: 640px) 100vw, 640px\" \/><\/a><\/figure><\/li><li class=\"blocks-gallery-item\"><figure><a href=\"http:\/\/qtmm.org\/wp-content\/uploads\/2022\/01\/4e81cfb017a8c.jpeg\"><img loading=\"lazy\" decoding=\"async\" width=\"640\" height=\"480\" src=\"http:\/\/qtmm.org\/wp-content\/uploads\/2022\/01\/4e81cfb017a8c.jpeg\" alt=\"\" data-id=\"26133\" data-full-url=\"http:\/\/qtmm.org\/wp-content\/uploads\/2022\/01\/4e81cfb017a8c.jpeg\" data-link=\"http:\/\/qtmm.org\/qt\/?attachment_id=26133\" class=\"wp-image-26133\" srcset=\"https:\/\/qtmm.org\/wp-content\/uploads\/2022\/01\/4e81cfb017a8c.jpeg 640w, https:\/\/qtmm.org\/wp-content\/uploads\/2022\/01\/4e81cfb017a8c-300x225.jpeg 300w\" sizes=\"auto, (max-width: 640px) 100vw, 640px\" \/><\/a><\/figure><\/li><li class=\"blocks-gallery-item\"><figure><a href=\"http:\/\/qtmm.org\/wp-content\/uploads\/2022\/01\/4e81cfb051c08.jpeg\"><img loading=\"lazy\" decoding=\"async\" width=\"640\" height=\"480\" src=\"http:\/\/qtmm.org\/wp-content\/uploads\/2022\/01\/4e81cfb051c08.jpeg\" alt=\"\" data-id=\"26137\" data-full-url=\"http:\/\/qtmm.org\/wp-content\/uploads\/2022\/01\/4e81cfb051c08.jpeg\" data-link=\"http:\/\/qtmm.org\/qt\/?attachment_id=26137\" class=\"wp-image-26137\" srcset=\"https:\/\/qtmm.org\/wp-content\/uploads\/2022\/01\/4e81cfb051c08.jpeg 640w, https:\/\/qtmm.org\/wp-content\/uploads\/2022\/01\/4e81cfb051c08-300x225.jpeg 300w\" sizes=\"auto, (max-width: 640px) 100vw, 640px\" \/><\/a><\/figure><\/li><\/ul><\/figure>\n\n\n\n<h1 class=\"wp-block-heading\">Haberlerge video<\/h1>\n\n\n\n<figure class=\"wp-block-embed is-type-rich is-provider-embed-handler wp-block-embed-embed-handler wp-embed-aspect-4-3 wp-has-aspect-ratio\"><div class=\"wp-block-embed__wrapper\">\nhttps:\/\/youtube.com\/watch?v=o0Yl-hNNt4A\n<\/div><\/figure>\n","protected":false},"excerpt":{"rendered":"<p>Eski Q\u0131r\u0131mda q\u0131r\u0131mtatar milliy tasilni\u00f1 \u011fayr\u0131dan tiklenmesi 90-nji seneleri 17 talebeden ba\u015flan\u011fan edi. 1996 senesi ise akimiyetnen b\u00fcy\u00fck davalarnen a\u00e7\u0131l\u011fan milliy mektep \u0130sl\u00e2m Terek rayon\u0131nda q\u0131r\u0131mtatar tasil sistemas\u0131na qaviy temel qoyd\u0131. \u0130lk dersler rale, tahta, dersliksiz ke\u00e7ken edi, amma ana-babalar balalar\u0131n\u0131 mektepten almad\u0131lar ve rus mektebine ke\u00e7irmediler. Yerli meclisni\u00f1 ve \u015fu y\u0131llar\u0131 reis ol\u011fan \u0130braim [&hellip;]<\/p>\n","protected":false},"author":1,"featured_media":26113,"comment_status":"open","ping_status":"open","sticky":false,"template":"","format":"standard","meta":{"inline_featured_image":false,"footnotes":""},"categories":[265],"tags":[],"class_list":["post-26112","post","type-post","status-publish","format-standard","has-post-thumbnail","hentry","category-haberler"],"acf":[],"yoast_head":"<!-- This site is optimized with the Yoast SEO plugin v27.4 - https:\/\/yoast.com\/product\/yoast-seo-wordpress\/ -->\n<title>Eski Qirim milliy mektebi 15 ya\u015fini qayd ett - \u041c\u0435\u0434\u0436\u043b\u0456\u0441<\/title>\n<meta name=\"robots\" content=\"index, follow, max-snippet:-1, max-image-preview:large, max-video-preview:-1\" \/>\n<link rel=\"canonical\" href=\"https:\/\/qtmm.org\/qt\/eski-qirim-milliy-mektebi-15-yasini-qayd-ett\/\" \/>\n<meta property=\"og:locale\" content=\"en_US\" \/>\n<meta property=\"og:type\" content=\"article\" \/>\n<meta property=\"og:title\" content=\"Eski Qirim milliy mektebi 15 ya\u015fini qayd ett - \u041c\u0435\u0434\u0436\u043b\u0456\u0441\" \/>\n<meta property=\"og:description\" content=\"Eski Q\u0131r\u0131mda q\u0131r\u0131mtatar milliy tasilni\u00f1 \u011fayr\u0131dan tiklenmesi 90-nji seneleri 17 talebeden ba\u015flan\u011fan edi. 1996 senesi ise akimiyetnen b\u00fcy\u00fck davalarnen a\u00e7\u0131l\u011fan milliy mektep \u0130sl\u00e2m Terek rayon\u0131nda q\u0131r\u0131mtatar tasil sistemas\u0131na qaviy temel qoyd\u0131. \u0130lk dersler rale, tahta, dersliksiz ke\u00e7ken edi, amma ana-babalar balalar\u0131n\u0131 mektepten almad\u0131lar ve rus mektebine ke\u00e7irmediler. Yerli meclisni\u00f1 ve \u015fu y\u0131llar\u0131 reis ol\u011fan \u0130braim [&hellip;]\" \/>\n<meta property=\"og:url\" content=\"https:\/\/qtmm.org\/qt\/eski-qirim-milliy-mektebi-15-yasini-qayd-ett\/\" \/>\n<meta property=\"og:site_name\" content=\"\u041c\u0435\u0434\u0436\u043b\u0456\u0441\" \/>\n<meta property=\"article:publisher\" content=\"https:\/\/www.facebook.com\/qtmm.info\/\" \/>\n<meta property=\"article:published_time\" content=\"2011-09-27T13:08:00+00:00\" \/>\n<meta property=\"article:modified_time\" content=\"2022-01-19T13:09:49+00:00\" \/>\n<meta property=\"og:image\" content=\"https:\/\/qtmm.org\/wp-content\/uploads\/2022\/01\/4e81cfaed84eb.jpeg\" \/>\n\t<meta property=\"og:image:width\" content=\"640\" \/>\n\t<meta property=\"og:image:height\" content=\"480\" \/>\n\t<meta property=\"og:image:type\" content=\"image\/jpeg\" \/>\n<meta name=\"author\" content=\"Developer\" \/>\n<meta name=\"twitter:card\" content=\"summary_large_image\" \/>\n<meta name=\"twitter:label1\" content=\"Written by\" \/>\n\t<meta name=\"twitter:data1\" content=\"Developer\" \/>\n\t<meta name=\"twitter:label2\" content=\"Est. reading time\" \/>\n\t<meta name=\"twitter:data2\" content=\"3 minutes\" \/>\n<script type=\"application\/ld+json\" class=\"yoast-schema-graph\">{\"@context\":\"https:\\\/\\\/schema.org\",\"@graph\":[{\"@type\":\"Article\",\"@id\":\"https:\\\/\\\/qtmm.org\\\/qt\\\/eski-qirim-milliy-mektebi-15-yasini-qayd-ett\\\/#article\",\"isPartOf\":{\"@id\":\"https:\\\/\\\/qtmm.org\\\/qt\\\/eski-qirim-milliy-mektebi-15-yasini-qayd-ett\\\/\"},\"author\":{\"name\":\"Developer\",\"@id\":\"https:\\\/\\\/qtmm.org\\\/qt\\\/#\\\/schema\\\/person\\\/de562469f971dec226ac06e60bbf74a7\"},\"headline\":\"Eski Qirim milliy mektebi 15 ya\u015fini qayd ett\",\"datePublished\":\"2011-09-27T13:08:00+00:00\",\"dateModified\":\"2022-01-19T13:09:49+00:00\",\"mainEntityOfPage\":{\"@id\":\"https:\\\/\\\/qtmm.org\\\/qt\\\/eski-qirim-milliy-mektebi-15-yasini-qayd-ett\\\/\"},\"wordCount\":662,\"commentCount\":0,\"publisher\":{\"@id\":\"https:\\\/\\\/qtmm.org\\\/qt\\\/#organization\"},\"image\":{\"@id\":\"https:\\\/\\\/qtmm.org\\\/qt\\\/eski-qirim-milliy-mektebi-15-yasini-qayd-ett\\\/#primaryimage\"},\"thumbnailUrl\":\"https:\\\/\\\/qtmm.org\\\/wp-content\\\/uploads\\\/2022\\\/01\\\/4e81cfaed84eb.jpeg\",\"articleSection\":[\"Haberler\"],\"inLanguage\":\"qt\",\"potentialAction\":[{\"@type\":\"CommentAction\",\"name\":\"Comment\",\"target\":[\"https:\\\/\\\/qtmm.org\\\/qt\\\/eski-qirim-milliy-mektebi-15-yasini-qayd-ett\\\/#respond\"]}]},{\"@type\":\"WebPage\",\"@id\":\"https:\\\/\\\/qtmm.org\\\/qt\\\/eski-qirim-milliy-mektebi-15-yasini-qayd-ett\\\/\",\"url\":\"https:\\\/\\\/qtmm.org\\\/qt\\\/eski-qirim-milliy-mektebi-15-yasini-qayd-ett\\\/\",\"name\":\"Eski Qirim milliy mektebi 15 ya\u015fini qayd ett - \u041c\u0435\u0434\u0436\u043b\u0456\u0441\",\"isPartOf\":{\"@id\":\"https:\\\/\\\/qtmm.org\\\/qt\\\/#website\"},\"primaryImageOfPage\":{\"@id\":\"https:\\\/\\\/qtmm.org\\\/qt\\\/eski-qirim-milliy-mektebi-15-yasini-qayd-ett\\\/#primaryimage\"},\"image\":{\"@id\":\"https:\\\/\\\/qtmm.org\\\/qt\\\/eski-qirim-milliy-mektebi-15-yasini-qayd-ett\\\/#primaryimage\"},\"thumbnailUrl\":\"https:\\\/\\\/qtmm.org\\\/wp-content\\\/uploads\\\/2022\\\/01\\\/4e81cfaed84eb.jpeg\",\"datePublished\":\"2011-09-27T13:08:00+00:00\",\"dateModified\":\"2022-01-19T13:09:49+00:00\",\"breadcrumb\":{\"@id\":\"https:\\\/\\\/qtmm.org\\\/qt\\\/eski-qirim-milliy-mektebi-15-yasini-qayd-ett\\\/#breadcrumb\"},\"inLanguage\":\"qt\",\"potentialAction\":[{\"@type\":\"ReadAction\",\"target\":[\"https:\\\/\\\/qtmm.org\\\/qt\\\/eski-qirim-milliy-mektebi-15-yasini-qayd-ett\\\/\"]}]},{\"@type\":\"ImageObject\",\"inLanguage\":\"qt\",\"@id\":\"https:\\\/\\\/qtmm.org\\\/qt\\\/eski-qirim-milliy-mektebi-15-yasini-qayd-ett\\\/#primaryimage\",\"url\":\"https:\\\/\\\/qtmm.org\\\/wp-content\\\/uploads\\\/2022\\\/01\\\/4e81cfaed84eb.jpeg\",\"contentUrl\":\"https:\\\/\\\/qtmm.org\\\/wp-content\\\/uploads\\\/2022\\\/01\\\/4e81cfaed84eb.jpeg\",\"width\":640,\"height\":480},{\"@type\":\"BreadcrumbList\",\"@id\":\"https:\\\/\\\/qtmm.org\\\/qt\\\/eski-qirim-milliy-mektebi-15-yasini-qayd-ett\\\/#breadcrumb\",\"itemListElement\":[{\"@type\":\"ListItem\",\"position\":1,\"name\":\"\u0413\u043e\u043b\u043e\u0432\u043d\u0430\",\"item\":\"https:\\\/\\\/qtmm.org\\\/qt\\\/\"},{\"@type\":\"ListItem\",\"position\":2,\"name\":\"Eski Qirim milliy mektebi 15 ya\u015fini qayd ett\"}]},{\"@type\":\"WebSite\",\"@id\":\"https:\\\/\\\/qtmm.org\\\/qt\\\/#website\",\"url\":\"https:\\\/\\\/qtmm.org\\\/qt\\\/\",\"name\":\"\u041c\u0435\u0434\u0436\u043b\u0456\u0441\",\"description\":\"\",\"publisher\":{\"@id\":\"https:\\\/\\\/qtmm.org\\\/qt\\\/#organization\"},\"potentialAction\":[{\"@type\":\"SearchAction\",\"target\":{\"@type\":\"EntryPoint\",\"urlTemplate\":\"https:\\\/\\\/qtmm.org\\\/qt\\\/?s={search_term_string}\"},\"query-input\":{\"@type\":\"PropertyValueSpecification\",\"valueRequired\":true,\"valueName\":\"search_term_string\"}}],\"inLanguage\":\"qt\"},{\"@type\":\"Organization\",\"@id\":\"https:\\\/\\\/qtmm.org\\\/qt\\\/#organization\",\"name\":\"\u041c\u0435\u0434\u0436\u043b\u0456\u0441\",\"url\":\"https:\\\/\\\/qtmm.org\\\/qt\\\/\",\"logo\":{\"@type\":\"ImageObject\",\"inLanguage\":\"qt\",\"@id\":\"https:\\\/\\\/qtmm.org\\\/qt\\\/#\\\/schema\\\/logo\\\/image\\\/\",\"url\":\"https:\\\/\\\/qtmm.org\\\/wp-content\\\/uploads\\\/2024\\\/12\\\/ua-mejlis-logo-rgb.svg\",\"contentUrl\":\"https:\\\/\\\/qtmm.org\\\/wp-content\\\/uploads\\\/2024\\\/12\\\/ua-mejlis-logo-rgb.svg\",\"caption\":\"\u041c\u0435\u0434\u0436\u043b\u0456\u0441\"},\"image\":{\"@id\":\"https:\\\/\\\/qtmm.org\\\/qt\\\/#\\\/schema\\\/logo\\\/image\\\/\"},\"sameAs\":[\"https:\\\/\\\/www.facebook.com\\\/qtmm.info\\\/\"]},{\"@type\":\"Person\",\"@id\":\"https:\\\/\\\/qtmm.org\\\/qt\\\/#\\\/schema\\\/person\\\/de562469f971dec226ac06e60bbf74a7\",\"name\":\"Developer\",\"image\":{\"@type\":\"ImageObject\",\"inLanguage\":\"qt\",\"@id\":\"https:\\\/\\\/secure.gravatar.com\\\/avatar\\\/392b4cc8fbfeb00b39dfeeab4ee6edded39ffd48e25858637e4765810300227e?s=96&d=mm&r=g\",\"url\":\"https:\\\/\\\/secure.gravatar.com\\\/avatar\\\/392b4cc8fbfeb00b39dfeeab4ee6edded39ffd48e25858637e4765810300227e?s=96&d=mm&r=g\",\"contentUrl\":\"https:\\\/\\\/secure.gravatar.com\\\/avatar\\\/392b4cc8fbfeb00b39dfeeab4ee6edded39ffd48e25858637e4765810300227e?s=96&d=mm&r=g\",\"caption\":\"Developer\"},\"url\":\"https:\\\/\\\/qtmm.org\\\/qt\\\/author\\\/Developer\\\/\"}]}<\/script>\n<!-- \/ Yoast SEO plugin. -->","yoast_head_json":{"title":"Eski Qirim milliy mektebi 15 ya\u015fini qayd ett - \u041c\u0435\u0434\u0436\u043b\u0456\u0441","robots":{"index":"index","follow":"follow","max-snippet":"max-snippet:-1","max-image-preview":"max-image-preview:large","max-video-preview":"max-video-preview:-1"},"canonical":"https:\/\/qtmm.org\/qt\/eski-qirim-milliy-mektebi-15-yasini-qayd-ett\/","og_locale":"en_US","og_type":"article","og_title":"Eski Qirim milliy mektebi 15 ya\u015fini qayd ett - \u041c\u0435\u0434\u0436\u043b\u0456\u0441","og_description":"Eski Q\u0131r\u0131mda q\u0131r\u0131mtatar milliy tasilni\u00f1 \u011fayr\u0131dan tiklenmesi 90-nji seneleri 17 talebeden ba\u015flan\u011fan edi. 1996 senesi ise akimiyetnen b\u00fcy\u00fck davalarnen a\u00e7\u0131l\u011fan milliy mektep \u0130sl\u00e2m Terek rayon\u0131nda q\u0131r\u0131mtatar tasil sistemas\u0131na qaviy temel qoyd\u0131. \u0130lk dersler rale, tahta, dersliksiz ke\u00e7ken edi, amma ana-babalar balalar\u0131n\u0131 mektepten almad\u0131lar ve rus mektebine ke\u00e7irmediler. Yerli meclisni\u00f1 ve \u015fu y\u0131llar\u0131 reis ol\u011fan \u0130braim [&hellip;]","og_url":"https:\/\/qtmm.org\/qt\/eski-qirim-milliy-mektebi-15-yasini-qayd-ett\/","og_site_name":"\u041c\u0435\u0434\u0436\u043b\u0456\u0441","article_publisher":"https:\/\/www.facebook.com\/qtmm.info\/","article_published_time":"2011-09-27T13:08:00+00:00","article_modified_time":"2022-01-19T13:09:49+00:00","og_image":[{"width":640,"height":480,"url":"https:\/\/qtmm.org\/wp-content\/uploads\/2022\/01\/4e81cfaed84eb.jpeg","type":"image\/jpeg"}],"author":"Developer","twitter_card":"summary_large_image","twitter_misc":{"Written by":"Developer","Est. reading time":"3 minutes"},"schema":{"@context":"https:\/\/schema.org","@graph":[{"@type":"Article","@id":"https:\/\/qtmm.org\/qt\/eski-qirim-milliy-mektebi-15-yasini-qayd-ett\/#article","isPartOf":{"@id":"https:\/\/qtmm.org\/qt\/eski-qirim-milliy-mektebi-15-yasini-qayd-ett\/"},"author":{"name":"Developer","@id":"https:\/\/qtmm.org\/qt\/#\/schema\/person\/de562469f971dec226ac06e60bbf74a7"},"headline":"Eski Qirim milliy mektebi 15 ya\u015fini qayd ett","datePublished":"2011-09-27T13:08:00+00:00","dateModified":"2022-01-19T13:09:49+00:00","mainEntityOfPage":{"@id":"https:\/\/qtmm.org\/qt\/eski-qirim-milliy-mektebi-15-yasini-qayd-ett\/"},"wordCount":662,"commentCount":0,"publisher":{"@id":"https:\/\/qtmm.org\/qt\/#organization"},"image":{"@id":"https:\/\/qtmm.org\/qt\/eski-qirim-milliy-mektebi-15-yasini-qayd-ett\/#primaryimage"},"thumbnailUrl":"https:\/\/qtmm.org\/wp-content\/uploads\/2022\/01\/4e81cfaed84eb.jpeg","articleSection":["Haberler"],"inLanguage":"qt","potentialAction":[{"@type":"CommentAction","name":"Comment","target":["https:\/\/qtmm.org\/qt\/eski-qirim-milliy-mektebi-15-yasini-qayd-ett\/#respond"]}]},{"@type":"WebPage","@id":"https:\/\/qtmm.org\/qt\/eski-qirim-milliy-mektebi-15-yasini-qayd-ett\/","url":"https:\/\/qtmm.org\/qt\/eski-qirim-milliy-mektebi-15-yasini-qayd-ett\/","name":"Eski Qirim milliy mektebi 15 ya\u015fini qayd ett - \u041c\u0435\u0434\u0436\u043b\u0456\u0441","isPartOf":{"@id":"https:\/\/qtmm.org\/qt\/#website"},"primaryImageOfPage":{"@id":"https:\/\/qtmm.org\/qt\/eski-qirim-milliy-mektebi-15-yasini-qayd-ett\/#primaryimage"},"image":{"@id":"https:\/\/qtmm.org\/qt\/eski-qirim-milliy-mektebi-15-yasini-qayd-ett\/#primaryimage"},"thumbnailUrl":"https:\/\/qtmm.org\/wp-content\/uploads\/2022\/01\/4e81cfaed84eb.jpeg","datePublished":"2011-09-27T13:08:00+00:00","dateModified":"2022-01-19T13:09:49+00:00","breadcrumb":{"@id":"https:\/\/qtmm.org\/qt\/eski-qirim-milliy-mektebi-15-yasini-qayd-ett\/#breadcrumb"},"inLanguage":"qt","potentialAction":[{"@type":"ReadAction","target":["https:\/\/qtmm.org\/qt\/eski-qirim-milliy-mektebi-15-yasini-qayd-ett\/"]}]},{"@type":"ImageObject","inLanguage":"qt","@id":"https:\/\/qtmm.org\/qt\/eski-qirim-milliy-mektebi-15-yasini-qayd-ett\/#primaryimage","url":"https:\/\/qtmm.org\/wp-content\/uploads\/2022\/01\/4e81cfaed84eb.jpeg","contentUrl":"https:\/\/qtmm.org\/wp-content\/uploads\/2022\/01\/4e81cfaed84eb.jpeg","width":640,"height":480},{"@type":"BreadcrumbList","@id":"https:\/\/qtmm.org\/qt\/eski-qirim-milliy-mektebi-15-yasini-qayd-ett\/#breadcrumb","itemListElement":[{"@type":"ListItem","position":1,"name":"\u0413\u043e\u043b\u043e\u0432\u043d\u0430","item":"https:\/\/qtmm.org\/qt\/"},{"@type":"ListItem","position":2,"name":"Eski Qirim milliy mektebi 15 ya\u015fini qayd ett"}]},{"@type":"WebSite","@id":"https:\/\/qtmm.org\/qt\/#website","url":"https:\/\/qtmm.org\/qt\/","name":"\u041c\u0435\u0434\u0436\u043b\u0456\u0441","description":"","publisher":{"@id":"https:\/\/qtmm.org\/qt\/#organization"},"potentialAction":[{"@type":"SearchAction","target":{"@type":"EntryPoint","urlTemplate":"https:\/\/qtmm.org\/qt\/?s={search_term_string}"},"query-input":{"@type":"PropertyValueSpecification","valueRequired":true,"valueName":"search_term_string"}}],"inLanguage":"qt"},{"@type":"Organization","@id":"https:\/\/qtmm.org\/qt\/#organization","name":"\u041c\u0435\u0434\u0436\u043b\u0456\u0441","url":"https:\/\/qtmm.org\/qt\/","logo":{"@type":"ImageObject","inLanguage":"qt","@id":"https:\/\/qtmm.org\/qt\/#\/schema\/logo\/image\/","url":"https:\/\/qtmm.org\/wp-content\/uploads\/2024\/12\/ua-mejlis-logo-rgb.svg","contentUrl":"https:\/\/qtmm.org\/wp-content\/uploads\/2024\/12\/ua-mejlis-logo-rgb.svg","caption":"\u041c\u0435\u0434\u0436\u043b\u0456\u0441"},"image":{"@id":"https:\/\/qtmm.org\/qt\/#\/schema\/logo\/image\/"},"sameAs":["https:\/\/www.facebook.com\/qtmm.info\/"]},{"@type":"Person","@id":"https:\/\/qtmm.org\/qt\/#\/schema\/person\/de562469f971dec226ac06e60bbf74a7","name":"Developer","image":{"@type":"ImageObject","inLanguage":"qt","@id":"https:\/\/secure.gravatar.com\/avatar\/392b4cc8fbfeb00b39dfeeab4ee6edded39ffd48e25858637e4765810300227e?s=96&d=mm&r=g","url":"https:\/\/secure.gravatar.com\/avatar\/392b4cc8fbfeb00b39dfeeab4ee6edded39ffd48e25858637e4765810300227e?s=96&d=mm&r=g","contentUrl":"https:\/\/secure.gravatar.com\/avatar\/392b4cc8fbfeb00b39dfeeab4ee6edded39ffd48e25858637e4765810300227e?s=96&d=mm&r=g","caption":"Developer"},"url":"https:\/\/qtmm.org\/qt\/author\/Developer\/"}]}},"_links":{"self":[{"href":"https:\/\/qtmm.org\/qt\/wp-json\/wp\/v2\/posts\/26112","targetHints":{"allow":["GET"]}}],"collection":[{"href":"https:\/\/qtmm.org\/qt\/wp-json\/wp\/v2\/posts"}],"about":[{"href":"https:\/\/qtmm.org\/qt\/wp-json\/wp\/v2\/types\/post"}],"author":[{"embeddable":true,"href":"https:\/\/qtmm.org\/qt\/wp-json\/wp\/v2\/users\/1"}],"replies":[{"embeddable":true,"href":"https:\/\/qtmm.org\/qt\/wp-json\/wp\/v2\/comments?post=26112"}],"version-history":[{"count":1,"href":"https:\/\/qtmm.org\/qt\/wp-json\/wp\/v2\/posts\/26112\/revisions"}],"predecessor-version":[{"id":26142,"href":"https:\/\/qtmm.org\/qt\/wp-json\/wp\/v2\/posts\/26112\/revisions\/26142"}],"wp:featuredmedia":[{"embeddable":true,"href":"https:\/\/qtmm.org\/qt\/wp-json\/wp\/v2\/media\/26113"}],"wp:attachment":[{"href":"https:\/\/qtmm.org\/qt\/wp-json\/wp\/v2\/media?parent=26112"}],"wp:term":[{"taxonomy":"category","embeddable":true,"href":"https:\/\/qtmm.org\/qt\/wp-json\/wp\/v2\/categories?post=26112"},{"taxonomy":"post_tag","embeddable":true,"href":"https:\/\/qtmm.org\/qt\/wp-json\/wp\/v2\/tags?post=26112"}],"curies":[{"name":"wp","href":"https:\/\/api.w.org\/{rel}","templated":true}]}}